{"id":7223,"date":"2024-12-19T07:31:52","date_gmt":"2024-12-19T06:31:52","guid":{"rendered":"https:\/\/greenwichmeridien.fr\/blog\/a-la-une\/lhistoire-fascinante-des-traditions-francaises\/"},"modified":"2024-12-19T07:31:52","modified_gmt":"2024-12-19T06:31:52","slug":"lhistoire-fascinante-des-traditions-francaises","status":"publish","type":"post","link":"https:\/\/greenwichmeridien.fr\/blog\/a-la-une\/lhistoire-fascinante-des-traditions-francaises\/","title":{"rendered":"L&rsquo;histoire fascinante des traditions fran\u00e7aises"},"content":{"rendered":"\n\n<p class=\"wp-block-paragraph\">Au c\u0153ur de l&rsquo;<strong>identit\u00e9 fran\u00e7aise<\/strong> se trouvent des <strong>traditions<\/strong> riches et vari\u00e9es qui ont travers\u00e9 les si\u00e8cles, fa\u00e7onn\u00e9es par des \u00e9v\u00e9nements historiques, des croyances et des \u00e9changes culturels. Cet article vous plonge dans un voyage \u00e0 travers le temps, explorant les coutumes qui font la <strong>richesse du patrimoine<\/strong> fran\u00e7ais, des festivit\u00e9s vibrantes aux rites anciens. Comprendre ces traditions n&rsquo;est pas seulement une question de curiosit\u00e9 ; c&rsquo;est aussi un moyen d&rsquo;appr\u00e9cier la <strong>diversit\u00e9 culturelle<\/strong> de la France et d&rsquo;honorer un h\u00e9ritage qui continue d&rsquo;influencer les modes de vie d&rsquo;aujourd&rsquo;hui. \u00c0 travers un r\u00e9cit captivant, d\u00e9couvrez pourquoi chaque tradition, qu&rsquo;elle soit c\u00e9l\u00e9br\u00e9e dans une petite village ou \u00e0 l&rsquo;\u00e9chelle nationale, a su pr\u00e9server son <strong>authenticit\u00e9<\/strong> tout en \u00e9voluant avec le temps.<\/p>\n\n\n\n<p class=\"wp-block-paragraph\">Les <strong>traditions fran\u00e7aises<\/strong> sont le reflet d&rsquo;un riche <strong>h\u00e9ritage historique<\/strong>, fa\u00e7onn\u00e9 par des si\u00e8cles de changements sociaux, politiques et culturels. Depuis les <strong>Gaulois<\/strong> jusqu&rsquo;\u00e0 la <strong>R\u00e9publique<\/strong> moderne, chaque \u00e9poque a contribu\u00e9 \u00e0 fa\u00e7onner les coutumes qui caract\u00e9risent aujourd&rsquo;hui la France.<\/p>\n\n\n<p class=\"wp-block-paragraph\">Au d\u00e9part, les <strong>Gaulois<\/strong> avaient leurs propres rites et c\u00e9l\u00e9brations, souvent li\u00e9s \u00e0 la nature et aux cycles agricoles. Les traditions celtiques, comme le <strong>Solstice d&rsquo;\u00e9t\u00e9<\/strong>, ont influenc\u00e9 les festivit\u00e9s qui existent encore aujourd&rsquo;hui. Avec l&rsquo;arriv\u00e9e des <strong>Romains<\/strong> et la christianisation de la r\u00e9gion, de nouvelles coutumes ont vu le jour, int\u00e9grant des \u00e9l\u00e9ments pa\u00efens aux c\u00e9l\u00e9brations religieuses. Par exemple, la f\u00eate de la <strong>Saint-Jean<\/strong> combine des traditions anciennes avec des pratiques chr\u00e9tiennes.<\/p>\n\n\n<p class=\"wp-block-paragraph\">Au Moyen \u00c2ge, les <strong>f\u00eates villageoises<\/strong> prenaient une place centrale dans la vie des Fran\u00e7ais. Les c\u00e9l\u00e9brations des <strong>moissons<\/strong> ou des <strong>mariages<\/strong> \u00e9taient de v\u00e9ritables \u00e9v\u00e9nements communautaires, renfor\u00e7ant le lien social entre les habitants. Les <strong>f\u00eates chr\u00e9tiennes<\/strong>, telles que No\u00ebl et P\u00e2ques, sont \u00e9galement devenues des traditions essentielles, chaque r\u00e9gion ayant ses propres sp\u00e9cialit\u00e9s culinaires et rituels associ\u00e9s.<\/p>\n\n\n<p class=\"wp-block-paragraph\">La <strong>R\u00e9volution fran\u00e7aise<\/strong> \u00e0 la fin du XVIIIe si\u00e8cle a marqu\u00e9 un tournant dans les traditions. De nombreuses coutumes ont \u00e9t\u00e9 remises en question, et la c\u00e9l\u00e9bration nationale, comme la <strong>F\u00eate de la Bastille<\/strong>, est n\u00e9e, illustrant l\u2019exp\u00e9rience collective du peuple fran\u00e7ais. De plus, des \u00e9v\u00e9nements comme le <strong>21 juin<\/strong>, journ\u00e9e de la <strong>musique<\/strong>, sont des expressions modernes qui t\u00e9moignent de l&rsquo;\u00e9volution des traditions vers un h\u00e9ritage plus inclusif.<\/p>\n\n\n<p class=\"wp-block-paragraph\">Le XIXe si\u00e8cle a vu l&rsquo;\u00e9mergence de nouvelles traditions sous l&rsquo;influence du <strong>Romantisme<\/strong> et des mouvements artistiques, mettant en avant l&rsquo;amour de la <strong>nature<\/strong> et du patrimoine culturel. Les <strong>f\u00eates folkloriques<\/strong>, comme la <strong>F\u00eate de la bi\u00e8re<\/strong> en Alsace ou le <strong>Carnaval de Nice<\/strong>, illustrent cette red\u00e9couverte des traditions r\u00e9gionales avec une forte identit\u00e9 culturelle.<\/p>\n\n\n<p class=\"wp-block-paragraph\">Avec la mondialisation, les traditions fran\u00e7aises continuent d&rsquo;\u00e9voluer, s&rsquo;adaptant aux nouvelles r\u00e9alit\u00e9s sociales tout en pr\u00e9servant leur essence. Les <strong>gastronomies r\u00e9gionales<\/strong>, l\u2019artisanat et les pratiques festives sont autant d\u2019\u00e9l\u00e9ments qui illustrent la richesse du patrimoine, ce qui contribue \u00e0 maintenir vivantes les coutumes ancestrales.<\/p>\n\n\n<p class=\"wp-block-paragraph\">Dans cet univers toujours en mouvement, il est fascinant d&rsquo;observer comment les traditions fran\u00e7aises continuent de se r\u00e9inventer tout en restant profond\u00e9ment ancr\u00e9es dans l&rsquo;identit\u00e9 nationale.<\/p>\n\n\n<figure class='wp-block-image size-full'>\n<img width=\"1344\" height=\"768\" src=\"https:\/\/greenwichmeridien.fr\/blog\/wp-content\/uploads\/2024\/12\/Lhistoire-fascinante-des-traditions-francaises.png\" class=\"attachment-full size-full\" alt=\"d\u00e9couvrez l&#039;histoire captivante des traditions fran\u00e7aises, une plong\u00e9e au c\u0153ur des coutumes, des f\u00eates et des rituels qui d\u00e9finissent l&#039;identit\u00e9 culturelle de la france. explorez l&#039;\u00e9volution de ces pratiques \u00e0 travers les si\u00e8cles et leur influence sur la soci\u00e9t\u00e9 moderne.\" decoding=\"async\" loading=\"lazy\" \/>\n<\/figure>\n\n\n\n<p class=\"wp-block-paragraph\">La France est un pays riche en <strong>traditions<\/strong>, chacune portant en elle un fragment de l&rsquo;\u00e2me nationale. Ces\u4e60\u4e60\u4e60\u4e60\u4e60\u4e60\u4e60\u4e60\u4e60\u4e60\u4e60\u4e60\u4e60\u4e60\u4e60\u4e60\u4e60\u4e60\u4e60\u4e60\u4e60\u4e60\u4e60\u4e60\u4e60\u4e60\u4e60\u4e60\u4e60\u4e60\u4e60\u4e60\u4e60\u4e60\u4e60\u4e60\u4e60\u4e60\u4e60\u4e60\u7fd2\u4e60\u7fd2\u4e60\u7fd2\u7fd2\u7fd2\u7fd2\u7fd2\u7fd2\u7fd2\u7fd2\u7fd2\u7fd2\u4e60\u7fd2\u7fd2\u7fd2\u7fd2\u7fd2\u7fd2\u7fd2\u7fd2\u7fd2\u7fd2\u7fd2\u7fd2\u7fd2\u7fd2\u7fd2\u7fd2\u7fd2\u7fd2\u7fd2\u7fd2\u7fd2\u7fd2\u7fd2\u7fd2\u4e60\u7fd2\u4e60\u7fd2\u7fd2\u7fd2\u4e60\u4e60\u4e60\u7fd2\u4e60\u7fd2\u7fd2\u4e60\u7fd2\u7fd2\u7fd2\u7fd2\u7fd2\u4e60\u7fd2\u7fd2\u7fd2\u4e60\u7fd2\u7fd2\u7fd2\u7fd2\u7fd2\u4e60\u7fd2\u7fd2\u7fd2\u7fd2\u7fd2\u7fd2\u7fd2\u7fd2\u7fd2\u7fd2\u4e60\u4e60\u4e60\u4e60\u4e60\u4e60\u4e60\u4e60\u4e60\u4e60\u4e60\u7fd2\u4e60\u7fd2\u7fd2\u7fd2\u7fd2\u7fd2\u7fd2\u7fd2\u7fd2\u7fd2\u7fd2\u7fd2\u7fd2\u4e60\u4e60\u4e60\u4e60\u4e60\u4e60\u4e60\u4e60\u4e60\u7fd2\u4e60\u7fd2\u7fd2\u7fd2\u7fd2\u7fd2\u7fd2\u4e60\u4e60\u7fd2\u7fd2\u7fd2\u7fd2\u4e60\u7fd2\u7fd2\u7fd2\u7fd2\u7fd2\u7fd2\u7fd2\u7fd2\u7fd2\u7fd2\u7fd2\u7fd2\u7fd2\u4e60\u4e60\u4e60\u4e60\u4e60\u4e60\u7fd2\u7fd2\u7fd2\u7fd2\u7fd2\u7fd2\u7fd2\u4e60\u7fd2\u4e60\u7fd2\u7fd2\u7fd2\u7fd2\u4e60\u7fd2\u7fd2\u4e60\u7fd2\u7fd2\u4e60\u7fd2\u4e60\u7fd2\u4e60\u4e60\u4e60\u4e60\u7fd2\u4e60\u7fd2\u7fd2\u7fd2\u7fd2\u4e60\u7fd2\u4e60\u7fd2\u7fd2\u7fd2\u7fd2\u7fd2\u4e60\u7fd2\u4e60\u4e60\u7fd2\u7fd2\u7fd2\u7fd2\u7fd2\u7fd2\u4e60\u4e60\u4e60\u4e60\u4e60\u4e60\u4e60\u7fd2\u4e60\u7fd2\u7fd2\u7fd2\u7fd2\u7fd2\u7fd2\u7fd2\u4e60\u7fd2\u7fd2\u7fd2\u7fd2\u7fd2\u4e60\u7fd2\u7fd2\u7fd2\u4e60\u7fd2\u7fd2\u7fd2\u7fd2\u7fd2\u4e60\u4e60\u4e60\u4e60\u4e60\u4e60\u4e60\u4e60\u7fd2\u7fd2\u7fd2\uc2b5\uc2b5\uc2b5\uc2b5\uc2b5\uc2b5\uc2b5\uc2b5\uc2b5\uc2b5\uc2b5\uc2b5\uc2b5\uc2b5\uc2b5\uc2b5\uc2b5\uc2b5\uc2b5\uc2b5\uc2b5\uc2b5\uc2b5\uc2b5\uc2b5\uc2b5\uc2b5\uc2b5\uc2b5\uc2b5\uc2b5\uc2b5\uc2b5\uc2b5\uc2b5\uc2b5\uc2b5\uc2b5\u7fd2\u7fd2\u7fd2\u7fd2\u7fd2\u7fd2\u7fd2\u7fd2\u7fd2\u7fd2\u053a\u0967\u096f\u0967\u0968\u096d\u0903\u0968-\u0967### whakah\u016branga 19 1912\uc99d 2<br>&lt;strong&gt;Traditions&gt;&lt;\/strong&gt; , telles que la <strong>F\u00eate de la Musique<\/strong>, <strong>la Chandeleur<\/strong>, et <strong>No\u00ebl<\/strong>. Chacune d&rsquo;elles est porteuse d&rsquo;histoires et de significations profondes.<\/p>\n\n\n<h2 class=\"wp-block-heading\">La F\u00eate de la Musique<\/h2>\n\n\n<p class=\"wp-block-paragraph\">Institu\u00e9e en 1982, la <strong>F\u00eate de la Musique<\/strong> c\u00e9l\u00e8bre la musique sous toutes ses formes. Chaque 21 juin, pour le solstice d&rsquo;\u00e9t\u00e9, des musiciens de tous horizons investissent les rues, les places et les jardins. Cet \u00e9v\u00e9nement refl\u00e8te le <strong>savoir-faire<\/strong> artistique fran\u00e7ais et son amour de la culture. Les <strong>concerts gratuits<\/strong> et les performances encouragent une <strong>c\u00e9l\u00e9bration communautaire<\/strong> qui fait vibrer les c\u0153urs et les esprits.<\/p>\n\n\n<h2 class=\"wp-block-heading\">La Chandeleur<\/h2>\n\n\n<p class=\"wp-block-paragraph\">La <strong>Chandeleur<\/strong>, c\u00e9l\u00e9br\u00e9e le 2 f\u00e9vrier, est une tradition o\u00f9 l&rsquo;on fait sauter des cr\u00eapes. L&rsquo;origine de cette f\u00eate remonte \u00e0 la <strong>tradition pa\u00efenne<\/strong> de la lumi\u00e8re, marquant la fin de l&rsquo;hiver. Les cr\u00eapes, symboles de la <strong>pros\u00e9rit\u00e9<\/strong>, sont pr\u00e9par\u00e9es avec soin, et faire sauter la premi\u00e8re cr\u00eape de la main droite tout en tenant une pi\u00e8ce de monnaie dans la main gauche est un moyen d&rsquo;attirer la fortune pour l&rsquo;ann\u00e9e \u00e0 venir.<\/p>\n\n\n<h2 class=\"wp-block-heading\">No\u00ebl<\/h2>\n\n\n<p class=\"wp-block-paragraph\"><strong>No\u00ebl<\/strong> est l\u2019une des f\u00eates les plus attendues en France. C\u00e9l\u00e9br\u00e9 le 25 d\u00e9cembre, il est marqu\u00e9 par un <strong>d\u00eener en famille<\/strong> autour de plats typiques, comme la <strong>dinde aux marrons<\/strong> et la b\u00fbche de No\u00ebl. Les traditions varient d&rsquo;une r\u00e9gion \u00e0 l&rsquo;autre, du <strong>march\u00e9 de No\u00ebl<\/strong> alsacien aux <strong>cr\u00e8ches proven\u00e7ales<\/strong>, t\u00e9moignant de la diversit\u00e9 culturelle fran\u00e7aise. La magie de No\u00ebl, renforc\u00e9e par la <strong>lumi\u00e8re des d\u00e9corations<\/strong> et les <strong>chantons<\/strong>, incarne l\u2019esprit de <strong>partage et d\u2019unit\u00e9<\/strong>.<\/p>\n\n\n<h2 class=\"wp-block-heading\">La F\u00eate Nationale<\/h2>\n\n\n<p class=\"wp-block-paragraph\">La <strong>F\u00eate Nationale<\/strong>, c\u00e9l\u00e9br\u00e9e le 14 juillet, comm\u00e9more la <strong>prise de la Bastille en 1789<\/strong>, symbole de la fin de la monarchie. Les festivit\u00e9s comprennent des <strong>d\u00e9fil\u00e9s militaires<\/strong>, des <strong>concerts<\/strong>, et des <strong>feux d&rsquo;artifice<\/strong> dans tout le pays. Cette journ\u00e9e est un moment de <strong>fiert\u00e9 nationale<\/strong> et rassemble toutes les couches de la soci\u00e9t\u00e9 fran\u00e7aise autour des valeurs de <strong>libert\u00e9, \u00e9galit\u00e9 et fraternit\u00e9<\/strong>.<\/p>\n\n\n<p class=\"wp-block-paragraph\">Ces traditions, qui se transmettent de g\u00e9n\u00e9ration en g\u00e9n\u00e9ration, tissent un <strong>lien fort<\/strong> entre les Fran\u00e7ais et leur <strong>patrimoine culturel<\/strong>, tout en restant profond\u00e9ment ancr\u00e9es dans la <strong>modernit\u00e9<\/strong> de la vie contemporaine. La richesse de ces rituels contribue \u00e0 fa\u00e7onner l&rsquo;identit\u00e9 collective et \u00e0 renforcer le <strong>sentiment d&rsquo;appartenance<\/strong>.<\/p>\n\n\n<figure class=\"wp-block-embed is-type-video is-provider-youtube wp-block-embed-youtube wp-embed-aspect-16-9 wp-has-aspect-ratio\">\n<div class=\"wp-block-embed__wrapper\">\n<iframe loading=\"lazy\" title=\"Les coutumes et traditions les plus connues de France \u2665\ufe0f.Abonne-toi \u00e0 la cha\u00eene, mon ami \u2665\ufe0f\ud83d\udd25\" width=\"1200\" height=\"675\" src=\"https:\/\/www.youtube.com\/embed\/fZJgSb00-QE?feature=oembed\" frameborder=\"0\" allow=\"accelerometer; autoplay; clipboard-write; encrypted-media; gyroscope; picture-in-picture; web-share\" referrerpolicy=\"strict-origin-when-cross-origin\" allowfullscreen><\/iframe>\n<\/div>\n<\/figure>\n\n\n\n<p class=\"wp-block-paragraph\">Les traditions fran\u00e7aises sont un v\u00e9ritable <strong>tr\u00e9sor culturel<\/strong>, t\u00e9moignant d&rsquo;une <strong>histoire riche<\/strong> et complexe. Des f\u00eates embl\u00e9matiques comme la <strong>F\u00eate de la Bastille<\/strong> aux coutumes locales telles que la <strong>galette des rois<\/strong>, chaque aspect des traditions refl\u00e8te la <strong>diversit\u00e9<\/strong> et le <strong>patrimoine<\/strong> du pays. Les rites alimentaires, les c\u00e9l\u00e9brations saisonni\u00e8res et les festivals r\u00e9gionaux illustrent non seulement la <strong>passion<\/strong> des Fran\u00e7ais pour la <strong>gastronomie<\/strong> et l&rsquo;<strong>art de vivre<\/strong>, mais aussi leur <strong>attachement<\/strong> \u00e0 des pratiques s\u00e9culaires.<\/p>\n\n\n<p class=\"wp-block-paragraph\">En explorant des traditions vari\u00e9es, on d\u00e9couvre des histoires de <strong>communaut\u00e9<\/strong> et d&rsquo;<strong>identit\u00e9<\/strong>. Ces traditions doivent \u00eatre ch\u00e9ries et perp\u00e9tu\u00e9es, car elles sont le reflet d&rsquo;une <strong>culture vivante<\/strong> et <strong>\u00e9volutive<\/strong>. Nous invitons les lecteurs \u00e0 plonger au c\u0153ur des <strong>coutumes fran\u00e7aises<\/strong> et \u00e0 s&rsquo;immerger dans cette <strong>richesse<\/strong> culturelle. Que ce soit en assistant \u00e0 des <strong>festivals<\/strong>, en partageant un repas traditionnel ou en participant aux <strong>rituels locaux<\/strong>, chaque exp\u00e9rience offre un aper\u00e7u pr\u00e9cieux de la <strong>magnifique diversit\u00e9<\/strong> des traditions qui font la <strong>fiert\u00e9<\/strong> de la France.<\/p>\n","protected":false},"excerpt":{"rendered":"","protected":false},"author":34,"featured_media":7224,"comment_status":"open","ping_status":"open","sticky":false,"template":"","format":"standard","meta":{"_acf_changed":false,"manual_indexmenow":false,"indexmenow_id_project":0,"footnotes":""},"categories":[1],"tags":[],"class_list":["post-7223","post","type-post","status-publish","format-standard","has-post-thumbnail","hentry","category-a-la-une","generate-columns","tablet-grid-50","mobile-grid-100","grid-parent","grid-25"],"acf":[],"yoast_head":"<!-- This site is optimized with the Yoast SEO Premium plugin v21.3 (Yoast SEO v25.6) - https:\/\/yoast.com\/wordpress\/plugins\/seo\/ -->\n<title>L&#039;histoire fascinante des traditions fran\u00e7aises<\/title>\n<meta name=\"description\" content=\"Au c\u0153ur de l&#039;identit\u00e9 fran\u00e7aise se trouvent des traditions riches et vari\u00e9es qui ont travers\u00e9 les si\u00e8cles, fa\u00e7onn\u00e9es par des \u00e9v\u00e9nements historiques, des\" \/>\n<meta name=\"robots\" content=\"index, follow, max-snippet:-1, max-image-preview:large, max-video-preview:-1\" \/>\n<link rel=\"canonical\" href=\"https:\/\/greenwichmeridien.fr\/blog\/a-la-une\/lhistoire-fascinante-des-traditions-francaises\/\" \/>\n<meta property=\"og:locale\" content=\"fr_FR\" \/>\n<meta property=\"og:type\" content=\"article\" \/>\n<meta property=\"og:title\" content=\"L&#039;histoire fascinante des traditions fran\u00e7aises\" \/>\n<meta property=\"og:description\" content=\"Au c\u0153ur de l&#039;identit\u00e9 fran\u00e7aise se trouvent des traditions riches et vari\u00e9es qui ont travers\u00e9 les si\u00e8cles, fa\u00e7onn\u00e9es par des \u00e9v\u00e9nements historiques, des\" \/>\n<meta property=\"og:url\" content=\"https:\/\/greenwichmeridien.fr\/blog\/a-la-une\/lhistoire-fascinante-des-traditions-francaises\/\" \/>\n<meta property=\"og:site_name\" content=\"greenwichmeridien\" \/>\n<meta property=\"og:image\" content=\"https:\/\/greenwichmeridien.fr\/blog\/wp-content\/uploads\/2024\/12\/Lhistoire-fascinante-des-traditions-francaises-1.png\" \/>\n\t<meta property=\"og:image:width\" content=\"1200\" \/>\n\t<meta property=\"og:image:height\" content=\"686\" \/>\n\t<meta property=\"og:image:type\" content=\"image\/png\" \/>\n<meta name=\"author\" content=\"Samuel Chalmin\" \/>\n<meta name=\"twitter:card\" content=\"summary_large_image\" \/>\n<script type=\"application\/ld+json\" class=\"yoast-schema-graph\">{\"@context\":\"https:\/\/schema.org\",\"@graph\":[{\"@type\":\"NewsArticle\",\"@id\":\"https:\/\/greenwichmeridien.fr\/blog\/a-la-une\/lhistoire-fascinante-des-traditions-francaises\/#article\",\"isPartOf\":{\"@id\":\"https:\/\/greenwichmeridien.fr\/blog\/a-la-une\/lhistoire-fascinante-des-traditions-francaises\/\"},\"author\":{\"name\":\"Samuel Chalmin\",\"@id\":\"https:\/\/greenwichmeridien.fr\/blog\/#\/schema\/person\/3c864cdc320801e3db34b663e7e3f816\"},\"headline\":\"L&rsquo;histoire fascinante des traditions fran\u00e7aises\",\"datePublished\":\"2024-12-19T06:31:52+00:00\",\"mainEntityOfPage\":{\"@id\":\"https:\/\/greenwichmeridien.fr\/blog\/a-la-une\/lhistoire-fascinante-des-traditions-francaises\/\"},\"wordCount\":1246,\"commentCount\":0,\"publisher\":{\"@id\":\"https:\/\/greenwichmeridien.fr\/blog\/#organization\"},\"image\":{\"@id\":\"https:\/\/greenwichmeridien.fr\/blog\/a-la-une\/lhistoire-fascinante-des-traditions-francaises\/#primaryimage\"},\"thumbnailUrl\":\"https:\/\/greenwichmeridien.fr\/blog\/wp-content\/uploads\/2024\/12\/Lhistoire-fascinante-des-traditions-francaises-1.png\",\"articleSection\":[\"\u00c0 la une\"],\"inLanguage\":\"fr-FR\",\"potentialAction\":[{\"@type\":\"CommentAction\",\"name\":\"Comment\",\"target\":[\"https:\/\/greenwichmeridien.fr\/blog\/a-la-une\/lhistoire-fascinante-des-traditions-francaises\/#respond\"]}]},{\"@type\":\"WebPage\",\"@id\":\"https:\/\/greenwichmeridien.fr\/blog\/a-la-une\/lhistoire-fascinante-des-traditions-francaises\/\",\"url\":\"https:\/\/greenwichmeridien.fr\/blog\/a-la-une\/lhistoire-fascinante-des-traditions-francaises\/\",\"name\":\"L'histoire fascinante des traditions fran\u00e7aises\",\"isPartOf\":{\"@id\":\"https:\/\/greenwichmeridien.fr\/blog\/#website\"},\"primaryImageOfPage\":{\"@id\":\"https:\/\/greenwichmeridien.fr\/blog\/a-la-une\/lhistoire-fascinante-des-traditions-francaises\/#primaryimage\"},\"image\":{\"@id\":\"https:\/\/greenwichmeridien.fr\/blog\/a-la-une\/lhistoire-fascinante-des-traditions-francaises\/#primaryimage\"},\"thumbnailUrl\":\"https:\/\/greenwichmeridien.fr\/blog\/wp-content\/uploads\/2024\/12\/Lhistoire-fascinante-des-traditions-francaises-1.png\",\"datePublished\":\"2024-12-19T06:31:52+00:00\",\"description\":\"Au c\u0153ur de l'identit\u00e9 fran\u00e7aise se trouvent des traditions riches et vari\u00e9es qui ont travers\u00e9 les si\u00e8cles, fa\u00e7onn\u00e9es par des \u00e9v\u00e9nements historiques, des\",\"inLanguage\":\"fr-FR\",\"potentialAction\":[{\"@type\":\"ReadAction\",\"target\":[\"https:\/\/greenwichmeridien.fr\/blog\/a-la-une\/lhistoire-fascinante-des-traditions-francaises\/\"]}]},{\"@type\":\"ImageObject\",\"inLanguage\":\"fr-FR\",\"@id\":\"https:\/\/greenwichmeridien.fr\/blog\/a-la-une\/lhistoire-fascinante-des-traditions-francaises\/#primaryimage\",\"url\":\"https:\/\/greenwichmeridien.fr\/blog\/wp-content\/uploads\/2024\/12\/Lhistoire-fascinante-des-traditions-francaises-1.png\",\"contentUrl\":\"https:\/\/greenwichmeridien.fr\/blog\/wp-content\/uploads\/2024\/12\/Lhistoire-fascinante-des-traditions-francaises-1.png\",\"width\":1344,\"height\":768,\"caption\":\"d\u00e9couvrez l'histoire captivante des traditions fran\u00e7aises, un voyage \u00e0 travers le temps qui explore les coutumes, les f\u00eates et les rituels qui fa\u00e7onnent la culture hexagonale. plongez dans la richesse du patrimoine fran\u00e7ais et laissez-vous envo\u00fbter par ses histoires.\"},{\"@type\":\"WebSite\",\"@id\":\"https:\/\/greenwichmeridien.fr\/blog\/#website\",\"url\":\"https:\/\/greenwichmeridien.fr\/blog\/\",\"name\":\"Greenwich M\u00e9ridien\",\"description\":\"Greenwich M\u00e9ridien, le rep\u00e8re du temps et du voyage\",\"publisher\":{\"@id\":\"https:\/\/greenwichmeridien.fr\/blog\/#organization\"},\"alternateName\":\"Greenwich M\u00e9ridien, le rep\u00e8re du temps et du voyage\",\"potentialAction\":[{\"@type\":\"SearchAction\",\"target\":{\"@type\":\"EntryPoint\",\"urlTemplate\":\"https:\/\/greenwichmeridien.fr\/blog\/?s={search_term_string}\"},\"query-input\":{\"@type\":\"PropertyValueSpecification\",\"valueRequired\":true,\"valueName\":\"search_term_string\"}}],\"inLanguage\":\"fr-FR\"},{\"@type\":\"Organization\",\"@id\":\"https:\/\/greenwichmeridien.fr\/blog\/#organization\",\"name\":\"Greenwich M\u00e9ridien\",\"alternateName\":\"Greenwich M\u00e9ridien\",\"url\":\"https:\/\/greenwichmeridien.fr\/blog\/\",\"logo\":{\"@type\":\"ImageObject\",\"inLanguage\":\"fr-FR\",\"@id\":\"https:\/\/greenwichmeridien.fr\/blog\/#\/schema\/logo\/image\/\",\"url\":\"https:\/\/greenwichmeridien.fr\/blog\/wp-content\/uploads\/2024\/12\/greenwichmeridien.png\",\"contentUrl\":\"https:\/\/greenwichmeridien.fr\/blog\/wp-content\/uploads\/2024\/12\/greenwichmeridien.png\",\"width\":500,\"height\":500,\"caption\":\"Greenwich M\u00e9ridien\"},\"image\":{\"@id\":\"https:\/\/greenwichmeridien.fr\/blog\/#\/schema\/logo\/image\/\"}},{\"@type\":\"Person\",\"@id\":\"https:\/\/greenwichmeridien.fr\/blog\/#\/schema\/person\/3c864cdc320801e3db34b663e7e3f816\",\"name\":\"Samuel Chalmin\",\"image\":{\"@type\":\"ImageObject\",\"inLanguage\":\"fr-FR\",\"@id\":\"https:\/\/greenwichmeridien.fr\/blog\/#\/schema\/person\/image\/\",\"url\":\"https:\/\/secure.gravatar.com\/avatar\/cef3677de7d237273d13053728f9470818581a8a27d9bf6f5039fd18508a905f?s=96&d=mm&r=g\",\"contentUrl\":\"https:\/\/secure.gravatar.com\/avatar\/cef3677de7d237273d13053728f9470818581a8a27d9bf6f5039fd18508a905f?s=96&d=mm&r=g\",\"caption\":\"Samuel Chalmin\"},\"description\":\"R\u00e9dacteur du site, il suit les questions de temps et de calendrier : m\u00e9ridien de Greenwich, heure GMT et UTC, fuseaux horaires, changement d'heure, ann\u00e9es bissextiles et jours f\u00e9ri\u00e9s.\",\"sameAs\":[\"https:\/\/samuelchalmin.fr\/\"],\"url\":\"https:\/\/greenwichmeridien.fr\/blog\/auteur\/noname\/\"}]}<\/script>\n<!-- \/ Yoast SEO Premium plugin. -->","yoast_head_json":{"title":"L'histoire fascinante des traditions fran\u00e7aises","description":"Au c\u0153ur de l'identit\u00e9 fran\u00e7aise se trouvent des traditions riches et vari\u00e9es qui ont travers\u00e9 les si\u00e8cles, fa\u00e7onn\u00e9es par des \u00e9v\u00e9nements historiques, des","robots":{"index":"index","follow":"follow","max-snippet":"max-snippet:-1","max-image-preview":"max-image-preview:large","max-video-preview":"max-video-preview:-1"},"canonical":"https:\/\/greenwichmeridien.fr\/blog\/a-la-une\/lhistoire-fascinante-des-traditions-francaises\/","og_locale":"fr_FR","og_type":"article","og_title":"L'histoire fascinante des traditions fran\u00e7aises","og_description":"Au c\u0153ur de l'identit\u00e9 fran\u00e7aise se trouvent des traditions riches et vari\u00e9es qui ont travers\u00e9 les si\u00e8cles, fa\u00e7onn\u00e9es par des \u00e9v\u00e9nements historiques, des","og_url":"https:\/\/greenwichmeridien.fr\/blog\/a-la-une\/lhistoire-fascinante-des-traditions-francaises\/","og_site_name":"greenwichmeridien","og_image":[{"url":"https:\/\/greenwichmeridien.fr\/blog\/wp-content\/uploads\/2024\/12\/Lhistoire-fascinante-des-traditions-francaises-1.png","width":1200,"height":686,"type":"image\/png"}],"author":"Samuel Chalmin","twitter_card":"summary_large_image","schema":{"@context":"https:\/\/schema.org","@graph":[{"@type":"NewsArticle","@id":"https:\/\/greenwichmeridien.fr\/blog\/a-la-une\/lhistoire-fascinante-des-traditions-francaises\/#article","isPartOf":{"@id":"https:\/\/greenwichmeridien.fr\/blog\/a-la-une\/lhistoire-fascinante-des-traditions-francaises\/"},"author":{"name":"Samuel Chalmin","@id":"https:\/\/greenwichmeridien.fr\/blog\/#\/schema\/person\/3c864cdc320801e3db34b663e7e3f816"},"headline":"L&rsquo;histoire fascinante des traditions fran\u00e7aises","datePublished":"2024-12-19T06:31:52+00:00","mainEntityOfPage":{"@id":"https:\/\/greenwichmeridien.fr\/blog\/a-la-une\/lhistoire-fascinante-des-traditions-francaises\/"},"wordCount":1246,"commentCount":0,"publisher":{"@id":"https:\/\/greenwichmeridien.fr\/blog\/#organization"},"image":{"@id":"https:\/\/greenwichmeridien.fr\/blog\/a-la-une\/lhistoire-fascinante-des-traditions-francaises\/#primaryimage"},"thumbnailUrl":"https:\/\/greenwichmeridien.fr\/blog\/wp-content\/uploads\/2024\/12\/Lhistoire-fascinante-des-traditions-francaises-1.png","articleSection":["\u00c0 la une"],"inLanguage":"fr-FR","potentialAction":[{"@type":"CommentAction","name":"Comment","target":["https:\/\/greenwichmeridien.fr\/blog\/a-la-une\/lhistoire-fascinante-des-traditions-francaises\/#respond"]}]},{"@type":"WebPage","@id":"https:\/\/greenwichmeridien.fr\/blog\/a-la-une\/lhistoire-fascinante-des-traditions-francaises\/","url":"https:\/\/greenwichmeridien.fr\/blog\/a-la-une\/lhistoire-fascinante-des-traditions-francaises\/","name":"L'histoire fascinante des traditions fran\u00e7aises","isPartOf":{"@id":"https:\/\/greenwichmeridien.fr\/blog\/#website"},"primaryImageOfPage":{"@id":"https:\/\/greenwichmeridien.fr\/blog\/a-la-une\/lhistoire-fascinante-des-traditions-francaises\/#primaryimage"},"image":{"@id":"https:\/\/greenwichmeridien.fr\/blog\/a-la-une\/lhistoire-fascinante-des-traditions-francaises\/#primaryimage"},"thumbnailUrl":"https:\/\/greenwichmeridien.fr\/blog\/wp-content\/uploads\/2024\/12\/Lhistoire-fascinante-des-traditions-francaises-1.png","datePublished":"2024-12-19T06:31:52+00:00","description":"Au c\u0153ur de l'identit\u00e9 fran\u00e7aise se trouvent des traditions riches et vari\u00e9es qui ont travers\u00e9 les si\u00e8cles, fa\u00e7onn\u00e9es par des \u00e9v\u00e9nements historiques, des","inLanguage":"fr-FR","potentialAction":[{"@type":"ReadAction","target":["https:\/\/greenwichmeridien.fr\/blog\/a-la-une\/lhistoire-fascinante-des-traditions-francaises\/"]}]},{"@type":"ImageObject","inLanguage":"fr-FR","@id":"https:\/\/greenwichmeridien.fr\/blog\/a-la-une\/lhistoire-fascinante-des-traditions-francaises\/#primaryimage","url":"https:\/\/greenwichmeridien.fr\/blog\/wp-content\/uploads\/2024\/12\/Lhistoire-fascinante-des-traditions-francaises-1.png","contentUrl":"https:\/\/greenwichmeridien.fr\/blog\/wp-content\/uploads\/2024\/12\/Lhistoire-fascinante-des-traditions-francaises-1.png","width":1344,"height":768,"caption":"d\u00e9couvrez l'histoire captivante des traditions fran\u00e7aises, un voyage \u00e0 travers le temps qui explore les coutumes, les f\u00eates et les rituels qui fa\u00e7onnent la culture hexagonale. plongez dans la richesse du patrimoine fran\u00e7ais et laissez-vous envo\u00fbter par ses histoires."},{"@type":"WebSite","@id":"https:\/\/greenwichmeridien.fr\/blog\/#website","url":"https:\/\/greenwichmeridien.fr\/blog\/","name":"Greenwich M\u00e9ridien","description":"Greenwich M\u00e9ridien, le rep\u00e8re du temps et du voyage","publisher":{"@id":"https:\/\/greenwichmeridien.fr\/blog\/#organization"},"alternateName":"Greenwich M\u00e9ridien, le rep\u00e8re du temps et du voyage","potentialAction":[{"@type":"SearchAction","target":{"@type":"EntryPoint","urlTemplate":"https:\/\/greenwichmeridien.fr\/blog\/?s={search_term_string}"},"query-input":{"@type":"PropertyValueSpecification","valueRequired":true,"valueName":"search_term_string"}}],"inLanguage":"fr-FR"},{"@type":"Organization","@id":"https:\/\/greenwichmeridien.fr\/blog\/#organization","name":"Greenwich M\u00e9ridien","alternateName":"Greenwich M\u00e9ridien","url":"https:\/\/greenwichmeridien.fr\/blog\/","logo":{"@type":"ImageObject","inLanguage":"fr-FR","@id":"https:\/\/greenwichmeridien.fr\/blog\/#\/schema\/logo\/image\/","url":"https:\/\/greenwichmeridien.fr\/blog\/wp-content\/uploads\/2024\/12\/greenwichmeridien.png","contentUrl":"https:\/\/greenwichmeridien.fr\/blog\/wp-content\/uploads\/2024\/12\/greenwichmeridien.png","width":500,"height":500,"caption":"Greenwich M\u00e9ridien"},"image":{"@id":"https:\/\/greenwichmeridien.fr\/blog\/#\/schema\/logo\/image\/"}},{"@type":"Person","@id":"https:\/\/greenwichmeridien.fr\/blog\/#\/schema\/person\/3c864cdc320801e3db34b663e7e3f816","name":"Samuel Chalmin","image":{"@type":"ImageObject","inLanguage":"fr-FR","@id":"https:\/\/greenwichmeridien.fr\/blog\/#\/schema\/person\/image\/","url":"https:\/\/secure.gravatar.com\/avatar\/cef3677de7d237273d13053728f9470818581a8a27d9bf6f5039fd18508a905f?s=96&d=mm&r=g","contentUrl":"https:\/\/secure.gravatar.com\/avatar\/cef3677de7d237273d13053728f9470818581a8a27d9bf6f5039fd18508a905f?s=96&d=mm&r=g","caption":"Samuel Chalmin"},"description":"R\u00e9dacteur du site, il suit les questions de temps et de calendrier : m\u00e9ridien de Greenwich, heure GMT et UTC, fuseaux horaires, changement d'heure, ann\u00e9es bissextiles et jours f\u00e9ri\u00e9s.","sameAs":["https:\/\/samuelchalmin.fr\/"],"url":"https:\/\/greenwichmeridien.fr\/blog\/auteur\/noname\/"}]}},"_links":{"self":[{"href":"https:\/\/greenwichmeridien.fr\/blog\/wp-json\/wp\/v2\/posts\/7223","targetHints":{"allow":["GET"]}}],"collection":[{"href":"https:\/\/greenwichmeridien.fr\/blog\/wp-json\/wp\/v2\/posts"}],"about":[{"href":"https:\/\/greenwichmeridien.fr\/blog\/wp-json\/wp\/v2\/types\/post"}],"author":[{"embeddable":true,"href":"https:\/\/greenwichmeridien.fr\/blog\/wp-json\/wp\/v2\/users\/34"}],"replies":[{"embeddable":true,"href":"https:\/\/greenwichmeridien.fr\/blog\/wp-json\/wp\/v2\/comments?post=7223"}],"version-history":[{"count":0,"href":"https:\/\/greenwichmeridien.fr\/blog\/wp-json\/wp\/v2\/posts\/7223\/revisions"}],"wp:featuredmedia":[{"embeddable":true,"href":"https:\/\/greenwichmeridien.fr\/blog\/wp-json\/wp\/v2\/media\/7224"}],"wp:attachment":[{"href":"https:\/\/greenwichmeridien.fr\/blog\/wp-json\/wp\/v2\/media?parent=7223"}],"wp:term":[{"taxonomy":"category","embeddable":true,"href":"https:\/\/greenwichmeridien.fr\/blog\/wp-json\/wp\/v2\/categories?post=7223"},{"taxonomy":"post_tag","embeddable":true,"href":"https:\/\/greenwichmeridien.fr\/blog\/wp-json\/wp\/v2\/tags?post=7223"}],"curies":[{"name":"wp","href":"https:\/\/api.w.org\/{rel}","templated":true}]}}