{"id":7231,"date":"2024-12-21T10:28:40","date_gmt":"2024-12-21T09:28:40","guid":{"rendered":"https:\/\/greenwichmeridien.fr\/blog\/a-la-une\/actualites-culturelles-ce-quil-faut-suivre-en-2023\/"},"modified":"2024-12-21T10:28:40","modified_gmt":"2024-12-21T09:28:40","slug":"actualites-culturelles-ce-quil-faut-suivre-en-2023","status":"publish","type":"post","link":"https:\/\/greenwichmeridien.fr\/blog\/a-la-une\/actualites-culturelles-ce-quil-faut-suivre-en-2023\/","title":{"rendered":"Actualit\u00e9s culturelles : ce qu&rsquo;il faut suivre en 2023"},"content":{"rendered":"\n\n<p class=\"wp-block-paragraph\">Alors que nous entrons dans une <strong>nouvelle ann\u00e9e<\/strong> pleine de promesses, la sc\u00e8ne culturelle s&rsquo;annonce riche en <strong>\u00e9v\u00e9nements<\/strong>, en <strong>expositions<\/strong> et en <strong>tendances<\/strong> \u00e0 ne pas manquer. <strong>2023<\/strong> s&rsquo;ouvre sur une diversit\u00e9 d&rsquo;initiatives artistiques qui r\u00e9sonnent avec notre \u00e9poque, apportant une r\u00e9flexion profonde sur notre soci\u00e9t\u00e9. Que ce soit \u00e0 travers la <strong>musique<\/strong>, le <strong>cin\u00e9ma<\/strong>, la <strong>litt\u00e9rature<\/strong> ou les <strong>arts visuels<\/strong>, chaque domaine offre un aper\u00e7u captivant des \u00e9volutions contemporaines et des m\u00e9tamorphoses culturelles. Suivre ces <strong>actualit\u00e9s<\/strong> n&rsquo;est pas seulement une mani\u00e8re d&rsquo;appr\u00e9cier l&rsquo;art, c&rsquo;est aussi une invitation \u00e0 mieux comprendre les enjeux de notre temps. Dans cet article, nous vous d\u00e9voilerons les incontournables de l&rsquo;ann\u00e9e 2023, des <strong>festival<\/strong>s aux <strong>nouvelles sorties<\/strong>, en passant par les <strong>rencontres artistiques<\/strong> et les <strong>projets collaborateurs<\/strong> qui fa\u00e7onnent le paysage culturel mondial. Pr\u00e9parez-vous \u00e0 \u00eatre inspir\u00e9 et \u00e0 d\u00e9couvrir les facettes les plus passionnantes de notre culture contemporaine !<\/p>\n\n\n\n<p class=\"wp-block-paragraph\">Alors que <strong>2023<\/strong> s&rsquo;annonce comme une ann\u00e9e de <strong>renaissances culturelles<\/strong>, plusieurs <strong>tendances \u00e9mergentes<\/strong> m\u00e9ritent d&rsquo;\u00eatre scrut\u00e9es de pr\u00e8s. Les diff\u00e9rents secteurs artistiques, de l&rsquo;architecture \u00e0 la musique, sont plong\u00e9s dans un mouvement de transformation.<\/p>\n\n\n<h2 class=\"wp-block-heading\">Architecture : un vivier d&rsquo;innovation<\/h2>\n\n\n<p class=\"wp-block-paragraph\">La premi\u00e8re tendance \u00e0 suivre est celle de la <strong>sustainabilit\u00e9<\/strong> en <strong>architecture<\/strong>. Les architectes mettent de plus en plus l&rsquo;accent sur la cr\u00e9ation d&rsquo;espaces qui respectent l&rsquo;environnement et encouragent une <strong>cohabitation harmonieuse<\/strong> avec la nature. Des projets ambitieux voient le jour, int\u00e9grant des mat\u00e9riaux recycl\u00e9s et des solutions \u00e9nerg\u00e9tiques renouvelables.<\/p>\n\n\n<h2 class=\"wp-block-heading\">Un engagement num\u00e9rique : le m\u00e9tavers culturel<\/h2>\n\n\n<p class=\"wp-block-paragraph\">Parall\u00e8lement, l&rsquo;extension du <strong>Pass Culture<\/strong> par le gouvernement t\u00e9moigne d&rsquo;une volont\u00e9 d&rsquo;impliquer davantage les jeunes dans l&rsquo;acc\u00e8s \u00e0 la culture. Le d\u00e9veloppement de la culture sur le <strong>m\u00e9tavers<\/strong> offre une plateforme in\u00e9dite de rencontre artistique. Les \u0153uvres et performances peuvent ainsi \u00eatre accessibles \u00e0 un public mondial, transformant la fa\u00e7on dont nous consommons l&rsquo;art.<\/p>\n\n\n<h2 class=\"wp-block-heading\">Les \u00e9v\u00e9nements culturels incontournables<\/h2>\n\n\n<p class=\"wp-block-paragraph\">En termes d&rsquo;\u00e9v\u00e9nements, l&rsquo;ann\u00e9e sera rythm\u00e9e par des <strong>concerts<\/strong> enflamm\u00e9s, des <strong>expositions<\/strong> captivantes et des <strong>one-man-shows<\/strong> hilarants. Les festivals de musique, tels que les <strong>Francofolies<\/strong> ou le <strong>Festival d&rsquo;Avignon<\/strong>, s&rsquo;annoncent d\u00e9j\u00e0 comme des moments forts de la saison culturelle. Ces rassemblements cr\u00e9ent une dynamique essentielle, rassemblant les passionn\u00e9s autour d\u2019une exp\u00e9rience partag\u00e9e.<\/p>\n\n\n<h2 class=\"wp-block-heading\">Art contemporain : un regain d&rsquo;int\u00e9r\u00eat<\/h2>\n\n\n<p class=\"wp-block-paragraph\">La reprise des <strong>expositions<\/strong> et des <strong>foires d&rsquo;art<\/strong> en physique est \u00e9galement un signal fort du retour \u00e0 la normale, apr\u00e8s les deux ann\u00e9es de crise li\u00e9es \u00e0 la <strong>COVID-19<\/strong>. Les manifestations artistiques se multiplient, favorisant ainsi l&rsquo;essor de nouveaux talents et renfor\u00e7ant le tissu culturel local.<\/p>\n\n\n<h2 class=\"wp-block-heading\">Les d\u00e9fis de la lecture<\/h2>\n\n\n<p class=\"wp-block-paragraph\">Enfin, d\u2019un point de vue litt\u00e9raire, l&rsquo;\u00e9tude du <strong>CNL<\/strong> sur les pratiques de lecture des Fran\u00e7ais r\u00e9v\u00e8le un paysage en mutation. Alors que le num\u00e9rique prend une place pr\u00e9pond\u00e9rante, les librairies cherchent \u00e0 recr\u00e9er ce lien pr\u00e9cieux entre l&rsquo;artiste et le public, favorisant des rencontres authentiques autour du livre.<\/p>\n\n\n<p class=\"wp-block-paragraph\">En somme, <strong>2023<\/strong> s&rsquo;annonce comme une ann\u00e9e prometteuse, marqu\u00e9e par une <strong>r\u00e9invention<\/strong> des pratiques culturelles et un engagement fort vers des initiatives cr\u00e9atives et inclusives.<\/p>\n\n\n\n<p class=\"wp-block-paragraph\">2023 se profile comme une <strong>ann\u00e9e riche en \u00e9v\u00e9nements culturels<\/strong>, o\u00f9 chaque secteur semble conna\u00eetre une renaissance. De la musique aux arts visuels, chaque domaine culturel s\u2019appr\u00eate \u00e0 offrir des moments m\u00e9morables. D\u00e9couvrez sans plus attendre les \u00e9v\u00e9nements et festivals \u00e0 ne pas manquer.<\/p>\n\n\n<h2 class=\"wp-block-heading\">Les grands festivals \u00e0 l&rsquo;honneur<\/h2>\n\n\n<p class=\"wp-block-paragraph\">La <strong>musique<\/strong> sera particuli\u00e8rement c\u00e9l\u00e9br\u00e9e cette ann\u00e9e avec des festivals embl\u00e9matiques tels que :<\/p>\n\n\n<ul class=\"wp-block-list\">\n\n<li><strong>Festival de Cannes<\/strong> : Cette ic\u00f4ne du cin\u00e9ma mondial regroupant des r\u00e9alisateurs et acteurs de premier plan promet des projections \u00e9blouissantes et des comp\u00e9titions palpitantes.<\/li>\n\n\n<li><strong>Printemps de Bourges<\/strong> : Un festival incontournable pour les amateurs de musique, mettant en avant la nouvelle sc\u00e8ne fran\u00e7aise dans un cadre festif.<\/li>\n\n\n<li><strong>Les Francofolies \u00e0 La Rochelle<\/strong> : Ce festival d\u00e9di\u00e9 \u00e0 la chanson francophone r\u00e9unira des artistes confirm\u00e9s et des talents \u00e9mergents sur les rives de l&rsquo;Atlantique.<\/li>\n\n<\/ul>\n\n\n<h2 class=\"wp-block-heading\">Expositions marquantes<\/h2>\n\n\n<p class=\"wp-block-paragraph\">Le monde de <strong>l&rsquo;art<\/strong> sera \u00e9galement \u00e0 l&rsquo;honneur avec des expositions marquantes comme :<\/p>\n\n\n<ul class=\"wp-block-list\">\n\n<li><strong>La Fiac (Foire Internationale d&rsquo;Art Contemporain)<\/strong> : Les passionn\u00e9s pourront explorer les derni\u00e8res tendances en mati\u00e8re d&rsquo;art contemporain \u00e0 Paris, avec des artistes de renomm\u00e9e mondiale.<\/li>\n\n\n<li><strong>Centre Pompidou<\/strong> : Une r\u00e9trospective d\u00e9di\u00e9e \u00e0 un artiste majeur du XXe si\u00e8cle sera \u00e0 d\u00e9couvrir, offrant une plong\u00e9e fascinante dans leur \u0153uvre.<\/li>\n\n<\/ul>\n\n\n<h2 class=\"wp-block-heading\">Th\u00e9\u00e2tre et performances<\/h2>\n\n\n<p class=\"wp-block-paragraph\">Le <strong>th\u00e9\u00e2tre<\/strong> et la <strong>danse<\/strong> seront \u00e9galement \u00e0 l&rsquo;honneur avec de nombreuses pi\u00e8ces et spectacles, dont :<\/p>\n\n\n<ul class=\"wp-block-list\">\n\n<li><strong>Festival d&rsquo;Avignon<\/strong> : Un rendez-vous th\u00e9\u00e2tral incontournable, avec des performances audacieuses, des cr\u00e9ations contemporaines et des classiques revisit\u00e9s.<\/li>\n\n\n<li><strong>Festival de danse de Montpellier<\/strong> : Ce programme promet d\u2019\u00e9blouir avec des spectacles de danse innovants qui transcendent les genres.<\/li>\n\n<\/ul>\n\n\n<h2 class=\"wp-block-heading\">Cin\u00e9ma et projections sp\u00e9ciales<\/h2>\n\n\n<p class=\"wp-block-paragraph\">Le <strong>cin\u00e9ma<\/strong> continuera de surprendre avec des avant-premi\u00e8res et projections sp\u00e9ciales \u00e0 travers le pays :<\/p>\n\n\n<ul class=\"wp-block-list\">\n\n<li><strong>Semaine de la Critique<\/strong> : Mettant en avant des films audacieux et des nouveaux talents, cet \u00e9v\u00e9nement est un v\u00e9ritable tremplin pour la sc\u00e8ne cin\u00e9matographique.<\/li>\n\n\n<li><strong>F\u00eate du cin\u00e9ma<\/strong> : Un \u00e9v\u00e9nement phare qui permet aux cin\u00e9philes de d\u00e9couvrir une multitude de films \u00e0 des prix abordables.<\/li>\n\n<\/ul>\n\n\n<h2 class=\"wp-block-heading\">La rentr\u00e9e culturelle<\/h2>\n\n\n<p class=\"wp-block-paragraph\">Enfin, la <strong>rentr\u00e9e culturelle<\/strong> sera marqu\u00e9e par le lancement de nombreuses initiatives visant \u00e0 stimuler l\u2019int\u00e9r\u00eat pour les arts sous toutes leurs formes. Le d\u00e9veloppement du <strong>Pass Culture<\/strong> et l&rsquo;engouement pour la culture sur le m\u00e9tavers refl\u00e8tent l&rsquo;\u00e9volution des pratiques culturelles.<\/p>\n\n\n<p class=\"wp-block-paragraph\">Avec une telle diversit\u00e9 d&rsquo;\u00e9v\u00e9nements \u00e0 l&rsquo;horizon, 2023 s&rsquo;annonce comme une ann\u00e9e passionnante pour tous les amateurs de culture, alors pr\u00e9parez-vous \u00e0 vous immerger dans cette effervescence artistique.<\/p>\n\n\n<figure class='wp-block-image size-full'>\n<img width=\"1344\" height=\"768\" src=\"https:\/\/greenwichmeridien.fr\/blog\/wp-content\/uploads\/2024\/12\/Actualites-culturelles-ce-quil-faut-suivre-en-2023.png\" class=\"attachment-full size-full\" alt=\"d\u00e9couvrez les derni\u00e8res tendances et \u00e9v\u00e9nements culturels \u00e0 ne pas manquer en 2023. suivez notre guide pour rester inform\u00e9 des actualit\u00e9s artistiques, expositions, concerts et festivals qui marquent cette ann\u00e9e.\" decoding=\"async\" loading=\"lazy\" \/>\n<\/figure>\n\n\n\n<p class=\"wp-block-paragraph\">Pour cette ann\u00e9e, plusieurs personnalit\u00e9s <strong>remarquables<\/strong> se distinguent par leur influence dans le monde culturel. Ces figures embl\u00e9matiques, tant dans les arts visuels que dans la musique ou le th\u00e9\u00e2tre, promettent d&rsquo;apporter de nouvelles <strong>dynamiques<\/strong> \u00e0 notre paysage artistique.<\/p>\n\n\n<h2 class=\"wp-block-heading\">1. JR<\/h2>\n\n\n<p class=\"wp-block-paragraph\">Ce c\u00e9l\u00e8bre artiste fran\u00e7ais, connu pour ses interventions artistiques \u00e0 grande \u00e9chelle et son travail de <strong>photographie<\/strong>, continuera d\u2019impressionner par sa capacit\u00e9 \u00e0 d\u00e9voiler des histoires intimes au sein de l\u2019espace public. Son approche engageante et son esth\u00e9tisme unique font de lui une figure essentielle \u00e0 suivre.<\/p>\n\n\n<h2 class=\"wp-block-heading\">2. Ang\u00e9lique Kidjo<\/h2>\n\n\n<p class=\"wp-block-paragraph\">Chanteuse, compositrice et activiste, Ang\u00e9lique Kidjo est une figure incontournable de la sc\u00e8ne musicale <strong>africaine<\/strong>. En 2023, elle continuera \u00e0 d\u00e9fendre des causes sociales par le biais de sa musique, m\u00ealant tradition et modernit\u00e9, et \u0153uvrant pour la mise en avant des talents africains \u00e0 l\u2019\u00e9chelle mondiale.<\/p>\n\n\n<h2 class=\"wp-block-heading\">3. Jean-Luc Godard<\/h2>\n\n\n<p class=\"wp-block-paragraph\">Bien que Jean-Luc Godard ait quitt\u00e9 ce monde, son h\u00e9ritage cin\u00e9matographique continue d&rsquo;influencer de nombreux <strong>r\u00e9alisateurs<\/strong> contemporains. Ses innovations narratives et son go\u00fbt pour la <strong>provocation<\/strong> artistique laissent un impact ind\u00e9l\u00e9bile au sein du cin\u00e9ma, notamment lors des r\u00e9trospectives dans divers festivals en 2023.<\/p>\n\n\n<h2 class=\"wp-block-heading\">4. Zazie<\/h2>\n\n\n<p class=\"wp-block-paragraph\">Artiste au talent polyvalent, Zazie est \u00e0 la fois <strong>chanteuse<\/strong>, <strong>paroli\u00e8re<\/strong> et <strong>compositrice<\/strong>. Elle continuera \u00e0 \u00e9merveiller son public gr\u00e2ce \u00e0 des concerts qui allient musique et cr\u00e9ativit\u00e9 sc\u00e9nique, en faisant la part belle \u00e0 ses nouvelles compositions tout en revitalisant ses plus grands succ\u00e8s.<\/p>\n\n\n<h2 class=\"wp-block-heading\">5. Philippe Starck<\/h2>\n\n\n<p class=\"wp-block-paragraph\">Ic\u00f4ne du design, Philippe Starck est reconnu pour sa vision novatrice de l\u2019<strong>architecture<\/strong> et du design d\u2019int\u00e9rieur. En 2023, son r\u00f4le d\u2019inspirateur de tendances sera plus pertinent que jamais, avec plusieurs projets qui vont particuli\u00e8rement marquer cette ann\u00e9e.<\/p>\n\n\n<p class=\"wp-block-paragraph\">Ces personnalit\u00e9s sont \u00e0 suivre de pr\u00e8s, car leur travail et leur influence dans le domaine culturel continueront \u00e0 fa\u00e7onner notre compr\u00e9hension et notre appr\u00e9ciation des arts au cours de cette ann\u00e9e. L&rsquo;\u00e9volution de la culture en <strong>2023<\/strong> promet d&rsquo;\u00eatre riche en d\u00e9couvertes et en \u00e9motions.<\/p>\n\n\n<figure class=\"wp-block-embed is-type-video is-provider-youtube wp-block-embed-youtube wp-embed-aspect-16-9 wp-has-aspect-ratio\">\n<div class=\"wp-block-embed__wrapper\">\n<iframe loading=\"lazy\" title=\"La matinale du 20\/12 : A droite toute pour la derni\u00e8re de l&#039;ann\u00e9e 2024 !\" width=\"1200\" height=\"675\" src=\"https:\/\/www.youtube.com\/embed\/odzes_-a8BU?feature=oembed\" frameborder=\"0\" allow=\"accelerometer; autoplay; clipboard-write; encrypted-media; gyroscope; picture-in-picture; web-share\" referrerpolicy=\"strict-origin-when-cross-origin\" allowfullscreen><\/iframe>\n<\/div>\n<\/figure>\n\n\n\n<p class=\"wp-block-paragraph\">En 2023, la sc\u00e8ne <strong>culturelle<\/strong> s&rsquo;annonce passionnante avec une multitude d&rsquo;<strong> \u00e9v\u00e9nements<\/strong> captivants \u00e0 ne pas manquer. Les <strong>expositions<\/strong> qui d\u00e9voilent les \u0153uvres d&rsquo;artistes \u00e9mergents comme de figures \u00e9tablies promettent d&rsquo;\u00eatre riches en d\u00e9couvertes. L&rsquo;<strong>enhancement<\/strong> des festivals de musique offre des exp\u00e9riences uniques, ajoutant une touche vibrante \u00e0 notre \u00e9t\u00e9.<\/p>\n\n\n<p class=\"wp-block-paragraph\">Les <strong>tendances litt\u00e9raires<\/strong> \u00e9voluent, avec des auteurs audacieux qui repoussent les limites de la <strong>narration<\/strong>. En outre, le regain d&rsquo;int\u00e9r\u00eat pour le <strong>cin\u00e9ma ind\u00e9pendant<\/strong> et les productions innovantes marquent une ann\u00e9e formatrice qui fera date dans l&rsquo;histoire de l&rsquo;<strong>industrie<\/strong>.<\/p>\n\n\n<p class=\"wp-block-paragraph\">N&rsquo;oubliez pas les nouveaux <strong>projets artistiques<\/strong> qui \u00e9mergent \u00e0 l&rsquo;\u00e9chelle mondiale, affectant \u00e0 la fois les communaut\u00e9s locales et les mouvements globaux. Chaque initiative apporte sa pierre \u00e0 l&rsquo;\u00e9difice d&rsquo;une culture dynamique et en constante \u00e9volution.<\/p>\n\n\n<p class=\"wp-block-paragraph\">Il est essentiel de garder un \u0153il sur ces d\u00e9veloppements et de <strong>s&rsquo;engager<\/strong> activement avec ces <strong>tendances<\/strong> et \u00e9v\u00e9nements. Que ce soit en visitant une <strong>exposition<\/strong>, en assistant \u00e0 un <strong>concert<\/strong> ou en d\u00e9couvrant un nouveau <strong>livre<\/strong>, chaque exp\u00e9rience contribue \u00e0 enrichir votre parcours culturel en 2023. Faites entendre votre voix et participez \u00e0 ces exp\u00e9riences qui fa\u00e7onneront l&rsquo;<strong>avenir<\/strong> de la culture.<\/p>\n","protected":false},"excerpt":{"rendered":"","protected":false},"author":34,"featured_media":7232,"comment_status":"open","ping_status":"open","sticky":false,"template":"","format":"standard","meta":{"_acf_changed":false,"manual_indexmenow":false,"indexmenow_id_project":0,"footnotes":""},"categories":[1],"tags":[],"class_list":["post-7231","post","type-post","status-publish","format-standard","has-post-thumbnail","hentry","category-a-la-une","generate-columns","tablet-grid-50","mobile-grid-100","grid-parent","grid-25"],"acf":[],"yoast_head":"<!-- This site is optimized with the Yoast SEO Premium plugin v21.3 (Yoast SEO v25.6) - https:\/\/yoast.com\/wordpress\/plugins\/seo\/ -->\n<title>Tendances culturelles 2026 : ne ratez rien !<\/title>\n<meta name=\"description\" content=\"Alors que nous entrons dans une nouvelle ann\u00e9e pleine de promesses, la sc\u00e8ne culturelle s&#039;annonce riche en \u00e9v\u00e9nements, en expositions et en tendances \u00e0 ne\" \/>\n<meta name=\"robots\" content=\"index, follow, max-snippet:-1, max-image-preview:large, max-video-preview:-1\" \/>\n<link rel=\"canonical\" href=\"https:\/\/greenwichmeridien.fr\/blog\/a-la-une\/actualites-culturelles-ce-quil-faut-suivre-en-2023\/\" \/>\n<meta property=\"og:locale\" content=\"fr_FR\" \/>\n<meta property=\"og:type\" content=\"article\" \/>\n<meta property=\"og:title\" content=\"Tendances culturelles 2026 : ne ratez rien !\" \/>\n<meta property=\"og:description\" content=\"Alors que nous entrons dans une nouvelle ann\u00e9e pleine de promesses, la sc\u00e8ne culturelle s&#039;annonce riche en \u00e9v\u00e9nements, en expositions et en tendances \u00e0 ne\" \/>\n<meta property=\"og:url\" content=\"https:\/\/greenwichmeridien.fr\/blog\/a-la-une\/actualites-culturelles-ce-quil-faut-suivre-en-2023\/\" \/>\n<meta property=\"og:site_name\" content=\"greenwichmeridien\" \/>\n<meta property=\"og:image\" content=\"https:\/\/greenwichmeridien.fr\/blog\/wp-content\/uploads\/2024\/12\/Actualites-culturelles-ce-quil-faut-suivre-en-2023-1.png\" \/>\n\t<meta property=\"og:image:width\" content=\"1344\" \/>\n\t<meta property=\"og:image:height\" content=\"768\" \/>\n\t<meta property=\"og:image:type\" content=\"image\/png\" \/>\n<meta name=\"author\" content=\"Samuel Chalmin\" \/>\n<meta name=\"twitter:card\" content=\"summary_large_image\" \/>\n<script type=\"application\/ld+json\" class=\"yoast-schema-graph\">{\"@context\":\"https:\/\/schema.org\",\"@graph\":[{\"@type\":\"NewsArticle\",\"@id\":\"https:\/\/greenwichmeridien.fr\/blog\/a-la-une\/actualites-culturelles-ce-quil-faut-suivre-en-2023\/#article\",\"isPartOf\":{\"@id\":\"https:\/\/greenwichmeridien.fr\/blog\/a-la-une\/actualites-culturelles-ce-quil-faut-suivre-en-2023\/\"},\"author\":{\"name\":\"Samuel Chalmin\",\"@id\":\"https:\/\/greenwichmeridien.fr\/blog\/#\/schema\/person\/3c864cdc320801e3db34b663e7e3f816\"},\"headline\":\"Actualit\u00e9s culturelles : ce qu&rsquo;il faut suivre en 2023\",\"datePublished\":\"2024-12-21T09:28:40+00:00\",\"mainEntityOfPage\":{\"@id\":\"https:\/\/greenwichmeridien.fr\/blog\/a-la-une\/actualites-culturelles-ce-quil-faut-suivre-en-2023\/\"},\"wordCount\":1584,\"commentCount\":0,\"publisher\":{\"@id\":\"https:\/\/greenwichmeridien.fr\/blog\/#organization\"},\"image\":{\"@id\":\"https:\/\/greenwichmeridien.fr\/blog\/a-la-une\/actualites-culturelles-ce-quil-faut-suivre-en-2023\/#primaryimage\"},\"thumbnailUrl\":\"https:\/\/greenwichmeridien.fr\/blog\/wp-content\/uploads\/2024\/12\/Actualites-culturelles-ce-quil-faut-suivre-en-2023-1.png\",\"articleSection\":[\"\u00c0 la une\"],\"inLanguage\":\"fr-FR\",\"potentialAction\":[{\"@type\":\"CommentAction\",\"name\":\"Comment\",\"target\":[\"https:\/\/greenwichmeridien.fr\/blog\/a-la-une\/actualites-culturelles-ce-quil-faut-suivre-en-2023\/#respond\"]}]},{\"@type\":\"WebPage\",\"@id\":\"https:\/\/greenwichmeridien.fr\/blog\/a-la-une\/actualites-culturelles-ce-quil-faut-suivre-en-2023\/\",\"url\":\"https:\/\/greenwichmeridien.fr\/blog\/a-la-une\/actualites-culturelles-ce-quil-faut-suivre-en-2023\/\",\"name\":\"Tendances culturelles 2026 : ne ratez rien !\",\"isPartOf\":{\"@id\":\"https:\/\/greenwichmeridien.fr\/blog\/#website\"},\"primaryImageOfPage\":{\"@id\":\"https:\/\/greenwichmeridien.fr\/blog\/a-la-une\/actualites-culturelles-ce-quil-faut-suivre-en-2023\/#primaryimage\"},\"image\":{\"@id\":\"https:\/\/greenwichmeridien.fr\/blog\/a-la-une\/actualites-culturelles-ce-quil-faut-suivre-en-2023\/#primaryimage\"},\"thumbnailUrl\":\"https:\/\/greenwichmeridien.fr\/blog\/wp-content\/uploads\/2024\/12\/Actualites-culturelles-ce-quil-faut-suivre-en-2023-1.png\",\"datePublished\":\"2024-12-21T09:28:40+00:00\",\"description\":\"Alors que nous entrons dans une nouvelle ann\u00e9e pleine de promesses, la sc\u00e8ne culturelle s'annonce riche en \u00e9v\u00e9nements, en expositions et en tendances \u00e0 ne\",\"inLanguage\":\"fr-FR\",\"potentialAction\":[{\"@type\":\"ReadAction\",\"target\":[\"https:\/\/greenwichmeridien.fr\/blog\/a-la-une\/actualites-culturelles-ce-quil-faut-suivre-en-2023\/\"]}]},{\"@type\":\"ImageObject\",\"inLanguage\":\"fr-FR\",\"@id\":\"https:\/\/greenwichmeridien.fr\/blog\/a-la-une\/actualites-culturelles-ce-quil-faut-suivre-en-2023\/#primaryimage\",\"url\":\"https:\/\/greenwichmeridien.fr\/blog\/wp-content\/uploads\/2024\/12\/Actualites-culturelles-ce-quil-faut-suivre-en-2023-1.png\",\"contentUrl\":\"https:\/\/greenwichmeridien.fr\/blog\/wp-content\/uploads\/2024\/12\/Actualites-culturelles-ce-quil-faut-suivre-en-2023-1.png\",\"width\":1344,\"height\":768,\"caption\":\"d\u00e9couvrez les tendances et \u00e9v\u00e9nements marquants de la culture en 2023. restez inform\u00e9 des expositions, festivals, livres et films \u00e0 ne pas manquer cette ann\u00e9e. un guide complet pour les passionn\u00e9s d'art et de culture.\"},{\"@type\":\"WebSite\",\"@id\":\"https:\/\/greenwichmeridien.fr\/blog\/#website\",\"url\":\"https:\/\/greenwichmeridien.fr\/blog\/\",\"name\":\"Greenwich M\u00e9ridien\",\"description\":\"Greenwich M\u00e9ridien, le rep\u00e8re du temps et du voyage\",\"publisher\":{\"@id\":\"https:\/\/greenwichmeridien.fr\/blog\/#organization\"},\"alternateName\":\"Greenwich M\u00e9ridien, le rep\u00e8re du temps et du voyage\",\"potentialAction\":[{\"@type\":\"SearchAction\",\"target\":{\"@type\":\"EntryPoint\",\"urlTemplate\":\"https:\/\/greenwichmeridien.fr\/blog\/?s={search_term_string}\"},\"query-input\":{\"@type\":\"PropertyValueSpecification\",\"valueRequired\":true,\"valueName\":\"search_term_string\"}}],\"inLanguage\":\"fr-FR\"},{\"@type\":\"Organization\",\"@id\":\"https:\/\/greenwichmeridien.fr\/blog\/#organization\",\"name\":\"Greenwich M\u00e9ridien\",\"alternateName\":\"Greenwich M\u00e9ridien\",\"url\":\"https:\/\/greenwichmeridien.fr\/blog\/\",\"logo\":{\"@type\":\"ImageObject\",\"inLanguage\":\"fr-FR\",\"@id\":\"https:\/\/greenwichmeridien.fr\/blog\/#\/schema\/logo\/image\/\",\"url\":\"https:\/\/greenwichmeridien.fr\/blog\/wp-content\/uploads\/2024\/12\/greenwichmeridien.png\",\"contentUrl\":\"https:\/\/greenwichmeridien.fr\/blog\/wp-content\/uploads\/2024\/12\/greenwichmeridien.png\",\"width\":500,\"height\":500,\"caption\":\"Greenwich M\u00e9ridien\"},\"image\":{\"@id\":\"https:\/\/greenwichmeridien.fr\/blog\/#\/schema\/logo\/image\/\"}},{\"@type\":\"Person\",\"@id\":\"https:\/\/greenwichmeridien.fr\/blog\/#\/schema\/person\/3c864cdc320801e3db34b663e7e3f816\",\"name\":\"Samuel Chalmin\",\"image\":{\"@type\":\"ImageObject\",\"inLanguage\":\"fr-FR\",\"@id\":\"https:\/\/greenwichmeridien.fr\/blog\/#\/schema\/person\/image\/\",\"url\":\"https:\/\/secure.gravatar.com\/avatar\/cef3677de7d237273d13053728f9470818581a8a27d9bf6f5039fd18508a905f?s=96&d=mm&r=g\",\"contentUrl\":\"https:\/\/secure.gravatar.com\/avatar\/cef3677de7d237273d13053728f9470818581a8a27d9bf6f5039fd18508a905f?s=96&d=mm&r=g\",\"caption\":\"Samuel Chalmin\"},\"description\":\"R\u00e9dacteur du site, il suit les questions de temps et de calendrier : m\u00e9ridien de Greenwich, heure GMT et UTC, fuseaux horaires, changement d'heure, ann\u00e9es bissextiles et jours f\u00e9ri\u00e9s.\",\"sameAs\":[\"https:\/\/samuelchalmin.fr\/\"],\"url\":\"https:\/\/greenwichmeridien.fr\/blog\/auteur\/noname\/\"}]}<\/script>\n<!-- \/ Yoast SEO Premium plugin. -->","yoast_head_json":{"title":"Tendances culturelles 2026 : ne ratez rien !","description":"Alors que nous entrons dans une nouvelle ann\u00e9e pleine de promesses, la sc\u00e8ne culturelle s'annonce riche en \u00e9v\u00e9nements, en expositions et en tendances \u00e0 ne","robots":{"index":"index","follow":"follow","max-snippet":"max-snippet:-1","max-image-preview":"max-image-preview:large","max-video-preview":"max-video-preview:-1"},"canonical":"https:\/\/greenwichmeridien.fr\/blog\/a-la-une\/actualites-culturelles-ce-quil-faut-suivre-en-2023\/","og_locale":"fr_FR","og_type":"article","og_title":"Tendances culturelles 2026 : ne ratez rien !","og_description":"Alors que nous entrons dans une nouvelle ann\u00e9e pleine de promesses, la sc\u00e8ne culturelle s'annonce riche en \u00e9v\u00e9nements, en expositions et en tendances \u00e0 ne","og_url":"https:\/\/greenwichmeridien.fr\/blog\/a-la-une\/actualites-culturelles-ce-quil-faut-suivre-en-2023\/","og_site_name":"greenwichmeridien","og_image":[{"width":1344,"height":768,"url":"https:\/\/greenwichmeridien.fr\/blog\/wp-content\/uploads\/2024\/12\/Actualites-culturelles-ce-quil-faut-suivre-en-2023-1.png","type":"image\/png"}],"author":"Samuel Chalmin","twitter_card":"summary_large_image","schema":{"@context":"https:\/\/schema.org","@graph":[{"@type":"NewsArticle","@id":"https:\/\/greenwichmeridien.fr\/blog\/a-la-une\/actualites-culturelles-ce-quil-faut-suivre-en-2023\/#article","isPartOf":{"@id":"https:\/\/greenwichmeridien.fr\/blog\/a-la-une\/actualites-culturelles-ce-quil-faut-suivre-en-2023\/"},"author":{"name":"Samuel Chalmin","@id":"https:\/\/greenwichmeridien.fr\/blog\/#\/schema\/person\/3c864cdc320801e3db34b663e7e3f816"},"headline":"Actualit\u00e9s culturelles : ce qu&rsquo;il faut suivre en 2023","datePublished":"2024-12-21T09:28:40+00:00","mainEntityOfPage":{"@id":"https:\/\/greenwichmeridien.fr\/blog\/a-la-une\/actualites-culturelles-ce-quil-faut-suivre-en-2023\/"},"wordCount":1584,"commentCount":0,"publisher":{"@id":"https:\/\/greenwichmeridien.fr\/blog\/#organization"},"image":{"@id":"https:\/\/greenwichmeridien.fr\/blog\/a-la-une\/actualites-culturelles-ce-quil-faut-suivre-en-2023\/#primaryimage"},"thumbnailUrl":"https:\/\/greenwichmeridien.fr\/blog\/wp-content\/uploads\/2024\/12\/Actualites-culturelles-ce-quil-faut-suivre-en-2023-1.png","articleSection":["\u00c0 la une"],"inLanguage":"fr-FR","potentialAction":[{"@type":"CommentAction","name":"Comment","target":["https:\/\/greenwichmeridien.fr\/blog\/a-la-une\/actualites-culturelles-ce-quil-faut-suivre-en-2023\/#respond"]}]},{"@type":"WebPage","@id":"https:\/\/greenwichmeridien.fr\/blog\/a-la-une\/actualites-culturelles-ce-quil-faut-suivre-en-2023\/","url":"https:\/\/greenwichmeridien.fr\/blog\/a-la-une\/actualites-culturelles-ce-quil-faut-suivre-en-2023\/","name":"Tendances culturelles 2026 : ne ratez rien !","isPartOf":{"@id":"https:\/\/greenwichmeridien.fr\/blog\/#website"},"primaryImageOfPage":{"@id":"https:\/\/greenwichmeridien.fr\/blog\/a-la-une\/actualites-culturelles-ce-quil-faut-suivre-en-2023\/#primaryimage"},"image":{"@id":"https:\/\/greenwichmeridien.fr\/blog\/a-la-une\/actualites-culturelles-ce-quil-faut-suivre-en-2023\/#primaryimage"},"thumbnailUrl":"https:\/\/greenwichmeridien.fr\/blog\/wp-content\/uploads\/2024\/12\/Actualites-culturelles-ce-quil-faut-suivre-en-2023-1.png","datePublished":"2024-12-21T09:28:40+00:00","description":"Alors que nous entrons dans une nouvelle ann\u00e9e pleine de promesses, la sc\u00e8ne culturelle s'annonce riche en \u00e9v\u00e9nements, en expositions et en tendances \u00e0 ne","inLanguage":"fr-FR","potentialAction":[{"@type":"ReadAction","target":["https:\/\/greenwichmeridien.fr\/blog\/a-la-une\/actualites-culturelles-ce-quil-faut-suivre-en-2023\/"]}]},{"@type":"ImageObject","inLanguage":"fr-FR","@id":"https:\/\/greenwichmeridien.fr\/blog\/a-la-une\/actualites-culturelles-ce-quil-faut-suivre-en-2023\/#primaryimage","url":"https:\/\/greenwichmeridien.fr\/blog\/wp-content\/uploads\/2024\/12\/Actualites-culturelles-ce-quil-faut-suivre-en-2023-1.png","contentUrl":"https:\/\/greenwichmeridien.fr\/blog\/wp-content\/uploads\/2024\/12\/Actualites-culturelles-ce-quil-faut-suivre-en-2023-1.png","width":1344,"height":768,"caption":"d\u00e9couvrez les tendances et \u00e9v\u00e9nements marquants de la culture en 2023. restez inform\u00e9 des expositions, festivals, livres et films \u00e0 ne pas manquer cette ann\u00e9e. un guide complet pour les passionn\u00e9s d'art et de culture."},{"@type":"WebSite","@id":"https:\/\/greenwichmeridien.fr\/blog\/#website","url":"https:\/\/greenwichmeridien.fr\/blog\/","name":"Greenwich M\u00e9ridien","description":"Greenwich M\u00e9ridien, le rep\u00e8re du temps et du voyage","publisher":{"@id":"https:\/\/greenwichmeridien.fr\/blog\/#organization"},"alternateName":"Greenwich M\u00e9ridien, le rep\u00e8re du temps et du voyage","potentialAction":[{"@type":"SearchAction","target":{"@type":"EntryPoint","urlTemplate":"https:\/\/greenwichmeridien.fr\/blog\/?s={search_term_string}"},"query-input":{"@type":"PropertyValueSpecification","valueRequired":true,"valueName":"search_term_string"}}],"inLanguage":"fr-FR"},{"@type":"Organization","@id":"https:\/\/greenwichmeridien.fr\/blog\/#organization","name":"Greenwich M\u00e9ridien","alternateName":"Greenwich M\u00e9ridien","url":"https:\/\/greenwichmeridien.fr\/blog\/","logo":{"@type":"ImageObject","inLanguage":"fr-FR","@id":"https:\/\/greenwichmeridien.fr\/blog\/#\/schema\/logo\/image\/","url":"https:\/\/greenwichmeridien.fr\/blog\/wp-content\/uploads\/2024\/12\/greenwichmeridien.png","contentUrl":"https:\/\/greenwichmeridien.fr\/blog\/wp-content\/uploads\/2024\/12\/greenwichmeridien.png","width":500,"height":500,"caption":"Greenwich M\u00e9ridien"},"image":{"@id":"https:\/\/greenwichmeridien.fr\/blog\/#\/schema\/logo\/image\/"}},{"@type":"Person","@id":"https:\/\/greenwichmeridien.fr\/blog\/#\/schema\/person\/3c864cdc320801e3db34b663e7e3f816","name":"Samuel Chalmin","image":{"@type":"ImageObject","inLanguage":"fr-FR","@id":"https:\/\/greenwichmeridien.fr\/blog\/#\/schema\/person\/image\/","url":"https:\/\/secure.gravatar.com\/avatar\/cef3677de7d237273d13053728f9470818581a8a27d9bf6f5039fd18508a905f?s=96&d=mm&r=g","contentUrl":"https:\/\/secure.gravatar.com\/avatar\/cef3677de7d237273d13053728f9470818581a8a27d9bf6f5039fd18508a905f?s=96&d=mm&r=g","caption":"Samuel Chalmin"},"description":"R\u00e9dacteur du site, il suit les questions de temps et de calendrier : m\u00e9ridien de Greenwich, heure GMT et UTC, fuseaux horaires, changement d'heure, ann\u00e9es bissextiles et jours f\u00e9ri\u00e9s.","sameAs":["https:\/\/samuelchalmin.fr\/"],"url":"https:\/\/greenwichmeridien.fr\/blog\/auteur\/noname\/"}]}},"_links":{"self":[{"href":"https:\/\/greenwichmeridien.fr\/blog\/wp-json\/wp\/v2\/posts\/7231","targetHints":{"allow":["GET"]}}],"collection":[{"href":"https:\/\/greenwichmeridien.fr\/blog\/wp-json\/wp\/v2\/posts"}],"about":[{"href":"https:\/\/greenwichmeridien.fr\/blog\/wp-json\/wp\/v2\/types\/post"}],"author":[{"embeddable":true,"href":"https:\/\/greenwichmeridien.fr\/blog\/wp-json\/wp\/v2\/users\/34"}],"replies":[{"embeddable":true,"href":"https:\/\/greenwichmeridien.fr\/blog\/wp-json\/wp\/v2\/comments?post=7231"}],"version-history":[{"count":0,"href":"https:\/\/greenwichmeridien.fr\/blog\/wp-json\/wp\/v2\/posts\/7231\/revisions"}],"wp:featuredmedia":[{"embeddable":true,"href":"https:\/\/greenwichmeridien.fr\/blog\/wp-json\/wp\/v2\/media\/7232"}],"wp:attachment":[{"href":"https:\/\/greenwichmeridien.fr\/blog\/wp-json\/wp\/v2\/media?parent=7231"}],"wp:term":[{"taxonomy":"category","embeddable":true,"href":"https:\/\/greenwichmeridien.fr\/blog\/wp-json\/wp\/v2\/categories?post=7231"},{"taxonomy":"post_tag","embeddable":true,"href":"https:\/\/greenwichmeridien.fr\/blog\/wp-json\/wp\/v2\/tags?post=7231"}],"curies":[{"name":"wp","href":"https:\/\/api.w.org\/{rel}","templated":true}]}}