{"id":7351,"date":"2024-12-22T07:46:23","date_gmt":"2024-12-22T06:46:23","guid":{"rendered":"https:\/\/greenwichmeridien.fr\/blog\/a-la-une\/limpact-de-la-gastronomie-sur-la-culture-francaise\/"},"modified":"2024-12-22T07:46:23","modified_gmt":"2024-12-22T06:46:23","slug":"limpact-de-la-gastronomie-sur-la-culture-francaise","status":"publish","type":"post","link":"https:\/\/greenwichmeridien.fr\/blog\/a-la-une\/limpact-de-la-gastronomie-sur-la-culture-francaise\/","title":{"rendered":"L&rsquo;impact de la gastronomie sur la culture fran\u00e7aise"},"content":{"rendered":"\n\n<p class=\"wp-block-paragraph\">La <strong>gastronomie<\/strong> fran\u00e7aise est bien plus qu&rsquo;un simple plaisir des sens ; elle constitue un v\u00e9ritable pilier de l&rsquo;identit\u00e9 culturelle du pays. \u00c0 travers les si\u00e8cles, les traditions culinaires ont \u00e9volu\u00e9, mais elles demeurent profond\u00e9ment ancr\u00e9es dans le tissu social et historique de la France. Chaque plat raconte une histoire, chaque recette \u00e9voque des souvenirs, et chaque repas partag\u00e9 contribue \u00e0 renforcer les liens entre les individus.<\/p>\n\n\n<p class=\"wp-block-paragraph\">Explorer l&rsquo;<strong>impact de la gastronomie<\/strong> sur la culture fran\u00e7aise nous permet de comprendre comment les pratiques alimentaires influencent non seulement les comportements, mais aussi les valeurs et les relations au sein de la soci\u00e9t\u00e9. Que ce soit lors des f\u00eates, des rassemblements familiaux ou m\u00eame dans le quotidien des Fran\u00e7ais, la <strong>cuisine<\/strong> fa\u00e7onne les interactions et les traditions. Ainsi, cet article se propose d&rsquo;analyser les multiples facettes de cette influence, en mettant en lumi\u00e8re le r\u00f4le fondamental que la gastronomie joue dans la construction de l&rsquo;identit\u00e9 collective fran\u00e7aise.<\/p>\n\n\n\n<p class=\"wp-block-paragraph\">La <strong>gastronomie fran\u00e7aise<\/strong> ne se limite pas simplement \u00e0 la pr\u00e9paration de plats exquis, elle constitue un v\u00e9ritable <strong>reflet<\/strong> de l&rsquo;identit\u00e9 culturelle du pays. Chaque r\u00e9gion de France poss\u00e8de ses propres <strong>sp\u00e9cialit\u00e9s culinaires<\/strong>, qui sont autant de t\u00e9moins de l&rsquo;histoire, des traditions et des influences multiples qui ont travers\u00e9 les si\u00e8cles. Par exemple, la <strong>cuisine proven\u00e7ale<\/strong> \u00e9voque le climat m\u00e9diterran\u00e9en et le style de vie chaleureux du sud, tandis que la <strong>cuisine bretonne<\/strong> met en avant les richesses maritimes de l\u2019Atlantique.<\/p>\n\n\n<p class=\"wp-block-paragraph\">Le repas en France est souvent consid\u00e9r\u00e9 comme un moment sacr\u00e9, une occasion de rassembler la famille et les amis autour de la table. Cette <strong>tradition<\/strong> va au-del\u00e0 de l&rsquo;alimentation ; elle symbolise le partage, la convivialit\u00e9 et l&rsquo;art de vivre \u00e0 la fran\u00e7aise. Les grands moments de la vie, tels que les mariages ou les f\u00eates de fin d&rsquo;ann\u00e9e, sont souvent c\u00e9l\u00e9br\u00e9s autour de plats embl\u00e9matiques qui renforcent les liens sociaux et familiaux.<\/p>\n\n\n<p class=\"wp-block-paragraph\">Un autre aspect important de la gastronomie fran\u00e7aise est son <strong>influence sur la culture mondiale<\/strong>. La r\u00e9putation de la cuisine fran\u00e7aise d\u00e9passe les fronti\u00e8res et a inspir\u00e9 de nombreux chefs \u00e0 travers le monde. Les techniques de cuisine, ainsi que des plats comme le <strong>coq au vin<\/strong> ou les <strong>escargots<\/strong>, sont devenus des r\u00e9f\u00e9rences dans la gastronomie internationale. Cela souligne l&rsquo;importance de la France en tant que <strong>berceau de la haute cuisine<\/strong>.<\/p>\n\n\n<p class=\"wp-block-paragraph\">Les <strong>produits r\u00e9gionaux<\/strong>, tels que le fromage, le vin et le pain, servent \u00e9galement de symboles culturels forts. Ils sont souvent le r\u00e9sultat de savoir-faire transmis de g\u00e9n\u00e9ration en g\u00e9n\u00e9ration et illustrent le lien profond entre la <strong>terre<\/strong> et les <strong>traditions d\u2019un territoire<\/strong>. Le vin, par exemple, est bien plus qu&rsquo;une boisson ; il fait partie int\u00e9grante de l&rsquo;<strong>histoire fran\u00e7aise<\/strong> et de son <strong>art de vivre<\/strong>.<\/p>\n\n\n<p class=\"wp-block-paragraph\">Enfin, la gastronomie fran\u00e7aise subit \u00e9galement l&rsquo;influence de la <strong>mondialisation<\/strong> et des nouvelles tendances alimentaires. Malgr\u00e9 cela, elle conserve son essence et continue de se r\u00e9inventer tout en pr\u00e9servant ses traditions. L&rsquo;\u00e9mergence de la <strong>nouvelle cuisine<\/strong> ou l&rsquo;essor des restaurants bio t\u00e9moignent de cette capacit\u00e9 d&rsquo;adaptation, tout en restant ancr\u00e9e dans la culture fran\u00e7aise.<\/p>\n\n\n\n<p class=\"wp-block-paragraph\">Depuis des si\u00e8cles, la <strong>gastronomie fran\u00e7aise<\/strong> a profond\u00e9ment \u00e9volu\u00e9, devenant un <strong>pilier de l&rsquo;art de vivre<\/strong> \u00e0 la fran\u00e7aise. Les fastes des banquets royaux, comme ceux organis\u00e9s \u00e0 <strong>Versailles<\/strong> sous le r\u00e8gne de Louis XIV, ont jou\u00e9 un r\u00f4le crucial dans l&rsquo;\u00e9tablissement de la renomm\u00e9e de la cuisine fran\u00e7aise. Ces \u00e9v\u00e9nements prestigieux ne se limitaient pas \u00e0 la nourriture elle-m\u00eame, mais \u00e9taient des manifestations culturelles int\u00e9grant <strong>convivialit\u00e9<\/strong> et <strong>partage<\/strong>, v\u00e9ritables valeurs au c\u0153ur de la soci\u00e9t\u00e9 fran\u00e7aise. Au fil des ans, cette culture culinaire a su s&rsquo;adapter, int\u00e9grant diverses influences tout en pr\u00e9servant son identit\u00e9. En 2010, la gastronomie fran\u00e7aise a \u00e9t\u00e9 reconnue par l&rsquo;<strong>UNESCO<\/strong> comme un <strong>patrimoine culturel immat\u00e9riel de l&rsquo;humanit\u00e9<\/strong>, soulignant son rayonnement et son importance, tant sur le plan national qu&rsquo;international. Aujourd&rsquo;hui, la <strong>culture alimentaire<\/strong> fran\u00e7aise continue de s\u00e9duire, influen\u00e7ant les tendances culinaires \u00e0 travers le monde et affirmant son statut de r\u00e9f\u00e9rence en mati\u00e8re de <strong>qualit\u00e9<\/strong> et de <strong>raffinement<\/strong>.<\/p>\n\n\n\n<p class=\"wp-block-paragraph\">La <strong>gastronomie<\/strong> fran\u00e7aise est bien plus qu&rsquo;un simple art culinaire; elle est au c\u0153ur des <strong>traditions<\/strong> fran\u00e7aises, ancr\u00e9e dans l&rsquo;histoire et la sociabilit\u00e9 de ses habitants. Chaque plat, chaque recette raconte une <strong>histoire<\/strong>, refl\u00e9tant les influences rurales et r\u00e9gionales qui ont fa\u00e7onn\u00e9 la culture fran\u00e7aise au cours des si\u00e8cles.<\/p>\n\n\n<p class=\"wp-block-paragraph\">Les repas de famille, par exemple, illustrent parfaitement cette connexion entre la gastronomie et la tradition. Que ce soit lors des repas dominicaux ou des f\u00eates familiales, la cuisine devient un <strong>rituel<\/strong> permettant de renforcer les liens familiaux. Les plats typiques, souvent transmis de g\u00e9n\u00e9ration en g\u00e9n\u00e9ration, sont le reflet d&rsquo;une <strong>identit\u00e9<\/strong> culturelle riche et vari\u00e9e. Les familles se rassemblent autour d\u2019une table pour partager non seulement un repas, mais aussi des <strong>souvenirs<\/strong> et des valeurs.<\/p>\n\n\n<p class=\"wp-block-paragraph\">Les <strong>festivals gastronomiques<\/strong> sont \u00e9galement un \u00e9l\u00e9ment cl\u00e9 de cette amalgamation entre culture et cuisine. \u00c9v\u00e9nements tels que la <strong>F\u00eate de la Gastronomie<\/strong>, c\u00e9l\u00e9br\u00e9e chaque ann\u00e9e, mettent en lumi\u00e8re l&rsquo;importance de la gastronomie dans la vie quotidienne des Fran\u00e7ais. Ces festivals offrent une plateforme pour d\u00e9couvrir des produits locaux, des recettes traditionnelles, et encouragent les \u00e9changes entre les chefs, les producteurs et le public. Ils c\u00e9l\u00e8brent la <strong>richesse<\/strong> de la cuisine fran\u00e7aise tout en rendant hommage aux <strong>terroirs<\/strong> qui la nourrissent.<\/p>\n\n\n<p class=\"wp-block-paragraph\">La gastronomie joue \u00e9galement un r\u00f4le dans le maintien des <strong>traditions r\u00e9gionales<\/strong>. Chaque r\u00e9gion en France poss\u00e8de ses sp\u00e9cialit\u00e9s, des <strong>fromages<\/strong> aux <strong>vins<\/strong>, en passant par des plats embl\u00e9matiques comme le coq au vin en Bourgogne ou la bouillabaisse \u00e0 Marseille. Ces sp\u00e9cialit\u00e9s sont souvent mises \u00e0 l&rsquo;honneur lors de <strong>festivit\u00e9s<\/strong> r\u00e9gionales, contribuant ainsi \u00e0 pr\u00e9server les savoir-faire culinaires et \u00e0 dynamiser le tissu social local.<\/p>\n\n\n<p class=\"wp-block-paragraph\">En somme, la gastronomie fran\u00e7aise est un vecteur fondamental de la <strong>culture<\/strong> et de la <strong>soci\u00e9t\u00e9<\/strong>. Elle incarne des valeurs profond\u00e9ment ancr\u00e9es dans la vie des Fran\u00e7ais, transcendant le simple acte de se nourrir pour devenir une v\u00e9ritable c\u00e9l\u00e9bration de l\u2019humanit\u00e9, de ses <strong>traditions<\/strong> et de son histoire.<\/p>\n\n\n\n<p class=\"wp-block-paragraph\">La <strong>gastronomie<\/strong> fran\u00e7aise, v\u00e9ritable reflet d&rsquo;une <strong>identit\u00e9 culturelle<\/strong>, joue un r\u00f4le central dans le tissu social et l&rsquo;histoire du pays. En tant qu&rsquo;art de vivre, elle transcende le simple acte de se nourrir pour devenir un moyen d&rsquo;<strong>expression<\/strong> et de <strong>communication<\/strong> au sein des diff\u00e9rentes r\u00e9gions, illustrant ainsi la richesse des traditions et des savoir-faire.<br>Cette cuisine, reconnue dans le monde entier, est un symbole de <strong>l&rsquo;h\u00e9ritage culturel<\/strong> fran\u00e7ais, mettant en avant des ingr\u00e9dients locaux et des techniques soigneusement transmises de g\u00e9n\u00e9ration en g\u00e9n\u00e9ration. Les repas partag\u00e9s, rituels ancr\u00e9s au c\u0153ur de la vie familiale et sociale, nourrissent non seulement le corps mais renforcent aussi les <strong>liens communautaires<\/strong> et l&rsquo;identit\u00e9 collective.<br>De plus, la gastronomie fran\u00e7aise a \u00e9galement \u00e9volu\u00e9 avec les influences <strong>internationales<\/strong>, int\u00e9grant des \u00e9l\u00e9ments d&rsquo;autres cultures tout en pr\u00e9servant son essence. Cela d\u00e9montre sa capacit\u00e9 d&rsquo;adaptation et sa vitalit\u00e9, tout en continuant d&rsquo;enrichir le paysage culinaire global. En somme, la gastronomie est bien plus qu&rsquo;une simple pratique alimentaire en France; elle est un pilier fondamental de la culture, de l&rsquo;histoire et de la vie quotidienne.<\/p>\n\n\n<figure class=\"wp-block-embed is-type-video is-provider-youtube wp-block-embed-youtube wp-embed-aspect-16-9 wp-has-aspect-ratio\">\n<div class=\"wp-block-embed__wrapper\">\n<iframe loading=\"lazy\" title=\"10 Faits Fascinants sur la Cuisine Fran\u00e7aise\" width=\"1200\" height=\"675\" src=\"https:\/\/www.youtube.com\/embed\/uIAGzG-oXdw?feature=oembed\" frameborder=\"0\" allow=\"accelerometer; autoplay; clipboard-write; encrypted-media; gyroscope; picture-in-picture; web-share\" referrerpolicy=\"strict-origin-when-cross-origin\" allowfullscreen><\/iframe>\n<\/div>\n<\/figure>\n\n\n<div style=\"display: block;\">\n<div id=\"fb-root\"><\/div>\n<script async defer crossorigin=\"anonymous\" src=\"https:\/\/connect.facebook.net\/fr_FR\/sdk.js#xfbml=1&#038;version=v17.0\"><\/script>\n<div class=\"fb-post\" data-href=\"https:\/\/www.facebook.com\/FoodandSens\/posts\/838833765021769\" data-width=\"500\" data-show-text=\"true\"><\/div>\n<\/div>\n","protected":false},"excerpt":{"rendered":"","protected":false},"author":34,"featured_media":7394,"comment_status":"open","ping_status":"open","sticky":false,"template":"","format":"standard","meta":{"_acf_changed":false,"manual_indexmenow":false,"indexmenow_id_project":0,"footnotes":""},"categories":[1],"tags":[],"class_list":["post-7351","post","type-post","status-publish","format-standard","has-post-thumbnail","hentry","category-a-la-une","generate-columns","tablet-grid-50","mobile-grid-100","grid-parent","grid-25"],"acf":[],"yoast_head":"<!-- This site is optimized with the Yoast SEO Premium plugin v21.3 (Yoast SEO v25.6) - https:\/\/yoast.com\/wordpress\/plugins\/seo\/ -->\n<title>Gastronomie : Le Coeur de la Culture Fran\u00e7aise<\/title>\n<meta name=\"description\" content=\"La gastronomie fran\u00e7aise est bien plus qu&#039;un simple plaisir des sens ; elle constitue un v\u00e9ritable pilier de l&#039;identit\u00e9 culturelle du pays. \u00c0 travers les\" \/>\n<meta name=\"robots\" content=\"index, follow, max-snippet:-1, max-image-preview:large, max-video-preview:-1\" \/>\n<link rel=\"canonical\" href=\"https:\/\/greenwichmeridien.fr\/blog\/a-la-une\/limpact-de-la-gastronomie-sur-la-culture-francaise\/\" \/>\n<meta property=\"og:locale\" content=\"fr_FR\" \/>\n<meta property=\"og:type\" content=\"article\" \/>\n<meta property=\"og:title\" content=\"Gastronomie : Le Coeur de la Culture Fran\u00e7aise\" \/>\n<meta property=\"og:description\" content=\"La gastronomie fran\u00e7aise est bien plus qu&#039;un simple plaisir des sens ; elle constitue un v\u00e9ritable pilier de l&#039;identit\u00e9 culturelle du pays. \u00c0 travers les\" \/>\n<meta property=\"og:url\" content=\"https:\/\/greenwichmeridien.fr\/blog\/a-la-une\/limpact-de-la-gastronomie-sur-la-culture-francaise\/\" \/>\n<meta property=\"og:site_name\" content=\"greenwichmeridien\" \/>\n<meta property=\"og:image\" content=\"https:\/\/greenwichmeridien.fr\/blog\/wp-content\/uploads\/2025\/02\/sdxl-d3e0782db6d5a1f9d44e5a55026fc552.png\" \/>\n\t<meta property=\"og:image:width\" content=\"1536\" \/>\n\t<meta property=\"og:image:height\" content=\"640\" \/>\n\t<meta property=\"og:image:type\" content=\"image\/png\" \/>\n<meta name=\"author\" content=\"Samuel Chalmin\" \/>\n<meta name=\"twitter:card\" content=\"summary_large_image\" \/>\n<script type=\"application\/ld+json\" class=\"yoast-schema-graph\">{\"@context\":\"https:\/\/schema.org\",\"@graph\":[{\"@type\":\"NewsArticle\",\"@id\":\"https:\/\/greenwichmeridien.fr\/blog\/a-la-une\/limpact-de-la-gastronomie-sur-la-culture-francaise\/#article\",\"isPartOf\":{\"@id\":\"https:\/\/greenwichmeridien.fr\/blog\/a-la-une\/limpact-de-la-gastronomie-sur-la-culture-francaise\/\"},\"author\":{\"name\":\"Samuel Chalmin\",\"@id\":\"https:\/\/greenwichmeridien.fr\/blog\/#\/schema\/person\/3c864cdc320801e3db34b663e7e3f816\"},\"headline\":\"L&rsquo;impact de la gastronomie sur la culture fran\u00e7aise\",\"datePublished\":\"2024-12-22T06:46:23+00:00\",\"mainEntityOfPage\":{\"@id\":\"https:\/\/greenwichmeridien.fr\/blog\/a-la-une\/limpact-de-la-gastronomie-sur-la-culture-francaise\/\"},\"wordCount\":1345,\"commentCount\":0,\"publisher\":{\"@id\":\"https:\/\/greenwichmeridien.fr\/blog\/#organization\"},\"image\":{\"@id\":\"https:\/\/greenwichmeridien.fr\/blog\/a-la-une\/limpact-de-la-gastronomie-sur-la-culture-francaise\/#primaryimage\"},\"thumbnailUrl\":\"https:\/\/greenwichmeridien.fr\/blog\/wp-content\/uploads\/2025\/02\/sdxl-d3e0782db6d5a1f9d44e5a55026fc552.png\",\"articleSection\":[\"\u00c0 la une\"],\"inLanguage\":\"fr-FR\",\"potentialAction\":[{\"@type\":\"CommentAction\",\"name\":\"Comment\",\"target\":[\"https:\/\/greenwichmeridien.fr\/blog\/a-la-une\/limpact-de-la-gastronomie-sur-la-culture-francaise\/#respond\"]}]},{\"@type\":\"WebPage\",\"@id\":\"https:\/\/greenwichmeridien.fr\/blog\/a-la-une\/limpact-de-la-gastronomie-sur-la-culture-francaise\/\",\"url\":\"https:\/\/greenwichmeridien.fr\/blog\/a-la-une\/limpact-de-la-gastronomie-sur-la-culture-francaise\/\",\"name\":\"Gastronomie : Le Coeur de la Culture Fran\u00e7aise\",\"isPartOf\":{\"@id\":\"https:\/\/greenwichmeridien.fr\/blog\/#website\"},\"primaryImageOfPage\":{\"@id\":\"https:\/\/greenwichmeridien.fr\/blog\/a-la-une\/limpact-de-la-gastronomie-sur-la-culture-francaise\/#primaryimage\"},\"image\":{\"@id\":\"https:\/\/greenwichmeridien.fr\/blog\/a-la-une\/limpact-de-la-gastronomie-sur-la-culture-francaise\/#primaryimage\"},\"thumbnailUrl\":\"https:\/\/greenwichmeridien.fr\/blog\/wp-content\/uploads\/2025\/02\/sdxl-d3e0782db6d5a1f9d44e5a55026fc552.png\",\"datePublished\":\"2024-12-22T06:46:23+00:00\",\"description\":\"La gastronomie fran\u00e7aise est bien plus qu'un simple plaisir des sens ; elle constitue un v\u00e9ritable pilier de l'identit\u00e9 culturelle du pays. \u00c0 travers les\",\"inLanguage\":\"fr-FR\",\"potentialAction\":[{\"@type\":\"ReadAction\",\"target\":[\"https:\/\/greenwichmeridien.fr\/blog\/a-la-une\/limpact-de-la-gastronomie-sur-la-culture-francaise\/\"]}]},{\"@type\":\"ImageObject\",\"inLanguage\":\"fr-FR\",\"@id\":\"https:\/\/greenwichmeridien.fr\/blog\/a-la-une\/limpact-de-la-gastronomie-sur-la-culture-francaise\/#primaryimage\",\"url\":\"https:\/\/greenwichmeridien.fr\/blog\/wp-content\/uploads\/2025\/02\/sdxl-d3e0782db6d5a1f9d44e5a55026fc552.png\",\"contentUrl\":\"https:\/\/greenwichmeridien.fr\/blog\/wp-content\/uploads\/2025\/02\/sdxl-d3e0782db6d5a1f9d44e5a55026fc552.png\",\"width\":1536,\"height\":640},{\"@type\":\"WebSite\",\"@id\":\"https:\/\/greenwichmeridien.fr\/blog\/#website\",\"url\":\"https:\/\/greenwichmeridien.fr\/blog\/\",\"name\":\"Greenwich M\u00e9ridien\",\"description\":\"Greenwich M\u00e9ridien, le rep\u00e8re du temps et du voyage\",\"publisher\":{\"@id\":\"https:\/\/greenwichmeridien.fr\/blog\/#organization\"},\"alternateName\":\"Greenwich M\u00e9ridien, le rep\u00e8re du temps et du voyage\",\"potentialAction\":[{\"@type\":\"SearchAction\",\"target\":{\"@type\":\"EntryPoint\",\"urlTemplate\":\"https:\/\/greenwichmeridien.fr\/blog\/?s={search_term_string}\"},\"query-input\":{\"@type\":\"PropertyValueSpecification\",\"valueRequired\":true,\"valueName\":\"search_term_string\"}}],\"inLanguage\":\"fr-FR\"},{\"@type\":\"Organization\",\"@id\":\"https:\/\/greenwichmeridien.fr\/blog\/#organization\",\"name\":\"Greenwich M\u00e9ridien\",\"alternateName\":\"Greenwich M\u00e9ridien\",\"url\":\"https:\/\/greenwichmeridien.fr\/blog\/\",\"logo\":{\"@type\":\"ImageObject\",\"inLanguage\":\"fr-FR\",\"@id\":\"https:\/\/greenwichmeridien.fr\/blog\/#\/schema\/logo\/image\/\",\"url\":\"https:\/\/greenwichmeridien.fr\/blog\/wp-content\/uploads\/2024\/12\/greenwichmeridien.png\",\"contentUrl\":\"https:\/\/greenwichmeridien.fr\/blog\/wp-content\/uploads\/2024\/12\/greenwichmeridien.png\",\"width\":500,\"height\":500,\"caption\":\"Greenwich M\u00e9ridien\"},\"image\":{\"@id\":\"https:\/\/greenwichmeridien.fr\/blog\/#\/schema\/logo\/image\/\"}},{\"@type\":\"Person\",\"@id\":\"https:\/\/greenwichmeridien.fr\/blog\/#\/schema\/person\/3c864cdc320801e3db34b663e7e3f816\",\"name\":\"Samuel Chalmin\",\"image\":{\"@type\":\"ImageObject\",\"inLanguage\":\"fr-FR\",\"@id\":\"https:\/\/greenwichmeridien.fr\/blog\/#\/schema\/person\/image\/\",\"url\":\"https:\/\/secure.gravatar.com\/avatar\/cef3677de7d237273d13053728f9470818581a8a27d9bf6f5039fd18508a905f?s=96&d=mm&r=g\",\"contentUrl\":\"https:\/\/secure.gravatar.com\/avatar\/cef3677de7d237273d13053728f9470818581a8a27d9bf6f5039fd18508a905f?s=96&d=mm&r=g\",\"caption\":\"Samuel Chalmin\"},\"description\":\"R\u00e9dacteur du site, il suit les questions de temps et de calendrier : m\u00e9ridien de Greenwich, heure GMT et UTC, fuseaux horaires, changement d'heure, ann\u00e9es bissextiles et jours f\u00e9ri\u00e9s.\",\"sameAs\":[\"https:\/\/samuelchalmin.fr\/\"],\"url\":\"https:\/\/greenwichmeridien.fr\/blog\/auteur\/noname\/\"}]}<\/script>\n<!-- \/ Yoast SEO Premium plugin. -->","yoast_head_json":{"title":"Gastronomie : Le Coeur de la Culture Fran\u00e7aise","description":"La gastronomie fran\u00e7aise est bien plus qu'un simple plaisir des sens ; elle constitue un v\u00e9ritable pilier de l'identit\u00e9 culturelle du pays. \u00c0 travers les","robots":{"index":"index","follow":"follow","max-snippet":"max-snippet:-1","max-image-preview":"max-image-preview:large","max-video-preview":"max-video-preview:-1"},"canonical":"https:\/\/greenwichmeridien.fr\/blog\/a-la-une\/limpact-de-la-gastronomie-sur-la-culture-francaise\/","og_locale":"fr_FR","og_type":"article","og_title":"Gastronomie : Le Coeur de la Culture Fran\u00e7aise","og_description":"La gastronomie fran\u00e7aise est bien plus qu'un simple plaisir des sens ; elle constitue un v\u00e9ritable pilier de l'identit\u00e9 culturelle du pays. \u00c0 travers les","og_url":"https:\/\/greenwichmeridien.fr\/blog\/a-la-une\/limpact-de-la-gastronomie-sur-la-culture-francaise\/","og_site_name":"greenwichmeridien","og_image":[{"width":1536,"height":640,"url":"https:\/\/greenwichmeridien.fr\/blog\/wp-content\/uploads\/2025\/02\/sdxl-d3e0782db6d5a1f9d44e5a55026fc552.png","type":"image\/png"}],"author":"Samuel Chalmin","twitter_card":"summary_large_image","schema":{"@context":"https:\/\/schema.org","@graph":[{"@type":"NewsArticle","@id":"https:\/\/greenwichmeridien.fr\/blog\/a-la-une\/limpact-de-la-gastronomie-sur-la-culture-francaise\/#article","isPartOf":{"@id":"https:\/\/greenwichmeridien.fr\/blog\/a-la-une\/limpact-de-la-gastronomie-sur-la-culture-francaise\/"},"author":{"name":"Samuel Chalmin","@id":"https:\/\/greenwichmeridien.fr\/blog\/#\/schema\/person\/3c864cdc320801e3db34b663e7e3f816"},"headline":"L&rsquo;impact de la gastronomie sur la culture fran\u00e7aise","datePublished":"2024-12-22T06:46:23+00:00","mainEntityOfPage":{"@id":"https:\/\/greenwichmeridien.fr\/blog\/a-la-une\/limpact-de-la-gastronomie-sur-la-culture-francaise\/"},"wordCount":1345,"commentCount":0,"publisher":{"@id":"https:\/\/greenwichmeridien.fr\/blog\/#organization"},"image":{"@id":"https:\/\/greenwichmeridien.fr\/blog\/a-la-une\/limpact-de-la-gastronomie-sur-la-culture-francaise\/#primaryimage"},"thumbnailUrl":"https:\/\/greenwichmeridien.fr\/blog\/wp-content\/uploads\/2025\/02\/sdxl-d3e0782db6d5a1f9d44e5a55026fc552.png","articleSection":["\u00c0 la une"],"inLanguage":"fr-FR","potentialAction":[{"@type":"CommentAction","name":"Comment","target":["https:\/\/greenwichmeridien.fr\/blog\/a-la-une\/limpact-de-la-gastronomie-sur-la-culture-francaise\/#respond"]}]},{"@type":"WebPage","@id":"https:\/\/greenwichmeridien.fr\/blog\/a-la-une\/limpact-de-la-gastronomie-sur-la-culture-francaise\/","url":"https:\/\/greenwichmeridien.fr\/blog\/a-la-une\/limpact-de-la-gastronomie-sur-la-culture-francaise\/","name":"Gastronomie : Le Coeur de la Culture Fran\u00e7aise","isPartOf":{"@id":"https:\/\/greenwichmeridien.fr\/blog\/#website"},"primaryImageOfPage":{"@id":"https:\/\/greenwichmeridien.fr\/blog\/a-la-une\/limpact-de-la-gastronomie-sur-la-culture-francaise\/#primaryimage"},"image":{"@id":"https:\/\/greenwichmeridien.fr\/blog\/a-la-une\/limpact-de-la-gastronomie-sur-la-culture-francaise\/#primaryimage"},"thumbnailUrl":"https:\/\/greenwichmeridien.fr\/blog\/wp-content\/uploads\/2025\/02\/sdxl-d3e0782db6d5a1f9d44e5a55026fc552.png","datePublished":"2024-12-22T06:46:23+00:00","description":"La gastronomie fran\u00e7aise est bien plus qu'un simple plaisir des sens ; elle constitue un v\u00e9ritable pilier de l'identit\u00e9 culturelle du pays. \u00c0 travers les","inLanguage":"fr-FR","potentialAction":[{"@type":"ReadAction","target":["https:\/\/greenwichmeridien.fr\/blog\/a-la-une\/limpact-de-la-gastronomie-sur-la-culture-francaise\/"]}]},{"@type":"ImageObject","inLanguage":"fr-FR","@id":"https:\/\/greenwichmeridien.fr\/blog\/a-la-une\/limpact-de-la-gastronomie-sur-la-culture-francaise\/#primaryimage","url":"https:\/\/greenwichmeridien.fr\/blog\/wp-content\/uploads\/2025\/02\/sdxl-d3e0782db6d5a1f9d44e5a55026fc552.png","contentUrl":"https:\/\/greenwichmeridien.fr\/blog\/wp-content\/uploads\/2025\/02\/sdxl-d3e0782db6d5a1f9d44e5a55026fc552.png","width":1536,"height":640},{"@type":"WebSite","@id":"https:\/\/greenwichmeridien.fr\/blog\/#website","url":"https:\/\/greenwichmeridien.fr\/blog\/","name":"Greenwich M\u00e9ridien","description":"Greenwich M\u00e9ridien, le rep\u00e8re du temps et du voyage","publisher":{"@id":"https:\/\/greenwichmeridien.fr\/blog\/#organization"},"alternateName":"Greenwich M\u00e9ridien, le rep\u00e8re du temps et du voyage","potentialAction":[{"@type":"SearchAction","target":{"@type":"EntryPoint","urlTemplate":"https:\/\/greenwichmeridien.fr\/blog\/?s={search_term_string}"},"query-input":{"@type":"PropertyValueSpecification","valueRequired":true,"valueName":"search_term_string"}}],"inLanguage":"fr-FR"},{"@type":"Organization","@id":"https:\/\/greenwichmeridien.fr\/blog\/#organization","name":"Greenwich M\u00e9ridien","alternateName":"Greenwich M\u00e9ridien","url":"https:\/\/greenwichmeridien.fr\/blog\/","logo":{"@type":"ImageObject","inLanguage":"fr-FR","@id":"https:\/\/greenwichmeridien.fr\/blog\/#\/schema\/logo\/image\/","url":"https:\/\/greenwichmeridien.fr\/blog\/wp-content\/uploads\/2024\/12\/greenwichmeridien.png","contentUrl":"https:\/\/greenwichmeridien.fr\/blog\/wp-content\/uploads\/2024\/12\/greenwichmeridien.png","width":500,"height":500,"caption":"Greenwich M\u00e9ridien"},"image":{"@id":"https:\/\/greenwichmeridien.fr\/blog\/#\/schema\/logo\/image\/"}},{"@type":"Person","@id":"https:\/\/greenwichmeridien.fr\/blog\/#\/schema\/person\/3c864cdc320801e3db34b663e7e3f816","name":"Samuel Chalmin","image":{"@type":"ImageObject","inLanguage":"fr-FR","@id":"https:\/\/greenwichmeridien.fr\/blog\/#\/schema\/person\/image\/","url":"https:\/\/secure.gravatar.com\/avatar\/cef3677de7d237273d13053728f9470818581a8a27d9bf6f5039fd18508a905f?s=96&d=mm&r=g","contentUrl":"https:\/\/secure.gravatar.com\/avatar\/cef3677de7d237273d13053728f9470818581a8a27d9bf6f5039fd18508a905f?s=96&d=mm&r=g","caption":"Samuel Chalmin"},"description":"R\u00e9dacteur du site, il suit les questions de temps et de calendrier : m\u00e9ridien de Greenwich, heure GMT et UTC, fuseaux horaires, changement d'heure, ann\u00e9es bissextiles et jours f\u00e9ri\u00e9s.","sameAs":["https:\/\/samuelchalmin.fr\/"],"url":"https:\/\/greenwichmeridien.fr\/blog\/auteur\/noname\/"}]}},"_links":{"self":[{"href":"https:\/\/greenwichmeridien.fr\/blog\/wp-json\/wp\/v2\/posts\/7351","targetHints":{"allow":["GET"]}}],"collection":[{"href":"https:\/\/greenwichmeridien.fr\/blog\/wp-json\/wp\/v2\/posts"}],"about":[{"href":"https:\/\/greenwichmeridien.fr\/blog\/wp-json\/wp\/v2\/types\/post"}],"author":[{"embeddable":true,"href":"https:\/\/greenwichmeridien.fr\/blog\/wp-json\/wp\/v2\/users\/34"}],"replies":[{"embeddable":true,"href":"https:\/\/greenwichmeridien.fr\/blog\/wp-json\/wp\/v2\/comments?post=7351"}],"version-history":[{"count":0,"href":"https:\/\/greenwichmeridien.fr\/blog\/wp-json\/wp\/v2\/posts\/7351\/revisions"}],"wp:featuredmedia":[{"embeddable":true,"href":"https:\/\/greenwichmeridien.fr\/blog\/wp-json\/wp\/v2\/media\/7394"}],"wp:attachment":[{"href":"https:\/\/greenwichmeridien.fr\/blog\/wp-json\/wp\/v2\/media?parent=7351"}],"wp:term":[{"taxonomy":"category","embeddable":true,"href":"https:\/\/greenwichmeridien.fr\/blog\/wp-json\/wp\/v2\/categories?post=7351"},{"taxonomy":"post_tag","embeddable":true,"href":"https:\/\/greenwichmeridien.fr\/blog\/wp-json\/wp\/v2\/tags?post=7351"}],"curies":[{"name":"wp","href":"https:\/\/api.w.org\/{rel}","templated":true}]}}