{"id":7352,"date":"2024-12-23T08:27:35","date_gmt":"2024-12-23T07:27:35","guid":{"rendered":"https:\/\/greenwichmeridien.fr\/blog\/a-la-une\/le-lifestyle-eclectique-des-parisiens\/"},"modified":"2024-12-23T08:27:35","modified_gmt":"2024-12-23T07:27:35","slug":"le-lifestyle-eclectique-des-parisiens","status":"publish","type":"post","link":"https:\/\/greenwichmeridien.fr\/blog\/a-la-une\/le-lifestyle-eclectique-des-parisiens\/","title":{"rendered":"Le lifestyle \u00e9clectique des parisiens"},"content":{"rendered":"\n\n<p class=\"wp-block-paragraph\">Dans les rues pav\u00e9es de <strong>Paris<\/strong>, chaque coin raconte une histoire singuli\u00e8re, reflet d&rsquo;un <strong>style de vie<\/strong> flamboyant et <strong>\u00e9clectique<\/strong>. Les <strong>Parisiens<\/strong> ne se contentent pas de suivre des tendances; ils les cr\u00e9ent. Entre caf\u00e9s historiques, boutiques vintage, galeries d\u2019art contemporain et parcs ensoleill\u00e9s, l\u2019art de vivre \u00e0 la parisienne c\u00e9l\u00e8bre la <strong>diversit\u00e9<\/strong> et l&rsquo;<strong>authenticit\u00e9<\/strong>. Comprendre ce <strong>lifestyle<\/strong> est essentiel, non seulement pour appr\u00e9hender la culture fran\u00e7aise, mais aussi pour s\u2019inspirer d\u2019un mode de vie riche d\u2019enseignements. Explorez avec nous les nuances de cette <strong>identit\u00e9 unique<\/strong> qui attise la curiosit\u00e9 et suscite l\u2019admiration \u00e0 travers le monde.<\/p>\n\n\n\n<p class=\"wp-block-paragraph\">Paris, v\u00e9ritable <strong>centre culturel<\/strong>, a toujours \u00e9t\u00e9 un carrefour d&rsquo;influences et de mouvements qui ont fa\u00e7onn\u00e9 son <strong>style de vie<\/strong>. Depuis le <strong>Si\u00e8cle des Lumi\u00e8res<\/strong>, o\u00f9 l&rsquo;esprit critique et les id\u00e9es nouvelles ont pris racine, la ville est devenue le berceau d&rsquo;une <strong>intellectuelle effervescence<\/strong>. Les salons parisiens sont alors devenus des lieux de rencontre pour les \u00e9crivains, les philosophes et les artistes, influen\u00e7ant le mode de vie bourgeois.<\/p>\n\n\n<p class=\"wp-block-paragraph\">Au <strong>XIXe si\u00e8cle<\/strong>, l&rsquo;industrialisation change la donne avec une urbanisation massive. La belle \u00e9poque est marqu\u00e9e par une explosion de la <strong>culture populaire<\/strong> et des loisirs. Les caf\u00e9s et brasseries, embl\u00e8mes de la vie parisienne, deviennent des lieux de sociabilit\u00e9. C&rsquo;est \u00e9galement l&rsquo;\u00e9mergence de l&rsquo;art nouveau, qui influence non seulement l&rsquo;architecture, mais aussi la mode et le quotidien des Parisiens.<\/p>\n\n\n<p class=\"wp-block-paragraph\">Le <strong>XXe si\u00e8cle<\/strong> signe l&rsquo;av\u00e8nement des avant-gardes artistiques. Le cubisme, avec des figures comme Picasso et Braque, marque une rupture radicale dans les arts visuels. Cette p\u00e9riode voit \u00e9galement la mont\u00e9e du <strong>surr\u00e9alisme<\/strong>, influen\u00e7ant le lifestyle avec des \u00e9v\u00e9nements impr\u00e9vus et une approche ludique de la vie quotidienne. Les ann\u00e9es folles, apr\u00e8s la Premi\u00e8re Guerre mondiale, sont une p\u00e9riode charni\u00e8re o\u00f9 l&rsquo;<strong>opulence<\/strong> et l&rsquo;<strong>innovation<\/strong> se m\u00ealent, rendant Paris incontournable pour les artistes et les intellectuels.<\/p>\n\n\n<p class=\"wp-block-paragraph\">Les ann\u00e9es <strong>1960<\/strong> marquent une autre r\u00e9volution, tant sociale que culturelle. Le mouvement <strong>situationniste<\/strong> remet en question le mode de vie consum\u00e9riste, tout en pr\u00f4nant une exp\u00e9rience urbaine plus engag\u00e9e. Parall\u00e8lement, la mode devient un symbole d&rsquo;identit\u00e9, avec des cr\u00e9ateurs qui font de Paris la capitale mondiale de la <strong>haute couture<\/strong>. Les \u00e9v\u00e9nements contestataires de mai 68 revitalisent aussi le paysage culturel parisien, influen\u00e7ant la mani\u00e8re de vivre des jeunes g\u00e9n\u00e9rations.<\/p>\n\n\n<p class=\"wp-block-paragraph\">Depuis la fin du <strong>XXe si\u00e8cle<\/strong>, la multiculturalit\u00e9 de la ville enrichit encore plus son lifestyle. Paris devient un cosmopolitisme vibrant, o\u00f9 les influences <strong>asiatiques<\/strong>, <strong>africaines<\/strong> et <strong>moyen-orientales<\/strong> se m\u00e9langent aux traditions fran\u00e7aises. Les quartiers, tels que le Marais ou Belleville, incarnent cette diversit\u00e9 avec leurs restaurants, boutiques et galeries d\u2019art, red\u00e9finissant les standards du go\u00fbt et de la sociabilit\u00e9.<\/p>\n\n\n<p class=\"wp-block-paragraph\">Dans les ann\u00e9es <strong>2000<\/strong>, les notions de <strong>sustainable lifestyle<\/strong> et de <strong>bien-\u00eatre<\/strong> prennent de l&rsquo;ampleur. Les Parisiens recherchent un \u00e9quilibre entre vie professionnelle et personnelle, propulsant la tendance des espaces de coworking et des pratiques \u00e9coresponsables. Cela s&rsquo;accompagne d&rsquo;une mode qui privil\u00e9gie le <strong>vintage<\/strong> et la red\u00e9couverte de pratiques artisanales.<\/p>\n\n\n<p class=\"wp-block-paragraph\">Aujourd&rsquo;hui, le lifestyle parisien est une mosa\u00efque unique o\u00f9 tradition et innovation continuent d&rsquo;entrer en <strong>r\u00e9sonance<\/strong>. La ville reste un terrain fertile pour la cr\u00e9ativit\u00e9 et l&rsquo;exp\u00e9rimentation, faisant de chaque coin de rue une invitation \u00e0 d\u00e9couvrir l&rsquo;essence m\u00eame de ce que signifie vivre \u00e0 Paris.<\/p>\n\n\n\n<p class=\"wp-block-paragraph\">Le style de vie des Parisiens est un v\u00e9ritable <strong>mix culturel<\/strong>, o\u00f9 la <strong>mode<\/strong>, la <strong>gastronomie<\/strong> et les <strong>loisirs<\/strong> se rencontrent pour cr\u00e9er une exp\u00e9rience unique. La diversit\u00e9 des influences, h\u00e9rit\u00e9e d\u2019une ville \u00e0 la fois historique et moderne, se refl\u00e8te dans chaque aspect de leur quotidien.<\/p>\n\n\n<h2 class=\"wp-block-heading\">Un \u00c9lan de Mode<\/h2>\n\n\n<p class=\"wp-block-paragraph\">La <strong>mode parisienne<\/strong> est un art \u00e0 part enti\u00e8re, o\u00f9 le <strong>streetwear<\/strong> c\u00f4toie le chic intemporel. Les Parisiens sont adeptes d\u2019une esth\u00e9tique qui m\u00e9lange des pi\u00e8ces vintage et contemporaines, cr\u00e9ant ainsi des looks flamboyants et personnels. Les quartiers comme le <strong>Marais<\/strong> et le <strong>Saint-Germain-des-Pr\u00e9s<\/strong> sont des t\u00e9moins de cette effervescence, o\u00f9 les cr\u00e9ateurs \u00e9mergents c\u00f4toient les grandes maisons de luxe.<\/p>\n\n\n<h2 class=\"wp-block-heading\">Une Gastronomie Vibrante<\/h2>\n\n\n<p class=\"wp-block-paragraph\">La <strong>gastronomie<\/strong> parisienne est tout aussi vari\u00e9e que son style de mode. Des <strong>bistrots traditionnels<\/strong> aux <strong>restaurants \u00e9toil\u00e9s<\/strong>, chaque coin de rue offre une aventure culinaire. Les Parisiens appr\u00e9cient \u00e9galement les <strong>march\u00e9s alimentaires<\/strong>, o\u00f9 la fra\u00eecheur des produits locaux permet de concocter des plats savoureux. Des influences du monde entier se m\u00e9langent dans des brasseries cosmopolites, c\u00e9l\u00e9brant ainsi la <strong>richesse culturelle<\/strong> de la ville.<\/p>\n\n\n<h2 class=\"wp-block-heading\">Des Loisirs Multifacettes<\/h2>\n\n\n<p class=\"wp-block-paragraph\">Les <strong>loisirs<\/strong> parisiens sont tout aussi \u00e9clectiques. Des <strong>galeries d&rsquo;art<\/strong> aux <strong>th\u00e9\u00e2tres<\/strong>, en passant par des <strong>bars culturels<\/strong>, chaque activit\u00e9 refl\u00e8te cette passion pour la <strong>cr\u00e9ativit\u00e9<\/strong> et l&rsquo;<strong>innovation<\/strong>. Les Parisiens aiment fl\u00e2ner dans les <strong>parcs<\/strong>, explorer les quartiers historiques ou se plonger dans l\u2019effervescence des <strong>march\u00e9s aux puces<\/strong>. Cette vari\u00e9t\u00e9 d&rsquo;exp\u00e9riences contribue \u00e0 un mode de vie riche et stimulant.<\/p>\n\n\n<h2 class=\"wp-block-heading\">Un Quotidien Authentique<\/h2>\n\n\n<p class=\"wp-block-paragraph\">Cette <strong>authenticit\u00e9<\/strong> fait du style de vie des Parisiens une source d&rsquo;inspiration permanente. Les rues anim\u00e9es, les caf\u00e9s anim\u00e9s et les boutiques raffin\u00e9es se combinent pour dessiner un tableau vivant d&rsquo;une ville qui ne cesse jamais de captiver par son <strong>\u00e9clectisme<\/strong> et sa <strong>vitalit\u00e9<\/strong>.<\/p>\n\n\n\n<p class=\"wp-block-paragraph\">Paris, souvent qualifi\u00e9e de <strong>capitale de la culture<\/strong>, s\u2019enorgueillit d\u2019un h\u00e9ritage artistique riche et vari\u00e9, qui fa\u00e7onne profond\u00e9ment le <strong>mode de vie<\/strong> de ses habitants. Les rues de la ville r\u00e9sonnent des \u00e9chos de l\u2019histoire et de l\u2019innovation, ayant \u00e9t\u00e9 le foyer de nombreux <strong>artistes c\u00e9l\u00e8bres<\/strong> qui ont laiss\u00e9 une empreinte ind\u00e9l\u00e9bile.<\/p>\n\n\n<p class=\"wp-block-paragraph\">Parmi ces l\u00e9gendes, <strong>Pablo Picasso<\/strong> et <stronghenri matisse> sont souvent \u00e9voqu\u00e9s, ayant donn\u00e9 vie \u00e0 des mouvements artistiques embl\u00e9matiques tels que le <strong>surr\u00e9alisme<\/strong> et le <strong>fauvisme<\/strong>. Leurs \u0153uvres continuent de captiver les amateurs d&rsquo;art dans des lieux embl\u00e9matiques tels que le <strong>Mus\u00e9e d&rsquo;Orsay<\/strong> et le <strong>Centre Pompidou<\/strong>, qui abritent des collections inestimables de l\u2019art moderne et contemporain.<\/stronghenri><\/p>\n\n\n<p class=\"wp-block-paragraph\">Les <strong>galeries<\/strong> parisiennes, qu&rsquo;elles soient situ\u00e9es dans le <strong>Marais<\/strong> ou \u00e0 Montmartre, sont des t\u00e9moins privil\u00e9gi\u00e9s de la cr\u00e9ativit\u00e9 artistique actuelle. Des espaces comme la <strong>Galerie Perrotin<\/strong> et la <strong>Galerie Kamel Mennour<\/strong> pr\u00e9sentent des artistes contemporains talentueux, apportant une nouvelle dimension au paysage culturel de la ville.<\/p>\n\n\n<p class=\"wp-block-paragraph\">Les \u00e9v\u00e9nements culturels, tels que la <strong>Nuit Blanche<\/strong>, transforment la capitale en une toile vivante o\u00f9 l\u2019art envahit les rues et les monuments. Cette manifestation annuel attire des milliers de visiteurs, qui d\u00e9couvrent des installations \u00e9ph\u00e9m\u00e8res et des performances artistiques dans des espaces publics, cr\u00e9ant une v\u00e9ritable communion autour de l\u2019art.<\/p>\n\n\n<p class=\"wp-block-paragraph\">La <strong>feria de l&rsquo;art contemporain<\/strong> et le <strong>Salon de la photographie<\/strong> sont \u00e9galement des moments forts sur le calendrier parisien, c\u00e9l\u00e9brant la <strong>diversit\u00e9 artistique<\/strong> et renfor\u00e7ant l\u2019interconnexion entre l\u2019art et la vie quotidienne des Parisiens. Ces \u00e9v\u00e9nements permettent une rencontre entre les artistes, le public et les collectionneurs, \u00e9largissant ainsi l\u2019acc\u00e8s \u00e0 la culture.<\/p>\n\n\n<p class=\"wp-block-paragraph\">Enfin, la richesse culturelle de Paris est accentu\u00e9e par sa gastronomie, o\u00f9 des chefs cuisiniers se font \u00e9galement artistes, transformant des ingr\u00e9dients en \u0153uvres d&rsquo;art culinaires qui \u00e9merveillent les palais. Les terrasses des caf\u00e9s, souvent orn\u00e9es d\u2019art visuel, deviennent des lieux de rencontre pour les amoureux de l\u2019art, cr\u00e9ant un lien entre la gastronomie et l\u2019esth\u00e9tique.<\/p>\n\n\n<p class=\"wp-block-paragraph\">Paris n\u2019est pas uniquement une ville de lumi\u00e8re, mais aussi un v\u00e9ritable <strong>laboratoire culturel<\/strong>, o\u00f9 chaque coin de rue raconte une histoire et chaque exposition invite \u00e0 une r\u00e9flexion plus profonde sur le mode de vie et les aspirations de ses habitants. Le mariage de l\u2019art et de la culture est indissociable de l\u2019identit\u00e9 parisienne, un reflet vibrant d\u2019une ville en constant mouvement.<\/p>\n\n\n<figure class=\"wp-block-embed is-type-video is-provider-youtube wp-block-embed-youtube wp-embed-aspect-16-9 wp-has-aspect-ratio\">\n<div class=\"wp-block-embed__wrapper\">\n<iframe loading=\"lazy\" title=\"Cheap Places to Shop in Paris #paris #shopping #fleamarket #travelguide\" width=\"1200\" height=\"675\" src=\"https:\/\/www.youtube.com\/embed\/3giTw0KzO38?feature=oembed\" frameborder=\"0\" allow=\"accelerometer; autoplay; clipboard-write; encrypted-media; gyroscope; picture-in-picture; web-share\" referrerpolicy=\"strict-origin-when-cross-origin\" allowfullscreen><\/iframe>\n<\/div>\n<\/figure>\n\n\n\n<p class=\"wp-block-paragraph\">Paris, v\u00e9ritable <strong>capitale de la mode<\/strong> et de la <strong>culture<\/strong>, offre une multitude de facettes qui captivent ses habitants et les visiteurs. Chaque quartier pr\u00e9sente une <strong>atmosph\u00e8re unique<\/strong>, des caf\u00e9s anim\u00e9s aux galeries d&rsquo;art intimistes, dessinant un tableau vivant du <strong>lifestyle parisien<\/strong>. On y d\u00e9couvre une <strong>passion pour l&rsquo;esth\u00e9tique<\/strong> et le <strong>bien-\u00eatre<\/strong>, que ce soit \u00e0 travers la cuisine, la mode ou l&rsquo;architecture. Les Parisiens, avec leur sens du style et leur amour de la vie, incarnent un art de vivre qui m\u00eale <strong>tradition et modernit\u00e9<\/strong>. Ce m\u00e9lange d\u2019<strong>influences<\/strong> cr\u00e9e un quotidien riche en d\u00e9couvertes et en exp\u00e9riences, mettant en lumi\u00e8re l&rsquo;importance des <strong>rencontres sociales<\/strong> et de l\u2019<strong>authenticit\u00e9<\/strong> dans leurs choix de vie.<\/p>\n","protected":false},"excerpt":{"rendered":"","protected":false},"author":34,"featured_media":7390,"comment_status":"open","ping_status":"open","sticky":false,"template":"","format":"standard","meta":{"_acf_changed":false,"manual_indexmenow":false,"indexmenow_id_project":0,"footnotes":""},"categories":[1],"tags":[],"class_list":["post-7352","post","type-post","status-publish","format-standard","has-post-thumbnail","hentry","category-a-la-une","generate-columns","tablet-grid-50","mobile-grid-100","grid-parent","grid-25"],"acf":[],"yoast_head":"<!-- This site is optimized with the Yoast SEO Premium plugin v21.3 (Yoast SEO v25.6) - https:\/\/yoast.com\/wordpress\/plugins\/seo\/ -->\n<title>Paris : un lifestyle \u00e9clectique entre tradition et modernit\u00e9<\/title>\n<meta name=\"description\" content=\"Dans les rues pav\u00e9es de Paris, chaque coin raconte une histoire singuli\u00e8re, reflet d&#039;un style de vie flamboyant et \u00e9clectique. Les Parisiens ne se\" \/>\n<meta name=\"robots\" content=\"index, follow, max-snippet:-1, max-image-preview:large, max-video-preview:-1\" \/>\n<link rel=\"canonical\" href=\"https:\/\/greenwichmeridien.fr\/blog\/a-la-une\/le-lifestyle-eclectique-des-parisiens\/\" \/>\n<meta property=\"og:locale\" content=\"fr_FR\" \/>\n<meta property=\"og:type\" content=\"article\" \/>\n<meta property=\"og:title\" content=\"Paris : un lifestyle \u00e9clectique entre tradition et modernit\u00e9\" \/>\n<meta property=\"og:description\" content=\"Dans les rues pav\u00e9es de Paris, chaque coin raconte une histoire singuli\u00e8re, reflet d&#039;un style de vie flamboyant et \u00e9clectique. Les Parisiens ne se\" \/>\n<meta property=\"og:url\" content=\"https:\/\/greenwichmeridien.fr\/blog\/a-la-une\/le-lifestyle-eclectique-des-parisiens\/\" \/>\n<meta property=\"og:site_name\" content=\"greenwichmeridien\" \/>\n<meta property=\"og:image\" content=\"https:\/\/greenwichmeridien.fr\/blog\/wp-content\/uploads\/2025\/02\/sdxl-4b4003df0f7843ef6d048a2aced990aa.png\" \/>\n\t<meta property=\"og:image:width\" content=\"1536\" \/>\n\t<meta property=\"og:image:height\" content=\"640\" \/>\n\t<meta property=\"og:image:type\" content=\"image\/png\" \/>\n<meta name=\"author\" content=\"Samuel Chalmin\" \/>\n<meta name=\"twitter:card\" content=\"summary_large_image\" \/>\n<script type=\"application\/ld+json\" class=\"yoast-schema-graph\">{\"@context\":\"https:\/\/schema.org\",\"@graph\":[{\"@type\":\"NewsArticle\",\"@id\":\"https:\/\/greenwichmeridien.fr\/blog\/a-la-une\/le-lifestyle-eclectique-des-parisiens\/#article\",\"isPartOf\":{\"@id\":\"https:\/\/greenwichmeridien.fr\/blog\/a-la-une\/le-lifestyle-eclectique-des-parisiens\/\"},\"author\":{\"name\":\"Samuel Chalmin\",\"@id\":\"https:\/\/greenwichmeridien.fr\/blog\/#\/schema\/person\/3c864cdc320801e3db34b663e7e3f816\"},\"headline\":\"Le lifestyle \u00e9clectique des parisiens\",\"datePublished\":\"2024-12-23T07:27:35+00:00\",\"mainEntityOfPage\":{\"@id\":\"https:\/\/greenwichmeridien.fr\/blog\/a-la-une\/le-lifestyle-eclectique-des-parisiens\/\"},\"wordCount\":1519,\"commentCount\":0,\"publisher\":{\"@id\":\"https:\/\/greenwichmeridien.fr\/blog\/#organization\"},\"image\":{\"@id\":\"https:\/\/greenwichmeridien.fr\/blog\/a-la-une\/le-lifestyle-eclectique-des-parisiens\/#primaryimage\"},\"thumbnailUrl\":\"https:\/\/greenwichmeridien.fr\/blog\/wp-content\/uploads\/2025\/02\/sdxl-4b4003df0f7843ef6d048a2aced990aa.png\",\"articleSection\":[\"\u00c0 la une\"],\"inLanguage\":\"fr-FR\",\"potentialAction\":[{\"@type\":\"CommentAction\",\"name\":\"Comment\",\"target\":[\"https:\/\/greenwichmeridien.fr\/blog\/a-la-une\/le-lifestyle-eclectique-des-parisiens\/#respond\"]}]},{\"@type\":\"WebPage\",\"@id\":\"https:\/\/greenwichmeridien.fr\/blog\/a-la-une\/le-lifestyle-eclectique-des-parisiens\/\",\"url\":\"https:\/\/greenwichmeridien.fr\/blog\/a-la-une\/le-lifestyle-eclectique-des-parisiens\/\",\"name\":\"Paris : un lifestyle \u00e9clectique entre tradition et modernit\u00e9\",\"isPartOf\":{\"@id\":\"https:\/\/greenwichmeridien.fr\/blog\/#website\"},\"primaryImageOfPage\":{\"@id\":\"https:\/\/greenwichmeridien.fr\/blog\/a-la-une\/le-lifestyle-eclectique-des-parisiens\/#primaryimage\"},\"image\":{\"@id\":\"https:\/\/greenwichmeridien.fr\/blog\/a-la-une\/le-lifestyle-eclectique-des-parisiens\/#primaryimage\"},\"thumbnailUrl\":\"https:\/\/greenwichmeridien.fr\/blog\/wp-content\/uploads\/2025\/02\/sdxl-4b4003df0f7843ef6d048a2aced990aa.png\",\"datePublished\":\"2024-12-23T07:27:35+00:00\",\"description\":\"Dans les rues pav\u00e9es de Paris, chaque coin raconte une histoire singuli\u00e8re, reflet d'un style de vie flamboyant et \u00e9clectique. Les Parisiens ne se\",\"inLanguage\":\"fr-FR\",\"potentialAction\":[{\"@type\":\"ReadAction\",\"target\":[\"https:\/\/greenwichmeridien.fr\/blog\/a-la-une\/le-lifestyle-eclectique-des-parisiens\/\"]}]},{\"@type\":\"ImageObject\",\"inLanguage\":\"fr-FR\",\"@id\":\"https:\/\/greenwichmeridien.fr\/blog\/a-la-une\/le-lifestyle-eclectique-des-parisiens\/#primaryimage\",\"url\":\"https:\/\/greenwichmeridien.fr\/blog\/wp-content\/uploads\/2025\/02\/sdxl-4b4003df0f7843ef6d048a2aced990aa.png\",\"contentUrl\":\"https:\/\/greenwichmeridien.fr\/blog\/wp-content\/uploads\/2025\/02\/sdxl-4b4003df0f7843ef6d048a2aced990aa.png\",\"width\":1536,\"height\":640},{\"@type\":\"WebSite\",\"@id\":\"https:\/\/greenwichmeridien.fr\/blog\/#website\",\"url\":\"https:\/\/greenwichmeridien.fr\/blog\/\",\"name\":\"Greenwich M\u00e9ridien\",\"description\":\"Greenwich M\u00e9ridien, le rep\u00e8re du temps et du voyage\",\"publisher\":{\"@id\":\"https:\/\/greenwichmeridien.fr\/blog\/#organization\"},\"alternateName\":\"Greenwich M\u00e9ridien, le rep\u00e8re du temps et du voyage\",\"potentialAction\":[{\"@type\":\"SearchAction\",\"target\":{\"@type\":\"EntryPoint\",\"urlTemplate\":\"https:\/\/greenwichmeridien.fr\/blog\/?s={search_term_string}\"},\"query-input\":{\"@type\":\"PropertyValueSpecification\",\"valueRequired\":true,\"valueName\":\"search_term_string\"}}],\"inLanguage\":\"fr-FR\"},{\"@type\":\"Organization\",\"@id\":\"https:\/\/greenwichmeridien.fr\/blog\/#organization\",\"name\":\"Greenwich M\u00e9ridien\",\"alternateName\":\"Greenwich M\u00e9ridien\",\"url\":\"https:\/\/greenwichmeridien.fr\/blog\/\",\"logo\":{\"@type\":\"ImageObject\",\"inLanguage\":\"fr-FR\",\"@id\":\"https:\/\/greenwichmeridien.fr\/blog\/#\/schema\/logo\/image\/\",\"url\":\"https:\/\/greenwichmeridien.fr\/blog\/wp-content\/uploads\/2024\/12\/greenwichmeridien.png\",\"contentUrl\":\"https:\/\/greenwichmeridien.fr\/blog\/wp-content\/uploads\/2024\/12\/greenwichmeridien.png\",\"width\":500,\"height\":500,\"caption\":\"Greenwich M\u00e9ridien\"},\"image\":{\"@id\":\"https:\/\/greenwichmeridien.fr\/blog\/#\/schema\/logo\/image\/\"}},{\"@type\":\"Person\",\"@id\":\"https:\/\/greenwichmeridien.fr\/blog\/#\/schema\/person\/3c864cdc320801e3db34b663e7e3f816\",\"name\":\"Samuel Chalmin\",\"image\":{\"@type\":\"ImageObject\",\"inLanguage\":\"fr-FR\",\"@id\":\"https:\/\/greenwichmeridien.fr\/blog\/#\/schema\/person\/image\/\",\"url\":\"https:\/\/secure.gravatar.com\/avatar\/cef3677de7d237273d13053728f9470818581a8a27d9bf6f5039fd18508a905f?s=96&d=mm&r=g\",\"contentUrl\":\"https:\/\/secure.gravatar.com\/avatar\/cef3677de7d237273d13053728f9470818581a8a27d9bf6f5039fd18508a905f?s=96&d=mm&r=g\",\"caption\":\"Samuel Chalmin\"},\"description\":\"R\u00e9dacteur du site, il suit les questions de temps et de calendrier : m\u00e9ridien de Greenwich, heure GMT et UTC, fuseaux horaires, changement d'heure, ann\u00e9es bissextiles et jours f\u00e9ri\u00e9s.\",\"sameAs\":[\"https:\/\/samuelchalmin.fr\/\"],\"url\":\"https:\/\/greenwichmeridien.fr\/blog\/auteur\/noname\/\"}]}<\/script>\n<!-- \/ Yoast SEO Premium plugin. -->","yoast_head_json":{"title":"Paris : un lifestyle \u00e9clectique entre tradition et modernit\u00e9","description":"Dans les rues pav\u00e9es de Paris, chaque coin raconte une histoire singuli\u00e8re, reflet d'un style de vie flamboyant et \u00e9clectique. Les Parisiens ne se","robots":{"index":"index","follow":"follow","max-snippet":"max-snippet:-1","max-image-preview":"max-image-preview:large","max-video-preview":"max-video-preview:-1"},"canonical":"https:\/\/greenwichmeridien.fr\/blog\/a-la-une\/le-lifestyle-eclectique-des-parisiens\/","og_locale":"fr_FR","og_type":"article","og_title":"Paris : un lifestyle \u00e9clectique entre tradition et modernit\u00e9","og_description":"Dans les rues pav\u00e9es de Paris, chaque coin raconte une histoire singuli\u00e8re, reflet d'un style de vie flamboyant et \u00e9clectique. Les Parisiens ne se","og_url":"https:\/\/greenwichmeridien.fr\/blog\/a-la-une\/le-lifestyle-eclectique-des-parisiens\/","og_site_name":"greenwichmeridien","og_image":[{"width":1536,"height":640,"url":"https:\/\/greenwichmeridien.fr\/blog\/wp-content\/uploads\/2025\/02\/sdxl-4b4003df0f7843ef6d048a2aced990aa.png","type":"image\/png"}],"author":"Samuel Chalmin","twitter_card":"summary_large_image","schema":{"@context":"https:\/\/schema.org","@graph":[{"@type":"NewsArticle","@id":"https:\/\/greenwichmeridien.fr\/blog\/a-la-une\/le-lifestyle-eclectique-des-parisiens\/#article","isPartOf":{"@id":"https:\/\/greenwichmeridien.fr\/blog\/a-la-une\/le-lifestyle-eclectique-des-parisiens\/"},"author":{"name":"Samuel Chalmin","@id":"https:\/\/greenwichmeridien.fr\/blog\/#\/schema\/person\/3c864cdc320801e3db34b663e7e3f816"},"headline":"Le lifestyle \u00e9clectique des parisiens","datePublished":"2024-12-23T07:27:35+00:00","mainEntityOfPage":{"@id":"https:\/\/greenwichmeridien.fr\/blog\/a-la-une\/le-lifestyle-eclectique-des-parisiens\/"},"wordCount":1519,"commentCount":0,"publisher":{"@id":"https:\/\/greenwichmeridien.fr\/blog\/#organization"},"image":{"@id":"https:\/\/greenwichmeridien.fr\/blog\/a-la-une\/le-lifestyle-eclectique-des-parisiens\/#primaryimage"},"thumbnailUrl":"https:\/\/greenwichmeridien.fr\/blog\/wp-content\/uploads\/2025\/02\/sdxl-4b4003df0f7843ef6d048a2aced990aa.png","articleSection":["\u00c0 la une"],"inLanguage":"fr-FR","potentialAction":[{"@type":"CommentAction","name":"Comment","target":["https:\/\/greenwichmeridien.fr\/blog\/a-la-une\/le-lifestyle-eclectique-des-parisiens\/#respond"]}]},{"@type":"WebPage","@id":"https:\/\/greenwichmeridien.fr\/blog\/a-la-une\/le-lifestyle-eclectique-des-parisiens\/","url":"https:\/\/greenwichmeridien.fr\/blog\/a-la-une\/le-lifestyle-eclectique-des-parisiens\/","name":"Paris : un lifestyle \u00e9clectique entre tradition et modernit\u00e9","isPartOf":{"@id":"https:\/\/greenwichmeridien.fr\/blog\/#website"},"primaryImageOfPage":{"@id":"https:\/\/greenwichmeridien.fr\/blog\/a-la-une\/le-lifestyle-eclectique-des-parisiens\/#primaryimage"},"image":{"@id":"https:\/\/greenwichmeridien.fr\/blog\/a-la-une\/le-lifestyle-eclectique-des-parisiens\/#primaryimage"},"thumbnailUrl":"https:\/\/greenwichmeridien.fr\/blog\/wp-content\/uploads\/2025\/02\/sdxl-4b4003df0f7843ef6d048a2aced990aa.png","datePublished":"2024-12-23T07:27:35+00:00","description":"Dans les rues pav\u00e9es de Paris, chaque coin raconte une histoire singuli\u00e8re, reflet d'un style de vie flamboyant et \u00e9clectique. Les Parisiens ne se","inLanguage":"fr-FR","potentialAction":[{"@type":"ReadAction","target":["https:\/\/greenwichmeridien.fr\/blog\/a-la-une\/le-lifestyle-eclectique-des-parisiens\/"]}]},{"@type":"ImageObject","inLanguage":"fr-FR","@id":"https:\/\/greenwichmeridien.fr\/blog\/a-la-une\/le-lifestyle-eclectique-des-parisiens\/#primaryimage","url":"https:\/\/greenwichmeridien.fr\/blog\/wp-content\/uploads\/2025\/02\/sdxl-4b4003df0f7843ef6d048a2aced990aa.png","contentUrl":"https:\/\/greenwichmeridien.fr\/blog\/wp-content\/uploads\/2025\/02\/sdxl-4b4003df0f7843ef6d048a2aced990aa.png","width":1536,"height":640},{"@type":"WebSite","@id":"https:\/\/greenwichmeridien.fr\/blog\/#website","url":"https:\/\/greenwichmeridien.fr\/blog\/","name":"Greenwich M\u00e9ridien","description":"Greenwich M\u00e9ridien, le rep\u00e8re du temps et du voyage","publisher":{"@id":"https:\/\/greenwichmeridien.fr\/blog\/#organization"},"alternateName":"Greenwich M\u00e9ridien, le rep\u00e8re du temps et du voyage","potentialAction":[{"@type":"SearchAction","target":{"@type":"EntryPoint","urlTemplate":"https:\/\/greenwichmeridien.fr\/blog\/?s={search_term_string}"},"query-input":{"@type":"PropertyValueSpecification","valueRequired":true,"valueName":"search_term_string"}}],"inLanguage":"fr-FR"},{"@type":"Organization","@id":"https:\/\/greenwichmeridien.fr\/blog\/#organization","name":"Greenwich M\u00e9ridien","alternateName":"Greenwich M\u00e9ridien","url":"https:\/\/greenwichmeridien.fr\/blog\/","logo":{"@type":"ImageObject","inLanguage":"fr-FR","@id":"https:\/\/greenwichmeridien.fr\/blog\/#\/schema\/logo\/image\/","url":"https:\/\/greenwichmeridien.fr\/blog\/wp-content\/uploads\/2024\/12\/greenwichmeridien.png","contentUrl":"https:\/\/greenwichmeridien.fr\/blog\/wp-content\/uploads\/2024\/12\/greenwichmeridien.png","width":500,"height":500,"caption":"Greenwich M\u00e9ridien"},"image":{"@id":"https:\/\/greenwichmeridien.fr\/blog\/#\/schema\/logo\/image\/"}},{"@type":"Person","@id":"https:\/\/greenwichmeridien.fr\/blog\/#\/schema\/person\/3c864cdc320801e3db34b663e7e3f816","name":"Samuel Chalmin","image":{"@type":"ImageObject","inLanguage":"fr-FR","@id":"https:\/\/greenwichmeridien.fr\/blog\/#\/schema\/person\/image\/","url":"https:\/\/secure.gravatar.com\/avatar\/cef3677de7d237273d13053728f9470818581a8a27d9bf6f5039fd18508a905f?s=96&d=mm&r=g","contentUrl":"https:\/\/secure.gravatar.com\/avatar\/cef3677de7d237273d13053728f9470818581a8a27d9bf6f5039fd18508a905f?s=96&d=mm&r=g","caption":"Samuel Chalmin"},"description":"R\u00e9dacteur du site, il suit les questions de temps et de calendrier : m\u00e9ridien de Greenwich, heure GMT et UTC, fuseaux horaires, changement d'heure, ann\u00e9es bissextiles et jours f\u00e9ri\u00e9s.","sameAs":["https:\/\/samuelchalmin.fr\/"],"url":"https:\/\/greenwichmeridien.fr\/blog\/auteur\/noname\/"}]}},"_links":{"self":[{"href":"https:\/\/greenwichmeridien.fr\/blog\/wp-json\/wp\/v2\/posts\/7352","targetHints":{"allow":["GET"]}}],"collection":[{"href":"https:\/\/greenwichmeridien.fr\/blog\/wp-json\/wp\/v2\/posts"}],"about":[{"href":"https:\/\/greenwichmeridien.fr\/blog\/wp-json\/wp\/v2\/types\/post"}],"author":[{"embeddable":true,"href":"https:\/\/greenwichmeridien.fr\/blog\/wp-json\/wp\/v2\/users\/34"}],"replies":[{"embeddable":true,"href":"https:\/\/greenwichmeridien.fr\/blog\/wp-json\/wp\/v2\/comments?post=7352"}],"version-history":[{"count":0,"href":"https:\/\/greenwichmeridien.fr\/blog\/wp-json\/wp\/v2\/posts\/7352\/revisions"}],"wp:featuredmedia":[{"embeddable":true,"href":"https:\/\/greenwichmeridien.fr\/blog\/wp-json\/wp\/v2\/media\/7390"}],"wp:attachment":[{"href":"https:\/\/greenwichmeridien.fr\/blog\/wp-json\/wp\/v2\/media?parent=7352"}],"wp:term":[{"taxonomy":"category","embeddable":true,"href":"https:\/\/greenwichmeridien.fr\/blog\/wp-json\/wp\/v2\/categories?post=7352"},{"taxonomy":"post_tag","embeddable":true,"href":"https:\/\/greenwichmeridien.fr\/blog\/wp-json\/wp\/v2\/tags?post=7352"}],"curies":[{"name":"wp","href":"https:\/\/api.w.org\/{rel}","templated":true}]}}