{"id":7353,"date":"2024-12-24T07:39:30","date_gmt":"2024-12-24T06:39:30","guid":{"rendered":"https:\/\/greenwichmeridien.fr\/blog\/a-la-une\/les-grandes-periodes-de-lhistoire-de-france\/"},"modified":"2024-12-24T07:39:30","modified_gmt":"2024-12-24T06:39:30","slug":"les-grandes-periodes-de-lhistoire-de-france","status":"publish","type":"post","link":"https:\/\/greenwichmeridien.fr\/blog\/a-la-une\/les-grandes-periodes-de-lhistoire-de-france\/","title":{"rendered":"Les grandes p\u00e9riodes de l&rsquo;histoire de France"},"content":{"rendered":"\n\n<p class=\"wp-block-paragraph\">L&rsquo;histoire de France est un <strong>tissu complexe<\/strong> d&rsquo;\u00e9v\u00e9nements, de personnages et de transformations qui ont fa\u00e7onn\u00e9 non seulement l&rsquo;Hexagone, mais \u00e9galement l&rsquo;<strong>Europe<\/strong> et le <strong>monde<\/strong> entier. De la <strong>Pr\u00e9histoire<\/strong> aux r\u00e9volutions culturelles et politiques, chaque p\u00e9riode pr\u00e9sente un <strong>chapitre fascinant<\/strong> de notre histoire collective. En explorant les grandes \u00e9poques, telles que le <strong>Moyen \u00c2ge<\/strong>, la <strong>Renaissance<\/strong>, et les <strong>r\u00e9volutions<\/strong> qui ont jalonn\u00e9 notre parcours, nous d\u00e9couvrons les conflits, les avanc\u00e9es et les h\u00e9ritages qui continuent d&rsquo;influencer notre soci\u00e9t\u00e9 actuelle. Cet article propose un voyage \u00e0 travers le temps, mettant en lumi\u00e8re les points cl\u00e9s qui d\u00e9finissent l&rsquo;\u00e2me de la France.<\/p>\n\n\n\n<h2 class=\"wp-block-heading\">P\u00e9riode pr\u00e9historique<\/h2>\n\n\n<p class=\"wp-block-paragraph\">La <strong>pr\u00e9histoire<\/strong> en France s&rsquo;\u00e9tend d&rsquo;environ 1,8 million d&rsquo;ann\u00e9es avant notre \u00e8re jusqu&rsquo;\u00e0 environ 3000 av. J.-C. Cette p\u00e9riode est marqu\u00e9e par l&rsquo;\u00e9mergence de l&rsquo;homme et ses \u00e9volutions au fil des mill\u00e9naires.<\/p>\n\n\n<h3 class=\"wp-block-heading\">Les premiers habitants<\/h3>\n\n\n<p class=\"wp-block-paragraph\">Les premiers \u00eatres humains, les <strong>Homo habilis<\/strong>, ont \u00e9t\u00e9 suivis par <strong>Homo erectus<\/strong> et enfin par <strong>Homo sapiens<\/strong>, qui a progressivement peupl\u00e9 le territoire. Des sites comme <strong>La caune de l&rsquo;Arago<\/strong> \u00e0 Tautavel t\u00e9moignent de la pr\u00e9sence d&rsquo;hominid\u00e9s lors de cette \u00e9poque.<\/p>\n\n\n<h3 class=\"wp-block-heading\">Le Pal\u00e9olithique<\/h3>\n\n\n<p class=\"wp-block-paragraph\">Le <strong>Pal\u00e9olithique<\/strong>, la premi\u00e8re p\u00e9riode de la pr\u00e9histoire, se divise en deux phases : le Pal\u00e9olithique inf\u00e9rieur et le Pal\u00e9olithique sup\u00e9rieur. On y trouve les c\u00e9l\u00e8bres <strong>peintures rupestres<\/strong> des grottes de Lascaux, qui illustrent la vie quotidienne et les croyances des chasseurs-cueilleurs. Ces \u0153uvres d&rsquo;art, cr\u00e9\u00e9es vers 17 000 av. J.-C., sont un exemple frappant de l&rsquo;expression artistique de nos anc\u00eatres.<\/p>\n\n\n<h3 class=\"wp-block-heading\">Le M\u00e9solithique<\/h3>\n\n\n<p class=\"wp-block-paragraph\">Au cours du <strong>M\u00e9solithique<\/strong>, qui s&rsquo;\u00e9tend de 10 000 \u00e0 5000 av. J.-C., les conditions climatiques changent, et les soci\u00e9t\u00e9s humaines s&rsquo;adaptent \u00e0 ces nouvelles r\u00e9alit\u00e9s. Ce mouvement vers une exploitation plus diversifi\u00e9e des ressources naturelles se manifeste par la construction de <strong>maisons semi-souterraines<\/strong> et l&rsquo;utilisation d&rsquo;outils en pierre plus sophistiqu\u00e9s.<\/p>\n\n\n<h3 class=\"wp-block-heading\">Le N\u00e9olithique<\/h3>\n\n\n<p class=\"wp-block-paragraph\">La p\u00e9riode n\u00e9olithique, qui commence vers 5000 av. J.-C., est caract\u00e9ris\u00e9e par la <strong>s\u00e9dentarisation<\/strong> et l\u2019agriculture. Les communaut\u00e9s commencent \u00e0 cultiver des c\u00e9r\u00e9ales et \u00e0 \u00e9lever des animaux. L&rsquo;apparition des <strong>soci\u00e9t\u00e9s agricoles<\/strong> marque un tournant majeur dans l&rsquo;histoire de la France. Des sites comme <strong>Chassey-le-Vieux<\/strong> montrent les premi\u00e8res installations villageoises.<\/p>\n\n\n<h3 class=\"wp-block-heading\">Les m\u00e9galithes<\/h3>\n\n\n<p class=\"wp-block-paragraph\">Pendant la pr\u00e9histoire, la France voit \u00e9galement l&rsquo;\u00e9mergence des <strong>m\u00e9galithes<\/strong>, avec des monuments tels que les c\u00e9l\u00e8bres alignements de Carnac. Ces structures en pierre, \u00e9rig\u00e9es entre 4500 et 2000 av. J.-C., sont souvent associ\u00e9es \u00e0 des pratiques fun\u00e9raires et des rituels.<\/p>\n\n\n<h3 class=\"wp-block-heading\">Transition vers l&rsquo;histoire<\/h3>\n\n\n<p class=\"wp-block-paragraph\">La pr\u00e9histoire en France se termine avec l&rsquo;\u00e9mergence des premi\u00e8res civilisations et l&rsquo;invention de l&rsquo;\u00e9criture, ouvrant ainsi la voie \u00e0 l\u2019histoire \u00e9crite. Cette transition est marqu\u00e9e par l&rsquo;arriv\u00e9e des <strong>Celtes<\/strong> et d&rsquo;autres peuples, pr\u00e9parant le terrain pour les grandes civilisations qui suivront.<\/p>\n\n\n\n<p class=\"wp-block-paragraph\">L&rsquo; <strong>\u00e9poque romaine<\/strong> a marqu\u00e9 une p\u00e9riode cruciale de l&rsquo;histoire de France, d\u00e9butant avec la <strong>conqu\u00eate romaine<\/strong> au premier si\u00e8cle avant J.-C. avec <strong>Jules C\u00e9sar<\/strong>. Cette conqu\u00eate, qui s&rsquo;est \u00e9tendue jusqu&rsquo;\u00e0 la victoire de la bataille d&rsquo;Al\u00e9sia en 52 av. J.-C., a eu des ravissements non seulement militaires mais aussi culturels, sociaux et \u00e9conomiques.<\/p>\n\n\n<h2 class=\"wp-block-heading\">Conqu\u00eate Romaine<\/h2>\n\n\n<p class=\"wp-block-paragraph\">La conqu\u00eate a \u00e9t\u00e9 motiv\u00e9e par plusieurs facteurs, notamment le d\u00e9sir d&rsquo;\u00e9tendre l&rsquo;<strong>empire romain<\/strong> et de s\u00e9curiser les fronti\u00e8res. La r\u00e9sistance des tribus gauloises, sous la direction de chefs embl\u00e9matiques comme <strong>Vercing\u00e9torix<\/strong>, a \u00e9t\u00e9 vive, mais finalement vaincue. La victoire de C\u00e9sar a permis aux Romains d&rsquo;implanter leurs institutions, leur langue et leur culture dans la r\u00e9gion.<\/p>\n\n\n<h2 class=\"wp-block-heading\">Impact sur la Culture Fran\u00e7aise<\/h2>\n\n\n<p class=\"wp-block-paragraph\">La p\u00e9riode romaine a entra\u00een\u00e9 une <strong>romanisation<\/strong> progressive de la soci\u00e9t\u00e9 gauloise. Les villes comme <strong>Paris<\/strong> (Lut\u00e8ce), <strong>Lyon<\/strong> (Lugdunum) et <strong>Marseille<\/strong> (Massilia) se sont d\u00e9velopp\u00e9es en tant que centres culturels et commerciaux. La construction de routes, d\u2019amphith\u00e9\u00e2tres, de temples et d\u2019aqueducs a not\u00e9 un <strong>progr\u00e8s architectural<\/strong> sans pr\u00e9c\u00e9dent, int\u00e9grant le style roman dans le paysage de la France. Ces constructions ont non seulement am\u00e9lior\u00e9 les \u00e9changes commerciaux mais aussi la vie quotidienne des habitants.<\/p>\n\n\n<h2 class=\"wp-block-heading\">La Langue et la Religion<\/h2>\n\n\n<p class=\"wp-block-paragraph\">La langue latine a commenc\u00e9 \u00e0 s&rsquo;imposer, influen\u00e7ant les <strong>langues r\u00e9gionales<\/strong> et posant les bases de ce qui deviendra le fran\u00e7ais. De plus, la propagation du <strong>christianisme<\/strong> sous l&rsquo;Empire romain a pr\u00e9par\u00e9 le terrain pour de futurs changements religieux en France, laquelle allait devenir l&rsquo;un des pays leaders de la chr\u00e9tient\u00e9.<\/p>\n\n\n<h2 class=\"wp-block-heading\">Conclusion de l&rsquo;\u00c9poque Romaine<\/h2>\n\n\n<p class=\"wp-block-paragraph\">La chute de l&rsquo;Empire romain d&rsquo;Occident au V\u00e8me si\u00e8cle n&rsquo;a pas effac\u00e9 l&rsquo;h\u00e9ritage romain, car les institutions, les infrastructures et la culture romaines ont continu\u00e9 \u00e0 influencer la France \u00e0 travers les si\u00e8cles. L&rsquo;\u00e9poque romaine demeure un jalon essentiel pour comprendre les racines de la <strong>culture fran\u00e7aise<\/strong> moderne.<\/p>\n\n\n\n<h2 class=\"wp-block-heading\">La f\u00e9odalit\u00e9<\/h2>\n\n\n<p class=\"wp-block-paragraph\">Le <strong>Moyen \u00c2ge<\/strong>, p\u00e9riode s&rsquo;\u00e9tendant du <strong>Ve au <strong>XVe si\u00e8cle<\/strong>,<\/strong> est marqu\u00e9 par un syst\u00e8me politique et social dominant : la <strong>f\u00e9odalit\u00e9<\/strong>. Ce dernier repose sur des relations de d\u00e9pendance entre les seigneurs et les vassaux. Un seigneur, d\u00e9tenteur de terres, accorde ces terres \u00e0 ses vassaux en \u00e9change de leur loyaut\u00e9 et de leur service militaire. Ce lien se formalise par un <strong>hommage<\/strong> qui scelle l&rsquo;alliance entre les deux parties.<\/p>\n\n\n<p class=\"wp-block-paragraph\">Ainsi, la soci\u00e9t\u00e9 f\u00e9odale est hi\u00e9rarchis\u00e9e : \u00e0 la t\u00eate se trouve le roi, puis les grands seigneurs, suivis des vassaux, et enfin les <strong>paysans<\/strong>, qui travaillent la terre. Cette structure conf\u00e8re un pouvoir local important aux seigneurs, ce qui engendre des conflits fr\u00e9quents entre diff\u00e9rents fiefs.<\/p>\n\n\n<h2 class=\"wp-block-heading\">L&rsquo;art au Moyen \u00c2ge<\/h2>\n\n\n<p class=\"wp-block-paragraph\">L&rsquo;art m\u00e9di\u00e9val est profond\u00e9ment influenc\u00e9 par les \u00e9v\u00e9nements historiques et religieux. Au d\u00e9but, l&rsquo;architecture est domin\u00e9e par le style <strong>romain<\/strong>, caract\u00e9ris\u00e9 par des \u00e9glises et des monast\u00e8res aux formes robustes et simples. Avec le temps, l&rsquo;<strong>art gothique<\/strong> \u00e9merge, se traduisant par des cath\u00e9drales majestueuses, comme Notre-Dame de Paris, avec leurs arcs-boutants et leurs vitraux color\u00e9s, qui symbolisent la foi et l&rsquo;aspiration vers le ciel.<\/p>\n\n\n<p class=\"wp-block-paragraph\">Outre l&rsquo;architecture, la peinture et la sculpture se d\u00e9veloppent \u00e9galement, souvent en lien avec des th\u00e8mes religieux. Les <strong>manuscrits enlumin\u00e9s<\/strong> refl\u00e8tent les croyances de l&rsquo;\u00e9poque, int\u00e9grant des illustrations vibrantes et d\u00e9taill\u00e9es qui enrichissent la compr\u00e9hension des textes sacr\u00e9s.<\/p>\n\n\n<h2 class=\"wp-block-heading\">La soci\u00e9t\u00e9 m\u00e9di\u00e9vale<\/h2>\n\n\n<p class=\"wp-block-paragraph\">La soci\u00e9t\u00e9 du <strong>Moyen \u00c2ge<\/strong> est marqu\u00e9e par une <strong>stratification sociale<\/strong>. Les classes sont bien d\u00e9finies : la noblesse, le clerg\u00e9 et les paysans. Le clerg\u00e9 joue un r\u00f4le crucial dans la vie quotidienne, r\u00e9glementant les pratiques religieuses et \u00e9ducatives. Les nobles d\u00e9tiennent le pouvoir politique et militaire, tandis que les paysans, souvent serfs, travaillent la terre mais jouissent de tr\u00e8s peu de droits.<\/p>\n\n\n<p class=\"wp-block-paragraph\">La <strong>vie quotidienne<\/strong> des paysans est difficile, marqu\u00e9e par le travail des champs et des r\u00e9coltes. Les festivit\u00e9s, bien que rares, apportent un peu de joie et de r\u00e9pit dans ce quotidien aust\u00e8re. Les croyances et superstitions influencent \u00e9galement leur existence, tant sur le plan agricole que sur le plan social.<\/p>\n\n\n<p class=\"wp-block-paragraph\">Les avanc\u00e9es \u00e9conomiques ne doivent pas \u00eatre occult\u00e9es, car elles favorisent l&rsquo;\u00e9mergence des <strong>villes<\/strong> et des <strong>march\u00e9s<\/strong>, au fur et \u00e0 mesure que la population cro\u00eet et que les \u00e9changes commerciaux se d\u00e9veloppent. Cela donne naissance \u00e0 une bourgeoisie qui, bien que moins noble, commence \u00e0 acqu\u00e9rir une influence notable.<\/p>\n\n\n\n<p class=\"wp-block-paragraph\">        La <strong>Renaissance<\/strong>, p\u00e9riode s&rsquo;\u00e9tendant du d\u00e9but du <strong>XVIe si\u00e8cle<\/strong> jusqu&rsquo;au <strong>XVIe si\u00e8cle<\/strong>, est marqu\u00e9e par un renouveau des arts, des sciences et des lettres. En France, ce mouvement s&rsquo;inscrit dans un contexte de transformations politiques et sociales profondes. La <strong>Renaissance fran\u00e7aise<\/strong> est souvent per\u00e7ue comme une p\u00e9riode d&rsquo;\u00e9panouissement culturel, inspir\u00e9e par l&rsquo;Antiquit\u00e9 et les courants artistiques d&rsquo;Italie.<\/p>\n\n\n<h2 class=\"wp-block-heading\">Caract\u00e9ristiques de la Renaissance fran\u00e7aise<\/h2>\n\n\n<p class=\"wp-block-paragraph\">        Parmi les caract\u00e9ristiques les plus marquantes de cette p\u00e9riode, on note un retour \u00e0 l&rsquo;<strong>antiquit\u00e9<\/strong>, tant dans les arts que dans la pens\u00e9e. Les artistes et intellectuels recherchent l&rsquo;<strong>harmonie<\/strong>, la <strong>proportionalit\u00e9<\/strong> et l&rsquo;<strong>\u00e9quilibre<\/strong> dans leurs \u0153uvres, inspir\u00e9s par les mod\u00e8les classiques grecs et romains. Le <strong>humanisme<\/strong>, qui valorise l&rsquo;homme et ses capacit\u00e9s, joue \u00e9galement un r\u00f4le central. Les penseurs de cette \u00e9poque, comme <strong>Erasme<\/strong> et <strong>Rabelais<\/strong>, mettent l&rsquo;accent sur l&rsquo;\u00e9ducation et le savoir.<\/p>\n\n\n<h2 class=\"wp-block-heading\">Les avanc\u00e9es artistiques<\/h2>\n\n\n<p class=\"wp-block-paragraph\">        Sur le plan artistique, la <strong>peinture<\/strong> fran\u00e7aise conna\u00eet un v\u00e9ritable bouleversement. Des artistes tels que <strong>Leonard de Vinci<\/strong>, qui passera plusieurs ann\u00e9es en France, influencent profond\u00e9ment les techniques utilis\u00e9es. Les \u0153uvres deviennent plus r\u00e9alistes gr\u00e2ce \u00e0 des innovations comme le <strong>sfoumato<\/strong> et l\u2019utilisation de la <strong>perspective<\/strong>. Les portraits, comme ceux de <strong>Fran\u00e7ois Ier<\/strong> r\u00e9alis\u00e9s par Jean Clouet, t\u00e9moignent d&rsquo;un int\u00e9r\u00eat croissant pour l&rsquo;individualit\u00e9 et la psych\u00e9 humaine.<\/p>\n\n\n<h2 class=\"wp-block-heading\">Architecture et litt\u00e9rature<\/h2>\n\n\n<p class=\"wp-block-paragraph\">        En architecture, la <strong>Renaissance<\/strong> laisse sa marque avec des ch\u00e2teaux embl\u00e9matiques tels que <strong>Ch\u00e2teau de Chambord<\/strong> et <strong>Ch\u00e2teau de Chenonceau<\/strong>, mettant en avant des \u00e9l\u00e9ments italiens comme les <strong>galeries<\/strong> et les <strong>jardins \u00e0 la fran\u00e7aise<\/strong>. Dans le domaine litt\u00e9raire, ce si\u00e8cle voit l&rsquo;\u00e9mergence d&rsquo;\u00e9crivains tels que <strong>Marie de France<\/strong> et <strong>Ronsard<\/strong>, qui exp\u00e9rimentent avec la langue et mettent en avant des th\u00e8mes humanistes dans leur \u0153uvre.<\/p>\n\n\n<h2 class=\"wp-block-heading\">Une transformation culturelle<\/h2>\n\n\n<p class=\"wp-block-paragraph\">        La <strong>Renaissance<\/strong> en France marque \u00e9galement une transformation dans le savoir et l&rsquo;<strong>\u00e9ducation<\/strong>. Les universit\u00e9s sont r\u00e9form\u00e9es et offrent un enseignement plus ouvert, favorisant la pens\u00e9e critique. Cette p\u00e9riode voit \u00e9galement l&rsquo;essor de la <strong>imprimerie<\/strong>, permettant une diffusion plus large des id\u00e9es et des \u0153uvres. Les textes bibliques et la litt\u00e9rature se d\u00e9mocratisent, touchant un public de plus en plus vaste.<\/p>\n\n\n<h2 class=\"wp-block-heading\">Conclusion sur la Renaissance<\/h2>\n\n\n<p class=\"wp-block-paragraph\">        La <strong>Renaissance<\/strong> en France ne se limite pas \u00e0 un simple revival artistique, mais s&rsquo;\u00e9tend \u00e0 des domaines fondamentaux pour la soci\u00e9t\u00e9 de l&rsquo;\u00e9poque, marquant un tournant d\u00e9cisif dans l&rsquo;\u00e9volution de la <strong>culture<\/strong> et de <strong>la pens\u00e9e<\/strong>. Ce mouvement a v\u00e9ritablement red\u00e9fini l&rsquo;identit\u00e9 fran\u00e7aise, ancrant des valeurs qui perdurent encore aujourd&rsquo;hui.<\/p>\n\n\n\n<h2 class=\"wp-block-heading\">Causes de la R\u00e9volution Fran\u00e7aise<\/h2>\n\n\n<p class=\"wp-block-paragraph\">La <strong>R\u00e9volution Fran\u00e7aise<\/strong> de 1789 trouve ses racines dans un ensemble de facteurs politiques, \u00e9conomiques, sociaux et id\u00e9ologiques. Parmi les causes essentielles, on peut citer :<\/p>\n\n\n<ul class=\"wp-block-list\">\n\n<li><strong>In\u00e9galit\u00e9s sociales<\/strong> : La France \u00e9tait divis\u00e9e en <strong>trois \u00e9tats<\/strong>, avec le <strong>tiers \u00e9tat<\/strong> constitu\u00e9 de la majorit\u00e9 de la population, subissant des charges fiscales lourdes tout en disposant de peu de droits.<\/li>\n\n\n<li><strong>Crise \u00e9conomique<\/strong> : La France faisait face \u00e0 une grave d\u00e9tresse \u00e9conomique, aggrav\u00e9e par la <strong>guerre d&rsquo;ind\u00e9pendance am\u00e9ricaine<\/strong> et une s\u00e9rie de mauvaises r\u00e9coltes. Cela a engendr\u00e9 une mont\u00e9e des prix et une crise de subsistance.<\/li>\n\n\n<li><strong>Id\u00e9aux des Lumi\u00e8res<\/strong> : Les philosophes des Lumi\u00e8res tels que <strong>Voltaire<\/strong> et <strong>Rousseau<\/strong> ont \u00e9nonc\u00e9 des principes de <strong>libert\u00e9<\/strong>, d\u2019\u00e9galit\u00e9 et de <strong>fraternit\u00e9<\/strong>, inspirant les aspirations \u00e0 un changement politique.<\/li>\n\n<\/ul>\n\n\n<h2 class=\"wp-block-heading\">\u00c9v\u00e9nements cl\u00e9s de la R\u00e9volution<\/h2>\n\n\n<p class=\"wp-block-paragraph\">Plusieurs \u00e9v\u00e9nements ont jalonn\u00e9 la R\u00e9volution, chacun jouant un r\u00f4le crucial dans l&rsquo;\u00e9dification d&rsquo;une nouvelle France :<\/p>\n\n\n<ul class=\"wp-block-list\">\n\n<li><strong>Proclamation de l&rsquo;Assembl\u00e9e nationale<\/strong> (17 juin 1789) : Les repr\u00e9sentants du tiers \u00e9tat se d\u00e9clarent Assembl\u00e9e nationale, signifiant leur intention de repr\u00e9senter la nation.<\/li>\n\n\n<li><strong>Prise de la Bastille<\/strong> (14 juillet 1789) : Symbolisant la lutte contre l&rsquo;oppression, cet \u00e9v\u00e9nement marque le d\u00e9but de la R\u00e9volution par l\u2019attaque d\u2019une prison royale.<\/li>\n\n\n<li><strong>D\u00e9claration des droits de l&rsquo;homme et du citoyen<\/strong> (26 ao\u00fbt 1789) : Ce texte fondamental proclame les droits universels et \u00e9tablit les bases d&rsquo;une soci\u00e9t\u00e9 nouvelle.<\/li>\n\n\n<li><strong>La chute de la monarchie<\/strong> (21 juin 1791) : La tentative de fuite du roi Louis XVI ent\u00e9rine la m\u00e9fiance croissante envers la monarchie et conduit \u00e0 la d\u00e9claration de la R\u00e9publique en 1792.<\/li>\n\n\n<li><strong>La Terreur<\/strong> (1793-1794) : P\u00e9riode de violence intense, marqu\u00e9e par les ex\u00e9cutions de pr\u00e9sum\u00e9s ennemis de la R\u00e9volution, y compris Louis XVI et Marie-Antoinette.<\/li>\n\n<\/ul>\n\n\n<h2 class=\"wp-block-heading\">Cons\u00e9quences de la R\u00e9volution Fran\u00e7aise<\/h2>\n\n\n<p class=\"wp-block-paragraph\">Les cons\u00e9quences de la R\u00e9volution Fran\u00e7aise sont vastes et profondes, tant sur le plan national qu&rsquo;international :<\/p>\n\n\n<ul class=\"wp-block-list\">\n\n<li><strong>Abolition de la monarchie<\/strong> : La R\u00e9volution a mis fin \u00e0 la monarchie absolue et a \u00e9tabli la R\u00e9publique, influen\u00e7ant d&rsquo;autres mouvements \u00e0 travers le monde.<\/li>\n\n\n<li><strong>Transformation sociale<\/strong> : Le syst\u00e8me f\u00e9odal a \u00e9t\u00e9 aboli, offrant aux citoyens plus de droits et d\u2019opportunit\u00e9s, m\u00eame si des in\u00e9galit\u00e9s persistent.<\/li>\n\n\n<li><strong>Propagation des id\u00e9es r\u00e9volutionnaires<\/strong> : Les id\u00e9aux r\u00e9publicains et d\u00e9mocratiques se sont r\u00e9pandus \u00e0 l&rsquo;\u00e9chelle mondiale, inspirant d&rsquo;autres r\u00e9volutions dans des pays tels que l&rsquo;Am\u00e9rique latine et l&rsquo;Europe.<\/li>\n\n\n<li><strong>Mont\u00e9e du nationalisme<\/strong> : L&rsquo;id\u00e9e d&rsquo;une nation bas\u00e9e sur la souverainet\u00e9 populaire a \u00e9merg\u00e9, formant une base pour les futurs mouvements nationalistes.<\/li>\n\n\n<li><strong>R\u00e9formes politiques<\/strong> : La R\u00e9volution a ouvert la voie \u00e0 des r\u00e9formes politiques continues et \u00e0 l&rsquo;\u00e9volution des r\u00e9gimes politiques en France, culminant avec l&rsquo;\u00e9tablissement de la <strong>premi\u00e8re R\u00e9publique<\/strong> et des mouvements ult\u00e9rieurs vers la d\u00e9mocratie.<\/li>\n\n<\/ul>\n\n\n\n<h2 class=\"wp-block-heading\">Le XIXe Si\u00e8cle : Une P\u00e9riode de Transformations<\/h2>\n\n\n<p class=\"wp-block-paragraph\">Au cours du <strong>XIXe si\u00e8cle<\/strong>, la France a connu de profondes transformations politiques et sociales. La R\u00e9volution de <strong>1830<\/strong> a mis fin \u00e0 la restauration bourbonienne, introduisant une nouvelle monarchie, le <strong>monarchisme de juillet<\/strong>. Cette p\u00e9riode a \u00e9t\u00e9 marqu\u00e9e par l&rsquo;essor des id\u00e9aux lib\u00e9raux et nationalistes, ainsi que par la lutte des classes qui a commenc\u00e9 \u00e0 se structurer autour des mouvements ouvriers.<\/p>\n\n\n<p class=\"wp-block-paragraph\">Un des \u00e9v\u00e9nements majeurs fut la <strong>R\u00e9volution de 1848<\/strong>, qui a conduit \u00e0 l&rsquo;instauration de la <strong>Deuxi\u00e8me R\u00e9publique<\/strong> et \u00e0 l&rsquo;\u00e9lection de <strong>Louis-Napol\u00e9on Bonaparte<\/strong> comme Pr\u00e9sident. Sa mont\u00e9e en puissance a finalement abouti \u00e0 la proclamation du <strong>Second Empire<\/strong> en <strong>1852<\/strong>, un r\u00e9gime autoritaire qui a \u00e9galement favoris\u00e9 un certain d\u00e9veloppement \u00e9conomique et industriel.<\/p>\n\n\n<h2 class=\"wp-block-heading\">Les Guerres Mondiales : Cataclysmes et \u00c9volutions Sociales<\/h2>\n\n\n<p class=\"wp-block-paragraph\">Le <strong>XXe si\u00e8cle<\/strong> commence avec l&rsquo;\u00e9clatement de la <strong>Premi\u00e8re Guerre mondiale<\/strong> 1914-1918, un conflit qui a profond\u00e9ment marqu\u00e9 la France. Les pertes humaines furent consid\u00e9rables, avec environ 1,4 million de soldats fran\u00e7ais tu\u00e9s. Ce conflit a engendr\u00e9 des bouleversements sociaux : de nombreuses femmes ont rejoint le march\u00e9 du travail, prenant des r\u00f4les traditionnellement masculins en l&rsquo;absence des hommes mobilis\u00e9s.<\/p>\n\n\n<p class=\"wp-block-paragraph\">La <strong>guerre de 1939-1945<\/strong>, \u00e9galement connue sous le nom de <strong>Seconde Guerre mondiale<\/strong>, a \u00e9t\u00e9 une autre p\u00e9riode tragique. L&rsquo;occupation allemande a conduit \u00e0 des souffrances immenses et \u00e0 un contexte de r\u00e9sistance. Le r\u00e9gime de Vichy, avec ses politiques r\u00e9pressives et collaborationnistes, a \u00e9galement eu un impact durable sur la soci\u00e9t\u00e9 fran\u00e7aise.<\/p>\n\n\n<h2 class=\"wp-block-heading\">Les Cons\u00e9quences Sociales des Conflits<\/h2>\n\n\n<p class=\"wp-block-paragraph\">Les deux guerres mondiales ont entra\u00een\u00e9 des transformations structurelles au sein de la soci\u00e9t\u00e9 fran\u00e7aise. <strong>Les mouvements de r\u00e9sistance<\/strong> et la lib\u00e9ration ont renforc\u00e9 les id\u00e9aux de libert\u00e9 et d&rsquo;\u00e9galit\u00e9. Apr\u00e8s 1945, la France s&rsquo;est engag\u00e9e dans une phase de reconstruction, initiant des r\u00e9formes \u00e9conomiques et sociales significatives, telles que la cr\u00e9ation de la <strong>S\u00e9cu<\/strong> et l&rsquo;\u00e9tablissement des droits sociaux.<\/p>\n\n\n<p class=\"wp-block-paragraph\">Les conflits successifs ont \u00e9galement nourri une conscience collective qui a abouti aux mouvements sociaux des ann\u00e9es <strong>1960<\/strong>, notamment mai <strong>68<\/strong>, un symbole de r\u00e9volte contre l&rsquo;autoritarisme et les in\u00e9galit\u00e9s. Ce climat de changement a profond\u00e9ment transform\u00e9 les mentalit\u00e9s et la place des droits civiques en France.<\/p>\n\n\n\n<p class=\"wp-block-paragraph\">L\u2019<strong>histoire de France<\/strong> s&rsquo;\u00e9tend sur plusieurs si\u00e8cles et se divise en grandes p\u00e9riodes qui ont profond\u00e9ment fa\u00e7onn\u00e9 l&rsquo;identit\u00e9 du pays. Chaque \u00e9poque, qu&rsquo;il s&rsquo;agisse de la <strong>Pr\u00e9histoire<\/strong>, de l&rsquo;<strong>Antiquit\u00e9<\/strong>, du <strong>Moyen \u00c2ge<\/strong>, des <strong>Renaissances<\/strong>, ou encore de l&rsquo;<strong>\u00e9poque contemporaine<\/strong>, a contribu\u00e9 \u00e0 la construction d&rsquo;une nation riche en <strong>culture<\/strong>, en <strong>valeurs<\/strong> et en <strong>traditions<\/strong>.<\/p>\n\n\n<p class=\"wp-block-paragraph\">La Pr\u00e9histoire, avec ses vestiges comme ceux de Lascaux, t\u00e9moigne des premi\u00e8res manifestations de l&rsquo;humanit\u00e9 sur le territoire. L&rsquo;Antiquit\u00e9, marqu\u00e9e par l&rsquo;influence des <strong>Gaulois<\/strong> et de l&rsquo;Empire Romain, a introduit des \u00e9l\u00e9ments cl\u00e9s de structuration sociale et politique. Le Moyen \u00c2ge, riche en <strong>\u00e9v\u00e9nements<\/strong> tels que les croisades et les <strong>guerres de religion<\/strong>, montre la complexit\u00e9 des relations de pouvoir et des croyances religieuses.<\/p>\n\n\n<p class=\"wp-block-paragraph\">La Renaissance a \u00e9t\u00e9 un v\u00e9ritable <strong>foyer d&rsquo;innovation<\/strong> artistique et scientifique, red\u00e9finissant les contours de la pens\u00e9e fran\u00e7aise. Le passage aux temps modernes, avec la R\u00e9volution fran\u00e7aise, a marqu\u00e9 une <strong>rupture<\/strong> fondamentale dans l&rsquo;histoire du pays, posant les bases de la <strong>d\u00e9mocratie<\/strong> et des droits de l&rsquo;homme que nous connaissons aujourd&rsquo;hui.<\/p>\n\n\n<p class=\"wp-block-paragraph\">Enfin, l&rsquo;\u00e9poque contemporaine, marqu\u00e9e par des conflits mondiaux et une int\u00e9gration dans le paysage europ\u00e9en, r\u00e9v\u00e8le \u00e0 quel point l&rsquo;<strong>histoire<\/strong> continue d&rsquo;influencer la France actuelle. Les enjeux de l&rsquo;identit\u00e9 nationale, de la m\u00e9moire collective, et du <strong>patrimoine historique<\/strong> sont essentiels pour comprendre les d\u00e9fis contemporains de la soci\u00e9t\u00e9 fran\u00e7aise.<\/p>\n\n\n<p class=\"wp-block-paragraph\">En somme, chaque p\u00e9riode de l&rsquo;histoire de France constitue une <strong>brique fondamentale<\/strong> dans l&rsquo;\u00e9difice de l&rsquo;identit\u00e9 nationale, soulignant l&rsquo;importance d&rsquo;une connaissance approfondie de notre pass\u00e9 pour mieux appr\u00e9hender le pr\u00e9sent et l&rsquo;avenir.<\/p>\n\n\n<figure class=\"wp-block-embed is-type-video is-provider-youtube wp-block-embed-youtube wp-embed-aspect-16-9 wp-has-aspect-ratio\">\n<div class=\"wp-block-embed__wrapper\">\n<iframe loading=\"lazy\" title=\"Les grandes dates de l&#039;Histoire de France partie 1\" width=\"1200\" height=\"675\" src=\"https:\/\/www.youtube.com\/embed\/Wb3hjzDpjqA?feature=oembed\" frameborder=\"0\" allow=\"accelerometer; autoplay; clipboard-write; encrypted-media; gyroscope; picture-in-picture; web-share\" referrerpolicy=\"strict-origin-when-cross-origin\" allowfullscreen><\/iframe>\n<\/div>\n<\/figure>\n","protected":false},"excerpt":{"rendered":"","protected":false},"author":34,"featured_media":7389,"comment_status":"open","ping_status":"open","sticky":false,"template":"","format":"standard","meta":{"_acf_changed":false,"manual_indexmenow":false,"indexmenow_id_project":0,"footnotes":""},"categories":[1],"tags":[],"class_list":["post-7353","post","type-post","status-publish","format-standard","has-post-thumbnail","hentry","category-a-la-une","generate-columns","tablet-grid-50","mobile-grid-100","grid-parent","grid-25"],"acf":[],"yoast_head":"<!-- This site is optimized with the Yoast SEO Premium plugin v21.3 (Yoast SEO v25.6) - https:\/\/yoast.com\/wordpress\/plugins\/seo\/ -->\n<title>Les grandes p\u00e9riodes de l&#039;histoire de France<\/title>\n<meta name=\"description\" content=\"L&#039;histoire de France est un tissu complexe d&#039;\u00e9v\u00e9nements, de personnages et de transformations qui ont fa\u00e7onn\u00e9 non seulement l&#039;Hexagone, mais \u00e9galement\" \/>\n<meta name=\"robots\" content=\"index, follow, max-snippet:-1, max-image-preview:large, max-video-preview:-1\" \/>\n<link rel=\"canonical\" href=\"https:\/\/greenwichmeridien.fr\/blog\/a-la-une\/les-grandes-periodes-de-lhistoire-de-france\/\" \/>\n<meta property=\"og:locale\" content=\"fr_FR\" \/>\n<meta property=\"og:type\" content=\"article\" \/>\n<meta property=\"og:title\" content=\"Les grandes p\u00e9riodes de l&#039;histoire de France\" \/>\n<meta property=\"og:description\" content=\"L&#039;histoire de France est un tissu complexe d&#039;\u00e9v\u00e9nements, de personnages et de transformations qui ont fa\u00e7onn\u00e9 non seulement l&#039;Hexagone, mais \u00e9galement\" \/>\n<meta property=\"og:url\" content=\"https:\/\/greenwichmeridien.fr\/blog\/a-la-une\/les-grandes-periodes-de-lhistoire-de-france\/\" \/>\n<meta property=\"og:site_name\" content=\"greenwichmeridien\" \/>\n<meta property=\"og:image\" content=\"https:\/\/greenwichmeridien.fr\/blog\/wp-content\/uploads\/2025\/02\/sdxl-b43a0c8c5f60bff27d4f857097455ab2.png\" \/>\n\t<meta property=\"og:image:width\" content=\"1536\" \/>\n\t<meta property=\"og:image:height\" content=\"640\" \/>\n\t<meta property=\"og:image:type\" content=\"image\/png\" \/>\n<meta name=\"author\" content=\"Samuel Chalmin\" \/>\n<meta name=\"twitter:card\" content=\"summary_large_image\" \/>\n<script type=\"application\/ld+json\" class=\"yoast-schema-graph\">{\"@context\":\"https:\/\/schema.org\",\"@graph\":[{\"@type\":\"NewsArticle\",\"@id\":\"https:\/\/greenwichmeridien.fr\/blog\/a-la-une\/les-grandes-periodes-de-lhistoire-de-france\/#article\",\"isPartOf\":{\"@id\":\"https:\/\/greenwichmeridien.fr\/blog\/a-la-une\/les-grandes-periodes-de-lhistoire-de-france\/\"},\"author\":{\"name\":\"Samuel Chalmin\",\"@id\":\"https:\/\/greenwichmeridien.fr\/blog\/#\/schema\/person\/3c864cdc320801e3db34b663e7e3f816\"},\"headline\":\"Les grandes p\u00e9riodes de l&rsquo;histoire de France\",\"datePublished\":\"2024-12-24T06:39:30+00:00\",\"mainEntityOfPage\":{\"@id\":\"https:\/\/greenwichmeridien.fr\/blog\/a-la-une\/les-grandes-periodes-de-lhistoire-de-france\/\"},\"wordCount\":3028,\"commentCount\":0,\"publisher\":{\"@id\":\"https:\/\/greenwichmeridien.fr\/blog\/#organization\"},\"image\":{\"@id\":\"https:\/\/greenwichmeridien.fr\/blog\/a-la-une\/les-grandes-periodes-de-lhistoire-de-france\/#primaryimage\"},\"thumbnailUrl\":\"https:\/\/greenwichmeridien.fr\/blog\/wp-content\/uploads\/2025\/02\/sdxl-b43a0c8c5f60bff27d4f857097455ab2.png\",\"articleSection\":[\"\u00c0 la une\"],\"inLanguage\":\"fr-FR\",\"potentialAction\":[{\"@type\":\"CommentAction\",\"name\":\"Comment\",\"target\":[\"https:\/\/greenwichmeridien.fr\/blog\/a-la-une\/les-grandes-periodes-de-lhistoire-de-france\/#respond\"]}]},{\"@type\":\"WebPage\",\"@id\":\"https:\/\/greenwichmeridien.fr\/blog\/a-la-une\/les-grandes-periodes-de-lhistoire-de-france\/\",\"url\":\"https:\/\/greenwichmeridien.fr\/blog\/a-la-une\/les-grandes-periodes-de-lhistoire-de-france\/\",\"name\":\"Les grandes p\u00e9riodes de l'histoire de France\",\"isPartOf\":{\"@id\":\"https:\/\/greenwichmeridien.fr\/blog\/#website\"},\"primaryImageOfPage\":{\"@id\":\"https:\/\/greenwichmeridien.fr\/blog\/a-la-une\/les-grandes-periodes-de-lhistoire-de-france\/#primaryimage\"},\"image\":{\"@id\":\"https:\/\/greenwichmeridien.fr\/blog\/a-la-une\/les-grandes-periodes-de-lhistoire-de-france\/#primaryimage\"},\"thumbnailUrl\":\"https:\/\/greenwichmeridien.fr\/blog\/wp-content\/uploads\/2025\/02\/sdxl-b43a0c8c5f60bff27d4f857097455ab2.png\",\"datePublished\":\"2024-12-24T06:39:30+00:00\",\"description\":\"L'histoire de France est un tissu complexe d'\u00e9v\u00e9nements, de personnages et de transformations qui ont fa\u00e7onn\u00e9 non seulement l'Hexagone, mais \u00e9galement\",\"inLanguage\":\"fr-FR\",\"potentialAction\":[{\"@type\":\"ReadAction\",\"target\":[\"https:\/\/greenwichmeridien.fr\/blog\/a-la-une\/les-grandes-periodes-de-lhistoire-de-france\/\"]}]},{\"@type\":\"ImageObject\",\"inLanguage\":\"fr-FR\",\"@id\":\"https:\/\/greenwichmeridien.fr\/blog\/a-la-une\/les-grandes-periodes-de-lhistoire-de-france\/#primaryimage\",\"url\":\"https:\/\/greenwichmeridien.fr\/blog\/wp-content\/uploads\/2025\/02\/sdxl-b43a0c8c5f60bff27d4f857097455ab2.png\",\"contentUrl\":\"https:\/\/greenwichmeridien.fr\/blog\/wp-content\/uploads\/2025\/02\/sdxl-b43a0c8c5f60bff27d4f857097455ab2.png\",\"width\":1536,\"height\":640},{\"@type\":\"WebSite\",\"@id\":\"https:\/\/greenwichmeridien.fr\/blog\/#website\",\"url\":\"https:\/\/greenwichmeridien.fr\/blog\/\",\"name\":\"Greenwich M\u00e9ridien\",\"description\":\"Greenwich M\u00e9ridien, le rep\u00e8re du temps et du voyage\",\"publisher\":{\"@id\":\"https:\/\/greenwichmeridien.fr\/blog\/#organization\"},\"alternateName\":\"Greenwich M\u00e9ridien, le rep\u00e8re du temps et du voyage\",\"potentialAction\":[{\"@type\":\"SearchAction\",\"target\":{\"@type\":\"EntryPoint\",\"urlTemplate\":\"https:\/\/greenwichmeridien.fr\/blog\/?s={search_term_string}\"},\"query-input\":{\"@type\":\"PropertyValueSpecification\",\"valueRequired\":true,\"valueName\":\"search_term_string\"}}],\"inLanguage\":\"fr-FR\"},{\"@type\":\"Organization\",\"@id\":\"https:\/\/greenwichmeridien.fr\/blog\/#organization\",\"name\":\"Greenwich M\u00e9ridien\",\"alternateName\":\"Greenwich M\u00e9ridien\",\"url\":\"https:\/\/greenwichmeridien.fr\/blog\/\",\"logo\":{\"@type\":\"ImageObject\",\"inLanguage\":\"fr-FR\",\"@id\":\"https:\/\/greenwichmeridien.fr\/blog\/#\/schema\/logo\/image\/\",\"url\":\"https:\/\/greenwichmeridien.fr\/blog\/wp-content\/uploads\/2024\/12\/greenwichmeridien.png\",\"contentUrl\":\"https:\/\/greenwichmeridien.fr\/blog\/wp-content\/uploads\/2024\/12\/greenwichmeridien.png\",\"width\":500,\"height\":500,\"caption\":\"Greenwich M\u00e9ridien\"},\"image\":{\"@id\":\"https:\/\/greenwichmeridien.fr\/blog\/#\/schema\/logo\/image\/\"}},{\"@type\":\"Person\",\"@id\":\"https:\/\/greenwichmeridien.fr\/blog\/#\/schema\/person\/3c864cdc320801e3db34b663e7e3f816\",\"name\":\"Samuel Chalmin\",\"image\":{\"@type\":\"ImageObject\",\"inLanguage\":\"fr-FR\",\"@id\":\"https:\/\/greenwichmeridien.fr\/blog\/#\/schema\/person\/image\/\",\"url\":\"https:\/\/secure.gravatar.com\/avatar\/cef3677de7d237273d13053728f9470818581a8a27d9bf6f5039fd18508a905f?s=96&d=mm&r=g\",\"contentUrl\":\"https:\/\/secure.gravatar.com\/avatar\/cef3677de7d237273d13053728f9470818581a8a27d9bf6f5039fd18508a905f?s=96&d=mm&r=g\",\"caption\":\"Samuel Chalmin\"},\"description\":\"R\u00e9dacteur du site, il suit les questions de temps et de calendrier : m\u00e9ridien de Greenwich, heure GMT et UTC, fuseaux horaires, changement d'heure, ann\u00e9es bissextiles et jours f\u00e9ri\u00e9s.\",\"sameAs\":[\"https:\/\/samuelchalmin.fr\/\"],\"url\":\"https:\/\/greenwichmeridien.fr\/blog\/auteur\/noname\/\"}]}<\/script>\n<!-- \/ Yoast SEO Premium plugin. -->","yoast_head_json":{"title":"Les grandes p\u00e9riodes de l'histoire de France","description":"L'histoire de France est un tissu complexe d'\u00e9v\u00e9nements, de personnages et de transformations qui ont fa\u00e7onn\u00e9 non seulement l'Hexagone, mais \u00e9galement","robots":{"index":"index","follow":"follow","max-snippet":"max-snippet:-1","max-image-preview":"max-image-preview:large","max-video-preview":"max-video-preview:-1"},"canonical":"https:\/\/greenwichmeridien.fr\/blog\/a-la-une\/les-grandes-periodes-de-lhistoire-de-france\/","og_locale":"fr_FR","og_type":"article","og_title":"Les grandes p\u00e9riodes de l'histoire de France","og_description":"L'histoire de France est un tissu complexe d'\u00e9v\u00e9nements, de personnages et de transformations qui ont fa\u00e7onn\u00e9 non seulement l'Hexagone, mais \u00e9galement","og_url":"https:\/\/greenwichmeridien.fr\/blog\/a-la-une\/les-grandes-periodes-de-lhistoire-de-france\/","og_site_name":"greenwichmeridien","og_image":[{"width":1536,"height":640,"url":"https:\/\/greenwichmeridien.fr\/blog\/wp-content\/uploads\/2025\/02\/sdxl-b43a0c8c5f60bff27d4f857097455ab2.png","type":"image\/png"}],"author":"Samuel Chalmin","twitter_card":"summary_large_image","schema":{"@context":"https:\/\/schema.org","@graph":[{"@type":"NewsArticle","@id":"https:\/\/greenwichmeridien.fr\/blog\/a-la-une\/les-grandes-periodes-de-lhistoire-de-france\/#article","isPartOf":{"@id":"https:\/\/greenwichmeridien.fr\/blog\/a-la-une\/les-grandes-periodes-de-lhistoire-de-france\/"},"author":{"name":"Samuel Chalmin","@id":"https:\/\/greenwichmeridien.fr\/blog\/#\/schema\/person\/3c864cdc320801e3db34b663e7e3f816"},"headline":"Les grandes p\u00e9riodes de l&rsquo;histoire de France","datePublished":"2024-12-24T06:39:30+00:00","mainEntityOfPage":{"@id":"https:\/\/greenwichmeridien.fr\/blog\/a-la-une\/les-grandes-periodes-de-lhistoire-de-france\/"},"wordCount":3028,"commentCount":0,"publisher":{"@id":"https:\/\/greenwichmeridien.fr\/blog\/#organization"},"image":{"@id":"https:\/\/greenwichmeridien.fr\/blog\/a-la-une\/les-grandes-periodes-de-lhistoire-de-france\/#primaryimage"},"thumbnailUrl":"https:\/\/greenwichmeridien.fr\/blog\/wp-content\/uploads\/2025\/02\/sdxl-b43a0c8c5f60bff27d4f857097455ab2.png","articleSection":["\u00c0 la une"],"inLanguage":"fr-FR","potentialAction":[{"@type":"CommentAction","name":"Comment","target":["https:\/\/greenwichmeridien.fr\/blog\/a-la-une\/les-grandes-periodes-de-lhistoire-de-france\/#respond"]}]},{"@type":"WebPage","@id":"https:\/\/greenwichmeridien.fr\/blog\/a-la-une\/les-grandes-periodes-de-lhistoire-de-france\/","url":"https:\/\/greenwichmeridien.fr\/blog\/a-la-une\/les-grandes-periodes-de-lhistoire-de-france\/","name":"Les grandes p\u00e9riodes de l'histoire de France","isPartOf":{"@id":"https:\/\/greenwichmeridien.fr\/blog\/#website"},"primaryImageOfPage":{"@id":"https:\/\/greenwichmeridien.fr\/blog\/a-la-une\/les-grandes-periodes-de-lhistoire-de-france\/#primaryimage"},"image":{"@id":"https:\/\/greenwichmeridien.fr\/blog\/a-la-une\/les-grandes-periodes-de-lhistoire-de-france\/#primaryimage"},"thumbnailUrl":"https:\/\/greenwichmeridien.fr\/blog\/wp-content\/uploads\/2025\/02\/sdxl-b43a0c8c5f60bff27d4f857097455ab2.png","datePublished":"2024-12-24T06:39:30+00:00","description":"L'histoire de France est un tissu complexe d'\u00e9v\u00e9nements, de personnages et de transformations qui ont fa\u00e7onn\u00e9 non seulement l'Hexagone, mais \u00e9galement","inLanguage":"fr-FR","potentialAction":[{"@type":"ReadAction","target":["https:\/\/greenwichmeridien.fr\/blog\/a-la-une\/les-grandes-periodes-de-lhistoire-de-france\/"]}]},{"@type":"ImageObject","inLanguage":"fr-FR","@id":"https:\/\/greenwichmeridien.fr\/blog\/a-la-une\/les-grandes-periodes-de-lhistoire-de-france\/#primaryimage","url":"https:\/\/greenwichmeridien.fr\/blog\/wp-content\/uploads\/2025\/02\/sdxl-b43a0c8c5f60bff27d4f857097455ab2.png","contentUrl":"https:\/\/greenwichmeridien.fr\/blog\/wp-content\/uploads\/2025\/02\/sdxl-b43a0c8c5f60bff27d4f857097455ab2.png","width":1536,"height":640},{"@type":"WebSite","@id":"https:\/\/greenwichmeridien.fr\/blog\/#website","url":"https:\/\/greenwichmeridien.fr\/blog\/","name":"Greenwich M\u00e9ridien","description":"Greenwich M\u00e9ridien, le rep\u00e8re du temps et du voyage","publisher":{"@id":"https:\/\/greenwichmeridien.fr\/blog\/#organization"},"alternateName":"Greenwich M\u00e9ridien, le rep\u00e8re du temps et du voyage","potentialAction":[{"@type":"SearchAction","target":{"@type":"EntryPoint","urlTemplate":"https:\/\/greenwichmeridien.fr\/blog\/?s={search_term_string}"},"query-input":{"@type":"PropertyValueSpecification","valueRequired":true,"valueName":"search_term_string"}}],"inLanguage":"fr-FR"},{"@type":"Organization","@id":"https:\/\/greenwichmeridien.fr\/blog\/#organization","name":"Greenwich M\u00e9ridien","alternateName":"Greenwich M\u00e9ridien","url":"https:\/\/greenwichmeridien.fr\/blog\/","logo":{"@type":"ImageObject","inLanguage":"fr-FR","@id":"https:\/\/greenwichmeridien.fr\/blog\/#\/schema\/logo\/image\/","url":"https:\/\/greenwichmeridien.fr\/blog\/wp-content\/uploads\/2024\/12\/greenwichmeridien.png","contentUrl":"https:\/\/greenwichmeridien.fr\/blog\/wp-content\/uploads\/2024\/12\/greenwichmeridien.png","width":500,"height":500,"caption":"Greenwich M\u00e9ridien"},"image":{"@id":"https:\/\/greenwichmeridien.fr\/blog\/#\/schema\/logo\/image\/"}},{"@type":"Person","@id":"https:\/\/greenwichmeridien.fr\/blog\/#\/schema\/person\/3c864cdc320801e3db34b663e7e3f816","name":"Samuel Chalmin","image":{"@type":"ImageObject","inLanguage":"fr-FR","@id":"https:\/\/greenwichmeridien.fr\/blog\/#\/schema\/person\/image\/","url":"https:\/\/secure.gravatar.com\/avatar\/cef3677de7d237273d13053728f9470818581a8a27d9bf6f5039fd18508a905f?s=96&d=mm&r=g","contentUrl":"https:\/\/secure.gravatar.com\/avatar\/cef3677de7d237273d13053728f9470818581a8a27d9bf6f5039fd18508a905f?s=96&d=mm&r=g","caption":"Samuel Chalmin"},"description":"R\u00e9dacteur du site, il suit les questions de temps et de calendrier : m\u00e9ridien de Greenwich, heure GMT et UTC, fuseaux horaires, changement d'heure, ann\u00e9es bissextiles et jours f\u00e9ri\u00e9s.","sameAs":["https:\/\/samuelchalmin.fr\/"],"url":"https:\/\/greenwichmeridien.fr\/blog\/auteur\/noname\/"}]}},"_links":{"self":[{"href":"https:\/\/greenwichmeridien.fr\/blog\/wp-json\/wp\/v2\/posts\/7353","targetHints":{"allow":["GET"]}}],"collection":[{"href":"https:\/\/greenwichmeridien.fr\/blog\/wp-json\/wp\/v2\/posts"}],"about":[{"href":"https:\/\/greenwichmeridien.fr\/blog\/wp-json\/wp\/v2\/types\/post"}],"author":[{"embeddable":true,"href":"https:\/\/greenwichmeridien.fr\/blog\/wp-json\/wp\/v2\/users\/34"}],"replies":[{"embeddable":true,"href":"https:\/\/greenwichmeridien.fr\/blog\/wp-json\/wp\/v2\/comments?post=7353"}],"version-history":[{"count":0,"href":"https:\/\/greenwichmeridien.fr\/blog\/wp-json\/wp\/v2\/posts\/7353\/revisions"}],"wp:featuredmedia":[{"embeddable":true,"href":"https:\/\/greenwichmeridien.fr\/blog\/wp-json\/wp\/v2\/media\/7389"}],"wp:attachment":[{"href":"https:\/\/greenwichmeridien.fr\/blog\/wp-json\/wp\/v2\/media?parent=7353"}],"wp:term":[{"taxonomy":"category","embeddable":true,"href":"https:\/\/greenwichmeridien.fr\/blog\/wp-json\/wp\/v2\/categories?post=7353"},{"taxonomy":"post_tag","embeddable":true,"href":"https:\/\/greenwichmeridien.fr\/blog\/wp-json\/wp\/v2\/tags?post=7353"}],"curies":[{"name":"wp","href":"https:\/\/api.w.org\/{rel}","templated":true}]}}