{"id":7354,"date":"2024-12-25T07:35:32","date_gmt":"2024-12-25T06:35:32","guid":{"rendered":"https:\/\/greenwichmeridien.fr\/blog\/a-la-une\/aventures-en-provence-un-voyage-dans-le-temps\/"},"modified":"2024-12-25T07:35:32","modified_gmt":"2024-12-25T06:35:32","slug":"aventures-en-provence-un-voyage-dans-le-temps","status":"publish","type":"post","link":"https:\/\/greenwichmeridien.fr\/blog\/a-la-une\/aventures-en-provence-un-voyage-dans-le-temps\/","title":{"rendered":"Aventures en Provence : un voyage dans le temps"},"content":{"rendered":"\n\n<p class=\"wp-block-paragraph\">Au c\u0153ur du <strong>Sud de la France<\/strong>, la <strong>Provence<\/strong> s&rsquo;\u00e9panouit comme un tableau vivant o\u00f9 chaque coin de rue et chaque vignoble chuchotent des histoires d&rsquo;autrefois. Dans cet \u00e9crin de <strong>nature pr\u00e9serv\u00e9e<\/strong> et de <strong>patrimoine historique<\/strong>, l&rsquo;histoire danse au rythme des <strong>mill\u00e9naires<\/strong> et s&rsquo;entrelace avec les traditions locales. Les ruelles pav\u00e9es des charmants villages, telles que <strong>Gordes<\/strong> et <strong>Roussillon<\/strong>, r\u00e9sonnent des \u00e9chos du pass\u00e9, tandis que les vestiges romains de <strong>Vaison-la-Romaine<\/strong> et <strong>Orange<\/strong> nous rappellent l&rsquo;importance de cette r\u00e9gion dans l&rsquo;Antiquit\u00e9. Mais pourquoi ces <strong>paysages enchanteurs<\/strong> et ces <strong>tr\u00e9sors culturels<\/strong> m\u00e9ritent-ils votre attention ? Parce qu&rsquo;un voyage en Provence est bien plus qu&rsquo;une simple escapade : c&rsquo;est une <strong>immersion<\/strong> dans l&rsquo;histoire et la <strong>v\u00e9ritable essence<\/strong> de la France, o\u00f9 chaque aventure devient une page \u00e0 ajouter \u00e0 l&rsquo;album de vos souvenirs. Suivez-nous dans ce p\u00e9riple fascinant, o\u00f9 pass\u00e9 et pr\u00e9sent se rencontrent pour cr\u00e9er des moments inoubliables.<\/p>\n\n\n\n<p class=\"wp-block-paragraph\">La <strong>Provence<\/strong>, terre de lumi\u00e8re et de couleurs, est une r\u00e9gion riche d&rsquo;<strong>histoire<\/strong> et de <strong>culture<\/strong>. D\u00e8s l&rsquo;Antiquit\u00e9, elle a \u00e9t\u00e9 le foyer de civilisations florissantes, dont l&#8217;empreinte est toujours visible \u00e0 travers ses monuments et paysages. Les Romains, fascin\u00e9s par son climat, ont laiss\u00e9 une marque ind\u00e9l\u00e9bile, comme en t\u00e9moigne le c\u00e9l\u00e8bre <strong>aqueduc de Pont du Gard<\/strong> et les vestiges de la ville antique de <strong>Glanum<\/strong>.<\/p>\n\n\n<p class=\"wp-block-paragraph\">Le moyen \u00e2ge a vu se construire de nombreux <strong>ch\u00e2teaux<\/strong>, symboles de pouvoir et de r\u00e9sistance, notamment le <strong>ch\u00e2teau de La Barben<\/strong> qui demeure un t\u00e9moin embl\u00e9matique de cette \u00e9poque. C&rsquo;est \u00e9galement durant cette p\u00e9riode que la <strong>cath\u00e9drale d&rsquo;Avignon<\/strong> a \u00e9t\u00e9 \u00e9rig\u00e9e, la rendant c\u00e9l\u00e8bre pour son architecture et son histoire li\u00e9e \u00e0 la papaut\u00e9.<\/p>\n\n\n<p class=\"wp-block-paragraph\">La Renaissance, avec son florissant \u00e9panouissement artistique, a \u00e9galement touch\u00e9 la Provence. La r\u00e9gion a vu na\u00eetre des artistes tels que <strong>Fr\u00e9d\u00e9ric Mistral<\/strong>, c\u00e9l\u00e9br\u00e9 pour sa contribution \u00e0 la langue occitane, et <strong>Paul C\u00e9zanne<\/strong>, dont les \u0153uvres, empreintes de couleurs vibrantes, c\u00e9l\u00e8brent les paysages proven\u00e7aux. Les visites de leurs ateliers ou des lieux qui les ont inspir\u00e9s offrent une merveilleuse occasion d&rsquo;immerger dans leur vision artistique.<\/p>\n\n\n<p class=\"wp-block-paragraph\">\u00c0 l\u2019\u00e9poque moderne, la Provence a su conserver ses traditions tout en s&rsquo;ouvrant \u00e0 de nouvelles influences. Les march\u00e9s color\u00e9s, les festivals, et la cuisine proven\u00e7ale, avec ses saveurs \u00e0 base d&rsquo;huile d&rsquo;olive, d&rsquo;herbes de Provence et de fruits frais, t\u00e9moignent d&rsquo;une culture vivante et dynamique. Des \u00e9v\u00e9nements comme le <strong>Festival d&rsquo;Avignon<\/strong> attirent chaque \u00e9t\u00e9 des milliers de visiteurs, d\u00e9sireux de d\u00e9couvrir la sc\u00e8ne th\u00e9\u00e2trale contemporaine mais aussi le riche patrimoine historique de la ville.<\/p>\n\n\n<p class=\"wp-block-paragraph\"><strong>Arles<\/strong>, souvent appel\u00e9e \u00ab\u00a0la ville des artistes\u00a0\u00bb, est un point d\u2019ancrage \u00e0 ne pas manquer. Le mus\u00e9e de l&rsquo;Arles antique pr\u00e9sente des pi\u00e8ces qui racontent l&rsquo;histoire profonde de la r\u00e9gion, tandis que la <strong>feria<\/strong> c\u00e9l\u00e9br\u00e9e en mai rappelle les influences \u00e0 la fois espagnoles et proven\u00e7ales qui se m\u00ealent dans des festivit\u00e9s vibrantes.<\/p>\n\n\n<p class=\"wp-block-paragraph\">Se promener dans les villages perch\u00e9s du <strong>Luberon<\/strong> comme Gordes ou Roussillon, c&rsquo;est aussi plonger dans un <strong>voyage temporel<\/strong> au c\u0153ur d&rsquo;une Provence authentique, o\u00f9 la nature et l&rsquo;architecture se fondent harmonieusement. Les march\u00e9s, avec leurs produits artisanaux et traditionnels, offrent un aper\u00e7u des savoir-faire locaux transmis \u00e0 travers les g\u00e9n\u00e9rations.<\/p>\n\n\n<p class=\"wp-block-paragraph\">La <strong>Provence<\/strong> est enfin une invitation \u00e0 l&rsquo;\u00e9vasion par ses paysages naturels, des sentiers de randonn\u00e9e aux bords de la <strong>M\u00e9diterran\u00e9e<\/strong>, en passant par les champs de lavande de Valensole. Chaque saison apporte son lot de couleurs et de parfums, construisant un tableau vivant qui m\u00eale <strong>histoire<\/strong>, <strong>culture<\/strong> et beaut\u00e9 naturelle.<\/p>\n\n\n\n<ul class=\"wp-block-list\">\n\n<li>\n        <h2>Le Palais des Papes \u00e0 Avignon<\/h2><p>\n        <\/p><p>Ancienne r\u00e9sidence des papes au XIVe si\u00e8cle, le <strong>Palais des Papes<\/strong> est un v\u00e9ritable chef-d&rsquo;\u0153uvre d&rsquo;architecture gothique. En d\u00e9ambulant dans ses salles immenses et ses jardins, on ressent l\u2019influence et le pouvoir de l\u2019\u00e9glise \u00e0 cette \u00e9poque. Les fresques qui ornent ses murs et le majestueux <strong>pont Saint-B\u00e9n\u00e9zet<\/strong> ajoutent une touche d\u2019authenticit\u00e9 \u00e0 cette visite.<\/p>\n    <\/li>\n\n\n<li>\n        <h2>Les Ar\u00e8nes d&rsquo;Arles<\/h2><p>\n        <\/p><p>Ces <strong>ar\u00e8nes romaines<\/strong>, construites au Ier si\u00e8cle, t\u00e9moignent de l\u2019importance d\u2019Arles comme centre culturel et commercial de l&rsquo;Empire romain. Imaginez-vous, debout dans l&rsquo;ar\u00e8ne, entour\u00e9 par l&rsquo;\u00e9cho des applaudissements d&rsquo;une foule assistant \u00e0 un combat de gladiateurs. Chaque pierre raconte l\u2019histoire d\u2019un temps o\u00f9 la th\u00e9\u00e2tralit\u00e9 et les spectacles \u00e9taient au c\u0153ur de la vie publique.<\/p>\n    <\/li>\n\n\n<li>\n        <h2>Le Ch\u00e2teau des Baux-de-Provence<\/h2><p>\n        <\/p><p>Nich\u00e9 sur un \u00e9peron rocheux, le <strong>Ch\u00e2teau des Baux<\/strong> permet de plonger au c\u0153ur du Moyen \u00c2ge. Ses ruines imposantes, ainsi que son environnement naturel, \u00e9voquent les luttes de pouvoir entre seigneuries. En fl\u00e2nant au milieu des remparts, les visiteurs peuvent presque entendre les \u00e9chos des batailles pass\u00e9es et visualiser la vie quotidienne des seigneurs et des paysans.<\/p>\n    <\/li>\n\n\n<li>\n        <h2>Les Villages de Gordes et Roussillon<\/h2><p>\n        <\/p><p>Ces charmants <strong>villages perch\u00e9s<\/strong> sont des exemples parfaits de l&rsquo;architecture proven\u00e7ale. Gordes, avec ses maisons en pierre et ses ruelles \u00e9troites, offre une vue imprenable sur le paysage environnant. Roussillon, quant \u00e0 lui, est c\u00e9l\u00e8bre pour ses <strong>ocres<\/strong> qui ont inspir\u00e9 tant d&rsquo;artistes. Fl\u00e2ner dans ces villages, c&rsquo;est faire une promenade \u00e0 travers le temps, besogner le rythme d\u2019une histoire empreinte de beaut\u00e9.<\/p>\n    <\/li>\n\n\n<li>\n        <h2>Le Pont du Gard<\/h2><p>\n        <\/p><p>Un exploit architectural romain, le <strong>Pont du Gard<\/strong> est un aqueduc datant du Ier si\u00e8cle. Sa structure impressionnante et son histoire fascinante en font un site class\u00e9 au patrimoine mondial de l\u2019UNESCO. En contemplant ce monument impeccable, on peut imaginer les ing\u00e9nieurs romains s&rsquo;affairant \u00e0 sa construction, unissant les g\u00e9n\u00e9rations \u00e0 travers les si\u00e8cles.<\/p>\n    <\/li>\n\n\n<li>\n        <h2>Le Monast\u00e8re de S\u00e9nanque<\/h2><p>\n        <\/p><p>En pleine nature, ce <strong>monast\u00e8re cistercien<\/strong> du XIIe si\u00e8cle est un havre de paix o\u00f9 le temps semble s\u2019\u00eatre arr\u00eat\u00e9. Entour\u00e9 de champs de lavande, il offre une atmosph\u00e8re propice \u00e0 la m\u00e9ditation et \u00e0 la r\u00e9flexion. Visiter S\u00e9nanque, c\u2019est aussi comprendre la vie monastique des moines et l\u2019importance de la spiritualit\u00e9 au Moyen \u00c2ge.<\/p>\n    <\/li>\n\n\n<li>\n        <h2>Les Calanques de Cassis<\/h2><p>\n        <\/p><p>Avec leurs falaises spectaculaires et leurs eaux turquoise, les <strong>Calanques<\/strong> sont le reflet de la nature sauvage et pr\u00e9serv\u00e9e de Provence. En empruntant les sentiers, on d\u00e9couvre un \u00e9cosyst\u00e8me riche qui a inspir\u00e9 des artistes et des \u00e9crivains au cours des si\u00e8cles. Les paysages vari\u00e9s racontent l\u2019histoire du temps qui fa\u00e7onne la terre, vibrant de couleurs et de textures.<\/p>\n    <\/li>\n\n<\/ul>\n\n\n<h2 class=\"wp-block-heading\">Le Palais des Papes \u00e0 Avignon<\/h2>\n\n\n<h2 class=\"wp-block-heading\">Les Ar\u00e8nes d&rsquo;Arles<\/h2>\n\n\n<h2 class=\"wp-block-heading\">Le Ch\u00e2teau des Baux-de-Provence<\/h2>\n\n\n<h2 class=\"wp-block-heading\">Les Villages de Gordes et Roussillon<\/h2>\n\n\n<h2 class=\"wp-block-heading\">Le Pont du Gard<\/h2>\n\n\n<h2 class=\"wp-block-heading\">Le Monast\u00e8re de S\u00e9nanque<\/h2>\n\n\n<h2 class=\"wp-block-heading\">Les Calanques de Cassis<\/h2>\n\n\n<figure class=\"wp-block-embed is-type-video is-provider-youtube wp-block-embed-youtube wp-embed-aspect-16-9 wp-has-aspect-ratio\">\n<div class=\"wp-block-embed__wrapper\">\n<iframe loading=\"lazy\" title=\"Sur le chemin du temps - Court m\u00e9trage de science fiction\" width=\"1200\" height=\"675\" src=\"https:\/\/www.youtube.com\/embed\/6Kvtflo_O-A?feature=oembed\" frameborder=\"0\" allow=\"accelerometer; autoplay; clipboard-write; encrypted-media; gyroscope; picture-in-picture; web-share\" referrerpolicy=\"strict-origin-when-cross-origin\" allowfullscreen><\/iframe>\n<\/div>\n<\/figure>\n\n\n\n<p class=\"wp-block-paragraph\">La <strong>gastronomie de la Provence<\/strong> est un v\u00e9ritable festin des sens, o\u00f9 chaque plat raconte une histoire profond\u00e9ment enracin\u00e9e dans le terroir et la culture de cette r\u00e9gion ensoleill\u00e9e. Les ingr\u00e9dients locaux, gorg\u00e9s de soleil, contribuent \u00e0 la richesse et \u00e0 la diversit\u00e9 des saveurs, faisant de chaque repas une exp\u00e9rience unique.<\/p>\n\n\n<p class=\"wp-block-paragraph\">Parmi les plats embl\u00e9matiques, la <strong>bouillabaisse<\/strong> se distingue par son m\u00e9lange de poissons fra\u00eechement p\u00each\u00e9s et d\u2019\u00e9pices exotiques. Ce rago\u00fbt de poisson, originaire de Marseille, est souvent servi avec une <strong>sauce rouille<\/strong> relev\u00e9e, et accompagne parfaitement le pain croustillant. La <strong>ratatouille<\/strong>, un autre incontournable, fusionne les fruits et l\u00e9gumes de saison, tels que les tomates, les courgettes et les aubergines, mijot\u00e9s lentement avec de l&rsquo;ail et des herbes de Provence.<\/p>\n\n\n<p class=\"wp-block-paragraph\">Les <strong>herbes aromatiques<\/strong>, comme le thym, le romarin et la sarriette, sont des alli\u00e9es indispensables de cette cuisine, apportant des ar\u00f4mes enivrants \u00e0 chaque plat. Ces herbes viennent enrichir des recettes simples, comme la <strong>socca<\/strong>, une cr\u00eape \u00e0 la farine de pois chiche croustillante, ou les <strong>tapenades<\/strong>, ces d\u00e9licieuses pur\u00e9es d&rsquo;olive et d&rsquo;anchois, parfaites pour l\u2019ap\u00e9ritif.<\/p>\n\n\n<p class=\"wp-block-paragraph\">Les fromages locaux, tels que le <strong>banon<\/strong>, souvent envelopp\u00e9 dans des feuilles de ch\u00e2taignier, ajoutent une touche cr\u00e9meuse et savoureuse aux repas. Les <strong>vins de la r\u00e9gion<\/strong>, qu&rsquo;ils soient rouges, blancs ou ros\u00e9s, accompagnent chaque plat avec harmonie, mettant en valeur les saveurs caract\u00e9ristiques de la <strong>C\u00f4te d&rsquo;Azur<\/strong> et du <strong>Vaucluse<\/strong>.<\/p>\n\n\n<p class=\"wp-block-paragraph\">Pour les amateurs de douceurs, la <strong>tarte trop\u00e9zienne<\/strong>, un d\u00e9lice \u00e0 base de cr\u00e8me et de brioche, ravit les palais. Et qui peut r\u00e9sister \u00e0 un bon <strong>calisson<\/strong>, cette confiserie traditionnelle d&rsquo;Aix-en-Provence, avec son c\u0153ur de p\u00e2te d&rsquo;amande et d&rsquo;orange ?<\/p>\n\n\n<p class=\"wp-block-paragraph\">La <strong>gastronomie proven\u00e7ale<\/strong> est aussi marqu\u00e9e par les influences m\u00e9diterran\u00e9ennes, mettant en avant des recettes qui c\u00e9l\u00e8brent la simplicit\u00e9 et la qualit\u00e9 des ingr\u00e9dients. Chacun de ces plats incarne l&rsquo;art de vivre et l&rsquo;amour de la bonne cuisine, faisant de chaque repas un hommage \u00e0 la beaut\u00e9 et \u00e0 la richesse de la Provence.<\/p>\n\n\n\n<p class=\"wp-block-paragraph\">Dans les <strong>charmants villages<\/strong> de la <strong>Provence<\/strong>, chaque ruelle et chaque pierre racontent l&rsquo;histoire de si\u00e8cles pass\u00e9s. De <strong>l&rsquo;architecture romaine<\/strong> d&rsquo;Orange aux <strong>champs de lavande<\/strong> de Valensole, cette r\u00e9gion offre un voyage sensoriel inoubliable. Les saveurs de la cuisine proven\u00e7ale, les couleurs \u00e9clatantes du march\u00e9 de <strong>Aix-en-Provence<\/strong>, et les senteurs des <strong>mares salins<\/strong> t\u00e9moignent d&rsquo;une riche culture vibrante. En d\u00e9ambulant \u00e0 travers ses paysages \u00e9poustouflants, impr\u00e9gnez-vous des l\u00e9gendes et des r\u00e9cits qui fa\u00e7onnent l&rsquo;identit\u00e9 de cette terra, o\u00f9 chaque visite devient une <strong>aventure in\u00e9dite<\/strong>. Laissez-vous envo\u00fbter par la beaut\u00e9 <strong>bucolique<\/strong> de la Provence et d\u00e9couvrez les tr\u00e9sors cach\u00e9s qui n&rsquo;attendent que vous.<\/p>\n","protected":false},"excerpt":{"rendered":"","protected":false},"author":34,"featured_media":7388,"comment_status":"open","ping_status":"open","sticky":false,"template":"","format":"standard","meta":{"_acf_changed":false,"manual_indexmenow":false,"indexmenow_id_project":0,"footnotes":""},"categories":[1],"tags":[],"class_list":["post-7354","post","type-post","status-publish","format-standard","has-post-thumbnail","hentry","category-a-la-une","generate-columns","tablet-grid-50","mobile-grid-100","grid-parent","grid-25"],"acf":[],"yoast_head":"<!-- This site is optimized with the Yoast SEO Premium plugin v21.3 (Yoast SEO v25.6) - https:\/\/yoast.com\/wordpress\/plugins\/seo\/ -->\n<title>Provence : Voyage \u00e0 Travers le Temps et les Merveilles<\/title>\n<meta name=\"description\" content=\"Au c\u0153ur du Sud de la France, la Provence s&#039;\u00e9panouit comme un tableau vivant o\u00f9 chaque coin de rue et chaque vignoble chuchotent des histoires d&#039;autrefois\" \/>\n<meta name=\"robots\" content=\"index, follow, max-snippet:-1, max-image-preview:large, max-video-preview:-1\" \/>\n<link rel=\"canonical\" href=\"https:\/\/greenwichmeridien.fr\/blog\/a-la-une\/aventures-en-provence-un-voyage-dans-le-temps\/\" \/>\n<meta property=\"og:locale\" content=\"fr_FR\" \/>\n<meta property=\"og:type\" content=\"article\" \/>\n<meta property=\"og:title\" content=\"Provence : Voyage \u00e0 Travers le Temps et les Merveilles\" \/>\n<meta property=\"og:description\" content=\"Au c\u0153ur du Sud de la France, la Provence s&#039;\u00e9panouit comme un tableau vivant o\u00f9 chaque coin de rue et chaque vignoble chuchotent des histoires d&#039;autrefois\" \/>\n<meta property=\"og:url\" content=\"https:\/\/greenwichmeridien.fr\/blog\/a-la-une\/aventures-en-provence-un-voyage-dans-le-temps\/\" \/>\n<meta property=\"og:site_name\" content=\"greenwichmeridien\" \/>\n<meta property=\"og:image\" content=\"https:\/\/greenwichmeridien.fr\/blog\/wp-content\/uploads\/2025\/02\/sdxl-332fc16e38e9946e029c556683d3708f.png\" \/>\n\t<meta property=\"og:image:width\" content=\"1200\" \/>\n\t<meta property=\"og:image:height\" content=\"500\" \/>\n\t<meta property=\"og:image:type\" content=\"image\/png\" \/>\n<meta name=\"author\" content=\"Samuel Chalmin\" \/>\n<meta name=\"twitter:card\" content=\"summary_large_image\" \/>\n<script type=\"application\/ld+json\" class=\"yoast-schema-graph\">{\"@context\":\"https:\/\/schema.org\",\"@graph\":[{\"@type\":\"NewsArticle\",\"@id\":\"https:\/\/greenwichmeridien.fr\/blog\/a-la-une\/aventures-en-provence-un-voyage-dans-le-temps\/#article\",\"isPartOf\":{\"@id\":\"https:\/\/greenwichmeridien.fr\/blog\/a-la-une\/aventures-en-provence-un-voyage-dans-le-temps\/\"},\"author\":{\"name\":\"Samuel Chalmin\",\"@id\":\"https:\/\/greenwichmeridien.fr\/blog\/#\/schema\/person\/3c864cdc320801e3db34b663e7e3f816\"},\"headline\":\"Aventures en Provence : un voyage dans le temps\",\"datePublished\":\"2024-12-25T06:35:32+00:00\",\"mainEntityOfPage\":{\"@id\":\"https:\/\/greenwichmeridien.fr\/blog\/a-la-une\/aventures-en-provence-un-voyage-dans-le-temps\/\"},\"wordCount\":1686,\"commentCount\":0,\"publisher\":{\"@id\":\"https:\/\/greenwichmeridien.fr\/blog\/#organization\"},\"image\":{\"@id\":\"https:\/\/greenwichmeridien.fr\/blog\/a-la-une\/aventures-en-provence-un-voyage-dans-le-temps\/#primaryimage\"},\"thumbnailUrl\":\"https:\/\/greenwichmeridien.fr\/blog\/wp-content\/uploads\/2025\/02\/sdxl-332fc16e38e9946e029c556683d3708f.png\",\"articleSection\":[\"\u00c0 la une\"],\"inLanguage\":\"fr-FR\",\"potentialAction\":[{\"@type\":\"CommentAction\",\"name\":\"Comment\",\"target\":[\"https:\/\/greenwichmeridien.fr\/blog\/a-la-une\/aventures-en-provence-un-voyage-dans-le-temps\/#respond\"]}]},{\"@type\":\"WebPage\",\"@id\":\"https:\/\/greenwichmeridien.fr\/blog\/a-la-une\/aventures-en-provence-un-voyage-dans-le-temps\/\",\"url\":\"https:\/\/greenwichmeridien.fr\/blog\/a-la-une\/aventures-en-provence-un-voyage-dans-le-temps\/\",\"name\":\"Provence : Voyage \u00e0 Travers le Temps et les Merveilles\",\"isPartOf\":{\"@id\":\"https:\/\/greenwichmeridien.fr\/blog\/#website\"},\"primaryImageOfPage\":{\"@id\":\"https:\/\/greenwichmeridien.fr\/blog\/a-la-une\/aventures-en-provence-un-voyage-dans-le-temps\/#primaryimage\"},\"image\":{\"@id\":\"https:\/\/greenwichmeridien.fr\/blog\/a-la-une\/aventures-en-provence-un-voyage-dans-le-temps\/#primaryimage\"},\"thumbnailUrl\":\"https:\/\/greenwichmeridien.fr\/blog\/wp-content\/uploads\/2025\/02\/sdxl-332fc16e38e9946e029c556683d3708f.png\",\"datePublished\":\"2024-12-25T06:35:32+00:00\",\"description\":\"Au c\u0153ur du Sud de la France, la Provence s'\u00e9panouit comme un tableau vivant o\u00f9 chaque coin de rue et chaque vignoble chuchotent des histoires d'autrefois\",\"inLanguage\":\"fr-FR\",\"potentialAction\":[{\"@type\":\"ReadAction\",\"target\":[\"https:\/\/greenwichmeridien.fr\/blog\/a-la-une\/aventures-en-provence-un-voyage-dans-le-temps\/\"]}]},{\"@type\":\"ImageObject\",\"inLanguage\":\"fr-FR\",\"@id\":\"https:\/\/greenwichmeridien.fr\/blog\/a-la-une\/aventures-en-provence-un-voyage-dans-le-temps\/#primaryimage\",\"url\":\"https:\/\/greenwichmeridien.fr\/blog\/wp-content\/uploads\/2025\/02\/sdxl-332fc16e38e9946e029c556683d3708f.png\",\"contentUrl\":\"https:\/\/greenwichmeridien.fr\/blog\/wp-content\/uploads\/2025\/02\/sdxl-332fc16e38e9946e029c556683d3708f.png\",\"width\":1536,\"height\":640},{\"@type\":\"WebSite\",\"@id\":\"https:\/\/greenwichmeridien.fr\/blog\/#website\",\"url\":\"https:\/\/greenwichmeridien.fr\/blog\/\",\"name\":\"Greenwich M\u00e9ridien\",\"description\":\"Greenwich M\u00e9ridien, le rep\u00e8re du temps et du voyage\",\"publisher\":{\"@id\":\"https:\/\/greenwichmeridien.fr\/blog\/#organization\"},\"alternateName\":\"Greenwich M\u00e9ridien, le rep\u00e8re du temps et du voyage\",\"potentialAction\":[{\"@type\":\"SearchAction\",\"target\":{\"@type\":\"EntryPoint\",\"urlTemplate\":\"https:\/\/greenwichmeridien.fr\/blog\/?s={search_term_string}\"},\"query-input\":{\"@type\":\"PropertyValueSpecification\",\"valueRequired\":true,\"valueName\":\"search_term_string\"}}],\"inLanguage\":\"fr-FR\"},{\"@type\":\"Organization\",\"@id\":\"https:\/\/greenwichmeridien.fr\/blog\/#organization\",\"name\":\"Greenwich M\u00e9ridien\",\"alternateName\":\"Greenwich M\u00e9ridien\",\"url\":\"https:\/\/greenwichmeridien.fr\/blog\/\",\"logo\":{\"@type\":\"ImageObject\",\"inLanguage\":\"fr-FR\",\"@id\":\"https:\/\/greenwichmeridien.fr\/blog\/#\/schema\/logo\/image\/\",\"url\":\"https:\/\/greenwichmeridien.fr\/blog\/wp-content\/uploads\/2024\/12\/greenwichmeridien.png\",\"contentUrl\":\"https:\/\/greenwichmeridien.fr\/blog\/wp-content\/uploads\/2024\/12\/greenwichmeridien.png\",\"width\":500,\"height\":500,\"caption\":\"Greenwich M\u00e9ridien\"},\"image\":{\"@id\":\"https:\/\/greenwichmeridien.fr\/blog\/#\/schema\/logo\/image\/\"}},{\"@type\":\"Person\",\"@id\":\"https:\/\/greenwichmeridien.fr\/blog\/#\/schema\/person\/3c864cdc320801e3db34b663e7e3f816\",\"name\":\"Samuel Chalmin\",\"image\":{\"@type\":\"ImageObject\",\"inLanguage\":\"fr-FR\",\"@id\":\"https:\/\/greenwichmeridien.fr\/blog\/#\/schema\/person\/image\/\",\"url\":\"https:\/\/secure.gravatar.com\/avatar\/cef3677de7d237273d13053728f9470818581a8a27d9bf6f5039fd18508a905f?s=96&d=mm&r=g\",\"contentUrl\":\"https:\/\/secure.gravatar.com\/avatar\/cef3677de7d237273d13053728f9470818581a8a27d9bf6f5039fd18508a905f?s=96&d=mm&r=g\",\"caption\":\"Samuel Chalmin\"},\"description\":\"R\u00e9dacteur du site, il suit les questions de temps et de calendrier : m\u00e9ridien de Greenwich, heure GMT et UTC, fuseaux horaires, changement d'heure, ann\u00e9es bissextiles et jours f\u00e9ri\u00e9s.\",\"sameAs\":[\"https:\/\/samuelchalmin.fr\/\"],\"url\":\"https:\/\/greenwichmeridien.fr\/blog\/auteur\/noname\/\"}]}<\/script>\n<!-- \/ Yoast SEO Premium plugin. -->","yoast_head_json":{"title":"Provence : Voyage \u00e0 Travers le Temps et les Merveilles","description":"Au c\u0153ur du Sud de la France, la Provence s'\u00e9panouit comme un tableau vivant o\u00f9 chaque coin de rue et chaque vignoble chuchotent des histoires d'autrefois","robots":{"index":"index","follow":"follow","max-snippet":"max-snippet:-1","max-image-preview":"max-image-preview:large","max-video-preview":"max-video-preview:-1"},"canonical":"https:\/\/greenwichmeridien.fr\/blog\/a-la-une\/aventures-en-provence-un-voyage-dans-le-temps\/","og_locale":"fr_FR","og_type":"article","og_title":"Provence : Voyage \u00e0 Travers le Temps et les Merveilles","og_description":"Au c\u0153ur du Sud de la France, la Provence s'\u00e9panouit comme un tableau vivant o\u00f9 chaque coin de rue et chaque vignoble chuchotent des histoires d'autrefois","og_url":"https:\/\/greenwichmeridien.fr\/blog\/a-la-une\/aventures-en-provence-un-voyage-dans-le-temps\/","og_site_name":"greenwichmeridien","og_image":[{"url":"https:\/\/greenwichmeridien.fr\/blog\/wp-content\/uploads\/2025\/02\/sdxl-332fc16e38e9946e029c556683d3708f.png","width":1200,"height":500,"type":"image\/png"}],"author":"Samuel Chalmin","twitter_card":"summary_large_image","schema":{"@context":"https:\/\/schema.org","@graph":[{"@type":"NewsArticle","@id":"https:\/\/greenwichmeridien.fr\/blog\/a-la-une\/aventures-en-provence-un-voyage-dans-le-temps\/#article","isPartOf":{"@id":"https:\/\/greenwichmeridien.fr\/blog\/a-la-une\/aventures-en-provence-un-voyage-dans-le-temps\/"},"author":{"name":"Samuel Chalmin","@id":"https:\/\/greenwichmeridien.fr\/blog\/#\/schema\/person\/3c864cdc320801e3db34b663e7e3f816"},"headline":"Aventures en Provence : un voyage dans le temps","datePublished":"2024-12-25T06:35:32+00:00","mainEntityOfPage":{"@id":"https:\/\/greenwichmeridien.fr\/blog\/a-la-une\/aventures-en-provence-un-voyage-dans-le-temps\/"},"wordCount":1686,"commentCount":0,"publisher":{"@id":"https:\/\/greenwichmeridien.fr\/blog\/#organization"},"image":{"@id":"https:\/\/greenwichmeridien.fr\/blog\/a-la-une\/aventures-en-provence-un-voyage-dans-le-temps\/#primaryimage"},"thumbnailUrl":"https:\/\/greenwichmeridien.fr\/blog\/wp-content\/uploads\/2025\/02\/sdxl-332fc16e38e9946e029c556683d3708f.png","articleSection":["\u00c0 la une"],"inLanguage":"fr-FR","potentialAction":[{"@type":"CommentAction","name":"Comment","target":["https:\/\/greenwichmeridien.fr\/blog\/a-la-une\/aventures-en-provence-un-voyage-dans-le-temps\/#respond"]}]},{"@type":"WebPage","@id":"https:\/\/greenwichmeridien.fr\/blog\/a-la-une\/aventures-en-provence-un-voyage-dans-le-temps\/","url":"https:\/\/greenwichmeridien.fr\/blog\/a-la-une\/aventures-en-provence-un-voyage-dans-le-temps\/","name":"Provence : Voyage \u00e0 Travers le Temps et les Merveilles","isPartOf":{"@id":"https:\/\/greenwichmeridien.fr\/blog\/#website"},"primaryImageOfPage":{"@id":"https:\/\/greenwichmeridien.fr\/blog\/a-la-une\/aventures-en-provence-un-voyage-dans-le-temps\/#primaryimage"},"image":{"@id":"https:\/\/greenwichmeridien.fr\/blog\/a-la-une\/aventures-en-provence-un-voyage-dans-le-temps\/#primaryimage"},"thumbnailUrl":"https:\/\/greenwichmeridien.fr\/blog\/wp-content\/uploads\/2025\/02\/sdxl-332fc16e38e9946e029c556683d3708f.png","datePublished":"2024-12-25T06:35:32+00:00","description":"Au c\u0153ur du Sud de la France, la Provence s'\u00e9panouit comme un tableau vivant o\u00f9 chaque coin de rue et chaque vignoble chuchotent des histoires d'autrefois","inLanguage":"fr-FR","potentialAction":[{"@type":"ReadAction","target":["https:\/\/greenwichmeridien.fr\/blog\/a-la-une\/aventures-en-provence-un-voyage-dans-le-temps\/"]}]},{"@type":"ImageObject","inLanguage":"fr-FR","@id":"https:\/\/greenwichmeridien.fr\/blog\/a-la-une\/aventures-en-provence-un-voyage-dans-le-temps\/#primaryimage","url":"https:\/\/greenwichmeridien.fr\/blog\/wp-content\/uploads\/2025\/02\/sdxl-332fc16e38e9946e029c556683d3708f.png","contentUrl":"https:\/\/greenwichmeridien.fr\/blog\/wp-content\/uploads\/2025\/02\/sdxl-332fc16e38e9946e029c556683d3708f.png","width":1536,"height":640},{"@type":"WebSite","@id":"https:\/\/greenwichmeridien.fr\/blog\/#website","url":"https:\/\/greenwichmeridien.fr\/blog\/","name":"Greenwich M\u00e9ridien","description":"Greenwich M\u00e9ridien, le rep\u00e8re du temps et du voyage","publisher":{"@id":"https:\/\/greenwichmeridien.fr\/blog\/#organization"},"alternateName":"Greenwich M\u00e9ridien, le rep\u00e8re du temps et du voyage","potentialAction":[{"@type":"SearchAction","target":{"@type":"EntryPoint","urlTemplate":"https:\/\/greenwichmeridien.fr\/blog\/?s={search_term_string}"},"query-input":{"@type":"PropertyValueSpecification","valueRequired":true,"valueName":"search_term_string"}}],"inLanguage":"fr-FR"},{"@type":"Organization","@id":"https:\/\/greenwichmeridien.fr\/blog\/#organization","name":"Greenwich M\u00e9ridien","alternateName":"Greenwich M\u00e9ridien","url":"https:\/\/greenwichmeridien.fr\/blog\/","logo":{"@type":"ImageObject","inLanguage":"fr-FR","@id":"https:\/\/greenwichmeridien.fr\/blog\/#\/schema\/logo\/image\/","url":"https:\/\/greenwichmeridien.fr\/blog\/wp-content\/uploads\/2024\/12\/greenwichmeridien.png","contentUrl":"https:\/\/greenwichmeridien.fr\/blog\/wp-content\/uploads\/2024\/12\/greenwichmeridien.png","width":500,"height":500,"caption":"Greenwich M\u00e9ridien"},"image":{"@id":"https:\/\/greenwichmeridien.fr\/blog\/#\/schema\/logo\/image\/"}},{"@type":"Person","@id":"https:\/\/greenwichmeridien.fr\/blog\/#\/schema\/person\/3c864cdc320801e3db34b663e7e3f816","name":"Samuel Chalmin","image":{"@type":"ImageObject","inLanguage":"fr-FR","@id":"https:\/\/greenwichmeridien.fr\/blog\/#\/schema\/person\/image\/","url":"https:\/\/secure.gravatar.com\/avatar\/cef3677de7d237273d13053728f9470818581a8a27d9bf6f5039fd18508a905f?s=96&d=mm&r=g","contentUrl":"https:\/\/secure.gravatar.com\/avatar\/cef3677de7d237273d13053728f9470818581a8a27d9bf6f5039fd18508a905f?s=96&d=mm&r=g","caption":"Samuel Chalmin"},"description":"R\u00e9dacteur du site, il suit les questions de temps et de calendrier : m\u00e9ridien de Greenwich, heure GMT et UTC, fuseaux horaires, changement d'heure, ann\u00e9es bissextiles et jours f\u00e9ri\u00e9s.","sameAs":["https:\/\/samuelchalmin.fr\/"],"url":"https:\/\/greenwichmeridien.fr\/blog\/auteur\/noname\/"}]}},"_links":{"self":[{"href":"https:\/\/greenwichmeridien.fr\/blog\/wp-json\/wp\/v2\/posts\/7354","targetHints":{"allow":["GET"]}}],"collection":[{"href":"https:\/\/greenwichmeridien.fr\/blog\/wp-json\/wp\/v2\/posts"}],"about":[{"href":"https:\/\/greenwichmeridien.fr\/blog\/wp-json\/wp\/v2\/types\/post"}],"author":[{"embeddable":true,"href":"https:\/\/greenwichmeridien.fr\/blog\/wp-json\/wp\/v2\/users\/34"}],"replies":[{"embeddable":true,"href":"https:\/\/greenwichmeridien.fr\/blog\/wp-json\/wp\/v2\/comments?post=7354"}],"version-history":[{"count":0,"href":"https:\/\/greenwichmeridien.fr\/blog\/wp-json\/wp\/v2\/posts\/7354\/revisions"}],"wp:featuredmedia":[{"embeddable":true,"href":"https:\/\/greenwichmeridien.fr\/blog\/wp-json\/wp\/v2\/media\/7388"}],"wp:attachment":[{"href":"https:\/\/greenwichmeridien.fr\/blog\/wp-json\/wp\/v2\/media?parent=7354"}],"wp:term":[{"taxonomy":"category","embeddable":true,"href":"https:\/\/greenwichmeridien.fr\/blog\/wp-json\/wp\/v2\/categories?post=7354"},{"taxonomy":"post_tag","embeddable":true,"href":"https:\/\/greenwichmeridien.fr\/blog\/wp-json\/wp\/v2\/tags?post=7354"}],"curies":[{"name":"wp","href":"https:\/\/api.w.org\/{rel}","templated":true}]}}