{"id":7355,"date":"2024-12-26T07:43:11","date_gmt":"2024-12-26T06:43:11","guid":{"rendered":"https:\/\/greenwichmeridien.fr\/blog\/a-la-une\/les-festivals-culturels-incontournables-de-france\/"},"modified":"2024-12-26T07:43:11","modified_gmt":"2024-12-26T06:43:11","slug":"les-festivals-culturels-incontournables-de-france","status":"publish","type":"post","link":"https:\/\/greenwichmeridien.fr\/blog\/a-la-une\/les-festivals-culturels-incontournables-de-france\/","title":{"rendered":"Les festivals culturels incontournables de France"},"content":{"rendered":"\n\n<p class=\"wp-block-paragraph\">La France, terre d&rsquo;histoire et de <strong>diversit\u00e9 culturelle<\/strong>, s&rsquo;\u00e9panouit chaque ann\u00e9e \u00e0 travers des <strong>festivals<\/strong> qui c\u00e9l\u00e8brent la musique, le cin\u00e9ma, la danse, et bien plus encore. Ces \u00e9v\u00e9nements embl\u00e9matiques ne sont pas seulement des occasions de profiter de spectacles \u00e9blouissants, mais aussi des moments privil\u00e9gi\u00e9s pour <strong>d\u00e9couvrir<\/strong> des traditions, rencontrer des artistes passionn\u00e9s, et vivre en direct l&rsquo;expression de la cr\u00e9ativit\u00e9 humaine. Des sc\u00e8nes flamboyantes de <strong>Avignon<\/strong> aux rythmes envo\u00fbtants de <strong>Jazz \u00e0 Vienne<\/strong>, chaque festival offre une exp\u00e9rience immersive unique, permettant de tisser des liens entre les cultures et de partager des \u00e9motions. Explorer ces festivals, c&rsquo;est plonger au c\u0153ur d&rsquo;un v\u00e9ritable <strong>patrimoine vivant<\/strong>, une invitation \u00e0 c\u00e9l\u00e9brer la <strong>richesse<\/strong> et la <strong>vitalit\u00e9<\/strong> des arts en France.<\/p>\n\n\n\n<p class=\"wp-block-paragraph\">Les <strong>festivals culturels<\/strong> en France occupent une place centrale dans le paysage socioculturel et festif du pays. Ils ne se contentent pas d&rsquo;\u00eatre de simples \u00e9v\u00e9nements, mais ils constituent des <strong>m\u00e9dias vivants<\/strong> par lesquels se transmettent l&rsquo;identit\u00e9, l&rsquo;histoire et la cr\u00e9ativit\u00e9 fran\u00e7aise. Chaque \u00e9dition, que ce soit un grand rassemblement musical ou une c\u00e9l\u00e9bration du th\u00e9\u00e2tre, renforce les liens entre les g\u00e9n\u00e9rations et rappelle la <strong>richesse<\/strong> de l&rsquo;h\u00e9ritage culturel qui nous unit.<\/p>\n\n\n<h2 class=\"wp-block-heading\">Un Miroir de l&rsquo;H\u00e9ritage Culturel<\/h2>\n\n\n<p class=\"wp-block-paragraph\">Prendre part \u00e0 des festivals comme le <strong>Festival d&rsquo;Avignon<\/strong> ou la <strong>F\u00eate des Lumi\u00e8res<\/strong> \u00e0 Lyon, c&rsquo;est plonger dans une exp\u00e9rience immersive o\u00f9 l&rsquo;on d\u00e9couvre des \u0153uvres d&rsquo;art contemporaines, ainsi que des traditions s\u00e9culaires. Ces moments de partage participent \u00e0 la mise en lumi\u00e8re d&rsquo;un <strong>patrimoine vivant<\/strong> qui \u00e9volue tout en pr\u00e9servant ses racines. Ces programmes permettent aussi aux jeunes artistes de pr\u00e9senter leur \u0153uvre, assurant ainsi la <strong>transmission des savoirs<\/strong> \u00e0 travers la cr\u00e9ativit\u00e9.<\/p>\n\n\n<h2 class=\"wp-block-heading\">Une Incitation au Tourisme Culturel<\/h2>\n\n\n<p class=\"wp-block-paragraph\">Outre leur r\u00f4le culturel, les festivals sont \u00e9galement de r\u00e9els vecteurs de <strong>tourisme<\/strong>. Des \u00e9v\u00e9nements embl\u00e9matiques attirent chaque ann\u00e9e des millions de visiteurs, qui viennent non seulement profiter de spectacles de qualit\u00e9, mais aussi d\u00e9couvrir les r\u00e9gions o\u00f9 ces festivals ont lieu. Par exemple, le <strong>Hellfest<\/strong> en Vend\u00e9e ou les <strong>Vieilles Charrues<\/strong> en Bretagne ne sont pas seulement des f\u00eates de la musique; ils sont des invitations \u00e0 explorer des terroirs et des traditions locales. De mani\u00e8re plus large, ces festivals jouent un r\u00f4le \u00e9conomique significatif, soutenant l&rsquo;artisanat local, les h\u00f4teliers et les restaurateurs.<\/p>\n\n\n<h2 class=\"wp-block-heading\">Festivals et Coh\u00e9sion Sociale<\/h2>\n\n\n<p class=\"wp-block-paragraph\">Enfin, les festivals en France ont une fonction rassembleuse. Ils cr\u00e9ent des espaces o\u00f9 les gens se rencontrent, \u00e9changent, et c\u00e9l\u00e8brent ensemble des formes d&rsquo;art vari\u00e9es, de la musique au th\u00e9\u00e2tre, en passant par le cin\u00e9ma. La <strong>F\u00eate de la Musique<\/strong>, par exemple, incarne cette philosophie de l&rsquo;ouverture et du partage qui fait la force de la culture fran\u00e7aise.<\/p>\n\n\n\n<h2 class=\"wp-block-heading\">Festival de Cannes<\/h2>\n\n\n<p class=\"wp-block-paragraph\">Inaugur\u00e9 en <strong>1946<\/strong>, le <strong>Festival de Cannes<\/strong> est devenu l&rsquo;un des \u00e9v\u00e9nements cin\u00e9matographiques les plus prestigieux au monde. Chaque printemps, il attire des stars de tous horizons sur la c\u00e9l\u00e8bre <strong>Croisette<\/strong>. Entre glamour et comp\u00e9tition, le festival se distingue par son jury d&rsquo;experts qui d\u00e9cerne la <strong>Palme d&rsquo;Or<\/strong> \u00e0 des films d&rsquo;exception, r\u00e9v\u00e9lant des talents tant fran\u00e7ais qu&rsquo;internationaux. L\u2019ambiance est \u00e9lectrisante, m\u00ealant projections exclusives, conf\u00e9rences et soir\u00e9es \u00e9toil\u00e9es, faisant de Cannes un v\u00e9ritable pilier de la <strong>culture cin\u00e9matographique<\/strong>.<\/p>\n\n\n<h2 class=\"wp-block-heading\">F\u00eate de la Musique<\/h2>\n\n\n<p class=\"wp-block-paragraph\">Chaque <strong>21 juin<\/strong>, la France c\u00e9l\u00e8bre l&rsquo;arriv\u00e9e de l&rsquo;\u00e9t\u00e9 avec la <strong>F\u00eate de la Musique<\/strong>, un \u00e9v\u00e9nement populaire qui invite les musiciens amateurs et professionnels \u00e0 investir les rues, places publiques et autres lieux de rassemblement. Initi\u00e9e en <strong>1982<\/strong> par le minist\u00e8re de la Culture, cette f\u00eate se veut un hommage \u00e0 la <strong>diversit\u00e9 musicale<\/strong> et \u00e0 l&rsquo;esprit de convivialit\u00e9. Des concerts gratuits, de tous genres musicaux allant du rock au classique, s&rsquo;\u00e9panouissent dans toutes les villes, cr\u00e9ant une atmosph\u00e8re joyeuse et festive. L\u2019originalit\u00e9 de cet \u00e9v\u00e9nement r\u00e9side dans sa capacit\u00e9 \u00e0 rassembler les gens autour de la musique, favorisant les rencontres et les \u00e9changes culturels.<\/p>\n\n\n<h2 class=\"wp-block-heading\">Festival d&rsquo;Avignon<\/h2>\n\n\n<p class=\"wp-block-paragraph\">Le <strong>Festival d&rsquo;Avignon<\/strong>, fond\u00e9 par <strong>Jean Vilar<\/strong> en <strong>1947<\/strong>, est un rendez-vous incontournable pour le <strong>th\u00e9\u00e2tre contemporain<\/strong>. Chaque \u00e9t\u00e9, la ville d&rsquo;Avignon se transforme en une sc\u00e8ne vivante o\u00f9 cr\u00e9ations innovantes et classiques reviennent \u00e0 la vie. Avec des spectacles vari\u00e9s allant du th\u00e9\u00e2tre aux performances multim\u00e9dias, ce festival attire des milliers de spectateurs avides de <strong>culture<\/strong>. L\u2019ambiance est unique, avec des spectacles dans les rues, des artistes de tous horizons et une soci\u00e9t\u00e9 des arts vibrante. Chaque \u00e9dition promet de nouvelles d\u00e9couvertes, d\u00e9stabilisant les conventions traditionnelles du spectacle vivant.<\/p>\n\n\n\n<h2 class=\"wp-block-heading\">Juin<\/h2>\n\n\n<ul class=\"wp-block-list\">\n\n<li><strong>F\u00eate de la Musique<\/strong> &#8211; Partout en France (musique)<\/li>\n\n\n<li><strong>Festival de Jazz \u00e0 Nice<\/strong> &#8211; Nice (jazz)<\/li>\n\n<\/ul>\n\n\n<h2 class=\"wp-block-heading\">Juillet<\/h2>\n\n\n<ul class=\"wp-block-list\">\n\n<li><strong>Les Vieilles Charrues<\/strong> &#8211; Carhaix, Bretagne (musique)<\/li>\n\n\n<li><strong>Festival d&rsquo;Avignon<\/strong> &#8211; Avignon (th\u00e9\u00e2tre, spectacle vivant)<\/li>\n\n<\/ul>\n\n\n<h2 class=\"wp-block-heading\">Ao\u00fbt<\/h2>\n\n\n<ul class=\"wp-block-list\">\n\n<li><strong>Festival en son et lumi\u00e8re<\/strong> &#8211; Puy du Fou (spectacle historique)<\/li>\n\n\n<li><strong>Eurock\u00e9ennes<\/strong> &#8211; Belfort (musique)<\/li>\n\n<\/ul>\n\n\n<h2 class=\"wp-block-heading\">Septembre<\/h2>\n\n\n<ul class=\"wp-block-list\">\n\n<li><strong>F\u00eate des Vendanges<\/strong> &#8211; Paris (cultural, vin)<\/li>\n\n\n<li><strong>Biennale de Lyon<\/strong> &#8211; Lyon (art contemporain)<\/li>\n\n<\/ul>\n\n\n<h2 class=\"wp-block-heading\">Octobre<\/h2>\n\n\n<ul class=\"wp-block-list\">\n\n<li><strong>Festival Lumi\u00e8re<\/strong> &#8211; Lyon (cin\u00e9ma)<\/li>\n\n<\/ul>\n\n\n<h2 class=\"wp-block-heading\">Novembre<\/h2>\n\n\n<ul class=\"wp-block-list\">\n\n<li><strong>Festival International du Documentaire<\/strong> &#8211; Marseille (film documentaire)<\/li>\n\n<\/ul>\n\n\n<h2 class=\"wp-block-heading\">D\u00e9cembre<\/h2>\n\n\n<ul class=\"wp-block-list\">\n\n<li><strong>March\u00e9 de No\u00ebl<\/strong> &#8211; Strasbourg (culture, gastronomie)<\/li>\n\n\n<li><strong>F\u00eate des Lumi\u00e8res<\/strong> &#8211; Lyon (art, illuminations)<\/li>\n\n<\/ul>\n\n\n\n<p class=\"wp-block-paragraph\">Les <strong>festivals<\/strong> en France sont bien plus que de simples \u00e9v\u00e9nements. Ils repr\u00e9sentent une <strong>richesse culturelle<\/strong> et un moyen exceptionnel de d\u00e9couvrir des traditions, des arts et des musiques qui animent chaque r\u00e9gion. Que ce soit le <strong>Festival de Cannes<\/strong>, qui c\u00e9l\u00e8bre le cin\u00e9ma, ou le <strong>Festival d\u2019Avignon<\/strong>, pilier du th\u00e9\u00e2tre, chaque festival a sa propre <strong>identit\u00e9<\/strong> et son histoire.<\/p>\n\n\n<p class=\"wp-block-paragraph\">Ces \u00e9v\u00e9nements attirent non seulement des <strong>touristes<\/strong> du monde entier, mais ils rassemblent \u00e9galement les <strong>habitants locaux<\/strong>, cr\u00e9ant ainsi un esprit de communaut\u00e9. Les festivals favorisent les <strong>rencontres<\/strong>, que ce soit autour d\u2019un verre de vin lors des <strong>f\u00eates viticoles<\/strong> ou au rythme des <strong>concerts<\/strong> lors des festivals de musique. Ils sont un <strong>vecteur d&rsquo;\u00e9changes<\/strong> culturels, o\u00f9 artistes \u00e9mergents et confirm\u00e9s se c\u00f4toient.<\/p>\n\n\n<p class=\"wp-block-paragraph\">Participer \u00e0 ces festivals, c&rsquo;est s\u2019offrir une <strong>immersion<\/strong> totale dans la culture fran\u00e7aise et ses multiples facettes. Cela permet non seulement de d\u00e9couvrir de nouveaux talents, mais \u00e9galement de vivre des moments uniques qui resteront grav\u00e9s dans les m\u00e9moires. Que vous soyez amateur de <strong>musique<\/strong>, d\u2019<strong>arts visuels<\/strong>, de <strong>th\u00e9\u00e2tre<\/strong> ou de <strong>gastronomie<\/strong>, il existe un festival pour chacun d&rsquo;entre vous.<\/p>\n\n\n<p class=\"wp-block-paragraph\">Alors n&rsquo;h\u00e9sitez pas \u00e0 explorer ces <strong>\u00e9v\u00e9nements embl\u00e9matiques<\/strong> qui enrichissent notre patrimoine culturel et tissent des liens entre les individus et les communaut\u00e9s. Participez \u00e0 cette <strong>aventure humaine<\/strong> qui fait vibrer la France au rythme de ses festivals !<\/p>\n\n\n<figure class=\"wp-block-embed is-type-video is-provider-youtube wp-block-embed-youtube wp-embed-aspect-16-9 wp-has-aspect-ratio\">\n<div class=\"wp-block-embed__wrapper\">\n<iframe loading=\"lazy\" title=\"Top 10 Cultural Festivals in France #shorts  #trending #viralvideo #top10culturalfestivals #top10\" width=\"1200\" height=\"900\" src=\"https:\/\/www.youtube.com\/embed\/PlglMJH_5Kw?feature=oembed\" frameborder=\"0\" allow=\"accelerometer; autoplay; clipboard-write; encrypted-media; gyroscope; picture-in-picture; web-share\" referrerpolicy=\"strict-origin-when-cross-origin\" allowfullscreen><\/iframe>\n<\/div>\n<\/figure>\n","protected":false},"excerpt":{"rendered":"","protected":false},"author":34,"featured_media":7393,"comment_status":"open","ping_status":"open","sticky":false,"template":"","format":"standard","meta":{"_acf_changed":false,"manual_indexmenow":false,"indexmenow_id_project":0,"footnotes":""},"categories":[1],"tags":[],"class_list":["post-7355","post","type-post","status-publish","format-standard","has-post-thumbnail","hentry","category-a-la-une","generate-columns","tablet-grid-50","mobile-grid-100","grid-parent","grid-25"],"acf":[],"yoast_head":"<!-- This site is optimized with the Yoast SEO Premium plugin v21.3 (Yoast SEO v25.6) - https:\/\/yoast.com\/wordpress\/plugins\/seo\/ -->\n<title>Les festivals culturels incontournables de France<\/title>\n<meta name=\"description\" content=\"La France, terre d&#039;histoire et de diversit\u00e9 culturelle, s&#039;\u00e9panouit chaque ann\u00e9e \u00e0 travers des festivals qui c\u00e9l\u00e8brent la musique, le cin\u00e9ma, la danse, et\" \/>\n<meta name=\"robots\" content=\"index, follow, max-snippet:-1, max-image-preview:large, max-video-preview:-1\" \/>\n<link rel=\"canonical\" href=\"https:\/\/greenwichmeridien.fr\/blog\/a-la-une\/les-festivals-culturels-incontournables-de-france\/\" \/>\n<meta property=\"og:locale\" content=\"fr_FR\" \/>\n<meta property=\"og:type\" content=\"article\" \/>\n<meta property=\"og:title\" content=\"Les festivals culturels incontournables de France\" \/>\n<meta property=\"og:description\" content=\"La France, terre d&#039;histoire et de diversit\u00e9 culturelle, s&#039;\u00e9panouit chaque ann\u00e9e \u00e0 travers des festivals qui c\u00e9l\u00e8brent la musique, le cin\u00e9ma, la danse, et\" \/>\n<meta property=\"og:url\" content=\"https:\/\/greenwichmeridien.fr\/blog\/a-la-une\/les-festivals-culturels-incontournables-de-france\/\" \/>\n<meta property=\"og:site_name\" content=\"greenwichmeridien\" \/>\n<meta property=\"og:image\" content=\"https:\/\/greenwichmeridien.fr\/blog\/wp-content\/uploads\/2025\/02\/sdxl-f5c32fb1da7b00444b2cd810ddf68f6f.png\" \/>\n\t<meta property=\"og:image:width\" content=\"1536\" \/>\n\t<meta property=\"og:image:height\" content=\"640\" \/>\n\t<meta property=\"og:image:type\" content=\"image\/png\" \/>\n<meta name=\"author\" content=\"Samuel Chalmin\" \/>\n<meta name=\"twitter:card\" content=\"summary_large_image\" \/>\n<script type=\"application\/ld+json\" class=\"yoast-schema-graph\">{\"@context\":\"https:\/\/schema.org\",\"@graph\":[{\"@type\":\"NewsArticle\",\"@id\":\"https:\/\/greenwichmeridien.fr\/blog\/a-la-une\/les-festivals-culturels-incontournables-de-france\/#article\",\"isPartOf\":{\"@id\":\"https:\/\/greenwichmeridien.fr\/blog\/a-la-une\/les-festivals-culturels-incontournables-de-france\/\"},\"author\":{\"name\":\"Samuel Chalmin\",\"@id\":\"https:\/\/greenwichmeridien.fr\/blog\/#\/schema\/person\/3c864cdc320801e3db34b663e7e3f816\"},\"headline\":\"Les festivals culturels incontournables de France\",\"datePublished\":\"2024-12-26T06:43:11+00:00\",\"mainEntityOfPage\":{\"@id\":\"https:\/\/greenwichmeridien.fr\/blog\/a-la-une\/les-festivals-culturels-incontournables-de-france\/\"},\"wordCount\":1195,\"commentCount\":0,\"publisher\":{\"@id\":\"https:\/\/greenwichmeridien.fr\/blog\/#organization\"},\"image\":{\"@id\":\"https:\/\/greenwichmeridien.fr\/blog\/a-la-une\/les-festivals-culturels-incontournables-de-france\/#primaryimage\"},\"thumbnailUrl\":\"https:\/\/greenwichmeridien.fr\/blog\/wp-content\/uploads\/2025\/02\/sdxl-f5c32fb1da7b00444b2cd810ddf68f6f.png\",\"articleSection\":[\"\u00c0 la une\"],\"inLanguage\":\"fr-FR\",\"potentialAction\":[{\"@type\":\"CommentAction\",\"name\":\"Comment\",\"target\":[\"https:\/\/greenwichmeridien.fr\/blog\/a-la-une\/les-festivals-culturels-incontournables-de-france\/#respond\"]}]},{\"@type\":\"WebPage\",\"@id\":\"https:\/\/greenwichmeridien.fr\/blog\/a-la-une\/les-festivals-culturels-incontournables-de-france\/\",\"url\":\"https:\/\/greenwichmeridien.fr\/blog\/a-la-une\/les-festivals-culturels-incontournables-de-france\/\",\"name\":\"Les festivals culturels incontournables de France\",\"isPartOf\":{\"@id\":\"https:\/\/greenwichmeridien.fr\/blog\/#website\"},\"primaryImageOfPage\":{\"@id\":\"https:\/\/greenwichmeridien.fr\/blog\/a-la-une\/les-festivals-culturels-incontournables-de-france\/#primaryimage\"},\"image\":{\"@id\":\"https:\/\/greenwichmeridien.fr\/blog\/a-la-une\/les-festivals-culturels-incontournables-de-france\/#primaryimage\"},\"thumbnailUrl\":\"https:\/\/greenwichmeridien.fr\/blog\/wp-content\/uploads\/2025\/02\/sdxl-f5c32fb1da7b00444b2cd810ddf68f6f.png\",\"datePublished\":\"2024-12-26T06:43:11+00:00\",\"description\":\"La France, terre d'histoire et de diversit\u00e9 culturelle, s'\u00e9panouit chaque ann\u00e9e \u00e0 travers des festivals qui c\u00e9l\u00e8brent la musique, le cin\u00e9ma, la danse, et\",\"inLanguage\":\"fr-FR\",\"potentialAction\":[{\"@type\":\"ReadAction\",\"target\":[\"https:\/\/greenwichmeridien.fr\/blog\/a-la-une\/les-festivals-culturels-incontournables-de-france\/\"]}]},{\"@type\":\"ImageObject\",\"inLanguage\":\"fr-FR\",\"@id\":\"https:\/\/greenwichmeridien.fr\/blog\/a-la-une\/les-festivals-culturels-incontournables-de-france\/#primaryimage\",\"url\":\"https:\/\/greenwichmeridien.fr\/blog\/wp-content\/uploads\/2025\/02\/sdxl-f5c32fb1da7b00444b2cd810ddf68f6f.png\",\"contentUrl\":\"https:\/\/greenwichmeridien.fr\/blog\/wp-content\/uploads\/2025\/02\/sdxl-f5c32fb1da7b00444b2cd810ddf68f6f.png\",\"width\":1536,\"height\":640},{\"@type\":\"WebSite\",\"@id\":\"https:\/\/greenwichmeridien.fr\/blog\/#website\",\"url\":\"https:\/\/greenwichmeridien.fr\/blog\/\",\"name\":\"Greenwich M\u00e9ridien\",\"description\":\"Greenwich M\u00e9ridien, le rep\u00e8re du temps et du voyage\",\"publisher\":{\"@id\":\"https:\/\/greenwichmeridien.fr\/blog\/#organization\"},\"alternateName\":\"Greenwich M\u00e9ridien, le rep\u00e8re du temps et du voyage\",\"potentialAction\":[{\"@type\":\"SearchAction\",\"target\":{\"@type\":\"EntryPoint\",\"urlTemplate\":\"https:\/\/greenwichmeridien.fr\/blog\/?s={search_term_string}\"},\"query-input\":{\"@type\":\"PropertyValueSpecification\",\"valueRequired\":true,\"valueName\":\"search_term_string\"}}],\"inLanguage\":\"fr-FR\"},{\"@type\":\"Organization\",\"@id\":\"https:\/\/greenwichmeridien.fr\/blog\/#organization\",\"name\":\"Greenwich M\u00e9ridien\",\"alternateName\":\"Greenwich M\u00e9ridien\",\"url\":\"https:\/\/greenwichmeridien.fr\/blog\/\",\"logo\":{\"@type\":\"ImageObject\",\"inLanguage\":\"fr-FR\",\"@id\":\"https:\/\/greenwichmeridien.fr\/blog\/#\/schema\/logo\/image\/\",\"url\":\"https:\/\/greenwichmeridien.fr\/blog\/wp-content\/uploads\/2024\/12\/greenwichmeridien.png\",\"contentUrl\":\"https:\/\/greenwichmeridien.fr\/blog\/wp-content\/uploads\/2024\/12\/greenwichmeridien.png\",\"width\":500,\"height\":500,\"caption\":\"Greenwich M\u00e9ridien\"},\"image\":{\"@id\":\"https:\/\/greenwichmeridien.fr\/blog\/#\/schema\/logo\/image\/\"}},{\"@type\":\"Person\",\"@id\":\"https:\/\/greenwichmeridien.fr\/blog\/#\/schema\/person\/3c864cdc320801e3db34b663e7e3f816\",\"name\":\"Samuel Chalmin\",\"image\":{\"@type\":\"ImageObject\",\"inLanguage\":\"fr-FR\",\"@id\":\"https:\/\/greenwichmeridien.fr\/blog\/#\/schema\/person\/image\/\",\"url\":\"https:\/\/secure.gravatar.com\/avatar\/cef3677de7d237273d13053728f9470818581a8a27d9bf6f5039fd18508a905f?s=96&d=mm&r=g\",\"contentUrl\":\"https:\/\/secure.gravatar.com\/avatar\/cef3677de7d237273d13053728f9470818581a8a27d9bf6f5039fd18508a905f?s=96&d=mm&r=g\",\"caption\":\"Samuel Chalmin\"},\"description\":\"R\u00e9dacteur du site, il suit les questions de temps et de calendrier : m\u00e9ridien de Greenwich, heure GMT et UTC, fuseaux horaires, changement d'heure, ann\u00e9es bissextiles et jours f\u00e9ri\u00e9s.\",\"sameAs\":[\"https:\/\/samuelchalmin.fr\/\"],\"url\":\"https:\/\/greenwichmeridien.fr\/blog\/auteur\/noname\/\"}]}<\/script>\n<!-- \/ Yoast SEO Premium plugin. -->","yoast_head_json":{"title":"Les festivals culturels incontournables de France","description":"La France, terre d'histoire et de diversit\u00e9 culturelle, s'\u00e9panouit chaque ann\u00e9e \u00e0 travers des festivals qui c\u00e9l\u00e8brent la musique, le cin\u00e9ma, la danse, et","robots":{"index":"index","follow":"follow","max-snippet":"max-snippet:-1","max-image-preview":"max-image-preview:large","max-video-preview":"max-video-preview:-1"},"canonical":"https:\/\/greenwichmeridien.fr\/blog\/a-la-une\/les-festivals-culturels-incontournables-de-france\/","og_locale":"fr_FR","og_type":"article","og_title":"Les festivals culturels incontournables de France","og_description":"La France, terre d'histoire et de diversit\u00e9 culturelle, s'\u00e9panouit chaque ann\u00e9e \u00e0 travers des festivals qui c\u00e9l\u00e8brent la musique, le cin\u00e9ma, la danse, et","og_url":"https:\/\/greenwichmeridien.fr\/blog\/a-la-une\/les-festivals-culturels-incontournables-de-france\/","og_site_name":"greenwichmeridien","og_image":[{"width":1536,"height":640,"url":"https:\/\/greenwichmeridien.fr\/blog\/wp-content\/uploads\/2025\/02\/sdxl-f5c32fb1da7b00444b2cd810ddf68f6f.png","type":"image\/png"}],"author":"Samuel Chalmin","twitter_card":"summary_large_image","schema":{"@context":"https:\/\/schema.org","@graph":[{"@type":"NewsArticle","@id":"https:\/\/greenwichmeridien.fr\/blog\/a-la-une\/les-festivals-culturels-incontournables-de-france\/#article","isPartOf":{"@id":"https:\/\/greenwichmeridien.fr\/blog\/a-la-une\/les-festivals-culturels-incontournables-de-france\/"},"author":{"name":"Samuel Chalmin","@id":"https:\/\/greenwichmeridien.fr\/blog\/#\/schema\/person\/3c864cdc320801e3db34b663e7e3f816"},"headline":"Les festivals culturels incontournables de France","datePublished":"2024-12-26T06:43:11+00:00","mainEntityOfPage":{"@id":"https:\/\/greenwichmeridien.fr\/blog\/a-la-une\/les-festivals-culturels-incontournables-de-france\/"},"wordCount":1195,"commentCount":0,"publisher":{"@id":"https:\/\/greenwichmeridien.fr\/blog\/#organization"},"image":{"@id":"https:\/\/greenwichmeridien.fr\/blog\/a-la-une\/les-festivals-culturels-incontournables-de-france\/#primaryimage"},"thumbnailUrl":"https:\/\/greenwichmeridien.fr\/blog\/wp-content\/uploads\/2025\/02\/sdxl-f5c32fb1da7b00444b2cd810ddf68f6f.png","articleSection":["\u00c0 la une"],"inLanguage":"fr-FR","potentialAction":[{"@type":"CommentAction","name":"Comment","target":["https:\/\/greenwichmeridien.fr\/blog\/a-la-une\/les-festivals-culturels-incontournables-de-france\/#respond"]}]},{"@type":"WebPage","@id":"https:\/\/greenwichmeridien.fr\/blog\/a-la-une\/les-festivals-culturels-incontournables-de-france\/","url":"https:\/\/greenwichmeridien.fr\/blog\/a-la-une\/les-festivals-culturels-incontournables-de-france\/","name":"Les festivals culturels incontournables de France","isPartOf":{"@id":"https:\/\/greenwichmeridien.fr\/blog\/#website"},"primaryImageOfPage":{"@id":"https:\/\/greenwichmeridien.fr\/blog\/a-la-une\/les-festivals-culturels-incontournables-de-france\/#primaryimage"},"image":{"@id":"https:\/\/greenwichmeridien.fr\/blog\/a-la-une\/les-festivals-culturels-incontournables-de-france\/#primaryimage"},"thumbnailUrl":"https:\/\/greenwichmeridien.fr\/blog\/wp-content\/uploads\/2025\/02\/sdxl-f5c32fb1da7b00444b2cd810ddf68f6f.png","datePublished":"2024-12-26T06:43:11+00:00","description":"La France, terre d'histoire et de diversit\u00e9 culturelle, s'\u00e9panouit chaque ann\u00e9e \u00e0 travers des festivals qui c\u00e9l\u00e8brent la musique, le cin\u00e9ma, la danse, et","inLanguage":"fr-FR","potentialAction":[{"@type":"ReadAction","target":["https:\/\/greenwichmeridien.fr\/blog\/a-la-une\/les-festivals-culturels-incontournables-de-france\/"]}]},{"@type":"ImageObject","inLanguage":"fr-FR","@id":"https:\/\/greenwichmeridien.fr\/blog\/a-la-une\/les-festivals-culturels-incontournables-de-france\/#primaryimage","url":"https:\/\/greenwichmeridien.fr\/blog\/wp-content\/uploads\/2025\/02\/sdxl-f5c32fb1da7b00444b2cd810ddf68f6f.png","contentUrl":"https:\/\/greenwichmeridien.fr\/blog\/wp-content\/uploads\/2025\/02\/sdxl-f5c32fb1da7b00444b2cd810ddf68f6f.png","width":1536,"height":640},{"@type":"WebSite","@id":"https:\/\/greenwichmeridien.fr\/blog\/#website","url":"https:\/\/greenwichmeridien.fr\/blog\/","name":"Greenwich M\u00e9ridien","description":"Greenwich M\u00e9ridien, le rep\u00e8re du temps et du voyage","publisher":{"@id":"https:\/\/greenwichmeridien.fr\/blog\/#organization"},"alternateName":"Greenwich M\u00e9ridien, le rep\u00e8re du temps et du voyage","potentialAction":[{"@type":"SearchAction","target":{"@type":"EntryPoint","urlTemplate":"https:\/\/greenwichmeridien.fr\/blog\/?s={search_term_string}"},"query-input":{"@type":"PropertyValueSpecification","valueRequired":true,"valueName":"search_term_string"}}],"inLanguage":"fr-FR"},{"@type":"Organization","@id":"https:\/\/greenwichmeridien.fr\/blog\/#organization","name":"Greenwich M\u00e9ridien","alternateName":"Greenwich M\u00e9ridien","url":"https:\/\/greenwichmeridien.fr\/blog\/","logo":{"@type":"ImageObject","inLanguage":"fr-FR","@id":"https:\/\/greenwichmeridien.fr\/blog\/#\/schema\/logo\/image\/","url":"https:\/\/greenwichmeridien.fr\/blog\/wp-content\/uploads\/2024\/12\/greenwichmeridien.png","contentUrl":"https:\/\/greenwichmeridien.fr\/blog\/wp-content\/uploads\/2024\/12\/greenwichmeridien.png","width":500,"height":500,"caption":"Greenwich M\u00e9ridien"},"image":{"@id":"https:\/\/greenwichmeridien.fr\/blog\/#\/schema\/logo\/image\/"}},{"@type":"Person","@id":"https:\/\/greenwichmeridien.fr\/blog\/#\/schema\/person\/3c864cdc320801e3db34b663e7e3f816","name":"Samuel Chalmin","image":{"@type":"ImageObject","inLanguage":"fr-FR","@id":"https:\/\/greenwichmeridien.fr\/blog\/#\/schema\/person\/image\/","url":"https:\/\/secure.gravatar.com\/avatar\/cef3677de7d237273d13053728f9470818581a8a27d9bf6f5039fd18508a905f?s=96&d=mm&r=g","contentUrl":"https:\/\/secure.gravatar.com\/avatar\/cef3677de7d237273d13053728f9470818581a8a27d9bf6f5039fd18508a905f?s=96&d=mm&r=g","caption":"Samuel Chalmin"},"description":"R\u00e9dacteur du site, il suit les questions de temps et de calendrier : m\u00e9ridien de Greenwich, heure GMT et UTC, fuseaux horaires, changement d'heure, ann\u00e9es bissextiles et jours f\u00e9ri\u00e9s.","sameAs":["https:\/\/samuelchalmin.fr\/"],"url":"https:\/\/greenwichmeridien.fr\/blog\/auteur\/noname\/"}]}},"_links":{"self":[{"href":"https:\/\/greenwichmeridien.fr\/blog\/wp-json\/wp\/v2\/posts\/7355","targetHints":{"allow":["GET"]}}],"collection":[{"href":"https:\/\/greenwichmeridien.fr\/blog\/wp-json\/wp\/v2\/posts"}],"about":[{"href":"https:\/\/greenwichmeridien.fr\/blog\/wp-json\/wp\/v2\/types\/post"}],"author":[{"embeddable":true,"href":"https:\/\/greenwichmeridien.fr\/blog\/wp-json\/wp\/v2\/users\/34"}],"replies":[{"embeddable":true,"href":"https:\/\/greenwichmeridien.fr\/blog\/wp-json\/wp\/v2\/comments?post=7355"}],"version-history":[{"count":0,"href":"https:\/\/greenwichmeridien.fr\/blog\/wp-json\/wp\/v2\/posts\/7355\/revisions"}],"wp:featuredmedia":[{"embeddable":true,"href":"https:\/\/greenwichmeridien.fr\/blog\/wp-json\/wp\/v2\/media\/7393"}],"wp:attachment":[{"href":"https:\/\/greenwichmeridien.fr\/blog\/wp-json\/wp\/v2\/media?parent=7355"}],"wp:term":[{"taxonomy":"category","embeddable":true,"href":"https:\/\/greenwichmeridien.fr\/blog\/wp-json\/wp\/v2\/categories?post=7355"},{"taxonomy":"post_tag","embeddable":true,"href":"https:\/\/greenwichmeridien.fr\/blog\/wp-json\/wp\/v2\/tags?post=7355"}],"curies":[{"name":"wp","href":"https:\/\/api.w.org\/{rel}","templated":true}]}}