{"id":7356,"date":"2026-06-16T10:48:15","date_gmt":"2026-06-16T08:48:15","guid":{"rendered":"https:\/\/greenwichmeridien.fr\/blog\/a-la-une\/le-retour-du-vintage-dans-nos-styles-de-vie\/"},"modified":"2026-06-16T10:48:15","modified_gmt":"2026-06-16T08:48:15","slug":"le-retour-du-vintage-dans-nos-styles-de-vie","status":"publish","type":"post","link":"https:\/\/greenwichmeridien.fr\/blog\/a-la-une\/le-retour-du-vintage-dans-nos-styles-de-vie\/","title":{"rendered":"Le retour du vintage dans nos styles de vie"},"content":{"rendered":"\n<link rel=\"stylesheet\" href=\"https:\/\/fonts.googleapis.com\/css2?family=Space+Grotesk:wght@500;600;700&#038;family=Inter:wght@400;500;600&#038;family=JetBrains+Mono:wght@500&#038;display=swap\">\n<style>\n.gm-infobrief-wrap{font-family:'Inter',-apple-system,BlinkMacSystemFont,'Segoe UI',sans-serif;color:#2c2620;line-height:1.65;}\n.gm-infobrief-wrap h2{font-family:'Space Grotesk','Inter',sans-serif;font-weight:700;font-size:clamp(24px,3.2vw,33px);letter-spacing:-0.02em;color:#241f1a;margin:48px 0 14px;line-height:1.15;}\n.gm-infobrief-wrap h3{font-family:'Space Grotesk','Inter',sans-serif;font-weight:600;font-size:clamp(19px,2.2vw,22px);letter-spacing:-0.01em;color:#241f1a;margin:26px 0 8px;}\n.gm-infobrief-wrap p{font-size:17px;margin:0 0 18px;}\n.gm-infobrief-kicker{display:inline-block;font-family:'JetBrains Mono',monospace;font-size:12px;font-weight:500;letter-spacing:3px;text-transform:uppercase;color:#a85a32;margin-bottom:10px;}\n.gm-infobrief-lead{font-size:19px;line-height:1.6;color:#4a4138;border-left:4px solid #a85a32;padding-left:20px;margin:8px 0 34px;font-weight:500;}\n.gm-infobrief-brief{background:#faf4ec;border:1px solid #ecddc9;border-left:5px solid #a85a32;border-radius:10px;padding:26px 28px;margin:34px 0;box-shadow:0 1px 2px rgba(40,28,16,.05),0 14px 30px -18px rgba(40,28,16,.22);}\n.gm-infobrief-brief .gm-infobrief-bt{font-family:'Space Grotesk',sans-serif;font-weight:700;font-size:13px;letter-spacing:2px;text-transform:uppercase;color:#a85a32;margin-bottom:10px;}\n.gm-infobrief-brief .gm-infobrief-ans{font-size:18px;line-height:1.6;color:#332b22;font-weight:500;margin-bottom:14px;}\n.gm-infobrief-brief ul{margin:0;padding-left:20px;}\n.gm-infobrief-brief li{margin-bottom:7px;font-size:16px;}\n.gm-infobrief-grid{display:grid;grid-template-columns:repeat(auto-fit,minmax(230px,1fr));gap:22px;margin:28px 0;}\n.gm-infobrief-card{background:#fff;border:1px solid #ecddc9;border-top:3px solid #a85a32;border-radius:10px;padding:24px;transition:.25s ease;box-shadow:0 1px 2px rgba(40,28,16,.05),0 12px 26px -18px rgba(40,28,16,.2);}\n.gm-infobrief-card:hover{transform:translateY(-3px);box-shadow:0 1px 2px rgba(40,28,16,.06),0 20px 34px -18px rgba(40,28,16,.3);border-top-color:#8c4622;}\n.gm-infobrief-card .gm-infobrief-ct{font-family:'Space Grotesk',sans-serif;font-weight:600;font-size:18px;color:#241f1a;margin-bottom:8px;}\n.gm-infobrief-card .gm-infobrief-cd{font-size:15px;color:#5a5046;line-height:1.55;}\n.gm-infobrief-note{display:flex;gap:14px;align-items:flex-start;background:#f3ece2;border:1px dashed #cdb79d;border-radius:10px;padding:20px 24px;margin:30px 0;}\n.gm-infobrief-note .gm-infobrief-ni{font-size:24px;line-height:1;flex-shrink:0;}\n.gm-infobrief-note .gm-infobrief-nb{font-size:16px;color:#4a4138;line-height:1.55;}\n.gm-infobrief-note .gm-infobrief-nb b{color:#a85a32;}\n.gm-infobrief-retenir{background:#241f1a;border-radius:12px;padding:28px 30px;margin:40px 0;box-shadow:0 16px 36px -20px rgba(40,28,16,.6);}\n.gm-infobrief-retenir .gm-infobrief-rt{font-family:'Space Grotesk',sans-serif;font-weight:700;font-size:14px;letter-spacing:2px;text-transform:uppercase;color:#e0a368;margin-bottom:14px;}\n.gm-infobrief-retenir ul{margin:0;padding-left:0;list-style:none;}\n.gm-infobrief-retenir li{position:relative;padding-left:28px;margin-bottom:11px;color:#f0e7da;font-size:16px;line-height:1.5;}\n.gm-infobrief-retenir li::before{content:\"\u2192\";position:absolute;left:0;top:0;color:#e0a368;font-weight:700;font-family:'JetBrains Mono',monospace;}\n.gm-infobrief-faq{margin:30px 0 10px;}\n.gm-infobrief-faq details{border:1px solid #ecddc9;border-radius:10px;margin-bottom:12px;background:#fff;overflow:hidden;transition:.25s ease;box-shadow:0 1px 2px rgba(40,28,16,.04);}\n.gm-infobrief-faq details[open]{border-color:#d8b896;box-shadow:0 12px 26px -18px rgba(40,28,16,.25);}\n.gm-infobrief-faq summary{cursor:pointer;list-style:none;padding:18px 22px;font-family:'Space Grotesk',sans-serif;font-weight:600;font-size:17px;color:#241f1a;display:flex;justify-content:space-between;align-items:center;gap:12px;}\n.gm-infobrief-faq summary::-webkit-details-marker{display:none;}\n.gm-infobrief-faq summary::after{content:\"+\";color:#a85a32;font-size:22px;font-weight:700;transition:.25s ease;}\n.gm-infobrief-faq details[open] summary::after{transform:rotate(45deg);}\n.gm-infobrief-faq .gm-infobrief-fa{padding:0 22px 20px;font-size:16px;color:#5a5046;line-height:1.6;}\n@media(max-width:640px){.gm-infobrief-wrap p{font-size:16px;}}\n\/*RENDERFIX2*\/.gm-infobrief-retenir{color:#eef3f9!important}.gm-infobrief-retenir p,.gm-infobrief-retenir li,.gm-infobrief-retenir strong,.gm-infobrief-retenir em,.gm-infobrief-retenir a,.gm-infobrief-retenir span,.gm-infobrief-retenir b,.gm-infobrief-retenir td,.gm-infobrief-retenir th,.gm-infobrief-retenir h2,.gm-infobrief-retenir h3,.gm-infobrief-retenir h4{color:#eef3f9!important}.gm-infobrief-retenir strong,.gm-infobrief-retenir b{color:#ffffff!important}<\/style>\n<div class=\"gm-infobrief-wrap\">\n\n\n<span class=\"gm-infobrief-kicker\">Tendance \u00b7 Art de vivre<\/span>\n<div class=\"gm-infobrief-lead\">Le vintage n&rsquo;est plus une niche de collectionneurs : c&rsquo;est devenu une mani\u00e8re de consommer, de s&rsquo;habiller et d&rsquo;habiter qui m\u00eale nostalgie, durabilit\u00e9 et d\u00e9sir d&rsquo;authenticit\u00e9. Voici pourquoi ce retour aux sources s&rsquo;installe durablement dans nos styles de vie.<\/div>\n\n\n<div class=\"gm-infobrief-brief\">\n  <div class=\"gm-infobrief-bt\">En bref<\/div>\n  <div class=\"gm-infobrief-ans\">Le terme vintage d\u00e9signe des objets, v\u00eatements ou \u00e9l\u00e9ments de design originaux ou inspir\u00e9s des \u00e9poques pass\u00e9es, surtout des d\u00e9cennies 1920 \u00e0 1990. Son retour traduit une recherche d&rsquo;authenticit\u00e9, de durabilit\u00e9 et d&rsquo;individualit\u00e9 face \u00e0 la consommation de masse et \u00e0 l&rsquo;obsolescence programm\u00e9e.<\/div>\n  <ul>\n    <li><strong>Mode :<\/strong> les cr\u00e9ateurs r\u00e9injectent silhouettes des ann\u00e9es 50, motifs floraux 70 et excentricit\u00e9 2000 dans leurs collections.<\/li>\n    <li><strong>D\u00e9co :<\/strong> meubles 60-70, brocantes et march\u00e9s aux puces redeviennent des sources de pi\u00e8ces uniques.<\/li>\n    <li><strong>Culture :<\/strong> vinyle, films classiques, Pop Art et appareils au design r\u00e9tro retrouvent un public.<\/li>\n    <li><strong>Valeurs :<\/strong> consommation consciente, seconde main, durabilit\u00e9 et empreinte \u00e9cologique r\u00e9duite.<\/li>\n  <\/ul>\n<\/div>\n\n\n<p class=\"wp-block-paragraph\">Dans un monde o\u00f9 la <strong>modernit\u00e9<\/strong> semble souvent r\u00e9gner en ma\u00eetre, un ph\u00e9nom\u00e8ne fascinant s&rsquo;op\u00e8re : le <strong>vintage<\/strong> fait son grand retour ! Cette tendance n&rsquo;est pas simplement un caprice esth\u00e9tique pour les passionn\u00e9s de <strong>design<\/strong> et de mode, mais elle repr\u00e9sente \u00e9galement un v\u00e9ritable mouvement culturel. En red\u00e9couvrant des pi\u00e8ces embl\u00e9matiques et des styles d&rsquo;antan, nous ne faisons pas que r\u00e9inventer notre garde-robe, mais nous embrassons \u00e9galement une fa\u00e7on de vivre impr\u00e9gn\u00e9e d&rsquo;histoire et de <strong>sensibilit\u00e9<\/strong>. Dans cet article, nous explorerons les raisons qui motivent ce retour, l&rsquo;impact du vintage sur nos choix quotidiens, ainsi que les bienfaits d&rsquo;int\u00e9grer ces tr\u00e9sors du pass\u00e9 dans notre esth\u00e9tique moderne. Pr\u00e9parez-vous \u00e0 plonger dans un univers o\u00f9 le <strong>retour aux sources<\/strong> flirte avec la <strong>cr\u00e9ativit\u00e9<\/strong> contemporaine !<\/p>\n\n\n<p class=\"wp-block-paragraph\">Le terme <strong>vintage<\/strong> \u00e9voque des objets, des v\u00eatements ou des \u00e9l\u00e9ments de design qui sont des originaux ou des r\u00e9pliques d&rsquo;\u00e9poques pass\u00e9es, g\u00e9n\u00e9ralement durant les d\u00e9cennies de 1920 \u00e0 1990. Dans un monde o\u00f9 l&rsquo;<strong>obsolescence programm\u00e9e<\/strong> domine, le vintage repr\u00e9sente une belle r\u00e9sistance en pr\u00f4nant des valeurs de durabilit\u00e9 et d&rsquo;authenticit\u00e9.<\/p>\n\n\n<h2 class=\"wp-block-heading\">Le Vintage en Mode<\/h2>\n\n\n<p class=\"wp-block-paragraph\">Dans le domaine de la mode, le style <strong>vintage<\/strong> survit et prosp\u00e8re. Les cr\u00e9ateurs s&rsquo;inspirent de coutures anciennes, r\u00e9injectant des motifs floraux des ann\u00e9es 70 ou des silhouettes des ann\u00e9es 50 dans leurs collections modernes. Porter un v\u00eatement vintage, c&rsquo;est non seulement afficher son individualit\u00e9, mais aussi raconter une histoire. Chaque pi\u00e8ce a son pass\u00e9, sa personnalit\u00e9, ce qui en fait non seulement un v\u00eatement, mais un v\u00e9ritable <strong>objet de d\u00e9sir<\/strong>.<\/p>\n\n\n<h2 class=\"wp-block-heading\">Dans le Design<\/h2>\n\n\n<p class=\"wp-block-paragraph\">Le design vintage s&rsquo;infiltre aussi dans nos int\u00e9rieurs. Les meubles des ann\u00e9es 60, avec leurs lignes \u00e9pur\u00e9es et leurs couleurs vives, se marient parfaitement avec des \u00e9l\u00e9ments plus contemporains. Les <strong>brocantes<\/strong> et les march\u00e9s aux puces sont devenus des lieux pris\u00e9s pour d\u00e9nicher des tr\u00e9sors qui apportent une touche d&rsquo;authenticit\u00e9 \u00e0 nos foyers. Un meuble vintage n&rsquo;est pas qu&rsquo;un simple produit, c&rsquo;est une pi\u00e8ce d&rsquo;histoire qui enrichit notre quotidien.<\/p>\n\n\n<h2 class=\"wp-block-heading\">Autres Aspects Culturels<\/h2>\n\n\n<p class=\"wp-block-paragraph\">Le ph\u00e9nom\u00e8ne vintage s&rsquo;\u00e9tend \u00e9galement \u00e0 d&rsquo;autres cultures, comme la musique et le cin\u00e9ma. Le <strong>vinyle<\/strong> fait un retour en force, avec une nouvelle g\u00e9n\u00e9ration qui red\u00e9couvre le plaisir d&rsquo;\u00e9couter la musique sur un tourne-disque. De m\u00eame, des films classiques remontent sur le devant de la sc\u00e8ne, trouvant une r\u00e9sonance dans les r\u00e9cits modernes. Ce retour aux sources exp\u00e9riment\u00e9 \u00e0 travers des supports anciens cr\u00e9e une atmosph\u00e8re nostalgique tout en \u00e9tant r\u00e9solument actuel.<\/p>\n\n\n<h2 class=\"wp-block-heading\">La Philosophie du Vintage<\/h2>\n\n\n<p class=\"wp-block-paragraph\">Au-del\u00e0 de l&rsquo;aspect esth\u00e9tique, le vintage incarne une certaine <strong>philosophie de vie<\/strong>. Cela nous encourage \u00e0 consommer de mani\u00e8re plus r\u00e9fl\u00e9chie, \u00e0 repenser notre rapport \u00e0 l&rsquo;achat et \u00e0 la consommation. Se tourner vers le vintage, c&rsquo;est opter pour une consommation consciente, en favorisant les pi\u00e8ces durables et en minimisant notre empreinte \u00e9cologique. C&rsquo;est un appel \u00e0 reconna\u00eetre la beaut\u00e9 et le savoir-faire d&rsquo;autrefois, souvent abandonn\u00e9s au profit du tout-jetable.<\/p>\n\n\n<div class=\"gm-infobrief-note\">\n  <span class=\"gm-infobrief-ni\" aria-hidden=\"true\">&#9874;<\/span>\n  <span class=\"gm-infobrief-nb\"><b>Vintage, r\u00e9tro ou ancien&#8239;?<\/b> Le vintage d\u00e9signe une pi\u00e8ce d&rsquo;origine d&rsquo;une \u00e9poque pass\u00e9e (souvent 1920-1990). Le r\u00e9tro, lui, est une cr\u00e9ation neuve qui imite le style d&rsquo;autrefois. L&rsquo;ancien ou l&rsquo;antique renvoie plut\u00f4t \u00e0 des objets de plus d&rsquo;un si\u00e8cle. Trois mots proches, mais une nuance utile quand on chine en brocante.<\/span>\n<\/div>\n\n\n<p class=\"wp-block-paragraph\">Le <strong>vintage<\/strong> occupe une place de choix dans la <strong>mode contemporaine<\/strong>, et cette tendance semble ne faire que cro\u00eetre. En 2024, les \u00e9chos du pass\u00e9 se font particuli\u00e8rement entendre, rappelant \u00e0 chacun la richesse des d\u00e9cennies pr\u00e9c\u00e9dentes.<\/p>\n\n\n<p class=\"wp-block-paragraph\">De nombreux cr\u00e9ateurs se sont tourn\u00e9s vers les influences r\u00e9tro, red\u00e9finissant les styles d&rsquo;hier pour les int\u00e9grer dans les pi\u00e8ces modernes. Par exemple, la maison <strong>Chanel<\/strong>, toujours \u00e0 la pointe de l&rsquo;innovation, n&rsquo;h\u00e9site pas \u00e0 puiser dans les archives de son histoire. Des coupes classiques aux motifs iconiques, chaque collection \u00e9voque un sentiment de nostalgie tout en offrant des silhouettes contemporaines.<\/p>\n\n\n<p class=\"wp-block-paragraph\"><strong>Marc Jacobs<\/strong> est un autre exemple frappant de ce retour aux sources. Avec ses pi\u00e8ces qui \u00e9voquent les <strong>ann\u00e9es 70<\/strong>, il revisite les styles embl\u00e9matiques, du <strong>jean pattes d&rsquo;eph<\/strong> aux blouses \u00e0 motifs floraux. Jacobs r\u00e9ussit \u00e0 capturer l&rsquo;esprit libre de cette \u00e9poque tout en l&rsquo;adaptant aux besoins modernes du consommateur.<\/p>\n\n\n<p class=\"wp-block-paragraph\">Les <strong>ann\u00e9es 2000<\/strong> font \u00e9galement une r\u00e9apparition remarqu\u00e9e dans les collections actuelles. Des marques comme <strong>Palm Angels<\/strong> et <strong>Vetements<\/strong> s&rsquo;approprient cette esth\u00e9tique excentrique et unique, m\u00ealant des \u00e9l\u00e9ments sportswear \u00e0 des r\u00e9f\u00e9rences visuelles percutantes inspir\u00e9es de cette d\u00e9cennie nostalgique. Cette dynamique ne se limite pas qu&rsquo;aux v\u00eatements, mais influence \u00e9galement les accessoires, dont les sacs en bandouli\u00e8re flashy et les lunettes de soleil surdimensionn\u00e9es.<\/p>\n\n\n<p class=\"wp-block-paragraph\">Dans le domaine du <strong>mobilier<\/strong>, des marques comme <strong>Muji<\/strong> et <strong>IKEA<\/strong> int\u00e8grent des \u00e9l\u00e9ments de design vintage dans leurs nouvelles lignes. Ils r\u00e9investissent des motifs et des styles des ann\u00e9es 60 et 70, ce qui apporte une chaleur et une authenticit\u00e9 \u00e0 nos int\u00e9rieurs modernes.<\/p>\n\n\n<p class=\"wp-block-paragraph\">La <strong>philosophie vintage<\/strong> ne se limite pas uniquement \u00e0 un style esth\u00e9tique ; elle repr\u00e9sente \u00e9galement une mani\u00e8re de vivre, o\u00f9 le choix de v\u00eatements et d&rsquo;objets est profond\u00e9ment li\u00e9 \u00e0 une connexion \u00e9motionnelle avec le pass\u00e9. Cette approche permet de se distinguer dans un monde de consommation de masse en pr\u00f4nant un retour \u00e0 des valeurs plus authentiques.<\/p>\n\n\n<p class=\"wp-block-paragraph\">En somme, l&rsquo;influence du vintage dans la mode contemporaine est ind\u00e9niable. Elle guide les cr\u00e9ateurs \u00e0 revisiter des styles pass\u00e9s tout en les adaptant aux r\u00e9alit\u00e9s d&rsquo;aujourd&rsquo;hui, prouvant ainsi que le pass\u00e9 a encore beaucoup \u00e0 offrir \u00e0 notre <strong>esth\u00e9tique moderne<\/strong>.<\/p>\n\n\n<h2 class=\"wp-block-heading\">Le Retour du Vintage dans Nos Vies<\/h2>\n\n\n<p class=\"wp-block-paragraph\">Le <strong>vintage<\/strong> s&rsquo;affirme avec une pr\u00e9gnance in\u00e9dite dans le quotidien, d\u00e9voilant un attrait irr\u00e9sistible pour des objets charg\u00e9s d&rsquo;histoire et de caract\u00e8re. En cette ann\u00e9e 2024, les styles du pass\u00e9 r\u00e9investissent notre quotidien avec \u00e9l\u00e9gance et finesse, m\u00ealant le charme d&rsquo;antan \u00e0 nos aspirations contemporaines.<\/p>\n\n\n<p class=\"wp-block-paragraph\">Cette renaissance ne se limite pas \u00e0 la mode vestimentaire, elle s&rsquo;\u00e9tend \u00e9galement au <strong>mobilier<\/strong> et \u00e0 la <strong>d\u00e9coration<\/strong> int\u00e9rieure. Par exemple, les <strong>chaises Eames<\/strong>, sorties tout droit des ann\u00e9es 50, retrouvent leur place dans les salons modernes, apportant une touche iconique et intemporelle. Les beaux mat\u00e9riaux, souvent naturels, et les lignes \u00e9pur\u00e9es de ces pi\u00e8ces embl\u00e9matiques font le bonheur des amateurs de design.<\/p>\n\n\n<p class=\"wp-block-paragraph\">Les <strong>tables basses en teck<\/strong>, caract\u00e9ristiques des ann\u00e9es 60, connaissent un engouement sans pr\u00e9c\u00e9dent, tout comme les <strong>lampes de style retro<\/strong> qui \u00e9clairent nos espaces de vie tout en ajoutant une note de douceur. Cette tendance s&rsquo;accompagne aussi d&rsquo;un retour vers des motifs color\u00e9s et des formes organiques, comme en t\u00e9moignent les <strong>tapis aux motifs floraux<\/strong> ou les <strong>coussins \u00e0 motifs g\u00e9om\u00e9triques<\/strong>, symboles de cette recherche d&rsquo;esth\u00e9tique vintage.<\/p>\n\n\n<div class=\"gm-infobrief-grid\">\n  <div class=\"gm-infobrief-card\">\n    <div class=\"gm-infobrief-ct\">Chaises Eames &amp; teck<\/div>\n    <div class=\"gm-infobrief-cd\">Lignes \u00e9pur\u00e9es des ann\u00e9es 50-60, mat\u00e9riaux naturels : des ic\u00f4nes du design qui se glissent dans les salons modernes.<\/div>\n  <\/div>\n  <div class=\"gm-infobrief-card\">\n    <div class=\"gm-infobrief-ct\">Brocante &amp; seconde main<\/div>\n    <div class=\"gm-infobrief-cd\">Miroirs en rotin, buffets et tr\u00e9sors d\u00e9nich\u00e9s en brocante : chaque pi\u00e8ce raconte une histoire et habille un espace.<\/div>\n  <\/div>\n  <div class=\"gm-infobrief-card\">\n    <div class=\"gm-infobrief-ct\">Motifs &amp; couleurs<\/div>\n    <div class=\"gm-infobrief-cd\">Tapis floraux, coussins g\u00e9om\u00e9triques et lampes r\u00e9tro r\u00e9introduisent formes organiques et tons chauds dans la d\u00e9co.<\/div>\n  <\/div>\n<\/div>\n\n\n<p class=\"wp-block-paragraph\">En qu\u00eate d&rsquo;authenticit\u00e9, les passionn\u00e9s de d\u00e9coration se tournent d\u00e9sormais vers des objets ayant une histoire, comme les <strong>miroirs en rotin<\/strong> ou les <strong>buffets vintage<\/strong> retrouv\u00e9s dans des brocantes ou des magasins sp\u00e9cialis\u00e9s. Ces \u00e9l\u00e9ments viennent non seulement habiller un espace, mais ils racontent aussi une histoire, \u00e9voquant des souvenirs et des \u00e9motions.<\/p>\n\n\n<p class=\"wp-block-paragraph\">Cette tendance au <strong>vintage<\/strong> r\u00e9v\u00e8le une volont\u00e9 de r\u00e9concilier le pass\u00e9 avec le pr\u00e9sent, o\u00f9 chaque objet devient une pi\u00e8ce ma\u00eetresse d&rsquo;un puzzle esth\u00e9tique unique. Les valeurs de durabilit\u00e9 et d&rsquo;individualit\u00e9 semblent aussi converger, faisant du choix du vintage une mani\u00e8re moderne de consommer plus responsable et plus r\u00e9fl\u00e9chie.<\/p>\n\n\n<p class=\"wp-block-paragraph\">Au c\u0153ur de notre \u00e9poque, les tendances <strong>vintage<\/strong> connaissent un essor spectaculaire dans divers domaines, notamment la <strong>musique<\/strong>, l&rsquo;<strong>art<\/strong> et la <strong>technologie<\/strong>. Ce retour en force du pass\u00e9 transforme notre fa\u00e7on de vivre et de consommer, apportant une nouvelle dimension \u00e0 la culture contemporaine.<\/p>\n\n\n<h2 class=\"wp-block-heading\">Musique : Un voyage dans le temps<\/h2>\n\n\n<p class=\"wp-block-paragraph\">La <strong>musique vintage<\/strong> fait un retour en force, avec une mont\u00e9e en popularit\u00e9 des vinyles et des cassettes. Les artistes contemporains int\u00e8grent des sonorit\u00e9s r\u00e9tro dans leurs cr\u00e9ations, inspir\u00e9s par des d\u00e9cennies pass\u00e9es. Par exemple, des genres comme le <strong>soul<\/strong> ou le <strong>funk<\/strong> ont vu un regain d&rsquo;int\u00e9r\u00eat, sp\u00e9cialis\u00e9 par des playlists qui mettent en avant ces styles musicaux. Cette \u00e9volution permet aux nouvelles g\u00e9n\u00e9rations de d\u00e9couvrir la richesse de la musique d&rsquo;antan tout en appr\u00e9ciant les nuances des productions modernes.<\/p>\n\n\n<h2 class=\"wp-block-heading\">Art : Nostalgie et r\u00e9invention<\/h2>\n\n\n<p class=\"wp-block-paragraph\">Dans le domaine de l&rsquo;<strong>art<\/strong>, des mouvements tels que le <strong>Pop Art<\/strong> ou le <strong>sur\u00e9alisme<\/strong> font leur retour, notamment par la popularit\u00e9 croissante des expositions d\u00e9di\u00e9es au vintage. Les artistes contemporains s&rsquo;inspirent de ces styles, cr\u00e9ant des \u0153uvres qui m\u00e9langent des \u00e9l\u00e9ments classiques avec des techniques modernes. Par ailleurs, de nombreux artisans et designers adoptent une d\u00e9marche \u00e9coresponsable en r\u00e9utilisant des mat\u00e9riaux anciens, transformant ainsi notre perception de l&rsquo;art et de la consommation.<\/p>\n\n\n<h2 class=\"wp-block-heading\">Technologie : L&rsquo;esth\u00e9tique r\u00e9tro \u00e0 l&rsquo;honneur<\/h2>\n\n\n<p class=\"wp-block-paragraph\">La <strong>technologie<\/strong> n&rsquo;est pas en reste, avec une r\u00e9surgence des appareils au design r\u00e9tro, comme les radios \u00e0 lampes et les t\u00e9l\u00e9viseurs \u00e0 tube cathodique. Les marques s&rsquo;efforcent de mixer <strong>innovation<\/strong> et charme du pass\u00e9 dans leurs produits. Par exemple, des smartphones aux designs inspir\u00e9s par les ann\u00e9es 80 font sensation. Ce ph\u00e9nom\u00e8ne d\u00e9montre un d\u00e9sir croissant de connexion \u00e9motionnelle \u00e0 des objets qui racontent une histoire, red\u00e9finissant ainsi notre rapport \u00e0 la technologie.<\/p>\n\n\n<h2 class=\"wp-block-heading\">Consommation : Vers une \u00e9conomie circulaire<\/h2>\n\n\n<p class=\"wp-block-paragraph\">Cette vague vintage influence \u00e9galement nos habitudes de <strong>consommation<\/strong>. Les march\u00e9s aux puces, les brocantes et les boutiques de seconde main connaissent un regain d&rsquo;attraction. Les consommateurs privil\u00e9gient des pi\u00e8ces uniques et charg\u00e9es d&rsquo;histoire, pr\u00e9f\u00e9rant la <strong>durabilit\u00e9<\/strong> \u00e0 la production de masse. Cet int\u00e9r\u00eat pour le vintage traduit un d\u00e9sir de passer \u00e0 un mode de consommation plus responsable et align\u00e9 avec nos valeurs contemporaines.<\/p>\n\n\n<div class=\"gm-infobrief-note\">\n  <span class=\"gm-infobrief-ni\" aria-hidden=\"true\">&#9851;<\/span>\n  <span class=\"gm-infobrief-nb\"><b>Le style brocante, mode d&#8217;emploi.<\/b> Chiner ne se r\u00e9sume pas \u00e0 acheter ancien : c&rsquo;est composer un int\u00e9rieur qui m\u00eale pi\u00e8ces chin\u00e9es et \u00e9l\u00e9ments contemporains. On mise sur une ou deux pi\u00e8ces fortes (un buffet, un miroir en rotin), on v\u00e9rifie l&rsquo;\u00e9tat et la solidit\u00e9 avant l&rsquo;achat, et on accepte les petites marques du temps comme une preuve d&rsquo;authenticit\u00e9 plut\u00f4t qu&rsquo;un d\u00e9faut.<\/span>\n<\/div>\n\n\n<p class=\"wp-block-paragraph\">Les tendances vintage que nous observons dans la musique, l&rsquo;art et la technologie ne se limitent pas \u00e0 une simple mode passag\u00e8re. Elles font \u00e9cho \u00e0 un besoin profond de r\u00e9\u00e9valuer notre rapport au pass\u00e9 tout en int\u00e9grant des valeurs modernes, comme la durabilit\u00e9 et l&rsquo;authenticit\u00e9, dans notre style de vie quotidien.<\/p>\n\n\n<p class=\"wp-block-paragraph\">Le style <strong>vintage<\/strong> s&rsquo;affirme de plus en plus comme une tendance incontournable dans notre soci\u00e9t\u00e9 moderne, offrant une r\u00e9ponse esth\u00e9tique et philosophique aux d\u00e9fis de la consommation actuelle. En int\u00e9grant des pi\u00e8ces uniques et authentiques dans nos garde-robes, nous faisons un choix qui va au-del\u00e0 de la simple mode. Cela signifie valoriser un <strong>design<\/strong> intemporel, souvent empreint d&rsquo;histoires fascinantes, tout en pr\u00e9servant notre plan\u00e8te gr\u00e2ce \u00e0 une consommation plus r\u00e9fl\u00e9chie.<\/p>\n\n\n<p class=\"wp-block-paragraph\">Le vintage ne se limite pas seulement aux v\u00eatements ; il s&rsquo;\u00e9tend \u00e9galement au <strong>d\u00e9co<\/strong> et \u00e0 l&rsquo;art de vivre, insufflant une touche d&rsquo;originalit\u00e9 et de charme \u00e0 nos environnements. Chaque objet, qu&rsquo;il s&rsquo;agisse d&rsquo;une lampe des ann\u00e9es 60 ou d&rsquo;une robe de soir\u00e9e des ann\u00e9es 80, raconte une partie de notre histoire collective tout en nous permettant d&rsquo;exprimer notre <strong>individualit\u00e9<\/strong>.<\/p>\n\n\n<p class=\"wp-block-paragraph\">La mont\u00e9e du vintage repose aussi sur une qu\u00eate de <strong>durabilit\u00e9<\/strong>, une valeur de plus en plus pris\u00e9e par les nouvelles g\u00e9n\u00e9rations. En faisant le choix d&rsquo;acheter des pi\u00e8ces de seconde main, nous participons activement \u00e0 un mouvement qui pr\u00f4ne le respect et l&rsquo;amour de notre environnement.<\/p>\n\n\n<p class=\"wp-block-paragraph\">Ainsi, le vintage se pr\u00e9sente comme une alternative s\u00e9duisante et significative, enrichissant nos vies de souvenirs du pass\u00e9 tout en alignant notre pratique quotidienne avec nos valeurs contemporaines.<\/p>\n\n\n<div class=\"gm-infobrief-retenir\">\n  <div class=\"gm-infobrief-rt\">\u00c0 retenir<\/div>\n  <ul>\n    <li>Le vintage couvre des pi\u00e8ces d&rsquo;origine ou inspir\u00e9es des d\u00e9cennies 1920 \u00e0 1990, \u00e0 distinguer du r\u00e9tro (cr\u00e9ation neuve imitant l&rsquo;ancien).<\/li>\n    <li>La mode (Chanel, Marc Jacobs, esth\u00e9tique ann\u00e9es 2000) et la d\u00e9co (chaises Eames, teck, brocante) sont les deux moteurs visibles du ph\u00e9nom\u00e8ne.<\/li>\n    <li>Musique (vinyle, soul, funk), art (Pop Art) et technologie (design r\u00e9tro) prolongent la vague bien au-del\u00e0 du v\u00eatement.<\/li>\n    <li>Au fond, c&rsquo;est un choix de consommation : durabilit\u00e9, seconde main, individualit\u00e9 et empreinte \u00e9cologique r\u00e9duite.<\/li>\n  <\/ul>\n<\/div>\n\n\n<figure class=\"wp-block-embed is-type-video is-provider-youtube wp-block-embed-youtube wp-embed-aspect-16-9 wp-has-aspect-ratio\">\n<div class=\"wp-block-embed__wrapper\">\n<iframe loading=\"lazy\" title=\"Tendance D\u00e9co \u2192 Comment oser le style vintage dans sa d\u00e9co ?\" width=\"1200\" height=\"675\" src=\"https:\/\/www.youtube.com\/embed\/LvZEPUtboDU?feature=oembed\" frameborder=\"0\" allow=\"accelerometer; autoplay; clipboard-write; encrypted-media; gyroscope; picture-in-picture; web-share\" referrerpolicy=\"strict-origin-when-cross-origin\" allowfullscreen><\/iframe>\n<\/div>\n<\/figure>\n\n\n<div class=\"gm-infobrief-faq\">\n  <details>\n    <summary>Qu&rsquo;est-ce que le style vintage&#8239;?<\/summary>\n    <div class=\"gm-infobrief-fa\">Le vintage d\u00e9signe des objets, v\u00eatements ou \u00e9l\u00e9ments de design originaux ou inspir\u00e9s d&rsquo;\u00e9poques pass\u00e9es, g\u00e9n\u00e9ralement des d\u00e9cennies 1920 \u00e0 1990. Au-del\u00e0 de l&rsquo;esth\u00e9tique, il porte des valeurs de durabilit\u00e9 et d&rsquo;authenticit\u00e9 face \u00e0 l&rsquo;obsolescence programm\u00e9e.<\/div>\n  <\/details>\n  <details>\n    <summary>Quelle diff\u00e9rence entre vintage et r\u00e9tro&#8239;?<\/summary>\n    <div class=\"gm-infobrief-fa\">Le vintage est une pi\u00e8ce d&rsquo;origine issue d&rsquo;une \u00e9poque pass\u00e9e, tandis que le r\u00e9tro est une cr\u00e9ation neuve qui imite le style d&rsquo;autrefois. Une robe des ann\u00e9es 70 chin\u00e9e est vintage ; une robe neuve dessin\u00e9e \u00ab \u00e0 la mani\u00e8re \u00bb des ann\u00e9es 70 est r\u00e9tro.<\/div>\n  <\/details>\n  <details>\n    <summary>Pourquoi le vintage revient-il \u00e0 la mode&#8239;?<\/summary>\n    <div class=\"gm-infobrief-fa\">Plusieurs raisons se combinent : la qu\u00eate d&rsquo;authenticit\u00e9 et d&rsquo;individualit\u00e9, le d\u00e9sir de consommer de fa\u00e7on plus responsable, et l&rsquo;attrait \u00e9motionnel d&rsquo;objets charg\u00e9s d&rsquo;histoire. Les cr\u00e9ateurs comme Chanel ou Marc Jacobs entretiennent aussi cette nostalgie en revisitant les styles pass\u00e9s.<\/div>\n  <\/details>\n  <details>\n    <summary>O\u00f9 trouver des pi\u00e8ces vintage&#8239;?<\/summary>\n    <div class=\"gm-infobrief-fa\">Les brocantes, les march\u00e9s aux puces et les boutiques de seconde main restent les terrains de chasse privil\u00e9gi\u00e9s pour d\u00e9nicher mobilier, accessoires et v\u00eatements charg\u00e9s d&rsquo;histoire, des chaises Eames aux miroirs en rotin.<\/div>\n  <\/details>\n  <details>\n    <summary>Le vintage est-il un choix \u00e9cologique&#8239;?<\/summary>\n    <div class=\"gm-infobrief-fa\">Acheter d&rsquo;occasion et privil\u00e9gier des pi\u00e8ces durables s&rsquo;inscrit dans une logique d&rsquo;\u00e9conomie circulaire qui prolonge la vie des objets et r\u00e9duit la production de masse. C&rsquo;est l&rsquo;un des arguments forts qui s\u00e9duit les nouvelles g\u00e9n\u00e9rations.<\/div>\n  <\/details>\n<\/div>\n<\/div>\n\n","protected":false},"excerpt":{"rendered":"","protected":false},"author":34,"featured_media":7392,"comment_status":"open","ping_status":"open","sticky":false,"template":"","format":"standard","meta":{"_acf_changed":false,"manual_indexmenow":false,"indexmenow_id_project":0,"footnotes":""},"categories":[1],"tags":[],"class_list":["post-7356","post","type-post","status-publish","format-standard","has-post-thumbnail","hentry","category-a-la-une","generate-columns","tablet-grid-50","mobile-grid-100","grid-parent","grid-25"],"acf":[],"yoast_head":"<!-- This site is optimized with the Yoast SEO Premium plugin v21.3 (Yoast SEO v25.6) - https:\/\/yoast.com\/wordpress\/plugins\/seo\/ -->\n<title>Vintage Revival : L&#039;Art de Recr\u00e9er nos Styles de Vie<\/title>\n<meta name=\"description\" content=\"Dans un monde o\u00f9 la modernit\u00e9 semble souvent r\u00e9gner en ma\u00eetre, un ph\u00e9nom\u00e8ne fascinant s&#039;op\u00e8re : le vintage fait son grand retour ! Cette tendance n&#039;est\" \/>\n<meta name=\"robots\" content=\"index, follow, max-snippet:-1, max-image-preview:large, max-video-preview:-1\" \/>\n<link rel=\"canonical\" href=\"https:\/\/greenwichmeridien.fr\/blog\/a-la-une\/le-retour-du-vintage-dans-nos-styles-de-vie\/\" \/>\n<meta property=\"og:locale\" content=\"fr_FR\" \/>\n<meta property=\"og:type\" content=\"article\" \/>\n<meta property=\"og:title\" content=\"Vintage Revival : L&#039;Art de Recr\u00e9er nos Styles de Vie\" \/>\n<meta property=\"og:description\" content=\"Dans un monde o\u00f9 la modernit\u00e9 semble souvent r\u00e9gner en ma\u00eetre, un ph\u00e9nom\u00e8ne fascinant s&#039;op\u00e8re : le vintage fait son grand retour ! Cette tendance n&#039;est\" \/>\n<meta property=\"og:url\" content=\"https:\/\/greenwichmeridien.fr\/blog\/a-la-une\/le-retour-du-vintage-dans-nos-styles-de-vie\/\" \/>\n<meta property=\"og:site_name\" content=\"greenwichmeridien\" \/>\n<meta property=\"og:image\" content=\"https:\/\/greenwichmeridien.fr\/blog\/wp-content\/uploads\/2025\/02\/sdxl-bb264b891cdcf191883de559893969c1.png\" \/>\n\t<meta property=\"og:image:width\" content=\"1536\" \/>\n\t<meta property=\"og:image:height\" content=\"640\" \/>\n\t<meta property=\"og:image:type\" content=\"image\/png\" \/>\n<meta name=\"author\" content=\"Samuel Chalmin\" \/>\n<meta name=\"twitter:card\" content=\"summary_large_image\" \/>\n<script type=\"application\/ld+json\" class=\"yoast-schema-graph\">{\"@context\":\"https:\/\/schema.org\",\"@graph\":[{\"@type\":\"NewsArticle\",\"@id\":\"https:\/\/greenwichmeridien.fr\/blog\/a-la-une\/le-retour-du-vintage-dans-nos-styles-de-vie\/#article\",\"isPartOf\":{\"@id\":\"https:\/\/greenwichmeridien.fr\/blog\/a-la-une\/le-retour-du-vintage-dans-nos-styles-de-vie\/\"},\"author\":{\"name\":\"Samuel Chalmin\",\"@id\":\"https:\/\/greenwichmeridien.fr\/blog\/#\/schema\/person\/3c864cdc320801e3db34b663e7e3f816\"},\"headline\":\"Le retour du vintage dans nos styles de vie\",\"datePublished\":\"2026-06-16T08:48:15+00:00\",\"mainEntityOfPage\":{\"@id\":\"https:\/\/greenwichmeridien.fr\/blog\/a-la-une\/le-retour-du-vintage-dans-nos-styles-de-vie\/\"},\"wordCount\":2730,\"commentCount\":0,\"publisher\":{\"@id\":\"https:\/\/greenwichmeridien.fr\/blog\/#organization\"},\"image\":{\"@id\":\"https:\/\/greenwichmeridien.fr\/blog\/a-la-une\/le-retour-du-vintage-dans-nos-styles-de-vie\/#primaryimage\"},\"thumbnailUrl\":\"https:\/\/greenwichmeridien.fr\/blog\/wp-content\/uploads\/2025\/02\/sdxl-bb264b891cdcf191883de559893969c1.png\",\"articleSection\":[\"\u00c0 la une\"],\"inLanguage\":\"fr-FR\",\"potentialAction\":[{\"@type\":\"CommentAction\",\"name\":\"Comment\",\"target\":[\"https:\/\/greenwichmeridien.fr\/blog\/a-la-une\/le-retour-du-vintage-dans-nos-styles-de-vie\/#respond\"]}]},{\"@type\":\"WebPage\",\"@id\":\"https:\/\/greenwichmeridien.fr\/blog\/a-la-une\/le-retour-du-vintage-dans-nos-styles-de-vie\/\",\"url\":\"https:\/\/greenwichmeridien.fr\/blog\/a-la-une\/le-retour-du-vintage-dans-nos-styles-de-vie\/\",\"name\":\"Vintage Revival : L'Art de Recr\u00e9er nos Styles de Vie\",\"isPartOf\":{\"@id\":\"https:\/\/greenwichmeridien.fr\/blog\/#website\"},\"primaryImageOfPage\":{\"@id\":\"https:\/\/greenwichmeridien.fr\/blog\/a-la-une\/le-retour-du-vintage-dans-nos-styles-de-vie\/#primaryimage\"},\"image\":{\"@id\":\"https:\/\/greenwichmeridien.fr\/blog\/a-la-une\/le-retour-du-vintage-dans-nos-styles-de-vie\/#primaryimage\"},\"thumbnailUrl\":\"https:\/\/greenwichmeridien.fr\/blog\/wp-content\/uploads\/2025\/02\/sdxl-bb264b891cdcf191883de559893969c1.png\",\"datePublished\":\"2026-06-16T08:48:15+00:00\",\"description\":\"Dans un monde o\u00f9 la modernit\u00e9 semble souvent r\u00e9gner en ma\u00eetre, un ph\u00e9nom\u00e8ne fascinant s'op\u00e8re : le vintage fait son grand retour ! Cette tendance n'est\",\"inLanguage\":\"fr-FR\",\"potentialAction\":[{\"@type\":\"ReadAction\",\"target\":[\"https:\/\/greenwichmeridien.fr\/blog\/a-la-une\/le-retour-du-vintage-dans-nos-styles-de-vie\/\"]}]},{\"@type\":\"ImageObject\",\"inLanguage\":\"fr-FR\",\"@id\":\"https:\/\/greenwichmeridien.fr\/blog\/a-la-une\/le-retour-du-vintage-dans-nos-styles-de-vie\/#primaryimage\",\"url\":\"https:\/\/greenwichmeridien.fr\/blog\/wp-content\/uploads\/2025\/02\/sdxl-bb264b891cdcf191883de559893969c1.png\",\"contentUrl\":\"https:\/\/greenwichmeridien.fr\/blog\/wp-content\/uploads\/2025\/02\/sdxl-bb264b891cdcf191883de559893969c1.png\",\"width\":1536,\"height\":640},{\"@type\":\"WebSite\",\"@id\":\"https:\/\/greenwichmeridien.fr\/blog\/#website\",\"url\":\"https:\/\/greenwichmeridien.fr\/blog\/\",\"name\":\"Greenwich M\u00e9ridien\",\"description\":\"Greenwich M\u00e9ridien, le rep\u00e8re du temps et du voyage\",\"publisher\":{\"@id\":\"https:\/\/greenwichmeridien.fr\/blog\/#organization\"},\"alternateName\":\"Greenwich M\u00e9ridien, le rep\u00e8re du temps et du voyage\",\"potentialAction\":[{\"@type\":\"SearchAction\",\"target\":{\"@type\":\"EntryPoint\",\"urlTemplate\":\"https:\/\/greenwichmeridien.fr\/blog\/?s={search_term_string}\"},\"query-input\":{\"@type\":\"PropertyValueSpecification\",\"valueRequired\":true,\"valueName\":\"search_term_string\"}}],\"inLanguage\":\"fr-FR\"},{\"@type\":\"Organization\",\"@id\":\"https:\/\/greenwichmeridien.fr\/blog\/#organization\",\"name\":\"Greenwich M\u00e9ridien\",\"alternateName\":\"Greenwich M\u00e9ridien\",\"url\":\"https:\/\/greenwichmeridien.fr\/blog\/\",\"logo\":{\"@type\":\"ImageObject\",\"inLanguage\":\"fr-FR\",\"@id\":\"https:\/\/greenwichmeridien.fr\/blog\/#\/schema\/logo\/image\/\",\"url\":\"https:\/\/greenwichmeridien.fr\/blog\/wp-content\/uploads\/2024\/12\/greenwichmeridien.png\",\"contentUrl\":\"https:\/\/greenwichmeridien.fr\/blog\/wp-content\/uploads\/2024\/12\/greenwichmeridien.png\",\"width\":500,\"height\":500,\"caption\":\"Greenwich M\u00e9ridien\"},\"image\":{\"@id\":\"https:\/\/greenwichmeridien.fr\/blog\/#\/schema\/logo\/image\/\"}},{\"@type\":\"Person\",\"@id\":\"https:\/\/greenwichmeridien.fr\/blog\/#\/schema\/person\/3c864cdc320801e3db34b663e7e3f816\",\"name\":\"Samuel Chalmin\",\"image\":{\"@type\":\"ImageObject\",\"inLanguage\":\"fr-FR\",\"@id\":\"https:\/\/greenwichmeridien.fr\/blog\/#\/schema\/person\/image\/\",\"url\":\"https:\/\/secure.gravatar.com\/avatar\/cef3677de7d237273d13053728f9470818581a8a27d9bf6f5039fd18508a905f?s=96&d=mm&r=g\",\"contentUrl\":\"https:\/\/secure.gravatar.com\/avatar\/cef3677de7d237273d13053728f9470818581a8a27d9bf6f5039fd18508a905f?s=96&d=mm&r=g\",\"caption\":\"Samuel Chalmin\"},\"description\":\"R\u00e9dacteur du site, il suit les questions de temps et de calendrier : m\u00e9ridien de Greenwich, heure GMT et UTC, fuseaux horaires, changement d'heure, ann\u00e9es bissextiles et jours f\u00e9ri\u00e9s.\",\"sameAs\":[\"https:\/\/samuelchalmin.fr\/\"],\"url\":\"https:\/\/greenwichmeridien.fr\/blog\/auteur\/noname\/\"}]}<\/script>\n<!-- \/ Yoast SEO Premium plugin. -->","yoast_head_json":{"title":"Vintage Revival : L'Art de Recr\u00e9er nos Styles de Vie","description":"Dans un monde o\u00f9 la modernit\u00e9 semble souvent r\u00e9gner en ma\u00eetre, un ph\u00e9nom\u00e8ne fascinant s'op\u00e8re : le vintage fait son grand retour ! Cette tendance n'est","robots":{"index":"index","follow":"follow","max-snippet":"max-snippet:-1","max-image-preview":"max-image-preview:large","max-video-preview":"max-video-preview:-1"},"canonical":"https:\/\/greenwichmeridien.fr\/blog\/a-la-une\/le-retour-du-vintage-dans-nos-styles-de-vie\/","og_locale":"fr_FR","og_type":"article","og_title":"Vintage Revival : L'Art de Recr\u00e9er nos Styles de Vie","og_description":"Dans un monde o\u00f9 la modernit\u00e9 semble souvent r\u00e9gner en ma\u00eetre, un ph\u00e9nom\u00e8ne fascinant s'op\u00e8re : le vintage fait son grand retour ! Cette tendance n'est","og_url":"https:\/\/greenwichmeridien.fr\/blog\/a-la-une\/le-retour-du-vintage-dans-nos-styles-de-vie\/","og_site_name":"greenwichmeridien","og_image":[{"width":1536,"height":640,"url":"https:\/\/greenwichmeridien.fr\/blog\/wp-content\/uploads\/2025\/02\/sdxl-bb264b891cdcf191883de559893969c1.png","type":"image\/png"}],"author":"Samuel Chalmin","twitter_card":"summary_large_image","schema":{"@context":"https:\/\/schema.org","@graph":[{"@type":"NewsArticle","@id":"https:\/\/greenwichmeridien.fr\/blog\/a-la-une\/le-retour-du-vintage-dans-nos-styles-de-vie\/#article","isPartOf":{"@id":"https:\/\/greenwichmeridien.fr\/blog\/a-la-une\/le-retour-du-vintage-dans-nos-styles-de-vie\/"},"author":{"name":"Samuel Chalmin","@id":"https:\/\/greenwichmeridien.fr\/blog\/#\/schema\/person\/3c864cdc320801e3db34b663e7e3f816"},"headline":"Le retour du vintage dans nos styles de vie","datePublished":"2026-06-16T08:48:15+00:00","mainEntityOfPage":{"@id":"https:\/\/greenwichmeridien.fr\/blog\/a-la-une\/le-retour-du-vintage-dans-nos-styles-de-vie\/"},"wordCount":2730,"commentCount":0,"publisher":{"@id":"https:\/\/greenwichmeridien.fr\/blog\/#organization"},"image":{"@id":"https:\/\/greenwichmeridien.fr\/blog\/a-la-une\/le-retour-du-vintage-dans-nos-styles-de-vie\/#primaryimage"},"thumbnailUrl":"https:\/\/greenwichmeridien.fr\/blog\/wp-content\/uploads\/2025\/02\/sdxl-bb264b891cdcf191883de559893969c1.png","articleSection":["\u00c0 la une"],"inLanguage":"fr-FR","potentialAction":[{"@type":"CommentAction","name":"Comment","target":["https:\/\/greenwichmeridien.fr\/blog\/a-la-une\/le-retour-du-vintage-dans-nos-styles-de-vie\/#respond"]}]},{"@type":"WebPage","@id":"https:\/\/greenwichmeridien.fr\/blog\/a-la-une\/le-retour-du-vintage-dans-nos-styles-de-vie\/","url":"https:\/\/greenwichmeridien.fr\/blog\/a-la-une\/le-retour-du-vintage-dans-nos-styles-de-vie\/","name":"Vintage Revival : L'Art de Recr\u00e9er nos Styles de Vie","isPartOf":{"@id":"https:\/\/greenwichmeridien.fr\/blog\/#website"},"primaryImageOfPage":{"@id":"https:\/\/greenwichmeridien.fr\/blog\/a-la-une\/le-retour-du-vintage-dans-nos-styles-de-vie\/#primaryimage"},"image":{"@id":"https:\/\/greenwichmeridien.fr\/blog\/a-la-une\/le-retour-du-vintage-dans-nos-styles-de-vie\/#primaryimage"},"thumbnailUrl":"https:\/\/greenwichmeridien.fr\/blog\/wp-content\/uploads\/2025\/02\/sdxl-bb264b891cdcf191883de559893969c1.png","datePublished":"2026-06-16T08:48:15+00:00","description":"Dans un monde o\u00f9 la modernit\u00e9 semble souvent r\u00e9gner en ma\u00eetre, un ph\u00e9nom\u00e8ne fascinant s'op\u00e8re : le vintage fait son grand retour ! Cette tendance n'est","inLanguage":"fr-FR","potentialAction":[{"@type":"ReadAction","target":["https:\/\/greenwichmeridien.fr\/blog\/a-la-une\/le-retour-du-vintage-dans-nos-styles-de-vie\/"]}]},{"@type":"ImageObject","inLanguage":"fr-FR","@id":"https:\/\/greenwichmeridien.fr\/blog\/a-la-une\/le-retour-du-vintage-dans-nos-styles-de-vie\/#primaryimage","url":"https:\/\/greenwichmeridien.fr\/blog\/wp-content\/uploads\/2025\/02\/sdxl-bb264b891cdcf191883de559893969c1.png","contentUrl":"https:\/\/greenwichmeridien.fr\/blog\/wp-content\/uploads\/2025\/02\/sdxl-bb264b891cdcf191883de559893969c1.png","width":1536,"height":640},{"@type":"WebSite","@id":"https:\/\/greenwichmeridien.fr\/blog\/#website","url":"https:\/\/greenwichmeridien.fr\/blog\/","name":"Greenwich M\u00e9ridien","description":"Greenwich M\u00e9ridien, le rep\u00e8re du temps et du voyage","publisher":{"@id":"https:\/\/greenwichmeridien.fr\/blog\/#organization"},"alternateName":"Greenwich M\u00e9ridien, le rep\u00e8re du temps et du voyage","potentialAction":[{"@type":"SearchAction","target":{"@type":"EntryPoint","urlTemplate":"https:\/\/greenwichmeridien.fr\/blog\/?s={search_term_string}"},"query-input":{"@type":"PropertyValueSpecification","valueRequired":true,"valueName":"search_term_string"}}],"inLanguage":"fr-FR"},{"@type":"Organization","@id":"https:\/\/greenwichmeridien.fr\/blog\/#organization","name":"Greenwich M\u00e9ridien","alternateName":"Greenwich M\u00e9ridien","url":"https:\/\/greenwichmeridien.fr\/blog\/","logo":{"@type":"ImageObject","inLanguage":"fr-FR","@id":"https:\/\/greenwichmeridien.fr\/blog\/#\/schema\/logo\/image\/","url":"https:\/\/greenwichmeridien.fr\/blog\/wp-content\/uploads\/2024\/12\/greenwichmeridien.png","contentUrl":"https:\/\/greenwichmeridien.fr\/blog\/wp-content\/uploads\/2024\/12\/greenwichmeridien.png","width":500,"height":500,"caption":"Greenwich M\u00e9ridien"},"image":{"@id":"https:\/\/greenwichmeridien.fr\/blog\/#\/schema\/logo\/image\/"}},{"@type":"Person","@id":"https:\/\/greenwichmeridien.fr\/blog\/#\/schema\/person\/3c864cdc320801e3db34b663e7e3f816","name":"Samuel Chalmin","image":{"@type":"ImageObject","inLanguage":"fr-FR","@id":"https:\/\/greenwichmeridien.fr\/blog\/#\/schema\/person\/image\/","url":"https:\/\/secure.gravatar.com\/avatar\/cef3677de7d237273d13053728f9470818581a8a27d9bf6f5039fd18508a905f?s=96&d=mm&r=g","contentUrl":"https:\/\/secure.gravatar.com\/avatar\/cef3677de7d237273d13053728f9470818581a8a27d9bf6f5039fd18508a905f?s=96&d=mm&r=g","caption":"Samuel Chalmin"},"description":"R\u00e9dacteur du site, il suit les questions de temps et de calendrier : m\u00e9ridien de Greenwich, heure GMT et UTC, fuseaux horaires, changement d'heure, ann\u00e9es bissextiles et jours f\u00e9ri\u00e9s.","sameAs":["https:\/\/samuelchalmin.fr\/"],"url":"https:\/\/greenwichmeridien.fr\/blog\/auteur\/noname\/"}]}},"_links":{"self":[{"href":"https:\/\/greenwichmeridien.fr\/blog\/wp-json\/wp\/v2\/posts\/7356","targetHints":{"allow":["GET"]}}],"collection":[{"href":"https:\/\/greenwichmeridien.fr\/blog\/wp-json\/wp\/v2\/posts"}],"about":[{"href":"https:\/\/greenwichmeridien.fr\/blog\/wp-json\/wp\/v2\/types\/post"}],"author":[{"embeddable":true,"href":"https:\/\/greenwichmeridien.fr\/blog\/wp-json\/wp\/v2\/users\/34"}],"replies":[{"embeddable":true,"href":"https:\/\/greenwichmeridien.fr\/blog\/wp-json\/wp\/v2\/comments?post=7356"}],"version-history":[{"count":2,"href":"https:\/\/greenwichmeridien.fr\/blog\/wp-json\/wp\/v2\/posts\/7356\/revisions"}],"predecessor-version":[{"id":7832,"href":"https:\/\/greenwichmeridien.fr\/blog\/wp-json\/wp\/v2\/posts\/7356\/revisions\/7832"}],"wp:featuredmedia":[{"embeddable":true,"href":"https:\/\/greenwichmeridien.fr\/blog\/wp-json\/wp\/v2\/media\/7392"}],"wp:attachment":[{"href":"https:\/\/greenwichmeridien.fr\/blog\/wp-json\/wp\/v2\/media?parent=7356"}],"wp:term":[{"taxonomy":"category","embeddable":true,"href":"https:\/\/greenwichmeridien.fr\/blog\/wp-json\/wp\/v2\/categories?post=7356"},{"taxonomy":"post_tag","embeddable":true,"href":"https:\/\/greenwichmeridien.fr\/blog\/wp-json\/wp\/v2\/tags?post=7356"}],"curies":[{"name":"wp","href":"https:\/\/api.w.org\/{rel}","templated":true}]}}