{"id":7357,"date":"2024-12-28T07:32:31","date_gmt":"2024-12-28T06:32:31","guid":{"rendered":"https:\/\/greenwichmeridien.fr\/blog\/a-la-une\/histoire-de-la-mode-francaise-a-travers-les-siecles\/"},"modified":"2024-12-28T07:32:31","modified_gmt":"2024-12-28T06:32:31","slug":"histoire-de-la-mode-francaise-a-travers-les-siecles","status":"publish","type":"post","link":"https:\/\/greenwichmeridien.fr\/blog\/a-la-une\/histoire-de-la-mode-francaise-a-travers-les-siecles\/","title":{"rendered":"Histoire de la mode fran\u00e7aise \u00e0 travers les si\u00e8cles"},"content":{"rendered":"\n\n<p class=\"wp-block-paragraph\">La <strong>mode fran\u00e7aise<\/strong>, v\u00e9ritable reflet de l&rsquo;\u00e2me et de l&rsquo;\u00e9volution d&rsquo;une soci\u00e9t\u00e9, a travers\u00e9 les si\u00e8cles avec une gr\u00e2ce et une audace remarquables. Des somptueuses robes \u00e0 crinoline du <strong>XIXe si\u00e8cle<\/strong> aux silhouettes minimalistes du <strong>Xxe si\u00e8cle<\/strong>, chaque \u00e9poque a insuffl\u00e9 sa propre vision et son style unique, faisant de la France le berceau de la <strong>cr\u00e9ativit\u00e9<\/strong> et de l&rsquo;<strong>innovation<\/strong> vestimentaire. Cette <strong>histoire fascinante<\/strong> nous \u00e9claire sur les transformations des normes sociales, des techniques de fabrication et des influences culturelles qui ont fa\u00e7onn\u00e9 le paysage de la mode. En explorant les diff\u00e9rentes \u00e9poques, nous d\u00e9couvrons comment chaque chapitre contribue \u00e0 la richesse du patrimoine vestimentaire et comment la mode devient un miroir des aspirations et des r\u00e9volutions d&rsquo;une nation. Plongeons ensemble dans cet univers captivant o\u00f9 chaque v\u00eatement raconte une <strong>histoire<\/strong>, un r\u00eave et une audace artistique.<\/p>\n\n\n\n<h2 class=\"wp-block-heading\">Tendances de la mode fran\u00e7aise au Moyen \u00c2ge et \u00e0 la Renaissance<\/h2>\n\n\n<p class=\"wp-block-paragraph\">La <strong>mode fran\u00e7aise<\/strong> a connu des \u00e9volutions fascinantes pendant le <strong>Moyen \u00c2ge<\/strong> et la <strong>Renaissance<\/strong>, symbolisant des p\u00e9riodes de changements sociaux et culturels. Chacune de ces \u00e9poques a apport\u00e9 des innovations en termes de <strong>tissus<\/strong>, de <strong>couleurs<\/strong>, et de <strong>styles<\/strong>.<\/p>\n\n\n<h3 class=\"wp-block-heading\">Le Moyen \u00c2ge (Ve &#8211; XIIe si\u00e8cle)<\/h3>\n\n\n<p class=\"wp-block-paragraph\">Durant le <strong>Moyen \u00c2ge<\/strong>, la mode \u00e9tait caract\u00e9ris\u00e9e par des v\u00eatements amples et fonctionnels. Les tissus utilis\u00e9s incluaient la <strong laine>, le <strong>lin<\/strong>, et plus tard, la <strong>soie<\/strong>. Les classements sociaux influen\u00e7aient grandement les choix vestimentaires, les nobles optant pour des tissus plus luxueux et d\u00e9cor\u00e9s. Les <strong>couleurs<\/strong> variaient, les riches \u00e9laborant des garments de teintes vives comme le rouge et le bleu, tandis que les classes inf\u00e9rieures portaient souvent des couleurs plus ternes.<\/strong><\/p>\n\n\n<p class=\"wp-block-paragraph\">Les hommes portaient des <strong>tuniques<\/strong> qui descendaient jusqu&rsquo;aux genoux, souvent ceintur\u00e9es \u00e0 la taille, et les femmes optaient pour des robes longues et flowy, parfois orn\u00e9es de <strong>broderies<\/strong>. Les <strong>capuchons<\/strong> et <strong>mantaux<\/strong> \u00e9taient \u00e9galement communs, ajoutant une couche de sophistication.<\/p>\n\n\n<h3 class=\"wp-block-heading\">La Renaissance (XVe &#8211; XVIe si\u00e8cle)<\/h3>\n\n\n<p class=\"wp-block-paragraph\">Avec l&rsquo;av\u00e8nement de la <strong>Renaissance<\/strong>, la mode fran\u00e7aise a subi une transformation radicale. Le tissu de <strong>velours<\/strong>, les \u00e9toffes <strong>brod\u00e9es<\/strong> et la <strong>soie<\/strong> sont devenus des choix populaires parmi les \u00e9lites. Les nouvelles techniques de teintures ont permis d&rsquo;obtenir des <strong>couleurs<\/strong> plus vibrantes et diversifi\u00e9es, notamment le d\u00e9grad\u00e9 de <strong>rouge carmin<\/strong> et le <strong>jaune d&rsquo;or<\/strong>.<\/p>\n\n\n<p class=\"wp-block-paragraph\">Les silhouettes ont \u00e9t\u00e9 red\u00e9finies, les v\u00eatements devenant plus ajust\u00e9s. Les <strong>doublures<\/strong> en fourrure \u00e9taient souvent ajout\u00e9es pour le confort et la richesse. Les hommes portaient des <strong>justaucorps<\/strong>, tandis que les femmes influaient sur leurs styles avec des <strong>corsets<\/strong> qui soulignaient la taille, agr\u00e9ment\u00e9s de <strong>jupons<\/strong> volumineux. Les ornements tels que les <strong>perles<\/strong> et les <strong>bordeaux<\/strong> faisaient partie int\u00e9grante des tenues nobles.<\/p>\n\n\n<p class=\"wp-block-paragraph\">Ces transformations dans la mode refl\u00e8tent non seulement l&rsquo;\u00e9volution des styles, mais aussi les modifications profondes dans la <strong>culture<\/strong> et la <strong>soci\u00e9t\u00e9<\/strong> fran\u00e7aise au cours de ces si\u00e8cles, cr\u00e9ant un riche h\u00e9ritage qui continue d&rsquo;inspirer les g\u00e9n\u00e9rations futures.<\/p>\n\n\n\n<h2 class=\"wp-block-heading\">\u00c9volution de la mode \u00e0 l&rsquo;\u00e9poque classique en France<\/h2>\n\n\n<p class=\"wp-block-paragraph\">La p\u00e9riode classique en <strong>France<\/strong>, qui s&rsquo;\u00e9tend du d\u00e9but du XVIIe si\u00e8cle \u00e0 la fin du XVIIIe si\u00e8cle, repr\u00e9sente un tournant marquant dans l&rsquo;histoire de la <strong>mode<\/strong>. L&rsquo;influence de la cour de <strong>Louis XIV<\/strong> a eu un impact d\u00e9terminant sur les styles vestimentaires, marquant un v\u00e9ritable \u00e2ge d&rsquo;or du v\u00eatement. Sous le r\u00e8gne du Roi-Soleil, la mode est devenue un puissant symbole de <strong>prestige<\/strong> et de <strong>pouvoir<\/strong>.<\/p>\n\n\n<h3 class=\"wp-block-heading\">La cour de Louis XIV et ses influences<\/h3>\n\n\n<p class=\"wp-block-paragraph\">Louis XIV, en tant que monarque absolu, a red\u00e9fini les codes de la <strong>mode<\/strong> en insistant sur l&rsquo;importance de l&rsquo;apparence et de la richesse mat\u00e9rielle. La cour de Versailles est devenue le centre n\u00e9vralgique des tendances, o\u00f9 chaque courbure, chaque tissu et chaque accessoire avait son importance. Les v\u00eatements \u00e9taient non seulement des articles de consommation, mais aussi des outils de <strong>politique<\/strong> et d&rsquo;<strong>influence<\/strong>.<\/p>\n\n\n<p class=\"wp-block-paragraph\">Les tissus luxueux, comme la <strong>soie<\/strong> et le <strong>velours<\/strong>, \u00e9taient pris\u00e9s, souvent orn\u00e9s de broderies \u00e9labor\u00e9es et de <strong>dentelles<\/strong>. Les couleurs vives symbolisaient la richesse et le statut social, avec des teintes comme le rouge et l&rsquo;or pr\u00e9dominantes. Les v\u00eatements \u00e9taient \u00e9galement largement accessoiris\u00e9s avec des <strong>perruques<\/strong>, des <strong>chapeaux<\/strong> extravagants et des <strong>jupes bouffantes<\/strong>, qui ajoutaient une dimension spectaculaire \u00e0 la silhouette.<\/p>\n\n\n<h3 class=\"wp-block-heading\">Styles baroques et leur impact<\/h3>\n\n\n<p class=\"wp-block-paragraph\">L&rsquo;influence du <strong>baroque<\/strong> sur la mode \u00e0 cette \u00e9poque \u00e9tait palpable. Ce style artistique et culturel, caract\u00e9ris\u00e9 par son extravagance et sa complexit\u00e9, a directement inspir\u00e9 les v\u00eatements de l\u2019\u00e9poque. Les formes \u00e9taient souvent \u00e9labor\u00e9es, avec une attention m\u00e9ticuleuse aux d\u00e9tails. Les drap\u00e9s, les rides et les structures asym\u00e9triques faisaient partie int\u00e9grante des pi\u00e8ces vestimentaires.<\/p>\n\n\n<p class=\"wp-block-paragraph\">Les hommes, tout comme les femmes, \u00e9taient m\u00e9ticuleusement habill\u00e9s. Les costumes masculins incluaient des <strong>justaucorps<\/strong>, des <strong>culottes<\/strong> et des chemises orn\u00e9es, tandis que les femmes portaient des robes \u00e0 paniers, qui \u00e9largissaient la silhouette et donnaient un air de majest\u00e9. La mode \u00e9tait \u00e9galement influenc\u00e9e par les <strong>th\u00e9\u00e2tres<\/strong> et les arts, renfor\u00e7ant l&rsquo;id\u00e9e que se v\u00eatir \u00e9tait un acte de <strong>performance<\/strong>.<\/p>\n\n\n<h3 class=\"wp-block-heading\">La mode comme reflet de la soci\u00e9t\u00e9<\/h3>\n\n\n<p class=\"wp-block-paragraph\">Au fur et \u00e0 mesure que la cour de Louis XIV imposait ses pr\u00e9ceptes, la mode a \u00e9galement commenc\u00e9 \u00e0 \u00e9voluer en r\u00e9ponse aux changements sociaux et culturels. La mont\u00e9e de la bourgeoisie et l\u2019\u00e9largissement de l\u2019acc\u00e8s aux biens de consommation ont permis \u00e0 un plus grand nombre de personnes de participer aux tendances de la mode. Ainsi, m\u00eame ceux qui n\u2019appartenaient pas \u00e0 l\u2019aristocratie cherchaient \u00e0 imiter les styles de la cour, au point de camper les premiers germes de la <strong>mode d\u00e9mocratique<\/strong>.<\/p>\n\n\n<p class=\"wp-block-paragraph\">Cette p\u00e9riode classique en <strong>France<\/strong> a donc \u00e9t\u00e9 marqu\u00e9e par une transformation spectaculaire du paysage de la mode, o\u00f9 l&rsquo;influence de la cour de Louis XIV et les principes baroques ont non seulement d\u00e9fini les tendances vestimentaires, mais ont \u00e9galement mis en lumi\u00e8re l&rsquo;importance croissante de l&rsquo;apparence dans la vie publique et priv\u00e9e.<\/p>\n\n\n\n<p class=\"wp-block-paragraph\">La <strong>R\u00e9volution industrielle<\/strong>, qui a d\u00e9but\u00e9 \u00e0 la fin du 18e si\u00e8cle et s&rsquo;est intensifi\u00e9e tout au long du 19e si\u00e8cle, a eu des r\u00e9percussions profondes sur de nombreux secteurs, y compris la <strong>mode fran\u00e7aise<\/strong>. Avant cette p\u00e9riode, la majorit\u00e9 des v\u00eatements \u00e9taient confectionn\u00e9s sur-mesure ou r\u00e9alis\u00e9s \u00e0 la main, ce qui en faisait des pi\u00e8ces uniques et souvent tr\u00e8s co\u00fbteuses.<\/p>\n\n\n<p class=\"wp-block-paragraph\">Avec l&rsquo;essor des <strong>machines \u00e0 coudre<\/strong> et le d\u00e9veloppement des usines textiles, la production de v\u00eatements a connu un v\u00e9ritable bouleversement. La m\u00e9canisation a permis de r\u00e9duire le temps et les co\u00fbts de fabrication, rendant les v\u00eatements plus accessibles au grand public. C&rsquo;est ainsi que la mode pr\u00eat-\u00e0-porter a vu le jour, offrant des options de v\u00eatements standardis\u00e9s que les consommateurs pouvaient acheter directement dans les magasins.<\/p>\n\n\n<p class=\"wp-block-paragraph\">La seconde moiti\u00e9 du 19e si\u00e8cle est marqu\u00e9e par une diversification des styles et des silhouettes. Les cr\u00e9ations des grands couturiers, comme Charles Frederick Worth, qui est souvent reconnu comme le premier couturier moderne, ont commenc\u00e9 \u00e0 influencer non seulement l&rsquo;\u00e9lite mais \u00e9galement une client\u00e8le plus large. Les robes devenaient plus ornement\u00e9es, avec des d\u00e9collet\u00e9s plus profonds et des jupons volumineux, symbolisant l&rsquo;opulence d&rsquo;une \u00e9poque en pleine transformation.<\/p>\n\n\n<p class=\"wp-block-paragraph\">\u00c0 cette \u00e9poque, la <strong>mode masculine<\/strong> \u00e9galement \u00e9volue, privil\u00e9giant des coupes plus structur\u00e9es avec le maintien des justaucorps et l&rsquo;adoption de la veste. Ces changements refl\u00e8tent une soci\u00e9t\u00e9 en pleine mutation, confront\u00e9e \u00e0 des r\u00e9alit\u00e9s \u00e9conomiques et sociales nouvelles.<\/p>\n\n\n<p class=\"wp-block-paragraph\">La R\u00e9volution industrielle ne se limite pas \u00e0 la production ; elle a \u00e9galement modifi\u00e9 la fa\u00e7on dont les gens per\u00e7oivent la <strong>mode<\/strong>. Avec l&rsquo;augmentation du niveau de vie et l&rsquo;\u00e9mergence d&rsquo;une classe moyenne, le v\u00eatement devient un signe d&rsquo;identit\u00e9 et d&rsquo;affirmation sociale. Les modes se propagent plus rapidement gr\u00e2ce \u00e0 la <strong>d\u00e9mocratisation<\/strong> des publications de mode, permettant \u00e0 un public toujours plus large d&rsquo;acc\u00e9der aux derni\u00e8res tendances.<\/p>\n\n\n<p class=\"wp-block-paragraph\">En somme, la R\u00e9volution industrielle a catalys\u00e9 l&rsquo;\u00e9volution de la mode en France, transformant des pratiques artisanales en un secteur dynamique o\u00f9 le pr\u00eat-\u00e0-porter est devenu une nouvelle norme, marquant ainsi le d\u00e9but d&rsquo;une \u00e8re o\u00f9 le style et l&rsquo;accessibilit\u00e9 se rejoignent.<\/p>\n\n\n\n<p class=\"wp-block-paragraph\">Au <strong>vingti\u00e8me si\u00e8cle<\/strong>, la <strong>mode fran\u00e7aise<\/strong> a connu une transformation radicale, marqu\u00e9e par l&rsquo;\u00e9mergence de cr\u00e9ateurs embl\u00e9matiques qui ont su red\u00e9finir l&rsquo;esth\u00e9tique vestimentaire. Parmi eux, <strong>Coco Chanel<\/strong> a jou\u00e9 un r\u00f4le primordial en popularisant des styles plus pratiques et f\u00e9minins, d\u00e9fiant ainsi les conventions \u00e9tablies. Son c\u00e9l\u00e8bre <strong>tailleur Chanel<\/strong> et ses cr\u00e9ations en jersey incarnent une modernit\u00e9 audacieuse qui \u00e9mancipe la femme du corset traditionnel, favorisant la libert\u00e9 de mouvement.<\/p>\n\n\n<p class=\"wp-block-paragraph\">Dans les ann\u00e9es 1940 et 1950, le retour de la <strong>couture haute<\/strong> est marqu\u00e9 par un autre g\u00e9ant, <strong>Christian Dior<\/strong>, dont le <strong>New Look<\/strong> r\u00e9volutionne les codes vestimentaires. Avec ses robes \u00e9vas\u00e9es, cintr\u00e9es \u00e0 la taille, Dior r\u00e9introduit la f\u00e9minit\u00e9 dans la mode apr\u00e8s les strictes lignes utilitaires de la guerre. Ce style opulent renoue avec le luxe, c\u00e9l\u00e9brant la silhouette traditionnelle tout en proposant une nouvelle vision de l&rsquo;\u00e9l\u00e9gance.<\/p>\n\n\n<p class=\"wp-block-paragraph\">Les mouvements culturels de cette \u00e9poque, notamment le <strong>surr\u00e9alisme<\/strong> et le <strong>rock&rsquo;n&rsquo;roll<\/strong>, influencent \u00e9galement la mode. Les artistes et les jeunes g\u00e9n\u00e9rations commencent \u00e0 s&rsquo;exprimer \u00e0 travers leurs v\u00eatements, favorisant des styles plus audacieux et excentriques. Le <strong>v\u00eatement<\/strong> devient alors un moyen d&rsquo;affirmer son identit\u00e9 et ses convictions, illustrant les bouleversements sociaux de l&rsquo;\u00e9poque.<\/p>\n\n\n<p class=\"wp-block-paragraph\">Les ann\u00e9es folles, pr\u00e9c\u00e9dant la seconde guerre mondiale, affichent une esth\u00e9tique flashy et avant-gardiste, port\u00e9e par les <strong>flappers<\/strong>. Les femmes s&rsquo;affranchissent de l&rsquo;autorit\u00e9 patriarcale \u00e0 travers des silhouettes qui traduisent leur d\u00e9sir d&rsquo;\u00e9mancipation. La <strong>mode<\/strong> devient ainsi le reflet d&rsquo;un nouveau r\u00f4le social, annon\u00e7ant une \u00e8re de changements profonds.<\/p>\n\n\n<p class=\"wp-block-paragraph\">\u00c0 mesure que le si\u00e8cle avance, des mouvements tels que la <strong>contre-culture des ann\u00e9es 1960<\/strong> favorisent l&rsquo;exp\u00e9rimentation. Les cr\u00e9ateurs comme <strong>Yves Saint Laurent<\/strong> apportent des styles inspir\u00e9s de la <strong>mode unisexe<\/strong>, tandis que les v\u00eatements de rue et le <strong>vintage<\/strong> gagnent en popularit\u00e9. La mode se diversifie, c\u00e9l\u00e9brant l&rsquo;individualit\u00e9 et le m\u00e9lange des genres.<\/p>\n\n\n<p class=\"wp-block-paragraph\">La deuxi\u00e8me moiti\u00e9 du 20e si\u00e8cle marque \u00e9galement l&rsquo;influence de la <strong>mondialisation<\/strong> sur la mode, avec des cr\u00e9ateurs du monde entier qui enrichissent le paysage stylistique fran\u00e7ais. Paris reste n\u00e9anmoins le berceau de l\u2019innovation et continue d&rsquo;attirer des talents qui, comme Coco Chanel et Christian Dior, laissent une empreinte ind\u00e9l\u00e9bile sur l&rsquo;histoire de la mode.<\/p>\n\n\n<figure class=\"wp-block-embed is-type-video is-provider-youtube wp-block-embed-youtube wp-embed-aspect-16-9 wp-has-aspect-ratio\">\n<div class=\"wp-block-embed__wrapper\">\n<iframe loading=\"lazy\" title=\"Une histoire de la mode au XX\u00e8me si\u00e8cle - module 2 : 1947-1971\" width=\"1200\" height=\"675\" src=\"https:\/\/www.youtube.com\/embed\/zmf_aP6dHn0?feature=oembed\" frameborder=\"0\" allow=\"accelerometer; autoplay; clipboard-write; encrypted-media; gyroscope; picture-in-picture; web-share\" referrerpolicy=\"strict-origin-when-cross-origin\" allowfullscreen><\/iframe>\n<\/div>\n<\/figure>\n\n\n\n<p class=\"wp-block-paragraph\">La <strong>mode fran\u00e7aise<\/strong> a connu une \u00e9volution remarquable \u00e0 travers les si\u00e8cles, reflet des <strong>transformations culturelles<\/strong>, <strong>sociales<\/strong> et <strong>technologiques<\/strong> de chaque \u00e9poque. Des robes flamboyantes de la <strong>Renaissance<\/strong> aux silhouettes \u00e9pur\u00e9es du <strong>XXe si\u00e8cle<\/strong>, chaque p\u00e9riode a apport\u00e9 ses propres innovations et tendances. La <strong>Haute Couture<\/strong> a jou\u00e9 un r\u00f4le majeur en posant les bases d&rsquo;un art vestimentaire reconnu \u00e0 l&rsquo;\u00e9chelle mondiale. Avec l&rsquo;\u00e9mergence de cr\u00e9ateurs influents, la <strong>mode<\/strong> est devenue un v\u00e9ritable symbole de <strong>l&rsquo;\u00e9l\u00e9gance fran\u00e7aise<\/strong>. Il est fascinant de noter que cette histoire n&rsquo;est pas fig\u00e9e ; au contraire, la mode continue d&rsquo;\u00e9voluer, s&rsquo;adaptant aux besoins contemporains tout en s&rsquo;inspirant des erreurs et des succ\u00e8s du pass\u00e9. Ce cycle perp\u00e9tuel de renouvellement fait de la mode un domaine toujours <strong>dynamique<\/strong> et <strong>enrichissant<\/strong>.<\/p>\n","protected":false},"excerpt":{"rendered":"","protected":false},"author":34,"featured_media":7391,"comment_status":"open","ping_status":"open","sticky":false,"template":"","format":"standard","meta":{"_acf_changed":false,"manual_indexmenow":false,"indexmenow_id_project":0,"footnotes":""},"categories":[1],"tags":[],"class_list":["post-7357","post","type-post","status-publish","format-standard","has-post-thumbnail","hentry","category-a-la-une","generate-columns","tablet-grid-50","mobile-grid-100","grid-parent","grid-25"],"acf":[],"yoast_head":"<!-- This site is optimized with the Yoast SEO Premium plugin v21.3 (Yoast SEO v25.6) - https:\/\/yoast.com\/wordpress\/plugins\/seo\/ -->\n<title>Histoire de la mode fran\u00e7aise \u00e0 travers les si\u00e8cles<\/title>\n<meta name=\"description\" content=\"La mode fran\u00e7aise, v\u00e9ritable reflet de l&#039;\u00e2me et de l&#039;\u00e9volution d&#039;une soci\u00e9t\u00e9, a travers\u00e9 les si\u00e8cles avec une gr\u00e2ce et une audace remarquables. Des\" \/>\n<meta name=\"robots\" content=\"index, follow, max-snippet:-1, max-image-preview:large, max-video-preview:-1\" \/>\n<link rel=\"canonical\" href=\"https:\/\/greenwichmeridien.fr\/blog\/a-la-une\/histoire-de-la-mode-francaise-a-travers-les-siecles\/\" \/>\n<meta property=\"og:locale\" content=\"fr_FR\" \/>\n<meta property=\"og:type\" content=\"article\" \/>\n<meta property=\"og:title\" content=\"Histoire de la mode fran\u00e7aise \u00e0 travers les si\u00e8cles\" \/>\n<meta property=\"og:description\" content=\"La mode fran\u00e7aise, v\u00e9ritable reflet de l&#039;\u00e2me et de l&#039;\u00e9volution d&#039;une soci\u00e9t\u00e9, a travers\u00e9 les si\u00e8cles avec une gr\u00e2ce et une audace remarquables. Des\" \/>\n<meta property=\"og:url\" content=\"https:\/\/greenwichmeridien.fr\/blog\/a-la-une\/histoire-de-la-mode-francaise-a-travers-les-siecles\/\" \/>\n<meta property=\"og:site_name\" content=\"greenwichmeridien\" \/>\n<meta property=\"og:image\" content=\"https:\/\/greenwichmeridien.fr\/blog\/wp-content\/uploads\/2025\/02\/sdxl-fbbf8c466d98bea7273004bdd4e7b9b3.png\" \/>\n\t<meta property=\"og:image:width\" content=\"1536\" \/>\n\t<meta property=\"og:image:height\" content=\"640\" \/>\n\t<meta property=\"og:image:type\" content=\"image\/png\" \/>\n<meta name=\"author\" content=\"Samuel Chalmin\" \/>\n<meta name=\"twitter:card\" content=\"summary_large_image\" \/>\n<script type=\"application\/ld+json\" class=\"yoast-schema-graph\">{\"@context\":\"https:\/\/schema.org\",\"@graph\":[{\"@type\":\"NewsArticle\",\"@id\":\"https:\/\/greenwichmeridien.fr\/blog\/a-la-une\/histoire-de-la-mode-francaise-a-travers-les-siecles\/#article\",\"isPartOf\":{\"@id\":\"https:\/\/greenwichmeridien.fr\/blog\/a-la-une\/histoire-de-la-mode-francaise-a-travers-les-siecles\/\"},\"author\":{\"name\":\"Samuel Chalmin\",\"@id\":\"https:\/\/greenwichmeridien.fr\/blog\/#\/schema\/person\/3c864cdc320801e3db34b663e7e3f816\"},\"headline\":\"Histoire de la mode fran\u00e7aise \u00e0 travers les si\u00e8cles\",\"datePublished\":\"2024-12-28T06:32:31+00:00\",\"mainEntityOfPage\":{\"@id\":\"https:\/\/greenwichmeridien.fr\/blog\/a-la-une\/histoire-de-la-mode-francaise-a-travers-les-siecles\/\"},\"wordCount\":2037,\"commentCount\":0,\"publisher\":{\"@id\":\"https:\/\/greenwichmeridien.fr\/blog\/#organization\"},\"image\":{\"@id\":\"https:\/\/greenwichmeridien.fr\/blog\/a-la-une\/histoire-de-la-mode-francaise-a-travers-les-siecles\/#primaryimage\"},\"thumbnailUrl\":\"https:\/\/greenwichmeridien.fr\/blog\/wp-content\/uploads\/2025\/02\/sdxl-fbbf8c466d98bea7273004bdd4e7b9b3.png\",\"articleSection\":[\"\u00c0 la une\"],\"inLanguage\":\"fr-FR\",\"potentialAction\":[{\"@type\":\"CommentAction\",\"name\":\"Comment\",\"target\":[\"https:\/\/greenwichmeridien.fr\/blog\/a-la-une\/histoire-de-la-mode-francaise-a-travers-les-siecles\/#respond\"]}]},{\"@type\":\"WebPage\",\"@id\":\"https:\/\/greenwichmeridien.fr\/blog\/a-la-une\/histoire-de-la-mode-francaise-a-travers-les-siecles\/\",\"url\":\"https:\/\/greenwichmeridien.fr\/blog\/a-la-une\/histoire-de-la-mode-francaise-a-travers-les-siecles\/\",\"name\":\"Histoire de la mode fran\u00e7aise \u00e0 travers les si\u00e8cles\",\"isPartOf\":{\"@id\":\"https:\/\/greenwichmeridien.fr\/blog\/#website\"},\"primaryImageOfPage\":{\"@id\":\"https:\/\/greenwichmeridien.fr\/blog\/a-la-une\/histoire-de-la-mode-francaise-a-travers-les-siecles\/#primaryimage\"},\"image\":{\"@id\":\"https:\/\/greenwichmeridien.fr\/blog\/a-la-une\/histoire-de-la-mode-francaise-a-travers-les-siecles\/#primaryimage\"},\"thumbnailUrl\":\"https:\/\/greenwichmeridien.fr\/blog\/wp-content\/uploads\/2025\/02\/sdxl-fbbf8c466d98bea7273004bdd4e7b9b3.png\",\"datePublished\":\"2024-12-28T06:32:31+00:00\",\"description\":\"La mode fran\u00e7aise, v\u00e9ritable reflet de l'\u00e2me et de l'\u00e9volution d'une soci\u00e9t\u00e9, a travers\u00e9 les si\u00e8cles avec une gr\u00e2ce et une audace remarquables. Des\",\"inLanguage\":\"fr-FR\",\"potentialAction\":[{\"@type\":\"ReadAction\",\"target\":[\"https:\/\/greenwichmeridien.fr\/blog\/a-la-une\/histoire-de-la-mode-francaise-a-travers-les-siecles\/\"]}]},{\"@type\":\"ImageObject\",\"inLanguage\":\"fr-FR\",\"@id\":\"https:\/\/greenwichmeridien.fr\/blog\/a-la-une\/histoire-de-la-mode-francaise-a-travers-les-siecles\/#primaryimage\",\"url\":\"https:\/\/greenwichmeridien.fr\/blog\/wp-content\/uploads\/2025\/02\/sdxl-fbbf8c466d98bea7273004bdd4e7b9b3.png\",\"contentUrl\":\"https:\/\/greenwichmeridien.fr\/blog\/wp-content\/uploads\/2025\/02\/sdxl-fbbf8c466d98bea7273004bdd4e7b9b3.png\",\"width\":1536,\"height\":640},{\"@type\":\"WebSite\",\"@id\":\"https:\/\/greenwichmeridien.fr\/blog\/#website\",\"url\":\"https:\/\/greenwichmeridien.fr\/blog\/\",\"name\":\"Greenwich M\u00e9ridien\",\"description\":\"Greenwich M\u00e9ridien, le rep\u00e8re du temps et du voyage\",\"publisher\":{\"@id\":\"https:\/\/greenwichmeridien.fr\/blog\/#organization\"},\"alternateName\":\"Greenwich M\u00e9ridien, le rep\u00e8re du temps et du voyage\",\"potentialAction\":[{\"@type\":\"SearchAction\",\"target\":{\"@type\":\"EntryPoint\",\"urlTemplate\":\"https:\/\/greenwichmeridien.fr\/blog\/?s={search_term_string}\"},\"query-input\":{\"@type\":\"PropertyValueSpecification\",\"valueRequired\":true,\"valueName\":\"search_term_string\"}}],\"inLanguage\":\"fr-FR\"},{\"@type\":\"Organization\",\"@id\":\"https:\/\/greenwichmeridien.fr\/blog\/#organization\",\"name\":\"Greenwich M\u00e9ridien\",\"alternateName\":\"Greenwich M\u00e9ridien\",\"url\":\"https:\/\/greenwichmeridien.fr\/blog\/\",\"logo\":{\"@type\":\"ImageObject\",\"inLanguage\":\"fr-FR\",\"@id\":\"https:\/\/greenwichmeridien.fr\/blog\/#\/schema\/logo\/image\/\",\"url\":\"https:\/\/greenwichmeridien.fr\/blog\/wp-content\/uploads\/2024\/12\/greenwichmeridien.png\",\"contentUrl\":\"https:\/\/greenwichmeridien.fr\/blog\/wp-content\/uploads\/2024\/12\/greenwichmeridien.png\",\"width\":500,\"height\":500,\"caption\":\"Greenwich M\u00e9ridien\"},\"image\":{\"@id\":\"https:\/\/greenwichmeridien.fr\/blog\/#\/schema\/logo\/image\/\"}},{\"@type\":\"Person\",\"@id\":\"https:\/\/greenwichmeridien.fr\/blog\/#\/schema\/person\/3c864cdc320801e3db34b663e7e3f816\",\"name\":\"Samuel Chalmin\",\"image\":{\"@type\":\"ImageObject\",\"inLanguage\":\"fr-FR\",\"@id\":\"https:\/\/greenwichmeridien.fr\/blog\/#\/schema\/person\/image\/\",\"url\":\"https:\/\/secure.gravatar.com\/avatar\/cef3677de7d237273d13053728f9470818581a8a27d9bf6f5039fd18508a905f?s=96&d=mm&r=g\",\"contentUrl\":\"https:\/\/secure.gravatar.com\/avatar\/cef3677de7d237273d13053728f9470818581a8a27d9bf6f5039fd18508a905f?s=96&d=mm&r=g\",\"caption\":\"Samuel Chalmin\"},\"description\":\"R\u00e9dacteur du site, il suit les questions de temps et de calendrier : m\u00e9ridien de Greenwich, heure GMT et UTC, fuseaux horaires, changement d'heure, ann\u00e9es bissextiles et jours f\u00e9ri\u00e9s.\",\"sameAs\":[\"https:\/\/samuelchalmin.fr\/\"],\"url\":\"https:\/\/greenwichmeridien.fr\/blog\/auteur\/noname\/\"}]}<\/script>\n<!-- \/ Yoast SEO Premium plugin. -->","yoast_head_json":{"title":"Histoire de la mode fran\u00e7aise \u00e0 travers les si\u00e8cles","description":"La mode fran\u00e7aise, v\u00e9ritable reflet de l'\u00e2me et de l'\u00e9volution d'une soci\u00e9t\u00e9, a travers\u00e9 les si\u00e8cles avec une gr\u00e2ce et une audace remarquables. Des","robots":{"index":"index","follow":"follow","max-snippet":"max-snippet:-1","max-image-preview":"max-image-preview:large","max-video-preview":"max-video-preview:-1"},"canonical":"https:\/\/greenwichmeridien.fr\/blog\/a-la-une\/histoire-de-la-mode-francaise-a-travers-les-siecles\/","og_locale":"fr_FR","og_type":"article","og_title":"Histoire de la mode fran\u00e7aise \u00e0 travers les si\u00e8cles","og_description":"La mode fran\u00e7aise, v\u00e9ritable reflet de l'\u00e2me et de l'\u00e9volution d'une soci\u00e9t\u00e9, a travers\u00e9 les si\u00e8cles avec une gr\u00e2ce et une audace remarquables. Des","og_url":"https:\/\/greenwichmeridien.fr\/blog\/a-la-une\/histoire-de-la-mode-francaise-a-travers-les-siecles\/","og_site_name":"greenwichmeridien","og_image":[{"width":1536,"height":640,"url":"https:\/\/greenwichmeridien.fr\/blog\/wp-content\/uploads\/2025\/02\/sdxl-fbbf8c466d98bea7273004bdd4e7b9b3.png","type":"image\/png"}],"author":"Samuel Chalmin","twitter_card":"summary_large_image","schema":{"@context":"https:\/\/schema.org","@graph":[{"@type":"NewsArticle","@id":"https:\/\/greenwichmeridien.fr\/blog\/a-la-une\/histoire-de-la-mode-francaise-a-travers-les-siecles\/#article","isPartOf":{"@id":"https:\/\/greenwichmeridien.fr\/blog\/a-la-une\/histoire-de-la-mode-francaise-a-travers-les-siecles\/"},"author":{"name":"Samuel Chalmin","@id":"https:\/\/greenwichmeridien.fr\/blog\/#\/schema\/person\/3c864cdc320801e3db34b663e7e3f816"},"headline":"Histoire de la mode fran\u00e7aise \u00e0 travers les si\u00e8cles","datePublished":"2024-12-28T06:32:31+00:00","mainEntityOfPage":{"@id":"https:\/\/greenwichmeridien.fr\/blog\/a-la-une\/histoire-de-la-mode-francaise-a-travers-les-siecles\/"},"wordCount":2037,"commentCount":0,"publisher":{"@id":"https:\/\/greenwichmeridien.fr\/blog\/#organization"},"image":{"@id":"https:\/\/greenwichmeridien.fr\/blog\/a-la-une\/histoire-de-la-mode-francaise-a-travers-les-siecles\/#primaryimage"},"thumbnailUrl":"https:\/\/greenwichmeridien.fr\/blog\/wp-content\/uploads\/2025\/02\/sdxl-fbbf8c466d98bea7273004bdd4e7b9b3.png","articleSection":["\u00c0 la une"],"inLanguage":"fr-FR","potentialAction":[{"@type":"CommentAction","name":"Comment","target":["https:\/\/greenwichmeridien.fr\/blog\/a-la-une\/histoire-de-la-mode-francaise-a-travers-les-siecles\/#respond"]}]},{"@type":"WebPage","@id":"https:\/\/greenwichmeridien.fr\/blog\/a-la-une\/histoire-de-la-mode-francaise-a-travers-les-siecles\/","url":"https:\/\/greenwichmeridien.fr\/blog\/a-la-une\/histoire-de-la-mode-francaise-a-travers-les-siecles\/","name":"Histoire de la mode fran\u00e7aise \u00e0 travers les si\u00e8cles","isPartOf":{"@id":"https:\/\/greenwichmeridien.fr\/blog\/#website"},"primaryImageOfPage":{"@id":"https:\/\/greenwichmeridien.fr\/blog\/a-la-une\/histoire-de-la-mode-francaise-a-travers-les-siecles\/#primaryimage"},"image":{"@id":"https:\/\/greenwichmeridien.fr\/blog\/a-la-une\/histoire-de-la-mode-francaise-a-travers-les-siecles\/#primaryimage"},"thumbnailUrl":"https:\/\/greenwichmeridien.fr\/blog\/wp-content\/uploads\/2025\/02\/sdxl-fbbf8c466d98bea7273004bdd4e7b9b3.png","datePublished":"2024-12-28T06:32:31+00:00","description":"La mode fran\u00e7aise, v\u00e9ritable reflet de l'\u00e2me et de l'\u00e9volution d'une soci\u00e9t\u00e9, a travers\u00e9 les si\u00e8cles avec une gr\u00e2ce et une audace remarquables. Des","inLanguage":"fr-FR","potentialAction":[{"@type":"ReadAction","target":["https:\/\/greenwichmeridien.fr\/blog\/a-la-une\/histoire-de-la-mode-francaise-a-travers-les-siecles\/"]}]},{"@type":"ImageObject","inLanguage":"fr-FR","@id":"https:\/\/greenwichmeridien.fr\/blog\/a-la-une\/histoire-de-la-mode-francaise-a-travers-les-siecles\/#primaryimage","url":"https:\/\/greenwichmeridien.fr\/blog\/wp-content\/uploads\/2025\/02\/sdxl-fbbf8c466d98bea7273004bdd4e7b9b3.png","contentUrl":"https:\/\/greenwichmeridien.fr\/blog\/wp-content\/uploads\/2025\/02\/sdxl-fbbf8c466d98bea7273004bdd4e7b9b3.png","width":1536,"height":640},{"@type":"WebSite","@id":"https:\/\/greenwichmeridien.fr\/blog\/#website","url":"https:\/\/greenwichmeridien.fr\/blog\/","name":"Greenwich M\u00e9ridien","description":"Greenwich M\u00e9ridien, le rep\u00e8re du temps et du voyage","publisher":{"@id":"https:\/\/greenwichmeridien.fr\/blog\/#organization"},"alternateName":"Greenwich M\u00e9ridien, le rep\u00e8re du temps et du voyage","potentialAction":[{"@type":"SearchAction","target":{"@type":"EntryPoint","urlTemplate":"https:\/\/greenwichmeridien.fr\/blog\/?s={search_term_string}"},"query-input":{"@type":"PropertyValueSpecification","valueRequired":true,"valueName":"search_term_string"}}],"inLanguage":"fr-FR"},{"@type":"Organization","@id":"https:\/\/greenwichmeridien.fr\/blog\/#organization","name":"Greenwich M\u00e9ridien","alternateName":"Greenwich M\u00e9ridien","url":"https:\/\/greenwichmeridien.fr\/blog\/","logo":{"@type":"ImageObject","inLanguage":"fr-FR","@id":"https:\/\/greenwichmeridien.fr\/blog\/#\/schema\/logo\/image\/","url":"https:\/\/greenwichmeridien.fr\/blog\/wp-content\/uploads\/2024\/12\/greenwichmeridien.png","contentUrl":"https:\/\/greenwichmeridien.fr\/blog\/wp-content\/uploads\/2024\/12\/greenwichmeridien.png","width":500,"height":500,"caption":"Greenwich M\u00e9ridien"},"image":{"@id":"https:\/\/greenwichmeridien.fr\/blog\/#\/schema\/logo\/image\/"}},{"@type":"Person","@id":"https:\/\/greenwichmeridien.fr\/blog\/#\/schema\/person\/3c864cdc320801e3db34b663e7e3f816","name":"Samuel Chalmin","image":{"@type":"ImageObject","inLanguage":"fr-FR","@id":"https:\/\/greenwichmeridien.fr\/blog\/#\/schema\/person\/image\/","url":"https:\/\/secure.gravatar.com\/avatar\/cef3677de7d237273d13053728f9470818581a8a27d9bf6f5039fd18508a905f?s=96&d=mm&r=g","contentUrl":"https:\/\/secure.gravatar.com\/avatar\/cef3677de7d237273d13053728f9470818581a8a27d9bf6f5039fd18508a905f?s=96&d=mm&r=g","caption":"Samuel Chalmin"},"description":"R\u00e9dacteur du site, il suit les questions de temps et de calendrier : m\u00e9ridien de Greenwich, heure GMT et UTC, fuseaux horaires, changement d'heure, ann\u00e9es bissextiles et jours f\u00e9ri\u00e9s.","sameAs":["https:\/\/samuelchalmin.fr\/"],"url":"https:\/\/greenwichmeridien.fr\/blog\/auteur\/noname\/"}]}},"_links":{"self":[{"href":"https:\/\/greenwichmeridien.fr\/blog\/wp-json\/wp\/v2\/posts\/7357","targetHints":{"allow":["GET"]}}],"collection":[{"href":"https:\/\/greenwichmeridien.fr\/blog\/wp-json\/wp\/v2\/posts"}],"about":[{"href":"https:\/\/greenwichmeridien.fr\/blog\/wp-json\/wp\/v2\/types\/post"}],"author":[{"embeddable":true,"href":"https:\/\/greenwichmeridien.fr\/blog\/wp-json\/wp\/v2\/users\/34"}],"replies":[{"embeddable":true,"href":"https:\/\/greenwichmeridien.fr\/blog\/wp-json\/wp\/v2\/comments?post=7357"}],"version-history":[{"count":0,"href":"https:\/\/greenwichmeridien.fr\/blog\/wp-json\/wp\/v2\/posts\/7357\/revisions"}],"wp:featuredmedia":[{"embeddable":true,"href":"https:\/\/greenwichmeridien.fr\/blog\/wp-json\/wp\/v2\/media\/7391"}],"wp:attachment":[{"href":"https:\/\/greenwichmeridien.fr\/blog\/wp-json\/wp\/v2\/media?parent=7357"}],"wp:term":[{"taxonomy":"category","embeddable":true,"href":"https:\/\/greenwichmeridien.fr\/blog\/wp-json\/wp\/v2\/categories?post=7357"},{"taxonomy":"post_tag","embeddable":true,"href":"https:\/\/greenwichmeridien.fr\/blog\/wp-json\/wp\/v2\/tags?post=7357"}],"curies":[{"name":"wp","href":"https:\/\/api.w.org\/{rel}","templated":true}]}}