{"id":7358,"date":"2024-12-29T09:36:46","date_gmt":"2024-12-29T08:36:46","guid":{"rendered":"https:\/\/greenwichmeridien.fr\/blog\/a-la-une\/les-meilleures-regions-pour-des-vacances-francophones\/"},"modified":"2024-12-29T09:36:46","modified_gmt":"2024-12-29T08:36:46","slug":"les-meilleures-regions-pour-des-vacances-francophones","status":"publish","type":"post","link":"https:\/\/greenwichmeridien.fr\/blog\/a-la-une\/les-meilleures-regions-pour-des-vacances-francophones\/","title":{"rendered":"Les meilleures r\u00e9gions pour des vacances francophones"},"content":{"rendered":"\n\n<p class=\"wp-block-paragraph\"><strong>La francophonie<\/strong>, riche de cultures et de traditions vari\u00e9es, offre une multitude de destinations de r\u00eave pour les voyageurs en qu\u00eate de nouvelles aventures. Que ce soit pour fl\u00e2ner dans les rues pav\u00e9es d&rsquo;une <strong>ville historique<\/strong>, savourer des plats typiques ou se plonger dans la nature, les r\u00e9gions francophones regorgent de tr\u00e9sors insoup\u00e7onn\u00e9s. Mais pourquoi se limiter \u00e0 explorer l&rsquo;ordinaire quand on peut d\u00e9couvrir des lieux impr\u00e9gn\u00e9s de l\u2019<strong>esprit francophone<\/strong>?<\/p>\n\n\n<p class=\"wp-block-paragraph\">Choisir une destination francophone, c&rsquo;est s&rsquo;immerger dans des atmosph\u00e8res chaleureuses et authentiques, o\u00f9 la langue et la culture partagent une place centrale. La diversit\u00e9 des paysages, qu&rsquo;ils soient maritimes, montagneux ou urbains, offre une palette d&rsquo;exp\u00e9riences inoubliables. Dans cet article, nous vous invitons \u00e0 parcourir quelques-unes des <strong>meilleures r\u00e9gions<\/strong> pour des vacances empreintes de chaleur et de convivialit\u00e9, aux quatre coins du monde francophone.<\/p>\n\n\n\n<p class=\"wp-block-paragraph\">Le <strong>Qu\u00e9bec<\/strong>, avec son riche h\u00e9ritage culturel et sa nature majestueuse, repr\u00e9sente une destination de vacances captivante. Cette province canadienne est le c\u0153ur battant de la culture francophone en Am\u00e9rique du Nord.<\/p>\n\n\n<h2 class=\"wp-block-heading\">Culture Vibrante<\/h2>\n\n\n<p class=\"wp-block-paragraph\">La culture qu\u00e9b\u00e9coise est un savant m\u00e9lange d&rsquo;influences fran\u00e7aises, anglaises et indig\u00e8nes. En fl\u00e2nant dans les rues de <strong>Montr\u00e9al<\/strong>, vous serez t\u00e9moin de l&rsquo;effervescence de ses festivals, comme le <strong>Festival International de Jazz<\/strong> et le <strong>Festival Juste pour rire<\/strong>. La <strong>vie artistique<\/strong> est omnipr\u00e9sente, des artistes de rue talentueux aux mus\u00e9es prestigieux, tels que le <strong>Mus\u00e9e des beaux-arts de Montr\u00e9al<\/strong>, o\u00f9 l&rsquo;on peut admirer des \u0153uvres de ma\u00eetres internationaux et locaux.<\/p>\n\n\n<h2 class=\"wp-block-heading\">Gastronomie Savoureuse<\/h2>\n\n\n<p class=\"wp-block-paragraph\">La <strong>gastronomie qu\u00e9b\u00e9coise<\/strong> est une v\u00e9ritable c\u00e9l\u00e9bration des saveurs. Ne manquez pas de go\u00fbter \u00e0 la fameuse <strong>poutine<\/strong>, un plat embl\u00e9matique fait de frites, de fromage en grains et de sauce brune. Les march\u00e9s locaux, comme le <strong>March\u00e9 Jean-Talon<\/strong>, offrent une vari\u00e9t\u00e9 de sp\u00e9cialit\u00e9s r\u00e9gionales, allant du <strong>sirop d&rsquo;\u00e9rable<\/strong> \u00e0 la <strong>tarte au sucre<\/strong>. Pour les amateurs de vin, la r\u00e9gion de <strong>l\u2019Estrie<\/strong> est connue pour ses vignobles, proposant des d\u00e9gustations de cuv\u00e9es uniques.<\/p>\n\n\n<h2 class=\"wp-block-heading\">Activit\u00e9s Touristiques Diversifi\u00e9es<\/h2>\n\n\n<p class=\"wp-block-paragraph\">Le Qu\u00e9bec est \u00e9galement un terrain de jeu pour les amateurs d&rsquo;aventure et de plein air. En hiver, les stations de ski comme <strong>Mont Tremblant<\/strong> offrent des sports de glisse exceptionnels, tandis qu&rsquo;en \u00e9t\u00e9, les parcs nationaux comme <strong>la Mauricie<\/strong> et <strong>le Parc national des \u00celes-de-Boucherville<\/strong> invitent \u00e0 la randonn\u00e9e, \u00e0 la p\u00eache et au kayak. Pour ceux en qu\u00eate de d\u00e9tente, une croisi\u00e8re sur le <strong>Fleuve Saint-Laurent<\/strong> offre des vues imprenables sur les paysages environnants.<\/p>\n\n\n<h2 class=\"wp-block-heading\">Patrimoine Historique<\/h2>\n\n\n<p class=\"wp-block-paragraph\">Ne passez pas \u00e0 c\u00f4t\u00e9 de la charmante ville de <strong>Qu\u00e9bec<\/strong>, class\u00e9e au patrimoine mondial de l&rsquo;UNESCO. Son vieux quartier, avec ses rues pav\u00e9es et son architecture coloniale, \u00e9voque un charme d&rsquo;antan. Le <strong>Ch\u00e2teau Frontenac<\/strong>, embl\u00e9matique de la ville, est un incontournable, tout comme le <strong>Plains of Abraham<\/strong> o\u00f9 se d\u00e9roulent des \u00e9v\u00e9nements historiques.<\/p>\n\n\n<p class=\"wp-block-paragraph\">Le Qu\u00e9bec est une destination qui saura combler toutes vos attentes, m\u00ealant <strong>culture<\/strong>, <strong>gastronomie<\/strong> et <strong>activit\u00e9s<\/strong> en plein air. Pr\u00e9parez-vous \u00e0 vivre une exp\u00e9rience inoubliable au c\u0153ur de cette province francophone!<\/p>\n\n\n\n<p class=\"wp-block-paragraph\">La <strong>Provence<\/strong>, situ\u00e9e dans le sud-est de la France, est une r\u00e9gion qui attire les amoureux de la nature et de la culture. Ses <strong>paysages<\/strong> vari\u00e9s, allant des collines parsem\u00e9es de vignes aux champs dor\u00e9s de <strong>lavande<\/strong>, offrent un spectacle \u00e0 couper le souffle \u00e0 chaque saison.<\/p>\n\n\n<h2 class=\"wp-block-heading\">Les Paysages Envo\u00fbtants<\/h2>\n\n\n<p class=\"wp-block-paragraph\">En parcourant la Provence, on ne peut qu&rsquo;\u00eatre \u00e9merveill\u00e9 par ses paysages majestueux. Les <strong>cigales<\/strong> chantent au rythme de l&rsquo;\u00e9t\u00e9, tandis que les champs de <strong>lavande<\/strong> s&rsquo;\u00e9tendent \u00e0 perte de vue, d\u00e9gageant un parfum apaisant. Les villages perch\u00e9s sur les collines, comme <strong>Gordes<\/strong> et <strong>Roussillon<\/strong>, vous invitent \u00e0 fl\u00e2ner dans leurs ruelles pav\u00e9es, tandis que les panoramas de la <strong>Montagne Sainte-Victoire<\/strong> offrent un cadre parfait pour les randonn\u00e9es.<\/p>\n\n\n<h2 class=\"wp-block-heading\">La Lavande, Symbole de la R\u00e9gion<\/h2>\n\n\n<p class=\"wp-block-paragraph\">La <strong>lavande<\/strong> est sans doute l&rsquo;un des tr\u00e9sors les plus embl\u00e9matiques de la Provence. Chaque \u00e9t\u00e9, ses champs se teintent de magnifiques nuances de violet. Faire le tour des <strong>champs de lavande<\/strong> durant la p\u00e9riode de floraison, entre fin juin et d\u00e9but ao\u00fbt, est une exp\u00e9rience inoubliable. De nombreux festivals, tels que la F\u00eate de la Lavande \u00e0 <strong>Budens<\/strong>, c\u00e9l\u00e8brent cette plante merveilleuse avec des march\u00e9s, des ateliers et des concerts.<\/p>\n\n\n<h2 class=\"wp-block-heading\">Les Festivals Locaux<\/h2>\n\n\n<p class=\"wp-block-paragraph\">En plus de son d\u00e9cor naturel \u00e9poustouflant, la Provence est \u00e9galement riche en <strong>festivals locaux<\/strong> qui font vibrer la r\u00e9gion. De la <strong>F\u00eate de la Musique<\/strong> en juin aux <strong>festivals de th\u00e9\u00e2tre<\/strong> \u00e0 <strong>Aix-en-Provence<\/strong>, chaque \u00e9v\u00e9nement est une occasion de d\u00e9couvrir la culture proven\u00e7ale. Les <strong>f\u00eates de village<\/strong> r\u00e9v\u00e8lent des traditions culinaires et artisanales, o\u00f9 les visiteurs peuvent d\u00e9guster des sp\u00e9cialit\u00e9s locales comme la <strong>ratatouille<\/strong> ou le <strong>tapenade<\/strong>.<\/p>\n\n\n<p class=\"wp-block-paragraph\">Que vous soyez passionn\u00e9 de nature, amateur d&rsquo;art ou curieux de traditions locales, la Provence est une destination qui comblera toutes vos attentes et vous laissera des souvenirs inoubliables.<\/p>\n\n\n\n<h2 class=\"wp-block-heading\">Des plages paradisiaques<\/h2>\n\n\n<p class=\"wp-block-paragraph\">La C\u00f4te d&rsquo;Ivoire est r\u00e9put\u00e9e pour ses <strong>plages de sable fin<\/strong> et ses eaux cristallines. Des destinations comme <strong>Assinie<\/strong> et <strong>Grand-Bassam<\/strong> attirent les amateurs de farniente et d&rsquo;activit\u00e9s nautiques. \u00c0 Assinie, vous pourrez profiter de l&rsquo;intimit\u00e9 de bungalows en bord de mer tout en vous adonnant au <strong>surf<\/strong> ou \u00e0 la <strong>plong\u00e9e sous-marine<\/strong>. Grand-Bassam, quant \u00e0 elle, est une ville class\u00e9e au patrimoine mondial de l&rsquo;UNESCO, o\u00f9 l&rsquo;architecture coloniale se m\u00eale \u00e0 l&rsquo;ambiance baln\u00e9aire. Promenez-vous le long de la lagune ou relaxez-vous sur l&rsquo;une de ses nombreuses plages anim\u00e9es.<\/p>\n\n\n<h2 class=\"wp-block-heading\">Une culture riche et vari\u00e9e<\/h2>\n\n\n<p class=\"wp-block-paragraph\">La C\u00f4te d&rsquo;Ivoire est un v\u00e9ritable carrefour culturel. La diversit\u00e9 des <strong>ethnies<\/strong> et des traditions se refl\u00e8te dans les coutumes locales, la musique et la danse. Ne manquez pas d&rsquo;assister \u00e0 un spectacle de <strong>danse traditionnelle<\/strong>, o\u00f9 les danseurs v\u00eatus de costumes color\u00e9s vous plongeront dans l&rsquo;univers de leurs anc\u00eatres. Les march\u00e9s de <strong>Yamoussoukro<\/strong> et d&rsquo;<strong>Abidjan<\/strong> sont des lieux id\u00e9aux pour d\u00e9couvrir l&rsquo;artisanat local, les \u00e9pices et les saveurs de la cuisine ivoirienne, telle que l&rsquo;atti\u00e9k\u00e9 et le foutou.<\/p>\n\n\n<h2 class=\"wp-block-heading\">Des possibilit\u00e9s d&rsquo;aventure in\u00e9gal\u00e9es<\/h2>\n\n\n<p class=\"wp-block-paragraph\">Pour les amateurs d&rsquo;aventure, la C\u00f4te d&rsquo;Ivoire offre une multitude d&rsquo;activit\u00e9s en pleine nature. Explorez le <strong>parc national de Ta\u00ef<\/strong>, un site class\u00e9 au patrimoine mondial de l&rsquo;UNESCO, o\u00f9 vous aurez la chance d&rsquo;observer des esp\u00e8ces uniques telles que les <strong>chimpanz\u00e9s<\/strong> et diverses esp\u00e8ces d&rsquo;oiseaux. Les for\u00eats denses, les rivi\u00e8res et la biodiversit\u00e9 de ce parc invitent \u00e0 la randonn\u00e9e et \u00e0 l&rsquo;exploration. Par ailleurs, le <strong>parc national de la Como\u00e9<\/strong> est l&rsquo;endroit id\u00e9al pour les safaris, o\u00f9 la faune sauvage est \u00e0 port\u00e9e de main.<\/p>\n\n\n<h2 class=\"wp-block-heading\">Un voyage m\u00e9morable<\/h2>\n\n\n<p class=\"wp-block-paragraph\">Que vous soyez en qu\u00eate de d\u00e9tente sur les plages, d&rsquo;immersion culturelle ou d&rsquo;aventures palpitantes, la C\u00f4te d&rsquo;Ivoire saura combler toutes vos attentes. Chaque r\u00e9gion a son propre charme et ses tr\u00e9sors \u00e0 offrir, faisant de cette destination francophone un lieu o\u00f9 il fait bon se perdre et s&rsquo;\u00e9merveiller.<\/p>\n\n\n\n<p class=\"wp-block-paragraph\">Lorsque l&rsquo;on pense \u00e0 des vacances dans des r\u00e9gions francophones, plusieurs tr\u00e9sors m\u00e9ritent d&rsquo;\u00eatre d\u00e9couverts. Des plages de <strong>Martinique<\/strong> aux montagnes du <strong>Qu\u00e9bec<\/strong>, chaque destination offre une exp\u00e9rience unique. Les collines verdoyantes de <strong>la Provence<\/strong> sont un v\u00e9ritable appel \u00e0 la d\u00e9tente, tandis que les villes comme <strong>Montr\u00e9al<\/strong> et <strong>Bruxelles<\/strong> vibrent d&rsquo;une culture dynamique. Les paysages enchanteurs de <strong>la R\u00e9union<\/strong> invitent \u00e0 l&rsquo;aventure et \u00e0 l&rsquo;exploration, offrant des panoramas \u00e0 couper le souffle.<\/p>\n\n\n<p class=\"wp-block-paragraph\">Chacune de ces r\u00e9gions promet des moments inoubliables, que ce soit \u00e0 travers la gastronomie, l&rsquo;hospitalit\u00e9 des habitants ou les activit\u00e9s en plein air. Si vous avez envie de d\u00e9couvrir des lieux o\u00f9 la langue et la culture fran\u00e7aise se conjuguent avec des paysages et des ambiances vari\u00e9s, envisagez s\u00e9rieusement de planifier votre prochaine escapade dans l&rsquo;une de ces destinations francophones envo\u00fbtantes.<\/p>\n\n\n<div style=\"display: block;\">\n<div id=\"fb-root\"><\/div>\n<script async defer crossorigin=\"anonymous\" src=\"https:\/\/connect.facebook.net\/fr_FR\/sdk.js#xfbml=1&#038;version=v17.0\"><\/script>\n<div class=\"fb-post\" data-href=\"https:\/\/www.facebook.com\/TF1Info\/posts\/821959680067437\" data-width=\"500\" data-show-text=\"true\"><\/div>\n<\/div>\n","protected":false},"excerpt":{"rendered":"","protected":false},"author":34,"featured_media":7387,"comment_status":"open","ping_status":"open","sticky":false,"template":"","format":"standard","meta":{"_acf_changed":false,"manual_indexmenow":false,"indexmenow_id_project":0,"footnotes":""},"categories":[1],"tags":[],"class_list":["post-7358","post","type-post","status-publish","format-standard","has-post-thumbnail","hentry","category-a-la-une","generate-columns","tablet-grid-50","mobile-grid-100","grid-parent","grid-25"],"acf":[],"yoast_head":"<!-- This site is optimized with the Yoast SEO Premium plugin v21.3 (Yoast SEO v25.6) - https:\/\/yoast.com\/wordpress\/plugins\/seo\/ -->\n<title>Vacances Francophones : Top R\u00e9gions \u00e0 Explorer<\/title>\n<meta name=\"description\" content=\"La francophonie, riche de cultures et de traditions vari\u00e9es, offre une multitude de destinations de r\u00eave pour les voyageurs en qu\u00eate de nouvelles\" \/>\n<meta name=\"robots\" content=\"index, follow, max-snippet:-1, max-image-preview:large, max-video-preview:-1\" \/>\n<link rel=\"canonical\" href=\"https:\/\/greenwichmeridien.fr\/blog\/a-la-une\/les-meilleures-regions-pour-des-vacances-francophones\/\" \/>\n<meta property=\"og:locale\" content=\"fr_FR\" \/>\n<meta property=\"og:type\" content=\"article\" \/>\n<meta property=\"og:title\" content=\"Vacances Francophones : Top R\u00e9gions \u00e0 Explorer\" \/>\n<meta property=\"og:description\" content=\"La francophonie, riche de cultures et de traditions vari\u00e9es, offre une multitude de destinations de r\u00eave pour les voyageurs en qu\u00eate de nouvelles\" \/>\n<meta property=\"og:url\" content=\"https:\/\/greenwichmeridien.fr\/blog\/a-la-une\/les-meilleures-regions-pour-des-vacances-francophones\/\" \/>\n<meta property=\"og:site_name\" content=\"greenwichmeridien\" \/>\n<meta property=\"og:image\" content=\"https:\/\/greenwichmeridien.fr\/blog\/wp-content\/uploads\/2025\/02\/sdxl-4a046258e6d139f4e2fddc007bb6bc01.png\" \/>\n\t<meta property=\"og:image:width\" content=\"1200\" \/>\n\t<meta property=\"og:image:height\" content=\"500\" \/>\n\t<meta property=\"og:image:type\" content=\"image\/png\" \/>\n<meta name=\"author\" content=\"Samuel Chalmin\" \/>\n<meta name=\"twitter:card\" content=\"summary_large_image\" \/>\n<script type=\"application\/ld+json\" class=\"yoast-schema-graph\">{\"@context\":\"https:\/\/schema.org\",\"@graph\":[{\"@type\":\"NewsArticle\",\"@id\":\"https:\/\/greenwichmeridien.fr\/blog\/a-la-une\/les-meilleures-regions-pour-des-vacances-francophones\/#article\",\"isPartOf\":{\"@id\":\"https:\/\/greenwichmeridien.fr\/blog\/a-la-une\/les-meilleures-regions-pour-des-vacances-francophones\/\"},\"author\":{\"name\":\"Samuel Chalmin\",\"@id\":\"https:\/\/greenwichmeridien.fr\/blog\/#\/schema\/person\/3c864cdc320801e3db34b663e7e3f816\"},\"headline\":\"Les meilleures r\u00e9gions pour des vacances francophones\",\"datePublished\":\"2024-12-29T08:36:46+00:00\",\"mainEntityOfPage\":{\"@id\":\"https:\/\/greenwichmeridien.fr\/blog\/a-la-une\/les-meilleures-regions-pour-des-vacances-francophones\/\"},\"wordCount\":1423,\"commentCount\":0,\"publisher\":{\"@id\":\"https:\/\/greenwichmeridien.fr\/blog\/#organization\"},\"image\":{\"@id\":\"https:\/\/greenwichmeridien.fr\/blog\/a-la-une\/les-meilleures-regions-pour-des-vacances-francophones\/#primaryimage\"},\"thumbnailUrl\":\"https:\/\/greenwichmeridien.fr\/blog\/wp-content\/uploads\/2025\/02\/sdxl-4a046258e6d139f4e2fddc007bb6bc01.png\",\"articleSection\":[\"\u00c0 la une\"],\"inLanguage\":\"fr-FR\",\"potentialAction\":[{\"@type\":\"CommentAction\",\"name\":\"Comment\",\"target\":[\"https:\/\/greenwichmeridien.fr\/blog\/a-la-une\/les-meilleures-regions-pour-des-vacances-francophones\/#respond\"]}]},{\"@type\":\"WebPage\",\"@id\":\"https:\/\/greenwichmeridien.fr\/blog\/a-la-une\/les-meilleures-regions-pour-des-vacances-francophones\/\",\"url\":\"https:\/\/greenwichmeridien.fr\/blog\/a-la-une\/les-meilleures-regions-pour-des-vacances-francophones\/\",\"name\":\"Vacances Francophones : Top R\u00e9gions \u00e0 Explorer\",\"isPartOf\":{\"@id\":\"https:\/\/greenwichmeridien.fr\/blog\/#website\"},\"primaryImageOfPage\":{\"@id\":\"https:\/\/greenwichmeridien.fr\/blog\/a-la-une\/les-meilleures-regions-pour-des-vacances-francophones\/#primaryimage\"},\"image\":{\"@id\":\"https:\/\/greenwichmeridien.fr\/blog\/a-la-une\/les-meilleures-regions-pour-des-vacances-francophones\/#primaryimage\"},\"thumbnailUrl\":\"https:\/\/greenwichmeridien.fr\/blog\/wp-content\/uploads\/2025\/02\/sdxl-4a046258e6d139f4e2fddc007bb6bc01.png\",\"datePublished\":\"2024-12-29T08:36:46+00:00\",\"description\":\"La francophonie, riche de cultures et de traditions vari\u00e9es, offre une multitude de destinations de r\u00eave pour les voyageurs en qu\u00eate de nouvelles\",\"inLanguage\":\"fr-FR\",\"potentialAction\":[{\"@type\":\"ReadAction\",\"target\":[\"https:\/\/greenwichmeridien.fr\/blog\/a-la-une\/les-meilleures-regions-pour-des-vacances-francophones\/\"]}]},{\"@type\":\"ImageObject\",\"inLanguage\":\"fr-FR\",\"@id\":\"https:\/\/greenwichmeridien.fr\/blog\/a-la-une\/les-meilleures-regions-pour-des-vacances-francophones\/#primaryimage\",\"url\":\"https:\/\/greenwichmeridien.fr\/blog\/wp-content\/uploads\/2025\/02\/sdxl-4a046258e6d139f4e2fddc007bb6bc01.png\",\"contentUrl\":\"https:\/\/greenwichmeridien.fr\/blog\/wp-content\/uploads\/2025\/02\/sdxl-4a046258e6d139f4e2fddc007bb6bc01.png\",\"width\":1536,\"height\":640},{\"@type\":\"WebSite\",\"@id\":\"https:\/\/greenwichmeridien.fr\/blog\/#website\",\"url\":\"https:\/\/greenwichmeridien.fr\/blog\/\",\"name\":\"Greenwich M\u00e9ridien\",\"description\":\"Greenwich M\u00e9ridien, le rep\u00e8re du temps et du voyage\",\"publisher\":{\"@id\":\"https:\/\/greenwichmeridien.fr\/blog\/#organization\"},\"alternateName\":\"Greenwich M\u00e9ridien, le rep\u00e8re du temps et du voyage\",\"potentialAction\":[{\"@type\":\"SearchAction\",\"target\":{\"@type\":\"EntryPoint\",\"urlTemplate\":\"https:\/\/greenwichmeridien.fr\/blog\/?s={search_term_string}\"},\"query-input\":{\"@type\":\"PropertyValueSpecification\",\"valueRequired\":true,\"valueName\":\"search_term_string\"}}],\"inLanguage\":\"fr-FR\"},{\"@type\":\"Organization\",\"@id\":\"https:\/\/greenwichmeridien.fr\/blog\/#organization\",\"name\":\"Greenwich M\u00e9ridien\",\"alternateName\":\"Greenwich M\u00e9ridien\",\"url\":\"https:\/\/greenwichmeridien.fr\/blog\/\",\"logo\":{\"@type\":\"ImageObject\",\"inLanguage\":\"fr-FR\",\"@id\":\"https:\/\/greenwichmeridien.fr\/blog\/#\/schema\/logo\/image\/\",\"url\":\"https:\/\/greenwichmeridien.fr\/blog\/wp-content\/uploads\/2024\/12\/greenwichmeridien.png\",\"contentUrl\":\"https:\/\/greenwichmeridien.fr\/blog\/wp-content\/uploads\/2024\/12\/greenwichmeridien.png\",\"width\":500,\"height\":500,\"caption\":\"Greenwich M\u00e9ridien\"},\"image\":{\"@id\":\"https:\/\/greenwichmeridien.fr\/blog\/#\/schema\/logo\/image\/\"}},{\"@type\":\"Person\",\"@id\":\"https:\/\/greenwichmeridien.fr\/blog\/#\/schema\/person\/3c864cdc320801e3db34b663e7e3f816\",\"name\":\"Samuel Chalmin\",\"image\":{\"@type\":\"ImageObject\",\"inLanguage\":\"fr-FR\",\"@id\":\"https:\/\/greenwichmeridien.fr\/blog\/#\/schema\/person\/image\/\",\"url\":\"https:\/\/secure.gravatar.com\/avatar\/cef3677de7d237273d13053728f9470818581a8a27d9bf6f5039fd18508a905f?s=96&d=mm&r=g\",\"contentUrl\":\"https:\/\/secure.gravatar.com\/avatar\/cef3677de7d237273d13053728f9470818581a8a27d9bf6f5039fd18508a905f?s=96&d=mm&r=g\",\"caption\":\"Samuel Chalmin\"},\"description\":\"R\u00e9dacteur du site, il suit les questions de temps et de calendrier : m\u00e9ridien de Greenwich, heure GMT et UTC, fuseaux horaires, changement d'heure, ann\u00e9es bissextiles et jours f\u00e9ri\u00e9s.\",\"sameAs\":[\"https:\/\/samuelchalmin.fr\/\"],\"url\":\"https:\/\/greenwichmeridien.fr\/blog\/auteur\/noname\/\"}]}<\/script>\n<!-- \/ Yoast SEO Premium plugin. -->","yoast_head_json":{"title":"Vacances Francophones : Top R\u00e9gions \u00e0 Explorer","description":"La francophonie, riche de cultures et de traditions vari\u00e9es, offre une multitude de destinations de r\u00eave pour les voyageurs en qu\u00eate de nouvelles","robots":{"index":"index","follow":"follow","max-snippet":"max-snippet:-1","max-image-preview":"max-image-preview:large","max-video-preview":"max-video-preview:-1"},"canonical":"https:\/\/greenwichmeridien.fr\/blog\/a-la-une\/les-meilleures-regions-pour-des-vacances-francophones\/","og_locale":"fr_FR","og_type":"article","og_title":"Vacances Francophones : Top R\u00e9gions \u00e0 Explorer","og_description":"La francophonie, riche de cultures et de traditions vari\u00e9es, offre une multitude de destinations de r\u00eave pour les voyageurs en qu\u00eate de nouvelles","og_url":"https:\/\/greenwichmeridien.fr\/blog\/a-la-une\/les-meilleures-regions-pour-des-vacances-francophones\/","og_site_name":"greenwichmeridien","og_image":[{"url":"https:\/\/greenwichmeridien.fr\/blog\/wp-content\/uploads\/2025\/02\/sdxl-4a046258e6d139f4e2fddc007bb6bc01.png","width":1200,"height":500,"type":"image\/png"}],"author":"Samuel Chalmin","twitter_card":"summary_large_image","schema":{"@context":"https:\/\/schema.org","@graph":[{"@type":"NewsArticle","@id":"https:\/\/greenwichmeridien.fr\/blog\/a-la-une\/les-meilleures-regions-pour-des-vacances-francophones\/#article","isPartOf":{"@id":"https:\/\/greenwichmeridien.fr\/blog\/a-la-une\/les-meilleures-regions-pour-des-vacances-francophones\/"},"author":{"name":"Samuel Chalmin","@id":"https:\/\/greenwichmeridien.fr\/blog\/#\/schema\/person\/3c864cdc320801e3db34b663e7e3f816"},"headline":"Les meilleures r\u00e9gions pour des vacances francophones","datePublished":"2024-12-29T08:36:46+00:00","mainEntityOfPage":{"@id":"https:\/\/greenwichmeridien.fr\/blog\/a-la-une\/les-meilleures-regions-pour-des-vacances-francophones\/"},"wordCount":1423,"commentCount":0,"publisher":{"@id":"https:\/\/greenwichmeridien.fr\/blog\/#organization"},"image":{"@id":"https:\/\/greenwichmeridien.fr\/blog\/a-la-une\/les-meilleures-regions-pour-des-vacances-francophones\/#primaryimage"},"thumbnailUrl":"https:\/\/greenwichmeridien.fr\/blog\/wp-content\/uploads\/2025\/02\/sdxl-4a046258e6d139f4e2fddc007bb6bc01.png","articleSection":["\u00c0 la une"],"inLanguage":"fr-FR","potentialAction":[{"@type":"CommentAction","name":"Comment","target":["https:\/\/greenwichmeridien.fr\/blog\/a-la-une\/les-meilleures-regions-pour-des-vacances-francophones\/#respond"]}]},{"@type":"WebPage","@id":"https:\/\/greenwichmeridien.fr\/blog\/a-la-une\/les-meilleures-regions-pour-des-vacances-francophones\/","url":"https:\/\/greenwichmeridien.fr\/blog\/a-la-une\/les-meilleures-regions-pour-des-vacances-francophones\/","name":"Vacances Francophones : Top R\u00e9gions \u00e0 Explorer","isPartOf":{"@id":"https:\/\/greenwichmeridien.fr\/blog\/#website"},"primaryImageOfPage":{"@id":"https:\/\/greenwichmeridien.fr\/blog\/a-la-une\/les-meilleures-regions-pour-des-vacances-francophones\/#primaryimage"},"image":{"@id":"https:\/\/greenwichmeridien.fr\/blog\/a-la-une\/les-meilleures-regions-pour-des-vacances-francophones\/#primaryimage"},"thumbnailUrl":"https:\/\/greenwichmeridien.fr\/blog\/wp-content\/uploads\/2025\/02\/sdxl-4a046258e6d139f4e2fddc007bb6bc01.png","datePublished":"2024-12-29T08:36:46+00:00","description":"La francophonie, riche de cultures et de traditions vari\u00e9es, offre une multitude de destinations de r\u00eave pour les voyageurs en qu\u00eate de nouvelles","inLanguage":"fr-FR","potentialAction":[{"@type":"ReadAction","target":["https:\/\/greenwichmeridien.fr\/blog\/a-la-une\/les-meilleures-regions-pour-des-vacances-francophones\/"]}]},{"@type":"ImageObject","inLanguage":"fr-FR","@id":"https:\/\/greenwichmeridien.fr\/blog\/a-la-une\/les-meilleures-regions-pour-des-vacances-francophones\/#primaryimage","url":"https:\/\/greenwichmeridien.fr\/blog\/wp-content\/uploads\/2025\/02\/sdxl-4a046258e6d139f4e2fddc007bb6bc01.png","contentUrl":"https:\/\/greenwichmeridien.fr\/blog\/wp-content\/uploads\/2025\/02\/sdxl-4a046258e6d139f4e2fddc007bb6bc01.png","width":1536,"height":640},{"@type":"WebSite","@id":"https:\/\/greenwichmeridien.fr\/blog\/#website","url":"https:\/\/greenwichmeridien.fr\/blog\/","name":"Greenwich M\u00e9ridien","description":"Greenwich M\u00e9ridien, le rep\u00e8re du temps et du voyage","publisher":{"@id":"https:\/\/greenwichmeridien.fr\/blog\/#organization"},"alternateName":"Greenwich M\u00e9ridien, le rep\u00e8re du temps et du voyage","potentialAction":[{"@type":"SearchAction","target":{"@type":"EntryPoint","urlTemplate":"https:\/\/greenwichmeridien.fr\/blog\/?s={search_term_string}"},"query-input":{"@type":"PropertyValueSpecification","valueRequired":true,"valueName":"search_term_string"}}],"inLanguage":"fr-FR"},{"@type":"Organization","@id":"https:\/\/greenwichmeridien.fr\/blog\/#organization","name":"Greenwich M\u00e9ridien","alternateName":"Greenwich M\u00e9ridien","url":"https:\/\/greenwichmeridien.fr\/blog\/","logo":{"@type":"ImageObject","inLanguage":"fr-FR","@id":"https:\/\/greenwichmeridien.fr\/blog\/#\/schema\/logo\/image\/","url":"https:\/\/greenwichmeridien.fr\/blog\/wp-content\/uploads\/2024\/12\/greenwichmeridien.png","contentUrl":"https:\/\/greenwichmeridien.fr\/blog\/wp-content\/uploads\/2024\/12\/greenwichmeridien.png","width":500,"height":500,"caption":"Greenwich M\u00e9ridien"},"image":{"@id":"https:\/\/greenwichmeridien.fr\/blog\/#\/schema\/logo\/image\/"}},{"@type":"Person","@id":"https:\/\/greenwichmeridien.fr\/blog\/#\/schema\/person\/3c864cdc320801e3db34b663e7e3f816","name":"Samuel Chalmin","image":{"@type":"ImageObject","inLanguage":"fr-FR","@id":"https:\/\/greenwichmeridien.fr\/blog\/#\/schema\/person\/image\/","url":"https:\/\/secure.gravatar.com\/avatar\/cef3677de7d237273d13053728f9470818581a8a27d9bf6f5039fd18508a905f?s=96&d=mm&r=g","contentUrl":"https:\/\/secure.gravatar.com\/avatar\/cef3677de7d237273d13053728f9470818581a8a27d9bf6f5039fd18508a905f?s=96&d=mm&r=g","caption":"Samuel Chalmin"},"description":"R\u00e9dacteur du site, il suit les questions de temps et de calendrier : m\u00e9ridien de Greenwich, heure GMT et UTC, fuseaux horaires, changement d'heure, ann\u00e9es bissextiles et jours f\u00e9ri\u00e9s.","sameAs":["https:\/\/samuelchalmin.fr\/"],"url":"https:\/\/greenwichmeridien.fr\/blog\/auteur\/noname\/"}]}},"_links":{"self":[{"href":"https:\/\/greenwichmeridien.fr\/blog\/wp-json\/wp\/v2\/posts\/7358","targetHints":{"allow":["GET"]}}],"collection":[{"href":"https:\/\/greenwichmeridien.fr\/blog\/wp-json\/wp\/v2\/posts"}],"about":[{"href":"https:\/\/greenwichmeridien.fr\/blog\/wp-json\/wp\/v2\/types\/post"}],"author":[{"embeddable":true,"href":"https:\/\/greenwichmeridien.fr\/blog\/wp-json\/wp\/v2\/users\/34"}],"replies":[{"embeddable":true,"href":"https:\/\/greenwichmeridien.fr\/blog\/wp-json\/wp\/v2\/comments?post=7358"}],"version-history":[{"count":0,"href":"https:\/\/greenwichmeridien.fr\/blog\/wp-json\/wp\/v2\/posts\/7358\/revisions"}],"wp:featuredmedia":[{"embeddable":true,"href":"https:\/\/greenwichmeridien.fr\/blog\/wp-json\/wp\/v2\/media\/7387"}],"wp:attachment":[{"href":"https:\/\/greenwichmeridien.fr\/blog\/wp-json\/wp\/v2\/media?parent=7358"}],"wp:term":[{"taxonomy":"category","embeddable":true,"href":"https:\/\/greenwichmeridien.fr\/blog\/wp-json\/wp\/v2\/categories?post=7358"},{"taxonomy":"post_tag","embeddable":true,"href":"https:\/\/greenwichmeridien.fr\/blog\/wp-json\/wp\/v2\/tags?post=7358"}],"curies":[{"name":"wp","href":"https:\/\/api.w.org\/{rel}","templated":true}]}}