{"id":7359,"date":"2024-12-30T08:19:43","date_gmt":"2024-12-30T07:19:43","guid":{"rendered":"https:\/\/greenwichmeridien.fr\/blog\/a-la-une\/actualites-sur-le-patrimoine-mondial-de-lunesco\/"},"modified":"2024-12-30T08:19:43","modified_gmt":"2024-12-30T07:19:43","slug":"actualites-sur-le-patrimoine-mondial-de-lunesco","status":"publish","type":"post","link":"https:\/\/greenwichmeridien.fr\/blog\/a-la-une\/actualites-sur-le-patrimoine-mondial-de-lunesco\/","title":{"rendered":"Actualit\u00e9s sur le patrimoine mondial de l&rsquo;UNESCO"},"content":{"rendered":"\n\n<p class=\"wp-block-paragraph\">Le <strong>patrimoine mondial de l&rsquo;UNESCO<\/strong> est une richesse inestimable qui t\u00e9moigne de la diversit\u00e9 et de l&rsquo;h\u00e9ritage culturel de notre plan\u00e8te. Chaque ann\u00e9e, des sites exceptionnels sont class\u00e9s, pr\u00e9servant ainsi des <strong>t\u00e9moignages historiques<\/strong>, des <strong>architectures remarquables<\/strong> et des <strong>\u00e9cosyst\u00e8mes uniques<\/strong> pour les g\u00e9n\u00e9rations futures. Dans cet article, nous nous penchons sur les derni\u00e8res <strong>actualit\u00e9s<\/strong> concernant ces sites embl\u00e9matiques et les d\u00e9fis auxquels ils font face. Que cela soit \u00e0 travers des initiatives de conservation, des d\u00e9couvertes arch\u00e9ologiques extraordinaires ou des enjeux environnementaux, il est crucial de rester inform\u00e9 sur l&rsquo;\u00e9tat de notre <strong>patrimoine commun<\/strong>. En comprenant l&rsquo;importance de ces sites, nous pouvons mieux appr\u00e9cier leur valeur et \u0153uvrer ensemble pour leur protection.<\/p>\n\n\n\n<p class=\"wp-block-paragraph\">Les <strong>sites du patrimoine mondial de l&rsquo;UNESCO<\/strong> repr\u00e9sentent des t\u00e9moignages exceptionnels de l&rsquo;histoire humaine et de la diversit\u00e9 culturelle de notre plan\u00e8te. Cr\u00e9\u00e9e en <strong>1972<\/strong>, la Convention du patrimoine mondial a pour objectif de prot\u00e9ger les biens culturels et naturels jug\u00e9s d&rsquo;une valeur universelle exceptionnelle. Ces sites ne sont pas seulement des destinations touristiques, mais des <strong>symboles de l&rsquo;identit\u00e9 culturelle<\/strong> et de l&rsquo;h\u00e9ritage des soci\u00e9t\u00e9s qui les ont cr\u00e9\u00e9s.<\/p>\n\n\n<h2 class=\"wp-block-heading\">Exemples significatifs<\/h2>\n\n\n<p class=\"wp-block-paragraph\">Parmi les exemples les plus embl\u00e9matiques, on retrouve les <strong>Pyramides de Gizeh<\/strong> en \u00c9gypte, qui illustrent l&rsquo;ing\u00e9niosit\u00e9 architecturale et l&rsquo;organisation sociale des anciennes civilisations. Class\u00e9es depuis <strong>1979<\/strong>, elles demeurent un monument fascinant qui continue d&rsquo;attirer des chercheurs et des touristes du monde entier.<\/p>\n\n\n<p class=\"wp-block-paragraph\">Un autre site remarquable est le <strong>Muraille de Chine<\/strong>, dont la construction a d\u00e9but\u00e9 au <strong>7\u00e8me si\u00e8cle avant J.C.<\/strong> et s&rsquo;est poursuivie sur plusieurs dynasties. Class\u00e9 en <strong>1987<\/strong>, il symbolise la r\u00e9silience et l\u2019ing\u00e9niosit\u00e9 chinoises, t\u00e9moignant d&rsquo;une histoire riche qui a fa\u00e7onn\u00e9 l&rsquo;identit\u00e9 nationale.<\/p>\n\n\n<h2 class=\"wp-block-heading\">Impact culturel<\/h2>\n\n\n<p class=\"wp-block-paragraph\">Les sites du patrimoine mondial jouent un r\u00f4le crucial dans la <strong>pr\u00e9servation de la m\u00e9moire collective<\/strong> des peuples. Par exemple, le <strong>Centre historique de Florence<\/strong>, inscrit en <strong>1982<\/strong>, illustre non seulement les merveilles de la Renaissance, mais aussi l&rsquo;impact de cette p\u00e9riode sur l&rsquo;art et la culture occidentaux. La ville attire des millions de visiteurs, contribuant \u00e0 l\u2019\u00e9conomie locale tout en sensibilisant le public \u00e0 l&rsquo;importance de la <strong>conservation du patrimoine<\/strong>.<\/p>\n\n\n<p class=\"wp-block-paragraph\">De m\u00eame, les <strong>Lagunes de Venise<\/strong> sont un site vivant qui attire l&rsquo;attention sur les menaces li\u00e9es aux changements climatiques et \u00e0 l&rsquo;\u00e9volution urbaine. La ville est inscrite sur la liste depuis <strong>1987<\/strong>, et sa pr\u00e9servation est cruciale non seulement en tant que destination touristique, mais aussi comme symbole de l&rsquo;h\u00e9ritage maritime et architectural de l&rsquo;Europe.<\/p>\n\n\n<p class=\"wp-block-paragraph\">Les sites du patrimoine mondial de l&rsquo;UNESCO ne sont pas seulement des lieux \u00e0 visiter; ils incarnent des histoires, des luttes et des r\u00e9ussites. Leur protection est essentielle pour garantir que les g\u00e9n\u00e9rations futures peuvent comprendre et appr\u00e9cier la <strong>richesse culturelle<\/strong> de notre plan\u00e8te.<\/p>\n\n\n\n<p class=\"wp-block-paragraph\">Le patrimoine mondial de l&rsquo;UNESCO continue d&rsquo;\u00e9voluer avec de <strong>nouvelles inscriptions<\/strong> et des enjeux majeurs relatifs \u00e0 sa <strong>conservation<\/strong> et \u00e0 son impact sur le <strong>tourisme<\/strong>. Parmi les annonces les plus r\u00e9centes, le <strong>village d&rsquo;Umm al-Jimal<\/strong>, surnomm\u00e9 l&rsquo;\u00ab oasis noire \u00bb, a \u00e9t\u00e9 reconnu comme le septi\u00e8me site historique de Jordanie \u00e0 int\u00e9grer la prestigieuse liste de l&rsquo;UNESCO. Cette inscription met en avant la richesse historique et culturelle de la r\u00e9gion.<\/p>\n\n\n<p class=\"wp-block-paragraph\">Du 11 au 17 juillet, le sort des <strong>m\u00e9galithes de Carnac<\/strong> et des rives du Morbihan sera d\u00e9termin\u00e9 lors d&rsquo;une r\u00e9union \u00e0 Sofia. Cette p\u00e9riode est cruciale pour ces sites qui aspirent \u00e0 \u00eatre class\u00e9s, refl\u00e9tant l&rsquo;engagement continu de l&rsquo;UNESCO envers la pr\u00e9servation des <strong>patrimoines naturels et culturels<\/strong>.<\/p>\n\n\n<p class=\"wp-block-paragraph\">En septembre 2023, le <strong>Comit\u00e9 du patrimoine mondial<\/strong> a tenu une session pour \u00e9valuer l&rsquo;\u00e9tat de conservation de 263 sites d\u00e9j\u00e0 inscrits, soulignant ainsi l&rsquo;importance de la <strong>gestion durable<\/strong> des sites. Dans un contexte o\u00f9 la <strong>menace<\/strong> pesant sur certaines zones comme la <strong>vall\u00e9e de Bamiyan<\/strong> en Afghanistan est grandissante, il est crucial d&rsquo;agir pour pr\u00e9server ces tr\u00e9sors pour les g\u00e9n\u00e9rations futures.<\/p>\n\n\n<p class=\"wp-block-paragraph\">En parall\u00e8le, le 31 octobre, une nouvelle demande d&rsquo;inscription a \u00e9t\u00e9 formul\u00e9e pour les <strong>plages du D\u00e9barquement<\/strong>, t\u00e9moignant d&rsquo;une volont\u00e9 de valoriser le patrimoine li\u00e9 \u00e0 des \u00e9v\u00e9nements historiques significatifs. Cette dynamique s&rsquo;accompagne d&rsquo;une volont\u00e9 accrue de faire face aux d\u00e9fis du <strong>tourisme durable<\/strong>, car l&rsquo;augmentation de la fr\u00e9quentation des sites peut souvent nuire \u00e0 leur int\u00e9grit\u00e9 et \u00e0 leur conservation.<\/p>\n\n\n<p class=\"wp-block-paragraph\">Chaque ann\u00e9e, des sites additionnels font leur apparition sur la liste, enrichissant le patrimoine collectif de l&rsquo;humanit\u00e9. \u00c0 l&rsquo;occasion de la 32\u00e8me session, vingt-sept nouveaux sites naturels ont \u00e9t\u00e9 ajout\u00e9s, renfor\u00e7ant encore la diversit\u00e9 des tr\u00e9sors que l&rsquo;UNESCO s&rsquo;efforce de prot\u00e9ger.<\/p>\n\n\n<p class=\"wp-block-paragraph\">La lutte pour la pr\u00e9servation du patrimoine mondial reste un enjeu de taille, n\u00e9cessitant une collaboration internationale pour assurer la p\u00e9rennit\u00e9 de ces lieux exceptionnels. Les d\u00e9fis contemporains incitent ainsi \u00e0 repenser les pratiques de conservation et \u00e0 d\u00e9velopper des strat\u00e9gies de <strong>tourisme responsable<\/strong> dans les zones class\u00e9es.<\/p>\n\n\n\n<p class=\"wp-block-paragraph\">Les r\u00e9cents d\u00e9veloppements concernant le <strong>patrimoine mondial de l&rsquo;UNESCO<\/strong> suscitent des r\u00e9actions diverses parmi les parties prenantes. Les <strong>gouvernements<\/strong>, les <strong>communaut\u00e9s locales<\/strong>, ainsi que les <strong>experts en patrimoine<\/strong> ont tous des opinions qui refl\u00e8tent une multitude de pr\u00e9occupations.<\/p>\n\n\n<p class=\"wp-block-paragraph\">Du c\u00f4t\u00e9 des <strong>gouvernements<\/strong>, beaucoup saluent les d\u00e9cisions de l&rsquo;UNESCO comme une reconnaissance essentielle de leur patrimoine local. Ils estiment que le classement de nouveaux sites peut booster le <strong>tourisme<\/strong> et renforcer l&rsquo;identit\u00e9 culturelle. Cependant, certains expriment des inqui\u00e9tudes quant \u00e0 l&rsquo;impact de cette reconnaissance sur la <strong>gestion des territoires<\/strong> et la protection des sites menac\u00e9s.<\/p>\n\n\n<p class=\"wp-block-paragraph\">Les <strong>communaut\u00e9s locales<\/strong> r\u00e9agissent souvent avec un m\u00e9lange d&rsquo;enthousiasme et de prudence. D&rsquo;une part, elles sont fi\u00e8res que leur culture soit reconnue et veulent participer \u00e0 la pr\u00e9servation de leur patrimoine. D&rsquo;autre part, certains craignent que cette reconnaissance entra\u00eene un afflux de touristes, mettant en p\u00e9ril l&rsquo;authenticit\u00e9 de leurs traditions et engendrant des perturbations \u00e9conomiques.<\/p>\n\n\n<p class=\"wp-block-paragraph\">Les <strong>experts en patrimoine<\/strong> soulignent l&rsquo;importance d&rsquo;une approche \u00e9quilibr\u00e9e. Ils encouragent un dialogue entre les acteurs concern\u00e9s pour assurer une <strong>conservation durable<\/strong> et \u00e9viter la marchandisation des sites. Ils insistent \u00e9galement sur la n\u00e9cessit\u00e9 de prendre en compte <strong>les voix des populations autochtones<\/strong> dans les d\u00e9cisions qui affectent leur h\u00e9ritage culturel.<\/p>\n\n\n<p class=\"wp-block-paragraph\">Finalement, les r\u00e9actions r\u00e9v\u00e8lent un consensus sur l&rsquo;importance de prot\u00e9ger et de valoriser le patrimoine mondial, tout en tenant compte des r\u00e9alit\u00e9s locales et des d\u00e9fis contemporains. Chaque acteur a un r\u00f4le \u00e0 jouer dans la pr\u00e9servation de cette richesse, et un dialogue ouvert est essentiel pour trouver des solutions qui b\u00e9n\u00e9ficient \u00e0 tous.<\/p>\n\n\n\n<p class=\"wp-block-paragraph\">Le <strong>patrimoine mondial de l&rsquo;UNESCO<\/strong> joue un r\u00f4le crucial dans la protection de la biodiversit\u00e9 et de l&rsquo;h\u00e9ritage culturel de notre plan\u00e8te. Ces sites, qu&rsquo;ils soient naturels ou culturels, t\u00e9moignent des diff\u00e9rentes <strong>civilisations<\/strong> et de la beaut\u00e9 de la nature qui nous entoure. En pr\u00e9servant ces tr\u00e9sors, nous assurons non seulement leur transmission aux g\u00e9n\u00e9rations futures, mais nous renfor\u00e7ons \u00e9galement notre identit\u00e9 collective.<\/p>\n\n\n<p class=\"wp-block-paragraph\">La menace que repr\u00e9sentent le <strong>changement climatique<\/strong>, l&rsquo;urbanisation galopante et d&rsquo;autres facteurs environnementaux mettent en p\u00e9ril la <strong>survie<\/strong> de ces sites embl\u00e9matiques. Ainsi, il est essentiel que chacun d&rsquo;entre nous prenne conscience de l&rsquo;importance de ce patrimoine et s&rsquo;engage \u00e0 le prot\u00e9ger. <strong>Visiter<\/strong> ces lieux, comprendre leur histoire, et partager cette connaissance autour de nous sont des gestes qui contribuent \u00e0 la <strong>sensibilisation<\/strong> et \u00e0 la valorisation de notre patrimoine commun.<\/p>\n\n\n<p class=\"wp-block-paragraph\">Ensemble, pr\u00e9servons ces joyaux de l&rsquo;humanit\u00e9 pour que les <strong>futures g\u00e9n\u00e9rations<\/strong> puissent \u00e9galement s&rsquo;\u00e9merveiller devant la richesse et la diversit\u00e9 de notre histoire collective. C&rsquo;est un appel \u00e0 l&rsquo;action pour tous, car la d\u00e9fense du patrimoine mondial est l&rsquo;affaire de chacun.<\/p>\n\n\n<figure class=\"wp-block-embed is-type-video is-provider-youtube wp-block-embed-youtube wp-embed-aspect-16-9 wp-has-aspect-ratio\">\n<div class=\"wp-block-embed__wrapper\">\n<iframe loading=\"lazy\" title=\"De nouveaux inscrits au patrimoine mondial de l&#039;Unesco\" width=\"1200\" height=\"675\" src=\"https:\/\/www.youtube.com\/embed\/Z3OmNvdL1do?feature=oembed\" frameborder=\"0\" allow=\"accelerometer; autoplay; clipboard-write; encrypted-media; gyroscope; picture-in-picture; web-share\" referrerpolicy=\"strict-origin-when-cross-origin\" allowfullscreen><\/iframe>\n<\/div>\n<\/figure>\n\n\n<figure class=\"wp-block-embed is-type-rich is-provider-twitter wp-block-embed-twitter\"><div class=\"wp-block-embed__wrapper\">\n<blockquote class=\"twitter-tweet\" data-width=\"550\" data-dnt=\"true\"><p lang=\"fr\" dir=\"ltr\">\ud83d\udce3Rejoignez notre webinaire : L&#39;\u00e9valuation d&#39;impact dans le contexte du patrimoine mondial &#8211; processus et pratique.\u00a0<br>En collaboration avec l&#39;Association des biens fran\u00e7ais du patrimoine mondial <a href=\"https:\/\/twitter.com\/Abfpm?ref_src=twsrc%5Etfw\" rel=\"nofollow\">@Abfpm<\/a>.<br>\ud83d\udcc5\u00a018 d\u00e9cembre 2024<br>\ud83d\udd17 <a href=\"https:\/\/t.co\/i3guqKWVwL\" rel=\"nofollow\">https:\/\/t.co\/i3guqKWVwL<\/a><a href=\"https:\/\/twitter.com\/hashtag\/ICCROM?src=hash&amp;ref_src=twsrc%5Etfw\" rel=\"nofollow\">#ICCROM<\/a> <a href=\"https:\/\/twitter.com\/hashtag\/ICCROMWebinar?src=hash&amp;ref_src=twsrc%5Etfw\" rel=\"nofollow\">#ICCROMWebinar<\/a> <a href=\"https:\/\/t.co\/aLqhdhq9W8\" rel=\"nofollow\">pic.twitter.com\/aLqhdhq9W8<\/a><\/p>&mdash; ICCROM (@ICCROM) <a href=\"https:\/\/twitter.com\/ICCROM\/status\/1863538612387881009?ref_src=twsrc%5Etfw\" rel=\"nofollow\">December 2, 2024<\/a><\/blockquote><script async src=\"https:\/\/platform.twitter.com\/widgets.js\" charset=\"utf-8\"><\/script>\n<\/div><\/figure>\n","protected":false},"excerpt":{"rendered":"","protected":false},"author":34,"featured_media":7386,"comment_status":"open","ping_status":"open","sticky":false,"template":"","format":"standard","meta":{"_acf_changed":false,"manual_indexmenow":false,"indexmenow_id_project":0,"footnotes":""},"categories":[1],"tags":[],"class_list":["post-7359","post","type-post","status-publish","format-standard","has-post-thumbnail","hentry","category-a-la-une","generate-columns","tablet-grid-50","mobile-grid-100","grid-parent","grid-25"],"acf":[],"yoast_head":"<!-- This site is optimized with the Yoast SEO Premium plugin v21.3 (Yoast SEO v25.6) - https:\/\/yoast.com\/wordpress\/plugins\/seo\/ -->\n<title>Les Tr\u00e9sors de l&#039;UNESCO : Nouvelles du Patrimoine Mondial<\/title>\n<meta name=\"description\" content=\"Le patrimoine mondial de l&#039;UNESCO est une richesse inestimable qui t\u00e9moigne de la diversit\u00e9 et de l&#039;h\u00e9ritage culturel de notre plan\u00e8te. Chaque ann\u00e9e, des\" \/>\n<meta name=\"robots\" content=\"index, follow, max-snippet:-1, max-image-preview:large, max-video-preview:-1\" \/>\n<link rel=\"canonical\" href=\"https:\/\/greenwichmeridien.fr\/blog\/a-la-une\/actualites-sur-le-patrimoine-mondial-de-lunesco\/\" \/>\n<meta property=\"og:locale\" content=\"fr_FR\" \/>\n<meta property=\"og:type\" content=\"article\" \/>\n<meta property=\"og:title\" content=\"Les Tr\u00e9sors de l&#039;UNESCO : Nouvelles du Patrimoine Mondial\" \/>\n<meta property=\"og:description\" content=\"Le patrimoine mondial de l&#039;UNESCO est une richesse inestimable qui t\u00e9moigne de la diversit\u00e9 et de l&#039;h\u00e9ritage culturel de notre plan\u00e8te. Chaque ann\u00e9e, des\" \/>\n<meta property=\"og:url\" content=\"https:\/\/greenwichmeridien.fr\/blog\/a-la-une\/actualites-sur-le-patrimoine-mondial-de-lunesco\/\" \/>\n<meta property=\"og:site_name\" content=\"greenwichmeridien\" \/>\n<meta property=\"og:image\" content=\"https:\/\/greenwichmeridien.fr\/blog\/wp-content\/uploads\/2025\/02\/sdxl-a351c09f4887563b3ab290c11ec188da.png\" \/>\n\t<meta property=\"og:image:width\" content=\"1200\" \/>\n\t<meta property=\"og:image:height\" content=\"500\" \/>\n\t<meta property=\"og:image:type\" content=\"image\/png\" \/>\n<meta name=\"author\" content=\"Samuel Chalmin\" \/>\n<meta name=\"twitter:card\" content=\"summary_large_image\" \/>\n<script type=\"application\/ld+json\" class=\"yoast-schema-graph\">{\"@context\":\"https:\/\/schema.org\",\"@graph\":[{\"@type\":\"NewsArticle\",\"@id\":\"https:\/\/greenwichmeridien.fr\/blog\/a-la-une\/actualites-sur-le-patrimoine-mondial-de-lunesco\/#article\",\"isPartOf\":{\"@id\":\"https:\/\/greenwichmeridien.fr\/blog\/a-la-une\/actualites-sur-le-patrimoine-mondial-de-lunesco\/\"},\"author\":{\"name\":\"Samuel Chalmin\",\"@id\":\"https:\/\/greenwichmeridien.fr\/blog\/#\/schema\/person\/3c864cdc320801e3db34b663e7e3f816\"},\"headline\":\"Actualit\u00e9s sur le patrimoine mondial de l&rsquo;UNESCO\",\"datePublished\":\"2024-12-30T07:19:43+00:00\",\"mainEntityOfPage\":{\"@id\":\"https:\/\/greenwichmeridien.fr\/blog\/a-la-une\/actualites-sur-le-patrimoine-mondial-de-lunesco\/\"},\"wordCount\":1397,\"commentCount\":0,\"publisher\":{\"@id\":\"https:\/\/greenwichmeridien.fr\/blog\/#organization\"},\"image\":{\"@id\":\"https:\/\/greenwichmeridien.fr\/blog\/a-la-une\/actualites-sur-le-patrimoine-mondial-de-lunesco\/#primaryimage\"},\"thumbnailUrl\":\"https:\/\/greenwichmeridien.fr\/blog\/wp-content\/uploads\/2025\/02\/sdxl-a351c09f4887563b3ab290c11ec188da.png\",\"articleSection\":[\"\u00c0 la une\"],\"inLanguage\":\"fr-FR\",\"potentialAction\":[{\"@type\":\"CommentAction\",\"name\":\"Comment\",\"target\":[\"https:\/\/greenwichmeridien.fr\/blog\/a-la-une\/actualites-sur-le-patrimoine-mondial-de-lunesco\/#respond\"]}]},{\"@type\":\"WebPage\",\"@id\":\"https:\/\/greenwichmeridien.fr\/blog\/a-la-une\/actualites-sur-le-patrimoine-mondial-de-lunesco\/\",\"url\":\"https:\/\/greenwichmeridien.fr\/blog\/a-la-une\/actualites-sur-le-patrimoine-mondial-de-lunesco\/\",\"name\":\"Les Tr\u00e9sors de l'UNESCO : Nouvelles du Patrimoine Mondial\",\"isPartOf\":{\"@id\":\"https:\/\/greenwichmeridien.fr\/blog\/#website\"},\"primaryImageOfPage\":{\"@id\":\"https:\/\/greenwichmeridien.fr\/blog\/a-la-une\/actualites-sur-le-patrimoine-mondial-de-lunesco\/#primaryimage\"},\"image\":{\"@id\":\"https:\/\/greenwichmeridien.fr\/blog\/a-la-une\/actualites-sur-le-patrimoine-mondial-de-lunesco\/#primaryimage\"},\"thumbnailUrl\":\"https:\/\/greenwichmeridien.fr\/blog\/wp-content\/uploads\/2025\/02\/sdxl-a351c09f4887563b3ab290c11ec188da.png\",\"datePublished\":\"2024-12-30T07:19:43+00:00\",\"description\":\"Le patrimoine mondial de l'UNESCO est une richesse inestimable qui t\u00e9moigne de la diversit\u00e9 et de l'h\u00e9ritage culturel de notre plan\u00e8te. Chaque ann\u00e9e, des\",\"inLanguage\":\"fr-FR\",\"potentialAction\":[{\"@type\":\"ReadAction\",\"target\":[\"https:\/\/greenwichmeridien.fr\/blog\/a-la-une\/actualites-sur-le-patrimoine-mondial-de-lunesco\/\"]}]},{\"@type\":\"ImageObject\",\"inLanguage\":\"fr-FR\",\"@id\":\"https:\/\/greenwichmeridien.fr\/blog\/a-la-une\/actualites-sur-le-patrimoine-mondial-de-lunesco\/#primaryimage\",\"url\":\"https:\/\/greenwichmeridien.fr\/blog\/wp-content\/uploads\/2025\/02\/sdxl-a351c09f4887563b3ab290c11ec188da.png\",\"contentUrl\":\"https:\/\/greenwichmeridien.fr\/blog\/wp-content\/uploads\/2025\/02\/sdxl-a351c09f4887563b3ab290c11ec188da.png\",\"width\":1536,\"height\":640},{\"@type\":\"WebSite\",\"@id\":\"https:\/\/greenwichmeridien.fr\/blog\/#website\",\"url\":\"https:\/\/greenwichmeridien.fr\/blog\/\",\"name\":\"Greenwich M\u00e9ridien\",\"description\":\"Greenwich M\u00e9ridien, le rep\u00e8re du temps et du voyage\",\"publisher\":{\"@id\":\"https:\/\/greenwichmeridien.fr\/blog\/#organization\"},\"alternateName\":\"Greenwich M\u00e9ridien, le rep\u00e8re du temps et du voyage\",\"potentialAction\":[{\"@type\":\"SearchAction\",\"target\":{\"@type\":\"EntryPoint\",\"urlTemplate\":\"https:\/\/greenwichmeridien.fr\/blog\/?s={search_term_string}\"},\"query-input\":{\"@type\":\"PropertyValueSpecification\",\"valueRequired\":true,\"valueName\":\"search_term_string\"}}],\"inLanguage\":\"fr-FR\"},{\"@type\":\"Organization\",\"@id\":\"https:\/\/greenwichmeridien.fr\/blog\/#organization\",\"name\":\"Greenwich M\u00e9ridien\",\"alternateName\":\"Greenwich M\u00e9ridien\",\"url\":\"https:\/\/greenwichmeridien.fr\/blog\/\",\"logo\":{\"@type\":\"ImageObject\",\"inLanguage\":\"fr-FR\",\"@id\":\"https:\/\/greenwichmeridien.fr\/blog\/#\/schema\/logo\/image\/\",\"url\":\"https:\/\/greenwichmeridien.fr\/blog\/wp-content\/uploads\/2024\/12\/greenwichmeridien.png\",\"contentUrl\":\"https:\/\/greenwichmeridien.fr\/blog\/wp-content\/uploads\/2024\/12\/greenwichmeridien.png\",\"width\":500,\"height\":500,\"caption\":\"Greenwich M\u00e9ridien\"},\"image\":{\"@id\":\"https:\/\/greenwichmeridien.fr\/blog\/#\/schema\/logo\/image\/\"}},{\"@type\":\"Person\",\"@id\":\"https:\/\/greenwichmeridien.fr\/blog\/#\/schema\/person\/3c864cdc320801e3db34b663e7e3f816\",\"name\":\"Samuel Chalmin\",\"image\":{\"@type\":\"ImageObject\",\"inLanguage\":\"fr-FR\",\"@id\":\"https:\/\/greenwichmeridien.fr\/blog\/#\/schema\/person\/image\/\",\"url\":\"https:\/\/secure.gravatar.com\/avatar\/cef3677de7d237273d13053728f9470818581a8a27d9bf6f5039fd18508a905f?s=96&d=mm&r=g\",\"contentUrl\":\"https:\/\/secure.gravatar.com\/avatar\/cef3677de7d237273d13053728f9470818581a8a27d9bf6f5039fd18508a905f?s=96&d=mm&r=g\",\"caption\":\"Samuel Chalmin\"},\"description\":\"R\u00e9dacteur du site, il suit les questions de temps et de calendrier : m\u00e9ridien de Greenwich, heure GMT et UTC, fuseaux horaires, changement d'heure, ann\u00e9es bissextiles et jours f\u00e9ri\u00e9s.\",\"sameAs\":[\"https:\/\/samuelchalmin.fr\/\"],\"url\":\"https:\/\/greenwichmeridien.fr\/blog\/auteur\/noname\/\"}]}<\/script>\n<!-- \/ Yoast SEO Premium plugin. -->","yoast_head_json":{"title":"Les Tr\u00e9sors de l'UNESCO : Nouvelles du Patrimoine Mondial","description":"Le patrimoine mondial de l'UNESCO est une richesse inestimable qui t\u00e9moigne de la diversit\u00e9 et de l'h\u00e9ritage culturel de notre plan\u00e8te. Chaque ann\u00e9e, des","robots":{"index":"index","follow":"follow","max-snippet":"max-snippet:-1","max-image-preview":"max-image-preview:large","max-video-preview":"max-video-preview:-1"},"canonical":"https:\/\/greenwichmeridien.fr\/blog\/a-la-une\/actualites-sur-le-patrimoine-mondial-de-lunesco\/","og_locale":"fr_FR","og_type":"article","og_title":"Les Tr\u00e9sors de l'UNESCO : Nouvelles du Patrimoine Mondial","og_description":"Le patrimoine mondial de l'UNESCO est une richesse inestimable qui t\u00e9moigne de la diversit\u00e9 et de l'h\u00e9ritage culturel de notre plan\u00e8te. Chaque ann\u00e9e, des","og_url":"https:\/\/greenwichmeridien.fr\/blog\/a-la-une\/actualites-sur-le-patrimoine-mondial-de-lunesco\/","og_site_name":"greenwichmeridien","og_image":[{"url":"https:\/\/greenwichmeridien.fr\/blog\/wp-content\/uploads\/2025\/02\/sdxl-a351c09f4887563b3ab290c11ec188da.png","width":1200,"height":500,"type":"image\/png"}],"author":"Samuel Chalmin","twitter_card":"summary_large_image","schema":{"@context":"https:\/\/schema.org","@graph":[{"@type":"NewsArticle","@id":"https:\/\/greenwichmeridien.fr\/blog\/a-la-une\/actualites-sur-le-patrimoine-mondial-de-lunesco\/#article","isPartOf":{"@id":"https:\/\/greenwichmeridien.fr\/blog\/a-la-une\/actualites-sur-le-patrimoine-mondial-de-lunesco\/"},"author":{"name":"Samuel Chalmin","@id":"https:\/\/greenwichmeridien.fr\/blog\/#\/schema\/person\/3c864cdc320801e3db34b663e7e3f816"},"headline":"Actualit\u00e9s sur le patrimoine mondial de l&rsquo;UNESCO","datePublished":"2024-12-30T07:19:43+00:00","mainEntityOfPage":{"@id":"https:\/\/greenwichmeridien.fr\/blog\/a-la-une\/actualites-sur-le-patrimoine-mondial-de-lunesco\/"},"wordCount":1397,"commentCount":0,"publisher":{"@id":"https:\/\/greenwichmeridien.fr\/blog\/#organization"},"image":{"@id":"https:\/\/greenwichmeridien.fr\/blog\/a-la-une\/actualites-sur-le-patrimoine-mondial-de-lunesco\/#primaryimage"},"thumbnailUrl":"https:\/\/greenwichmeridien.fr\/blog\/wp-content\/uploads\/2025\/02\/sdxl-a351c09f4887563b3ab290c11ec188da.png","articleSection":["\u00c0 la une"],"inLanguage":"fr-FR","potentialAction":[{"@type":"CommentAction","name":"Comment","target":["https:\/\/greenwichmeridien.fr\/blog\/a-la-une\/actualites-sur-le-patrimoine-mondial-de-lunesco\/#respond"]}]},{"@type":"WebPage","@id":"https:\/\/greenwichmeridien.fr\/blog\/a-la-une\/actualites-sur-le-patrimoine-mondial-de-lunesco\/","url":"https:\/\/greenwichmeridien.fr\/blog\/a-la-une\/actualites-sur-le-patrimoine-mondial-de-lunesco\/","name":"Les Tr\u00e9sors de l'UNESCO : Nouvelles du Patrimoine Mondial","isPartOf":{"@id":"https:\/\/greenwichmeridien.fr\/blog\/#website"},"primaryImageOfPage":{"@id":"https:\/\/greenwichmeridien.fr\/blog\/a-la-une\/actualites-sur-le-patrimoine-mondial-de-lunesco\/#primaryimage"},"image":{"@id":"https:\/\/greenwichmeridien.fr\/blog\/a-la-une\/actualites-sur-le-patrimoine-mondial-de-lunesco\/#primaryimage"},"thumbnailUrl":"https:\/\/greenwichmeridien.fr\/blog\/wp-content\/uploads\/2025\/02\/sdxl-a351c09f4887563b3ab290c11ec188da.png","datePublished":"2024-12-30T07:19:43+00:00","description":"Le patrimoine mondial de l'UNESCO est une richesse inestimable qui t\u00e9moigne de la diversit\u00e9 et de l'h\u00e9ritage culturel de notre plan\u00e8te. Chaque ann\u00e9e, des","inLanguage":"fr-FR","potentialAction":[{"@type":"ReadAction","target":["https:\/\/greenwichmeridien.fr\/blog\/a-la-une\/actualites-sur-le-patrimoine-mondial-de-lunesco\/"]}]},{"@type":"ImageObject","inLanguage":"fr-FR","@id":"https:\/\/greenwichmeridien.fr\/blog\/a-la-une\/actualites-sur-le-patrimoine-mondial-de-lunesco\/#primaryimage","url":"https:\/\/greenwichmeridien.fr\/blog\/wp-content\/uploads\/2025\/02\/sdxl-a351c09f4887563b3ab290c11ec188da.png","contentUrl":"https:\/\/greenwichmeridien.fr\/blog\/wp-content\/uploads\/2025\/02\/sdxl-a351c09f4887563b3ab290c11ec188da.png","width":1536,"height":640},{"@type":"WebSite","@id":"https:\/\/greenwichmeridien.fr\/blog\/#website","url":"https:\/\/greenwichmeridien.fr\/blog\/","name":"Greenwich M\u00e9ridien","description":"Greenwich M\u00e9ridien, le rep\u00e8re du temps et du voyage","publisher":{"@id":"https:\/\/greenwichmeridien.fr\/blog\/#organization"},"alternateName":"Greenwich M\u00e9ridien, le rep\u00e8re du temps et du voyage","potentialAction":[{"@type":"SearchAction","target":{"@type":"EntryPoint","urlTemplate":"https:\/\/greenwichmeridien.fr\/blog\/?s={search_term_string}"},"query-input":{"@type":"PropertyValueSpecification","valueRequired":true,"valueName":"search_term_string"}}],"inLanguage":"fr-FR"},{"@type":"Organization","@id":"https:\/\/greenwichmeridien.fr\/blog\/#organization","name":"Greenwich M\u00e9ridien","alternateName":"Greenwich M\u00e9ridien","url":"https:\/\/greenwichmeridien.fr\/blog\/","logo":{"@type":"ImageObject","inLanguage":"fr-FR","@id":"https:\/\/greenwichmeridien.fr\/blog\/#\/schema\/logo\/image\/","url":"https:\/\/greenwichmeridien.fr\/blog\/wp-content\/uploads\/2024\/12\/greenwichmeridien.png","contentUrl":"https:\/\/greenwichmeridien.fr\/blog\/wp-content\/uploads\/2024\/12\/greenwichmeridien.png","width":500,"height":500,"caption":"Greenwich M\u00e9ridien"},"image":{"@id":"https:\/\/greenwichmeridien.fr\/blog\/#\/schema\/logo\/image\/"}},{"@type":"Person","@id":"https:\/\/greenwichmeridien.fr\/blog\/#\/schema\/person\/3c864cdc320801e3db34b663e7e3f816","name":"Samuel Chalmin","image":{"@type":"ImageObject","inLanguage":"fr-FR","@id":"https:\/\/greenwichmeridien.fr\/blog\/#\/schema\/person\/image\/","url":"https:\/\/secure.gravatar.com\/avatar\/cef3677de7d237273d13053728f9470818581a8a27d9bf6f5039fd18508a905f?s=96&d=mm&r=g","contentUrl":"https:\/\/secure.gravatar.com\/avatar\/cef3677de7d237273d13053728f9470818581a8a27d9bf6f5039fd18508a905f?s=96&d=mm&r=g","caption":"Samuel Chalmin"},"description":"R\u00e9dacteur du site, il suit les questions de temps et de calendrier : m\u00e9ridien de Greenwich, heure GMT et UTC, fuseaux horaires, changement d'heure, ann\u00e9es bissextiles et jours f\u00e9ri\u00e9s.","sameAs":["https:\/\/samuelchalmin.fr\/"],"url":"https:\/\/greenwichmeridien.fr\/blog\/auteur\/noname\/"}]}},"_links":{"self":[{"href":"https:\/\/greenwichmeridien.fr\/blog\/wp-json\/wp\/v2\/posts\/7359","targetHints":{"allow":["GET"]}}],"collection":[{"href":"https:\/\/greenwichmeridien.fr\/blog\/wp-json\/wp\/v2\/posts"}],"about":[{"href":"https:\/\/greenwichmeridien.fr\/blog\/wp-json\/wp\/v2\/types\/post"}],"author":[{"embeddable":true,"href":"https:\/\/greenwichmeridien.fr\/blog\/wp-json\/wp\/v2\/users\/34"}],"replies":[{"embeddable":true,"href":"https:\/\/greenwichmeridien.fr\/blog\/wp-json\/wp\/v2\/comments?post=7359"}],"version-history":[{"count":0,"href":"https:\/\/greenwichmeridien.fr\/blog\/wp-json\/wp\/v2\/posts\/7359\/revisions"}],"wp:featuredmedia":[{"embeddable":true,"href":"https:\/\/greenwichmeridien.fr\/blog\/wp-json\/wp\/v2\/media\/7386"}],"wp:attachment":[{"href":"https:\/\/greenwichmeridien.fr\/blog\/wp-json\/wp\/v2\/media?parent=7359"}],"wp:term":[{"taxonomy":"category","embeddable":true,"href":"https:\/\/greenwichmeridien.fr\/blog\/wp-json\/wp\/v2\/categories?post=7359"},{"taxonomy":"post_tag","embeddable":true,"href":"https:\/\/greenwichmeridien.fr\/blog\/wp-json\/wp\/v2\/tags?post=7359"}],"curies":[{"name":"wp","href":"https:\/\/api.w.org\/{rel}","templated":true}]}}