{"id":7361,"date":"2024-12-31T07:50:28","date_gmt":"2024-12-31T06:50:28","guid":{"rendered":"https:\/\/greenwichmeridien.fr\/blog\/a-la-une\/levolution-du-lifestyle-urbain-a-paris\/"},"modified":"2024-12-31T07:50:28","modified_gmt":"2024-12-31T06:50:28","slug":"levolution-du-lifestyle-urbain-a-paris","status":"publish","type":"post","link":"https:\/\/greenwichmeridien.fr\/blog\/a-la-une\/levolution-du-lifestyle-urbain-a-paris\/","title":{"rendered":"L&rsquo;\u00e9volution du lifestyle urbain \u00e0 Paris"},"content":{"rendered":"\n\n<p class=\"wp-block-paragraph\">\u00c0 travers ses rues pav\u00e9es et ses immeubles haussmanniens, <strong>Paris<\/strong> ne cesse de se r\u00e9inventer, offrant un <strong>lifestyle urbain<\/strong> qui fusionne tradition et modernit\u00e9. Les caf\u00e9s anim\u00e9s, les boutiques artisans, et les espaces verts c\u00f4toient des innovations architecturales et des tendances \u00e9coresponsables. Cette <strong>\u00e9volution<\/strong> du mode de vie dans la capitale fran\u00e7aise refl\u00e8te non seulement les changements soci\u00e9taux, mais \u00e9galement l&rsquo;\u00e9mergence de nouvelles cultures et pratiques. Explorer comment Paris adapte son identit\u00e9 tout en pr\u00e9servant son h\u00e9ritage est essentiel pour comprendre l&rsquo;\u00e2me de cette m\u00e9tropole, qui reste un phare de <strong>cr\u00e9ativit\u00e9<\/strong> et d&rsquo;<strong>inspiration<\/strong> pour le reste du monde. Plongeons dans cet univers en constante mutation o\u00f9 chaque <strong>quartier<\/strong> raconte une histoire unique, fa\u00e7onn\u00e9e par ses habitants et les <strong>tendances<\/strong> qui les animent.<\/p>\n\n\n\n<p class=\"wp-block-paragraph\">Paris, souvent surnomm\u00e9e la <strong>Ville Lumi\u00e8re<\/strong>, a toujours \u00e9t\u00e9 un carrefour de cultures et d&rsquo;innovations. Depuis le Moyen \u00c2ge jusqu&rsquo;\u00e0 nos jours, son <strong>histoire<\/strong> est marqu\u00e9e par des changements sociaux et culturels qui ont fa\u00e7onn\u00e9 son <strong>style de vie urbain<\/strong>.<\/p>\n\n\n<p class=\"wp-block-paragraph\">Au <strong>17\u00e8me si\u00e8cle<\/strong>, Paris commence \u00e0 se structurer autour des caf\u00e9s et salons litt\u00e9raires, devenant un lieu d&rsquo;\u00e9change d&rsquo;id\u00e9es. Cette \u00e9poque conna\u00eet l&rsquo;\u00e9mergence de la <strong>bourgeoisie<\/strong> qui influence le mode de vie parisien, poussant vers un engouement pour <strong>l&rsquo;art<\/strong>, la <strong>litt\u00e9rature<\/strong> et la mode.<\/p>\n\n\n<p class=\"wp-block-paragraph\">Le <strong>19\u00e8me si\u00e8cle<\/strong> est une p\u00e9riode charni\u00e8re avec la r\u00e9volution industrielle. Les transformations architecturales et l&rsquo;urbanisation rapide modifient le paysage urbain. Les <strong>boulevards<\/strong>, tels que ceux con\u00e7us par Haussmann, permettent non seulement un nouveau flux de circulation, mais favorisent \u00e9galement l&rsquo;\u00e9mergence de nouveaux <strong>espaces publics<\/strong> o\u00f9 se rencontrent diff\u00e9rentes classes sociales. Les <strong>caf\u00e9-th\u00e9\u00e2tres<\/strong> et <strong>cabarets<\/strong> deviennent des lieux de divertissement, incarnant un lifestyle tourn\u00e9 vers la sociabilit\u00e9.<\/p>\n\n\n<p class=\"wp-block-paragraph\">Durant le <strong>20\u00e8me si\u00e8cle<\/strong>, Paris voit l&rsquo;\u00e9mergence de la <strong>culture populaire<\/strong>. Apr\u00e8s les deux guerres mondiales, les artistes et \u00e9crivains du mouvement <strong> existentiel<\/strong> comme Jean-Paul Sartre ou Simone de Beauvoir font de la ville un \u00e9picentre intellectuel. Cette p\u00e9riode est marqu\u00e9e par une qu\u00eate d\u2019authenticit\u00e9 et un d\u00e9sir de <strong>libert\u00e9 d\u2019expression<\/strong> qui influencent le mode de vie des Parisiens.<\/p>\n\n\n<p class=\"wp-block-paragraph\">Le <strong>modernisme<\/strong> des ann\u00e9es 1960 et 1970 introduit une nouvelle dynamique. Le <strong>savoir-faire artisanal<\/strong> rencontre la <strong>technologie<\/strong>. Les jeunes g\u00e9n\u00e9rations commencent \u00e0 revendiquer leur identit\u00e9 \u00e0 travers la <strong>musique<\/strong> et la <strong>mode<\/strong>, avec l&rsquo;explosion de la <strong>culture pop<\/strong>. Les <strong>festivals<\/strong> en plein air, la musique \u00e9lectronique, et des mouvements comme le <strong>punk<\/strong> ou le <strong>hip-hop<\/strong> red\u00e9finissent la sc\u00e8ne urbaine et enrichissent le lifestyle des Parisiens.<\/p>\n\n\n<p class=\"wp-block-paragraph\">Le d\u00e9but du <strong>21\u00e8me si\u00e8cle<\/strong> apporte une nouvelle \u00e8re, celle de la <strong>globalisation<\/strong>. Paris s&rsquo;ouvre davantage sur le monde, tout en restant un bastion de traditions. Les notions de <strong>durabilit\u00e9<\/strong> et de <strong>bien-\u00eatre<\/strong> s&rsquo;imposent. L\u2019int\u00e9gration des <strong>espaces verts<\/strong>, tels que les <strong>jardins partag\u00e9s<\/strong> et les <strong>parcs urbains<\/strong>, t\u00e9moigne d&rsquo;une prise de conscience de l&rsquo;importance de la qualit\u00e9 de vie en milieu urbain. Les <strong>communaut\u00e9s<\/strong> se forment autour d&rsquo;int\u00e9r\u00eats communs, favorisant des modes de vie alternatifs et inclusifs.<\/p>\n\n\n<p class=\"wp-block-paragraph\">Actuellement, Paris est une ville o\u00f9 le pass\u00e9 et l\u2019avenir se rencontrent. Les <strong>startups<\/strong> innovantes, les <strong>march\u00e9s bio<\/strong>, et la mont\u00e9e en puissance des <strong>transports alternatifs<\/strong> comme le v\u00e9lo et les trottinettes, montrent une \u00e9volution continue du lifestyle urbain. La <strong>culture num\u00e9rique<\/strong> joue \u00e9galement un r\u00f4le central, transformant la mani\u00e8re dont les Parisiens interagissent et consomment.<\/p>\n\n\n\n<p class=\"wp-block-paragraph\">Paris, ville d&rsquo;innovation et de cr\u00e9ativit\u00e9, voit son <strong>paysage urbain<\/strong> \u00e9voluer au gr\u00e9 des influences culturelles et des nouvelles g\u00e9n\u00e9rations. La ville lumi\u00e8re, riche de son histoire, int\u00e8gre aujourd&rsquo;hui une nouvelle dynamique qui fa\u00e7onne le <strong>lifestyle urbain<\/strong>.<\/p>\n\n\n<h2 class=\"wp-block-heading\">Gastronomie : Fusion des Saveurs<\/h2>\n\n\n<p class=\"wp-block-paragraph\">La sc\u00e8ne gastronomique parisienne est marqu\u00e9e par une <strong>\u00e9volution<\/strong> significative. Les restaurants traditionnels cohabitent avec des \u00e9tablissements innovants qui m\u00ealent des influences du monde entier. Par exemple, le restaurant <strong>Clamato<\/strong>, situ\u00e9 dans le 11\u00e8me arrondissement, propose une approche d\u00e9contract\u00e9e de la gastronomie autour des fruits de mer, tout en apportant une touche <strong>asiatique<\/strong> \u00e0 son menu. D&rsquo;autre part, des concepts tels que le <strong>food truck<\/strong> ont \u00e9galement pris d&rsquo;assaut les rues, offrant des plats pr\u00e9par\u00e9s qui allient rapidit\u00e9 et qualit\u00e9. Ces camions-restaurants suivent la <strong>tendance du street food<\/strong> qui s&rsquo;est popularis\u00e9e \u00e0 travers la ville, avec des options d\u00e9licieuses allant des <strong>tacos<\/strong> aux <strong>burgers gourmet<\/strong>.<\/p>\n\n\n<h2 class=\"wp-block-heading\">Mode : Le Streetwear Comme Nouvel \u00c9lan<\/h2>\n\n\n<p class=\"wp-block-paragraph\">Dans le domaine de la <strong>mode<\/strong>, Paris, longtemps consid\u00e9r\u00e9e comme la capitale du luxe, embrasse d\u00e9sormais le <strong>streetwear<\/strong>. Des marques comme <strong>Off-White<\/strong> et <strong>Supreme<\/strong> font leur apparition dans des lieux iconiques tels que le <strong>Marais<\/strong>. Cette mode urbaine ne se contente pas d&rsquo;investir les podiums ; elle descend dans la rue, inspirant les jeunes qui adoptent ces styles comme une v\u00e9ritable expression de leur identit\u00e9. L&rsquo;essor des boutiques vintage qui mettent en avant des pi\u00e8ces uniques t\u00e9moigne d&rsquo;un d\u00e9sir croissant d&rsquo;authenticit\u00e9 et de singularit\u00e9 dans le vestiaire parisien.<\/p>\n\n\n<h2 class=\"wp-block-heading\">Loisirs : Une Nouvelle Vision de la Vie Urbaine<\/h2>\n\n\n<p class=\"wp-block-paragraph\">Les loisirs \u00e0 Paris \u00e9voluent \u00e9galement, avec un accent particulier sur le bien-\u00eatre et les activit\u00e9s en plein air. Les parcs et jardins, tels que le <strong>Jardin des Tuileries<\/strong> et le <strong>Parc des Buttes-Chaumont<\/strong>, deviennent des lieux de rencontre pour les amateurs de <strong>yoga<\/strong> et de <strong>m\u00e9ditation en plein air<\/strong>. De plus, la culture du <strong>v\u00e9lo<\/strong> s\u2019impose dans la capitale, avec un d\u00e9veloppement accru des pistes cyclables qui incite les parisiens \u00e0 explorer leur ville de mani\u00e8re plus verte. Les <strong>caf\u00e9s \u00e9ph\u00e9m\u00e8res<\/strong> et les espaces de coworking, comme celui de <strong>WeWork<\/strong>, favorisent \u00e9galement l\u2019interaction sociale, alliant travail et d\u00e9tente.<\/p>\n\n\n<h2 class=\"wp-block-heading\">Les Impact des Transformations Urbaines<\/h2>\n\n\n<p class=\"wp-block-paragraph\">\u00c0 travers ces \u00e9volutions, les transformations du <strong>paysage urbain<\/strong> parisien influencent directement les modes de vie. Le manque de logements pousse les jeunes professionnels vers les <strong>banlieues<\/strong>, o\u00f9 des projets d&rsquo;am\u00e9nagement favorisent un cadre de vie plus moderne et accessible. Parall\u00e8lement, de nouveaux moyens de transport, tels que le <strong>Grand Paris Express<\/strong>, rendent ces villes satellites plus attractives pour les jeunes familles en qu\u00eate de tranquillit\u00e9.<\/p>\n\n\n<figure class='wp-block-image size-full'>\n<img width=\"1344\" height=\"768\" src=\"https:\/\/greenwichmeridien.fr\/blog\/wp-content\/uploads\/2024\/12\/Levolution-du-lifestyle-urbain-a-Paris.png\" class=\"attachment-full size-full\" alt=\"d\u00e9couvrez comment le lifestyle urbain \u00e0 paris a \u00e9volu\u00e9 au fil des d\u00e9cennies, des tendances contemporaines aux influences culturelles, en passant par les innovations en mati\u00e8re de mode de vie, de gastronomie et de loisirs, qui fa\u00e7onnent la ville lumi\u00e8re aujourd&#039;hui.\" decoding=\"async\" loading=\"lazy\" \/>\n<\/figure>\n\n\n\n<p class=\"wp-block-paragraph\">La ville de <strong>Paris<\/strong> conna\u00eet une <strong>transformation<\/strong> radicale, influenc\u00e9e par l&rsquo;av\u00e8nement des nouvelles technologies. Aujourd&rsquo;hui, les <strong>applications<\/strong> et les <strong>r\u00e9seaux sociaux<\/strong> ne sont plus de simples outils, mais des \u00e9l\u00e9ments int\u00e9grants du quotidien des Parisiens. Ils red\u00e9finissent les interactions sociales, l&rsquo;acc\u00e8s \u00e0 l&rsquo;information, et m\u00eame les modes de d\u00e9placement.<\/p>\n\n\n<h2 class=\"wp-block-heading\">Applications et Mobilit\u00e9<\/h2>\n\n\n<p class=\"wp-block-paragraph\">Les <strong>applications mobiles<\/strong> jouent un r\u00f4le crucial dans la mani\u00e8re dont les habitants se d\u00e9placent dans la capitale. Des plateformes comme <strong>Citymapper<\/strong> ou <strong>Vianavigo<\/strong>, qui rassemblent toutes les options de transport, ont permis d&rsquo;optimiser les trajets. En parall\u00e8le, des services de <strong>covoiturage<\/strong> et de <strong>location de v\u00e9los<\/strong> incitent de plus en plus de Parisiens \u00e0 adopter des modes de transport \u00e9coresponsables. L&rsquo;essor des <strong>applications de livraison<\/strong> transforme \u00e9galement la mani\u00e8re dont les habitants acc\u00e8dent \u00e0 la nourriture et aux services.<\/p>\n\n\n<h2 class=\"wp-block-heading\">R\u00e9seaux Sociaux et Culture Urbaine<\/h2>\n\n\n<p class=\"wp-block-paragraph\">Les <strong>r\u00e9seaux sociaux<\/strong> ont boulevers\u00e9 la dynamique sociale. Ils offrent aux Parisiens l&rsquo;opportunit\u00e9 de partager leurs exp\u00e9riences, de s\u2019engager dans des discussions sur les tendances culturelles et de promouvoir des \u00e9v\u00e9nements locaux. Les hashtags comme <strong>#ParisianLifestyle<\/strong> deviennent des vitrines pour des marques locales et des cr\u00e9ateurs \u00e9mergents, permettant une interaction directe avec la communaut\u00e9.<\/p>\n\n\n<h2 class=\"wp-block-heading\">Espaces de Co-Working<\/h2>\n\n\n<p class=\"wp-block-paragraph\">Avec l&rsquo;augmentation du <strong>t\u00e9l\u00e9travail<\/strong>, les <strong>espaces de co-working<\/strong> se sont multipli\u00e9s \u00e0 Paris, offrant non seulement un environnement professionnel mais \u00e9galement un lieu de <strong>connexion<\/strong> entre les freelances, les entrepreneurs et les start-ups. Ces lieux favorisent un <strong>esprit collaboratif<\/strong> et permettent de cr\u00e9er des synergies entre divers acteurs \u00e9conomiques, enrichissant ainsi le tissu social et professionnel de la ville.<\/p>\n\n\n<h2 class=\"wp-block-heading\">Les Nouvelles Attentes Urbaines<\/h2>\n\n\n<p class=\"wp-block-paragraph\">La <strong>technologie<\/strong> a \u00e9galement modifi\u00e9 les attentes des Parisiens en mati\u00e8re de <strong>vie urbaine<\/strong>. Les r\u00e9sidents recherchent des services toujours plus accessibles, un confort optimal et une interconnexion accrue entre les diff\u00e9rents aspects de leur vie. Ces changements impactent l&rsquo;urbanisme de la ville, poussant les architectes et les urbanistes \u00e0 repenser les espaces publics et d&rsquo;habitat pour r\u00e9pondre aux nouvelles habitudes.<\/p>\n\n\n<p class=\"wp-block-paragraph\">Certainement, Paris est amen\u00e9e \u00e0 continuer d\u2019\u00e9voluer avec ces nouvelles technologies, o\u00f9 le <strong>lifestyle urbain<\/strong> refl\u00e8te une fusion entre culture locale et innovations modernes. Dans cette dynamique, chaque innovation offre \u00e0 la ville non seulement des d\u00e9fis, mais \u00e9galement des opportunit\u00e9s de <strong>renouveau<\/strong>.<\/p>\n\n\n\n<p class=\"wp-block-paragraph\">\u00c0 Paris, la prise de conscience des <strong>enjeux \u00e9cologiques<\/strong> transforme progressivement le visage du <strong>lifestyle urbain<\/strong>. Les Parisiens adoptent de plus en plus des pratiques <strong>\u00e9co-responsables<\/strong>, influen\u00e7ant non seulement leur comportement quotidien, mais aussi les initiatives de la ville. De la mobilit\u00e9 \u00e0 la consommation, chaque aspect de la vie urbaine est touch\u00e9 par cette qu\u00eate de durabilit\u00e9.<\/p>\n\n\n<h2 class=\"wp-block-heading\">Mobilit\u00e9 Durable<\/h2>\n\n\n<p class=\"wp-block-paragraph\">Le r\u00e9seau de <strong>transports en commun<\/strong> \u00e0 Paris s&rsquo;est adapt\u00e9 pour devenir plus \u00e9co-responsable. La ville encourage l&rsquo;utilisation des <strong>v\u00e9los<\/strong> avec la mise en place de nombreuses <strong>pistes cyclables<\/strong> et le syst\u00e8me de location de v\u00e9los \u00e9lectriques, comme V\u00e9lib\u2019. En parall\u00e8le, le d\u00e9veloppement des <strong>transports en commun \u00e9lectriques<\/strong> r\u00e9duit l&#8217;empreinte carbone de la capitale.<\/p>\n\n\n<h2 class=\"wp-block-heading\">Consommation \u00c9thique<\/h2>\n\n\n<p class=\"wp-block-paragraph\">Les Parisiens s&rsquo;orientent de plus en plus vers la <strong>consommation locale<\/strong> et <strong>durable<\/strong>. Les march\u00e9s de producteurs se multiplient, proposant des produits issus de l&rsquo;agriculture biologique. Les boutiques de <strong>mode \u00e9thique<\/strong> et les restaurants engag\u00e9s dans le z\u00e9ro d\u00e9chet ou la r\u00e9duction de l&rsquo;usage des plastiques connaissent un v\u00e9ritable essor. Cela refl\u00e8te une volont\u00e9 de privil\u00e9gier les <strong>produits responsables<\/strong> et de soutenir l&rsquo;\u00e9conomie locale.<\/p>\n\n\n<h2 class=\"wp-block-heading\">Espaces Verts et Biodiversit\u00e9<\/h2>\n\n\n<p class=\"wp-block-paragraph\">La cr\u00e9ation d&rsquo;<strong>espaces verts<\/strong> au sein de la ville participe de cette dynamique. La transformation des anciens terrains vagues en <strong>jardins partag\u00e9s<\/strong> permet non seulement de verduriser Paris, mais aussi de renforcer le lien social. Ces initiatives favorisent la <strong>biodiversit\u00e9<\/strong> et offrent un refuge pour la faune locale, tout en offrant aux r\u00e9sidents des endroits o\u00f9 se ressourcer.<\/p>\n\n\n<h2 class=\"wp-block-heading\">\u00c9v\u00e9nements \u00c9cologiques<\/h2>\n\n\n<p class=\"wp-block-paragraph\">Les \u00e9v\u00e9nements ax\u00e9s sur l&rsquo;\u00e9cologie, comme la <strong>Semaine Europ\u00e9enne de la R\u00e9duction des D\u00e9chets<\/strong>, attirent un grand nombre de participants. Ces occasions servent de plateforme pour sensibiliser largement la population aux <strong>probl\u00e9matiques environnementales<\/strong> et promouvoir des solutions tierces. La <strong>transition \u00e9nerg\u00e9tique<\/strong> de la ville est au c\u0153ur de ces activit\u00e9s, suscitant un v\u00e9ritable int\u00e9r\u00eat.<\/p>\n\n\n<h2 class=\"wp-block-heading\">\u00c9ducation et Sensibilisation<\/h2>\n\n\n<p class=\"wp-block-paragraph\">Enfin, les \u00e9coles parisiennes int\u00e8grent des programmes d&rsquo;<strong environnementale> qui initient les plus jeunes aux enjeux de la plan\u00e8te. Cette sensibilisation pr\u00e9coce permet d&rsquo;inculquer des valeurs durables d\u00e8s le plus jeune \u00e2ge, fa\u00e7onnant ainsi un futur citoyen engag\u00e9 et conscient.<\/strong><\/p>\n\n\n\n<p class=\"wp-block-paragraph\">Dans un monde en constante <strong>\u00e9volution<\/strong>, le <strong>lifestyle urbain<\/strong> \u00e0 <strong>Paris<\/strong> refl\u00e8te une dynamique unique, int\u00e9grant tradition et modernit\u00e9. Les quartiers embl\u00e9matiques tels que le <strong>Marais<\/strong> et Montmartre se r\u00e9inventent sans cesse, tout en pr\u00e9servant leur <strong>authenticit\u00e9<\/strong>. La mont\u00e9e des <strong>espaces verts<\/strong>, des <strong>caf\u00e9s<\/strong> innovants, et l&rsquo;engouement pour les <strong>initiatives durables<\/strong> sont des t\u00e9moins de cette transition. <br>Les Parisiens aspirent \u00e0 un mode de vie qui allie confort et respect de l&rsquo;environnement. Les <strong>transports en commun<\/strong>, la <strong>mobilit\u00e9 douce<\/strong>, et les <strong>march\u00e9s locaux<\/strong> gagnent en popularit\u00e9, refl\u00e9tant une volont\u00e9 de consommer de mani\u00e8re plus responsable. Par ailleurs, l&rsquo;essor des <strong>startups<\/strong> et des <strong>espaces de coworking<\/strong> transforme les modes de travail et de socialisation dans la capitale.<br>Pour l&rsquo;avenir, il serait int\u00e9ressant d&rsquo;explorer comment Paris pourrait continuer \u00e0 d\u00e9velopper son <strong>\u00e9cosyst\u00e8me urbain<\/strong>, en int\u00e9grant davantage de technologie au service des citadins tout en pr\u00e9servant son histoire. Les initiatives de <strong>participation citoyenne<\/strong> pourraient \u00e9galement jouer un r\u00f4le cl\u00e9 dans l&rsquo;am\u00e9lioration continue du cadre de vie. Enfin, l&rsquo;approche <strong>multiculturelle<\/strong> de la ville pourrait inspirer de nouvelles tendances, cr\u00e9ant un m\u00e9lange harmonieux entre <strong>innovation<\/strong>, <strong>culture<\/strong>, et <strong>durabilit\u00e9<\/strong>.<\/p>\n","protected":false},"excerpt":{"rendered":"","protected":false},"author":34,"featured_media":7362,"comment_status":"open","ping_status":"open","sticky":false,"template":"","format":"standard","meta":{"_acf_changed":false,"manual_indexmenow":false,"indexmenow_id_project":0,"footnotes":""},"categories":[1],"tags":[],"class_list":["post-7361","post","type-post","status-publish","format-standard","has-post-thumbnail","hentry","category-a-la-une","generate-columns","tablet-grid-50","mobile-grid-100","grid-parent","grid-25"],"acf":[],"yoast_head":"<!-- This site is optimized with the Yoast SEO Premium plugin v21.3 (Yoast SEO v25.6) - https:\/\/yoast.com\/wordpress\/plugins\/seo\/ -->\n<title>L&#039;\u00e9volution du lifestyle urbain \u00e0 Paris<\/title>\n<meta name=\"description\" content=\"\u00c0 travers ses rues pav\u00e9es et ses immeubles haussmanniens, Paris ne cesse de se r\u00e9inventer, offrant un lifestyle urbain qui fusionne tradition et\" \/>\n<meta name=\"robots\" content=\"index, follow, max-snippet:-1, max-image-preview:large, max-video-preview:-1\" \/>\n<link rel=\"canonical\" href=\"https:\/\/greenwichmeridien.fr\/blog\/a-la-une\/levolution-du-lifestyle-urbain-a-paris\/\" \/>\n<meta property=\"og:locale\" content=\"fr_FR\" \/>\n<meta property=\"og:type\" content=\"article\" \/>\n<meta property=\"og:title\" content=\"L&#039;\u00e9volution du lifestyle urbain \u00e0 Paris\" \/>\n<meta property=\"og:description\" content=\"\u00c0 travers ses rues pav\u00e9es et ses immeubles haussmanniens, Paris ne cesse de se r\u00e9inventer, offrant un lifestyle urbain qui fusionne tradition et\" \/>\n<meta property=\"og:url\" content=\"https:\/\/greenwichmeridien.fr\/blog\/a-la-une\/levolution-du-lifestyle-urbain-a-paris\/\" \/>\n<meta property=\"og:site_name\" content=\"greenwichmeridien\" \/>\n<meta property=\"og:image\" content=\"https:\/\/greenwichmeridien.fr\/blog\/wp-content\/uploads\/2024\/12\/Levolution-du-lifestyle-urbain-a-Paris-1.png\" \/>\n\t<meta property=\"og:image:width\" content=\"1344\" \/>\n\t<meta property=\"og:image:height\" content=\"768\" \/>\n\t<meta property=\"og:image:type\" content=\"image\/png\" \/>\n<meta name=\"author\" content=\"Samuel Chalmin\" \/>\n<meta name=\"twitter:card\" content=\"summary_large_image\" \/>\n<script type=\"application\/ld+json\" class=\"yoast-schema-graph\">{\"@context\":\"https:\/\/schema.org\",\"@graph\":[{\"@type\":\"NewsArticle\",\"@id\":\"https:\/\/greenwichmeridien.fr\/blog\/a-la-une\/levolution-du-lifestyle-urbain-a-paris\/#article\",\"isPartOf\":{\"@id\":\"https:\/\/greenwichmeridien.fr\/blog\/a-la-une\/levolution-du-lifestyle-urbain-a-paris\/\"},\"author\":{\"name\":\"Samuel Chalmin\",\"@id\":\"https:\/\/greenwichmeridien.fr\/blog\/#\/schema\/person\/3c864cdc320801e3db34b663e7e3f816\"},\"headline\":\"L&rsquo;\u00e9volution du lifestyle urbain \u00e0 Paris\",\"datePublished\":\"2024-12-31T06:50:28+00:00\",\"mainEntityOfPage\":{\"@id\":\"https:\/\/greenwichmeridien.fr\/blog\/a-la-une\/levolution-du-lifestyle-urbain-a-paris\/\"},\"wordCount\":2061,\"commentCount\":0,\"publisher\":{\"@id\":\"https:\/\/greenwichmeridien.fr\/blog\/#organization\"},\"image\":{\"@id\":\"https:\/\/greenwichmeridien.fr\/blog\/a-la-une\/levolution-du-lifestyle-urbain-a-paris\/#primaryimage\"},\"thumbnailUrl\":\"https:\/\/greenwichmeridien.fr\/blog\/wp-content\/uploads\/2024\/12\/Levolution-du-lifestyle-urbain-a-Paris-1.png\",\"articleSection\":[\"\u00c0 la une\"],\"inLanguage\":\"fr-FR\",\"potentialAction\":[{\"@type\":\"CommentAction\",\"name\":\"Comment\",\"target\":[\"https:\/\/greenwichmeridien.fr\/blog\/a-la-une\/levolution-du-lifestyle-urbain-a-paris\/#respond\"]}]},{\"@type\":\"WebPage\",\"@id\":\"https:\/\/greenwichmeridien.fr\/blog\/a-la-une\/levolution-du-lifestyle-urbain-a-paris\/\",\"url\":\"https:\/\/greenwichmeridien.fr\/blog\/a-la-une\/levolution-du-lifestyle-urbain-a-paris\/\",\"name\":\"L'\u00e9volution du lifestyle urbain \u00e0 Paris\",\"isPartOf\":{\"@id\":\"https:\/\/greenwichmeridien.fr\/blog\/#website\"},\"primaryImageOfPage\":{\"@id\":\"https:\/\/greenwichmeridien.fr\/blog\/a-la-une\/levolution-du-lifestyle-urbain-a-paris\/#primaryimage\"},\"image\":{\"@id\":\"https:\/\/greenwichmeridien.fr\/blog\/a-la-une\/levolution-du-lifestyle-urbain-a-paris\/#primaryimage\"},\"thumbnailUrl\":\"https:\/\/greenwichmeridien.fr\/blog\/wp-content\/uploads\/2024\/12\/Levolution-du-lifestyle-urbain-a-Paris-1.png\",\"datePublished\":\"2024-12-31T06:50:28+00:00\",\"description\":\"\u00c0 travers ses rues pav\u00e9es et ses immeubles haussmanniens, Paris ne cesse de se r\u00e9inventer, offrant un lifestyle urbain qui fusionne tradition et\",\"inLanguage\":\"fr-FR\",\"potentialAction\":[{\"@type\":\"ReadAction\",\"target\":[\"https:\/\/greenwichmeridien.fr\/blog\/a-la-une\/levolution-du-lifestyle-urbain-a-paris\/\"]}]},{\"@type\":\"ImageObject\",\"inLanguage\":\"fr-FR\",\"@id\":\"https:\/\/greenwichmeridien.fr\/blog\/a-la-une\/levolution-du-lifestyle-urbain-a-paris\/#primaryimage\",\"url\":\"https:\/\/greenwichmeridien.fr\/blog\/wp-content\/uploads\/2024\/12\/Levolution-du-lifestyle-urbain-a-Paris-1.png\",\"contentUrl\":\"https:\/\/greenwichmeridien.fr\/blog\/wp-content\/uploads\/2024\/12\/Levolution-du-lifestyle-urbain-a-Paris-1.png\",\"width\":1344,\"height\":768,\"caption\":\"d\u00e9couvrez comment le lifestyle urbain \u00e0 paris a \u00e9volu\u00e9 au fil des ans, m\u00ealant culture, tendances modernes et influences historiques pour fa\u00e7onner la vie quotidienne des parisiens.\"},{\"@type\":\"WebSite\",\"@id\":\"https:\/\/greenwichmeridien.fr\/blog\/#website\",\"url\":\"https:\/\/greenwichmeridien.fr\/blog\/\",\"name\":\"Greenwich M\u00e9ridien\",\"description\":\"Greenwich M\u00e9ridien, le rep\u00e8re du temps et du voyage\",\"publisher\":{\"@id\":\"https:\/\/greenwichmeridien.fr\/blog\/#organization\"},\"alternateName\":\"Greenwich M\u00e9ridien, le rep\u00e8re du temps et du voyage\",\"potentialAction\":[{\"@type\":\"SearchAction\",\"target\":{\"@type\":\"EntryPoint\",\"urlTemplate\":\"https:\/\/greenwichmeridien.fr\/blog\/?s={search_term_string}\"},\"query-input\":{\"@type\":\"PropertyValueSpecification\",\"valueRequired\":true,\"valueName\":\"search_term_string\"}}],\"inLanguage\":\"fr-FR\"},{\"@type\":\"Organization\",\"@id\":\"https:\/\/greenwichmeridien.fr\/blog\/#organization\",\"name\":\"Greenwich M\u00e9ridien\",\"alternateName\":\"Greenwich M\u00e9ridien\",\"url\":\"https:\/\/greenwichmeridien.fr\/blog\/\",\"logo\":{\"@type\":\"ImageObject\",\"inLanguage\":\"fr-FR\",\"@id\":\"https:\/\/greenwichmeridien.fr\/blog\/#\/schema\/logo\/image\/\",\"url\":\"https:\/\/greenwichmeridien.fr\/blog\/wp-content\/uploads\/2024\/12\/greenwichmeridien.png\",\"contentUrl\":\"https:\/\/greenwichmeridien.fr\/blog\/wp-content\/uploads\/2024\/12\/greenwichmeridien.png\",\"width\":500,\"height\":500,\"caption\":\"Greenwich M\u00e9ridien\"},\"image\":{\"@id\":\"https:\/\/greenwichmeridien.fr\/blog\/#\/schema\/logo\/image\/\"}},{\"@type\":\"Person\",\"@id\":\"https:\/\/greenwichmeridien.fr\/blog\/#\/schema\/person\/3c864cdc320801e3db34b663e7e3f816\",\"name\":\"Samuel Chalmin\",\"image\":{\"@type\":\"ImageObject\",\"inLanguage\":\"fr-FR\",\"@id\":\"https:\/\/greenwichmeridien.fr\/blog\/#\/schema\/person\/image\/\",\"url\":\"https:\/\/secure.gravatar.com\/avatar\/cef3677de7d237273d13053728f9470818581a8a27d9bf6f5039fd18508a905f?s=96&d=mm&r=g\",\"contentUrl\":\"https:\/\/secure.gravatar.com\/avatar\/cef3677de7d237273d13053728f9470818581a8a27d9bf6f5039fd18508a905f?s=96&d=mm&r=g\",\"caption\":\"Samuel Chalmin\"},\"description\":\"R\u00e9dacteur du site, il suit les questions de temps et de calendrier : m\u00e9ridien de Greenwich, heure GMT et UTC, fuseaux horaires, changement d'heure, ann\u00e9es bissextiles et jours f\u00e9ri\u00e9s.\",\"sameAs\":[\"https:\/\/samuelchalmin.fr\/\"],\"url\":\"https:\/\/greenwichmeridien.fr\/blog\/auteur\/noname\/\"}]}<\/script>\n<!-- \/ Yoast SEO Premium plugin. -->","yoast_head_json":{"title":"L'\u00e9volution du lifestyle urbain \u00e0 Paris","description":"\u00c0 travers ses rues pav\u00e9es et ses immeubles haussmanniens, Paris ne cesse de se r\u00e9inventer, offrant un lifestyle urbain qui fusionne tradition et","robots":{"index":"index","follow":"follow","max-snippet":"max-snippet:-1","max-image-preview":"max-image-preview:large","max-video-preview":"max-video-preview:-1"},"canonical":"https:\/\/greenwichmeridien.fr\/blog\/a-la-une\/levolution-du-lifestyle-urbain-a-paris\/","og_locale":"fr_FR","og_type":"article","og_title":"L'\u00e9volution du lifestyle urbain \u00e0 Paris","og_description":"\u00c0 travers ses rues pav\u00e9es et ses immeubles haussmanniens, Paris ne cesse de se r\u00e9inventer, offrant un lifestyle urbain qui fusionne tradition et","og_url":"https:\/\/greenwichmeridien.fr\/blog\/a-la-une\/levolution-du-lifestyle-urbain-a-paris\/","og_site_name":"greenwichmeridien","og_image":[{"width":1344,"height":768,"url":"https:\/\/greenwichmeridien.fr\/blog\/wp-content\/uploads\/2024\/12\/Levolution-du-lifestyle-urbain-a-Paris-1.png","type":"image\/png"}],"author":"Samuel Chalmin","twitter_card":"summary_large_image","schema":{"@context":"https:\/\/schema.org","@graph":[{"@type":"NewsArticle","@id":"https:\/\/greenwichmeridien.fr\/blog\/a-la-une\/levolution-du-lifestyle-urbain-a-paris\/#article","isPartOf":{"@id":"https:\/\/greenwichmeridien.fr\/blog\/a-la-une\/levolution-du-lifestyle-urbain-a-paris\/"},"author":{"name":"Samuel Chalmin","@id":"https:\/\/greenwichmeridien.fr\/blog\/#\/schema\/person\/3c864cdc320801e3db34b663e7e3f816"},"headline":"L&rsquo;\u00e9volution du lifestyle urbain \u00e0 Paris","datePublished":"2024-12-31T06:50:28+00:00","mainEntityOfPage":{"@id":"https:\/\/greenwichmeridien.fr\/blog\/a-la-une\/levolution-du-lifestyle-urbain-a-paris\/"},"wordCount":2061,"commentCount":0,"publisher":{"@id":"https:\/\/greenwichmeridien.fr\/blog\/#organization"},"image":{"@id":"https:\/\/greenwichmeridien.fr\/blog\/a-la-une\/levolution-du-lifestyle-urbain-a-paris\/#primaryimage"},"thumbnailUrl":"https:\/\/greenwichmeridien.fr\/blog\/wp-content\/uploads\/2024\/12\/Levolution-du-lifestyle-urbain-a-Paris-1.png","articleSection":["\u00c0 la une"],"inLanguage":"fr-FR","potentialAction":[{"@type":"CommentAction","name":"Comment","target":["https:\/\/greenwichmeridien.fr\/blog\/a-la-une\/levolution-du-lifestyle-urbain-a-paris\/#respond"]}]},{"@type":"WebPage","@id":"https:\/\/greenwichmeridien.fr\/blog\/a-la-une\/levolution-du-lifestyle-urbain-a-paris\/","url":"https:\/\/greenwichmeridien.fr\/blog\/a-la-une\/levolution-du-lifestyle-urbain-a-paris\/","name":"L'\u00e9volution du lifestyle urbain \u00e0 Paris","isPartOf":{"@id":"https:\/\/greenwichmeridien.fr\/blog\/#website"},"primaryImageOfPage":{"@id":"https:\/\/greenwichmeridien.fr\/blog\/a-la-une\/levolution-du-lifestyle-urbain-a-paris\/#primaryimage"},"image":{"@id":"https:\/\/greenwichmeridien.fr\/blog\/a-la-une\/levolution-du-lifestyle-urbain-a-paris\/#primaryimage"},"thumbnailUrl":"https:\/\/greenwichmeridien.fr\/blog\/wp-content\/uploads\/2024\/12\/Levolution-du-lifestyle-urbain-a-Paris-1.png","datePublished":"2024-12-31T06:50:28+00:00","description":"\u00c0 travers ses rues pav\u00e9es et ses immeubles haussmanniens, Paris ne cesse de se r\u00e9inventer, offrant un lifestyle urbain qui fusionne tradition et","inLanguage":"fr-FR","potentialAction":[{"@type":"ReadAction","target":["https:\/\/greenwichmeridien.fr\/blog\/a-la-une\/levolution-du-lifestyle-urbain-a-paris\/"]}]},{"@type":"ImageObject","inLanguage":"fr-FR","@id":"https:\/\/greenwichmeridien.fr\/blog\/a-la-une\/levolution-du-lifestyle-urbain-a-paris\/#primaryimage","url":"https:\/\/greenwichmeridien.fr\/blog\/wp-content\/uploads\/2024\/12\/Levolution-du-lifestyle-urbain-a-Paris-1.png","contentUrl":"https:\/\/greenwichmeridien.fr\/blog\/wp-content\/uploads\/2024\/12\/Levolution-du-lifestyle-urbain-a-Paris-1.png","width":1344,"height":768,"caption":"d\u00e9couvrez comment le lifestyle urbain \u00e0 paris a \u00e9volu\u00e9 au fil des ans, m\u00ealant culture, tendances modernes et influences historiques pour fa\u00e7onner la vie quotidienne des parisiens."},{"@type":"WebSite","@id":"https:\/\/greenwichmeridien.fr\/blog\/#website","url":"https:\/\/greenwichmeridien.fr\/blog\/","name":"Greenwich M\u00e9ridien","description":"Greenwich M\u00e9ridien, le rep\u00e8re du temps et du voyage","publisher":{"@id":"https:\/\/greenwichmeridien.fr\/blog\/#organization"},"alternateName":"Greenwich M\u00e9ridien, le rep\u00e8re du temps et du voyage","potentialAction":[{"@type":"SearchAction","target":{"@type":"EntryPoint","urlTemplate":"https:\/\/greenwichmeridien.fr\/blog\/?s={search_term_string}"},"query-input":{"@type":"PropertyValueSpecification","valueRequired":true,"valueName":"search_term_string"}}],"inLanguage":"fr-FR"},{"@type":"Organization","@id":"https:\/\/greenwichmeridien.fr\/blog\/#organization","name":"Greenwich M\u00e9ridien","alternateName":"Greenwich M\u00e9ridien","url":"https:\/\/greenwichmeridien.fr\/blog\/","logo":{"@type":"ImageObject","inLanguage":"fr-FR","@id":"https:\/\/greenwichmeridien.fr\/blog\/#\/schema\/logo\/image\/","url":"https:\/\/greenwichmeridien.fr\/blog\/wp-content\/uploads\/2024\/12\/greenwichmeridien.png","contentUrl":"https:\/\/greenwichmeridien.fr\/blog\/wp-content\/uploads\/2024\/12\/greenwichmeridien.png","width":500,"height":500,"caption":"Greenwich M\u00e9ridien"},"image":{"@id":"https:\/\/greenwichmeridien.fr\/blog\/#\/schema\/logo\/image\/"}},{"@type":"Person","@id":"https:\/\/greenwichmeridien.fr\/blog\/#\/schema\/person\/3c864cdc320801e3db34b663e7e3f816","name":"Samuel Chalmin","image":{"@type":"ImageObject","inLanguage":"fr-FR","@id":"https:\/\/greenwichmeridien.fr\/blog\/#\/schema\/person\/image\/","url":"https:\/\/secure.gravatar.com\/avatar\/cef3677de7d237273d13053728f9470818581a8a27d9bf6f5039fd18508a905f?s=96&d=mm&r=g","contentUrl":"https:\/\/secure.gravatar.com\/avatar\/cef3677de7d237273d13053728f9470818581a8a27d9bf6f5039fd18508a905f?s=96&d=mm&r=g","caption":"Samuel Chalmin"},"description":"R\u00e9dacteur du site, il suit les questions de temps et de calendrier : m\u00e9ridien de Greenwich, heure GMT et UTC, fuseaux horaires, changement d'heure, ann\u00e9es bissextiles et jours f\u00e9ri\u00e9s.","sameAs":["https:\/\/samuelchalmin.fr\/"],"url":"https:\/\/greenwichmeridien.fr\/blog\/auteur\/noname\/"}]}},"_links":{"self":[{"href":"https:\/\/greenwichmeridien.fr\/blog\/wp-json\/wp\/v2\/posts\/7361","targetHints":{"allow":["GET"]}}],"collection":[{"href":"https:\/\/greenwichmeridien.fr\/blog\/wp-json\/wp\/v2\/posts"}],"about":[{"href":"https:\/\/greenwichmeridien.fr\/blog\/wp-json\/wp\/v2\/types\/post"}],"author":[{"embeddable":true,"href":"https:\/\/greenwichmeridien.fr\/blog\/wp-json\/wp\/v2\/users\/34"}],"replies":[{"embeddable":true,"href":"https:\/\/greenwichmeridien.fr\/blog\/wp-json\/wp\/v2\/comments?post=7361"}],"version-history":[{"count":0,"href":"https:\/\/greenwichmeridien.fr\/blog\/wp-json\/wp\/v2\/posts\/7361\/revisions"}],"wp:featuredmedia":[{"embeddable":true,"href":"https:\/\/greenwichmeridien.fr\/blog\/wp-json\/wp\/v2\/media\/7362"}],"wp:attachment":[{"href":"https:\/\/greenwichmeridien.fr\/blog\/wp-json\/wp\/v2\/media?parent=7361"}],"wp:term":[{"taxonomy":"category","embeddable":true,"href":"https:\/\/greenwichmeridien.fr\/blog\/wp-json\/wp\/v2\/categories?post=7361"},{"taxonomy":"post_tag","embeddable":true,"href":"https:\/\/greenwichmeridien.fr\/blog\/wp-json\/wp\/v2\/tags?post=7361"}],"curies":[{"name":"wp","href":"https:\/\/api.w.org\/{rel}","templated":true}]}}