{"id":7364,"date":"2025-01-04T07:52:00","date_gmt":"2025-01-04T06:52:00","guid":{"rendered":"https:\/\/greenwichmeridien.fr\/blog\/a-la-une\/les-influences-etrangeres-dans-la-culture-francaise\/"},"modified":"2025-01-04T07:52:00","modified_gmt":"2025-01-04T06:52:00","slug":"les-influences-etrangeres-dans-la-culture-francaise","status":"publish","type":"post","link":"https:\/\/greenwichmeridien.fr\/blog\/a-la-une\/les-influences-etrangeres-dans-la-culture-francaise\/","title":{"rendered":"Les influences \u00e9trang\u00e8res dans la culture fran\u00e7aise"},"content":{"rendered":"\n\n<p class=\"wp-block-paragraph\">Au fil des si\u00e8cles, la <strong>culture fran\u00e7aise<\/strong> s&rsquo;est enrichie de nombreuses <strong>influences<\/strong> venues des quatre coins du monde. De la gastronomie aux arts, en passant par la langue et les traditions, cet \u00e9change culturel a fa\u00e7onn\u00e9 une identit\u00e9 unique qui continue d&rsquo;\u00e9voluer. Mais pourquoi ces influences sont-elles si cruciales ? Elles t\u00e9moignent non seulement de l&rsquo;<strong>ouverture<\/strong> de la France sur le monde, mais aussi de sa capacit\u00e9 \u00e0 int\u00e9grer et \u00e0 r\u00e9interpr\u00e9ter des \u00e9l\u00e9ments ext\u00e9rieurs, cr\u00e9ant ainsi un dialogue dynamique entre l&rsquo;ancien et le nouveau. Dans cet article, nous explorerons ces contributions vari\u00e9es qui font de la culture fran\u00e7aise un v\u00e9ritable <strong>mosaic<\/strong> international, riche en couleurs et d&rsquo;une cr\u00e9ativit\u00e9 sans pareil.<\/p>\n\n\n\n<p class=\"wp-block-paragraph\">La <strong>culture fran\u00e7aise<\/strong> est le fruit d&rsquo;une riche mosa\u00efque d&rsquo;<strong>influences \u00e9trang\u00e8res<\/strong>, qui se sont entrem\u00eal\u00e9es au fil des si\u00e8cles. Les \u00e9changes culturels ont \u00e9t\u00e9 fa\u00e7onn\u00e9s par des \u00e9v\u00e9nements historiques majeurs, des d\u00e9couvertes et des mouvements artistiques. Voici un aper\u00e7u des p\u00e9riodes cl\u00e9s qui ont marqu\u00e9 cet enrichissement culturel.<\/p>\n\n\n<h2 class=\"wp-block-heading\">1. Le Moyen \u00c2ge<\/h2>\n\n\n<p class=\"wp-block-paragraph\">Au cours du <strong>Moyen \u00c2ge<\/strong>, les \u00e9changes se sont principalement r\u00e9alis\u00e9s gr\u00e2ce aux <strong>tra\u00eetes commerciales<\/strong> et aux <strong>croisades<\/strong>. Les influences arabes, notamment en mati\u00e8re de <strong>savoir<\/strong>, ont \u00e9t\u00e9 d\u00e9terminantes, brisant les fronti\u00e8res de la connaissance. Les <strong>math\u00e9matiques<\/strong>, la <strong>m\u00e9decine<\/strong> et la <strong>philosophie<\/strong> ont \u00e9t\u00e9 introduites en Europe via des textes traduits de l\u2019arabe, enrichissant ainsi le patrimoine intellectuel fran\u00e7ais.<\/p>\n\n\n<h2 class=\"wp-block-heading\">2. La Renaissance<\/h2>\n\n\n<p class=\"wp-block-paragraph\">La <strong>Renaissance<\/strong> du 16\u00e8me si\u00e8cle marque un tournant d\u00e9cisif. Ce mouvement, impr\u00e9gn\u00e9 des id\u00e9es <strong>italiennes<\/strong>, a favoris\u00e9 le retour \u00e0 l\u2019Antiquit\u00e9 et a suscit\u00e9 un profond bouleversement artistique. Les artistes fran\u00e7ais tels que <strong>Fran\u00e7ois Rabelais<\/strong> et <strong>Claudel<\/strong> s\u2019inspirent des \u0153uvres italiennes, tandis que l&rsquo;architecture subit l&rsquo;influence des <strong>styles italiens<\/strong> et <strong>flamands<\/strong>.<\/p>\n\n\n<h2 class=\"wp-block-heading\">3. Le si\u00e8cle des Lumi\u00e8res<\/h2>\n\n\n<p class=\"wp-block-paragraph\">Le <strong>si\u00e8cle des Lumi\u00e8res<\/strong> au 18\u00e8me si\u00e8cle est caract\u00e9ris\u00e9 par la diffusion des id\u00e9es <strong>philosophiques<\/strong> et <strong>scientifiques<\/strong> en France. Les penseurs fran\u00e7ais comme <strong>Voltaire<\/strong> et <strong>Rousseau<\/strong> sont fortement influenc\u00e9s par les pens\u00e9es <strong>anglaises<\/strong> et <strong>\u00e9cossaises<\/strong>. Cette p\u00e9riode sera aussi marqu\u00e9e par l\u2019\u00e9mergence de mouvements comme le <strong>romantisme<\/strong>, nourri par les id\u00e9aux de libert\u00e9 et d\u2019\u00e9galit\u00e9.<\/p>\n\n\n<h2 class=\"wp-block-heading\">4. Le 19\u00e8me et le d\u00e9but du 20\u00e8me si\u00e8cle<\/h2>\n\n\n<p class=\"wp-block-paragraph\">Le 19\u00e8me si\u00e8cle voit l&rsquo;\u00e9mergence de <strong>mouvements artistiques<\/strong> tels que l&rsquo;<strong>impressionnisme<\/strong>, dont les artistes, sous l&rsquo;influence japonaise notamment, remettent en question les canons traditionnels de l\u2019art. Ce si\u00e8cle sera \u00e9galement le t\u00e9moin d\u2019un <strong>m\u00e9lange culturel<\/strong> gr\u00e2ce \u00e0 l\u2019int\u00e9gration d\u2019artistes <strong>\u00e9trangers<\/strong> dans des salons parisiens o\u00f9 les styles se croisent et se r\u00e9inventent.<\/p>\n\n\n<h2 class=\"wp-block-heading\">5. L&rsquo;\u00e8re contemporaine<\/h2>\n\n\n<p class=\"wp-block-paragraph\">\u00c0 l&rsquo;\u00e8re <strong>contemporaine<\/strong>, la France continue d&rsquo;accueillir des influences du monde entier. Les migrations et la mondialisation ont introduit des <strong>pratiques culturelles<\/strong> vari\u00e9es, allant de la <strong>cuisine<\/strong> aux <strong>arts de la sc\u00e8ne<\/strong>, en passant par la <strong>mode<\/strong> et la <strong>musique<\/strong>. La diversit\u00e9 des communaut\u00e9s qui composent la France actuelle en fait un creuset culturel dynamique, renfor\u00e7ant son identit\u00e9 unique.<\/p>\n\n\n\n<p class=\"wp-block-paragraph\">La <strong>culture fran\u00e7aise<\/strong> est le fruit d&rsquo;un riche m\u00e9lange d&rsquo;influences <strong>artistiques<\/strong> provenant de multiples horizons. Depuis des si\u00e8cles, la France a \u00e9t\u00e9 un carrefour culturel, accueillant des id\u00e9es et des styles qui ont profond\u00e9ment marqu\u00e9 son patrimoine.<\/p>\n\n\n<h2 class=\"wp-block-heading\">Peinture<\/h2>\n\n\n<p class=\"wp-block-paragraph\">Dans le domaine de la <strong>peinture<\/strong>, l&rsquo;influence de l&rsquo;art <strong>italien<\/strong> est ind\u00e9niable. Des ma\u00eetres tels que <strong>Leonard de Vinci<\/strong> et <strong>Rapha\u00ebl<\/strong> ont inspir\u00e9 des artistes fran\u00e7ais comme <strong>Claude Lorrain<\/strong> et <strong>Jacques-Louis David<\/strong>, qui ont int\u00e9gr\u00e9 des \u00e9l\u00e9ments de la <strong>Renaissance<\/strong> italienne dans leurs \u0153uvres. Par ailleurs, l&rsquo;explosion du <strong>cubisme<\/strong> au d\u00e9but du XXe si\u00e8cle, port\u00e9 par des artistes comme <strong>Pablo Picasso<\/strong> et <strong>Georges Braque<\/strong>, a \u00e9t\u00e9 nourri par des influences africaines et ib\u00e9riques.<\/p>\n\n\n<h2 class=\"wp-block-heading\">Musique<\/h2>\n\n\n<p class=\"wp-block-paragraph\">La <strong>musique fran\u00e7aise<\/strong> est \u00e9galement le r\u00e9sultat d&rsquo;un m\u00e9tissage d&rsquo;influences. Les <strong>chansons populaires<\/strong> ont \u00e9t\u00e9 influenc\u00e9es par les rythmes africains, tandis que la musique classique a souvent int\u00e9gr\u00e9 des \u00e9l\u00e9ments de la <strong>musique baroque italienne<\/strong>. De plus, des genres comme le <strong>jazz<\/strong>, introduit par des musiciens afro-am\u00e9ricains, ont trouv\u00e9 un \u00e9cho dans la sc\u00e8ne musicale fran\u00e7aise, donnant naissance \u00e0 un style unique que l&rsquo;on appelle le <strong>jazz manouche<\/strong> avec des artistes tels que <strong>St\u00e9phane Grappelli<\/strong>.<\/p>\n\n\n<h2 class=\"wp-block-heading\">Litt\u00e9rature<\/h2>\n\n\n<p class=\"wp-block-paragraph\">La <strong>litt\u00e9rature<\/strong> fran\u00e7aise a \u00e9galement \u00e9t\u00e9 marqu\u00e9e par des \u00e9changes interculturels. Les <strong>r\u00e9f\u00e9rences orientales<\/strong> dans les \u0153uvres de <strong>Gustave Flaubert<\/strong> et de <strong>Marcel Proust<\/strong> t\u00e9moignent de l&rsquo;int\u00e9r\u00eat pour les r\u00e9cits issus des <strong>mondes arabes<\/strong> et <strong>asiatiques<\/strong>. Avec le courant surr\u00e9aliste, des \u00e9crivains comme <strong>Andr\u00e9 Breton<\/strong> ont incorpor\u00e9 des \u00e9l\u00e9ments <strong>exotiques<\/strong>, s&rsquo;inspirant des arts primitifs et des traditions orales des <strong>cultures autochtones<\/strong>.<\/p>\n\n\n<p class=\"wp-block-paragraph\">\u00c0 travers la <strong>peinture<\/strong>, la <strong>musique<\/strong> et la <strong>litt\u00e9rature<\/strong>, la culture fran\u00e7aise est une mosa\u00efque vivante d&rsquo;influences artistiques \u00e9trang\u00e8res qui continuent d&rsquo;enrichir son identit\u00e9 culturelle. Chaque \u00e9change t\u00e9moigne de l&rsquo;interaction dynamique entre les peuples, des id\u00e9es et des formes d&rsquo;expression qui transcendent les fronti\u00e8res.<\/p>\n\n\n\n<p class=\"wp-block-paragraph\">La <strong>cuisine fran\u00e7aise<\/strong> est souvent per\u00e7ue comme un symbole de raffinement et d&rsquo;\u00e9l\u00e9gance, mais peu de gens r\u00e9alisent \u00e0 quel point elle a \u00e9t\u00e9 profond\u00e9ment influenc\u00e9e par des <strong>cultures \u00e9trang\u00e8res<\/strong> au fil des si\u00e8cles. L&rsquo;impact de l&rsquo;<strong>immigration<\/strong> et des \u00e9changes culturels a laiss\u00e9 une empreinte ind\u00e9l\u00e9bile sur cet art culinaire, transformant en profondeur les plats, les saveurs et les techniques de cuisson.<\/p>\n\n\n<p class=\"wp-block-paragraph\">Un des exemples les plus embl\u00e9matiques est l&rsquo;utilisation des <strong>\u00e9pices<\/strong>, qui proviennent de diverses r\u00e9gions du monde. Des ingr\u00e9dients tels que le <strong>curry<\/strong>, originaire d&rsquo;Inde, ou le <strong>cumin<\/strong>, utilis\u00e9 dans de nombreux plats du Moyen-Orient, ont enrichi les saveurs des plats fran\u00e7ais tels que les <strong>casseroles<\/strong> et les <strong>soups<\/strong>.<\/p>\n\n\n<p class=\"wp-block-paragraph\">En outre, certains plats embl\u00e9matiques portent leur empreinte ethnique. Le <strong>couscous<\/strong>, bien que d&rsquo;origine maghr\u00e9bine, est aujourd&rsquo;hui couramment d\u00e9gust\u00e9 en France, notamment dans le cadre des repas familiaux. De m\u00eame, la <strong>pizza<\/strong>, originaire d&rsquo;Italie, a trouv\u00e9 sa place dans de nombreuses brasseries fran\u00e7aises, souvent adapt\u00e9e avec des ingr\u00e9dients locaux.<\/p>\n\n\n<p class=\"wp-block-paragraph\">Les <strong>influences asiatiques<\/strong> ne sont pas en reste, avec l&rsquo;arriv\u00e9e de la <strong>sauce soja<\/strong>, du <strong>gingembre<\/strong> ou encore du <strong>sucre de palme<\/strong>, souvent int\u00e9gr\u00e9s dans des recettes modernes. Ces ingr\u00e9dients se retrouvent dans des plats fusion qui allient la finesse fran\u00e7aise \u00e0 l&rsquo;exotisme de l&rsquo;Asie, comme par exemple le <strong>canard laqu\u00e9<\/strong> \u00e0 la fran\u00e7aise. De m\u00eame, les aliments comme le <strong>tofu<\/strong> et le <strong>s\u00e9same<\/strong> sont devenus des incontournables dans certaines adaptations de plats fran\u00e7ais.<\/p>\n\n\n<p class=\"wp-block-paragraph\">Il est \u00e9galement int\u00e9ressant de noter l&rsquo;impact de la <strong>cuisine cr\u00e9ole<\/strong> sur la gastronomie fran\u00e7aise, notamment en ce qui concerne les plats antillais. Le <strong>colombo<\/strong>, une pr\u00e9paration aux saveurs \u00e9pic\u00e9es, ainsi que les <strong>accras<\/strong>, ces petites beignets de morue, ont enrichi la palette de la cuisine fran\u00e7aise. L&rsquo;ajout de fruits exotiques comme la <strong>mangue<\/strong> et la <strong>papaye<\/strong> apporte une touche de fra\u00eecheur et de diversit\u00e9.<\/p>\n\n\n<p class=\"wp-block-paragraph\">Les <strong>influences m\u00e9diterran\u00e9ennes<\/strong> se ressentent \u00e9galement \u00e0 travers l&rsquo;utilisation d&rsquo;ingr\u00e9dients typiques, tels que l&rsquo;<strong>huile d&rsquo;olive<\/strong>, les <strong>herbes proven\u00e7ales<\/strong>, et les <strong>tomates<\/strong>. Ces \u00e9l\u00e9ments sont fondamentaux dans des plats populaires comme la <strong>ratatouille<\/strong>, qui c\u00e9l\u00e8bre la richesse des produits du sud de la France tout en int\u00e9grant les principes de la cuisine italienne.<\/p>\n\n\n<p class=\"wp-block-paragraph\">Enfin, le <strong>pain<\/strong> et la <strong>viennoiserie<\/strong> fran\u00e7aises ont aussi \u00e9t\u00e9 influenc\u00e9s par les \u00e9changes commerciaux \u00e0 travers les si\u00e8cles. L&rsquo;<strong>introduction de la p\u00e2te feuillet\u00e9e<\/strong> et du <strong>croissant<\/strong> a \u00e9t\u00e9 inspir\u00e9e par les techniques culinaires apport\u00e9es par les Austro-Hongrois, aboutissant \u00e0 des cr\u00e9ations iconiques telles que les <strong>pains au chocolat<\/strong> et les <strong>choux \u00e0 la cr\u00e8me<\/strong>.<\/p>\n\n\n<figure class='wp-block-image size-full'>\n<img width=\"1344\" height=\"768\" src=\"https:\/\/greenwichmeridien.fr\/blog\/wp-content\/uploads\/2025\/01\/Les-influences-etrangeres-dans-la-culture-francaise.png\" class=\"attachment-full size-full\" alt=\"d\u00e9couvrez comment les influences \u00e9trang\u00e8res ont fa\u00e7onn\u00e9 la culture fran\u00e7aise \u00e0 travers l&#039;histoire. de la gastronomie \u00e0 la litt\u00e9rature, explorez les interactions riches et vari\u00e9es qui ont enrichi l&#039;identit\u00e9 culturelle de la france.\" decoding=\"async\" loading=\"lazy\" \/>\n<\/figure>\n\n\n\n<p class=\"wp-block-paragraph\">La <strong>mode fran\u00e7aise<\/strong> est souvent per\u00e7ue comme un symbole d&rsquo;\u00e9l\u00e9gance et de sophistication. Cependant, cette renomm\u00e9e est profond\u00e9ment ancr\u00e9e dans une histoire d&rsquo;<strong>\u00e9changes culturels<\/strong> et d&rsquo;<strong>influences \u00e9trang\u00e8res<\/strong> qui ont enrichi son d\u00e9veloppement au fil du temps. De nombreux <strong>designers<\/strong> d&rsquo;origine \u00e9trang\u00e8re ont laiss\u00e9 leur empreinte ind\u00e9l\u00e9bile dans la <strong>sc\u00e8ne mode<\/strong> fran\u00e7aise.<\/p>\n\n\n<p class=\"wp-block-paragraph\">Un des exemples les plus remarquables est <strong>Yves Saint Laurent<\/strong>. Bien qu&rsquo;il soit fran\u00e7ais, sa carri\u00e8re a \u00e9t\u00e9 influenc\u00e9e par des cultures vari\u00e9es. Sa c\u00e9l\u00e8bre collection \u00ab\u00a0Maroc\u00a0\u00bb a \u00e9t\u00e9 inspir\u00e9e par ses voyages au Maroc, introduisant des couleurs vibrantes et des motifs d\u2019union entre l\u2019Orient et l\u2019Occident, bouleversant ainsi les normes de la <strong>mode parisienne<\/strong>.<\/p>\n\n\n<p class=\"wp-block-paragraph\">Un autre designer, <strong>Isabel Marant<\/strong>, incarne cette fusion des influences. Avec ses origines fran\u00e7aises, son style d\u00e9contract\u00e9 refl\u00e8te des \u00e9l\u00e9ments du <strong>streetwear am\u00e9ricain<\/strong>, tout en y int\u00e9grant un flair typiquement <strong>parisien<\/strong>, rendant la mode accessible et d\u00e9sirable pour un large public.<\/p>\n\n\n<p class=\"wp-block-paragraph\">Les tendances venant d&rsquo;Asie, notamment du <strong>Japon<\/strong>, ont \u00e9galement marqu\u00e9 la mode fran\u00e7aise. Des cr\u00e9ateurs comme <strong>Yohji Yamamoto<\/strong> et <strong>Issey Miyake<\/strong> ont introduit des concepts de d\u00e9construction et des silhouettes avant-gardistes qui ont d\u00e9fi\u00e9 les traditions \u00e9tablies de la haute couture fran\u00e7aise. Ces influences ont permis l&rsquo;\u00e9mergence d&rsquo;un style plus libre et exp\u00e9rimental en France.<\/p>\n\n\n<p class=\"wp-block-paragraph\">En outre, l&rsquo;<strong>influence italienne<\/strong> se fait ressentir, avec des marques embl\u00e9matiques comme <strong>Gucci<\/strong> et <strong>Prada<\/strong> qui apportent un savoir-faire unique et un sens du luxe particulier. Les artisans italiens ont contribu\u00e9 \u00e0 rehausser le prestige de la <strong>mode fran\u00e7aise<\/strong> tout en y insufflant leur esth\u00e9tique opulente.<\/p>\n\n\n<p class=\"wp-block-paragraph\">Le domaine du <strong>pop art<\/strong> a \u00e9galement jou\u00e9 un r\u00f4le dans la red\u00e9finition de la mode. Des artistes comme <strong>Andy Warhol<\/strong> ont inspir\u00e9 des cr\u00e9ateurs fran\u00e7ais, d\u00e9veloppant des collections qui m\u00ealent art et mode, et refl\u00e9tant une <strong>modernit\u00e9<\/strong> audacieuse et color\u00e9e.<\/p>\n\n\n<p class=\"wp-block-paragraph\">Enfin, avec l&rsquo;essor de la <strong>mode \u00e9thique<\/strong>, des influences africaines commencent \u00e0 \u00e9merger dans le paysage fran\u00e7ais. Des designers comme <strong>Imane Ayissi<\/strong> apportent des tissus et des motifs traditionnels africains, c\u00e9l\u00e9brant la diversit\u00e9 et l&rsquo;h\u00e9ritage culturel dans un cadre contemporains.<\/p>\n\n\n<p class=\"wp-block-paragraph\">Ces \u00e9changes culturels et ces influences \u00e9trang\u00e8res t\u00e9moignent de la vitalit\u00e9 de la <strong>mode fran\u00e7aise<\/strong>, constamment en mouvement et en \u00e9volution. De ces <strong>interactions<\/strong> naissent de nouvelles tendances qui enrichissent l&rsquo;identit\u00e9 m\u00eame de la mode en France.<\/p>\n\n\n\n<p class=\"wp-block-paragraph\">La culture fran\u00e7aise, riche et vari\u00e9e, a \u00e9t\u00e9 profond\u00e9ment sculpt\u00e9e par des <strong>influences \u00e9trang\u00e8res<\/strong> au fil des si\u00e8cles. Ces \u00e9changes culturels ont non seulement fa\u00e7onn\u00e9 notre h\u00e9ritage, mais continuent \u00e9galement de jouer un r\u00f4le crucial dans notre <strong>identit\u00e9 contemporaine<\/strong>. De la cuisine aux arts, chaque \u00e9l\u00e9ment est le fruit d&rsquo;une <strong>interaction<\/strong> entre les peuples et les traditions. En explorant ces <strong>richesses culturelles<\/strong>, nous d\u00e9couvrons des histoires passionnantes et des savoir-faire uniques qui t\u00e9moignent de notre <strong>diversit\u00e9<\/strong> et de notre <strong>ouverture d&rsquo;esprit<\/strong>. Il est essentiel de reconna\u00eetre et de c\u00e9l\u00e9brer ces influences, car elles nous enrichissent et nous rapprochent des autres cultures.<\/p>\n\n\n<figure class=\"wp-block-embed is-type-video is-provider-youtube wp-block-embed-youtube wp-embed-aspect-16-9 wp-has-aspect-ratio\">\n<div class=\"wp-block-embed__wrapper\">\n<iframe loading=\"lazy\" title=\"Emmanuel Macron assume : &quot;Il n&#039;y a pas UNE culture fran\u00e7aise !&quot;\" width=\"1200\" height=\"675\" src=\"https:\/\/www.youtube.com\/embed\/xncCLi6EabU?feature=oembed\" frameborder=\"0\" allow=\"accelerometer; autoplay; clipboard-write; encrypted-media; gyroscope; picture-in-picture; web-share\" referrerpolicy=\"strict-origin-when-cross-origin\" allowfullscreen><\/iframe>\n<\/div>\n<\/figure>\n","protected":false},"excerpt":{"rendered":"","protected":false},"author":34,"featured_media":7365,"comment_status":"open","ping_status":"open","sticky":false,"template":"","format":"standard","meta":{"_acf_changed":false,"manual_indexmenow":false,"indexmenow_id_project":0,"footnotes":""},"categories":[1],"tags":[],"class_list":["post-7364","post","type-post","status-publish","format-standard","has-post-thumbnail","hentry","category-a-la-une","generate-columns","tablet-grid-50","mobile-grid-100","grid-parent","grid-25"],"acf":[],"yoast_head":"<!-- This site is optimized with the Yoast SEO Premium plugin v21.3 (Yoast SEO v25.6) - https:\/\/yoast.com\/wordpress\/plugins\/seo\/ -->\n<title>Les influences \u00e9trang\u00e8res dans la culture fran\u00e7aise<\/title>\n<meta name=\"description\" content=\"Au fil des si\u00e8cles, la culture fran\u00e7aise s&#039;est enrichie de nombreuses influences venues des quatre coins du monde. De la gastronomie aux arts, en passant\" \/>\n<meta name=\"robots\" content=\"index, follow, max-snippet:-1, max-image-preview:large, max-video-preview:-1\" \/>\n<link rel=\"canonical\" href=\"https:\/\/greenwichmeridien.fr\/blog\/a-la-une\/les-influences-etrangeres-dans-la-culture-francaise\/\" \/>\n<meta property=\"og:locale\" content=\"fr_FR\" \/>\n<meta property=\"og:type\" content=\"article\" \/>\n<meta property=\"og:title\" content=\"Les influences \u00e9trang\u00e8res dans la culture fran\u00e7aise\" \/>\n<meta property=\"og:description\" content=\"Au fil des si\u00e8cles, la culture fran\u00e7aise s&#039;est enrichie de nombreuses influences venues des quatre coins du monde. De la gastronomie aux arts, en passant\" \/>\n<meta property=\"og:url\" content=\"https:\/\/greenwichmeridien.fr\/blog\/a-la-une\/les-influences-etrangeres-dans-la-culture-francaise\/\" \/>\n<meta property=\"og:site_name\" content=\"greenwichmeridien\" \/>\n<meta property=\"og:image\" content=\"https:\/\/greenwichmeridien.fr\/blog\/wp-content\/uploads\/2025\/01\/Les-influences-etrangeres-dans-la-culture-francaise-1.png\" \/>\n\t<meta property=\"og:image:width\" content=\"1200\" \/>\n\t<meta property=\"og:image:height\" content=\"686\" \/>\n\t<meta property=\"og:image:type\" content=\"image\/png\" \/>\n<meta name=\"author\" content=\"Samuel Chalmin\" \/>\n<meta name=\"twitter:card\" content=\"summary_large_image\" \/>\n<script type=\"application\/ld+json\" class=\"yoast-schema-graph\">{\"@context\":\"https:\/\/schema.org\",\"@graph\":[{\"@type\":\"NewsArticle\",\"@id\":\"https:\/\/greenwichmeridien.fr\/blog\/a-la-une\/les-influences-etrangeres-dans-la-culture-francaise\/#article\",\"isPartOf\":{\"@id\":\"https:\/\/greenwichmeridien.fr\/blog\/a-la-une\/les-influences-etrangeres-dans-la-culture-francaise\/\"},\"author\":{\"name\":\"Samuel Chalmin\",\"@id\":\"https:\/\/greenwichmeridien.fr\/blog\/#\/schema\/person\/3c864cdc320801e3db34b663e7e3f816\"},\"headline\":\"Les influences \u00e9trang\u00e8res dans la culture fran\u00e7aise\",\"datePublished\":\"2025-01-04T06:52:00+00:00\",\"mainEntityOfPage\":{\"@id\":\"https:\/\/greenwichmeridien.fr\/blog\/a-la-une\/les-influences-etrangeres-dans-la-culture-francaise\/\"},\"wordCount\":1926,\"commentCount\":0,\"publisher\":{\"@id\":\"https:\/\/greenwichmeridien.fr\/blog\/#organization\"},\"image\":{\"@id\":\"https:\/\/greenwichmeridien.fr\/blog\/a-la-une\/les-influences-etrangeres-dans-la-culture-francaise\/#primaryimage\"},\"thumbnailUrl\":\"https:\/\/greenwichmeridien.fr\/blog\/wp-content\/uploads\/2025\/01\/Les-influences-etrangeres-dans-la-culture-francaise-1.png\",\"articleSection\":[\"\u00c0 la une\"],\"inLanguage\":\"fr-FR\",\"potentialAction\":[{\"@type\":\"CommentAction\",\"name\":\"Comment\",\"target\":[\"https:\/\/greenwichmeridien.fr\/blog\/a-la-une\/les-influences-etrangeres-dans-la-culture-francaise\/#respond\"]}]},{\"@type\":\"WebPage\",\"@id\":\"https:\/\/greenwichmeridien.fr\/blog\/a-la-une\/les-influences-etrangeres-dans-la-culture-francaise\/\",\"url\":\"https:\/\/greenwichmeridien.fr\/blog\/a-la-une\/les-influences-etrangeres-dans-la-culture-francaise\/\",\"name\":\"Les influences \u00e9trang\u00e8res dans la culture fran\u00e7aise\",\"isPartOf\":{\"@id\":\"https:\/\/greenwichmeridien.fr\/blog\/#website\"},\"primaryImageOfPage\":{\"@id\":\"https:\/\/greenwichmeridien.fr\/blog\/a-la-une\/les-influences-etrangeres-dans-la-culture-francaise\/#primaryimage\"},\"image\":{\"@id\":\"https:\/\/greenwichmeridien.fr\/blog\/a-la-une\/les-influences-etrangeres-dans-la-culture-francaise\/#primaryimage\"},\"thumbnailUrl\":\"https:\/\/greenwichmeridien.fr\/blog\/wp-content\/uploads\/2025\/01\/Les-influences-etrangeres-dans-la-culture-francaise-1.png\",\"datePublished\":\"2025-01-04T06:52:00+00:00\",\"description\":\"Au fil des si\u00e8cles, la culture fran\u00e7aise s'est enrichie de nombreuses influences venues des quatre coins du monde. De la gastronomie aux arts, en passant\",\"inLanguage\":\"fr-FR\",\"potentialAction\":[{\"@type\":\"ReadAction\",\"target\":[\"https:\/\/greenwichmeridien.fr\/blog\/a-la-une\/les-influences-etrangeres-dans-la-culture-francaise\/\"]}]},{\"@type\":\"ImageObject\",\"inLanguage\":\"fr-FR\",\"@id\":\"https:\/\/greenwichmeridien.fr\/blog\/a-la-une\/les-influences-etrangeres-dans-la-culture-francaise\/#primaryimage\",\"url\":\"https:\/\/greenwichmeridien.fr\/blog\/wp-content\/uploads\/2025\/01\/Les-influences-etrangeres-dans-la-culture-francaise-1.png\",\"contentUrl\":\"https:\/\/greenwichmeridien.fr\/blog\/wp-content\/uploads\/2025\/01\/Les-influences-etrangeres-dans-la-culture-francaise-1.png\",\"width\":1344,\"height\":768,\"caption\":\"d\u00e9couvrez comment les influences \u00e9trang\u00e8res ont fa\u00e7onn\u00e9 la culture fran\u00e7aise au fil des si\u00e8cles, enrichissant la gastronomie, la mode, l'art et bien plus encore. plongez dans l'histoire fascinante de ces \u00e9changes culturels qui ont contribu\u00e9 \u00e0 l'identit\u00e9 unique de la france.\"},{\"@type\":\"WebSite\",\"@id\":\"https:\/\/greenwichmeridien.fr\/blog\/#website\",\"url\":\"https:\/\/greenwichmeridien.fr\/blog\/\",\"name\":\"Greenwich M\u00e9ridien\",\"description\":\"Greenwich M\u00e9ridien, le rep\u00e8re du temps et du voyage\",\"publisher\":{\"@id\":\"https:\/\/greenwichmeridien.fr\/blog\/#organization\"},\"alternateName\":\"Greenwich M\u00e9ridien, le rep\u00e8re du temps et du voyage\",\"potentialAction\":[{\"@type\":\"SearchAction\",\"target\":{\"@type\":\"EntryPoint\",\"urlTemplate\":\"https:\/\/greenwichmeridien.fr\/blog\/?s={search_term_string}\"},\"query-input\":{\"@type\":\"PropertyValueSpecification\",\"valueRequired\":true,\"valueName\":\"search_term_string\"}}],\"inLanguage\":\"fr-FR\"},{\"@type\":\"Organization\",\"@id\":\"https:\/\/greenwichmeridien.fr\/blog\/#organization\",\"name\":\"Greenwich M\u00e9ridien\",\"alternateName\":\"Greenwich M\u00e9ridien\",\"url\":\"https:\/\/greenwichmeridien.fr\/blog\/\",\"logo\":{\"@type\":\"ImageObject\",\"inLanguage\":\"fr-FR\",\"@id\":\"https:\/\/greenwichmeridien.fr\/blog\/#\/schema\/logo\/image\/\",\"url\":\"https:\/\/greenwichmeridien.fr\/blog\/wp-content\/uploads\/2024\/12\/greenwichmeridien.png\",\"contentUrl\":\"https:\/\/greenwichmeridien.fr\/blog\/wp-content\/uploads\/2024\/12\/greenwichmeridien.png\",\"width\":500,\"height\":500,\"caption\":\"Greenwich M\u00e9ridien\"},\"image\":{\"@id\":\"https:\/\/greenwichmeridien.fr\/blog\/#\/schema\/logo\/image\/\"}},{\"@type\":\"Person\",\"@id\":\"https:\/\/greenwichmeridien.fr\/blog\/#\/schema\/person\/3c864cdc320801e3db34b663e7e3f816\",\"name\":\"Samuel Chalmin\",\"image\":{\"@type\":\"ImageObject\",\"inLanguage\":\"fr-FR\",\"@id\":\"https:\/\/greenwichmeridien.fr\/blog\/#\/schema\/person\/image\/\",\"url\":\"https:\/\/secure.gravatar.com\/avatar\/cef3677de7d237273d13053728f9470818581a8a27d9bf6f5039fd18508a905f?s=96&d=mm&r=g\",\"contentUrl\":\"https:\/\/secure.gravatar.com\/avatar\/cef3677de7d237273d13053728f9470818581a8a27d9bf6f5039fd18508a905f?s=96&d=mm&r=g\",\"caption\":\"Samuel Chalmin\"},\"description\":\"R\u00e9dacteur du site, il suit les questions de temps et de calendrier : m\u00e9ridien de Greenwich, heure GMT et UTC, fuseaux horaires, changement d'heure, ann\u00e9es bissextiles et jours f\u00e9ri\u00e9s.\",\"sameAs\":[\"https:\/\/samuelchalmin.fr\/\"],\"url\":\"https:\/\/greenwichmeridien.fr\/blog\/auteur\/noname\/\"}]}<\/script>\n<!-- \/ Yoast SEO Premium plugin. -->","yoast_head_json":{"title":"Les influences \u00e9trang\u00e8res dans la culture fran\u00e7aise","description":"Au fil des si\u00e8cles, la culture fran\u00e7aise s'est enrichie de nombreuses influences venues des quatre coins du monde. De la gastronomie aux arts, en passant","robots":{"index":"index","follow":"follow","max-snippet":"max-snippet:-1","max-image-preview":"max-image-preview:large","max-video-preview":"max-video-preview:-1"},"canonical":"https:\/\/greenwichmeridien.fr\/blog\/a-la-une\/les-influences-etrangeres-dans-la-culture-francaise\/","og_locale":"fr_FR","og_type":"article","og_title":"Les influences \u00e9trang\u00e8res dans la culture fran\u00e7aise","og_description":"Au fil des si\u00e8cles, la culture fran\u00e7aise s'est enrichie de nombreuses influences venues des quatre coins du monde. De la gastronomie aux arts, en passant","og_url":"https:\/\/greenwichmeridien.fr\/blog\/a-la-une\/les-influences-etrangeres-dans-la-culture-francaise\/","og_site_name":"greenwichmeridien","og_image":[{"url":"https:\/\/greenwichmeridien.fr\/blog\/wp-content\/uploads\/2025\/01\/Les-influences-etrangeres-dans-la-culture-francaise-1.png","width":1200,"height":686,"type":"image\/png"}],"author":"Samuel Chalmin","twitter_card":"summary_large_image","schema":{"@context":"https:\/\/schema.org","@graph":[{"@type":"NewsArticle","@id":"https:\/\/greenwichmeridien.fr\/blog\/a-la-une\/les-influences-etrangeres-dans-la-culture-francaise\/#article","isPartOf":{"@id":"https:\/\/greenwichmeridien.fr\/blog\/a-la-une\/les-influences-etrangeres-dans-la-culture-francaise\/"},"author":{"name":"Samuel Chalmin","@id":"https:\/\/greenwichmeridien.fr\/blog\/#\/schema\/person\/3c864cdc320801e3db34b663e7e3f816"},"headline":"Les influences \u00e9trang\u00e8res dans la culture fran\u00e7aise","datePublished":"2025-01-04T06:52:00+00:00","mainEntityOfPage":{"@id":"https:\/\/greenwichmeridien.fr\/blog\/a-la-une\/les-influences-etrangeres-dans-la-culture-francaise\/"},"wordCount":1926,"commentCount":0,"publisher":{"@id":"https:\/\/greenwichmeridien.fr\/blog\/#organization"},"image":{"@id":"https:\/\/greenwichmeridien.fr\/blog\/a-la-une\/les-influences-etrangeres-dans-la-culture-francaise\/#primaryimage"},"thumbnailUrl":"https:\/\/greenwichmeridien.fr\/blog\/wp-content\/uploads\/2025\/01\/Les-influences-etrangeres-dans-la-culture-francaise-1.png","articleSection":["\u00c0 la une"],"inLanguage":"fr-FR","potentialAction":[{"@type":"CommentAction","name":"Comment","target":["https:\/\/greenwichmeridien.fr\/blog\/a-la-une\/les-influences-etrangeres-dans-la-culture-francaise\/#respond"]}]},{"@type":"WebPage","@id":"https:\/\/greenwichmeridien.fr\/blog\/a-la-une\/les-influences-etrangeres-dans-la-culture-francaise\/","url":"https:\/\/greenwichmeridien.fr\/blog\/a-la-une\/les-influences-etrangeres-dans-la-culture-francaise\/","name":"Les influences \u00e9trang\u00e8res dans la culture fran\u00e7aise","isPartOf":{"@id":"https:\/\/greenwichmeridien.fr\/blog\/#website"},"primaryImageOfPage":{"@id":"https:\/\/greenwichmeridien.fr\/blog\/a-la-une\/les-influences-etrangeres-dans-la-culture-francaise\/#primaryimage"},"image":{"@id":"https:\/\/greenwichmeridien.fr\/blog\/a-la-une\/les-influences-etrangeres-dans-la-culture-francaise\/#primaryimage"},"thumbnailUrl":"https:\/\/greenwichmeridien.fr\/blog\/wp-content\/uploads\/2025\/01\/Les-influences-etrangeres-dans-la-culture-francaise-1.png","datePublished":"2025-01-04T06:52:00+00:00","description":"Au fil des si\u00e8cles, la culture fran\u00e7aise s'est enrichie de nombreuses influences venues des quatre coins du monde. De la gastronomie aux arts, en passant","inLanguage":"fr-FR","potentialAction":[{"@type":"ReadAction","target":["https:\/\/greenwichmeridien.fr\/blog\/a-la-une\/les-influences-etrangeres-dans-la-culture-francaise\/"]}]},{"@type":"ImageObject","inLanguage":"fr-FR","@id":"https:\/\/greenwichmeridien.fr\/blog\/a-la-une\/les-influences-etrangeres-dans-la-culture-francaise\/#primaryimage","url":"https:\/\/greenwichmeridien.fr\/blog\/wp-content\/uploads\/2025\/01\/Les-influences-etrangeres-dans-la-culture-francaise-1.png","contentUrl":"https:\/\/greenwichmeridien.fr\/blog\/wp-content\/uploads\/2025\/01\/Les-influences-etrangeres-dans-la-culture-francaise-1.png","width":1344,"height":768,"caption":"d\u00e9couvrez comment les influences \u00e9trang\u00e8res ont fa\u00e7onn\u00e9 la culture fran\u00e7aise au fil des si\u00e8cles, enrichissant la gastronomie, la mode, l'art et bien plus encore. plongez dans l'histoire fascinante de ces \u00e9changes culturels qui ont contribu\u00e9 \u00e0 l'identit\u00e9 unique de la france."},{"@type":"WebSite","@id":"https:\/\/greenwichmeridien.fr\/blog\/#website","url":"https:\/\/greenwichmeridien.fr\/blog\/","name":"Greenwich M\u00e9ridien","description":"Greenwich M\u00e9ridien, le rep\u00e8re du temps et du voyage","publisher":{"@id":"https:\/\/greenwichmeridien.fr\/blog\/#organization"},"alternateName":"Greenwich M\u00e9ridien, le rep\u00e8re du temps et du voyage","potentialAction":[{"@type":"SearchAction","target":{"@type":"EntryPoint","urlTemplate":"https:\/\/greenwichmeridien.fr\/blog\/?s={search_term_string}"},"query-input":{"@type":"PropertyValueSpecification","valueRequired":true,"valueName":"search_term_string"}}],"inLanguage":"fr-FR"},{"@type":"Organization","@id":"https:\/\/greenwichmeridien.fr\/blog\/#organization","name":"Greenwich M\u00e9ridien","alternateName":"Greenwich M\u00e9ridien","url":"https:\/\/greenwichmeridien.fr\/blog\/","logo":{"@type":"ImageObject","inLanguage":"fr-FR","@id":"https:\/\/greenwichmeridien.fr\/blog\/#\/schema\/logo\/image\/","url":"https:\/\/greenwichmeridien.fr\/blog\/wp-content\/uploads\/2024\/12\/greenwichmeridien.png","contentUrl":"https:\/\/greenwichmeridien.fr\/blog\/wp-content\/uploads\/2024\/12\/greenwichmeridien.png","width":500,"height":500,"caption":"Greenwich M\u00e9ridien"},"image":{"@id":"https:\/\/greenwichmeridien.fr\/blog\/#\/schema\/logo\/image\/"}},{"@type":"Person","@id":"https:\/\/greenwichmeridien.fr\/blog\/#\/schema\/person\/3c864cdc320801e3db34b663e7e3f816","name":"Samuel Chalmin","image":{"@type":"ImageObject","inLanguage":"fr-FR","@id":"https:\/\/greenwichmeridien.fr\/blog\/#\/schema\/person\/image\/","url":"https:\/\/secure.gravatar.com\/avatar\/cef3677de7d237273d13053728f9470818581a8a27d9bf6f5039fd18508a905f?s=96&d=mm&r=g","contentUrl":"https:\/\/secure.gravatar.com\/avatar\/cef3677de7d237273d13053728f9470818581a8a27d9bf6f5039fd18508a905f?s=96&d=mm&r=g","caption":"Samuel Chalmin"},"description":"R\u00e9dacteur du site, il suit les questions de temps et de calendrier : m\u00e9ridien de Greenwich, heure GMT et UTC, fuseaux horaires, changement d'heure, ann\u00e9es bissextiles et jours f\u00e9ri\u00e9s.","sameAs":["https:\/\/samuelchalmin.fr\/"],"url":"https:\/\/greenwichmeridien.fr\/blog\/auteur\/noname\/"}]}},"_links":{"self":[{"href":"https:\/\/greenwichmeridien.fr\/blog\/wp-json\/wp\/v2\/posts\/7364","targetHints":{"allow":["GET"]}}],"collection":[{"href":"https:\/\/greenwichmeridien.fr\/blog\/wp-json\/wp\/v2\/posts"}],"about":[{"href":"https:\/\/greenwichmeridien.fr\/blog\/wp-json\/wp\/v2\/types\/post"}],"author":[{"embeddable":true,"href":"https:\/\/greenwichmeridien.fr\/blog\/wp-json\/wp\/v2\/users\/34"}],"replies":[{"embeddable":true,"href":"https:\/\/greenwichmeridien.fr\/blog\/wp-json\/wp\/v2\/comments?post=7364"}],"version-history":[{"count":0,"href":"https:\/\/greenwichmeridien.fr\/blog\/wp-json\/wp\/v2\/posts\/7364\/revisions"}],"wp:featuredmedia":[{"embeddable":true,"href":"https:\/\/greenwichmeridien.fr\/blog\/wp-json\/wp\/v2\/media\/7365"}],"wp:attachment":[{"href":"https:\/\/greenwichmeridien.fr\/blog\/wp-json\/wp\/v2\/media?parent=7364"}],"wp:term":[{"taxonomy":"category","embeddable":true,"href":"https:\/\/greenwichmeridien.fr\/blog\/wp-json\/wp\/v2\/categories?post=7364"},{"taxonomy":"post_tag","embeddable":true,"href":"https:\/\/greenwichmeridien.fr\/blog\/wp-json\/wp\/v2\/tags?post=7364"}],"curies":[{"name":"wp","href":"https:\/\/api.w.org\/{rel}","templated":true}]}}