{"id":7367,"date":"2025-01-06T08:54:11","date_gmt":"2025-01-06T07:54:11","guid":{"rendered":"https:\/\/greenwichmeridien.fr\/blog\/a-la-une\/lhistoire-des-grands-chateaux-de-france\/"},"modified":"2025-01-06T08:54:11","modified_gmt":"2025-01-06T07:54:11","slug":"lhistoire-des-grands-chateaux-de-france","status":"publish","type":"post","link":"https:\/\/greenwichmeridien.fr\/blog\/a-la-une\/lhistoire-des-grands-chateaux-de-france\/","title":{"rendered":"L&rsquo;histoire des grands ch\u00e2teaux de France"},"content":{"rendered":"\n\n<p class=\"wp-block-paragraph\">Les <strong>grands ch\u00e2teaux de France<\/strong>, v\u00e9ritables t\u00e9moins d&rsquo;une \u00e9poque r\u00e9volue, s&rsquo;\u00e9l\u00e8vent majestueusement \u00e0 travers le pays, racontant des histoires de pouvoir, d&rsquo;art et de culture. Ces \u00e9difices, des <strong>forteresses m\u00e9di\u00e9vales<\/strong> aux <strong>r\u00e9sidences de la Renaissance<\/strong>, incarnent non seulement l&rsquo;<strong>h\u00e9ritage architectural<\/strong> fran\u00e7ais, mais ils refl\u00e8tent \u00e9galement le reflet des soci\u00e9t\u00e9s qui les ont vus na\u00eetre. Conna\u00eetre leur histoire, c&rsquo;est plonger dans un pass\u00e9 fascinant o\u00f9 les batailles et les intrigues politiques se m\u00ealent aux passions artistiques et aux innovations de l&rsquo;\u00e9poque. En explorant ces monuments, nous d\u00e9couvrons les racines de notre <strong>identit\u00e9 culturelle<\/strong> et les le\u00e7ons que l&rsquo;histoire nous enseigne sur la condition humaine. Ainsi, rendre hommage \u00e0 ces <strong>ch\u00e2teaux embl\u00e9matiques<\/strong> n&rsquo;est pas qu&rsquo;une question de pr\u00e9servation du patrimoine, mais un v\u00e9ritable voyage au c\u0153ur de notre patrimoine national.<\/p>\n\n\n\n<p class=\"wp-block-paragraph\">Les <strong>ch\u00e2teaux de France<\/strong> repr\u00e9sentent des t\u00e9moins majestueux de l&rsquo;\u00e9volution architecturale et sociale \u00e0 travers les si\u00e8cles. Leur histoire est intrins\u00e8quement li\u00e9e \u00e0 celle des <strong>royaumes<\/strong> et des conflits qui ont marqu\u00e9 le territoire fran\u00e7ais.<\/p>\n\n\n<h2 class=\"wp-block-heading\">Le Moyen \u00c2ge : Forteresses et D\u00e9fense<\/h2>\n\n\n<p class=\"wp-block-paragraph\">Au cours du <strong>Moyen \u00c2ge<\/strong>, la construction des ch\u00e2teaux a \u00e9t\u00e9 principalement motiv\u00e9e par la n\u00e9cessit\u00e9 de d\u00e9fense. Ces <strong>forteresses<\/strong> servaient \u00e0 prot\u00e9ger la noblesse et \u00e0 affirmer leur pouvoir sur des territoires instables. Avec des murs \u00e9pais, des douves profondes et des tours de guet, des ch\u00e2teaux comme <strong>Ch\u00e2teau de Carcassonne<\/strong> illustraient la strat\u00e9gie militaire de l&rsquo;\u00e9poque.<\/p>\n\n\n<p class=\"wp-block-paragraph\">Une anecdote int\u00e9ressante concerne le <strong>Ch\u00e2teau de Loches<\/strong>, qui a vu le jour au d\u00e9but du XIe si\u00e8cle. Selon la l\u00e9gende, cette forteresse \u00e9tait si bien con\u00e7ue qu&rsquo;elle aurait r\u00e9sist\u00e9 \u00e0 plusieurs si\u00e8ges, dont celui men\u00e9 par le roi Philippe Auguste lors de ses guerres contre les Plantagen\u00eats. Cette r\u00e9sistance a renforc\u00e9 son r\u00f4le en tant que symbole de r\u00e9sistance et de pouvoir.<\/p>\n\n\n<h2 class=\"wp-block-heading\">La Renaissance : \u00c9l\u00e9vation et Confort<\/h2>\n\n\n<p class=\"wp-block-paragraph\">\u00c0 partir du XVe si\u00e8cle, le vent du <strong>changement<\/strong> souffle sur la France, et avec lui, l&rsquo;\u00e9mergence de la Renaissance transforme les ch\u00e2teaux. Au lieu de simples forteresses, ces b\u00e2timents prennent une allure plus raffin\u00e9e, int\u00e9grant des <strong>\u00e9l\u00e9ments artistiques<\/strong>, des jardins \u00e0 la fran\u00e7aise et des d\u00e9corations int\u00e9rieures somptueuses. Le <strong>Ch\u00e2teau de Chambord<\/strong>, avec ses nombreuses tours et son escalier \u00e0 double h\u00e9lice, incarne cette nouvelle tendance.<\/p>\n\n\n<p class=\"wp-block-paragraph\">Une anecdote fascinante \u00e0 propos du <strong>Ch\u00e2teau de Chenonceau<\/strong> raconte comment Catherine de M\u00e9dicis a fait construire un jardin flamboyant dans le domaine, rappelant les plus grands jardins italiens. Ce ch\u00e2teau, qui a souvent \u00e9t\u00e9 surnomm\u00e9 le \u00ab Ch\u00e2teau des Dames \u00bb, illustre le r\u00f4le des femmes dans l&rsquo;histoire de l&rsquo;architecture fran\u00e7aise, avec des personnalit\u00e9s telles que Diane de Poitiers et Catherine elle-m\u00eame, qui ont laiss\u00e9 leur empreinte sur ces magnifiques r\u00e9sidences.<\/p>\n\n\n<h2 class=\"wp-block-heading\">Le D\u00e9clin et la M\u00e9moire<\/h2>\n\n\n<p class=\"wp-block-paragraph\">Avec le temps, le r\u00f4le des ch\u00e2teaux \u00e9volue encore. \u00c0 partir du XVIIe si\u00e8cle, beaucoup d&rsquo;entre eux perdent leur fonction militaire pour devenir des <strong>r\u00e9sidences<\/strong> royales ou seigneuriales. Des lieux tels que le <strong>Ch\u00e2teau de Versailles<\/strong> deviennent des symboles du pouvoir royal, rempla\u00e7ant les forteresses par des palais magnifiques d\u00e9di\u00e9s \u00e0 la cour et \u00e0 la culture.<\/p>\n\n\n<p class=\"wp-block-paragraph\">Leur <strong>d\u00e9cadence<\/strong> durant la R\u00e9volution fran\u00e7aise t\u00e9moigne cependant de la fragilit\u00e9 du pouvoir. Beaucoup de ces ch\u00e2teaux sont laiss\u00e9s \u00e0 l&rsquo;abandon ou d\u00e9truits dans le tumulte des changements sociopolitiques. Pourtant, d&rsquo;autres, comme le <strong>Ch\u00e2teau de Fontainebleau<\/strong>, parviennent \u00e0 se r\u00e9inventer au gr\u00e9 des r\u00e9gimes et des saisons.<\/p>\n\n\n<p class=\"wp-block-paragraph\">En somme, l&rsquo;histoire des grands ch\u00e2teaux de France est un <strong>r\u00e9cit dynamique<\/strong>, o\u00f9 chaque pierre raconte des \u00e9poques vari\u00e9es, des destin\u00e9es diff\u00e9rentes, tout en continuant \u00e0 fasciner les visiteurs du monde entier par leur majest\u00e9 et leur <strong>richesse historique<\/strong>.<\/p>\n\n\n<figure class='wp-block-image size-full'>\n<img width=\"1344\" height=\"768\" src=\"https:\/\/greenwichmeridien.fr\/blog\/wp-content\/uploads\/2025\/01\/Lhistoire-des-grands-chateaux-de-France.png\" class=\"attachment-full size-full\" alt=\"d\u00e9couvrez l&#039;histoire fascinante des grands ch\u00e2teaux de france, embl\u00e8mes du patrimoine culturel et architectural. plongez dans les r\u00e9cits captivants qui ont marqu\u00e9 ces monuments majestueux, des contes de rois et reines aux batailles \u00e9piques, et explorez leur r\u00f4le dans l&#039;\u00e9volution de la france \u00e0 travers les si\u00e8cles.\" decoding=\"async\" loading=\"lazy\" \/>\n<\/figure>\n\n\n\n<h2 class=\"wp-block-heading\">Ch\u00e2teau de Versailles<\/h2>\n\n\n<p class=\"wp-block-paragraph\">Le <strong>ch\u00e2teau de Versailles<\/strong>, construit sous le r\u00e8gne de Louis XIV, repr\u00e9sente l&rsquo;apog\u00e9e du style baroque fran\u00e7ais. Con\u00e7u pour illustrer la puissance et la d\u00e9mesure du <strong>Roi Soleil<\/strong>, ce monument est c\u00e9l\u00e8bre pour ses <strong>jardins \u00e0 la fran\u00e7aise<\/strong>, ses <strong>salons richement d\u00e9cor\u00e9s<\/strong> et la c\u00e9l\u00e8bre <strong>Galerie des Glaces<\/strong>. Devenue la r\u00e9sidence royale, Versailles est aussi le symbole d&rsquo;une \u00e9poque o\u00f9 l&rsquo;art et la politique s\u2019entrem\u00ealent.<\/p>\n\n\n<h2 class=\"wp-block-heading\">Ch\u00e2teau de Chambord<\/h2>\n\n\n<p class=\"wp-block-paragraph\">Le <strong>ch\u00e2teau de Chambord<\/strong>, \u00e9difi\u00e9 \u00e0 partir de 1519 pour <strong>Fran\u00e7ois Ier<\/strong>, est un chef-d&rsquo;\u0153uvre de la Renaissance. Sa <strong>toiture spectaculaire<\/strong> et son plan architectural unique, qui m\u00e9lange les styles m\u00e9di\u00e9val et renaissance, en font un site remarquable. Ce ch\u00e2teau est \u00e9galement c\u00e9l\u00e8bre pour son <strong>escalier \u00e0 double h\u00e9lice<\/strong>, attribut embl\u00e9matique du b\u00e2timent, et son vaste parc de chasse, riche en biodiversit\u00e9.<\/p>\n\n\n<h2 class=\"wp-block-heading\">Ch\u00e2teau de Chenonceau<\/h2>\n\n\n<p class=\"wp-block-paragraph\">Surnomm\u00e9 le <strong>ch\u00e2teau des Dames<\/strong>, le <strong>ch\u00e2teau de Chenonceau<\/strong> est connu pour sa beaut\u00e9 architecturale et son histoire singuli\u00e8re. Il a \u00e9t\u00e9 reconstruit au XVIe si\u00e8cle par Catherine de M\u00e9dicis et Diane de Poitiers. Pendant la Premi\u00e8re Guerre mondiale, ce ch\u00e2teau a m\u00eame servi d&rsquo;<strong>h\u00f4pital militaire<\/strong>, o\u00f9 2254 bless\u00e9s ont \u00e9t\u00e9 soign\u00e9s. La structure qui s&rsquo;\u00e9tend sur le Cher est admir\u00e9e non seulement pour son architecture, mais aussi pour ses jardins inspir\u00e9s.<\/p>\n\n\n<h2 class=\"wp-block-heading\">Ch\u00e2teau de Fontainebleau<\/h2>\n\n\n<p class=\"wp-block-paragraph\">Avec plus de <strong>900 ans d&rsquo;histoire<\/strong>, le <strong>ch\u00e2teau de Fontainebleau<\/strong> est un exemple quintessentiel de l&rsquo;\u00e9volution de l&rsquo;architecture fran\u00e7aise, allant du Moyen \u00c2ge \u00e0 nos jours. Ancienne r\u00e9sidence de rois, ce ch\u00e2teau est ici pour refl\u00e9ter les go\u00fbts vari\u00e9s de nombreux monarques, avec des salles richement orn\u00e9es et des jardins \u00e0 la fran\u00e7aise.<\/p>\n\n\n<h2 class=\"wp-block-heading\">Ch\u00e2teau de Vincennes<\/h2>\n\n\n<p class=\"wp-block-paragraph\">Le <strong>ch\u00e2teau de Vincennes<\/strong> poss\u00e8de une histoire \u00e9troitement li\u00e9e \u00e0 la royaut\u00e9 fran\u00e7aise. Ce fort m\u00e9di\u00e9val, avec son <strong>donjon<\/strong> imposant, a servi de r\u00e9sidence royale, de prison et de centre administratif. Ses remparts et ses douves en font un des exemples les plus conserv\u00e9s de l\u2019architecture m\u00e9di\u00e9vale en France.<\/p>\n\n\n<h2 class=\"wp-block-heading\">Ch\u00e2teau de Malmaison<\/h2>\n\n\n<p class=\"wp-block-paragraph\">Situ\u00e9 \u00e0 l&rsquo;ouest de Paris, le <strong>ch\u00e2teau de Malmaison<\/strong> est une \u00e9l\u00e9gante demeure qui fut la r\u00e9sidence priv\u00e9e de Napol\u00e9on et Jos\u00e9phine. L\u2019architecture interne rappelle le style <strong>napol\u00e9onien<\/strong> et rend hommage \u00e0 l\u2019art et \u00e0 la culture de cette p\u00e9riode importante de l&rsquo;histoire fran\u00e7aise.<\/p>\n\n\n<figure class=\"wp-block-embed is-type-video is-provider-youtube wp-block-embed-youtube wp-embed-aspect-16-9 wp-has-aspect-ratio\">\n<div class=\"wp-block-embed__wrapper\">\n<iframe loading=\"lazy\" title=\"Secrets d&#039;Histoire - Catherine de M\u00e9dicis et les ch\u00e2teaux de la Loire\" width=\"1200\" height=\"675\" src=\"https:\/\/www.youtube.com\/embed\/TEi6wUD5NJI?feature=oembed\" frameborder=\"0\" allow=\"accelerometer; autoplay; clipboard-write; encrypted-media; gyroscope; picture-in-picture; web-share\" referrerpolicy=\"strict-origin-when-cross-origin\" allowfullscreen><\/iframe>\n<\/div>\n<\/figure>\n\n\n\n<p class=\"wp-block-paragraph\">La <strong>vie quotidienne<\/strong> dans un ch\u00e2teau fran\u00e7ais \u00e9tait marqu\u00e9e par une atmosph\u00e8re \u00e0 la fois \u00e9l\u00e9gante et routini\u00e8re, refl\u00e9tant la <strong>hi\u00e9rarchie sociale<\/strong> et le mode de vie luxueux des nobles. Chaque aspect, de la <strong>mode<\/strong> \u00e0 la <strong>cuisine<\/strong>, en passant par les <strong>divertissements<\/strong>, \u00e9tait soigneusement orchestr\u00e9 pour repr\u00e9senter le statut et le pouvoir de ses occupants.<\/p>\n\n\n<h2 class=\"wp-block-heading\">La Mode<\/h2>\n\n\n<p class=\"wp-block-paragraph\">La <strong>mode<\/strong> au sein des ch\u00e2teaux \u00e9tait un symbole de richesse et de distinction. Les nobles et nobles dames arboraient des <strong>tenues somptueuses<\/strong> confectionn\u00e9es en velours, soie et broderies dor\u00e9es. Les couleurs vives et les ornements excessifs \u00e9taient de mise, suivant les tendances de l&rsquo;\u00e9poque. Les hommes portaient des <strong>doublets<\/strong> ajust\u00e9s, accompagn\u00e9s de <strong>culottes<\/strong> et de <strong>bottes hautes<\/strong>, tandis que les femmes pr\u00e9f\u00e9raient les <strong>robes \u00e0 tra\u00eene<\/strong> orn\u00e9es de <strong>dentelles<\/strong> et de bijoux scintillants. La coiffure \u00e9tait \u00e9galement un art, avec des <strong>coiffs \u00e9labor\u00e9s<\/strong> et des perruques volumineuses.<\/p>\n\n\n<h2 class=\"wp-block-heading\">La Cuisine<\/h2>\n\n\n<p class=\"wp-block-paragraph\">La <strong>cuisine<\/strong> dans les ch\u00e2teaux fran\u00e7ais refl\u00e9tait un grand raffinement. Les repas \u00e9taient \u00e9labor\u00e9s autour de plusieurs plats compos\u00e9s d&rsquo;ingr\u00e9dients vari\u00e9s, allant de viandes r\u00f4ties \u00e0 des tartes aux fruits. Les nobles consommaient souvent des mets exotiques, tels que des \u00e9pices import\u00e9es et des fruits rares, d\u00e9montrant leur richesse. Les cuisines \u00e9taient souvent s\u00e9par\u00e9es des espaces de vie, et de nombreux <strong>cuisiniers<\/strong> \u00e9taient employ\u00e9s pour pr\u00e9parer ces festins. Les repas \u00e9taient des <strong>d\u00e9monstrations de statut<\/strong> et de pouvoir o\u00f9 l&rsquo;on servait des vins prestigieux et des mets raffin\u00e9s, souvent exquis\u00e9ment pr\u00e9sent\u00e9s.<\/p>\n\n\n<h2 class=\"wp-block-heading\">Les Divertissements<\/h2>\n\n\n<p class=\"wp-block-paragraph\">Les <strong>divertissements<\/strong> occupaient une place centrale dans la vie quotidienne des ch\u00e2telains. Les invit\u00e9s se r\u00e9unissaient pour assister \u00e0 des <strong>banquets<\/strong>, des <strong>concerts<\/strong>, et des <strong>performances th\u00e9\u00e2trales<\/strong>. Les jeux de soci\u00e9t\u00e9, tels que les \u00e9checs ou les cartes, \u00e9taient \u00e9galement populaires. Les ch\u00e2teaux organisaient de grandes <strong>festivit\u00e9s<\/strong> lors des mariages ou des f\u00eates religieuses, o\u00f9 des <strong>danses<\/strong> et des <strong>musiciens<\/strong> animaient l&rsquo;atmosph\u00e8re. La chasse \u00e9tait un autre passe-temps pris\u00e9, souvent pratiqu\u00e9 dans les vastes for\u00eats alentours, servant \u00e0 la fois de loisir et d&rsquo;activit\u00e9 sociale.<\/p>\n\n\n\n<p class=\"wp-block-paragraph\">Les <strong>ch\u00e2teaux<\/strong> de France, v\u00e9ritables t\u00e9moins de l&rsquo;histoire, repr\u00e9sentent un <strong>patrimoine architectural<\/strong> inestimable qui m\u00e9rite d&rsquo;\u00eatre explor\u00e9 et pr\u00e9serv\u00e9. Avec leur allure majestueuse, ils nous racontent des <strong>r\u00e9cits<\/strong> fascinants des \u00e9poques <strong>m\u00e9di\u00e9vale<\/strong> et <strong>Renaissance<\/strong>, p\u00e9riode durant laquelle ils ont jou\u00e9 un r\u00f4le central dans la vie politique et culturelle du pays. Ces monuments ne sont pas seulement des attraits touristiques, mais aussi des symboles d&rsquo;une <strong>identit\u00e9 culturelle<\/strong> fran\u00e7aise forte. Leur pr\u00e9servation est essentielle pour maintenir le lien entre les g\u00e9n\u00e9rations et transmettre les valeurs historiques qui les accompagnent. Les efforts pour conserver leur int\u00e9grit\u00e9 architecturale et valoriser leur histoire sont cruciaux pour l&rsquo;avenir. Dans chaque pierre se cache une histoire, et il est de notre devoir de veiller \u00e0 ce que ces histoires continuent \u00e0 vivre et \u00e0 inspirer.<\/p>\n","protected":false},"excerpt":{"rendered":"","protected":false},"author":34,"featured_media":7368,"comment_status":"open","ping_status":"open","sticky":false,"template":"","format":"standard","meta":{"_acf_changed":false,"manual_indexmenow":false,"indexmenow_id_project":0,"footnotes":""},"categories":[1],"tags":[],"class_list":["post-7367","post","type-post","status-publish","format-standard","has-post-thumbnail","hentry","category-a-la-une","generate-columns","tablet-grid-50","mobile-grid-100","grid-parent","grid-25"],"acf":[],"yoast_head":"<!-- This site is optimized with the Yoast SEO Premium plugin v21.3 (Yoast SEO v25.6) - https:\/\/yoast.com\/wordpress\/plugins\/seo\/ -->\n<title>L&#039;histoire des grands ch\u00e2teaux de France<\/title>\n<meta name=\"description\" content=\"Les grands ch\u00e2teaux de France, v\u00e9ritables t\u00e9moins d&#039;une \u00e9poque r\u00e9volue, s&#039;\u00e9l\u00e8vent majestueusement \u00e0 travers le pays, racontant des histoires de pouvoir\" \/>\n<meta name=\"robots\" content=\"index, follow, max-snippet:-1, max-image-preview:large, max-video-preview:-1\" \/>\n<link rel=\"canonical\" href=\"https:\/\/greenwichmeridien.fr\/blog\/a-la-une\/lhistoire-des-grands-chateaux-de-france\/\" \/>\n<meta property=\"og:locale\" content=\"fr_FR\" \/>\n<meta property=\"og:type\" content=\"article\" \/>\n<meta property=\"og:title\" content=\"L&#039;histoire des grands ch\u00e2teaux de France\" \/>\n<meta property=\"og:description\" content=\"Les grands ch\u00e2teaux de France, v\u00e9ritables t\u00e9moins d&#039;une \u00e9poque r\u00e9volue, s&#039;\u00e9l\u00e8vent majestueusement \u00e0 travers le pays, racontant des histoires de pouvoir\" \/>\n<meta property=\"og:url\" content=\"https:\/\/greenwichmeridien.fr\/blog\/a-la-une\/lhistoire-des-grands-chateaux-de-france\/\" \/>\n<meta property=\"og:site_name\" content=\"greenwichmeridien\" \/>\n<meta property=\"og:image\" content=\"https:\/\/greenwichmeridien.fr\/blog\/wp-content\/uploads\/2025\/01\/Lhistoire-des-grands-chateaux-de-France-1.png\" \/>\n\t<meta property=\"og:image:width\" content=\"1344\" \/>\n\t<meta property=\"og:image:height\" content=\"768\" \/>\n\t<meta property=\"og:image:type\" content=\"image\/png\" \/>\n<meta name=\"author\" content=\"Samuel Chalmin\" \/>\n<meta name=\"twitter:card\" content=\"summary_large_image\" \/>\n<script type=\"application\/ld+json\" class=\"yoast-schema-graph\">{\"@context\":\"https:\/\/schema.org\",\"@graph\":[{\"@type\":\"NewsArticle\",\"@id\":\"https:\/\/greenwichmeridien.fr\/blog\/a-la-une\/lhistoire-des-grands-chateaux-de-france\/#article\",\"isPartOf\":{\"@id\":\"https:\/\/greenwichmeridien.fr\/blog\/a-la-une\/lhistoire-des-grands-chateaux-de-france\/\"},\"author\":{\"name\":\"Samuel Chalmin\",\"@id\":\"https:\/\/greenwichmeridien.fr\/blog\/#\/schema\/person\/3c864cdc320801e3db34b663e7e3f816\"},\"headline\":\"L&rsquo;histoire des grands ch\u00e2teaux de France\",\"datePublished\":\"2025-01-06T07:54:11+00:00\",\"mainEntityOfPage\":{\"@id\":\"https:\/\/greenwichmeridien.fr\/blog\/a-la-une\/lhistoire-des-grands-chateaux-de-france\/\"},\"wordCount\":1655,\"commentCount\":0,\"publisher\":{\"@id\":\"https:\/\/greenwichmeridien.fr\/blog\/#organization\"},\"image\":{\"@id\":\"https:\/\/greenwichmeridien.fr\/blog\/a-la-une\/lhistoire-des-grands-chateaux-de-france\/#primaryimage\"},\"thumbnailUrl\":\"https:\/\/greenwichmeridien.fr\/blog\/wp-content\/uploads\/2025\/01\/Lhistoire-des-grands-chateaux-de-France-1.png\",\"articleSection\":[\"\u00c0 la une\"],\"inLanguage\":\"fr-FR\",\"potentialAction\":[{\"@type\":\"CommentAction\",\"name\":\"Comment\",\"target\":[\"https:\/\/greenwichmeridien.fr\/blog\/a-la-une\/lhistoire-des-grands-chateaux-de-france\/#respond\"]}]},{\"@type\":\"WebPage\",\"@id\":\"https:\/\/greenwichmeridien.fr\/blog\/a-la-une\/lhistoire-des-grands-chateaux-de-france\/\",\"url\":\"https:\/\/greenwichmeridien.fr\/blog\/a-la-une\/lhistoire-des-grands-chateaux-de-france\/\",\"name\":\"L'histoire des grands ch\u00e2teaux de France\",\"isPartOf\":{\"@id\":\"https:\/\/greenwichmeridien.fr\/blog\/#website\"},\"primaryImageOfPage\":{\"@id\":\"https:\/\/greenwichmeridien.fr\/blog\/a-la-une\/lhistoire-des-grands-chateaux-de-france\/#primaryimage\"},\"image\":{\"@id\":\"https:\/\/greenwichmeridien.fr\/blog\/a-la-une\/lhistoire-des-grands-chateaux-de-france\/#primaryimage\"},\"thumbnailUrl\":\"https:\/\/greenwichmeridien.fr\/blog\/wp-content\/uploads\/2025\/01\/Lhistoire-des-grands-chateaux-de-France-1.png\",\"datePublished\":\"2025-01-06T07:54:11+00:00\",\"description\":\"Les grands ch\u00e2teaux de France, v\u00e9ritables t\u00e9moins d'une \u00e9poque r\u00e9volue, s'\u00e9l\u00e8vent majestueusement \u00e0 travers le pays, racontant des histoires de pouvoir\",\"inLanguage\":\"fr-FR\",\"potentialAction\":[{\"@type\":\"ReadAction\",\"target\":[\"https:\/\/greenwichmeridien.fr\/blog\/a-la-une\/lhistoire-des-grands-chateaux-de-france\/\"]}]},{\"@type\":\"ImageObject\",\"inLanguage\":\"fr-FR\",\"@id\":\"https:\/\/greenwichmeridien.fr\/blog\/a-la-une\/lhistoire-des-grands-chateaux-de-france\/#primaryimage\",\"url\":\"https:\/\/greenwichmeridien.fr\/blog\/wp-content\/uploads\/2025\/01\/Lhistoire-des-grands-chateaux-de-France-1.png\",\"contentUrl\":\"https:\/\/greenwichmeridien.fr\/blog\/wp-content\/uploads\/2025\/01\/Lhistoire-des-grands-chateaux-de-France-1.png\",\"width\":1344,\"height\":768,\"caption\":\"d\u00e9couvrez l'histoire fascinante des grands ch\u00e2teaux de france, v\u00e9ritables t\u00e9moins du pass\u00e9. explorez les l\u00e9gendes, l'architecture majestueuse et les personnages embl\u00e9matiques qui ont fa\u00e7onn\u00e9 ces monuments. plongez dans un voyage au c\u0153ur du patrimoine fran\u00e7ais.\"},{\"@type\":\"WebSite\",\"@id\":\"https:\/\/greenwichmeridien.fr\/blog\/#website\",\"url\":\"https:\/\/greenwichmeridien.fr\/blog\/\",\"name\":\"Greenwich M\u00e9ridien\",\"description\":\"Greenwich M\u00e9ridien, le rep\u00e8re du temps et du voyage\",\"publisher\":{\"@id\":\"https:\/\/greenwichmeridien.fr\/blog\/#organization\"},\"alternateName\":\"Greenwich M\u00e9ridien, le rep\u00e8re du temps et du voyage\",\"potentialAction\":[{\"@type\":\"SearchAction\",\"target\":{\"@type\":\"EntryPoint\",\"urlTemplate\":\"https:\/\/greenwichmeridien.fr\/blog\/?s={search_term_string}\"},\"query-input\":{\"@type\":\"PropertyValueSpecification\",\"valueRequired\":true,\"valueName\":\"search_term_string\"}}],\"inLanguage\":\"fr-FR\"},{\"@type\":\"Organization\",\"@id\":\"https:\/\/greenwichmeridien.fr\/blog\/#organization\",\"name\":\"Greenwich M\u00e9ridien\",\"alternateName\":\"Greenwich M\u00e9ridien\",\"url\":\"https:\/\/greenwichmeridien.fr\/blog\/\",\"logo\":{\"@type\":\"ImageObject\",\"inLanguage\":\"fr-FR\",\"@id\":\"https:\/\/greenwichmeridien.fr\/blog\/#\/schema\/logo\/image\/\",\"url\":\"https:\/\/greenwichmeridien.fr\/blog\/wp-content\/uploads\/2024\/12\/greenwichmeridien.png\",\"contentUrl\":\"https:\/\/greenwichmeridien.fr\/blog\/wp-content\/uploads\/2024\/12\/greenwichmeridien.png\",\"width\":500,\"height\":500,\"caption\":\"Greenwich M\u00e9ridien\"},\"image\":{\"@id\":\"https:\/\/greenwichmeridien.fr\/blog\/#\/schema\/logo\/image\/\"}},{\"@type\":\"Person\",\"@id\":\"https:\/\/greenwichmeridien.fr\/blog\/#\/schema\/person\/3c864cdc320801e3db34b663e7e3f816\",\"name\":\"Samuel Chalmin\",\"image\":{\"@type\":\"ImageObject\",\"inLanguage\":\"fr-FR\",\"@id\":\"https:\/\/greenwichmeridien.fr\/blog\/#\/schema\/person\/image\/\",\"url\":\"https:\/\/secure.gravatar.com\/avatar\/cef3677de7d237273d13053728f9470818581a8a27d9bf6f5039fd18508a905f?s=96&d=mm&r=g\",\"contentUrl\":\"https:\/\/secure.gravatar.com\/avatar\/cef3677de7d237273d13053728f9470818581a8a27d9bf6f5039fd18508a905f?s=96&d=mm&r=g\",\"caption\":\"Samuel Chalmin\"},\"description\":\"R\u00e9dacteur du site, il suit les questions de temps et de calendrier : m\u00e9ridien de Greenwich, heure GMT et UTC, fuseaux horaires, changement d'heure, ann\u00e9es bissextiles et jours f\u00e9ri\u00e9s.\",\"sameAs\":[\"https:\/\/samuelchalmin.fr\/\"],\"url\":\"https:\/\/greenwichmeridien.fr\/blog\/auteur\/noname\/\"}]}<\/script>\n<!-- \/ Yoast SEO Premium plugin. -->","yoast_head_json":{"title":"L'histoire des grands ch\u00e2teaux de France","description":"Les grands ch\u00e2teaux de France, v\u00e9ritables t\u00e9moins d'une \u00e9poque r\u00e9volue, s'\u00e9l\u00e8vent majestueusement \u00e0 travers le pays, racontant des histoires de pouvoir","robots":{"index":"index","follow":"follow","max-snippet":"max-snippet:-1","max-image-preview":"max-image-preview:large","max-video-preview":"max-video-preview:-1"},"canonical":"https:\/\/greenwichmeridien.fr\/blog\/a-la-une\/lhistoire-des-grands-chateaux-de-france\/","og_locale":"fr_FR","og_type":"article","og_title":"L'histoire des grands ch\u00e2teaux de France","og_description":"Les grands ch\u00e2teaux de France, v\u00e9ritables t\u00e9moins d'une \u00e9poque r\u00e9volue, s'\u00e9l\u00e8vent majestueusement \u00e0 travers le pays, racontant des histoires de pouvoir","og_url":"https:\/\/greenwichmeridien.fr\/blog\/a-la-une\/lhistoire-des-grands-chateaux-de-france\/","og_site_name":"greenwichmeridien","og_image":[{"width":1344,"height":768,"url":"https:\/\/greenwichmeridien.fr\/blog\/wp-content\/uploads\/2025\/01\/Lhistoire-des-grands-chateaux-de-France-1.png","type":"image\/png"}],"author":"Samuel Chalmin","twitter_card":"summary_large_image","schema":{"@context":"https:\/\/schema.org","@graph":[{"@type":"NewsArticle","@id":"https:\/\/greenwichmeridien.fr\/blog\/a-la-une\/lhistoire-des-grands-chateaux-de-france\/#article","isPartOf":{"@id":"https:\/\/greenwichmeridien.fr\/blog\/a-la-une\/lhistoire-des-grands-chateaux-de-france\/"},"author":{"name":"Samuel Chalmin","@id":"https:\/\/greenwichmeridien.fr\/blog\/#\/schema\/person\/3c864cdc320801e3db34b663e7e3f816"},"headline":"L&rsquo;histoire des grands ch\u00e2teaux de France","datePublished":"2025-01-06T07:54:11+00:00","mainEntityOfPage":{"@id":"https:\/\/greenwichmeridien.fr\/blog\/a-la-une\/lhistoire-des-grands-chateaux-de-france\/"},"wordCount":1655,"commentCount":0,"publisher":{"@id":"https:\/\/greenwichmeridien.fr\/blog\/#organization"},"image":{"@id":"https:\/\/greenwichmeridien.fr\/blog\/a-la-une\/lhistoire-des-grands-chateaux-de-france\/#primaryimage"},"thumbnailUrl":"https:\/\/greenwichmeridien.fr\/blog\/wp-content\/uploads\/2025\/01\/Lhistoire-des-grands-chateaux-de-France-1.png","articleSection":["\u00c0 la une"],"inLanguage":"fr-FR","potentialAction":[{"@type":"CommentAction","name":"Comment","target":["https:\/\/greenwichmeridien.fr\/blog\/a-la-une\/lhistoire-des-grands-chateaux-de-france\/#respond"]}]},{"@type":"WebPage","@id":"https:\/\/greenwichmeridien.fr\/blog\/a-la-une\/lhistoire-des-grands-chateaux-de-france\/","url":"https:\/\/greenwichmeridien.fr\/blog\/a-la-une\/lhistoire-des-grands-chateaux-de-france\/","name":"L'histoire des grands ch\u00e2teaux de France","isPartOf":{"@id":"https:\/\/greenwichmeridien.fr\/blog\/#website"},"primaryImageOfPage":{"@id":"https:\/\/greenwichmeridien.fr\/blog\/a-la-une\/lhistoire-des-grands-chateaux-de-france\/#primaryimage"},"image":{"@id":"https:\/\/greenwichmeridien.fr\/blog\/a-la-une\/lhistoire-des-grands-chateaux-de-france\/#primaryimage"},"thumbnailUrl":"https:\/\/greenwichmeridien.fr\/blog\/wp-content\/uploads\/2025\/01\/Lhistoire-des-grands-chateaux-de-France-1.png","datePublished":"2025-01-06T07:54:11+00:00","description":"Les grands ch\u00e2teaux de France, v\u00e9ritables t\u00e9moins d'une \u00e9poque r\u00e9volue, s'\u00e9l\u00e8vent majestueusement \u00e0 travers le pays, racontant des histoires de pouvoir","inLanguage":"fr-FR","potentialAction":[{"@type":"ReadAction","target":["https:\/\/greenwichmeridien.fr\/blog\/a-la-une\/lhistoire-des-grands-chateaux-de-france\/"]}]},{"@type":"ImageObject","inLanguage":"fr-FR","@id":"https:\/\/greenwichmeridien.fr\/blog\/a-la-une\/lhistoire-des-grands-chateaux-de-france\/#primaryimage","url":"https:\/\/greenwichmeridien.fr\/blog\/wp-content\/uploads\/2025\/01\/Lhistoire-des-grands-chateaux-de-France-1.png","contentUrl":"https:\/\/greenwichmeridien.fr\/blog\/wp-content\/uploads\/2025\/01\/Lhistoire-des-grands-chateaux-de-France-1.png","width":1344,"height":768,"caption":"d\u00e9couvrez l'histoire fascinante des grands ch\u00e2teaux de france, v\u00e9ritables t\u00e9moins du pass\u00e9. explorez les l\u00e9gendes, l'architecture majestueuse et les personnages embl\u00e9matiques qui ont fa\u00e7onn\u00e9 ces monuments. plongez dans un voyage au c\u0153ur du patrimoine fran\u00e7ais."},{"@type":"WebSite","@id":"https:\/\/greenwichmeridien.fr\/blog\/#website","url":"https:\/\/greenwichmeridien.fr\/blog\/","name":"Greenwich M\u00e9ridien","description":"Greenwich M\u00e9ridien, le rep\u00e8re du temps et du voyage","publisher":{"@id":"https:\/\/greenwichmeridien.fr\/blog\/#organization"},"alternateName":"Greenwich M\u00e9ridien, le rep\u00e8re du temps et du voyage","potentialAction":[{"@type":"SearchAction","target":{"@type":"EntryPoint","urlTemplate":"https:\/\/greenwichmeridien.fr\/blog\/?s={search_term_string}"},"query-input":{"@type":"PropertyValueSpecification","valueRequired":true,"valueName":"search_term_string"}}],"inLanguage":"fr-FR"},{"@type":"Organization","@id":"https:\/\/greenwichmeridien.fr\/blog\/#organization","name":"Greenwich M\u00e9ridien","alternateName":"Greenwich M\u00e9ridien","url":"https:\/\/greenwichmeridien.fr\/blog\/","logo":{"@type":"ImageObject","inLanguage":"fr-FR","@id":"https:\/\/greenwichmeridien.fr\/blog\/#\/schema\/logo\/image\/","url":"https:\/\/greenwichmeridien.fr\/blog\/wp-content\/uploads\/2024\/12\/greenwichmeridien.png","contentUrl":"https:\/\/greenwichmeridien.fr\/blog\/wp-content\/uploads\/2024\/12\/greenwichmeridien.png","width":500,"height":500,"caption":"Greenwich M\u00e9ridien"},"image":{"@id":"https:\/\/greenwichmeridien.fr\/blog\/#\/schema\/logo\/image\/"}},{"@type":"Person","@id":"https:\/\/greenwichmeridien.fr\/blog\/#\/schema\/person\/3c864cdc320801e3db34b663e7e3f816","name":"Samuel Chalmin","image":{"@type":"ImageObject","inLanguage":"fr-FR","@id":"https:\/\/greenwichmeridien.fr\/blog\/#\/schema\/person\/image\/","url":"https:\/\/secure.gravatar.com\/avatar\/cef3677de7d237273d13053728f9470818581a8a27d9bf6f5039fd18508a905f?s=96&d=mm&r=g","contentUrl":"https:\/\/secure.gravatar.com\/avatar\/cef3677de7d237273d13053728f9470818581a8a27d9bf6f5039fd18508a905f?s=96&d=mm&r=g","caption":"Samuel Chalmin"},"description":"R\u00e9dacteur du site, il suit les questions de temps et de calendrier : m\u00e9ridien de Greenwich, heure GMT et UTC, fuseaux horaires, changement d'heure, ann\u00e9es bissextiles et jours f\u00e9ri\u00e9s.","sameAs":["https:\/\/samuelchalmin.fr\/"],"url":"https:\/\/greenwichmeridien.fr\/blog\/auteur\/noname\/"}]}},"_links":{"self":[{"href":"https:\/\/greenwichmeridien.fr\/blog\/wp-json\/wp\/v2\/posts\/7367","targetHints":{"allow":["GET"]}}],"collection":[{"href":"https:\/\/greenwichmeridien.fr\/blog\/wp-json\/wp\/v2\/posts"}],"about":[{"href":"https:\/\/greenwichmeridien.fr\/blog\/wp-json\/wp\/v2\/types\/post"}],"author":[{"embeddable":true,"href":"https:\/\/greenwichmeridien.fr\/blog\/wp-json\/wp\/v2\/users\/34"}],"replies":[{"embeddable":true,"href":"https:\/\/greenwichmeridien.fr\/blog\/wp-json\/wp\/v2\/comments?post=7367"}],"version-history":[{"count":0,"href":"https:\/\/greenwichmeridien.fr\/blog\/wp-json\/wp\/v2\/posts\/7367\/revisions"}],"wp:featuredmedia":[{"embeddable":true,"href":"https:\/\/greenwichmeridien.fr\/blog\/wp-json\/wp\/v2\/media\/7368"}],"wp:attachment":[{"href":"https:\/\/greenwichmeridien.fr\/blog\/wp-json\/wp\/v2\/media?parent=7367"}],"wp:term":[{"taxonomy":"category","embeddable":true,"href":"https:\/\/greenwichmeridien.fr\/blog\/wp-json\/wp\/v2\/categories?post=7367"},{"taxonomy":"post_tag","embeddable":true,"href":"https:\/\/greenwichmeridien.fr\/blog\/wp-json\/wp\/v2\/tags?post=7367"}],"curies":[{"name":"wp","href":"https:\/\/api.w.org\/{rel}","templated":true}]}}