{"id":7375,"date":"2025-01-08T11:13:14","date_gmt":"2025-01-08T10:13:14","guid":{"rendered":"https:\/\/greenwichmeridien.fr\/blog\/a-la-une\/actualites-sur-les-initiatives-culturelles-locales\/"},"modified":"2025-01-08T11:13:14","modified_gmt":"2025-01-08T10:13:14","slug":"actualites-sur-les-initiatives-culturelles-locales","status":"publish","type":"post","link":"https:\/\/greenwichmeridien.fr\/blog\/a-la-une\/actualites-sur-les-initiatives-culturelles-locales\/","title":{"rendered":"Actualit\u00e9s sur les initiatives culturelles locales"},"content":{"rendered":"\n\n<p class=\"wp-block-paragraph\">Dans un monde en constante \u00e9volution, les <strong>initiatives culturelles locales<\/strong> \u00e9mergent comme des phares de cr\u00e9ativit\u00e9 et de coh\u00e9sion au sein des communaut\u00e9s. Elles offrent un espace o\u00f9 les artistes peuvent s&rsquo;exprimer et o\u00f9 les r\u00e9sidents peuvent se rassembler pour c\u00e9l\u00e9brer leur riche <strong>patrimoine culturel<\/strong>. Ces projets ne se contentent pas d&rsquo;enjoliver notre quotidien ; ils jouent un r\u00f4le essentiel dans le renforcement des <strong>liens sociaux<\/strong> et la pr\u00e9servation des <strong>identit\u00e9s communautaires<\/strong>. En explorant des expositions, des festivals, des ateliers et d&rsquo;autres \u00e9v\u00e9nements, cet article mettra en lumi\u00e8re l&rsquo;impact puissant de la culture sur notre vie collective, tout en pr\u00e9sentant des exemples inspirants d&rsquo;initiatives qui insufflent de la vie et de la passion dans notre environnement. Rejoignez-nous pour d\u00e9couvrir comment la culture peut transformer nos espaces et renforcer notre sens d&rsquo;appartenance.<\/p>\n\n\n\n<p class=\"wp-block-paragraph\">Les <strong>initiatives culturelles locales<\/strong> jouent un r\u00f4le crucial dans le d\u00e9veloppement des <strong>communaut\u00e9s<\/strong>. Elles contribuent non seulement \u00e0 la pr\u00e9servation et \u00e0 la valorisation de l&rsquo;<strong>identit\u00e9 culturelle<\/strong>, mais aussi \u00e0 la dynamisation du tissu social. En permettant aux artistes et aux cr\u00e9ateurs de s&rsquo;exprimer, ces initiatives renforcent le sentiment d&rsquo;appartenance et de fiert\u00e9 des r\u00e9sidents.<\/p>\n\n\n<p class=\"wp-block-paragraph\">En effet, l&rsquo;<strong>identit\u00e9 culturelle<\/strong> d&rsquo;une r\u00e9gion se nourrit des traditions, des savoir-faire et des expressions artistiques locales. Les manifestations culturelles, comme les festivals ou les expositions, offrent une plateforme pour c\u00e9l\u00e9brer cette richesse et transmettre des valeurs aux g\u00e9n\u00e9rations futures. La diversit\u00e9 des cultures enrichit non seulement le patrimoine, mais engendre \u00e9galement un partage d&rsquo;exp\u00e9riences pr\u00e9cieuses entre diff\u00e9rentes communaut\u00e9s.<\/p>\n\n\n<p class=\"wp-block-paragraph\">De plus, les initiatives culturelles ont un impact significatif sur le <strong>tourisme<\/strong>. Elles attirent des visiteurs curieux de d\u00e9couvrir des traditions uniques, des arts locaux et des \u00e9v\u00e9nements authentiques. Ce ph\u00e9nom\u00e8ne stimule l&rsquo;\u00e9conomie locale, favorisant le d\u00e9veloppement d&rsquo;infrastructures, la cr\u00e9ation d&#8217;emplois et une augmentation des commerces. En d\u00e9veloppant une offre culturelle vari\u00e9e, une communaut\u00e9 se positionne comme une destination incontournable.<\/p>\n\n\n<p class=\"wp-block-paragraph\">L&rsquo;<strong>engagement citoyen<\/strong> est \u00e9galement favoris\u00e9 par les initiatives culturelles. En impliquant la population dans des projets artistiques et culturels, ces initiatives renforcent la coh\u00e9sion sociale. La participation des habitants dans l&rsquo;organisation d&rsquo;\u00e9v\u00e9nements ou dans des ateliers cr\u00e9atifs cr\u00e9e un sentiment de solidarit\u00e9 et d&rsquo;entraide. De plus, elles offrent une occasion d&rsquo;\u00e9change et de dialogue entre les diff\u00e9rentes g\u00e9n\u00e9rations et groupes sociaux, contribuant ainsi \u00e0 une vie communautaire plus riche et dynamique.<\/p>\n\n\n<p class=\"wp-block-paragraph\">Enfin, les initiatives culturelles locales sont essentielles pour la formation d&rsquo;un espace de <strong>cr\u00e9ativit\u00e9<\/strong>, d&rsquo;<strong>innovation<\/strong> et de <strong>r\u00e9flexion<\/strong>. Elles permettent d&rsquo;aborder des probl\u00e9matiques soci\u00e9tales \u00e0 travers l&rsquo;art, favorisant un esprit critique et engag\u00e9 chez les citoyens. L&rsquo;art devient ainsi un levier pour le changement et l&rsquo;\u00e9volution des mentalit\u00e9s, renfor\u00e7ant l&rsquo;importance de la culture dans le d\u00e9veloppement social.<\/p>\n\n\n\n<h2 class=\"wp-block-heading\">Initiatives culturelles locales notables<\/h2>\n\n\n<ul class=\"wp-block-list\">\n\n<li>\n        <strong>Ferm@culture<\/strong>\n        <p>Ce projet, lanc\u00e9 en 2021 par la Communaut\u00e9 d&rsquo;agglom\u00e9ration Mont-Saint-Michel Normandie, vise \u00e0 soutenir les <strong>initiatives culturelles dans les zones rurales<\/strong>. Son objectif est de dynamiser le patrimoine culturel vivant et de favoriser l&rsquo;acc\u00e8s \u00e0 la culture pour tous. Gr\u00e2ce \u00e0 divers \u00e9v\u00e9nements et ateliers, Ferm@culture a su cr\u00e9er des synergies entre les artistes locaux et les habitants, augmentant ainsi la fr\u00e9quentation des espaces culturels.<\/p>\n    <\/li>\n\n\n<li>\n        <strong>Plan culture et ruralit\u00e9<\/strong>\n        <p>Dot\u00e9 de <strong>98 millions d&rsquo;euros<\/strong> sur trois ans (2024-2027), ce plan se fixe comme mission de valoriser les <strong>initiatives culturelles locales<\/strong> et de soutenir l&rsquo;animation culturelle en milieu rural. Comportant <strong>23 mesures<\/strong> r\u00e9parties en quatre axes, il met l&rsquo;accent sur l&rsquo;accompagnement des associations culturelles et la cr\u00e9ation d&rsquo;\u00e9v\u00e9nements dans des zones moins accessibles. Par exemple, des festivals musicales et th\u00e9\u00e2trales ont vu le jour, attirant un public diverse et stimulant la vie locale.<\/p>\n    <\/li>\n\n\n<li>\n        <strong>Commission Culture de la Mairie du 20\u1d49<\/strong>\n        <p>\u00c0 Paris, cette commission est responsable de la distribution des fonds pour l&rsquo;<strong>animation culturelle de proximit\u00e9<\/strong>. En place depuis 2001, elle a permis de financer des ateliers d&rsquo;art, des spectacles et des projets interg\u00e9n\u00e9rationnels, renfor\u00e7ant ainsi les liens sociaux dans le quartier. Les enqu\u00eates de satisfaction montrent un impact positif sur la participation citoyenne et l&rsquo;int\u00e9r\u00eat pour les \u00e9changes culturels.<\/p>\n    <\/li>\n\n\n<li>\n        <strong>Les actions du FNCC<\/strong>\n        <p>La F\u00e9d\u00e9ration Nationale des Collectivit\u00e9s Culturelles (FNCC) s&rsquo;engage \u00e0 accompagner les <strong>initiatives culturelles<\/strong> par des actions concr\u00e8tes dans toute la France. En 2024, la FNCC pr\u00e9voit de nouvelles adh\u00e9sions et des \u00e9v\u00e9nements de sensibilisation aux enjeux culturels, garantissant que la culture demeure accessible \u00e0 tous, m\u00eame dans les zones rurales. Des \u00e9tudes de cas ont montr\u00e9 que les collectivit\u00e9s ayant particip\u00e9 \u00e0 ces initiatives constatent une hausse significative de l&rsquo;engagement des citoyens et une revitalisation des structures culturelles locales.<\/p>\n    <\/li>\n\n\n<li>\n        <strong>Concertation nationale sur l&rsquo;offre culturelle<\/strong>\n        <p>Initi\u00e9e en avril, cette concertation a pour but de rassembler diff\u00e9rents acteurs autour des <strong>politiques publiques<\/strong> en mati\u00e8re de culture en milieu rural. Des tables rondes ont \u00e9t\u00e9 organis\u00e9es pour permettre aux \u00e9lus locaux d&rsquo;\u00e9changer sur leurs d\u00e9fis et succ\u00e8s, contribuant \u00e0 un meilleur partage des ressources et des pratiques. Les conclusions de cette concertation alimenteront les futurs aspects des politiques culturelles, accentuant leur pertinence et leur efficacit\u00e9.<\/p>\n    <\/li>\n\n<\/ul>\n\n\n<figure class='wp-block-image size-full'>\n<img width=\"1344\" height=\"768\" src=\"https:\/\/greenwichmeridien.fr\/blog\/wp-content\/uploads\/2025\/01\/Actualites-sur-les-initiatives-culturelles-locales.png\" class=\"attachment-full size-full\" alt=\"d\u00e9couvrez les derni\u00e8res actualit\u00e9s sur les initiatives culturelles locales, mettant en lumi\u00e8re les projets artistiques, les \u00e9v\u00e9nements communautaires et les actions innovantes qui enrichissent notre patrimoine et favorisent l&#039;engagement des citoyens.\" decoding=\"async\" loading=\"lazy\" \/>\n<\/figure>\n\n\n\n<p class=\"wp-block-paragraph\">S&rsquo;engager dans des <strong>initiatives culturelles locales<\/strong> est une belle fa\u00e7on de soutenir sa communaut\u00e9 tout en s&rsquo;enrichissant personnellement. Voici quelques \u00e9tapes et ressources pour y parvenir.<\/p>\n\n\n<h2 class=\"wp-block-heading\">1. Assister \u00e0 des \u00c9v\u00e9nements Locaux<\/h2>\n\n\n<p class=\"wp-block-paragraph\">La participation \u00e0 des <strong>\u00e9v\u00e9nements culturels<\/strong> est l&rsquo;un des moyens les plus directs de s&rsquo;engager. Des festivals, des concerts, des expositions artistiques et des pi\u00e8ces de th\u00e9\u00e2tre sont souvent organis\u00e9s dans les villes. Par exemple, le <strong>Festival des Arts<\/strong> d&rsquo;automne aura lieu le mois prochain, avec des ateliers gratuits et des performances de musiciens locaux. Consultez les agendas culturels en ligne pour ne rien rater.<\/p>\n\n\n<h2 class=\"wp-block-heading\">2. Rejoindre des Groupes Communautaires<\/h2>\n\n\n<p class=\"wp-block-paragraph\">De nombreux groupes culturels, tels que les <strong>associations artistiques<\/strong> ou les <strong>clubs de lecture<\/strong>, permettent de rencontrer des personnes partageant les m\u00eames int\u00e9r\u00eats. Ces groupes organisent r\u00e9guli\u00e8rement des activit\u00e9s et des discussions qui peuvent stimuler votre cr\u00e9ativit\u00e9 et votre connaissance des <strong>arts<\/strong> locaux. Renseignez-vous aupr\u00e8s de votre mairie ou des centres culturels pour conna\u00eetre les options disponibles dans votre r\u00e9gion.<\/p>\n\n\n<h2 class=\"wp-block-heading\">3. S&rsquo;impliquer en Volontariat<\/h2>\n\n\n<p class=\"wp-block-paragraph\">Devenir <strong>volontaire<\/strong> pour des \u00e9v\u00e9nements culturels est une excellente mani\u00e8re de contribuer activement. De nombreux festivals et salons recherchent des b\u00e9n\u00e9voles pour les aider \u00e0 organiser leurs activit\u00e9s. Vous pourrez ainsi vivre des exp\u00e9riences enrichissantes tout en aidant \u00e0 promouvoir la culture locale.<\/p>\n\n\n<h2 class=\"wp-block-heading\">4. Explorer les Ressources en Ligne<\/h2>\n\n\n<p class=\"wp-block-paragraph\">Le num\u00e9rique offre un \u00e9ventail de possibilit\u00e9s pour s&rsquo;informer et s&rsquo;impliquer. Consultez des sites comme <strong>les r\u00e9seaux sociaux<\/strong> des artistes locaux ou des plateformes de b\u00e9n\u00e9volat pour trouver des opportunit\u00e9s. Des blogs et des forums d\u00e9di\u00e9s aux <strong>initiatives culturelles<\/strong> partagent \u00e9galement des informations sur les projets et \u00e9v\u00e9nements en cours.<\/p>\n\n\n<h2 class=\"wp-block-heading\">5. Participer \u00e0 des Ateliers et Cours<\/h2>\n\n\n<p class=\"wp-block-paragraph\">De nombreux acteurs culturels proposent des <strong>ateliers<\/strong> o\u00f9 il est possible d&rsquo;apprendre et de cr\u00e9er. Que ce soit en peinture, en musique ou en th\u00e9\u00e2tre, ces initiatives favorisent le partage des comp\u00e9tences et l&rsquo;interaction entre les participants. Inscrivez-vous \u00e0 ceux qui vous int\u00e9ressent et faites l&rsquo;exp\u00e9rience de la culture de mani\u00e8re active.<\/p>\n\n\n<h2 class=\"wp-block-heading\">6. Suivre les Actualit\u00e9s Locales<\/h2>\n\n\n<p class=\"wp-block-paragraph\">Rester inform\u00e9 des <strong>actualit\u00e9s culturelles<\/strong> par l\u2019interm\u00e9diaire des journaux locaux, des radio communautaires ou des newsletters vous permettra de d\u00e9couvrir les nouveaut\u00e9s et les \u00e9v\u00e9nements \u00e0 venir. Cela vous offre aussi la possibilit\u00e9 d&rsquo;interagir avec les artistes et les organisateurs, renfor\u00e7ant ainsi votre lien avec la culture locale.<\/p>\n\n\n\n<p class=\"wp-block-paragraph\">Les <strong>initiatives culturelles locales<\/strong> jouent un r\u00f4le essentiel dans le d\u00e9veloppement des communaut\u00e9s en cr\u00e9ant des <strong>liens sociaux<\/strong> et en c\u00e9l\u00e9brant la <strong>diversit\u00e9 culturelle<\/strong>. Elles offrent aux artistes un espace pour s&rsquo;exprimer et permettent aux citoyens de s&rsquo;engager activement dans la <strong>vie culturelle<\/strong> de leur r\u00e9gion. En participant \u00e0 ces actions, non seulement vous soutenez les talents locaux, mais vous contribuez \u00e9galement \u00e0 enrichir votre <strong>communaut\u00e9<\/strong> et \u00e0 favoriser un environnement o\u00f9 la <strong>culture<\/strong> est valoris\u00e9e et partag\u00e9e. Rejoignez les \u00e9v\u00e9nements, soutenez les artistes et devenez un acteur du changement au sein de votre sc\u00e8ne culturelle.<\/p>\n\n\n<figure class=\"wp-block-embed is-type-video is-provider-youtube wp-block-embed-youtube wp-embed-aspect-16-9 wp-has-aspect-ratio\">\n<div class=\"wp-block-embed__wrapper\">\n<iframe loading=\"lazy\" title=\"Des initiatives de production et de consommation locales d&#039;\u00e9lectricit\u00e9 soutenues par l&#039;UE\" width=\"1200\" height=\"675\" src=\"https:\/\/www.youtube.com\/embed\/bH52xUL4qf0?feature=oembed\" frameborder=\"0\" allow=\"accelerometer; autoplay; clipboard-write; encrypted-media; gyroscope; picture-in-picture; web-share\" referrerpolicy=\"strict-origin-when-cross-origin\" allowfullscreen><\/iframe>\n<\/div>\n<\/figure>\n","protected":false},"excerpt":{"rendered":"","protected":false},"author":34,"featured_media":7376,"comment_status":"open","ping_status":"open","sticky":false,"template":"","format":"standard","meta":{"_acf_changed":false,"manual_indexmenow":false,"indexmenow_id_project":0,"footnotes":""},"categories":[1],"tags":[],"class_list":["post-7375","post","type-post","status-publish","format-standard","has-post-thumbnail","hentry","category-a-la-une","generate-columns","tablet-grid-50","mobile-grid-100","grid-parent","grid-25"],"acf":[],"yoast_head":"<!-- This site is optimized with the Yoast SEO Premium plugin v21.3 (Yoast SEO v25.6) - https:\/\/yoast.com\/wordpress\/plugins\/seo\/ -->\n<title>Actualit\u00e9s sur les initiatives culturelles locales<\/title>\n<meta name=\"description\" content=\"Dans un monde en constante \u00e9volution, les initiatives culturelles locales \u00e9mergent comme des phares de cr\u00e9ativit\u00e9 et de coh\u00e9sion au sein des communaut\u00e9s\" \/>\n<meta name=\"robots\" content=\"index, follow, max-snippet:-1, max-image-preview:large, max-video-preview:-1\" \/>\n<link rel=\"canonical\" href=\"https:\/\/greenwichmeridien.fr\/blog\/a-la-une\/actualites-sur-les-initiatives-culturelles-locales\/\" \/>\n<meta property=\"og:locale\" content=\"fr_FR\" \/>\n<meta property=\"og:type\" content=\"article\" \/>\n<meta property=\"og:title\" content=\"Actualit\u00e9s sur les initiatives culturelles locales\" \/>\n<meta property=\"og:description\" content=\"Dans un monde en constante \u00e9volution, les initiatives culturelles locales \u00e9mergent comme des phares de cr\u00e9ativit\u00e9 et de coh\u00e9sion au sein des communaut\u00e9s\" \/>\n<meta property=\"og:url\" content=\"https:\/\/greenwichmeridien.fr\/blog\/a-la-une\/actualites-sur-les-initiatives-culturelles-locales\/\" \/>\n<meta property=\"og:site_name\" content=\"greenwichmeridien\" \/>\n<meta property=\"og:image\" content=\"https:\/\/greenwichmeridien.fr\/blog\/wp-content\/uploads\/2025\/01\/Actualites-sur-les-initiatives-culturelles-locales-1.png\" \/>\n\t<meta property=\"og:image:width\" content=\"1344\" \/>\n\t<meta property=\"og:image:height\" content=\"768\" \/>\n\t<meta property=\"og:image:type\" content=\"image\/png\" \/>\n<meta name=\"author\" content=\"Samuel Chalmin\" \/>\n<meta name=\"twitter:card\" content=\"summary_large_image\" \/>\n<script type=\"application\/ld+json\" class=\"yoast-schema-graph\">{\"@context\":\"https:\/\/schema.org\",\"@graph\":[{\"@type\":\"NewsArticle\",\"@id\":\"https:\/\/greenwichmeridien.fr\/blog\/a-la-une\/actualites-sur-les-initiatives-culturelles-locales\/#article\",\"isPartOf\":{\"@id\":\"https:\/\/greenwichmeridien.fr\/blog\/a-la-une\/actualites-sur-les-initiatives-culturelles-locales\/\"},\"author\":{\"name\":\"Samuel Chalmin\",\"@id\":\"https:\/\/greenwichmeridien.fr\/blog\/#\/schema\/person\/3c864cdc320801e3db34b663e7e3f816\"},\"headline\":\"Actualit\u00e9s sur les initiatives culturelles locales\",\"datePublished\":\"2025-01-08T10:13:14+00:00\",\"mainEntityOfPage\":{\"@id\":\"https:\/\/greenwichmeridien.fr\/blog\/a-la-une\/actualites-sur-les-initiatives-culturelles-locales\/\"},\"wordCount\":1450,\"commentCount\":0,\"publisher\":{\"@id\":\"https:\/\/greenwichmeridien.fr\/blog\/#organization\"},\"image\":{\"@id\":\"https:\/\/greenwichmeridien.fr\/blog\/a-la-une\/actualites-sur-les-initiatives-culturelles-locales\/#primaryimage\"},\"thumbnailUrl\":\"https:\/\/greenwichmeridien.fr\/blog\/wp-content\/uploads\/2025\/01\/Actualites-sur-les-initiatives-culturelles-locales-1.png\",\"articleSection\":[\"\u00c0 la une\"],\"inLanguage\":\"fr-FR\",\"potentialAction\":[{\"@type\":\"CommentAction\",\"name\":\"Comment\",\"target\":[\"https:\/\/greenwichmeridien.fr\/blog\/a-la-une\/actualites-sur-les-initiatives-culturelles-locales\/#respond\"]}]},{\"@type\":\"WebPage\",\"@id\":\"https:\/\/greenwichmeridien.fr\/blog\/a-la-une\/actualites-sur-les-initiatives-culturelles-locales\/\",\"url\":\"https:\/\/greenwichmeridien.fr\/blog\/a-la-une\/actualites-sur-les-initiatives-culturelles-locales\/\",\"name\":\"Actualit\u00e9s sur les initiatives culturelles locales\",\"isPartOf\":{\"@id\":\"https:\/\/greenwichmeridien.fr\/blog\/#website\"},\"primaryImageOfPage\":{\"@id\":\"https:\/\/greenwichmeridien.fr\/blog\/a-la-une\/actualites-sur-les-initiatives-culturelles-locales\/#primaryimage\"},\"image\":{\"@id\":\"https:\/\/greenwichmeridien.fr\/blog\/a-la-une\/actualites-sur-les-initiatives-culturelles-locales\/#primaryimage\"},\"thumbnailUrl\":\"https:\/\/greenwichmeridien.fr\/blog\/wp-content\/uploads\/2025\/01\/Actualites-sur-les-initiatives-culturelles-locales-1.png\",\"datePublished\":\"2025-01-08T10:13:14+00:00\",\"description\":\"Dans un monde en constante \u00e9volution, les initiatives culturelles locales \u00e9mergent comme des phares de cr\u00e9ativit\u00e9 et de coh\u00e9sion au sein des communaut\u00e9s\",\"inLanguage\":\"fr-FR\",\"potentialAction\":[{\"@type\":\"ReadAction\",\"target\":[\"https:\/\/greenwichmeridien.fr\/blog\/a-la-une\/actualites-sur-les-initiatives-culturelles-locales\/\"]}]},{\"@type\":\"ImageObject\",\"inLanguage\":\"fr-FR\",\"@id\":\"https:\/\/greenwichmeridien.fr\/blog\/a-la-une\/actualites-sur-les-initiatives-culturelles-locales\/#primaryimage\",\"url\":\"https:\/\/greenwichmeridien.fr\/blog\/wp-content\/uploads\/2025\/01\/Actualites-sur-les-initiatives-culturelles-locales-1.png\",\"contentUrl\":\"https:\/\/greenwichmeridien.fr\/blog\/wp-content\/uploads\/2025\/01\/Actualites-sur-les-initiatives-culturelles-locales-1.png\",\"width\":1344,\"height\":768,\"caption\":\"d\u00e9couvrez les derni\u00e8res nouvelles sur les initiatives culturelles locales qui enrichissent notre communaut\u00e9. restez inform\u00e9 des \u00e9v\u00e9nements, projets artistiques et engagements culturels qui favorisent l'\u00e9change et le dynamisme dans votre r\u00e9gion.\"},{\"@type\":\"WebSite\",\"@id\":\"https:\/\/greenwichmeridien.fr\/blog\/#website\",\"url\":\"https:\/\/greenwichmeridien.fr\/blog\/\",\"name\":\"Greenwich M\u00e9ridien\",\"description\":\"Greenwich M\u00e9ridien, le rep\u00e8re du temps et du voyage\",\"publisher\":{\"@id\":\"https:\/\/greenwichmeridien.fr\/blog\/#organization\"},\"alternateName\":\"Greenwich M\u00e9ridien, le rep\u00e8re du temps et du voyage\",\"potentialAction\":[{\"@type\":\"SearchAction\",\"target\":{\"@type\":\"EntryPoint\",\"urlTemplate\":\"https:\/\/greenwichmeridien.fr\/blog\/?s={search_term_string}\"},\"query-input\":{\"@type\":\"PropertyValueSpecification\",\"valueRequired\":true,\"valueName\":\"search_term_string\"}}],\"inLanguage\":\"fr-FR\"},{\"@type\":\"Organization\",\"@id\":\"https:\/\/greenwichmeridien.fr\/blog\/#organization\",\"name\":\"Greenwich M\u00e9ridien\",\"alternateName\":\"Greenwich M\u00e9ridien\",\"url\":\"https:\/\/greenwichmeridien.fr\/blog\/\",\"logo\":{\"@type\":\"ImageObject\",\"inLanguage\":\"fr-FR\",\"@id\":\"https:\/\/greenwichmeridien.fr\/blog\/#\/schema\/logo\/image\/\",\"url\":\"https:\/\/greenwichmeridien.fr\/blog\/wp-content\/uploads\/2024\/12\/greenwichmeridien.png\",\"contentUrl\":\"https:\/\/greenwichmeridien.fr\/blog\/wp-content\/uploads\/2024\/12\/greenwichmeridien.png\",\"width\":500,\"height\":500,\"caption\":\"Greenwich M\u00e9ridien\"},\"image\":{\"@id\":\"https:\/\/greenwichmeridien.fr\/blog\/#\/schema\/logo\/image\/\"}},{\"@type\":\"Person\",\"@id\":\"https:\/\/greenwichmeridien.fr\/blog\/#\/schema\/person\/3c864cdc320801e3db34b663e7e3f816\",\"name\":\"Samuel Chalmin\",\"image\":{\"@type\":\"ImageObject\",\"inLanguage\":\"fr-FR\",\"@id\":\"https:\/\/greenwichmeridien.fr\/blog\/#\/schema\/person\/image\/\",\"url\":\"https:\/\/secure.gravatar.com\/avatar\/cef3677de7d237273d13053728f9470818581a8a27d9bf6f5039fd18508a905f?s=96&d=mm&r=g\",\"contentUrl\":\"https:\/\/secure.gravatar.com\/avatar\/cef3677de7d237273d13053728f9470818581a8a27d9bf6f5039fd18508a905f?s=96&d=mm&r=g\",\"caption\":\"Samuel Chalmin\"},\"description\":\"R\u00e9dacteur du site, il suit les questions de temps et de calendrier : m\u00e9ridien de Greenwich, heure GMT et UTC, fuseaux horaires, changement d'heure, ann\u00e9es bissextiles et jours f\u00e9ri\u00e9s.\",\"sameAs\":[\"https:\/\/samuelchalmin.fr\/\"],\"url\":\"https:\/\/greenwichmeridien.fr\/blog\/auteur\/noname\/\"}]}<\/script>\n<!-- \/ Yoast SEO Premium plugin. -->","yoast_head_json":{"title":"Actualit\u00e9s sur les initiatives culturelles locales","description":"Dans un monde en constante \u00e9volution, les initiatives culturelles locales \u00e9mergent comme des phares de cr\u00e9ativit\u00e9 et de coh\u00e9sion au sein des communaut\u00e9s","robots":{"index":"index","follow":"follow","max-snippet":"max-snippet:-1","max-image-preview":"max-image-preview:large","max-video-preview":"max-video-preview:-1"},"canonical":"https:\/\/greenwichmeridien.fr\/blog\/a-la-une\/actualites-sur-les-initiatives-culturelles-locales\/","og_locale":"fr_FR","og_type":"article","og_title":"Actualit\u00e9s sur les initiatives culturelles locales","og_description":"Dans un monde en constante \u00e9volution, les initiatives culturelles locales \u00e9mergent comme des phares de cr\u00e9ativit\u00e9 et de coh\u00e9sion au sein des communaut\u00e9s","og_url":"https:\/\/greenwichmeridien.fr\/blog\/a-la-une\/actualites-sur-les-initiatives-culturelles-locales\/","og_site_name":"greenwichmeridien","og_image":[{"width":1344,"height":768,"url":"https:\/\/greenwichmeridien.fr\/blog\/wp-content\/uploads\/2025\/01\/Actualites-sur-les-initiatives-culturelles-locales-1.png","type":"image\/png"}],"author":"Samuel Chalmin","twitter_card":"summary_large_image","schema":{"@context":"https:\/\/schema.org","@graph":[{"@type":"NewsArticle","@id":"https:\/\/greenwichmeridien.fr\/blog\/a-la-une\/actualites-sur-les-initiatives-culturelles-locales\/#article","isPartOf":{"@id":"https:\/\/greenwichmeridien.fr\/blog\/a-la-une\/actualites-sur-les-initiatives-culturelles-locales\/"},"author":{"name":"Samuel Chalmin","@id":"https:\/\/greenwichmeridien.fr\/blog\/#\/schema\/person\/3c864cdc320801e3db34b663e7e3f816"},"headline":"Actualit\u00e9s sur les initiatives culturelles locales","datePublished":"2025-01-08T10:13:14+00:00","mainEntityOfPage":{"@id":"https:\/\/greenwichmeridien.fr\/blog\/a-la-une\/actualites-sur-les-initiatives-culturelles-locales\/"},"wordCount":1450,"commentCount":0,"publisher":{"@id":"https:\/\/greenwichmeridien.fr\/blog\/#organization"},"image":{"@id":"https:\/\/greenwichmeridien.fr\/blog\/a-la-une\/actualites-sur-les-initiatives-culturelles-locales\/#primaryimage"},"thumbnailUrl":"https:\/\/greenwichmeridien.fr\/blog\/wp-content\/uploads\/2025\/01\/Actualites-sur-les-initiatives-culturelles-locales-1.png","articleSection":["\u00c0 la une"],"inLanguage":"fr-FR","potentialAction":[{"@type":"CommentAction","name":"Comment","target":["https:\/\/greenwichmeridien.fr\/blog\/a-la-une\/actualites-sur-les-initiatives-culturelles-locales\/#respond"]}]},{"@type":"WebPage","@id":"https:\/\/greenwichmeridien.fr\/blog\/a-la-une\/actualites-sur-les-initiatives-culturelles-locales\/","url":"https:\/\/greenwichmeridien.fr\/blog\/a-la-une\/actualites-sur-les-initiatives-culturelles-locales\/","name":"Actualit\u00e9s sur les initiatives culturelles locales","isPartOf":{"@id":"https:\/\/greenwichmeridien.fr\/blog\/#website"},"primaryImageOfPage":{"@id":"https:\/\/greenwichmeridien.fr\/blog\/a-la-une\/actualites-sur-les-initiatives-culturelles-locales\/#primaryimage"},"image":{"@id":"https:\/\/greenwichmeridien.fr\/blog\/a-la-une\/actualites-sur-les-initiatives-culturelles-locales\/#primaryimage"},"thumbnailUrl":"https:\/\/greenwichmeridien.fr\/blog\/wp-content\/uploads\/2025\/01\/Actualites-sur-les-initiatives-culturelles-locales-1.png","datePublished":"2025-01-08T10:13:14+00:00","description":"Dans un monde en constante \u00e9volution, les initiatives culturelles locales \u00e9mergent comme des phares de cr\u00e9ativit\u00e9 et de coh\u00e9sion au sein des communaut\u00e9s","inLanguage":"fr-FR","potentialAction":[{"@type":"ReadAction","target":["https:\/\/greenwichmeridien.fr\/blog\/a-la-une\/actualites-sur-les-initiatives-culturelles-locales\/"]}]},{"@type":"ImageObject","inLanguage":"fr-FR","@id":"https:\/\/greenwichmeridien.fr\/blog\/a-la-une\/actualites-sur-les-initiatives-culturelles-locales\/#primaryimage","url":"https:\/\/greenwichmeridien.fr\/blog\/wp-content\/uploads\/2025\/01\/Actualites-sur-les-initiatives-culturelles-locales-1.png","contentUrl":"https:\/\/greenwichmeridien.fr\/blog\/wp-content\/uploads\/2025\/01\/Actualites-sur-les-initiatives-culturelles-locales-1.png","width":1344,"height":768,"caption":"d\u00e9couvrez les derni\u00e8res nouvelles sur les initiatives culturelles locales qui enrichissent notre communaut\u00e9. restez inform\u00e9 des \u00e9v\u00e9nements, projets artistiques et engagements culturels qui favorisent l'\u00e9change et le dynamisme dans votre r\u00e9gion."},{"@type":"WebSite","@id":"https:\/\/greenwichmeridien.fr\/blog\/#website","url":"https:\/\/greenwichmeridien.fr\/blog\/","name":"Greenwich M\u00e9ridien","description":"Greenwich M\u00e9ridien, le rep\u00e8re du temps et du voyage","publisher":{"@id":"https:\/\/greenwichmeridien.fr\/blog\/#organization"},"alternateName":"Greenwich M\u00e9ridien, le rep\u00e8re du temps et du voyage","potentialAction":[{"@type":"SearchAction","target":{"@type":"EntryPoint","urlTemplate":"https:\/\/greenwichmeridien.fr\/blog\/?s={search_term_string}"},"query-input":{"@type":"PropertyValueSpecification","valueRequired":true,"valueName":"search_term_string"}}],"inLanguage":"fr-FR"},{"@type":"Organization","@id":"https:\/\/greenwichmeridien.fr\/blog\/#organization","name":"Greenwich M\u00e9ridien","alternateName":"Greenwich M\u00e9ridien","url":"https:\/\/greenwichmeridien.fr\/blog\/","logo":{"@type":"ImageObject","inLanguage":"fr-FR","@id":"https:\/\/greenwichmeridien.fr\/blog\/#\/schema\/logo\/image\/","url":"https:\/\/greenwichmeridien.fr\/blog\/wp-content\/uploads\/2024\/12\/greenwichmeridien.png","contentUrl":"https:\/\/greenwichmeridien.fr\/blog\/wp-content\/uploads\/2024\/12\/greenwichmeridien.png","width":500,"height":500,"caption":"Greenwich M\u00e9ridien"},"image":{"@id":"https:\/\/greenwichmeridien.fr\/blog\/#\/schema\/logo\/image\/"}},{"@type":"Person","@id":"https:\/\/greenwichmeridien.fr\/blog\/#\/schema\/person\/3c864cdc320801e3db34b663e7e3f816","name":"Samuel Chalmin","image":{"@type":"ImageObject","inLanguage":"fr-FR","@id":"https:\/\/greenwichmeridien.fr\/blog\/#\/schema\/person\/image\/","url":"https:\/\/secure.gravatar.com\/avatar\/cef3677de7d237273d13053728f9470818581a8a27d9bf6f5039fd18508a905f?s=96&d=mm&r=g","contentUrl":"https:\/\/secure.gravatar.com\/avatar\/cef3677de7d237273d13053728f9470818581a8a27d9bf6f5039fd18508a905f?s=96&d=mm&r=g","caption":"Samuel Chalmin"},"description":"R\u00e9dacteur du site, il suit les questions de temps et de calendrier : m\u00e9ridien de Greenwich, heure GMT et UTC, fuseaux horaires, changement d'heure, ann\u00e9es bissextiles et jours f\u00e9ri\u00e9s.","sameAs":["https:\/\/samuelchalmin.fr\/"],"url":"https:\/\/greenwichmeridien.fr\/blog\/auteur\/noname\/"}]}},"_links":{"self":[{"href":"https:\/\/greenwichmeridien.fr\/blog\/wp-json\/wp\/v2\/posts\/7375","targetHints":{"allow":["GET"]}}],"collection":[{"href":"https:\/\/greenwichmeridien.fr\/blog\/wp-json\/wp\/v2\/posts"}],"about":[{"href":"https:\/\/greenwichmeridien.fr\/blog\/wp-json\/wp\/v2\/types\/post"}],"author":[{"embeddable":true,"href":"https:\/\/greenwichmeridien.fr\/blog\/wp-json\/wp\/v2\/users\/34"}],"replies":[{"embeddable":true,"href":"https:\/\/greenwichmeridien.fr\/blog\/wp-json\/wp\/v2\/comments?post=7375"}],"version-history":[{"count":0,"href":"https:\/\/greenwichmeridien.fr\/blog\/wp-json\/wp\/v2\/posts\/7375\/revisions"}],"wp:featuredmedia":[{"embeddable":true,"href":"https:\/\/greenwichmeridien.fr\/blog\/wp-json\/wp\/v2\/media\/7376"}],"wp:attachment":[{"href":"https:\/\/greenwichmeridien.fr\/blog\/wp-json\/wp\/v2\/media?parent=7375"}],"wp:term":[{"taxonomy":"category","embeddable":true,"href":"https:\/\/greenwichmeridien.fr\/blog\/wp-json\/wp\/v2\/categories?post=7375"},{"taxonomy":"post_tag","embeddable":true,"href":"https:\/\/greenwichmeridien.fr\/blog\/wp-json\/wp\/v2\/tags?post=7375"}],"curies":[{"name":"wp","href":"https:\/\/api.w.org\/{rel}","templated":true}]}}