{"id":7380,"date":"2025-01-10T07:59:07","date_gmt":"2025-01-10T06:59:07","guid":{"rendered":"https:\/\/greenwichmeridien.fr\/blog\/a-la-une\/le-retour-aux-sources-du-lifestyle-naturel\/"},"modified":"2025-01-10T07:59:07","modified_gmt":"2025-01-10T06:59:07","slug":"le-retour-aux-sources-du-lifestyle-naturel","status":"publish","type":"post","link":"https:\/\/greenwichmeridien.fr\/blog\/a-la-une\/le-retour-aux-sources-du-lifestyle-naturel\/","title":{"rendered":"Le retour aux sources du lifestyle naturel"},"content":{"rendered":"\n\n<p class=\"wp-block-paragraph\">Dans un monde o\u00f9 la technologie et la consommation effr\u00e9n\u00e9e dominent notre quotidien, <strong>le retour aux sources du lifestyle naturel<\/strong> appara\u00eet comme une v\u00e9ritable bouff\u00e9e d&rsquo;air frais. Ce mouvement nous invite \u00e0 renouer avec des pratiques ancestrales et \u00e0 red\u00e9couvrir les b\u00e9n\u00e9fices d\u2019un mode de vie plus <strong>authentique<\/strong> et en harmonie avec <strong>la nature<\/strong>. Au-del\u00e0 d\u2019une simple tendance, cette d\u00e9marche r\u00e9pond \u00e0 un besoin profond d\u2019<strong>\u00e9quilibre<\/strong> et de <strong>durabilit\u00e9<\/strong> face aux d\u00e9fis environnementaux et sociaux de notre \u00e9poque. En nous \u00e9loignant des artifices du monde moderne, nous red\u00e9couvrons l\u2019essentiel : prendre soin de soi tout en prenant soin de notre plan\u00e8te. Cet article explorera les fondements et les bienfaits de cette transition vers un style de vie plus <strong>\u00e9cologique<\/strong> et respectueux de notre environnement.<\/p>\n\n\n\n<p class=\"wp-block-paragraph\">Le <strong>lifestyle naturel<\/strong> repose sur plusieurs principes cl\u00e9s qui visent \u00e0 r\u00e9tablir un \u00e9quilibre entre l&rsquo;homme et la nature. Au c\u0153ur de ce mode de vie, l&rsquo;importance de l&rsquo;<strong>alimentation<\/strong> joue un r\u00f4le pr\u00e9pond\u00e9rant. Adopter une alimentation <strong>\u00e9coresponsable<\/strong>, riche en produits locaux et de saison, permet non seulement de r\u00e9duire son empreinte carbone, mais aussi de favoriser des pratiques agricoles durables.<\/p>\n\n\n<p class=\"wp-block-paragraph\">Choisir de consommer des <strong>aliments biologiques<\/strong> et non transform\u00e9s contribue \u00e0 une meilleure sant\u00e9, car ces produits sont exempts de pesticides et d&rsquo;additifs chimiques. En int\u00e9grant davantage de <strong>fruits<\/strong>, de <strong>l\u00e9gumes<\/strong>, et de <strong>c\u00e9r\u00e9ales compl\u00e8tes<\/strong> dans son alimentation, on opte pour une approche nutritionnelle qui soutient le bien-\u00eatre global.<\/p>\n\n\n<p class=\"wp-block-paragraph\">En plus de l&rsquo;alimentation, la pr\u00e9servation de notre <strong>environnement<\/strong> est un autre pilier du lifestyle naturel. Cela implique de prendre conscience de notre consommation quotidienne et de ses impacts. R\u00e9duire les d\u00e9chets, privil\u00e9gier des alternatives r\u00e9utilisables, et limiter la consommation de plastique sont autant de gestes qui contribuent \u00e0 la protection de notre plan\u00e8te. En int\u00e9grant des <strong>pratiques \u00e9coresponsables<\/strong> dans notre quotidien, nous participons activement \u00e0 la conservation des ressources naturelles.<\/p>\n\n\n<p class=\"wp-block-paragraph\">La <strong>sant\u00e9 holistique<\/strong> est \u00e9galement essentielle dans ce mode de vie. Elle pr\u00f4ne une approche globale du bien-\u00eatre, o\u00f9 le corps, l&rsquo;esprit et l&rsquo;environnement sont interconnect\u00e9s. Cela signifie que prendre soin de soi implique aussi de prendre soin de son environnement. Les pratiques comme la <strong>m\u00e9ditation<\/strong>, le <strong>yoga<\/strong>, ou la simple marche en nature favorisent non seulement un esprit serein, mais aussi une connexion plus profonde avec notre entourage naturel. Prendre le temps d&rsquo;\u00e9valuer notre bien-\u00eatre personnel dans le cadre d&rsquo;un mode de vie respectueux de l&rsquo;environnement est crucial pour un \u00e9quilibre durable.<\/p>\n\n\n<p class=\"wp-block-paragraph\">En somme, le lifestyle naturel est une invitation \u00e0 repenser notre relation avec la nourriture, la plan\u00e8te et notre propre sant\u00e9. En mettant l&rsquo;accent sur ces principes fondamentaux, chacun peut contribuer \u00e0 cr\u00e9er un monde plus sain et harmonieux.<\/p>\n\n\n\n<p class=\"wp-block-paragraph\">Adopter un <strong>lifestyle naturel<\/strong> offre une multitude de b\u00e9n\u00e9fices, tant <strong>physiques<\/strong> que <strong>mentaux<\/strong>. En privil\u00e9giant des produits simples et authentiques, on favorise un retour aux sources qui am\u00e9liore notre bien-\u00eatre g\u00e9n\u00e9ral.<\/p>\n\n\n<h2 class=\"wp-block-heading\">Bienfaits Physiques<\/h2>\n\n\n<p class=\"wp-block-paragraph\">Sur le plan physique, l&rsquo;utilisation de <strong>produits naturels<\/strong> dans notre routine quotidienne contribue \u00e0 la sant\u00e9. De nombreuses personnes ont constat\u00e9 une nette am\u00e9lioration de leur \u00e9nergie et de leur vitalit\u00e9. Par exemple, Laura, une m\u00e8re de famille de 35 ans, a partag\u00e9 son exp\u00e9rience : \u00ab\u00a0Depuis que j&rsquo;ai chang\u00e9 mon r\u00e9gime alimentaire pour inclure davantage de fruits et l\u00e9gumes bio, je me sens moins fatigu\u00e9e et plus alerte.\u00a0\u00bb Cela souligne l&rsquo;importance de consommer des aliments frais et de saison, qui sont souvent plus nutritifs.<\/p>\n\n\n<h2 class=\"wp-block-heading\">Impact sur le Mental<\/h2>\n\n\n<p class=\"wp-block-paragraph\">Le retour \u00e0 une vie plus \u00e9coresponsable a \u00e9galement des effets positifs sur la sant\u00e9 mentale. Une \u00e9tude men\u00e9e par l&rsquo;universit\u00e9 de Stanford a r\u00e9v\u00e9l\u00e9 que les personnes qui passent du temps dans la nature exp\u00e9rimentent une r\u00e9duction significative des sympt\u00f4mes d&rsquo;anxi\u00e9t\u00e9 et de d\u00e9pression. En ce sens, Antoine, un passionn\u00e9 de randonn\u00e9e, a t\u00e9moign\u00e9 : \u00ab\u00a0Apr\u00e8s une longue journ\u00e9e de travail, passer du temps \u00e0 l&rsquo;ext\u00e9rieur en for\u00eat me permet de l\u00e2cher prise et de recharger mes batteries.\u00a0\u00bb Cela montre l&rsquo;importance d&rsquo;\u00e9tablir une connexion avec notre environnement naturel pour notre bien-\u00eatre psychologique.<\/p>\n\n\n<h2 class=\"wp-block-heading\">Pratiques Durables et Bien-\u00catre<\/h2>\n\n\n<p class=\"wp-block-paragraph\">Le style de vie naturel implique aussi une attention particuli\u00e8re port\u00e9e \u00e0 <strong>l&rsquo;origine des mat\u00e9riaux<\/strong> et des produits que nous utilisons. Par exemple, la marque Comme Avant propose une cosm\u00e9tique simple, fond\u00e9e sur des principes de transparence et de respect de l&rsquo;environnement. Les utilisateurs soulignent souvent que leurs peaux sont moins irrit\u00e9es et plus \u00e9quilibr\u00e9es depuis qu&rsquo;ils ont opt\u00e9 pour ces cosm\u00e9tiques artisanaux.<\/p>\n\n\n<h2 class=\"wp-block-heading\">D\u00e9tox et Remise en Forme<\/h2>\n\n\n<p class=\"wp-block-paragraph\">Apr\u00e8s les p\u00e9riodes de f\u00eate, l&rsquo;adoption d&rsquo;un <strong>mode de vie plus sain<\/strong> est souvent synonyme de d\u00e9tox. Les jus verts, \u00e9labor\u00e9s \u00e0 partir d&rsquo;ingr\u00e9dients naturels comme le <strong>moringa<\/strong> ou l&rsquo;<strong>aloe vera<\/strong>, sont de plus en plus pris\u00e9s. Marie, une adepte du bien-\u00eatre, note : \u00ab\u00a0Ces jus m\u2019aident \u00e0 me sentir purifi\u00e9e et dynamis\u00e9e, pr\u00eate \u00e0 affronter mes journ\u00e9es.\u00a0\u00bb Cela d\u00e9montre l&rsquo;impact qu&rsquo;ont les choix alimentaires sur notre forme physique et mentale.<\/p>\n\n\n<h2 class=\"wp-block-heading\">Le Retour \u00e0 la Nature<\/h2>\n\n\n<p class=\"wp-block-paragraph\">Pour de nombreuses personnes, le simple fait de se rapprocher de la nature procure un sentiment d&rsquo;apaisement. Un t\u00e9moignage d&rsquo;un groupe de randonneurs souligne ce ph\u00e9nom\u00e8ne : \u00ab\u00a0Chaque fois que nous organisons une sortie dans la nature, nous ressentons un bien-\u00eatre presque palpable. C&rsquo;est un retour \u00e0 l&rsquo;essentiel.\u00a0\u00bb Ces activit\u00e9s renforcent l&rsquo;id\u00e9e que la nature est une source inestimable de ressourcement, tant au niveau physique que mental.<\/p>\n\n\n<figure class=\"wp-block-embed is-type-video is-provider-youtube wp-block-embed-youtube wp-embed-aspect-16-9 wp-has-aspect-ratio\">\n<div class=\"wp-block-embed__wrapper\">\n<iframe loading=\"lazy\" title=\"RETOUR AUX SOURCES Film documentaire ind\u00e9pendant Guyane Fran\u00e7aise 2018 (with subtitles)\" width=\"1200\" height=\"675\" src=\"https:\/\/www.youtube.com\/embed\/rGoQWhhHpCo?feature=oembed\" frameborder=\"0\" allow=\"accelerometer; autoplay; clipboard-write; encrypted-media; gyroscope; picture-in-picture; web-share\" referrerpolicy=\"strict-origin-when-cross-origin\" allowfullscreen><\/iframe>\n<\/div>\n<\/figure>\n\n\n\n<p class=\"wp-block-paragraph\">Adopter un <strong>lifestyle naturel<\/strong> ne n\u00e9cessite pas de changements radicaux, mais plut\u00f4t des ajustements progressifs dans votre quotidien. Voici quelques conseils pratiques et faciles \u00e0 suivre :<\/p>\n\n\n<h2 class=\"wp-block-heading\">1. Choisissez des Produits Locaux<\/h2>\n\n\n<p class=\"wp-block-paragraph\">Optez pour des <strong>aliments locaux<\/strong> et de saison. Non seulement cela soutient les agriculteurs de votre r\u00e9gion, mais cela r\u00e9duit \u00e9galement l&#8217;empreinte carbone li\u00e9e au transport des produits.<\/p>\n\n\n<h2 class=\"wp-block-heading\">2. R\u00e9duisez les D\u00e9chets<\/h2>\n\n\n<p class=\"wp-block-paragraph\">Pratiquez le <strong>z\u00e9ro d\u00e9chet<\/strong> en utilisant des sacs r\u00e9utilisables pour vos courses et en \u00e9vitant les produits emball\u00e9s. Pensez \u00e0 composter vos d\u00e9chets organiques pour enrichir votre jardin.<\/p>\n\n\n<h2 class=\"wp-block-heading\">3. Pratiquez la M\u00e9ditation et le Yoga<\/h2>\n\n\n<p class=\"wp-block-paragraph\">Int\u00e9grez des pratiques de <strong>m\u00e9ditation<\/strong> et de <strong>yoga<\/strong> dans votre quotidien pour am\u00e9liorer votre bien-\u00eatre mental et physique. Ces activit\u00e9s vous rapprochent de votre corps et de votre environnement.<\/p>\n\n\n<h2 class=\"wp-block-heading\">4. Utilisez des Produits \u00c9cologiques<\/h2>\n\n\n<p class=\"wp-block-paragraph\">Remplacez vos produits de nettoyage et d\u2019hygi\u00e8ne par des alternatives <strong>\u00e9cologiques<\/strong>. Cela r\u00e9duit l&rsquo;impact sur la plan\u00e8te tout en pr\u00e9servant votre sant\u00e9.<\/p>\n\n\n<h2 class=\"wp-block-heading\">5. Faites Attention \u00e0 Votre Consommation d&rsquo;Eau<\/h2>\n\n\n<p class=\"wp-block-paragraph\">Adoptez des pratiques pour \u00e9conomiser l&rsquo;<strong>eau<\/strong>, comme prendre des douches plus courtes et r\u00e9colter l&rsquo;eau de pluie pour arroser vos plantes.<\/p>\n\n\n<h2 class=\"wp-block-heading\">6. Favorisez les Transports Durables<\/h2>\n\n\n<p class=\"wp-block-paragraph\">Privil\u00e9giez la <strong>marche<\/strong>, le <strong>v\u00e9lo<\/strong> ou les transports en commun pour vos d\u00e9placements. Cela non seulement r\u00e9duit votre empreinte carbone, mais am\u00e9liore \u00e9galement votre sant\u00e9 physique.<\/p>\n\n\n<h2 class=\"wp-block-heading\">7. Cr\u00e9ez un Espace Vert chez Vous<\/h2>\n\n\n<p class=\"wp-block-paragraph\">Que ce soit un petit jardin ou des <strong>plantes d&rsquo;int\u00e9rieur<\/strong>, un espace vert contribue \u00e0 purifier l&rsquo;air et apporte une touche de nature dans votre int\u00e9rieur.<\/p>\n\n\n<h2 class=\"wp-block-heading\">8. Lire des Livres sur le Lifestyle Naturel<\/h2>\n\n\n<p class=\"wp-block-paragraph\">Plongez dans des livres ou des articles d\u00e9di\u00e9s au <strong>lifestyle naturel<\/strong> pour vous inspirer et d\u00e9couvrir de nouvelles pratiques \u00e0 int\u00e9grer facilement.<\/p>\n\n\n<h2 class=\"wp-block-heading\">9. Impliquez votre Famille et Vos Amis<\/h2>\n\n\n<p class=\"wp-block-paragraph\">Partagez vos nouvelles habitudes avec vos proches pour cr\u00e9er une dynamique collective autour d\u2019un mode de vie plus <strong>durable<\/strong>.<\/p>\n\n\n<h2 class=\"wp-block-heading\">10. Pratiquez la Gratitude<\/h2>\n\n\n<p class=\"wp-block-paragraph\">Prenez le temps chaque jour de r\u00e9fl\u00e9chir \u00e0 ce pour quoi vous \u00eates reconnaissant dans votre vie. Cela aide \u00e0 cultiver une attitude positive et respectueuse envers la nature.<\/p>\n\n\n\n<p class=\"wp-block-paragraph\">Adopter un <strong>lifestyle naturel<\/strong> implique de revenir \u00e0 des pratiques plus simples et respectueuses de l&rsquo;environnement. En int\u00e9grant des choix alimentaires <strong>durables<\/strong>, en privil\u00e9giant des produits <strong>\u00e9cologiques<\/strong> et en r\u00e9duisant notre empreinte <strong>\u00e9cologique<\/strong>, nous contribuons \u00e0 la pr\u00e9servation de notre plan\u00e8te. Ce chemin vers un mode de vie plus authentique est parsem\u00e9 de petits gestes quotidiens, allant du recyclage \u00e0 la consommation responsable. Chacun d&rsquo;entre nous peut faire la diff\u00e9rence, que ce soit en choisissant des m\u00e9thodes de <strong>jardinage<\/strong> bio, en utilisant des alternatives <strong>z\u00e9ro d\u00e9chet<\/strong> ou en soutenant des initiatives locales. L&rsquo;objectif est de cr\u00e9er un \u00e9quilibre entre nos besoins et ceux de la nature, pour un avenir plus sain et harmonieux.<\/p>\n\n\n<div style=\"display: block;\">\n<div id=\"fb-root\"><\/div>\n<script async defer crossorigin=\"anonymous\" src=\"https:\/\/connect.facebook.net\/fr_FR\/sdk.js#xfbml=1&#038;version=v17.0\"><\/script>\n<div class=\"fb-post\" data-href=\"https:\/\/www.facebook.com\/LabessTunisie\/posts\/939311153422280\" data-width=\"500\" data-show-text=\"true\"><\/div>\n<\/div>\n","protected":false},"excerpt":{"rendered":"","protected":false},"author":34,"featured_media":7385,"comment_status":"open","ping_status":"open","sticky":false,"template":"","format":"standard","meta":{"_acf_changed":false,"manual_indexmenow":false,"indexmenow_id_project":0,"footnotes":""},"categories":[1],"tags":[],"class_list":["post-7380","post","type-post","status-publish","format-standard","has-post-thumbnail","hentry","category-a-la-une","generate-columns","tablet-grid-50","mobile-grid-100","grid-parent","grid-25"],"acf":[],"yoast_head":"<!-- This site is optimized with the Yoast SEO Premium plugin v21.3 (Yoast SEO v25.6) - https:\/\/yoast.com\/wordpress\/plugins\/seo\/ -->\n<title>Retour aux Sources : Red\u00e9couvrez le Lifestyle Naturel<\/title>\n<meta name=\"description\" content=\"Dans un monde o\u00f9 la technologie et la consommation effr\u00e9n\u00e9e dominent notre quotidien, le retour aux sources du lifestyle naturel appara\u00eet comme une\" \/>\n<meta name=\"robots\" content=\"index, follow, max-snippet:-1, max-image-preview:large, max-video-preview:-1\" \/>\n<link rel=\"canonical\" href=\"https:\/\/greenwichmeridien.fr\/blog\/a-la-une\/le-retour-aux-sources-du-lifestyle-naturel\/\" \/>\n<meta property=\"og:locale\" content=\"fr_FR\" \/>\n<meta property=\"og:type\" content=\"article\" \/>\n<meta property=\"og:title\" content=\"Retour aux Sources : Red\u00e9couvrez le Lifestyle Naturel\" \/>\n<meta property=\"og:description\" content=\"Dans un monde o\u00f9 la technologie et la consommation effr\u00e9n\u00e9e dominent notre quotidien, le retour aux sources du lifestyle naturel appara\u00eet comme une\" \/>\n<meta property=\"og:url\" content=\"https:\/\/greenwichmeridien.fr\/blog\/a-la-une\/le-retour-aux-sources-du-lifestyle-naturel\/\" \/>\n<meta property=\"og:site_name\" content=\"greenwichmeridien\" \/>\n<meta property=\"og:image\" content=\"https:\/\/greenwichmeridien.fr\/blog\/wp-content\/uploads\/2025\/02\/sdxl-e99b8e0fbc8e7435c54e1bec20d21494.png\" \/>\n\t<meta property=\"og:image:width\" content=\"1536\" \/>\n\t<meta property=\"og:image:height\" content=\"640\" \/>\n\t<meta property=\"og:image:type\" content=\"image\/png\" \/>\n<meta name=\"author\" content=\"Samuel Chalmin\" \/>\n<meta name=\"twitter:card\" content=\"summary_large_image\" \/>\n<script type=\"application\/ld+json\" class=\"yoast-schema-graph\">{\"@context\":\"https:\/\/schema.org\",\"@graph\":[{\"@type\":\"NewsArticle\",\"@id\":\"https:\/\/greenwichmeridien.fr\/blog\/a-la-une\/le-retour-aux-sources-du-lifestyle-naturel\/#article\",\"isPartOf\":{\"@id\":\"https:\/\/greenwichmeridien.fr\/blog\/a-la-une\/le-retour-aux-sources-du-lifestyle-naturel\/\"},\"author\":{\"name\":\"Samuel Chalmin\",\"@id\":\"https:\/\/greenwichmeridien.fr\/blog\/#\/schema\/person\/3c864cdc320801e3db34b663e7e3f816\"},\"headline\":\"Le retour aux sources du lifestyle naturel\",\"datePublished\":\"2025-01-10T06:59:07+00:00\",\"mainEntityOfPage\":{\"@id\":\"https:\/\/greenwichmeridien.fr\/blog\/a-la-une\/le-retour-aux-sources-du-lifestyle-naturel\/\"},\"wordCount\":1482,\"commentCount\":0,\"publisher\":{\"@id\":\"https:\/\/greenwichmeridien.fr\/blog\/#organization\"},\"image\":{\"@id\":\"https:\/\/greenwichmeridien.fr\/blog\/a-la-une\/le-retour-aux-sources-du-lifestyle-naturel\/#primaryimage\"},\"thumbnailUrl\":\"https:\/\/greenwichmeridien.fr\/blog\/wp-content\/uploads\/2025\/02\/sdxl-e99b8e0fbc8e7435c54e1bec20d21494.png\",\"articleSection\":[\"\u00c0 la une\"],\"inLanguage\":\"fr-FR\",\"potentialAction\":[{\"@type\":\"CommentAction\",\"name\":\"Comment\",\"target\":[\"https:\/\/greenwichmeridien.fr\/blog\/a-la-une\/le-retour-aux-sources-du-lifestyle-naturel\/#respond\"]}]},{\"@type\":\"WebPage\",\"@id\":\"https:\/\/greenwichmeridien.fr\/blog\/a-la-une\/le-retour-aux-sources-du-lifestyle-naturel\/\",\"url\":\"https:\/\/greenwichmeridien.fr\/blog\/a-la-une\/le-retour-aux-sources-du-lifestyle-naturel\/\",\"name\":\"Retour aux Sources : Red\u00e9couvrez le Lifestyle Naturel\",\"isPartOf\":{\"@id\":\"https:\/\/greenwichmeridien.fr\/blog\/#website\"},\"primaryImageOfPage\":{\"@id\":\"https:\/\/greenwichmeridien.fr\/blog\/a-la-une\/le-retour-aux-sources-du-lifestyle-naturel\/#primaryimage\"},\"image\":{\"@id\":\"https:\/\/greenwichmeridien.fr\/blog\/a-la-une\/le-retour-aux-sources-du-lifestyle-naturel\/#primaryimage\"},\"thumbnailUrl\":\"https:\/\/greenwichmeridien.fr\/blog\/wp-content\/uploads\/2025\/02\/sdxl-e99b8e0fbc8e7435c54e1bec20d21494.png\",\"datePublished\":\"2025-01-10T06:59:07+00:00\",\"description\":\"Dans un monde o\u00f9 la technologie et la consommation effr\u00e9n\u00e9e dominent notre quotidien, le retour aux sources du lifestyle naturel appara\u00eet comme une\",\"inLanguage\":\"fr-FR\",\"potentialAction\":[{\"@type\":\"ReadAction\",\"target\":[\"https:\/\/greenwichmeridien.fr\/blog\/a-la-une\/le-retour-aux-sources-du-lifestyle-naturel\/\"]}]},{\"@type\":\"ImageObject\",\"inLanguage\":\"fr-FR\",\"@id\":\"https:\/\/greenwichmeridien.fr\/blog\/a-la-une\/le-retour-aux-sources-du-lifestyle-naturel\/#primaryimage\",\"url\":\"https:\/\/greenwichmeridien.fr\/blog\/wp-content\/uploads\/2025\/02\/sdxl-e99b8e0fbc8e7435c54e1bec20d21494.png\",\"contentUrl\":\"https:\/\/greenwichmeridien.fr\/blog\/wp-content\/uploads\/2025\/02\/sdxl-e99b8e0fbc8e7435c54e1bec20d21494.png\",\"width\":1536,\"height\":640},{\"@type\":\"WebSite\",\"@id\":\"https:\/\/greenwichmeridien.fr\/blog\/#website\",\"url\":\"https:\/\/greenwichmeridien.fr\/blog\/\",\"name\":\"Greenwich M\u00e9ridien\",\"description\":\"Greenwich M\u00e9ridien, le rep\u00e8re du temps et du voyage\",\"publisher\":{\"@id\":\"https:\/\/greenwichmeridien.fr\/blog\/#organization\"},\"alternateName\":\"Greenwich M\u00e9ridien, le rep\u00e8re du temps et du voyage\",\"potentialAction\":[{\"@type\":\"SearchAction\",\"target\":{\"@type\":\"EntryPoint\",\"urlTemplate\":\"https:\/\/greenwichmeridien.fr\/blog\/?s={search_term_string}\"},\"query-input\":{\"@type\":\"PropertyValueSpecification\",\"valueRequired\":true,\"valueName\":\"search_term_string\"}}],\"inLanguage\":\"fr-FR\"},{\"@type\":\"Organization\",\"@id\":\"https:\/\/greenwichmeridien.fr\/blog\/#organization\",\"name\":\"Greenwich M\u00e9ridien\",\"alternateName\":\"Greenwich M\u00e9ridien\",\"url\":\"https:\/\/greenwichmeridien.fr\/blog\/\",\"logo\":{\"@type\":\"ImageObject\",\"inLanguage\":\"fr-FR\",\"@id\":\"https:\/\/greenwichmeridien.fr\/blog\/#\/schema\/logo\/image\/\",\"url\":\"https:\/\/greenwichmeridien.fr\/blog\/wp-content\/uploads\/2024\/12\/greenwichmeridien.png\",\"contentUrl\":\"https:\/\/greenwichmeridien.fr\/blog\/wp-content\/uploads\/2024\/12\/greenwichmeridien.png\",\"width\":500,\"height\":500,\"caption\":\"Greenwich M\u00e9ridien\"},\"image\":{\"@id\":\"https:\/\/greenwichmeridien.fr\/blog\/#\/schema\/logo\/image\/\"}},{\"@type\":\"Person\",\"@id\":\"https:\/\/greenwichmeridien.fr\/blog\/#\/schema\/person\/3c864cdc320801e3db34b663e7e3f816\",\"name\":\"Samuel Chalmin\",\"image\":{\"@type\":\"ImageObject\",\"inLanguage\":\"fr-FR\",\"@id\":\"https:\/\/greenwichmeridien.fr\/blog\/#\/schema\/person\/image\/\",\"url\":\"https:\/\/secure.gravatar.com\/avatar\/cef3677de7d237273d13053728f9470818581a8a27d9bf6f5039fd18508a905f?s=96&d=mm&r=g\",\"contentUrl\":\"https:\/\/secure.gravatar.com\/avatar\/cef3677de7d237273d13053728f9470818581a8a27d9bf6f5039fd18508a905f?s=96&d=mm&r=g\",\"caption\":\"Samuel Chalmin\"},\"description\":\"R\u00e9dacteur du site, il suit les questions de temps et de calendrier : m\u00e9ridien de Greenwich, heure GMT et UTC, fuseaux horaires, changement d'heure, ann\u00e9es bissextiles et jours f\u00e9ri\u00e9s.\",\"sameAs\":[\"https:\/\/samuelchalmin.fr\/\"],\"url\":\"https:\/\/greenwichmeridien.fr\/blog\/auteur\/noname\/\"}]}<\/script>\n<!-- \/ Yoast SEO Premium plugin. -->","yoast_head_json":{"title":"Retour aux Sources : Red\u00e9couvrez le Lifestyle Naturel","description":"Dans un monde o\u00f9 la technologie et la consommation effr\u00e9n\u00e9e dominent notre quotidien, le retour aux sources du lifestyle naturel appara\u00eet comme une","robots":{"index":"index","follow":"follow","max-snippet":"max-snippet:-1","max-image-preview":"max-image-preview:large","max-video-preview":"max-video-preview:-1"},"canonical":"https:\/\/greenwichmeridien.fr\/blog\/a-la-une\/le-retour-aux-sources-du-lifestyle-naturel\/","og_locale":"fr_FR","og_type":"article","og_title":"Retour aux Sources : Red\u00e9couvrez le Lifestyle Naturel","og_description":"Dans un monde o\u00f9 la technologie et la consommation effr\u00e9n\u00e9e dominent notre quotidien, le retour aux sources du lifestyle naturel appara\u00eet comme une","og_url":"https:\/\/greenwichmeridien.fr\/blog\/a-la-une\/le-retour-aux-sources-du-lifestyle-naturel\/","og_site_name":"greenwichmeridien","og_image":[{"width":1536,"height":640,"url":"https:\/\/greenwichmeridien.fr\/blog\/wp-content\/uploads\/2025\/02\/sdxl-e99b8e0fbc8e7435c54e1bec20d21494.png","type":"image\/png"}],"author":"Samuel Chalmin","twitter_card":"summary_large_image","schema":{"@context":"https:\/\/schema.org","@graph":[{"@type":"NewsArticle","@id":"https:\/\/greenwichmeridien.fr\/blog\/a-la-une\/le-retour-aux-sources-du-lifestyle-naturel\/#article","isPartOf":{"@id":"https:\/\/greenwichmeridien.fr\/blog\/a-la-une\/le-retour-aux-sources-du-lifestyle-naturel\/"},"author":{"name":"Samuel Chalmin","@id":"https:\/\/greenwichmeridien.fr\/blog\/#\/schema\/person\/3c864cdc320801e3db34b663e7e3f816"},"headline":"Le retour aux sources du lifestyle naturel","datePublished":"2025-01-10T06:59:07+00:00","mainEntityOfPage":{"@id":"https:\/\/greenwichmeridien.fr\/blog\/a-la-une\/le-retour-aux-sources-du-lifestyle-naturel\/"},"wordCount":1482,"commentCount":0,"publisher":{"@id":"https:\/\/greenwichmeridien.fr\/blog\/#organization"},"image":{"@id":"https:\/\/greenwichmeridien.fr\/blog\/a-la-une\/le-retour-aux-sources-du-lifestyle-naturel\/#primaryimage"},"thumbnailUrl":"https:\/\/greenwichmeridien.fr\/blog\/wp-content\/uploads\/2025\/02\/sdxl-e99b8e0fbc8e7435c54e1bec20d21494.png","articleSection":["\u00c0 la une"],"inLanguage":"fr-FR","potentialAction":[{"@type":"CommentAction","name":"Comment","target":["https:\/\/greenwichmeridien.fr\/blog\/a-la-une\/le-retour-aux-sources-du-lifestyle-naturel\/#respond"]}]},{"@type":"WebPage","@id":"https:\/\/greenwichmeridien.fr\/blog\/a-la-une\/le-retour-aux-sources-du-lifestyle-naturel\/","url":"https:\/\/greenwichmeridien.fr\/blog\/a-la-une\/le-retour-aux-sources-du-lifestyle-naturel\/","name":"Retour aux Sources : Red\u00e9couvrez le Lifestyle Naturel","isPartOf":{"@id":"https:\/\/greenwichmeridien.fr\/blog\/#website"},"primaryImageOfPage":{"@id":"https:\/\/greenwichmeridien.fr\/blog\/a-la-une\/le-retour-aux-sources-du-lifestyle-naturel\/#primaryimage"},"image":{"@id":"https:\/\/greenwichmeridien.fr\/blog\/a-la-une\/le-retour-aux-sources-du-lifestyle-naturel\/#primaryimage"},"thumbnailUrl":"https:\/\/greenwichmeridien.fr\/blog\/wp-content\/uploads\/2025\/02\/sdxl-e99b8e0fbc8e7435c54e1bec20d21494.png","datePublished":"2025-01-10T06:59:07+00:00","description":"Dans un monde o\u00f9 la technologie et la consommation effr\u00e9n\u00e9e dominent notre quotidien, le retour aux sources du lifestyle naturel appara\u00eet comme une","inLanguage":"fr-FR","potentialAction":[{"@type":"ReadAction","target":["https:\/\/greenwichmeridien.fr\/blog\/a-la-une\/le-retour-aux-sources-du-lifestyle-naturel\/"]}]},{"@type":"ImageObject","inLanguage":"fr-FR","@id":"https:\/\/greenwichmeridien.fr\/blog\/a-la-une\/le-retour-aux-sources-du-lifestyle-naturel\/#primaryimage","url":"https:\/\/greenwichmeridien.fr\/blog\/wp-content\/uploads\/2025\/02\/sdxl-e99b8e0fbc8e7435c54e1bec20d21494.png","contentUrl":"https:\/\/greenwichmeridien.fr\/blog\/wp-content\/uploads\/2025\/02\/sdxl-e99b8e0fbc8e7435c54e1bec20d21494.png","width":1536,"height":640},{"@type":"WebSite","@id":"https:\/\/greenwichmeridien.fr\/blog\/#website","url":"https:\/\/greenwichmeridien.fr\/blog\/","name":"Greenwich M\u00e9ridien","description":"Greenwich M\u00e9ridien, le rep\u00e8re du temps et du voyage","publisher":{"@id":"https:\/\/greenwichmeridien.fr\/blog\/#organization"},"alternateName":"Greenwich M\u00e9ridien, le rep\u00e8re du temps et du voyage","potentialAction":[{"@type":"SearchAction","target":{"@type":"EntryPoint","urlTemplate":"https:\/\/greenwichmeridien.fr\/blog\/?s={search_term_string}"},"query-input":{"@type":"PropertyValueSpecification","valueRequired":true,"valueName":"search_term_string"}}],"inLanguage":"fr-FR"},{"@type":"Organization","@id":"https:\/\/greenwichmeridien.fr\/blog\/#organization","name":"Greenwich M\u00e9ridien","alternateName":"Greenwich M\u00e9ridien","url":"https:\/\/greenwichmeridien.fr\/blog\/","logo":{"@type":"ImageObject","inLanguage":"fr-FR","@id":"https:\/\/greenwichmeridien.fr\/blog\/#\/schema\/logo\/image\/","url":"https:\/\/greenwichmeridien.fr\/blog\/wp-content\/uploads\/2024\/12\/greenwichmeridien.png","contentUrl":"https:\/\/greenwichmeridien.fr\/blog\/wp-content\/uploads\/2024\/12\/greenwichmeridien.png","width":500,"height":500,"caption":"Greenwich M\u00e9ridien"},"image":{"@id":"https:\/\/greenwichmeridien.fr\/blog\/#\/schema\/logo\/image\/"}},{"@type":"Person","@id":"https:\/\/greenwichmeridien.fr\/blog\/#\/schema\/person\/3c864cdc320801e3db34b663e7e3f816","name":"Samuel Chalmin","image":{"@type":"ImageObject","inLanguage":"fr-FR","@id":"https:\/\/greenwichmeridien.fr\/blog\/#\/schema\/person\/image\/","url":"https:\/\/secure.gravatar.com\/avatar\/cef3677de7d237273d13053728f9470818581a8a27d9bf6f5039fd18508a905f?s=96&d=mm&r=g","contentUrl":"https:\/\/secure.gravatar.com\/avatar\/cef3677de7d237273d13053728f9470818581a8a27d9bf6f5039fd18508a905f?s=96&d=mm&r=g","caption":"Samuel Chalmin"},"description":"R\u00e9dacteur du site, il suit les questions de temps et de calendrier : m\u00e9ridien de Greenwich, heure GMT et UTC, fuseaux horaires, changement d'heure, ann\u00e9es bissextiles et jours f\u00e9ri\u00e9s.","sameAs":["https:\/\/samuelchalmin.fr\/"],"url":"https:\/\/greenwichmeridien.fr\/blog\/auteur\/noname\/"}]}},"_links":{"self":[{"href":"https:\/\/greenwichmeridien.fr\/blog\/wp-json\/wp\/v2\/posts\/7380","targetHints":{"allow":["GET"]}}],"collection":[{"href":"https:\/\/greenwichmeridien.fr\/blog\/wp-json\/wp\/v2\/posts"}],"about":[{"href":"https:\/\/greenwichmeridien.fr\/blog\/wp-json\/wp\/v2\/types\/post"}],"author":[{"embeddable":true,"href":"https:\/\/greenwichmeridien.fr\/blog\/wp-json\/wp\/v2\/users\/34"}],"replies":[{"embeddable":true,"href":"https:\/\/greenwichmeridien.fr\/blog\/wp-json\/wp\/v2\/comments?post=7380"}],"version-history":[{"count":0,"href":"https:\/\/greenwichmeridien.fr\/blog\/wp-json\/wp\/v2\/posts\/7380\/revisions"}],"wp:featuredmedia":[{"embeddable":true,"href":"https:\/\/greenwichmeridien.fr\/blog\/wp-json\/wp\/v2\/media\/7385"}],"wp:attachment":[{"href":"https:\/\/greenwichmeridien.fr\/blog\/wp-json\/wp\/v2\/media?parent=7380"}],"wp:term":[{"taxonomy":"category","embeddable":true,"href":"https:\/\/greenwichmeridien.fr\/blog\/wp-json\/wp\/v2\/categories?post=7380"},{"taxonomy":"post_tag","embeddable":true,"href":"https:\/\/greenwichmeridien.fr\/blog\/wp-json\/wp\/v2\/tags?post=7380"}],"curies":[{"name":"wp","href":"https:\/\/api.w.org\/{rel}","templated":true}]}}