{"id":7395,"date":"2025-03-06T19:29:29","date_gmt":"2025-03-06T18:29:29","guid":{"rendered":"https:\/\/greenwichmeridien.fr\/blog\/?p=7395"},"modified":"2025-03-07T10:19:17","modified_gmt":"2025-03-07T09:19:17","slug":"la-vendee-en-camping-des-vacances-pas-cheres-et-depaysantes","status":"publish","type":"post","link":"https:\/\/greenwichmeridien.fr\/blog\/a-la-une\/la-vendee-en-camping-des-vacances-pas-cheres-et-depaysantes\/","title":{"rendered":"La Vend\u00e9e en camping : des vacances pas ch\u00e8res et d\u00e9paysantes"},"content":{"rendered":"<h2>D\u00e9couvrir la diversit\u00e9 naturelle vend\u00e9enne<\/h2>\n<p>La Vend\u00e9e est un d\u00e9partement o\u00f9 la <strong>nature semble faire partie int\u00e9grante<\/strong> du quotidien. Que ce soit \u00e0 travers ses marais ou ses c\u00f4tes escarp\u00e9es, chaque instant pass\u00e9 dehors d\u00e9voile un paysage nouveau et inspirant. Les campings, souvent situ\u00e9s pr\u00e8s de ces sites naturels, permettent d\u2019acc\u00e9der facilement \u00e0 de nombreux tr\u00e9sors cach\u00e9s. <a href=\"https:\/\/www.levillagedeflorine.com\/\">En savoir plus<\/a><\/p>\n<p>L&rsquo;\u00eele de Noirmoutier, par exemple, est un joyau accessible depuis plusieurs emplacements de camping. Lorsque la mer se retire, un passage permet m\u00eame de s&rsquo;y rendre \u00e0 pied. De nombreuses pistes cyclables sillonnent l\u2019\u00eele, rendant chaque balade aussi agr\u00e9able que pittoresque. \u00c0 l&rsquo;int\u00e9rieur des terres, les campings offrent \u00e9galement des vues imprenables sur les multiples for\u00eats et jardins. La richesse floristique et faunistique du lieu rend chaque promenade fascinante \u00e0 observer.<\/p>\n<h3>Les plages vend\u00e9ennes<\/h3>\n<p>Impossible de s\u00e9journer en Vend\u00e9e sans profiter de ses c\u00e9l\u00e8bres plages. Les longues bandes de sable fin qui s\u2019\u00e9tendent \u00e0 perte de vue sont id\u00e9ales pour une journ\u00e9e de farniente ou d\u2019activit\u00e9s nautiques. Que vous soyez adepte de bronzage ou passionn\u00e9 de sports d\u2019eau tels que le surf ou le stand-up paddle, les choix ne manquent pas. Installer sa tente \u00e0 proximit\u00e9 de ces espaces garantit de pouvoir pleinement jouir des bienfaits de l\u2019oc\u00e9an d\u00e8s le petit matin.<\/p>\n<p>Il n&rsquo;est pas rare de voir les familles se pr\u00e9cipiter sur de grandes \u00e9tendues telles que Les Sables-d&rsquo;Olonne, un lieu populaire avec de multiples commodit\u00e9s. Plus au sud, une plage plus sauvage comme celle de la Tranche-sur-Mer pourra satisfaire ceux pr\u00e9f\u00e9rant des coins un peu moins fr\u00e9quent\u00e9s mais tout aussi s\u00e9duisants.<\/p>\n<h3>Sans oublier les marais<\/h3>\n<p>Un autre atout majeur lorsque l\u2019on pense \u00e0 la Vend\u00e9e reste son territoire marqu\u00e9 par les marais. D\u00e9couvrir le Marais poitevin, souvent surnomm\u00e9 la \u00ab\u00a0Venise verte\u00a0\u00bb, est une exp\u00e9rience incontournable. Ces voies navigables bord\u00e9es de verdure invitent \u00e0 une exploration paisible en barque ou en cano\u00eb. Les campings autour de ces zones pluviales offrent une occasion id\u00e9ale de poser bagages \u00e0 proximit\u00e9 imm\u00e9diate de ce r\u00e9seau luxuriant.<\/p>\n<p>Cet \u00e9cosyst\u00e8me fragile regorge d&rsquo;une vari\u00e9t\u00e9 de <strong>vie sauvage captivante<\/strong> \u00e0 observer de loin. Beaux sp\u00e9cimens ail\u00e9s, amphibiens rares et plantes aquatiques y prosp\u00e8rent, cr\u00e9ant un environnement enchanteur \u00e0 arpenter.<\/p>\n<h2>Le patrimoine culturel vend\u00e9en<\/h2>\n<p>En choisissant le camping, vous faites bien plus que simplement r\u00e9duire vos co\u00fbts. Vous vous ouvrez \u00e9galement \u00e0 l&rsquo;art et la culture jalousement pr\u00e9serv\u00e9s sur le territoire. Entrem\u00eal\u00e9s au charme naturel de la Vend\u00e9e, ces \u00e9l\u00e9ments trouvent toujours une place dans l\u2019itin\u00e9raire des visiteurs avertis.<\/p>\n<p>Sainte-Hermine ou Mouilleron-en-Pareds sont parmi ces villages typiquement vend\u00e9ens dot\u00e9s d&rsquo;un grand int\u00e9r\u00eat historique. Par ailleurs, profitez des \u00e9v\u00e9nements locaux organis\u00e9s l\u00e0-bas pendant l&rsquo;\u00e9t\u00e9 pour vivre encore davantage cette atmosph\u00e8re authentiquement fran\u00e7aise.<\/p>\n<h3>Les forts et abbayes<\/h3>\n<p>Historiquement, la Vend\u00e9e a jou\u00e9 un r\u00f4le cl\u00e9 qui se refl\u00e8te dans ses divers forts et abbayes historiques. Le village fortifi\u00e9 de Saint-Martin-de-R\u00e9 sur l&rsquo;\u00eele de R\u00e9 est un exemple parfait de l&rsquo;architecture militaire ancienne m\u00eal\u00e9e \u00e0 la tranquillit\u00e9 d\u2019aujourd\u2019hui. Non loin de l\u00e0, l\u2019Abbaye Royale de Nieul-sur-l\u2019Autise, magnifiquement restaur\u00e9e, compte parmi les haltes incontournables lors d\u2019un p\u00e9riple dans les environs vend\u00e9ens.<\/p>\n<p>Ces structures robustes racontent des r\u00e9cits anciens aux pierres us\u00e9es par le temps. Chacun poss\u00e9dant histoires et l\u00e9gendes sp\u00e9cifiques, ils captivent toujours ceux ayant le souhait d\u2019en savoir plus sur leur fonction pass\u00e9e.<\/p>\n<h2>Astuces pour planifier votre s\u00e9jour en camping en Vend\u00e9e<\/h2>\n<p>Puisque partir en camping implique quelques pr\u00e9paratifs, voici des recommandations pertinentes facilitant l\u2019organisation pr\u00e9alable :<\/p>\n<ul>\n<li><strong>Choisissez judicieusement votre emplacement :<\/strong> Accordez attention \u00e0 la proximit\u00e9 des lieux d&rsquo;int\u00e9r\u00eat !<\/li>\n<li><strong>Prenez soin de pr\u00e9parer une liste de courses compl\u00e8te :<\/strong> Anticipez vos approvisionnements pour \u00e9viter les achats superflus !<\/li>\n<li><strong>Pr\u00e9voyez des activit\u00e9s correspondant \u00e0 tous les membres de la famille :<\/strong> Int\u00e9grez des activit\u00e9s adapt\u00e9es pour les jeunes enfants si n\u00e9cessaire !<\/li>\n<li><strong>Envisagez la location de v\u00e9los :<\/strong> Explorer les circuits nationaux EuroVelo recommand\u00e9s offrant de somptueux panoramas naturels.<\/li>\n<\/ul>\n<h3>P\u00e9riodes favorables pour camper<\/h3>\n<p>Pour maximiser la d\u00e9couverte tout en optimisant votre budget, privil\u00e9giez le d\u00e9but du printemps ou le d\u00e9but de l&rsquo;automne. Cela permet de b\u00e9n\u00e9ficier de services avec une occupation moindre et \u00e0 des prix r\u00e9duits, en \u00e9vitant le rush des vacances scolaires tout en conservant une accessibilit\u00e9 majoritaire des attractions touristiques.<\/p>\n<h3>Avantage financier non n\u00e9gligeable<\/h3>\n<p>Les vacances en camping offrent la simplicit\u00e9 d&rsquo;un espace personnel minimaliste en pleine nature. Le bonheur est garanti par une red\u00e9couverte de valeurs pleines de conscience incitant \u00e0 l&rsquo;authenticit\u00e9. Il est frappant de constater combien cette strat\u00e9gie fonctionne parfaitement en comparaison des options plus co\u00fbteuses que sont les h\u00f4tels ou chambres d\u2019h\u00f4tes dans les zones urbaines principales.<\/p>\n<h2>FAQs sur le camping en Vend\u00e9e<\/h2>\n<div>\n<div>\n<h3>Quelles sont les infrastructures typiques disponibles dans un camping vend\u00e9en ?<\/h3>\n<div>\n<p>La majorit\u00e9 des campings en Vend\u00e9e proposent diverses infrastructures pour rendre le s\u00e9jour plus agr\u00e9able :<\/p>\n<ul>\n<li>Terrains de sport (tennis, football)<\/li>\n<li>Blocs sanitaires modernes r\u00e9guli\u00e8rement entretenus<\/li>\n<li>Boulangerie ou petite \u00e9picerie proposant des produits locaux<\/li>\n<li>Piscine ou acc\u00e8s direct \u00e0 la plage avec cours de baignade s\u00e9curis\u00e9s<\/li>\n<\/ul>\n<\/div>\n<\/div>\n<div>\n<h3>Quels sont quelques-uns des campings les mieux not\u00e9s par les visiteurs en Vend\u00e9e ?<\/h3>\n<div>\n<p>Plusieurs campings de renom accueillent les touristes ann\u00e9e apr\u00e8s ann\u00e9e gr\u00e2ce \u00e0 leurs prestations exceptionnelles :<\/p>\n<ol>\n<li>Camping Le Bel Air aux Sables-d&rsquo;Olonne, appr\u00e9ci\u00e9 pour son ambiance conviviale<\/li>\n<li>Camping Les Ormeaux \u00e0 Jard-sur-Mer situ\u00e9 au c\u0153ur d&rsquo;une beaut\u00e9 exceptionnelle<\/li>\n<li>Camping La Grande M\u00e9tairie, une excellente option familiale avec des activit\u00e9s fournies gratuitement \u00e0 l&rsquo;int\u00e9rieur du site cl\u00f4tur\u00e9.<\/li>\n<\/ol>\n<\/div>\n<\/div>\n<div>\n<h3>Combien co\u00fbte en moyenne une nuit en camping lors de la haute saison touristique?<\/h3>\n<div>\n<p>Selon le type d\u2019emplacement d\u00e9sir\u00e9 et les options s\u00e9lectionn\u00e9es, voici une estimation des tarifs :<\/p>\n<table>\n<tbody>\n<tr>\n<th>Type d&#8217;emplacement<\/th>\n<th>Tarif journalier<\/th>\n<\/tr>\n<tr>\n<td>Tente basique<\/td>\n<td>25 &#8211; 35 \u20ac<\/td>\n<\/tr>\n<tr>\n<td>Caravane \u00e9lectrique<\/td>\n<td>45 &#8211; 60 \u20ac<\/td>\n<\/tr>\n<tr>\n<td>Mobil-Home Luxe<\/td>\n<td>70 &#8211; 120 \u20ac<\/td>\n<\/tr>\n<\/tbody>\n<\/table>\n<\/div>\n<\/div>\n<\/div>\n","protected":false},"excerpt":{"rendered":"","protected":false},"author":34,"featured_media":7397,"comment_status":"open","ping_status":"open","sticky":false,"template":"","format":"standard","meta":{"_acf_changed":false,"manual_indexmenow":false,"indexmenow_id_project":0,"footnotes":""},"categories":[1],"tags":[],"class_list":["post-7395","post","type-post","status-publish","format-standard","has-post-thumbnail","hentry","category-a-la-une","generate-columns","tablet-grid-50","mobile-grid-100","grid-parent","grid-25"],"acf":[],"yoast_head":"<!-- This site is optimized with the Yoast SEO Premium plugin v21.3 (Yoast SEO v25.6) - https:\/\/yoast.com\/wordpress\/plugins\/seo\/ -->\n<title>La Vend\u00e9e en camping : vacances pas ch\u00e8res et nature<\/title>\n<meta name=\"description\" content=\"D\u00e9couvrir la diversit\u00e9 naturelle vend\u00e9enne La Vend\u00e9e est un d\u00e9partement o\u00f9 la nature semble faire partie int\u00e9grante du quotidien. Que ce soit \u00e0 travers\" \/>\n<meta name=\"robots\" content=\"index, follow, max-snippet:-1, max-image-preview:large, max-video-preview:-1\" \/>\n<link rel=\"canonical\" href=\"https:\/\/greenwichmeridien.fr\/blog\/a-la-une\/la-vendee-en-camping-des-vacances-pas-cheres-et-depaysantes\/\" \/>\n<meta property=\"og:locale\" content=\"fr_FR\" \/>\n<meta property=\"og:type\" content=\"article\" \/>\n<meta property=\"og:title\" content=\"La Vend\u00e9e en camping : vacances pas ch\u00e8res et nature\" \/>\n<meta property=\"og:description\" content=\"D\u00e9couvrir la diversit\u00e9 naturelle vend\u00e9enne La Vend\u00e9e est un d\u00e9partement o\u00f9 la nature semble faire partie int\u00e9grante du quotidien. Que ce soit \u00e0 travers\" \/>\n<meta property=\"og:url\" content=\"https:\/\/greenwichmeridien.fr\/blog\/a-la-une\/la-vendee-en-camping-des-vacances-pas-cheres-et-depaysantes\/\" \/>\n<meta property=\"og:site_name\" content=\"greenwichmeridien\" \/>\n<meta property=\"og:image\" content=\"https:\/\/greenwichmeridien.fr\/blog\/wp-content\/uploads\/2025\/03\/sdxl-9948f1d9078db5a43f2e30205c2a5c5a.png\" \/>\n\t<meta property=\"og:image:width\" content=\"1536\" \/>\n\t<meta property=\"og:image:height\" content=\"640\" \/>\n\t<meta property=\"og:image:type\" content=\"image\/png\" \/>\n<meta name=\"author\" content=\"Samuel Chalmin\" \/>\n<meta name=\"twitter:card\" content=\"summary_large_image\" \/>\n<script type=\"application\/ld+json\" class=\"yoast-schema-graph\">{\"@context\":\"https:\/\/schema.org\",\"@graph\":[{\"@type\":\"NewsArticle\",\"@id\":\"https:\/\/greenwichmeridien.fr\/blog\/a-la-une\/la-vendee-en-camping-des-vacances-pas-cheres-et-depaysantes\/#article\",\"isPartOf\":{\"@id\":\"https:\/\/greenwichmeridien.fr\/blog\/a-la-une\/la-vendee-en-camping-des-vacances-pas-cheres-et-depaysantes\/\"},\"author\":{\"name\":\"Samuel Chalmin\",\"@id\":\"https:\/\/greenwichmeridien.fr\/blog\/#\/schema\/person\/3c864cdc320801e3db34b663e7e3f816\"},\"headline\":\"La Vend\u00e9e en camping : des vacances pas ch\u00e8res et d\u00e9paysantes\",\"datePublished\":\"2025-03-06T18:29:29+00:00\",\"dateModified\":\"2025-03-07T09:19:17+00:00\",\"mainEntityOfPage\":{\"@id\":\"https:\/\/greenwichmeridien.fr\/blog\/a-la-une\/la-vendee-en-camping-des-vacances-pas-cheres-et-depaysantes\/\"},\"wordCount\":1081,\"commentCount\":0,\"publisher\":{\"@id\":\"https:\/\/greenwichmeridien.fr\/blog\/#organization\"},\"image\":{\"@id\":\"https:\/\/greenwichmeridien.fr\/blog\/a-la-une\/la-vendee-en-camping-des-vacances-pas-cheres-et-depaysantes\/#primaryimage\"},\"thumbnailUrl\":\"https:\/\/greenwichmeridien.fr\/blog\/wp-content\/uploads\/2025\/03\/sdxl-9948f1d9078db5a43f2e30205c2a5c5a.png\",\"articleSection\":[\"\u00c0 la une\"],\"inLanguage\":\"fr-FR\",\"potentialAction\":[{\"@type\":\"CommentAction\",\"name\":\"Comment\",\"target\":[\"https:\/\/greenwichmeridien.fr\/blog\/a-la-une\/la-vendee-en-camping-des-vacances-pas-cheres-et-depaysantes\/#respond\"]}]},{\"@type\":\"WebPage\",\"@id\":\"https:\/\/greenwichmeridien.fr\/blog\/a-la-une\/la-vendee-en-camping-des-vacances-pas-cheres-et-depaysantes\/\",\"url\":\"https:\/\/greenwichmeridien.fr\/blog\/a-la-une\/la-vendee-en-camping-des-vacances-pas-cheres-et-depaysantes\/\",\"name\":\"La Vend\u00e9e en camping : vacances pas ch\u00e8res et nature\",\"isPartOf\":{\"@id\":\"https:\/\/greenwichmeridien.fr\/blog\/#website\"},\"primaryImageOfPage\":{\"@id\":\"https:\/\/greenwichmeridien.fr\/blog\/a-la-une\/la-vendee-en-camping-des-vacances-pas-cheres-et-depaysantes\/#primaryimage\"},\"image\":{\"@id\":\"https:\/\/greenwichmeridien.fr\/blog\/a-la-une\/la-vendee-en-camping-des-vacances-pas-cheres-et-depaysantes\/#primaryimage\"},\"thumbnailUrl\":\"https:\/\/greenwichmeridien.fr\/blog\/wp-content\/uploads\/2025\/03\/sdxl-9948f1d9078db5a43f2e30205c2a5c5a.png\",\"datePublished\":\"2025-03-06T18:29:29+00:00\",\"dateModified\":\"2025-03-07T09:19:17+00:00\",\"description\":\"D\u00e9couvrir la diversit\u00e9 naturelle vend\u00e9enne La Vend\u00e9e est un d\u00e9partement o\u00f9 la nature semble faire partie int\u00e9grante du quotidien. Que ce soit \u00e0 travers\",\"inLanguage\":\"fr-FR\",\"potentialAction\":[{\"@type\":\"ReadAction\",\"target\":[\"https:\/\/greenwichmeridien.fr\/blog\/a-la-une\/la-vendee-en-camping-des-vacances-pas-cheres-et-depaysantes\/\"]}]},{\"@type\":\"ImageObject\",\"inLanguage\":\"fr-FR\",\"@id\":\"https:\/\/greenwichmeridien.fr\/blog\/a-la-une\/la-vendee-en-camping-des-vacances-pas-cheres-et-depaysantes\/#primaryimage\",\"url\":\"https:\/\/greenwichmeridien.fr\/blog\/wp-content\/uploads\/2025\/03\/sdxl-9948f1d9078db5a43f2e30205c2a5c5a.png\",\"contentUrl\":\"https:\/\/greenwichmeridien.fr\/blog\/wp-content\/uploads\/2025\/03\/sdxl-9948f1d9078db5a43f2e30205c2a5c5a.png\",\"width\":1536,\"height\":640},{\"@type\":\"WebSite\",\"@id\":\"https:\/\/greenwichmeridien.fr\/blog\/#website\",\"url\":\"https:\/\/greenwichmeridien.fr\/blog\/\",\"name\":\"Greenwich M\u00e9ridien\",\"description\":\"Greenwich M\u00e9ridien, le rep\u00e8re du temps et du voyage\",\"publisher\":{\"@id\":\"https:\/\/greenwichmeridien.fr\/blog\/#organization\"},\"alternateName\":\"Greenwich M\u00e9ridien, le rep\u00e8re du temps et du voyage\",\"potentialAction\":[{\"@type\":\"SearchAction\",\"target\":{\"@type\":\"EntryPoint\",\"urlTemplate\":\"https:\/\/greenwichmeridien.fr\/blog\/?s={search_term_string}\"},\"query-input\":{\"@type\":\"PropertyValueSpecification\",\"valueRequired\":true,\"valueName\":\"search_term_string\"}}],\"inLanguage\":\"fr-FR\"},{\"@type\":\"Organization\",\"@id\":\"https:\/\/greenwichmeridien.fr\/blog\/#organization\",\"name\":\"Greenwich M\u00e9ridien\",\"alternateName\":\"Greenwich M\u00e9ridien\",\"url\":\"https:\/\/greenwichmeridien.fr\/blog\/\",\"logo\":{\"@type\":\"ImageObject\",\"inLanguage\":\"fr-FR\",\"@id\":\"https:\/\/greenwichmeridien.fr\/blog\/#\/schema\/logo\/image\/\",\"url\":\"https:\/\/greenwichmeridien.fr\/blog\/wp-content\/uploads\/2024\/12\/greenwichmeridien.png\",\"contentUrl\":\"https:\/\/greenwichmeridien.fr\/blog\/wp-content\/uploads\/2024\/12\/greenwichmeridien.png\",\"width\":500,\"height\":500,\"caption\":\"Greenwich M\u00e9ridien\"},\"image\":{\"@id\":\"https:\/\/greenwichmeridien.fr\/blog\/#\/schema\/logo\/image\/\"}},{\"@type\":\"Person\",\"@id\":\"https:\/\/greenwichmeridien.fr\/blog\/#\/schema\/person\/3c864cdc320801e3db34b663e7e3f816\",\"name\":\"Samuel Chalmin\",\"image\":{\"@type\":\"ImageObject\",\"inLanguage\":\"fr-FR\",\"@id\":\"https:\/\/greenwichmeridien.fr\/blog\/#\/schema\/person\/image\/\",\"url\":\"https:\/\/secure.gravatar.com\/avatar\/cef3677de7d237273d13053728f9470818581a8a27d9bf6f5039fd18508a905f?s=96&d=mm&r=g\",\"contentUrl\":\"https:\/\/secure.gravatar.com\/avatar\/cef3677de7d237273d13053728f9470818581a8a27d9bf6f5039fd18508a905f?s=96&d=mm&r=g\",\"caption\":\"Samuel Chalmin\"},\"description\":\"R\u00e9dacteur du site, il suit les questions de temps et de calendrier : m\u00e9ridien de Greenwich, heure GMT et UTC, fuseaux horaires, changement d'heure, ann\u00e9es bissextiles et jours f\u00e9ri\u00e9s.\",\"sameAs\":[\"https:\/\/samuelchalmin.fr\/\"],\"url\":\"https:\/\/greenwichmeridien.fr\/blog\/auteur\/noname\/\"}]}<\/script>\n<!-- \/ Yoast SEO Premium plugin. -->","yoast_head_json":{"title":"La Vend\u00e9e en camping : vacances pas ch\u00e8res et nature","description":"D\u00e9couvrir la diversit\u00e9 naturelle vend\u00e9enne La Vend\u00e9e est un d\u00e9partement o\u00f9 la nature semble faire partie int\u00e9grante du quotidien. Que ce soit \u00e0 travers","robots":{"index":"index","follow":"follow","max-snippet":"max-snippet:-1","max-image-preview":"max-image-preview:large","max-video-preview":"max-video-preview:-1"},"canonical":"https:\/\/greenwichmeridien.fr\/blog\/a-la-une\/la-vendee-en-camping-des-vacances-pas-cheres-et-depaysantes\/","og_locale":"fr_FR","og_type":"article","og_title":"La Vend\u00e9e en camping : vacances pas ch\u00e8res et nature","og_description":"D\u00e9couvrir la diversit\u00e9 naturelle vend\u00e9enne La Vend\u00e9e est un d\u00e9partement o\u00f9 la nature semble faire partie int\u00e9grante du quotidien. Que ce soit \u00e0 travers","og_url":"https:\/\/greenwichmeridien.fr\/blog\/a-la-une\/la-vendee-en-camping-des-vacances-pas-cheres-et-depaysantes\/","og_site_name":"greenwichmeridien","og_image":[{"width":1536,"height":640,"url":"https:\/\/greenwichmeridien.fr\/blog\/wp-content\/uploads\/2025\/03\/sdxl-9948f1d9078db5a43f2e30205c2a5c5a.png","type":"image\/png"}],"author":"Samuel Chalmin","twitter_card":"summary_large_image","schema":{"@context":"https:\/\/schema.org","@graph":[{"@type":"NewsArticle","@id":"https:\/\/greenwichmeridien.fr\/blog\/a-la-une\/la-vendee-en-camping-des-vacances-pas-cheres-et-depaysantes\/#article","isPartOf":{"@id":"https:\/\/greenwichmeridien.fr\/blog\/a-la-une\/la-vendee-en-camping-des-vacances-pas-cheres-et-depaysantes\/"},"author":{"name":"Samuel Chalmin","@id":"https:\/\/greenwichmeridien.fr\/blog\/#\/schema\/person\/3c864cdc320801e3db34b663e7e3f816"},"headline":"La Vend\u00e9e en camping : des vacances pas ch\u00e8res et d\u00e9paysantes","datePublished":"2025-03-06T18:29:29+00:00","dateModified":"2025-03-07T09:19:17+00:00","mainEntityOfPage":{"@id":"https:\/\/greenwichmeridien.fr\/blog\/a-la-une\/la-vendee-en-camping-des-vacances-pas-cheres-et-depaysantes\/"},"wordCount":1081,"commentCount":0,"publisher":{"@id":"https:\/\/greenwichmeridien.fr\/blog\/#organization"},"image":{"@id":"https:\/\/greenwichmeridien.fr\/blog\/a-la-une\/la-vendee-en-camping-des-vacances-pas-cheres-et-depaysantes\/#primaryimage"},"thumbnailUrl":"https:\/\/greenwichmeridien.fr\/blog\/wp-content\/uploads\/2025\/03\/sdxl-9948f1d9078db5a43f2e30205c2a5c5a.png","articleSection":["\u00c0 la une"],"inLanguage":"fr-FR","potentialAction":[{"@type":"CommentAction","name":"Comment","target":["https:\/\/greenwichmeridien.fr\/blog\/a-la-une\/la-vendee-en-camping-des-vacances-pas-cheres-et-depaysantes\/#respond"]}]},{"@type":"WebPage","@id":"https:\/\/greenwichmeridien.fr\/blog\/a-la-une\/la-vendee-en-camping-des-vacances-pas-cheres-et-depaysantes\/","url":"https:\/\/greenwichmeridien.fr\/blog\/a-la-une\/la-vendee-en-camping-des-vacances-pas-cheres-et-depaysantes\/","name":"La Vend\u00e9e en camping : vacances pas ch\u00e8res et nature","isPartOf":{"@id":"https:\/\/greenwichmeridien.fr\/blog\/#website"},"primaryImageOfPage":{"@id":"https:\/\/greenwichmeridien.fr\/blog\/a-la-une\/la-vendee-en-camping-des-vacances-pas-cheres-et-depaysantes\/#primaryimage"},"image":{"@id":"https:\/\/greenwichmeridien.fr\/blog\/a-la-une\/la-vendee-en-camping-des-vacances-pas-cheres-et-depaysantes\/#primaryimage"},"thumbnailUrl":"https:\/\/greenwichmeridien.fr\/blog\/wp-content\/uploads\/2025\/03\/sdxl-9948f1d9078db5a43f2e30205c2a5c5a.png","datePublished":"2025-03-06T18:29:29+00:00","dateModified":"2025-03-07T09:19:17+00:00","description":"D\u00e9couvrir la diversit\u00e9 naturelle vend\u00e9enne La Vend\u00e9e est un d\u00e9partement o\u00f9 la nature semble faire partie int\u00e9grante du quotidien. Que ce soit \u00e0 travers","inLanguage":"fr-FR","potentialAction":[{"@type":"ReadAction","target":["https:\/\/greenwichmeridien.fr\/blog\/a-la-une\/la-vendee-en-camping-des-vacances-pas-cheres-et-depaysantes\/"]}]},{"@type":"ImageObject","inLanguage":"fr-FR","@id":"https:\/\/greenwichmeridien.fr\/blog\/a-la-une\/la-vendee-en-camping-des-vacances-pas-cheres-et-depaysantes\/#primaryimage","url":"https:\/\/greenwichmeridien.fr\/blog\/wp-content\/uploads\/2025\/03\/sdxl-9948f1d9078db5a43f2e30205c2a5c5a.png","contentUrl":"https:\/\/greenwichmeridien.fr\/blog\/wp-content\/uploads\/2025\/03\/sdxl-9948f1d9078db5a43f2e30205c2a5c5a.png","width":1536,"height":640},{"@type":"WebSite","@id":"https:\/\/greenwichmeridien.fr\/blog\/#website","url":"https:\/\/greenwichmeridien.fr\/blog\/","name":"Greenwich M\u00e9ridien","description":"Greenwich M\u00e9ridien, le rep\u00e8re du temps et du voyage","publisher":{"@id":"https:\/\/greenwichmeridien.fr\/blog\/#organization"},"alternateName":"Greenwich M\u00e9ridien, le rep\u00e8re du temps et du voyage","potentialAction":[{"@type":"SearchAction","target":{"@type":"EntryPoint","urlTemplate":"https:\/\/greenwichmeridien.fr\/blog\/?s={search_term_string}"},"query-input":{"@type":"PropertyValueSpecification","valueRequired":true,"valueName":"search_term_string"}}],"inLanguage":"fr-FR"},{"@type":"Organization","@id":"https:\/\/greenwichmeridien.fr\/blog\/#organization","name":"Greenwich M\u00e9ridien","alternateName":"Greenwich M\u00e9ridien","url":"https:\/\/greenwichmeridien.fr\/blog\/","logo":{"@type":"ImageObject","inLanguage":"fr-FR","@id":"https:\/\/greenwichmeridien.fr\/blog\/#\/schema\/logo\/image\/","url":"https:\/\/greenwichmeridien.fr\/blog\/wp-content\/uploads\/2024\/12\/greenwichmeridien.png","contentUrl":"https:\/\/greenwichmeridien.fr\/blog\/wp-content\/uploads\/2024\/12\/greenwichmeridien.png","width":500,"height":500,"caption":"Greenwich M\u00e9ridien"},"image":{"@id":"https:\/\/greenwichmeridien.fr\/blog\/#\/schema\/logo\/image\/"}},{"@type":"Person","@id":"https:\/\/greenwichmeridien.fr\/blog\/#\/schema\/person\/3c864cdc320801e3db34b663e7e3f816","name":"Samuel Chalmin","image":{"@type":"ImageObject","inLanguage":"fr-FR","@id":"https:\/\/greenwichmeridien.fr\/blog\/#\/schema\/person\/image\/","url":"https:\/\/secure.gravatar.com\/avatar\/cef3677de7d237273d13053728f9470818581a8a27d9bf6f5039fd18508a905f?s=96&d=mm&r=g","contentUrl":"https:\/\/secure.gravatar.com\/avatar\/cef3677de7d237273d13053728f9470818581a8a27d9bf6f5039fd18508a905f?s=96&d=mm&r=g","caption":"Samuel Chalmin"},"description":"R\u00e9dacteur du site, il suit les questions de temps et de calendrier : m\u00e9ridien de Greenwich, heure GMT et UTC, fuseaux horaires, changement d'heure, ann\u00e9es bissextiles et jours f\u00e9ri\u00e9s.","sameAs":["https:\/\/samuelchalmin.fr\/"],"url":"https:\/\/greenwichmeridien.fr\/blog\/auteur\/noname\/"}]}},"_links":{"self":[{"href":"https:\/\/greenwichmeridien.fr\/blog\/wp-json\/wp\/v2\/posts\/7395","targetHints":{"allow":["GET"]}}],"collection":[{"href":"https:\/\/greenwichmeridien.fr\/blog\/wp-json\/wp\/v2\/posts"}],"about":[{"href":"https:\/\/greenwichmeridien.fr\/blog\/wp-json\/wp\/v2\/types\/post"}],"author":[{"embeddable":true,"href":"https:\/\/greenwichmeridien.fr\/blog\/wp-json\/wp\/v2\/users\/34"}],"replies":[{"embeddable":true,"href":"https:\/\/greenwichmeridien.fr\/blog\/wp-json\/wp\/v2\/comments?post=7395"}],"version-history":[{"count":2,"href":"https:\/\/greenwichmeridien.fr\/blog\/wp-json\/wp\/v2\/posts\/7395\/revisions"}],"predecessor-version":[{"id":7398,"href":"https:\/\/greenwichmeridien.fr\/blog\/wp-json\/wp\/v2\/posts\/7395\/revisions\/7398"}],"wp:featuredmedia":[{"embeddable":true,"href":"https:\/\/greenwichmeridien.fr\/blog\/wp-json\/wp\/v2\/media\/7397"}],"wp:attachment":[{"href":"https:\/\/greenwichmeridien.fr\/blog\/wp-json\/wp\/v2\/media?parent=7395"}],"wp:term":[{"taxonomy":"category","embeddable":true,"href":"https:\/\/greenwichmeridien.fr\/blog\/wp-json\/wp\/v2\/categories?post=7395"},{"taxonomy":"post_tag","embeddable":true,"href":"https:\/\/greenwichmeridien.fr\/blog\/wp-json\/wp\/v2\/tags?post=7395"}],"curies":[{"name":"wp","href":"https:\/\/api.w.org\/{rel}","templated":true}]}}