{"id":7403,"date":"2025-05-23T09:47:19","date_gmt":"2025-05-23T07:47:19","guid":{"rendered":"https:\/\/greenwichmeridien.fr\/blog\/a-la-une\/le-lifestyle-collaboratif-un-nouvel-art-de-vivre\/"},"modified":"2025-05-23T09:47:19","modified_gmt":"2025-05-23T07:47:19","slug":"le-lifestyle-collaboratif-un-nouvel-art-de-vivre","status":"publish","type":"post","link":"https:\/\/greenwichmeridien.fr\/blog\/a-la-une\/le-lifestyle-collaboratif-un-nouvel-art-de-vivre\/","title":{"rendered":"Le lifestyle collaboratif : un nouvel art de vivre"},"content":{"rendered":"<p class=\"wp-block-paragraph\">Dans un monde en mutation, o\u00f9 les d\u00e9fis environnementaux et sociaux se multiplient, le concept de lifestyle collaboratif appara\u00eet comme une r\u00e9ponse pertinente et innovante. Alliant les besoins de logement abordable \u00e0 un esprit de communaut\u00e9, cette nouvelle mani\u00e8re de vivre transforme les relations humaines et la fa\u00e7on dont nous consommons. Ce mod\u00e8le de cohabitation, qui s&rsquo;oriente vers un partage \u00e0 la fois mat\u00e9riel et immat\u00e9riel, red\u00e9finit les normes sociales tout en encourageant des pratiques durables et un lien renforc\u00e9 entre les occupants. Explorons ensemble ce ph\u00e9nom\u00e8ne fascinant qui continue de prendre de l&rsquo;ampleur dans nos soci\u00e9t\u00e9s contemporaines.<\/p>\n\n<h2 class=\"wp-block-heading\">Le coliving : Une nouvelle norme r\u00e9sidentielle<\/h2>\n\n<p class=\"wp-block-paragraph\">Le coliving est un concept de logement innovant, qui combine espaces priv\u00e9s et collectifs, et qui se d\u00e9veloppe rapidement dans diverses r\u00e9gions du monde. Plus qu\u2019une simple colocation, c&rsquo;est une approche moderne du logement qui refl\u00e8te un d\u00e9sir croissant de vivre ensemble tout en conservant son intimit\u00e9. Ce mod\u00e8le r\u00e9pond \u00e0 plusieurs enjeux contemporains : la qu\u00eate de logements abordables, le besoin de lien social et la volont\u00e9 de r\u00e9duire notre empreinte carbone.<\/p>\n\n<h3 class=\"wp-block-heading\">Les caract\u00e9ristiques du coliving<\/h3>\n\n<p class=\"wp-block-paragraph\">Le coliving s&rsquo;articule autour de plusieurs points cl\u00e9s. D\u2019abord, il offre des espaces priv\u00e9s, typiquement des chambres ou des studios, tout en int\u00e9grant des zones communes comme des cuisines, des salons ou des espaces de coworking. Les r\u00e9sidents b\u00e9n\u00e9ficient souvent d&rsquo;une gamme de services qui facilite leur quotidien, tels que le m\u00e9nage, l&rsquo;acc\u00e8s \u00e0 Internet haut d\u00e9bit, et parfois m\u00eame des activit\u00e9s sociales organis\u00e9es.<\/p>\n\n<ul class=\"wp-block-list\"><li><strong>Espaces priv\u00e9s :<\/strong> Chambres individuelles ou studios.<\/li><li><strong>Espaces communs :<\/strong> Cuisine, salons, bureaux partag\u00e9s.<\/li><li><strong>Services :<\/strong> Internet, m\u00e9nage, activit\u00e9s collectives.<\/li><li><strong>Communaut\u00e9 :<\/strong> Opportunit\u00e9s de socialisation et de collaboration.<\/li><\/ul>\n\n<h3 class=\"wp-block-heading\">Une r\u00e9ponse \u00e0 la crise du logement<\/h3>\n\n<p class=\"wp-block-paragraph\">Avec l&rsquo;augmentation continue des prix de l&rsquo;immobilier, le coliving appara\u00eet comme une solution pour de nombreux jeunes et professionnels. En effet, selon une \u00e9tude du <a href=\"https:\/\/www.femmeactuelle.fr\/vie-pratique\/famille\/coliving-immeubles-collaboratifs-quelles-sont-ces-nouvelles-formes-de-logement-qui-changent-notre-mode-de-vie-2185131\" rel=\"nofollow\">magazine Femme Actuelle<\/a>, le secteur du coliving conna\u00eet une croissance estim\u00e9e \u00e0 9,5 % par an, ce qui t\u00e9moigne de sa popularit\u00e9 croissante. Les habitants peuvent ainsi r\u00e9duire leurs co\u00fbts de logement de 15 \u00e0 30 % par rapport \u00e0 une location classique, tout en profitant de nombreux services.<\/p>\n\n<figure class=\"wp-block-table\"><table>\n<thead>\n<tr>\n<th>Ville<\/th>\n<th>Loyer mensuel (coliving)<\/th>\n<th>Niveau de service<\/th>\n<\/tr>\n<\/thead>\n<tbody>\n<tr>\n<td>Paris<\/td>\n<td>900 \u00e0 1 500 \u20ac<\/td>\n<td>Coworking, WiFi, m\u00e9nage<\/td>\n<\/tr>\n<tr>\n<td>Marseille<\/td>\n<td>500 \u00e0 900 \u20ac<\/td>\n<td>WiFi, buanderie, cuisine partag\u00e9e<\/td>\n<\/tr>\n<tr>\n<td>Bordeaux<\/td>\n<td>650 \u00e0 1 100 \u20ac<\/td>\n<td>Espaces communs, jardin<\/td>\n<\/tr>\n<tr>\n<td>Lille<\/td>\n<td>550 \u00e0 1 000 \u20ac<\/td>\n<td>Cuisine mutualis\u00e9e, services de proximit\u00e9<\/td>\n<\/tr>\n<\/tbody>\n<\/table><\/figure>\n\n<h2 class=\"wp-block-heading\">Qui choisit le coliving aujourd&rsquo;hui ?<\/h2>\n\n<p class=\"wp-block-paragraph\">Le coliving n&rsquo;est plus uniquement destin\u00e9 aux jeunes professionnels ou aux digital nomads. En 2025, il attire un public tr\u00e8s vari\u00e9, allant des familles monoparentales aux s\u00e9niors, en passant par les freelances et les jeunes actifs. Cette diversit\u00e9 r\u00e9sulte des changements dans les attentes en mati\u00e8re de logement et de vie en communaut\u00e9. Chaque groupe a des besoins sp\u00e9cifiques qui sont progressivement pris en compte par les op\u00e9rateurs de coliving.<\/p>\n\n<h3 class=\"wp-block-heading\">Une palette de profils<\/h3>\n\n<p class=\"wp-block-paragraph\">Chaque type de r\u00e9sidents pr\u00e9sente des motivations diff\u00e9rentes pour rejoindre un espace de coliving. Par exemple :<\/p>\n\n<ul class=\"wp-block-list\"><li><strong>Jeunes actifs :<\/strong> Recherche de flexibilit\u00e9 et de simplicit\u00e9.<\/li><li><strong>Familles monoparentales :<\/strong> Besoin de soutien et de s\u00e9curit\u00e9.<\/li><li><strong>Seniors actifs :<\/strong> D\u00e9sir de lien social et d&rsquo;entraide.<\/li><li><strong>Freelances :<\/strong> Acc\u00e8s \u00e0 des espaces de travail collaboratifs.<\/li><\/ul>\n\n<p class=\"wp-block-paragraph\">Ces typologies illustrent que le coliving s\u2019adapte \u00e0 des enjeux divers et permet de cr\u00e9er des synergies entre les g\u00e9n\u00e9rations tout en favorisant le soutien mutuel. Par exemple, plusieurs r\u00e9sidents d\u2019un coliving peuvent partager des repas ou s&rsquo;entraider sur des projets professionnels.<\/p>\n\n<h3 class=\"wp-block-heading\">Un cadre propice aux rencontres<\/h3>\n\n<p class=\"wp-block-paragraph\">Un des aspects les plus enrichissants du coliving est la possibilit\u00e9 de cr\u00e9er des liens sociaux. Les espaces de vie partag\u00e9s incitent \u00e0 interagir avec ses voisins, et souvent des \u00e9v\u00e9nements communautaires sont organis\u00e9s pour renforcer ces connexions. Ces initiatives contribuent \u00e0 cr\u00e9er un v\u00e9ritable tissu social, o\u00f9 chacun peut trouver sa place.<\/p>\n\n<figure class=\"is-provider-youtube is-type-video wp-block-embed wp-block-embed-youtube wp-embed-aspect-16-9 wp-has-aspect-ratio\"><div class=\"wp-block-embed__wrapper\">\n<iframe loading=\"lazy\" title=\"Golf  A Lifestyle Journey\" width=\"1200\" height=\"675\" src=\"https:\/\/www.youtube.com\/embed\/n-uGfHxGuIg?feature=oembed\" frameborder=\"0\" allow=\"accelerometer; autoplay; clipboard-write; encrypted-media; gyroscope; picture-in-picture; web-share\" referrerpolicy=\"strict-origin-when-cross-origin\" allowfullscreen><\/iframe>\n<\/div><\/figure>\n\n<h2 class=\"wp-block-heading\">Une d\u00e9marche \u00e9cologique \u00e0 encourager<\/h2>\n\n<p class=\"wp-block-paragraph\">Dans un contexte d&rsquo;urgence climatique, le coliving se positionne \u00e9galement comme un mod\u00e8le de logement durable. En mutualisant les espaces et les ressources, il permet de diminuer l\u2019empreinte carbone des r\u00e9sidents. En effet, lorsque plusieurs personnes utilisent des \u00e9quipements communs, telles que des cuisines ou des salles de bain, l&rsquo;\u00e9nergie consomm\u00e9e est r\u00e9duite, entra\u00eenant une diminution significative des \u00e9missions de CO2 par habitant.<\/p>\n\n<h3 class=\"wp-block-heading\">Les avantages environnementaux<\/h3>\n\n<p class=\"wp-block-paragraph\">Le mod\u00e8le de coliving pr\u00e9sente plusieurs avantages en mati\u00e8re d&rsquo;\u00e9cologie :<\/p>\n\n<ul class=\"wp-block-list\"><li><strong>R\u00e9duction de l&rsquo;\u00e9nergie :<\/strong> Approximativement 30 % d\u2019\u00e9nergie \u00e9conomis\u00e9e par personne.<\/li><li><strong>Davantage de services :<\/strong> Acc\u00e8s \u00e0 des espaces partag\u00e9s plut\u00f4t qu&rsquo;\u00e0 des installations individuelles.<\/li><li><strong>Choix des mat\u00e9riaux :<\/strong> Utilisation de mat\u00e9riaux durables et respectueux de l&rsquo;environnement.<\/li><\/ul>\n\n<p class=\"wp-block-paragraph\">Les initiatives comme <a href=\"https:\/\/www.constructiondurable.net\/coliving-et-habitat-partage\/\" rel=\"nofollow\">Cagette.net<\/a> ou <a href=\"https:\/\/art-et-passion.fr\/mouvements-et-tendances\/art-et-intelligence-collective-comment-la-creativite-collaborative-transforme-nos-perspectives\/\" rel=\"nofollow\">PartageTonFrigo<\/a> montrent que l&rsquo;esprit collaboratif renforce les pratiques durables au sein de ces communaut\u00e9s.<\/p>\n\n<figure class=\"wp-block-table\"><table>\n<thead>\n<tr>\n<th>Crit\u00e8re<\/th>\n<th>Coliving \u00e9cologique<\/th>\n<th>Logement individuel traditionnel<\/th>\n<\/tr>\n<\/thead>\n<tbody>\n<tr>\n<td>Consommation \u00e9nerg\u00e9tique<\/td>\n<td>30-40 % de r\u00e9duction<\/td>\n<td>Standard, souvent plus \u00e9lev\u00e9<\/td>\n<\/tr>\n<tr>\n<td>\u00c9missions de CO\u2082<\/td>\n<td>1,1 \u00e0 1,3 tonne par habitant<\/td>\n<td>1,8 tonne par habitant<\/td>\n<\/tr>\n<tr>\n<td>Taux de mutualisation<\/td>\n<td>\u00c9lev\u00e9 (cuisine, espaces de vie)<\/td>\n<td>Faible (individualis\u00e9)<\/td>\n<\/tr>\n<\/tbody>\n<\/table><\/figure>\n\n<h2 class=\"wp-block-heading\">Les d\u00e9fis et limites du coliving<\/h2>\n\n<p class=\"wp-block-paragraph\">Bien que le coliving pr\u00e9sente de nombreux atouts, il existe \u00e9galement des d\u00e9fis \u00e0 prendre en compte. Un des principaux points de vigilance concerne l&rsquo;absence parfois de cadre l\u00e9gal d\u00e9fini pour ce type de logement, ainsi que les co\u00fbts cach\u00e9s qui peuvent surgir.<\/p>\n\n<h3 class=\"wp-block-heading\">Les co\u00fbts cach\u00e9s<\/h3>\n\n<p class=\"wp-block-paragraph\">Les r\u00e9sidents peuvent se retrouver face \u00e0 des frais impr\u00e9vus. Par exemple, certaines commodit\u00e9s qui semblent incluses dans le loyer peuvent \u00eatre factur\u00e9es s\u00e9par\u00e9ment, comme le m\u00e9nage hebdomadaire ou des activit\u00e9s culturelles. Il est donc essentiel de lire attentivement les contrats et de clarifier chaque frais potentiel avant de s&rsquo;engager.<\/p>\n\n<ul class=\"wp-block-list\"><li><strong>\u00c9valuer les frais additionnels :<\/strong> M\u00e9nage, prestations, cuisine commune.<\/li><li><strong>Gouvernance :<\/strong> Peu d&rsquo;implication des r\u00e9sidents dans les d\u00e9cisions.<\/li><li><strong>Qualit\u00e9 des relations sociales :<\/strong> Peut \u00eatre affect\u00e9e par un mauvais recrutement des habitants.<\/li><\/ul>\n\n<h3 class=\"wp-block-heading\">Le cadre l\u00e9gal en \u00e9volution<\/h3>\n\n<p class=\"wp-block-paragraph\">Le paysage l\u00e9gal autour du coliving est en constante \u00e9volution. Peu de l\u00e9gislations sp\u00e9cifiques encadrent ce type de projet en France. Les investisseurs doivent donc naviguer entre des obligations vari\u00e9es, allant des r\u00e8gles sur la s\u00e9curit\u00e9 incendie aux normes de logement. Le choix du statut juridique est crucial et doit tenir compte des aspects participatifs et \u00e9conomiques du projet.<\/p>\n\n<figure class=\"is-provider-youtube is-type-video wp-block-embed wp-block-embed-youtube wp-embed-aspect-16-9 wp-has-aspect-ratio\"><div class=\"wp-block-embed__wrapper\">\n<iframe loading=\"lazy\" title=\"Art de vivre #nyc #manhattan #centralpark #happiness\" width=\"1200\" height=\"675\" src=\"https:\/\/www.youtube.com\/embed\/rIo1XMyDGmE?feature=oembed\" frameborder=\"0\" allow=\"accelerometer; autoplay; clipboard-write; encrypted-media; gyroscope; picture-in-picture; web-share\" referrerpolicy=\"strict-origin-when-cross-origin\" allowfullscreen><\/iframe>\n<\/div><\/figure>\n\n<h2 class=\"wp-block-heading\">Vers un avenir du coliving connect\u00e9 et th\u00e9matique<\/h2>\n\n<p class=\"wp-block-paragraph\">Les tendances du coliving se dirigent vers des formats de vie plus sp\u00e9cialis\u00e9s et adapt\u00e9s aux besoins actuels. Des projets th\u00e9matiques, comme ceux autour de l&rsquo;\u00e9cologie ou de l&rsquo;entrepreneuriat, r\u00e9pondent \u00e0 des attentes sp\u00e9cifiques tout en cr\u00e9ant une atmosph\u00e8re propice \u00e0 la collaboration.<\/p>\n\n<h3 class=\"wp-block-heading\">Un habitat \u00e0 th\u00e8mes<\/h3>\n\n<p class=\"wp-block-paragraph\">Les futuristes du coliving envisagent des colonies o\u00f9 les r\u00e9sidents se r\u00e9unissent autour de l&rsquo;\u00e9cologie, de la culture ou du bien-\u00eatre. Ces initiatives renforcent l\u2019id\u00e9e d\u2019un partage de valeurs communes tout en d\u00e9veloppant une vraie mutualisation des savoirs et comp\u00e9tences.<\/p>\n\n<ul class=\"wp-block-list\"><li><strong>Biomim\u00e9tisme :<\/strong> Espaces int\u00e9gr\u00e9s \u00e0 la nature pour \u00e9veiller la conscience \u00e9cologique.<\/li><li><strong>Culture Partag\u00e9e :<\/strong> Ateliers culinaires, projections de films, arts plastiques.<\/li><li><strong>Entraide :<\/strong> Services de garde d\u2019enfants, aide administrative.<\/li><\/ul>\n\n<h3 class=\"wp-block-heading\">Technologie et co-living<\/h3>\n\n<p class=\"wp-block-paragraph\">L&rsquo;int\u00e9gration de technologies avanc\u00e9es dans les projets de coliving permet \u00e9galement une gestion optimis\u00e9e des ressources, facilitant les interactions entre les r\u00e9sidents et rendant les espaces plus connect\u00e9s. Les applications de gestion de communaut\u00e9, par exemple, favorisent les \u00e9changes d\u2019id\u00e9es et de comp\u00e9tences.<\/p>\n\n<figure class=\"wp-block-table\"><table>\n<thead>\n<tr>\n<th>Technologie<\/th>\n<th>R\u00f4le dans le coliving<\/th>\n<th>B\u00e9n\u00e9fice<\/th>\n<\/tr>\n<\/thead>\n<tbody>\n<tr>\n<td>Applications de gestion<\/td>\n<td>Facilite les r\u00e9servations et demandes d&rsquo;entretien<\/td>\n<td>Optimisation des ressources partag\u00e9es<\/td>\n<\/tr>\n<tr>\n<td>Capteurs connect\u00e9s<\/td>\n<td>Mesurent la consommation d&rsquo;\u00e9nergie<\/td>\n<td>Diminution des d\u00e9penses et \u00e9nergies gaspill\u00e9es<\/td>\n<\/tr>\n<tr>\n<td>Forum communautaire<\/td>\n<td>Encourage les interactions<\/td>\n<td>Renforce le lien social et l\u2019entraide<\/td>\n<\/tr>\n<\/tbody>\n<\/table><\/figure>\n\n","protected":false},"excerpt":{"rendered":"","protected":false},"author":34,"featured_media":7425,"comment_status":"open","ping_status":"open","sticky":false,"template":"","format":"standard","meta":{"_acf_changed":false,"manual_indexmenow":false,"indexmenow_id_project":0,"footnotes":""},"categories":[1],"tags":[],"class_list":["post-7403","post","type-post","status-publish","format-standard","has-post-thumbnail","hentry","category-a-la-une","generate-columns","tablet-grid-50","mobile-grid-100","grid-parent","grid-25"],"acf":[],"yoast_head":"<!-- This site is optimized with the Yoast SEO Premium plugin v21.3 (Yoast SEO v25.6) - https:\/\/yoast.com\/wordpress\/plugins\/seo\/ -->\n<title>Le lifestyle collaboratif : red\u00e9finir notre fa\u00e7on de vivre<\/title>\n<meta name=\"description\" content=\"Dans un monde en mutation, o\u00f9 les d\u00e9fis environnementaux et sociaux se multiplient, le concept de lifestyle collaboratif appara\u00eet comme une r\u00e9ponse\" \/>\n<meta name=\"robots\" content=\"index, follow, max-snippet:-1, max-image-preview:large, max-video-preview:-1\" \/>\n<link rel=\"canonical\" href=\"https:\/\/greenwichmeridien.fr\/blog\/a-la-une\/le-lifestyle-collaboratif-un-nouvel-art-de-vivre\/\" \/>\n<meta property=\"og:locale\" content=\"fr_FR\" \/>\n<meta property=\"og:type\" content=\"article\" \/>\n<meta property=\"og:title\" content=\"Le lifestyle collaboratif : red\u00e9finir notre fa\u00e7on de vivre\" \/>\n<meta property=\"og:description\" content=\"Dans un monde en mutation, o\u00f9 les d\u00e9fis environnementaux et sociaux se multiplient, le concept de lifestyle collaboratif appara\u00eet comme une r\u00e9ponse\" \/>\n<meta property=\"og:url\" content=\"https:\/\/greenwichmeridien.fr\/blog\/a-la-une\/le-lifestyle-collaboratif-un-nouvel-art-de-vivre\/\" \/>\n<meta property=\"og:site_name\" content=\"greenwichmeridien\" \/>\n<meta property=\"og:image\" content=\"https:\/\/greenwichmeridien.fr\/blog\/wp-content\/uploads\/2025\/05\/sdxl-307ab5f8c31497f84ec03d1cdc14ca16-scaled.png\" \/>\n\t<meta property=\"og:image:width\" content=\"1200\" \/>\n\t<meta property=\"og:image:height\" content=\"500\" \/>\n\t<meta property=\"og:image:type\" content=\"image\/png\" \/>\n<meta name=\"author\" content=\"Samuel Chalmin\" \/>\n<meta name=\"twitter:card\" content=\"summary_large_image\" \/>\n<script type=\"application\/ld+json\" class=\"yoast-schema-graph\">{\"@context\":\"https:\/\/schema.org\",\"@graph\":[{\"@type\":\"NewsArticle\",\"@id\":\"https:\/\/greenwichmeridien.fr\/blog\/a-la-une\/le-lifestyle-collaboratif-un-nouvel-art-de-vivre\/#article\",\"isPartOf\":{\"@id\":\"https:\/\/greenwichmeridien.fr\/blog\/a-la-une\/le-lifestyle-collaboratif-un-nouvel-art-de-vivre\/\"},\"author\":{\"name\":\"Samuel Chalmin\",\"@id\":\"https:\/\/greenwichmeridien.fr\/blog\/#\/schema\/person\/3c864cdc320801e3db34b663e7e3f816\"},\"headline\":\"Le lifestyle collaboratif : un nouvel art de vivre\",\"datePublished\":\"2025-05-23T07:47:19+00:00\",\"mainEntityOfPage\":{\"@id\":\"https:\/\/greenwichmeridien.fr\/blog\/a-la-une\/le-lifestyle-collaboratif-un-nouvel-art-de-vivre\/\"},\"wordCount\":1365,\"commentCount\":0,\"publisher\":{\"@id\":\"https:\/\/greenwichmeridien.fr\/blog\/#organization\"},\"image\":{\"@id\":\"https:\/\/greenwichmeridien.fr\/blog\/a-la-une\/le-lifestyle-collaboratif-un-nouvel-art-de-vivre\/#primaryimage\"},\"thumbnailUrl\":\"https:\/\/greenwichmeridien.fr\/blog\/wp-content\/uploads\/2025\/05\/sdxl-307ab5f8c31497f84ec03d1cdc14ca16-scaled.png\",\"articleSection\":[\"\u00c0 la une\"],\"inLanguage\":\"fr-FR\",\"potentialAction\":[{\"@type\":\"CommentAction\",\"name\":\"Comment\",\"target\":[\"https:\/\/greenwichmeridien.fr\/blog\/a-la-une\/le-lifestyle-collaboratif-un-nouvel-art-de-vivre\/#respond\"]}]},{\"@type\":\"WebPage\",\"@id\":\"https:\/\/greenwichmeridien.fr\/blog\/a-la-une\/le-lifestyle-collaboratif-un-nouvel-art-de-vivre\/\",\"url\":\"https:\/\/greenwichmeridien.fr\/blog\/a-la-une\/le-lifestyle-collaboratif-un-nouvel-art-de-vivre\/\",\"name\":\"Le lifestyle collaboratif : red\u00e9finir notre fa\u00e7on de vivre\",\"isPartOf\":{\"@id\":\"https:\/\/greenwichmeridien.fr\/blog\/#website\"},\"primaryImageOfPage\":{\"@id\":\"https:\/\/greenwichmeridien.fr\/blog\/a-la-une\/le-lifestyle-collaboratif-un-nouvel-art-de-vivre\/#primaryimage\"},\"image\":{\"@id\":\"https:\/\/greenwichmeridien.fr\/blog\/a-la-une\/le-lifestyle-collaboratif-un-nouvel-art-de-vivre\/#primaryimage\"},\"thumbnailUrl\":\"https:\/\/greenwichmeridien.fr\/blog\/wp-content\/uploads\/2025\/05\/sdxl-307ab5f8c31497f84ec03d1cdc14ca16-scaled.png\",\"datePublished\":\"2025-05-23T07:47:19+00:00\",\"description\":\"Dans un monde en mutation, o\u00f9 les d\u00e9fis environnementaux et sociaux se multiplient, le concept de lifestyle collaboratif appara\u00eet comme une r\u00e9ponse\",\"inLanguage\":\"fr-FR\",\"potentialAction\":[{\"@type\":\"ReadAction\",\"target\":[\"https:\/\/greenwichmeridien.fr\/blog\/a-la-une\/le-lifestyle-collaboratif-un-nouvel-art-de-vivre\/\"]}]},{\"@type\":\"ImageObject\",\"inLanguage\":\"fr-FR\",\"@id\":\"https:\/\/greenwichmeridien.fr\/blog\/a-la-une\/le-lifestyle-collaboratif-un-nouvel-art-de-vivre\/#primaryimage\",\"url\":\"https:\/\/greenwichmeridien.fr\/blog\/wp-content\/uploads\/2025\/05\/sdxl-307ab5f8c31497f84ec03d1cdc14ca16-scaled.png\",\"contentUrl\":\"https:\/\/greenwichmeridien.fr\/blog\/wp-content\/uploads\/2025\/05\/sdxl-307ab5f8c31497f84ec03d1cdc14ca16-scaled.png\",\"width\":1200,\"height\":500},{\"@type\":\"WebSite\",\"@id\":\"https:\/\/greenwichmeridien.fr\/blog\/#website\",\"url\":\"https:\/\/greenwichmeridien.fr\/blog\/\",\"name\":\"Greenwich M\u00e9ridien\",\"description\":\"Greenwich M\u00e9ridien, le rep\u00e8re du temps et du voyage\",\"publisher\":{\"@id\":\"https:\/\/greenwichmeridien.fr\/blog\/#organization\"},\"alternateName\":\"Greenwich M\u00e9ridien, le rep\u00e8re du temps et du voyage\",\"potentialAction\":[{\"@type\":\"SearchAction\",\"target\":{\"@type\":\"EntryPoint\",\"urlTemplate\":\"https:\/\/greenwichmeridien.fr\/blog\/?s={search_term_string}\"},\"query-input\":{\"@type\":\"PropertyValueSpecification\",\"valueRequired\":true,\"valueName\":\"search_term_string\"}}],\"inLanguage\":\"fr-FR\"},{\"@type\":\"Organization\",\"@id\":\"https:\/\/greenwichmeridien.fr\/blog\/#organization\",\"name\":\"Greenwich M\u00e9ridien\",\"alternateName\":\"Greenwich M\u00e9ridien\",\"url\":\"https:\/\/greenwichmeridien.fr\/blog\/\",\"logo\":{\"@type\":\"ImageObject\",\"inLanguage\":\"fr-FR\",\"@id\":\"https:\/\/greenwichmeridien.fr\/blog\/#\/schema\/logo\/image\/\",\"url\":\"https:\/\/greenwichmeridien.fr\/blog\/wp-content\/uploads\/2024\/12\/greenwichmeridien.png\",\"contentUrl\":\"https:\/\/greenwichmeridien.fr\/blog\/wp-content\/uploads\/2024\/12\/greenwichmeridien.png\",\"width\":500,\"height\":500,\"caption\":\"Greenwich M\u00e9ridien\"},\"image\":{\"@id\":\"https:\/\/greenwichmeridien.fr\/blog\/#\/schema\/logo\/image\/\"}},{\"@type\":\"Person\",\"@id\":\"https:\/\/greenwichmeridien.fr\/blog\/#\/schema\/person\/3c864cdc320801e3db34b663e7e3f816\",\"name\":\"Samuel Chalmin\",\"image\":{\"@type\":\"ImageObject\",\"inLanguage\":\"fr-FR\",\"@id\":\"https:\/\/greenwichmeridien.fr\/blog\/#\/schema\/person\/image\/\",\"url\":\"https:\/\/secure.gravatar.com\/avatar\/cef3677de7d237273d13053728f9470818581a8a27d9bf6f5039fd18508a905f?s=96&d=mm&r=g\",\"contentUrl\":\"https:\/\/secure.gravatar.com\/avatar\/cef3677de7d237273d13053728f9470818581a8a27d9bf6f5039fd18508a905f?s=96&d=mm&r=g\",\"caption\":\"Samuel Chalmin\"},\"description\":\"R\u00e9dacteur du site, il suit les questions de temps et de calendrier : m\u00e9ridien de Greenwich, heure GMT et UTC, fuseaux horaires, changement d'heure, ann\u00e9es bissextiles et jours f\u00e9ri\u00e9s.\",\"sameAs\":[\"https:\/\/samuelchalmin.fr\/\"],\"url\":\"https:\/\/greenwichmeridien.fr\/blog\/auteur\/noname\/\"}]}<\/script>\n<!-- \/ Yoast SEO Premium plugin. -->","yoast_head_json":{"title":"Le lifestyle collaboratif : red\u00e9finir notre fa\u00e7on de vivre","description":"Dans un monde en mutation, o\u00f9 les d\u00e9fis environnementaux et sociaux se multiplient, le concept de lifestyle collaboratif appara\u00eet comme une r\u00e9ponse","robots":{"index":"index","follow":"follow","max-snippet":"max-snippet:-1","max-image-preview":"max-image-preview:large","max-video-preview":"max-video-preview:-1"},"canonical":"https:\/\/greenwichmeridien.fr\/blog\/a-la-une\/le-lifestyle-collaboratif-un-nouvel-art-de-vivre\/","og_locale":"fr_FR","og_type":"article","og_title":"Le lifestyle collaboratif : red\u00e9finir notre fa\u00e7on de vivre","og_description":"Dans un monde en mutation, o\u00f9 les d\u00e9fis environnementaux et sociaux se multiplient, le concept de lifestyle collaboratif appara\u00eet comme une r\u00e9ponse","og_url":"https:\/\/greenwichmeridien.fr\/blog\/a-la-une\/le-lifestyle-collaboratif-un-nouvel-art-de-vivre\/","og_site_name":"greenwichmeridien","og_image":[{"width":1200,"height":500,"url":"https:\/\/greenwichmeridien.fr\/blog\/wp-content\/uploads\/2025\/05\/sdxl-307ab5f8c31497f84ec03d1cdc14ca16-scaled.png","type":"image\/png"}],"author":"Samuel Chalmin","twitter_card":"summary_large_image","schema":{"@context":"https:\/\/schema.org","@graph":[{"@type":"NewsArticle","@id":"https:\/\/greenwichmeridien.fr\/blog\/a-la-une\/le-lifestyle-collaboratif-un-nouvel-art-de-vivre\/#article","isPartOf":{"@id":"https:\/\/greenwichmeridien.fr\/blog\/a-la-une\/le-lifestyle-collaboratif-un-nouvel-art-de-vivre\/"},"author":{"name":"Samuel Chalmin","@id":"https:\/\/greenwichmeridien.fr\/blog\/#\/schema\/person\/3c864cdc320801e3db34b663e7e3f816"},"headline":"Le lifestyle collaboratif : un nouvel art de vivre","datePublished":"2025-05-23T07:47:19+00:00","mainEntityOfPage":{"@id":"https:\/\/greenwichmeridien.fr\/blog\/a-la-une\/le-lifestyle-collaboratif-un-nouvel-art-de-vivre\/"},"wordCount":1365,"commentCount":0,"publisher":{"@id":"https:\/\/greenwichmeridien.fr\/blog\/#organization"},"image":{"@id":"https:\/\/greenwichmeridien.fr\/blog\/a-la-une\/le-lifestyle-collaboratif-un-nouvel-art-de-vivre\/#primaryimage"},"thumbnailUrl":"https:\/\/greenwichmeridien.fr\/blog\/wp-content\/uploads\/2025\/05\/sdxl-307ab5f8c31497f84ec03d1cdc14ca16-scaled.png","articleSection":["\u00c0 la une"],"inLanguage":"fr-FR","potentialAction":[{"@type":"CommentAction","name":"Comment","target":["https:\/\/greenwichmeridien.fr\/blog\/a-la-une\/le-lifestyle-collaboratif-un-nouvel-art-de-vivre\/#respond"]}]},{"@type":"WebPage","@id":"https:\/\/greenwichmeridien.fr\/blog\/a-la-une\/le-lifestyle-collaboratif-un-nouvel-art-de-vivre\/","url":"https:\/\/greenwichmeridien.fr\/blog\/a-la-une\/le-lifestyle-collaboratif-un-nouvel-art-de-vivre\/","name":"Le lifestyle collaboratif : red\u00e9finir notre fa\u00e7on de vivre","isPartOf":{"@id":"https:\/\/greenwichmeridien.fr\/blog\/#website"},"primaryImageOfPage":{"@id":"https:\/\/greenwichmeridien.fr\/blog\/a-la-une\/le-lifestyle-collaboratif-un-nouvel-art-de-vivre\/#primaryimage"},"image":{"@id":"https:\/\/greenwichmeridien.fr\/blog\/a-la-une\/le-lifestyle-collaboratif-un-nouvel-art-de-vivre\/#primaryimage"},"thumbnailUrl":"https:\/\/greenwichmeridien.fr\/blog\/wp-content\/uploads\/2025\/05\/sdxl-307ab5f8c31497f84ec03d1cdc14ca16-scaled.png","datePublished":"2025-05-23T07:47:19+00:00","description":"Dans un monde en mutation, o\u00f9 les d\u00e9fis environnementaux et sociaux se multiplient, le concept de lifestyle collaboratif appara\u00eet comme une r\u00e9ponse","inLanguage":"fr-FR","potentialAction":[{"@type":"ReadAction","target":["https:\/\/greenwichmeridien.fr\/blog\/a-la-une\/le-lifestyle-collaboratif-un-nouvel-art-de-vivre\/"]}]},{"@type":"ImageObject","inLanguage":"fr-FR","@id":"https:\/\/greenwichmeridien.fr\/blog\/a-la-une\/le-lifestyle-collaboratif-un-nouvel-art-de-vivre\/#primaryimage","url":"https:\/\/greenwichmeridien.fr\/blog\/wp-content\/uploads\/2025\/05\/sdxl-307ab5f8c31497f84ec03d1cdc14ca16-scaled.png","contentUrl":"https:\/\/greenwichmeridien.fr\/blog\/wp-content\/uploads\/2025\/05\/sdxl-307ab5f8c31497f84ec03d1cdc14ca16-scaled.png","width":1200,"height":500},{"@type":"WebSite","@id":"https:\/\/greenwichmeridien.fr\/blog\/#website","url":"https:\/\/greenwichmeridien.fr\/blog\/","name":"Greenwich M\u00e9ridien","description":"Greenwich M\u00e9ridien, le rep\u00e8re du temps et du voyage","publisher":{"@id":"https:\/\/greenwichmeridien.fr\/blog\/#organization"},"alternateName":"Greenwich M\u00e9ridien, le rep\u00e8re du temps et du voyage","potentialAction":[{"@type":"SearchAction","target":{"@type":"EntryPoint","urlTemplate":"https:\/\/greenwichmeridien.fr\/blog\/?s={search_term_string}"},"query-input":{"@type":"PropertyValueSpecification","valueRequired":true,"valueName":"search_term_string"}}],"inLanguage":"fr-FR"},{"@type":"Organization","@id":"https:\/\/greenwichmeridien.fr\/blog\/#organization","name":"Greenwich M\u00e9ridien","alternateName":"Greenwich M\u00e9ridien","url":"https:\/\/greenwichmeridien.fr\/blog\/","logo":{"@type":"ImageObject","inLanguage":"fr-FR","@id":"https:\/\/greenwichmeridien.fr\/blog\/#\/schema\/logo\/image\/","url":"https:\/\/greenwichmeridien.fr\/blog\/wp-content\/uploads\/2024\/12\/greenwichmeridien.png","contentUrl":"https:\/\/greenwichmeridien.fr\/blog\/wp-content\/uploads\/2024\/12\/greenwichmeridien.png","width":500,"height":500,"caption":"Greenwich M\u00e9ridien"},"image":{"@id":"https:\/\/greenwichmeridien.fr\/blog\/#\/schema\/logo\/image\/"}},{"@type":"Person","@id":"https:\/\/greenwichmeridien.fr\/blog\/#\/schema\/person\/3c864cdc320801e3db34b663e7e3f816","name":"Samuel Chalmin","image":{"@type":"ImageObject","inLanguage":"fr-FR","@id":"https:\/\/greenwichmeridien.fr\/blog\/#\/schema\/person\/image\/","url":"https:\/\/secure.gravatar.com\/avatar\/cef3677de7d237273d13053728f9470818581a8a27d9bf6f5039fd18508a905f?s=96&d=mm&r=g","contentUrl":"https:\/\/secure.gravatar.com\/avatar\/cef3677de7d237273d13053728f9470818581a8a27d9bf6f5039fd18508a905f?s=96&d=mm&r=g","caption":"Samuel Chalmin"},"description":"R\u00e9dacteur du site, il suit les questions de temps et de calendrier : m\u00e9ridien de Greenwich, heure GMT et UTC, fuseaux horaires, changement d'heure, ann\u00e9es bissextiles et jours f\u00e9ri\u00e9s.","sameAs":["https:\/\/samuelchalmin.fr\/"],"url":"https:\/\/greenwichmeridien.fr\/blog\/auteur\/noname\/"}]}},"_links":{"self":[{"href":"https:\/\/greenwichmeridien.fr\/blog\/wp-json\/wp\/v2\/posts\/7403","targetHints":{"allow":["GET"]}}],"collection":[{"href":"https:\/\/greenwichmeridien.fr\/blog\/wp-json\/wp\/v2\/posts"}],"about":[{"href":"https:\/\/greenwichmeridien.fr\/blog\/wp-json\/wp\/v2\/types\/post"}],"author":[{"embeddable":true,"href":"https:\/\/greenwichmeridien.fr\/blog\/wp-json\/wp\/v2\/users\/34"}],"replies":[{"embeddable":true,"href":"https:\/\/greenwichmeridien.fr\/blog\/wp-json\/wp\/v2\/comments?post=7403"}],"version-history":[{"count":0,"href":"https:\/\/greenwichmeridien.fr\/blog\/wp-json\/wp\/v2\/posts\/7403\/revisions"}],"wp:featuredmedia":[{"embeddable":true,"href":"https:\/\/greenwichmeridien.fr\/blog\/wp-json\/wp\/v2\/media\/7425"}],"wp:attachment":[{"href":"https:\/\/greenwichmeridien.fr\/blog\/wp-json\/wp\/v2\/media?parent=7403"}],"wp:term":[{"taxonomy":"category","embeddable":true,"href":"https:\/\/greenwichmeridien.fr\/blog\/wp-json\/wp\/v2\/categories?post=7403"},{"taxonomy":"post_tag","embeddable":true,"href":"https:\/\/greenwichmeridien.fr\/blog\/wp-json\/wp\/v2\/tags?post=7403"}],"curies":[{"name":"wp","href":"https:\/\/api.w.org\/{rel}","templated":true}]}}