{"id":7404,"date":"2025-05-23T09:48:43","date_gmt":"2025-05-23T07:48:43","guid":{"rendered":"https:\/\/greenwichmeridien.fr\/blog\/a-la-une\/les-paysages-impressionnants-de-la-france-historique\/"},"modified":"2025-05-23T09:48:43","modified_gmt":"2025-05-23T07:48:43","slug":"les-paysages-impressionnants-de-la-france-historique","status":"publish","type":"post","link":"https:\/\/greenwichmeridien.fr\/blog\/a-la-une\/les-paysages-impressionnants-de-la-france-historique\/","title":{"rendered":"Les paysages impressionnants de la France historique"},"content":{"rendered":"<p class=\"wp-block-paragraph\">La France n&rsquo;est pas seulement r\u00e9put\u00e9e pour sa gastronomie ou sa mode, elle est aussi un v\u00e9ritable mus\u00e9e \u00e0 ciel ouvert lorsqu&rsquo;il s&rsquo;agit de paysages naturels, culturels et historiques. Avec ses montagnes majestueuses, ses rivi\u00e8res sinueuses, ses plages dor\u00e9es et ses villages pittoresques, le pays est parsem\u00e9 de paysages \u00e0 couper le souffle qui racontent l\u2019histoire de ses r\u00e9gions et de ses habitants. Ce tour d&rsquo;horizon des paysages impressionnants de la France historique vous fera d\u00e9couvrir des joyaux souvent m\u00e9connus ou peu explor\u00e9s.<\/p>\n\n<h2 class=\"wp-block-heading\">Les Gorges du Verdon : le Grand Canyon fran\u00e7ais<\/h2>\n\n<p class=\"wp-block-paragraph\">Les Gorges du Verdon, souvent surnomm\u00e9es le Grand Canyon fran\u00e7ais, sont une merveille naturelle situ\u00e9e en Provence-Alpes-C\u00f4te d\u2019Azur. Cette gorge profonde, qui s\u2019\u00e9tend sur environ 25 kilom\u00e8tres, est c\u00e9l\u00e8bre pour ses eaux turquoise \u00e9poustouflantes et ses falaises abruptes. En 2025, elles attirent des milliers de visiteurs chaque ann\u00e9e, d\u00e9sireux d\u2019explorer ses panoramas spectaculaires.<\/p>\n\n<h3 class=\"wp-block-heading\">Activit\u00e9s et attractions<\/h3>\n\n<p class=\"wp-block-paragraph\">Les Gorges du Verdon ne se contentent pas d\u2019\u00eatre un simple spectacle ; elles offrent \u00e9galement une multitude d&rsquo;activit\u00e9s en plein air. Que vous soyez passionn\u00e9 de randonn\u00e9e, de kayak ou d&rsquo;escalade, cet endroit est un v\u00e9ritable terrain de jeu pour les amateurs d\u2019aventure. Voici quelques activit\u00e9s que nous vous recommandons :<\/p>\n\n<ul class=\"wp-block-list\"><li><strong>Randonn\u00e9e :<\/strong> Plusieurs sentiers balis\u00e9s, comme le Sentier Blanc Martel, vous feront d\u00e9couvrir des vues imprenables sur les gorges.<\/li><li><strong>Cano\u00eb ou kayak :<\/strong> Une descente des gorges en cano\u00eb est une mani\u00e8re exaltante de d\u00e9couvrir les eaux turquoise.<\/li><li><strong>Stand-up paddle :<\/strong> Une activit\u00e9 de plus en plus populaire pour ceux qui pr\u00e9f\u00e8rent une approche plus tranquille.<\/li><\/ul>\n\n<p class=\"wp-block-paragraph\">Cependant, il est crucial de rappeler que la r\u00e9gion est fragile. Les s\u00e9cheresses et le tourisme de masse posent un d\u00e9fi \u00e0 cet \u00e9cosyst\u00e8me naturel. En cons\u00e9quence, il est vital que les visiteurs respectent les r\u00e8gles et la faune locale pour pr\u00e9server cette merveille.<\/p>\n\n<h3 class=\"wp-block-heading\">Pr\u00e9server la beaut\u00e9 naturelle<\/h3>\n\n<p class=\"wp-block-paragraph\">La pr\u00e9servation des Gorges du Verdon est essentielle pour assurer la p\u00e9rennit\u00e9 de ses paysages. Par exemple, des mesures ont \u00e9t\u00e9 mises en place pour r\u00e9guler le nombre de visiteurs, particuli\u00e8rement durant la haute saison. Les associations locales sensibilisent \u00e9galement le public \u00e0 l\u2019importance de l\u2019\u00e9cologie et de la protection de la nature.<\/p>\n\n<figure class=\"wp-block-table\"><table>\n<thead>\n<tr>\n<th>Activit\u00e9<\/th>\n<th>Description<\/th>\n<th>Meilleur moment<\/th>\n<\/tr>\n<\/thead>\n<tbody>\n<tr>\n<td>Randonn\u00e9e<\/td>\n<td>Sentiers balis\u00e9s avec des vues imprenables<\/td>\n<td>Printemps et automne<\/td>\n<\/tr>\n<tr>\n<td>Cano\u00eb<\/td>\n<td>Descente des gorges en cano\u00eb<\/td>\n<td>\u00c9t\u00e9<\/td>\n<\/tr>\n<tr>\n<td>Stand-up paddle<\/td>\n<td>Exploration tranquille des eaux calmes<\/td>\n<td>\u00c9t\u00e9<\/td>\n<\/tr>\n<\/tbody>\n<\/table><\/figure>\n\n<h2 class=\"wp-block-heading\">Le charmant Massif de l\u2019Est\u00e9rel<\/h2>\n\n<p class=\"wp-block-paragraph\">Situ\u00e9 \u00e9galement en Provence-Alpes-C\u00f4te d\u2019Azur, le Massif de l\u2019Est\u00e9rel est une autre merveille \u00e0 ne pas n\u00e9gliger. Connu pour ses roches volcaniques rouges qui contrastent avec le bleu intense de la M\u00e9diterran\u00e9e, ce massif s&rsquo;\u00e9tend sur 32 000 hectares. Les paysages qu&rsquo;il offre varient \u00e9norm\u00e9ment selon l&rsquo;heure et la saison, offrant une palette de couleurs vibrantes tout au long de l&rsquo;ann\u00e9e.<\/p>\n\n<h3 class=\"wp-block-heading\">Randonner dans le Massif de l\u2019Est\u00e9rel<\/h3>\n\n<p class=\"wp-block-paragraph\">Le Massif de l\u2019Est\u00e9rel est un paradis pour les randonneurs. Plusieurs sentiers permettent aux amateurs de randonn\u00e9e de se plonger dans cette nature sauvage, d\u2019observer la faune et la flore locales, et d\u2019atteindre des panoramas dignes de cartes postales. Voici quelques itin\u00e9raires recommand\u00e9s :<\/p>\n\n<ul class=\"wp-block-list\"><li><strong>Le Pic de l&rsquo;Ours :<\/strong> Un sommet qui offre l&rsquo;une des meilleures vues sur la mer.<\/li><li><strong>Le Sentier des Douaniers :<\/strong> Une randonn\u00e9e en bord de mer qui permet d&rsquo;admirer des criques cach\u00e9es.<\/li><li><strong>Le Sentier de la Mine :<\/strong> Un parcours riche en histoire et en d\u00e9couvertes g\u00e9ologiques.<\/li><\/ul>\n\n<p class=\"wp-block-paragraph\">Il est important de se rappeler que la diversit\u00e9 du Massif de l\u2019Est\u00e9rel en fait un lieu non seulement beau mais \u00e9galement fragile. Chaque randonneur est une part du puzzle qui peut soit aider \u00e0 sa pr\u00e9servation soit nuire \u00e0 son \u00e9cosyst\u00e8me.<\/p>\n\n<figure class=\"wp-block-table\"><table>\n<thead>\n<tr>\n<th>Sentier<\/th>\n<th>Difficult\u00e9<\/th>\n<th>Dur\u00e9e<\/th>\n<\/tr>\n<\/thead>\n<tbody>\n<tr>\n<td>Le Pic de l&rsquo;Ours<\/td>\n<td>Mod\u00e9r\u00e9e<\/td>\n<td>3 heures<\/td>\n<\/tr>\n<tr>\n<td>Le Sentier des Douaniers<\/td>\n<td>Facile<\/td>\n<td>2 heures<\/td>\n<\/tr>\n<tr>\n<td>Le Sentier de la Mine<\/td>\n<td>Difficile<\/td>\n<td>4 heures<\/td>\n<\/tr>\n<\/tbody>\n<\/table><\/figure>\n\n<h2 class=\"wp-block-heading\">Les champs de lavande de Valensole<\/h2>\n\n<p class=\"wp-block-paragraph\">Entre mi-juin et mi-juillet, le plateau de Valensole se transforme en un oc\u00e9an de lavande violet, attirant des milliers de touristes. Les champs de lavande font partie int\u00e9grante du paysage proven\u00e7al et symbolisent \u00e0 eux seuls la beaut\u00e9 et la richesse du terroir fran\u00e7ais. En 2025, ces champs continuent d\u2019\u00eatre un lieu de pr\u00e9dilection pour les photographes et les amoureux de la nature.<\/p>\n\n<h3 class=\"wp-block-heading\">Visiter les champs de lavande<\/h3>\n\n<p class=\"wp-block-paragraph\">Pour profiter pleinement de ces paysages, voici quelques conseils pour votre visite :<\/p>\n\n<ul class=\"wp-block-list\"><li><strong>Timing :<\/strong> Visitez les champs entre fin juin et d\u00e9but juillet, lorsque la floraison atteint son apog\u00e9e.<\/li><li><strong>Respectez les lieux :<\/strong> Les champs sont des propri\u00e9t\u00e9s priv\u00e9es, donc ne cueillez pas les fleurs.<\/li><li><strong>Documentez votre visite :<\/strong> Capturez ces paysages avec votre appareil photo, mais veillez \u00e0 ne pas d\u00e9ranger les abeilles.<\/li><\/ul>\n\n<p class=\"wp-block-paragraph\">Les champs de lavande ne sont pas uniquement un festival de couleurs ; ils sont aussi un symbole de la culture et des traditions agricoles de la r\u00e9gion. La production de l&rsquo;huile essentielle de lavande est une activit\u00e9 cl\u00e9 pour les agriculteurs locaux, contribuant \u00e0 l&rsquo;\u00e9conomie r\u00e9gionale.<\/p>\n\n<figure class=\"wp-block-table\"><table>\n<thead>\n<tr>\n<th>Visite<\/th>\n<th>Description<\/th>\n<th>Meilleur moment<\/th>\n<\/tr>\n<\/thead>\n<tbody>\n<tr>\n<td>Champs de Lavande<\/td>\n<td>Vue sur des champs susceptibles d&rsquo;\u00eatre photographi\u00e9s<\/td>\n<td>Fin juin &#8211; d\u00e9but juillet<\/td>\n<\/tr>\n<tr>\n<td>Visite des producteurs locaux<\/td>\n<td>Apprentissage des techniques de production d&rsquo;huile essentielle<\/td>\n<td>Juillet<\/td>\n<\/tr>\n<\/tbody>\n<\/table><\/figure>\n\n<h2 class=\"wp-block-heading\">Les paysages des Alpes et du lac d&rsquo;Annecy<\/h2>\n\n<p class=\"wp-block-paragraph\">le lac d&rsquo;Annecy est bien plus qu&rsquo;un simple plan d&rsquo;eau ; c&rsquo;est un v\u00e9ritable amphith\u00e9\u00e2tre naturel entour\u00e9 de montagnes majestueuses. Ce lac, aux eaux turquoise et cristallines, est souvent qualifi\u00e9 de \u00ab lac le plus pur d&rsquo;Europe \u00bb. Chaque \u00e9t\u00e9, il devient une destination pris\u00e9e pour les amoureux de la nature et les passionn\u00e9s de sports nautiques.<\/p>\n\n<h3 class=\"wp-block-heading\">D\u00e9couvrir le lac d&rsquo;Annecy<\/h3>\n\n<p class=\"wp-block-paragraph\">Le lac d&rsquo;Annecy est id\u00e9al pour diverses activit\u00e9s, que ce soit pour la baignade, le kayak ou la randonn\u00e9e sur ses rives. Voici quelques suggestions d&rsquo;activit\u00e9s \u00e0 d\u00e9couvrir :<\/p>\n\n<ul class=\"wp-block-list\"><li><strong>Baignade :<\/strong> Profitez des plages publiques et priv\u00e9es, id\u00e9ales pour une journ\u00e9e familiale.<\/li><li><strong>Cyclisme autour du lac :<\/strong> Explorez la piste cyclable qui fait le tour du lac et admirez les paysages des montagnes environnantes.<\/li><li><strong>Visites des villages typiques :<\/strong> Annecy, Talloires et Menthon-Saint-Bernard sont des endroits charmants o\u00f9 fl\u00e2ner.<\/li><\/ul>\n\n<p class=\"wp-block-paragraph\">Le lac est aliment\u00e9 par les eaux provenant des montagnes environnantes, ce qui lui conf\u00e8re une puret\u00e9 exceptionnelle. En cons\u00e9quence, il est important d&rsquo;adopter un comportement respectueux de l&rsquo;environnement pour pr\u00e9server cette beaut\u00e9 naturelle.<\/p>\n\n<figure class=\"wp-block-table\"><table>\n<thead>\n<tr>\n<th>Activit\u00e9<\/th>\n<th>Description<\/th>\n<th>Meilleur moment<\/th>\n<\/tr>\n<\/thead>\n<tbody>\n<tr>\n<td>Baignade<\/td>\n<td>Plages ouvertes pendant l&rsquo;\u00e9t\u00e9<\/td>\n<td>Juin \u00e0 septembre<\/td>\n<\/tr>\n<tr>\n<td>Cyclisme<\/td>\n<td>Itin\u00e9raire panoramique<\/td>\n<td>Mai \u00e0 septembre<\/td>\n<\/tr>\n<tr>\n<td>Visite des villages<\/td>\n<td>Architecture et histoire \u00e0 d\u00e9couvrir<\/td>\n<td>Tout au long de l&rsquo;ann\u00e9e<\/td>\n<\/tr>\n<\/tbody>\n<\/table><\/figure>\n\n<h2 class=\"wp-block-heading\">Les Ch\u00e2teaux de la Loire : un voyage \u00e0 travers l&rsquo;histoire<\/h2>\n\n<p class=\"wp-block-paragraph\">Les <strong>ch\u00e2teaux de la Loire<\/strong> sont sans conteste les joyaux de l&rsquo;architecture fran\u00e7aise. En 2025, ces \u00e9difices, qui sont \u00e0 la fois des monuments historiques et des tr\u00e9sors architecturaux, attirent des millions de visiteurs. Chaque ch\u00e2teau, du <strong>Ch\u00e2teau de Versailles<\/strong> au <strong>Palais de Fontainebleau<\/strong>, a une histoire unique \u00e0 raconter.<\/p>\n\n<h3 class=\"wp-block-heading\">Explorer les principaux ch\u00e2teaux<\/h3>\n\n<p class=\"wp-block-paragraph\">Visiter les ch\u00e2teaux de la Loire, c&rsquo;est un peu comme faire un voyage dans le temps. Voici quelques-uns des ch\u00e2teaux les plus embl\u00e9matiques \u00e0 ne pas manquer :<\/p>\n\n<ul class=\"wp-block-list\"><li><strong>Ch\u00e2teau de Chenonceau :<\/strong> Construit sur le Cher, il est surnomm\u00e9 le \u00ab ch\u00e2teau des Dames \u00bb.<\/li><li><strong>Ch\u00e2teau d&rsquo;Amboise :<\/strong> R\u00e9sidence des rois de France, il offre une vue imprenable sur la Loire.<\/li><li><strong>Ch\u00e2teau de Chambord :<\/strong> Avec son architecture Renaissance, il est sans doute le plus photographi\u00e9.<\/li><\/ul>\n\n<p class=\"wp-block-paragraph\">De plus, chaque ch\u00e2teau offre des jardins b\u00e2tis avec soin, souvent dans des styles vari\u00e9s, allant de la Renaissance au style fran\u00e7ais classique.<\/p>\n\n<figure class=\"wp-block-table\"><table>\n<thead>\n<tr>\n<th>Ch\u00e2teau<\/th>\n<th>R\u00e9gion<\/th>\n<th>Caract\u00e9ristique principale<\/th>\n<\/tr>\n<\/thead>\n<tbody>\n<tr>\n<td>Ch\u00e2teau de Chenonceau<\/td>\n<td>Centre-Val de Loire<\/td>\n<td>Construit sur le Cher, jardin magnifique<\/td>\n<\/tr>\n<tr>\n<td>Ch\u00e2teau d&rsquo;Amboise<\/td>\n<td>Centre-Val de Loire<\/td>\n<td>Vue imprenable sur la Loire, r\u00e9sidence royale<\/td>\n<\/tr>\n<tr>\n<td>Ch\u00e2teau de Chambord<\/td>\n<td>Centre-Val de Loire<\/td>\n<td>Architecture Renaissance embl\u00e9matique<\/td>\n<\/tr>\n<\/tbody>\n<\/table><\/figure>\n\n<h2 class=\"wp-block-heading\">Les sites historiques et culturels de la France<\/h2>\n\n<p class=\"wp-block-paragraph\">La France poss\u00e8de un riche h\u00e9ritage culturel, et lorsqu&rsquo;il s&rsquo;agit de paysages historiques, le <strong>Puy du Fou<\/strong> est un exemple marquant. Ce parc \u00e0 th\u00e8me propose des spectacles historiques immersifs qui plongent les visiteurs dans diverses \u00e9poques, allant des vikings aux guerres de France.<\/p>\n\n<figure class=\"is-provider-youtube is-type-video wp-block-embed wp-block-embed-youtube wp-embed-aspect-16-9 wp-has-aspect-ratio\"><div class=\"wp-block-embed__wrapper\">\n<iframe loading=\"lazy\" title=\"\ud83c\udfe1 Top 5 des Plus Beaux Villages de France selon le Times\" width=\"1200\" height=\"675\" src=\"https:\/\/www.youtube.com\/embed\/qCUKXhtXwFU?feature=oembed\" frameborder=\"0\" allow=\"accelerometer; autoplay; clipboard-write; encrypted-media; gyroscope; picture-in-picture; web-share\" referrerpolicy=\"strict-origin-when-cross-origin\" allowfullscreen><\/iframe>\n<\/div><\/figure>\n\n<h3 class=\"wp-block-heading\">Immersion dans l&rsquo;histoire<\/h3>\n\n<p class=\"wp-block-paragraph\">En 2025, le Puy du Fou est l&rsquo;un des parcs \u00e0 th\u00e8me les plus populaires en France, s\u00e9duisant tant les familles que les passionn\u00e9s d&rsquo;histoire. Les spectacles, riches en d\u00e9tails et en \u00e9motions, permettent de vivre des moments in\u00e9dits :<\/p>\n\n<ul class=\"wp-block-list\"><li><strong>Les Vikings :<\/strong> un spectacle \u00e9poustouflant qui reconstitue des batailles navales.<\/li><li><strong>Le Myst\u00e8re de la P\u00e9rouse :<\/strong> une aventure maritime au moment des grandes d\u00e9couvertes.<\/li><li><strong>Les Chevaliers de la Table Ronde :<\/strong> revivez les l\u00e9gendes arthuriques dans un cadre m\u00e9di\u00e9val.<\/li><\/ul>\n\n<p class=\"wp-block-paragraph\">Avec ce m\u00e9lange de spectacles vivants et d&rsquo;histoires racont\u00e9es avec passion, le Puy du Fou offre une vision unique du patrimoine culturel fran\u00e7ais et permet d\u2019apprendre en s&rsquo;amusant.<\/p>\n\n<figure class=\"wp-block-table\"><table>\n<thead>\n<tr>\n<th>Spectacle<\/th>\n<th>\u00c9poque<\/th>\n<th>Th\u00e8me<\/th>\n<\/tr>\n<\/thead>\n<tbody>\n<tr>\n<td>Les Vikings<\/td>\n<td>Moyen \u00c2ge<\/td>\n<td>Batailles navales spectaculaires<\/td>\n<\/tr>\n<tr>\n<td>Le Myst\u00e8re de la P\u00e9rouse<\/td>\n<td>18\u00e8me si\u00e8cle<\/td>\n<td>Aventures maritimes<\/td>\n<\/tr>\n<tr>\n<td>Les Chevaliers de la Table Ronde<\/td>\n<td>M\u00e9di\u00e9val<\/td>\n<td>L\u00e9gendes arthuriques<\/td>\n<\/tr>\n<\/tbody>\n<\/table><\/figure>\n\n<p class=\"wp-block-paragraph\">La beaut\u00e9 de la France se d\u00e9ploie \u00e0 travers ses paysages impressionnants et son riche patrimoine. Que vous soyez en qu\u00eate d&rsquo;aventure au c\u0153ur des Gorges du Verdon ou d&rsquo;\u00e9merveillement devant les ch\u00e2teaux de la Loire, chaque coin du territoire fran\u00e7ais a une histoire \u00e0 raconter. En explorant ces tr\u00e9sors, vous pourrez appr\u00e9cier la richesse historique et naturelle qui fait de la France un pays unique.<\/p>\n\n","protected":false},"excerpt":{"rendered":"","protected":false},"author":34,"featured_media":7424,"comment_status":"open","ping_status":"open","sticky":false,"template":"","format":"standard","meta":{"_acf_changed":false,"manual_indexmenow":false,"indexmenow_id_project":0,"footnotes":""},"categories":[1],"tags":[],"class_list":["post-7404","post","type-post","status-publish","format-standard","has-post-thumbnail","hentry","category-a-la-une","generate-columns","tablet-grid-50","mobile-grid-100","grid-parent","grid-25"],"acf":[],"yoast_head":"<!-- This site is optimized with the Yoast SEO Premium plugin v21.3 (Yoast SEO v25.6) - https:\/\/yoast.com\/wordpress\/plugins\/seo\/ -->\n<title>Les merveilles des paysages de la France historique<\/title>\n<meta name=\"description\" content=\"La France n&#039;est pas seulement r\u00e9put\u00e9e pour sa gastronomie ou sa mode, elle est aussi un v\u00e9ritable mus\u00e9e \u00e0 ciel ouvert lorsqu&#039;il s&#039;agit de paysages\" \/>\n<meta name=\"robots\" content=\"index, follow, max-snippet:-1, max-image-preview:large, max-video-preview:-1\" \/>\n<link rel=\"canonical\" href=\"https:\/\/greenwichmeridien.fr\/blog\/a-la-une\/les-paysages-impressionnants-de-la-france-historique\/\" \/>\n<meta property=\"og:locale\" content=\"fr_FR\" \/>\n<meta property=\"og:type\" content=\"article\" \/>\n<meta property=\"og:title\" content=\"Les merveilles des paysages de la France historique\" \/>\n<meta property=\"og:description\" content=\"La France n&#039;est pas seulement r\u00e9put\u00e9e pour sa gastronomie ou sa mode, elle est aussi un v\u00e9ritable mus\u00e9e \u00e0 ciel ouvert lorsqu&#039;il s&#039;agit de paysages\" \/>\n<meta property=\"og:url\" content=\"https:\/\/greenwichmeridien.fr\/blog\/a-la-une\/les-paysages-impressionnants-de-la-france-historique\/\" \/>\n<meta property=\"og:site_name\" content=\"greenwichmeridien\" \/>\n<meta property=\"og:image\" content=\"https:\/\/greenwichmeridien.fr\/blog\/wp-content\/uploads\/2025\/05\/sdxl-d9b14d1e15fbd8e52fe175900704e028-scaled.png\" \/>\n\t<meta property=\"og:image:width\" content=\"1200\" \/>\n\t<meta property=\"og:image:height\" content=\"500\" \/>\n\t<meta property=\"og:image:type\" content=\"image\/png\" \/>\n<meta name=\"author\" content=\"Samuel Chalmin\" \/>\n<meta name=\"twitter:card\" content=\"summary_large_image\" \/>\n<script type=\"application\/ld+json\" class=\"yoast-schema-graph\">{\"@context\":\"https:\/\/schema.org\",\"@graph\":[{\"@type\":\"NewsArticle\",\"@id\":\"https:\/\/greenwichmeridien.fr\/blog\/a-la-une\/les-paysages-impressionnants-de-la-france-historique\/#article\",\"isPartOf\":{\"@id\":\"https:\/\/greenwichmeridien.fr\/blog\/a-la-une\/les-paysages-impressionnants-de-la-france-historique\/\"},\"author\":{\"name\":\"Samuel Chalmin\",\"@id\":\"https:\/\/greenwichmeridien.fr\/blog\/#\/schema\/person\/3c864cdc320801e3db34b663e7e3f816\"},\"headline\":\"Les paysages impressionnants de la France historique\",\"datePublished\":\"2025-05-23T07:48:43+00:00\",\"mainEntityOfPage\":{\"@id\":\"https:\/\/greenwichmeridien.fr\/blog\/a-la-une\/les-paysages-impressionnants-de-la-france-historique\/\"},\"wordCount\":1679,\"commentCount\":0,\"publisher\":{\"@id\":\"https:\/\/greenwichmeridien.fr\/blog\/#organization\"},\"image\":{\"@id\":\"https:\/\/greenwichmeridien.fr\/blog\/a-la-une\/les-paysages-impressionnants-de-la-france-historique\/#primaryimage\"},\"thumbnailUrl\":\"https:\/\/greenwichmeridien.fr\/blog\/wp-content\/uploads\/2025\/05\/sdxl-d9b14d1e15fbd8e52fe175900704e028-scaled.png\",\"articleSection\":[\"\u00c0 la une\"],\"inLanguage\":\"fr-FR\",\"potentialAction\":[{\"@type\":\"CommentAction\",\"name\":\"Comment\",\"target\":[\"https:\/\/greenwichmeridien.fr\/blog\/a-la-une\/les-paysages-impressionnants-de-la-france-historique\/#respond\"]}]},{\"@type\":\"WebPage\",\"@id\":\"https:\/\/greenwichmeridien.fr\/blog\/a-la-une\/les-paysages-impressionnants-de-la-france-historique\/\",\"url\":\"https:\/\/greenwichmeridien.fr\/blog\/a-la-une\/les-paysages-impressionnants-de-la-france-historique\/\",\"name\":\"Les merveilles des paysages de la France historique\",\"isPartOf\":{\"@id\":\"https:\/\/greenwichmeridien.fr\/blog\/#website\"},\"primaryImageOfPage\":{\"@id\":\"https:\/\/greenwichmeridien.fr\/blog\/a-la-une\/les-paysages-impressionnants-de-la-france-historique\/#primaryimage\"},\"image\":{\"@id\":\"https:\/\/greenwichmeridien.fr\/blog\/a-la-une\/les-paysages-impressionnants-de-la-france-historique\/#primaryimage\"},\"thumbnailUrl\":\"https:\/\/greenwichmeridien.fr\/blog\/wp-content\/uploads\/2025\/05\/sdxl-d9b14d1e15fbd8e52fe175900704e028-scaled.png\",\"datePublished\":\"2025-05-23T07:48:43+00:00\",\"description\":\"La France n'est pas seulement r\u00e9put\u00e9e pour sa gastronomie ou sa mode, elle est aussi un v\u00e9ritable mus\u00e9e \u00e0 ciel ouvert lorsqu'il s'agit de paysages\",\"inLanguage\":\"fr-FR\",\"potentialAction\":[{\"@type\":\"ReadAction\",\"target\":[\"https:\/\/greenwichmeridien.fr\/blog\/a-la-une\/les-paysages-impressionnants-de-la-france-historique\/\"]}]},{\"@type\":\"ImageObject\",\"inLanguage\":\"fr-FR\",\"@id\":\"https:\/\/greenwichmeridien.fr\/blog\/a-la-une\/les-paysages-impressionnants-de-la-france-historique\/#primaryimage\",\"url\":\"https:\/\/greenwichmeridien.fr\/blog\/wp-content\/uploads\/2025\/05\/sdxl-d9b14d1e15fbd8e52fe175900704e028-scaled.png\",\"contentUrl\":\"https:\/\/greenwichmeridien.fr\/blog\/wp-content\/uploads\/2025\/05\/sdxl-d9b14d1e15fbd8e52fe175900704e028-scaled.png\",\"width\":1200,\"height\":500},{\"@type\":\"WebSite\",\"@id\":\"https:\/\/greenwichmeridien.fr\/blog\/#website\",\"url\":\"https:\/\/greenwichmeridien.fr\/blog\/\",\"name\":\"Greenwich M\u00e9ridien\",\"description\":\"Greenwich M\u00e9ridien, le rep\u00e8re du temps et du voyage\",\"publisher\":{\"@id\":\"https:\/\/greenwichmeridien.fr\/blog\/#organization\"},\"alternateName\":\"Greenwich M\u00e9ridien, le rep\u00e8re du temps et du voyage\",\"potentialAction\":[{\"@type\":\"SearchAction\",\"target\":{\"@type\":\"EntryPoint\",\"urlTemplate\":\"https:\/\/greenwichmeridien.fr\/blog\/?s={search_term_string}\"},\"query-input\":{\"@type\":\"PropertyValueSpecification\",\"valueRequired\":true,\"valueName\":\"search_term_string\"}}],\"inLanguage\":\"fr-FR\"},{\"@type\":\"Organization\",\"@id\":\"https:\/\/greenwichmeridien.fr\/blog\/#organization\",\"name\":\"Greenwich M\u00e9ridien\",\"alternateName\":\"Greenwich M\u00e9ridien\",\"url\":\"https:\/\/greenwichmeridien.fr\/blog\/\",\"logo\":{\"@type\":\"ImageObject\",\"inLanguage\":\"fr-FR\",\"@id\":\"https:\/\/greenwichmeridien.fr\/blog\/#\/schema\/logo\/image\/\",\"url\":\"https:\/\/greenwichmeridien.fr\/blog\/wp-content\/uploads\/2024\/12\/greenwichmeridien.png\",\"contentUrl\":\"https:\/\/greenwichmeridien.fr\/blog\/wp-content\/uploads\/2024\/12\/greenwichmeridien.png\",\"width\":500,\"height\":500,\"caption\":\"Greenwich M\u00e9ridien\"},\"image\":{\"@id\":\"https:\/\/greenwichmeridien.fr\/blog\/#\/schema\/logo\/image\/\"}},{\"@type\":\"Person\",\"@id\":\"https:\/\/greenwichmeridien.fr\/blog\/#\/schema\/person\/3c864cdc320801e3db34b663e7e3f816\",\"name\":\"Samuel Chalmin\",\"image\":{\"@type\":\"ImageObject\",\"inLanguage\":\"fr-FR\",\"@id\":\"https:\/\/greenwichmeridien.fr\/blog\/#\/schema\/person\/image\/\",\"url\":\"https:\/\/secure.gravatar.com\/avatar\/cef3677de7d237273d13053728f9470818581a8a27d9bf6f5039fd18508a905f?s=96&d=mm&r=g\",\"contentUrl\":\"https:\/\/secure.gravatar.com\/avatar\/cef3677de7d237273d13053728f9470818581a8a27d9bf6f5039fd18508a905f?s=96&d=mm&r=g\",\"caption\":\"Samuel Chalmin\"},\"description\":\"R\u00e9dacteur du site, il suit les questions de temps et de calendrier : m\u00e9ridien de Greenwich, heure GMT et UTC, fuseaux horaires, changement d'heure, ann\u00e9es bissextiles et jours f\u00e9ri\u00e9s.\",\"sameAs\":[\"https:\/\/samuelchalmin.fr\/\"],\"url\":\"https:\/\/greenwichmeridien.fr\/blog\/auteur\/noname\/\"}]}<\/script>\n<!-- \/ Yoast SEO Premium plugin. -->","yoast_head_json":{"title":"Les merveilles des paysages de la France historique","description":"La France n'est pas seulement r\u00e9put\u00e9e pour sa gastronomie ou sa mode, elle est aussi un v\u00e9ritable mus\u00e9e \u00e0 ciel ouvert lorsqu'il s'agit de paysages","robots":{"index":"index","follow":"follow","max-snippet":"max-snippet:-1","max-image-preview":"max-image-preview:large","max-video-preview":"max-video-preview:-1"},"canonical":"https:\/\/greenwichmeridien.fr\/blog\/a-la-une\/les-paysages-impressionnants-de-la-france-historique\/","og_locale":"fr_FR","og_type":"article","og_title":"Les merveilles des paysages de la France historique","og_description":"La France n'est pas seulement r\u00e9put\u00e9e pour sa gastronomie ou sa mode, elle est aussi un v\u00e9ritable mus\u00e9e \u00e0 ciel ouvert lorsqu'il s'agit de paysages","og_url":"https:\/\/greenwichmeridien.fr\/blog\/a-la-une\/les-paysages-impressionnants-de-la-france-historique\/","og_site_name":"greenwichmeridien","og_image":[{"width":1200,"height":500,"url":"https:\/\/greenwichmeridien.fr\/blog\/wp-content\/uploads\/2025\/05\/sdxl-d9b14d1e15fbd8e52fe175900704e028-scaled.png","type":"image\/png"}],"author":"Samuel Chalmin","twitter_card":"summary_large_image","schema":{"@context":"https:\/\/schema.org","@graph":[{"@type":"NewsArticle","@id":"https:\/\/greenwichmeridien.fr\/blog\/a-la-une\/les-paysages-impressionnants-de-la-france-historique\/#article","isPartOf":{"@id":"https:\/\/greenwichmeridien.fr\/blog\/a-la-une\/les-paysages-impressionnants-de-la-france-historique\/"},"author":{"name":"Samuel Chalmin","@id":"https:\/\/greenwichmeridien.fr\/blog\/#\/schema\/person\/3c864cdc320801e3db34b663e7e3f816"},"headline":"Les paysages impressionnants de la France historique","datePublished":"2025-05-23T07:48:43+00:00","mainEntityOfPage":{"@id":"https:\/\/greenwichmeridien.fr\/blog\/a-la-une\/les-paysages-impressionnants-de-la-france-historique\/"},"wordCount":1679,"commentCount":0,"publisher":{"@id":"https:\/\/greenwichmeridien.fr\/blog\/#organization"},"image":{"@id":"https:\/\/greenwichmeridien.fr\/blog\/a-la-une\/les-paysages-impressionnants-de-la-france-historique\/#primaryimage"},"thumbnailUrl":"https:\/\/greenwichmeridien.fr\/blog\/wp-content\/uploads\/2025\/05\/sdxl-d9b14d1e15fbd8e52fe175900704e028-scaled.png","articleSection":["\u00c0 la une"],"inLanguage":"fr-FR","potentialAction":[{"@type":"CommentAction","name":"Comment","target":["https:\/\/greenwichmeridien.fr\/blog\/a-la-une\/les-paysages-impressionnants-de-la-france-historique\/#respond"]}]},{"@type":"WebPage","@id":"https:\/\/greenwichmeridien.fr\/blog\/a-la-une\/les-paysages-impressionnants-de-la-france-historique\/","url":"https:\/\/greenwichmeridien.fr\/blog\/a-la-une\/les-paysages-impressionnants-de-la-france-historique\/","name":"Les merveilles des paysages de la France historique","isPartOf":{"@id":"https:\/\/greenwichmeridien.fr\/blog\/#website"},"primaryImageOfPage":{"@id":"https:\/\/greenwichmeridien.fr\/blog\/a-la-une\/les-paysages-impressionnants-de-la-france-historique\/#primaryimage"},"image":{"@id":"https:\/\/greenwichmeridien.fr\/blog\/a-la-une\/les-paysages-impressionnants-de-la-france-historique\/#primaryimage"},"thumbnailUrl":"https:\/\/greenwichmeridien.fr\/blog\/wp-content\/uploads\/2025\/05\/sdxl-d9b14d1e15fbd8e52fe175900704e028-scaled.png","datePublished":"2025-05-23T07:48:43+00:00","description":"La France n'est pas seulement r\u00e9put\u00e9e pour sa gastronomie ou sa mode, elle est aussi un v\u00e9ritable mus\u00e9e \u00e0 ciel ouvert lorsqu'il s'agit de paysages","inLanguage":"fr-FR","potentialAction":[{"@type":"ReadAction","target":["https:\/\/greenwichmeridien.fr\/blog\/a-la-une\/les-paysages-impressionnants-de-la-france-historique\/"]}]},{"@type":"ImageObject","inLanguage":"fr-FR","@id":"https:\/\/greenwichmeridien.fr\/blog\/a-la-une\/les-paysages-impressionnants-de-la-france-historique\/#primaryimage","url":"https:\/\/greenwichmeridien.fr\/blog\/wp-content\/uploads\/2025\/05\/sdxl-d9b14d1e15fbd8e52fe175900704e028-scaled.png","contentUrl":"https:\/\/greenwichmeridien.fr\/blog\/wp-content\/uploads\/2025\/05\/sdxl-d9b14d1e15fbd8e52fe175900704e028-scaled.png","width":1200,"height":500},{"@type":"WebSite","@id":"https:\/\/greenwichmeridien.fr\/blog\/#website","url":"https:\/\/greenwichmeridien.fr\/blog\/","name":"Greenwich M\u00e9ridien","description":"Greenwich M\u00e9ridien, le rep\u00e8re du temps et du voyage","publisher":{"@id":"https:\/\/greenwichmeridien.fr\/blog\/#organization"},"alternateName":"Greenwich M\u00e9ridien, le rep\u00e8re du temps et du voyage","potentialAction":[{"@type":"SearchAction","target":{"@type":"EntryPoint","urlTemplate":"https:\/\/greenwichmeridien.fr\/blog\/?s={search_term_string}"},"query-input":{"@type":"PropertyValueSpecification","valueRequired":true,"valueName":"search_term_string"}}],"inLanguage":"fr-FR"},{"@type":"Organization","@id":"https:\/\/greenwichmeridien.fr\/blog\/#organization","name":"Greenwich M\u00e9ridien","alternateName":"Greenwich M\u00e9ridien","url":"https:\/\/greenwichmeridien.fr\/blog\/","logo":{"@type":"ImageObject","inLanguage":"fr-FR","@id":"https:\/\/greenwichmeridien.fr\/blog\/#\/schema\/logo\/image\/","url":"https:\/\/greenwichmeridien.fr\/blog\/wp-content\/uploads\/2024\/12\/greenwichmeridien.png","contentUrl":"https:\/\/greenwichmeridien.fr\/blog\/wp-content\/uploads\/2024\/12\/greenwichmeridien.png","width":500,"height":500,"caption":"Greenwich M\u00e9ridien"},"image":{"@id":"https:\/\/greenwichmeridien.fr\/blog\/#\/schema\/logo\/image\/"}},{"@type":"Person","@id":"https:\/\/greenwichmeridien.fr\/blog\/#\/schema\/person\/3c864cdc320801e3db34b663e7e3f816","name":"Samuel Chalmin","image":{"@type":"ImageObject","inLanguage":"fr-FR","@id":"https:\/\/greenwichmeridien.fr\/blog\/#\/schema\/person\/image\/","url":"https:\/\/secure.gravatar.com\/avatar\/cef3677de7d237273d13053728f9470818581a8a27d9bf6f5039fd18508a905f?s=96&d=mm&r=g","contentUrl":"https:\/\/secure.gravatar.com\/avatar\/cef3677de7d237273d13053728f9470818581a8a27d9bf6f5039fd18508a905f?s=96&d=mm&r=g","caption":"Samuel Chalmin"},"description":"R\u00e9dacteur du site, il suit les questions de temps et de calendrier : m\u00e9ridien de Greenwich, heure GMT et UTC, fuseaux horaires, changement d'heure, ann\u00e9es bissextiles et jours f\u00e9ri\u00e9s.","sameAs":["https:\/\/samuelchalmin.fr\/"],"url":"https:\/\/greenwichmeridien.fr\/blog\/auteur\/noname\/"}]}},"_links":{"self":[{"href":"https:\/\/greenwichmeridien.fr\/blog\/wp-json\/wp\/v2\/posts\/7404","targetHints":{"allow":["GET"]}}],"collection":[{"href":"https:\/\/greenwichmeridien.fr\/blog\/wp-json\/wp\/v2\/posts"}],"about":[{"href":"https:\/\/greenwichmeridien.fr\/blog\/wp-json\/wp\/v2\/types\/post"}],"author":[{"embeddable":true,"href":"https:\/\/greenwichmeridien.fr\/blog\/wp-json\/wp\/v2\/users\/34"}],"replies":[{"embeddable":true,"href":"https:\/\/greenwichmeridien.fr\/blog\/wp-json\/wp\/v2\/comments?post=7404"}],"version-history":[{"count":0,"href":"https:\/\/greenwichmeridien.fr\/blog\/wp-json\/wp\/v2\/posts\/7404\/revisions"}],"wp:featuredmedia":[{"embeddable":true,"href":"https:\/\/greenwichmeridien.fr\/blog\/wp-json\/wp\/v2\/media\/7424"}],"wp:attachment":[{"href":"https:\/\/greenwichmeridien.fr\/blog\/wp-json\/wp\/v2\/media?parent=7404"}],"wp:term":[{"taxonomy":"category","embeddable":true,"href":"https:\/\/greenwichmeridien.fr\/blog\/wp-json\/wp\/v2\/categories?post=7404"},{"taxonomy":"post_tag","embeddable":true,"href":"https:\/\/greenwichmeridien.fr\/blog\/wp-json\/wp\/v2\/tags?post=7404"}],"curies":[{"name":"wp","href":"https:\/\/api.w.org\/{rel}","templated":true}]}}