{"id":7406,"date":"2025-05-23T09:50:47","date_gmt":"2025-05-23T07:50:47","guid":{"rendered":"https:\/\/greenwichmeridien.fr\/blog\/a-la-une\/levolution-des-coutumes-francaises-au-fil-du-temps\/"},"modified":"2025-05-23T09:50:47","modified_gmt":"2025-05-23T07:50:47","slug":"levolution-des-coutumes-francaises-au-fil-du-temps","status":"publish","type":"post","link":"https:\/\/greenwichmeridien.fr\/blog\/a-la-une\/levolution-des-coutumes-francaises-au-fil-du-temps\/","title":{"rendered":"L&rsquo;\u00e9volution des coutumes fran\u00e7aises au fil du temps"},"content":{"rendered":"<p class=\"wp-block-paragraph\">Les coutumes et traditions agricoles, gastronomiques et festives en France sont le fruit d&rsquo;une histoire riche et complexe. Elles \u00e9voluent au rythme des g\u00e9n\u00e9rations, entre h\u00e9ritage et modernit\u00e9, infusant notre quotidien de significations profondes. Dans cet article, nous explorerons comment ces coutumes se sont transform\u00e9es au fil des si\u00e8cles, comment elles font \u00e9cho \u00e0 notre identit\u00e9 nationale et comment les jeunes g\u00e9n\u00e9rations jouent un r\u00f4le cl\u00e9 dans leur perp\u00e9tuation.<\/p>\n\n<h2 class=\"wp-block-heading\">L&rsquo;Impact des \u00c9v\u00e9nements Historiques sur les Coutumes Fran\u00e7aises<\/h2>\n\n<p class=\"wp-block-paragraph\">Depuis des si\u00e8cles, des \u00e9v\u00e9nements marquants tels que les guerres, les r\u00e9volutions et les transitions politiques ont profond\u00e9ment influenc\u00e9 les traditions culturelles fran\u00e7aises. Par exemple, la R\u00e9volution fran\u00e7aise de 1789 a mis un terme \u00e0 de nombreuses coutumes li\u00e9es \u00e0 la monarchie, tout en donnant naissance \u00e0 de nouvelles c\u00e9l\u00e9brations, comme la F\u00eate de la Bastille, qui symbolise la libert\u00e9 et l&rsquo;unit\u00e9 nationale.<\/p>\n\n<p class=\"wp-block-paragraph\">Les p\u00e9riodes de bouleversements ont souvent \u00e9t\u00e9 accompagn\u00e9es de changements dans les rites et les pratiques sociales. Ainsi, la proximit\u00e9 des Fran\u00e7ais face aux in\u00e9galit\u00e9s sociales les a pouss\u00e9s \u00e0 cr\u00e9er des rassemblements populaires et festifs, o\u00f9 la solidarit\u00e9 et l&rsquo;entraide prenaient le pas sur les traditions ancestrales. Voici quelques \u00e9v\u00e9nements historiques cl\u00e9s et leurs impacts :<\/p>\n\n<figure class=\"wp-block-table\"><table>\n<thead>\n<tr>\n<th>\u00c9v\u00e9nement<\/th>\n<th>Impact sur les Coutumes<\/th>\n<\/tr>\n<\/thead>\n<tbody>\n<tr>\n<td>R\u00e9volution fran\u00e7aise (1789)<\/td>\n<td>Naissance de nouvelles f\u00eates r\u00e9publicaines, abandon des rites monarchiques.<\/td>\n<\/tr>\n<tr>\n<td>Guerrres mondiales<\/td>\n<td>Modifications des c\u00e9l\u00e9brations patriotiques et des rituels de deuil.<\/td>\n<\/tr>\n<tr>\n<td>Mai 68<\/td>\n<td>R\u00e9\u00e9valuation des traditions familiales et des valeurs soci\u00e9tales.<\/td>\n<\/tr>\n<\/tbody>\n<\/table><\/figure>\n\n<p class=\"wp-block-paragraph\">Chaque g\u00e9n\u00e9ration marque de son empreinte ces transformations, tout en apportant une perspective unique sur le pass\u00e9. Les jeunes Fran\u00e7ais d&rsquo;aujourd&rsquo;hui prennent cette responsabilit\u00e9 au s\u00e9rieux, cherchant \u00e0 pr\u00e9server des coutumes tout en les adaptant aux r\u00e9alit\u00e9s contemporaines. Cela refl\u00e8te un lien continu entre le pass\u00e9 et le pr\u00e9sent, o\u00f9 les traditions sont \u00e0 la fois ancr\u00e9es dans l\u2019histoire et nourries par le modernisme.<\/p>\n\n<h3 class=\"wp-block-heading\">Les Coutumes R\u00e9gionales et leur \u00c9volution<\/h3>\n\n<p class=\"wp-block-paragraph\">Les traditions r\u00e9gionales jouent un r\u00f4le fondamental dans la diversit\u00e9 des coutumes fran\u00e7aises. Chaque r\u00e9gion a ses sp\u00e9cificit\u00e9s, refl\u00e9tant ainsi les influences g\u00e9ographiques, historiques et culturelles. Prenons l&rsquo;exemple de la <strong>p\u00e2tisserie Pierre Herm\u00e9<\/strong>, qui illustre comment une tradition locale peut \u00e9voluer \u00e0 l\u2019\u00e9chelle nationale et internationale. Les chefs p\u00e2tissiers interpr\u00e8tent les recettes marchent au rythme des saisons et des tendances, fusionnant les techniques traditionnelles avec des innovations culinaires.<\/p>\n\n<ul class=\"wp-block-list\"><li>Gastronomie : Sp\u00e9cialit\u00e9s comme les <strong>Vins de Bordeaux<\/strong> ou le <strong>savon de Marseille<\/strong> racontent l\u2019histoire de leur r\u00e9gion.<\/li><li>C\u00e9l\u00e9brations : F\u00eates comme la F\u00eate des Vins \u00e0 Montmartre apportent des dimensions festives tout en respectant les coutumes viticoles.<\/li><li>Artisanat : L\u2019artisanat r\u00e9gional, comme la <strong>coutellerie Laguiole<\/strong> ou la <strong>fabrication de fromage<\/strong>, perp\u00e9tue des traditions ancestrales.<\/li><\/ul>\n\n<p class=\"wp-block-paragraph\">Ces traditions \u00e9voluent, certes, mais elles restent enracin\u00e9es dans une identit\u00e9 collective partag\u00e9e. \u00c0 chaque d\u00e9monstration culinaire, par exemple, c&rsquo;est un pan de l&rsquo;histoire qui se ravive, permettant aux g\u00e9n\u00e9rations futures de s&rsquo;y connecter profond\u00e9ment. Au-del\u00e0 des diff\u00e9rences r\u00e9gionales, c&rsquo;est une culture de la diversit\u00e9 qui se tisse, o\u00f9 chaque pratique s&rsquo;inscrit comme une pi\u00e8ce essentielle du puzzle fran\u00e7ais.<\/p>\n\n<h2 class=\"wp-block-heading\">L&rsquo;Adaptation des Coutumes \u00e0 la Modernit\u00e9<\/h2>\n\n<p class=\"wp-block-paragraph\">\u00c0 l&rsquo;\u00e8re de la mondialisation et des transformations rapides des modes de vie, les coutumes fran\u00e7aises doivent faire face \u00e0 de nouveaux d\u00e9fis. Ainsi, elles se voient quotidiennement repens\u00e9es pour convenir aux jeunes g\u00e9n\u00e9rations. En effet, ces derni\u00e8res cherchent souvent \u00e0 concilier leur h\u00e9ritage culturel avec leurs valeurs contemporaines, comme l&rsquo;\u00e9cologie ou l\u2019inclusion.<\/p>\n\n<p class=\"wp-block-paragraph\">Les pratiques festives, par exemple, s&rsquo;adaptent \u00e0 des enjeux tels que la durabilit\u00e9. De nombreux \u00e9v\u00e9nements r\u00e9gionaux incluent d\u00e9sormais des \u00e9l\u00e9ments \u00e9co-responsables, garantissant que les traditions sont non seulement pertinentes, mais \u00e9galement respectueuses de l&rsquo;environnement. Cette adaptation se manifeste de plusieurs mani\u00e8res :<\/p>\n\n<ul class=\"wp-block-list\"><li>Rituels de f\u00eate : Introduction d&rsquo;options v\u00e9g\u00e9tariennes ou v\u00e9ganes lors de festivit\u00e9s alimentaires.<\/li><li>\u00c9v\u00e9nements locaux : Promouvoir l\u2019artisanat durable, comme les cr\u00e9ations de la <strong>Maison Pierre de Serbie<\/strong>.<\/li><li>Solidarit\u00e9 : D\u00e9veloppement de traditions caritatives, o\u00f9 les c\u00e9l\u00e9brations recueillent des fonds pour des causes locales.<\/li><\/ul>\n\n<p class=\"wp-block-paragraph\">Ce renouveau des coutumes est \u00e9galement visible dans des lieux comme la <strong>Bergerie de Loumarin<\/strong>, qui propose des ateliers de cuisine se concentrant sur les recettes anciennes tout en int\u00e9grant des ingr\u00e9dients modernes et locaux. Ces initiatives cr\u00e9ent un dialogue entre le pass\u00e9 et le pr\u00e9sent, o\u00f9 chaque g\u00e9n\u00e9ration participe activement \u00e0 la protection et au renouvellement de son h\u00e9ritage culturel.<\/p>\n\n<figure class=\"wp-block-table\"><table>\n<thead>\n<tr>\n<th>Tradition<\/th>\n<th>Adaptation Moderne<\/th>\n<\/tr>\n<\/thead>\n<tbody>\n<tr>\n<td>F\u00eate de No\u00ebl<\/td>\n<td>\u00c9veils des consciences \u00e9cologiques en se tournant vers des d\u00e9corations naturelles.<\/td>\n<\/tr>\n<tr>\n<td>Rites de mariage<\/td>\n<td>Incorporation de pratiques moins conventionnelles comme les mariages la\u00efques.<\/td>\n<\/tr>\n<tr>\n<td>C\u00e9l\u00e9brations de la R\u00e9volution<\/td>\n<td>Manifestations artistiques qui r\u00e9v\u00e8lent un engagement politique moderne.<\/td>\n<\/tr>\n<\/tbody>\n<\/table><\/figure>\n\n<p class=\"wp-block-paragraph\">Les jeunes aspirent \u00e9galement \u00e0 cr\u00e9er des traditions qui refl\u00e8tent leurs valeurs. Des \u00e9v\u00e9nements tels que des festivals portant sur les pratiques de bien-\u00eatre ou des cercles de discussion en plein air illustrent cette qu\u00eate d\u2019une culture qui leur ressemble. Cette dynamique de transformation assure la p\u00e9rennit\u00e9 des coutumes, tout en les rendant accessibles aux nouvelles g\u00e9n\u00e9rations.<\/p>\n\n<h2 class=\"wp-block-heading\">Les Coutumes et Superstitions du Folklore Fran\u00e7ais<\/h2>\n\n<p class=\"wp-block-paragraph\">En plongeant dans le folklore fran\u00e7ais, on d\u00e9couvre un monde fascinant de superstitions et de croyances qui continuent de captiver notre imagination. Ces traditions populaires, souvent qualifi\u00e9es de \u00ab d\u00e9cal\u00e9es \u00bb, t\u00e9moignent de la richesse et de la diversit\u00e9 des pratiques culturelles. Elles persistent souvent dans des rituels quotidiens, comme le fameux fait de ne pas croiser une poule noire ou l&rsquo;importance de porter un tr\u00e8fle \u00e0 quatre feuilles pour attirer la chance.<\/p>\n\n<ul class=\"wp-block-list\"><li>Une l\u00e9gende diabolique entourant les sorci\u00e8res, notamment en Bretagne, qui souligne les peurs d\u2019antan.<\/li><li>Les amulettes et talismans, utilis\u00e9s encore aujourd\u2019hui dans certaines communaut\u00e9s pour se prot\u00e9ger.<\/li><li>Des coutumes de mariages, comme le lancer de riz ou de fleurs, qui portent chance aux mari\u00e9s.<\/li><\/ul>\n\n<p class=\"wp-block-paragraph\">Ces superstitions nous offrent un aper\u00e7u des mentalit\u00e9s qui ont travers\u00e9 les \u00e2ges et, incontournable dans le r\u00e9cit culturel, elles fa\u00e7onnent notre vision des traditions. Pour mieux saisir ces coutumes, des \u00e9tudes et recherches ont \u00e9t\u00e9 effectu\u00e9es, notamment par la <a href=\"https:\/\/quevisiterfrance.com\/quelle-est-lorigine-des-coutumes\/\" rel=\"nofollow\">comprendre les origines des folklore r\u00e9gional<\/a>, r\u00e9v\u00e9lant ainsi comment les croyances sont le reflet de la vie sociale et des pr\u00e9occupations des populations.<\/p>\n\n<figure class=\"wp-block-table\"><table>\n<thead>\n<tr>\n<th>Superstition<\/th>\n<th>Origine<\/th>\n<\/tr>\n<\/thead>\n<tbody>\n<tr>\n<td>\u00c9viter de casser un miroir<\/td>\n<td>Croyance antique sur la chance et le destin.<\/td>\n<\/tr>\n<tr>\n<td>Saluer une poule noire<\/td>\n<td>Tradition li\u00e9e aux rites pa\u00efens de protection.<\/td>\n<\/tr>\n<tr>\n<td>Porter des amulettes<\/td>\n<td>Croyances superstitieuses pour conjurer le mauvais sort.<\/td>\n<\/tr>\n<\/tbody>\n<\/table><\/figure>\n\n<p class=\"wp-block-paragraph\">La persistance de ces croyances dans la culture fran\u00e7aise actuelle est un t\u00e9moignage du besoin d&rsquo;un lien tangible avec un pass\u00e9 souvent per\u00e7u comme mystique. Ces coutumes appartiennent \u00e0 un patrimoine vivant, et il est essentiel de les documenter pour qu\u2019elles ne tombent pas dans l\u2019oubli.<\/p>\n\n<h2 class=\"wp-block-heading\">Les C\u00e9l\u00e9brations et Rituels Contemporains en France<\/h2>\n\n<p class=\"wp-block-paragraph\">Les c\u00e9l\u00e9brations et rituels actuels refl\u00e8tent l&rsquo;identit\u00e9 dynamique de la France. \u00c0 travers des festivals, des \u00e9v\u00e9nements locaux et un retour aux valeurs communautaires, les Fran\u00e7ais continuent d&rsquo;affirmer leur identit\u00e9 culturelle. Par exemple, des \u00e9v\u00e9nements comme la f\u00eate de la musique ou les march\u00e9s de No\u00ebl d\u00e9montrent la vitalit\u00e9 des traditions \u00e0 l&rsquo;\u00e9chelle nationale.<\/p>\n\n<p class=\"wp-block-paragraph\">Dans le cadre de ces festivit\u00e9s, on observe plusieurs tendances notables :<\/p>\n\n<ul class=\"wp-block-list\"><li>Popularit\u00e9 des festivals, unissant la musique, l&rsquo;art, et la gastronomie en un seul \u00e9v\u00e9nement festif.<\/li><li>Renaissance de march\u00e9s artisanaux, comme ceux \u00e0 Paris, o\u00f9 des artisans comme ceux de la <strong>Biscuiterie de l&rsquo;Abbaye<\/strong> partagent leurs savoir-faire.<\/li><li>\u00c9v\u00e9nements caritatifs, alignant traditions festives et d\u00e9veloppement communautaire, refl\u00e9tant des valeurs morales contemporaines.<\/li><\/ul>\n\n<p class=\"wp-block-paragraph\">Ces \u00e9l\u00e9ments de f\u00eate favorisent la convivialit\u00e9 et sont souvent l&rsquo;occasion de cr\u00e9er des souvenirs partag\u00e9s. Les souvenirs sont renforc\u00e9s par des rites familiaux, qui permettent aux g\u00e9n\u00e9rations de se rassembler autour de valeurs partag\u00e9es. Les jeunes participent activement \u00e0 ces rituels, jouant un r\u00f4le cl\u00e9 dans leur renouvellement.<\/p>\n\n<figure class=\"wp-block-table\"><table>\n<thead>\n<tr>\n<th>\u00c9v\u00e9nement<\/th>\n<th>Description<\/th>\n<\/tr>\n<\/thead>\n<tbody>\n<tr>\n<td>F\u00eate de la musique<\/td>\n<td>Concerts gratuits dans les rues c\u00e9l\u00e9brant tous les genres musicaux.<\/td>\n<\/tr>\n<tr>\n<td>March\u00e9s de No\u00ebl<\/td>\n<td>Festivit\u00e9s rassemblant artisans, gastronomie et \u00e9changes culturels.<\/td>\n<\/tr>\n<tr>\n<td>Rassemblements artistiques<\/td>\n<td>C\u00e9l\u00e9brations de la diversit\u00e9 artistique, m\u00e9langeant cuisine, danse et performances.<\/td>\n<\/tr>\n<\/tbody>\n<\/table><\/figure>\n\n<p class=\"wp-block-paragraph\">Ces \u00e9v\u00e9nements d\u00e9montrent ainsi comment la France r\u00e9ussit \u00e0 conjuguer son riche h\u00e9ritage avec une dynamique moderne. Les traditions \u00e9voluent, mais elles restent un symbole de l&rsquo;esprit collectif, unissant les Fran\u00e7ais dans un voyage culturel vibrant et engageant.<\/p>\n\n","protected":false},"excerpt":{"rendered":"","protected":false},"author":34,"featured_media":7422,"comment_status":"open","ping_status":"open","sticky":false,"template":"","format":"standard","meta":{"_acf_changed":false,"manual_indexmenow":false,"indexmenow_id_project":0,"footnotes":""},"categories":[1],"tags":[],"class_list":["post-7406","post","type-post","status-publish","format-standard","has-post-thumbnail","hentry","category-a-la-une","generate-columns","tablet-grid-50","mobile-grid-100","grid-parent","grid-25"],"acf":[],"yoast_head":"<!-- This site is optimized with the Yoast SEO Premium plugin v21.3 (Yoast SEO v25.6) - https:\/\/yoast.com\/wordpress\/plugins\/seo\/ -->\n<title>L&#039;\u00e9volution des traditions fran\u00e7aises \u00e0 travers les si\u00e8cles<\/title>\n<meta name=\"description\" content=\"Les coutumes et traditions agricoles, gastronomiques et festives en France sont le fruit d&#039;une histoire riche et complexe. Elles \u00e9voluent au rythme des\" \/>\n<meta name=\"robots\" content=\"index, follow, max-snippet:-1, max-image-preview:large, max-video-preview:-1\" \/>\n<link rel=\"canonical\" href=\"https:\/\/greenwichmeridien.fr\/blog\/a-la-une\/levolution-des-coutumes-francaises-au-fil-du-temps\/\" \/>\n<meta property=\"og:locale\" content=\"fr_FR\" \/>\n<meta property=\"og:type\" content=\"article\" \/>\n<meta property=\"og:title\" content=\"L&#039;\u00e9volution des traditions fran\u00e7aises \u00e0 travers les si\u00e8cles\" \/>\n<meta property=\"og:description\" content=\"Les coutumes et traditions agricoles, gastronomiques et festives en France sont le fruit d&#039;une histoire riche et complexe. Elles \u00e9voluent au rythme des\" \/>\n<meta property=\"og:url\" content=\"https:\/\/greenwichmeridien.fr\/blog\/a-la-une\/levolution-des-coutumes-francaises-au-fil-du-temps\/\" \/>\n<meta property=\"og:site_name\" content=\"greenwichmeridien\" \/>\n<meta property=\"og:image\" content=\"https:\/\/greenwichmeridien.fr\/blog\/wp-content\/uploads\/2025\/05\/sdxl-89323aca1d66e8c8e8d630e73bec2961-scaled.png\" \/>\n\t<meta property=\"og:image:width\" content=\"1200\" \/>\n\t<meta property=\"og:image:height\" content=\"500\" \/>\n\t<meta property=\"og:image:type\" content=\"image\/png\" \/>\n<meta name=\"author\" content=\"Samuel Chalmin\" \/>\n<meta name=\"twitter:card\" content=\"summary_large_image\" \/>\n<script type=\"application\/ld+json\" class=\"yoast-schema-graph\">{\"@context\":\"https:\/\/schema.org\",\"@graph\":[{\"@type\":\"NewsArticle\",\"@id\":\"https:\/\/greenwichmeridien.fr\/blog\/a-la-une\/levolution-des-coutumes-francaises-au-fil-du-temps\/#article\",\"isPartOf\":{\"@id\":\"https:\/\/greenwichmeridien.fr\/blog\/a-la-une\/levolution-des-coutumes-francaises-au-fil-du-temps\/\"},\"author\":{\"name\":\"Samuel Chalmin\",\"@id\":\"https:\/\/greenwichmeridien.fr\/blog\/#\/schema\/person\/3c864cdc320801e3db34b663e7e3f816\"},\"headline\":\"L&rsquo;\u00e9volution des coutumes fran\u00e7aises au fil du temps\",\"datePublished\":\"2025-05-23T07:50:47+00:00\",\"mainEntityOfPage\":{\"@id\":\"https:\/\/greenwichmeridien.fr\/blog\/a-la-une\/levolution-des-coutumes-francaises-au-fil-du-temps\/\"},\"wordCount\":1515,\"commentCount\":0,\"publisher\":{\"@id\":\"https:\/\/greenwichmeridien.fr\/blog\/#organization\"},\"image\":{\"@id\":\"https:\/\/greenwichmeridien.fr\/blog\/a-la-une\/levolution-des-coutumes-francaises-au-fil-du-temps\/#primaryimage\"},\"thumbnailUrl\":\"https:\/\/greenwichmeridien.fr\/blog\/wp-content\/uploads\/2025\/05\/sdxl-89323aca1d66e8c8e8d630e73bec2961-scaled.png\",\"articleSection\":[\"\u00c0 la une\"],\"inLanguage\":\"fr-FR\",\"potentialAction\":[{\"@type\":\"CommentAction\",\"name\":\"Comment\",\"target\":[\"https:\/\/greenwichmeridien.fr\/blog\/a-la-une\/levolution-des-coutumes-francaises-au-fil-du-temps\/#respond\"]}]},{\"@type\":\"WebPage\",\"@id\":\"https:\/\/greenwichmeridien.fr\/blog\/a-la-une\/levolution-des-coutumes-francaises-au-fil-du-temps\/\",\"url\":\"https:\/\/greenwichmeridien.fr\/blog\/a-la-une\/levolution-des-coutumes-francaises-au-fil-du-temps\/\",\"name\":\"L'\u00e9volution des traditions fran\u00e7aises \u00e0 travers les si\u00e8cles\",\"isPartOf\":{\"@id\":\"https:\/\/greenwichmeridien.fr\/blog\/#website\"},\"primaryImageOfPage\":{\"@id\":\"https:\/\/greenwichmeridien.fr\/blog\/a-la-une\/levolution-des-coutumes-francaises-au-fil-du-temps\/#primaryimage\"},\"image\":{\"@id\":\"https:\/\/greenwichmeridien.fr\/blog\/a-la-une\/levolution-des-coutumes-francaises-au-fil-du-temps\/#primaryimage\"},\"thumbnailUrl\":\"https:\/\/greenwichmeridien.fr\/blog\/wp-content\/uploads\/2025\/05\/sdxl-89323aca1d66e8c8e8d630e73bec2961-scaled.png\",\"datePublished\":\"2025-05-23T07:50:47+00:00\",\"description\":\"Les coutumes et traditions agricoles, gastronomiques et festives en France sont le fruit d'une histoire riche et complexe. Elles \u00e9voluent au rythme des\",\"inLanguage\":\"fr-FR\",\"potentialAction\":[{\"@type\":\"ReadAction\",\"target\":[\"https:\/\/greenwichmeridien.fr\/blog\/a-la-une\/levolution-des-coutumes-francaises-au-fil-du-temps\/\"]}]},{\"@type\":\"ImageObject\",\"inLanguage\":\"fr-FR\",\"@id\":\"https:\/\/greenwichmeridien.fr\/blog\/a-la-une\/levolution-des-coutumes-francaises-au-fil-du-temps\/#primaryimage\",\"url\":\"https:\/\/greenwichmeridien.fr\/blog\/wp-content\/uploads\/2025\/05\/sdxl-89323aca1d66e8c8e8d630e73bec2961-scaled.png\",\"contentUrl\":\"https:\/\/greenwichmeridien.fr\/blog\/wp-content\/uploads\/2025\/05\/sdxl-89323aca1d66e8c8e8d630e73bec2961-scaled.png\",\"width\":1200,\"height\":500},{\"@type\":\"WebSite\",\"@id\":\"https:\/\/greenwichmeridien.fr\/blog\/#website\",\"url\":\"https:\/\/greenwichmeridien.fr\/blog\/\",\"name\":\"Greenwich M\u00e9ridien\",\"description\":\"Greenwich M\u00e9ridien, le rep\u00e8re du temps et du voyage\",\"publisher\":{\"@id\":\"https:\/\/greenwichmeridien.fr\/blog\/#organization\"},\"alternateName\":\"Greenwich M\u00e9ridien, le rep\u00e8re du temps et du voyage\",\"potentialAction\":[{\"@type\":\"SearchAction\",\"target\":{\"@type\":\"EntryPoint\",\"urlTemplate\":\"https:\/\/greenwichmeridien.fr\/blog\/?s={search_term_string}\"},\"query-input\":{\"@type\":\"PropertyValueSpecification\",\"valueRequired\":true,\"valueName\":\"search_term_string\"}}],\"inLanguage\":\"fr-FR\"},{\"@type\":\"Organization\",\"@id\":\"https:\/\/greenwichmeridien.fr\/blog\/#organization\",\"name\":\"Greenwich M\u00e9ridien\",\"alternateName\":\"Greenwich M\u00e9ridien\",\"url\":\"https:\/\/greenwichmeridien.fr\/blog\/\",\"logo\":{\"@type\":\"ImageObject\",\"inLanguage\":\"fr-FR\",\"@id\":\"https:\/\/greenwichmeridien.fr\/blog\/#\/schema\/logo\/image\/\",\"url\":\"https:\/\/greenwichmeridien.fr\/blog\/wp-content\/uploads\/2024\/12\/greenwichmeridien.png\",\"contentUrl\":\"https:\/\/greenwichmeridien.fr\/blog\/wp-content\/uploads\/2024\/12\/greenwichmeridien.png\",\"width\":500,\"height\":500,\"caption\":\"Greenwich M\u00e9ridien\"},\"image\":{\"@id\":\"https:\/\/greenwichmeridien.fr\/blog\/#\/schema\/logo\/image\/\"}},{\"@type\":\"Person\",\"@id\":\"https:\/\/greenwichmeridien.fr\/blog\/#\/schema\/person\/3c864cdc320801e3db34b663e7e3f816\",\"name\":\"Samuel Chalmin\",\"image\":{\"@type\":\"ImageObject\",\"inLanguage\":\"fr-FR\",\"@id\":\"https:\/\/greenwichmeridien.fr\/blog\/#\/schema\/person\/image\/\",\"url\":\"https:\/\/secure.gravatar.com\/avatar\/cef3677de7d237273d13053728f9470818581a8a27d9bf6f5039fd18508a905f?s=96&d=mm&r=g\",\"contentUrl\":\"https:\/\/secure.gravatar.com\/avatar\/cef3677de7d237273d13053728f9470818581a8a27d9bf6f5039fd18508a905f?s=96&d=mm&r=g\",\"caption\":\"Samuel Chalmin\"},\"description\":\"R\u00e9dacteur du site, il suit les questions de temps et de calendrier : m\u00e9ridien de Greenwich, heure GMT et UTC, fuseaux horaires, changement d'heure, ann\u00e9es bissextiles et jours f\u00e9ri\u00e9s.\",\"sameAs\":[\"https:\/\/samuelchalmin.fr\/\"],\"url\":\"https:\/\/greenwichmeridien.fr\/blog\/auteur\/noname\/\"}]}<\/script>\n<!-- \/ Yoast SEO Premium plugin. -->","yoast_head_json":{"title":"L'\u00e9volution des traditions fran\u00e7aises \u00e0 travers les si\u00e8cles","description":"Les coutumes et traditions agricoles, gastronomiques et festives en France sont le fruit d'une histoire riche et complexe. Elles \u00e9voluent au rythme des","robots":{"index":"index","follow":"follow","max-snippet":"max-snippet:-1","max-image-preview":"max-image-preview:large","max-video-preview":"max-video-preview:-1"},"canonical":"https:\/\/greenwichmeridien.fr\/blog\/a-la-une\/levolution-des-coutumes-francaises-au-fil-du-temps\/","og_locale":"fr_FR","og_type":"article","og_title":"L'\u00e9volution des traditions fran\u00e7aises \u00e0 travers les si\u00e8cles","og_description":"Les coutumes et traditions agricoles, gastronomiques et festives en France sont le fruit d'une histoire riche et complexe. Elles \u00e9voluent au rythme des","og_url":"https:\/\/greenwichmeridien.fr\/blog\/a-la-une\/levolution-des-coutumes-francaises-au-fil-du-temps\/","og_site_name":"greenwichmeridien","og_image":[{"width":1200,"height":500,"url":"https:\/\/greenwichmeridien.fr\/blog\/wp-content\/uploads\/2025\/05\/sdxl-89323aca1d66e8c8e8d630e73bec2961-scaled.png","type":"image\/png"}],"author":"Samuel Chalmin","twitter_card":"summary_large_image","schema":{"@context":"https:\/\/schema.org","@graph":[{"@type":"NewsArticle","@id":"https:\/\/greenwichmeridien.fr\/blog\/a-la-une\/levolution-des-coutumes-francaises-au-fil-du-temps\/#article","isPartOf":{"@id":"https:\/\/greenwichmeridien.fr\/blog\/a-la-une\/levolution-des-coutumes-francaises-au-fil-du-temps\/"},"author":{"name":"Samuel Chalmin","@id":"https:\/\/greenwichmeridien.fr\/blog\/#\/schema\/person\/3c864cdc320801e3db34b663e7e3f816"},"headline":"L&rsquo;\u00e9volution des coutumes fran\u00e7aises au fil du temps","datePublished":"2025-05-23T07:50:47+00:00","mainEntityOfPage":{"@id":"https:\/\/greenwichmeridien.fr\/blog\/a-la-une\/levolution-des-coutumes-francaises-au-fil-du-temps\/"},"wordCount":1515,"commentCount":0,"publisher":{"@id":"https:\/\/greenwichmeridien.fr\/blog\/#organization"},"image":{"@id":"https:\/\/greenwichmeridien.fr\/blog\/a-la-une\/levolution-des-coutumes-francaises-au-fil-du-temps\/#primaryimage"},"thumbnailUrl":"https:\/\/greenwichmeridien.fr\/blog\/wp-content\/uploads\/2025\/05\/sdxl-89323aca1d66e8c8e8d630e73bec2961-scaled.png","articleSection":["\u00c0 la une"],"inLanguage":"fr-FR","potentialAction":[{"@type":"CommentAction","name":"Comment","target":["https:\/\/greenwichmeridien.fr\/blog\/a-la-une\/levolution-des-coutumes-francaises-au-fil-du-temps\/#respond"]}]},{"@type":"WebPage","@id":"https:\/\/greenwichmeridien.fr\/blog\/a-la-une\/levolution-des-coutumes-francaises-au-fil-du-temps\/","url":"https:\/\/greenwichmeridien.fr\/blog\/a-la-une\/levolution-des-coutumes-francaises-au-fil-du-temps\/","name":"L'\u00e9volution des traditions fran\u00e7aises \u00e0 travers les si\u00e8cles","isPartOf":{"@id":"https:\/\/greenwichmeridien.fr\/blog\/#website"},"primaryImageOfPage":{"@id":"https:\/\/greenwichmeridien.fr\/blog\/a-la-une\/levolution-des-coutumes-francaises-au-fil-du-temps\/#primaryimage"},"image":{"@id":"https:\/\/greenwichmeridien.fr\/blog\/a-la-une\/levolution-des-coutumes-francaises-au-fil-du-temps\/#primaryimage"},"thumbnailUrl":"https:\/\/greenwichmeridien.fr\/blog\/wp-content\/uploads\/2025\/05\/sdxl-89323aca1d66e8c8e8d630e73bec2961-scaled.png","datePublished":"2025-05-23T07:50:47+00:00","description":"Les coutumes et traditions agricoles, gastronomiques et festives en France sont le fruit d'une histoire riche et complexe. Elles \u00e9voluent au rythme des","inLanguage":"fr-FR","potentialAction":[{"@type":"ReadAction","target":["https:\/\/greenwichmeridien.fr\/blog\/a-la-une\/levolution-des-coutumes-francaises-au-fil-du-temps\/"]}]},{"@type":"ImageObject","inLanguage":"fr-FR","@id":"https:\/\/greenwichmeridien.fr\/blog\/a-la-une\/levolution-des-coutumes-francaises-au-fil-du-temps\/#primaryimage","url":"https:\/\/greenwichmeridien.fr\/blog\/wp-content\/uploads\/2025\/05\/sdxl-89323aca1d66e8c8e8d630e73bec2961-scaled.png","contentUrl":"https:\/\/greenwichmeridien.fr\/blog\/wp-content\/uploads\/2025\/05\/sdxl-89323aca1d66e8c8e8d630e73bec2961-scaled.png","width":1200,"height":500},{"@type":"WebSite","@id":"https:\/\/greenwichmeridien.fr\/blog\/#website","url":"https:\/\/greenwichmeridien.fr\/blog\/","name":"Greenwich M\u00e9ridien","description":"Greenwich M\u00e9ridien, le rep\u00e8re du temps et du voyage","publisher":{"@id":"https:\/\/greenwichmeridien.fr\/blog\/#organization"},"alternateName":"Greenwich M\u00e9ridien, le rep\u00e8re du temps et du voyage","potentialAction":[{"@type":"SearchAction","target":{"@type":"EntryPoint","urlTemplate":"https:\/\/greenwichmeridien.fr\/blog\/?s={search_term_string}"},"query-input":{"@type":"PropertyValueSpecification","valueRequired":true,"valueName":"search_term_string"}}],"inLanguage":"fr-FR"},{"@type":"Organization","@id":"https:\/\/greenwichmeridien.fr\/blog\/#organization","name":"Greenwich M\u00e9ridien","alternateName":"Greenwich M\u00e9ridien","url":"https:\/\/greenwichmeridien.fr\/blog\/","logo":{"@type":"ImageObject","inLanguage":"fr-FR","@id":"https:\/\/greenwichmeridien.fr\/blog\/#\/schema\/logo\/image\/","url":"https:\/\/greenwichmeridien.fr\/blog\/wp-content\/uploads\/2024\/12\/greenwichmeridien.png","contentUrl":"https:\/\/greenwichmeridien.fr\/blog\/wp-content\/uploads\/2024\/12\/greenwichmeridien.png","width":500,"height":500,"caption":"Greenwich M\u00e9ridien"},"image":{"@id":"https:\/\/greenwichmeridien.fr\/blog\/#\/schema\/logo\/image\/"}},{"@type":"Person","@id":"https:\/\/greenwichmeridien.fr\/blog\/#\/schema\/person\/3c864cdc320801e3db34b663e7e3f816","name":"Samuel Chalmin","image":{"@type":"ImageObject","inLanguage":"fr-FR","@id":"https:\/\/greenwichmeridien.fr\/blog\/#\/schema\/person\/image\/","url":"https:\/\/secure.gravatar.com\/avatar\/cef3677de7d237273d13053728f9470818581a8a27d9bf6f5039fd18508a905f?s=96&d=mm&r=g","contentUrl":"https:\/\/secure.gravatar.com\/avatar\/cef3677de7d237273d13053728f9470818581a8a27d9bf6f5039fd18508a905f?s=96&d=mm&r=g","caption":"Samuel Chalmin"},"description":"R\u00e9dacteur du site, il suit les questions de temps et de calendrier : m\u00e9ridien de Greenwich, heure GMT et UTC, fuseaux horaires, changement d'heure, ann\u00e9es bissextiles et jours f\u00e9ri\u00e9s.","sameAs":["https:\/\/samuelchalmin.fr\/"],"url":"https:\/\/greenwichmeridien.fr\/blog\/auteur\/noname\/"}]}},"_links":{"self":[{"href":"https:\/\/greenwichmeridien.fr\/blog\/wp-json\/wp\/v2\/posts\/7406","targetHints":{"allow":["GET"]}}],"collection":[{"href":"https:\/\/greenwichmeridien.fr\/blog\/wp-json\/wp\/v2\/posts"}],"about":[{"href":"https:\/\/greenwichmeridien.fr\/blog\/wp-json\/wp\/v2\/types\/post"}],"author":[{"embeddable":true,"href":"https:\/\/greenwichmeridien.fr\/blog\/wp-json\/wp\/v2\/users\/34"}],"replies":[{"embeddable":true,"href":"https:\/\/greenwichmeridien.fr\/blog\/wp-json\/wp\/v2\/comments?post=7406"}],"version-history":[{"count":0,"href":"https:\/\/greenwichmeridien.fr\/blog\/wp-json\/wp\/v2\/posts\/7406\/revisions"}],"wp:featuredmedia":[{"embeddable":true,"href":"https:\/\/greenwichmeridien.fr\/blog\/wp-json\/wp\/v2\/media\/7422"}],"wp:attachment":[{"href":"https:\/\/greenwichmeridien.fr\/blog\/wp-json\/wp\/v2\/media?parent=7406"}],"wp:term":[{"taxonomy":"category","embeddable":true,"href":"https:\/\/greenwichmeridien.fr\/blog\/wp-json\/wp\/v2\/categories?post=7406"},{"taxonomy":"post_tag","embeddable":true,"href":"https:\/\/greenwichmeridien.fr\/blog\/wp-json\/wp\/v2\/tags?post=7406"}],"curies":[{"name":"wp","href":"https:\/\/api.w.org\/{rel}","templated":true}]}}