{"id":7407,"date":"2025-05-23T09:52:34","date_gmt":"2025-05-23T07:52:34","guid":{"rendered":"https:\/\/greenwichmeridien.fr\/blog\/a-la-une\/la-relation-entre-histoire-et-culture\/"},"modified":"2025-05-23T09:52:34","modified_gmt":"2025-05-23T07:52:34","slug":"la-relation-entre-histoire-et-culture","status":"publish","type":"post","link":"https:\/\/greenwichmeridien.fr\/blog\/a-la-une\/la-relation-entre-histoire-et-culture\/","title":{"rendered":"La relation entre histoire et culture"},"content":{"rendered":"<p class=\"wp-block-paragraph\">La culture et l\u2019histoire sont les fondements de notre humanit\u00e9, formant un tissu complexe qui d\u00e9finit nos identit\u00e9s individuelles et collectives. Chaque culture est le fruit d\u2019un h\u00e9ritage historique, tandis que l\u2019histoire se nourrit des expressions culturelles des soci\u00e9t\u00e9s. Cette interconnexion f\u00e9conde permet d&rsquo;explorer les r\u00e9cits, les traditions et les croyances qui fa\u00e7onnent tant notre pass\u00e9 que notre pr\u00e9sent. Analysons comment ces deux domaines s&rsquo;entrelacent pour influencer notre compr\u00e9hension du monde.<\/p>\n\n<h2 class=\"wp-block-heading\">D\u00e9finition de la culture et de l\u2019histoire : \u00e9l\u00e9ments constitutifs d\u2019une identit\u00e9<\/h2>\n\n<p class=\"wp-block-paragraph\">La <strong>culture<\/strong> englobe l&rsquo;ensemble des pratiques, croyances, valeurs, expressions artistiques et comportements partag\u00e9s par un groupe au fil du temps. Cela inclut les traditions, les langues, les normes sociales et les symboles qui cr\u00e9ent un sentiment de coh\u00e9sion et d&rsquo;identit\u00e9. La culture est dynamique et \u00e9volutive, elle se modifie en r\u00e9ponse aux changements sociaux, politiques et \u00e9conomiques. Par exemple, la culture num\u00e9rique a \u00e9merg\u00e9 \u00e0 partir de l&rsquo;expansion des technologies de communication, red\u00e9finissant ainsi la mani\u00e8re dont nous interagissons et nous engageons les uns avec les autres.<\/p>\n\n<p class=\"wp-block-paragraph\">L\u2019<strong>histoire<\/strong>, quant \u00e0 elle, est l&rsquo;\u00e9tude du pass\u00e9 humain, fond\u00e9e sur l&rsquo;analyse de sources vari\u00e9es \u2013 qu&rsquo;elles soient \u00e9crites, orales ou mat\u00e9rielles. Ce qui distingue l&rsquo;histoire des simples r\u00e9cits du pass\u00e9 est sa qu\u00eate d&rsquo;interpr\u00e9tation et de compr\u00e9hension des \u00e9v\u00e9nements qui ont fa\u00e7onn\u00e9 les soci\u00e9t\u00e9s. Les historiens r\u00e9visent constamment leurs interpr\u00e9tations \u00e0 la lumi\u00e8re de nouvelles d\u00e9couvertes, ce qui fait de l&rsquo;histoire un domaine en perp\u00e9tuelle \u00e9volution.<\/p>\n\n<p class=\"wp-block-paragraph\">Il est important de noter que culture et histoire se nourrissent mutuellement. L\u2019histoire d\u2019une soci\u00e9t\u00e9 donne sens \u00e0 sa culture, et r\u00e9ciproquement, la culture d\u2019un peuple influence son r\u00e9cit historique. Voici quelques exemples de cette interaction :<\/p>\n\n<ul class=\"wp-block-list\"><li>Les art\u00e9facts culturels \u00e9tudi\u00e9s par les historiens aident \u00e0 comprendre les valeurs et les croyances pass\u00e9es.<\/li><li>Les \u0153uvres litt\u00e9raires, comme celles publi\u00e9es par <strong>\u00c9ditions Gallimard<\/strong> ou <strong>Flammarion<\/strong>, refl\u00e8tent les pr\u00e9occupations sociopolitiques de leur \u00e9poque.<\/li><li>Les \u00e9v\u00e9nements historiques majeurs, tels que les r\u00e9volutions, ont donn\u00e9 naissance \u00e0 des traditions culturelles qui perdurent dans la m\u00e9moire collective.<\/li><\/ul>\n\n<p class=\"wp-block-paragraph\">En examinant ces liens, nous pouvons appr\u00e9cier l&rsquo;importance de la perception historique dans la constitution identitaire, ainsi que des luttes pass\u00e9es qui continuent d&rsquo;influer sur nos valeurs contemporaines.<\/p>\n\n<h2 class=\"wp-block-heading\">Les racines de la culture dans l\u2019histoire : des exemples historiques marquants<\/h2>\n\n<p class=\"wp-block-paragraph\">L\u2019histoire fa\u00e7onne ind\u00e9niablement la culture, et chaque \u00e9poque apporte son lot de transformations. <\/p>\n\n<p class=\"wp-block-paragraph\">Prenons, par exemple, la <strong>Renaissance<\/strong> europ\u00e9enne. Ce mouvement, qui a d\u00e9but\u00e9 au XIVe si\u00e8cle, a \u00e9t\u00e9 catalys\u00e9 par des \u00e9v\u00e9nements historiques comme la chute de Constantinople et l\u2019av\u00e8nement de l\u2019imprimerie. La Renaissance a r\u00e9volutionn\u00e9 la mani\u00e8re dont les arts et les sciences \u00e9taient per\u00e7us, passant d&rsquo;une vision th\u00e9ocentrique \u00e0 un humanisme centrant l&rsquo;homme. Ce changement a engendr\u00e9 un foisonnement culturel sans pr\u00e9c\u00e9dent, cr\u00e9ant des figures embl\u00e9matiques comme L\u00e9onard de Vinci et Michel-Ange. Ces artistes ont produit des \u0153uvres p\u00e9rennes qui t\u00e9moignent d\u2019un nouveau rapport \u00e0 la connaissance et \u00e0 l\u2019esth\u00e9tique.<\/p>\n\n<p class=\"wp-block-paragraph\">De la m\u00eame mani\u00e8re, les r\u00e9volutions industrielles des XVIIIe et XIXe si\u00e8cles sont \u00e0 l&rsquo;origine d&rsquo;un changement radical dans la culture mondiale. L&rsquo;urbanisation a entra\u00een\u00e9 la naissance de nouvelles classes sociales, engendrant des mouvements artistiques et litt\u00e9raires tout aussi nouveaux. Ce dynamisme a permis l&rsquo;\u00e9mergence de la <strong>litt\u00e9rature moderne<\/strong> aux mains d&rsquo;auteurs comme Charles Dickens, qui a su capturer les r\u00e9alit\u00e9s d\u2019un monde en pleine mutation. Ce type d&rsquo;analyse fait \u00e9cho aux recherches pr\u00e9sent\u00e9es dans des publications telles que celles des <strong>Presses Universitaires de France<\/strong> ou des <strong>\u00c9ditions du Patrimoine<\/strong>.<\/p>\n\n<figure class=\"wp-block-table\"><table>\n<thead>\n<tr>\n<th>\u00c9poque<\/th>\n<th>\u00c9v\u00e9nements Historiques<\/th>\n<th>Impact Culturel<\/th>\n<\/tr>\n<\/thead>\n<tbody>\n<tr>\n<td>Renaissance<\/td>\n<td>Chute de Constantinople, invention de l&rsquo;imprimerie<\/td>\n<td>D\u00e9veloppement de l&rsquo;humanisme et des arts<\/td>\n<\/tr>\n<tr>\n<td>R\u00e9volution industrielle<\/td>\n<td>Transition vers une \u00e9conomie de machine<\/td>\n<td>\u00c9mergence de nouvelles classes sociales, mouvements litt\u00e9raires<\/td>\n<\/tr>\n<tr>\n<td>XXe si\u00e8cle<\/td>\n<td>Deux guerres mondiales, d\u00e9colonisation<\/td>\n<td>R\u00e9flexions culturelles sur la violence et la paix<\/td>\n<\/tr>\n<\/tbody>\n<\/table><\/figure>\n\n<p class=\"wp-block-paragraph\">En observant ces exemples, il est \u00e9vident que chaque \u00e9poque laisse une empreinte sur la culture, fa\u00e7onnant notre compr\u00e9hension de ce qu&rsquo;est \u00eatre humain.<\/p>\n\n<figure class=\"is-provider-youtube is-type-video wp-block-embed wp-block-embed-youtube wp-embed-aspect-16-9 wp-has-aspect-ratio\"><div class=\"wp-block-embed__wrapper\">\n<iframe loading=\"lazy\" title=\"On d\u00e9couvre la suite ensemble \ud83d\udd0e #culture #histoire #culturel #decouverte\" width=\"1200\" height=\"675\" src=\"https:\/\/www.youtube.com\/embed\/qSbONvsEvpU?feature=oembed\" frameborder=\"0\" allow=\"accelerometer; autoplay; clipboard-write; encrypted-media; gyroscope; picture-in-picture; web-share\" referrerpolicy=\"strict-origin-when-cross-origin\" allowfullscreen><\/iframe>\n<\/div><\/figure>\n\n<h2 class=\"wp-block-heading\">La culture comme miroir de l\u2019histoire : les repr\u00e9sentations artistiques<\/h2>\n\n<p class=\"wp-block-paragraph\">La culture ne se limite pas seulement \u00e0 \u00eatre influenc\u00e9e par l&rsquo;histoire; elle en est \u00e9galement le miroir. Les arts, la litt\u00e9rature et d\u2019autres expressions culturelles refl\u00e8tent les pr\u00e9occupations et les conflits de leur temps. <\/p>\n\n<p class=\"wp-block-paragraph\">Les productions litt\u00e9raires de la p\u00e9riode moderne, par exemple, t\u00e9moignent des bouleversements historiques tels que les <strong>deux guerres mondiales<\/strong> et le processus de d\u00e9colonisation. Des auteurs comme Virginia Woolf et Albert Camus ont utilis\u00e9 leurs \u00e9crits pour questionner la nature de la guerre, de l&rsquo;identit\u00e9 et de la m\u00e9moire. En France, le mouvement surr\u00e9aliste a incarn\u00e9 les traumatismes provoqu\u00e9s par la Premi\u00e8re Guerre mondiale, tout en cherchant \u00e0 lib\u00e9rer l&rsquo;imagination face \u00e0 une r\u00e9alit\u00e9 souvent trop sombre. La culture litt\u00e9raire&gt;, \u00e0 l\u2019instar de celle des <strong>\u00c9ditions de la Table Ronde<\/strong>, illustre parfaitement cet engagement critique.<\/p>\n\n<p class=\"wp-block-paragraph\">Dans le domaine de l&rsquo;art, les peintures de Pablo Picasso, embl\u00e9matiques du cubisme, s&rsquo;inscrivent \u00e9galement dans ce contexte historique. Ses \u0153uvres, souvent influenc\u00e9es par la guerre et les luttes personnelles, int\u00e9ragissent avec une \u00e9poque de grands changements.<\/p>\n\n<ul class=\"wp-block-list\"><li>Les arts plastiques illustrent les \u00e9motions et les r\u00e9alit\u00e9s de leur temps.<\/li><li>La musique, avec des genres comme le jazz, exprime des luttes raciales et identitaires aux \u00c9tats-Unis post-guerre.<\/li><li>Le cin\u00e9ma, avec ses r\u00e9cits vari\u00e9s, documente les pr\u00e9occupations contemporaines sur des sujets tel que le changement climatique.<\/li><\/ul>\n\n<p class=\"wp-block-paragraph\">Ces representations culturelles constituent un v\u00e9ritable continuum, permis par l&rsquo;histoire, qui nous aiguillent vers la compr\u00e9hension des valeurs et des aspirations de soci\u00e9t\u00e9s pass\u00e9es et pr\u00e9sentes.<\/p>\n\n<h2 class=\"wp-block-heading\">Les traditions : un lien entre le pass\u00e9 et le pr\u00e9sent<\/h2>\n\n<p class=\"wp-block-paragraph\">Les traditions culturelles agissent comme un pont entre notre h\u00e9ritage et notre avenir. Elles sont souvent issues de si\u00e8cles d&rsquo;histoire et jouent un r\u00f4le fondamental dans la construction de notre identit\u00e9 collective. Les rituels, les c\u00e9r\u00e9monies, et les f\u00eates sont des manifestations de ces traditions vivantes. <\/p>\n\n<p class=\"wp-block-paragraph\">Par exemple, la <strong>f\u00eate du Nouvel An chinois<\/strong> est bien plus qu&rsquo;une simple c\u00e9l\u00e9bration : elle incarne des croyances ancestrales tout en int\u00e9grant des aspects contemporains tels que la prosp\u00e9rit\u00e9 familiale. Les traditions se transmettent au fil des g\u00e9n\u00e9rations et \u00e9voluent, mais conservent toujours une part du v\u00e9cu collectif.<\/p>\n\n<p class=\"wp-block-paragraph\">Voici quelques exemples de traditions culturelles significatives :<\/p>\n\n<ul class=\"wp-block-list\"><li>Les rituels de mariage : ils varient d&rsquo;une culture \u00e0 l&rsquo;autre, mais tous partagent des \u00e9l\u00e9ments communs d&rsquo;union et de c\u00e9l\u00e9bration.<\/li><li>Les f\u00eates religieuses, comme No\u00ebl ou E\u00efd, int\u00e8grent des valeurs de partage et de solidarit\u00e9.<\/li><li>Les \u00e9v\u00e9nements culturels, tels que les festivals de musique, cr\u00e9ent des espaces de rencontre et d\u2019\u00e9change entre les g\u00e9n\u00e9rations.<\/li><\/ul>\n\n<p class=\"wp-block-paragraph\">Ce panorama culturel vari\u00e9 d\u00e9montre comment les traditions nourrissent notre identit\u00e9 tout en s\u2019adaptant \u00e0 un monde en constante \u00e9volution. C\u2019est cette adaptabilit\u00e9 qui permet aux traditions de conserver leur pertinence tout en rendant hommage \u00e0 leur essence historique.<\/p>\n\n<figure class=\"wp-block-table\"><table>\n<thead>\n<tr>\n<th>Type de Tradition<\/th>\n<th>Exemple<\/th>\n<th>Valeurs Associ\u00e9es<\/th>\n<\/tr>\n<\/thead>\n<tbody>\n<tr>\n<td>Rituels de passage<\/td>\n<td>Bapt\u00eames, mariages<\/td>\n<td>Unit\u00e9, continuit\u00e9<\/td>\n<\/tr>\n<tr>\n<td>C\u00e9l\u00e9brations religieuses<\/td>\n<td>No\u00ebl, Hanukkah<\/td>\n<td>Partage, esp\u00e9rance<\/td>\n<\/tr>\n<tr>\n<td>\u00c9v\u00e9nements culturels<\/td>\n<td>Festivals de musique<\/td>\n<td>Cr\u00e9ativit\u00e9, \u00e9change<\/td>\n<\/tr>\n<\/tbody>\n<\/table><\/figure>\n\n<p class=\"wp-block-paragraph\">Au-del\u00e0 de leur essence, ces traditions mettent en lumi\u00e8re une diversit\u00e9 culturelle riche qui m\u00e9rite d&rsquo;\u00eatre pr\u00e9serv\u00e9e pour toujours.<\/p>\n\n<figure class=\"is-provider-youtube is-type-video wp-block-embed wp-block-embed-youtube wp-embed-aspect-16-9 wp-has-aspect-ratio\"><div class=\"wp-block-embed__wrapper\">\n<iframe loading=\"lazy\" title=\"L&#039;histoire du blason de Nice #nice #paca #histoire #france #patrimoine #culture\" width=\"1200\" height=\"675\" src=\"https:\/\/www.youtube.com\/embed\/P6yqzROz-4k?feature=oembed\" frameborder=\"0\" allow=\"accelerometer; autoplay; clipboard-write; encrypted-media; gyroscope; picture-in-picture; web-share\" referrerpolicy=\"strict-origin-when-cross-origin\" allowfullscreen><\/iframe>\n<\/div><\/figure>\n\n<h2 class=\"wp-block-heading\">La mondialisation et ses effets sur la culture et l\u2019histoire<\/h2>\n\n<p class=\"wp-block-paragraph\">La mondialisation a transform\u00e9 la mani\u00e8re dont les cultures interagissent et \u00e9voluent. Elle a engendr\u00e9 des changements significatifs et, dans certains cas, a suscit\u00e9 des tensions entre l&rsquo;h\u00e9ritage local et l\u2019influence globale. <\/p>\n\n<p class=\"wp-block-paragraph\">Les \u00e9changes culturels, qui se sont acc\u00e9l\u00e9r\u00e9s gr\u00e2ce aux nouvelles technologies et aux plateformes de communication, permettent une fertilisation crois\u00e9e des id\u00e9es et des pratiques. Par exemple, les plateformes de streaming ont facilit\u00e9 la diffusion de films et de s\u00e9ries provenant de diff\u00e9rents pays, \u00e9largissant notre vision du monde culturel. Toutefois, cette expansion peut aussi mener \u00e0 une <strong>homog\u00e9n\u00e9isation culturelle<\/strong>, o\u00f9 les cultures locales risquent de s\u2019\u00e9clipser au profit d\u2019un mod\u00e8le dominant.<\/p>\n\n<ul class=\"wp-block-list\"><li>Les langues minoritaires sont menac\u00e9es par la pr\u00e9dominance d&rsquo;une langue internationale.<\/li><li>Les traditions locales peuvent \u00eatre alt\u00e9r\u00e9es ou commercialis\u00e9es pour r\u00e9pondre \u00e0 des normes globales.<\/li><li>Le capital culturel, tel que les pratiques artisanales, fait face \u00e0 des d\u00e9fis de pr\u00e9servation.<\/li><\/ul>\n\n<p class=\"wp-block-paragraph\">Pourtant, cette mondialisation offre \u00e9galement des opportunit\u00e9s de valorisation et de c\u00e9l\u00e9bration de la diversit\u00e9 culturelle. Les \u00e9v\u00e9nements multiculturels, tels que les festivals de cuisine ou les semaines de la culture, permettent non seulement de faire d\u00e9couvrir des pratiques vari\u00e9es, mais \u00e9galement de renforcer les liens entre les communaut\u00e9s. Les collaborations artistiques entre des cultures diff\u00e9rentes t\u00e9moignent \u00e9galement de cet enrichissement mutuel. <\/p>\n\n<figure class=\"wp-block-table\"><table>\n<thead>\n<tr>\n<th>Effets de la Mondialisation<\/th>\n<th>Cons\u00e9quences Positives<\/th>\n<th>Cons\u00e9quences N\u00e9gatives<\/th>\n<\/tr>\n<\/thead>\n<tbody>\n<tr>\n<td>\u00c9changes Culturels<\/td>\n<td>Accroissement des perspectives<\/td>\n<td>Uniformisation des cultures<\/td>\n<\/tr>\n<tr>\n<td>Technologie<\/td>\n<td>Facilitation de l&rsquo;acc\u00e8s \u00e0 une vari\u00e9t\u00e9 de contenus<\/td>\n<td>Menace sur les langues et traditions locales<\/td>\n<\/tr>\n<tr>\n<td>Mixit\u00e9 Culturelle<\/td>\n<td>Cr\u00e9ation d\u2019un dialogue interculturel<\/td>\n<td>Dilution des identit\u00e9s culturelles<\/td>\n<\/tr>\n<\/tbody>\n<\/table><\/figure>\n\n<p class=\"wp-block-paragraph\">L&rsquo;avenir sera donc d\u00e9termin\u00e9 par notre capacit\u00e9 \u00e0 pr\u00e9server ce que nous aimons tout en \u00e9tant ouverts aux influences ext\u00e9rieures. C\u2019est cette tension cr\u00e9atrice qui nourrit notre diversit\u00e9 culturelle.<\/p>\n\n<h2 class=\"wp-block-heading\">L\u2019histoire comme instrument de pouvoir et m\u00e9moire collective<\/h2>\n\n<p class=\"wp-block-paragraph\">L&rsquo;histoire est fr\u00e9quemment utilis\u00e9e comme un outil de pouvoir. Les r\u00e9cits historiques sont construits et reconstruits pour l\u00e9gitimer des id\u00e9ologies et des agendas politiques. N\u00e9anmoins, cette manipulation peut avoir un impact profond sur la m\u00e9moire collective d\u2019une soci\u00e9t\u00e9. <\/p>\n\n<p class=\"wp-block-paragraph\">Les manuels scolaires, les comm\u00e9morations et les monuments sont autant de moyens par lesquels les \u00c9tats fa\u00e7onnent le souvenir public. Par exemple, l&rsquo;ombre des guerres coloniales peut parfois \u00eatre minimis\u00e9e dans certains pays pour promouvoir une narrative nationale favorable. \u00c0 l\u2019inverse, certains \u00e9v\u00e9nements peuvent \u00eatre glorifi\u00e9s pour renforcer un sentiment d&rsquo;unit\u00e9 nationale.<\/p>\n\n<ul class=\"wp-block-list\"><li>Certains faits historiques sont s\u00e9lectionn\u00e9s ou occult\u00e9s pour cr\u00e9er un r\u00e9cit coh\u00e9rent.<\/li><li>Des monuments controvers\u00e9s peuvent devenir des objets de d\u00e9bat public sur les valeurs contemporaines.<\/li><li>Les campagnes de m\u00e9moire, comme celles autour de la Shoah, visent \u00e0 sensibiliser sur des \u00e9v\u00e9nements tragiques pour \u00e9viter leur r\u00e9p\u00e9tition.<\/li><\/ul>\n\n<p class=\"wp-block-paragraph\">Il est donc crucial de d\u00e9velopper un esprit critique face \u00e0 l&rsquo;histoire. La multiplication des plateaux de d\u00e9bats et des publications comme celles d&rsquo;<strong>Actes Sud<\/strong> ou des <strong>\u00c9ditions du Cerf<\/strong> contribue \u00e0 enrichir ce dialogue et \u00e0 inclure des voix souvent sous-repr\u00e9sent\u00e9es.<\/p>\n\n<figure class=\"wp-block-table\"><table>\n<thead>\n<tr>\n<th>Outils de M\u00e9moire<\/th>\n<th>Objectif<\/th>\n<th>Risques Associ\u00e9s<\/th>\n<\/tr>\n<\/thead>\n<tbody>\n<tr>\n<td>Manuels Scolaires<\/td>\n<td>\u00c9ducation et transmission des valeurs<\/td>\n<td>R\u00e9cits biais\u00e9s ou incomplets<\/td>\n<\/tr>\n<tr>\n<td>Comm\u00e9morations<\/td>\n<td>Renforcement de l\u2019unit\u00e9 collective<\/td>\n<td>Manipulation du souvenir collectif<\/td>\n<\/tr>\n<tr>\n<td>Monuments Historiques<\/td>\n<td>Gestion de l&rsquo;h\u00e9ritage culturel<\/td>\n<td>Controverses sur la m\u00e9moire<\/td>\n<\/tr>\n<\/tbody>\n<\/table><\/figure>\n\n<p class=\"wp-block-paragraph\">Ainsi, encourager un dialogue critique permet d&rsquo;explorer les diff\u00e9rentes facettes de notre pass\u00e9. Ce faisant, nous nous engageons \u00e0 honorer les exp\u00e9riences v\u00e9cues tout en cherchant \u00e0 appr\u00e9hender les injustices historiques.<\/p>\n\n","protected":false},"excerpt":{"rendered":"","protected":false},"author":34,"featured_media":7431,"comment_status":"open","ping_status":"open","sticky":false,"template":"","format":"standard","meta":{"_acf_changed":false,"manual_indexmenow":false,"indexmenow_id_project":0,"footnotes":""},"categories":[1],"tags":[],"class_list":["post-7407","post","type-post","status-publish","format-standard","has-post-thumbnail","hentry","category-a-la-une","generate-columns","tablet-grid-50","mobile-grid-100","grid-parent","grid-25"],"acf":[],"yoast_head":"<!-- This site is optimized with the Yoast SEO Premium plugin v21.3 (Yoast SEO v25.6) - https:\/\/yoast.com\/wordpress\/plugins\/seo\/ -->\n<title>Histoire et culture : un dialogue intemporel<\/title>\n<meta name=\"description\" content=\"La culture et l\u2019histoire sont les fondements de notre humanit\u00e9, formant un tissu complexe qui d\u00e9finit nos identit\u00e9s individuelles et collectives. Chaque\" \/>\n<meta name=\"robots\" content=\"index, follow, max-snippet:-1, max-image-preview:large, max-video-preview:-1\" \/>\n<link rel=\"canonical\" href=\"https:\/\/greenwichmeridien.fr\/blog\/a-la-une\/la-relation-entre-histoire-et-culture\/\" \/>\n<meta property=\"og:locale\" content=\"fr_FR\" \/>\n<meta property=\"og:type\" content=\"article\" \/>\n<meta property=\"og:title\" content=\"Histoire et culture : un dialogue intemporel\" \/>\n<meta property=\"og:description\" content=\"La culture et l\u2019histoire sont les fondements de notre humanit\u00e9, formant un tissu complexe qui d\u00e9finit nos identit\u00e9s individuelles et collectives. Chaque\" \/>\n<meta property=\"og:url\" content=\"https:\/\/greenwichmeridien.fr\/blog\/a-la-une\/la-relation-entre-histoire-et-culture\/\" \/>\n<meta property=\"og:site_name\" content=\"greenwichmeridien\" \/>\n<meta property=\"og:image\" content=\"https:\/\/greenwichmeridien.fr\/blog\/wp-content\/uploads\/2025\/06\/sdxl-a575b81602958c183eb5afb4f2f72af1-scaled.png\" \/>\n\t<meta property=\"og:image:width\" content=\"1200\" \/>\n\t<meta property=\"og:image:height\" content=\"500\" \/>\n\t<meta property=\"og:image:type\" content=\"image\/png\" \/>\n<meta name=\"author\" content=\"Samuel Chalmin\" \/>\n<meta name=\"twitter:card\" content=\"summary_large_image\" \/>\n<script type=\"application\/ld+json\" class=\"yoast-schema-graph\">{\"@context\":\"https:\/\/schema.org\",\"@graph\":[{\"@type\":\"NewsArticle\",\"@id\":\"https:\/\/greenwichmeridien.fr\/blog\/a-la-une\/la-relation-entre-histoire-et-culture\/#article\",\"isPartOf\":{\"@id\":\"https:\/\/greenwichmeridien.fr\/blog\/a-la-une\/la-relation-entre-histoire-et-culture\/\"},\"author\":{\"name\":\"Samuel Chalmin\",\"@id\":\"https:\/\/greenwichmeridien.fr\/blog\/#\/schema\/person\/3c864cdc320801e3db34b663e7e3f816\"},\"headline\":\"La relation entre histoire et culture\",\"datePublished\":\"2025-05-23T07:52:34+00:00\",\"mainEntityOfPage\":{\"@id\":\"https:\/\/greenwichmeridien.fr\/blog\/a-la-une\/la-relation-entre-histoire-et-culture\/\"},\"wordCount\":1982,\"commentCount\":0,\"publisher\":{\"@id\":\"https:\/\/greenwichmeridien.fr\/blog\/#organization\"},\"image\":{\"@id\":\"https:\/\/greenwichmeridien.fr\/blog\/a-la-une\/la-relation-entre-histoire-et-culture\/#primaryimage\"},\"thumbnailUrl\":\"https:\/\/greenwichmeridien.fr\/blog\/wp-content\/uploads\/2025\/06\/sdxl-a575b81602958c183eb5afb4f2f72af1-scaled.png\",\"articleSection\":[\"\u00c0 la une\"],\"inLanguage\":\"fr-FR\",\"potentialAction\":[{\"@type\":\"CommentAction\",\"name\":\"Comment\",\"target\":[\"https:\/\/greenwichmeridien.fr\/blog\/a-la-une\/la-relation-entre-histoire-et-culture\/#respond\"]}]},{\"@type\":\"WebPage\",\"@id\":\"https:\/\/greenwichmeridien.fr\/blog\/a-la-une\/la-relation-entre-histoire-et-culture\/\",\"url\":\"https:\/\/greenwichmeridien.fr\/blog\/a-la-une\/la-relation-entre-histoire-et-culture\/\",\"name\":\"Histoire et culture : un dialogue intemporel\",\"isPartOf\":{\"@id\":\"https:\/\/greenwichmeridien.fr\/blog\/#website\"},\"primaryImageOfPage\":{\"@id\":\"https:\/\/greenwichmeridien.fr\/blog\/a-la-une\/la-relation-entre-histoire-et-culture\/#primaryimage\"},\"image\":{\"@id\":\"https:\/\/greenwichmeridien.fr\/blog\/a-la-une\/la-relation-entre-histoire-et-culture\/#primaryimage\"},\"thumbnailUrl\":\"https:\/\/greenwichmeridien.fr\/blog\/wp-content\/uploads\/2025\/06\/sdxl-a575b81602958c183eb5afb4f2f72af1-scaled.png\",\"datePublished\":\"2025-05-23T07:52:34+00:00\",\"description\":\"La culture et l\u2019histoire sont les fondements de notre humanit\u00e9, formant un tissu complexe qui d\u00e9finit nos identit\u00e9s individuelles et collectives. Chaque\",\"inLanguage\":\"fr-FR\",\"potentialAction\":[{\"@type\":\"ReadAction\",\"target\":[\"https:\/\/greenwichmeridien.fr\/blog\/a-la-une\/la-relation-entre-histoire-et-culture\/\"]}]},{\"@type\":\"ImageObject\",\"inLanguage\":\"fr-FR\",\"@id\":\"https:\/\/greenwichmeridien.fr\/blog\/a-la-une\/la-relation-entre-histoire-et-culture\/#primaryimage\",\"url\":\"https:\/\/greenwichmeridien.fr\/blog\/wp-content\/uploads\/2025\/06\/sdxl-a575b81602958c183eb5afb4f2f72af1-scaled.png\",\"contentUrl\":\"https:\/\/greenwichmeridien.fr\/blog\/wp-content\/uploads\/2025\/06\/sdxl-a575b81602958c183eb5afb4f2f72af1-scaled.png\",\"width\":1200,\"height\":500},{\"@type\":\"WebSite\",\"@id\":\"https:\/\/greenwichmeridien.fr\/blog\/#website\",\"url\":\"https:\/\/greenwichmeridien.fr\/blog\/\",\"name\":\"Greenwich M\u00e9ridien\",\"description\":\"Greenwich M\u00e9ridien, le rep\u00e8re du temps et du voyage\",\"publisher\":{\"@id\":\"https:\/\/greenwichmeridien.fr\/blog\/#organization\"},\"alternateName\":\"Greenwich M\u00e9ridien, le rep\u00e8re du temps et du voyage\",\"potentialAction\":[{\"@type\":\"SearchAction\",\"target\":{\"@type\":\"EntryPoint\",\"urlTemplate\":\"https:\/\/greenwichmeridien.fr\/blog\/?s={search_term_string}\"},\"query-input\":{\"@type\":\"PropertyValueSpecification\",\"valueRequired\":true,\"valueName\":\"search_term_string\"}}],\"inLanguage\":\"fr-FR\"},{\"@type\":\"Organization\",\"@id\":\"https:\/\/greenwichmeridien.fr\/blog\/#organization\",\"name\":\"Greenwich M\u00e9ridien\",\"alternateName\":\"Greenwich M\u00e9ridien\",\"url\":\"https:\/\/greenwichmeridien.fr\/blog\/\",\"logo\":{\"@type\":\"ImageObject\",\"inLanguage\":\"fr-FR\",\"@id\":\"https:\/\/greenwichmeridien.fr\/blog\/#\/schema\/logo\/image\/\",\"url\":\"https:\/\/greenwichmeridien.fr\/blog\/wp-content\/uploads\/2024\/12\/greenwichmeridien.png\",\"contentUrl\":\"https:\/\/greenwichmeridien.fr\/blog\/wp-content\/uploads\/2024\/12\/greenwichmeridien.png\",\"width\":500,\"height\":500,\"caption\":\"Greenwich M\u00e9ridien\"},\"image\":{\"@id\":\"https:\/\/greenwichmeridien.fr\/blog\/#\/schema\/logo\/image\/\"}},{\"@type\":\"Person\",\"@id\":\"https:\/\/greenwichmeridien.fr\/blog\/#\/schema\/person\/3c864cdc320801e3db34b663e7e3f816\",\"name\":\"Samuel Chalmin\",\"image\":{\"@type\":\"ImageObject\",\"inLanguage\":\"fr-FR\",\"@id\":\"https:\/\/greenwichmeridien.fr\/blog\/#\/schema\/person\/image\/\",\"url\":\"https:\/\/secure.gravatar.com\/avatar\/cef3677de7d237273d13053728f9470818581a8a27d9bf6f5039fd18508a905f?s=96&d=mm&r=g\",\"contentUrl\":\"https:\/\/secure.gravatar.com\/avatar\/cef3677de7d237273d13053728f9470818581a8a27d9bf6f5039fd18508a905f?s=96&d=mm&r=g\",\"caption\":\"Samuel Chalmin\"},\"description\":\"R\u00e9dacteur du site, il suit les questions de temps et de calendrier : m\u00e9ridien de Greenwich, heure GMT et UTC, fuseaux horaires, changement d'heure, ann\u00e9es bissextiles et jours f\u00e9ri\u00e9s.\",\"sameAs\":[\"https:\/\/samuelchalmin.fr\/\"],\"url\":\"https:\/\/greenwichmeridien.fr\/blog\/auteur\/noname\/\"}]}<\/script>\n<!-- \/ Yoast SEO Premium plugin. -->","yoast_head_json":{"title":"Histoire et culture : un dialogue intemporel","description":"La culture et l\u2019histoire sont les fondements de notre humanit\u00e9, formant un tissu complexe qui d\u00e9finit nos identit\u00e9s individuelles et collectives. Chaque","robots":{"index":"index","follow":"follow","max-snippet":"max-snippet:-1","max-image-preview":"max-image-preview:large","max-video-preview":"max-video-preview:-1"},"canonical":"https:\/\/greenwichmeridien.fr\/blog\/a-la-une\/la-relation-entre-histoire-et-culture\/","og_locale":"fr_FR","og_type":"article","og_title":"Histoire et culture : un dialogue intemporel","og_description":"La culture et l\u2019histoire sont les fondements de notre humanit\u00e9, formant un tissu complexe qui d\u00e9finit nos identit\u00e9s individuelles et collectives. Chaque","og_url":"https:\/\/greenwichmeridien.fr\/blog\/a-la-une\/la-relation-entre-histoire-et-culture\/","og_site_name":"greenwichmeridien","og_image":[{"width":1200,"height":500,"url":"https:\/\/greenwichmeridien.fr\/blog\/wp-content\/uploads\/2025\/06\/sdxl-a575b81602958c183eb5afb4f2f72af1-scaled.png","type":"image\/png"}],"author":"Samuel Chalmin","twitter_card":"summary_large_image","schema":{"@context":"https:\/\/schema.org","@graph":[{"@type":"NewsArticle","@id":"https:\/\/greenwichmeridien.fr\/blog\/a-la-une\/la-relation-entre-histoire-et-culture\/#article","isPartOf":{"@id":"https:\/\/greenwichmeridien.fr\/blog\/a-la-une\/la-relation-entre-histoire-et-culture\/"},"author":{"name":"Samuel Chalmin","@id":"https:\/\/greenwichmeridien.fr\/blog\/#\/schema\/person\/3c864cdc320801e3db34b663e7e3f816"},"headline":"La relation entre histoire et culture","datePublished":"2025-05-23T07:52:34+00:00","mainEntityOfPage":{"@id":"https:\/\/greenwichmeridien.fr\/blog\/a-la-une\/la-relation-entre-histoire-et-culture\/"},"wordCount":1982,"commentCount":0,"publisher":{"@id":"https:\/\/greenwichmeridien.fr\/blog\/#organization"},"image":{"@id":"https:\/\/greenwichmeridien.fr\/blog\/a-la-une\/la-relation-entre-histoire-et-culture\/#primaryimage"},"thumbnailUrl":"https:\/\/greenwichmeridien.fr\/blog\/wp-content\/uploads\/2025\/06\/sdxl-a575b81602958c183eb5afb4f2f72af1-scaled.png","articleSection":["\u00c0 la une"],"inLanguage":"fr-FR","potentialAction":[{"@type":"CommentAction","name":"Comment","target":["https:\/\/greenwichmeridien.fr\/blog\/a-la-une\/la-relation-entre-histoire-et-culture\/#respond"]}]},{"@type":"WebPage","@id":"https:\/\/greenwichmeridien.fr\/blog\/a-la-une\/la-relation-entre-histoire-et-culture\/","url":"https:\/\/greenwichmeridien.fr\/blog\/a-la-une\/la-relation-entre-histoire-et-culture\/","name":"Histoire et culture : un dialogue intemporel","isPartOf":{"@id":"https:\/\/greenwichmeridien.fr\/blog\/#website"},"primaryImageOfPage":{"@id":"https:\/\/greenwichmeridien.fr\/blog\/a-la-une\/la-relation-entre-histoire-et-culture\/#primaryimage"},"image":{"@id":"https:\/\/greenwichmeridien.fr\/blog\/a-la-une\/la-relation-entre-histoire-et-culture\/#primaryimage"},"thumbnailUrl":"https:\/\/greenwichmeridien.fr\/blog\/wp-content\/uploads\/2025\/06\/sdxl-a575b81602958c183eb5afb4f2f72af1-scaled.png","datePublished":"2025-05-23T07:52:34+00:00","description":"La culture et l\u2019histoire sont les fondements de notre humanit\u00e9, formant un tissu complexe qui d\u00e9finit nos identit\u00e9s individuelles et collectives. Chaque","inLanguage":"fr-FR","potentialAction":[{"@type":"ReadAction","target":["https:\/\/greenwichmeridien.fr\/blog\/a-la-une\/la-relation-entre-histoire-et-culture\/"]}]},{"@type":"ImageObject","inLanguage":"fr-FR","@id":"https:\/\/greenwichmeridien.fr\/blog\/a-la-une\/la-relation-entre-histoire-et-culture\/#primaryimage","url":"https:\/\/greenwichmeridien.fr\/blog\/wp-content\/uploads\/2025\/06\/sdxl-a575b81602958c183eb5afb4f2f72af1-scaled.png","contentUrl":"https:\/\/greenwichmeridien.fr\/blog\/wp-content\/uploads\/2025\/06\/sdxl-a575b81602958c183eb5afb4f2f72af1-scaled.png","width":1200,"height":500},{"@type":"WebSite","@id":"https:\/\/greenwichmeridien.fr\/blog\/#website","url":"https:\/\/greenwichmeridien.fr\/blog\/","name":"Greenwich M\u00e9ridien","description":"Greenwich M\u00e9ridien, le rep\u00e8re du temps et du voyage","publisher":{"@id":"https:\/\/greenwichmeridien.fr\/blog\/#organization"},"alternateName":"Greenwich M\u00e9ridien, le rep\u00e8re du temps et du voyage","potentialAction":[{"@type":"SearchAction","target":{"@type":"EntryPoint","urlTemplate":"https:\/\/greenwichmeridien.fr\/blog\/?s={search_term_string}"},"query-input":{"@type":"PropertyValueSpecification","valueRequired":true,"valueName":"search_term_string"}}],"inLanguage":"fr-FR"},{"@type":"Organization","@id":"https:\/\/greenwichmeridien.fr\/blog\/#organization","name":"Greenwich M\u00e9ridien","alternateName":"Greenwich M\u00e9ridien","url":"https:\/\/greenwichmeridien.fr\/blog\/","logo":{"@type":"ImageObject","inLanguage":"fr-FR","@id":"https:\/\/greenwichmeridien.fr\/blog\/#\/schema\/logo\/image\/","url":"https:\/\/greenwichmeridien.fr\/blog\/wp-content\/uploads\/2024\/12\/greenwichmeridien.png","contentUrl":"https:\/\/greenwichmeridien.fr\/blog\/wp-content\/uploads\/2024\/12\/greenwichmeridien.png","width":500,"height":500,"caption":"Greenwich M\u00e9ridien"},"image":{"@id":"https:\/\/greenwichmeridien.fr\/blog\/#\/schema\/logo\/image\/"}},{"@type":"Person","@id":"https:\/\/greenwichmeridien.fr\/blog\/#\/schema\/person\/3c864cdc320801e3db34b663e7e3f816","name":"Samuel Chalmin","image":{"@type":"ImageObject","inLanguage":"fr-FR","@id":"https:\/\/greenwichmeridien.fr\/blog\/#\/schema\/person\/image\/","url":"https:\/\/secure.gravatar.com\/avatar\/cef3677de7d237273d13053728f9470818581a8a27d9bf6f5039fd18508a905f?s=96&d=mm&r=g","contentUrl":"https:\/\/secure.gravatar.com\/avatar\/cef3677de7d237273d13053728f9470818581a8a27d9bf6f5039fd18508a905f?s=96&d=mm&r=g","caption":"Samuel Chalmin"},"description":"R\u00e9dacteur du site, il suit les questions de temps et de calendrier : m\u00e9ridien de Greenwich, heure GMT et UTC, fuseaux horaires, changement d'heure, ann\u00e9es bissextiles et jours f\u00e9ri\u00e9s.","sameAs":["https:\/\/samuelchalmin.fr\/"],"url":"https:\/\/greenwichmeridien.fr\/blog\/auteur\/noname\/"}]}},"_links":{"self":[{"href":"https:\/\/greenwichmeridien.fr\/blog\/wp-json\/wp\/v2\/posts\/7407","targetHints":{"allow":["GET"]}}],"collection":[{"href":"https:\/\/greenwichmeridien.fr\/blog\/wp-json\/wp\/v2\/posts"}],"about":[{"href":"https:\/\/greenwichmeridien.fr\/blog\/wp-json\/wp\/v2\/types\/post"}],"author":[{"embeddable":true,"href":"https:\/\/greenwichmeridien.fr\/blog\/wp-json\/wp\/v2\/users\/34"}],"replies":[{"embeddable":true,"href":"https:\/\/greenwichmeridien.fr\/blog\/wp-json\/wp\/v2\/comments?post=7407"}],"version-history":[{"count":0,"href":"https:\/\/greenwichmeridien.fr\/blog\/wp-json\/wp\/v2\/posts\/7407\/revisions"}],"wp:featuredmedia":[{"embeddable":true,"href":"https:\/\/greenwichmeridien.fr\/blog\/wp-json\/wp\/v2\/media\/7431"}],"wp:attachment":[{"href":"https:\/\/greenwichmeridien.fr\/blog\/wp-json\/wp\/v2\/media?parent=7407"}],"wp:term":[{"taxonomy":"category","embeddable":true,"href":"https:\/\/greenwichmeridien.fr\/blog\/wp-json\/wp\/v2\/categories?post=7407"},{"taxonomy":"post_tag","embeddable":true,"href":"https:\/\/greenwichmeridien.fr\/blog\/wp-json\/wp\/v2\/tags?post=7407"}],"curies":[{"name":"wp","href":"https:\/\/api.w.org\/{rel}","templated":true}]}}