{"id":7408,"date":"2025-05-23T09:53:40","date_gmt":"2025-05-23T07:53:40","guid":{"rendered":"https:\/\/greenwichmeridien.fr\/blog\/a-la-une\/les-spots-culturels-alternatifs-a-paris\/"},"modified":"2025-05-23T09:53:40","modified_gmt":"2025-05-23T07:53:40","slug":"les-spots-culturels-alternatifs-a-paris","status":"publish","type":"post","link":"https:\/\/greenwichmeridien.fr\/blog\/a-la-une\/les-spots-culturels-alternatifs-a-paris\/","title":{"rendered":"Les spots culturels alternatifs \u00e0 Paris"},"content":{"rendered":"<p class=\"wp-block-paragraph\">Paris, ville des lumi\u00e8res et des arts, cache en son sein un r\u00e9seau riche de lieux culturels alternatifs. Souvent m\u00e9connus, ces espaces uniques offrent une exp\u00e9rience immersive au c\u0153ur de la cr\u00e9ation contemporaine. Entre friches industrielles reconverties, ateliers d&rsquo;artistes et espaces de th\u00e9\u00e2tre, ces lieux \u00e9mergents prouvent que la culture peut s&rsquo;exprimer loin des circuits classiques. Des lieux comme La Ga\u00eet\u00e9 Lyrique, L\u2019Atelier des Lumi\u00e8res, le 104 Paris ou encore Le Point \u00c9ph\u00e9m\u00e8re t\u00e9moignent de cette vitalit\u00e9 artistique qui fait vibrer le c\u0153ur de la capitale. Explorons ensemble ces spots incontournables qui vous plongeront dans un Paris hors des sentiers battus.<\/p>\n\n<h2 class=\"wp-block-heading\">Les tiers-lieux culturels \u00e0 Paris, \u00e9picentres de la cr\u00e9ation<\/h2>\n\n<p class=\"wp-block-paragraph\">Les tiers-lieux culturels se sont multipli\u00e9s \u00e0 Paris au fil des ann\u00e9es, offrant des espaces de rencontre entre artistes et publics. Ces endroits alternatifs, souvent g\u00e9r\u00e9s par des collectifs d&rsquo;artistes, permettent de d\u00e9velopper des projets collaboratifs qui mettent en avant l&rsquo;innovation et la diversit\u00e9 culturelle. Ils agissent comme de v\u00e9ritables laboratoires o\u00f9 l&rsquo;art contemporain prend vie.<\/p>\n\n<h3 class=\"wp-block-heading\">La Villa Mais d&rsquo;Ici, un lieu d&rsquo;exp\u00e9rimentation pluridisciplinaire<\/h3>\n\n<p class=\"wp-block-paragraph\">Situ\u00e9e \u00e0 Aubervilliers, <strong>La Villa Mais d&rsquo;Ici<\/strong> se pr\u00e9sente comme un carrefour artistique o\u00f9 se croisent plasticiens, compagnies de th\u00e9\u00e2tre et arts de rue. Ce lieu est un v\u00e9ritable mod\u00e8le de partage, car il propose non seulement des expositions, mais aussi des ateliers gratuit pour le quartier. R\u00e9cemment, ils ont lanc\u00e9 un projet de r\u00e9sidence d&rsquo;artistes qui incite \u00e0 l&rsquo;interaction avec les habitants.<\/p>\n\n<ul class=\"wp-block-list\"><li>Ateliers d&rsquo;art plastique<\/li><li>R\u00e9sidences pour artistes<\/li><li>\u00c9v\u00e9nements communautaires<\/li><\/ul>\n\n<p class=\"wp-block-paragraph\">\u00c0 travers ces initiatives, la Villa Mais d&rsquo;Ici encourage les habitants \u00e0 s&rsquo;impliquer dans le processus cr\u00e9atif et \u00e0 red\u00e9couvrir leur territoire.<\/p>\n\n<h3 class=\"wp-block-heading\">Le 6b, un espace convivial au bord de l&rsquo;eau<\/h3>\n\n<p class=\"wp-block-paragraph\">Le <strong>6b<\/strong>, situ\u00e9 \u00e0 Saint-Denis, est une ancienne friche industrielle qui a \u00e9t\u00e9 transform\u00e9e en un lieu dynamique regroupant plus de 80 ateliers d\u2019artistes. Chaque ann\u00e9e, des \u00e9v\u00e9nements comme la \u00ab Fabrique \u00e0 R\u00eaves \u00bb attirent un large public. Cette initiative rassemble art, musique et convivialit\u00e9, faisant du 6b un incontournable de la sc\u00e8ne culturelle parisienne.<\/p>\n\n<p class=\"wp-block-paragraph\">Avec une surface de 7 000 m\u00b2, le <strong>6b<\/strong> fait la part belle aux projets collectifs et aux id\u00e9es novatrices. Les visiteurs peuvent d\u00e9couvrir des expositions, participer \u00e0 des ateliers et m\u00eame assister \u00e0 des concerts dans une ambiance d\u00e9tendue. Lieu d&rsquo;\u00e9change, le 6b est le reflet de la cr\u00e9ativit\u00e9 bouillonnante de la r\u00e9gion.<\/p>\n\n<h3 class=\"wp-block-heading\">Mains d\u2019\u0152uvres : un centre d&rsquo;art pluridisciplinaire<\/h3>\n\n<p class=\"wp-block-paragraph\">Situ\u00e9 dans le quartier des Puces de Saint-Ouen, <strong>Mains d&rsquo;\u0152uvres<\/strong> combine r\u00e9sidences d&rsquo;artistes, expositions, concerts et spectacles. Cet espace de 4 000 m\u00b2 est particuli\u00e8rement pris\u00e9 des jeunes cr\u00e9ateurs. Orchestr\u00e9 comme un centre vivant d&rsquo;art, Mains d&rsquo;\u0152uvres souhaite cr\u00e9er des ponts entre l\u2019art et la soci\u00e9t\u00e9. Ce lieu propose r\u00e9guli\u00e8rement des programmes pour impliquer le public, comme des performances en direct ou des ateliers th\u00e9matiques.<\/p>\n\n<ul class=\"wp-block-list\"><li>Ateliers de cr\u00e9ation multim\u00e9dia<\/li><li>R\u00e9sidences pour artistes \u00e9mergents<\/li><li>\u00c9v\u00e9nements culturels vari\u00e9s<\/li><\/ul>\n\n<figure class=\"wp-block-table\"><table>\n<thead>\n<tr>\n<th>Lieu<\/th>\n<th>Type d&rsquo;art<\/th>\n<th>Activit\u00e9s propos\u00e9es<\/th>\n<\/tr>\n<\/thead>\n<tbody>\n<tr>\n<td>La Villa Mais d&rsquo;Ici<\/td>\n<td>Arts visuels<\/td>\n<td>Expositions, ateliers, r\u00e9sidences<\/td>\n<\/tr>\n<tr>\n<td>Le 6b<\/td>\n<td>Arts divers<\/td>\n<td>Ateliers, concerts, \u00e9v\u00e9nements communautaires<\/td>\n<\/tr>\n<tr>\n<td>Mains d&rsquo;\u0152uvres<\/td>\n<td>Multidisciplinaire<\/td>\n<td>Performances, r\u00e9sidences, \u00e9v\u00e9nements<\/td>\n<\/tr>\n<\/tbody>\n<\/table><\/figure>\n\n<p class=\"wp-block-paragraph\">Ces tiers-lieux illustrent parfaitement comment les artistes et les collectifs peuvent transformer des espaces d\u00e9laiss\u00e9s en v\u00e9ritables foyers cr\u00e9atifs. Avec des initiatives ax\u00e9es sur la communaut\u00e9, ils parviennent \u00e0 cr\u00e9er des connexions profondes entre l&rsquo;art et ses spectateurs.<\/p>\n\n<figure class=\"is-provider-youtube is-type-video wp-block-embed wp-block-embed-youtube wp-embed-aspect-16-9 wp-has-aspect-ratio\"><div class=\"wp-block-embed__wrapper\">\n<iframe loading=\"lazy\" title=\"Visiter PARIS insolite : itin\u00e9raire \u00e9colo &amp; alternatif\" width=\"1200\" height=\"675\" src=\"https:\/\/www.youtube.com\/embed\/2ILHDQjRGUw?feature=oembed\" frameborder=\"0\" allow=\"accelerometer; autoplay; clipboard-write; encrypted-media; gyroscope; picture-in-picture; web-share\" referrerpolicy=\"strict-origin-when-cross-origin\" allowfullscreen><\/iframe>\n<\/div><\/figure>\n\n<h2 class=\"wp-block-heading\">Les friches urbaines : de l\u2019abandon \u00e0 la cr\u00e9ation<\/h2>\n\n<p class=\"wp-block-paragraph\">Les friches urbaines prennent une place pr\u00e9pond\u00e9rante dans le paysage culturel de Paris. Refuges d&rsquo;une cr\u00e9ativit\u00e9 effervescente, ces lieux abandonn\u00e9s sont d\u00e9sormais pris\u00e9s par des collectifs d&rsquo;artistes qui y d\u00e9veloppent des projets innovants. De ces sites transform\u00e9s naissent de nombreuses initiatives qui redynamisent des quartiers tout en pr\u00e9servant un esprit alternatif.<\/p>\n\n<h3 class=\"wp-block-heading\">La Gare Exp\u00e9rimentale : un lieu de rendez-vous artistique<\/h3>\n\n<p class=\"wp-block-paragraph\">Occupant les anciens locaux des Archives de Paris, <strong>La Gare Exp\u00e9rimentale<\/strong> est un espace innovant qui accueille des collectifs d&rsquo;artistes et propose performances, concerts et autres \u00e9v\u00e9nements culturels. Ce site, g\u00e9r\u00e9 dans un esprit participatif, reste accessible \u00e0 tous, avec des entr\u00e9es \u00e0 prix libre, ce qui incite \u00e0 la d\u00e9couverte de l&rsquo;art sous toutes ses formes.<\/p>\n\n<ul class=\"wp-block-list\"><li>Ateliers collaboratifs<\/li><li>Concerts estivaux<\/li><li>Expositions temporaires<\/li><\/ul>\n\n<h3 class=\"wp-block-heading\">Le Shakirail : un ancien site ferroviaire reconverti<\/h3>\n\n<p class=\"wp-block-paragraph\">Le <strong>Shakirail<\/strong> est un autre exemple embl\u00e9matique d\u2019une friche culturelle. Install\u00e9 dans d&rsquo;anciens vestiaires de la SNCF, cet espace polyvalent dispose de plusieurs ateliers partag\u00e9s. Ce lieu accueille une soixantaine d&rsquo;artistes qui contribuent \u00e0 la dynamique cr\u00e9ative avec des projections, des expositions, et des ventes de travaux.<\/p>\n\n<p class=\"wp-block-paragraph\"><strong>Le Shakirail<\/strong> offre \u00e9galement des \u00e9v\u00e8nements communautaires, permettant aux habitants de se rencontrer et d&rsquo;interagir autour de l&rsquo;art.<\/p>\n\n<figure class=\"wp-block-table\"><table>\n<thead>\n<tr>\n<th>Friche<\/th>\n<th>Type d&rsquo;art<\/th>\n<th>Activit\u00e9s propos\u00e9es<\/th>\n<\/tr>\n<\/thead>\n<tbody>\n<tr>\n<td>La Gare Exp\u00e9rimentale<\/td>\n<td>Multidisciplinaire<\/td>\n<td>Expositions, concerts, stages<\/td>\n<\/tr>\n<tr>\n<td>Le Shakirail<\/td>\n<td>Arts visuels<\/td>\n<td>Ateliers, \u00e9v\u00e9nements, performances<\/td>\n<\/tr>\n<\/tbody>\n<\/table><\/figure>\n\n<p class=\"wp-block-paragraph\">Ces friches, bien souvent temporaires, r\u00e9pondent \u00e0 un besoin de cr\u00e9ativit\u00e9 tout en r\u00e9inventant les rapports sociaux dans des espaces longtemps inutilis\u00e9s.<\/p>\n\n<figure class=\"is-provider-youtube is-type-video wp-block-embed wp-block-embed-youtube wp-embed-aspect-16-9 wp-has-aspect-ratio\"><div class=\"wp-block-embed__wrapper\">\n<iframe loading=\"lazy\" title=\"[4K] Paris&#039; Least Visited District! | Walking Tour of the 20th Arrondissement \ud83d\udeb6\u200d\u2642\ufe0f\ud83c\uddeb\ud83c\uddf7 No glamour!\" width=\"1200\" height=\"675\" src=\"https:\/\/www.youtube.com\/embed\/i66RkiJSEwc?feature=oembed\" frameborder=\"0\" allow=\"accelerometer; autoplay; clipboard-write; encrypted-media; gyroscope; picture-in-picture; web-share\" referrerpolicy=\"strict-origin-when-cross-origin\" allowfullscreen><\/iframe>\n<\/div><\/figure>\n\n<h2 class=\"wp-block-heading\">Les lieux autonomes : l&rsquo;art au service de la soci\u00e9t\u00e9<\/h2>\n\n<p class=\"wp-block-paragraph\">Les lieux autonomes \u00e0 Paris se distinguent par leur volont\u00e9 d&rsquo;innovation et de r\u00e9sistance, souvent pris en main par des groupes d\u2019artistes qui souhaitent s&rsquo;affranchir des contraintes institutionnelles. Ces espaces portent un message fort, insistant sur l&rsquo;importance de l&rsquo;engagement culturel et social.<\/p>\n\n<h3 class=\"wp-block-heading\">Le Cirque \u00c9lectrique : un spectacle engag\u00e9<\/h3>\n\n<p class=\"wp-block-paragraph\">Install\u00e9 \u00e0 la porte de Bagnolet, <strong>Le Cirque \u00c9lectrique<\/strong> transforme le monde du cirque traditionnel avec des performances qui m\u00ealent art du spectacle, musique, et engagements sociopolitiques. Chaque saison, le cirque propose une programmation riche et vari\u00e9e. Par des spectacles vivants, ils croisent les disciplines et abattent les barri\u00e8res conventionnelles.<\/p>\n\n<ul class=\"wp-block-list\"><li>Cirque traditionnel revisit\u00e9<\/li><li>\u00c9v\u00e9nements \u00e9cologiques<\/li><li>Programmes de sensibilisation<\/li><\/ul>\n\n<h3 class=\"wp-block-heading\">La Maison des M\u00e9tallos : un lieu de culture et de vie<\/h3>\n\n<p class=\"wp-block-paragraph\"><strong>La Maison des M\u00e9tallos<\/strong> est c\u00e9l\u00e8bre pour ses engagements envers des causes sociales. Ce centre culturel situ\u00e9 dans le 11\u00e8me arrondissement se distingue par sa programmation riche en \u00e9v\u00e9nements, allant des expositions aux concerts, en passant par des d\u00e9bats. Elle g\u00e8re \u00e9galement des actions de formation culturelle accueillant des projets artistiques qui visent l&rsquo;inclusion.<\/p>\n\n<figure class=\"wp-block-table\"><table>\n<thead>\n<tr>\n<th>Lieu autonome<\/th>\n<th>Type d&rsquo;art<\/th>\n<th>Engagement social<\/th>\n<\/tr>\n<\/thead>\n<tbody>\n<tr>\n<td>Le Cirque \u00c9lectrique<\/td>\n<td>Arts du cirque<\/td>\n<td>Campagnes \u00e9cologiques, programme socio-culturel<\/td>\n<\/tr>\n<tr>\n<td>La Maison des M\u00e9tallos<\/td>\n<td>Multidisciplinaire<\/td>\n<td>Inclusivit\u00e9, soutien aux artistes \u00e9mergents<\/td>\n<\/tr>\n<\/tbody>\n<\/table><\/figure>\n\n<p class=\"wp-block-paragraph\">Ces espaces autonomes permettent d&rsquo;initier la r\u00e9flexion autour d&rsquo;enjeux soci\u00e9taux majeurs tout en promouvant la diversit\u00e9 artistique, c&rsquo;est une invitation \u00e0 d\u00e9couvrir l&rsquo;art au service des citoyens.<\/p>\n\n<h2 class=\"wp-block-heading\">Les expositions insolites : le meilleur de la cr\u00e9ation contemporaine<\/h2>\n\n<p class=\"wp-block-paragraph\">Les expositions \u00e0 Paris ne se limitent pas aux grands mus\u00e9es traditionnels. De nombreuses institutions alternatives proposent des \u00e9v\u00e9nements surprenants qui mettent en avant les talents \u00e9mergents et les nouvelles formes d&rsquo;art. Ces expositions insolites se d\u00e9roulent dans des lieux atypiques offrant une exp\u00e9rience immersive.<\/p>\n\n<h3 class=\"wp-block-heading\">L\u2019Atelier des Lumi\u00e8res, une exp\u00e9rience immersive unique<\/h3>\n\n<p class=\"wp-block-paragraph\"><strong>L\u2019Atelier des Lumi\u00e8res<\/strong> est un centre d&rsquo;art num\u00e9rique qui utilise la technologie pour des expositions immersives. Ici, la cr\u00e9ation prend vie \u00e0 travers des projections monumentales et une ambiance sonore soigneusement orchestr\u00e9e. Les visiteurs sont invit\u00e9s \u00e0 suivre des parcours artistiques inspir\u00e9s par des artistes c\u00e9l\u00e8bres comme Van Gogh ou Monet.<\/p>\n\n<h3 class=\"wp-block-heading\">Le 104 Paris : un espace polyvalent pour tous les arts<\/h3>\n\n<p class=\"wp-block-paragraph\"><strong>Le 104 Paris<\/strong> s&rsquo;est impos\u00e9 comme un centre culturel polyvalent qui soutient une multitude de projets artistiques. Il abrite des expositions, des spectacles, des march\u00e9s et m\u00eame des ateliers participatifs pour tous les \u00e2ges. Ce lieu hors du commun repr\u00e9sente \u00e9galement une vitrine pour les jeunes cr\u00e9ateurs et artisans de la capitale.<\/p>\n\n<ul class=\"wp-block-list\"><li>Expositions immersives<\/li><li>Ateliers pour les jeunes<\/li><li>Concerts et performances<\/li><\/ul>\n\n<figure class=\"wp-block-table\"><table>\n<thead>\n<tr>\n<th>Exposition<\/th>\n<th>Lieu<\/th>\n<th>Type d&rsquo;art<\/th>\n<\/tr>\n<\/thead>\n<tbody>\n<tr>\n<td>Immersive Van Gogh<\/td>\n<td>L\u2019Atelier des Lumi\u00e8res<\/td>\n<td>Art num\u00e9rique<\/td>\n<\/tr>\n<tr>\n<td>Expositions vari\u00e9es<\/td>\n<td>104 Paris<\/td>\n<td>Multidisciplinaire<\/td>\n<\/tr>\n<\/tbody>\n<\/table><\/figure>\n\n<p class=\"wp-block-paragraph\">Ces initiatives cr\u00e9atives participent \u00e0 la red\u00e9finition des normes artistiques tout en rendant l&rsquo;art plus accessible \u00e0 tous. Dans ces espaces, la rencontre entre l&rsquo;art et le public devient une exp\u00e9rience enrichissante.<\/p>\n\n<figure class=\"is-provider-youtube is-type-video wp-block-embed wp-block-embed-youtube wp-embed-aspect-16-9 wp-has-aspect-ratio\"><div class=\"wp-block-embed__wrapper\">\n<iframe loading=\"lazy\" title=\"[4K] \ud83c\udf1f \ud83c\udff3\ufe0f\u200d\ud83c\udf08 Exploring Le Marais | Paris\u2019 Most Charming &amp; Lively Neighborhood \u2728\" width=\"1200\" height=\"675\" src=\"https:\/\/www.youtube.com\/embed\/nKyFiqlfQsw?feature=oembed\" frameborder=\"0\" allow=\"accelerometer; autoplay; clipboard-write; encrypted-media; gyroscope; picture-in-picture; web-share\" referrerpolicy=\"strict-origin-when-cross-origin\" allowfullscreen><\/iframe>\n<\/div><\/figure>\n\n<p class=\"wp-block-paragraph\">Ces diff\u00e9rents lieux et espaces culturels, en perp\u00e9tuelle \u00e9volution, t\u00e9moignent d&rsquo;une sc\u00e8ne artistique dynamique \u00e0 Paris. Que vous soyez passionn\u00e9 d&rsquo;art, amateur de musique ou simple curieux, ces spots culturels alternatifs vous promettent des exp\u00e9riences uniques, loin de l&rsquo;effervescence des circuits touristiques classiques. N&rsquo;attendez plus pour explorer ces merveilles cach\u00e9es qui font vibrer la capitale !<\/p>\n\n","protected":false},"excerpt":{"rendered":"","protected":false},"author":34,"featured_media":7430,"comment_status":"open","ping_status":"open","sticky":false,"template":"","format":"standard","meta":{"_acf_changed":false,"manual_indexmenow":false,"indexmenow_id_project":0,"footnotes":""},"categories":[1],"tags":[],"class_list":["post-7408","post","type-post","status-publish","format-standard","has-post-thumbnail","hentry","category-a-la-une","generate-columns","tablet-grid-50","mobile-grid-100","grid-parent","grid-25"],"acf":[],"yoast_head":"<!-- This site is optimized with the Yoast SEO Premium plugin v21.3 (Yoast SEO v25.6) - https:\/\/yoast.com\/wordpress\/plugins\/seo\/ -->\n<title>D\u00e9couverte des perles culturelles alternatives de Paris<\/title>\n<meta name=\"description\" content=\"Paris, ville des lumi\u00e8res et des arts, cache en son sein un r\u00e9seau riche de lieux culturels alternatifs. Souvent m\u00e9connus, ces espaces uniques offrent une\" \/>\n<meta name=\"robots\" content=\"index, follow, max-snippet:-1, max-image-preview:large, max-video-preview:-1\" \/>\n<link rel=\"canonical\" href=\"https:\/\/greenwichmeridien.fr\/blog\/a-la-une\/les-spots-culturels-alternatifs-a-paris\/\" \/>\n<meta property=\"og:locale\" content=\"fr_FR\" \/>\n<meta property=\"og:type\" content=\"article\" \/>\n<meta property=\"og:title\" content=\"D\u00e9couverte des perles culturelles alternatives de Paris\" \/>\n<meta property=\"og:description\" content=\"Paris, ville des lumi\u00e8res et des arts, cache en son sein un r\u00e9seau riche de lieux culturels alternatifs. Souvent m\u00e9connus, ces espaces uniques offrent une\" \/>\n<meta property=\"og:url\" content=\"https:\/\/greenwichmeridien.fr\/blog\/a-la-une\/les-spots-culturels-alternatifs-a-paris\/\" \/>\n<meta property=\"og:site_name\" content=\"greenwichmeridien\" \/>\n<meta property=\"og:image\" content=\"https:\/\/greenwichmeridien.fr\/blog\/wp-content\/uploads\/2025\/06\/sdxl-6739b270b1c55952cb67fc36f1e75499-scaled.png\" \/>\n\t<meta property=\"og:image:width\" content=\"1200\" \/>\n\t<meta property=\"og:image:height\" content=\"500\" \/>\n\t<meta property=\"og:image:type\" content=\"image\/png\" \/>\n<meta name=\"author\" content=\"Samuel Chalmin\" \/>\n<meta name=\"twitter:card\" content=\"summary_large_image\" \/>\n<script type=\"application\/ld+json\" class=\"yoast-schema-graph\">{\"@context\":\"https:\/\/schema.org\",\"@graph\":[{\"@type\":\"NewsArticle\",\"@id\":\"https:\/\/greenwichmeridien.fr\/blog\/a-la-une\/les-spots-culturels-alternatifs-a-paris\/#article\",\"isPartOf\":{\"@id\":\"https:\/\/greenwichmeridien.fr\/blog\/a-la-une\/les-spots-culturels-alternatifs-a-paris\/\"},\"author\":{\"name\":\"Samuel Chalmin\",\"@id\":\"https:\/\/greenwichmeridien.fr\/blog\/#\/schema\/person\/3c864cdc320801e3db34b663e7e3f816\"},\"headline\":\"Les spots culturels alternatifs \u00e0 Paris\",\"datePublished\":\"2025-05-23T07:53:40+00:00\",\"mainEntityOfPage\":{\"@id\":\"https:\/\/greenwichmeridien.fr\/blog\/a-la-une\/les-spots-culturels-alternatifs-a-paris\/\"},\"wordCount\":1494,\"commentCount\":0,\"publisher\":{\"@id\":\"https:\/\/greenwichmeridien.fr\/blog\/#organization\"},\"image\":{\"@id\":\"https:\/\/greenwichmeridien.fr\/blog\/a-la-une\/les-spots-culturels-alternatifs-a-paris\/#primaryimage\"},\"thumbnailUrl\":\"https:\/\/greenwichmeridien.fr\/blog\/wp-content\/uploads\/2025\/06\/sdxl-6739b270b1c55952cb67fc36f1e75499-scaled.png\",\"articleSection\":[\"\u00c0 la une\"],\"inLanguage\":\"fr-FR\",\"potentialAction\":[{\"@type\":\"CommentAction\",\"name\":\"Comment\",\"target\":[\"https:\/\/greenwichmeridien.fr\/blog\/a-la-une\/les-spots-culturels-alternatifs-a-paris\/#respond\"]}]},{\"@type\":\"WebPage\",\"@id\":\"https:\/\/greenwichmeridien.fr\/blog\/a-la-une\/les-spots-culturels-alternatifs-a-paris\/\",\"url\":\"https:\/\/greenwichmeridien.fr\/blog\/a-la-une\/les-spots-culturels-alternatifs-a-paris\/\",\"name\":\"D\u00e9couverte des perles culturelles alternatives de Paris\",\"isPartOf\":{\"@id\":\"https:\/\/greenwichmeridien.fr\/blog\/#website\"},\"primaryImageOfPage\":{\"@id\":\"https:\/\/greenwichmeridien.fr\/blog\/a-la-une\/les-spots-culturels-alternatifs-a-paris\/#primaryimage\"},\"image\":{\"@id\":\"https:\/\/greenwichmeridien.fr\/blog\/a-la-une\/les-spots-culturels-alternatifs-a-paris\/#primaryimage\"},\"thumbnailUrl\":\"https:\/\/greenwichmeridien.fr\/blog\/wp-content\/uploads\/2025\/06\/sdxl-6739b270b1c55952cb67fc36f1e75499-scaled.png\",\"datePublished\":\"2025-05-23T07:53:40+00:00\",\"description\":\"Paris, ville des lumi\u00e8res et des arts, cache en son sein un r\u00e9seau riche de lieux culturels alternatifs. Souvent m\u00e9connus, ces espaces uniques offrent une\",\"inLanguage\":\"fr-FR\",\"potentialAction\":[{\"@type\":\"ReadAction\",\"target\":[\"https:\/\/greenwichmeridien.fr\/blog\/a-la-une\/les-spots-culturels-alternatifs-a-paris\/\"]}]},{\"@type\":\"ImageObject\",\"inLanguage\":\"fr-FR\",\"@id\":\"https:\/\/greenwichmeridien.fr\/blog\/a-la-une\/les-spots-culturels-alternatifs-a-paris\/#primaryimage\",\"url\":\"https:\/\/greenwichmeridien.fr\/blog\/wp-content\/uploads\/2025\/06\/sdxl-6739b270b1c55952cb67fc36f1e75499-scaled.png\",\"contentUrl\":\"https:\/\/greenwichmeridien.fr\/blog\/wp-content\/uploads\/2025\/06\/sdxl-6739b270b1c55952cb67fc36f1e75499-scaled.png\",\"width\":1200,\"height\":500},{\"@type\":\"WebSite\",\"@id\":\"https:\/\/greenwichmeridien.fr\/blog\/#website\",\"url\":\"https:\/\/greenwichmeridien.fr\/blog\/\",\"name\":\"Greenwich M\u00e9ridien\",\"description\":\"Greenwich M\u00e9ridien, le rep\u00e8re du temps et du voyage\",\"publisher\":{\"@id\":\"https:\/\/greenwichmeridien.fr\/blog\/#organization\"},\"alternateName\":\"Greenwich M\u00e9ridien, le rep\u00e8re du temps et du voyage\",\"potentialAction\":[{\"@type\":\"SearchAction\",\"target\":{\"@type\":\"EntryPoint\",\"urlTemplate\":\"https:\/\/greenwichmeridien.fr\/blog\/?s={search_term_string}\"},\"query-input\":{\"@type\":\"PropertyValueSpecification\",\"valueRequired\":true,\"valueName\":\"search_term_string\"}}],\"inLanguage\":\"fr-FR\"},{\"@type\":\"Organization\",\"@id\":\"https:\/\/greenwichmeridien.fr\/blog\/#organization\",\"name\":\"Greenwich M\u00e9ridien\",\"alternateName\":\"Greenwich M\u00e9ridien\",\"url\":\"https:\/\/greenwichmeridien.fr\/blog\/\",\"logo\":{\"@type\":\"ImageObject\",\"inLanguage\":\"fr-FR\",\"@id\":\"https:\/\/greenwichmeridien.fr\/blog\/#\/schema\/logo\/image\/\",\"url\":\"https:\/\/greenwichmeridien.fr\/blog\/wp-content\/uploads\/2024\/12\/greenwichmeridien.png\",\"contentUrl\":\"https:\/\/greenwichmeridien.fr\/blog\/wp-content\/uploads\/2024\/12\/greenwichmeridien.png\",\"width\":500,\"height\":500,\"caption\":\"Greenwich M\u00e9ridien\"},\"image\":{\"@id\":\"https:\/\/greenwichmeridien.fr\/blog\/#\/schema\/logo\/image\/\"}},{\"@type\":\"Person\",\"@id\":\"https:\/\/greenwichmeridien.fr\/blog\/#\/schema\/person\/3c864cdc320801e3db34b663e7e3f816\",\"name\":\"Samuel Chalmin\",\"image\":{\"@type\":\"ImageObject\",\"inLanguage\":\"fr-FR\",\"@id\":\"https:\/\/greenwichmeridien.fr\/blog\/#\/schema\/person\/image\/\",\"url\":\"https:\/\/secure.gravatar.com\/avatar\/cef3677de7d237273d13053728f9470818581a8a27d9bf6f5039fd18508a905f?s=96&d=mm&r=g\",\"contentUrl\":\"https:\/\/secure.gravatar.com\/avatar\/cef3677de7d237273d13053728f9470818581a8a27d9bf6f5039fd18508a905f?s=96&d=mm&r=g\",\"caption\":\"Samuel Chalmin\"},\"description\":\"R\u00e9dacteur du site, il suit les questions de temps et de calendrier : m\u00e9ridien de Greenwich, heure GMT et UTC, fuseaux horaires, changement d'heure, ann\u00e9es bissextiles et jours f\u00e9ri\u00e9s.\",\"sameAs\":[\"https:\/\/samuelchalmin.fr\/\"],\"url\":\"https:\/\/greenwichmeridien.fr\/blog\/auteur\/noname\/\"}]}<\/script>\n<!-- \/ Yoast SEO Premium plugin. -->","yoast_head_json":{"title":"D\u00e9couverte des perles culturelles alternatives de Paris","description":"Paris, ville des lumi\u00e8res et des arts, cache en son sein un r\u00e9seau riche de lieux culturels alternatifs. Souvent m\u00e9connus, ces espaces uniques offrent une","robots":{"index":"index","follow":"follow","max-snippet":"max-snippet:-1","max-image-preview":"max-image-preview:large","max-video-preview":"max-video-preview:-1"},"canonical":"https:\/\/greenwichmeridien.fr\/blog\/a-la-une\/les-spots-culturels-alternatifs-a-paris\/","og_locale":"fr_FR","og_type":"article","og_title":"D\u00e9couverte des perles culturelles alternatives de Paris","og_description":"Paris, ville des lumi\u00e8res et des arts, cache en son sein un r\u00e9seau riche de lieux culturels alternatifs. Souvent m\u00e9connus, ces espaces uniques offrent une","og_url":"https:\/\/greenwichmeridien.fr\/blog\/a-la-une\/les-spots-culturels-alternatifs-a-paris\/","og_site_name":"greenwichmeridien","og_image":[{"width":1200,"height":500,"url":"https:\/\/greenwichmeridien.fr\/blog\/wp-content\/uploads\/2025\/06\/sdxl-6739b270b1c55952cb67fc36f1e75499-scaled.png","type":"image\/png"}],"author":"Samuel Chalmin","twitter_card":"summary_large_image","schema":{"@context":"https:\/\/schema.org","@graph":[{"@type":"NewsArticle","@id":"https:\/\/greenwichmeridien.fr\/blog\/a-la-une\/les-spots-culturels-alternatifs-a-paris\/#article","isPartOf":{"@id":"https:\/\/greenwichmeridien.fr\/blog\/a-la-une\/les-spots-culturels-alternatifs-a-paris\/"},"author":{"name":"Samuel Chalmin","@id":"https:\/\/greenwichmeridien.fr\/blog\/#\/schema\/person\/3c864cdc320801e3db34b663e7e3f816"},"headline":"Les spots culturels alternatifs \u00e0 Paris","datePublished":"2025-05-23T07:53:40+00:00","mainEntityOfPage":{"@id":"https:\/\/greenwichmeridien.fr\/blog\/a-la-une\/les-spots-culturels-alternatifs-a-paris\/"},"wordCount":1494,"commentCount":0,"publisher":{"@id":"https:\/\/greenwichmeridien.fr\/blog\/#organization"},"image":{"@id":"https:\/\/greenwichmeridien.fr\/blog\/a-la-une\/les-spots-culturels-alternatifs-a-paris\/#primaryimage"},"thumbnailUrl":"https:\/\/greenwichmeridien.fr\/blog\/wp-content\/uploads\/2025\/06\/sdxl-6739b270b1c55952cb67fc36f1e75499-scaled.png","articleSection":["\u00c0 la une"],"inLanguage":"fr-FR","potentialAction":[{"@type":"CommentAction","name":"Comment","target":["https:\/\/greenwichmeridien.fr\/blog\/a-la-une\/les-spots-culturels-alternatifs-a-paris\/#respond"]}]},{"@type":"WebPage","@id":"https:\/\/greenwichmeridien.fr\/blog\/a-la-une\/les-spots-culturels-alternatifs-a-paris\/","url":"https:\/\/greenwichmeridien.fr\/blog\/a-la-une\/les-spots-culturels-alternatifs-a-paris\/","name":"D\u00e9couverte des perles culturelles alternatives de Paris","isPartOf":{"@id":"https:\/\/greenwichmeridien.fr\/blog\/#website"},"primaryImageOfPage":{"@id":"https:\/\/greenwichmeridien.fr\/blog\/a-la-une\/les-spots-culturels-alternatifs-a-paris\/#primaryimage"},"image":{"@id":"https:\/\/greenwichmeridien.fr\/blog\/a-la-une\/les-spots-culturels-alternatifs-a-paris\/#primaryimage"},"thumbnailUrl":"https:\/\/greenwichmeridien.fr\/blog\/wp-content\/uploads\/2025\/06\/sdxl-6739b270b1c55952cb67fc36f1e75499-scaled.png","datePublished":"2025-05-23T07:53:40+00:00","description":"Paris, ville des lumi\u00e8res et des arts, cache en son sein un r\u00e9seau riche de lieux culturels alternatifs. Souvent m\u00e9connus, ces espaces uniques offrent une","inLanguage":"fr-FR","potentialAction":[{"@type":"ReadAction","target":["https:\/\/greenwichmeridien.fr\/blog\/a-la-une\/les-spots-culturels-alternatifs-a-paris\/"]}]},{"@type":"ImageObject","inLanguage":"fr-FR","@id":"https:\/\/greenwichmeridien.fr\/blog\/a-la-une\/les-spots-culturels-alternatifs-a-paris\/#primaryimage","url":"https:\/\/greenwichmeridien.fr\/blog\/wp-content\/uploads\/2025\/06\/sdxl-6739b270b1c55952cb67fc36f1e75499-scaled.png","contentUrl":"https:\/\/greenwichmeridien.fr\/blog\/wp-content\/uploads\/2025\/06\/sdxl-6739b270b1c55952cb67fc36f1e75499-scaled.png","width":1200,"height":500},{"@type":"WebSite","@id":"https:\/\/greenwichmeridien.fr\/blog\/#website","url":"https:\/\/greenwichmeridien.fr\/blog\/","name":"Greenwich M\u00e9ridien","description":"Greenwich M\u00e9ridien, le rep\u00e8re du temps et du voyage","publisher":{"@id":"https:\/\/greenwichmeridien.fr\/blog\/#organization"},"alternateName":"Greenwich M\u00e9ridien, le rep\u00e8re du temps et du voyage","potentialAction":[{"@type":"SearchAction","target":{"@type":"EntryPoint","urlTemplate":"https:\/\/greenwichmeridien.fr\/blog\/?s={search_term_string}"},"query-input":{"@type":"PropertyValueSpecification","valueRequired":true,"valueName":"search_term_string"}}],"inLanguage":"fr-FR"},{"@type":"Organization","@id":"https:\/\/greenwichmeridien.fr\/blog\/#organization","name":"Greenwich M\u00e9ridien","alternateName":"Greenwich M\u00e9ridien","url":"https:\/\/greenwichmeridien.fr\/blog\/","logo":{"@type":"ImageObject","inLanguage":"fr-FR","@id":"https:\/\/greenwichmeridien.fr\/blog\/#\/schema\/logo\/image\/","url":"https:\/\/greenwichmeridien.fr\/blog\/wp-content\/uploads\/2024\/12\/greenwichmeridien.png","contentUrl":"https:\/\/greenwichmeridien.fr\/blog\/wp-content\/uploads\/2024\/12\/greenwichmeridien.png","width":500,"height":500,"caption":"Greenwich M\u00e9ridien"},"image":{"@id":"https:\/\/greenwichmeridien.fr\/blog\/#\/schema\/logo\/image\/"}},{"@type":"Person","@id":"https:\/\/greenwichmeridien.fr\/blog\/#\/schema\/person\/3c864cdc320801e3db34b663e7e3f816","name":"Samuel Chalmin","image":{"@type":"ImageObject","inLanguage":"fr-FR","@id":"https:\/\/greenwichmeridien.fr\/blog\/#\/schema\/person\/image\/","url":"https:\/\/secure.gravatar.com\/avatar\/cef3677de7d237273d13053728f9470818581a8a27d9bf6f5039fd18508a905f?s=96&d=mm&r=g","contentUrl":"https:\/\/secure.gravatar.com\/avatar\/cef3677de7d237273d13053728f9470818581a8a27d9bf6f5039fd18508a905f?s=96&d=mm&r=g","caption":"Samuel Chalmin"},"description":"R\u00e9dacteur du site, il suit les questions de temps et de calendrier : m\u00e9ridien de Greenwich, heure GMT et UTC, fuseaux horaires, changement d'heure, ann\u00e9es bissextiles et jours f\u00e9ri\u00e9s.","sameAs":["https:\/\/samuelchalmin.fr\/"],"url":"https:\/\/greenwichmeridien.fr\/blog\/auteur\/noname\/"}]}},"_links":{"self":[{"href":"https:\/\/greenwichmeridien.fr\/blog\/wp-json\/wp\/v2\/posts\/7408","targetHints":{"allow":["GET"]}}],"collection":[{"href":"https:\/\/greenwichmeridien.fr\/blog\/wp-json\/wp\/v2\/posts"}],"about":[{"href":"https:\/\/greenwichmeridien.fr\/blog\/wp-json\/wp\/v2\/types\/post"}],"author":[{"embeddable":true,"href":"https:\/\/greenwichmeridien.fr\/blog\/wp-json\/wp\/v2\/users\/34"}],"replies":[{"embeddable":true,"href":"https:\/\/greenwichmeridien.fr\/blog\/wp-json\/wp\/v2\/comments?post=7408"}],"version-history":[{"count":0,"href":"https:\/\/greenwichmeridien.fr\/blog\/wp-json\/wp\/v2\/posts\/7408\/revisions"}],"wp:featuredmedia":[{"embeddable":true,"href":"https:\/\/greenwichmeridien.fr\/blog\/wp-json\/wp\/v2\/media\/7430"}],"wp:attachment":[{"href":"https:\/\/greenwichmeridien.fr\/blog\/wp-json\/wp\/v2\/media?parent=7408"}],"wp:term":[{"taxonomy":"category","embeddable":true,"href":"https:\/\/greenwichmeridien.fr\/blog\/wp-json\/wp\/v2\/categories?post=7408"},{"taxonomy":"post_tag","embeddable":true,"href":"https:\/\/greenwichmeridien.fr\/blog\/wp-json\/wp\/v2\/tags?post=7408"}],"curies":[{"name":"wp","href":"https:\/\/api.w.org\/{rel}","templated":true}]}}