{"id":7410,"date":"2025-05-23T09:55:39","date_gmt":"2025-05-23T07:55:39","guid":{"rendered":"https:\/\/greenwichmeridien.fr\/blog\/a-la-une\/les-grandes-decouvertes-scientifiques-francaises\/"},"modified":"2025-05-23T09:55:39","modified_gmt":"2025-05-23T07:55:39","slug":"les-grandes-decouvertes-scientifiques-francaises","status":"publish","type":"post","link":"https:\/\/greenwichmeridien.fr\/blog\/a-la-une\/les-grandes-decouvertes-scientifiques-francaises\/","title":{"rendered":"Les grandes d\u00e9couvertes scientifiques fran\u00e7aises"},"content":{"rendered":"<p class=\"wp-block-paragraph\">La France, au fil des si\u00e8cles, a \u00e9t\u00e9 le berceau de nombreuses d\u00e9couvertes scientifiques qui ont profond\u00e9ment influenc\u00e9 l&rsquo;\u00e9volution des connaissances humaines et des technologies. Des figures embl\u00e9matiques telles que Louis Pasteur, Pierre et Marie Curie ont marqu\u00e9 l&rsquo;histoire par leurs travaux r\u00e9volutionnaires. Cet article explore les grandes inventions et d\u00e9couvertes scientifiques fran\u00e7aises qui ont chang\u00e9 le monde, en mettant en lumi\u00e8re leur impact et leurs tr\u00e9sors d&rsquo;ing\u00e9niosit\u00e9.<\/p>\n\n<h2 class=\"wp-block-heading\">Les pionniers de la science : figures embl\u00e9matiques et leurs inventions<\/h2>\n\n<p class=\"wp-block-paragraph\">La science fran\u00e7aise a connu des figures marquantes telles que <strong>Blaise Pascal<\/strong>, <strong>Louis Pasteur<\/strong> et <strong>Marie Curie<\/strong>, qui ont non seulement \u00e9volu\u00e9 dans leurs disciplines respectives mais ont \u00e9galement pos\u00e9 les bases d&rsquo;innovations qui perdurent encore aujourd&rsquo;hui. La richesse de leurs travaux t\u00e9moigne d&rsquo;une cr\u00e9ativit\u00e9 et d&rsquo;un esprit de recherche qui caract\u00e9risent la France depuis des si\u00e8cles.<\/p>\n\n<h3 class=\"wp-block-heading\">Blaise Pascal et la Pascaline<\/h3>\n\n<p class=\"wp-block-paragraph\">\u00c0 l&rsquo;\u00e2ge de 19 ans, Blaise Pascal a con\u00e7u la <strong>Pascaline<\/strong>, une machine \u00e0 calculer. En 1642, son invention \u00e9tait r\u00e9volutionnaire car elle a permis de r\u00e9aliser des additions et des soustractions sans la n\u00e9cessit\u00e9 d&rsquo;effectuer les calculs manuellement. La Pascaline est souvent consid\u00e9r\u00e9e comme l&rsquo;anc\u00eatre des ordinateurs modernes. Ce dispositif m\u00e9canique a ouvert la voie aux futurs calculs automatiques, illustrant ainsi la mani\u00e8re dont la science et l&rsquo;ing\u00e9nierie s&rsquo;unissent pour transformer la soci\u00e9t\u00e9.<\/p>\n\n<h3 class=\"wp-block-heading\">La d\u00e9couverte des microbes par Louis Pasteur<\/h3>\n\n<p class=\"wp-block-paragraph\">Dans le domaine de la microbiologie, Louis Pasteur a chang\u00e9 notre compr\u00e9hension des maladies gr\u00e2ce \u00e0 ses recherches sur <strong>la pasteurisation<\/strong> et des vaccins. Ses d\u00e9couvertes au XIXe si\u00e8cle ont jet\u00e9 les bases de la microbiologie moderne, aidant \u00e0 \u00e9tablir que de nombreuses maladies sont caus\u00e9es par des micro-organismes. La technique de pasteurisation est encore utilis\u00e9e aujourd&rsquo;hui pour pr\u00e9server les aliments et les BOISSONS en \u00e9liminant les agents pathog\u00e8nes.<\/p>\n\n<h3 class=\"wp-block-heading\">Les Curies et la radioactivit\u00e9<\/h3>\n\n<p class=\"wp-block-paragraph\">Les travaux de <strong>Pierre<\/strong> et <strong>Marie Curie<\/strong> sur la radioactivit\u00e9 ont marqu\u00e9 un tournant dans le domaine de la physique et de la m\u00e9decine. En 1898, ils d\u00e9couvrent deux \u00e9l\u00e9ments, le polonium et le radium, qui ont non seulement \u00e9largi nos connaissances sur la mati\u00e8re, mais ont \u00e9galement ouvert des voies pour des traitements du cancer. Leur h\u00e9ritage, notamment \u00e0 travers l&rsquo;utilisation des rayonnements pour des applications m\u00e9dicales, continue d&rsquo;influencer la recherche scientifique contemporaine.<\/p>\n\n<figure class=\"wp-block-table\"><table>\n<thead>\n<tr>\n<th>Inventeur<\/th>\n<th>Invention<\/th>\n<th>Date<\/th>\n<th>Impact<\/th>\n<\/tr>\n<\/thead>\n<tbody>\n<tr>\n<td>Blaise Pascal<\/td>\n<td>Pascaline<\/td>\n<td>1642<\/td>\n<td>Pionni\u00e8re de la calculatrice moderne<\/td>\n<\/tr>\n<tr>\n<td>Louis Pasteur<\/td>\n<td>Pasteurisation<\/td>\n<td>1860<\/td>\n<td>Pr\u00e9servation des aliments et boissons<\/td>\n<\/tr>\n<tr>\n<td>Pierre et Marie Curie<\/td>\n<td>D\u00e9couverte de la radioactivit\u00e9<\/td>\n<td>1898<\/td>\n<td>Applications m\u00e9dicales et nucl\u00e9aires<\/td>\n<\/tr>\n<\/tbody>\n<\/table><\/figure>\n\n<h2 class=\"wp-block-heading\">Les avanc\u00e9es en ing\u00e9nierie et techniques \u00e0 travers les \u00e2ges<\/h2>\n\n<p class=\"wp-block-paragraph\">Au-del\u00e0 des contributions scientifiques pures, la France s&rsquo;est aussi illustr\u00e9e dans le domaine de l&rsquo;ing\u00e9nierie. Des technologies majeures ont vu le jour gr\u00e2ce \u00e0 des esprits brillants comme <strong>Gustave Eiffel<\/strong> et <strong>Vauban<\/strong>. Ces inventeurs, par leurs \u0153uvres, ont \u00e9galement fa\u00e7onn\u00e9 notre paysage urbain et nos moyens de communication, signifiant un bond vertigineux dans la modernit\u00e9.<\/p>\n\n<h3 class=\"wp-block-heading\">Joseph Cugnot et la premi\u00e8re automobile<\/h3>\n\n<p class=\"wp-block-paragraph\">En 1770, Joseph Cugnot, ing\u00e9nieur militaire, a cr\u00e9\u00e9 le premier v\u00e9hicule automobile, un fardier \u00e0 vapeur capable de transporter des charges. Ce prototype, bien que rudimentaire, a jet\u00e9 les bases du d\u00e9veloppement de l&rsquo;automobile moderne. L&rsquo;innovation ne r\u00e9side pas seulement dans le m\u00e9canisme, mais aussi dans l&rsquo;id\u00e9e d&rsquo;automatiser le transport, r\u00e9flexions qui guideront le monde du transport pendant des si\u00e8cles.<\/p>\n\n<h3 class=\"wp-block-heading\">Le contribuable de Vauban \u00e0 l&rsquo;urbanisme<\/h3>\n\n<p class=\"wp-block-paragraph\">Le marquis de Vauban, architecte militaire, a r\u00e9volutionn\u00e9 l&rsquo;urbanisme et la fortification au XVIIe si\u00e8cle. Il a con\u00e7u des forteresses qui sont encore en service aujourd&rsquo;hui, ajoutant \u00e0 la s\u00e9curit\u00e9 du pays. Vauban a \u00e9galement int\u00e9gr\u00e9 des principes de g\u00e9om\u00e9trie dans ses constructions, d\u00e9montrant le lien entre l&rsquo;ing\u00e9nierie militaire et l&rsquo;esth\u00e9tique, un mod\u00e8le qui aurait un impact durable sur le design. Ses casernements ainsi que ses citadelles, souvent d\u00e9sign\u00e9s comme patrimoine mondial, rappellent l&rsquo;importance de l&rsquo;harmonie entre fonctionnalit\u00e9 et beaut\u00e9.<\/p>\n\n<h3 class=\"wp-block-heading\">Le g\u00e9nie civil de Gustave Eiffel<\/h3>\n\n<p class=\"wp-block-paragraph\">Pour Graffiter un exemple unique, la <strong>Tour Eiffel<\/strong>, con\u00e7ue par Gustave Eiffel et achev\u00e9e en 1889, repr\u00e9sente un exploit d&rsquo;ing\u00e9nierie et d&rsquo;esth\u00e9tique. Haut de 300 m\u00e8tres, cet \u00e9difice embl\u00e9matique a non seulement red\u00e9fini le paysage parisien, mais a \u00e9galement fix\u00e9 de nouveaux standards en mati\u00e8re de construction m\u00e9tallique. \u00c0 cette \u00e9poque, la Tour a suscit\u00e9 des d\u00e9bats et des controverses sur les arts et la technique, ce qui t\u00e9moigne de l&rsquo;importance de l&rsquo;\u0153uvre et de son impact durable.<\/p>\n\n<figure class=\"wp-block-table\"><table>\n<thead>\n<tr>\n<th>Inventeur<\/th>\n<th>Invention<\/th>\n<th>Date<\/th>\n<th>Impact<\/th>\n<\/tr>\n<\/thead>\n<tbody>\n<tr>\n<td>Joseph Cugnot<\/td>\n<td>V\u00e9hicule \u00e0 vapeur<\/td>\n<td>1770<\/td>\n<td>Pionni\u00e8re de l&rsquo;automobile moderne<\/td>\n<\/tr>\n<tr>\n<td>Vauban<\/td>\n<td>Fortifications<\/td>\n<td>17\u00e8me si\u00e8cle<\/td>\n<td>Influence sur l&rsquo;urbanisme et Karrant<\/td>\n<\/tr>\n<tr>\n<td>Gustave Eiffel<\/td>\n<td>Tour Eiffel<\/td>\n<td>1889<\/td>\n<td>Symbole de l&rsquo;ing\u00e9nierie moderne<\/td>\n<\/tr>\n<\/tbody>\n<\/table><\/figure>\n\n<h2 class=\"wp-block-heading\">Les d\u00e9couvertes m\u00e9dicales qui ont chang\u00e9 notre quotidien<\/h2>\n\n<p class=\"wp-block-paragraph\">Les contributions fran\u00e7aises dans le domaine m\u00e9dical sont nombreuses et impactantes. Gr\u00e2ce aux recherches de scientifiques comme <strong>Henri Becquerel<\/strong>, <strong>Diderot<\/strong>, et bien d&rsquo;autres, la m\u00e9decine moderne a \u00e9t\u00e9 red\u00e9finie, marquant un tournant dans la fa\u00e7on dont nous comprenons les maladies et leur traitement. Ces progr\u00e8s sont souvent inextricablement li\u00e9s \u00e0 des d\u00e9couvertes fondamentales dans d&rsquo;autres domaines scientifiques.<\/p>\n\n<h3 class=\"wp-block-heading\">Les Vaccins de Pasteur<\/h3>\n\n<p class=\"wp-block-paragraph\">En d\u00e9veloppant les premiers vaccins contre la rage et d&rsquo;autres maladies infectieuses, Louis Pasteur a pionnier dans l\u2019immunologie. Sa m\u00e9thode a non seulement gu\u00e9ri des milliers de personnes, mais a \u00e9galement permis de comprendre le fonctionnement de notre syst\u00e8me immunitaire face \u00e0 des agents pathog\u00e8nes. Les principes de sa recherche en vaccinologie sont toujours utilis\u00e9s dans la conception moderne des vaccins, un h\u00e9ritage inestimable pour l&rsquo;humanit\u00e9.<\/p>\n\n<h3 class=\"wp-block-heading\">L\u2019Innovation pharmacologique de Claude Bernard<\/h3>\n\n<p class=\"wp-block-paragraph\">Claude Bernard, un physiologiste fran\u00e7ais, a \u00e9t\u00e9 le pionnier de l&rsquo;exp\u00e9rimentation scientifique moderne. Son travail sur la fonction des organes et les relations entre les diff\u00e9rents syst\u00e8mes du corps a ouvert des voies vers des traitements m\u00e9dicaux plus efficaces et cibl\u00e9s. Ces exp\u00e9riences ont fa\u00e7onn\u00e9 la m\u00e9decine moderne et l&rsquo;approche scientifique dans le traitement des maladies.<\/p>\n\n<h3 class=\"wp-block-heading\">Des technologies innovantes pour traiter les maladies<\/h3>\n\n<p class=\"wp-block-paragraph\">Les avanc\u00e9es technologiques ont permis la cr\u00e9ation d&rsquo;outils m\u00e9dicaux sophistiqu\u00e9s. Des machines d&rsquo;imagerie, comme les IRM et les \u00e9chographes, \u00e9labor\u00e9es gr\u00e2ce \u00e0 la physique des <strong>Curie<\/strong>, permettent un diagnostic plus pr\u00e9cis. De plus, gr\u00e2ce \u00e0 des techniques de pointe telles que l\u2019\u00e9dition g\u00e9nomique et la t\u00e9l\u00e9m\u00e9decine, la France continue de mener la recherche m\u00e9dicale vers des horizons in\u00e9dits.<\/p>\n\n<figure class=\"wp-block-table\"><table>\n<thead>\n<tr>\n<th>Inventeur<\/th>\n<th>D\u00e9couverte<\/th>\n<th>Date<\/th>\n<th>Impact<\/th>\n<\/tr>\n<\/thead>\n<tbody>\n<tr>\n<td>Louis Pasteur<\/td>\n<td>Vaccin contre la rage<\/td>\n<td>1885<\/td>\n<td>Pionnier de l&rsquo;immunologie<\/td>\n<\/tr>\n<tr>\n<td>Claude Bernard<\/td>\n<td>Physiologie exp\u00e9rimentale<\/td>\n<td>1865<\/td>\n<td>R\u00e9volution dans la recherche m\u00e9dicale<\/td>\n<\/tr>\n<tr>\n<td>Pierre et Marie Curie<\/td>\n<td>Radioactivit\u00e9<\/td>\n<td>1898<\/td>\n<td>Traitements avanc\u00e9s du cancer<\/td>\n<\/tr>\n<\/tbody>\n<\/table><\/figure>\n\n<h2 class=\"wp-block-heading\">Les inventions qui ont fa\u00e7onn\u00e9 la modernit\u00e9<\/h2>\n\n<p class=\"wp-block-paragraph\">La France n&rsquo;a pas seulement \u00e9t\u00e9 le berceau de d\u00e9couvertes scientifiques, mais \u00e9galement d&rsquo;inventions qui ont transform\u00e9 nos vies quotidiennes. Ces innovations transcendent les \u00e2ges et apportent des am\u00e9liorations significatives \u00e0 notre mode de vie. Des objets simples comme le <strong>braille<\/strong> au complexe <strong>TGV<\/strong>, ces inventions ont r\u00e9volutionn\u00e9 notre quotidien et fa\u00e7onn\u00e9 le monde moderne.<\/p>\n\n<h3 class=\"wp-block-heading\">Le syst\u00e8me Braille<\/h3>\n\n<p class=\"wp-block-paragraph\">Invent\u00e9 par <strong>Louis Braille<\/strong> en 1824, ce syst\u00e8me de lecture et d&rsquo;\u00e9criture tactile a donn\u00e9 aux aveugles et malvoyants la possibilit\u00e9 de lire et d&rsquo;\u00e9crire de mani\u00e8re autonome. Son invention a non seulement permis d\u2019am\u00e9liorer la vie de millions de personnes mais a \u00e9galement sensibilis\u00e9 le monde \u00e0 l\u2019accessibilit\u00e9 des informations.<\/p>\n\n<h3 class=\"wp-block-heading\">Le TGV : un symbole du progr\u00e8s ferroviaire<\/h3>\n\n<p class=\"wp-block-paragraph\">Le <strong>TGV<\/strong> (Train \u00e0 Grande Vitesse), lanc\u00e9 pour la premi\u00e8re fois en 1981, a r\u00e9volutionn\u00e9 le transport ferroviaire gr\u00e2ce \u00e0 ses vitesses records. Ces trains, capables d&rsquo;atteindre plus de 300 km\/h, ont red\u00e9fini les normes de voyage en train. Le TGV a non seulement am\u00e9lior\u00e9 la connectivit\u00e9 entre les grandes villes fran\u00e7aises, mais a aussi influenc\u00e9 les transports ferroviaires \u00e0 l&rsquo;\u00e9chelle mondiale.<\/p>\n\n<h3 class=\"wp-block-heading\">Autres inventions notables<\/h3>\n\n<p class=\"wp-block-paragraph\">Les Fran\u00e7ais ont aussi cr\u00e9\u00e9 d&rsquo;autres inventions qui demeurent ancr\u00e9es dans notre quotidien :<\/p>\n\n<ul class=\"wp-block-list\"><li><strong>Machine \u00e0 calculer<\/strong> \u2013 Permet de r\u00e9aliser des op\u00e9rations math\u00e9matiques avec rapidit\u00e9.<\/li><li><strong>Bo\u00eete de conserve<\/strong> \u2013 Introduction \u00e0 la conservation des aliments.<\/li><li><strong>Carte \u00e0 puce<\/strong> \u2013 Utilis\u00e9e dans diverses applications, du paiement \u00e0 l&rsquo;identification.<\/li><li><strong>Parachute<\/strong> \u2013 Une avanc\u00e9e spectaculaire en a\u00e9ronautique.<\/li><\/ul>\n\n<figure class=\"wp-block-table\"><table>\n<thead>\n<tr>\n<th>Invention<\/th>\n<th>Inventeur<\/th>\n<th>Date<\/th>\n<th>Impact<\/th>\n<\/tr>\n<\/thead>\n<tbody>\n<tr>\n<td>Braille<\/td>\n<td>Louis Braille<\/td>\n<td>1824<\/td>\n<td>Am\u00e9lioration de l&rsquo;acc\u00e8s \u00e0 l&rsquo;\u00e9ducation pour les malvoyants<\/td>\n<\/tr>\n<tr>\n<td>TGV<\/td>\n<td>SNCF<\/td>\n<td>1981<\/td>\n<td>R\u00e9volution du transport ferroviaire<\/td>\n<\/tr>\n<tr>\n<td>Carte \u00e0 puce<\/td>\n<td>Roland Moreno<\/td>\n<td>1974<\/td>\n<td>Applications diverses dans le quotidien<\/td>\n<\/tr>\n<\/tbody>\n<\/table><\/figure>\n\n<p class=\"wp-block-paragraph\">La France demeure aujourd&rsquo;hui un leader en mati\u00e8re d&rsquo;innovation scientifique et technique, avec des projets ambitieux qui anticipent un avenir durable et technologique. En 2025, les recherches vont bien au-del\u00e0 des simples inventions mat\u00e9rielles, explorant des solutions pour une plan\u00e8te en meilleure sant\u00e9.<\/p>\n\n<figure class=\"is-provider-youtube is-type-video wp-block-embed wp-block-embed-youtube wp-embed-aspect-16-9 wp-has-aspect-ratio\"><div class=\"wp-block-embed__wrapper\">\n<iframe loading=\"lazy\" title=\"5 Nouvelles d\u00e9couvertes scientifiques en 2024 !\" width=\"1200\" height=\"675\" src=\"https:\/\/www.youtube.com\/embed\/bzVQADKQ0cQ?feature=oembed\" frameborder=\"0\" allow=\"accelerometer; autoplay; clipboard-write; encrypted-media; gyroscope; picture-in-picture; web-share\" referrerpolicy=\"strict-origin-when-cross-origin\" allowfullscreen><\/iframe>\n<\/div><\/figure>\n\n<figure class=\"is-provider-youtube is-type-video wp-block-embed wp-block-embed-youtube wp-embed-aspect-16-9 wp-has-aspect-ratio\"><div class=\"wp-block-embed__wrapper\">\n<iframe loading=\"lazy\" title=\"Ce r\u00e9seau d\u00e9crypte 150 ans de d\u00e9couvertes scientifiques\" width=\"1200\" height=\"675\" src=\"https:\/\/www.youtube.com\/embed\/1xe3zy2mU2M?feature=oembed\" frameborder=\"0\" allow=\"accelerometer; autoplay; clipboard-write; encrypted-media; gyroscope; picture-in-picture; web-share\" referrerpolicy=\"strict-origin-when-cross-origin\" allowfullscreen><\/iframe>\n<\/div><\/figure>\n\n<figure class=\"wp-block-embed is-type-video is-provider-tiktok wp-block-embed-tiktok\"><div class=\"wp-block-embed__wrapper\">\n<blockquote class=\"tiktok-embed\" cite=\"https:\/\/www.tiktok.com\/@leyagkyy\/video\/7491761802678783254\" data-video-id=\"7491761802678783254\" data-embed-from=\"oembed\" style=\"max-width:605px; min-width:325px;\"> <section> <a target=\"_blank\" title=\"@leyagkyy\" href=\"https:\/\/www.tiktok.com\/@leyagkyy?refer=embed\" rel=\"nofollow\">@leyagkyy<\/a> <p>Vampire Diaries pour ceux qui ont pas la r\u00e9f <a title=\"fyp\" target=\"_blank\" href=\"https:\/\/www.tiktok.com\/tag\/fyp?refer=embed\" rel=\"nofollow\">#fyp<\/a> <a title=\"pourtoii\" target=\"_blank\" href=\"https:\/\/www.tiktok.com\/tag\/pourtoii?refer=embed\" rel=\"nofollow\">#pourtoii<\/a> <a title=\"trend\" target=\"_blank\" href=\"https:\/\/www.tiktok.com\/tag\/trend?refer=embed\" rel=\"nofollow\">#trend<\/a> <\/p> <a target=\"_blank\" title=\"\u266c original sound - pardesiete\" href=\"https:\/\/www.tiktok.com\/music\/original-sound-7468876257455835909?refer=embed\" rel=\"nofollow\">\u266c original sound &#8211; pardesiete<\/a> <\/section> <\/blockquote> <script async src=\"https:\/\/www.tiktok.com\/embed.js\"><\/script>\n<\/div><\/figure>\n\n","protected":false},"excerpt":{"rendered":"","protected":false},"author":34,"featured_media":7428,"comment_status":"open","ping_status":"open","sticky":false,"template":"","format":"standard","meta":{"_acf_changed":false,"manual_indexmenow":false,"indexmenow_id_project":0,"footnotes":""},"categories":[1],"tags":[],"class_list":["post-7410","post","type-post","status-publish","format-standard","has-post-thumbnail","hentry","category-a-la-une","generate-columns","tablet-grid-50","mobile-grid-100","grid-parent","grid-25"],"acf":[],"yoast_head":"<!-- This site is optimized with the Yoast SEO Premium plugin v21.3 (Yoast SEO v25.6) - https:\/\/yoast.com\/wordpress\/plugins\/seo\/ -->\n<title>Les grandes d\u00e9couvertes scientifiques fran\u00e7aises<\/title>\n<meta name=\"description\" content=\"La France, au fil des si\u00e8cles, a \u00e9t\u00e9 le berceau de nombreuses d\u00e9couvertes scientifiques qui ont profond\u00e9ment influenc\u00e9 l&#039;\u00e9volution des connaissances\" \/>\n<meta name=\"robots\" content=\"index, follow, max-snippet:-1, max-image-preview:large, max-video-preview:-1\" \/>\n<link rel=\"canonical\" href=\"https:\/\/greenwichmeridien.fr\/blog\/a-la-une\/les-grandes-decouvertes-scientifiques-francaises\/\" \/>\n<meta property=\"og:locale\" content=\"fr_FR\" \/>\n<meta property=\"og:type\" content=\"article\" \/>\n<meta property=\"og:title\" content=\"Les grandes d\u00e9couvertes scientifiques fran\u00e7aises\" \/>\n<meta property=\"og:description\" content=\"La France, au fil des si\u00e8cles, a \u00e9t\u00e9 le berceau de nombreuses d\u00e9couvertes scientifiques qui ont profond\u00e9ment influenc\u00e9 l&#039;\u00e9volution des connaissances\" \/>\n<meta property=\"og:url\" content=\"https:\/\/greenwichmeridien.fr\/blog\/a-la-une\/les-grandes-decouvertes-scientifiques-francaises\/\" \/>\n<meta property=\"og:site_name\" content=\"greenwichmeridien\" \/>\n<meta property=\"og:image\" content=\"https:\/\/greenwichmeridien.fr\/blog\/wp-content\/uploads\/2025\/06\/sdxl-e1c32929c3cf98ff96c95c61abc6971a-scaled.png\" \/>\n\t<meta property=\"og:image:width\" content=\"1200\" \/>\n\t<meta property=\"og:image:height\" content=\"500\" \/>\n\t<meta property=\"og:image:type\" content=\"image\/png\" \/>\n<meta name=\"author\" content=\"Samuel Chalmin\" \/>\n<meta name=\"twitter:card\" content=\"summary_large_image\" \/>\n<script type=\"application\/ld+json\" class=\"yoast-schema-graph\">{\"@context\":\"https:\/\/schema.org\",\"@graph\":[{\"@type\":\"NewsArticle\",\"@id\":\"https:\/\/greenwichmeridien.fr\/blog\/a-la-une\/les-grandes-decouvertes-scientifiques-francaises\/#article\",\"isPartOf\":{\"@id\":\"https:\/\/greenwichmeridien.fr\/blog\/a-la-une\/les-grandes-decouvertes-scientifiques-francaises\/\"},\"author\":{\"name\":\"Samuel Chalmin\",\"@id\":\"https:\/\/greenwichmeridien.fr\/blog\/#\/schema\/person\/3c864cdc320801e3db34b663e7e3f816\"},\"headline\":\"Les grandes d\u00e9couvertes scientifiques fran\u00e7aises\",\"datePublished\":\"2025-05-23T07:55:39+00:00\",\"mainEntityOfPage\":{\"@id\":\"https:\/\/greenwichmeridien.fr\/blog\/a-la-une\/les-grandes-decouvertes-scientifiques-francaises\/\"},\"wordCount\":1565,\"commentCount\":0,\"publisher\":{\"@id\":\"https:\/\/greenwichmeridien.fr\/blog\/#organization\"},\"image\":{\"@id\":\"https:\/\/greenwichmeridien.fr\/blog\/a-la-une\/les-grandes-decouvertes-scientifiques-francaises\/#primaryimage\"},\"thumbnailUrl\":\"https:\/\/greenwichmeridien.fr\/blog\/wp-content\/uploads\/2025\/06\/sdxl-e1c32929c3cf98ff96c95c61abc6971a-scaled.png\",\"articleSection\":[\"\u00c0 la une\"],\"inLanguage\":\"fr-FR\",\"potentialAction\":[{\"@type\":\"CommentAction\",\"name\":\"Comment\",\"target\":[\"https:\/\/greenwichmeridien.fr\/blog\/a-la-une\/les-grandes-decouvertes-scientifiques-francaises\/#respond\"]}]},{\"@type\":\"WebPage\",\"@id\":\"https:\/\/greenwichmeridien.fr\/blog\/a-la-une\/les-grandes-decouvertes-scientifiques-francaises\/\",\"url\":\"https:\/\/greenwichmeridien.fr\/blog\/a-la-une\/les-grandes-decouvertes-scientifiques-francaises\/\",\"name\":\"Les grandes d\u00e9couvertes scientifiques fran\u00e7aises\",\"isPartOf\":{\"@id\":\"https:\/\/greenwichmeridien.fr\/blog\/#website\"},\"primaryImageOfPage\":{\"@id\":\"https:\/\/greenwichmeridien.fr\/blog\/a-la-une\/les-grandes-decouvertes-scientifiques-francaises\/#primaryimage\"},\"image\":{\"@id\":\"https:\/\/greenwichmeridien.fr\/blog\/a-la-une\/les-grandes-decouvertes-scientifiques-francaises\/#primaryimage\"},\"thumbnailUrl\":\"https:\/\/greenwichmeridien.fr\/blog\/wp-content\/uploads\/2025\/06\/sdxl-e1c32929c3cf98ff96c95c61abc6971a-scaled.png\",\"datePublished\":\"2025-05-23T07:55:39+00:00\",\"description\":\"La France, au fil des si\u00e8cles, a \u00e9t\u00e9 le berceau de nombreuses d\u00e9couvertes scientifiques qui ont profond\u00e9ment influenc\u00e9 l'\u00e9volution des connaissances\",\"inLanguage\":\"fr-FR\",\"potentialAction\":[{\"@type\":\"ReadAction\",\"target\":[\"https:\/\/greenwichmeridien.fr\/blog\/a-la-une\/les-grandes-decouvertes-scientifiques-francaises\/\"]}]},{\"@type\":\"ImageObject\",\"inLanguage\":\"fr-FR\",\"@id\":\"https:\/\/greenwichmeridien.fr\/blog\/a-la-une\/les-grandes-decouvertes-scientifiques-francaises\/#primaryimage\",\"url\":\"https:\/\/greenwichmeridien.fr\/blog\/wp-content\/uploads\/2025\/06\/sdxl-e1c32929c3cf98ff96c95c61abc6971a-scaled.png\",\"contentUrl\":\"https:\/\/greenwichmeridien.fr\/blog\/wp-content\/uploads\/2025\/06\/sdxl-e1c32929c3cf98ff96c95c61abc6971a-scaled.png\",\"width\":1200,\"height\":500},{\"@type\":\"WebSite\",\"@id\":\"https:\/\/greenwichmeridien.fr\/blog\/#website\",\"url\":\"https:\/\/greenwichmeridien.fr\/blog\/\",\"name\":\"Greenwich M\u00e9ridien\",\"description\":\"Greenwich M\u00e9ridien, le rep\u00e8re du temps et du voyage\",\"publisher\":{\"@id\":\"https:\/\/greenwichmeridien.fr\/blog\/#organization\"},\"alternateName\":\"Greenwich M\u00e9ridien, le rep\u00e8re du temps et du voyage\",\"potentialAction\":[{\"@type\":\"SearchAction\",\"target\":{\"@type\":\"EntryPoint\",\"urlTemplate\":\"https:\/\/greenwichmeridien.fr\/blog\/?s={search_term_string}\"},\"query-input\":{\"@type\":\"PropertyValueSpecification\",\"valueRequired\":true,\"valueName\":\"search_term_string\"}}],\"inLanguage\":\"fr-FR\"},{\"@type\":\"Organization\",\"@id\":\"https:\/\/greenwichmeridien.fr\/blog\/#organization\",\"name\":\"Greenwich M\u00e9ridien\",\"alternateName\":\"Greenwich M\u00e9ridien\",\"url\":\"https:\/\/greenwichmeridien.fr\/blog\/\",\"logo\":{\"@type\":\"ImageObject\",\"inLanguage\":\"fr-FR\",\"@id\":\"https:\/\/greenwichmeridien.fr\/blog\/#\/schema\/logo\/image\/\",\"url\":\"https:\/\/greenwichmeridien.fr\/blog\/wp-content\/uploads\/2024\/12\/greenwichmeridien.png\",\"contentUrl\":\"https:\/\/greenwichmeridien.fr\/blog\/wp-content\/uploads\/2024\/12\/greenwichmeridien.png\",\"width\":500,\"height\":500,\"caption\":\"Greenwich M\u00e9ridien\"},\"image\":{\"@id\":\"https:\/\/greenwichmeridien.fr\/blog\/#\/schema\/logo\/image\/\"}},{\"@type\":\"Person\",\"@id\":\"https:\/\/greenwichmeridien.fr\/blog\/#\/schema\/person\/3c864cdc320801e3db34b663e7e3f816\",\"name\":\"Samuel Chalmin\",\"image\":{\"@type\":\"ImageObject\",\"inLanguage\":\"fr-FR\",\"@id\":\"https:\/\/greenwichmeridien.fr\/blog\/#\/schema\/person\/image\/\",\"url\":\"https:\/\/secure.gravatar.com\/avatar\/cef3677de7d237273d13053728f9470818581a8a27d9bf6f5039fd18508a905f?s=96&d=mm&r=g\",\"contentUrl\":\"https:\/\/secure.gravatar.com\/avatar\/cef3677de7d237273d13053728f9470818581a8a27d9bf6f5039fd18508a905f?s=96&d=mm&r=g\",\"caption\":\"Samuel Chalmin\"},\"description\":\"R\u00e9dacteur du site, il suit les questions de temps et de calendrier : m\u00e9ridien de Greenwich, heure GMT et UTC, fuseaux horaires, changement d'heure, ann\u00e9es bissextiles et jours f\u00e9ri\u00e9s.\",\"sameAs\":[\"https:\/\/samuelchalmin.fr\/\"],\"url\":\"https:\/\/greenwichmeridien.fr\/blog\/auteur\/noname\/\"}]}<\/script>\n<!-- \/ Yoast SEO Premium plugin. -->","yoast_head_json":{"title":"Les grandes d\u00e9couvertes scientifiques fran\u00e7aises","description":"La France, au fil des si\u00e8cles, a \u00e9t\u00e9 le berceau de nombreuses d\u00e9couvertes scientifiques qui ont profond\u00e9ment influenc\u00e9 l'\u00e9volution des connaissances","robots":{"index":"index","follow":"follow","max-snippet":"max-snippet:-1","max-image-preview":"max-image-preview:large","max-video-preview":"max-video-preview:-1"},"canonical":"https:\/\/greenwichmeridien.fr\/blog\/a-la-une\/les-grandes-decouvertes-scientifiques-francaises\/","og_locale":"fr_FR","og_type":"article","og_title":"Les grandes d\u00e9couvertes scientifiques fran\u00e7aises","og_description":"La France, au fil des si\u00e8cles, a \u00e9t\u00e9 le berceau de nombreuses d\u00e9couvertes scientifiques qui ont profond\u00e9ment influenc\u00e9 l'\u00e9volution des connaissances","og_url":"https:\/\/greenwichmeridien.fr\/blog\/a-la-une\/les-grandes-decouvertes-scientifiques-francaises\/","og_site_name":"greenwichmeridien","og_image":[{"width":1200,"height":500,"url":"https:\/\/greenwichmeridien.fr\/blog\/wp-content\/uploads\/2025\/06\/sdxl-e1c32929c3cf98ff96c95c61abc6971a-scaled.png","type":"image\/png"}],"author":"Samuel Chalmin","twitter_card":"summary_large_image","schema":{"@context":"https:\/\/schema.org","@graph":[{"@type":"NewsArticle","@id":"https:\/\/greenwichmeridien.fr\/blog\/a-la-une\/les-grandes-decouvertes-scientifiques-francaises\/#article","isPartOf":{"@id":"https:\/\/greenwichmeridien.fr\/blog\/a-la-une\/les-grandes-decouvertes-scientifiques-francaises\/"},"author":{"name":"Samuel Chalmin","@id":"https:\/\/greenwichmeridien.fr\/blog\/#\/schema\/person\/3c864cdc320801e3db34b663e7e3f816"},"headline":"Les grandes d\u00e9couvertes scientifiques fran\u00e7aises","datePublished":"2025-05-23T07:55:39+00:00","mainEntityOfPage":{"@id":"https:\/\/greenwichmeridien.fr\/blog\/a-la-une\/les-grandes-decouvertes-scientifiques-francaises\/"},"wordCount":1565,"commentCount":0,"publisher":{"@id":"https:\/\/greenwichmeridien.fr\/blog\/#organization"},"image":{"@id":"https:\/\/greenwichmeridien.fr\/blog\/a-la-une\/les-grandes-decouvertes-scientifiques-francaises\/#primaryimage"},"thumbnailUrl":"https:\/\/greenwichmeridien.fr\/blog\/wp-content\/uploads\/2025\/06\/sdxl-e1c32929c3cf98ff96c95c61abc6971a-scaled.png","articleSection":["\u00c0 la une"],"inLanguage":"fr-FR","potentialAction":[{"@type":"CommentAction","name":"Comment","target":["https:\/\/greenwichmeridien.fr\/blog\/a-la-une\/les-grandes-decouvertes-scientifiques-francaises\/#respond"]}]},{"@type":"WebPage","@id":"https:\/\/greenwichmeridien.fr\/blog\/a-la-une\/les-grandes-decouvertes-scientifiques-francaises\/","url":"https:\/\/greenwichmeridien.fr\/blog\/a-la-une\/les-grandes-decouvertes-scientifiques-francaises\/","name":"Les grandes d\u00e9couvertes scientifiques fran\u00e7aises","isPartOf":{"@id":"https:\/\/greenwichmeridien.fr\/blog\/#website"},"primaryImageOfPage":{"@id":"https:\/\/greenwichmeridien.fr\/blog\/a-la-une\/les-grandes-decouvertes-scientifiques-francaises\/#primaryimage"},"image":{"@id":"https:\/\/greenwichmeridien.fr\/blog\/a-la-une\/les-grandes-decouvertes-scientifiques-francaises\/#primaryimage"},"thumbnailUrl":"https:\/\/greenwichmeridien.fr\/blog\/wp-content\/uploads\/2025\/06\/sdxl-e1c32929c3cf98ff96c95c61abc6971a-scaled.png","datePublished":"2025-05-23T07:55:39+00:00","description":"La France, au fil des si\u00e8cles, a \u00e9t\u00e9 le berceau de nombreuses d\u00e9couvertes scientifiques qui ont profond\u00e9ment influenc\u00e9 l'\u00e9volution des connaissances","inLanguage":"fr-FR","potentialAction":[{"@type":"ReadAction","target":["https:\/\/greenwichmeridien.fr\/blog\/a-la-une\/les-grandes-decouvertes-scientifiques-francaises\/"]}]},{"@type":"ImageObject","inLanguage":"fr-FR","@id":"https:\/\/greenwichmeridien.fr\/blog\/a-la-une\/les-grandes-decouvertes-scientifiques-francaises\/#primaryimage","url":"https:\/\/greenwichmeridien.fr\/blog\/wp-content\/uploads\/2025\/06\/sdxl-e1c32929c3cf98ff96c95c61abc6971a-scaled.png","contentUrl":"https:\/\/greenwichmeridien.fr\/blog\/wp-content\/uploads\/2025\/06\/sdxl-e1c32929c3cf98ff96c95c61abc6971a-scaled.png","width":1200,"height":500},{"@type":"WebSite","@id":"https:\/\/greenwichmeridien.fr\/blog\/#website","url":"https:\/\/greenwichmeridien.fr\/blog\/","name":"Greenwich M\u00e9ridien","description":"Greenwich M\u00e9ridien, le rep\u00e8re du temps et du voyage","publisher":{"@id":"https:\/\/greenwichmeridien.fr\/blog\/#organization"},"alternateName":"Greenwich M\u00e9ridien, le rep\u00e8re du temps et du voyage","potentialAction":[{"@type":"SearchAction","target":{"@type":"EntryPoint","urlTemplate":"https:\/\/greenwichmeridien.fr\/blog\/?s={search_term_string}"},"query-input":{"@type":"PropertyValueSpecification","valueRequired":true,"valueName":"search_term_string"}}],"inLanguage":"fr-FR"},{"@type":"Organization","@id":"https:\/\/greenwichmeridien.fr\/blog\/#organization","name":"Greenwich M\u00e9ridien","alternateName":"Greenwich M\u00e9ridien","url":"https:\/\/greenwichmeridien.fr\/blog\/","logo":{"@type":"ImageObject","inLanguage":"fr-FR","@id":"https:\/\/greenwichmeridien.fr\/blog\/#\/schema\/logo\/image\/","url":"https:\/\/greenwichmeridien.fr\/blog\/wp-content\/uploads\/2024\/12\/greenwichmeridien.png","contentUrl":"https:\/\/greenwichmeridien.fr\/blog\/wp-content\/uploads\/2024\/12\/greenwichmeridien.png","width":500,"height":500,"caption":"Greenwich M\u00e9ridien"},"image":{"@id":"https:\/\/greenwichmeridien.fr\/blog\/#\/schema\/logo\/image\/"}},{"@type":"Person","@id":"https:\/\/greenwichmeridien.fr\/blog\/#\/schema\/person\/3c864cdc320801e3db34b663e7e3f816","name":"Samuel Chalmin","image":{"@type":"ImageObject","inLanguage":"fr-FR","@id":"https:\/\/greenwichmeridien.fr\/blog\/#\/schema\/person\/image\/","url":"https:\/\/secure.gravatar.com\/avatar\/cef3677de7d237273d13053728f9470818581a8a27d9bf6f5039fd18508a905f?s=96&d=mm&r=g","contentUrl":"https:\/\/secure.gravatar.com\/avatar\/cef3677de7d237273d13053728f9470818581a8a27d9bf6f5039fd18508a905f?s=96&d=mm&r=g","caption":"Samuel Chalmin"},"description":"R\u00e9dacteur du site, il suit les questions de temps et de calendrier : m\u00e9ridien de Greenwich, heure GMT et UTC, fuseaux horaires, changement d'heure, ann\u00e9es bissextiles et jours f\u00e9ri\u00e9s.","sameAs":["https:\/\/samuelchalmin.fr\/"],"url":"https:\/\/greenwichmeridien.fr\/blog\/auteur\/noname\/"}]}},"_links":{"self":[{"href":"https:\/\/greenwichmeridien.fr\/blog\/wp-json\/wp\/v2\/posts\/7410","targetHints":{"allow":["GET"]}}],"collection":[{"href":"https:\/\/greenwichmeridien.fr\/blog\/wp-json\/wp\/v2\/posts"}],"about":[{"href":"https:\/\/greenwichmeridien.fr\/blog\/wp-json\/wp\/v2\/types\/post"}],"author":[{"embeddable":true,"href":"https:\/\/greenwichmeridien.fr\/blog\/wp-json\/wp\/v2\/users\/34"}],"replies":[{"embeddable":true,"href":"https:\/\/greenwichmeridien.fr\/blog\/wp-json\/wp\/v2\/comments?post=7410"}],"version-history":[{"count":0,"href":"https:\/\/greenwichmeridien.fr\/blog\/wp-json\/wp\/v2\/posts\/7410\/revisions"}],"wp:featuredmedia":[{"embeddable":true,"href":"https:\/\/greenwichmeridien.fr\/blog\/wp-json\/wp\/v2\/media\/7428"}],"wp:attachment":[{"href":"https:\/\/greenwichmeridien.fr\/blog\/wp-json\/wp\/v2\/media?parent=7410"}],"wp:term":[{"taxonomy":"category","embeddable":true,"href":"https:\/\/greenwichmeridien.fr\/blog\/wp-json\/wp\/v2\/categories?post=7410"},{"taxonomy":"post_tag","embeddable":true,"href":"https:\/\/greenwichmeridien.fr\/blog\/wp-json\/wp\/v2\/tags?post=7410"}],"curies":[{"name":"wp","href":"https:\/\/api.w.org\/{rel}","templated":true}]}}