{"id":7411,"date":"2025-05-23T09:56:09","date_gmt":"2025-05-23T07:56:09","guid":{"rendered":"https:\/\/greenwichmeridien.fr\/blog\/a-la-une\/les-recits-de-voyageurs-celebres\/"},"modified":"2025-05-23T09:56:09","modified_gmt":"2025-05-23T07:56:09","slug":"les-recits-de-voyageurs-celebres","status":"publish","type":"post","link":"https:\/\/greenwichmeridien.fr\/blog\/a-la-une\/les-recits-de-voyageurs-celebres\/","title":{"rendered":"Les r\u00e9cits de voyageurs c\u00e9l\u00e8bres"},"content":{"rendered":"<p class=\"wp-block-paragraph\">\u00c0 travers les si\u00e8cles, les r\u00e9cits de voyageurs c\u00e9l\u00e8bres ont enflamm\u00e9 notre imagination. Ces aventuriers audacieux ont brav\u00e9 des territoires inconnus, offrant au monde leur vision des contr\u00e9es lointaines et des peuples divers. Chacune de leurs exp\u00e9ditions nous transmet une richesse culturelle inestimable. Que ce soit par des livres ou des r\u00e9cits oraux, ces explorateurs ont contribu\u00e9 \u00e0 \u00e9largir nos horizons. Aujourd&rsquo;hui, leur h\u00e9ritage continue d&rsquo;inspirer ceux qui se lancent dans des qu\u00eates similaires. Explorons ces r\u00e9cits qui ont marqu\u00e9 l&rsquo;histoire.<\/p>\n\n<h2 class=\"wp-block-heading\">L&rsquo;h\u00e9ritage des grands explorateurs : Marco Polo et Ibn Battuta<\/h2>\n\n<p class=\"wp-block-paragraph\">Les r\u00e9cits de Marco Polo et d&rsquo;Ibn Battuta figurent parmi les plus embl\u00e9matiques dans l&rsquo;histoire des explorateurs. Marco Polo, ce v\u00e9nitien qui a voyag\u00e9 en Chine au 13e si\u00e8cle, a laiss\u00e9 un t\u00e9moignage fascinant dans son ouvrage \u00ab\u00a0Le Livre des merveilles\u00a0\u00bb. Il a ouvert une fen\u00eatre sur un monde extr\u00eamement vaste et diversifi\u00e9. Sa description des merveilles de la cour de Kublai Khan a captiv\u00e9 l&rsquo;imagination des Europ\u00e9ens, leur faisant d\u00e9couvrir les richesses de l&rsquo;Orient, allant jusqu&rsquo;\u00e0 influencer l&rsquo;\u00e8re des grandes d\u00e9couvertes.<\/p>\n\n<p class=\"wp-block-paragraph\">D&rsquo;un autre c\u00f4t\u00e9, Ibn Battuta, souvent consid\u00e9r\u00e9 comme le plus grand voyageur du Moyen \u00c2ge, est parti d&rsquo;une ville marocaine. Sur une p\u00e9riode de 30 ans, il a parcouru environ 120 000 kilom\u00e8tres, \u00e0 travers l&rsquo;Afrique, l&rsquo;Asie, et m\u00eame jusqu&rsquo;en Europe. Dans son \u0153uvre \u00ab\u00a0Le Rihla\u00a0\u00bb, il d\u00e9crit non seulement les itin\u00e9raires emprunt\u00e9s, mais aussi les cultures rencontr\u00e9es. Ses r\u00e9cits sont devenus une ressource inestimable pour les historiens, \u00e9clairant des aspects m\u00e9connus de l&rsquo;Islam et des soci\u00e9t\u00e9s d&rsquo;alors.<\/p>\n\n<h3 class=\"wp-block-heading\">Les contributions culturelles des r\u00e9cits de voyage<\/h3>\n\n<p class=\"wp-block-paragraph\">Ces explorateurs ont fa\u00e7onn\u00e9 notre compr\u00e9hension du monde et contribu\u00e9 \u00e0 enrichir le patrimoine culturel commun. Leurs voyages ont permis d&rsquo;\u00e9tablir des \u00e9changes commerciaux et culturels qui perdurent encore aujourd&rsquo;hui. Voici quelques contributions significatives :<\/p>\n\n<ul class=\"wp-block-list\"><li><strong>Relations interculturelles :<\/strong> Les \u00e9changes entre l&rsquo;Orient et l&rsquo;Occident ont \u00e9t\u00e9 renforc\u00e9s gr\u00e2ce aux r\u00e9cits de ces explorateurs.<\/li><li><strong>Progr\u00e8s g\u00e9ographique :<\/strong> Les cartes du monde ont \u00e9t\u00e9 redessin\u00e9es \u00e0 la lumi\u00e8re de leurs d\u00e9couvertes, instaurant une meilleure compr\u00e9hension des distances et des r\u00e9gions.<\/li><li><strong>Inspirations litt\u00e9raires :<\/strong> Leurs narrations ont influenc\u00e9 des \u00e9crivains comme Jules Verne qui a puis\u00e9 dans leurs histoires pour ses propres romans d&rsquo;aventure.<\/li><\/ul>\n\n<p class=\"wp-block-paragraph\">Il est fascinant de constater comment leur h\u00e9ritage perdure, non seulement \u00e0 travers le temps, mais aussi dans les r\u00e9cits de nombreux \u00e9crivains voyageurs contemporains.<\/p>\n\n<figure class=\"is-provider-youtube is-type-video wp-block-embed wp-block-embed-youtube wp-embed-aspect-16-9 wp-has-aspect-ratio\"><div class=\"wp-block-embed__wrapper\">\n<iframe loading=\"lazy\" title=\"R\u00e9cits de Voyages - Un Jour Parfait - Livre Audio - J\u00e9r\u00f4me Pilette -\" width=\"1200\" height=\"900\" src=\"https:\/\/www.youtube.com\/embed\/f5Rg-8NvJKs?feature=oembed\" frameborder=\"0\" allow=\"accelerometer; autoplay; clipboard-write; encrypted-media; gyroscope; picture-in-picture; web-share\" referrerpolicy=\"strict-origin-when-cross-origin\" allowfullscreen><\/iframe>\n<\/div><\/figure>\n\n<h3 class=\"wp-block-heading\">Tableau r\u00e9capitulatif des contributions des explorateurs c\u00e9l\u00e8bres<\/h3>\n\n<figure class=\"wp-block-table\"><table>\n<thead>\n<tr>\n<th>Explorateur<\/th>\n<th>P\u00e9riode<\/th>\n<th>Lieu de voyage<\/th>\n<th>Oeuvre<\/th>\n<\/tr>\n<\/thead>\n<tbody>\n<tr>\n<td>Marco Polo<\/td>\n<td>1254-1324<\/td>\n<td>Asie<\/td>\n<td>Le Livre des merveilles<\/td>\n<\/tr>\n<tr>\n<td>Ibn Battuta<\/td>\n<td>1304-1369<\/td>\n<td>African &amp; Asia<\/td>\n<td>Le Rihla<\/td>\n<\/tr>\n<tr>\n<td>Alexandra David-N\u00e9el<\/td>\n<td>1868-1969<\/td>\n<td>Tibet<\/td>\n<td>Voyage d\u2019une parisienne \u00e0 Lhassa<\/td>\n<\/tr>\n<\/tbody>\n<\/table><\/figure>\n\n<h2 class=\"wp-block-heading\">Les r\u00e9cits des femmes voyageuses qui ont chang\u00e9 le monde<\/h2>\n\n<p class=\"wp-block-paragraph\">Le paysage des explorations ne serait pas complet sans mentionner les femmes qui ont \u00e9galement marqu\u00e9 l&rsquo;histoire par leurs voyages. Des figures embl\u00e9matiques comme <strong>Alexandra David-N\u00e9el<\/strong> et <strong>Isabel Godin des Odonais<\/strong> ont d\u00e9fi\u00e9 les normes de leur \u00e9poque et ont ouvert la voie \u00e0 d&rsquo;autres aventuri\u00e8res.<\/p>\n\n<p class=\"wp-block-paragraph\">Alexandra David-N\u00e9el, par exemple, a entrepris un voyage audacieux au Tibet \u00e0 une \u00e9poque o\u00f9 peu de femmes occidentales y \u00e9taient accept\u00e9es. Son livre \u00ab\u00a0Voyage d&rsquo;une parisienne \u00e0 Lhassa\u00a0\u00bb nous offre un aper\u00e7u unique de la culture tib\u00e9taine ainsi que des rituels bouddhistes. Son courage et sa d\u00e9termination \u00e0 explorer des territoires inconnus ont \u00e9t\u00e9 une source d&rsquo;inspiration pour des g\u00e9n\u00e9rations de femmes.<\/p>\n\n<p class=\"wp-block-paragraph\">Isabel Godin des Odonais, quant \u00e0 elle, a v\u00e9cu une v\u00e9ritable odyss\u00e9e au XVIIIe si\u00e8cle en traversant les profondeurs de l&rsquo;Amazonie. Sa travers\u00e9e, face \u00e0 de nombreux dangers, met en lumi\u00e8re non seulement sa t\u00e9m\u00e9rit\u00e9, mais aussi la qu\u00eate de connaissance qui habitait ces pionni\u00e8res. Ces femmes ont non seulement explor\u00e9 des terres inconnues, mais elles ont aussi challeng\u00e9 les normes de genre de leur \u00e9poque. Voici quelques points cl\u00e9s les concernant :<\/p>\n\n<ul class=\"wp-block-list\"><li><strong>Briser les st\u00e9r\u00e9otypes :<\/strong> Elles ont montr\u00e9 que le voyage et l&rsquo;aventure ne sont pas r\u00e9serv\u00e9s aux hommes.<\/li><li><strong>R\u00e9cits peu c\u00e9l\u00e9br\u00e9s :<\/strong> Leurs histoires sont souvent moins connues, mais tout aussi captivantes et enrichissantes.<\/li><li><strong>Inspiratrices :<\/strong> Elles ont encourag\u00e9 des g\u00e9n\u00e9rations de femmes \u00e0 poursuivre leurs r\u00eaves, quelles que soient les attentes soci\u00e9tales.<\/li><\/ul>\n\n<h3 class=\"wp-block-heading\">Les \u00e9crivaines voyageuses modernes<\/h3>\n\n<p class=\"wp-block-paragraph\">Les r\u00e9cits d\u2019aujourd\u2019hui continuent d&rsquo;encourager la d\u00e9couverte chez les femmes. Des auteures contemporaines comme <strong>Sarah Marquis<\/strong> et <strong>Sylvain Tesson<\/strong> nous transportent dans leurs p\u00e9riples. Leur passion pour l&rsquo;exploration et leur d\u00e9sir de partager leur vision du monde r\u00e9sonnent encore puissamment.<\/p>\n\n<figure class=\"is-provider-youtube is-type-video wp-block-embed wp-block-embed-youtube wp-embed-aspect-16-9 wp-has-aspect-ratio\"><div class=\"wp-block-embed__wrapper\">\nhttps:\/\/www.youtube.com\/watch?v=p-K91WMeNqY\n<\/div><\/figure>\n\n<h3 class=\"wp-block-heading\">Tableau des personnalit\u00e9s f\u00e9minines embl\u00e9matiques de l&rsquo;exploration<\/h3>\n\n<figure class=\"wp-block-table\"><table>\n<thead>\n<tr>\n<th>Auteure<\/th>\n<th>P\u00e9riode<\/th>\n<th>Destination<\/th>\n<th>Oeuvre notable<\/th>\n<\/tr>\n<\/thead>\n<tbody>\n<tr>\n<td>Alexandra David-N\u00e9el<\/td>\n<td>1900s<\/td>\n<td>Tibet<\/td>\n<td>Voyage d\u2019une parisienne \u00e0 Lhassa<\/td>\n<\/tr>\n<tr>\n<td>Isabel Godin des Odonais<\/td>\n<td>1700s<\/td>\n<td>Amazonie<\/td>\n<td>Un r\u00e9cit de son aventure<\/td>\n<\/tr>\n<tr>\n<td>Sarah Marquis<\/td>\n<td>2000s<\/td>\n<td>Australie, Sib\u00e9rie<\/td>\n<td>Sauvage par Nature<\/td>\n<\/tr>\n<\/tbody>\n<\/table><\/figure>\n\n<h2 class=\"wp-block-heading\">Des r\u00e9cits de voyage qui d\u00e9fient les limites<\/h2>\n\n<p class=\"wp-block-paragraph\">Les r\u00e9cits de voyage modernes sont \u00e9galement marqu\u00e9s par des personnalit\u00e9s audacieuses comme <strong>Nicolas Vanier<\/strong> et <strong>Mike Horn<\/strong>, qui continuent de d\u00e9fier les limites physiques et mentales. Leurs aventures passionnantes nous rappellent l&rsquo;importance de la pr\u00e9servation de la faune et des \u00e9cosyst\u00e8mes. Aujourd&rsquo;hui, ils mobilisent public et m\u00e9dias autour des enjeux environnementaux.<\/p>\n\n<p class=\"wp-block-paragraph\">Nicolas Vanier, par exemple, a fait le tour du Grand Nord \u00e0 travers des exp\u00e9ditions \u00e0 pied et en cano\u00eb. Reconnu pour son engagement envers la nature, il utilise ses r\u00e9cits pour conscientiser sur les enjeux \u00e9cologiques majeurs que nous rencontrons. \u00c0 travers ses \u0153uvres, il nous encourage \u00e0 appr\u00e9cier la beaut\u00e9 de notre plan\u00e8te tout en la prot\u00e9geant.<\/p>\n\n<p class=\"wp-block-paragraph\">Mike Horn, c\u00e9l\u00e8bre aventurier sud-africain, est connu pour ses explorations des p\u00f4les et ses projets ambitieux. Ses r\u00e9cits r\u00e9v\u00e8lent la puissance de la r\u00e9silience humaine face aux \u00e9l\u00e9ments et \u00e0 l&rsquo;adversit\u00e9. Leurs histoires, narr\u00e9es dans des ouvrages captivants, plongent le lecteur dans un monde o\u00f9 le respect de la nature est primordial.<\/p>\n\n<h3 class=\"wp-block-heading\">Impact des r\u00e9cits modernes<\/h3>\n\n<p class=\"wp-block-paragraph\">Les r\u00e9cits contemporains de voyageurs sont essentiels \u00e0 la compr\u00e9hension et \u00e0 l&rsquo;exploration de l&rsquo;environnement actuel. Voici quelques impacts significatifs :<\/p>\n\n<ul class=\"wp-block-list\"><li><strong>Conscience \u00e9cologique :<\/strong> Ces voyages attirent l&rsquo;attention sur les questions environnementales.<\/li><li><strong>\u00c9ducation :<\/strong> Ils servent de moyen pour \u00e9duquer le public sur la biodiversit\u00e9 et les \u00e9cosyst\u00e8mes fragiles.<\/li><li><strong>Inspiration :<\/strong> Ils poussent de nombreux lecteurs \u00e0 explorer et \u00e0 appr\u00e9cier la nature.<\/li><\/ul>\n\n<figure class=\"is-provider-youtube is-type-video wp-block-embed wp-block-embed-youtube wp-embed-aspect-16-9 wp-has-aspect-ratio\"><div class=\"wp-block-embed__wrapper\">\n<iframe loading=\"lazy\" title=\"NO RESCUE: The Final Voyage of Fishing Trawler Adriana...\" width=\"1200\" height=\"675\" src=\"https:\/\/www.youtube.com\/embed\/Gb5WYjUnaPI?feature=oembed\" frameborder=\"0\" allow=\"accelerometer; autoplay; clipboard-write; encrypted-media; gyroscope; picture-in-picture; web-share\" referrerpolicy=\"strict-origin-when-cross-origin\" allowfullscreen><\/iframe>\n<\/div><\/figure>\n\n<h3 class=\"wp-block-heading\">Tableau comparatif des explorations modernes<\/h3>\n\n<figure class=\"wp-block-table\"><table>\n<thead>\n<tr>\n<th>Explorateur<\/th>\n<th>P\u00e9riode<\/th>\n<th>Type d&rsquo;exp\u00e9dition<\/th>\n<th>Oeuvre notable<\/th>\n<\/tr>\n<\/thead>\n<tbody>\n<tr>\n<td>Nicolas Vanier<\/td>\n<td>2000s<\/td>\n<td>Grand Nord<\/td>\n<td>Odyss\u00e9e Sauvage<\/td>\n<\/tr>\n<tr>\n<td>Mike Horn<\/td>\n<td>2000s<\/td>\n<td>P\u00f4les<\/td>\n<td>Exp\u00e9ditions et d\u00e9fis<\/td>\n<\/tr>\n<tr>\n<td>Sylvain Tesson<\/td>\n<td>2000s<\/td>\n<td>Prix litt\u00e9raire<\/td>\n<td>R\u00e9cits de voyages<\/td>\n<\/tr>\n<\/tbody>\n<\/table><\/figure>\n\n<h2 class=\"wp-block-heading\">Les r\u00e9cits qui interpellent : Litt\u00e9rature et voyages<\/h2>\n\n<p class=\"wp-block-paragraph\">La litt\u00e9rature de voyage est indissociable de ces explorations. Des \u00e9crivains tels qu&rsquo;Antoine de Saint-Exup\u00e9ry et Ernest Hemingway ont transcend\u00e9 les r\u00e9cits d&rsquo;aventure pour aborder des th\u00e9matiques universelles. Leurs \u0153uvres \u00e9clairent les d\u00e9fis humains tout autant que les paysages qu&rsquo;ils d\u00e9crivent. Hemingway, par exemple, dans \u00ab\u00a0Travels with Charley\u00a0\u00bb, nous fait voyager \u00e0 travers les \u00c9tats-Unis. Avec lui, nous ressentons l&rsquo;\u00e9merveillement et la m\u00e9lancolie de ces escapades.<\/p>\n\n<p class=\"wp-block-paragraph\"><strong>Ernest Hemingway<\/strong> a su capter l&rsquo;esprit de l&rsquo;aventure, transmettant les \u00e9motions de l&rsquo;exploration. Il a c\u00e9l\u00e9br\u00e9 le voyage comme une qu\u00eate de soi, soulignant que chaque destination rec\u00e8le des le\u00e7ons pr\u00e9cieuses. D&rsquo;un autre c\u00f4t\u00e9, <strong>Antoine de Saint-Exup\u00e9ry<\/strong>, par ses r\u00e9cits sur l&rsquo;aviation et ses exp\u00e9riences de pilote, a insuffl\u00e9 une po\u00e9sie violence au voyage a\u00e9rien, r\u00e9v\u00e9lant la solitude et la beaut\u00e9 des cieux.<\/p>\n\n<p class=\"wp-block-paragraph\">Cette fusion de litt\u00e9rature et de voyage a fait na\u00eetre une riche tradition d&rsquo;\u00e9crits qui ont inspir\u00e9 des g\u00e9n\u00e9rations. \u00c0 travers leur plume, ces \u00e9crivains ont ouvert des voies de r\u00e9flexions existentielles tout en rendant hommage aux merveilles naturelles du monde.<\/p>\n\n<h3 class=\"wp-block-heading\">Les \u0153uvres litt\u00e9raires marquantes<\/h3>\n\n<p class=\"wp-block-paragraph\">Voici quelques \u00e9crits influents qui \u00e9tablissent un lien entre voyage et litt\u00e9rature :<\/p>\n\n<ul class=\"wp-block-list\"><li><strong>Voyage au bout de la nuit<\/strong> de Louis-Ferdinand C\u00e9line<\/li><li><strong>L\u2019Odyss\u00e9e<\/strong> d&rsquo;Hom\u00e8re<\/li><li><strong>Les aventures de Tintin<\/strong> par Herg\u00e9<\/li><li><strong>Sur la route<\/strong> de Jack Kerouac<\/li><\/ul>\n\n<h3 class=\"wp-block-heading\">Tableau des \u00e9crivains voyageurs et de leurs \u0153uvres<\/h3>\n\n<figure class=\"wp-block-table\"><table>\n<thead>\n<tr>\n<th>Auteur<\/th>\n<th>Oeuvre<\/th>\n<th>Th\u00e9matique centrale<\/th>\n<\/tr>\n<\/thead>\n<tbody>\n<tr>\n<td>Antoine de Saint-Exup\u00e9ry<\/td>\n<td>Le Petit Prince<\/td>\n<td>Amiti\u00e9 et exploration<\/td>\n<\/tr>\n<tr>\n<td>Ernest Hemingway<\/td>\n<td>Travels with Charley<\/td>\n<td>Recherche de soi<\/td>\n<\/tr>\n<tr>\n<td>Paul Theroux<\/td>\n<td>Le Grand Voyage<\/td>\n<td>Aventure et d\u00e9couverte<\/td>\n<\/tr>\n<\/tbody>\n<\/table><\/figure>\n\n","protected":false},"excerpt":{"rendered":"","protected":false},"author":34,"featured_media":7427,"comment_status":"open","ping_status":"open","sticky":false,"template":"","format":"standard","meta":{"_acf_changed":false,"manual_indexmenow":false,"indexmenow_id_project":0,"footnotes":""},"categories":[1],"tags":[],"class_list":["post-7411","post","type-post","status-publish","format-standard","has-post-thumbnail","hentry","category-a-la-une","generate-columns","tablet-grid-50","mobile-grid-100","grid-parent","grid-25"],"acf":[],"yoast_head":"<!-- This site is optimized with the Yoast SEO Premium plugin v21.3 (Yoast SEO v25.6) - https:\/\/yoast.com\/wordpress\/plugins\/seo\/ -->\n<title>Voyages d&#039;exception : le t\u00e9moignage des grands explorateurs<\/title>\n<meta name=\"description\" content=\"\u00c0 travers les si\u00e8cles, les r\u00e9cits de voyageurs c\u00e9l\u00e8bres ont enflamm\u00e9 notre imagination. Ces aventuriers audacieux ont brav\u00e9 des territoires inconnus\" \/>\n<meta name=\"robots\" content=\"index, follow, max-snippet:-1, max-image-preview:large, max-video-preview:-1\" \/>\n<link rel=\"canonical\" href=\"https:\/\/greenwichmeridien.fr\/blog\/a-la-une\/les-recits-de-voyageurs-celebres\/\" \/>\n<meta property=\"og:locale\" content=\"fr_FR\" \/>\n<meta property=\"og:type\" content=\"article\" \/>\n<meta property=\"og:title\" content=\"Voyages d&#039;exception : le t\u00e9moignage des grands explorateurs\" \/>\n<meta property=\"og:description\" content=\"\u00c0 travers les si\u00e8cles, les r\u00e9cits de voyageurs c\u00e9l\u00e8bres ont enflamm\u00e9 notre imagination. Ces aventuriers audacieux ont brav\u00e9 des territoires inconnus\" \/>\n<meta property=\"og:url\" content=\"https:\/\/greenwichmeridien.fr\/blog\/a-la-une\/les-recits-de-voyageurs-celebres\/\" \/>\n<meta property=\"og:site_name\" content=\"greenwichmeridien\" \/>\n<meta property=\"og:image\" content=\"https:\/\/greenwichmeridien.fr\/blog\/wp-content\/uploads\/2025\/06\/sdxl-2db43e5aaf081c3364f923be2fd178e0-scaled.png\" \/>\n\t<meta property=\"og:image:width\" content=\"1200\" \/>\n\t<meta property=\"og:image:height\" content=\"500\" \/>\n\t<meta property=\"og:image:type\" content=\"image\/png\" \/>\n<meta name=\"author\" content=\"Samuel Chalmin\" \/>\n<meta name=\"twitter:card\" content=\"summary_large_image\" \/>\n<script type=\"application\/ld+json\" class=\"yoast-schema-graph\">{\"@context\":\"https:\/\/schema.org\",\"@graph\":[{\"@type\":\"NewsArticle\",\"@id\":\"https:\/\/greenwichmeridien.fr\/blog\/a-la-une\/les-recits-de-voyageurs-celebres\/#article\",\"isPartOf\":{\"@id\":\"https:\/\/greenwichmeridien.fr\/blog\/a-la-une\/les-recits-de-voyageurs-celebres\/\"},\"author\":{\"name\":\"Samuel Chalmin\",\"@id\":\"https:\/\/greenwichmeridien.fr\/blog\/#\/schema\/person\/3c864cdc320801e3db34b663e7e3f816\"},\"headline\":\"Les r\u00e9cits de voyageurs c\u00e9l\u00e8bres\",\"datePublished\":\"2025-05-23T07:56:09+00:00\",\"mainEntityOfPage\":{\"@id\":\"https:\/\/greenwichmeridien.fr\/blog\/a-la-une\/les-recits-de-voyageurs-celebres\/\"},\"wordCount\":1493,\"commentCount\":0,\"publisher\":{\"@id\":\"https:\/\/greenwichmeridien.fr\/blog\/#organization\"},\"image\":{\"@id\":\"https:\/\/greenwichmeridien.fr\/blog\/a-la-une\/les-recits-de-voyageurs-celebres\/#primaryimage\"},\"thumbnailUrl\":\"https:\/\/greenwichmeridien.fr\/blog\/wp-content\/uploads\/2025\/06\/sdxl-2db43e5aaf081c3364f923be2fd178e0-scaled.png\",\"articleSection\":[\"\u00c0 la une\"],\"inLanguage\":\"fr-FR\",\"potentialAction\":[{\"@type\":\"CommentAction\",\"name\":\"Comment\",\"target\":[\"https:\/\/greenwichmeridien.fr\/blog\/a-la-une\/les-recits-de-voyageurs-celebres\/#respond\"]}]},{\"@type\":\"WebPage\",\"@id\":\"https:\/\/greenwichmeridien.fr\/blog\/a-la-une\/les-recits-de-voyageurs-celebres\/\",\"url\":\"https:\/\/greenwichmeridien.fr\/blog\/a-la-une\/les-recits-de-voyageurs-celebres\/\",\"name\":\"Voyages d'exception : le t\u00e9moignage des grands explorateurs\",\"isPartOf\":{\"@id\":\"https:\/\/greenwichmeridien.fr\/blog\/#website\"},\"primaryImageOfPage\":{\"@id\":\"https:\/\/greenwichmeridien.fr\/blog\/a-la-une\/les-recits-de-voyageurs-celebres\/#primaryimage\"},\"image\":{\"@id\":\"https:\/\/greenwichmeridien.fr\/blog\/a-la-une\/les-recits-de-voyageurs-celebres\/#primaryimage\"},\"thumbnailUrl\":\"https:\/\/greenwichmeridien.fr\/blog\/wp-content\/uploads\/2025\/06\/sdxl-2db43e5aaf081c3364f923be2fd178e0-scaled.png\",\"datePublished\":\"2025-05-23T07:56:09+00:00\",\"description\":\"\u00c0 travers les si\u00e8cles, les r\u00e9cits de voyageurs c\u00e9l\u00e8bres ont enflamm\u00e9 notre imagination. Ces aventuriers audacieux ont brav\u00e9 des territoires inconnus\",\"inLanguage\":\"fr-FR\",\"potentialAction\":[{\"@type\":\"ReadAction\",\"target\":[\"https:\/\/greenwichmeridien.fr\/blog\/a-la-une\/les-recits-de-voyageurs-celebres\/\"]}]},{\"@type\":\"ImageObject\",\"inLanguage\":\"fr-FR\",\"@id\":\"https:\/\/greenwichmeridien.fr\/blog\/a-la-une\/les-recits-de-voyageurs-celebres\/#primaryimage\",\"url\":\"https:\/\/greenwichmeridien.fr\/blog\/wp-content\/uploads\/2025\/06\/sdxl-2db43e5aaf081c3364f923be2fd178e0-scaled.png\",\"contentUrl\":\"https:\/\/greenwichmeridien.fr\/blog\/wp-content\/uploads\/2025\/06\/sdxl-2db43e5aaf081c3364f923be2fd178e0-scaled.png\",\"width\":1200,\"height\":500},{\"@type\":\"WebSite\",\"@id\":\"https:\/\/greenwichmeridien.fr\/blog\/#website\",\"url\":\"https:\/\/greenwichmeridien.fr\/blog\/\",\"name\":\"Greenwich M\u00e9ridien\",\"description\":\"Greenwich M\u00e9ridien, le rep\u00e8re du temps et du voyage\",\"publisher\":{\"@id\":\"https:\/\/greenwichmeridien.fr\/blog\/#organization\"},\"alternateName\":\"Greenwich M\u00e9ridien, le rep\u00e8re du temps et du voyage\",\"potentialAction\":[{\"@type\":\"SearchAction\",\"target\":{\"@type\":\"EntryPoint\",\"urlTemplate\":\"https:\/\/greenwichmeridien.fr\/blog\/?s={search_term_string}\"},\"query-input\":{\"@type\":\"PropertyValueSpecification\",\"valueRequired\":true,\"valueName\":\"search_term_string\"}}],\"inLanguage\":\"fr-FR\"},{\"@type\":\"Organization\",\"@id\":\"https:\/\/greenwichmeridien.fr\/blog\/#organization\",\"name\":\"Greenwich M\u00e9ridien\",\"alternateName\":\"Greenwich M\u00e9ridien\",\"url\":\"https:\/\/greenwichmeridien.fr\/blog\/\",\"logo\":{\"@type\":\"ImageObject\",\"inLanguage\":\"fr-FR\",\"@id\":\"https:\/\/greenwichmeridien.fr\/blog\/#\/schema\/logo\/image\/\",\"url\":\"https:\/\/greenwichmeridien.fr\/blog\/wp-content\/uploads\/2024\/12\/greenwichmeridien.png\",\"contentUrl\":\"https:\/\/greenwichmeridien.fr\/blog\/wp-content\/uploads\/2024\/12\/greenwichmeridien.png\",\"width\":500,\"height\":500,\"caption\":\"Greenwich M\u00e9ridien\"},\"image\":{\"@id\":\"https:\/\/greenwichmeridien.fr\/blog\/#\/schema\/logo\/image\/\"}},{\"@type\":\"Person\",\"@id\":\"https:\/\/greenwichmeridien.fr\/blog\/#\/schema\/person\/3c864cdc320801e3db34b663e7e3f816\",\"name\":\"Samuel Chalmin\",\"image\":{\"@type\":\"ImageObject\",\"inLanguage\":\"fr-FR\",\"@id\":\"https:\/\/greenwichmeridien.fr\/blog\/#\/schema\/person\/image\/\",\"url\":\"https:\/\/secure.gravatar.com\/avatar\/cef3677de7d237273d13053728f9470818581a8a27d9bf6f5039fd18508a905f?s=96&d=mm&r=g\",\"contentUrl\":\"https:\/\/secure.gravatar.com\/avatar\/cef3677de7d237273d13053728f9470818581a8a27d9bf6f5039fd18508a905f?s=96&d=mm&r=g\",\"caption\":\"Samuel Chalmin\"},\"description\":\"R\u00e9dacteur du site, il suit les questions de temps et de calendrier : m\u00e9ridien de Greenwich, heure GMT et UTC, fuseaux horaires, changement d'heure, ann\u00e9es bissextiles et jours f\u00e9ri\u00e9s.\",\"sameAs\":[\"https:\/\/samuelchalmin.fr\/\"],\"url\":\"https:\/\/greenwichmeridien.fr\/blog\/auteur\/noname\/\"}]}<\/script>\n<!-- \/ Yoast SEO Premium plugin. -->","yoast_head_json":{"title":"Voyages d'exception : le t\u00e9moignage des grands explorateurs","description":"\u00c0 travers les si\u00e8cles, les r\u00e9cits de voyageurs c\u00e9l\u00e8bres ont enflamm\u00e9 notre imagination. Ces aventuriers audacieux ont brav\u00e9 des territoires inconnus","robots":{"index":"index","follow":"follow","max-snippet":"max-snippet:-1","max-image-preview":"max-image-preview:large","max-video-preview":"max-video-preview:-1"},"canonical":"https:\/\/greenwichmeridien.fr\/blog\/a-la-une\/les-recits-de-voyageurs-celebres\/","og_locale":"fr_FR","og_type":"article","og_title":"Voyages d'exception : le t\u00e9moignage des grands explorateurs","og_description":"\u00c0 travers les si\u00e8cles, les r\u00e9cits de voyageurs c\u00e9l\u00e8bres ont enflamm\u00e9 notre imagination. Ces aventuriers audacieux ont brav\u00e9 des territoires inconnus","og_url":"https:\/\/greenwichmeridien.fr\/blog\/a-la-une\/les-recits-de-voyageurs-celebres\/","og_site_name":"greenwichmeridien","og_image":[{"width":1200,"height":500,"url":"https:\/\/greenwichmeridien.fr\/blog\/wp-content\/uploads\/2025\/06\/sdxl-2db43e5aaf081c3364f923be2fd178e0-scaled.png","type":"image\/png"}],"author":"Samuel Chalmin","twitter_card":"summary_large_image","schema":{"@context":"https:\/\/schema.org","@graph":[{"@type":"NewsArticle","@id":"https:\/\/greenwichmeridien.fr\/blog\/a-la-une\/les-recits-de-voyageurs-celebres\/#article","isPartOf":{"@id":"https:\/\/greenwichmeridien.fr\/blog\/a-la-une\/les-recits-de-voyageurs-celebres\/"},"author":{"name":"Samuel Chalmin","@id":"https:\/\/greenwichmeridien.fr\/blog\/#\/schema\/person\/3c864cdc320801e3db34b663e7e3f816"},"headline":"Les r\u00e9cits de voyageurs c\u00e9l\u00e8bres","datePublished":"2025-05-23T07:56:09+00:00","mainEntityOfPage":{"@id":"https:\/\/greenwichmeridien.fr\/blog\/a-la-une\/les-recits-de-voyageurs-celebres\/"},"wordCount":1493,"commentCount":0,"publisher":{"@id":"https:\/\/greenwichmeridien.fr\/blog\/#organization"},"image":{"@id":"https:\/\/greenwichmeridien.fr\/blog\/a-la-une\/les-recits-de-voyageurs-celebres\/#primaryimage"},"thumbnailUrl":"https:\/\/greenwichmeridien.fr\/blog\/wp-content\/uploads\/2025\/06\/sdxl-2db43e5aaf081c3364f923be2fd178e0-scaled.png","articleSection":["\u00c0 la une"],"inLanguage":"fr-FR","potentialAction":[{"@type":"CommentAction","name":"Comment","target":["https:\/\/greenwichmeridien.fr\/blog\/a-la-une\/les-recits-de-voyageurs-celebres\/#respond"]}]},{"@type":"WebPage","@id":"https:\/\/greenwichmeridien.fr\/blog\/a-la-une\/les-recits-de-voyageurs-celebres\/","url":"https:\/\/greenwichmeridien.fr\/blog\/a-la-une\/les-recits-de-voyageurs-celebres\/","name":"Voyages d'exception : le t\u00e9moignage des grands explorateurs","isPartOf":{"@id":"https:\/\/greenwichmeridien.fr\/blog\/#website"},"primaryImageOfPage":{"@id":"https:\/\/greenwichmeridien.fr\/blog\/a-la-une\/les-recits-de-voyageurs-celebres\/#primaryimage"},"image":{"@id":"https:\/\/greenwichmeridien.fr\/blog\/a-la-une\/les-recits-de-voyageurs-celebres\/#primaryimage"},"thumbnailUrl":"https:\/\/greenwichmeridien.fr\/blog\/wp-content\/uploads\/2025\/06\/sdxl-2db43e5aaf081c3364f923be2fd178e0-scaled.png","datePublished":"2025-05-23T07:56:09+00:00","description":"\u00c0 travers les si\u00e8cles, les r\u00e9cits de voyageurs c\u00e9l\u00e8bres ont enflamm\u00e9 notre imagination. Ces aventuriers audacieux ont brav\u00e9 des territoires inconnus","inLanguage":"fr-FR","potentialAction":[{"@type":"ReadAction","target":["https:\/\/greenwichmeridien.fr\/blog\/a-la-une\/les-recits-de-voyageurs-celebres\/"]}]},{"@type":"ImageObject","inLanguage":"fr-FR","@id":"https:\/\/greenwichmeridien.fr\/blog\/a-la-une\/les-recits-de-voyageurs-celebres\/#primaryimage","url":"https:\/\/greenwichmeridien.fr\/blog\/wp-content\/uploads\/2025\/06\/sdxl-2db43e5aaf081c3364f923be2fd178e0-scaled.png","contentUrl":"https:\/\/greenwichmeridien.fr\/blog\/wp-content\/uploads\/2025\/06\/sdxl-2db43e5aaf081c3364f923be2fd178e0-scaled.png","width":1200,"height":500},{"@type":"WebSite","@id":"https:\/\/greenwichmeridien.fr\/blog\/#website","url":"https:\/\/greenwichmeridien.fr\/blog\/","name":"Greenwich M\u00e9ridien","description":"Greenwich M\u00e9ridien, le rep\u00e8re du temps et du voyage","publisher":{"@id":"https:\/\/greenwichmeridien.fr\/blog\/#organization"},"alternateName":"Greenwich M\u00e9ridien, le rep\u00e8re du temps et du voyage","potentialAction":[{"@type":"SearchAction","target":{"@type":"EntryPoint","urlTemplate":"https:\/\/greenwichmeridien.fr\/blog\/?s={search_term_string}"},"query-input":{"@type":"PropertyValueSpecification","valueRequired":true,"valueName":"search_term_string"}}],"inLanguage":"fr-FR"},{"@type":"Organization","@id":"https:\/\/greenwichmeridien.fr\/blog\/#organization","name":"Greenwich M\u00e9ridien","alternateName":"Greenwich M\u00e9ridien","url":"https:\/\/greenwichmeridien.fr\/blog\/","logo":{"@type":"ImageObject","inLanguage":"fr-FR","@id":"https:\/\/greenwichmeridien.fr\/blog\/#\/schema\/logo\/image\/","url":"https:\/\/greenwichmeridien.fr\/blog\/wp-content\/uploads\/2024\/12\/greenwichmeridien.png","contentUrl":"https:\/\/greenwichmeridien.fr\/blog\/wp-content\/uploads\/2024\/12\/greenwichmeridien.png","width":500,"height":500,"caption":"Greenwich M\u00e9ridien"},"image":{"@id":"https:\/\/greenwichmeridien.fr\/blog\/#\/schema\/logo\/image\/"}},{"@type":"Person","@id":"https:\/\/greenwichmeridien.fr\/blog\/#\/schema\/person\/3c864cdc320801e3db34b663e7e3f816","name":"Samuel Chalmin","image":{"@type":"ImageObject","inLanguage":"fr-FR","@id":"https:\/\/greenwichmeridien.fr\/blog\/#\/schema\/person\/image\/","url":"https:\/\/secure.gravatar.com\/avatar\/cef3677de7d237273d13053728f9470818581a8a27d9bf6f5039fd18508a905f?s=96&d=mm&r=g","contentUrl":"https:\/\/secure.gravatar.com\/avatar\/cef3677de7d237273d13053728f9470818581a8a27d9bf6f5039fd18508a905f?s=96&d=mm&r=g","caption":"Samuel Chalmin"},"description":"R\u00e9dacteur du site, il suit les questions de temps et de calendrier : m\u00e9ridien de Greenwich, heure GMT et UTC, fuseaux horaires, changement d'heure, ann\u00e9es bissextiles et jours f\u00e9ri\u00e9s.","sameAs":["https:\/\/samuelchalmin.fr\/"],"url":"https:\/\/greenwichmeridien.fr\/blog\/auteur\/noname\/"}]}},"_links":{"self":[{"href":"https:\/\/greenwichmeridien.fr\/blog\/wp-json\/wp\/v2\/posts\/7411","targetHints":{"allow":["GET"]}}],"collection":[{"href":"https:\/\/greenwichmeridien.fr\/blog\/wp-json\/wp\/v2\/posts"}],"about":[{"href":"https:\/\/greenwichmeridien.fr\/blog\/wp-json\/wp\/v2\/types\/post"}],"author":[{"embeddable":true,"href":"https:\/\/greenwichmeridien.fr\/blog\/wp-json\/wp\/v2\/users\/34"}],"replies":[{"embeddable":true,"href":"https:\/\/greenwichmeridien.fr\/blog\/wp-json\/wp\/v2\/comments?post=7411"}],"version-history":[{"count":0,"href":"https:\/\/greenwichmeridien.fr\/blog\/wp-json\/wp\/v2\/posts\/7411\/revisions"}],"wp:featuredmedia":[{"embeddable":true,"href":"https:\/\/greenwichmeridien.fr\/blog\/wp-json\/wp\/v2\/media\/7427"}],"wp:attachment":[{"href":"https:\/\/greenwichmeridien.fr\/blog\/wp-json\/wp\/v2\/media?parent=7411"}],"wp:term":[{"taxonomy":"category","embeddable":true,"href":"https:\/\/greenwichmeridien.fr\/blog\/wp-json\/wp\/v2\/categories?post=7411"},{"taxonomy":"post_tag","embeddable":true,"href":"https:\/\/greenwichmeridien.fr\/blog\/wp-json\/wp\/v2\/tags?post=7411"}],"curies":[{"name":"wp","href":"https:\/\/api.w.org\/{rel}","templated":true}]}}