{"id":7413,"date":"2025-05-23T09:58:30","date_gmt":"2025-05-23T07:58:30","guid":{"rendered":"https:\/\/greenwichmeridien.fr\/blog\/a-la-une\/les-tendances-en-matiere-de-sante-et-de-bien-etre\/"},"modified":"2025-05-23T09:58:30","modified_gmt":"2025-05-23T07:58:30","slug":"les-tendances-en-matiere-de-sante-et-de-bien-etre","status":"publish","type":"post","link":"https:\/\/greenwichmeridien.fr\/blog\/a-la-une\/les-tendances-en-matiere-de-sante-et-de-bien-etre\/","title":{"rendered":"Les tendances en mati\u00e8re de sant\u00e9 et de bien-\u00eatre"},"content":{"rendered":"<p class=\"wp-block-paragraph\">Alors que nous entrons dans une nouvelle \u00e8re ax\u00e9e sur le bien-\u00eatre global, l&rsquo;ann\u00e9e 2025 s&rsquo;annonce riche en innovations et en pratiques qui red\u00e9finissent notre approche de la sant\u00e9. Des strat\u00e9gies de nutrition durable aux pratiques de pleine conscience, chaque jour apporte son lot de possibilit\u00e9s pour am\u00e9liorer notre qualit\u00e9 de vie. Cet article plonge dans les tendances strat\u00e9giques qui transformeront notre quotidien, en mettant en lumi\u00e8re les nouveaux comportements adopt\u00e9s par les individus soucieux de leur sant\u00e9 et de leur bien-\u00eatre. Explorons ensemble ces changements significatifs qui s&rsquo;op\u00e8rent dans le domaine de la sant\u00e9 et du bien-\u00eatre.<\/p>\n\n<h2 class=\"wp-block-heading\">Hydratation de niveau sup\u00e9rieur : l&rsquo;\u00e9volution de nos choix<\/h2>\n\n<p class=\"wp-block-paragraph\">L&rsquo;hydratation est connue pour son importance dans notre sant\u00e9, mais en 2025, elle \u00e9volue vers une approche beaucoup plus sophistiqu\u00e9e. Ce n&rsquo;est plus simplement une question de consommer plus d&rsquo;eau, mais d&rsquo;optimiser chaque gorg\u00e9e en int\u00e9grant des ingr\u00e9dients b\u00e9n\u00e9fiques. Les entreprises innovent avec des boissons enrichies en oligo-\u00e9l\u00e9ments, vitamines et extraits botaniques qui visent \u00e0 soutenir divers aspects de notre bien-\u00eatre. Des producteurs comme <strong>Weleda<\/strong> et <strong>L&rsquo;Occitane<\/strong> commencent \u00e0 explorer ces nouveaux breuvages, et cela pourrait soon devenir un rituel quotidien.<\/p>\n\n<p class=\"wp-block-paragraph\">Parmi les tendances notables, on retrouve :<\/p>\n\n<ul class=\"wp-block-list\"><li>Boissons infus\u00e9es avec des \u00e9lectrolytes, id\u00e9ales pour les sportifs cherchant \u00e0 optimiser leurs performances.<\/li><li>Produits enrichis en adaptog\u00e8nes, qui aident \u00e0 la gestion du stress.<\/li><li>\u00c9lixirs botaniques qui combinent saveurs et bienfaits pour la sant\u00e9.<\/li><\/ul>\n\n<p class=\"wp-block-paragraph\">Cette r\u00e9flexion sur l&rsquo;hydratation encourage \u00e9galement la d\u00e9mocratisation des ingr\u00e9dients naturels. Certaines marques, comme <strong>Naturo&rsquo;Plantes<\/strong>, int\u00e8grent des options innovantes comme l&rsquo;eau de cactus et de noix de coco, reconnu pour ses propri\u00e9t\u00e9s revigorantes et r\u00e9hydratantes. D&rsquo;une mani\u00e8re g\u00e9n\u00e9rale, cette tendance met en avant l&rsquo;id\u00e9e que chaque boisson doit servir un objectif clair, qu&rsquo;il s&rsquo;agisse de renforcer l&rsquo;\u00e9nergie ou de soutenir la fonction immunitaire.<\/p>\n\n<figure class=\"wp-block-table\"><table>\n<thead>\n<tr>\n<th>Type de boisson<\/th>\n<th>Ingr\u00e9dients cl\u00e9s<\/th>\n<th>B\u00e9n\u00e9fices<\/th>\n<\/tr>\n<\/thead>\n<tbody>\n<tr>\n<td>Boissons \u00e9lectrolytiques<\/td>\n<td>\u00c9lectrolytes, min\u00e9raux<\/td>\n<td>Am\u00e9lioration des performances physiques<\/td>\n<\/tr>\n<tr>\n<td>Boissons adaptog\u00e8nes<\/td>\n<td>Ashwagandha, safran<\/td>\n<td>R\u00e9duction du stress, \u00e9quilibre de l&rsquo;humeur<\/td>\n<\/tr>\n<tr>\n<td>\u00c9lixirs de plantes<\/td>\n<td>Extraits botaniques<\/td>\n<td>Soutien immunitaire et vitalit\u00e9<\/td>\n<\/tr>\n<\/tbody>\n<\/table><\/figure>\n\n<h3 class=\"wp-block-heading\">Focus sur les prot\u00e9ines provenant d&rsquo;aliments entiers<\/h3>\n\n<p class=\"wp-block-paragraph\">En mati\u00e8re de nutrition, la notion de prot\u00e9ines subit une transformation majeure. Au lieu de se fier uniquement aux compl\u00e9ments alimentaires, le focus se d\u00e9place vers les sources de prot\u00e9ines enti\u00e8res. Cela signifie que de nombreuses personnes, notamment celles qui se soucient de leur sant\u00e9 \u00e0 long terme, choisiront d\u00e9sormais des aliments moins transform\u00e9s et plus nutritifs. Les <strong>Laboratoires Arkopharma<\/strong> et d&rsquo;autres marques s&rsquo;associent pour promouvoir des habitudes alimentaires durables.<\/p>\n\n<p class=\"wp-block-paragraph\">Les tendances en mati\u00e8re de consommation de prot\u00e9ines en 2025 incluent :<\/p>\n\n<ul class=\"wp-block-list\"><li>Consommation accrue d\u2019abats, historiquement sous-estim\u00e9s mais d\u2019une grande valeur nutritive.<\/li><li>Favoriser les l\u00e9gumineuses et les c\u00e9r\u00e9ales anciennes, qui apportent des fibres et divers nutriments.<\/li><li>Accro\u00eetre l&rsquo;utilisation des fruits \u00e0 coque, graines et produits laitiers comme le fromage cottage.<\/li><\/ul>\n\n<p class=\"wp-block-paragraph\">Cette orientation vers les aliments entiers souligne non seulement les avantages pour la sant\u00e9, tels que la sati\u00e9t\u00e9 et la digestion, mais r\u00e9pond \u00e9galement \u00e0 la demande croissante pour des m\u00e9thodes de consommation durables. Lorsque l&rsquo;on consid\u00e8re les impacts environnementaux associ\u00e9s \u00e0 la production alimentaire, ce choix devient d&rsquo;une importance capitale. Il est donc essentiel de rechercher des marques comme <strong>Diet Horizon<\/strong> et <strong>Pukka Herbs<\/strong> pour des options \u00e0 la fois savoureuses et respectueuses de l&rsquo;environnement.<\/p>\n\n<figure class=\"wp-block-table\"><table>\n<thead>\n<tr>\n<th>Source de Prot\u00e9ines<\/th>\n<th>Type<\/th>\n<th>Avantages Sanitaires<\/th>\n<\/tr>\n<\/thead>\n<tbody>\n<tr>\n<td>Abats<\/td>\n<td>Animale<\/td>\n<td>Riche en vitamines et min\u00e9raux<\/td>\n<\/tr>\n<tr>\n<td>Chia, quinoa<\/td>\n<td>V\u00e9g\u00e9tale<\/td>\n<td>Source compl\u00e8te de prot\u00e9ines et de fibres<\/td>\n<\/tr>\n<tr>\n<td>Fromage cottage<\/td>\n<td>Animale<\/td>\n<td>Faible en mati\u00e8res grasses, riche en prot\u00e9ines<\/td>\n<\/tr>\n<\/tbody>\n<\/table><\/figure>\n\n<h2 class=\"wp-block-heading\">Soutien de l\u2019humeur et sant\u00e9 mentale en pleine conscience<\/h2>\n\n<p class=\"wp-block-paragraph\">Les probl\u00e9matiques li\u00e9es \u00e0 la sant\u00e9 mentale et \u00e0 l&rsquo;humeur occupent une place centrale dans la discussion sur le bien-\u00eatre aujourd&rsquo;hui. En 2025, elles sont abord\u00e9es gr\u00e2ce \u00e0 des m\u00e9thodes innovantes et naturelles. En effet, divers suppl\u00e9ments et pratiques visant \u00e0 am\u00e9liorer l&rsquo;humeur, tels que les plantes adaptog\u00e8nes et les m\u00e9langes botaniques, sont en pleine expansion. Les ingr\u00e9dients comme l\u2019ashwagandha et la L-th\u00e9anine sont particuli\u00e8rement en vogue.<\/p>\n\n<p class=\"wp-block-paragraph\">Les choix de produits \u00e9voluent \u00e9galement. Des marques comme <strong>Superdiet<\/strong> et <strong>Yogi Tea<\/strong> adaptent leur offre pour inclure des options sp\u00e9cifiques (telles que les th\u00e9s \u00e0 base de plantes) qui favorisent la relaxation et combattent l&rsquo;anxi\u00e9t\u00e9. Attendez-vous \u00e0 voir une augmentation des pratiques ax\u00e9es sur l&rsquo;auto-soin, y compris :<\/p>\n\n<ul class=\"wp-block-list\"><li>Activation de la pleine conscience par le journaling et la m\u00e9ditation.<\/li><li>Incorporation de mouvements physiques doux comme le yoga, qui soutiennent la sant\u00e9 mentale.<\/li><li>Utilisation de l&rsquo;alimentation pour lever l&rsquo;humeur, avec un accent sur les probiotiques et les super-aliments.<\/li><\/ul>\n\n<p class=\"wp-block-paragraph\">Cette restructuration des habitudes met en avant l&rsquo;importance d&rsquo;entretenir un \u00e9quilibre \u00e9motionnel. En lieu et place des simples \u00ab bonbons pour le mental \u00bb, il faut d\u00e9sormais s&rsquo;int\u00e9resser \u00e0 la mani\u00e8re dont les choix alimentaires et les pratiques d&rsquo;auto-soin peuvent r\u00e9ellement influencer notre \u00e9tat d&rsquo;esprit et notre bien-\u00eatre g\u00e9n\u00e9ral. Un lien vers un article approfondi sur ce sujet est disponible <a href=\"https:\/\/blog-sante-mentale.fr\/lessentiel-de-lactualite-de-la-sante-et-du-bien-etre-en-2024\/\" rel=\"nofollow\">ici<\/a>.<\/p>\n\n<figure class=\"wp-block-table\"><table>\n<thead>\n<tr>\n<th>Pratiques<\/th>\n<th>B\u00e9n\u00e9fices<\/th>\n<\/tr>\n<\/thead>\n<tbody>\n<tr>\n<td>Journaling<\/td>\n<td>Favorise la clart\u00e9 d\u2019esprit<\/td>\n<\/tr>\n<tr>\n<td>Yoga<\/td>\n<td>R\u00e9duction du stress, meilleur bien-\u00eatre physique<\/td>\n<\/tr>\n<tr>\n<td>Consommation de probiotiques<\/td>\n<td>Favorise un microbiome \u00e9quilibr\u00e9 et l&rsquo;humeur<\/td>\n<\/tr>\n<\/tbody>\n<\/table><\/figure>\n\n<h2 class=\"wp-block-heading\">La sant\u00e9 intestinale : un second cerveau \u00e0 consid\u00e9rer<\/h2>\n\n<p class=\"wp-block-paragraph\">Dans la continuit\u00e9 de la sant\u00e9 mentale, la sant\u00e9 intestinale s&rsquo;impose comme une priorit\u00e9. Souvent d\u00e9sign\u00e9e sous le terme de \u00ab\u00a0deuxi\u00e8me cerveau\u00a0\u00bb, notre intestin joue un r\u00f4le pr\u00e9pond\u00e9rant dans la r\u00e9gulation de notre humeur et de notre syst\u00e8me immunitaire. En 2025, cette compr\u00e9hension s&rsquo;accompagne d&rsquo;une mont\u00e9e en puissance des aliments et compl\u00e9ments soutenant la sant\u00e9 intestinale.<\/p>\n\n<p class=\"wp-block-paragraph\">Les souches probiotiques, pr\u00e9biotiques et autres \u00e9l\u00e9ments nutritionnels tels que les aliments ferment\u00e9s deviennent essentiels. Des marques comme <strong>Organic Essence<\/strong> se d\u00e9marquent par des produits sp\u00e9cifiques destin\u00e9s \u00e0 favoriser un microbiome sain. Les changements \u00e0 anticiper incluent :<\/p>\n\n<ul class=\"wp-block-list\"><li>Augmentation de l&rsquo;offre de produits ferment\u00e9s, comme le k\u00e9fir ou le kimchi, qui nourrissent les bonnes bact\u00e9ries.<\/li><li>Soutien accru \u00e0 la recherche sur l&rsquo;axe intestin-cerveau, \u00e9tendant les connaissances sur la sant\u00e9 mentale.<\/li><li>D\u00e9veloppement de nouvelles formulations de probiotiques ciblant des r\u00e9sultats sant\u00e9 sp\u00e9cifiques, comme la clart\u00e9 cognitive.<\/li><\/ul>\n\n<p class=\"wp-block-paragraph\">La sant\u00e9 digestive est ainsi per\u00e7ue comme \u00e9tant indissociable du bien-\u00eatre g\u00e9n\u00e9ral. Un intestin sain est non seulement synonyme d&rsquo;une meilleure digestion, mais \u00e9galement d&rsquo;une meilleure qualit\u00e9 de vie. Interroger notre rapport \u00e0 la nourriture devient donc fondamental.<\/p>\n\n<figure class=\"wp-block-table\"><table>\n<thead>\n<tr>\n<th>Type de Produit<\/th>\n<th>Bienfait Principal<\/th>\n<\/tr>\n<\/thead>\n<tbody>\n<tr>\n<td>Probiotiques<\/td>\n<td>R\u00e9gulation du microbiome intestinal<\/td>\n<\/tr>\n<tr>\n<td>Pr\u00e9biotiques<\/td>\n<td>Favorise la croissance des bonnes bact\u00e9ries<\/td>\n<\/tr>\n<tr>\n<td>Aliments ferment\u00e9s<\/td>\n<td>Am\u00e9lioration de la digestion et de l&rsquo;absorption des nutriments<\/td>\n<\/tr>\n<\/tbody>\n<\/table><\/figure>\n\n<h2 class=\"wp-block-heading\">Les r\u00e9gimes de long\u00e9vit\u00e9 : la cl\u00e9 d\u2019une vie saine<\/h2>\n\n<p class=\"wp-block-paragraph\">Enfin, \u00e0 l&rsquo;intersection de la nutrition et du bien-\u00eatre, les r\u00e9gimes de long\u00e9vit\u00e9 prennent de l&rsquo;ampleur. Influenc\u00e9s par des \u00e9tudes sur les zones bleues, ces r\u00e9gimes pr\u00f4nent la consommation d&rsquo;aliments riches en nutriments et en antioxydants. Que ce soit \u00e0 travers une alimentation m\u00e9diterran\u00e9enne ou d&rsquo;autres mod\u00e8les bas\u00e9s sur les plantes, ces r\u00e9gimes favorisent un vieillissement en bonne sant\u00e9.<\/p>\n\n<p class=\"wp-block-paragraph\">Des ingr\u00e9dients cl\u00e9s \u00e0 surveiller incluent :<\/p>\n\n<ul class=\"wp-block-list\"><li>Fruits et l\u00e9gumes frais, essentiels pour un apport riche en vitamines.<\/li><li>C\u00e9r\u00e9ales compl\u00e8tes, qui contribuent \u00e0 la sati\u00e9t\u00e9 tout en am\u00e9liorant la sant\u00e9 digestive.<\/li><li>Sources de graisses saines comme l&rsquo;huile d&rsquo;olive, connue pour ses effets b\u00e9n\u00e9fiques sur le c\u0153ur.<\/li><\/ul>\n\n<p class=\"wp-block-paragraph\">Les marques commencent \u00e0 proposer des options nutritionnelles qui r\u00e9pondent \u00e0 cette demande croissante. Dans cet esprit, la compr\u00e9hension du lien entre nutrition et long\u00e9vit\u00e9 devient essentielle. Les consommateurs sont donc encourag\u00e9s \u00e0 faire des choix alimentaires r\u00e9fl\u00e9chis qui ne sont pas uniquement bas\u00e9s sur le go\u00fbt, mais aussi sur les b\u00e9n\u00e9fices \u00e0 long terme pour leur sant\u00e9.<\/p>\n\n<figure class=\"wp-block-table\"><table>\n<thead>\n<tr>\n<th>Type d\u2019Aliment<\/th>\n<th>Propri\u00e9t\u00e9s<\/th>\n<th>Impact sur la Long\u00e9vit\u00e9<\/th>\n<\/tr>\n<\/thead>\n<tbody>\n<tr>\n<td>Fruits riches en antioxydants<\/td>\n<td>Protection cellulaire<\/td>\n<td>R\u00e9duction des maladies chroniques<\/td>\n<\/tr>\n<tr>\n<td>C\u00e9r\u00e9ales compl\u00e8tes<\/td>\n<td>Riche en fibres<\/td>\n<td>Am\u00e9lioration de la digestion<\/td>\n<\/tr>\n<tr>\n<td>Acides gras om\u00e9ga-3<\/td>\n<td>Bonnes graisses<\/td>\n<td>Avantages cardiovasculaires<\/td>\n<\/tr>\n<\/tbody>\n<\/table><\/figure>\n\n","protected":false},"excerpt":{"rendered":"","protected":false},"author":34,"featured_media":7420,"comment_status":"open","ping_status":"open","sticky":false,"template":"","format":"standard","meta":{"_acf_changed":false,"manual_indexmenow":false,"indexmenow_id_project":0,"footnotes":""},"categories":[1],"tags":[],"class_list":["post-7413","post","type-post","status-publish","format-standard","has-post-thumbnail","hentry","category-a-la-une","generate-columns","tablet-grid-50","mobile-grid-100","grid-parent","grid-25"],"acf":[],"yoast_head":"<!-- This site is optimized with the Yoast SEO Premium plugin v21.3 (Yoast SEO v25.6) - https:\/\/yoast.com\/wordpress\/plugins\/seo\/ -->\n<title>Les tendances en mati\u00e8re de sant\u00e9 et de bien-\u00eatre<\/title>\n<meta name=\"description\" content=\"Alors que nous entrons dans une nouvelle \u00e8re ax\u00e9e sur le bien-\u00eatre global, l&#039;ann\u00e9e 2025 s&#039;annonce riche en innovations et en pratiques qui red\u00e9finissent\" \/>\n<meta name=\"robots\" content=\"index, follow, max-snippet:-1, max-image-preview:large, max-video-preview:-1\" \/>\n<link rel=\"canonical\" href=\"https:\/\/greenwichmeridien.fr\/blog\/a-la-une\/les-tendances-en-matiere-de-sante-et-de-bien-etre\/\" \/>\n<meta property=\"og:locale\" content=\"fr_FR\" \/>\n<meta property=\"og:type\" content=\"article\" \/>\n<meta property=\"og:title\" content=\"Les tendances en mati\u00e8re de sant\u00e9 et de bien-\u00eatre\" \/>\n<meta property=\"og:description\" content=\"Alors que nous entrons dans une nouvelle \u00e8re ax\u00e9e sur le bien-\u00eatre global, l&#039;ann\u00e9e 2025 s&#039;annonce riche en innovations et en pratiques qui red\u00e9finissent\" \/>\n<meta property=\"og:url\" content=\"https:\/\/greenwichmeridien.fr\/blog\/a-la-une\/les-tendances-en-matiere-de-sante-et-de-bien-etre\/\" \/>\n<meta property=\"og:site_name\" content=\"greenwichmeridien\" \/>\n<meta property=\"og:image\" content=\"https:\/\/greenwichmeridien.fr\/blog\/wp-content\/uploads\/2025\/05\/sdxl-28166a958e351bdc91f2195680861250-scaled.png\" \/>\n\t<meta property=\"og:image:width\" content=\"1200\" \/>\n\t<meta property=\"og:image:height\" content=\"500\" \/>\n\t<meta property=\"og:image:type\" content=\"image\/png\" \/>\n<meta name=\"author\" content=\"Samuel Chalmin\" \/>\n<meta name=\"twitter:card\" content=\"summary_large_image\" \/>\n<script type=\"application\/ld+json\" class=\"yoast-schema-graph\">{\"@context\":\"https:\/\/schema.org\",\"@graph\":[{\"@type\":\"NewsArticle\",\"@id\":\"https:\/\/greenwichmeridien.fr\/blog\/a-la-une\/les-tendances-en-matiere-de-sante-et-de-bien-etre\/#article\",\"isPartOf\":{\"@id\":\"https:\/\/greenwichmeridien.fr\/blog\/a-la-une\/les-tendances-en-matiere-de-sante-et-de-bien-etre\/\"},\"author\":{\"name\":\"Samuel Chalmin\",\"@id\":\"https:\/\/greenwichmeridien.fr\/blog\/#\/schema\/person\/3c864cdc320801e3db34b663e7e3f816\"},\"headline\":\"Les tendances en mati\u00e8re de sant\u00e9 et de bien-\u00eatre\",\"datePublished\":\"2025-05-23T07:58:30+00:00\",\"mainEntityOfPage\":{\"@id\":\"https:\/\/greenwichmeridien.fr\/blog\/a-la-une\/les-tendances-en-matiere-de-sante-et-de-bien-etre\/\"},\"wordCount\":1437,\"commentCount\":0,\"publisher\":{\"@id\":\"https:\/\/greenwichmeridien.fr\/blog\/#organization\"},\"image\":{\"@id\":\"https:\/\/greenwichmeridien.fr\/blog\/a-la-une\/les-tendances-en-matiere-de-sante-et-de-bien-etre\/#primaryimage\"},\"thumbnailUrl\":\"https:\/\/greenwichmeridien.fr\/blog\/wp-content\/uploads\/2025\/05\/sdxl-28166a958e351bdc91f2195680861250-scaled.png\",\"articleSection\":[\"\u00c0 la une\"],\"inLanguage\":\"fr-FR\",\"potentialAction\":[{\"@type\":\"CommentAction\",\"name\":\"Comment\",\"target\":[\"https:\/\/greenwichmeridien.fr\/blog\/a-la-une\/les-tendances-en-matiere-de-sante-et-de-bien-etre\/#respond\"]}]},{\"@type\":\"WebPage\",\"@id\":\"https:\/\/greenwichmeridien.fr\/blog\/a-la-une\/les-tendances-en-matiere-de-sante-et-de-bien-etre\/\",\"url\":\"https:\/\/greenwichmeridien.fr\/blog\/a-la-une\/les-tendances-en-matiere-de-sante-et-de-bien-etre\/\",\"name\":\"Les tendances en mati\u00e8re de sant\u00e9 et de bien-\u00eatre\",\"isPartOf\":{\"@id\":\"https:\/\/greenwichmeridien.fr\/blog\/#website\"},\"primaryImageOfPage\":{\"@id\":\"https:\/\/greenwichmeridien.fr\/blog\/a-la-une\/les-tendances-en-matiere-de-sante-et-de-bien-etre\/#primaryimage\"},\"image\":{\"@id\":\"https:\/\/greenwichmeridien.fr\/blog\/a-la-une\/les-tendances-en-matiere-de-sante-et-de-bien-etre\/#primaryimage\"},\"thumbnailUrl\":\"https:\/\/greenwichmeridien.fr\/blog\/wp-content\/uploads\/2025\/05\/sdxl-28166a958e351bdc91f2195680861250-scaled.png\",\"datePublished\":\"2025-05-23T07:58:30+00:00\",\"description\":\"Alors que nous entrons dans une nouvelle \u00e8re ax\u00e9e sur le bien-\u00eatre global, l'ann\u00e9e 2025 s'annonce riche en innovations et en pratiques qui red\u00e9finissent\",\"inLanguage\":\"fr-FR\",\"potentialAction\":[{\"@type\":\"ReadAction\",\"target\":[\"https:\/\/greenwichmeridien.fr\/blog\/a-la-une\/les-tendances-en-matiere-de-sante-et-de-bien-etre\/\"]}]},{\"@type\":\"ImageObject\",\"inLanguage\":\"fr-FR\",\"@id\":\"https:\/\/greenwichmeridien.fr\/blog\/a-la-une\/les-tendances-en-matiere-de-sante-et-de-bien-etre\/#primaryimage\",\"url\":\"https:\/\/greenwichmeridien.fr\/blog\/wp-content\/uploads\/2025\/05\/sdxl-28166a958e351bdc91f2195680861250-scaled.png\",\"contentUrl\":\"https:\/\/greenwichmeridien.fr\/blog\/wp-content\/uploads\/2025\/05\/sdxl-28166a958e351bdc91f2195680861250-scaled.png\",\"width\":1200,\"height\":500},{\"@type\":\"WebSite\",\"@id\":\"https:\/\/greenwichmeridien.fr\/blog\/#website\",\"url\":\"https:\/\/greenwichmeridien.fr\/blog\/\",\"name\":\"Greenwich M\u00e9ridien\",\"description\":\"Greenwich M\u00e9ridien, le rep\u00e8re du temps et du voyage\",\"publisher\":{\"@id\":\"https:\/\/greenwichmeridien.fr\/blog\/#organization\"},\"alternateName\":\"Greenwich M\u00e9ridien, le rep\u00e8re du temps et du voyage\",\"potentialAction\":[{\"@type\":\"SearchAction\",\"target\":{\"@type\":\"EntryPoint\",\"urlTemplate\":\"https:\/\/greenwichmeridien.fr\/blog\/?s={search_term_string}\"},\"query-input\":{\"@type\":\"PropertyValueSpecification\",\"valueRequired\":true,\"valueName\":\"search_term_string\"}}],\"inLanguage\":\"fr-FR\"},{\"@type\":\"Organization\",\"@id\":\"https:\/\/greenwichmeridien.fr\/blog\/#organization\",\"name\":\"Greenwich M\u00e9ridien\",\"alternateName\":\"Greenwich M\u00e9ridien\",\"url\":\"https:\/\/greenwichmeridien.fr\/blog\/\",\"logo\":{\"@type\":\"ImageObject\",\"inLanguage\":\"fr-FR\",\"@id\":\"https:\/\/greenwichmeridien.fr\/blog\/#\/schema\/logo\/image\/\",\"url\":\"https:\/\/greenwichmeridien.fr\/blog\/wp-content\/uploads\/2024\/12\/greenwichmeridien.png\",\"contentUrl\":\"https:\/\/greenwichmeridien.fr\/blog\/wp-content\/uploads\/2024\/12\/greenwichmeridien.png\",\"width\":500,\"height\":500,\"caption\":\"Greenwich M\u00e9ridien\"},\"image\":{\"@id\":\"https:\/\/greenwichmeridien.fr\/blog\/#\/schema\/logo\/image\/\"}},{\"@type\":\"Person\",\"@id\":\"https:\/\/greenwichmeridien.fr\/blog\/#\/schema\/person\/3c864cdc320801e3db34b663e7e3f816\",\"name\":\"Samuel Chalmin\",\"image\":{\"@type\":\"ImageObject\",\"inLanguage\":\"fr-FR\",\"@id\":\"https:\/\/greenwichmeridien.fr\/blog\/#\/schema\/person\/image\/\",\"url\":\"https:\/\/secure.gravatar.com\/avatar\/cef3677de7d237273d13053728f9470818581a8a27d9bf6f5039fd18508a905f?s=96&d=mm&r=g\",\"contentUrl\":\"https:\/\/secure.gravatar.com\/avatar\/cef3677de7d237273d13053728f9470818581a8a27d9bf6f5039fd18508a905f?s=96&d=mm&r=g\",\"caption\":\"Samuel Chalmin\"},\"description\":\"R\u00e9dacteur du site, il suit les questions de temps et de calendrier : m\u00e9ridien de Greenwich, heure GMT et UTC, fuseaux horaires, changement d'heure, ann\u00e9es bissextiles et jours f\u00e9ri\u00e9s.\",\"sameAs\":[\"https:\/\/samuelchalmin.fr\/\"],\"url\":\"https:\/\/greenwichmeridien.fr\/blog\/auteur\/noname\/\"}]}<\/script>\n<!-- \/ Yoast SEO Premium plugin. -->","yoast_head_json":{"title":"Les tendances en mati\u00e8re de sant\u00e9 et de bien-\u00eatre","description":"Alors que nous entrons dans une nouvelle \u00e8re ax\u00e9e sur le bien-\u00eatre global, l'ann\u00e9e 2025 s'annonce riche en innovations et en pratiques qui red\u00e9finissent","robots":{"index":"index","follow":"follow","max-snippet":"max-snippet:-1","max-image-preview":"max-image-preview:large","max-video-preview":"max-video-preview:-1"},"canonical":"https:\/\/greenwichmeridien.fr\/blog\/a-la-une\/les-tendances-en-matiere-de-sante-et-de-bien-etre\/","og_locale":"fr_FR","og_type":"article","og_title":"Les tendances en mati\u00e8re de sant\u00e9 et de bien-\u00eatre","og_description":"Alors que nous entrons dans une nouvelle \u00e8re ax\u00e9e sur le bien-\u00eatre global, l'ann\u00e9e 2025 s'annonce riche en innovations et en pratiques qui red\u00e9finissent","og_url":"https:\/\/greenwichmeridien.fr\/blog\/a-la-une\/les-tendances-en-matiere-de-sante-et-de-bien-etre\/","og_site_name":"greenwichmeridien","og_image":[{"width":1200,"height":500,"url":"https:\/\/greenwichmeridien.fr\/blog\/wp-content\/uploads\/2025\/05\/sdxl-28166a958e351bdc91f2195680861250-scaled.png","type":"image\/png"}],"author":"Samuel Chalmin","twitter_card":"summary_large_image","schema":{"@context":"https:\/\/schema.org","@graph":[{"@type":"NewsArticle","@id":"https:\/\/greenwichmeridien.fr\/blog\/a-la-une\/les-tendances-en-matiere-de-sante-et-de-bien-etre\/#article","isPartOf":{"@id":"https:\/\/greenwichmeridien.fr\/blog\/a-la-une\/les-tendances-en-matiere-de-sante-et-de-bien-etre\/"},"author":{"name":"Samuel Chalmin","@id":"https:\/\/greenwichmeridien.fr\/blog\/#\/schema\/person\/3c864cdc320801e3db34b663e7e3f816"},"headline":"Les tendances en mati\u00e8re de sant\u00e9 et de bien-\u00eatre","datePublished":"2025-05-23T07:58:30+00:00","mainEntityOfPage":{"@id":"https:\/\/greenwichmeridien.fr\/blog\/a-la-une\/les-tendances-en-matiere-de-sante-et-de-bien-etre\/"},"wordCount":1437,"commentCount":0,"publisher":{"@id":"https:\/\/greenwichmeridien.fr\/blog\/#organization"},"image":{"@id":"https:\/\/greenwichmeridien.fr\/blog\/a-la-une\/les-tendances-en-matiere-de-sante-et-de-bien-etre\/#primaryimage"},"thumbnailUrl":"https:\/\/greenwichmeridien.fr\/blog\/wp-content\/uploads\/2025\/05\/sdxl-28166a958e351bdc91f2195680861250-scaled.png","articleSection":["\u00c0 la une"],"inLanguage":"fr-FR","potentialAction":[{"@type":"CommentAction","name":"Comment","target":["https:\/\/greenwichmeridien.fr\/blog\/a-la-une\/les-tendances-en-matiere-de-sante-et-de-bien-etre\/#respond"]}]},{"@type":"WebPage","@id":"https:\/\/greenwichmeridien.fr\/blog\/a-la-une\/les-tendances-en-matiere-de-sante-et-de-bien-etre\/","url":"https:\/\/greenwichmeridien.fr\/blog\/a-la-une\/les-tendances-en-matiere-de-sante-et-de-bien-etre\/","name":"Les tendances en mati\u00e8re de sant\u00e9 et de bien-\u00eatre","isPartOf":{"@id":"https:\/\/greenwichmeridien.fr\/blog\/#website"},"primaryImageOfPage":{"@id":"https:\/\/greenwichmeridien.fr\/blog\/a-la-une\/les-tendances-en-matiere-de-sante-et-de-bien-etre\/#primaryimage"},"image":{"@id":"https:\/\/greenwichmeridien.fr\/blog\/a-la-une\/les-tendances-en-matiere-de-sante-et-de-bien-etre\/#primaryimage"},"thumbnailUrl":"https:\/\/greenwichmeridien.fr\/blog\/wp-content\/uploads\/2025\/05\/sdxl-28166a958e351bdc91f2195680861250-scaled.png","datePublished":"2025-05-23T07:58:30+00:00","description":"Alors que nous entrons dans une nouvelle \u00e8re ax\u00e9e sur le bien-\u00eatre global, l'ann\u00e9e 2025 s'annonce riche en innovations et en pratiques qui red\u00e9finissent","inLanguage":"fr-FR","potentialAction":[{"@type":"ReadAction","target":["https:\/\/greenwichmeridien.fr\/blog\/a-la-une\/les-tendances-en-matiere-de-sante-et-de-bien-etre\/"]}]},{"@type":"ImageObject","inLanguage":"fr-FR","@id":"https:\/\/greenwichmeridien.fr\/blog\/a-la-une\/les-tendances-en-matiere-de-sante-et-de-bien-etre\/#primaryimage","url":"https:\/\/greenwichmeridien.fr\/blog\/wp-content\/uploads\/2025\/05\/sdxl-28166a958e351bdc91f2195680861250-scaled.png","contentUrl":"https:\/\/greenwichmeridien.fr\/blog\/wp-content\/uploads\/2025\/05\/sdxl-28166a958e351bdc91f2195680861250-scaled.png","width":1200,"height":500},{"@type":"WebSite","@id":"https:\/\/greenwichmeridien.fr\/blog\/#website","url":"https:\/\/greenwichmeridien.fr\/blog\/","name":"Greenwich M\u00e9ridien","description":"Greenwich M\u00e9ridien, le rep\u00e8re du temps et du voyage","publisher":{"@id":"https:\/\/greenwichmeridien.fr\/blog\/#organization"},"alternateName":"Greenwich M\u00e9ridien, le rep\u00e8re du temps et du voyage","potentialAction":[{"@type":"SearchAction","target":{"@type":"EntryPoint","urlTemplate":"https:\/\/greenwichmeridien.fr\/blog\/?s={search_term_string}"},"query-input":{"@type":"PropertyValueSpecification","valueRequired":true,"valueName":"search_term_string"}}],"inLanguage":"fr-FR"},{"@type":"Organization","@id":"https:\/\/greenwichmeridien.fr\/blog\/#organization","name":"Greenwich M\u00e9ridien","alternateName":"Greenwich M\u00e9ridien","url":"https:\/\/greenwichmeridien.fr\/blog\/","logo":{"@type":"ImageObject","inLanguage":"fr-FR","@id":"https:\/\/greenwichmeridien.fr\/blog\/#\/schema\/logo\/image\/","url":"https:\/\/greenwichmeridien.fr\/blog\/wp-content\/uploads\/2024\/12\/greenwichmeridien.png","contentUrl":"https:\/\/greenwichmeridien.fr\/blog\/wp-content\/uploads\/2024\/12\/greenwichmeridien.png","width":500,"height":500,"caption":"Greenwich M\u00e9ridien"},"image":{"@id":"https:\/\/greenwichmeridien.fr\/blog\/#\/schema\/logo\/image\/"}},{"@type":"Person","@id":"https:\/\/greenwichmeridien.fr\/blog\/#\/schema\/person\/3c864cdc320801e3db34b663e7e3f816","name":"Samuel Chalmin","image":{"@type":"ImageObject","inLanguage":"fr-FR","@id":"https:\/\/greenwichmeridien.fr\/blog\/#\/schema\/person\/image\/","url":"https:\/\/secure.gravatar.com\/avatar\/cef3677de7d237273d13053728f9470818581a8a27d9bf6f5039fd18508a905f?s=96&d=mm&r=g","contentUrl":"https:\/\/secure.gravatar.com\/avatar\/cef3677de7d237273d13053728f9470818581a8a27d9bf6f5039fd18508a905f?s=96&d=mm&r=g","caption":"Samuel Chalmin"},"description":"R\u00e9dacteur du site, il suit les questions de temps et de calendrier : m\u00e9ridien de Greenwich, heure GMT et UTC, fuseaux horaires, changement d'heure, ann\u00e9es bissextiles et jours f\u00e9ri\u00e9s.","sameAs":["https:\/\/samuelchalmin.fr\/"],"url":"https:\/\/greenwichmeridien.fr\/blog\/auteur\/noname\/"}]}},"_links":{"self":[{"href":"https:\/\/greenwichmeridien.fr\/blog\/wp-json\/wp\/v2\/posts\/7413","targetHints":{"allow":["GET"]}}],"collection":[{"href":"https:\/\/greenwichmeridien.fr\/blog\/wp-json\/wp\/v2\/posts"}],"about":[{"href":"https:\/\/greenwichmeridien.fr\/blog\/wp-json\/wp\/v2\/types\/post"}],"author":[{"embeddable":true,"href":"https:\/\/greenwichmeridien.fr\/blog\/wp-json\/wp\/v2\/users\/34"}],"replies":[{"embeddable":true,"href":"https:\/\/greenwichmeridien.fr\/blog\/wp-json\/wp\/v2\/comments?post=7413"}],"version-history":[{"count":0,"href":"https:\/\/greenwichmeridien.fr\/blog\/wp-json\/wp\/v2\/posts\/7413\/revisions"}],"wp:featuredmedia":[{"embeddable":true,"href":"https:\/\/greenwichmeridien.fr\/blog\/wp-json\/wp\/v2\/media\/7420"}],"wp:attachment":[{"href":"https:\/\/greenwichmeridien.fr\/blog\/wp-json\/wp\/v2\/media?parent=7413"}],"wp:term":[{"taxonomy":"category","embeddable":true,"href":"https:\/\/greenwichmeridien.fr\/blog\/wp-json\/wp\/v2\/categories?post=7413"},{"taxonomy":"post_tag","embeddable":true,"href":"https:\/\/greenwichmeridien.fr\/blog\/wp-json\/wp\/v2\/tags?post=7413"}],"curies":[{"name":"wp","href":"https:\/\/api.w.org\/{rel}","templated":true}]}}