{"id":7414,"date":"2025-05-23T10:06:39","date_gmt":"2025-05-23T08:06:39","guid":{"rendered":"https:\/\/greenwichmeridien.fr\/blog\/a-la-une\/actualites-sur-les-subventions-pour-les-arts\/"},"modified":"2025-05-23T10:06:39","modified_gmt":"2025-05-23T08:06:39","slug":"actualites-sur-les-subventions-pour-les-arts","status":"publish","type":"post","link":"https:\/\/greenwichmeridien.fr\/blog\/a-la-une\/actualites-sur-les-subventions-pour-les-arts\/","title":{"rendered":"Actualit\u00e9s sur les subventions pour les arts"},"content":{"rendered":"<p class=\"wp-block-paragraph\">Dans un contexte de financement en crise, les subventions pour les arts et la culture sont plus que jamais au c\u0153ur des pr\u00e9occupations. La r\u00e9cente loi de finances 2025 a d\u00e9clench\u00e9 des inqui\u00e9tudes concernant la p\u00e9rennit\u00e9 des aides accord\u00e9es aux artistes et aux structures culturelles, d\u00e9j\u00e0 confront\u00e9es \u00e0 des baisses significatives de leurs financements. L&rsquo;examen des cons\u00e9quences de cette situation met en lumi\u00e8re l&rsquo;enjeu vital que repr\u00e9sente le soutien financier pour la cr\u00e9ation artistique et l&rsquo;avenir de la culture en France.<\/p>\n\n<h2 class=\"wp-block-heading\">Baisse des subventions dans la culture : un tremblement de terre annonc\u00e9<\/h2>\n\n<p class=\"wp-block-paragraph\">La situation actuelle des subventions artistiques est alarmante. Les centres d&rsquo;art, qui d\u00e9pendent par ailleurs d&rsquo;un mod\u00e8le \u00e9conomique fragile, se voient contraints de faire face \u00e0 des coupes budg\u00e9taires sans pr\u00e9c\u00e9dent. En effet, <strong>pr\u00e8s de 400 structures<\/strong> ont d\u00e9j\u00e0 signal\u00e9 des baisses de financements publiques, comme le montre l&rsquo;outil collaboratif \u00ab\u00a0Cartocrise culture 2025\u00a0\u00bb mis en ligne par l&rsquo;Observatoire des politiques culturelles. En 2025, les collectivit\u00e9s territoriales sont ainsi somm\u00e9es de r\u00e9aliser un effort de <strong>2,2 milliards d&rsquo;euros<\/strong> sur leur budget, cr\u00e9ant une pression suppl\u00e9mentaire sur le secteur culturel.<\/p>\n\n<p class=\"wp-block-paragraph\">Les cons\u00e9quences de ces d\u00e9cisions sont profondes. Par exemple, le <strong>Centre de cr\u00e9ation contemporaine Olivier-Debr\u00e9<\/strong> \u00e0 Tours conna\u00eet sa premi\u00e8re baisse de subventions depuis sa r\u00e9ouverture en 2017, entra\u00eenant une diminution du budget allou\u00e9 \u00e0 la programmation de 20 000 \u00e0 40 000 euros. Dans cette situation, des voix alertent sur la <strong>fragilit\u00e9 des institutions culturelles<\/strong>, qui peinent \u00e0 maintenir leurs missions de service public. Les subventions des <strong>DRAC<\/strong> (Directions R\u00e9gionales des Affaires Culturelles) sont \u00e9galement touch\u00e9es, remettant en question la capacit\u00e9 des \u00e9tablissements \u00e0 fonctionner normalement.<\/p>\n\n<h3 class=\"wp-block-heading\">Un \u00e9tat des lieux des coupes budg\u00e9taires<\/h3>\n\n<p class=\"wp-block-paragraph\">Il est crucial de dresser un \u00e9tat des lieux des coupes budg\u00e9taires pour mieux comprendre son impact sur le milieu artistique. Les subventions des collectivit\u00e9s, qui assuraient en moyenne <strong>43 % du financement global<\/strong> en 2020, connaissent des baisses dramatiques. Voici quelques exemples :<\/p>\n\n<figure class=\"wp-block-table\"><table>\n<thead>\n<tr>\n<th>Centre d\u2019Art<\/th>\n<th>Montant de la Subvention Annuelle (2024)<\/th>\n<th>Baisse 2025<\/th>\n<\/tr>\n<\/thead>\n<tbody>\n<tr>\n<td>Centre de cr\u00e9ation contemporaine Olivier-Debr\u00e9<\/td>\n<td>230 000 \u20ac<\/td>\n<td>-15 000 \u20ac<\/td>\n<\/tr>\n<tr>\n<td>Grand Caf\u00e9<\/td>\n<td>210 000 \u20ac<\/td>\n<td>-50 % de la subvention<\/td>\n<\/tr>\n<tr>\n<td>40mcube<\/td>\n<td>17 000 \u20ac<\/td>\n<td>-50 % de l&rsquo;aide au fonctionnement<\/td>\n<\/tr>\n<\/tbody>\n<\/table><\/figure>\n\n<p class=\"wp-block-paragraph\">Ces baisses de financements mettent en p\u00e9ril non seulement les projets en cours, mais aussi l\u2019avenir du milieu artistique dans son ensemble. Les centres d\u2019art, qui sont souvent les lieux de diffusion et de cr\u00e9ation, voient leur budget artistique amput\u00e9, ce qui pourrait entra\u00eener une cessation de certains projets. Les jeunes artistes, qui b\u00e9n\u00e9ficient g\u00e9n\u00e9ralement de partenariats et d\u2019accompagnements, sont particuli\u00e8rement touch\u00e9s.<\/p>\n\n<figure class=\"is-provider-youtube is-type-video wp-block-embed wp-block-embed-youtube wp-embed-aspect-16-9 wp-has-aspect-ratio\"><div class=\"wp-block-embed__wrapper\">\n<iframe loading=\"lazy\" title=\"Subvention retir\u00e9e \u00e0 La Nouvelle Sc\u00e8ne\" width=\"1200\" height=\"675\" src=\"https:\/\/www.youtube.com\/embed\/nAAEIwikXpM?feature=oembed\" frameborder=\"0\" allow=\"accelerometer; autoplay; clipboard-write; encrypted-media; gyroscope; picture-in-picture; web-share\" referrerpolicy=\"strict-origin-when-cross-origin\" allowfullscreen><\/iframe>\n<\/div><\/figure>\n\n<h2 class=\"wp-block-heading\">Un soutien exceptionnel en faveur de la cr\u00e9ation artistique<\/h2>\n\n<p class=\"wp-block-paragraph\">Face \u00e0 la situation critique, le <strong>Minist\u00e8re de la Culture<\/strong> a annonc\u00e9 des mesures de soutien exceptionnelles. Un programme de commande artistique d&rsquo;une enveloppe de <strong>30 millions d&rsquo;euros<\/strong> sur deux ans a \u00e9t\u00e9 mis en place, visant particuli\u00e8rement les jeunes cr\u00e9ateurs et les projets innovants. Cette initiative s&rsquo;inscrit dans un contexte o\u00f9 les inqui\u00e9tudes quant \u00e0 la p\u00e9rennit\u00e9 des aides artistiques se multiplient.<\/p>\n\n<p class=\"wp-block-paragraph\">Au-del\u00e0 de ce soutien financier, il est essentiel de rappeler l&rsquo;importance des aides apport\u00e9es par des institutions comme la <strong>Fondation Belem<\/strong> ou le <strong>CNC<\/strong> (Centre National du Cin\u00e9ma et de l&rsquo;Image Anim\u00e9e), qui apportent une aide pr\u00e9cieuse \u00e0 la cr\u00e9ation artistique. Ces entit\u00e9s jouent un r\u00f4le crucial en garantissant que des projets ambitieux voient le jour malgr\u00e9 l&rsquo;incertitude budg\u00e9taire.<\/p>\n\n<h3 class=\"wp-block-heading\">Les diff\u00e9rents types de soutien<\/h3>\n\n<p class=\"wp-block-paragraph\">Le soutien \u00e0 la cr\u00e9ation artistique peut rev\u00eatir plusieurs formes, notamment :<\/p>\n\n<ul class=\"wp-block-list\"><li><strong>Subventions de projet<\/strong> : Financement pour des projets artistiques sp\u00e9cifiques.<\/li><li><strong>Bourses de r\u00e9sidence<\/strong> : Espaces pour les artistes pour d\u00e9velopper leur travail.<\/li><li><strong>Aides d&rsquo;urgence<\/strong> : Soutien imm\u00e9diat pour les artistes en difficult\u00e9.<\/li><li><strong>Formation et mentorat<\/strong> : Programs destin\u00e9s \u00e0 renforcer la comp\u00e9tence des artistes.<\/li><\/ul>\n\n<p class=\"wp-block-paragraph\">Ces divers formes de soutien visent \u00e0 renforcer la capacit\u00e9 d\u2019action des artistes dans un contexte \u00e9conomique peu favorable. Les jeunes talents sont souvent les plus d\u00e9favoris\u00e9s face \u00e0 des budgets d\u00e9j\u00e0 serr\u00e9s. Le soutien exceptionnel doit donc \u00eatre per\u00e7u comme une bou\u00e9e de sauvetage pour maintenir le dynamisme du secteur artistique.<\/p>\n\n<h2 class=\"wp-block-heading\">Guide des meilleures subventions et opportunit\u00e9s pour les artistes<\/h2>\n\n<p class=\"wp-block-paragraph\">La qu\u00eate de financements pour les artistes est un parcours sem\u00e9 d&#8217;emb\u00fbches qui demande non seulement investissement personnel mais aussi une certaine strat\u00e9gie. Chaque cr\u00e9ateur doit se familiariser avec le paysage des subventions qu&rsquo;il peut exploiter. En France, de nombreuses opportunit\u00e9s existent, allant des aides du <strong>Centre National des Arts Plastiques<\/strong> \u00e0 celles de la <strong>SACD<\/strong> (Soci\u00e9t\u00e9 des Auteurs et Compositeurs Dramatiques).<\/p>\n\n<p class=\"wp-block-paragraph\">Voici quelques-unes des meilleures sources de financement \u00e0 explorer :<\/p>\n\n<ol class=\"wp-block-list\"><li><strong>Agences gouvernementales<\/strong> : Comme le <strong>CNC<\/strong> et le <strong>Minist\u00e8re de la Culture<\/strong>, qui proposent des subventions r\u00e9guli\u00e8res.<\/li><li><strong>Fondations priv\u00e9es<\/strong> : Par exemple, la Fondation Pollock-Krasner ou la Fondation Joan Mitchell, qui offrent des bourses significatives.<\/li><li><strong>Organisations \u00e0 but non lucratif<\/strong> : Ces entit\u00e9s soutiennent des projets cr\u00e9atifs \u00e0 travers divers programmes de subvention.<\/li><li><strong>Ressources en ligne<\/strong> : Des plateformes comme Singulart ou le site de la <a href=\"https:\/\/www.singulart.com\/blog\/fr\/2025\/02\/15\/guide-des-meilleures-subventions-et-opportunites-pour-les-artistes\/\" rel=\"nofollow\">Fondation Belem<\/a> r\u00e9pertorient des opportunit\u00e9s de financement.<\/li><li><strong>Communaut\u00e9s artistiques locales<\/strong> : Souvent, les conseils des arts locaux offrent des ressources financi\u00e8res pour les projets d\u2019art public ou les initiatives communautaires.<\/li><\/ol>\n\n<p class=\"wp-block-paragraph\">Les r\u00e9seaux d&rsquo;entraide comme le <strong>R\u00e9seau Soledad<\/strong> fournissent \u00e9galement des opportunit\u00e9s pr\u00e9cieuses pour les artistes en leur permettant de se connecter avec d&rsquo;autres cr\u00e9ateurs, de partager des exp\u00e9riences et d&rsquo;acc\u00e9der \u00e0 des conseils sur le financement.<\/p>\n\n<figure class=\"is-provider-youtube is-type-video wp-block-embed wp-block-embed-youtube wp-embed-aspect-16-9 wp-has-aspect-ratio\"><div class=\"wp-block-embed__wrapper\">\n<iframe loading=\"lazy\" title=\"Commissions artistiques de l&#039;Adami : Ta\u00efdir Ouazine\" width=\"1200\" height=\"900\" src=\"https:\/\/www.youtube.com\/embed\/zACmHrKzIu4?feature=oembed\" frameborder=\"0\" allow=\"accelerometer; autoplay; clipboard-write; encrypted-media; gyroscope; picture-in-picture; web-share\" referrerpolicy=\"strict-origin-when-cross-origin\" allowfullscreen><\/iframe>\n<\/div><\/figure>\n\n<h2 class=\"wp-block-heading\">Demande de subventions pour les artistes : \u00e9tapes cl\u00e9s<\/h2>\n\n<p class=\"wp-block-paragraph\">Demander une subvention peut sembler une t\u00e2che \u00e9crasante. Toutefois, bien que les proc\u00e9dures varient d\u2019un programme \u00e0 l\u2019autre, il existe des \u00e9tapes cl\u00e9s \u00e0 suivre pour s\u2019assurer de maximiser ses chances de succ\u00e8s. Une pr\u00e9paration minutieuse est n\u00e9cessaire pour r\u00e9diger une demande convaincante.<\/p>\n\n<p class=\"wp-block-paragraph\">Les \u00e9tapes de la demande peuvent \u00eatre r\u00e9sum\u00e9es comme suit :<\/p>\n\n<ul class=\"wp-block-list\"><li><strong>Recherche approfondie<\/strong> : Identifiez des subventions correspondant \u00e0 votre projet et v\u00e9rifiez vos crit\u00e8res d\u2019\u00e9ligibilit\u00e9.<\/li><li><strong>\u00c9laboration d&rsquo;une proposition solide<\/strong> : R\u00e9digez une pr\u00e9sentation claire de votre projet, objectifs et public vis\u00e9.<\/li><li><strong>Pr\u00e9paration des documents n\u00e9cessaires<\/strong> : Rassemblez CV, lettres de recommandation et exemples de travaux ant\u00e9rieurs.<\/li><li><strong>Soumission de la demande<\/strong> : Veillez \u00e0 respecter toutes les consignes, y compris les formats, lors de l&rsquo;envoi des documents.<\/li><li><strong>Suivi<\/strong> : Contactez le bailleur de fonds pour avoir des nouvelles sur l&rsquo;\u00e9tat de votre demande.<\/li><\/ul>\n\n<p class=\"wp-block-paragraph\">Cette m\u00e9thode structur\u00e9e offre le meilleur cadre pour aborder la qu\u00eate de financements tout en soulignant l&rsquo;importance du respect des sp\u00e9cificit\u00e9s de chaque demande.<\/p>\n\n<h2 class=\"wp-block-heading\">La r\u00e9alit\u00e9 des centres d&rsquo;art et des coupes budg\u00e9taires<\/h2>\n\n<p class=\"wp-block-paragraph\">Les centres d\u2019art sont au c\u0153ur de la cr\u00e9ation culturelle. Cependant, ils subissent de plein fouet les cons\u00e9quences des coupes budg\u00e9taires r\u00e9centes. Alors que certaines institutions continuent de fonctionner gr\u00e2ce \u00e0 une aide soutenue, d&rsquo;autres, comme le <strong>BBB<\/strong> \u00e0 Toulouse, risquent de voir leur subvention fondre de <strong>20%<\/strong> ce qui compromet leur avenir. Depuis quelques ann\u00e9es, la lutte pour le maintien des financements se renforce, avec des groupes de pression se formant pour d\u00e9fendre les int\u00e9r\u00eats des artistes.<\/p>\n\n<p class=\"wp-block-paragraph\">Les d\u00e9fis auxquels sont confront\u00e9s ces lieux culturel comprennent :<\/p>\n\n<ul class=\"wp-block-list\"><li><strong>R\u00e9duction de l&rsquo;offre culturelle<\/strong> : Moins de financement entra\u00eene moins d&rsquo;expositions et d&rsquo;\u00e9v\u00e9nements.<\/li><li><strong>Difficult\u00e9 \u00e0 maintenir le personnel<\/strong> : Les coupes dans les budgets souvent se traduisent par des licenciements ou des gels de recrutement.<\/li><li><strong>Impact sur les collaborations<\/strong> : La perte de partenaires et de projets peut nuire \u00e0 la notori\u00e9t\u00e9 et \u00e0 l&rsquo;envergure de ces structures.<\/li><li><strong>Menace sur les formations<\/strong> : Les programmes de formation pour les jeunes artistes, comme \u00ab\u00a0Generator\u00a0\u00bb, ont souvent du mal \u00e0 trouver des financements.<\/li><\/ul>\n\n<p class=\"wp-block-paragraph\">Il est crucial que les artistes, les collectifs et m\u00eame le public se mobilisent pour d\u00e9fendre ces institutions. La culture est un bien commun qui m\u00e9rite d&rsquo;\u00eatre prot\u00e9g\u00e9 et soutenu.<\/p>\n\n","protected":false},"excerpt":{"rendered":"","protected":false},"author":34,"featured_media":7419,"comment_status":"open","ping_status":"open","sticky":false,"template":"","format":"standard","meta":{"_acf_changed":false,"manual_indexmenow":false,"indexmenow_id_project":0,"footnotes":""},"categories":[1],"tags":[],"class_list":["post-7414","post","type-post","status-publish","format-standard","has-post-thumbnail","hentry","category-a-la-une","generate-columns","tablet-grid-50","mobile-grid-100","grid-parent","grid-25"],"acf":[],"yoast_head":"<!-- This site is optimized with the Yoast SEO Premium plugin v21.3 (Yoast SEO v25.6) - https:\/\/yoast.com\/wordpress\/plugins\/seo\/ -->\n<title>Actualit\u00e9s sur les subventions pour les arts<\/title>\n<meta name=\"description\" content=\"Dans un contexte de financement en crise, les subventions pour les arts et la culture sont plus que jamais au c\u0153ur des pr\u00e9occupations. La r\u00e9cente loi de\" \/>\n<meta name=\"robots\" content=\"index, follow, max-snippet:-1, max-image-preview:large, max-video-preview:-1\" \/>\n<link rel=\"canonical\" href=\"https:\/\/greenwichmeridien.fr\/blog\/a-la-une\/actualites-sur-les-subventions-pour-les-arts\/\" \/>\n<meta property=\"og:locale\" content=\"fr_FR\" \/>\n<meta property=\"og:type\" content=\"article\" \/>\n<meta property=\"og:title\" content=\"Actualit\u00e9s sur les subventions pour les arts\" \/>\n<meta property=\"og:description\" content=\"Dans un contexte de financement en crise, les subventions pour les arts et la culture sont plus que jamais au c\u0153ur des pr\u00e9occupations. La r\u00e9cente loi de\" \/>\n<meta property=\"og:url\" content=\"https:\/\/greenwichmeridien.fr\/blog\/a-la-une\/actualites-sur-les-subventions-pour-les-arts\/\" \/>\n<meta property=\"og:site_name\" content=\"greenwichmeridien\" \/>\n<meta property=\"og:image\" content=\"https:\/\/greenwichmeridien.fr\/blog\/wp-content\/uploads\/2025\/05\/sdxl-312878537a6c2639e22065110f0febee-scaled.png\" \/>\n\t<meta property=\"og:image:width\" content=\"1200\" \/>\n\t<meta property=\"og:image:height\" content=\"500\" \/>\n\t<meta property=\"og:image:type\" content=\"image\/png\" \/>\n<meta name=\"author\" content=\"Samuel Chalmin\" \/>\n<meta name=\"twitter:card\" content=\"summary_large_image\" \/>\n<script type=\"application\/ld+json\" class=\"yoast-schema-graph\">{\"@context\":\"https:\/\/schema.org\",\"@graph\":[{\"@type\":\"NewsArticle\",\"@id\":\"https:\/\/greenwichmeridien.fr\/blog\/a-la-une\/actualites-sur-les-subventions-pour-les-arts\/#article\",\"isPartOf\":{\"@id\":\"https:\/\/greenwichmeridien.fr\/blog\/a-la-une\/actualites-sur-les-subventions-pour-les-arts\/\"},\"author\":{\"name\":\"Samuel Chalmin\",\"@id\":\"https:\/\/greenwichmeridien.fr\/blog\/#\/schema\/person\/3c864cdc320801e3db34b663e7e3f816\"},\"headline\":\"Actualit\u00e9s sur les subventions pour les arts\",\"datePublished\":\"2025-05-23T08:06:39+00:00\",\"mainEntityOfPage\":{\"@id\":\"https:\/\/greenwichmeridien.fr\/blog\/a-la-une\/actualites-sur-les-subventions-pour-les-arts\/\"},\"wordCount\":1381,\"commentCount\":0,\"publisher\":{\"@id\":\"https:\/\/greenwichmeridien.fr\/blog\/#organization\"},\"image\":{\"@id\":\"https:\/\/greenwichmeridien.fr\/blog\/a-la-une\/actualites-sur-les-subventions-pour-les-arts\/#primaryimage\"},\"thumbnailUrl\":\"https:\/\/greenwichmeridien.fr\/blog\/wp-content\/uploads\/2025\/05\/sdxl-312878537a6c2639e22065110f0febee-scaled.png\",\"articleSection\":[\"\u00c0 la une\"],\"inLanguage\":\"fr-FR\",\"potentialAction\":[{\"@type\":\"CommentAction\",\"name\":\"Comment\",\"target\":[\"https:\/\/greenwichmeridien.fr\/blog\/a-la-une\/actualites-sur-les-subventions-pour-les-arts\/#respond\"]}]},{\"@type\":\"WebPage\",\"@id\":\"https:\/\/greenwichmeridien.fr\/blog\/a-la-une\/actualites-sur-les-subventions-pour-les-arts\/\",\"url\":\"https:\/\/greenwichmeridien.fr\/blog\/a-la-une\/actualites-sur-les-subventions-pour-les-arts\/\",\"name\":\"Actualit\u00e9s sur les subventions pour les arts\",\"isPartOf\":{\"@id\":\"https:\/\/greenwichmeridien.fr\/blog\/#website\"},\"primaryImageOfPage\":{\"@id\":\"https:\/\/greenwichmeridien.fr\/blog\/a-la-une\/actualites-sur-les-subventions-pour-les-arts\/#primaryimage\"},\"image\":{\"@id\":\"https:\/\/greenwichmeridien.fr\/blog\/a-la-une\/actualites-sur-les-subventions-pour-les-arts\/#primaryimage\"},\"thumbnailUrl\":\"https:\/\/greenwichmeridien.fr\/blog\/wp-content\/uploads\/2025\/05\/sdxl-312878537a6c2639e22065110f0febee-scaled.png\",\"datePublished\":\"2025-05-23T08:06:39+00:00\",\"description\":\"Dans un contexte de financement en crise, les subventions pour les arts et la culture sont plus que jamais au c\u0153ur des pr\u00e9occupations. La r\u00e9cente loi de\",\"inLanguage\":\"fr-FR\",\"potentialAction\":[{\"@type\":\"ReadAction\",\"target\":[\"https:\/\/greenwichmeridien.fr\/blog\/a-la-une\/actualites-sur-les-subventions-pour-les-arts\/\"]}]},{\"@type\":\"ImageObject\",\"inLanguage\":\"fr-FR\",\"@id\":\"https:\/\/greenwichmeridien.fr\/blog\/a-la-une\/actualites-sur-les-subventions-pour-les-arts\/#primaryimage\",\"url\":\"https:\/\/greenwichmeridien.fr\/blog\/wp-content\/uploads\/2025\/05\/sdxl-312878537a6c2639e22065110f0febee-scaled.png\",\"contentUrl\":\"https:\/\/greenwichmeridien.fr\/blog\/wp-content\/uploads\/2025\/05\/sdxl-312878537a6c2639e22065110f0febee-scaled.png\",\"width\":1200,\"height\":500},{\"@type\":\"WebSite\",\"@id\":\"https:\/\/greenwichmeridien.fr\/blog\/#website\",\"url\":\"https:\/\/greenwichmeridien.fr\/blog\/\",\"name\":\"Greenwich M\u00e9ridien\",\"description\":\"Greenwich M\u00e9ridien, le rep\u00e8re du temps et du voyage\",\"publisher\":{\"@id\":\"https:\/\/greenwichmeridien.fr\/blog\/#organization\"},\"alternateName\":\"Greenwich M\u00e9ridien, le rep\u00e8re du temps et du voyage\",\"potentialAction\":[{\"@type\":\"SearchAction\",\"target\":{\"@type\":\"EntryPoint\",\"urlTemplate\":\"https:\/\/greenwichmeridien.fr\/blog\/?s={search_term_string}\"},\"query-input\":{\"@type\":\"PropertyValueSpecification\",\"valueRequired\":true,\"valueName\":\"search_term_string\"}}],\"inLanguage\":\"fr-FR\"},{\"@type\":\"Organization\",\"@id\":\"https:\/\/greenwichmeridien.fr\/blog\/#organization\",\"name\":\"Greenwich M\u00e9ridien\",\"alternateName\":\"Greenwich M\u00e9ridien\",\"url\":\"https:\/\/greenwichmeridien.fr\/blog\/\",\"logo\":{\"@type\":\"ImageObject\",\"inLanguage\":\"fr-FR\",\"@id\":\"https:\/\/greenwichmeridien.fr\/blog\/#\/schema\/logo\/image\/\",\"url\":\"https:\/\/greenwichmeridien.fr\/blog\/wp-content\/uploads\/2024\/12\/greenwichmeridien.png\",\"contentUrl\":\"https:\/\/greenwichmeridien.fr\/blog\/wp-content\/uploads\/2024\/12\/greenwichmeridien.png\",\"width\":500,\"height\":500,\"caption\":\"Greenwich M\u00e9ridien\"},\"image\":{\"@id\":\"https:\/\/greenwichmeridien.fr\/blog\/#\/schema\/logo\/image\/\"}},{\"@type\":\"Person\",\"@id\":\"https:\/\/greenwichmeridien.fr\/blog\/#\/schema\/person\/3c864cdc320801e3db34b663e7e3f816\",\"name\":\"Samuel Chalmin\",\"image\":{\"@type\":\"ImageObject\",\"inLanguage\":\"fr-FR\",\"@id\":\"https:\/\/greenwichmeridien.fr\/blog\/#\/schema\/person\/image\/\",\"url\":\"https:\/\/secure.gravatar.com\/avatar\/cef3677de7d237273d13053728f9470818581a8a27d9bf6f5039fd18508a905f?s=96&d=mm&r=g\",\"contentUrl\":\"https:\/\/secure.gravatar.com\/avatar\/cef3677de7d237273d13053728f9470818581a8a27d9bf6f5039fd18508a905f?s=96&d=mm&r=g\",\"caption\":\"Samuel Chalmin\"},\"description\":\"R\u00e9dacteur du site, il suit les questions de temps et de calendrier : m\u00e9ridien de Greenwich, heure GMT et UTC, fuseaux horaires, changement d'heure, ann\u00e9es bissextiles et jours f\u00e9ri\u00e9s.\",\"sameAs\":[\"https:\/\/samuelchalmin.fr\/\"],\"url\":\"https:\/\/greenwichmeridien.fr\/blog\/auteur\/noname\/\"}]}<\/script>\n<!-- \/ Yoast SEO Premium plugin. -->","yoast_head_json":{"title":"Actualit\u00e9s sur les subventions pour les arts","description":"Dans un contexte de financement en crise, les subventions pour les arts et la culture sont plus que jamais au c\u0153ur des pr\u00e9occupations. La r\u00e9cente loi de","robots":{"index":"index","follow":"follow","max-snippet":"max-snippet:-1","max-image-preview":"max-image-preview:large","max-video-preview":"max-video-preview:-1"},"canonical":"https:\/\/greenwichmeridien.fr\/blog\/a-la-une\/actualites-sur-les-subventions-pour-les-arts\/","og_locale":"fr_FR","og_type":"article","og_title":"Actualit\u00e9s sur les subventions pour les arts","og_description":"Dans un contexte de financement en crise, les subventions pour les arts et la culture sont plus que jamais au c\u0153ur des pr\u00e9occupations. La r\u00e9cente loi de","og_url":"https:\/\/greenwichmeridien.fr\/blog\/a-la-une\/actualites-sur-les-subventions-pour-les-arts\/","og_site_name":"greenwichmeridien","og_image":[{"width":1200,"height":500,"url":"https:\/\/greenwichmeridien.fr\/blog\/wp-content\/uploads\/2025\/05\/sdxl-312878537a6c2639e22065110f0febee-scaled.png","type":"image\/png"}],"author":"Samuel Chalmin","twitter_card":"summary_large_image","schema":{"@context":"https:\/\/schema.org","@graph":[{"@type":"NewsArticle","@id":"https:\/\/greenwichmeridien.fr\/blog\/a-la-une\/actualites-sur-les-subventions-pour-les-arts\/#article","isPartOf":{"@id":"https:\/\/greenwichmeridien.fr\/blog\/a-la-une\/actualites-sur-les-subventions-pour-les-arts\/"},"author":{"name":"Samuel Chalmin","@id":"https:\/\/greenwichmeridien.fr\/blog\/#\/schema\/person\/3c864cdc320801e3db34b663e7e3f816"},"headline":"Actualit\u00e9s sur les subventions pour les arts","datePublished":"2025-05-23T08:06:39+00:00","mainEntityOfPage":{"@id":"https:\/\/greenwichmeridien.fr\/blog\/a-la-une\/actualites-sur-les-subventions-pour-les-arts\/"},"wordCount":1381,"commentCount":0,"publisher":{"@id":"https:\/\/greenwichmeridien.fr\/blog\/#organization"},"image":{"@id":"https:\/\/greenwichmeridien.fr\/blog\/a-la-une\/actualites-sur-les-subventions-pour-les-arts\/#primaryimage"},"thumbnailUrl":"https:\/\/greenwichmeridien.fr\/blog\/wp-content\/uploads\/2025\/05\/sdxl-312878537a6c2639e22065110f0febee-scaled.png","articleSection":["\u00c0 la une"],"inLanguage":"fr-FR","potentialAction":[{"@type":"CommentAction","name":"Comment","target":["https:\/\/greenwichmeridien.fr\/blog\/a-la-une\/actualites-sur-les-subventions-pour-les-arts\/#respond"]}]},{"@type":"WebPage","@id":"https:\/\/greenwichmeridien.fr\/blog\/a-la-une\/actualites-sur-les-subventions-pour-les-arts\/","url":"https:\/\/greenwichmeridien.fr\/blog\/a-la-une\/actualites-sur-les-subventions-pour-les-arts\/","name":"Actualit\u00e9s sur les subventions pour les arts","isPartOf":{"@id":"https:\/\/greenwichmeridien.fr\/blog\/#website"},"primaryImageOfPage":{"@id":"https:\/\/greenwichmeridien.fr\/blog\/a-la-une\/actualites-sur-les-subventions-pour-les-arts\/#primaryimage"},"image":{"@id":"https:\/\/greenwichmeridien.fr\/blog\/a-la-une\/actualites-sur-les-subventions-pour-les-arts\/#primaryimage"},"thumbnailUrl":"https:\/\/greenwichmeridien.fr\/blog\/wp-content\/uploads\/2025\/05\/sdxl-312878537a6c2639e22065110f0febee-scaled.png","datePublished":"2025-05-23T08:06:39+00:00","description":"Dans un contexte de financement en crise, les subventions pour les arts et la culture sont plus que jamais au c\u0153ur des pr\u00e9occupations. La r\u00e9cente loi de","inLanguage":"fr-FR","potentialAction":[{"@type":"ReadAction","target":["https:\/\/greenwichmeridien.fr\/blog\/a-la-une\/actualites-sur-les-subventions-pour-les-arts\/"]}]},{"@type":"ImageObject","inLanguage":"fr-FR","@id":"https:\/\/greenwichmeridien.fr\/blog\/a-la-une\/actualites-sur-les-subventions-pour-les-arts\/#primaryimage","url":"https:\/\/greenwichmeridien.fr\/blog\/wp-content\/uploads\/2025\/05\/sdxl-312878537a6c2639e22065110f0febee-scaled.png","contentUrl":"https:\/\/greenwichmeridien.fr\/blog\/wp-content\/uploads\/2025\/05\/sdxl-312878537a6c2639e22065110f0febee-scaled.png","width":1200,"height":500},{"@type":"WebSite","@id":"https:\/\/greenwichmeridien.fr\/blog\/#website","url":"https:\/\/greenwichmeridien.fr\/blog\/","name":"Greenwich M\u00e9ridien","description":"Greenwich M\u00e9ridien, le rep\u00e8re du temps et du voyage","publisher":{"@id":"https:\/\/greenwichmeridien.fr\/blog\/#organization"},"alternateName":"Greenwich M\u00e9ridien, le rep\u00e8re du temps et du voyage","potentialAction":[{"@type":"SearchAction","target":{"@type":"EntryPoint","urlTemplate":"https:\/\/greenwichmeridien.fr\/blog\/?s={search_term_string}"},"query-input":{"@type":"PropertyValueSpecification","valueRequired":true,"valueName":"search_term_string"}}],"inLanguage":"fr-FR"},{"@type":"Organization","@id":"https:\/\/greenwichmeridien.fr\/blog\/#organization","name":"Greenwich M\u00e9ridien","alternateName":"Greenwich M\u00e9ridien","url":"https:\/\/greenwichmeridien.fr\/blog\/","logo":{"@type":"ImageObject","inLanguage":"fr-FR","@id":"https:\/\/greenwichmeridien.fr\/blog\/#\/schema\/logo\/image\/","url":"https:\/\/greenwichmeridien.fr\/blog\/wp-content\/uploads\/2024\/12\/greenwichmeridien.png","contentUrl":"https:\/\/greenwichmeridien.fr\/blog\/wp-content\/uploads\/2024\/12\/greenwichmeridien.png","width":500,"height":500,"caption":"Greenwich M\u00e9ridien"},"image":{"@id":"https:\/\/greenwichmeridien.fr\/blog\/#\/schema\/logo\/image\/"}},{"@type":"Person","@id":"https:\/\/greenwichmeridien.fr\/blog\/#\/schema\/person\/3c864cdc320801e3db34b663e7e3f816","name":"Samuel Chalmin","image":{"@type":"ImageObject","inLanguage":"fr-FR","@id":"https:\/\/greenwichmeridien.fr\/blog\/#\/schema\/person\/image\/","url":"https:\/\/secure.gravatar.com\/avatar\/cef3677de7d237273d13053728f9470818581a8a27d9bf6f5039fd18508a905f?s=96&d=mm&r=g","contentUrl":"https:\/\/secure.gravatar.com\/avatar\/cef3677de7d237273d13053728f9470818581a8a27d9bf6f5039fd18508a905f?s=96&d=mm&r=g","caption":"Samuel Chalmin"},"description":"R\u00e9dacteur du site, il suit les questions de temps et de calendrier : m\u00e9ridien de Greenwich, heure GMT et UTC, fuseaux horaires, changement d'heure, ann\u00e9es bissextiles et jours f\u00e9ri\u00e9s.","sameAs":["https:\/\/samuelchalmin.fr\/"],"url":"https:\/\/greenwichmeridien.fr\/blog\/auteur\/noname\/"}]}},"_links":{"self":[{"href":"https:\/\/greenwichmeridien.fr\/blog\/wp-json\/wp\/v2\/posts\/7414","targetHints":{"allow":["GET"]}}],"collection":[{"href":"https:\/\/greenwichmeridien.fr\/blog\/wp-json\/wp\/v2\/posts"}],"about":[{"href":"https:\/\/greenwichmeridien.fr\/blog\/wp-json\/wp\/v2\/types\/post"}],"author":[{"embeddable":true,"href":"https:\/\/greenwichmeridien.fr\/blog\/wp-json\/wp\/v2\/users\/34"}],"replies":[{"embeddable":true,"href":"https:\/\/greenwichmeridien.fr\/blog\/wp-json\/wp\/v2\/comments?post=7414"}],"version-history":[{"count":0,"href":"https:\/\/greenwichmeridien.fr\/blog\/wp-json\/wp\/v2\/posts\/7414\/revisions"}],"wp:featuredmedia":[{"embeddable":true,"href":"https:\/\/greenwichmeridien.fr\/blog\/wp-json\/wp\/v2\/media\/7419"}],"wp:attachment":[{"href":"https:\/\/greenwichmeridien.fr\/blog\/wp-json\/wp\/v2\/media?parent=7414"}],"wp:term":[{"taxonomy":"category","embeddable":true,"href":"https:\/\/greenwichmeridien.fr\/blog\/wp-json\/wp\/v2\/categories?post=7414"},{"taxonomy":"post_tag","embeddable":true,"href":"https:\/\/greenwichmeridien.fr\/blog\/wp-json\/wp\/v2\/tags?post=7414"}],"curies":[{"name":"wp","href":"https:\/\/api.w.org\/{rel}","templated":true}]}}