{"id":7451,"date":"2025-06-14T22:24:19","date_gmt":"2025-06-14T20:24:19","guid":{"rendered":"https:\/\/greenwichmeridien.fr\/blog\/a-la-une\/decouverte-gourmande-marches-fermiers-et-food-trucks-incontournables-a-greenwich\/"},"modified":"2025-06-14T22:24:19","modified_gmt":"2025-06-14T20:24:19","slug":"decouverte-gourmande-marches-fermiers-et-food-trucks-incontournables-a-greenwich","status":"publish","type":"post","link":"https:\/\/greenwichmeridien.fr\/blog\/a-la-une\/decouverte-gourmande-marches-fermiers-et-food-trucks-incontournables-a-greenwich\/","title":{"rendered":"D\u00e9couverte gourmande : march\u00e9s fermiers et food trucks incontournables \u00e0 Greenwich"},"content":{"rendered":"<h1>D\u00e9couverte gourmande : march\u00e9s fermiers et food trucks incontournables \u00e0 Greenwich<\/h1>\n<h2>Rendez-vous phare : le Greenwich Farmers Market au Horseneck Lot<\/h2>\n<p>\nUne fois le printemps revenu, le c\u0153ur de Greenwich bat au rythme du <strong>Greenwich Farmers Market<\/strong>, install\u00e9 chaque samedi sur le <strong>parking \u00e0 l\u2019angle d\u2019Arch Street et Horseneck Lane<\/strong>. Ce march\u00e9 saisonnier, ouvert de <u>mai \u00e0 novembre<\/u>, attire aussi bien les familles habitu\u00e9es que les visiteurs curieux, d\u00e9sireux de retrouver l\u2019ambiance conviviale qui fait sa renomm\u00e9e. D\u00e8s <strong>9h30<\/strong>, une foule se forme \u00e0 l\u2019entr\u00e9e, attentive \u00e0 la <strong>cloche d\u2019ouverture<\/strong>, signal embl\u00e9matique autorisant la balade entre les stands.<br \/>\nL\u2019ambiance y est chaleureuse, les \u00e9changes nourris, et la diversit\u00e9 des exposants impressionne par sa rigueur. Sur place, on d\u00e9couvre une s\u00e9lection pointue de producteurs engag\u00e9s, mais aussi une palette de saveurs, allant des l\u00e9gumes fra\u00eechement r\u00e9colt\u00e9s aux plats pr\u00e9par\u00e9s, en passant par des sp\u00e9cialit\u00e9s sucr\u00e9es et des produits de la mer.<\/p>\n<ul>\n<li><strong>Adresse pr\u00e9cise&nbsp;:<\/strong> Commuter Parking Lot, intersection Arch Street et Horseneck Lane<\/li>\n<li><strong>Horaires&nbsp;:<\/strong> Tous les samedis, de 9h30 \u00e0 13h<\/li>\n<li><strong>P\u00e9riode&nbsp;:<\/strong> Semaine d\u2019ouverture en mai jusqu\u2019\u00e0 la mi-novembre<\/li>\n<li><strong>Particularit\u00e9&nbsp;:<\/strong> Ouverture officielle par la cloche, ambiance ritualis\u00e9e et absence d\u2019animaux pour des raisons sanitaires<\/li>\n<\/ul>\n<p>\nCe rendez-vous hebdomadaire est consid\u00e9r\u00e9 comme un <u>rituel de sortie \u00e0 Greenwich<\/u> apr\u00e8s les longs mois d\u2019hiver&nbsp;: l\u2019occasion de remplir le panier de produits de saison et d\u2019\u00e9changer aussi bien avec les producteurs qu\u2019avec les voisins du quartier.\n<\/p>\n<h2>Nouveaut\u00e9s et tr\u00e9sors du march\u00e9&nbsp;: zoom sur les artisans vedettes<\/h2>\n<p>\nL\u2019ann\u00e9e 2025 marque une \u00e9tape avec l\u2019arriv\u00e9e de <strong>nouveaux exposants<\/strong> soigneusement s\u00e9lectionn\u00e9s, souhaitant apporter une valeur ajout\u00e9e \u00e0 l\u2019offre d\u00e9j\u00e0 remarquable du march\u00e9. Chacun d\u2019eux incarne un savoir-faire local, parfois familial, qui s\u2019inscrit dans la dur\u00e9e.\n<\/p>\n<ul>\n<li>\n    <strong>Jackie\u2019s Empanadas on the Go<\/strong> : Jackie Mendive, originaire d\u2019Argentine, revisite la tradition de l\u2019empanada \u00e0 Greenwich. Fra\u00eechement pr\u00e9par\u00e9es, ses empanadas s\u00e9duisent par leur g\u00e9n\u00e9rosit\u00e9 et leur authenticit\u00e9. Disponibles \u00e0 consommer sur place ou \u00e0 emporter pour un repas express, elles sont pens\u00e9es pour satisfaire aussi bien les amateurs de saveurs exotiques que les familles en qu\u00eate de simplicit\u00e9. Leur succ\u00e8s tient \u00e0 la <u>qualit\u00e9 des ingr\u00e9dients<\/u> et \u00e0 une recette familiale perfectionn\u00e9e au fil des march\u00e9s.\n  <\/li>\n<li>\n    <strong>Kalenauskas Farm, LLC<\/strong> : Exploit\u00e9e depuis plusieurs g\u00e9n\u00e9rations \u00e0 Watertown, la famille Kalenauskas propose une s\u00e9lection <strong>exceptionnelle de viandes fermi\u00e8re<\/strong>. L\u2019\u00e9levage y est men\u00e9 dans le respect des cycles naturels, garantissant des produits go\u00fbteux, issus d\u2019animaux \u00e9lev\u00e9s en plein air. La vari\u00e9t\u00e9 des coupes, la transparence sur l\u2019origine et la possibilit\u00e9 d\u2019obtenir des conseils sur la pr\u00e9paration font de ce stand une r\u00e9f\u00e9rence aupr\u00e8s des connaisseurs.\n  <\/li>\n<li>\n    <strong>Oceans 180<\/strong> : Sp\u00e9cialiste des <strong>fruits de mer<\/strong> et poissons ultra-frais, Oceans 180 concentre toute son offre sur la p\u00eache locale, exclusivement dans un rayon de 180 miles autour de Greenwich. Chaque semaine, la s\u00e9lection varie, s\u2019adaptant aux arrivages et saisons. Ce stand est devenu un passage oblig\u00e9 pour ceux qui recherchent une authentique fra\u00eecheur ou souhaitent d\u00e9couvrir des esp\u00e8ces moins connues, issues de la p\u00eache durable.\n  <\/li>\n<\/ul>\n<p>\nCes artisans incarnent l\u2019\u00e9volution du march\u00e9 et t\u00e9moignent de la volont\u00e9 de proposer une exp\u00e9rience toujours renouvel\u00e9e, tout en respectant les fondamentaux de la <strong>qualit\u00e9<\/strong> et de la <strong>tra\u00e7abilit\u00e9<\/strong>.\n<\/p>\n<h2>Les incontournables des producteurs historiques<\/h2>\n<p>\nParmi les piliers du Greenwich Farmers Market, plusieurs exposants fid\u00e9lisent une client\u00e8le exigeante gr\u00e2ce \u00e0 la constance de leur qualit\u00e9 et \u00e0 leur ancrage dans le terroir r\u00e9gional. Leur pr\u00e9sence structure l\u2019offre du march\u00e9 et garantit une exp\u00e9rience authentique.\n<\/p>\n<ul>\n<li>\n    <strong>Oronoque Farms Bakery<\/strong> : La boulangerie r\u00e9put\u00e9e s\u00e9duit avec ses tartes prim\u00e9es par Connecticut Magazine et ses beignets de cidre, produits r\u00e9guli\u00e8rement en rupture tant ils sont convoit\u00e9s. La vari\u00e9t\u00e9 des p\u00e2tisseries refl\u00e8te un savoir-faire transmis et adapt\u00e9 aux go\u00fbts locaux.\n  <\/li>\n<li>\n    <strong>Riverbank Farm<\/strong> : Pr\u00e9curseur du <u>l\u00e9gume biologique<\/u> \u00e0 Greenwich, Riverbank Farm offre un panel de produits de saison, cultiv\u00e9s selon des m\u00e9thodes respectueuses de l\u2019environnement, appr\u00e9ci\u00e9es pour leur fra\u00eecheur et leur go\u00fbt intense.\n  <\/li>\n<li>\n    <strong>Sankow\u2019s Beaver Brook Farm<\/strong> : Ce stand, pl\u00e9biscit\u00e9 par les amateurs de produits ovins, pr\u00e9sente une gamme compl\u00e8te allant de la viande d\u2019agneau aux fromages, en passant par des plats pr\u00e9par\u00e9s maison. Leur engagement en faveur de la qualit\u00e9 et du bien-\u00eatre animal est unanimement salu\u00e9.\n  <\/li>\n<li>\n    <strong>The Herb Basket LLC<\/strong> : R\u00e9put\u00e9 pour ses confitures artisanales, son sirop d\u2019\u00e9rable pur et ses conserves, c\u2019est l\u2019adresse incontournable pour les amateurs de douceurs, soucieux de l\u2019origine des ingr\u00e9dients et du respect des recettes traditionnelles.\n  <\/li>\n<li>\n    <strong>American Dream Coffee Co.<\/strong> : \u00c0 chaque \u00e9dition, ce torr\u00e9facteur local \u00e9veille les sens avec l\u2019ar\u00f4me de ses caf\u00e9s fra\u00eechement moulus, contribuant \u00e0 la convivialit\u00e9 du march\u00e9 et offrant une halte bienvenue aux visiteurs matinaux.\n  <\/li>\n<li>\n    <strong>Seacoast Mushrooms<\/strong> : La vari\u00e9t\u00e9 impressionnante de champignons propos\u00e9s par Seacoast Mushrooms en fait un rep\u00e8re pour les cuisiniers \u00e0 la recherche de produits rares ou d\u2019inspirations nouvelles.\n  <\/li>\n<\/ul>\n<p>\nChoisir ces producteurs historiques, c\u2019est miser sur la r\u00e9gularit\u00e9, la transparence et la passion, tout en profitant de conseils avis\u00e9s sur les meilleurs usages culinaires pour chaque produit d\u00e9voil\u00e9.\n<\/p>\n<h2>Ambiance, conseils pratiques et exp\u00e9rience sur place<\/h2>\n<p>\nLe <strong>Greenwich Farmers Market<\/strong> ne se limite pas \u00e0 la vente directe, il instaure une atmosph\u00e8re o\u00f9 chaque visite prend des allures de retrouvailles. Les discussions spontan\u00e9es, les d\u00e9gustations organis\u00e9es et les rencontres impr\u00e9vues font du march\u00e9 un lieu vivant, propice \u00e0 l\u2019\u00e9change et \u00e0 la d\u00e9couverte. Cette dynamique favorise la cr\u00e9ation de liens sociaux tout autant que le partage d\u2019astuces culinaires.\n<\/p>\n<ul>\n<li>\n    Arriver d\u00e8s <u>l\u2019ouverture<\/u> permet de profiter des meilleurs produits et d\u2019\u00e9viter la forte affluence des heures tardives.\n  <\/li>\n<li>\n    Pr\u00e9voir un <strong>panier r\u00e9utilisable<\/strong> ou un sac isotherme pour transporter les denr\u00e9es fragiles, surtout les produits de la mer ou les fromages.\n  <\/li>\n<li>\n    Suivre l\u2019actualit\u00e9 des stands sur leurs <strong>r\u00e9seaux sociaux<\/strong> offre l\u2019assurance d\u2019\u00eatre inform\u00e9 sur les arrivages exceptionnels et les ateliers ponctuels.\n  <\/li>\n<li>\n    Respecter l\u2019interdiction des animaux, instaur\u00e9e pour des raisons d\u2019hygi\u00e8ne et de s\u00e9curit\u00e9 alimentaire, ainsi que les consignes affich\u00e9es \u00e0 l\u2019entr\u00e9e.\n  <\/li>\n<\/ul>\n<p>\nSur place, la <strong>circulation fluide<\/strong> entre les \u00e9tals et la possibilit\u00e9 de go\u00fbter \u00e0 certaines sp\u00e9cialit\u00e9s renforcent le plaisir de la d\u00e9couverte. Nous conseillons de privil\u00e9gier les moments de moindre affluence, principalement en tout d\u00e9but de matin\u00e9e, afin de b\u00e9n\u00e9ficier d\u2019un temps d\u2019\u00e9change plus personnalis\u00e9 avec les exposants.\n<\/p>\n<h2>Food trucks&nbsp;: cr\u00e9ateurs de saveurs ambulantes \u00e0 d\u00e9couvrir<\/h2>\n<p>\nAu-del\u00e0 du march\u00e9 fermier traditionnel, la sc\u00e8ne <strong>food trucks<\/strong> de Greenwich se d\u00e9marque par son offre \u00e9clectique, capable de renouveler l\u2019exp\u00e9rience culinaire locale. Loin de la restauration rapide standardis\u00e9e, ces camions restaurateurs s\u2019imposent comme de v\u00e9ritables <u>laboratoires d\u2019inventivit\u00e9 gourmande<\/u>. Leur pr\u00e9sence r\u00e9guli\u00e8re lors d\u2019\u00e9v\u00e9nements associatifs, de festivals ou simplement \u00e0 proximit\u00e9 du march\u00e9, multiplie les occasions de d\u00e9couvrir de nouveaux horizons gustatifs.\n<\/p>\n<ul>\n<li>\n    <strong>Jackie\u2019s Empanadas on the Go<\/strong> anime souvent les abords du march\u00e9, permettant de comparer l\u2019exp\u00e9rience entre la version march\u00e9 et la version food truck.\n  <\/li>\n<li>\n    Plusieurs food trucks ax\u00e9s sur des cuisines du monde (mexicaine, m\u00e9diterran\u00e9enne, fusion asiatique) s\u2019invitent lors des <strong>festivals saisonniers<\/strong> ou des soir\u00e9es organis\u00e9es dans des parcs municipaux.\n  <\/li>\n<li>\n    Certains camions proposent des plats en \u00e9dition limit\u00e9e, mettant en avant les produits cueillis ou p\u00each\u00e9s le jour m\u00eame, renfor\u00e7ant ainsi l\u2019ancrage local de leur d\u00e9marche.\n  <\/li>\n<\/ul>\n<p>\nPour profiter au mieux de cette mouvance ambulante, il est conseill\u00e9 de consulter les annonces sur les r\u00e9seaux sociaux ou de suivre les calendriers d\u2019\u00e9v\u00e9nements municipaux. Cette d\u00e9marche ouvre l\u2019acc\u00e8s \u00e0 des recettes exclusives, \u00e0 des plats cr\u00e9\u00e9s au gr\u00e9 de la saison et \u00e0 des rencontres directes avec des chefs passionn\u00e9s, pr\u00eats \u00e0 partager leur vision de la <strong>street food<\/strong> contemporaine.\n<\/p>\n<h2>Pourquoi privil\u00e9gier les march\u00e9s fermiers et food trucks de Greenwich&nbsp;?<\/h2>\n<p>\nFavoriser les <strong>circuits courts<\/strong> \u00e0 Greenwich, c\u2019est placer la confiance dans le travail des producteurs et artisans locaux, tout en valorisant un mode de consommation responsable et durable. Nous soulignons l\u2019int\u00e9r\u00eat de ce choix, tant pour le palais que pour la soci\u00e9t\u00e9&nbsp;:\n<\/p>\n<ul>\n<li>\n    Acc\u00e8s \u00e0 des produits d\u2019une <u>fra\u00eecheur in\u00e9gal\u00e9e<\/u>, souvent r\u00e9colt\u00e9s la veille ou le matin m\u00eame.<\/li>\n<li>\n    Transparence sur l\u2019<strong>origine<\/strong> et la <strong>tra\u00e7abilit\u00e9<\/strong> des aliments, avec la possibilit\u00e9 de dialoguer directement avec les producteurs pour en apprendre plus sur les m\u00e9thodes de culture ou d\u2019\u00e9levage.\n  <\/li>\n<li>\n    Soutien direct aux agriculteurs, artisans et entrepreneurs, qui r\u00e9investissent cet engagement dans l\u2019\u00e9conomie r\u00e9gionale et la qualit\u00e9 de leur offre.\n  <\/li>\n<li>\n    D\u00e9couverte d\u2019<strong>associations de saveurs in\u00e9dites<\/strong>, gr\u00e2ce \u00e0 la cr\u00e9ativit\u00e9 des artisans et \u00e0 des ingr\u00e9dients artisanaux parfois indisponibles en grande distribution.\n  <\/li>\n<\/ul>\n<p>\nChaque visite dans ces espaces devient une <u>aventure sensorielle<\/u>, o\u00f9 les saveurs renouvel\u00e9es se conjuguent \u00e0 l\u2019enrichissement personnel et au plaisir d\u2019agir en faveur de son territoire. Relever le d\u00e9fi de consommer localement \u00e0 Greenwich, c\u2019est embrasser un art de vivre gourmand et conscient, o\u00f9 la convivialit\u00e9 rivalise avec l\u2019innovation.\n<\/p>\n<hr>\n<div class=\"articles-lies\">\n<h3>\u00c0 lire aussi<\/h3>\n<ul>\n<li><a href=\"https:\/\/greenwichmeridien.fr\/blog\/histoire-et-culture\/lobservatoire-royal-de-greenwich-origine-du-meridien-zero-de-longitude\/\">origine du m\u00e9ridien de Greenwich (Observatoire Royal)<\/a><\/li>\n<li><a href=\"https:\/\/greenwichmeridien.fr\/blog\/a-la-une\/top-des-plateformes-specialisees-pour-reserver-un-pique-nique-inoubliable-dans-les-parcs\/\">R\u00e9server un pique-nique dans les parcs de Greenwich<\/a><\/li>\n<li><a href=\"https:\/\/greenwichmeridien.fr\/blog\/a-la-une\/decouvrez-les-portails-de-visites-theatralisees-au-coeur-du-quartier-tudor-immersion-histoire-et-magie-urbaine\/\">Visites th\u00e9\u00e2tralis\u00e9es du quartier Tudor \u00e0 Greenwich<\/a><\/li>\n<li><a href=\"https:\/\/greenwichmeridien.fr\/blog\/a-la-une\/les-7-meilleurs-salons-pour-savourer-le-the-de-lapres-midi-a-greenwich\/\">Les 7 meilleurs salons pour savourer le th\u00e9 de l\u2019apr\u00e8s-midi \u00e0 Greenwich<\/a><\/li>\n<\/ul>\n<\/div>\n","protected":false},"excerpt":{"rendered":"","protected":false},"author":34,"featured_media":7632,"comment_status":"open","ping_status":"open","sticky":false,"template":"","format":"standard","meta":{"_acf_changed":false,"manual_indexmenow":false,"indexmenow_id_project":0,"footnotes":""},"categories":[1],"tags":[4565,4532,4564],"class_list":["post-7451","post","type-post","status-publish","format-standard","has-post-thumbnail","hentry","category-a-la-une","tag-food-trucks","tag-greenwich","tag-marches-fermiers","generate-columns","tablet-grid-50","mobile-grid-100","grid-parent","grid-25"],"acf":[],"yoast_head":"<!-- This site is optimized with the Yoast SEO Premium plugin v21.3 (Yoast SEO v25.6) - https:\/\/yoast.com\/wordpress\/plugins\/seo\/ -->\n<title>D\u00e9couverte gourmande : march\u00e9s fermiers et food trucks<\/title>\n<meta name=\"description\" content=\"Une fois le printemps revenu, le c\u0153ur de Greenwich bat au rythme du Greenwich Farmers Market, install\u00e9 chaque samedi sur le parking \u00e0 l\u2019angle d\u2019Arch\" \/>\n<meta name=\"robots\" content=\"index, follow, max-snippet:-1, max-image-preview:large, max-video-preview:-1\" \/>\n<link rel=\"canonical\" href=\"https:\/\/greenwichmeridien.fr\/blog\/a-la-une\/decouverte-gourmande-marches-fermiers-et-food-trucks-incontournables-a-greenwich\/\" \/>\n<meta property=\"og:locale\" content=\"fr_FR\" \/>\n<meta property=\"og:type\" content=\"article\" \/>\n<meta property=\"og:title\" content=\"D\u00e9couverte gourmande : march\u00e9s fermiers et food trucks\" \/>\n<meta property=\"og:description\" content=\"Une fois le printemps revenu, le c\u0153ur de Greenwich bat au rythme du Greenwich Farmers Market, install\u00e9 chaque samedi sur le parking \u00e0 l\u2019angle d\u2019Arch\" \/>\n<meta property=\"og:url\" content=\"https:\/\/greenwichmeridien.fr\/blog\/a-la-une\/decouverte-gourmande-marches-fermiers-et-food-trucks-incontournables-a-greenwich\/\" \/>\n<meta property=\"og:site_name\" content=\"greenwichmeridien\" \/>\n<meta property=\"og:image\" content=\"https:\/\/greenwichmeridien.fr\/blog\/wp-content\/uploads\/2025\/07\/sdxl-fe0dad287bb1109966144fa11ab7c9bd-scaled.png\" \/>\n\t<meta property=\"og:image:width\" content=\"1200\" \/>\n\t<meta property=\"og:image:height\" content=\"500\" \/>\n\t<meta property=\"og:image:type\" content=\"image\/png\" \/>\n<meta name=\"author\" content=\"Samuel Chalmin\" \/>\n<meta name=\"twitter:card\" content=\"summary_large_image\" \/>\n<script type=\"application\/ld+json\" class=\"yoast-schema-graph\">{\"@context\":\"https:\/\/schema.org\",\"@graph\":[{\"@type\":\"NewsArticle\",\"@id\":\"https:\/\/greenwichmeridien.fr\/blog\/a-la-une\/decouverte-gourmande-marches-fermiers-et-food-trucks-incontournables-a-greenwich\/#article\",\"isPartOf\":{\"@id\":\"https:\/\/greenwichmeridien.fr\/blog\/a-la-une\/decouverte-gourmande-marches-fermiers-et-food-trucks-incontournables-a-greenwich\/\"},\"author\":{\"name\":\"Samuel Chalmin\",\"@id\":\"https:\/\/greenwichmeridien.fr\/blog\/#\/schema\/person\/3c864cdc320801e3db34b663e7e3f816\"},\"headline\":\"D\u00e9couverte gourmande : march\u00e9s fermiers et food trucks incontournables \u00e0 Greenwich\",\"datePublished\":\"2025-06-14T20:24:19+00:00\",\"mainEntityOfPage\":{\"@id\":\"https:\/\/greenwichmeridien.fr\/blog\/a-la-une\/decouverte-gourmande-marches-fermiers-et-food-trucks-incontournables-a-greenwich\/\"},\"wordCount\":1668,\"commentCount\":0,\"publisher\":{\"@id\":\"https:\/\/greenwichmeridien.fr\/blog\/#organization\"},\"image\":{\"@id\":\"https:\/\/greenwichmeridien.fr\/blog\/a-la-une\/decouverte-gourmande-marches-fermiers-et-food-trucks-incontournables-a-greenwich\/#primaryimage\"},\"thumbnailUrl\":\"https:\/\/greenwichmeridien.fr\/blog\/wp-content\/uploads\/2025\/07\/sdxl-fe0dad287bb1109966144fa11ab7c9bd-scaled.png\",\"keywords\":[\"food trucks\",\"greenwich\",\"marches fermiers\"],\"articleSection\":[\"\u00c0 la une\"],\"inLanguage\":\"fr-FR\",\"potentialAction\":[{\"@type\":\"CommentAction\",\"name\":\"Comment\",\"target\":[\"https:\/\/greenwichmeridien.fr\/blog\/a-la-une\/decouverte-gourmande-marches-fermiers-et-food-trucks-incontournables-a-greenwich\/#respond\"]}]},{\"@type\":\"WebPage\",\"@id\":\"https:\/\/greenwichmeridien.fr\/blog\/a-la-une\/decouverte-gourmande-marches-fermiers-et-food-trucks-incontournables-a-greenwich\/\",\"url\":\"https:\/\/greenwichmeridien.fr\/blog\/a-la-une\/decouverte-gourmande-marches-fermiers-et-food-trucks-incontournables-a-greenwich\/\",\"name\":\"D\u00e9couverte gourmande : march\u00e9s fermiers et food trucks\",\"isPartOf\":{\"@id\":\"https:\/\/greenwichmeridien.fr\/blog\/#website\"},\"primaryImageOfPage\":{\"@id\":\"https:\/\/greenwichmeridien.fr\/blog\/a-la-une\/decouverte-gourmande-marches-fermiers-et-food-trucks-incontournables-a-greenwich\/#primaryimage\"},\"image\":{\"@id\":\"https:\/\/greenwichmeridien.fr\/blog\/a-la-une\/decouverte-gourmande-marches-fermiers-et-food-trucks-incontournables-a-greenwich\/#primaryimage\"},\"thumbnailUrl\":\"https:\/\/greenwichmeridien.fr\/blog\/wp-content\/uploads\/2025\/07\/sdxl-fe0dad287bb1109966144fa11ab7c9bd-scaled.png\",\"datePublished\":\"2025-06-14T20:24:19+00:00\",\"description\":\"Une fois le printemps revenu, le c\u0153ur de Greenwich bat au rythme du Greenwich Farmers Market, install\u00e9 chaque samedi sur le parking \u00e0 l\u2019angle d\u2019Arch\",\"inLanguage\":\"fr-FR\",\"potentialAction\":[{\"@type\":\"ReadAction\",\"target\":[\"https:\/\/greenwichmeridien.fr\/blog\/a-la-une\/decouverte-gourmande-marches-fermiers-et-food-trucks-incontournables-a-greenwich\/\"]}]},{\"@type\":\"ImageObject\",\"inLanguage\":\"fr-FR\",\"@id\":\"https:\/\/greenwichmeridien.fr\/blog\/a-la-une\/decouverte-gourmande-marches-fermiers-et-food-trucks-incontournables-a-greenwich\/#primaryimage\",\"url\":\"https:\/\/greenwichmeridien.fr\/blog\/wp-content\/uploads\/2025\/07\/sdxl-fe0dad287bb1109966144fa11ab7c9bd-scaled.png\",\"contentUrl\":\"https:\/\/greenwichmeridien.fr\/blog\/wp-content\/uploads\/2025\/07\/sdxl-fe0dad287bb1109966144fa11ab7c9bd-scaled.png\",\"width\":1200,\"height\":500},{\"@type\":\"WebSite\",\"@id\":\"https:\/\/greenwichmeridien.fr\/blog\/#website\",\"url\":\"https:\/\/greenwichmeridien.fr\/blog\/\",\"name\":\"Greenwich M\u00e9ridien\",\"description\":\"Greenwich M\u00e9ridien, le rep\u00e8re du temps et du voyage\",\"publisher\":{\"@id\":\"https:\/\/greenwichmeridien.fr\/blog\/#organization\"},\"alternateName\":\"Greenwich M\u00e9ridien, le rep\u00e8re du temps et du voyage\",\"potentialAction\":[{\"@type\":\"SearchAction\",\"target\":{\"@type\":\"EntryPoint\",\"urlTemplate\":\"https:\/\/greenwichmeridien.fr\/blog\/?s={search_term_string}\"},\"query-input\":{\"@type\":\"PropertyValueSpecification\",\"valueRequired\":true,\"valueName\":\"search_term_string\"}}],\"inLanguage\":\"fr-FR\"},{\"@type\":\"Organization\",\"@id\":\"https:\/\/greenwichmeridien.fr\/blog\/#organization\",\"name\":\"Greenwich M\u00e9ridien\",\"alternateName\":\"Greenwich M\u00e9ridien\",\"url\":\"https:\/\/greenwichmeridien.fr\/blog\/\",\"logo\":{\"@type\":\"ImageObject\",\"inLanguage\":\"fr-FR\",\"@id\":\"https:\/\/greenwichmeridien.fr\/blog\/#\/schema\/logo\/image\/\",\"url\":\"https:\/\/greenwichmeridien.fr\/blog\/wp-content\/uploads\/2024\/12\/greenwichmeridien.png\",\"contentUrl\":\"https:\/\/greenwichmeridien.fr\/blog\/wp-content\/uploads\/2024\/12\/greenwichmeridien.png\",\"width\":500,\"height\":500,\"caption\":\"Greenwich M\u00e9ridien\"},\"image\":{\"@id\":\"https:\/\/greenwichmeridien.fr\/blog\/#\/schema\/logo\/image\/\"}},{\"@type\":\"Person\",\"@id\":\"https:\/\/greenwichmeridien.fr\/blog\/#\/schema\/person\/3c864cdc320801e3db34b663e7e3f816\",\"name\":\"Samuel Chalmin\",\"image\":{\"@type\":\"ImageObject\",\"inLanguage\":\"fr-FR\",\"@id\":\"https:\/\/greenwichmeridien.fr\/blog\/#\/schema\/person\/image\/\",\"url\":\"https:\/\/secure.gravatar.com\/avatar\/cef3677de7d237273d13053728f9470818581a8a27d9bf6f5039fd18508a905f?s=96&d=mm&r=g\",\"contentUrl\":\"https:\/\/secure.gravatar.com\/avatar\/cef3677de7d237273d13053728f9470818581a8a27d9bf6f5039fd18508a905f?s=96&d=mm&r=g\",\"caption\":\"Samuel Chalmin\"},\"description\":\"R\u00e9dacteur du site, il suit les questions de temps et de calendrier : m\u00e9ridien de Greenwich, heure GMT et UTC, fuseaux horaires, changement d'heure, ann\u00e9es bissextiles et jours f\u00e9ri\u00e9s.\",\"sameAs\":[\"https:\/\/samuelchalmin.fr\/\"],\"url\":\"https:\/\/greenwichmeridien.fr\/blog\/auteur\/noname\/\"}]}<\/script>\n<!-- \/ Yoast SEO Premium plugin. -->","yoast_head_json":{"title":"D\u00e9couverte gourmande : march\u00e9s fermiers et food trucks","description":"Une fois le printemps revenu, le c\u0153ur de Greenwich bat au rythme du Greenwich Farmers Market, install\u00e9 chaque samedi sur le parking \u00e0 l\u2019angle d\u2019Arch","robots":{"index":"index","follow":"follow","max-snippet":"max-snippet:-1","max-image-preview":"max-image-preview:large","max-video-preview":"max-video-preview:-1"},"canonical":"https:\/\/greenwichmeridien.fr\/blog\/a-la-une\/decouverte-gourmande-marches-fermiers-et-food-trucks-incontournables-a-greenwich\/","og_locale":"fr_FR","og_type":"article","og_title":"D\u00e9couverte gourmande : march\u00e9s fermiers et food trucks","og_description":"Une fois le printemps revenu, le c\u0153ur de Greenwich bat au rythme du Greenwich Farmers Market, install\u00e9 chaque samedi sur le parking \u00e0 l\u2019angle d\u2019Arch","og_url":"https:\/\/greenwichmeridien.fr\/blog\/a-la-une\/decouverte-gourmande-marches-fermiers-et-food-trucks-incontournables-a-greenwich\/","og_site_name":"greenwichmeridien","og_image":[{"width":1200,"height":500,"url":"https:\/\/greenwichmeridien.fr\/blog\/wp-content\/uploads\/2025\/07\/sdxl-fe0dad287bb1109966144fa11ab7c9bd-scaled.png","type":"image\/png"}],"author":"Samuel Chalmin","twitter_card":"summary_large_image","schema":{"@context":"https:\/\/schema.org","@graph":[{"@type":"NewsArticle","@id":"https:\/\/greenwichmeridien.fr\/blog\/a-la-une\/decouverte-gourmande-marches-fermiers-et-food-trucks-incontournables-a-greenwich\/#article","isPartOf":{"@id":"https:\/\/greenwichmeridien.fr\/blog\/a-la-une\/decouverte-gourmande-marches-fermiers-et-food-trucks-incontournables-a-greenwich\/"},"author":{"name":"Samuel Chalmin","@id":"https:\/\/greenwichmeridien.fr\/blog\/#\/schema\/person\/3c864cdc320801e3db34b663e7e3f816"},"headline":"D\u00e9couverte gourmande : march\u00e9s fermiers et food trucks incontournables \u00e0 Greenwich","datePublished":"2025-06-14T20:24:19+00:00","mainEntityOfPage":{"@id":"https:\/\/greenwichmeridien.fr\/blog\/a-la-une\/decouverte-gourmande-marches-fermiers-et-food-trucks-incontournables-a-greenwich\/"},"wordCount":1668,"commentCount":0,"publisher":{"@id":"https:\/\/greenwichmeridien.fr\/blog\/#organization"},"image":{"@id":"https:\/\/greenwichmeridien.fr\/blog\/a-la-une\/decouverte-gourmande-marches-fermiers-et-food-trucks-incontournables-a-greenwich\/#primaryimage"},"thumbnailUrl":"https:\/\/greenwichmeridien.fr\/blog\/wp-content\/uploads\/2025\/07\/sdxl-fe0dad287bb1109966144fa11ab7c9bd-scaled.png","keywords":["food trucks","greenwich","marches fermiers"],"articleSection":["\u00c0 la une"],"inLanguage":"fr-FR","potentialAction":[{"@type":"CommentAction","name":"Comment","target":["https:\/\/greenwichmeridien.fr\/blog\/a-la-une\/decouverte-gourmande-marches-fermiers-et-food-trucks-incontournables-a-greenwich\/#respond"]}]},{"@type":"WebPage","@id":"https:\/\/greenwichmeridien.fr\/blog\/a-la-une\/decouverte-gourmande-marches-fermiers-et-food-trucks-incontournables-a-greenwich\/","url":"https:\/\/greenwichmeridien.fr\/blog\/a-la-une\/decouverte-gourmande-marches-fermiers-et-food-trucks-incontournables-a-greenwich\/","name":"D\u00e9couverte gourmande : march\u00e9s fermiers et food trucks","isPartOf":{"@id":"https:\/\/greenwichmeridien.fr\/blog\/#website"},"primaryImageOfPage":{"@id":"https:\/\/greenwichmeridien.fr\/blog\/a-la-une\/decouverte-gourmande-marches-fermiers-et-food-trucks-incontournables-a-greenwich\/#primaryimage"},"image":{"@id":"https:\/\/greenwichmeridien.fr\/blog\/a-la-une\/decouverte-gourmande-marches-fermiers-et-food-trucks-incontournables-a-greenwich\/#primaryimage"},"thumbnailUrl":"https:\/\/greenwichmeridien.fr\/blog\/wp-content\/uploads\/2025\/07\/sdxl-fe0dad287bb1109966144fa11ab7c9bd-scaled.png","datePublished":"2025-06-14T20:24:19+00:00","description":"Une fois le printemps revenu, le c\u0153ur de Greenwich bat au rythme du Greenwich Farmers Market, install\u00e9 chaque samedi sur le parking \u00e0 l\u2019angle d\u2019Arch","inLanguage":"fr-FR","potentialAction":[{"@type":"ReadAction","target":["https:\/\/greenwichmeridien.fr\/blog\/a-la-une\/decouverte-gourmande-marches-fermiers-et-food-trucks-incontournables-a-greenwich\/"]}]},{"@type":"ImageObject","inLanguage":"fr-FR","@id":"https:\/\/greenwichmeridien.fr\/blog\/a-la-une\/decouverte-gourmande-marches-fermiers-et-food-trucks-incontournables-a-greenwich\/#primaryimage","url":"https:\/\/greenwichmeridien.fr\/blog\/wp-content\/uploads\/2025\/07\/sdxl-fe0dad287bb1109966144fa11ab7c9bd-scaled.png","contentUrl":"https:\/\/greenwichmeridien.fr\/blog\/wp-content\/uploads\/2025\/07\/sdxl-fe0dad287bb1109966144fa11ab7c9bd-scaled.png","width":1200,"height":500},{"@type":"WebSite","@id":"https:\/\/greenwichmeridien.fr\/blog\/#website","url":"https:\/\/greenwichmeridien.fr\/blog\/","name":"Greenwich M\u00e9ridien","description":"Greenwich M\u00e9ridien, le rep\u00e8re du temps et du voyage","publisher":{"@id":"https:\/\/greenwichmeridien.fr\/blog\/#organization"},"alternateName":"Greenwich M\u00e9ridien, le rep\u00e8re du temps et du voyage","potentialAction":[{"@type":"SearchAction","target":{"@type":"EntryPoint","urlTemplate":"https:\/\/greenwichmeridien.fr\/blog\/?s={search_term_string}"},"query-input":{"@type":"PropertyValueSpecification","valueRequired":true,"valueName":"search_term_string"}}],"inLanguage":"fr-FR"},{"@type":"Organization","@id":"https:\/\/greenwichmeridien.fr\/blog\/#organization","name":"Greenwich M\u00e9ridien","alternateName":"Greenwich M\u00e9ridien","url":"https:\/\/greenwichmeridien.fr\/blog\/","logo":{"@type":"ImageObject","inLanguage":"fr-FR","@id":"https:\/\/greenwichmeridien.fr\/blog\/#\/schema\/logo\/image\/","url":"https:\/\/greenwichmeridien.fr\/blog\/wp-content\/uploads\/2024\/12\/greenwichmeridien.png","contentUrl":"https:\/\/greenwichmeridien.fr\/blog\/wp-content\/uploads\/2024\/12\/greenwichmeridien.png","width":500,"height":500,"caption":"Greenwich M\u00e9ridien"},"image":{"@id":"https:\/\/greenwichmeridien.fr\/blog\/#\/schema\/logo\/image\/"}},{"@type":"Person","@id":"https:\/\/greenwichmeridien.fr\/blog\/#\/schema\/person\/3c864cdc320801e3db34b663e7e3f816","name":"Samuel Chalmin","image":{"@type":"ImageObject","inLanguage":"fr-FR","@id":"https:\/\/greenwichmeridien.fr\/blog\/#\/schema\/person\/image\/","url":"https:\/\/secure.gravatar.com\/avatar\/cef3677de7d237273d13053728f9470818581a8a27d9bf6f5039fd18508a905f?s=96&d=mm&r=g","contentUrl":"https:\/\/secure.gravatar.com\/avatar\/cef3677de7d237273d13053728f9470818581a8a27d9bf6f5039fd18508a905f?s=96&d=mm&r=g","caption":"Samuel Chalmin"},"description":"R\u00e9dacteur du site, il suit les questions de temps et de calendrier : m\u00e9ridien de Greenwich, heure GMT et UTC, fuseaux horaires, changement d'heure, ann\u00e9es bissextiles et jours f\u00e9ri\u00e9s.","sameAs":["https:\/\/samuelchalmin.fr\/"],"url":"https:\/\/greenwichmeridien.fr\/blog\/auteur\/noname\/"}]}},"_links":{"self":[{"href":"https:\/\/greenwichmeridien.fr\/blog\/wp-json\/wp\/v2\/posts\/7451","targetHints":{"allow":["GET"]}}],"collection":[{"href":"https:\/\/greenwichmeridien.fr\/blog\/wp-json\/wp\/v2\/posts"}],"about":[{"href":"https:\/\/greenwichmeridien.fr\/blog\/wp-json\/wp\/v2\/types\/post"}],"author":[{"embeddable":true,"href":"https:\/\/greenwichmeridien.fr\/blog\/wp-json\/wp\/v2\/users\/34"}],"replies":[{"embeddable":true,"href":"https:\/\/greenwichmeridien.fr\/blog\/wp-json\/wp\/v2\/comments?post=7451"}],"version-history":[{"count":0,"href":"https:\/\/greenwichmeridien.fr\/blog\/wp-json\/wp\/v2\/posts\/7451\/revisions"}],"wp:featuredmedia":[{"embeddable":true,"href":"https:\/\/greenwichmeridien.fr\/blog\/wp-json\/wp\/v2\/media\/7632"}],"wp:attachment":[{"href":"https:\/\/greenwichmeridien.fr\/blog\/wp-json\/wp\/v2\/media?parent=7451"}],"wp:term":[{"taxonomy":"category","embeddable":true,"href":"https:\/\/greenwichmeridien.fr\/blog\/wp-json\/wp\/v2\/categories?post=7451"},{"taxonomy":"post_tag","embeddable":true,"href":"https:\/\/greenwichmeridien.fr\/blog\/wp-json\/wp\/v2\/tags?post=7451"}],"curies":[{"name":"wp","href":"https:\/\/api.w.org\/{rel}","templated":true}]}}