{"id":7460,"date":"2025-06-14T22:27:47","date_gmt":"2025-06-14T20:27:47","guid":{"rendered":"https:\/\/greenwichmeridien.fr\/blog\/a-la-une\/top-6-des-perles-hotelieres-a-quelques-pas-de-la-meridienne\/"},"modified":"2025-06-14T22:27:47","modified_gmt":"2025-06-14T20:27:47","slug":"top-6-des-perles-hotelieres-a-quelques-pas-de-la-meridienne","status":"publish","type":"post","link":"https:\/\/greenwichmeridien.fr\/blog\/a-la-une\/top-6-des-perles-hotelieres-a-quelques-pas-de-la-meridienne\/","title":{"rendered":"Top 6 des perles h\u00f4teli\u00e8res \u00e0 quelques pas de la m\u00e9ridienne"},"content":{"rendered":"<h1>Top 6 des perles h\u00f4teli\u00e8res \u00e0 quelques pas de la m\u00e9ridienne<\/h1>\n<h2>H\u00f4tel La M\u00e9ridienne : douceur de vivre au pied des monts du Cantal<\/h2>\n<p>\nL&rsquo;<strong>H\u00f4tel La M\u00e9ridienne<\/strong>, situ\u00e9 \u00e0 Anglards de Saint-Flour, s\u00e9duit par son <u>environnement naturel d\u2019exception<\/u> entre la Margeride et les gorges de la Truy\u00e8re. B\u00e9n\u00e9ficiant d\u2019un emplacement de choix \u00e0 proximit\u00e9 imm\u00e9diate du <strong>Viaduc de Garabit<\/strong> et du <strong>Massif Central<\/strong>, cet \u00e9tablissement familial accueille ses h\u00f4tes dans un <strong>parc arbor\u00e9<\/strong>, v\u00e9ritable parenth\u00e8se hors du temps.<br \/>\nLes <strong>15 chambres<\/strong> lumineuses s\u2019ouvrent sur la campagne, offrant calme et confort pour toutes les configurations de s\u00e9jour. Nous appr\u00e9cions particuli\u00e8rement l\u2019attention port\u00e9e \u00e0 la qui\u00e9tude et \u00e0 la convivialit\u00e9, soutenue par une cuisine inventive \u00e9labor\u00e9e \u00e0 partir de produits locaux. Les \u00e9quipements compl\u00e8tent l\u2019exp\u00e9rience&nbsp;: <strong>grande terrasse ombrag\u00e9e<\/strong>, <strong>aire de jeux<\/strong>, <strong>bar<\/strong> et <strong>salle de s\u00e9minaire<\/strong> pour les professionnels.<\/p>\n<ul>\n<li>Proximit\u00e9 imm\u00e9diate du Viaduc de Garabit, \u00e9tape embl\u00e9matique<\/li>\n<li>Chambres adapt\u00e9es aux familles et groupes<\/li>\n<li>Gastronomie r\u00e9gionale revisit\u00e9e<\/li>\n<li>Ambiance chaleureuse et immersive<\/li>\n<\/ul>\n<p>Ce lieu se distingue par sa <strong>capacit\u00e9 \u00e0 marier d\u00e9tente, authenticit\u00e9 et acc\u00e8s privil\u00e9gi\u00e9 aux grands espaces d\u2019Auvergne<\/strong>. L\u2019adresse id\u00e9ale pour renouer avec l\u2019essentiel, loin des foules, tout en savourant des instants gourmands et sinc\u00e8res.\n<\/p>\n<h2>Castel Marie-Louise : \u00e9l\u00e9gance Belle \u00c9poque au bord de l\u2019Atlantique<\/h2>\n<p>\n\u00c0 La Baule, le <strong>Castel Marie-Louise<\/strong> incarne toute la splendeur du raffinement Belle \u00c9poque. Affili\u00e9e Relais &#038; Ch\u00e2teaux, cette demeure de prestige plonge ses visiteurs dans un univers o\u00f9 <u>boiseries anciennes<\/u>, <strong>tissus chatoyants<\/strong> et <strong>jardins fleuris<\/strong> \u00e9voquent l\u2019\u00e9l\u00e9gance d\u2019une \u00e9poque r\u00e9volue sans rien c\u00e9der au confort contemporain.<br \/>\nLes <strong>chambres et suites<\/strong> offrent des vues privil\u00e9gi\u00e9es sur l\u2019oc\u00e9an ou les jardins, habill\u00e9es de mat\u00e9riaux nobles et de d\u00e9cors raffin\u00e9s. Le service, orchestr\u00e9 avec passion, sublime chaque instant du s\u00e9jour, que ce soit lors d\u2019un petit-d\u00e9jeuner sur la terrasse ou d\u2019un d\u00eener gastronomique dans la salle \u00e0 manger historique.<\/p>\n<ul>\n<li>Vue directe sur l\u2019Atlantique<\/li>\n<li>Jardins priv\u00e9s, havre de paix au c\u0153ur de La Baule<\/li>\n<li>Service personnalis\u00e9 Relais &#038; Ch\u00e2teaux<\/li>\n<li>Petits-d\u00e9jeuners gourmands et d\u00eeners d\u2019exception<\/li>\n<\/ul>\n<p>Nous recommandons vivement cet \u00e9tablissement \u00e0 ceux qui privil\u00e9gient le caract\u00e8re et l\u2019\u00e2me des lieux, soucieux de go\u00fbter <strong>l\u2019art de vivre \u00e0 la fran\u00e7aise<\/strong> jusque dans les moindres d\u00e9tails.\n<\/p>\n<h2>Tiara Miramar Beach &#038; Spa : refuge d\u2019exception face \u00e0 la M\u00e9diterran\u00e9e<\/h2>\n<p>\nLe <strong>Tiara Miramar Beach &#038; Spa<\/strong> \u00e0 Th\u00e9oule-sur-Mer se distingue par une <u>situation spectaculaire surplombant la C\u00f4te d\u2019Azur<\/u>. Une <strong>plage priv\u00e9e<\/strong>, une <strong>piscine \u00e0 d\u00e9bordement<\/strong> et un <strong>spa de haut standing<\/strong> composent l\u2019offre. \u00c0 quelques kilom\u00e8tres de Cannes, ce havre, con\u00e7u \u00e0 l\u2019abri de la foule, conjugue inspiration mauresque et design contemporain.<br \/>\nLes h\u00f4tes b\u00e9n\u00e9ficient de <strong>chambres spacieuses<\/strong> aux teintes chaudes, la plupart s\u2019ouvrant sur des terrasses avec vue panoramique. La restauration, inspir\u00e9e par la M\u00e9diterran\u00e9e et servie en terrasse, prolonge l\u2019exp\u00e9rience sensorielle.<\/p>\n<ul>\n<li>Acc\u00e8s direct \u00e0 la mer et installations baln\u00e9aires privatis\u00e9es<\/li>\n<li>Spa complet avec soins personnalis\u00e9s<\/li>\n<li>D\u00e9cor associant tradition mauresque et touches actuelles<\/li>\n<li>Proximit\u00e9 des sites majeurs de la r\u00e9gion (Esterel, Cannes)<\/li>\n<\/ul>\n<p>L\u2019h\u00f4tel Miramar est la r\u00e9f\u00e9rence pour un <strong>s\u00e9jour baln\u00e9aire cinq \u00e9toiles<\/strong>, o\u00f9 chaque d\u00e9tail est pens\u00e9 pour offrir d\u00e9tente et \u00e9merveillement, dans un cadre aussi confidentiel que somptueux.\n<\/p>\n<h2>Ch\u00e2teau de l\u2019Epinay : vie de ch\u00e2teau entre Loire et jardins romantiques<\/h2>\n<p>\nEntre Angers et les vignobles de Loire, le <strong>Ch\u00e2teau de l\u2019Epinay<\/strong> propose une pause dans une <u>d\u00e9pendance class\u00e9e du XVIIe si\u00e8cle<\/u>, entour\u00e9e de jardins \u00e0 l\u2019anglaise et d\u2019un \u00e9tang naturel. L\u2019atmosph\u00e8re unique repose sur la pr\u00e9servation du charme d\u2019antan&nbsp;: salons bois\u00e9s, vo\u00fbtes, chemin\u00e9es et <strong>chambres de caract\u00e8re<\/strong>.<br \/>\nCet \u00e9tablissement se d\u00e9marque par ses espaces bien-\u00eatre, m\u00ealant <strong>spa<\/strong>, <strong>piscines naturelles<\/strong> et soins bio, ainsi que par sa table locavore valorisant les produits du terroir. L\u2019intimit\u00e9 du lieu favorise la <strong>d\u00e9connexion<\/strong>, id\u00e9ale pour couples ou s\u00e9jours contemplatifs.<\/p>\n<ul>\n<li>Parc de plusieurs hectares, balades et d\u00e9tente garanties<\/li>\n<li>Spa et soins personnalis\u00e9s, yoga en plein air<\/li>\n<li>Proximit\u00e9 des ch\u00e2teaux de la Loire et circuits \u0153nologiques<\/li>\n<li>D\u00e9coration raffin\u00e9e, h\u00e9ritage architectural pr\u00e9serv\u00e9<\/li>\n<\/ul>\n<p>Le Ch\u00e2teau de l\u2019Epinay incarne une <strong>exp\u00e9rience immersive dans la tradition lig\u00e9rienne<\/strong>, promesse d\u2019un s\u00e9jour empreint de romantisme et de ressourcement.\n<\/p>\n<h2>Les Bergeries de Palombaggia : havre de paix corse \u00e0 l\u2019ombre des pins<\/h2>\n<p>\nAu sud de Porto-Vecchio, <strong>Les Bergeries de Palombaggia<\/strong> se pr\u00e9sentent comme une escale exclusive, tourn\u00e9e vers la M\u00e9diterran\u00e9e. L\u2019architecture, inspir\u00e9e des <u>bergeries traditionnelles corses<\/u>, s\u2019int\u00e8gre harmonieusement \u00e0 la pin\u00e8de et la garrigue, proposant une atmosph\u00e8re intime et feutr\u00e9e, loin des grands complexes.<br \/>\nLes <strong>suites \u00e9l\u00e9gantes<\/strong> jouxtent des terrasses privatives avec vue sur la mer turquoise, et la <strong>piscine \u00e0 d\u00e9bordement<\/strong> s\u2019ouvre sur le panorama des \u00eeles Cerbicale. L\u2019offre culinaire met \u00e0 l\u2019honneur les saveurs du maquis et les produits insulaires, renfor\u00e7ant le sentiment d\u2019authenticit\u00e9.<\/p>\n<ul>\n<li>Vue imprenable sur la plage de Palombaggia<\/li>\n<li>Service attentionn\u00e9 et accueil personnalis\u00e9<\/li>\n<li>Environnement naturel prot\u00e9g\u00e9, calme absolu<\/li>\n<li>Acc\u00e8s direct aux sentiers de randonn\u00e9e et activit\u00e9s nautiques<\/li>\n<\/ul>\n<p>Cet h\u00f4tel, r\u00e9serv\u00e9 \u00e0 une client\u00e8le en qu\u00eate de tranquillit\u00e9, s\u00e9duit par sa <strong>capacit\u00e9 \u00e0 conjuguer raffinement discret et immersion dans la nature corse<\/strong>. Une adresse que nous recommandons pour des s\u00e9jours romantiques ou contemplatifs.\n<\/p>\n<h2>Villa Florence : \u00e9l\u00e9gance proven\u00e7ale dans un d\u00e9cor d\u2019exception<\/h2>\n<p>\nAu c\u0153ur de la Provence, la <strong>Villa Florence<\/strong> se trouve nich\u00e9e entre les champs de lavande et les rangs de vignes ondoyantes. B\u00e2tie en <strong>bastide de caract\u00e8re<\/strong>, cette demeure propose des <u>chambres lumineuses d\u00e9cor\u00e9es avec soin<\/u> et donnant sur un <strong>jardin m\u00e9diterran\u00e9en<\/strong> o\u00f9 la piscine invite \u00e0 la relaxation.<br \/>\nLe charme op\u00e8re d\u00e8s l\u2019arriv\u00e9e&nbsp;: mobilier d\u2019\u00e9poque, senteurs florales, et petites attentions quotidiennes composent une atmosph\u00e8re propice \u00e0 la d\u00e9tente. L\u2019adresse convient parfaitement \u00e0 ceux qui souhaitent s\u2019adonner \u00e0 la d\u00e9couverte des villages perch\u00e9s, des march\u00e9s proven\u00e7aux et des domaines viticoles \u00e0 proximit\u00e9.<\/p>\n<ul>\n<li>Piscine ext\u00e9rieure, solarium et jardins aromatiques<\/li>\n<li>Petit-d\u00e9jeuner maison, produits du terroir<\/li>\n<li>Ambiance conviviale et conseils personnalis\u00e9s pour organiser vos visites<\/li>\n<li>Situation centrale pour rayonner vers Gordes, Roussillon ou l\u2019Isle-sur-la-Sorgue<\/li>\n<\/ul>\n<p>La Villa Florence s\u00e9duit par son <strong>hospitalit\u00e9 authentique<\/strong> et son cadre idyllique offrant <u>une exp\u00e9rience sensorielle in\u00e9gal\u00e9e sous le soleil proven\u00e7al<\/u>. Un vrai coup de c\u0153ur pour les amateurs de douceur de vivre r\u00e9gionale.\n<\/p>\n<hr>\n<div class=\"articles-lies\">\n<h3>\u00c0 lire aussi<\/h3>\n<ul>\n<li><a href=\"https:\/\/greenwichmeridien.fr\/blog\/histoire-et-culture\/lobservatoire-royal-de-greenwich-origine-du-meridien-zero-de-longitude\/\">origine du m\u00e9ridien de Greenwich (Observatoire Royal)<\/a><\/li>\n<li><a href=\"https:\/\/greenwichmeridien.fr\/blog\/a-la-une\/applications-innovantes-pour-visualiser-et-analyser-la-courbe-du-time-ball\/\">Applications pour visualiser la courbe du Time Ball<\/a><\/li>\n<li><a href=\"https:\/\/greenwichmeridien.fr\/blog\/a-la-une\/top-6-des-hotels-de-charme-incontournables-a-deux-pas-de-la-meridienne\/\">Top 6 h\u00f4tels de charme pr\u00e8s de la M\u00e9ridienne<\/a><\/li>\n<li><a href=\"https:\/\/greenwichmeridien.fr\/blog\/a-la-une\/realite-augmentee-et-astronomie-explorer-lobservatoire-autrement-grace-aux-applications\/\">R\u00e9alit\u00e9 augment\u00e9e et astronomie : explorer l\u2019observatoire autrement gr\u00e2ce aux applications<\/a><\/li>\n<\/ul>\n<\/div>\n","protected":false},"excerpt":{"rendered":"","protected":false},"author":34,"featured_media":7566,"comment_status":"open","ping_status":"open","sticky":false,"template":"","format":"standard","meta":{"_acf_changed":false,"manual_indexmenow":false,"indexmenow_id_project":0,"footnotes":""},"categories":[1],"tags":[4585,4586,4584],"class_list":["post-7460","post","type-post","status-publish","format-standard","has-post-thumbnail","hentry","category-a-la-une","tag-destinations","tag-hebergement","tag-hotellerie","generate-columns","tablet-grid-50","mobile-grid-100","grid-parent","grid-25"],"acf":[],"yoast_head":"<!-- This site is optimized with the Yoast SEO Premium plugin v21.3 (Yoast SEO v25.6) - https:\/\/yoast.com\/wordpress\/plugins\/seo\/ -->\n<title>Top 6 h\u00f4tels pr\u00e8s de la m\u00e9ridienne de Greenwich<\/title>\n<meta name=\"description\" content=\"L&#039;H\u00f4tel La M\u00e9ridienne, situ\u00e9 \u00e0 Anglards de Saint-Flour, s\u00e9duit par son environnement naturel d\u2019exception entre la Margeride et les gorges de la Truy\u00e8re\" \/>\n<meta name=\"robots\" content=\"index, follow, max-snippet:-1, max-image-preview:large, max-video-preview:-1\" \/>\n<link rel=\"canonical\" href=\"https:\/\/greenwichmeridien.fr\/blog\/a-la-une\/top-6-des-perles-hotelieres-a-quelques-pas-de-la-meridienne\/\" \/>\n<meta property=\"og:locale\" content=\"fr_FR\" \/>\n<meta property=\"og:type\" content=\"article\" \/>\n<meta property=\"og:title\" content=\"Top 6 h\u00f4tels pr\u00e8s de la m\u00e9ridienne de Greenwich\" \/>\n<meta property=\"og:description\" content=\"L&#039;H\u00f4tel La M\u00e9ridienne, situ\u00e9 \u00e0 Anglards de Saint-Flour, s\u00e9duit par son environnement naturel d\u2019exception entre la Margeride et les gorges de la Truy\u00e8re\" \/>\n<meta property=\"og:url\" content=\"https:\/\/greenwichmeridien.fr\/blog\/a-la-une\/top-6-des-perles-hotelieres-a-quelques-pas-de-la-meridienne\/\" \/>\n<meta property=\"og:site_name\" content=\"greenwichmeridien\" \/>\n<meta property=\"og:image\" content=\"https:\/\/greenwichmeridien.fr\/blog\/wp-content\/uploads\/2025\/07\/sdxl-d6b62a4d2249508bc527103febd41686-scaled.png\" \/>\n\t<meta property=\"og:image:width\" content=\"1200\" \/>\n\t<meta property=\"og:image:height\" content=\"500\" \/>\n\t<meta property=\"og:image:type\" content=\"image\/png\" \/>\n<meta name=\"author\" content=\"Samuel Chalmin\" \/>\n<meta name=\"twitter:card\" content=\"summary_large_image\" \/>\n<script type=\"application\/ld+json\" class=\"yoast-schema-graph\">{\"@context\":\"https:\/\/schema.org\",\"@graph\":[{\"@type\":\"NewsArticle\",\"@id\":\"https:\/\/greenwichmeridien.fr\/blog\/a-la-une\/top-6-des-perles-hotelieres-a-quelques-pas-de-la-meridienne\/#article\",\"isPartOf\":{\"@id\":\"https:\/\/greenwichmeridien.fr\/blog\/a-la-une\/top-6-des-perles-hotelieres-a-quelques-pas-de-la-meridienne\/\"},\"author\":{\"name\":\"Samuel Chalmin\",\"@id\":\"https:\/\/greenwichmeridien.fr\/blog\/#\/schema\/person\/3c864cdc320801e3db34b663e7e3f816\"},\"headline\":\"Top 6 des perles h\u00f4teli\u00e8res \u00e0 quelques pas de la m\u00e9ridienne\",\"datePublished\":\"2025-06-14T20:27:47+00:00\",\"mainEntityOfPage\":{\"@id\":\"https:\/\/greenwichmeridien.fr\/blog\/a-la-une\/top-6-des-perles-hotelieres-a-quelques-pas-de-la-meridienne\/\"},\"wordCount\":1212,\"commentCount\":0,\"publisher\":{\"@id\":\"https:\/\/greenwichmeridien.fr\/blog\/#organization\"},\"image\":{\"@id\":\"https:\/\/greenwichmeridien.fr\/blog\/a-la-une\/top-6-des-perles-hotelieres-a-quelques-pas-de-la-meridienne\/#primaryimage\"},\"thumbnailUrl\":\"https:\/\/greenwichmeridien.fr\/blog\/wp-content\/uploads\/2025\/07\/sdxl-d6b62a4d2249508bc527103febd41686-scaled.png\",\"keywords\":[\"destinations\",\"hebergement\",\"hotellerie\"],\"articleSection\":[\"\u00c0 la une\"],\"inLanguage\":\"fr-FR\",\"potentialAction\":[{\"@type\":\"CommentAction\",\"name\":\"Comment\",\"target\":[\"https:\/\/greenwichmeridien.fr\/blog\/a-la-une\/top-6-des-perles-hotelieres-a-quelques-pas-de-la-meridienne\/#respond\"]}]},{\"@type\":\"WebPage\",\"@id\":\"https:\/\/greenwichmeridien.fr\/blog\/a-la-une\/top-6-des-perles-hotelieres-a-quelques-pas-de-la-meridienne\/\",\"url\":\"https:\/\/greenwichmeridien.fr\/blog\/a-la-une\/top-6-des-perles-hotelieres-a-quelques-pas-de-la-meridienne\/\",\"name\":\"Top 6 h\u00f4tels pr\u00e8s de la m\u00e9ridienne de Greenwich\",\"isPartOf\":{\"@id\":\"https:\/\/greenwichmeridien.fr\/blog\/#website\"},\"primaryImageOfPage\":{\"@id\":\"https:\/\/greenwichmeridien.fr\/blog\/a-la-une\/top-6-des-perles-hotelieres-a-quelques-pas-de-la-meridienne\/#primaryimage\"},\"image\":{\"@id\":\"https:\/\/greenwichmeridien.fr\/blog\/a-la-une\/top-6-des-perles-hotelieres-a-quelques-pas-de-la-meridienne\/#primaryimage\"},\"thumbnailUrl\":\"https:\/\/greenwichmeridien.fr\/blog\/wp-content\/uploads\/2025\/07\/sdxl-d6b62a4d2249508bc527103febd41686-scaled.png\",\"datePublished\":\"2025-06-14T20:27:47+00:00\",\"description\":\"L'H\u00f4tel La M\u00e9ridienne, situ\u00e9 \u00e0 Anglards de Saint-Flour, s\u00e9duit par son environnement naturel d\u2019exception entre la Margeride et les gorges de la Truy\u00e8re\",\"inLanguage\":\"fr-FR\",\"potentialAction\":[{\"@type\":\"ReadAction\",\"target\":[\"https:\/\/greenwichmeridien.fr\/blog\/a-la-une\/top-6-des-perles-hotelieres-a-quelques-pas-de-la-meridienne\/\"]}]},{\"@type\":\"ImageObject\",\"inLanguage\":\"fr-FR\",\"@id\":\"https:\/\/greenwichmeridien.fr\/blog\/a-la-une\/top-6-des-perles-hotelieres-a-quelques-pas-de-la-meridienne\/#primaryimage\",\"url\":\"https:\/\/greenwichmeridien.fr\/blog\/wp-content\/uploads\/2025\/07\/sdxl-d6b62a4d2249508bc527103febd41686-scaled.png\",\"contentUrl\":\"https:\/\/greenwichmeridien.fr\/blog\/wp-content\/uploads\/2025\/07\/sdxl-d6b62a4d2249508bc527103febd41686-scaled.png\",\"width\":1200,\"height\":500},{\"@type\":\"WebSite\",\"@id\":\"https:\/\/greenwichmeridien.fr\/blog\/#website\",\"url\":\"https:\/\/greenwichmeridien.fr\/blog\/\",\"name\":\"Greenwich M\u00e9ridien\",\"description\":\"Greenwich M\u00e9ridien, le rep\u00e8re du temps et du voyage\",\"publisher\":{\"@id\":\"https:\/\/greenwichmeridien.fr\/blog\/#organization\"},\"alternateName\":\"Greenwich M\u00e9ridien, le rep\u00e8re du temps et du voyage\",\"potentialAction\":[{\"@type\":\"SearchAction\",\"target\":{\"@type\":\"EntryPoint\",\"urlTemplate\":\"https:\/\/greenwichmeridien.fr\/blog\/?s={search_term_string}\"},\"query-input\":{\"@type\":\"PropertyValueSpecification\",\"valueRequired\":true,\"valueName\":\"search_term_string\"}}],\"inLanguage\":\"fr-FR\"},{\"@type\":\"Organization\",\"@id\":\"https:\/\/greenwichmeridien.fr\/blog\/#organization\",\"name\":\"Greenwich M\u00e9ridien\",\"alternateName\":\"Greenwich M\u00e9ridien\",\"url\":\"https:\/\/greenwichmeridien.fr\/blog\/\",\"logo\":{\"@type\":\"ImageObject\",\"inLanguage\":\"fr-FR\",\"@id\":\"https:\/\/greenwichmeridien.fr\/blog\/#\/schema\/logo\/image\/\",\"url\":\"https:\/\/greenwichmeridien.fr\/blog\/wp-content\/uploads\/2024\/12\/greenwichmeridien.png\",\"contentUrl\":\"https:\/\/greenwichmeridien.fr\/blog\/wp-content\/uploads\/2024\/12\/greenwichmeridien.png\",\"width\":500,\"height\":500,\"caption\":\"Greenwich M\u00e9ridien\"},\"image\":{\"@id\":\"https:\/\/greenwichmeridien.fr\/blog\/#\/schema\/logo\/image\/\"}},{\"@type\":\"Person\",\"@id\":\"https:\/\/greenwichmeridien.fr\/blog\/#\/schema\/person\/3c864cdc320801e3db34b663e7e3f816\",\"name\":\"Samuel Chalmin\",\"image\":{\"@type\":\"ImageObject\",\"inLanguage\":\"fr-FR\",\"@id\":\"https:\/\/greenwichmeridien.fr\/blog\/#\/schema\/person\/image\/\",\"url\":\"https:\/\/secure.gravatar.com\/avatar\/cef3677de7d237273d13053728f9470818581a8a27d9bf6f5039fd18508a905f?s=96&d=mm&r=g\",\"contentUrl\":\"https:\/\/secure.gravatar.com\/avatar\/cef3677de7d237273d13053728f9470818581a8a27d9bf6f5039fd18508a905f?s=96&d=mm&r=g\",\"caption\":\"Samuel Chalmin\"},\"description\":\"R\u00e9dacteur du site, il suit les questions de temps et de calendrier : m\u00e9ridien de Greenwich, heure GMT et UTC, fuseaux horaires, changement d'heure, ann\u00e9es bissextiles et jours f\u00e9ri\u00e9s.\",\"sameAs\":[\"https:\/\/samuelchalmin.fr\/\"],\"url\":\"https:\/\/greenwichmeridien.fr\/blog\/auteur\/noname\/\"}]}<\/script>\n<!-- \/ Yoast SEO Premium plugin. -->","yoast_head_json":{"title":"Top 6 h\u00f4tels pr\u00e8s de la m\u00e9ridienne de Greenwich","description":"L'H\u00f4tel La M\u00e9ridienne, situ\u00e9 \u00e0 Anglards de Saint-Flour, s\u00e9duit par son environnement naturel d\u2019exception entre la Margeride et les gorges de la Truy\u00e8re","robots":{"index":"index","follow":"follow","max-snippet":"max-snippet:-1","max-image-preview":"max-image-preview:large","max-video-preview":"max-video-preview:-1"},"canonical":"https:\/\/greenwichmeridien.fr\/blog\/a-la-une\/top-6-des-perles-hotelieres-a-quelques-pas-de-la-meridienne\/","og_locale":"fr_FR","og_type":"article","og_title":"Top 6 h\u00f4tels pr\u00e8s de la m\u00e9ridienne de Greenwich","og_description":"L'H\u00f4tel La M\u00e9ridienne, situ\u00e9 \u00e0 Anglards de Saint-Flour, s\u00e9duit par son environnement naturel d\u2019exception entre la Margeride et les gorges de la Truy\u00e8re","og_url":"https:\/\/greenwichmeridien.fr\/blog\/a-la-une\/top-6-des-perles-hotelieres-a-quelques-pas-de-la-meridienne\/","og_site_name":"greenwichmeridien","og_image":[{"width":1200,"height":500,"url":"https:\/\/greenwichmeridien.fr\/blog\/wp-content\/uploads\/2025\/07\/sdxl-d6b62a4d2249508bc527103febd41686-scaled.png","type":"image\/png"}],"author":"Samuel Chalmin","twitter_card":"summary_large_image","schema":{"@context":"https:\/\/schema.org","@graph":[{"@type":"NewsArticle","@id":"https:\/\/greenwichmeridien.fr\/blog\/a-la-une\/top-6-des-perles-hotelieres-a-quelques-pas-de-la-meridienne\/#article","isPartOf":{"@id":"https:\/\/greenwichmeridien.fr\/blog\/a-la-une\/top-6-des-perles-hotelieres-a-quelques-pas-de-la-meridienne\/"},"author":{"name":"Samuel Chalmin","@id":"https:\/\/greenwichmeridien.fr\/blog\/#\/schema\/person\/3c864cdc320801e3db34b663e7e3f816"},"headline":"Top 6 des perles h\u00f4teli\u00e8res \u00e0 quelques pas de la m\u00e9ridienne","datePublished":"2025-06-14T20:27:47+00:00","mainEntityOfPage":{"@id":"https:\/\/greenwichmeridien.fr\/blog\/a-la-une\/top-6-des-perles-hotelieres-a-quelques-pas-de-la-meridienne\/"},"wordCount":1212,"commentCount":0,"publisher":{"@id":"https:\/\/greenwichmeridien.fr\/blog\/#organization"},"image":{"@id":"https:\/\/greenwichmeridien.fr\/blog\/a-la-une\/top-6-des-perles-hotelieres-a-quelques-pas-de-la-meridienne\/#primaryimage"},"thumbnailUrl":"https:\/\/greenwichmeridien.fr\/blog\/wp-content\/uploads\/2025\/07\/sdxl-d6b62a4d2249508bc527103febd41686-scaled.png","keywords":["destinations","hebergement","hotellerie"],"articleSection":["\u00c0 la une"],"inLanguage":"fr-FR","potentialAction":[{"@type":"CommentAction","name":"Comment","target":["https:\/\/greenwichmeridien.fr\/blog\/a-la-une\/top-6-des-perles-hotelieres-a-quelques-pas-de-la-meridienne\/#respond"]}]},{"@type":"WebPage","@id":"https:\/\/greenwichmeridien.fr\/blog\/a-la-une\/top-6-des-perles-hotelieres-a-quelques-pas-de-la-meridienne\/","url":"https:\/\/greenwichmeridien.fr\/blog\/a-la-une\/top-6-des-perles-hotelieres-a-quelques-pas-de-la-meridienne\/","name":"Top 6 h\u00f4tels pr\u00e8s de la m\u00e9ridienne de Greenwich","isPartOf":{"@id":"https:\/\/greenwichmeridien.fr\/blog\/#website"},"primaryImageOfPage":{"@id":"https:\/\/greenwichmeridien.fr\/blog\/a-la-une\/top-6-des-perles-hotelieres-a-quelques-pas-de-la-meridienne\/#primaryimage"},"image":{"@id":"https:\/\/greenwichmeridien.fr\/blog\/a-la-une\/top-6-des-perles-hotelieres-a-quelques-pas-de-la-meridienne\/#primaryimage"},"thumbnailUrl":"https:\/\/greenwichmeridien.fr\/blog\/wp-content\/uploads\/2025\/07\/sdxl-d6b62a4d2249508bc527103febd41686-scaled.png","datePublished":"2025-06-14T20:27:47+00:00","description":"L'H\u00f4tel La M\u00e9ridienne, situ\u00e9 \u00e0 Anglards de Saint-Flour, s\u00e9duit par son environnement naturel d\u2019exception entre la Margeride et les gorges de la Truy\u00e8re","inLanguage":"fr-FR","potentialAction":[{"@type":"ReadAction","target":["https:\/\/greenwichmeridien.fr\/blog\/a-la-une\/top-6-des-perles-hotelieres-a-quelques-pas-de-la-meridienne\/"]}]},{"@type":"ImageObject","inLanguage":"fr-FR","@id":"https:\/\/greenwichmeridien.fr\/blog\/a-la-une\/top-6-des-perles-hotelieres-a-quelques-pas-de-la-meridienne\/#primaryimage","url":"https:\/\/greenwichmeridien.fr\/blog\/wp-content\/uploads\/2025\/07\/sdxl-d6b62a4d2249508bc527103febd41686-scaled.png","contentUrl":"https:\/\/greenwichmeridien.fr\/blog\/wp-content\/uploads\/2025\/07\/sdxl-d6b62a4d2249508bc527103febd41686-scaled.png","width":1200,"height":500},{"@type":"WebSite","@id":"https:\/\/greenwichmeridien.fr\/blog\/#website","url":"https:\/\/greenwichmeridien.fr\/blog\/","name":"Greenwich M\u00e9ridien","description":"Greenwich M\u00e9ridien, le rep\u00e8re du temps et du voyage","publisher":{"@id":"https:\/\/greenwichmeridien.fr\/blog\/#organization"},"alternateName":"Greenwich M\u00e9ridien, le rep\u00e8re du temps et du voyage","potentialAction":[{"@type":"SearchAction","target":{"@type":"EntryPoint","urlTemplate":"https:\/\/greenwichmeridien.fr\/blog\/?s={search_term_string}"},"query-input":{"@type":"PropertyValueSpecification","valueRequired":true,"valueName":"search_term_string"}}],"inLanguage":"fr-FR"},{"@type":"Organization","@id":"https:\/\/greenwichmeridien.fr\/blog\/#organization","name":"Greenwich M\u00e9ridien","alternateName":"Greenwich M\u00e9ridien","url":"https:\/\/greenwichmeridien.fr\/blog\/","logo":{"@type":"ImageObject","inLanguage":"fr-FR","@id":"https:\/\/greenwichmeridien.fr\/blog\/#\/schema\/logo\/image\/","url":"https:\/\/greenwichmeridien.fr\/blog\/wp-content\/uploads\/2024\/12\/greenwichmeridien.png","contentUrl":"https:\/\/greenwichmeridien.fr\/blog\/wp-content\/uploads\/2024\/12\/greenwichmeridien.png","width":500,"height":500,"caption":"Greenwich M\u00e9ridien"},"image":{"@id":"https:\/\/greenwichmeridien.fr\/blog\/#\/schema\/logo\/image\/"}},{"@type":"Person","@id":"https:\/\/greenwichmeridien.fr\/blog\/#\/schema\/person\/3c864cdc320801e3db34b663e7e3f816","name":"Samuel Chalmin","image":{"@type":"ImageObject","inLanguage":"fr-FR","@id":"https:\/\/greenwichmeridien.fr\/blog\/#\/schema\/person\/image\/","url":"https:\/\/secure.gravatar.com\/avatar\/cef3677de7d237273d13053728f9470818581a8a27d9bf6f5039fd18508a905f?s=96&d=mm&r=g","contentUrl":"https:\/\/secure.gravatar.com\/avatar\/cef3677de7d237273d13053728f9470818581a8a27d9bf6f5039fd18508a905f?s=96&d=mm&r=g","caption":"Samuel Chalmin"},"description":"R\u00e9dacteur du site, il suit les questions de temps et de calendrier : m\u00e9ridien de Greenwich, heure GMT et UTC, fuseaux horaires, changement d'heure, ann\u00e9es bissextiles et jours f\u00e9ri\u00e9s.","sameAs":["https:\/\/samuelchalmin.fr\/"],"url":"https:\/\/greenwichmeridien.fr\/blog\/auteur\/noname\/"}]}},"_links":{"self":[{"href":"https:\/\/greenwichmeridien.fr\/blog\/wp-json\/wp\/v2\/posts\/7460","targetHints":{"allow":["GET"]}}],"collection":[{"href":"https:\/\/greenwichmeridien.fr\/blog\/wp-json\/wp\/v2\/posts"}],"about":[{"href":"https:\/\/greenwichmeridien.fr\/blog\/wp-json\/wp\/v2\/types\/post"}],"author":[{"embeddable":true,"href":"https:\/\/greenwichmeridien.fr\/blog\/wp-json\/wp\/v2\/users\/34"}],"replies":[{"embeddable":true,"href":"https:\/\/greenwichmeridien.fr\/blog\/wp-json\/wp\/v2\/comments?post=7460"}],"version-history":[{"count":0,"href":"https:\/\/greenwichmeridien.fr\/blog\/wp-json\/wp\/v2\/posts\/7460\/revisions"}],"wp:featuredmedia":[{"embeddable":true,"href":"https:\/\/greenwichmeridien.fr\/blog\/wp-json\/wp\/v2\/media\/7566"}],"wp:attachment":[{"href":"https:\/\/greenwichmeridien.fr\/blog\/wp-json\/wp\/v2\/media?parent=7460"}],"wp:term":[{"taxonomy":"category","embeddable":true,"href":"https:\/\/greenwichmeridien.fr\/blog\/wp-json\/wp\/v2\/categories?post=7460"},{"taxonomy":"post_tag","embeddable":true,"href":"https:\/\/greenwichmeridien.fr\/blog\/wp-json\/wp\/v2\/tags?post=7460"}],"curies":[{"name":"wp","href":"https:\/\/api.w.org\/{rel}","templated":true}]}}