{"id":7478,"date":"2025-06-14T22:34:49","date_gmt":"2025-06-14T20:34:49","guid":{"rendered":"https:\/\/greenwichmeridien.fr\/blog\/a-la-une\/optimiser-le-choix-des-lieux-pour-des-ateliers-de-jardinage-dans-les-jardins-royaux\/"},"modified":"2025-06-14T22:34:49","modified_gmt":"2025-06-14T20:34:49","slug":"optimiser-le-choix-des-lieux-pour-des-ateliers-de-jardinage-dans-les-jardins-royaux","status":"publish","type":"post","link":"https:\/\/greenwichmeridien.fr\/blog\/a-la-une\/optimiser-le-choix-des-lieux-pour-des-ateliers-de-jardinage-dans-les-jardins-royaux\/","title":{"rendered":"Optimiser le choix des lieux pour des ateliers de jardinage dans les jardins royaux"},"content":{"rendered":"<h1>Optimiser le choix des lieux pour des ateliers de jardinage dans les jardins royaux<\/h1>\n<h2>Analyse du potentiel historique et paysager des jardins royaux<\/h2>\n<p>L\u2019atout majeur des <strong>jardins royaux<\/strong> repose sur leur <strong>ancrage historique<\/strong> unique, transmis intact depuis des si\u00e8cles. Le <strong>Potager du Roi<\/strong>, con\u00e7u entre 1678 et 1683 sous la direction de <strong>Jean-Baptiste de La Quintinie<\/strong>, demeure un exemple vivant du <strong>jardin nourricier \u00e0 la fran\u00e7aise<\/strong>, dont la <u>structure g\u00e9om\u00e9trique<\/u> et la diversit\u00e9 v\u00e9g\u00e9tale rappellent l\u2019excellence horticole du Grand Si\u00e8cle. Pr\u00e9server l\u2019atmosph\u00e8re originelle tout en s\u2019ouvrant \u00e0 la p\u00e9dagogie contemporaine constitue selon nous un enjeu fondamental :<\/p>\n<ul>\n<li>Les <strong>axes de circulation historiques<\/strong> offrent un cadre solennel pour accueillir des groupes tout en r\u00e9v\u00e9lant la puissance ordonnatrice du jardin classique.<\/li>\n<li>La <strong>configuration des carr\u00e9s<\/strong>, vastes ou intimistes, permet d\u2019orchestrer des ateliers \u00e0 la fois immersifs et respectueux de l\u2019esprit baroque.<\/li>\n<li>La <strong>pr\u00e9sence de vestiges<\/strong> et d\u2019\u00e9l\u00e9ments originaux, tels que bassins ou murs de cl\u00f4ture, renforce l\u2019authenticit\u00e9 des lieux s\u00e9lectionn\u00e9s.<\/li>\n<\/ul>\n<p>Ce patrimoine vivant b\u00e9n\u00e9ficie d\u2019un <u>label de Jardin remarquable<\/u> et d\u2019une inscription au <u>patrimoine mondial de l\u2019UNESCO<\/u>, encourageant une s\u00e9lection attentive des lieux d\u2019atelier. On remarque que certains espaces moins connus, tout en conservant une histoire forte, permettent d\u2019illustrer la permanence des savoir-faire et la transition vers des pratiques agro\u00e9cologiques modernes.<\/p>\n<h2>Identification des zones adapt\u00e9es \u00e0 la transmission et \u00e0 l\u2019exp\u00e9rimentation<\/h2>\n<p>La <strong>diversit\u00e9 des usages<\/strong> des jardins royaux offre une formidable opportunit\u00e9 pour la transmission directe des savoir-faire horticoles. Plusieurs parcelles du <strong>Potager du Roi<\/strong> sont historiquement d\u00e9di\u00e9es \u00e0 la <strong>production alimentaire<\/strong> ou \u00e0 l\u2019<strong>exp\u00e9rimentation agronomique<\/strong>. S\u00e9lectionner une zone appropri\u00e9e consiste \u00e0 conjuguer respect patrimonial et efficacit\u00e9 p\u00e9dagogique :<\/p>\n<ul>\n<li>Les <strong>carr\u00e9s de culture<\/strong> regroupant des plantations diversifi\u00e9es s\u2019av\u00e8rent particuli\u00e8rement pertinents pour d\u00e9montrer les techniques de <u>taille<\/u>, de <u>semis<\/u> ou de <u>rotation culturale<\/u>.<\/li>\n<li>Les <strong>vergers d\u2019arbres fruitiers taill\u00e9s<\/strong>, entretenus selon les pratiques remontant \u00e0 la cour de Louis XIV, servent d\u2019illustration concr\u00e8te pour l\u2019apprentissage de la taille ou du palissage.<\/li>\n<li>Les <strong>zones d\u2019exp\u00e9rimentation en agro\u00e9cologie<\/strong>, mises en place ces derni\u00e8res ann\u00e9es, t\u00e9moignent de la capacit\u00e9 du domaine \u00e0 se projeter vers l\u2019avenir tout en assurant la transmission d\u2019un savoir-faire pluris\u00e9culaire.<\/li>\n<\/ul>\n<p>L\u2019accessibilit\u00e9 de ces secteurs, leur faible exposition aux passages touristiques massifs, mais aussi leur s\u00e9curit\u00e9 sont \u00e0 examiner avec attention, surtout lors d\u2019ateliers collectifs avec des publics scolaires ou novices. Nous recommandons vivement d\u2019inclure, lors de la s\u00e9lection, une \u00e9valuation syst\u00e9matique des cheminements, de la stabilit\u00e9 des sols et de la possibilit\u00e9 d\u2019adapter les installations en cas d\u2019affluence.<\/p>\n<h2>Valorisation des collections botaniques et vari\u00e9t\u00e9s patrimoniales<\/h2>\n<p>L\u2019une des richesses majeures des <strong>jardins royaux<\/strong> r\u00e9side dans leurs <strong>collections v\u00e9g\u00e9tales<\/strong> historiques. Au <strong>Potager du Roi<\/strong>, plus de <strong>750 vari\u00e9t\u00e9s fruiti\u00e8res et potag\u00e8res<\/strong> anciennes et actuelles sont recens\u00e9es. La s\u00e9lection d\u2019un site d\u2019atelier doit favoriser l\u2019immersion directe au contact de ces <u>collections patrimoniales<\/u>. Nous avons constat\u00e9 que les ateliers ayant lieu \u00e0 proximit\u00e9 imm\u00e9diate :<\/p>\n<ul>\n<li>des <strong>espaliers de pommiers et poiriers<\/strong> taill\u00e9s selon les r\u00e8gles de l\u2019art permettent de transmettre des savoirs techniques tout en sensibilisant \u00e0 la conservation des vari\u00e9t\u00e9s anciennes ;<\/li>\n<li>des <strong>parcelles d\u00e9di\u00e9es aux l\u00e9gumes oubli\u00e9s<\/strong>, tels que le panais ou le cerfeuil tub\u00e9reux, stimulent la d\u00e9couverte de la biodiversit\u00e9 cultiv\u00e9e et des circuits courts en alimentation contemporaine ;<\/li>\n<li>des <strong>massifs de plantes m\u00e9dicinales<\/strong> invitent \u00e0 explorer l\u2019interface entre horticulture, histoire des sciences et pharmacop\u00e9e royale ;<\/li>\n<li>des <strong>zones d\u2019exp\u00e9rimentation vari\u00e9tale<\/strong> men\u00e9es par l\u2019\u00e9cole d\u2019horticulture, illustrent la dynamique de renouvellement et de sauvegarde du patrimoine vivant.<\/li>\n<\/ul>\n<p>Nous soulignons la valeur ajout\u00e9e de ces espaces pour sensibiliser chaque participant \u00e0 une <u>gestion durable de la diversit\u00e9 v\u00e9g\u00e9tale<\/u>, \u00e0 condition de choisir des lieux permettant une observation attentive et respectueuse des collections.<\/p>\n<h2>Prise en compte de la logistique et de l\u2019accessibilit\u00e9 des sites<\/h2>\n<p>S\u00e9lectionner le site optimal implique une analyse rigoureuse des <strong>contraintes logistiques<\/strong> et des <strong>crit\u00e8res de confort<\/strong> pour les participants. Une \u00e9tude approfondie des flux de circulation, r\u00e9alis\u00e9e lors de grands \u00e9v\u00e9nements tels que <strong>Esprit Jardin \u00e0 Versailles<\/strong> qui attire plus de 20 000 visiteurs au printemps, met en lumi\u00e8re plusieurs exigences concr\u00e8tes :<\/p>\n<ul>\n<li>La <strong>proximit\u00e9 de points d\u2019eau potable<\/strong> est indispensable pour garantir l\u2019hydratation et la propret\u00e9 durant les manipulations horticoles.<\/li>\n<li>La <strong>pr\u00e9sence d\u2019abris<\/strong> ou d\u2019espaces ombrag\u00e9s, souvent situ\u00e9s pr\u00e8s de pavillons ou de structures p\u00e9rennes du jardin, assure la tenue d\u2019ateliers m\u00eame en cas d\u2019intemp\u00e9ries ou de fortes chaleurs.<\/li>\n<li>L\u2019<strong>accessibilit\u00e9 pour les personnes \u00e0 mobilit\u00e9 r\u00e9duite<\/strong>, avec des cheminements adapt\u00e9s, repr\u00e9sente un crit\u00e8re incontournable pour tout atelier ouvert au public.<\/li>\n<li>La <strong>proximit\u00e9 d\u2019infrastructures d\u2019accueil<\/strong> (toilettes, espaces de stockage, vestiaires) conditionne la fluidit\u00e9 et la s\u00e9r\u00e9nit\u00e9 des animations, en particulier pour des groupes familiaux ou scolaires.<\/li>\n<\/ul>\n<p>Ces param\u00e8tres logistiques, trop souvent sous-estim\u00e9s, influencent fortement la r\u00e9ussite des ateliers, en particulier lors d\u2019\u00e9v\u00e9nements d\u2019ampleur. A nos yeux, une attention m\u00e9ticuleuse \u00e0 l\u2019int\u00e9gration d\u2019espaces tampons, de zones de repos et de points d\u2019information constitue une garantie de confort, d\u2019efficacit\u00e9 et de s\u00e9curit\u00e9 lors des ateliers de jardinage.<\/p>\n<h2>Int\u00e9gration dans la programmation culturelle et p\u00e9dagogique des jardins royaux<\/h2>\n<p>Choisir les sites d\u2019ateliers ne saurait se limiter \u00e0 une logique spatiale : l\u2019int\u00e9gration dans la <strong>programmation annuelle<\/strong> des <strong>jardins royaux<\/strong> d\u00e9multiplie leur port\u00e9e. La synergie avec l\u2019<strong>\u00c9cole nationale sup\u00e9rieure de paysage<\/strong>, qui assure la gestion du Potager du Roi, et les temps forts comme <strong>Esprit Jardin<\/strong> ou les Journ\u00e9es du Patrimoine, conditionne le rayonnement de ces animations. Nous notons que les ateliers install\u00e9s :<\/p>\n<ul>\n<li>\u00e0 proximit\u00e9 des <strong>expositions temporaires<\/strong> b\u00e9n\u00e9ficient d\u2019une affluence accrue et d\u2019une th\u00e9matique f\u00e9d\u00e9ratrice, rendant la transmission des savoirs plus dynamique ;<\/li>\n<li>dans des secteurs associ\u00e9s \u00e0 des <strong>visites guid\u00e9es th\u00e9matiques<\/strong> cr\u00e9ent une boucle p\u00e9dagogique vertueuse, o\u00f9 la d\u00e9couverte du patrimoine v\u00e9g\u00e9tal s\u2019articule avec l\u2019exp\u00e9rimentation pratique ;<\/li>\n<li>au sein des <strong>zones d\u2019exp\u00e9rimentation p\u00e9dagogique<\/strong> de l\u2019\u00e9cole d\u2019horticulture, inspirent des vocations et attirent un public jeune en qu\u00eate d\u2019apprentissage concret.<\/li>\n<\/ul>\n<p>Cet ancrage dans la programmation globale permet \u00e0 chaque atelier de s\u2019inscrire pleinement dans la dynamique du <u>vivant patrimonial<\/u> et de cultiver un impact durable aupr\u00e8s de tous les publics, du n\u00e9ophyte au passionn\u00e9.<\/p>\n<h2>Conclusion : Vers une exp\u00e9rience horticole exemplaire au sein des jardins royaux<\/h2>\n<p>Le choix des lieux pour les <strong>ateliers de jardinage<\/strong> dans les <strong>jardins royaux<\/strong> s\u2019apparente \u00e0 une v\u00e9ritable <u>science du dialogue entre h\u00e9ritage et innovation<\/u>. Nous sommes convaincus qu\u2019une <strong>analyse approfondie du contexte historique, paysager, botanique et logistique<\/strong> garantit la r\u00e9ussite des animations, tout en consolidant la valorisation de ces sites d\u2019exception.<\/p>\n<p>Face aux enjeux de transmission des savoir-faire, de conservation de la biodiversit\u00e9 cultiv\u00e9e et d\u2019accueil du public, les jardins royaux offrent un mod\u00e8le exemplaire \u00e0 suivre. Il appartient \u00e0 chacun, gestionnaires, enseignants ou animateurs, d\u2019aiguiser leur <strong>regard critique<\/strong> et leur <strong>exigence technique<\/strong> dans la s\u00e9lection des emplacements, afin d\u2019offrir une exp\u00e9rience horticole inoubliable, respectueuse du pass\u00e9 et tourn\u00e9e vers les d\u00e9fis du XXIe si\u00e8cle.<\/p>\n<hr>\n<div class=\"articles-lies\">\n<h3>\u00c0 lire aussi<\/h3>\n<ul>\n<li><a href=\"https:\/\/greenwichmeridien.fr\/blog\/histoire-et-culture\/lobservatoire-royal-de-greenwich-origine-du-meridien-zero-de-longitude\/\">origine du m\u00e9ridien de Greenwich (Observatoire Royal)<\/a><\/li>\n<li><a href=\"https:\/\/greenwichmeridien.fr\/blog\/a-la-une\/reservez-latelier-de-fabrication-de-maquette-de-voilier-ideal-adresses-et-conseils-exclusifs\/\">R\u00e9servez l\u2019atelier de fabrication de maquette de voilier id\u00e9al : adresses et conseils exclusifs<\/a><\/li>\n<li><a href=\"https:\/\/greenwichmeridien.fr\/blog\/a-la-une\/comment-choisir-le-site-ideal-dans-un-parc-pour-un-mariage-ou-un-evenement-prive\/\">Comment choisir le site id\u00e9al dans un parc pour un mariage ou un \u00e9v\u00e9nement priv\u00e9<\/a><\/li>\n<li><a href=\"https:\/\/greenwichmeridien.fr\/blog\/a-la-une\/ou-reserver-des-cours-de-geocaching-et-dorientation-a-greenwich-le-guide-des-meilleures-adresses\/\">G\u00e9ocaching et orientation \u00e0 Greenwich : o\u00f9 r\u00e9server<\/a><\/li>\n<\/ul>\n<\/div>\n","protected":false},"excerpt":{"rendered":"","protected":false},"author":34,"featured_media":7558,"comment_status":"open","ping_status":"open","sticky":false,"template":"","format":"standard","meta":{"_acf_changed":false,"manual_indexmenow":false,"indexmenow_id_project":0,"footnotes":""},"categories":[1],"tags":[4626,4628,4627],"class_list":["post-7478","post","type-post","status-publish","format-standard","has-post-thumbnail","hentry","category-a-la-une","tag-ateliers-jardinage","tag-choix-lieux","tag-jardins-royaux","generate-columns","tablet-grid-50","mobile-grid-100","grid-parent","grid-25"],"acf":[],"yoast_head":"<!-- This site is optimized with the Yoast SEO Premium plugin v21.3 (Yoast SEO v25.6) - https:\/\/yoast.com\/wordpress\/plugins\/seo\/ -->\n<title>Optimiser le choix des lieux pour des ateliers de jardinage<\/title>\n<meta name=\"description\" content=\"L\u2019atout majeur des jardins royaux repose sur leur ancrage historique unique, transmis intact depuis des si\u00e8cles. Le Potager du Roi, con\u00e7u entre 1678 et\" \/>\n<meta name=\"robots\" content=\"index, follow, max-snippet:-1, max-image-preview:large, max-video-preview:-1\" \/>\n<link rel=\"canonical\" href=\"https:\/\/greenwichmeridien.fr\/blog\/a-la-une\/optimiser-le-choix-des-lieux-pour-des-ateliers-de-jardinage-dans-les-jardins-royaux\/\" \/>\n<meta property=\"og:locale\" content=\"fr_FR\" \/>\n<meta property=\"og:type\" content=\"article\" \/>\n<meta property=\"og:title\" content=\"Optimiser le choix des lieux pour des ateliers de jardinage\" \/>\n<meta property=\"og:description\" content=\"L\u2019atout majeur des jardins royaux repose sur leur ancrage historique unique, transmis intact depuis des si\u00e8cles. Le Potager du Roi, con\u00e7u entre 1678 et\" \/>\n<meta property=\"og:url\" content=\"https:\/\/greenwichmeridien.fr\/blog\/a-la-une\/optimiser-le-choix-des-lieux-pour-des-ateliers-de-jardinage-dans-les-jardins-royaux\/\" \/>\n<meta property=\"og:site_name\" content=\"greenwichmeridien\" \/>\n<meta property=\"og:image\" content=\"https:\/\/greenwichmeridien.fr\/blog\/wp-content\/uploads\/2025\/07\/sdxl-04a3a80c93c5b6e6d9922c2ec60c310d-scaled.png\" \/>\n\t<meta property=\"og:image:width\" content=\"1200\" \/>\n\t<meta property=\"og:image:height\" content=\"500\" \/>\n\t<meta property=\"og:image:type\" content=\"image\/png\" \/>\n<meta name=\"author\" content=\"Samuel Chalmin\" \/>\n<meta name=\"twitter:card\" content=\"summary_large_image\" \/>\n<script type=\"application\/ld+json\" class=\"yoast-schema-graph\">{\"@context\":\"https:\/\/schema.org\",\"@graph\":[{\"@type\":\"NewsArticle\",\"@id\":\"https:\/\/greenwichmeridien.fr\/blog\/a-la-une\/optimiser-le-choix-des-lieux-pour-des-ateliers-de-jardinage-dans-les-jardins-royaux\/#article\",\"isPartOf\":{\"@id\":\"https:\/\/greenwichmeridien.fr\/blog\/a-la-une\/optimiser-le-choix-des-lieux-pour-des-ateliers-de-jardinage-dans-les-jardins-royaux\/\"},\"author\":{\"name\":\"Samuel Chalmin\",\"@id\":\"https:\/\/greenwichmeridien.fr\/blog\/#\/schema\/person\/3c864cdc320801e3db34b663e7e3f816\"},\"headline\":\"Optimiser le choix des lieux pour des ateliers de jardinage dans les jardins royaux\",\"datePublished\":\"2025-06-14T20:34:49+00:00\",\"mainEntityOfPage\":{\"@id\":\"https:\/\/greenwichmeridien.fr\/blog\/a-la-une\/optimiser-le-choix-des-lieux-pour-des-ateliers-de-jardinage-dans-les-jardins-royaux\/\"},\"wordCount\":1340,\"commentCount\":0,\"publisher\":{\"@id\":\"https:\/\/greenwichmeridien.fr\/blog\/#organization\"},\"image\":{\"@id\":\"https:\/\/greenwichmeridien.fr\/blog\/a-la-une\/optimiser-le-choix-des-lieux-pour-des-ateliers-de-jardinage-dans-les-jardins-royaux\/#primaryimage\"},\"thumbnailUrl\":\"https:\/\/greenwichmeridien.fr\/blog\/wp-content\/uploads\/2025\/07\/sdxl-04a3a80c93c5b6e6d9922c2ec60c310d-scaled.png\",\"keywords\":[\"ateliers jardinage\",\"choix lieux\",\"jardins royaux\"],\"articleSection\":[\"\u00c0 la une\"],\"inLanguage\":\"fr-FR\",\"potentialAction\":[{\"@type\":\"CommentAction\",\"name\":\"Comment\",\"target\":[\"https:\/\/greenwichmeridien.fr\/blog\/a-la-une\/optimiser-le-choix-des-lieux-pour-des-ateliers-de-jardinage-dans-les-jardins-royaux\/#respond\"]}]},{\"@type\":\"WebPage\",\"@id\":\"https:\/\/greenwichmeridien.fr\/blog\/a-la-une\/optimiser-le-choix-des-lieux-pour-des-ateliers-de-jardinage-dans-les-jardins-royaux\/\",\"url\":\"https:\/\/greenwichmeridien.fr\/blog\/a-la-une\/optimiser-le-choix-des-lieux-pour-des-ateliers-de-jardinage-dans-les-jardins-royaux\/\",\"name\":\"Optimiser le choix des lieux pour des ateliers de jardinage\",\"isPartOf\":{\"@id\":\"https:\/\/greenwichmeridien.fr\/blog\/#website\"},\"primaryImageOfPage\":{\"@id\":\"https:\/\/greenwichmeridien.fr\/blog\/a-la-une\/optimiser-le-choix-des-lieux-pour-des-ateliers-de-jardinage-dans-les-jardins-royaux\/#primaryimage\"},\"image\":{\"@id\":\"https:\/\/greenwichmeridien.fr\/blog\/a-la-une\/optimiser-le-choix-des-lieux-pour-des-ateliers-de-jardinage-dans-les-jardins-royaux\/#primaryimage\"},\"thumbnailUrl\":\"https:\/\/greenwichmeridien.fr\/blog\/wp-content\/uploads\/2025\/07\/sdxl-04a3a80c93c5b6e6d9922c2ec60c310d-scaled.png\",\"datePublished\":\"2025-06-14T20:34:49+00:00\",\"description\":\"L\u2019atout majeur des jardins royaux repose sur leur ancrage historique unique, transmis intact depuis des si\u00e8cles. Le Potager du Roi, con\u00e7u entre 1678 et\",\"inLanguage\":\"fr-FR\",\"potentialAction\":[{\"@type\":\"ReadAction\",\"target\":[\"https:\/\/greenwichmeridien.fr\/blog\/a-la-une\/optimiser-le-choix-des-lieux-pour-des-ateliers-de-jardinage-dans-les-jardins-royaux\/\"]}]},{\"@type\":\"ImageObject\",\"inLanguage\":\"fr-FR\",\"@id\":\"https:\/\/greenwichmeridien.fr\/blog\/a-la-une\/optimiser-le-choix-des-lieux-pour-des-ateliers-de-jardinage-dans-les-jardins-royaux\/#primaryimage\",\"url\":\"https:\/\/greenwichmeridien.fr\/blog\/wp-content\/uploads\/2025\/07\/sdxl-04a3a80c93c5b6e6d9922c2ec60c310d-scaled.png\",\"contentUrl\":\"https:\/\/greenwichmeridien.fr\/blog\/wp-content\/uploads\/2025\/07\/sdxl-04a3a80c93c5b6e6d9922c2ec60c310d-scaled.png\",\"width\":1200,\"height\":500},{\"@type\":\"WebSite\",\"@id\":\"https:\/\/greenwichmeridien.fr\/blog\/#website\",\"url\":\"https:\/\/greenwichmeridien.fr\/blog\/\",\"name\":\"Greenwich M\u00e9ridien\",\"description\":\"Greenwich M\u00e9ridien, le rep\u00e8re du temps et du voyage\",\"publisher\":{\"@id\":\"https:\/\/greenwichmeridien.fr\/blog\/#organization\"},\"alternateName\":\"Greenwich M\u00e9ridien, le rep\u00e8re du temps et du voyage\",\"potentialAction\":[{\"@type\":\"SearchAction\",\"target\":{\"@type\":\"EntryPoint\",\"urlTemplate\":\"https:\/\/greenwichmeridien.fr\/blog\/?s={search_term_string}\"},\"query-input\":{\"@type\":\"PropertyValueSpecification\",\"valueRequired\":true,\"valueName\":\"search_term_string\"}}],\"inLanguage\":\"fr-FR\"},{\"@type\":\"Organization\",\"@id\":\"https:\/\/greenwichmeridien.fr\/blog\/#organization\",\"name\":\"Greenwich M\u00e9ridien\",\"alternateName\":\"Greenwich M\u00e9ridien\",\"url\":\"https:\/\/greenwichmeridien.fr\/blog\/\",\"logo\":{\"@type\":\"ImageObject\",\"inLanguage\":\"fr-FR\",\"@id\":\"https:\/\/greenwichmeridien.fr\/blog\/#\/schema\/logo\/image\/\",\"url\":\"https:\/\/greenwichmeridien.fr\/blog\/wp-content\/uploads\/2024\/12\/greenwichmeridien.png\",\"contentUrl\":\"https:\/\/greenwichmeridien.fr\/blog\/wp-content\/uploads\/2024\/12\/greenwichmeridien.png\",\"width\":500,\"height\":500,\"caption\":\"Greenwich M\u00e9ridien\"},\"image\":{\"@id\":\"https:\/\/greenwichmeridien.fr\/blog\/#\/schema\/logo\/image\/\"}},{\"@type\":\"Person\",\"@id\":\"https:\/\/greenwichmeridien.fr\/blog\/#\/schema\/person\/3c864cdc320801e3db34b663e7e3f816\",\"name\":\"Samuel Chalmin\",\"image\":{\"@type\":\"ImageObject\",\"inLanguage\":\"fr-FR\",\"@id\":\"https:\/\/greenwichmeridien.fr\/blog\/#\/schema\/person\/image\/\",\"url\":\"https:\/\/secure.gravatar.com\/avatar\/cef3677de7d237273d13053728f9470818581a8a27d9bf6f5039fd18508a905f?s=96&d=mm&r=g\",\"contentUrl\":\"https:\/\/secure.gravatar.com\/avatar\/cef3677de7d237273d13053728f9470818581a8a27d9bf6f5039fd18508a905f?s=96&d=mm&r=g\",\"caption\":\"Samuel Chalmin\"},\"description\":\"R\u00e9dacteur du site, il suit les questions de temps et de calendrier : m\u00e9ridien de Greenwich, heure GMT et UTC, fuseaux horaires, changement d'heure, ann\u00e9es bissextiles et jours f\u00e9ri\u00e9s.\",\"sameAs\":[\"https:\/\/samuelchalmin.fr\/\"],\"url\":\"https:\/\/greenwichmeridien.fr\/blog\/auteur\/noname\/\"}]}<\/script>\n<!-- \/ Yoast SEO Premium plugin. -->","yoast_head_json":{"title":"Optimiser le choix des lieux pour des ateliers de jardinage","description":"L\u2019atout majeur des jardins royaux repose sur leur ancrage historique unique, transmis intact depuis des si\u00e8cles. Le Potager du Roi, con\u00e7u entre 1678 et","robots":{"index":"index","follow":"follow","max-snippet":"max-snippet:-1","max-image-preview":"max-image-preview:large","max-video-preview":"max-video-preview:-1"},"canonical":"https:\/\/greenwichmeridien.fr\/blog\/a-la-une\/optimiser-le-choix-des-lieux-pour-des-ateliers-de-jardinage-dans-les-jardins-royaux\/","og_locale":"fr_FR","og_type":"article","og_title":"Optimiser le choix des lieux pour des ateliers de jardinage","og_description":"L\u2019atout majeur des jardins royaux repose sur leur ancrage historique unique, transmis intact depuis des si\u00e8cles. Le Potager du Roi, con\u00e7u entre 1678 et","og_url":"https:\/\/greenwichmeridien.fr\/blog\/a-la-une\/optimiser-le-choix-des-lieux-pour-des-ateliers-de-jardinage-dans-les-jardins-royaux\/","og_site_name":"greenwichmeridien","og_image":[{"width":1200,"height":500,"url":"https:\/\/greenwichmeridien.fr\/blog\/wp-content\/uploads\/2025\/07\/sdxl-04a3a80c93c5b6e6d9922c2ec60c310d-scaled.png","type":"image\/png"}],"author":"Samuel Chalmin","twitter_card":"summary_large_image","schema":{"@context":"https:\/\/schema.org","@graph":[{"@type":"NewsArticle","@id":"https:\/\/greenwichmeridien.fr\/blog\/a-la-une\/optimiser-le-choix-des-lieux-pour-des-ateliers-de-jardinage-dans-les-jardins-royaux\/#article","isPartOf":{"@id":"https:\/\/greenwichmeridien.fr\/blog\/a-la-une\/optimiser-le-choix-des-lieux-pour-des-ateliers-de-jardinage-dans-les-jardins-royaux\/"},"author":{"name":"Samuel Chalmin","@id":"https:\/\/greenwichmeridien.fr\/blog\/#\/schema\/person\/3c864cdc320801e3db34b663e7e3f816"},"headline":"Optimiser le choix des lieux pour des ateliers de jardinage dans les jardins royaux","datePublished":"2025-06-14T20:34:49+00:00","mainEntityOfPage":{"@id":"https:\/\/greenwichmeridien.fr\/blog\/a-la-une\/optimiser-le-choix-des-lieux-pour-des-ateliers-de-jardinage-dans-les-jardins-royaux\/"},"wordCount":1340,"commentCount":0,"publisher":{"@id":"https:\/\/greenwichmeridien.fr\/blog\/#organization"},"image":{"@id":"https:\/\/greenwichmeridien.fr\/blog\/a-la-une\/optimiser-le-choix-des-lieux-pour-des-ateliers-de-jardinage-dans-les-jardins-royaux\/#primaryimage"},"thumbnailUrl":"https:\/\/greenwichmeridien.fr\/blog\/wp-content\/uploads\/2025\/07\/sdxl-04a3a80c93c5b6e6d9922c2ec60c310d-scaled.png","keywords":["ateliers jardinage","choix lieux","jardins royaux"],"articleSection":["\u00c0 la une"],"inLanguage":"fr-FR","potentialAction":[{"@type":"CommentAction","name":"Comment","target":["https:\/\/greenwichmeridien.fr\/blog\/a-la-une\/optimiser-le-choix-des-lieux-pour-des-ateliers-de-jardinage-dans-les-jardins-royaux\/#respond"]}]},{"@type":"WebPage","@id":"https:\/\/greenwichmeridien.fr\/blog\/a-la-une\/optimiser-le-choix-des-lieux-pour-des-ateliers-de-jardinage-dans-les-jardins-royaux\/","url":"https:\/\/greenwichmeridien.fr\/blog\/a-la-une\/optimiser-le-choix-des-lieux-pour-des-ateliers-de-jardinage-dans-les-jardins-royaux\/","name":"Optimiser le choix des lieux pour des ateliers de jardinage","isPartOf":{"@id":"https:\/\/greenwichmeridien.fr\/blog\/#website"},"primaryImageOfPage":{"@id":"https:\/\/greenwichmeridien.fr\/blog\/a-la-une\/optimiser-le-choix-des-lieux-pour-des-ateliers-de-jardinage-dans-les-jardins-royaux\/#primaryimage"},"image":{"@id":"https:\/\/greenwichmeridien.fr\/blog\/a-la-une\/optimiser-le-choix-des-lieux-pour-des-ateliers-de-jardinage-dans-les-jardins-royaux\/#primaryimage"},"thumbnailUrl":"https:\/\/greenwichmeridien.fr\/blog\/wp-content\/uploads\/2025\/07\/sdxl-04a3a80c93c5b6e6d9922c2ec60c310d-scaled.png","datePublished":"2025-06-14T20:34:49+00:00","description":"L\u2019atout majeur des jardins royaux repose sur leur ancrage historique unique, transmis intact depuis des si\u00e8cles. Le Potager du Roi, con\u00e7u entre 1678 et","inLanguage":"fr-FR","potentialAction":[{"@type":"ReadAction","target":["https:\/\/greenwichmeridien.fr\/blog\/a-la-une\/optimiser-le-choix-des-lieux-pour-des-ateliers-de-jardinage-dans-les-jardins-royaux\/"]}]},{"@type":"ImageObject","inLanguage":"fr-FR","@id":"https:\/\/greenwichmeridien.fr\/blog\/a-la-une\/optimiser-le-choix-des-lieux-pour-des-ateliers-de-jardinage-dans-les-jardins-royaux\/#primaryimage","url":"https:\/\/greenwichmeridien.fr\/blog\/wp-content\/uploads\/2025\/07\/sdxl-04a3a80c93c5b6e6d9922c2ec60c310d-scaled.png","contentUrl":"https:\/\/greenwichmeridien.fr\/blog\/wp-content\/uploads\/2025\/07\/sdxl-04a3a80c93c5b6e6d9922c2ec60c310d-scaled.png","width":1200,"height":500},{"@type":"WebSite","@id":"https:\/\/greenwichmeridien.fr\/blog\/#website","url":"https:\/\/greenwichmeridien.fr\/blog\/","name":"Greenwich M\u00e9ridien","description":"Greenwich M\u00e9ridien, le rep\u00e8re du temps et du voyage","publisher":{"@id":"https:\/\/greenwichmeridien.fr\/blog\/#organization"},"alternateName":"Greenwich M\u00e9ridien, le rep\u00e8re du temps et du voyage","potentialAction":[{"@type":"SearchAction","target":{"@type":"EntryPoint","urlTemplate":"https:\/\/greenwichmeridien.fr\/blog\/?s={search_term_string}"},"query-input":{"@type":"PropertyValueSpecification","valueRequired":true,"valueName":"search_term_string"}}],"inLanguage":"fr-FR"},{"@type":"Organization","@id":"https:\/\/greenwichmeridien.fr\/blog\/#organization","name":"Greenwich M\u00e9ridien","alternateName":"Greenwich M\u00e9ridien","url":"https:\/\/greenwichmeridien.fr\/blog\/","logo":{"@type":"ImageObject","inLanguage":"fr-FR","@id":"https:\/\/greenwichmeridien.fr\/blog\/#\/schema\/logo\/image\/","url":"https:\/\/greenwichmeridien.fr\/blog\/wp-content\/uploads\/2024\/12\/greenwichmeridien.png","contentUrl":"https:\/\/greenwichmeridien.fr\/blog\/wp-content\/uploads\/2024\/12\/greenwichmeridien.png","width":500,"height":500,"caption":"Greenwich M\u00e9ridien"},"image":{"@id":"https:\/\/greenwichmeridien.fr\/blog\/#\/schema\/logo\/image\/"}},{"@type":"Person","@id":"https:\/\/greenwichmeridien.fr\/blog\/#\/schema\/person\/3c864cdc320801e3db34b663e7e3f816","name":"Samuel Chalmin","image":{"@type":"ImageObject","inLanguage":"fr-FR","@id":"https:\/\/greenwichmeridien.fr\/blog\/#\/schema\/person\/image\/","url":"https:\/\/secure.gravatar.com\/avatar\/cef3677de7d237273d13053728f9470818581a8a27d9bf6f5039fd18508a905f?s=96&d=mm&r=g","contentUrl":"https:\/\/secure.gravatar.com\/avatar\/cef3677de7d237273d13053728f9470818581a8a27d9bf6f5039fd18508a905f?s=96&d=mm&r=g","caption":"Samuel Chalmin"},"description":"R\u00e9dacteur du site, il suit les questions de temps et de calendrier : m\u00e9ridien de Greenwich, heure GMT et UTC, fuseaux horaires, changement d'heure, ann\u00e9es bissextiles et jours f\u00e9ri\u00e9s.","sameAs":["https:\/\/samuelchalmin.fr\/"],"url":"https:\/\/greenwichmeridien.fr\/blog\/auteur\/noname\/"}]}},"_links":{"self":[{"href":"https:\/\/greenwichmeridien.fr\/blog\/wp-json\/wp\/v2\/posts\/7478","targetHints":{"allow":["GET"]}}],"collection":[{"href":"https:\/\/greenwichmeridien.fr\/blog\/wp-json\/wp\/v2\/posts"}],"about":[{"href":"https:\/\/greenwichmeridien.fr\/blog\/wp-json\/wp\/v2\/types\/post"}],"author":[{"embeddable":true,"href":"https:\/\/greenwichmeridien.fr\/blog\/wp-json\/wp\/v2\/users\/34"}],"replies":[{"embeddable":true,"href":"https:\/\/greenwichmeridien.fr\/blog\/wp-json\/wp\/v2\/comments?post=7478"}],"version-history":[{"count":0,"href":"https:\/\/greenwichmeridien.fr\/blog\/wp-json\/wp\/v2\/posts\/7478\/revisions"}],"wp:featuredmedia":[{"embeddable":true,"href":"https:\/\/greenwichmeridien.fr\/blog\/wp-json\/wp\/v2\/media\/7558"}],"wp:attachment":[{"href":"https:\/\/greenwichmeridien.fr\/blog\/wp-json\/wp\/v2\/media?parent=7478"}],"wp:term":[{"taxonomy":"category","embeddable":true,"href":"https:\/\/greenwichmeridien.fr\/blog\/wp-json\/wp\/v2\/categories?post=7478"},{"taxonomy":"post_tag","embeddable":true,"href":"https:\/\/greenwichmeridien.fr\/blog\/wp-json\/wp\/v2\/tags?post=7478"}],"curies":[{"name":"wp","href":"https:\/\/api.w.org\/{rel}","templated":true}]}}