{"id":7480,"date":"2025-06-14T22:36:00","date_gmt":"2025-06-14T20:36:00","guid":{"rendered":"https:\/\/greenwichmeridien.fr\/blog\/a-la-une\/ou-reserver-une-visite-nocturne-privee-sur-le-cutty-sark-a-londres\/"},"modified":"2025-06-14T22:36:00","modified_gmt":"2025-06-14T20:36:00","slug":"ou-reserver-une-visite-nocturne-privee-sur-le-cutty-sark-a-londres","status":"publish","type":"post","link":"https:\/\/greenwichmeridien.fr\/blog\/a-la-une\/ou-reserver-une-visite-nocturne-privee-sur-le-cutty-sark-a-londres\/","title":{"rendered":"O\u00f9 r\u00e9server une visite nocturne priv\u00e9e sur le Cutty Sark \u00e0 Londres"},"content":{"rendered":"<h1>O\u00f9 r\u00e9server une visite nocturne priv\u00e9e sur le Cutty Sark \u00e0 Londres<\/h1>\n<h2>Comment r\u00e9server une visite priv\u00e9e du Cutty Sark en dehors des horaires classiques<\/h2>\n<p>\nL\u2019acc\u00e8s au <strong>Cutty Sark<\/strong> apr\u00e8s la fermeture au public requiert une <u>organisation soign\u00e9e<\/u> et une anticipation certaine. Contrairement aux cr\u00e9neaux standards affich\u00e9s entre 10h et 17h, voire en soir\u00e9e l\u2019\u00e9t\u00e9, les <strong>visites nocturnes priv\u00e9es<\/strong> sont propos\u00e9es de mani\u00e8re personnalis\u00e9e, principalement sur demande directe. La <strong>plateforme officielle des Royal Museums Greenwich<\/strong> est le point de d\u00e9part incontournable pour d\u00e9buter les d\u00e9marches de r\u00e9servation. On y trouve un calendrier de disponibilit\u00e9s pour les visites classiques et un formulaire de contact d\u00e9di\u00e9 aux privatisations.\n<\/p>\n<ul>\n<li>\n    <strong>Prendre contact avec le service groupes ou \u00e9v\u00e9nements<\/strong> : La rubrique \u00ab Group Bookings \u00bb ou \u00ab Private Events \u00bb du site permet de soumettre une demande sp\u00e9cifique pour une privatisation en soir\u00e9e.\n  <\/li>\n<li>\n    <strong>R\u00e9server bien en amont<\/strong> : Les demandes pour un acc\u00e8s exclusif au Cutty Sark sont trait\u00e9es au cas par cas, et les disponibilit\u00e9s sont souvent limit\u00e9es, en raison du grand int\u00e9r\u00eat suscit\u00e9 par ce monument aupr\u00e8s des entreprises et associations.\n  <\/li>\n<li>\n    <strong>D\u00e9finir le type d\u2019exp\u00e9rience recherch\u00e9e<\/strong> : Pr\u00e9ciser d\u00e8s la premi\u00e8re prise de contact le format souhait\u00e9 (visite guid\u00e9e, cocktail, d\u00eener, animation immersive), afin d\u2019obtenir une proposition sur mesure.\n  <\/li>\n<\/ul>\n<p>\nLes retours d\u2019exp\u00e9rience sur les plateformes d\u2019avis t\u00e9moignent de la r\u00e9activit\u00e9 et du professionnalisme de l\u2019\u00e9quipe \u00e9v\u00e9nementielle du mus\u00e9e, qui accompagne chaque demandeur dans la conception d\u2019une soir\u00e9e m\u00e9morable, respectant les exigences logistiques li\u00e9es \u00e0 ce site historique.\n<\/p>\n<h2>Plateformes et contacts pour organiser une soir\u00e9e exclusive \u00e0 bord<\/h2>\n<p>\nPour garantir une organisation optimale d\u2019une <strong>visite priv\u00e9e en soir\u00e9e du Cutty Sark<\/strong>, la premi\u00e8re \u00e9tape consiste \u00e0 passer par le <u>site officiel des Royal Museums Greenwich<\/u>. Cette plateforme centralise toutes les informations sur les offres de privatisation, les disponibilit\u00e9s et les tarifs applicables. La section \u00ab Hire the Cutty Sark \u00bb d\u00e9taille les espaces privatisables (comme l\u2019Orlop Deck ou le Lower Hold), et propose des descriptifs pr\u00e9cis des prestations associ\u00e9es.\n<\/p>\n<ul>\n<li>\n    <strong>D\u00e9partement \u00ab Hire\/Private Events \u00bb<\/strong> : Ce service g\u00e8re les demandes de privatisation, que ce soit pour des <strong>soir\u00e9es d\u2019entreprise, mariages, ou \u00e9v\u00e9nements presse<\/strong>. Un formulaire en ligne ou un contact direct par email permet de pr\u00e9ciser le projet et d\u2019obtenir un devis d\u00e9taill\u00e9 adapt\u00e9 \u00e0 la demande.\n  <\/li>\n<li>\n    <strong>City Experiences<\/strong> : Cette soci\u00e9t\u00e9 londonienne propose des offres combin\u00e9es, incluant <u>une croisi\u00e8re sur la Tamise suivie d\u2019une soir\u00e9e sur le Cutty Sark<\/u>. Le site permet une r\u00e9servation simplifi\u00e9e et propose r\u00e9guli\u00e8rement des forfaits \u00e9v\u00e9nements, int\u00e9grant ap\u00e9ritifs et animations sp\u00e9cifiques.\n  <\/li>\n<li>\n    <strong>Agences \u00e9v\u00e9nementielles partenaires<\/strong> : Certaines agences sp\u00e9cialis\u00e9es, reconnues dans la gestion d\u2019\u00e9v\u00e9nements corporate \u00e0 Londres, offrent des services de privatisation du Cutty Sark avec des options cl\u00e9s en main, comme un accueil personnalis\u00e9, des traiteurs haut de gamme et des animations sur mesure.\n  <\/li>\n<\/ul>\n<p>\nLe recours \u00e0 ces interm\u00e9diaires s\u2019av\u00e8re particuli\u00e8rement pertinent pour des groupes qui souhaitent d\u00e9l\u00e9guer toute la logistique, b\u00e9n\u00e9ficier de services premium ou encore acc\u00e9der \u00e0 des exp\u00e9riences th\u00e9matiques \u00e9labor\u00e9es \u00e0 la demande.\n<\/p>\n<h2>Options et exp\u00e9riences disponibles lors d\u2019une visite priv\u00e9e en soir\u00e9e<\/h2>\n<p>\nLa <strong>privatisation nocturne du Cutty Sark<\/strong> transcende la simple visite patrimoniale, en offrant un large \u00e9ventail d\u2019exp\u00e9riences personnalis\u00e9es, parfaitement adapt\u00e9es \u00e0 l\u2019\u00e9v\u00e9nement c\u00e9l\u00e9br\u00e9. Les choix de sc\u00e9nographie et de prestation sont nombreux, permettant de b\u00e2tir un programme vraiment exclusif.\n<\/p>\n<ul>\n<li>\n    <strong>D\u00e9gustations sous la coque cuivr\u00e9e<\/strong> : Certaines soir\u00e9es permettent de savourer un buffet ou un cocktail dinatoire sous la spectaculaire coque suspendue du navire, offrant une atmosph\u00e8re unique et une acoustique remarquable.\n  <\/li>\n<li>\n    <strong>Visite guid\u00e9e immersive<\/strong> : Anim\u00e9e par des guides costum\u00e9s en marins du XIXe si\u00e8cle, cette formule plonge les invit\u00e9s dans l\u2019histoire de la navigation et des courses au th\u00e9, avec escales dans les salles d\u2019exposition et anecdotes in\u00e9dites.\n  <\/li>\n<li>\n    <strong>Prestations musicales et animations<\/strong> : Un ensemble de musiciens peut \u00eatre mobilis\u00e9 pour agr\u00e9menter la soir\u00e9e, tout comme des conteurs ou performers sp\u00e9cialis\u00e9s dans le r\u00e9cit maritime.\n  <\/li>\n<li>\n    <strong>Options gastronomiques haut de gamme<\/strong> : Il est possible de commander un <u>d\u00eener servi \u00e0 table sur le pont principal<\/u>, un tea time de prestige au c\u0153ur du navire, ou m\u00eame une d\u00e9gustation \u0153nologique accompagn\u00e9e par un sommelier.\n  <\/li>\n<\/ul>\n<p>\nLe choix du sc\u00e9nario d\u00e9pend des attentes du groupe, du nombre de participants, et du budget allou\u00e9. L\u2019ambiance nocturne et le d\u00e9cor d\u2019exception garantissent une immersion totale, pour un \u00e9v\u00e9nement dont chaque d\u00e9tail contribue \u00e0 une exp\u00e9rience m\u00e9morable sur la Tamise.\n<\/p>\n<h2>Pourquoi choisir une visite du Cutty Sark en dehors des heures d\u2019ouverture<\/h2>\n<p>\nOpter pour une <strong>visite priv\u00e9e en soir\u00e9e<\/strong> du Cutty Sark, c\u2019est choisir l&rsquo;exclusivit\u00e9 et la qualit\u00e9 d&rsquo;une exp\u00e9rience historique, loin du tourisme de masse. La privatisation permet une relation privil\u00e9gi\u00e9e avec l\u2019\u00e9quipe du mus\u00e9e et l\u2019acc\u00e8s \u00e0 des espaces ferm\u00e9s au public durant les horaires normaux.\n<\/p>\n<ul>\n<li>\n    <strong>Acc\u00e8s exclusif \u00e0 tous les ponts et salles<\/strong> : Profiter d\u2019une libert\u00e9 totale de circulation dans l\u2019ensemble du navire, sans contrainte ni attente.\n  <\/li>\n<li>\n    <strong>Ambiance intime et immersive<\/strong> : Les jeux de lumi\u00e8re du soir mettent en valeur la structure bois\u00e9e et la coque cuivr\u00e9e, offrant un cadre spectaculaire pour les photos et les \u00e9changes.\n  <\/li>\n<li>\n    <strong>Occasions sp\u00e9ciales et prestige<\/strong> : Nombreuses entreprises choisissent cette option pour r\u00e9compenser leurs collaborateurs, organiser des r\u00e9unions de direction ou c\u00e9l\u00e9brer des anniversaires d\u2019entreprise \u00e0 fort impact.\n  <\/li>\n<li>\n    <strong>Contexte historique et culturel enrichi<\/strong> : La nuit, l\u2019atmosph\u00e8re se transforme, favorisant la r\u00e9flexion et la d\u00e9couverte, avec un accompagnement expert sur l\u2019histoire du clipper et de ses routes l\u00e9gendaires vers l\u2019Asie.\n  <\/li>\n<\/ul>\n<p>\nL\u2019exp\u00e9rience sensorielle se trouve d\u00e9cupl\u00e9e en soir\u00e9e, la qui\u00e9tude ambiante permettant de se concentrer sur les moindres d\u00e9tails architecturaux et d\u00e9coratifs, tout en profitant d\u2019\u00e9changes privil\u00e9gi\u00e9s avec des sp\u00e9cialistes du patrimoine maritime.\n<\/p>\n<h2>Conseils pratiques pour une exp\u00e9rience r\u00e9ussie sur le Cutty Sark le soir<\/h2>\n<p>\nGarantir la r\u00e9ussite d\u2019une <strong>soir\u00e9e priv\u00e9e \u00e0 bord du Cutty Sark<\/strong> suppose une pr\u00e9paration minutieuse et une bonne coordination avec les \u00e9quipes du site. Quelques recommandations \u00e9prouv\u00e9es permettent d\u2019optimiser le d\u00e9roulement de cet \u00e9v\u00e9nement d\u2019exception.\n<\/p>\n<ul>\n<li>\n    <strong>Anticiper la r\u00e9servation<\/strong> : Les demandes \u00e9tant nombreuses, il convient de s\u2019y prendre plusieurs semaines, voire quelques mois \u00e0 l\u2019avance, surtout durant la saison estivale ou lors des f\u00eates de fin d\u2019ann\u00e9e.\n  <\/li>\n<li>\n    <strong>S\u2019aligner sur le type d\u2019\u00e9v\u00e9nement<\/strong> : Pr\u00e9cisez d\u00e8s la r\u00e9servation le format choisi (d\u00eener de gala, cocktail professionnel, lancement de produit) afin de b\u00e9n\u00e9ficier d\u2019une proposition personnalis\u00e9e, tant en mati\u00e8re d\u2019espace disponible que de services annexes.\n  <\/li>\n<li>\n    <strong>Respecter les consignes d\u2019acc\u00e8s<\/strong> : Quelques jours avant l\u2019\u00e9v\u00e9nement, le mus\u00e9e transmet toutes les informations logistiques, du dress code aux modalit\u00e9s d\u2019acc\u00e8s, en passant par le plan d\u00e9taill\u00e9 de la soir\u00e9e.\n  <\/li>\n<li>\n    <strong>Envisager des options compl\u00e9mentaires<\/strong> : Ajouter un <u>photographe professionnel, un guide expert ou une animation \u00e0 th\u00e8me<\/u> renforce l\u2019originalit\u00e9 de la soir\u00e9e et permet de marquer durablement les esprits des invit\u00e9s.\n  <\/li>\n<li>\n    <strong>Optimiser l\u2019arriv\u00e9e du groupe<\/strong> : Acc\u00e9dez facilement au navire via les transports publics, avec le Docklands Light Railway (DLR), la gare de Greenwich ou par bateau depuis Westminster jusqu\u2019\u00e0 Greenwich Pier, situ\u00e9 \u00e0 quelques pas du Cutty Sark.\n  <\/li>\n<\/ul>\n<p>\nNotre avis reste r\u00e9solument positif sur ce format de visite, qui conjugue d\u00e9couverte patrimoniale et \u00e9motion esth\u00e9tique, dans un cadre s\u00e9curis\u00e9 et valorisant pour les convives.\n<\/p>\n<hr>\n<div class=\"articles-lies\">\n<h3>\u00c0 lire aussi<\/h3>\n<ul>\n<li><a href=\"https:\/\/greenwichmeridien.fr\/blog\/histoire-et-culture\/lobservatoire-royal-de-greenwich-origine-du-meridien-zero-de-longitude\/\">le m\u00e9ridien de Greenwich \u00e0 l&rsquo;Observatoire Royal<\/a><\/li>\n<li><a href=\"https:\/\/greenwichmeridien.fr\/blog\/a-la-une\/croisieres-brunch-du-dimanche-sur-la-tamise-les-meilleures-experiences-a-londres\/\">Croisi\u00e8res brunch du dimanche sur la Tamise<\/a><\/li>\n<li><a href=\"https:\/\/greenwichmeridien.fr\/blog\/a-la-une\/circuits-photo-au-lever-du-soleil-sur-la-tamise-itineraires-et-spots-secrets-pour-des-cliches-inoubliables\/\">Circuits photo au lever du soleil sur la Tamise : itin\u00e9raires et spots secrets pour des clich\u00e9s inoubliables<\/a><\/li>\n<li><a href=\"https:\/\/greenwichmeridien.fr\/blog\/a-la-une\/top-sites-a-explorer-en-kayak-sous-le-pont-de-greenwich-itineraires-et-conseils-locaux\/\">Top sites \u00e0 explorer en kayak sous le pont de Greenwich : itin\u00e9raires et conseils locaux<\/a><\/li>\n<\/ul>\n<\/div>\n","protected":false},"excerpt":{"rendered":"","protected":false},"author":34,"featured_media":7556,"comment_status":"open","ping_status":"open","sticky":false,"template":"","format":"standard","meta":{"_acf_changed":false,"manual_indexmenow":false,"indexmenow_id_project":0,"footnotes":""},"categories":[1],"tags":[4631,4528,4632],"class_list":["post-7480","post","type-post","status-publish","format-standard","has-post-thumbnail","hentry","category-a-la-une","tag-cutty-sark","tag-londres","tag-visite-nocturne","generate-columns","tablet-grid-50","mobile-grid-100","grid-parent","grid-25"],"acf":[],"yoast_head":"<!-- This site is optimized with the Yoast SEO Premium plugin v21.3 (Yoast SEO v25.6) - https:\/\/yoast.com\/wordpress\/plugins\/seo\/ -->\n<title>Visite nocturne priv\u00e9e du Cutty Sark \u00e0 Londres<\/title>\n<meta name=\"description\" content=\"L\u2019acc\u00e8s au Cutty Sark apr\u00e8s la fermeture au public requiert une organisation soign\u00e9e et une anticipation certaine. Contrairement aux cr\u00e9neaux standards\" \/>\n<meta name=\"robots\" content=\"index, follow, max-snippet:-1, max-image-preview:large, max-video-preview:-1\" \/>\n<link rel=\"canonical\" href=\"https:\/\/greenwichmeridien.fr\/blog\/a-la-une\/ou-reserver-une-visite-nocturne-privee-sur-le-cutty-sark-a-londres\/\" \/>\n<meta property=\"og:locale\" content=\"fr_FR\" \/>\n<meta property=\"og:type\" content=\"article\" \/>\n<meta property=\"og:title\" content=\"Visite nocturne priv\u00e9e du Cutty Sark \u00e0 Londres\" \/>\n<meta property=\"og:description\" content=\"L\u2019acc\u00e8s au Cutty Sark apr\u00e8s la fermeture au public requiert une organisation soign\u00e9e et une anticipation certaine. Contrairement aux cr\u00e9neaux standards\" \/>\n<meta property=\"og:url\" content=\"https:\/\/greenwichmeridien.fr\/blog\/a-la-une\/ou-reserver-une-visite-nocturne-privee-sur-le-cutty-sark-a-londres\/\" \/>\n<meta property=\"og:site_name\" content=\"greenwichmeridien\" \/>\n<meta property=\"og:image\" content=\"https:\/\/greenwichmeridien.fr\/blog\/wp-content\/uploads\/2025\/07\/sdxl-4bd1dcb011382a026fa67c3469ef1ad1-scaled.png\" \/>\n\t<meta property=\"og:image:width\" content=\"1200\" \/>\n\t<meta property=\"og:image:height\" content=\"500\" \/>\n\t<meta property=\"og:image:type\" content=\"image\/png\" \/>\n<meta name=\"author\" content=\"Samuel Chalmin\" \/>\n<meta name=\"twitter:card\" content=\"summary_large_image\" \/>\n<script type=\"application\/ld+json\" class=\"yoast-schema-graph\">{\"@context\":\"https:\/\/schema.org\",\"@graph\":[{\"@type\":\"NewsArticle\",\"@id\":\"https:\/\/greenwichmeridien.fr\/blog\/a-la-une\/ou-reserver-une-visite-nocturne-privee-sur-le-cutty-sark-a-londres\/#article\",\"isPartOf\":{\"@id\":\"https:\/\/greenwichmeridien.fr\/blog\/a-la-une\/ou-reserver-une-visite-nocturne-privee-sur-le-cutty-sark-a-londres\/\"},\"author\":{\"name\":\"Samuel Chalmin\",\"@id\":\"https:\/\/greenwichmeridien.fr\/blog\/#\/schema\/person\/3c864cdc320801e3db34b663e7e3f816\"},\"headline\":\"O\u00f9 r\u00e9server une visite nocturne priv\u00e9e sur le Cutty Sark \u00e0 Londres\",\"datePublished\":\"2025-06-14T20:36:00+00:00\",\"mainEntityOfPage\":{\"@id\":\"https:\/\/greenwichmeridien.fr\/blog\/a-la-une\/ou-reserver-une-visite-nocturne-privee-sur-le-cutty-sark-a-londres\/\"},\"wordCount\":1425,\"commentCount\":0,\"publisher\":{\"@id\":\"https:\/\/greenwichmeridien.fr\/blog\/#organization\"},\"image\":{\"@id\":\"https:\/\/greenwichmeridien.fr\/blog\/a-la-une\/ou-reserver-une-visite-nocturne-privee-sur-le-cutty-sark-a-londres\/#primaryimage\"},\"thumbnailUrl\":\"https:\/\/greenwichmeridien.fr\/blog\/wp-content\/uploads\/2025\/07\/sdxl-4bd1dcb011382a026fa67c3469ef1ad1-scaled.png\",\"keywords\":[\"cutty sark\",\"londres\",\"visite nocturne\"],\"articleSection\":[\"\u00c0 la une\"],\"inLanguage\":\"fr-FR\",\"potentialAction\":[{\"@type\":\"CommentAction\",\"name\":\"Comment\",\"target\":[\"https:\/\/greenwichmeridien.fr\/blog\/a-la-une\/ou-reserver-une-visite-nocturne-privee-sur-le-cutty-sark-a-londres\/#respond\"]}]},{\"@type\":\"WebPage\",\"@id\":\"https:\/\/greenwichmeridien.fr\/blog\/a-la-une\/ou-reserver-une-visite-nocturne-privee-sur-le-cutty-sark-a-londres\/\",\"url\":\"https:\/\/greenwichmeridien.fr\/blog\/a-la-une\/ou-reserver-une-visite-nocturne-privee-sur-le-cutty-sark-a-londres\/\",\"name\":\"Visite nocturne priv\u00e9e du Cutty Sark \u00e0 Londres\",\"isPartOf\":{\"@id\":\"https:\/\/greenwichmeridien.fr\/blog\/#website\"},\"primaryImageOfPage\":{\"@id\":\"https:\/\/greenwichmeridien.fr\/blog\/a-la-une\/ou-reserver-une-visite-nocturne-privee-sur-le-cutty-sark-a-londres\/#primaryimage\"},\"image\":{\"@id\":\"https:\/\/greenwichmeridien.fr\/blog\/a-la-une\/ou-reserver-une-visite-nocturne-privee-sur-le-cutty-sark-a-londres\/#primaryimage\"},\"thumbnailUrl\":\"https:\/\/greenwichmeridien.fr\/blog\/wp-content\/uploads\/2025\/07\/sdxl-4bd1dcb011382a026fa67c3469ef1ad1-scaled.png\",\"datePublished\":\"2025-06-14T20:36:00+00:00\",\"description\":\"L\u2019acc\u00e8s au Cutty Sark apr\u00e8s la fermeture au public requiert une organisation soign\u00e9e et une anticipation certaine. Contrairement aux cr\u00e9neaux standards\",\"inLanguage\":\"fr-FR\",\"potentialAction\":[{\"@type\":\"ReadAction\",\"target\":[\"https:\/\/greenwichmeridien.fr\/blog\/a-la-une\/ou-reserver-une-visite-nocturne-privee-sur-le-cutty-sark-a-londres\/\"]}]},{\"@type\":\"ImageObject\",\"inLanguage\":\"fr-FR\",\"@id\":\"https:\/\/greenwichmeridien.fr\/blog\/a-la-une\/ou-reserver-une-visite-nocturne-privee-sur-le-cutty-sark-a-londres\/#primaryimage\",\"url\":\"https:\/\/greenwichmeridien.fr\/blog\/wp-content\/uploads\/2025\/07\/sdxl-4bd1dcb011382a026fa67c3469ef1ad1-scaled.png\",\"contentUrl\":\"https:\/\/greenwichmeridien.fr\/blog\/wp-content\/uploads\/2025\/07\/sdxl-4bd1dcb011382a026fa67c3469ef1ad1-scaled.png\",\"width\":1200,\"height\":500},{\"@type\":\"WebSite\",\"@id\":\"https:\/\/greenwichmeridien.fr\/blog\/#website\",\"url\":\"https:\/\/greenwichmeridien.fr\/blog\/\",\"name\":\"Greenwich M\u00e9ridien\",\"description\":\"Greenwich M\u00e9ridien, le rep\u00e8re du temps et du voyage\",\"publisher\":{\"@id\":\"https:\/\/greenwichmeridien.fr\/blog\/#organization\"},\"alternateName\":\"Greenwich M\u00e9ridien, le rep\u00e8re du temps et du voyage\",\"potentialAction\":[{\"@type\":\"SearchAction\",\"target\":{\"@type\":\"EntryPoint\",\"urlTemplate\":\"https:\/\/greenwichmeridien.fr\/blog\/?s={search_term_string}\"},\"query-input\":{\"@type\":\"PropertyValueSpecification\",\"valueRequired\":true,\"valueName\":\"search_term_string\"}}],\"inLanguage\":\"fr-FR\"},{\"@type\":\"Organization\",\"@id\":\"https:\/\/greenwichmeridien.fr\/blog\/#organization\",\"name\":\"Greenwich M\u00e9ridien\",\"alternateName\":\"Greenwich M\u00e9ridien\",\"url\":\"https:\/\/greenwichmeridien.fr\/blog\/\",\"logo\":{\"@type\":\"ImageObject\",\"inLanguage\":\"fr-FR\",\"@id\":\"https:\/\/greenwichmeridien.fr\/blog\/#\/schema\/logo\/image\/\",\"url\":\"https:\/\/greenwichmeridien.fr\/blog\/wp-content\/uploads\/2024\/12\/greenwichmeridien.png\",\"contentUrl\":\"https:\/\/greenwichmeridien.fr\/blog\/wp-content\/uploads\/2024\/12\/greenwichmeridien.png\",\"width\":500,\"height\":500,\"caption\":\"Greenwich M\u00e9ridien\"},\"image\":{\"@id\":\"https:\/\/greenwichmeridien.fr\/blog\/#\/schema\/logo\/image\/\"}},{\"@type\":\"Person\",\"@id\":\"https:\/\/greenwichmeridien.fr\/blog\/#\/schema\/person\/3c864cdc320801e3db34b663e7e3f816\",\"name\":\"Samuel Chalmin\",\"image\":{\"@type\":\"ImageObject\",\"inLanguage\":\"fr-FR\",\"@id\":\"https:\/\/greenwichmeridien.fr\/blog\/#\/schema\/person\/image\/\",\"url\":\"https:\/\/secure.gravatar.com\/avatar\/cef3677de7d237273d13053728f9470818581a8a27d9bf6f5039fd18508a905f?s=96&d=mm&r=g\",\"contentUrl\":\"https:\/\/secure.gravatar.com\/avatar\/cef3677de7d237273d13053728f9470818581a8a27d9bf6f5039fd18508a905f?s=96&d=mm&r=g\",\"caption\":\"Samuel Chalmin\"},\"description\":\"R\u00e9dacteur du site, il suit les questions de temps et de calendrier : m\u00e9ridien de Greenwich, heure GMT et UTC, fuseaux horaires, changement d'heure, ann\u00e9es bissextiles et jours f\u00e9ri\u00e9s.\",\"sameAs\":[\"https:\/\/samuelchalmin.fr\/\"],\"url\":\"https:\/\/greenwichmeridien.fr\/blog\/auteur\/noname\/\"}]}<\/script>\n<!-- \/ Yoast SEO Premium plugin. -->","yoast_head_json":{"title":"Visite nocturne priv\u00e9e du Cutty Sark \u00e0 Londres","description":"L\u2019acc\u00e8s au Cutty Sark apr\u00e8s la fermeture au public requiert une organisation soign\u00e9e et une anticipation certaine. Contrairement aux cr\u00e9neaux standards","robots":{"index":"index","follow":"follow","max-snippet":"max-snippet:-1","max-image-preview":"max-image-preview:large","max-video-preview":"max-video-preview:-1"},"canonical":"https:\/\/greenwichmeridien.fr\/blog\/a-la-une\/ou-reserver-une-visite-nocturne-privee-sur-le-cutty-sark-a-londres\/","og_locale":"fr_FR","og_type":"article","og_title":"Visite nocturne priv\u00e9e du Cutty Sark \u00e0 Londres","og_description":"L\u2019acc\u00e8s au Cutty Sark apr\u00e8s la fermeture au public requiert une organisation soign\u00e9e et une anticipation certaine. Contrairement aux cr\u00e9neaux standards","og_url":"https:\/\/greenwichmeridien.fr\/blog\/a-la-une\/ou-reserver-une-visite-nocturne-privee-sur-le-cutty-sark-a-londres\/","og_site_name":"greenwichmeridien","og_image":[{"width":1200,"height":500,"url":"https:\/\/greenwichmeridien.fr\/blog\/wp-content\/uploads\/2025\/07\/sdxl-4bd1dcb011382a026fa67c3469ef1ad1-scaled.png","type":"image\/png"}],"author":"Samuel Chalmin","twitter_card":"summary_large_image","schema":{"@context":"https:\/\/schema.org","@graph":[{"@type":"NewsArticle","@id":"https:\/\/greenwichmeridien.fr\/blog\/a-la-une\/ou-reserver-une-visite-nocturne-privee-sur-le-cutty-sark-a-londres\/#article","isPartOf":{"@id":"https:\/\/greenwichmeridien.fr\/blog\/a-la-une\/ou-reserver-une-visite-nocturne-privee-sur-le-cutty-sark-a-londres\/"},"author":{"name":"Samuel Chalmin","@id":"https:\/\/greenwichmeridien.fr\/blog\/#\/schema\/person\/3c864cdc320801e3db34b663e7e3f816"},"headline":"O\u00f9 r\u00e9server une visite nocturne priv\u00e9e sur le Cutty Sark \u00e0 Londres","datePublished":"2025-06-14T20:36:00+00:00","mainEntityOfPage":{"@id":"https:\/\/greenwichmeridien.fr\/blog\/a-la-une\/ou-reserver-une-visite-nocturne-privee-sur-le-cutty-sark-a-londres\/"},"wordCount":1425,"commentCount":0,"publisher":{"@id":"https:\/\/greenwichmeridien.fr\/blog\/#organization"},"image":{"@id":"https:\/\/greenwichmeridien.fr\/blog\/a-la-une\/ou-reserver-une-visite-nocturne-privee-sur-le-cutty-sark-a-londres\/#primaryimage"},"thumbnailUrl":"https:\/\/greenwichmeridien.fr\/blog\/wp-content\/uploads\/2025\/07\/sdxl-4bd1dcb011382a026fa67c3469ef1ad1-scaled.png","keywords":["cutty sark","londres","visite nocturne"],"articleSection":["\u00c0 la une"],"inLanguage":"fr-FR","potentialAction":[{"@type":"CommentAction","name":"Comment","target":["https:\/\/greenwichmeridien.fr\/blog\/a-la-une\/ou-reserver-une-visite-nocturne-privee-sur-le-cutty-sark-a-londres\/#respond"]}]},{"@type":"WebPage","@id":"https:\/\/greenwichmeridien.fr\/blog\/a-la-une\/ou-reserver-une-visite-nocturne-privee-sur-le-cutty-sark-a-londres\/","url":"https:\/\/greenwichmeridien.fr\/blog\/a-la-une\/ou-reserver-une-visite-nocturne-privee-sur-le-cutty-sark-a-londres\/","name":"Visite nocturne priv\u00e9e du Cutty Sark \u00e0 Londres","isPartOf":{"@id":"https:\/\/greenwichmeridien.fr\/blog\/#website"},"primaryImageOfPage":{"@id":"https:\/\/greenwichmeridien.fr\/blog\/a-la-une\/ou-reserver-une-visite-nocturne-privee-sur-le-cutty-sark-a-londres\/#primaryimage"},"image":{"@id":"https:\/\/greenwichmeridien.fr\/blog\/a-la-une\/ou-reserver-une-visite-nocturne-privee-sur-le-cutty-sark-a-londres\/#primaryimage"},"thumbnailUrl":"https:\/\/greenwichmeridien.fr\/blog\/wp-content\/uploads\/2025\/07\/sdxl-4bd1dcb011382a026fa67c3469ef1ad1-scaled.png","datePublished":"2025-06-14T20:36:00+00:00","description":"L\u2019acc\u00e8s au Cutty Sark apr\u00e8s la fermeture au public requiert une organisation soign\u00e9e et une anticipation certaine. Contrairement aux cr\u00e9neaux standards","inLanguage":"fr-FR","potentialAction":[{"@type":"ReadAction","target":["https:\/\/greenwichmeridien.fr\/blog\/a-la-une\/ou-reserver-une-visite-nocturne-privee-sur-le-cutty-sark-a-londres\/"]}]},{"@type":"ImageObject","inLanguage":"fr-FR","@id":"https:\/\/greenwichmeridien.fr\/blog\/a-la-une\/ou-reserver-une-visite-nocturne-privee-sur-le-cutty-sark-a-londres\/#primaryimage","url":"https:\/\/greenwichmeridien.fr\/blog\/wp-content\/uploads\/2025\/07\/sdxl-4bd1dcb011382a026fa67c3469ef1ad1-scaled.png","contentUrl":"https:\/\/greenwichmeridien.fr\/blog\/wp-content\/uploads\/2025\/07\/sdxl-4bd1dcb011382a026fa67c3469ef1ad1-scaled.png","width":1200,"height":500},{"@type":"WebSite","@id":"https:\/\/greenwichmeridien.fr\/blog\/#website","url":"https:\/\/greenwichmeridien.fr\/blog\/","name":"Greenwich M\u00e9ridien","description":"Greenwich M\u00e9ridien, le rep\u00e8re du temps et du voyage","publisher":{"@id":"https:\/\/greenwichmeridien.fr\/blog\/#organization"},"alternateName":"Greenwich M\u00e9ridien, le rep\u00e8re du temps et du voyage","potentialAction":[{"@type":"SearchAction","target":{"@type":"EntryPoint","urlTemplate":"https:\/\/greenwichmeridien.fr\/blog\/?s={search_term_string}"},"query-input":{"@type":"PropertyValueSpecification","valueRequired":true,"valueName":"search_term_string"}}],"inLanguage":"fr-FR"},{"@type":"Organization","@id":"https:\/\/greenwichmeridien.fr\/blog\/#organization","name":"Greenwich M\u00e9ridien","alternateName":"Greenwich M\u00e9ridien","url":"https:\/\/greenwichmeridien.fr\/blog\/","logo":{"@type":"ImageObject","inLanguage":"fr-FR","@id":"https:\/\/greenwichmeridien.fr\/blog\/#\/schema\/logo\/image\/","url":"https:\/\/greenwichmeridien.fr\/blog\/wp-content\/uploads\/2024\/12\/greenwichmeridien.png","contentUrl":"https:\/\/greenwichmeridien.fr\/blog\/wp-content\/uploads\/2024\/12\/greenwichmeridien.png","width":500,"height":500,"caption":"Greenwich M\u00e9ridien"},"image":{"@id":"https:\/\/greenwichmeridien.fr\/blog\/#\/schema\/logo\/image\/"}},{"@type":"Person","@id":"https:\/\/greenwichmeridien.fr\/blog\/#\/schema\/person\/3c864cdc320801e3db34b663e7e3f816","name":"Samuel Chalmin","image":{"@type":"ImageObject","inLanguage":"fr-FR","@id":"https:\/\/greenwichmeridien.fr\/blog\/#\/schema\/person\/image\/","url":"https:\/\/secure.gravatar.com\/avatar\/cef3677de7d237273d13053728f9470818581a8a27d9bf6f5039fd18508a905f?s=96&d=mm&r=g","contentUrl":"https:\/\/secure.gravatar.com\/avatar\/cef3677de7d237273d13053728f9470818581a8a27d9bf6f5039fd18508a905f?s=96&d=mm&r=g","caption":"Samuel Chalmin"},"description":"R\u00e9dacteur du site, il suit les questions de temps et de calendrier : m\u00e9ridien de Greenwich, heure GMT et UTC, fuseaux horaires, changement d'heure, ann\u00e9es bissextiles et jours f\u00e9ri\u00e9s.","sameAs":["https:\/\/samuelchalmin.fr\/"],"url":"https:\/\/greenwichmeridien.fr\/blog\/auteur\/noname\/"}]}},"_links":{"self":[{"href":"https:\/\/greenwichmeridien.fr\/blog\/wp-json\/wp\/v2\/posts\/7480","targetHints":{"allow":["GET"]}}],"collection":[{"href":"https:\/\/greenwichmeridien.fr\/blog\/wp-json\/wp\/v2\/posts"}],"about":[{"href":"https:\/\/greenwichmeridien.fr\/blog\/wp-json\/wp\/v2\/types\/post"}],"author":[{"embeddable":true,"href":"https:\/\/greenwichmeridien.fr\/blog\/wp-json\/wp\/v2\/users\/34"}],"replies":[{"embeddable":true,"href":"https:\/\/greenwichmeridien.fr\/blog\/wp-json\/wp\/v2\/comments?post=7480"}],"version-history":[{"count":0,"href":"https:\/\/greenwichmeridien.fr\/blog\/wp-json\/wp\/v2\/posts\/7480\/revisions"}],"wp:featuredmedia":[{"embeddable":true,"href":"https:\/\/greenwichmeridien.fr\/blog\/wp-json\/wp\/v2\/media\/7556"}],"wp:attachment":[{"href":"https:\/\/greenwichmeridien.fr\/blog\/wp-json\/wp\/v2\/media?parent=7480"}],"wp:term":[{"taxonomy":"category","embeddable":true,"href":"https:\/\/greenwichmeridien.fr\/blog\/wp-json\/wp\/v2\/categories?post=7480"},{"taxonomy":"post_tag","embeddable":true,"href":"https:\/\/greenwichmeridien.fr\/blog\/wp-json\/wp\/v2\/tags?post=7480"}],"curies":[{"name":"wp","href":"https:\/\/api.w.org\/{rel}","templated":true}]}}