{"id":7504,"date":"2025-06-14T22:49:34","date_gmt":"2025-06-14T20:49:34","guid":{"rendered":"https:\/\/greenwichmeridien.fr\/blog\/a-la-une\/ou-trouver-des-evenements-de-yoga-au-lever-du-soleil-sur-la-meridienne\/"},"modified":"2025-06-14T22:49:34","modified_gmt":"2025-06-14T20:49:34","slug":"ou-trouver-des-evenements-de-yoga-au-lever-du-soleil-sur-la-meridienne","status":"publish","type":"post","link":"https:\/\/greenwichmeridien.fr\/blog\/a-la-une\/ou-trouver-des-evenements-de-yoga-au-lever-du-soleil-sur-la-meridienne\/","title":{"rendered":"O\u00f9 Trouver des \u00c9v\u00e9nements de Yoga au Lever du Soleil sur la M\u00e9ridienne"},"content":{"rendered":"<h1>O\u00f9 Trouver des \u00c9v\u00e9nements de Yoga au Lever du Soleil sur la M\u00e9ridienne<\/h1>\n<h2>Pourquoi choisir la m\u00e9ridienne pour une s\u00e9ance matinale de yoga<\/h2>\n<p>\nLa <strong>m\u00e9ridienne<\/strong>, cette <u>ligne symbolique qui relie le nord et le sud de la France<\/u>, traverse des territoires riches de diversit\u00e9 : for\u00eats s\u00e9culaires, massifs montagneux, vall\u00e9es ouvertes et hauts plateaux. Pratiquer le <strong>yoga \u00e0 l\u2019aube<\/strong> sur ce trac\u00e9, c\u2019est b\u00e9n\u00e9ficier d\u2019une <strong>qualit\u00e9 de lumi\u00e8re<\/strong> exceptionnelle, souvent cit\u00e9e par les photographes et amateurs de ciel pur.\n<\/p>\n<ul>\n<li>Le <strong>magn\u00e9tisme<\/strong> de la m\u00e9ridienne s\u2019exprime par une sensation d\u2019alignement entre le corps, l\u2019esprit et les cycles naturels.<\/li>\n<li>Nombre de sites situ\u00e9s sur la m\u00e9ridienne, tels que les <strong>Plaines du Berry<\/strong>, le <strong>Massif Central<\/strong> ou la <strong>Dune du Pilat<\/strong>, favorisent une adh\u00e9sion totale aux \u00e9nergies matinales, propices \u00e0 la m\u00e9ditation et \u00e0 l\u2019introspection.<\/li>\n<\/ul>\n<p>\nEn choisissant la m\u00e9ridienne, nous acc\u00e9dons \u00e0 une atmosph\u00e8re o\u00f9 la lumi\u00e8re rasante, la brise fra\u00eeche et le silence encore intact des premiers instants du jour amplifient la dimension ressour\u00e7ante du yoga. Cette orientation g\u00e9ographique, souvent privil\u00e9gi\u00e9e lors des rassemblements spirituels ou \u00e9nerg\u00e9tiques, sublime v\u00e9ritablement l\u2019exp\u00e9rience sensorielle.\n<\/p>\n<h2>Comment rep\u00e9rer les rassemblements de yoga \u00e0 l\u2019aube sur la m\u00e9ridienne<\/h2>\n<p>\nRep\u00e9rer les <strong>\u00e9v\u00e9nements de yoga \u00e0 l\u2019aube<\/strong> n\u00e9cessite m\u00e9thode et discernement, car ces pratiques restent intimistes et parfois peu m\u00e9diatis\u00e9es. Plusieurs outils facilitent la recherche d\u2019initiatives authentiques, en particulier lorsque l\u2019on cible la m\u00e9ridienne et ses abords imm\u00e9diats.\n<\/p>\n<ul>\n<li>Les <strong>plateformes d\u00e9di\u00e9es au bien-\u00eatre<\/strong> \u2013 comme Billetweb ou les agendas de festivals sp\u00e9cialis\u00e9s \u2013 recensent r\u00e9guli\u00e8rement des ateliers de yoga au lever du soleil dans des lieux embl\u00e9matiques, tels que le <u>Domaine des Pierres Bleues<\/u> avec Chlo\u00e9 Le Trieu Tuong.<\/li>\n<li>La <strong>sc\u00e8ne locale<\/strong> reste une riche source d\u2019information : nombre de studios, centres alternatifs ou collectifs (ex. <strong>Mana Yoga<\/strong> \u00e0 Ch\u00e2tellerault) publient leurs rendez-vous matinaux sur leurs r\u00e9seaux sociaux ou leur site officiel.<\/li>\n<li>Les <strong>groupes communautaires<\/strong> sur Facebook ou WhatsApp \u2013 souvent baptis\u00e9s \u201cYoga sur la M\u00e9ridienne\u201d ou \u201cYoga \u00e0 l\u2019Aube en Occitanie\u201d \u2013 proposent un relais efficace des sessions ponctuelles ou r\u00e9currentes, avec des retours d\u2019exp\u00e9rience fiables.<\/li>\n<\/ul>\n<p>\nEn croisant ces sources, nous obtenons des acc\u00e8s rapides \u00e0 des rassemblements vari\u00e9s : grandes retraites, s\u00e9ances intimistes en montagne, festivals comme le <strong>Hello Sun Yoga Festival<\/strong> aux Prairies de la Mer, ou encore stages multi-activit\u00e9s regroupant m\u00e9ditation, marche consciente et yoga dynamique \u00e0 l\u2019aube.\n<\/p>\n<h2>Quels sites embl\u00e9matiques privil\u00e9gier pour une pratique au lever du soleil<\/h2>\n<p>\nCertains <strong>sites naturels et patrimoniaux<\/strong> align\u00e9s sur la m\u00e9ridienne ont b\u00e2ti leur r\u00e9putation sur la qualit\u00e9 de l\u2019exp\u00e9rience sensorielle propos\u00e9e \u00e0 l\u2019aube. Les crit\u00e8res d\u00e9terminants pour le choix du lieu incluent l\u2019<strong>accessibilit\u00e9 matinale<\/strong>, la <strong>s\u00e9curit\u00e9<\/strong>, une <strong>ambiance pr\u00e9serv\u00e9e<\/strong> et la possibilit\u00e9 de jouir d\u2019un panorama d\u00e9gag\u00e9 sur l\u2019horizon.\n<\/p>\n<ul>\n<li><strong>Prairies de la Mer (Port Grimaud)<\/strong> : Chaque mois de juin, ce domaine accueille le <strong>Hello Sun Yoga Festival<\/strong>, qui propose des sessions de yoga \u00e0 l\u2019ext\u00e9rieur, face \u00e0 la M\u00e9diterran\u00e9e, dans une atmosph\u00e8re sereine et avec l\u2019appui logistique d\u2019une application d\u00e9di\u00e9e \u00e0 l\u2019\u00e9v\u00e9nement.<\/li>\n<li><strong>Rooftop de l\u2019Espace Weisshorn (Val d\u2019Anniviers, Suisse)<\/strong> : \u00c0 2700 m\u00e8tres d\u2019altitude, les s\u00e9ances de yoga au lever du soleil offrent un spectacle unique sur les sommets alpins, avant de partager un petit-d\u00e9jeuner panoramique au restaurant du site.<\/li>\n<li><strong>Domaine des Pierres Bleues (pr\u00e8s de Ch\u00e2tellerault)<\/strong> : Lieu de rendez-vous pour des pratiques collectives avec des professeurs reconnus, au c\u0153ur d\u2019un site en pleine nature.<\/li>\n<li><strong>Massif du Sancy<\/strong> : Ce site volcanique, ais\u00e9ment accessible au petit matin, s\u00e9duit pour ses points de vue d\u00e9gag\u00e9s et sa qui\u00e9tude propice \u00e0 la m\u00e9ditation en altitude.<\/li>\n<\/ul>\n<p>\nNous conseillons de choisir des <strong>lieux sur\u00e9lev\u00e9s<\/strong> ou <u>\u00e0 proximit\u00e9 de plans d\u2019eau<\/u>, qui d\u00e9multiplient les effets de lumi\u00e8re et l\u2019inspiration au r\u00e9veil. Le choix du spot influence la perception de la pratique et la qualit\u00e9 de la connexion \u00e0 l\u2019environnement.\n<\/p>\n<h2>Astuce pour organiser sa participation \u00e0 une session sur la m\u00e9ridienne<\/h2>\n<p>\nUne exp\u00e9rience r\u00e9ussie au lever du soleil d\u00e9pend autant de la pr\u00e9paration que du choix du site. Respecter certaines \u00e9tapes garantit la s\u00e9r\u00e9nit\u00e9 et le confort d\u00e8s l\u2019aube.\n<\/p>\n<ul>\n<li>Planifier selon <strong>l\u2019heure du lever du soleil<\/strong> : Sur la m\u00e9ridienne, les heures varient selon la latitude et la saison. L\u2019application \u201cLev\u00e9 Soleil\u201d ou les calendriers locaux permettent d\u2019anticiper le cr\u00e9neau optimal pour profiter des premiers rayons.<\/li>\n<li>V\u00e9rifier les <strong>conditions m\u00e9t\u00e9orologiques<\/strong> la veille : Un ciel d\u00e9gag\u00e9 et une temp\u00e9rature cl\u00e9mente optimisent la relaxation. En montagne, pr\u00e9voir un v\u00eatement chaud et imperm\u00e9able peut s\u2019av\u00e9rer judicieux.<\/li>\n<li>S\u2019\u00e9quiper avec <strong>tapis de yoga antid\u00e9rapant<\/strong>, lampe frontale, bouteille d\u2019eau filtrante et couverture l\u00e9g\u00e8re, surtout si la pratique s\u2019effectue sur sol humide ou rocailleux.<\/li>\n<li>Contacter les <strong>organisateurs<\/strong> au pr\u00e9alable pour confirmer le lieu exact, les modalit\u00e9s d\u2019inscription et les consignes sp\u00e9cifiques (acc\u00e8s s\u00e9curis\u00e9, parkings, possibilit\u00e9 de petit-d\u00e9jeuner sur place).<\/li>\n<\/ul>\n<p>\nNous recommandons vivement d\u2019arriver quelques minutes en avance pour s\u2019acclimater et d\u2019opter pour une session guid\u00e9e par un instructeur certifi\u00e9, particuli\u00e8rement lors des premiers essais en ext\u00e9rieur.\n<\/p>\n<h2>Les b\u00e9n\u00e9fices sp\u00e9cifiques de la pratique matinale sur la m\u00e9ridienne<\/h2>\n<p>\nLa <strong>pratique du yoga \u00e0 l\u2019aube<\/strong> sur la m\u00e9ridienne amplifie des bienfaits que de nombreux participants rapportent tant sur le plan physique que psychique. L\u2019alliance de l\u2019\u00e9nergie solaire montante, de la puret\u00e9 de l\u2019air et du silence environnant cr\u00e9e une synergie particuli\u00e8rement propice \u00e0 la r\u00e9g\u00e9n\u00e9ration.\n<\/p>\n<ul>\n<li><strong>Clart\u00e9 mentale et apaisement<\/strong> : La synchronisation du souffle avec l\u2019ouverture du jour favorise la concentration et la prise de recul sur les tracas du quotidien.<\/li>\n<li><strong>Vitalit\u00e9 corporelle accrue<\/strong> : Les encha\u00eenements de postures stimulent la circulation, d\u00e9nouent les tensions et r\u00e9veillent la musculature en douceur, avant toute sollicitation urbaine ou professionnelle.<\/li>\n<li><strong>Sentiment d\u2019harmonie globale<\/strong> : Se relier \u00e0 la lumi\u00e8re naturelle, absorber la qualit\u00e9 \u00e9nerg\u00e9tique propre \u00e0 la m\u00e9ridienne, nourrit un sentiment durable de paix int\u00e9rieure et de coh\u00e9rence personnelle.<\/li>\n<\/ul>\n<p>\n\u00c0 notre sens, cette pratique r\u00e9sonne en profondeur, offrant un ancrage solide pour le reste de la journ\u00e9e et une palette de sensations renouvel\u00e9es, difficilement accessibles dans un contexte urbain ou ferm\u00e9.\n<\/p>\n<h2>Tisser des liens avec la communaut\u00e9 des yogis de la m\u00e9ridienne<\/h2>\n<p>\nAu-del\u00e0 du b\u00e9n\u00e9fice individuel, prendre part \u00e0 ces sessions matinales ouvre la porte \u00e0 une <strong>communaut\u00e9 de passionn\u00e9s<\/strong> soud\u00e9e par les m\u00eames valeurs de partage, bienveillance et connexion \u00e0 la nature. Ce tissu social se tisse au fil des saisons et des rencontres r\u00e9guli\u00e8res sur les lieux embl\u00e9matiques de la m\u00e9ridienne.\n<\/p>\n<ul>\n<li>La participation \u00e0 des <strong>\u00e9v\u00e9nements collaboratifs<\/strong> comme le Hello Sun Yoga Festival ou les retraites \u00e0 th\u00e9matique spirituelle (par exemple, celles organis\u00e9es par Mana Yoga \u00e0 Ch\u00e2tellerault) permet de partager exp\u00e9riences, techniques et ressentis.<\/li>\n<li>Les <strong>\u00e9changes de pratiques<\/strong> entre yogis cr\u00e9ent une synergie collective enrichissante. Nombre de collectifs proposent des cercles de parole au lever du soleil, moments privil\u00e9gi\u00e9s pour approfondir la d\u00e9couverte de soi et la solidarit\u00e9 du groupe.<\/li>\n<li>En s\u2019impliquant dans la <strong>cr\u00e9ation de rendez-vous r\u00e9guliers<\/strong> \u2013 hebdomadaires en \u00e9t\u00e9, mensuels en basse saison \u2013 nous stimulons une dynamique vertueuse et durable.<\/li>\n<\/ul>\n<p>\nNous recommandons d\u2019approfondir ces liens avec authenticit\u00e9, en valorisant l\u2019\u00e9coute et l\u2019entraide, afin d\u2019installer une atmosph\u00e8re propice \u00e0 la croissance mutuelle et \u00e0 la joie du partage matinal. Int\u00e9grer la communaut\u00e9 des yogis de la m\u00e9ridienne, c\u2019est s\u2019ouvrir \u00e0 une palette d\u2019exp\u00e9riences humaines et sensorielles d\u2019une richesse rare.\n<\/p>\n<hr>\n<div class=\"articles-lies\">\n<h3>\u00c0 lire aussi<\/h3>\n<ul>\n<li><a href=\"https:\/\/greenwichmeridien.fr\/blog\/histoire-et-culture\/lobservatoire-royal-de-greenwich-origine-du-meridien-zero-de-longitude\/\">l&rsquo;Observatoire Royal et l&rsquo;origine du m\u00e9ridien de Greenwich<\/a><\/li>\n<li><a href=\"https:\/\/greenwichmeridien.fr\/blog\/a-la-une\/les-sites-incontournables-a-explorer-lors-dune-visite-a-lobservatoire-royal-de-greenwich\/\">Que voir \u00e0 l&rsquo;Observatoire Royal de Greenwich<\/a><\/li>\n<li><a href=\"https:\/\/greenwichmeridien.fr\/blog\/a-la-une\/conferences-et-plateformes-de-rencontres-incontournables-pour-astronomes-amateurs\/\">Conf\u00e9rences et plateformes de rencontres incontournables pour astronomes amateurs<\/a><\/li>\n<li><a href=\"https:\/\/greenwichmeridien.fr\/blog\/a-la-une\/comment-choisir-les-meilleurs-sites-pour-des-visites-nocturnes-en-observatoire\/\">Comment choisir les meilleurs sites pour des visites nocturnes en observatoire\u202f?<\/a><\/li>\n<\/ul>\n<\/div>\n","protected":false},"excerpt":{"rendered":"","protected":false},"author":34,"featured_media":7587,"comment_status":"open","ping_status":"open","sticky":false,"template":"","format":"standard","meta":{"_acf_changed":false,"manual_indexmenow":false,"indexmenow_id_project":0,"footnotes":""},"categories":[1],"tags":[4674,4675,4673],"class_list":["post-7504","post","type-post","status-publish","format-standard","has-post-thumbnail","hentry","category-a-la-une","tag-lever-du-soleil","tag-vnements","tag-yoga","generate-columns","tablet-grid-50","mobile-grid-100","grid-parent","grid-25"],"acf":[],"yoast_head":"<!-- This site is optimized with the Yoast SEO Premium plugin v21.3 (Yoast SEO v25.6) - https:\/\/yoast.com\/wordpress\/plugins\/seo\/ -->\n<title>Yoga au lever du soleil sur la M\u00e9ridienne de Greenwich<\/title>\n<meta name=\"description\" content=\"La m\u00e9ridienne, cette ligne symbolique qui relie le nord et le sud de la France, traverse des territoires riches de diversit\u00e9 : for\u00eats s\u00e9culaires, massifs\" \/>\n<meta name=\"robots\" content=\"index, follow, max-snippet:-1, max-image-preview:large, max-video-preview:-1\" \/>\n<link rel=\"canonical\" href=\"https:\/\/greenwichmeridien.fr\/blog\/a-la-une\/ou-trouver-des-evenements-de-yoga-au-lever-du-soleil-sur-la-meridienne\/\" \/>\n<meta property=\"og:locale\" content=\"fr_FR\" \/>\n<meta property=\"og:type\" content=\"article\" \/>\n<meta property=\"og:title\" content=\"Yoga au lever du soleil sur la M\u00e9ridienne de Greenwich\" \/>\n<meta property=\"og:description\" content=\"La m\u00e9ridienne, cette ligne symbolique qui relie le nord et le sud de la France, traverse des territoires riches de diversit\u00e9 : for\u00eats s\u00e9culaires, massifs\" \/>\n<meta property=\"og:url\" content=\"https:\/\/greenwichmeridien.fr\/blog\/a-la-une\/ou-trouver-des-evenements-de-yoga-au-lever-du-soleil-sur-la-meridienne\/\" \/>\n<meta property=\"og:site_name\" content=\"greenwichmeridien\" \/>\n<meta property=\"og:image\" content=\"https:\/\/greenwichmeridien.fr\/blog\/wp-content\/uploads\/2025\/07\/sdxl-30c41d4d2fdebf824fbab3fb7edbb66a-scaled.png\" \/>\n\t<meta property=\"og:image:width\" content=\"1200\" \/>\n\t<meta property=\"og:image:height\" content=\"500\" \/>\n\t<meta property=\"og:image:type\" content=\"image\/png\" \/>\n<meta name=\"author\" content=\"Samuel Chalmin\" \/>\n<meta name=\"twitter:card\" content=\"summary_large_image\" \/>\n<script type=\"application\/ld+json\" class=\"yoast-schema-graph\">{\"@context\":\"https:\/\/schema.org\",\"@graph\":[{\"@type\":\"NewsArticle\",\"@id\":\"https:\/\/greenwichmeridien.fr\/blog\/a-la-une\/ou-trouver-des-evenements-de-yoga-au-lever-du-soleil-sur-la-meridienne\/#article\",\"isPartOf\":{\"@id\":\"https:\/\/greenwichmeridien.fr\/blog\/a-la-une\/ou-trouver-des-evenements-de-yoga-au-lever-du-soleil-sur-la-meridienne\/\"},\"author\":{\"name\":\"Samuel Chalmin\",\"@id\":\"https:\/\/greenwichmeridien.fr\/blog\/#\/schema\/person\/3c864cdc320801e3db34b663e7e3f816\"},\"headline\":\"O\u00f9 Trouver des \u00c9v\u00e9nements de Yoga au Lever du Soleil sur la M\u00e9ridienne\",\"datePublished\":\"2025-06-14T20:49:34+00:00\",\"mainEntityOfPage\":{\"@id\":\"https:\/\/greenwichmeridien.fr\/blog\/a-la-une\/ou-trouver-des-evenements-de-yoga-au-lever-du-soleil-sur-la-meridienne\/\"},\"wordCount\":1410,\"commentCount\":0,\"publisher\":{\"@id\":\"https:\/\/greenwichmeridien.fr\/blog\/#organization\"},\"image\":{\"@id\":\"https:\/\/greenwichmeridien.fr\/blog\/a-la-une\/ou-trouver-des-evenements-de-yoga-au-lever-du-soleil-sur-la-meridienne\/#primaryimage\"},\"thumbnailUrl\":\"https:\/\/greenwichmeridien.fr\/blog\/wp-content\/uploads\/2025\/07\/sdxl-30c41d4d2fdebf824fbab3fb7edbb66a-scaled.png\",\"keywords\":[\"lever du soleil\",\"vnements\",\"yoga\"],\"articleSection\":[\"\u00c0 la une\"],\"inLanguage\":\"fr-FR\",\"potentialAction\":[{\"@type\":\"CommentAction\",\"name\":\"Comment\",\"target\":[\"https:\/\/greenwichmeridien.fr\/blog\/a-la-une\/ou-trouver-des-evenements-de-yoga-au-lever-du-soleil-sur-la-meridienne\/#respond\"]}]},{\"@type\":\"WebPage\",\"@id\":\"https:\/\/greenwichmeridien.fr\/blog\/a-la-une\/ou-trouver-des-evenements-de-yoga-au-lever-du-soleil-sur-la-meridienne\/\",\"url\":\"https:\/\/greenwichmeridien.fr\/blog\/a-la-une\/ou-trouver-des-evenements-de-yoga-au-lever-du-soleil-sur-la-meridienne\/\",\"name\":\"Yoga au lever du soleil sur la M\u00e9ridienne de Greenwich\",\"isPartOf\":{\"@id\":\"https:\/\/greenwichmeridien.fr\/blog\/#website\"},\"primaryImageOfPage\":{\"@id\":\"https:\/\/greenwichmeridien.fr\/blog\/a-la-une\/ou-trouver-des-evenements-de-yoga-au-lever-du-soleil-sur-la-meridienne\/#primaryimage\"},\"image\":{\"@id\":\"https:\/\/greenwichmeridien.fr\/blog\/a-la-une\/ou-trouver-des-evenements-de-yoga-au-lever-du-soleil-sur-la-meridienne\/#primaryimage\"},\"thumbnailUrl\":\"https:\/\/greenwichmeridien.fr\/blog\/wp-content\/uploads\/2025\/07\/sdxl-30c41d4d2fdebf824fbab3fb7edbb66a-scaled.png\",\"datePublished\":\"2025-06-14T20:49:34+00:00\",\"description\":\"La m\u00e9ridienne, cette ligne symbolique qui relie le nord et le sud de la France, traverse des territoires riches de diversit\u00e9 : for\u00eats s\u00e9culaires, massifs\",\"inLanguage\":\"fr-FR\",\"potentialAction\":[{\"@type\":\"ReadAction\",\"target\":[\"https:\/\/greenwichmeridien.fr\/blog\/a-la-une\/ou-trouver-des-evenements-de-yoga-au-lever-du-soleil-sur-la-meridienne\/\"]}]},{\"@type\":\"ImageObject\",\"inLanguage\":\"fr-FR\",\"@id\":\"https:\/\/greenwichmeridien.fr\/blog\/a-la-une\/ou-trouver-des-evenements-de-yoga-au-lever-du-soleil-sur-la-meridienne\/#primaryimage\",\"url\":\"https:\/\/greenwichmeridien.fr\/blog\/wp-content\/uploads\/2025\/07\/sdxl-30c41d4d2fdebf824fbab3fb7edbb66a-scaled.png\",\"contentUrl\":\"https:\/\/greenwichmeridien.fr\/blog\/wp-content\/uploads\/2025\/07\/sdxl-30c41d4d2fdebf824fbab3fb7edbb66a-scaled.png\",\"width\":1200,\"height\":500},{\"@type\":\"WebSite\",\"@id\":\"https:\/\/greenwichmeridien.fr\/blog\/#website\",\"url\":\"https:\/\/greenwichmeridien.fr\/blog\/\",\"name\":\"Greenwich M\u00e9ridien\",\"description\":\"Greenwich M\u00e9ridien, le rep\u00e8re du temps et du voyage\",\"publisher\":{\"@id\":\"https:\/\/greenwichmeridien.fr\/blog\/#organization\"},\"alternateName\":\"Greenwich M\u00e9ridien, le rep\u00e8re du temps et du voyage\",\"potentialAction\":[{\"@type\":\"SearchAction\",\"target\":{\"@type\":\"EntryPoint\",\"urlTemplate\":\"https:\/\/greenwichmeridien.fr\/blog\/?s={search_term_string}\"},\"query-input\":{\"@type\":\"PropertyValueSpecification\",\"valueRequired\":true,\"valueName\":\"search_term_string\"}}],\"inLanguage\":\"fr-FR\"},{\"@type\":\"Organization\",\"@id\":\"https:\/\/greenwichmeridien.fr\/blog\/#organization\",\"name\":\"Greenwich M\u00e9ridien\",\"alternateName\":\"Greenwich M\u00e9ridien\",\"url\":\"https:\/\/greenwichmeridien.fr\/blog\/\",\"logo\":{\"@type\":\"ImageObject\",\"inLanguage\":\"fr-FR\",\"@id\":\"https:\/\/greenwichmeridien.fr\/blog\/#\/schema\/logo\/image\/\",\"url\":\"https:\/\/greenwichmeridien.fr\/blog\/wp-content\/uploads\/2024\/12\/greenwichmeridien.png\",\"contentUrl\":\"https:\/\/greenwichmeridien.fr\/blog\/wp-content\/uploads\/2024\/12\/greenwichmeridien.png\",\"width\":500,\"height\":500,\"caption\":\"Greenwich M\u00e9ridien\"},\"image\":{\"@id\":\"https:\/\/greenwichmeridien.fr\/blog\/#\/schema\/logo\/image\/\"}},{\"@type\":\"Person\",\"@id\":\"https:\/\/greenwichmeridien.fr\/blog\/#\/schema\/person\/3c864cdc320801e3db34b663e7e3f816\",\"name\":\"Samuel Chalmin\",\"image\":{\"@type\":\"ImageObject\",\"inLanguage\":\"fr-FR\",\"@id\":\"https:\/\/greenwichmeridien.fr\/blog\/#\/schema\/person\/image\/\",\"url\":\"https:\/\/secure.gravatar.com\/avatar\/cef3677de7d237273d13053728f9470818581a8a27d9bf6f5039fd18508a905f?s=96&d=mm&r=g\",\"contentUrl\":\"https:\/\/secure.gravatar.com\/avatar\/cef3677de7d237273d13053728f9470818581a8a27d9bf6f5039fd18508a905f?s=96&d=mm&r=g\",\"caption\":\"Samuel Chalmin\"},\"description\":\"R\u00e9dacteur du site, il suit les questions de temps et de calendrier : m\u00e9ridien de Greenwich, heure GMT et UTC, fuseaux horaires, changement d'heure, ann\u00e9es bissextiles et jours f\u00e9ri\u00e9s.\",\"sameAs\":[\"https:\/\/samuelchalmin.fr\/\"],\"url\":\"https:\/\/greenwichmeridien.fr\/blog\/auteur\/noname\/\"}]}<\/script>\n<!-- \/ Yoast SEO Premium plugin. -->","yoast_head_json":{"title":"Yoga au lever du soleil sur la M\u00e9ridienne de Greenwich","description":"La m\u00e9ridienne, cette ligne symbolique qui relie le nord et le sud de la France, traverse des territoires riches de diversit\u00e9 : for\u00eats s\u00e9culaires, massifs","robots":{"index":"index","follow":"follow","max-snippet":"max-snippet:-1","max-image-preview":"max-image-preview:large","max-video-preview":"max-video-preview:-1"},"canonical":"https:\/\/greenwichmeridien.fr\/blog\/a-la-une\/ou-trouver-des-evenements-de-yoga-au-lever-du-soleil-sur-la-meridienne\/","og_locale":"fr_FR","og_type":"article","og_title":"Yoga au lever du soleil sur la M\u00e9ridienne de Greenwich","og_description":"La m\u00e9ridienne, cette ligne symbolique qui relie le nord et le sud de la France, traverse des territoires riches de diversit\u00e9 : for\u00eats s\u00e9culaires, massifs","og_url":"https:\/\/greenwichmeridien.fr\/blog\/a-la-une\/ou-trouver-des-evenements-de-yoga-au-lever-du-soleil-sur-la-meridienne\/","og_site_name":"greenwichmeridien","og_image":[{"width":1200,"height":500,"url":"https:\/\/greenwichmeridien.fr\/blog\/wp-content\/uploads\/2025\/07\/sdxl-30c41d4d2fdebf824fbab3fb7edbb66a-scaled.png","type":"image\/png"}],"author":"Samuel Chalmin","twitter_card":"summary_large_image","schema":{"@context":"https:\/\/schema.org","@graph":[{"@type":"NewsArticle","@id":"https:\/\/greenwichmeridien.fr\/blog\/a-la-une\/ou-trouver-des-evenements-de-yoga-au-lever-du-soleil-sur-la-meridienne\/#article","isPartOf":{"@id":"https:\/\/greenwichmeridien.fr\/blog\/a-la-une\/ou-trouver-des-evenements-de-yoga-au-lever-du-soleil-sur-la-meridienne\/"},"author":{"name":"Samuel Chalmin","@id":"https:\/\/greenwichmeridien.fr\/blog\/#\/schema\/person\/3c864cdc320801e3db34b663e7e3f816"},"headline":"O\u00f9 Trouver des \u00c9v\u00e9nements de Yoga au Lever du Soleil sur la M\u00e9ridienne","datePublished":"2025-06-14T20:49:34+00:00","mainEntityOfPage":{"@id":"https:\/\/greenwichmeridien.fr\/blog\/a-la-une\/ou-trouver-des-evenements-de-yoga-au-lever-du-soleil-sur-la-meridienne\/"},"wordCount":1410,"commentCount":0,"publisher":{"@id":"https:\/\/greenwichmeridien.fr\/blog\/#organization"},"image":{"@id":"https:\/\/greenwichmeridien.fr\/blog\/a-la-une\/ou-trouver-des-evenements-de-yoga-au-lever-du-soleil-sur-la-meridienne\/#primaryimage"},"thumbnailUrl":"https:\/\/greenwichmeridien.fr\/blog\/wp-content\/uploads\/2025\/07\/sdxl-30c41d4d2fdebf824fbab3fb7edbb66a-scaled.png","keywords":["lever du soleil","vnements","yoga"],"articleSection":["\u00c0 la une"],"inLanguage":"fr-FR","potentialAction":[{"@type":"CommentAction","name":"Comment","target":["https:\/\/greenwichmeridien.fr\/blog\/a-la-une\/ou-trouver-des-evenements-de-yoga-au-lever-du-soleil-sur-la-meridienne\/#respond"]}]},{"@type":"WebPage","@id":"https:\/\/greenwichmeridien.fr\/blog\/a-la-une\/ou-trouver-des-evenements-de-yoga-au-lever-du-soleil-sur-la-meridienne\/","url":"https:\/\/greenwichmeridien.fr\/blog\/a-la-une\/ou-trouver-des-evenements-de-yoga-au-lever-du-soleil-sur-la-meridienne\/","name":"Yoga au lever du soleil sur la M\u00e9ridienne de Greenwich","isPartOf":{"@id":"https:\/\/greenwichmeridien.fr\/blog\/#website"},"primaryImageOfPage":{"@id":"https:\/\/greenwichmeridien.fr\/blog\/a-la-une\/ou-trouver-des-evenements-de-yoga-au-lever-du-soleil-sur-la-meridienne\/#primaryimage"},"image":{"@id":"https:\/\/greenwichmeridien.fr\/blog\/a-la-une\/ou-trouver-des-evenements-de-yoga-au-lever-du-soleil-sur-la-meridienne\/#primaryimage"},"thumbnailUrl":"https:\/\/greenwichmeridien.fr\/blog\/wp-content\/uploads\/2025\/07\/sdxl-30c41d4d2fdebf824fbab3fb7edbb66a-scaled.png","datePublished":"2025-06-14T20:49:34+00:00","description":"La m\u00e9ridienne, cette ligne symbolique qui relie le nord et le sud de la France, traverse des territoires riches de diversit\u00e9 : for\u00eats s\u00e9culaires, massifs","inLanguage":"fr-FR","potentialAction":[{"@type":"ReadAction","target":["https:\/\/greenwichmeridien.fr\/blog\/a-la-une\/ou-trouver-des-evenements-de-yoga-au-lever-du-soleil-sur-la-meridienne\/"]}]},{"@type":"ImageObject","inLanguage":"fr-FR","@id":"https:\/\/greenwichmeridien.fr\/blog\/a-la-une\/ou-trouver-des-evenements-de-yoga-au-lever-du-soleil-sur-la-meridienne\/#primaryimage","url":"https:\/\/greenwichmeridien.fr\/blog\/wp-content\/uploads\/2025\/07\/sdxl-30c41d4d2fdebf824fbab3fb7edbb66a-scaled.png","contentUrl":"https:\/\/greenwichmeridien.fr\/blog\/wp-content\/uploads\/2025\/07\/sdxl-30c41d4d2fdebf824fbab3fb7edbb66a-scaled.png","width":1200,"height":500},{"@type":"WebSite","@id":"https:\/\/greenwichmeridien.fr\/blog\/#website","url":"https:\/\/greenwichmeridien.fr\/blog\/","name":"Greenwich M\u00e9ridien","description":"Greenwich M\u00e9ridien, le rep\u00e8re du temps et du voyage","publisher":{"@id":"https:\/\/greenwichmeridien.fr\/blog\/#organization"},"alternateName":"Greenwich M\u00e9ridien, le rep\u00e8re du temps et du voyage","potentialAction":[{"@type":"SearchAction","target":{"@type":"EntryPoint","urlTemplate":"https:\/\/greenwichmeridien.fr\/blog\/?s={search_term_string}"},"query-input":{"@type":"PropertyValueSpecification","valueRequired":true,"valueName":"search_term_string"}}],"inLanguage":"fr-FR"},{"@type":"Organization","@id":"https:\/\/greenwichmeridien.fr\/blog\/#organization","name":"Greenwich M\u00e9ridien","alternateName":"Greenwich M\u00e9ridien","url":"https:\/\/greenwichmeridien.fr\/blog\/","logo":{"@type":"ImageObject","inLanguage":"fr-FR","@id":"https:\/\/greenwichmeridien.fr\/blog\/#\/schema\/logo\/image\/","url":"https:\/\/greenwichmeridien.fr\/blog\/wp-content\/uploads\/2024\/12\/greenwichmeridien.png","contentUrl":"https:\/\/greenwichmeridien.fr\/blog\/wp-content\/uploads\/2024\/12\/greenwichmeridien.png","width":500,"height":500,"caption":"Greenwich M\u00e9ridien"},"image":{"@id":"https:\/\/greenwichmeridien.fr\/blog\/#\/schema\/logo\/image\/"}},{"@type":"Person","@id":"https:\/\/greenwichmeridien.fr\/blog\/#\/schema\/person\/3c864cdc320801e3db34b663e7e3f816","name":"Samuel Chalmin","image":{"@type":"ImageObject","inLanguage":"fr-FR","@id":"https:\/\/greenwichmeridien.fr\/blog\/#\/schema\/person\/image\/","url":"https:\/\/secure.gravatar.com\/avatar\/cef3677de7d237273d13053728f9470818581a8a27d9bf6f5039fd18508a905f?s=96&d=mm&r=g","contentUrl":"https:\/\/secure.gravatar.com\/avatar\/cef3677de7d237273d13053728f9470818581a8a27d9bf6f5039fd18508a905f?s=96&d=mm&r=g","caption":"Samuel Chalmin"},"description":"R\u00e9dacteur du site, il suit les questions de temps et de calendrier : m\u00e9ridien de Greenwich, heure GMT et UTC, fuseaux horaires, changement d'heure, ann\u00e9es bissextiles et jours f\u00e9ri\u00e9s.","sameAs":["https:\/\/samuelchalmin.fr\/"],"url":"https:\/\/greenwichmeridien.fr\/blog\/auteur\/noname\/"}]}},"_links":{"self":[{"href":"https:\/\/greenwichmeridien.fr\/blog\/wp-json\/wp\/v2\/posts\/7504","targetHints":{"allow":["GET"]}}],"collection":[{"href":"https:\/\/greenwichmeridien.fr\/blog\/wp-json\/wp\/v2\/posts"}],"about":[{"href":"https:\/\/greenwichmeridien.fr\/blog\/wp-json\/wp\/v2\/types\/post"}],"author":[{"embeddable":true,"href":"https:\/\/greenwichmeridien.fr\/blog\/wp-json\/wp\/v2\/users\/34"}],"replies":[{"embeddable":true,"href":"https:\/\/greenwichmeridien.fr\/blog\/wp-json\/wp\/v2\/comments?post=7504"}],"version-history":[{"count":0,"href":"https:\/\/greenwichmeridien.fr\/blog\/wp-json\/wp\/v2\/posts\/7504\/revisions"}],"wp:featuredmedia":[{"embeddable":true,"href":"https:\/\/greenwichmeridien.fr\/blog\/wp-json\/wp\/v2\/media\/7587"}],"wp:attachment":[{"href":"https:\/\/greenwichmeridien.fr\/blog\/wp-json\/wp\/v2\/media?parent=7504"}],"wp:term":[{"taxonomy":"category","embeddable":true,"href":"https:\/\/greenwichmeridien.fr\/blog\/wp-json\/wp\/v2\/categories?post=7504"},{"taxonomy":"post_tag","embeddable":true,"href":"https:\/\/greenwichmeridien.fr\/blog\/wp-json\/wp\/v2\/tags?post=7504"}],"curies":[{"name":"wp","href":"https:\/\/api.w.org\/{rel}","templated":true}]}}