{"id":7516,"date":"2025-06-14T22:55:55","date_gmt":"2025-06-14T20:55:55","guid":{"rendered":"https:\/\/greenwichmeridien.fr\/blog\/a-la-une\/organiser-un-mariage-inoubliable-dans-un-parc-selection-et-conseils-dexpert\/"},"modified":"2025-06-14T22:55:55","modified_gmt":"2025-06-14T20:55:55","slug":"organiser-un-mariage-inoubliable-dans-un-parc-selection-et-conseils-dexpert","status":"publish","type":"post","link":"https:\/\/greenwichmeridien.fr\/blog\/a-la-une\/organiser-un-mariage-inoubliable-dans-un-parc-selection-et-conseils-dexpert\/","title":{"rendered":"Organiser un mariage inoubliable dans un parc : s\u00e9lection et conseils d\u2019expert"},"content":{"rendered":"<h1>Organiser un mariage inoubliable dans un parc : s\u00e9lection et conseils d\u2019expert<\/h1>\n<h2>Identifier les parcs adapt\u00e9s \u00e0 l\u2019organisation d\u2019\u00e9v\u00e9nements priv\u00e9s<\/h2>\n<p>L\u2019offre de sites naturels accessibles \u00e0 la privatisation est vaste,\u202fmais tous ne r\u00e9pondent pas aux exigences d\u2019un <strong>\u00e9v\u00e9nement priv\u00e9<\/strong> tel qu\u2019un mariage ou une grande c\u00e9l\u00e9bration. <u>L\u2019identification du site id\u00e9al commence par l\u2019analyse pr\u00e9cise de sa capacit\u00e9 d\u2019accueil, de son accessibilit\u00e9, et de la qualit\u00e9 des am\u00e9nagements propos\u00e9s<\/u>. Opter pour un parc reconnu, tel que le <strong>Jardin des Plantes \u00e0 Nantes<\/strong>, le <strong>Parc de la T\u00eate d\u2019Or \u00e0 Lyon<\/strong> ou les espaces \u00e9v\u00e9nementiels du <strong>Parc Floral de Paris<\/strong>, offre la s\u00e9curit\u00e9 de normes contr\u00f4l\u00e9es et de services adapt\u00e9s, mais ces sites affichent souvent des listes d\u2019attente importantes.<\/p>\n<p>Au-del\u00e0 de la simple esth\u00e9tique, nous recommandons de v\u00e9rifier\u2009:<\/p>\n<ul>\n<li>La pr\u00e9sence de <u>zones am\u00e9nageables<\/u>\u202f: clairi\u00e8res, pavillons, espaces de r\u00e9ception modulables<\/li>\n<li>Des infrastructures\u202fconformes\u202f: sanitaires, branchements \u00e9lectriques, points d\u2019eau, aires de stationnement<\/li>\n<li>La possibilit\u00e9 d\u2019installer des <strong>structures \u00e9ph\u00e9m\u00e8res<\/strong> (barnums, tentes) sans enfreindre la r\u00e9glementation<\/li>\n<li>L\u2019accessibilit\u00e9 pour les prestataires\u202f: traiteurs, techniciens, d\u00e9corateurs<\/li>\n<\/ul>\n<p>En \u00cele-de-France, le <strong>Parc de Sceaux<\/strong> et la <strong>Domaine de Saint-Cloud<\/strong> proposent ainsi des espaces privatisables avec un encadrement strict, souvent r\u00e9serv\u00e9 aux \u00e9v\u00e9nements de plus de 100 personnes. N\u2019oublions pas les solutions de parc r\u00e9sidentiel de loisirs ou de terrains de camping haut de gamme qui offrent <u>une r\u00e9elle flexibilit\u00e9 pour la personnalisation<\/u> de l\u2019\u00e9v\u00e9nement tout en respectant les normes en vigueur.<\/p>\n<h2>V\u00e9rifier les r\u00e8gles d\u2019urbanisme et d\u2019utilisation<\/h2>\n<p>L\u2019organisation d\u2019une r\u00e9ception dans un parc s\u2019inscrit dans une <strong>r\u00e9glementation pr\u00e9cise<\/strong> \u00e9dict\u00e9e par le code de l\u2019urbanisme. Les installations temporaires \u2013 tentes, chapiteaux, sc\u00e8nes, terrasses modulaires \u2013 doivent \u00eatre mont\u00e9es et d\u00e9mont\u00e9es rapidement, sans fondations ni ancrages durables, afin de pr\u00e9server l\u2019int\u00e9grit\u00e9 du site. Une consultation pr\u00e9alable aupr\u00e8s de la mairie ou du gestionnaire du parc s\u2019impose syst\u00e9matiquement.<\/p>\n<p>\n        <u>Il est essentiel de prendre en compte\u202f:<\/u>\n    <\/p>\n<ul>\n<li>Les <strong>limites de capacit\u00e9<\/strong> impos\u00e9es par la configuration du site<\/li>\n<li>La <strong>nature des \u00e9quipements autoris\u00e9s<\/strong> (structures l\u00e9g\u00e8res uniquement)<\/li>\n<li>Les zones strictement r\u00e9serv\u00e9es ou interdites \u00e0 la r\u00e9ception du public (proximit\u00e9 de plans d\u2019eau, espaces prot\u00e9g\u00e9s)<\/li>\n<\/ul>\n<p>\n        Plusieurs sites de prestige, dont le <strong>Parc du Ch\u00e2teau de Chantilly<\/strong>, encadrent strictement les surfaces autoris\u00e9es \u00e0 la privatisation, favorisant les installations d\u00e9montables et limitant le nombre de convives pour pr\u00e9server la biodiversit\u00e9 locale. Certains parcs imposent des horaires stricts pour le d\u00e9montage des structures et la lib\u00e9ration des lieux, aspect \u00e0 ne pas n\u00e9gliger dans l\u2019organisation du d\u00e9roulement de l\u2019\u00e9v\u00e9nement.\n    <\/p>\n<h2>Obtenir les autorisations administratives n\u00e9cessaires<\/h2>\n<p>La dimension administrative constitue une \u00e9tape incontournable, quelle que soit la nature du parc choisi. <u>D\u00e8s que la privatisation partielle ou totale d\u2019un espace public ou d\u2019un parc municipal est envisag\u00e9e, une demande officielle doit \u00eatre d\u00e9pos\u00e9e au moins quinze jours avant la date de l\u2019\u00e9v\u00e9nement<\/u>. Ce dossier doit contenir\u202f:<\/p>\n<ul>\n<li>Un <strong>plan d\u00e9taill\u00e9 du site<\/strong> mentionnant les installations temporaires envisag\u00e9es<\/li>\n<li>La <strong>liste exacte des invit\u00e9s<\/strong>, en pr\u00e9cisant les flux pr\u00e9vus (entr\u00e9e\/sortie, acc\u00e8s secours)<\/li>\n<li>Les dispositifs de s\u00e9curit\u00e9 mis en place (personnel de surveillance, extincteurs, barri\u00e8res)<\/li>\n<\/ul>\n<p>\n        Ainsi, dans la Ville de Paris, toute occupation temporaire d\u2019un parc public pour une r\u00e9ception sup\u00e9rieure \u00e0 30 personnes n\u00e9cessite une demande d\u2019autorisation sp\u00e9cifique aupr\u00e8s du Service des Espaces Verts. De nombreuses municipalit\u00e9s imposent par ailleurs le respect d\u2019horaires pr\u00e9cis\u202f: \u00e0 Lyon, la plupart des parcs ferment \u00e0 22h en saison estivale, ce qui oblige \u00e0 anticiper la fin de l\u2019\u00e9v\u00e9nement ou \u00e0 n\u00e9gocier un horaire exceptionnel.\n    <\/p>\n<p>\n        Nous invitons chaque porteur de projet \u00e0 se renseigner sur\u202f:\n    <\/p>\n<ul>\n<li>La pr\u00e9sence \u00e9ventuelle de <strong>restrictions sonores<\/strong> pour la musique ou les animations<\/li>\n<li>Les r\u00e8glements concernant l\u2019utilisation de la voie publique ou les nuisances vis-\u00e0-vis du voisinage<\/li>\n<li>Le montant des \u00e9ventuelles redevances li\u00e9es \u00e0 la privatisation de l\u2019espace<\/li>\n<\/ul>\n<p>\n        Ignorer ces \u00e9tapes expose \u00e0 des risques majeurs\u202f: annulation de la r\u00e9ception, amendes ou litiges avec les riverains. En 2023, plusieurs r\u00e9ceptions ont \u00e9t\u00e9 interrompues dans le Parc Bordelais \u00e0 Bordeaux pour non-respect de la proc\u00e9dure administrative, soulignant l\u2019absolue n\u00e9cessit\u00e9 d\u2019anticiper la constitution du dossier et le dialogue avec les autorit\u00e9s concern\u00e9es.\n    <\/p>\n<h2>S\u00e9curit\u00e9, accessibilit\u00e9 et logistique \u00e9v\u00e9nementielle<\/h2>\n<p>\n        La r\u00e9ussite de l\u2019\u00e9v\u00e9nement d\u00e9pend tout autant de l\u2019esth\u00e9tique du site que de la gestion optimale des questions de s\u00e9curit\u00e9 et de logistique. <strong>L\u2019am\u00e9nagement des acc\u00e8s, le balisage clair des issues de secours et la conformit\u00e9 aux normes de s\u00e9curit\u00e9<\/strong> pour les infrastructures temporaires sont non n\u00e9gociables.\n    <\/p>\n<p>\n        <u>Avant toute validation du site, v\u00e9rifiez :<\/u>\n    <\/p>\n<ul>\n<li>L\u2019existence de <strong>voies d\u2019\u00e9vacuation d\u00e9gag\u00e9es<\/strong> pour tous les participants, notamment en cas d\u2019incident<\/li>\n<li>La <strong>conformit\u00e9 des tentes ou chapiteaux<\/strong> aux normes incendie (tissus class\u00e9s M2 par exemple)<\/li>\n<li>La pr\u00e9sence d\u2019<strong>extincteurs et de personnel form\u00e9<\/strong> aux premiers secours pendant toute la dur\u00e9e de l\u2019\u00e9v\u00e9nement<\/li>\n<li>L\u2019accessibilit\u00e9 pour les personnes \u00e0 mobilit\u00e9 r\u00e9duite (<u>normes PMR<\/u>)\u202f: all\u00e9es praticables, rampes d\u2019acc\u00e8s, sanitaires adapt\u00e9s<\/li>\n<\/ul>\n<p>\n        Le <strong>Parc du Ch\u00e2teau de Villandry<\/strong>, en Indre-et-Loire, propose une logistique exemplaire\u202f: acc\u00e8s camions, parkings visiteurs, \u00e9quipements sanitaires, zones techniques pour le traiteur et le nettoyage, ce qui facilite grandement le d\u00e9roulement d\u2019\u00e9v\u00e9nements d\u2019envergure.\n    <\/p>\n<p>Prendre en compte la logistique, c\u2019est aussi anticiper le besoin en alimentation \u00e9lectrique, la protection du sol et la gestion des d\u00e9chets. De nombreux sites exigent un dossier environnemental pr\u00e9cisant le dispositif de gestion des ordures et des eaux us\u00e9es pour garantir l\u2019int\u00e9grit\u00e9 du parc apr\u00e8s l\u2019\u00e9v\u00e9nement.<\/p>\n<h2>Exp\u00e9rience invit\u00e9 et valorisation du cadre naturel<\/h2>\n<p>\n        Offrir \u00e0 vos convives une r\u00e9ception immersive et raffin\u00e9e dans un parc requiert une attention particuli\u00e8re \u00e0 l\u2019int\u00e9gration des installations et \u00e0 la valorisation du paysage environnant. <u>La cl\u00e9 r\u00e9side dans le choix d\u2019\u00e9l\u00e9ments sobres et r\u00e9versibles, parfaitement adapt\u00e9s \u00e0 l\u2019environnement<\/u> : l\u2019utilisation de guirlandes LED suspendues entre les arbres, de lanternes solaires ou de chapiteaux transparents permet de magnifier la lumi\u00e8re naturelle sans alt\u00e9rer la vue.<\/p>\n<ul>\n<li>Favorisez des <strong>am\u00e9nagements modulaires<\/strong> qui peuvent \u00eatre d\u00e9ploy\u00e9s puis retir\u00e9s sans laisser de trace<\/li>\n<li>Privil\u00e9giez les <strong>mat\u00e9riaux recyclables ou biod\u00e9gradables<\/strong> pour la d\u00e9coration et la vaisselle \u00e9ph\u00e9m\u00e8re<\/li>\n<li>R\u00e9fl\u00e9chissez \u00e0 des espaces lounge \u00e9ph\u00e9m\u00e8res, qui invitent vos invit\u00e9s \u00e0 profiter pleinement de la nature<\/li>\n<li>Adaptez les <strong>ambiances sonores<\/strong>\u202f: bornes acoustiques discr\u00e8tes, volumes ma\u00eetris\u00e9s selon la configuration du site<\/li>\n<\/ul>\n<p>\n        Plusieurs mariages organis\u00e9s \u00e0 Versailles ou au Parc Phoenix \u00e0 Nice t\u00e9moignent de la r\u00e9ussite d\u2019une approche minimaliste, qui sublime le jardin sans le saturer d\u2019installations pesantes. Les animations sont elles aussi pens\u00e9es pour respecter le site\u202f: ateliers floraux, d\u00e9gustations en plein air, balades \u00e0 cheval ou jeux traditionnels remettent la nature et la convivialit\u00e9 au centre de la r\u00e9ception.\n    <\/p>\n<p>\n        Pour garantir une <strong>exp\u00e9rience personnalis\u00e9e<\/strong>, renseignez-vous sur les possibilit\u00e9s de privatisation totale ou partielle. Beaucoup de parcs proposent aujourd\u2019hui des formules\u202f: privatisation d\u2019une pelouse historique, d\u2019un amphith\u00e9\u00e2tre naturel, ou d\u2019une orangerie attenante, afin d\u2019adapter le degr\u00e9 d\u2019intimit\u00e9 au nombre d\u2019invit\u00e9s et \u00e0 la saison.\n    <\/p>\n<h2>R\u00e9ussir l\u2019organisation : conseils d\u2019expert et points de vigilance<\/h2>\n<p>Concr\u00e9tiser une r\u00e9ception dans un parc exige une coordination \u00e9troite entre tous les acteurs\u202f: gestionnaires du site, prestataires, autorit\u00e9s. <strong>L\u2019exp\u00e9rience montre que plus l\u2019anticipation est fine, plus la ma\u00eetrise des impr\u00e9vus est grande<\/strong>. Nous recommandons syst\u00e9matiquement la visite du lieu \u00e0 plusieurs reprises, \u00e0 diff\u00e9rents moments de la journ\u00e9e, pour observer l\u2019\u00e9volution de la lumi\u00e8re, l\u2019exposition au vent et les points de passage naturels.<\/p>\n<ul>\n<li>Validez la disponibilit\u00e9 de l\u2019espace en amont, surtout durant la haute saison (d\u2019avril \u00e0 septembre)<\/li>\n<li>R\u00e9digez un planning logistique pr\u00e9cis, en int\u00e9grant temps de montage et de d\u00e9montage<\/li>\n<li>Pr\u00e9voyez des solutions de repli en cas d\u2019intemp\u00e9ries\u202f: barnum, salles attenantes, location de chauffages mobiles<\/li>\n<li>Organisez un briefing commun avec tous les prestataires s\u00e9lectionn\u00e9s\u202f: traiteur, DJ, photographe, loueur d\u2019\u00e9quipement<\/li>\n<\/ul>\n<p>Un site en parc exige bien souvent un budget ajust\u00e9 \u00e0 la prestation sur-mesure\u202f: \u00e0 Paris, la privatisation d\u2019une section du Parc Floral pour un \u00e9v\u00e9nement de 150 personnes se situe en moyenne autour de 4 500\u202f\u20ac hors frais techniques, auxquels s\u2019ajoutent les co\u00fbts des \u00e9quipements temporaires et des prestations de s\u00e9curit\u00e9. L\u2019int\u00e9r\u00eat r\u00e9side dans la possibilit\u00e9 de composer un \u00e9v\u00e9nement \u00e0 haute valeur ajout\u00e9e, en ad\u00e9quation totale avec vos envies et l\u2019environnement.<\/p>\n<h2>Panorama des plus beaux parcs fran\u00e7ais accueillant des mariages<\/h2>\n<p>Au fil des ann\u00e9es, de nombreux espaces verts d\u2019exception se sont sp\u00e9cialis\u00e9s dans l\u2019accueil de r\u00e9ceptions priv\u00e9es. Nous avons recens\u00e9 quelques sites embl\u00e9matiques r\u00e9unissant tous les crit\u00e8res \u00e9voqu\u00e9s\u202f:<\/p>\n<ul>\n<li><strong>Parc de Bagatelle (Paris 16\u00e8me)<\/strong> : site class\u00e9, orangerie privatisable, capacit\u00e9 flexible de 30 \u00e0 200 personnes, jardin \u00e0 la fran\u00e7aise pour la c\u00e9r\u00e9monie la\u00efque<\/li>\n<li><strong>Jardins du Ch\u00e2teau de Chenonceau (Indre-et-Loire)<\/strong> : cocktail en terrasse, acc\u00e8s direct aux galeries historiques, configuration id\u00e9ale pour un mariage romantique<\/li>\n<li><strong>Parc Bordelais (Bordeaux)<\/strong> : grande prairie pour les r\u00e9ceptions, orangerie contemporaine, espaces ombrag\u00e9s pour photos et animations<\/li>\n<li><strong>Domaine de Villarceaux (Val-d\u2019Oise)<\/strong> : privatisation compl\u00e8te du parc, plan d\u2019eau, capacit\u00e9 jusqu\u2019\u00e0 500 invit\u00e9s<\/li>\n<li><strong>Parc Phoenix (Nice)<\/strong> : serres tropicales pour cocktails, espaces paysagers th\u00e9matiques, animations nature possibles<\/li>\n<\/ul>\n<p>Ce panorama, non exhaustif, illustre la diversit\u00e9 de l\u2019offre disponible et la richesse du patrimoine vert fran\u00e7ais. Chaque parc pr\u00e9sente ses propres sp\u00e9cificit\u00e9s et contraintes, ce qui impose un examen de leur r\u00e8glement int\u00e9rieur et une immersion pr\u00e9alable sur le terrain.<\/p>\n<h2>Comparatif : Avantages et limites d\u2019un mariage ou d\u2019une r\u00e9ception dans un parc<\/h2>\n<p>Pour clarifier les choix, nous proposons ce tableau synth\u00e9tique confrontant les atouts et limites de l\u2019organisation d\u2019\u00e9v\u00e9nements priv\u00e9s dans un parc\u202f:<\/p>\n<table border=\"1\" cellpadding=\"6\" cellspacing=\"0\">\n<thead>\n<tr>\n<th><strong>Avantages<\/strong><\/th>\n<th><strong>Limites<\/strong><\/th>\n<\/tr>\n<\/thead>\n<tbody>\n<tr>\n<td>\n<ul>\n<li><strong>Cadre naturel exceptionnel<\/strong> et unique pour les photos<\/li>\n<li><strong>Atmosph\u00e8re conviviale<\/strong> et d\u00e9contract\u00e9e<\/li>\n<li><strong>Possibilit\u00e9 de personnalisation<\/strong> de la sc\u00e9nographie<\/li>\n<li>Grand choix d\u2019espaces et de configurations<\/li>\n<li>Connexion imm\u00e9diate avec la nature<\/li>\n<\/ul>\n<\/td>\n<td>\n<ul>\n<li>Contraintes m\u00e9t\u00e9orologiques (pluie, vent, chaleur)<\/li>\n<li>Proc\u00e9dures administratives exigeantes<\/li>\n<li>Acc\u00e8s plus complexe pour certains invit\u00e9s<\/li>\n<li>Restrictions horaires fr\u00e9quentes<\/li>\n<li>N\u00e9cessit\u00e9 de logistique renforc\u00e9e pour l\u2019alimentation, les sanitaires, la s\u00e9curit\u00e9<\/li>\n<\/ul>\n<\/td>\n<\/tr>\n<\/tbody>\n<\/table>\n<h2>Conclusion : Vers une organisation ma\u00eetris\u00e9e et m\u00e9morable<\/h2>\n<p>S\u00e9lectionner un <strong>site d\u2019exception<\/strong> dans un parc pour organiser un mariage ou un \u00e9v\u00e9nement priv\u00e9 constitue un choix ambitieux, qui valorise l\u2019authenticit\u00e9 et la convivialit\u00e9. Les \u00e9tapes de s\u00e9lection, d\u2019analyse r\u00e9glementaire, d\u2019obtention d\u2019autorisations et de gestion logistique sont <u>indissociables de la r\u00e9ussite de l\u2019\u00e9v\u00e9nement<\/u>. Nous encourageons \u00e0 privil\u00e9gier les sites reconnus et exp\u00e9riment\u00e9s, \u00e0 collaborer \u00e9troitement avec les autorit\u00e9s gestionnaires et \u00e0 vous entourer de prestataires habitu\u00e9s aux exigences du plein air.<\/p>\n<p>\n        Notre exp\u00e9rience d\u00e9montre que les \u00e9v\u00e9nements r\u00e9ussis reposent sur une anticipation minutieuse, la capacit\u00e9 d\u2019adaptation aux al\u00e9as m\u00e9t\u00e9orologiques et le respect du caract\u00e8re unique du parc investi. Organiser un mariage ou une r\u00e9ception dans un parc, c\u2019est offrir \u00e0 vos proches <strong>une parenth\u00e8se enchant\u00e9e<\/strong> en communion avec la nature, que seule une d\u00e9marche experte et rigoureuse pourra transformer en souvenir inoubliable.\n    <\/p>\n<hr>\n<div class=\"articles-lies\">\n<h3>\u00c0 lire aussi<\/h3>\n<ul>\n<li><a href=\"https:\/\/greenwichmeridien.fr\/blog\/histoire-et-culture\/lobservatoire-royal-de-greenwich-origine-du-meridien-zero-de-longitude\/\">origine du m\u00e9ridien de Greenwich (Observatoire Royal)<\/a><\/li>\n<li><a href=\"https:\/\/greenwichmeridien.fr\/blog\/a-la-une\/ou-se-procurer-des-billets-pour-les-concerts-en-plein-air-au-parc-conseils-et-bonnes-pratiques\/\">O\u00f9 se procurer des billets pour les concerts en plein air au parc : conseils et bonnes pratiques<\/a><\/li>\n<li><a href=\"https:\/\/greenwichmeridien.fr\/blog\/a-la-une\/ou-reserver-des-cours-de-geocaching-et-dorientation-a-greenwich-le-guide-des-meilleures-adresses\/\">G\u00e9ocaching et orientation \u00e0 Greenwich : o\u00f9 r\u00e9server<\/a><\/li>\n<li><a href=\"https:\/\/greenwichmeridien.fr\/blog\/a-la-une\/comment-choisir-le-site-ideal-dans-un-parc-pour-un-mariage-ou-un-evenement-prive\/\">Comment choisir le site id\u00e9al dans un parc pour un mariage ou un \u00e9v\u00e9nement priv\u00e9<\/a><\/li>\n<\/ul>\n<\/div>\n","protected":false},"excerpt":{"rendered":"","protected":false},"author":34,"featured_media":7540,"comment_status":"open","ping_status":"open","sticky":false,"template":"","format":"standard","meta":{"_acf_changed":false,"manual_indexmenow":false,"indexmenow_id_project":0,"footnotes":""},"categories":[1],"tags":[4696,4695,4694],"class_list":["post-7516","post","type-post","status-publish","format-standard","has-post-thumbnail","hentry","category-a-la-une","tag-conseils-expert","tag-mariage-exterieur","tag-mariage-parc","generate-columns","tablet-grid-50","mobile-grid-100","grid-parent","grid-25"],"acf":[],"yoast_head":"<!-- This site is optimized with the Yoast SEO Premium plugin v21.3 (Yoast SEO v25.6) - https:\/\/yoast.com\/wordpress\/plugins\/seo\/ -->\n<title>Organiser un mariage inoubliable dans un parc : s\u00e9lection<\/title>\n<meta name=\"description\" content=\"L\u2019offre de sites naturels accessibles \u00e0 la privatisation est vaste, mais tous ne r\u00e9pondent pas aux exigences d\u2019un \u00e9v\u00e9nement priv\u00e9 tel qu\u2019un mariage ou une\" \/>\n<meta name=\"robots\" content=\"index, follow, max-snippet:-1, max-image-preview:large, max-video-preview:-1\" \/>\n<link rel=\"canonical\" href=\"https:\/\/greenwichmeridien.fr\/blog\/a-la-une\/organiser-un-mariage-inoubliable-dans-un-parc-selection-et-conseils-dexpert\/\" \/>\n<meta property=\"og:locale\" content=\"fr_FR\" \/>\n<meta property=\"og:type\" content=\"article\" \/>\n<meta property=\"og:title\" content=\"Organiser un mariage inoubliable dans un parc : s\u00e9lection\" \/>\n<meta property=\"og:description\" content=\"L\u2019offre de sites naturels accessibles \u00e0 la privatisation est vaste, mais tous ne r\u00e9pondent pas aux exigences d\u2019un \u00e9v\u00e9nement priv\u00e9 tel qu\u2019un mariage ou une\" \/>\n<meta property=\"og:url\" content=\"https:\/\/greenwichmeridien.fr\/blog\/a-la-une\/organiser-un-mariage-inoubliable-dans-un-parc-selection-et-conseils-dexpert\/\" \/>\n<meta property=\"og:site_name\" content=\"greenwichmeridien\" \/>\n<meta property=\"og:image\" content=\"https:\/\/greenwichmeridien.fr\/blog\/wp-content\/uploads\/2025\/07\/sdxl-c20a06dd539215403a038db1d060876b-scaled.png\" \/>\n\t<meta property=\"og:image:width\" content=\"1200\" \/>\n\t<meta property=\"og:image:height\" content=\"500\" \/>\n\t<meta property=\"og:image:type\" content=\"image\/png\" \/>\n<meta name=\"author\" content=\"Samuel Chalmin\" \/>\n<meta name=\"twitter:card\" content=\"summary_large_image\" \/>\n<script type=\"application\/ld+json\" class=\"yoast-schema-graph\">{\"@context\":\"https:\/\/schema.org\",\"@graph\":[{\"@type\":\"NewsArticle\",\"@id\":\"https:\/\/greenwichmeridien.fr\/blog\/a-la-une\/organiser-un-mariage-inoubliable-dans-un-parc-selection-et-conseils-dexpert\/#article\",\"isPartOf\":{\"@id\":\"https:\/\/greenwichmeridien.fr\/blog\/a-la-une\/organiser-un-mariage-inoubliable-dans-un-parc-selection-et-conseils-dexpert\/\"},\"author\":{\"name\":\"Samuel Chalmin\",\"@id\":\"https:\/\/greenwichmeridien.fr\/blog\/#\/schema\/person\/3c864cdc320801e3db34b663e7e3f816\"},\"headline\":\"Organiser un mariage inoubliable dans un parc : s\u00e9lection et conseils d\u2019expert\",\"datePublished\":\"2025-06-14T20:55:55+00:00\",\"mainEntityOfPage\":{\"@id\":\"https:\/\/greenwichmeridien.fr\/blog\/a-la-une\/organiser-un-mariage-inoubliable-dans-un-parc-selection-et-conseils-dexpert\/\"},\"wordCount\":2070,\"commentCount\":0,\"publisher\":{\"@id\":\"https:\/\/greenwichmeridien.fr\/blog\/#organization\"},\"image\":{\"@id\":\"https:\/\/greenwichmeridien.fr\/blog\/a-la-une\/organiser-un-mariage-inoubliable-dans-un-parc-selection-et-conseils-dexpert\/#primaryimage\"},\"thumbnailUrl\":\"https:\/\/greenwichmeridien.fr\/blog\/wp-content\/uploads\/2025\/07\/sdxl-c20a06dd539215403a038db1d060876b-scaled.png\",\"keywords\":[\"conseils expert\",\"mariage exterieur\",\"mariage parc\"],\"articleSection\":[\"\u00c0 la une\"],\"inLanguage\":\"fr-FR\",\"potentialAction\":[{\"@type\":\"CommentAction\",\"name\":\"Comment\",\"target\":[\"https:\/\/greenwichmeridien.fr\/blog\/a-la-une\/organiser-un-mariage-inoubliable-dans-un-parc-selection-et-conseils-dexpert\/#respond\"]}]},{\"@type\":\"WebPage\",\"@id\":\"https:\/\/greenwichmeridien.fr\/blog\/a-la-une\/organiser-un-mariage-inoubliable-dans-un-parc-selection-et-conseils-dexpert\/\",\"url\":\"https:\/\/greenwichmeridien.fr\/blog\/a-la-une\/organiser-un-mariage-inoubliable-dans-un-parc-selection-et-conseils-dexpert\/\",\"name\":\"Organiser un mariage inoubliable dans un parc : s\u00e9lection\",\"isPartOf\":{\"@id\":\"https:\/\/greenwichmeridien.fr\/blog\/#website\"},\"primaryImageOfPage\":{\"@id\":\"https:\/\/greenwichmeridien.fr\/blog\/a-la-une\/organiser-un-mariage-inoubliable-dans-un-parc-selection-et-conseils-dexpert\/#primaryimage\"},\"image\":{\"@id\":\"https:\/\/greenwichmeridien.fr\/blog\/a-la-une\/organiser-un-mariage-inoubliable-dans-un-parc-selection-et-conseils-dexpert\/#primaryimage\"},\"thumbnailUrl\":\"https:\/\/greenwichmeridien.fr\/blog\/wp-content\/uploads\/2025\/07\/sdxl-c20a06dd539215403a038db1d060876b-scaled.png\",\"datePublished\":\"2025-06-14T20:55:55+00:00\",\"description\":\"L\u2019offre de sites naturels accessibles \u00e0 la privatisation est vaste, mais tous ne r\u00e9pondent pas aux exigences d\u2019un \u00e9v\u00e9nement priv\u00e9 tel qu\u2019un mariage ou une\",\"inLanguage\":\"fr-FR\",\"potentialAction\":[{\"@type\":\"ReadAction\",\"target\":[\"https:\/\/greenwichmeridien.fr\/blog\/a-la-une\/organiser-un-mariage-inoubliable-dans-un-parc-selection-et-conseils-dexpert\/\"]}]},{\"@type\":\"ImageObject\",\"inLanguage\":\"fr-FR\",\"@id\":\"https:\/\/greenwichmeridien.fr\/blog\/a-la-une\/organiser-un-mariage-inoubliable-dans-un-parc-selection-et-conseils-dexpert\/#primaryimage\",\"url\":\"https:\/\/greenwichmeridien.fr\/blog\/wp-content\/uploads\/2025\/07\/sdxl-c20a06dd539215403a038db1d060876b-scaled.png\",\"contentUrl\":\"https:\/\/greenwichmeridien.fr\/blog\/wp-content\/uploads\/2025\/07\/sdxl-c20a06dd539215403a038db1d060876b-scaled.png\",\"width\":1200,\"height\":500},{\"@type\":\"WebSite\",\"@id\":\"https:\/\/greenwichmeridien.fr\/blog\/#website\",\"url\":\"https:\/\/greenwichmeridien.fr\/blog\/\",\"name\":\"Greenwich M\u00e9ridien\",\"description\":\"Greenwich M\u00e9ridien, le rep\u00e8re du temps et du voyage\",\"publisher\":{\"@id\":\"https:\/\/greenwichmeridien.fr\/blog\/#organization\"},\"alternateName\":\"Greenwich M\u00e9ridien, le rep\u00e8re du temps et du voyage\",\"potentialAction\":[{\"@type\":\"SearchAction\",\"target\":{\"@type\":\"EntryPoint\",\"urlTemplate\":\"https:\/\/greenwichmeridien.fr\/blog\/?s={search_term_string}\"},\"query-input\":{\"@type\":\"PropertyValueSpecification\",\"valueRequired\":true,\"valueName\":\"search_term_string\"}}],\"inLanguage\":\"fr-FR\"},{\"@type\":\"Organization\",\"@id\":\"https:\/\/greenwichmeridien.fr\/blog\/#organization\",\"name\":\"Greenwich M\u00e9ridien\",\"alternateName\":\"Greenwich M\u00e9ridien\",\"url\":\"https:\/\/greenwichmeridien.fr\/blog\/\",\"logo\":{\"@type\":\"ImageObject\",\"inLanguage\":\"fr-FR\",\"@id\":\"https:\/\/greenwichmeridien.fr\/blog\/#\/schema\/logo\/image\/\",\"url\":\"https:\/\/greenwichmeridien.fr\/blog\/wp-content\/uploads\/2024\/12\/greenwichmeridien.png\",\"contentUrl\":\"https:\/\/greenwichmeridien.fr\/blog\/wp-content\/uploads\/2024\/12\/greenwichmeridien.png\",\"width\":500,\"height\":500,\"caption\":\"Greenwich M\u00e9ridien\"},\"image\":{\"@id\":\"https:\/\/greenwichmeridien.fr\/blog\/#\/schema\/logo\/image\/\"}},{\"@type\":\"Person\",\"@id\":\"https:\/\/greenwichmeridien.fr\/blog\/#\/schema\/person\/3c864cdc320801e3db34b663e7e3f816\",\"name\":\"Samuel Chalmin\",\"image\":{\"@type\":\"ImageObject\",\"inLanguage\":\"fr-FR\",\"@id\":\"https:\/\/greenwichmeridien.fr\/blog\/#\/schema\/person\/image\/\",\"url\":\"https:\/\/secure.gravatar.com\/avatar\/cef3677de7d237273d13053728f9470818581a8a27d9bf6f5039fd18508a905f?s=96&d=mm&r=g\",\"contentUrl\":\"https:\/\/secure.gravatar.com\/avatar\/cef3677de7d237273d13053728f9470818581a8a27d9bf6f5039fd18508a905f?s=96&d=mm&r=g\",\"caption\":\"Samuel Chalmin\"},\"description\":\"R\u00e9dacteur du site, il suit les questions de temps et de calendrier : m\u00e9ridien de Greenwich, heure GMT et UTC, fuseaux horaires, changement d'heure, ann\u00e9es bissextiles et jours f\u00e9ri\u00e9s.\",\"sameAs\":[\"https:\/\/samuelchalmin.fr\/\"],\"url\":\"https:\/\/greenwichmeridien.fr\/blog\/auteur\/noname\/\"}]}<\/script>\n<!-- \/ Yoast SEO Premium plugin. -->","yoast_head_json":{"title":"Organiser un mariage inoubliable dans un parc : s\u00e9lection","description":"L\u2019offre de sites naturels accessibles \u00e0 la privatisation est vaste, mais tous ne r\u00e9pondent pas aux exigences d\u2019un \u00e9v\u00e9nement priv\u00e9 tel qu\u2019un mariage ou une","robots":{"index":"index","follow":"follow","max-snippet":"max-snippet:-1","max-image-preview":"max-image-preview:large","max-video-preview":"max-video-preview:-1"},"canonical":"https:\/\/greenwichmeridien.fr\/blog\/a-la-une\/organiser-un-mariage-inoubliable-dans-un-parc-selection-et-conseils-dexpert\/","og_locale":"fr_FR","og_type":"article","og_title":"Organiser un mariage inoubliable dans un parc : s\u00e9lection","og_description":"L\u2019offre de sites naturels accessibles \u00e0 la privatisation est vaste, mais tous ne r\u00e9pondent pas aux exigences d\u2019un \u00e9v\u00e9nement priv\u00e9 tel qu\u2019un mariage ou une","og_url":"https:\/\/greenwichmeridien.fr\/blog\/a-la-une\/organiser-un-mariage-inoubliable-dans-un-parc-selection-et-conseils-dexpert\/","og_site_name":"greenwichmeridien","og_image":[{"width":1200,"height":500,"url":"https:\/\/greenwichmeridien.fr\/blog\/wp-content\/uploads\/2025\/07\/sdxl-c20a06dd539215403a038db1d060876b-scaled.png","type":"image\/png"}],"author":"Samuel Chalmin","twitter_card":"summary_large_image","schema":{"@context":"https:\/\/schema.org","@graph":[{"@type":"NewsArticle","@id":"https:\/\/greenwichmeridien.fr\/blog\/a-la-une\/organiser-un-mariage-inoubliable-dans-un-parc-selection-et-conseils-dexpert\/#article","isPartOf":{"@id":"https:\/\/greenwichmeridien.fr\/blog\/a-la-une\/organiser-un-mariage-inoubliable-dans-un-parc-selection-et-conseils-dexpert\/"},"author":{"name":"Samuel Chalmin","@id":"https:\/\/greenwichmeridien.fr\/blog\/#\/schema\/person\/3c864cdc320801e3db34b663e7e3f816"},"headline":"Organiser un mariage inoubliable dans un parc : s\u00e9lection et conseils d\u2019expert","datePublished":"2025-06-14T20:55:55+00:00","mainEntityOfPage":{"@id":"https:\/\/greenwichmeridien.fr\/blog\/a-la-une\/organiser-un-mariage-inoubliable-dans-un-parc-selection-et-conseils-dexpert\/"},"wordCount":2070,"commentCount":0,"publisher":{"@id":"https:\/\/greenwichmeridien.fr\/blog\/#organization"},"image":{"@id":"https:\/\/greenwichmeridien.fr\/blog\/a-la-une\/organiser-un-mariage-inoubliable-dans-un-parc-selection-et-conseils-dexpert\/#primaryimage"},"thumbnailUrl":"https:\/\/greenwichmeridien.fr\/blog\/wp-content\/uploads\/2025\/07\/sdxl-c20a06dd539215403a038db1d060876b-scaled.png","keywords":["conseils expert","mariage exterieur","mariage parc"],"articleSection":["\u00c0 la une"],"inLanguage":"fr-FR","potentialAction":[{"@type":"CommentAction","name":"Comment","target":["https:\/\/greenwichmeridien.fr\/blog\/a-la-une\/organiser-un-mariage-inoubliable-dans-un-parc-selection-et-conseils-dexpert\/#respond"]}]},{"@type":"WebPage","@id":"https:\/\/greenwichmeridien.fr\/blog\/a-la-une\/organiser-un-mariage-inoubliable-dans-un-parc-selection-et-conseils-dexpert\/","url":"https:\/\/greenwichmeridien.fr\/blog\/a-la-une\/organiser-un-mariage-inoubliable-dans-un-parc-selection-et-conseils-dexpert\/","name":"Organiser un mariage inoubliable dans un parc : s\u00e9lection","isPartOf":{"@id":"https:\/\/greenwichmeridien.fr\/blog\/#website"},"primaryImageOfPage":{"@id":"https:\/\/greenwichmeridien.fr\/blog\/a-la-une\/organiser-un-mariage-inoubliable-dans-un-parc-selection-et-conseils-dexpert\/#primaryimage"},"image":{"@id":"https:\/\/greenwichmeridien.fr\/blog\/a-la-une\/organiser-un-mariage-inoubliable-dans-un-parc-selection-et-conseils-dexpert\/#primaryimage"},"thumbnailUrl":"https:\/\/greenwichmeridien.fr\/blog\/wp-content\/uploads\/2025\/07\/sdxl-c20a06dd539215403a038db1d060876b-scaled.png","datePublished":"2025-06-14T20:55:55+00:00","description":"L\u2019offre de sites naturels accessibles \u00e0 la privatisation est vaste, mais tous ne r\u00e9pondent pas aux exigences d\u2019un \u00e9v\u00e9nement priv\u00e9 tel qu\u2019un mariage ou une","inLanguage":"fr-FR","potentialAction":[{"@type":"ReadAction","target":["https:\/\/greenwichmeridien.fr\/blog\/a-la-une\/organiser-un-mariage-inoubliable-dans-un-parc-selection-et-conseils-dexpert\/"]}]},{"@type":"ImageObject","inLanguage":"fr-FR","@id":"https:\/\/greenwichmeridien.fr\/blog\/a-la-une\/organiser-un-mariage-inoubliable-dans-un-parc-selection-et-conseils-dexpert\/#primaryimage","url":"https:\/\/greenwichmeridien.fr\/blog\/wp-content\/uploads\/2025\/07\/sdxl-c20a06dd539215403a038db1d060876b-scaled.png","contentUrl":"https:\/\/greenwichmeridien.fr\/blog\/wp-content\/uploads\/2025\/07\/sdxl-c20a06dd539215403a038db1d060876b-scaled.png","width":1200,"height":500},{"@type":"WebSite","@id":"https:\/\/greenwichmeridien.fr\/blog\/#website","url":"https:\/\/greenwichmeridien.fr\/blog\/","name":"Greenwich M\u00e9ridien","description":"Greenwich M\u00e9ridien, le rep\u00e8re du temps et du voyage","publisher":{"@id":"https:\/\/greenwichmeridien.fr\/blog\/#organization"},"alternateName":"Greenwich M\u00e9ridien, le rep\u00e8re du temps et du voyage","potentialAction":[{"@type":"SearchAction","target":{"@type":"EntryPoint","urlTemplate":"https:\/\/greenwichmeridien.fr\/blog\/?s={search_term_string}"},"query-input":{"@type":"PropertyValueSpecification","valueRequired":true,"valueName":"search_term_string"}}],"inLanguage":"fr-FR"},{"@type":"Organization","@id":"https:\/\/greenwichmeridien.fr\/blog\/#organization","name":"Greenwich M\u00e9ridien","alternateName":"Greenwich M\u00e9ridien","url":"https:\/\/greenwichmeridien.fr\/blog\/","logo":{"@type":"ImageObject","inLanguage":"fr-FR","@id":"https:\/\/greenwichmeridien.fr\/blog\/#\/schema\/logo\/image\/","url":"https:\/\/greenwichmeridien.fr\/blog\/wp-content\/uploads\/2024\/12\/greenwichmeridien.png","contentUrl":"https:\/\/greenwichmeridien.fr\/blog\/wp-content\/uploads\/2024\/12\/greenwichmeridien.png","width":500,"height":500,"caption":"Greenwich M\u00e9ridien"},"image":{"@id":"https:\/\/greenwichmeridien.fr\/blog\/#\/schema\/logo\/image\/"}},{"@type":"Person","@id":"https:\/\/greenwichmeridien.fr\/blog\/#\/schema\/person\/3c864cdc320801e3db34b663e7e3f816","name":"Samuel Chalmin","image":{"@type":"ImageObject","inLanguage":"fr-FR","@id":"https:\/\/greenwichmeridien.fr\/blog\/#\/schema\/person\/image\/","url":"https:\/\/secure.gravatar.com\/avatar\/cef3677de7d237273d13053728f9470818581a8a27d9bf6f5039fd18508a905f?s=96&d=mm&r=g","contentUrl":"https:\/\/secure.gravatar.com\/avatar\/cef3677de7d237273d13053728f9470818581a8a27d9bf6f5039fd18508a905f?s=96&d=mm&r=g","caption":"Samuel Chalmin"},"description":"R\u00e9dacteur du site, il suit les questions de temps et de calendrier : m\u00e9ridien de Greenwich, heure GMT et UTC, fuseaux horaires, changement d'heure, ann\u00e9es bissextiles et jours f\u00e9ri\u00e9s.","sameAs":["https:\/\/samuelchalmin.fr\/"],"url":"https:\/\/greenwichmeridien.fr\/blog\/auteur\/noname\/"}]}},"_links":{"self":[{"href":"https:\/\/greenwichmeridien.fr\/blog\/wp-json\/wp\/v2\/posts\/7516","targetHints":{"allow":["GET"]}}],"collection":[{"href":"https:\/\/greenwichmeridien.fr\/blog\/wp-json\/wp\/v2\/posts"}],"about":[{"href":"https:\/\/greenwichmeridien.fr\/blog\/wp-json\/wp\/v2\/types\/post"}],"author":[{"embeddable":true,"href":"https:\/\/greenwichmeridien.fr\/blog\/wp-json\/wp\/v2\/users\/34"}],"replies":[{"embeddable":true,"href":"https:\/\/greenwichmeridien.fr\/blog\/wp-json\/wp\/v2\/comments?post=7516"}],"version-history":[{"count":0,"href":"https:\/\/greenwichmeridien.fr\/blog\/wp-json\/wp\/v2\/posts\/7516\/revisions"}],"wp:featuredmedia":[{"embeddable":true,"href":"https:\/\/greenwichmeridien.fr\/blog\/wp-json\/wp\/v2\/media\/7540"}],"wp:attachment":[{"href":"https:\/\/greenwichmeridien.fr\/blog\/wp-json\/wp\/v2\/media?parent=7516"}],"wp:term":[{"taxonomy":"category","embeddable":true,"href":"https:\/\/greenwichmeridien.fr\/blog\/wp-json\/wp\/v2\/categories?post=7516"},{"taxonomy":"post_tag","embeddable":true,"href":"https:\/\/greenwichmeridien.fr\/blog\/wp-json\/wp\/v2\/tags?post=7516"}],"curies":[{"name":"wp","href":"https:\/\/api.w.org\/{rel}","templated":true}]}}