{"id":7525,"date":"2025-06-14T23:05:27","date_gmt":"2025-06-14T21:05:27","guid":{"rendered":"https:\/\/greenwichmeridien.fr\/blog\/a-la-une\/plongee-dans-lunivers-des-portails-dedies-aux-cours-de-dessin-en-plein-air-dans-les-parcs\/"},"modified":"2025-06-14T23:05:27","modified_gmt":"2025-06-14T21:05:27","slug":"plongee-dans-lunivers-des-portails-dedies-aux-cours-de-dessin-en-plein-air-dans-les-parcs","status":"publish","type":"post","link":"https:\/\/greenwichmeridien.fr\/blog\/a-la-une\/plongee-dans-lunivers-des-portails-dedies-aux-cours-de-dessin-en-plein-air-dans-les-parcs\/","title":{"rendered":"Plong\u00e9e dans l\u2019univers des portails d\u00e9di\u00e9s aux cours de dessin en plein air dans les parcs"},"content":{"rendered":"<h1>Plong\u00e9e dans l\u2019univers des portails d\u00e9di\u00e9s aux cours de dessin en plein air dans les parcs<\/h1>\n<h2>Panorama des plateformes de r\u00e9servation pour ateliers cr\u00e9atifs dans les parcs<\/h2>\n<p>L\u2019essor des <strong>ateliers de dessin en plein air<\/strong> s\u2019accompagne d\u2019un mouvement de digitalisation, incarn\u00e9 par une gamme de portails et de plateformes qui facilitent la <u>r\u00e9servation<\/u> et le suivi des cours dans les parcs urbains. Ces outils en ligne constituent aujourd\u2019hui la principale porte d\u2019entr\u00e9e pour acc\u00e9der \u00e0 des sessions collectives, souvent anim\u00e9es par des artistes reconnus ou des p\u00e9dagogues sp\u00e9cialis\u00e9s.<\/p>\n<ul>\n<li>La <strong>Milone Art Academy<\/strong> propose une plateforme compl\u00e8te, offrant plus de 39 heures de cours accessibles \u00e0 tout moment. Son interface permet de r\u00e9server des stages th\u00e9matiques et d\u2019acc\u00e9der \u00e0 une communaut\u00e9 tr\u00e8s active, o\u00f9 chaque participant partage ses progr\u00e8s et re\u00e7oit un accompagnement personnalis\u00e9.<\/li>\n<li>Sur <strong>GetYourGuide<\/strong>, les utilisateurs peuvent s\u00e9lectionner des ateliers sp\u00e9cifiques \u00e0 Paris, choisir le quartier de pratique, et r\u00e9server en quelques clics un cr\u00e9neau pour un cours de croquis ou d\u2019aquarelle. Le site garantit la flexibilit\u00e9 gr\u00e2ce \u00e0 l\u2019annulation gratuite et des groupes \u00e0 taille humaine, de 3 \u00e0 6 personnes, pour favoriser l\u2019\u00e9change et l\u2019accompagnement individualis\u00e9.<\/li>\n<li>Le site <strong>Nadej\u2019Art<\/strong> adresse le jeune public avec une interface d\u00e9di\u00e9e \u00e0 la r\u00e9servation de stages d\u2019\u00e9t\u00e9 en plein air, incluant toutes les informations pratiques, le tarif d\u00e9taill\u00e9 et la possibilit\u00e9 de laisser des avis apr\u00e8s chaque atelier.<\/li>\n<li>Pour une exp\u00e9rience r\u00e9guli\u00e8re, <strong>Mixarts<\/strong> propose chaque dimanche une session de peinture en plein air dans le parc de la rivi\u00e8re Saint-Jacques \u00e0 Brossard, avec r\u00e9servation d\u2019emplacements et gestion du mat\u00e9riel.<\/li>\n<\/ul>\n<p>L\u2019analyse des offres met en lumi\u00e8re plusieurs crit\u00e8res d\u00e9terminants lors du choix d\u2019une plateforme\u00a0:<\/p>\n<ul>\n<li><strong>Diversit\u00e9 des formules<\/strong>\u00a0: stages ponctuels ou \u00e0 la carte, cours trimestriels, ateliers th\u00e9matiques d\u00e9di\u00e9s \u00e0 l\u2019aquarelle, au croquis ou \u00e0 la peinture \u00e0 l\u2019huile.<\/li>\n<li><strong>G\u00e9olocalisation pr\u00e9cise<\/strong> des lieux\u00a0: chaque portail d\u00e9taille les parcs accessibles et propose une carte interactive pour visualiser les emplacements, adapt\u00e9e \u00e0 la mobilit\u00e9 urbaine.<\/li>\n<li><strong>Services additionnels<\/strong>\u00a0: gestion du mat\u00e9riel, pr\u00eat de chevalets, outils d\u2019avis et de notation pour s\u2019assurer de la qualit\u00e9 de l\u2019enseignement, et services de messagerie pour \u00e9changer avec le professeur ou les autres participants.<\/li>\n<\/ul>\n<p>Ce large \u00e9ventail de solutions permet \u00e0 chacun de trouver un atelier conforme \u00e0 ses attentes, qu\u2019il s\u2019agisse de pratiquer dans le parc le plus proche ou de privil\u00e9gier des stages \u00e0 forte valeur p\u00e9dagogique avec des artistes de renom.<\/p>\n<h2>L\u2019exp\u00e9rience immersive du dessin de paysage : entre nature et technique<\/h2>\n<p>Au c\u0153ur de l\u2019offre des portails d\u00e9di\u00e9s, l\u2019approche <u>exp\u00e9rientielle<\/u> du dessin en ext\u00e9rieur occupe une place centrale. La plupart des plateformes valorisent une immersion totale face au paysage, encourageant la pratique du croquis rapide, l\u2019\u00e9tude de la lumi\u00e8re naturelle et l\u2019observation attentive des formes v\u00e9g\u00e9tales ou architecturales.<\/p>\n<ul>\n<li>La Milone Art Academy insiste sur le d\u00e9veloppement de l\u2019<strong>\u0153il artistique<\/strong> et la capacit\u00e9 \u00e0 s\u00e9lectionner rapidement un sujet pertinent lors d\u2019une sortie dans le parc. Le processus est d\u00e9compos\u00e9 en \u00e9tapes pr\u00e9cises\u00a0: choix du point de vue, cadrage, analyse des volumes, gestion des contrastes et \u00e9laboration de gammes color\u00e9es adapt\u00e9es \u00e0 la lumi\u00e8re du moment.<\/li>\n<li>Les ateliers propos\u00e9s via GetYourGuide \u00e0 Paris int\u00e8grent syst\u00e9matiquement des exercices sur l\u2019observation des textures naturelles, le rendu du feuillage ou la restitution des ombres port\u00e9es \u00e0 diff\u00e9rentes heures de la journ\u00e9e.<\/li>\n<\/ul>\n<p>Les m\u00e9thodes p\u00e9dagogiques pr\u00f4n\u00e9es s\u2019appuient sur des techniques issues de la tradition du dessin de paysage, tout en int\u00e9grant les sp\u00e9cificit\u00e9s contemporaines li\u00e9es au rythme urbain et \u00e0 la diversit\u00e9 des sujets rencontr\u00e9s dans les parcs. Les participants sont encourag\u00e9s \u00e0 s\u2019adapter en temps r\u00e9el \u00e0 la m\u00e9t\u00e9o, \u00e0 la mobilit\u00e9 de la lumi\u00e8re et \u00e0 l\u2019afflux de public, autant de facteurs qui affinent l\u2019agilit\u00e9 technique et la spontan\u00e9it\u00e9 du trait.<\/p>\n<p>Cette immersion favorise l\u2019\u00e9closion d\u2019une sensibilit\u00e9 contextuelle\u00a0: apprendre \u00e0 restituer l\u2019ambiance singuli\u00e8re d\u2019un parc \u00e0 l\u2019instant T, capter la vibration d\u2019un feuillage sous le vent ou r\u00e9v\u00e9ler les jeux de lumi\u00e8re sur une all\u00e9e en \u00e9t\u00e9. Les portails accompagnent ce cheminement avec des conseils cibl\u00e9s et des analyses d\u2019\u0153uvres r\u00e9alis\u00e9es sur place, consolidant ainsi l\u2019ancrage de l\u2019apprentissage dans la r\u00e9alit\u00e9 du terrain.<\/p>\n<h2>Innovations num\u00e9riques au service des dessinateurs en plein air<\/h2>\n<p>L\u2019int\u00e9gration du <strong>num\u00e9rique<\/strong> r\u00e9volutionne la pratique du dessin en plein air, en offrant aux artistes des fonctionnalit\u00e9s in\u00e9dites qui d\u00e9multiplient les possibilit\u00e9s d\u2019apprentissage et de partage. Plusieurs portails mettent l\u2019accent sur des outils interactifs qui enrichissent l\u2019exp\u00e9rience avant, pendant et apr\u00e8s l\u2019atelier.<\/p>\n<ul>\n<li><strong>Guides mobiles interactifs<\/strong>\u00a0: certaines acad\u00e9mies et sites d\u2019ateliers proposent aujourd\u2019hui des applications d\u00e9di\u00e9es, fournissant des fiches techniques, des tutoriels vid\u00e9o et des checklists d\u2019observation directement sur smartphone. Ces supports permettent de suivre le d\u00e9roul\u00e9 d\u2019un exercice en temps r\u00e9el ou d\u2019acc\u00e9der \u00e0 des rappels sur la th\u00e9orie de la composition sans couper le flux cr\u00e9atif.<\/li>\n<li><strong>Cartographies dynamiques des lieux<\/strong>\u00a0: la g\u00e9olocalisation avanc\u00e9e permet non seulement de rep\u00e9rer le point de rendez-vous, mais aussi d\u2019explorer les diff\u00e9rents spots r\u00e9f\u00e9renc\u00e9s pour leur potentiel artistique \u2013 all\u00e9es ombrag\u00e9es, clairi\u00e8res baign\u00e9es de lumi\u00e8re ou bassins refl\u00e9tant la v\u00e9g\u00e9tation environnante.<\/li>\n<li><strong>Partage communautaire des r\u00e9alisations<\/strong>\u00a0: nombre de plateformes ont int\u00e9gr\u00e9 des galeries collaboratives, o\u00f9 chaque participant publie ses \u0153uvres, commente le travail d\u2019autres artistes et b\u00e9n\u00e9ficie de retours personnalis\u00e9s. Ce format stimule l\u2019\u00e9mulation et permet \u00e0 chacun de suivre sa progression au fil des sorties.<\/li>\n<li><strong>Synchronisation avec les r\u00e9seaux sociaux<\/strong>\u00a0: la synergie entre les portails et les grandes plateformes sociales encourage la cr\u00e9ation de groupes d\u00e9di\u00e9s, la diffusion d\u2019expositions virtuelles, ou l\u2019annonce d\u2019\u00e9v\u00e9nements \u00e9ph\u00e9m\u00e8res en plein air, facilitant la constitution de communaut\u00e9s soud\u00e9es et actives autour de la passion du dessin en nature.<\/li>\n<\/ul>\n<p>Ces innovations transforment la dynamique des ateliers, cr\u00e9ant une boucle interactive o\u00f9 le retour d\u2019exp\u00e9rience, l\u2019entraide et la diffusion rapide des \u0153uvres deviennent partie int\u00e9grante de la pratique artistique. \u00c0 nos yeux, cette hybridation entre tradition et modernit\u00e9 acc\u00e9l\u00e8re la mont\u00e9e en comp\u00e9tence et renforce le sentiment d\u2019appartenance \u00e0 un r\u00e9seau artistique vivant.<\/p>\n<h2>Particularit\u00e9s des ateliers selon les publics et niveaux<\/h2>\n<p>La segmentation des offres constitue un atout majeur pour les plateformes, qui adaptent leurs ateliers \u00e0 la diversit\u00e9 des profils et aux attentes sp\u00e9cifiques de chaque participant. Le calibrage des niveaux et des th\u00e9matiques permet de proposer un apprentissage sur mesure, propice \u00e0 la progression individuelle.<\/p>\n<ul>\n<li><strong>Initiation pour d\u00e9butants<\/strong>\u00a0: des modules d\u2019accueil sont pr\u00e9vus d\u00e8s la premi\u00e8re s\u00e9ance, centr\u00e9s sur les bases du dessin d\u2019observation, l\u2019apprentissage des outils (crayon, fusain, aquarelle), et l\u2019acquisition de r\u00e9flexes pour choisir ses sujets dans le parc. Les stages pour enfants, \u00e0 l\u2019image de ceux de Nadej\u2019Art, incluent la d\u00e9couverte ludique de la perspective ou de la colorisation, favorisant une prise de confiance rapide.<\/li>\n<li><strong>Perfectionnement pour amateurs<\/strong>\u00a0: davantage focalis\u00e9s sur la composition, la gestion des plans et l\u2019analyse de la lumi\u00e8re naturelle, ces ateliers font appel \u00e0 des techniques mixtes et valorisent la correction individualis\u00e9e par l\u2019intervenant.<\/li>\n<li><strong>Ateliers th\u00e9matiques pour passionn\u00e9s<\/strong>\u00a0: certaines plateformes organisent des sessions sp\u00e9ciales, comme la \u00ab\u00a0rando-croquis botanique\u00a0\u00bb ou le \u00ab\u00a0dessin d\u2019architecture urbaine\u00a0\u00bb, o\u00f9 chaque participant est guid\u00e9 dans l\u2019exploration de sujets complexes, adapt\u00e9s \u00e0 ses centres d\u2019int\u00e9r\u00eat.<\/li>\n<\/ul>\n<p>Pour garantir une exp\u00e9rience optimale, les portails limitent g\u00e9n\u00e9ralement la taille des groupes \u2013 de 6 \u00e0 10 personnes en moyenne \u2013 et varient les cr\u00e9neaux horaires en fonction de la lumi\u00e8re et de la m\u00e9t\u00e9o. Cette segmentation fine des offres s\u2019accompagne d\u2019un suivi p\u00e9dagogique individualis\u00e9 et d\u2019un ajustement continu des m\u00e9thodes selon les besoins constat\u00e9s.<\/p>\n<p>\u00c0 notre sens, cette approche diff\u00e9renci\u00e9e favorise l\u2019engagement sur le long terme et \u00e9vite l\u2019effet \u00ab\u00a0atelier g\u00e9n\u00e9rique\u00a0\u00bb, en cr\u00e9ant une progression visible et motivante pour chaque dessinateur, quel que soit son niveau initial.<\/p>\n<h2>Choix du mat\u00e9riel et recommandations sp\u00e9cifiques pour dessiner en plein air<\/h2>\n<p>Les portails sp\u00e9cialis\u00e9s jouent un r\u00f4le d\u00e9terminant dans le conseil et l\u2019accompagnement mat\u00e9riel des participants, essentiels pour garantir le confort et la qualit\u00e9 du travail en ext\u00e9rieur. Les recommandations sp\u00e9cifiques adressent tous les aspects logistiques, de la pr\u00e9paration du sac \u00e0 la gestion des al\u00e9as climatiques.<\/p>\n<ul>\n<li><strong>S\u00e9lection du mat\u00e9riel transportable<\/strong>\u00a0: les plateformes insistent sur la n\u00e9cessit\u00e9 de privil\u00e9gier des supports l\u00e9gers et ergonomiques. Carnets \u00e0 spirale format A4, aquarelles en godets, bo\u00eetes compactes de pastels, ainsi que les si\u00e8ges pliants et chevalets portatifs sont syst\u00e9matiquement recommand\u00e9s.<\/li>\n<li><strong>Techniques mixtes recommand\u00e9es<\/strong>\u00a0: l\u2019utilisation de m\u00e9diums adaptables (craie, encre, aquarelle) permet de s\u2019ajuster en fonction du sujet, de la lumi\u00e8re ou de la m\u00e9t\u00e9o. Les ateliers mettent l\u2019accent sur l\u2019optimisation du temps de s\u00e9chage et sur l\u2019ordre d\u2019application des couches pour obtenir un rendu vivant, m\u00eame en conditions ext\u00e9rieures changeantes.<\/li>\n<li><strong>Gestion de la lumi\u00e8re et des conditions m\u00e9t\u00e9orologiques<\/strong>\u00a0: les participants sont sensibilis\u00e9s aux enjeux de l\u2019exposition directe au soleil, \u00e0 la r\u00e9flexion sur la palette et \u00e0 l\u2019organisation de l\u2019espace de travail pour limiter l\u2019\u00e9blouissement ou la dispersion du mat\u00e9riel.<\/li>\n<\/ul>\n<p>Les portails proposent souvent, en option, la location ou le pr\u00eat de mat\u00e9riel, et \u00e9ditent des listes compl\u00e8tes pour chaque session. Cette expertise logistique permet de lever les freins li\u00e9s \u00e0 l\u2019organisation et d\u2019encourager \u00e0 franchir le pas, m\u00eame sans \u00e9quipement initial cons\u00e9quent.<\/p>\n<p>Nous recommandons vivement de s\u2019appuyer sur ces conseils structur\u00e9s pour vivre une exp\u00e9rience confortable et productive, et pour progresser sans obstacle mat\u00e9riel.<\/p>\n<h2>Dynamique communautaire et partage autour des ateliers dans les parcs<\/h2>\n<p>Le <strong>r\u00f4le f\u00e9d\u00e9rateur<\/strong> des portails sp\u00e9cialis\u00e9s d\u00e9passe la simple organisation de cours\u00a0: il s\u2019incarne dans une dynamique communautaire qui lie les praticiens du dessin autour de valeurs de partage, d\u2019entre-aide et d\u2019\u00e9mulation artistique. Cette dimension collective se manifeste \u00e0 travers des dispositifs vari\u00e9s, qui dynamisent la vie artistique urbaine.<\/p>\n<ul>\n<li><strong>Sessions collectives r\u00e9guli\u00e8res<\/strong>\u00a0: l\u2019organisation de groupes \u00e0 taille humaine favorise le dialogue, l\u2019entraide et la progression commune. Chacun peut s\u2019approprier les conseils partag\u00e9s lors d\u2019exercices collectifs et observer la vari\u00e9t\u00e9 des approches pour s\u2019enrichir des regards crois\u00e9s.<\/li>\n<li><strong>Expositions \u00e9ph\u00e9m\u00e8res en plein air<\/strong>\u00a0: bon nombre de portails concluent leurs stages par l\u2019accrochage de productions sur place, cr\u00e9ant des galeries temporaires ouvertes aux passants. Cette visibilit\u00e9 public permet de valoriser le travail accompli et de tisser un lien direct entre artistes et riverains.<\/li>\n<li><strong>Galeries collaboratives en ligne<\/strong>\u00a0: certains sites h\u00e9bergent des plateformes o\u00f9 les dessinateurs exposent leurs \u0153uvres, \u00e9changent des conseils ou organisent des concours internes. Ce prolongement virtuel des ateliers encourage l\u2019investissement durable et la constitution de r\u00e9seaux d\u2019amis partageant les m\u00eames aspirations.<\/li>\n<\/ul>\n<p>Enfin, l\u2019esprit d\u2019\u00e9change qui caract\u00e9rise ces communaut\u00e9s stimule la cr\u00e9ativit\u00e9 de chacun et multiplie les opportunit\u00e9s de rencontres artistiques dans les espaces verts urbains. Nous consid\u00e9rons que cette dynamique collective, orchestr\u00e9e par les portails, constitue l\u2019un des leviers majeurs pour faire du dessin en plein air un vecteur d\u2019innovation et de lien social au c\u0153ur des villes.<\/p>\n","protected":false},"excerpt":{"rendered":"","protected":false},"author":34,"featured_media":7581,"comment_status":"open","ping_status":"open","sticky":false,"template":"","format":"standard","meta":{"_acf_changed":false,"manual_indexmenow":false,"indexmenow_id_project":0,"footnotes":""},"categories":[1],"tags":[4707,4706,4571],"class_list":["post-7525","post","type-post","status-publish","format-standard","has-post-thumbnail","hentry","category-a-la-une","tag-cours-dessin","tag-dessin-pleinair","tag-parcs","generate-columns","tablet-grid-50","mobile-grid-100","grid-parent","grid-25"],"acf":[],"yoast_head":"<!-- This site is optimized with the Yoast SEO Premium plugin v21.3 (Yoast SEO v25.6) - https:\/\/yoast.com\/wordpress\/plugins\/seo\/ -->\n<title>Cours de dessin en plein air dans les parcs<\/title>\n<meta name=\"description\" content=\"L\u2019essor des ateliers de dessin en plein air s\u2019accompagne d\u2019un mouvement de digitalisation, incarn\u00e9 par une gamme de portails et de plateformes qui\" \/>\n<meta name=\"robots\" content=\"index, follow, max-snippet:-1, max-image-preview:large, max-video-preview:-1\" \/>\n<link rel=\"canonical\" href=\"https:\/\/greenwichmeridien.fr\/blog\/a-la-une\/plongee-dans-lunivers-des-portails-dedies-aux-cours-de-dessin-en-plein-air-dans-les-parcs\/\" \/>\n<meta property=\"og:locale\" content=\"fr_FR\" \/>\n<meta property=\"og:type\" content=\"article\" \/>\n<meta property=\"og:title\" content=\"Cours de dessin en plein air dans les parcs\" \/>\n<meta property=\"og:description\" content=\"L\u2019essor des ateliers de dessin en plein air s\u2019accompagne d\u2019un mouvement de digitalisation, incarn\u00e9 par une gamme de portails et de plateformes qui\" \/>\n<meta property=\"og:url\" content=\"https:\/\/greenwichmeridien.fr\/blog\/a-la-une\/plongee-dans-lunivers-des-portails-dedies-aux-cours-de-dessin-en-plein-air-dans-les-parcs\/\" \/>\n<meta property=\"og:site_name\" content=\"greenwichmeridien\" \/>\n<meta property=\"og:image\" content=\"https:\/\/greenwichmeridien.fr\/blog\/wp-content\/uploads\/2025\/07\/sdxl-616a482fbddd1ba2c1bafb70831ca9dd-scaled.png\" \/>\n\t<meta property=\"og:image:width\" content=\"1200\" \/>\n\t<meta property=\"og:image:height\" content=\"500\" \/>\n\t<meta property=\"og:image:type\" content=\"image\/png\" \/>\n<meta name=\"author\" content=\"Samuel Chalmin\" \/>\n<meta name=\"twitter:card\" content=\"summary_large_image\" \/>\n<script type=\"application\/ld+json\" class=\"yoast-schema-graph\">{\"@context\":\"https:\/\/schema.org\",\"@graph\":[{\"@type\":\"NewsArticle\",\"@id\":\"https:\/\/greenwichmeridien.fr\/blog\/a-la-une\/plongee-dans-lunivers-des-portails-dedies-aux-cours-de-dessin-en-plein-air-dans-les-parcs\/#article\",\"isPartOf\":{\"@id\":\"https:\/\/greenwichmeridien.fr\/blog\/a-la-une\/plongee-dans-lunivers-des-portails-dedies-aux-cours-de-dessin-en-plein-air-dans-les-parcs\/\"},\"author\":{\"name\":\"Samuel Chalmin\",\"@id\":\"https:\/\/greenwichmeridien.fr\/blog\/#\/schema\/person\/3c864cdc320801e3db34b663e7e3f816\"},\"headline\":\"Plong\u00e9e dans l\u2019univers des portails d\u00e9di\u00e9s aux cours de dessin en plein air dans les parcs\",\"datePublished\":\"2025-06-14T21:05:27+00:00\",\"mainEntityOfPage\":{\"@id\":\"https:\/\/greenwichmeridien.fr\/blog\/a-la-une\/plongee-dans-lunivers-des-portails-dedies-aux-cours-de-dessin-en-plein-air-dans-les-parcs\/\"},\"wordCount\":2052,\"commentCount\":0,\"publisher\":{\"@id\":\"https:\/\/greenwichmeridien.fr\/blog\/#organization\"},\"image\":{\"@id\":\"https:\/\/greenwichmeridien.fr\/blog\/a-la-une\/plongee-dans-lunivers-des-portails-dedies-aux-cours-de-dessin-en-plein-air-dans-les-parcs\/#primaryimage\"},\"thumbnailUrl\":\"https:\/\/greenwichmeridien.fr\/blog\/wp-content\/uploads\/2025\/07\/sdxl-616a482fbddd1ba2c1bafb70831ca9dd-scaled.png\",\"keywords\":[\"cours dessin\",\"dessin pleinair\",\"parcs\"],\"articleSection\":[\"\u00c0 la une\"],\"inLanguage\":\"fr-FR\",\"potentialAction\":[{\"@type\":\"CommentAction\",\"name\":\"Comment\",\"target\":[\"https:\/\/greenwichmeridien.fr\/blog\/a-la-une\/plongee-dans-lunivers-des-portails-dedies-aux-cours-de-dessin-en-plein-air-dans-les-parcs\/#respond\"]}]},{\"@type\":\"WebPage\",\"@id\":\"https:\/\/greenwichmeridien.fr\/blog\/a-la-une\/plongee-dans-lunivers-des-portails-dedies-aux-cours-de-dessin-en-plein-air-dans-les-parcs\/\",\"url\":\"https:\/\/greenwichmeridien.fr\/blog\/a-la-une\/plongee-dans-lunivers-des-portails-dedies-aux-cours-de-dessin-en-plein-air-dans-les-parcs\/\",\"name\":\"Cours de dessin en plein air dans les parcs\",\"isPartOf\":{\"@id\":\"https:\/\/greenwichmeridien.fr\/blog\/#website\"},\"primaryImageOfPage\":{\"@id\":\"https:\/\/greenwichmeridien.fr\/blog\/a-la-une\/plongee-dans-lunivers-des-portails-dedies-aux-cours-de-dessin-en-plein-air-dans-les-parcs\/#primaryimage\"},\"image\":{\"@id\":\"https:\/\/greenwichmeridien.fr\/blog\/a-la-une\/plongee-dans-lunivers-des-portails-dedies-aux-cours-de-dessin-en-plein-air-dans-les-parcs\/#primaryimage\"},\"thumbnailUrl\":\"https:\/\/greenwichmeridien.fr\/blog\/wp-content\/uploads\/2025\/07\/sdxl-616a482fbddd1ba2c1bafb70831ca9dd-scaled.png\",\"datePublished\":\"2025-06-14T21:05:27+00:00\",\"description\":\"L\u2019essor des ateliers de dessin en plein air s\u2019accompagne d\u2019un mouvement de digitalisation, incarn\u00e9 par une gamme de portails et de plateformes qui\",\"inLanguage\":\"fr-FR\",\"potentialAction\":[{\"@type\":\"ReadAction\",\"target\":[\"https:\/\/greenwichmeridien.fr\/blog\/a-la-une\/plongee-dans-lunivers-des-portails-dedies-aux-cours-de-dessin-en-plein-air-dans-les-parcs\/\"]}]},{\"@type\":\"ImageObject\",\"inLanguage\":\"fr-FR\",\"@id\":\"https:\/\/greenwichmeridien.fr\/blog\/a-la-une\/plongee-dans-lunivers-des-portails-dedies-aux-cours-de-dessin-en-plein-air-dans-les-parcs\/#primaryimage\",\"url\":\"https:\/\/greenwichmeridien.fr\/blog\/wp-content\/uploads\/2025\/07\/sdxl-616a482fbddd1ba2c1bafb70831ca9dd-scaled.png\",\"contentUrl\":\"https:\/\/greenwichmeridien.fr\/blog\/wp-content\/uploads\/2025\/07\/sdxl-616a482fbddd1ba2c1bafb70831ca9dd-scaled.png\",\"width\":1200,\"height\":500},{\"@type\":\"WebSite\",\"@id\":\"https:\/\/greenwichmeridien.fr\/blog\/#website\",\"url\":\"https:\/\/greenwichmeridien.fr\/blog\/\",\"name\":\"Greenwich M\u00e9ridien\",\"description\":\"Greenwich M\u00e9ridien, le rep\u00e8re du temps et du voyage\",\"publisher\":{\"@id\":\"https:\/\/greenwichmeridien.fr\/blog\/#organization\"},\"alternateName\":\"Greenwich M\u00e9ridien, le rep\u00e8re du temps et du voyage\",\"potentialAction\":[{\"@type\":\"SearchAction\",\"target\":{\"@type\":\"EntryPoint\",\"urlTemplate\":\"https:\/\/greenwichmeridien.fr\/blog\/?s={search_term_string}\"},\"query-input\":{\"@type\":\"PropertyValueSpecification\",\"valueRequired\":true,\"valueName\":\"search_term_string\"}}],\"inLanguage\":\"fr-FR\"},{\"@type\":\"Organization\",\"@id\":\"https:\/\/greenwichmeridien.fr\/blog\/#organization\",\"name\":\"Greenwich M\u00e9ridien\",\"alternateName\":\"Greenwich M\u00e9ridien\",\"url\":\"https:\/\/greenwichmeridien.fr\/blog\/\",\"logo\":{\"@type\":\"ImageObject\",\"inLanguage\":\"fr-FR\",\"@id\":\"https:\/\/greenwichmeridien.fr\/blog\/#\/schema\/logo\/image\/\",\"url\":\"https:\/\/greenwichmeridien.fr\/blog\/wp-content\/uploads\/2024\/12\/greenwichmeridien.png\",\"contentUrl\":\"https:\/\/greenwichmeridien.fr\/blog\/wp-content\/uploads\/2024\/12\/greenwichmeridien.png\",\"width\":500,\"height\":500,\"caption\":\"Greenwich M\u00e9ridien\"},\"image\":{\"@id\":\"https:\/\/greenwichmeridien.fr\/blog\/#\/schema\/logo\/image\/\"}},{\"@type\":\"Person\",\"@id\":\"https:\/\/greenwichmeridien.fr\/blog\/#\/schema\/person\/3c864cdc320801e3db34b663e7e3f816\",\"name\":\"Samuel Chalmin\",\"image\":{\"@type\":\"ImageObject\",\"inLanguage\":\"fr-FR\",\"@id\":\"https:\/\/greenwichmeridien.fr\/blog\/#\/schema\/person\/image\/\",\"url\":\"https:\/\/secure.gravatar.com\/avatar\/cef3677de7d237273d13053728f9470818581a8a27d9bf6f5039fd18508a905f?s=96&d=mm&r=g\",\"contentUrl\":\"https:\/\/secure.gravatar.com\/avatar\/cef3677de7d237273d13053728f9470818581a8a27d9bf6f5039fd18508a905f?s=96&d=mm&r=g\",\"caption\":\"Samuel Chalmin\"},\"description\":\"R\u00e9dacteur du site, il suit les questions de temps et de calendrier : m\u00e9ridien de Greenwich, heure GMT et UTC, fuseaux horaires, changement d'heure, ann\u00e9es bissextiles et jours f\u00e9ri\u00e9s.\",\"sameAs\":[\"https:\/\/samuelchalmin.fr\/\"],\"url\":\"https:\/\/greenwichmeridien.fr\/blog\/auteur\/noname\/\"}]}<\/script>\n<!-- \/ Yoast SEO Premium plugin. -->","yoast_head_json":{"title":"Cours de dessin en plein air dans les parcs","description":"L\u2019essor des ateliers de dessin en plein air s\u2019accompagne d\u2019un mouvement de digitalisation, incarn\u00e9 par une gamme de portails et de plateformes qui","robots":{"index":"index","follow":"follow","max-snippet":"max-snippet:-1","max-image-preview":"max-image-preview:large","max-video-preview":"max-video-preview:-1"},"canonical":"https:\/\/greenwichmeridien.fr\/blog\/a-la-une\/plongee-dans-lunivers-des-portails-dedies-aux-cours-de-dessin-en-plein-air-dans-les-parcs\/","og_locale":"fr_FR","og_type":"article","og_title":"Cours de dessin en plein air dans les parcs","og_description":"L\u2019essor des ateliers de dessin en plein air s\u2019accompagne d\u2019un mouvement de digitalisation, incarn\u00e9 par une gamme de portails et de plateformes qui","og_url":"https:\/\/greenwichmeridien.fr\/blog\/a-la-une\/plongee-dans-lunivers-des-portails-dedies-aux-cours-de-dessin-en-plein-air-dans-les-parcs\/","og_site_name":"greenwichmeridien","og_image":[{"width":1200,"height":500,"url":"https:\/\/greenwichmeridien.fr\/blog\/wp-content\/uploads\/2025\/07\/sdxl-616a482fbddd1ba2c1bafb70831ca9dd-scaled.png","type":"image\/png"}],"author":"Samuel Chalmin","twitter_card":"summary_large_image","schema":{"@context":"https:\/\/schema.org","@graph":[{"@type":"NewsArticle","@id":"https:\/\/greenwichmeridien.fr\/blog\/a-la-une\/plongee-dans-lunivers-des-portails-dedies-aux-cours-de-dessin-en-plein-air-dans-les-parcs\/#article","isPartOf":{"@id":"https:\/\/greenwichmeridien.fr\/blog\/a-la-une\/plongee-dans-lunivers-des-portails-dedies-aux-cours-de-dessin-en-plein-air-dans-les-parcs\/"},"author":{"name":"Samuel Chalmin","@id":"https:\/\/greenwichmeridien.fr\/blog\/#\/schema\/person\/3c864cdc320801e3db34b663e7e3f816"},"headline":"Plong\u00e9e dans l\u2019univers des portails d\u00e9di\u00e9s aux cours de dessin en plein air dans les parcs","datePublished":"2025-06-14T21:05:27+00:00","mainEntityOfPage":{"@id":"https:\/\/greenwichmeridien.fr\/blog\/a-la-une\/plongee-dans-lunivers-des-portails-dedies-aux-cours-de-dessin-en-plein-air-dans-les-parcs\/"},"wordCount":2052,"commentCount":0,"publisher":{"@id":"https:\/\/greenwichmeridien.fr\/blog\/#organization"},"image":{"@id":"https:\/\/greenwichmeridien.fr\/blog\/a-la-une\/plongee-dans-lunivers-des-portails-dedies-aux-cours-de-dessin-en-plein-air-dans-les-parcs\/#primaryimage"},"thumbnailUrl":"https:\/\/greenwichmeridien.fr\/blog\/wp-content\/uploads\/2025\/07\/sdxl-616a482fbddd1ba2c1bafb70831ca9dd-scaled.png","keywords":["cours dessin","dessin pleinair","parcs"],"articleSection":["\u00c0 la une"],"inLanguage":"fr-FR","potentialAction":[{"@type":"CommentAction","name":"Comment","target":["https:\/\/greenwichmeridien.fr\/blog\/a-la-une\/plongee-dans-lunivers-des-portails-dedies-aux-cours-de-dessin-en-plein-air-dans-les-parcs\/#respond"]}]},{"@type":"WebPage","@id":"https:\/\/greenwichmeridien.fr\/blog\/a-la-une\/plongee-dans-lunivers-des-portails-dedies-aux-cours-de-dessin-en-plein-air-dans-les-parcs\/","url":"https:\/\/greenwichmeridien.fr\/blog\/a-la-une\/plongee-dans-lunivers-des-portails-dedies-aux-cours-de-dessin-en-plein-air-dans-les-parcs\/","name":"Cours de dessin en plein air dans les parcs","isPartOf":{"@id":"https:\/\/greenwichmeridien.fr\/blog\/#website"},"primaryImageOfPage":{"@id":"https:\/\/greenwichmeridien.fr\/blog\/a-la-une\/plongee-dans-lunivers-des-portails-dedies-aux-cours-de-dessin-en-plein-air-dans-les-parcs\/#primaryimage"},"image":{"@id":"https:\/\/greenwichmeridien.fr\/blog\/a-la-une\/plongee-dans-lunivers-des-portails-dedies-aux-cours-de-dessin-en-plein-air-dans-les-parcs\/#primaryimage"},"thumbnailUrl":"https:\/\/greenwichmeridien.fr\/blog\/wp-content\/uploads\/2025\/07\/sdxl-616a482fbddd1ba2c1bafb70831ca9dd-scaled.png","datePublished":"2025-06-14T21:05:27+00:00","description":"L\u2019essor des ateliers de dessin en plein air s\u2019accompagne d\u2019un mouvement de digitalisation, incarn\u00e9 par une gamme de portails et de plateformes qui","inLanguage":"fr-FR","potentialAction":[{"@type":"ReadAction","target":["https:\/\/greenwichmeridien.fr\/blog\/a-la-une\/plongee-dans-lunivers-des-portails-dedies-aux-cours-de-dessin-en-plein-air-dans-les-parcs\/"]}]},{"@type":"ImageObject","inLanguage":"fr-FR","@id":"https:\/\/greenwichmeridien.fr\/blog\/a-la-une\/plongee-dans-lunivers-des-portails-dedies-aux-cours-de-dessin-en-plein-air-dans-les-parcs\/#primaryimage","url":"https:\/\/greenwichmeridien.fr\/blog\/wp-content\/uploads\/2025\/07\/sdxl-616a482fbddd1ba2c1bafb70831ca9dd-scaled.png","contentUrl":"https:\/\/greenwichmeridien.fr\/blog\/wp-content\/uploads\/2025\/07\/sdxl-616a482fbddd1ba2c1bafb70831ca9dd-scaled.png","width":1200,"height":500},{"@type":"WebSite","@id":"https:\/\/greenwichmeridien.fr\/blog\/#website","url":"https:\/\/greenwichmeridien.fr\/blog\/","name":"Greenwich M\u00e9ridien","description":"Greenwich M\u00e9ridien, le rep\u00e8re du temps et du voyage","publisher":{"@id":"https:\/\/greenwichmeridien.fr\/blog\/#organization"},"alternateName":"Greenwich M\u00e9ridien, le rep\u00e8re du temps et du voyage","potentialAction":[{"@type":"SearchAction","target":{"@type":"EntryPoint","urlTemplate":"https:\/\/greenwichmeridien.fr\/blog\/?s={search_term_string}"},"query-input":{"@type":"PropertyValueSpecification","valueRequired":true,"valueName":"search_term_string"}}],"inLanguage":"fr-FR"},{"@type":"Organization","@id":"https:\/\/greenwichmeridien.fr\/blog\/#organization","name":"Greenwich M\u00e9ridien","alternateName":"Greenwich M\u00e9ridien","url":"https:\/\/greenwichmeridien.fr\/blog\/","logo":{"@type":"ImageObject","inLanguage":"fr-FR","@id":"https:\/\/greenwichmeridien.fr\/blog\/#\/schema\/logo\/image\/","url":"https:\/\/greenwichmeridien.fr\/blog\/wp-content\/uploads\/2024\/12\/greenwichmeridien.png","contentUrl":"https:\/\/greenwichmeridien.fr\/blog\/wp-content\/uploads\/2024\/12\/greenwichmeridien.png","width":500,"height":500,"caption":"Greenwich M\u00e9ridien"},"image":{"@id":"https:\/\/greenwichmeridien.fr\/blog\/#\/schema\/logo\/image\/"}},{"@type":"Person","@id":"https:\/\/greenwichmeridien.fr\/blog\/#\/schema\/person\/3c864cdc320801e3db34b663e7e3f816","name":"Samuel Chalmin","image":{"@type":"ImageObject","inLanguage":"fr-FR","@id":"https:\/\/greenwichmeridien.fr\/blog\/#\/schema\/person\/image\/","url":"https:\/\/secure.gravatar.com\/avatar\/cef3677de7d237273d13053728f9470818581a8a27d9bf6f5039fd18508a905f?s=96&d=mm&r=g","contentUrl":"https:\/\/secure.gravatar.com\/avatar\/cef3677de7d237273d13053728f9470818581a8a27d9bf6f5039fd18508a905f?s=96&d=mm&r=g","caption":"Samuel Chalmin"},"description":"R\u00e9dacteur du site, il suit les questions de temps et de calendrier : m\u00e9ridien de Greenwich, heure GMT et UTC, fuseaux horaires, changement d'heure, ann\u00e9es bissextiles et jours f\u00e9ri\u00e9s.","sameAs":["https:\/\/samuelchalmin.fr\/"],"url":"https:\/\/greenwichmeridien.fr\/blog\/auteur\/noname\/"}]}},"_links":{"self":[{"href":"https:\/\/greenwichmeridien.fr\/blog\/wp-json\/wp\/v2\/posts\/7525","targetHints":{"allow":["GET"]}}],"collection":[{"href":"https:\/\/greenwichmeridien.fr\/blog\/wp-json\/wp\/v2\/posts"}],"about":[{"href":"https:\/\/greenwichmeridien.fr\/blog\/wp-json\/wp\/v2\/types\/post"}],"author":[{"embeddable":true,"href":"https:\/\/greenwichmeridien.fr\/blog\/wp-json\/wp\/v2\/users\/34"}],"replies":[{"embeddable":true,"href":"https:\/\/greenwichmeridien.fr\/blog\/wp-json\/wp\/v2\/comments?post=7525"}],"version-history":[{"count":0,"href":"https:\/\/greenwichmeridien.fr\/blog\/wp-json\/wp\/v2\/posts\/7525\/revisions"}],"wp:featuredmedia":[{"embeddable":true,"href":"https:\/\/greenwichmeridien.fr\/blog\/wp-json\/wp\/v2\/media\/7581"}],"wp:attachment":[{"href":"https:\/\/greenwichmeridien.fr\/blog\/wp-json\/wp\/v2\/media?parent=7525"}],"wp:term":[{"taxonomy":"category","embeddable":true,"href":"https:\/\/greenwichmeridien.fr\/blog\/wp-json\/wp\/v2\/categories?post=7525"},{"taxonomy":"post_tag","embeddable":true,"href":"https:\/\/greenwichmeridien.fr\/blog\/wp-json\/wp\/v2\/tags?post=7525"}],"curies":[{"name":"wp","href":"https:\/\/api.w.org\/{rel}","templated":true}]}}