{"id":7638,"date":"2025-08-07T09:42:00","date_gmt":"2025-08-07T07:42:00","guid":{"rendered":"https:\/\/greenwichmeridien.fr\/blog\/?p=7638"},"modified":"2026-08-25T01:47:37","modified_gmt":"2026-08-24T23:47:37","slug":"santorin-en-4-jours-decouvrez-lile-des-cyclades-et-ses-tresors-caches","status":"publish","type":"post","link":"https:\/\/greenwichmeridien.fr\/blog\/voyages-et-destinations\/santorin-en-4-jours-decouvrez-lile-des-cyclades-et-ses-tresors-caches\/","title":{"rendered":"Santorin en 4 jours : d\u00e9couvrez l&rsquo;\u00eele des Cyclades et ses tr\u00e9sors cach\u00e9s"},"content":{"rendered":"<h1>4 Jours \u00e0 Santorin : Un Guide Complet pour D\u00e9couvrir Cette \u00cele des Cyclades<\/h1>\n<h2>Introduction : Pourquoi Visiter Santorin en 4 Jours ?<\/h2>\n<p>\nAu c\u0153ur de la mer \u00c9g\u00e9e, <strong>Santorin<\/strong> s&rsquo;affirme comme une destination incontournable pour qui cherche \u00e0 conjuguer <strong>beaut\u00e9 naturelle, histoire mill\u00e9naire et art de vivre m\u00e9diterran\u00e9en<\/strong>. Son <u>architecture cycladique<\/u> est mondialement reconnue : <strong>maisons cubiques blanchies \u00e0 la chaux<\/strong>, <strong>d\u00f4mes bleus<\/strong> qui parent les \u00e9glises, ruelles escarp\u00e9es qui surplombent la <strong>caldeira volcanique<\/strong>. Le contraste saisissant entre la pierre volcanique noire, la lumi\u00e8re \u00e9clatante et le bleu profond de la mer cr\u00e9e des paysages parmi les plus photographi\u00e9s au monde.\n<\/p>\n<ul>\n<li><strong>Fira<\/strong> : centre anim\u00e9 et principal p\u00f4le d&rsquo;\u00e9changes culturels;<\/li>\n<li><strong>Oia<\/strong> : village embl\u00e9matique pour ses vues sublimes sur le coucher du soleil;<\/li>\n<li><strong>Plages volcaniques<\/strong> (Red Beach, Kamari, Perissa) : diversit\u00e9 de teintes et d&rsquo;activit\u00e9s nautiques;<\/li>\n<li><strong>Caldeira<\/strong> : impressionnant vestige g\u00e9ologique, observable depuis de multiples belv\u00e9d\u00e8res;<\/li>\n<li><strong>Gastronomie<\/strong> : sp\u00e9cialit\u00e9s \u00e0 base de tomates cerises, f\u00e9ta, fava, poissons frais;<\/li>\n<li><strong>Vins<\/strong> : production locale reconnue, c\u00e9pages <strong>Assyrtiko<\/strong>, <strong>Athiri<\/strong>, <strong>Aidani<\/strong>.<\/li>\n<\/ul>\n<p>\nPasser <u>4 jours \u00e0 Santorin<\/u> constitue la dur\u00e9e id\u00e9ale pour explorer l\u2019\u00eele sans pr\u00e9cipitation, s\u2019offrir des journ\u00e9es \u00e9quilibr\u00e9es entre <strong>visites culturelles<\/strong>, <strong>exp\u00e9riences nature<\/strong> et <strong>d\u00e9tente<\/strong>. Cette \u00e9ch\u00e9ance permet d\u2019absorber l\u2019ambiance singuli\u00e8re de chaque village et de combiner les incontournables avec des sites plus confidentiels, \u00e0 un rythme propice \u00e0 l\u2019appr\u00e9ciation de chaque instant.\n<\/p>\n<h2>Premiers Pas \u00e0 Fira \u2013 D\u00e9couverte Culturelle et Panorama sur la Caldeira<\/h2>\n<p>\n<strong>Fira<\/strong>, capitale administrative et culturelle de <strong>Santorin<\/strong>, r\u00e9unit l\u2019essence de l\u2019\u00eele \u00e0 travers ses ruelles tortueuses, ses points de vue vertigineux sur la <strong>caldeira<\/strong> et ses lieux d\u2019int\u00e9r\u00eat historique. Point de convergence des arriv\u00e9es (bateau ou avion), la ville impressionne par la succession de maisons blanches suspendues \u00e0 plus de 250 m\u00e8tres au-dessus de la mer.\n<\/p>\n<ul>\n<li><strong>Arriv\u00e9e \u00e0 Fira<\/strong> : depuis <u>A\u00e9roport international de Santorin-Thira (JTR)<\/u> ou le <u>Port d\u2019Athinios<\/u>, acc\u00e8s rapide vers le centre;<\/li>\n<li><strong>Promenade dans les ruelles pi\u00e9tonnes<\/strong> : magasins d\u2019artisans, galeries, \u00e9glises byzantines (<strong>Panagia Ypapanti<\/strong>), escalier pav\u00e9 menant \u00e0 la <strong>caldeira<\/strong>;<\/li>\n<li><strong>Mus\u00e9e arch\u00e9ologique de Thira<\/strong> : collections de statues et c\u00e9ramiques cycladiques, fresques pr\u00e9historiques d\u2019Akrotiri;<\/li>\n<li><strong>Caf\u00e9s avec terrasse panoramique<\/strong> (<u>PK Cocktail Bar<\/u>, <u>Volkan on the Rocks<\/u>) : vue imprenable sur la baie et les croisi\u00e8res entrant au port.<\/li>\n<\/ul>\n<p>\nEn parcourant Fira \u00e0 pied, nous pouvons rejoindre le quartier de Firostefani, puis <strong>Imerovigli<\/strong>, village perch\u00e9 reconnu pour sa tranquillit\u00e9 et sa vue imprenable. La randonn\u00e9e jusqu\u2019\u00e0 <strong>Skaros Rock<\/strong> offre un panorama exceptionnel sur toute la caldeira et les \u00eelots volcaniques (<strong>Nea Kameni<\/strong>, <strong>Palea Kameni<\/strong>). Terminer la journ\u00e9e sur une terrasse en surplomb de Fira pour contempler le <u>coucher de soleil<\/u> demeure une exp\u00e9rience inoubliable, d&rsquo;autant que la magie de la lumi\u00e8re transfigure la falaise <u>chaque soir entre 19h30 et 20h30 de mai \u00e0 septembre<\/u>.\n<\/p>\n<h2>Matin\u00e9e \u00e0 Oia, Apr\u00e8s-midi Farniente sur les Plages<\/h2>\n<p>\nNous quittons l\u2019animation de la capitale pour rejoindre <strong>Oia<\/strong>, sur la pointe nord-ouest de l\u2019\u00eele, accessible en bus local (<u>Santorini Bus Timetable<\/u>), taxi ou location de scooter\/quad. Oia fascine par ses <u> d\u00f4mes bleus ?<\/u>, ruelles labyrinthiques et maisons troglodytes sculpt\u00e9es dans la roche volcanique. Le matin, la luminosit\u00e9 y est id\u00e9ale pour des clich\u00e9s d\u2019exception, avant l\u2019afflux de visiteurs qui double en haute saison (avec jusqu\u2019\u00e0 <u>14 000 touristes\/jour en ao\u00fbt selon l&rsquo;<strong>Office de tourisme de Santorin<\/strong><\/u>).\n<\/p>\n<ul>\n<li><strong>Main Street (Nikolaou Nomikou)<\/strong> : c\u0153ur commer\u00e7ant et artistique d\u2019Oia;<\/li>\n<li><strong>Ch\u00e2teau byzantin d\u2019Agios Nikolaos<\/strong> : point de vue panoramique sur la caldeira, spot photographique majeur au coucher du soleil;<\/li>\n<li><strong>Port d\u2019Ammoudi<\/strong> : descente de 300 marches vers la baie, restaurants de poissons r\u00e9put\u00e9s, excursions en mer possible.<\/li>\n<\/ul>\n<p>\nL\u2019apr\u00e8s-midi invite \u00e0 la <strong>d\u00e9tente baln\u00e9aire<\/strong> sur l\u2019une des plages volcaniques embl\u00e9matiques. <strong>Red Beach<\/strong> se distingue par ses falaises rouges spectaculaires, propices au snorkeling; <strong>Kamari<\/strong> (\u00e9galement appel\u00e9e <u>Black Beach<\/u>) offre une longue \u00e9tendue de galets noirs, id\u00e9ale pour familles et amateurs de sports nautiques. La fr\u00e9quentation varie fortement selon la saison, avec un pic de <u>plus de 2,5 millions de visiteurs en 2023<\/u>, rendant certaines plages tr\u00e8s anim\u00e9es en \u00e9t\u00e9. Hors juillet-ao\u00fbt, une ambiance apais\u00e9e permet de savourer l\u2019environnement volcanique unique.\n<\/p>\n<ul>\n<li><strong>Red Beach<\/strong> : accessible \u00e0 pied depuis Akrotiri, eaux claires, location d\u2019\u00e9quipement de plong\u00e9e possible;<\/li>\n<li><strong>Kamari<\/strong> : location de transats, restaurants de plage, clubs nautiques (ski, paddle, planche \u00e0 voile).<\/li>\n<\/ul>\n<h2>Excursion en Mer et Histoire Antique<\/h2>\n<p>\nLa troisi\u00e8me journ\u00e9e peut s\u2019ouvrir sur une <strong>croisi\u00e8re autour de la caldeira<\/strong>, exp\u00e9rience pl\u00e9biscit\u00e9e pour explorer les sites volcaniques et vivre Santorin depuis la mer. Des compagnies reconnues comme <strong>Santorini Sailing Center<\/strong> ou <strong>Sunset Oia<\/strong> proposent des circuits en <u>catamaran<\/u> ou en <u>kaiki traditionnel<\/u>, incluant baignade, d\u00e9jeuner \u00e0 bord et explications g\u00e9ologiques. Ces excursions permettent g\u00e9n\u00e9ralement :\n<\/p>\n<ul>\n<li>Accostage sur <strong>Nea Kameni<\/strong> : ascension du crat\u00e8re, vue sur l\u2019\u00eele et la caldeira, explications sur l\u2019\u00e9ruption de <u>-1613 av. J.-C.<\/u>;<\/li>\n<li><strong>Palea Kameni<\/strong> : baignade dans des sources chaudes riches en min\u00e9raux ferrugineux;<\/li>\n<li>Halte sur <strong>Thirassia<\/strong> : d\u00e9couverte d\u2019un village rest\u00e9 authentique, d\u00e9gustation de <strong>mets locaux<\/strong> et vin.<\/li>\n<\/ul>\n<p>\nL\u2019apr\u00e8s-midi, focus sur <strong>le site arch\u00e9ologique d\u2019Akrotiri<\/strong>. Surnomm\u00e9 la  Pomp\u00e9i grecque ?, il offre un voyage temporel immersif parmi les vestiges d\u2019une cit\u00e9 minoenne ensevelie, dont la fouille d\u00e9but\u00e9e en <u>1967 par <strong>Spyridon Marinatos<\/strong><\/u> a permis d\u2019exhumer <u>plus de 40 b\u00e2timents et 3500 objets<\/u>. On peut observer des <strong>fresques polychromes<\/strong> parmi les mieux conserv\u00e9es de la M\u00e9diterran\u00e9e orientale et des am\u00e9nagements urbains uniques pour l\u2019\u00e9poque. Le site est prot\u00e9g\u00e9 sous une toiture architecturale moderne, garantissant une visite confortable en toute saison.\n<\/p>\n<h2>D\u00e9tente, Vins et Saveurs M\u00e9diterran\u00e9ennes<\/h2>\n<p>\nPour ce quatri\u00e8me jour, diff\u00e9rentes options s\u2019offrent selon l\u2019envie d\u2019explorer ou de se ressourcer. Ceux privil\u00e9giant la <strong>d\u00e9tente baln\u00e9aire<\/strong> pourront opter pour les plages de <strong>Perissa<\/strong> ou <strong>Vlychada<\/strong>, moins fr\u00e9quent\u00e9es, dont l\u2019ambiance contraste superbement avec les grands spots touristiques. Nous recommandons :\n<\/p>\n<ul>\n<li><strong>Perissa<\/strong> : vaste plage de sable noir, bars d\u00e9contract\u00e9s, espace pr\u00e9serv\u00e9 id\u00e9al pour nager et se relaxer;<\/li>\n<li><strong>Vlychada<\/strong> : falaises sculpt\u00e9es, port de p\u00eache, atmosph\u00e8re paisible, parfait pour un d\u00e9jeuner face \u00e0 la mer.<\/li>\n<\/ul>\n<p>\nPour enrichir l\u2019exp\u00e9rience culturelle, la d\u00e9couverte de <strong>Pyrgos<\/strong> ou <strong>Emporio<\/strong>, villages traditionnels \u00e0 l\u2019habitat cycladique pr\u00e9serv\u00e9, promet un d\u00e9paysement total. Les ruelles orn\u00e9es de bougainvilliers, les fortifications m\u00e9di\u00e9vales du <strong>Kasteli<\/strong> et les terrasses panoramiques invitent \u00e0 la fl\u00e2nerie, loin de l\u2019agitation.\n<\/p>\n<p>\nLes amateurs de <strong>vins<\/strong> choisiront volontiers une <strong>visite oenotouristique<\/strong> dans un domaine r\u00e9put\u00e9, comme <strong>SantoWines<\/strong> (agriculture coop\u00e9rative fond\u00e9e en 1947), <strong>Gavalas Winery<\/strong> ou <strong>Venetsanos Winery<\/strong>. La <strong>production annuelle de vins AOP Santorini<\/strong> fr\u00f4le les <u>4 millions de bouteilles<\/u>, principalement des blancs issus d\u2019<strong>Assyrtiko<\/strong>, f\u00e9licit\u00e9s lors du <strong>Decanter World Wine Awards 2023<\/strong> (plusieurs m\u00e9dailles d\u2019or). La typicit\u00e9 min\u00e9rale de ces crus est le r\u00e9sultat d\u2019un sol volcanique, pauvre mais riche en histoire agricole.\n<\/p>\n<ul>\n<li>Visite guid\u00e9e des vignes en terrasses ( kouloura ?), initiation \u00e0 la vinification locale;<\/li>\n<li>D\u00e9gustation de cuv\u00e9es embl\u00e9matiques, accords avec <strong>mezz\u00e9s<\/strong>;<\/li>\n<li>Boutiques de produits du terroir, souvent avec vue panoramique sur la mer \u00c9g\u00e9e.<\/li>\n<\/ul>\n<p>\nLa journ\u00e9e se conclut id\u00e9alement dans un restaurant typique, v\u00e9ritable vitrine de la <strong>gastronomie locale<\/strong> : <u>rosta de poulpe grill\u00e9, salade de tomates cerises de Santorin, fava, yogourt au miel<\/u>, le tout accompagn\u00e9 d\u2019un vin blanc Assyrtiko servi face au coucher du soleil. Des adresses r\u00e9put\u00e9es comme <strong>Metaxi Mas<\/strong> (Exo Gonia), <strong>Naoussa<\/strong> (Fira) ou <strong>Dimitris Ammoudi Taverna<\/strong> (Ammoudi Bay) offrent cette exp\u00e9rience gastronomique m\u00e9morable.\n<\/p>\n<h2>Conseils Pratiques pour Optimiser Votre S\u00e9jour \u00e0 Santorin<\/h2>\n<p>\nMaximiser l\u2019exp\u00e9rience sur <strong>Santorin<\/strong> requiert une planification avis\u00e9e, surtout durant les p\u00e9riodes de forte affluence. La saison id\u00e9ale s\u2019\u00e9tale de <u>mai \u00e0 octobre<\/u> : <strong>temp\u00e9rature moyenne de 26?C l\u2019\u00e9t\u00e9, 22?C en septembre<\/strong>, quasi-absence de pluie. Le pic touristique, de mi-juillet \u00e0 fin ao\u00fbt, correspond \u00e0 des taux d\u2019occupation h\u00f4teli\u00e8re sup\u00e9rieurs \u00e0 <u>95 %<\/u> d\u2019apr\u00e8s la <strong>Santorini Hoteliers Association<\/strong>.\n<\/p>\n<ul>\n<li><strong>R\u00e9servation d\u2019h\u00e9bergement<\/strong> fortement recommand\u00e9e \u00e0 <u>Fira<\/u> ou <u>Oia<\/u> (vue sur caldeira, acc\u00e8s facile transports). Alternatives \u00e9conomiques : Megalochori, Pyrgos;<\/li>\n<li><strong>Transports locaux<\/strong> efficients mais satur\u00e9s \u00e0 certaines heures : r\u00e9seaux <strong>KTEL Santorini<\/strong> (bus) fiables et bon march\u00e9, location de scooter ou quad (de 30 \u00e0 60 \u20ac\/jour), taxis peu nombreux;<\/li>\n<li><strong>Budget journalier moyen<\/strong> : compter de <u>110 \u00e0 250&nbsp;\u20ac\/personne<\/u> selon logement, restauration et activit\u00e9s;<\/li>\n<li><strong>Applications mobiles utiles<\/strong> : <strong>Santorini Bus Timetable<\/strong> (horaires bus en temps r\u00e9el), <strong>Meteo.gr<\/strong> (bulletin m\u00e9t\u00e9o local), <strong>Google Maps<\/strong> et <strong>Maps.Me<\/strong> pour l\u2019orientation p\u00e9destre en village;<\/li>\n<li><strong>Astuce photo<\/strong> : privil\u00e9gier <u>le lever ou le coucher du soleil<\/u> pour \u00e9viter la foule et b\u00e9n\u00e9ficier des plus belles lumi\u00e8res.<\/li>\n<li>D\u00e9couvrir des sites alternatifs (Megalochori, Kasteli d\u2019Emporio) pour fuir l\u2019affluence estivale.<\/li>\n<\/ul>\n<p>\nPour garantir une visite sereine des lieux pris\u00e9s (comme <strong>Oia<\/strong> ou <strong>Red Beach<\/strong>), nous conseillons d\u2019arriver avant <u>8h30<\/u> ou apr\u00e8s <u>18h30<\/u>. Les excursions en mer se r\u00e9servent id\u00e9alement <u>plus d\u2019une semaine \u00e0 l\u2019avance<\/u> en haute saison. Toujours avoir sur soi <strong>esp\u00e8ces en euros<\/strong> pour les petits commerces et transports.\n<\/p>\n<h2>Conclusion : Santorin, un Voyage Inoubliable en 4 Jours<\/h2>\n<p>\nAchever un s\u00e9jour de <u>4 jours \u00e0 Santorin<\/u>, c\u2019est repartir avec le souvenir d\u2019une exp\u00e9rience polyphonique : <strong>paysages taill\u00e9s dans la lave<\/strong>, <strong>villages suspendus entre ciel et mer<\/strong>, accueil chaleureux d\u2019une population fi\u00e8re de son patrimoine vivant. Les contrastes chromatiques \u2014 blanc des maisons, noir des falaises, bleu de la caldeira \u2014 s\u2019impriment en m\u00e9moire, tout comme la richesse de la gastronomie et la finesse des vins prim\u00e9s \u00e0 l\u2019international.\n<\/p>\n<ul>\n<li><strong>Fira<\/strong> et <strong>Oia<\/strong>, piliers du panorama mondial;<\/li>\n<li><strong>Caldeira<\/strong> et <strong>Red Beach<\/strong>, prouesses g\u00e9omorphologiques uniques;<\/li>\n<li><strong>Rencontres locales et partage culinaire<\/strong>;<\/li>\n<li><strong>Itin\u00e9raire \u00e9quilibr\u00e9<\/strong> pour profiter sereinement des incontournables et explorer l\u2019authenticit\u00e9 de Santorin.<\/li>\n<\/ul>\n<p>\nNous vous encourageons \u00e0 personnaliser votre d\u00e9couverte, en fonction de vos passions, et \u00e0 r\u00e9server vos activit\u00e9s \u00e0 l\u2019avance pour vous assurer un voyage sans al\u00e9as. <u>Chaque instant pass\u00e9 \u00e0 Santorin est un condens\u00e9 de lumi\u00e8re et d\u2019\u00e9vasion<\/u>, propice \u00e0 l\u2019\u00e9merveillement et \u00e0 l\u2019inspiration.\n<\/p>\n<div style=\"background: #e8f4f8;border: 3px solid #0073aa;padding: 20px;margin: 20px 0;border-radius: 8px\">\n<h2 style=\"color: #0073aa;text-align: center;margin-bottom: 15px\">\ud83d\udd27 Ressources Pratiques et Outils<\/h2>\n<div style=\"background: white;padding: 15px;margin: 10px 0;border-left: 4px solid #28a745\">\n<h3 style=\"color: #28a745;margin-bottom: 10px\">\ud83d\udccd Informations sur Santorin<\/h3>\n<p>Pour les voyageurs souhaitant planifier leur s\u00e9jour \u00e0 Santorin, il est important de noter qu&rsquo;aucune offre de voyages grand public n&rsquo;est disponible pour juillet et ao\u00fbt 2025 via Evaneos, en raison du surtourisme. Les employ\u00e9s de Santorin recevront une compensation de 534 \u20ac pour 30 jours suite aux s\u00e9ismes r\u00e9cents.<\/p>\n<\/div>\n<div style=\"background: white;padding: 15px;margin: 10px 0;border-left: 4px solid #007bff\">\n<h3 style=\"color: #007bff;margin-bottom: 10px\">\ud83d\udee0\ufe0f Outils et Calculateurs<\/h3>\n<p>Pour plus d&rsquo;informations sur le surtourisme et les d\u00e9cisions de voyage, consultez l&rsquo;index publi\u00e9 par Evaneos\/Roland Berger, disponible sur <a href=\"https:\/\/www.lechotouristique.com\/article\/surtourisme-evaneos-stoppe-la-vente-de-voyages-a-santorin-et-mykonos-pendant-lete\" target=\"_blank\" rel=\"nofollow\">Le Chotouristique<\/a>.<\/p>\n<\/div>\n<div style=\"background: white;padding: 15px;margin: 10px 0;border-left: 4px solid #6f42c1\">\n<h3 style=\"color: #6f42c1;margin-bottom: 10px\">\ud83d\udc65 Communaut\u00e9 et Experts<\/h3>\n<p>Pour ceux int\u00e9ress\u00e9s par des stages professionnels en h\u00f4tellerie\/tourisme \u00e0 Santorin, des opportunit\u00e9s sont disponibles via <a href=\"https:\/\/www.teli.asso.fr\" target=\"_blank\" rel=\"nofollow\">Teli<\/a>, une plateforme fran\u00e7aise de stages pour l\u2019\u00e9tranger.<\/p>\n<\/div>\n<div style=\"background: #fff3cd;padding: 15px;margin: 15px 0;border: 2px solid #ffc107;border-radius: 5px\">\n<strong style=\"color: #856404\">\ud83d\udca1 R\u00e9sum\u00e9 en 2 lignes :<\/strong><br \/>\n<span>Les voyageurs doivent planifier leur s\u00e9jour \u00e0 Santorin avec pr\u00e9caution en raison du surtourisme, et explorer des ressources comme Evaneos pour des informations \u00e0 jour.<\/span>\n<\/div>\n<\/div>\n","protected":false},"excerpt":{"rendered":"","protected":false},"author":34,"featured_media":7640,"comment_status":"open","ping_status":"open","sticky":false,"template":"","format":"standard","meta":{"_acf_changed":false,"manual_indexmenow":false,"indexmenow_id_project":0,"footnotes":""},"categories":[4521],"tags":[4718,4719,4717],"class_list":["post-7638","post","type-post","status-publish","format-standard","has-post-thumbnail","hentry","category-voyages-et-destinations","tag-cyclades","tag-lieuxinsolites","tag-santorin","generate-columns","tablet-grid-50","mobile-grid-100","grid-parent","grid-25"],"acf":[],"yoast_head":"<!-- This site is optimized with the Yoast SEO Premium plugin v21.3 (Yoast SEO v25.6) - https:\/\/yoast.com\/wordpress\/plugins\/seo\/ -->\n<title>Santorin en 4 jours : d\u00e9couvrez l&#039;\u00eele des Cyclades et ses<\/title>\n<meta name=\"description\" content=\"Au c\u0153ur de la mer \u00c9g\u00e9e, Santorin s&#039;affirme comme une destination incontournable pour qui cherche \u00e0 conjuguer beaut\u00e9 naturelle, histoire mill\u00e9naire et art\" \/>\n<meta name=\"robots\" content=\"index, follow, max-snippet:-1, max-image-preview:large, max-video-preview:-1\" \/>\n<link rel=\"canonical\" href=\"https:\/\/greenwichmeridien.fr\/blog\/voyages-et-destinations\/santorin-en-4-jours-decouvrez-lile-des-cyclades-et-ses-tresors-caches\/\" \/>\n<meta property=\"og:locale\" content=\"fr_FR\" \/>\n<meta property=\"og:type\" content=\"article\" \/>\n<meta property=\"og:title\" content=\"Santorin en 4 jours : d\u00e9couvrez l&#039;\u00eele des Cyclades et ses\" \/>\n<meta property=\"og:description\" content=\"Au c\u0153ur de la mer \u00c9g\u00e9e, Santorin s&#039;affirme comme une destination incontournable pour qui cherche \u00e0 conjuguer beaut\u00e9 naturelle, histoire mill\u00e9naire et art\" \/>\n<meta property=\"og:url\" content=\"https:\/\/greenwichmeridien.fr\/blog\/voyages-et-destinations\/santorin-en-4-jours-decouvrez-lile-des-cyclades-et-ses-tresors-caches\/\" \/>\n<meta property=\"og:site_name\" content=\"greenwichmeridien\" \/>\n<meta property=\"og:image\" content=\"https:\/\/greenwichmeridien.fr\/blog\/wp-content\/uploads\/2025\/08\/pag-image-689247cd07435-scaled.png\" \/>\n\t<meta property=\"og:image:width\" content=\"1200\" \/>\n\t<meta property=\"og:image:height\" content=\"686\" \/>\n\t<meta property=\"og:image:type\" content=\"image\/png\" \/>\n<meta name=\"author\" content=\"Samuel Chalmin\" \/>\n<meta name=\"twitter:card\" content=\"summary_large_image\" \/>\n<script type=\"application\/ld+json\" class=\"yoast-schema-graph\">{\"@context\":\"https:\/\/schema.org\",\"@graph\":[{\"@type\":\"NewsArticle\",\"@id\":\"https:\/\/greenwichmeridien.fr\/blog\/voyages-et-destinations\/santorin-en-4-jours-decouvrez-lile-des-cyclades-et-ses-tresors-caches\/#article\",\"isPartOf\":{\"@id\":\"https:\/\/greenwichmeridien.fr\/blog\/voyages-et-destinations\/santorin-en-4-jours-decouvrez-lile-des-cyclades-et-ses-tresors-caches\/\"},\"author\":{\"name\":\"Samuel Chalmin\",\"@id\":\"https:\/\/greenwichmeridien.fr\/blog\/#\/schema\/person\/3c864cdc320801e3db34b663e7e3f816\"},\"headline\":\"Santorin en 4 jours : d\u00e9couvrez l&rsquo;\u00eele des Cyclades et ses tr\u00e9sors cach\u00e9s\",\"datePublished\":\"2025-08-07T07:42:00+00:00\",\"dateModified\":\"2026-08-24T23:47:37+00:00\",\"mainEntityOfPage\":{\"@id\":\"https:\/\/greenwichmeridien.fr\/blog\/voyages-et-destinations\/santorin-en-4-jours-decouvrez-lile-des-cyclades-et-ses-tresors-caches\/\"},\"wordCount\":1892,\"commentCount\":0,\"publisher\":{\"@id\":\"https:\/\/greenwichmeridien.fr\/blog\/#organization\"},\"image\":{\"@id\":\"https:\/\/greenwichmeridien.fr\/blog\/voyages-et-destinations\/santorin-en-4-jours-decouvrez-lile-des-cyclades-et-ses-tresors-caches\/#primaryimage\"},\"thumbnailUrl\":\"https:\/\/greenwichmeridien.fr\/blog\/wp-content\/uploads\/2025\/08\/pag-image-689247cd07435-scaled.png\",\"keywords\":[\"cyclades\",\"lieuxinsolites\",\"santorin\"],\"articleSection\":[\"Voyages et Destinations\"],\"inLanguage\":\"fr-FR\",\"potentialAction\":[{\"@type\":\"CommentAction\",\"name\":\"Comment\",\"target\":[\"https:\/\/greenwichmeridien.fr\/blog\/voyages-et-destinations\/santorin-en-4-jours-decouvrez-lile-des-cyclades-et-ses-tresors-caches\/#respond\"]}]},{\"@type\":\"WebPage\",\"@id\":\"https:\/\/greenwichmeridien.fr\/blog\/voyages-et-destinations\/santorin-en-4-jours-decouvrez-lile-des-cyclades-et-ses-tresors-caches\/\",\"url\":\"https:\/\/greenwichmeridien.fr\/blog\/voyages-et-destinations\/santorin-en-4-jours-decouvrez-lile-des-cyclades-et-ses-tresors-caches\/\",\"name\":\"Santorin en 4 jours : d\u00e9couvrez l'\u00eele des Cyclades et ses\",\"isPartOf\":{\"@id\":\"https:\/\/greenwichmeridien.fr\/blog\/#website\"},\"primaryImageOfPage\":{\"@id\":\"https:\/\/greenwichmeridien.fr\/blog\/voyages-et-destinations\/santorin-en-4-jours-decouvrez-lile-des-cyclades-et-ses-tresors-caches\/#primaryimage\"},\"image\":{\"@id\":\"https:\/\/greenwichmeridien.fr\/blog\/voyages-et-destinations\/santorin-en-4-jours-decouvrez-lile-des-cyclades-et-ses-tresors-caches\/#primaryimage\"},\"thumbnailUrl\":\"https:\/\/greenwichmeridien.fr\/blog\/wp-content\/uploads\/2025\/08\/pag-image-689247cd07435-scaled.png\",\"datePublished\":\"2025-08-07T07:42:00+00:00\",\"dateModified\":\"2026-08-24T23:47:37+00:00\",\"description\":\"Au c\u0153ur de la mer \u00c9g\u00e9e, Santorin s'affirme comme une destination incontournable pour qui cherche \u00e0 conjuguer beaut\u00e9 naturelle, histoire mill\u00e9naire et art\",\"inLanguage\":\"fr-FR\",\"potentialAction\":[{\"@type\":\"ReadAction\",\"target\":[\"https:\/\/greenwichmeridien.fr\/blog\/voyages-et-destinations\/santorin-en-4-jours-decouvrez-lile-des-cyclades-et-ses-tresors-caches\/\"]}]},{\"@type\":\"ImageObject\",\"inLanguage\":\"fr-FR\",\"@id\":\"https:\/\/greenwichmeridien.fr\/blog\/voyages-et-destinations\/santorin-en-4-jours-decouvrez-lile-des-cyclades-et-ses-tresors-caches\/#primaryimage\",\"url\":\"https:\/\/greenwichmeridien.fr\/blog\/wp-content\/uploads\/2025\/08\/pag-image-689247cd07435-scaled.png\",\"contentUrl\":\"https:\/\/greenwichmeridien.fr\/blog\/wp-content\/uploads\/2025\/08\/pag-image-689247cd07435-scaled.png\",\"width\":1200,\"height\":686,\"caption\":\"Image g\u00e9n\u00e9r\u00e9e par IA optimis\u00e9e pour Google Discover\"},{\"@type\":\"WebSite\",\"@id\":\"https:\/\/greenwichmeridien.fr\/blog\/#website\",\"url\":\"https:\/\/greenwichmeridien.fr\/blog\/\",\"name\":\"Greenwich M\u00e9ridien\",\"description\":\"Greenwich M\u00e9ridien, le rep\u00e8re du temps et du voyage\",\"publisher\":{\"@id\":\"https:\/\/greenwichmeridien.fr\/blog\/#organization\"},\"alternateName\":\"Greenwich M\u00e9ridien, le rep\u00e8re du temps et du voyage\",\"potentialAction\":[{\"@type\":\"SearchAction\",\"target\":{\"@type\":\"EntryPoint\",\"urlTemplate\":\"https:\/\/greenwichmeridien.fr\/blog\/?s={search_term_string}\"},\"query-input\":{\"@type\":\"PropertyValueSpecification\",\"valueRequired\":true,\"valueName\":\"search_term_string\"}}],\"inLanguage\":\"fr-FR\"},{\"@type\":\"Organization\",\"@id\":\"https:\/\/greenwichmeridien.fr\/blog\/#organization\",\"name\":\"Greenwich M\u00e9ridien\",\"alternateName\":\"Greenwich M\u00e9ridien\",\"url\":\"https:\/\/greenwichmeridien.fr\/blog\/\",\"logo\":{\"@type\":\"ImageObject\",\"inLanguage\":\"fr-FR\",\"@id\":\"https:\/\/greenwichmeridien.fr\/blog\/#\/schema\/logo\/image\/\",\"url\":\"https:\/\/greenwichmeridien.fr\/blog\/wp-content\/uploads\/2024\/12\/greenwichmeridien.png\",\"contentUrl\":\"https:\/\/greenwichmeridien.fr\/blog\/wp-content\/uploads\/2024\/12\/greenwichmeridien.png\",\"width\":500,\"height\":500,\"caption\":\"Greenwich M\u00e9ridien\"},\"image\":{\"@id\":\"https:\/\/greenwichmeridien.fr\/blog\/#\/schema\/logo\/image\/\"}},{\"@type\":\"Person\",\"@id\":\"https:\/\/greenwichmeridien.fr\/blog\/#\/schema\/person\/3c864cdc320801e3db34b663e7e3f816\",\"name\":\"Samuel Chalmin\",\"image\":{\"@type\":\"ImageObject\",\"inLanguage\":\"fr-FR\",\"@id\":\"https:\/\/greenwichmeridien.fr\/blog\/#\/schema\/person\/image\/\",\"url\":\"https:\/\/secure.gravatar.com\/avatar\/cef3677de7d237273d13053728f9470818581a8a27d9bf6f5039fd18508a905f?s=96&d=mm&r=g\",\"contentUrl\":\"https:\/\/secure.gravatar.com\/avatar\/cef3677de7d237273d13053728f9470818581a8a27d9bf6f5039fd18508a905f?s=96&d=mm&r=g\",\"caption\":\"Samuel Chalmin\"},\"description\":\"R\u00e9dacteur du site, il suit les questions de temps et de calendrier : m\u00e9ridien de Greenwich, heure GMT et UTC, fuseaux horaires, changement d'heure, ann\u00e9es bissextiles et jours f\u00e9ri\u00e9s.\",\"sameAs\":[\"https:\/\/samuelchalmin.fr\/\"],\"url\":\"https:\/\/greenwichmeridien.fr\/blog\/auteur\/noname\/\"}]}<\/script>\n<!-- \/ Yoast SEO Premium plugin. -->","yoast_head_json":{"title":"Santorin en 4 jours : d\u00e9couvrez l'\u00eele des Cyclades et ses","description":"Au c\u0153ur de la mer \u00c9g\u00e9e, Santorin s'affirme comme une destination incontournable pour qui cherche \u00e0 conjuguer beaut\u00e9 naturelle, histoire mill\u00e9naire et art","robots":{"index":"index","follow":"follow","max-snippet":"max-snippet:-1","max-image-preview":"max-image-preview:large","max-video-preview":"max-video-preview:-1"},"canonical":"https:\/\/greenwichmeridien.fr\/blog\/voyages-et-destinations\/santorin-en-4-jours-decouvrez-lile-des-cyclades-et-ses-tresors-caches\/","og_locale":"fr_FR","og_type":"article","og_title":"Santorin en 4 jours : d\u00e9couvrez l'\u00eele des Cyclades et ses","og_description":"Au c\u0153ur de la mer \u00c9g\u00e9e, Santorin s'affirme comme une destination incontournable pour qui cherche \u00e0 conjuguer beaut\u00e9 naturelle, histoire mill\u00e9naire et art","og_url":"https:\/\/greenwichmeridien.fr\/blog\/voyages-et-destinations\/santorin-en-4-jours-decouvrez-lile-des-cyclades-et-ses-tresors-caches\/","og_site_name":"greenwichmeridien","og_image":[{"width":1200,"height":686,"url":"https:\/\/greenwichmeridien.fr\/blog\/wp-content\/uploads\/2025\/08\/pag-image-689247cd07435-scaled.png","type":"image\/png"}],"author":"Samuel Chalmin","twitter_card":"summary_large_image","schema":{"@context":"https:\/\/schema.org","@graph":[{"@type":"NewsArticle","@id":"https:\/\/greenwichmeridien.fr\/blog\/voyages-et-destinations\/santorin-en-4-jours-decouvrez-lile-des-cyclades-et-ses-tresors-caches\/#article","isPartOf":{"@id":"https:\/\/greenwichmeridien.fr\/blog\/voyages-et-destinations\/santorin-en-4-jours-decouvrez-lile-des-cyclades-et-ses-tresors-caches\/"},"author":{"name":"Samuel Chalmin","@id":"https:\/\/greenwichmeridien.fr\/blog\/#\/schema\/person\/3c864cdc320801e3db34b663e7e3f816"},"headline":"Santorin en 4 jours : d\u00e9couvrez l&rsquo;\u00eele des Cyclades et ses tr\u00e9sors cach\u00e9s","datePublished":"2025-08-07T07:42:00+00:00","dateModified":"2026-08-24T23:47:37+00:00","mainEntityOfPage":{"@id":"https:\/\/greenwichmeridien.fr\/blog\/voyages-et-destinations\/santorin-en-4-jours-decouvrez-lile-des-cyclades-et-ses-tresors-caches\/"},"wordCount":1892,"commentCount":0,"publisher":{"@id":"https:\/\/greenwichmeridien.fr\/blog\/#organization"},"image":{"@id":"https:\/\/greenwichmeridien.fr\/blog\/voyages-et-destinations\/santorin-en-4-jours-decouvrez-lile-des-cyclades-et-ses-tresors-caches\/#primaryimage"},"thumbnailUrl":"https:\/\/greenwichmeridien.fr\/blog\/wp-content\/uploads\/2025\/08\/pag-image-689247cd07435-scaled.png","keywords":["cyclades","lieuxinsolites","santorin"],"articleSection":["Voyages et Destinations"],"inLanguage":"fr-FR","potentialAction":[{"@type":"CommentAction","name":"Comment","target":["https:\/\/greenwichmeridien.fr\/blog\/voyages-et-destinations\/santorin-en-4-jours-decouvrez-lile-des-cyclades-et-ses-tresors-caches\/#respond"]}]},{"@type":"WebPage","@id":"https:\/\/greenwichmeridien.fr\/blog\/voyages-et-destinations\/santorin-en-4-jours-decouvrez-lile-des-cyclades-et-ses-tresors-caches\/","url":"https:\/\/greenwichmeridien.fr\/blog\/voyages-et-destinations\/santorin-en-4-jours-decouvrez-lile-des-cyclades-et-ses-tresors-caches\/","name":"Santorin en 4 jours : d\u00e9couvrez l'\u00eele des Cyclades et ses","isPartOf":{"@id":"https:\/\/greenwichmeridien.fr\/blog\/#website"},"primaryImageOfPage":{"@id":"https:\/\/greenwichmeridien.fr\/blog\/voyages-et-destinations\/santorin-en-4-jours-decouvrez-lile-des-cyclades-et-ses-tresors-caches\/#primaryimage"},"image":{"@id":"https:\/\/greenwichmeridien.fr\/blog\/voyages-et-destinations\/santorin-en-4-jours-decouvrez-lile-des-cyclades-et-ses-tresors-caches\/#primaryimage"},"thumbnailUrl":"https:\/\/greenwichmeridien.fr\/blog\/wp-content\/uploads\/2025\/08\/pag-image-689247cd07435-scaled.png","datePublished":"2025-08-07T07:42:00+00:00","dateModified":"2026-08-24T23:47:37+00:00","description":"Au c\u0153ur de la mer \u00c9g\u00e9e, Santorin s'affirme comme une destination incontournable pour qui cherche \u00e0 conjuguer beaut\u00e9 naturelle, histoire mill\u00e9naire et art","inLanguage":"fr-FR","potentialAction":[{"@type":"ReadAction","target":["https:\/\/greenwichmeridien.fr\/blog\/voyages-et-destinations\/santorin-en-4-jours-decouvrez-lile-des-cyclades-et-ses-tresors-caches\/"]}]},{"@type":"ImageObject","inLanguage":"fr-FR","@id":"https:\/\/greenwichmeridien.fr\/blog\/voyages-et-destinations\/santorin-en-4-jours-decouvrez-lile-des-cyclades-et-ses-tresors-caches\/#primaryimage","url":"https:\/\/greenwichmeridien.fr\/blog\/wp-content\/uploads\/2025\/08\/pag-image-689247cd07435-scaled.png","contentUrl":"https:\/\/greenwichmeridien.fr\/blog\/wp-content\/uploads\/2025\/08\/pag-image-689247cd07435-scaled.png","width":1200,"height":686,"caption":"Image g\u00e9n\u00e9r\u00e9e par IA optimis\u00e9e pour Google Discover"},{"@type":"WebSite","@id":"https:\/\/greenwichmeridien.fr\/blog\/#website","url":"https:\/\/greenwichmeridien.fr\/blog\/","name":"Greenwich M\u00e9ridien","description":"Greenwich M\u00e9ridien, le rep\u00e8re du temps et du voyage","publisher":{"@id":"https:\/\/greenwichmeridien.fr\/blog\/#organization"},"alternateName":"Greenwich M\u00e9ridien, le rep\u00e8re du temps et du voyage","potentialAction":[{"@type":"SearchAction","target":{"@type":"EntryPoint","urlTemplate":"https:\/\/greenwichmeridien.fr\/blog\/?s={search_term_string}"},"query-input":{"@type":"PropertyValueSpecification","valueRequired":true,"valueName":"search_term_string"}}],"inLanguage":"fr-FR"},{"@type":"Organization","@id":"https:\/\/greenwichmeridien.fr\/blog\/#organization","name":"Greenwich M\u00e9ridien","alternateName":"Greenwich M\u00e9ridien","url":"https:\/\/greenwichmeridien.fr\/blog\/","logo":{"@type":"ImageObject","inLanguage":"fr-FR","@id":"https:\/\/greenwichmeridien.fr\/blog\/#\/schema\/logo\/image\/","url":"https:\/\/greenwichmeridien.fr\/blog\/wp-content\/uploads\/2024\/12\/greenwichmeridien.png","contentUrl":"https:\/\/greenwichmeridien.fr\/blog\/wp-content\/uploads\/2024\/12\/greenwichmeridien.png","width":500,"height":500,"caption":"Greenwich M\u00e9ridien"},"image":{"@id":"https:\/\/greenwichmeridien.fr\/blog\/#\/schema\/logo\/image\/"}},{"@type":"Person","@id":"https:\/\/greenwichmeridien.fr\/blog\/#\/schema\/person\/3c864cdc320801e3db34b663e7e3f816","name":"Samuel Chalmin","image":{"@type":"ImageObject","inLanguage":"fr-FR","@id":"https:\/\/greenwichmeridien.fr\/blog\/#\/schema\/person\/image\/","url":"https:\/\/secure.gravatar.com\/avatar\/cef3677de7d237273d13053728f9470818581a8a27d9bf6f5039fd18508a905f?s=96&d=mm&r=g","contentUrl":"https:\/\/secure.gravatar.com\/avatar\/cef3677de7d237273d13053728f9470818581a8a27d9bf6f5039fd18508a905f?s=96&d=mm&r=g","caption":"Samuel Chalmin"},"description":"R\u00e9dacteur du site, il suit les questions de temps et de calendrier : m\u00e9ridien de Greenwich, heure GMT et UTC, fuseaux horaires, changement d'heure, ann\u00e9es bissextiles et jours f\u00e9ri\u00e9s.","sameAs":["https:\/\/samuelchalmin.fr\/"],"url":"https:\/\/greenwichmeridien.fr\/blog\/auteur\/noname\/"}]}},"_links":{"self":[{"href":"https:\/\/greenwichmeridien.fr\/blog\/wp-json\/wp\/v2\/posts\/7638","targetHints":{"allow":["GET"]}}],"collection":[{"href":"https:\/\/greenwichmeridien.fr\/blog\/wp-json\/wp\/v2\/posts"}],"about":[{"href":"https:\/\/greenwichmeridien.fr\/blog\/wp-json\/wp\/v2\/types\/post"}],"author":[{"embeddable":true,"href":"https:\/\/greenwichmeridien.fr\/blog\/wp-json\/wp\/v2\/users\/34"}],"replies":[{"embeddable":true,"href":"https:\/\/greenwichmeridien.fr\/blog\/wp-json\/wp\/v2\/comments?post=7638"}],"version-history":[{"count":1,"href":"https:\/\/greenwichmeridien.fr\/blog\/wp-json\/wp\/v2\/posts\/7638\/revisions"}],"predecessor-version":[{"id":7671,"href":"https:\/\/greenwichmeridien.fr\/blog\/wp-json\/wp\/v2\/posts\/7638\/revisions\/7671"}],"wp:featuredmedia":[{"embeddable":true,"href":"https:\/\/greenwichmeridien.fr\/blog\/wp-json\/wp\/v2\/media\/7640"}],"wp:attachment":[{"href":"https:\/\/greenwichmeridien.fr\/blog\/wp-json\/wp\/v2\/media?parent=7638"}],"wp:term":[{"taxonomy":"category","embeddable":true,"href":"https:\/\/greenwichmeridien.fr\/blog\/wp-json\/wp\/v2\/categories?post=7638"},{"taxonomy":"post_tag","embeddable":true,"href":"https:\/\/greenwichmeridien.fr\/blog\/wp-json\/wp\/v2\/tags?post=7638"}],"curies":[{"name":"wp","href":"https:\/\/api.w.org\/{rel}","templated":true}]}}