{"id":7641,"date":"2025-08-11T09:02:00","date_gmt":"2025-08-11T07:02:00","guid":{"rendered":"https:\/\/greenwichmeridien.fr\/blog\/?p=7641"},"modified":"2026-08-25T01:47:37","modified_gmt":"2026-08-24T23:47:37","slug":"pourquoi-voyager-en-albanie-en-2025-decouvrez-le-meilleur-de-la-perle-des-balkans","status":"publish","type":"post","link":"https:\/\/greenwichmeridien.fr\/blog\/voyages-et-destinations\/pourquoi-voyager-en-albanie-en-2025-decouvrez-le-meilleur-de-la-perle-des-balkans\/","title":{"rendered":"Pourquoi voyager en Albanie en 2025 : d\u00e9couvrez le meilleur de la Perle des Balkans"},"content":{"rendered":"<h1>Circuit Albanie 10 Jours : D\u00e9couvrez le Meilleur de la Perle des Balkans<\/h1>\n<h2>Pourquoi Voyager en Albanie en 2025??<\/h2>\n<p>\n      L\u2019Albanie s\u2019affirme en <strong>2025<\/strong> comme la destination montante des <strong>Balkans<\/strong>, profitant d\u2019une s\u00e9curit\u00e9 accrue, d\u2019une infrastructure h\u00f4teli\u00e8re modernis\u00e9e et d\u2019une hospitalit\u00e9 sans \u00e9gale. Le pays, bord\u00e9 par la <u>mer Adriatique<\/u> \u00e0 l\u2019ouest et la <u>mer Ionienne<\/u> au sud, offre un concentr\u00e9 de paysages in\u00e9dits en Europe&nbsp;: plages immacul\u00e9es \u00e0 Ksamil, montagnes du <strong>Parc de Llogara<\/strong>, lacs alpins \u00e0 <strong>Shkod\u00ebr<\/strong>. C\u00f4t\u00e9 patrimoine, le produit phare reste les cit\u00e9s historiques class\u00e9es <strong>UNESCO<\/strong> telles que <strong>Berat<\/strong> et <strong>Gjirokast?r<\/strong>, qui racontent <strong>plus de 2 500 ans d\u2019histoire<\/strong>, depuis l\u2019\u00e9poque romaine jusqu\u2019\u00e0 la p\u00e9riode communiste de <strong>Enver Hoxha<\/strong>.<\/p>\n<ul>\n<li><strong>Compar\u00e9e \u00e0 la Croatie, la Gr\u00e8ce ou le Mont\u00e9n\u00e9gro<\/strong>, l\u2019Albanie s\u00e9duit par <u>des tarifs attractifs<\/u>, une relative tranquillit\u00e9 en \u00e9t\u00e9, et la promesse d\u2019une authenticit\u00e9 encore intacte.<\/li>\n<li>Son climat m\u00e9diterran\u00e9en, tr\u00e8s doux d\u00e8s <strong>mai<\/strong> voire jusqu\u2019en <strong>fin octobre<\/strong>, permet une grande flexibilit\u00e9 pour programmer son circuit.<\/li>\n<\/ul>\n<p>      Parmi les r\u00e9v\u00e9lations r\u00e9centes, la <strong>Riviera albanaise<\/strong>, surnomm\u00e9e la &nbsp;C\u00f4te d\u2019Azur de l\u2019Est&nbsp;?, attire d\u00e9j\u00e0 <u>plus de 6 millions de visiteurs internationaux en 2024<\/u> selon le minist\u00e8re du Tourisme albanais \u2013 un record historique. L\u2019accueil familial, le m\u00e9lange d\u2019influences culturelles grecques, ottomanes, italiennes, et les vestiges du r\u00e9gime communiste marquent chaque \u00e9tape du s\u00e9jour.\n    <\/p>\n<p>\n      Quant \u00e0 l\u2019ambiance, elle oscille entre modernit\u00e9 et tradition, tirant profit d\u2019une jeunesse dynamique notamment \u00e0 <strong>Tirana<\/strong> et d\u2019un r\u00e9seau d\u2019entrepreneurs locaux occupant h\u00f4tels \u00e9coresponsables, bars conceptuels et agrotourismes de montagne. L\u2019occasion id\u00e9ale de revisiter sa vision des Balkans, loin des id\u00e9es re\u00e7ues et \u00e0 contre-courant des circuits standardis\u00e9s.\n    <\/p>\n<h2>Itin\u00e9raire Optimis\u00e9 pour un Circuit de 10 Jours en Albanie<\/h2>\n<p>\n      Pour tirer parti de la diversit\u00e9 du pays, ce <strong>road trip<\/strong> s\u2019appuie sur des tron\u00e7ons courts, limitant la fatigue et maximisant le temps effectif sur les sites majeurs. Nous conseillons de louer une voiture d\u00e8s <strong>Jour 2<\/strong> pour relier confortablement montagnes, plages et cit\u00e9s historiques. Quelques distances et temps de trajet sont pr\u00e9cis\u00e9s pour chaque segment, bas\u00e9s sur <strong>l\u2019exp\u00e9rience r\u00e9elle de voyageurs en 2024<\/strong> :\n    <\/p>\n<ul>\n<li><strong>Jour 1&nbsp;: Tirana<\/strong> \u2013 Fl\u00e2nerie dans le centre anim\u00e9, visite du <u>Mus\u00e9e national d\u2019Histoire<\/u>, immersion au <strong>Bunk\u2019Art<\/strong> (ancien abri antiatomique reconverti), d\u00e9couverte du <strong>quartier Blloku<\/strong> (ex-r\u00e9serv\u00e9 \u00e0 l\u2019\u00e9lite communiste, devenu \u00e9picentre branch\u00e9).<\/li>\n<li><strong>Jour 2&nbsp;: Kruj?<\/strong> (35 km, 50 min) \u2013 Bastion du h\u00e9ros <strong>Gjergj Kastrioti Skanderbeg<\/strong>, visite de la <u>citadelle<\/u>, du <strong>Mus\u00e9e Skanderbeg<\/strong> et du bazar ottoman, passage guid\u00e9 dans les \u00e9choppes d\u2019artisans.<\/li>\n<li><strong>Jour 3&nbsp;: Shkod\u00ebr et lac de Koman<\/strong> (95 km, 2h) \u2013 Balade au bord du <strong>lac de Shkod\u00ebr<\/strong>, exploration du <strong>Mus\u00e9e Marubi<\/strong> (photographie albanaise), travers\u00e9e du lac de <strong>Koman<\/strong> (croisi\u00e8re 3h) pour admirer les gorges spectaculaires jusqu\u2019\u00e0 <strong>Fierz?<\/strong>.<\/li>\n<li><strong>Jour 4&nbsp;: Berat<\/strong> (160 km, 3h30) \u2013 Poursuite vers la &nbsp;ville aux mille fen\u00eatres&nbsp;?, visite du <strong>ch\u00e2teau<\/strong>, quartiers historiques <u>Mangalem<\/u> et <u>Gorica<\/u>, <strong>Mus\u00e9e Onufri<\/strong> et d\u00eener sur une terrasse dominant la rivi\u00e8re <strong>Osum<\/strong>.<\/li>\n<li><strong>Jour 5&nbsp;: Gjirokast?r<\/strong> (125 km, 2h30) \u2013 Exploration de la ville natale de l\u2019\u00e9crivain <strong>Ismail Kadar\u00e9<\/strong>, balade sur les <u>ruelles pav\u00e9es<\/u>, visite du <strong>Mus\u00e9e Ethnographique<\/strong> (ancien logement d\u2019<strong>Enver Hoxha<\/strong>) et de la <strong>citadelle<\/strong> dominant la vall\u00e9e.<\/li>\n<li><strong>Jour 6&nbsp;: Parc national de Llogara<\/strong> (105 km, 2h) \u2013 Randonn\u00e9e sur les sentiers balis\u00e9s du <strong>Llogara National Park<\/strong>, halte pique-nique dans la for\u00eat, observation d\u2019aigles royaux ou de lynx.<\/li>\n<li><strong>Jours 7-8&nbsp;: Riviera albanaise<\/strong> \u2013 S\u00e9jour sur les plages renomm\u00e9es de <strong>Dh?rmi<\/strong>, <strong>Himar?<\/strong>, crique de <strong>Porto Palermo<\/strong> (forteresse d\u2019Ali Pasha), halte \u00e0 <strong>Jale<\/strong> pour la plong\u00e9e et le snorkeling.<\/li>\n<li><strong>Jour 9&nbsp;: Saranda \u2013 Butrint \u2013 Ksamil<\/strong> (30 km, 40 min) \u2013 D\u00e9couverte de <strong>Butrint<\/strong> (<u>site arch\u00e9ologique UNESCO<\/u>), balade sur le port de <strong>Saranda<\/strong> (nouveaux restaurants \u00e9toil\u00e9s, bars \u00e0 cocktails), baignade sur le <strong>lagon de Ksamil<\/strong> avec vue sur les \u00eeles grecques du <strong>Dod\u00e9can\u00e8se<\/strong>.<\/li>\n<li><strong>Jour 10&nbsp;: Retour \u00e0 Tirana via Apollonia<\/strong> (240 km, 4h total) \u2013 Dernier arr\u00eat sur le <strong>site antique d\u2019Apollonia<\/strong>, consacr\u00e9 \u00e0 <strong>Apollon<\/strong> (temple, mosa\u00efques), retour soir\u00e9e \u00e0 Tirana pour profiter d\u2019un dernier brunch fusion albano-italien.<\/li>\n<\/ul>\n<p>\n      Chaque \u00e9tape peut \u00eatre adapt\u00e9e selon vos int\u00e9r\u00eats&nbsp;: extension en montagne, escale dans un village agrotouristique, ou nuit suppl\u00e9mentaire sur la c\u00f4te. Les routes principales sont refaites depuis 2021, attention toutefois \u00e0 la signalisation parfois absente hors axes Tirana-Saranda.\n    <\/p>\n<h2>Activit\u00e9s Immanquables sur le Circuit Albanie 10 Jours<\/h2>\n<p>\n      Ce parcours donne acc\u00e8s \u00e0 une diversit\u00e9 rare d\u2019activit\u00e9s, chacune ancr\u00e9e dans l\u2019exp\u00e9rience locale. Voici un aper\u00e7u des incontournables de <strong>l\u2019Albanie en 2025<\/strong>&nbsp;:\n    <\/p>\n<ul>\n<li><strong>D\u00e9couvertes culturelles<\/strong>&nbsp;: Le <strong>Mus\u00e9e national d\u2019Histoire de Tirana<\/strong> (expositions sur le pass\u00e9 illyrien, l\u2019occupation ottomane, la dictature d\u2019<strong>Enver Hoxha<\/strong>), la <u>citadelle de Gjirokast?r<\/u> (festival folklorique chaque \u00e9t\u00e9), les fresques byzantines de <strong>Berat<\/strong>, les bazars anim\u00e9s de <strong>Kruj?<\/strong> et <strong>Shkod\u00ebr<\/strong>.<\/li>\n<li><strong>Randonn\u00e9es et nature<\/strong>&nbsp;: Sentiers balis\u00e9s du <strong>parc de Theth<\/strong> (acc\u00e8s via Shkod\u00ebr), canyons de la rivi\u00e8re <strong>Osum<\/strong> (c\u00e9l\u00e8bre rafting, saison de mai \u00e0 juillet), for\u00eats anciennes de <strong>Llogara<\/strong> riches en biodiversit\u00e9.<\/li>\n<li><strong>Plages et criques<\/strong>&nbsp;: D\u00e9tente \u00e0 <u>Dh?rmi<\/u>, <u>Jale<\/u>, <u>Ksamil<\/u>, navigation priv\u00e9e pour les grottes marines de <strong>Grama<\/strong>, sports nautiques (kayak, plong\u00e9e bouteille, jet ski sur la baie de <strong>Porto Palermo<\/strong>).<\/li>\n<li><strong>Patrimoine insolite<\/strong>&nbsp;: Exploration des <strong>700 000 bunkers<\/strong> parsemant le pays, visite guid\u00e9e de sites communistes cryptiques \u00e0 <strong>Tirana<\/strong> et <strong>Kor\u00e7?<\/strong>, pause \u00e0 la source karstique de l\u2019<strong>\u0152il Bleu<\/strong> (&nbsp;Syri i Kalt?r&nbsp;?), l\u2019un des ph\u00e9nom\u00e8nes naturels majeurs du sud.<\/li>\n<li><strong>Sorties et vie nocturne<\/strong>&nbsp;: Sc\u00e8nes alternatives du <u>quartier Blloku<\/u> \u00e0 <strong>Tirana<\/strong> (open air clubs, bars traditionnels modernis\u00e9s comme <strong>Radio Bar<\/strong>), after-parties estivales \u00e0 <strong>Jale Beach Festival<\/strong> (juillet-ao\u00fbt), lounges baln\u00e9aires &nbsp;les pieds dans l\u2019eau&nbsp;? \u00e0 <strong>Saranda<\/strong>.<\/li>\n<\/ul>\n<p>\n      Les activit\u00e9s varient en fonction des saisons et des horaires d\u2019ouverture&nbsp;: la <strong>plupart des mus\u00e9es ferment vers 17h ou 18h<\/strong>, les sentiers de randonn\u00e9e sont praticables d\u2019avril \u00e0 octobre, certains sites arch\u00e9ologiques comme <u>Butrint<\/u> ouvrent d\u00e8s 8h00. Les co\u00fbts restent mod\u00e9r\u00e9s \u2013 <u>entr\u00e9e au mus\u00e9e : 3 \u00e0 6 \u20ac<\/u>, <u>croisi\u00e8re Koman : 20 \u00e0 35 \u20ac<\/u>, location paddle ou kayak sur plage : <u>15 \u00e0 30 \u20ac\/heure<\/u>. Les adresses test\u00e9es proposent, pour chaque \u00e9tape, des circuits privatifs sur mesure (<strong>Enjoy Travel Albania<\/strong>, <strong>Albania Off-Road<\/strong>).\n    <\/p>\n<h2>Gastronomie et Sp\u00e9cialit\u00e9s Culinaires \u00e0 D\u00e9couvrir<\/h2>\n<p>\n      La <strong>cuisine albanaise<\/strong> incarne la fusion des patrimoines m\u00e9diterran\u00e9en, ottoman et balkanique?; chaque r\u00e9gion arbore ses propres recettes. Durant notre voyage r\u00e9cent, l\u2019authenticit\u00e9 de la table albanaise nous a convaincus par sa fra\u00eecheur et sa simplicit\u00e9. Parmi les plats embl\u00e9matiques \u00e0 go\u00fbter, citons :\n    <\/p>\n<ul>\n<li><strong>Byrek<\/strong>&nbsp;: feuillet\u00e9 maison garni d\u2019\u00e9pinards, de poireaux ou de fromage local (&nbsp;djath?&nbsp;?), vendu dans les boulangeries traditionnelles.<\/li>\n<li><strong>Tav? Kosi<\/strong>&nbsp;: agneau mijot\u00e9 au yaourt, symbole culinaire de la r\u00e9gion d\u2019<strong>Elbasan<\/strong>, fr\u00e9quemment revisit\u00e9 par des chefs comme <strong>Sokol Prenga<\/strong> \u00e0 <strong>Floga Tirana<\/strong>.<\/li>\n<li><strong>F?rges?<\/strong>&nbsp;: rago\u00fbt r\u00e9gional de poivrons doux, tomates, oignons et fromage frais, servi chaud en cassolette.<\/li>\n<li><strong>Poissons et fruits de mer<\/strong>&nbsp;: grillades de daurade royale, crevettes de la lagune de <strong>Butrint<\/strong>, calamars farcis \u00e0 Himar? ou Ksamil (<u>adresse recommand\u00e9e : &nbsp;Guvat Seafood Ksamil&nbsp;?<\/u>).<\/li>\n<li><strong>Baklava<\/strong>&nbsp;: dessert omnipr\u00e9sent, p\u00e2te feuillet\u00e9e imbib\u00e9e de miel, g\u00e9n\u00e9ralement d\u00e9gust\u00e9e avec du <strong>Raki<\/strong> artisanal.<\/li>\n<\/ul>\n<p>\n      Les march\u00e9s couverts de <strong>Berat<\/strong> (bazari i hersh?m), les restaurants familiaux du front de mer de <strong>Saranda<\/strong> (<strong>Limani Saranda<\/strong>, <strong>Bar Restaurant Haxhi<\/strong>), ou les adresses slow food d\u2019agrotourisme \u00e0 <strong>Theth<\/strong> proposent des menus pour toutes les bourses (<u>comptez de 6?\u20ac au march\u00e9 \u00e0 20?\u20ac pour un d\u00eener gastronomique<\/u>). Les agrotourismes, tr\u00e8s d\u00e9velopp\u00e9s depuis 2022 autour de <strong>Permet<\/strong> et <strong>Gjirokast?r<\/strong>, recommandent des d\u00e9gustations de produits maison&nbsp;: confitures, fromage de brebis, huile d\u2019olive bio.\n    <\/p>\n<h2>Conseils d\u2019Experts pour Organiser un S\u00e9jour R\u00e9ussi<\/h2>\n<p>\n      Un <strong>circuit en Albanie<\/strong> n\u00e9cessite quelques ajustements logistiques pour voyager sereinement. Voici les recommandations issues des retours de <strong>2024 et 2025<\/strong>&nbsp;:<\/p>\n<ul>\n<li><strong>Saisons id\u00e9ales<\/strong> : <u>Mai, juin et septembre<\/u> offrent m\u00e9t\u00e9o cl\u00e9mente, fr\u00e9quentation r\u00e9duite, mer agr\u00e9able (22 \u00e0 25?C), prix plus doux qu\u2019en juillet-ao\u00fbt. Les festivals sont nombreux sur la c\u00f4te en \u00e9t\u00e9 (<strong>South Outdoor Festival Himar?<\/strong>).<\/li>\n<li><strong>Transports<\/strong>&nbsp;: <u>Location de voiture<\/u> (\u00e0 partir de 30?\u20ac\/jour) vivement conseill\u00e9e pour relier des r\u00e9gions peu desservies, stations-service toutes les 30?km sur les axes principaux, permis de conduire de l\u2019Union europ\u00e9enne accept\u00e9. Les bus (compagnies <strong>Adis Travel<\/strong> et <strong>AlbaBus<\/strong>) relient les principales villes pour les budgets modestes, mais attention aux horaires irr\u00e9guliers et aux arr\u00eats &nbsp;\u00e0 la demande&nbsp;?.<\/li>\n<li><strong>S\u00e9curit\u00e9<\/strong>&nbsp;: L\u2019Albanie affiche un indice de s\u00fbret\u00e9 \u00e9lev\u00e9 (niveau 1 en 2024 selon <strong>French Diplomacy<\/strong>), taux de vol tr\u00e8s faible, mais vigilance sur les routes de montagne (virages serr\u00e9s, portions sans glissi\u00e8res).<\/li>\n<li><strong>Culture et usages<\/strong> : <u>D\u00e9calage horaire<\/u> de +1h toute l\u2019ann\u00e9e, coutumes vestimentaires \u00e0 respecter dans les mosqu\u00e9es et \u00e9glises, usage du pourboire (<u>10?%<\/u> appr\u00e9ci\u00e9 au restaurant). Sens de l\u2019hospitalit\u00e9 exceptionnel, accueil personnalis\u00e9, \u00e9changes r\u00e9guliers offerts (raki maison, fruits au march\u00e9).<\/li>\n<li><strong>Budget et formalit\u00e9s<\/strong>&nbsp;: En <strong>2025<\/strong>, la d\u00e9pense moyenne s\u2019\u00e9l\u00e8ve \u00e0 <u>45?\u20ac\/jour\/personne<\/u> (h\u00e9bergement milieu de gamme, repas locaux, location voiture et visites incluses). Carte d\u2019identit\u00e9 ou passeport valide obligatoire, aucune formalit\u00e9 suppl\u00e9mentaire pour les ressortissants UE, assurance voyage recommand\u00e9e en montagne ou zones recul\u00e9es.<\/li>\n<\/ul>\n<h2>O\u00f9 Dormir en Albanie&nbsp;: H\u00e9bergements Test\u00e9s<\/h2>\n<p>\n      L\u2019Albanie propose une gamme tr\u00e8s vari\u00e9e d\u2019h\u00e9bergements, constamment enrichie de nouvelles adresses de qualit\u00e9 depuis <strong>2022<\/strong>. Voici nos recommandations selon le type de s\u00e9jour et d\u2019\u00e9tape du circuit :<\/p>\n<ul>\n<li><strong>Tirana<\/strong>&nbsp;: h\u00f4tels urbains modernes (ex. <strong>Elisa Tirana by Melia<\/strong>, 4 \u00e9toiles, centre), auberges de jeunesse (<strong>Tirana Backpacker Hostel<\/strong>), nombreux appartements via <strong>Booking.com<\/strong> ou <strong>Airbnb<\/strong>.<\/li>\n<li><strong>Berat<\/strong>&nbsp;: charme authentique au <strong>Plaza Berat<\/strong> (site historique r\u00e9nov\u00e9), maisons d\u2019h\u00f4tes familiales dans les quartiers de <u>Mangalem<\/u> et <u>Gorica<\/u> (vue imprenable), prix de 25 \u00e0 70?\u20ac la nuit selon saison.<\/li>\n<li><strong>Himar?, Ksamil<\/strong>&nbsp;: h\u00f4tels baln\u00e9aires pieds dans l\u2019eau (<strong>Himar? Beach Hotel<\/strong>, <strong>Bujtina Kafe<\/strong>), location d\u2019appartements ou de villas \u00e9quip\u00e9es, emplacements de camping (<strong>Camping Kranea<\/strong>).<\/li>\n<li><strong>Theth, Llogara<\/strong>&nbsp;: guesthouses en montagne (<strong>Villa Gje\u00e7aj<\/strong>, <strong>Llogara Tourist Village<\/strong>), ambiance conviviale et repas fermiers inclus, offres \u00e9co-lodge dans des chalets en bois entre 35 et 85?\u20ac\/nuit pour deux personnes.<\/li>\n<\/ul>\n<p>      Les plateformes de r\u00e9servation internationales (<strong>Booking, Expedia, Hostelworld<\/strong>) sont les plus fiables, mais le contact direct reste courant (paiement souvent en liquide, r\u00e9servation t\u00e9l\u00e9phonique pr\u00e9f\u00e9rable en juillet-ao\u00fbt). Des h\u00e9bergements insolites \u00e9mergent en 2025 \u2014 <strong>glampings<\/strong> pr\u00e8s du lac de Shkod\u00ebr, chambres troglodytes en pierre \u00e0 <strong>Gjirokast?r<\/strong>, cabanes perch\u00e9es sur la riviera.\n    <\/p>\n<h2>Guide des Plus Belles Plages de la Riviera Albanaise<\/h2>\n<p>\n      La <strong>Riviera albanaise<\/strong>, s\u2019\u00e9tendant de <strong>Vlora<\/strong> \u00e0 <strong>Ksamil<\/strong>, se classe parmi les plus remarquables d\u2019Europe du Sud. Nous partageons ici nos coups de c\u0153ur, sites valid\u00e9s en <strong>2024<\/strong> :<\/p>\n<ul>\n<li><strong>Dh?rmi<\/strong>&nbsp;: longue plage de galets blancs, eaux cristallines, ambiances festives (bars lounge <strong>Drymades Beach Bar<\/strong>, festivals DJ l\u2019\u00e9t\u00e9), acc\u00e8s via route panoramique du col de Llogara.<\/li>\n<li><strong>Jale<\/strong>&nbsp;: plage sauvage, spots de plong\u00e9e\/snorkeling, stands de location d\u2019\u00e9quipement nautique (<u>kayak, jet ski, paddle<\/u>), jeune client\u00e8le et glamping tr\u00e8s en vogue.<\/li>\n<li><strong>Ksamil<\/strong>&nbsp;: lagon bleu turquoise, cabanes de plage (<strong>Coco Beach Bar<\/strong>), possibilit\u00e9 de rejoindre les \u00eelots en barque, restaurants traditionnels r\u00e9put\u00e9s (<strong>Brothers Fish Tavern<\/strong>).<\/li>\n<li><strong>Porto Palermo<\/strong>&nbsp;: crique confidentielle encadr\u00e9e par le ch\u00e2teau ottoman d\u2019<strong>Ali Pasha<\/strong>, eau limpide, id\u00e9al pour l\u2019exploration sous-marine et les pique-niques sur la plage d\u00e9serte.<\/li>\n<\/ul>\n<p>      Outre ces sites phares, la c\u00f4te regorge de plages secr\u00e8tes atteignables \u00e0 pied ou par la mer (<strong>Plazhi i Pasqyrave<\/strong> proche de Saranda, <strong>Livadhi Beach<\/strong> \u00e0 Himar?). Les restaurants en front de mer proposent du poisson grill\u00e9 (<u>prix moyen : 12 \u00e0 18 \u20ac le plat<\/u>), tandis que les food trucks locaux servent snacks et glaces artisanales (2?\u20ac). La baignade et les sports nautiques y sont s\u00e9curis\u00e9s (ma\u00eetres-nageurs pr\u00e9sents sur les grands spots depuis 2024).\n    <\/p>\n<h2>Votre Aventure en Albanie : Avis et Perspectives pour un Circuit R\u00e9ussi<\/h2>\n<p>\n      Au terme de ce p\u00e9riple, nous recommandons vivement de privil\u00e9gier <strong>l\u2019itin\u00e9rance en Albanie<\/strong> \u00e0 travers un circuit complet pour saisir la richesse de ses identit\u00e9s r\u00e9gionales. Cette immersion permet d\u2019exp\u00e9rimenter des paysages \u00e9poustouflants, une mosa\u00efque culturelle in\u00e9dite et des plaisirs gustatifs authentiques, loin des zones satur\u00e9es du littoral m\u00e9diterran\u00e9en occidental. Depuis <u>2023<\/u>, la qualit\u00e9 d\u2019accueil des h\u00e9bergeurs, la mont\u00e9e du slow tourisme et le d\u00e9veloppement acc\u00e9l\u00e9r\u00e9 d\u2019infrastructures s\u00e9curis\u00e9es font de l\u2019Albanie une valeur s\u00fbre du voyage en 2025, tout en conservant l\u2019essence d\u2019un pays exceptionnellement pr\u00e9serv\u00e9.\n    <\/p>\n<p>\n      Ce circuit de <strong>10 jours<\/strong> est adapt\u00e9 \u00e0 tous : familles, couples, backpackers, amateurs d\u2019histoire ou de plages secr\u00e8tes. La construction de ce road trip, enrichie par des retours terrain et des rencontres locales, garantit \u00e0 chacun la possibilit\u00e9 de personnaliser \u00e9tape et exp\u00e9rience, selon son rythme ou ses passions. Nous encourageons les voyageurs \u00e0 aller au-del\u00e0 des pr\u00e9jug\u00e9s et \u00e0 participer activement \u00e0 la d\u00e9couverte de cette <u>perle des Balkans<\/u>, en partageant conseils et retours d\u2019exp\u00e9rience pour continuer \u00e0 r\u00e9v\u00e9ler les tr\u00e9sors cach\u00e9s de <strong>l\u2019Albanie<\/strong>.\n    <\/p>\n<div style=\"background: #e8f4f8;border: 3px solid #0073aa;padding: 20px;margin: 20px 0;border-radius: 8px\">\n<h2 style=\"color: #0073aa;text-align: center;margin-bottom: 15px\">\ud83d\udd27 Ressources Pratiques et Outils<\/h2>\n<div style=\"background: white;padding: 15px;margin: 10px 0;border-left: 4px solid #007bff\">\n<h3 style=\"color: #007bff;margin-bottom: 10px\">\ud83d\udee0\ufe0f Outils et Calculateurs<\/h3>\n<p>Pour planifier votre voyage, utilisez ces plateformes de r\u00e9servation :<\/p>\n<ul>\n<li><strong>TripAdvisor<\/strong> &#8211; Pour des avis et r\u00e9servations de circuits organis\u00e9s : <a href=\"https:\/\/www.tripadvisor.fr\/AttractionProductReview-g294446-d27499498-Full_Albanian_Experience_A_10_Day_Tour-Tirana_Tirana_County.html\">tripadvisor.fr<\/a><\/li>\n<\/ul>\n<\/div>\n<div style=\"background: white;padding: 15px;margin: 10px 0;border-left: 4px solid #6f42c1\">\n<h3 style=\"color: #6f42c1;margin-bottom: 10px\">\ud83d\udc65 Communaut\u00e9 et Experts<\/h3>\n<p>Participez aux discussions et \u00e9changes d&rsquo;exp\u00e9riences sur les forums :<\/p>\n<ul>\n<li><strong>TripAdvisor &#8211; Forum Albanie<\/strong><br \/>\n    Pour des conseils et retours d&rsquo;exp\u00e9rience de voyageurs : <a href=\"https:\/\/www.tripadvisor.fr\/ShowForum-g294445-i4583-Albania.html\">tripadvisor.fr<\/a><\/li>\n<\/ul>\n<\/div>\n<div style=\"background: #fff3cd;padding: 15px;margin: 15px 0;border: 2px solid #ffc107;border-radius: 5px\">\n<strong style=\"color: #856404\">\ud83d\udca1 R\u00e9sum\u00e9 en 2 lignes :<\/strong><br \/>\n<span>Explorez l&rsquo;Albanie avec des circuits organis\u00e9s par des experts comme Arts et Vie ou Voyages Rive Gauche, offrant des prix comp\u00e9titifs et des exp\u00e9riences authentiques. Utilisez TripAdvisor pour des avis et conseils de voyageurs pour un s\u00e9jour inoubliable.<\/span>\n<\/div>\n<\/div>\n","protected":false},"excerpt":{"rendered":"","protected":false},"author":34,"featured_media":7643,"comment_status":"open","ping_status":"open","sticky":false,"template":"","format":"standard","meta":{"_acf_changed":false,"manual_indexmenow":false,"indexmenow_id_project":0,"footnotes":""},"categories":[4521],"tags":[4720,4722,4721],"class_list":["post-7641","post","type-post","status-publish","format-standard","has-post-thumbnail","hentry","category-voyages-et-destinations","tag-albanie-2025","tag-destinations-touristiques","tag-voyage-balkans","generate-columns","tablet-grid-50","mobile-grid-100","grid-parent","grid-25"],"acf":[],"yoast_head":"<!-- This site is optimized with the Yoast SEO Premium plugin v21.3 (Yoast SEO v25.6) - https:\/\/yoast.com\/wordpress\/plugins\/seo\/ -->\n<title>Voyager en Albanie en 2026 : le meilleur des Balkans<\/title>\n<meta name=\"description\" content=\"L\u2019Albanie s\u2019affirme en 2025 comme la destination montante des Balkans, profitant d\u2019une s\u00e9curit\u00e9 accrue, d\u2019une infrastructure h\u00f4teli\u00e8re modernis\u00e9e et d\u2019une\" \/>\n<meta name=\"robots\" content=\"index, follow, max-snippet:-1, max-image-preview:large, max-video-preview:-1\" \/>\n<link rel=\"canonical\" href=\"https:\/\/greenwichmeridien.fr\/blog\/voyages-et-destinations\/pourquoi-voyager-en-albanie-en-2025-decouvrez-le-meilleur-de-la-perle-des-balkans\/\" \/>\n<meta property=\"og:locale\" content=\"fr_FR\" \/>\n<meta property=\"og:type\" content=\"article\" \/>\n<meta property=\"og:title\" content=\"Voyager en Albanie en 2026 : le meilleur des Balkans\" \/>\n<meta property=\"og:description\" content=\"L\u2019Albanie s\u2019affirme en 2025 comme la destination montante des Balkans, profitant d\u2019une s\u00e9curit\u00e9 accrue, d\u2019une infrastructure h\u00f4teli\u00e8re modernis\u00e9e et d\u2019une\" \/>\n<meta property=\"og:url\" content=\"https:\/\/greenwichmeridien.fr\/blog\/voyages-et-destinations\/pourquoi-voyager-en-albanie-en-2025-decouvrez-le-meilleur-de-la-perle-des-balkans\/\" \/>\n<meta property=\"og:site_name\" content=\"greenwichmeridien\" \/>\n<meta property=\"og:image\" content=\"https:\/\/greenwichmeridien.fr\/blog\/wp-content\/uploads\/2025\/08\/pag-image-689248f3d7239-scaled.png\" \/>\n\t<meta property=\"og:image:width\" content=\"1200\" \/>\n\t<meta property=\"og:image:height\" content=\"686\" \/>\n\t<meta property=\"og:image:type\" content=\"image\/png\" \/>\n<meta name=\"author\" content=\"Samuel Chalmin\" \/>\n<meta name=\"twitter:card\" content=\"summary_large_image\" \/>\n<script type=\"application\/ld+json\" class=\"yoast-schema-graph\">{\"@context\":\"https:\/\/schema.org\",\"@graph\":[{\"@type\":\"NewsArticle\",\"@id\":\"https:\/\/greenwichmeridien.fr\/blog\/voyages-et-destinations\/pourquoi-voyager-en-albanie-en-2025-decouvrez-le-meilleur-de-la-perle-des-balkans\/#article\",\"isPartOf\":{\"@id\":\"https:\/\/greenwichmeridien.fr\/blog\/voyages-et-destinations\/pourquoi-voyager-en-albanie-en-2025-decouvrez-le-meilleur-de-la-perle-des-balkans\/\"},\"author\":{\"name\":\"Samuel Chalmin\",\"@id\":\"https:\/\/greenwichmeridien.fr\/blog\/#\/schema\/person\/3c864cdc320801e3db34b663e7e3f816\"},\"headline\":\"Pourquoi voyager en Albanie en 2025 : d\u00e9couvrez le meilleur de la Perle des Balkans\",\"datePublished\":\"2025-08-11T07:02:00+00:00\",\"dateModified\":\"2026-08-24T23:47:37+00:00\",\"mainEntityOfPage\":{\"@id\":\"https:\/\/greenwichmeridien.fr\/blog\/voyages-et-destinations\/pourquoi-voyager-en-albanie-en-2025-decouvrez-le-meilleur-de-la-perle-des-balkans\/\"},\"wordCount\":2391,\"commentCount\":0,\"publisher\":{\"@id\":\"https:\/\/greenwichmeridien.fr\/blog\/#organization\"},\"image\":{\"@id\":\"https:\/\/greenwichmeridien.fr\/blog\/voyages-et-destinations\/pourquoi-voyager-en-albanie-en-2025-decouvrez-le-meilleur-de-la-perle-des-balkans\/#primaryimage\"},\"thumbnailUrl\":\"https:\/\/greenwichmeridien.fr\/blog\/wp-content\/uploads\/2025\/08\/pag-image-689248f3d7239-scaled.png\",\"keywords\":[\"albanie 2025\",\"destinations touristiques\",\"voyage balkans\"],\"articleSection\":[\"Voyages et Destinations\"],\"inLanguage\":\"fr-FR\",\"potentialAction\":[{\"@type\":\"CommentAction\",\"name\":\"Comment\",\"target\":[\"https:\/\/greenwichmeridien.fr\/blog\/voyages-et-destinations\/pourquoi-voyager-en-albanie-en-2025-decouvrez-le-meilleur-de-la-perle-des-balkans\/#respond\"]}]},{\"@type\":\"WebPage\",\"@id\":\"https:\/\/greenwichmeridien.fr\/blog\/voyages-et-destinations\/pourquoi-voyager-en-albanie-en-2025-decouvrez-le-meilleur-de-la-perle-des-balkans\/\",\"url\":\"https:\/\/greenwichmeridien.fr\/blog\/voyages-et-destinations\/pourquoi-voyager-en-albanie-en-2025-decouvrez-le-meilleur-de-la-perle-des-balkans\/\",\"name\":\"Voyager en Albanie en 2026 : le meilleur des Balkans\",\"isPartOf\":{\"@id\":\"https:\/\/greenwichmeridien.fr\/blog\/#website\"},\"primaryImageOfPage\":{\"@id\":\"https:\/\/greenwichmeridien.fr\/blog\/voyages-et-destinations\/pourquoi-voyager-en-albanie-en-2025-decouvrez-le-meilleur-de-la-perle-des-balkans\/#primaryimage\"},\"image\":{\"@id\":\"https:\/\/greenwichmeridien.fr\/blog\/voyages-et-destinations\/pourquoi-voyager-en-albanie-en-2025-decouvrez-le-meilleur-de-la-perle-des-balkans\/#primaryimage\"},\"thumbnailUrl\":\"https:\/\/greenwichmeridien.fr\/blog\/wp-content\/uploads\/2025\/08\/pag-image-689248f3d7239-scaled.png\",\"datePublished\":\"2025-08-11T07:02:00+00:00\",\"dateModified\":\"2026-08-24T23:47:37+00:00\",\"description\":\"L\u2019Albanie s\u2019affirme en 2025 comme la destination montante des Balkans, profitant d\u2019une s\u00e9curit\u00e9 accrue, d\u2019une infrastructure h\u00f4teli\u00e8re modernis\u00e9e et d\u2019une\",\"inLanguage\":\"fr-FR\",\"potentialAction\":[{\"@type\":\"ReadAction\",\"target\":[\"https:\/\/greenwichmeridien.fr\/blog\/voyages-et-destinations\/pourquoi-voyager-en-albanie-en-2025-decouvrez-le-meilleur-de-la-perle-des-balkans\/\"]}]},{\"@type\":\"ImageObject\",\"inLanguage\":\"fr-FR\",\"@id\":\"https:\/\/greenwichmeridien.fr\/blog\/voyages-et-destinations\/pourquoi-voyager-en-albanie-en-2025-decouvrez-le-meilleur-de-la-perle-des-balkans\/#primaryimage\",\"url\":\"https:\/\/greenwichmeridien.fr\/blog\/wp-content\/uploads\/2025\/08\/pag-image-689248f3d7239-scaled.png\",\"contentUrl\":\"https:\/\/greenwichmeridien.fr\/blog\/wp-content\/uploads\/2025\/08\/pag-image-689248f3d7239-scaled.png\",\"width\":1200,\"height\":686,\"caption\":\"Image g\u00e9n\u00e9r\u00e9e par IA optimis\u00e9e pour Google Discover\"},{\"@type\":\"WebSite\",\"@id\":\"https:\/\/greenwichmeridien.fr\/blog\/#website\",\"url\":\"https:\/\/greenwichmeridien.fr\/blog\/\",\"name\":\"Greenwich M\u00e9ridien\",\"description\":\"Greenwich M\u00e9ridien, le rep\u00e8re du temps et du voyage\",\"publisher\":{\"@id\":\"https:\/\/greenwichmeridien.fr\/blog\/#organization\"},\"alternateName\":\"Greenwich M\u00e9ridien, le rep\u00e8re du temps et du voyage\",\"potentialAction\":[{\"@type\":\"SearchAction\",\"target\":{\"@type\":\"EntryPoint\",\"urlTemplate\":\"https:\/\/greenwichmeridien.fr\/blog\/?s={search_term_string}\"},\"query-input\":{\"@type\":\"PropertyValueSpecification\",\"valueRequired\":true,\"valueName\":\"search_term_string\"}}],\"inLanguage\":\"fr-FR\"},{\"@type\":\"Organization\",\"@id\":\"https:\/\/greenwichmeridien.fr\/blog\/#organization\",\"name\":\"Greenwich M\u00e9ridien\",\"alternateName\":\"Greenwich M\u00e9ridien\",\"url\":\"https:\/\/greenwichmeridien.fr\/blog\/\",\"logo\":{\"@type\":\"ImageObject\",\"inLanguage\":\"fr-FR\",\"@id\":\"https:\/\/greenwichmeridien.fr\/blog\/#\/schema\/logo\/image\/\",\"url\":\"https:\/\/greenwichmeridien.fr\/blog\/wp-content\/uploads\/2024\/12\/greenwichmeridien.png\",\"contentUrl\":\"https:\/\/greenwichmeridien.fr\/blog\/wp-content\/uploads\/2024\/12\/greenwichmeridien.png\",\"width\":500,\"height\":500,\"caption\":\"Greenwich M\u00e9ridien\"},\"image\":{\"@id\":\"https:\/\/greenwichmeridien.fr\/blog\/#\/schema\/logo\/image\/\"}},{\"@type\":\"Person\",\"@id\":\"https:\/\/greenwichmeridien.fr\/blog\/#\/schema\/person\/3c864cdc320801e3db34b663e7e3f816\",\"name\":\"Samuel Chalmin\",\"image\":{\"@type\":\"ImageObject\",\"inLanguage\":\"fr-FR\",\"@id\":\"https:\/\/greenwichmeridien.fr\/blog\/#\/schema\/person\/image\/\",\"url\":\"https:\/\/secure.gravatar.com\/avatar\/cef3677de7d237273d13053728f9470818581a8a27d9bf6f5039fd18508a905f?s=96&d=mm&r=g\",\"contentUrl\":\"https:\/\/secure.gravatar.com\/avatar\/cef3677de7d237273d13053728f9470818581a8a27d9bf6f5039fd18508a905f?s=96&d=mm&r=g\",\"caption\":\"Samuel Chalmin\"},\"description\":\"R\u00e9dacteur du site, il suit les questions de temps et de calendrier : m\u00e9ridien de Greenwich, heure GMT et UTC, fuseaux horaires, changement d'heure, ann\u00e9es bissextiles et jours f\u00e9ri\u00e9s.\",\"sameAs\":[\"https:\/\/samuelchalmin.fr\/\"],\"url\":\"https:\/\/greenwichmeridien.fr\/blog\/auteur\/noname\/\"}]}<\/script>\n<!-- \/ Yoast SEO Premium plugin. -->","yoast_head_json":{"title":"Voyager en Albanie en 2026 : le meilleur des Balkans","description":"L\u2019Albanie s\u2019affirme en 2025 comme la destination montante des Balkans, profitant d\u2019une s\u00e9curit\u00e9 accrue, d\u2019une infrastructure h\u00f4teli\u00e8re modernis\u00e9e et d\u2019une","robots":{"index":"index","follow":"follow","max-snippet":"max-snippet:-1","max-image-preview":"max-image-preview:large","max-video-preview":"max-video-preview:-1"},"canonical":"https:\/\/greenwichmeridien.fr\/blog\/voyages-et-destinations\/pourquoi-voyager-en-albanie-en-2025-decouvrez-le-meilleur-de-la-perle-des-balkans\/","og_locale":"fr_FR","og_type":"article","og_title":"Voyager en Albanie en 2026 : le meilleur des Balkans","og_description":"L\u2019Albanie s\u2019affirme en 2025 comme la destination montante des Balkans, profitant d\u2019une s\u00e9curit\u00e9 accrue, d\u2019une infrastructure h\u00f4teli\u00e8re modernis\u00e9e et d\u2019une","og_url":"https:\/\/greenwichmeridien.fr\/blog\/voyages-et-destinations\/pourquoi-voyager-en-albanie-en-2025-decouvrez-le-meilleur-de-la-perle-des-balkans\/","og_site_name":"greenwichmeridien","og_image":[{"width":1200,"height":686,"url":"https:\/\/greenwichmeridien.fr\/blog\/wp-content\/uploads\/2025\/08\/pag-image-689248f3d7239-scaled.png","type":"image\/png"}],"author":"Samuel Chalmin","twitter_card":"summary_large_image","schema":{"@context":"https:\/\/schema.org","@graph":[{"@type":"NewsArticle","@id":"https:\/\/greenwichmeridien.fr\/blog\/voyages-et-destinations\/pourquoi-voyager-en-albanie-en-2025-decouvrez-le-meilleur-de-la-perle-des-balkans\/#article","isPartOf":{"@id":"https:\/\/greenwichmeridien.fr\/blog\/voyages-et-destinations\/pourquoi-voyager-en-albanie-en-2025-decouvrez-le-meilleur-de-la-perle-des-balkans\/"},"author":{"name":"Samuel Chalmin","@id":"https:\/\/greenwichmeridien.fr\/blog\/#\/schema\/person\/3c864cdc320801e3db34b663e7e3f816"},"headline":"Pourquoi voyager en Albanie en 2025 : d\u00e9couvrez le meilleur de la Perle des Balkans","datePublished":"2025-08-11T07:02:00+00:00","dateModified":"2026-08-24T23:47:37+00:00","mainEntityOfPage":{"@id":"https:\/\/greenwichmeridien.fr\/blog\/voyages-et-destinations\/pourquoi-voyager-en-albanie-en-2025-decouvrez-le-meilleur-de-la-perle-des-balkans\/"},"wordCount":2391,"commentCount":0,"publisher":{"@id":"https:\/\/greenwichmeridien.fr\/blog\/#organization"},"image":{"@id":"https:\/\/greenwichmeridien.fr\/blog\/voyages-et-destinations\/pourquoi-voyager-en-albanie-en-2025-decouvrez-le-meilleur-de-la-perle-des-balkans\/#primaryimage"},"thumbnailUrl":"https:\/\/greenwichmeridien.fr\/blog\/wp-content\/uploads\/2025\/08\/pag-image-689248f3d7239-scaled.png","keywords":["albanie 2025","destinations touristiques","voyage balkans"],"articleSection":["Voyages et Destinations"],"inLanguage":"fr-FR","potentialAction":[{"@type":"CommentAction","name":"Comment","target":["https:\/\/greenwichmeridien.fr\/blog\/voyages-et-destinations\/pourquoi-voyager-en-albanie-en-2025-decouvrez-le-meilleur-de-la-perle-des-balkans\/#respond"]}]},{"@type":"WebPage","@id":"https:\/\/greenwichmeridien.fr\/blog\/voyages-et-destinations\/pourquoi-voyager-en-albanie-en-2025-decouvrez-le-meilleur-de-la-perle-des-balkans\/","url":"https:\/\/greenwichmeridien.fr\/blog\/voyages-et-destinations\/pourquoi-voyager-en-albanie-en-2025-decouvrez-le-meilleur-de-la-perle-des-balkans\/","name":"Voyager en Albanie en 2026 : le meilleur des Balkans","isPartOf":{"@id":"https:\/\/greenwichmeridien.fr\/blog\/#website"},"primaryImageOfPage":{"@id":"https:\/\/greenwichmeridien.fr\/blog\/voyages-et-destinations\/pourquoi-voyager-en-albanie-en-2025-decouvrez-le-meilleur-de-la-perle-des-balkans\/#primaryimage"},"image":{"@id":"https:\/\/greenwichmeridien.fr\/blog\/voyages-et-destinations\/pourquoi-voyager-en-albanie-en-2025-decouvrez-le-meilleur-de-la-perle-des-balkans\/#primaryimage"},"thumbnailUrl":"https:\/\/greenwichmeridien.fr\/blog\/wp-content\/uploads\/2025\/08\/pag-image-689248f3d7239-scaled.png","datePublished":"2025-08-11T07:02:00+00:00","dateModified":"2026-08-24T23:47:37+00:00","description":"L\u2019Albanie s\u2019affirme en 2025 comme la destination montante des Balkans, profitant d\u2019une s\u00e9curit\u00e9 accrue, d\u2019une infrastructure h\u00f4teli\u00e8re modernis\u00e9e et d\u2019une","inLanguage":"fr-FR","potentialAction":[{"@type":"ReadAction","target":["https:\/\/greenwichmeridien.fr\/blog\/voyages-et-destinations\/pourquoi-voyager-en-albanie-en-2025-decouvrez-le-meilleur-de-la-perle-des-balkans\/"]}]},{"@type":"ImageObject","inLanguage":"fr-FR","@id":"https:\/\/greenwichmeridien.fr\/blog\/voyages-et-destinations\/pourquoi-voyager-en-albanie-en-2025-decouvrez-le-meilleur-de-la-perle-des-balkans\/#primaryimage","url":"https:\/\/greenwichmeridien.fr\/blog\/wp-content\/uploads\/2025\/08\/pag-image-689248f3d7239-scaled.png","contentUrl":"https:\/\/greenwichmeridien.fr\/blog\/wp-content\/uploads\/2025\/08\/pag-image-689248f3d7239-scaled.png","width":1200,"height":686,"caption":"Image g\u00e9n\u00e9r\u00e9e par IA optimis\u00e9e pour Google Discover"},{"@type":"WebSite","@id":"https:\/\/greenwichmeridien.fr\/blog\/#website","url":"https:\/\/greenwichmeridien.fr\/blog\/","name":"Greenwich M\u00e9ridien","description":"Greenwich M\u00e9ridien, le rep\u00e8re du temps et du voyage","publisher":{"@id":"https:\/\/greenwichmeridien.fr\/blog\/#organization"},"alternateName":"Greenwich M\u00e9ridien, le rep\u00e8re du temps et du voyage","potentialAction":[{"@type":"SearchAction","target":{"@type":"EntryPoint","urlTemplate":"https:\/\/greenwichmeridien.fr\/blog\/?s={search_term_string}"},"query-input":{"@type":"PropertyValueSpecification","valueRequired":true,"valueName":"search_term_string"}}],"inLanguage":"fr-FR"},{"@type":"Organization","@id":"https:\/\/greenwichmeridien.fr\/blog\/#organization","name":"Greenwich M\u00e9ridien","alternateName":"Greenwich M\u00e9ridien","url":"https:\/\/greenwichmeridien.fr\/blog\/","logo":{"@type":"ImageObject","inLanguage":"fr-FR","@id":"https:\/\/greenwichmeridien.fr\/blog\/#\/schema\/logo\/image\/","url":"https:\/\/greenwichmeridien.fr\/blog\/wp-content\/uploads\/2024\/12\/greenwichmeridien.png","contentUrl":"https:\/\/greenwichmeridien.fr\/blog\/wp-content\/uploads\/2024\/12\/greenwichmeridien.png","width":500,"height":500,"caption":"Greenwich M\u00e9ridien"},"image":{"@id":"https:\/\/greenwichmeridien.fr\/blog\/#\/schema\/logo\/image\/"}},{"@type":"Person","@id":"https:\/\/greenwichmeridien.fr\/blog\/#\/schema\/person\/3c864cdc320801e3db34b663e7e3f816","name":"Samuel Chalmin","image":{"@type":"ImageObject","inLanguage":"fr-FR","@id":"https:\/\/greenwichmeridien.fr\/blog\/#\/schema\/person\/image\/","url":"https:\/\/secure.gravatar.com\/avatar\/cef3677de7d237273d13053728f9470818581a8a27d9bf6f5039fd18508a905f?s=96&d=mm&r=g","contentUrl":"https:\/\/secure.gravatar.com\/avatar\/cef3677de7d237273d13053728f9470818581a8a27d9bf6f5039fd18508a905f?s=96&d=mm&r=g","caption":"Samuel Chalmin"},"description":"R\u00e9dacteur du site, il suit les questions de temps et de calendrier : m\u00e9ridien de Greenwich, heure GMT et UTC, fuseaux horaires, changement d'heure, ann\u00e9es bissextiles et jours f\u00e9ri\u00e9s.","sameAs":["https:\/\/samuelchalmin.fr\/"],"url":"https:\/\/greenwichmeridien.fr\/blog\/auteur\/noname\/"}]}},"_links":{"self":[{"href":"https:\/\/greenwichmeridien.fr\/blog\/wp-json\/wp\/v2\/posts\/7641","targetHints":{"allow":["GET"]}}],"collection":[{"href":"https:\/\/greenwichmeridien.fr\/blog\/wp-json\/wp\/v2\/posts"}],"about":[{"href":"https:\/\/greenwichmeridien.fr\/blog\/wp-json\/wp\/v2\/types\/post"}],"author":[{"embeddable":true,"href":"https:\/\/greenwichmeridien.fr\/blog\/wp-json\/wp\/v2\/users\/34"}],"replies":[{"embeddable":true,"href":"https:\/\/greenwichmeridien.fr\/blog\/wp-json\/wp\/v2\/comments?post=7641"}],"version-history":[{"count":1,"href":"https:\/\/greenwichmeridien.fr\/blog\/wp-json\/wp\/v2\/posts\/7641\/revisions"}],"predecessor-version":[{"id":7672,"href":"https:\/\/greenwichmeridien.fr\/blog\/wp-json\/wp\/v2\/posts\/7641\/revisions\/7672"}],"wp:featuredmedia":[{"embeddable":true,"href":"https:\/\/greenwichmeridien.fr\/blog\/wp-json\/wp\/v2\/media\/7643"}],"wp:attachment":[{"href":"https:\/\/greenwichmeridien.fr\/blog\/wp-json\/wp\/v2\/media?parent=7641"}],"wp:term":[{"taxonomy":"category","embeddable":true,"href":"https:\/\/greenwichmeridien.fr\/blog\/wp-json\/wp\/v2\/categories?post=7641"},{"taxonomy":"post_tag","embeddable":true,"href":"https:\/\/greenwichmeridien.fr\/blog\/wp-json\/wp\/v2\/tags?post=7641"}],"curies":[{"name":"wp","href":"https:\/\/api.w.org\/{rel}","templated":true}]}}