{"id":7644,"date":"2025-08-14T09:06:00","date_gmt":"2025-08-14T07:06:00","guid":{"rendered":"https:\/\/greenwichmeridien.fr\/blog\/?p=7644"},"modified":"2026-08-25T01:47:37","modified_gmt":"2026-08-24T23:47:37","slug":"le-pelerinage-a-fatima-histoire-traditions-et-importance-aujourdhui","status":"publish","type":"post","link":"https:\/\/greenwichmeridien.fr\/blog\/histoire-et-culture\/le-pelerinage-a-fatima-histoire-traditions-et-importance-aujourdhui\/","title":{"rendered":"Le p\u00e8lerinage \u00e0 F\u00e1tima : histoire, traditions et importance aujourd\u2019hui"},"content":{"rendered":"<h1>P\u00e8lerinage au Portugal : D\u00e9couvrez le Sanctuaire de F\u00e1tima et ses Traditions<\/h1>\n<h2>Histoire et Origines du P\u00e8lerinage de F\u00e1tima<\/h2>\n<p>\nF\u00e1tima, aujourd\u2019hui centre mondial de <strong>p\u00e8lerinage catholique<\/strong>, voit son destin boulevers\u00e9 en <strong>1917<\/strong>, lorsque trois jeunes bergers, <strong>L\u00facia dos Santos<\/strong> et ses cousins <strong>Francisco Marto<\/strong> et <strong>Jacinta Marto<\/strong>, affirment avoir v\u00e9cu durant six mois cons\u00e9cutifs, entre mai et octobre, une s\u00e9rie d\u2019apparitions de la <strong>Vierge Marie<\/strong> dans la <u>localit\u00e9 de Cova da Iria<\/u>. Ces \u00e9pisodes interviennent alors que le <strong>Portugal<\/strong> traverse une p\u00e9riode d\u2019<strong>instabilit\u00e9 politique et sociale majeure<\/strong>, marqu\u00e9e par l\u2019av\u00e8nement de la Premi\u00e8re R\u00e9publique portugaise et une la\u00efcisation forcen\u00e9e des institutions.\n<\/p>\n<p>\n<u>La premi\u00e8re apparition<\/u>, le 13 mai 1917, voit une foule rapidement grossir alors que les enfants relatent leurs rencontres mystiques, et des visites r\u00e9currentes de la Vierge ont lieu chaque 13 du mois. Lors de <u>la derni\u00e8re apparition, le 13 octobre 1917<\/u>, on recense <strong>plus de 70 000 t\u00e9moins<\/strong> venus assister \u00e0 ce qu\u2019on appellera ensuite le <strong>Miracle du Soleil<\/strong>, un \u00e9v\u00e9nement inexpliqu\u00e9 qui sera r\u00e9percut\u00e9 dans la presse internationale. Parmi les messages transmis, trois  secrets ? \u2013 dont une vision de l\u2019enfer, un message sur la Russie et une r\u00e9v\u00e9lation sur le pontificat \u2013 provoqueront de nombreux d\u00e9bats et cimenteront l\u2019importance de F\u00e1tima dans l\u2019histoire chr\u00e9tienne moderne.\n<\/p>\n<ul>\n<li><strong>Construction de la premi\u00e8re chapelle :<\/strong> D\u00e8s 1919, la population \u00e9difie un premier lieu de pri\u00e8re \u00e0 l\u2019emplacement pr\u00e9cis des apparitions, pr\u00e9lude \u00e0 la cr\u00e9ation du <strong>Sanctuaire de Notre-Dame du Rosaire<\/strong> en 1928, puis \u00e0 une reconnaissance officielle par l\u2019<strong>\u00c9glise catholique<\/strong> en <strong>1930<\/strong>.<\/li>\n<li><strong>P\u00e8lerinage mondial :<\/strong> Le site devient ensuite une destination incontournable, attirant des papes comme <strong>Jean-Paul II<\/strong>, qui s\u2019y rend en mai 1982, 1991 et lors de la b\u00e9atification de Jacinta et Francisco en 2000, renfor\u00e7ant ainsi la dimension universelle de ce lieu[1][2].<\/li>\n<li><strong>Impact sur la foi :<\/strong> Les apparitions de F\u00e1tima suscitent une vague de ferveur et une impulsion missionnaire in\u00e9dite, influen\u00e7ant tant la <strong>spiritualit\u00e9 des Portugais<\/strong> que le dialogue intercontinental de l\u2019\u00c9glise catholique \u00e0 partir des ann\u00e9es 1930.<\/li>\n<\/ul>\n<h2>Les Infrastructures du Sanctuaire de F\u00e1tima : Un Lieu de Culte \u00e0 Rayonnement Mondial<\/h2>\n<p>\nAujourd\u2019hui, le <strong>Sanctuaire de F\u00e1tima<\/strong> d\u00e9ploie une architecture impressionnante. Son <u>esplanade monumentale<\/u>, longue d\u2019environ 400 m\u00e8tres, peut accueillir <strong>jusqu\u2019\u00e0 500 000 p\u00e8lerins<\/strong> lors de grands rassemblements, rivalisant, pour sa capacit\u00e9, avec la <strong>Place Saint-Pierre du Vatican<\/strong>. Le c\u0153ur du complexe regroupe des \u00e9difices symboliques?:<\/p>\n<ul>\n<li><strong>Basilique Notre-Dame du Rosaire :<\/strong> Construite d\u00e8s 1928, elle abrite les s\u00e9pultures de <strong>L\u00facia, Francisco et Jacinta<\/strong>. Sa fl\u00e8che s\u2019\u00e9l\u00e8ve \u00e0 65 m\u00e8tres, dominant le centre de F\u00e1tima.<\/li>\n<li><strong>Basilique de la Sainte-Trinit\u00e9 :<\/strong> Inaugur\u00e9e en <strong>2007<\/strong>, elle offre plus de 8 500 places assises et repr\u00e9sente la plus vaste \u00e9glise du Portugal moderne.<\/li>\n<li><strong>Capelinha das Apari\u00e7\u00f5es<\/strong> (petite chapelle) : Ce sanctuaire \u00e0 ciel ouvert marque l\u2019emplacement exact des apparitions de la <strong>Vierge Marie<\/strong>, o\u00f9 s\u2019alignent chaque jour des files de p\u00e8lerins venus d\u00e9poser des cierges.<\/li>\n<\/ul>\n<p>\n<strong>F\u00e1tima<\/strong> figure parmi les <u>trois plus grands sanctuaires marials du monde<\/u>, avec <strong>Lourdes, France<\/strong> et <strong>Guadalupe, Mexique<\/strong>. En <strong>2023<\/strong>, le site a accueilli environ <u>6,2 millions de visiteurs de 98 nationalit\u00e9s<\/u>. Les c\u00e9l\u00e9brations majeures, telles la <strong>procession mariale du 13 mai<\/strong> ou les veill\u00e9es d\u2019octobre, mobilisent une organisation logistique d\u2019ampleur, avec messes en onze langues, syst\u00e8me audio-visuel, services m\u00e9dicaux et s\u00e9curit\u00e9 renforc\u00e9e.\n<\/p>\n<ul>\n<li><strong>Organisation de messes mondiales :<\/strong> \u00c0 plusieurs reprises, des papes dont <strong>Jean-Paul II<\/strong>, <strong>Beno\u00eet XVI<\/strong> et <strong>Fran\u00e7ois<\/strong>, ont c\u00e9l\u00e9br\u00e9 des messes g\u00e9antes retransmises sur les cinq continents, instaurant F\u00e1tima comme capitale spirituelle temporaire pour le monde catholique.<\/li>\n<li><strong>Rayonnement international :<\/strong> De nombreuses communaut\u00e9s \u00e9trang\u00e8res disposent de lieux d\u2019accueil et d\u2019offices sp\u00e9cifiques pour accompagner la diversit\u00e9 des fid\u00e8les. La ville de <strong>F\u00e1tima<\/strong> s\u2019est positionn\u00e9e depuis 2000 comme une escale phare pour le <strong>tourisme religieux europ\u00e9en<\/strong>.<\/li>\n<\/ul>\n<h2>Rites, C\u00e9l\u00e9brations et Traditions des Grands Rassemblements de F\u00e1tima<\/h2>\n<p>\nLe calendrier liturgique de <strong>F\u00e1tima<\/strong> est riche en c\u00e9l\u00e9brations qui rythment la vie du sanctuaire et ambitionnent de f\u00e9d\u00e9rer des croyants de tous horizons. Parmi les points forts, la <strong>procession aux flambeaux<\/strong>, organis\u00e9e chaque soir du 12 au 13 du mois en particulier lors des grandes f\u00eates, reste l\u2019un des moments les plus embl\u00e9matiques pour les participants.\n<\/p>\n<p>\n<u>Le 13 mai<\/u>, anniversaire de la premi\u00e8re apparition, et le <u>13 octobre<\/u>, date du <strong>Miracle du Soleil<\/strong>, constituent les temps forts du p\u00e8lerinage, rassemblant respectivement plus de <u>300 000 p\u00e8lerins<\/u> venus assister aux <strong>messes en plein air<\/strong>, chapelets collectifs et temps d\u2019adoration. La tradition du <strong>chapelet r\u00e9cit\u00e9 en plusieurs langues<\/strong> symbolise l\u2019universalit\u00e9 du message de F\u00e1tima.\n<\/p>\n<ul>\n<li><strong>Marche \u00e0 genoux :<\/strong> Beaucoup de fid\u00e8les accomplissent symboliquement la <u>derni\u00e8re section de l\u2019esplanade en procession, souvent \u00e0 genoux<\/u>, pour exprimer leur gratitude ou demander une gr\u00e2ce.<\/li>\n<li><strong>Offrandes de cierges:<\/strong> L\u2019achat et le d\u00e9p\u00f4t de cierges constitue une offrande traditionnelle, r\u00e9alis\u00e9e \u00e0 la  Capelinha ?, au rythme des intentions d\u00e9pos\u00e9es par les p\u00e8lerins.<\/li>\n<li><strong>Veill\u00e9es nocturnes :<\/strong> Durant la saison de p\u00e8lerinage (mai \u00e0 octobre), des veill\u00e9es de pri\u00e8re et chants polyphoniques r\u00e9unissent des milliers de croyants dans une atmosph\u00e8re solennelle et recueillie.<\/li>\n<li><strong>Autres traditions collectives :<\/strong> L\u2019eau b\u00e9nite, la confession collective, le port de banni\u00e8res ou encore les d\u00e9fil\u00e9s costum\u00e9s d\u2019enfants et d\u2019adultes rappellent autant l\u2019ancrage local que l\u2019ouverture internationale du sanctuaire.<\/li>\n<\/ul>\n<p>\nAu fil des d\u00e9cennies, la ville de <strong>F\u00e1tima<\/strong> s\u2019est structur\u00e9e pour int\u00e9grer ces grandes manifestations dans son organisation urbaine, avec la fermeture temporaire de certaines art\u00e8res lors des processions, et la mobilisation de b\u00e9n\u00e9voles issus du r\u00e9seau paroissial national.\n<\/p>\n<h2>Conseils Pratiques pour un P\u00e8lerinage \u00e0 F\u00e1tima R\u00e9ussi<\/h2>\n<p>\nPr\u00e9parer un <strong>p\u00e8lerinage au Portugal<\/strong> n\u00e9cessite anticipeation sur plusieurs points logistiques, d\u2019autant plus que la fr\u00e9quentation peut devenir tr\u00e8s \u00e9lev\u00e9e lors des grandes c\u00e9l\u00e9brations. Voici nos recommandations concr\u00e8tes pour tirer le meilleur parti de votre voyage \u00e0 F\u00e1tima&nbsp;:\n<\/p>\n<ul>\n<li><strong>P\u00e9riodes de visite?:<\/strong> <u>Mai<\/u> et <u>octobre<\/u> demeurent les p\u00e9riodes les plus intenses, marqu\u00e9es par les principaux rassemblements. Pour ceux pr\u00e9f\u00e9rant une exp\u00e9rience plus apais\u00e9e, les mois de <u>mars, avril, juin et septembre<\/u> offrent un climat doux et des foules plus mesur\u00e9es, permettant de profiter du recueillement qu\u2019offre le sanctuaire.<\/li>\n<li><strong>H\u00e9bergement?:<\/strong> <strong>F\u00e1tima<\/strong> propose plus de <u>13 500 lits r\u00e9partis entre h\u00f4tels de grandes cha\u00eenes, pensions familiales et accueils religieux<\/u>. Au sein du sanctuaire, des maisons d\u2019accueil comme celle des <strong>S\u0153urs du C\u0153ur Immacul\u00e9 de Marie<\/strong> re\u00e7oivent sp\u00e9cifiquement les groupes. Anticiper vos r\u00e9servations en haute saison est une d\u00e9marche vivement conseill\u00e9e pour \u00e9viter les ruptures de disponibilit\u00e9s.<\/li>\n<li><strong>Acc\u00e8s et transports?:<\/strong> Situ\u00e9e \u00e0 <u>142 km de Lisbonne<\/u>, F\u00e1tima est reli\u00e9e \u00e0 la capitale portugaise par des <strong>lignes r\u00e9guli\u00e8res de bus<\/strong> (compagnies comme <strong>Rede Expressos<\/strong>, temps de trajet : 1h30 \u00e0 2h), tandis que l\u2019acc\u00e8s en voiture s\u2019effectue via l\u2019<strong>A1<\/strong>. Les p\u00e8lerins \u00e0 pied peuvent emprunter le  <strong>Caminho de F\u00e1tima<\/strong> ?, un chemin balis\u00e9 au d\u00e9part de Lisbonne, traversant des localit\u00e9s comme <strong>Azambuja<\/strong> et <strong>Santar\u00e9m<\/strong> avant d\u2019arriver \u00e0 destination sur un parcours de <u>142 km<\/u>.<\/li>\n<li><strong>Services aux p\u00e8lerins?:<\/strong> <u>Bureaux d\u2019accueil<\/u>, infirmerie, restauration adapt\u00e9e (nombreuses options de plats v\u00e9g\u00e9tariens et sp\u00e9cialit\u00e9s portugaises), wifi et points d\u2019assistance sont r\u00e9partis sur l\u2019esplanade. L\u2019<strong>Unit\u00e9 Hospitali\u00e8re de F\u00e1tima<\/strong> assure la s\u00e9curit\u00e9 m\u00e9dicale lors des grands rassemblements. Un guichet sp\u00e9cial pour personnes \u00e0 mobilit\u00e9 r\u00e9duite simplifie aussi vos d\u00e9marches d\u2019arriv\u00e9e et de d\u00e9placement.<\/li>\n<li><strong>Vie en ville?:<\/strong> En compl\u00e9ment du sanctuaire, la r\u00e9gion offre moult d\u00e9couvertes, comme la <strong>maison natale des bergers \u00e0 Aljustrel<\/strong> (3,5 km), l\u2019\u00e9blouissant <strong>monast\u00e8re de Batalha<\/strong> (UNESCO), le village de p\u00eacheurs de <strong>Nazar\u00e9<\/strong> r\u00e9put\u00e9 pour ses traditions religieuses et ses vagues spectaculaires, ou encore le bourg m\u00e9di\u00e9val d\u2019<strong>\u00d3bidos<\/strong>.<\/li>\n<\/ul>\n<p>\nNos recommandations&nbsp;: privil\u00e9gier la marche, louer un v\u00e9lo ou s\u2019appuyer sur les navettes municipales pour explorer la ville durant la haute saison, et ne pas h\u00e9siter \u00e0 \u00e9tendre votre s\u00e9jour pour appr\u00e9cier la douceur de vivre de la r\u00e9gion Centro.\n<\/p>\n<h2>T\u00e9moignages et Exp\u00e9riences de P\u00e8lerins \u00e0 F\u00e1tima<\/h2>\n<p>\nParmi les <strong>millions de fid\u00e8les<\/strong> qui convergent chaque ann\u00e9e vers F\u00e1tima, on retrouve une grande diversit\u00e9 de parcours de vie, d\u2019\u00e2ges et de motivations. Le <strong>tableau humain du p\u00e8lerinage<\/strong> se compose ainsi de familles, de groupes paroissiaux, de marcheurs issus de grandes m\u00e9tropoles europ\u00e9ennes comme <strong>Madrid<\/strong>, <strong>Varsovie<\/strong> ou <strong>Rome<\/strong>, mais aussi de personnes isol\u00e9es cherchant un cheminement int\u00e9rieur ou la gu\u00e9rison d\u2019un proche.\n<\/p>\n<ul>\n<li>Un responsable de groupe provenant de <strong>Cracovie, Pologne<\/strong>, t\u00e9moigne du  <u>sentiment d\u2019unit\u00e9 fraternelle et de puissance de la foi collective lors des veill\u00e9es du 13 mai<\/u> ?, notant que  l\u2019ambiance transcende les cultures et les \u00e2ges ?.<\/li>\n<li><strong>Maria do Carmo<\/strong>, retrait\u00e9e de <strong>Coimbra<\/strong>, \u00e9voque un \u00e9v\u00e9nement marquant&nbsp;:  <u>la marche \u00e0 genoux m\u2019a permis de d\u00e9poser un poids int\u00e9rieur et d\u2019\u00e9prouver une paix in\u00e9gal\u00e9e<\/u>??.<\/li>\n<li>Des groupes de jeunes, accompagn\u00e9s par les <strong>Journ\u00e9es Mondiales de la Jeunesse<\/strong> (JMJ), soulignent l\u2019engagement social per\u00e7u au contact des associations locales, avec un \u00e9panouissement personnel rapide et des liens d\u2019amiti\u00e9 nou\u00e9s durant le s\u00e9jour.<\/li>\n<li>Un marcheur fran\u00e7ais, arriv\u00e9 via le  <strong>Caminho de F\u00e1tima<\/strong> ?, d\u00e9crit la sensation de ?<u>franchir une \u00e9tape d\u00e9cisive dans sa qu\u00eate personnelle, en rejoignant F\u00e1tima apr\u00e8s une semaine de marche solitaire<\/u>??.<\/li>\n<li>De nombreux r\u00e9cits convergent&nbsp;: le moment de la procession aux flambeaux, la rencontre silencieuse avec le monument de la Vierge, ou la sensation d\u2019\u00eatre exauc\u00e9 apr\u00e8s une longue pri\u00e8re, constituent autant de jalons de ces <strong>exp\u00e9riences inoubliables<\/strong>.<\/li>\n<\/ul>\n<p>\nChacun, croyant convaincu, explorateur de la spiritualit\u00e9 ou simple curieux, se d\u00e9couvre plong\u00e9 dans une exp\u00e9rience humaine puissante dont l\u2019empreinte perdure longtemps apr\u00e8s le retour.\n<\/p>\n<h2>Impact \u00c9conomique et Dynamique R\u00e9gionale du P\u00e8lerinage de F\u00e1tima<\/h2>\n<p>\nLe <strong>p\u00e8lerinage \u00e0 F\u00e1tima<\/strong> catalyse depuis cent ans la vitalit\u00e9 \u00e9conomique de toute une r\u00e9gion, tout en positionnant le <strong>Portugal<\/strong> comme \u00e9picentre du tourisme religieux europ\u00e9en. L\u2019attirance de plus de <u>6 millions de visiteurs en 2023<\/u> irrigue non seulement la ville, mais valorise aussi l\u2019ensemble du r\u00e9seau de prestataires.\n<\/p>\n<ul>\n<li><strong>Chiffres cl\u00e9s :<\/strong> Selon le <strong>Minist\u00e8re portugais de l\u2019\u00c9conomie<\/strong>, on estime \u00e0 <u>plus de 230 millions d\u2019euros par an<\/u> les retomb\u00e9es \u00e9conomiques directes du sanctuaire sur les secteurs de l\u2019h\u00f4tellerie, de la restauration, des transports et du commerce local.<\/li>\n<li><strong>Emplois directs et indirects :<\/strong> Le secteur g\u00e9n\u00e8re plus de <u>3 000 emplois directs \u00e0 F\u00e1tima<\/u>, et pr\u00e8s de 8 000 emplois indirects en p\u00e9riph\u00e9rie (guides, artisans, commer\u00e7ants, agents de s\u00e9curit\u00e9, soci\u00e9t\u00e9s de transports, prestataires \u00e9v\u00e9nementiels).<\/li>\n<li><strong>Tourisme religieux :<\/strong> Le profil vari\u00e9 des visiteurs (Br\u00e9sil, \u00c9tats-Unis, Espagne, Italie, Pologne) a permis \u00e0 <strong>F\u00e1tima<\/strong> de s\u2019imposer comme l\u2019un des trois premiers p\u00f4les de <strong>tourisme spirituel mondial<\/strong>. Plusieurs tour-op\u00e9rateurs comme <strong>Peregrinatio Tours<\/strong> et <strong>Pilgrim Portugal<\/strong> y organisent chaque ann\u00e9e des circuits sp\u00e9cialis\u00e9s incluant visites guid\u00e9es, h\u00e9bergements et activit\u00e9s personnalis\u00e9es.<\/li>\n<\/ul>\n<p>\nFace \u00e0 cette dynamique, de nombreuses <strong>initiatives locales<\/strong> ont vu le jour&nbsp;: d\u00e9veloppement de circuits patrimoniaux ( Route des Monast\u00e8res ?), ouverture de march\u00e9s artisanaux lors des grands rassemblements, accueil de congr\u00e8s et festivals sur le th\u00e8me du dialogue interreligieux. Tout ceci contribue \u00e0 la renomm\u00e9e mondiale du <strong>Sanctuaire de F\u00e1tima<\/strong> et du Portugal sur la carte du tourisme religieux contemporain.\n<\/p>\n<h2>Vivre un P\u00e8lerinage Inoubliable au Portugal : Synth\u00e8se et Perspectives<\/h2>\n<p>\nLe choix d\u2019accomplir un p<strong>\u00e8lerinage \u00e0 F\u00e1tima<\/strong> repr\u00e9sente un engagement profond, y compris pour ceux qui abordent ce haut lieu avec une d\u00e9marche culturelle ou humaine. L\u2019histoire des <strong>apparitions, la vari\u00e9t\u00e9 des rites, la richesse du patrimoine et la mosa\u00efque de t\u00e9moignages<\/strong> font de cette exp\u00e9rience une aventure \u00e0 la fois singuli\u00e8re et universelle.\n<\/p>\n<ul>\n<li>Nous vous encourageons \u00e0 vous rapprocher du <strong>Sanctuaire de Notre-Dame de F\u00e1tima<\/strong> pour b\u00e9n\u00e9ficier de leurs <strong>guides officiels<\/strong> et \u00e0 planifier votre s\u00e9jour via les plateformes sp\u00e9cialis\u00e9es (<strong>Fatima Oficial<\/strong>, <strong>Peregrinatio Tours<\/strong>, <strong>Tourisme Centro Portugal<\/strong>),<\/li>\n<li>N\u2019h\u00e9sitez pas \u00e0 explorer la dimension internationale de la ville gr\u00e2ce aux nombreux \u00e9v\u00e9nements et structures d\u2019accueil, propices \u00e0 des \u00e9changes humains et spirituels intenses,<\/li>\n<li>Ou \u00e0 prolonger l\u2019exp\u00e9rience par la d\u00e9couverte de la <strong>Vall\u00e9e du Tage<\/strong>, des monast\u00e8res class\u00e9s de <strong>Batalha<\/strong> et <strong>Alcoba\u00e7a<\/strong>, ou encore du <strong>patrimoine vivant de Nazar\u00e9<\/strong>.<\/li>\n<\/ul>\n<p>\nQue votre motivation repose sur la <strong>foi, la qu\u00eate int\u00e9rieure<\/strong> ou la simple curiosit\u00e9 patrimoniale, le <u>p\u00e8lerinage au Portugal<\/u> s\u2019impose comme une d\u00e9marche riche, structurante et inoubliable. \u00c0 chacun de puiser dans la m\u00e9moire de F\u00e1tima les ressources spirituelles et humaines qui traversent les g\u00e9n\u00e9rations, dans une ville d\u00e9sormais ouverte au monde tout autant qu\u2019\u00e0 la ferveur de ses visiteurs.\n<\/p>\n<div style=\"background: #e8f4f8;border: 3px solid #0073aa;padding: 20px;margin: 20px 0;border-radius: 8px\">\n<h2 style=\"color: #0073aa;text-align: center;margin-bottom: 15px\">\ud83d\udd27 Ressources Pratiques et Outils<\/h2>\n<div style=\"background: white;padding: 15px;margin: 10px 0;border-left: 4px solid #007bff\">\n<h3 style=\"color: #007bff;margin-bottom: 10px\">\ud83d\udee0\ufe0f Outils et Calculateurs<\/h3>\n<p>Pour la planification de votre p\u00e8lerinage, utilisez les outils disponibles sur <strong>Terres de la Bible<\/strong> pour publication, inscription et paiement en ligne : <a href=\"https:\/\/terresdelabible.com\" rel=\"nofollow\">terresdelabible.com<\/a>.<\/p>\n<\/div>\n<div style=\"background: white;padding: 15px;margin: 10px 0;border-left: 4px solid #6f42c1\">\n<h3 style=\"color: #6f42c1;margin-bottom: 10px\">\ud83d\udc65 Communaut\u00e9 et Experts<\/h3>\n<p><strong>Chauchard Evasion<\/strong> &#8211; Sp\u00e9cialiste voyages de groupes, dont circuits Portugal 2025.<br \/>\nAdresse : 6, Boulevard du Sautel, 17000 La Rochelle, France<\/p>\n<p>Prix : Circuit Portugal 8 jours\/7 nuits \u00e0 partir de 1169 \u20ac TTC (groupe 15+ personnes)<br \/>\nSite : <a href=\"https:\/\/www.chauchard-evasion.com\" rel=\"nofollow\">chauchard-evasion.com<\/a><\/p>\n<p><strong>Adriatic Pilgrimages<\/strong> &#8211; Circuit France \u2013 Espagne \u2013 Fatima au Portugal, client\u00e8le internationale.<br \/>. (800) 262-1718<\/p>\n<p>Site : <a href=\"https:\/\/www.adriaticpilgrimages.com\" rel=\"nofollow\">adriaticpilgrimages.com<\/a><\/p>\n<\/div>\n<div style=\"background: #fff3cd;padding: 15px;margin: 15px 0;border: 2px solid #ffc107;border-radius: 5px\">\n<strong style=\"color: #856404\">\ud83d\udca1 R\u00e9sum\u00e9 en 2 lignes :<\/strong><br \/>\n<span>D\u00e9couvrez des sp\u00e9cialistes du p\u00e8lerinage au Portugal comme Terres de la Bible et Chauchard Evasion, offrant des circuits adapt\u00e9s et des outils pratiques pour un voyage inoubliable \u00e0 F\u00e1tima.<\/span>\n<\/div>\n<\/div>\n","protected":false},"excerpt":{"rendered":"","protected":false},"author":34,"featured_media":7646,"comment_status":"open","ping_status":"open","sticky":false,"template":"","format":"standard","meta":{"_acf_changed":false,"manual_indexmenow":false,"indexmenow_id_project":0,"footnotes":""},"categories":[4520],"tags":[4723,4724,4725],"class_list":["post-7644","post","type-post","status-publish","format-standard","has-post-thumbnail","hentry","category-histoire-et-culture","tag-fatima","tag-pelerinage","tag-traditions","generate-columns","tablet-grid-50","mobile-grid-100","grid-parent","grid-25"],"acf":[],"yoast_head":"<!-- This site is optimized with the Yoast SEO Premium plugin v21.3 (Yoast SEO v25.6) - https:\/\/yoast.com\/wordpress\/plugins\/seo\/ -->\n<title>Le p\u00e8lerinage \u00e0 F\u00e1tima : histoire, traditions et importance<\/title>\n<meta name=\"description\" content=\"F\u00e1tima, aujourd\u2019hui centre mondial de p\u00e8lerinage catholique, voit son destin boulevers\u00e9 en 1917, lorsque trois jeunes bergers, L\u00facia dos Santos et ses\" \/>\n<meta name=\"robots\" content=\"index, follow, max-snippet:-1, max-image-preview:large, max-video-preview:-1\" \/>\n<link rel=\"canonical\" href=\"https:\/\/greenwichmeridien.fr\/blog\/histoire-et-culture\/le-pelerinage-a-fatima-histoire-traditions-et-importance-aujourdhui\/\" \/>\n<meta property=\"og:locale\" content=\"fr_FR\" \/>\n<meta property=\"og:type\" content=\"article\" \/>\n<meta property=\"og:title\" content=\"Le p\u00e8lerinage \u00e0 F\u00e1tima : histoire, traditions et importance\" \/>\n<meta property=\"og:description\" content=\"F\u00e1tima, aujourd\u2019hui centre mondial de p\u00e8lerinage catholique, voit son destin boulevers\u00e9 en 1917, lorsque trois jeunes bergers, L\u00facia dos Santos et ses\" \/>\n<meta property=\"og:url\" content=\"https:\/\/greenwichmeridien.fr\/blog\/histoire-et-culture\/le-pelerinage-a-fatima-histoire-traditions-et-importance-aujourdhui\/\" \/>\n<meta property=\"og:site_name\" content=\"greenwichmeridien\" \/>\n<meta property=\"og:image\" content=\"https:\/\/greenwichmeridien.fr\/blog\/wp-content\/uploads\/2025\/08\/pag-image-68924940d51b1-scaled.png\" \/>\n\t<meta property=\"og:image:width\" content=\"1200\" \/>\n\t<meta property=\"og:image:height\" content=\"686\" \/>\n\t<meta property=\"og:image:type\" content=\"image\/png\" \/>\n<meta name=\"author\" content=\"Samuel Chalmin\" \/>\n<meta name=\"twitter:card\" content=\"summary_large_image\" \/>\n<script type=\"application\/ld+json\" class=\"yoast-schema-graph\">{\"@context\":\"https:\/\/schema.org\",\"@graph\":[{\"@type\":\"NewsArticle\",\"@id\":\"https:\/\/greenwichmeridien.fr\/blog\/histoire-et-culture\/le-pelerinage-a-fatima-histoire-traditions-et-importance-aujourdhui\/#article\",\"isPartOf\":{\"@id\":\"https:\/\/greenwichmeridien.fr\/blog\/histoire-et-culture\/le-pelerinage-a-fatima-histoire-traditions-et-importance-aujourdhui\/\"},\"author\":{\"name\":\"Samuel Chalmin\",\"@id\":\"https:\/\/greenwichmeridien.fr\/blog\/#\/schema\/person\/3c864cdc320801e3db34b663e7e3f816\"},\"headline\":\"Le p\u00e8lerinage \u00e0 F\u00e1tima : histoire, traditions et importance aujourd\u2019hui\",\"datePublished\":\"2025-08-14T07:06:00+00:00\",\"dateModified\":\"2026-08-24T23:47:37+00:00\",\"mainEntityOfPage\":{\"@id\":\"https:\/\/greenwichmeridien.fr\/blog\/histoire-et-culture\/le-pelerinage-a-fatima-histoire-traditions-et-importance-aujourdhui\/\"},\"wordCount\":2376,\"commentCount\":0,\"publisher\":{\"@id\":\"https:\/\/greenwichmeridien.fr\/blog\/#organization\"},\"image\":{\"@id\":\"https:\/\/greenwichmeridien.fr\/blog\/histoire-et-culture\/le-pelerinage-a-fatima-histoire-traditions-et-importance-aujourdhui\/#primaryimage\"},\"thumbnailUrl\":\"https:\/\/greenwichmeridien.fr\/blog\/wp-content\/uploads\/2025\/08\/pag-image-68924940d51b1-scaled.png\",\"keywords\":[\"fatima\",\"pelerinage\",\"traditions\"],\"articleSection\":[\"Histoire et Culture\"],\"inLanguage\":\"fr-FR\",\"potentialAction\":[{\"@type\":\"CommentAction\",\"name\":\"Comment\",\"target\":[\"https:\/\/greenwichmeridien.fr\/blog\/histoire-et-culture\/le-pelerinage-a-fatima-histoire-traditions-et-importance-aujourdhui\/#respond\"]}]},{\"@type\":\"WebPage\",\"@id\":\"https:\/\/greenwichmeridien.fr\/blog\/histoire-et-culture\/le-pelerinage-a-fatima-histoire-traditions-et-importance-aujourdhui\/\",\"url\":\"https:\/\/greenwichmeridien.fr\/blog\/histoire-et-culture\/le-pelerinage-a-fatima-histoire-traditions-et-importance-aujourdhui\/\",\"name\":\"Le p\u00e8lerinage \u00e0 F\u00e1tima : histoire, traditions et importance\",\"isPartOf\":{\"@id\":\"https:\/\/greenwichmeridien.fr\/blog\/#website\"},\"primaryImageOfPage\":{\"@id\":\"https:\/\/greenwichmeridien.fr\/blog\/histoire-et-culture\/le-pelerinage-a-fatima-histoire-traditions-et-importance-aujourdhui\/#primaryimage\"},\"image\":{\"@id\":\"https:\/\/greenwichmeridien.fr\/blog\/histoire-et-culture\/le-pelerinage-a-fatima-histoire-traditions-et-importance-aujourdhui\/#primaryimage\"},\"thumbnailUrl\":\"https:\/\/greenwichmeridien.fr\/blog\/wp-content\/uploads\/2025\/08\/pag-image-68924940d51b1-scaled.png\",\"datePublished\":\"2025-08-14T07:06:00+00:00\",\"dateModified\":\"2026-08-24T23:47:37+00:00\",\"description\":\"F\u00e1tima, aujourd\u2019hui centre mondial de p\u00e8lerinage catholique, voit son destin boulevers\u00e9 en 1917, lorsque trois jeunes bergers, L\u00facia dos Santos et ses\",\"inLanguage\":\"fr-FR\",\"potentialAction\":[{\"@type\":\"ReadAction\",\"target\":[\"https:\/\/greenwichmeridien.fr\/blog\/histoire-et-culture\/le-pelerinage-a-fatima-histoire-traditions-et-importance-aujourdhui\/\"]}]},{\"@type\":\"ImageObject\",\"inLanguage\":\"fr-FR\",\"@id\":\"https:\/\/greenwichmeridien.fr\/blog\/histoire-et-culture\/le-pelerinage-a-fatima-histoire-traditions-et-importance-aujourdhui\/#primaryimage\",\"url\":\"https:\/\/greenwichmeridien.fr\/blog\/wp-content\/uploads\/2025\/08\/pag-image-68924940d51b1-scaled.png\",\"contentUrl\":\"https:\/\/greenwichmeridien.fr\/blog\/wp-content\/uploads\/2025\/08\/pag-image-68924940d51b1-scaled.png\",\"width\":1200,\"height\":686,\"caption\":\"Image g\u00e9n\u00e9r\u00e9e par IA optimis\u00e9e pour Google Discover\"},{\"@type\":\"WebSite\",\"@id\":\"https:\/\/greenwichmeridien.fr\/blog\/#website\",\"url\":\"https:\/\/greenwichmeridien.fr\/blog\/\",\"name\":\"Greenwich M\u00e9ridien\",\"description\":\"Greenwich M\u00e9ridien, le rep\u00e8re du temps et du voyage\",\"publisher\":{\"@id\":\"https:\/\/greenwichmeridien.fr\/blog\/#organization\"},\"alternateName\":\"Greenwich M\u00e9ridien, le rep\u00e8re du temps et du voyage\",\"potentialAction\":[{\"@type\":\"SearchAction\",\"target\":{\"@type\":\"EntryPoint\",\"urlTemplate\":\"https:\/\/greenwichmeridien.fr\/blog\/?s={search_term_string}\"},\"query-input\":{\"@type\":\"PropertyValueSpecification\",\"valueRequired\":true,\"valueName\":\"search_term_string\"}}],\"inLanguage\":\"fr-FR\"},{\"@type\":\"Organization\",\"@id\":\"https:\/\/greenwichmeridien.fr\/blog\/#organization\",\"name\":\"Greenwich M\u00e9ridien\",\"alternateName\":\"Greenwich M\u00e9ridien\",\"url\":\"https:\/\/greenwichmeridien.fr\/blog\/\",\"logo\":{\"@type\":\"ImageObject\",\"inLanguage\":\"fr-FR\",\"@id\":\"https:\/\/greenwichmeridien.fr\/blog\/#\/schema\/logo\/image\/\",\"url\":\"https:\/\/greenwichmeridien.fr\/blog\/wp-content\/uploads\/2024\/12\/greenwichmeridien.png\",\"contentUrl\":\"https:\/\/greenwichmeridien.fr\/blog\/wp-content\/uploads\/2024\/12\/greenwichmeridien.png\",\"width\":500,\"height\":500,\"caption\":\"Greenwich M\u00e9ridien\"},\"image\":{\"@id\":\"https:\/\/greenwichmeridien.fr\/blog\/#\/schema\/logo\/image\/\"}},{\"@type\":\"Person\",\"@id\":\"https:\/\/greenwichmeridien.fr\/blog\/#\/schema\/person\/3c864cdc320801e3db34b663e7e3f816\",\"name\":\"Samuel Chalmin\",\"image\":{\"@type\":\"ImageObject\",\"inLanguage\":\"fr-FR\",\"@id\":\"https:\/\/greenwichmeridien.fr\/blog\/#\/schema\/person\/image\/\",\"url\":\"https:\/\/secure.gravatar.com\/avatar\/cef3677de7d237273d13053728f9470818581a8a27d9bf6f5039fd18508a905f?s=96&d=mm&r=g\",\"contentUrl\":\"https:\/\/secure.gravatar.com\/avatar\/cef3677de7d237273d13053728f9470818581a8a27d9bf6f5039fd18508a905f?s=96&d=mm&r=g\",\"caption\":\"Samuel Chalmin\"},\"description\":\"R\u00e9dacteur du site, il suit les questions de temps et de calendrier : m\u00e9ridien de Greenwich, heure GMT et UTC, fuseaux horaires, changement d'heure, ann\u00e9es bissextiles et jours f\u00e9ri\u00e9s.\",\"sameAs\":[\"https:\/\/samuelchalmin.fr\/\"],\"url\":\"https:\/\/greenwichmeridien.fr\/blog\/auteur\/noname\/\"}]}<\/script>\n<!-- \/ Yoast SEO Premium plugin. -->","yoast_head_json":{"title":"Le p\u00e8lerinage \u00e0 F\u00e1tima : histoire, traditions et importance","description":"F\u00e1tima, aujourd\u2019hui centre mondial de p\u00e8lerinage catholique, voit son destin boulevers\u00e9 en 1917, lorsque trois jeunes bergers, L\u00facia dos Santos et ses","robots":{"index":"index","follow":"follow","max-snippet":"max-snippet:-1","max-image-preview":"max-image-preview:large","max-video-preview":"max-video-preview:-1"},"canonical":"https:\/\/greenwichmeridien.fr\/blog\/histoire-et-culture\/le-pelerinage-a-fatima-histoire-traditions-et-importance-aujourdhui\/","og_locale":"fr_FR","og_type":"article","og_title":"Le p\u00e8lerinage \u00e0 F\u00e1tima : histoire, traditions et importance","og_description":"F\u00e1tima, aujourd\u2019hui centre mondial de p\u00e8lerinage catholique, voit son destin boulevers\u00e9 en 1917, lorsque trois jeunes bergers, L\u00facia dos Santos et ses","og_url":"https:\/\/greenwichmeridien.fr\/blog\/histoire-et-culture\/le-pelerinage-a-fatima-histoire-traditions-et-importance-aujourdhui\/","og_site_name":"greenwichmeridien","og_image":[{"width":1200,"height":686,"url":"https:\/\/greenwichmeridien.fr\/blog\/wp-content\/uploads\/2025\/08\/pag-image-68924940d51b1-scaled.png","type":"image\/png"}],"author":"Samuel Chalmin","twitter_card":"summary_large_image","schema":{"@context":"https:\/\/schema.org","@graph":[{"@type":"NewsArticle","@id":"https:\/\/greenwichmeridien.fr\/blog\/histoire-et-culture\/le-pelerinage-a-fatima-histoire-traditions-et-importance-aujourdhui\/#article","isPartOf":{"@id":"https:\/\/greenwichmeridien.fr\/blog\/histoire-et-culture\/le-pelerinage-a-fatima-histoire-traditions-et-importance-aujourdhui\/"},"author":{"name":"Samuel Chalmin","@id":"https:\/\/greenwichmeridien.fr\/blog\/#\/schema\/person\/3c864cdc320801e3db34b663e7e3f816"},"headline":"Le p\u00e8lerinage \u00e0 F\u00e1tima : histoire, traditions et importance aujourd\u2019hui","datePublished":"2025-08-14T07:06:00+00:00","dateModified":"2026-08-24T23:47:37+00:00","mainEntityOfPage":{"@id":"https:\/\/greenwichmeridien.fr\/blog\/histoire-et-culture\/le-pelerinage-a-fatima-histoire-traditions-et-importance-aujourdhui\/"},"wordCount":2376,"commentCount":0,"publisher":{"@id":"https:\/\/greenwichmeridien.fr\/blog\/#organization"},"image":{"@id":"https:\/\/greenwichmeridien.fr\/blog\/histoire-et-culture\/le-pelerinage-a-fatima-histoire-traditions-et-importance-aujourdhui\/#primaryimage"},"thumbnailUrl":"https:\/\/greenwichmeridien.fr\/blog\/wp-content\/uploads\/2025\/08\/pag-image-68924940d51b1-scaled.png","keywords":["fatima","pelerinage","traditions"],"articleSection":["Histoire et Culture"],"inLanguage":"fr-FR","potentialAction":[{"@type":"CommentAction","name":"Comment","target":["https:\/\/greenwichmeridien.fr\/blog\/histoire-et-culture\/le-pelerinage-a-fatima-histoire-traditions-et-importance-aujourdhui\/#respond"]}]},{"@type":"WebPage","@id":"https:\/\/greenwichmeridien.fr\/blog\/histoire-et-culture\/le-pelerinage-a-fatima-histoire-traditions-et-importance-aujourdhui\/","url":"https:\/\/greenwichmeridien.fr\/blog\/histoire-et-culture\/le-pelerinage-a-fatima-histoire-traditions-et-importance-aujourdhui\/","name":"Le p\u00e8lerinage \u00e0 F\u00e1tima : histoire, traditions et importance","isPartOf":{"@id":"https:\/\/greenwichmeridien.fr\/blog\/#website"},"primaryImageOfPage":{"@id":"https:\/\/greenwichmeridien.fr\/blog\/histoire-et-culture\/le-pelerinage-a-fatima-histoire-traditions-et-importance-aujourdhui\/#primaryimage"},"image":{"@id":"https:\/\/greenwichmeridien.fr\/blog\/histoire-et-culture\/le-pelerinage-a-fatima-histoire-traditions-et-importance-aujourdhui\/#primaryimage"},"thumbnailUrl":"https:\/\/greenwichmeridien.fr\/blog\/wp-content\/uploads\/2025\/08\/pag-image-68924940d51b1-scaled.png","datePublished":"2025-08-14T07:06:00+00:00","dateModified":"2026-08-24T23:47:37+00:00","description":"F\u00e1tima, aujourd\u2019hui centre mondial de p\u00e8lerinage catholique, voit son destin boulevers\u00e9 en 1917, lorsque trois jeunes bergers, L\u00facia dos Santos et ses","inLanguage":"fr-FR","potentialAction":[{"@type":"ReadAction","target":["https:\/\/greenwichmeridien.fr\/blog\/histoire-et-culture\/le-pelerinage-a-fatima-histoire-traditions-et-importance-aujourdhui\/"]}]},{"@type":"ImageObject","inLanguage":"fr-FR","@id":"https:\/\/greenwichmeridien.fr\/blog\/histoire-et-culture\/le-pelerinage-a-fatima-histoire-traditions-et-importance-aujourdhui\/#primaryimage","url":"https:\/\/greenwichmeridien.fr\/blog\/wp-content\/uploads\/2025\/08\/pag-image-68924940d51b1-scaled.png","contentUrl":"https:\/\/greenwichmeridien.fr\/blog\/wp-content\/uploads\/2025\/08\/pag-image-68924940d51b1-scaled.png","width":1200,"height":686,"caption":"Image g\u00e9n\u00e9r\u00e9e par IA optimis\u00e9e pour Google Discover"},{"@type":"WebSite","@id":"https:\/\/greenwichmeridien.fr\/blog\/#website","url":"https:\/\/greenwichmeridien.fr\/blog\/","name":"Greenwich M\u00e9ridien","description":"Greenwich M\u00e9ridien, le rep\u00e8re du temps et du voyage","publisher":{"@id":"https:\/\/greenwichmeridien.fr\/blog\/#organization"},"alternateName":"Greenwich M\u00e9ridien, le rep\u00e8re du temps et du voyage","potentialAction":[{"@type":"SearchAction","target":{"@type":"EntryPoint","urlTemplate":"https:\/\/greenwichmeridien.fr\/blog\/?s={search_term_string}"},"query-input":{"@type":"PropertyValueSpecification","valueRequired":true,"valueName":"search_term_string"}}],"inLanguage":"fr-FR"},{"@type":"Organization","@id":"https:\/\/greenwichmeridien.fr\/blog\/#organization","name":"Greenwich M\u00e9ridien","alternateName":"Greenwich M\u00e9ridien","url":"https:\/\/greenwichmeridien.fr\/blog\/","logo":{"@type":"ImageObject","inLanguage":"fr-FR","@id":"https:\/\/greenwichmeridien.fr\/blog\/#\/schema\/logo\/image\/","url":"https:\/\/greenwichmeridien.fr\/blog\/wp-content\/uploads\/2024\/12\/greenwichmeridien.png","contentUrl":"https:\/\/greenwichmeridien.fr\/blog\/wp-content\/uploads\/2024\/12\/greenwichmeridien.png","width":500,"height":500,"caption":"Greenwich M\u00e9ridien"},"image":{"@id":"https:\/\/greenwichmeridien.fr\/blog\/#\/schema\/logo\/image\/"}},{"@type":"Person","@id":"https:\/\/greenwichmeridien.fr\/blog\/#\/schema\/person\/3c864cdc320801e3db34b663e7e3f816","name":"Samuel Chalmin","image":{"@type":"ImageObject","inLanguage":"fr-FR","@id":"https:\/\/greenwichmeridien.fr\/blog\/#\/schema\/person\/image\/","url":"https:\/\/secure.gravatar.com\/avatar\/cef3677de7d237273d13053728f9470818581a8a27d9bf6f5039fd18508a905f?s=96&d=mm&r=g","contentUrl":"https:\/\/secure.gravatar.com\/avatar\/cef3677de7d237273d13053728f9470818581a8a27d9bf6f5039fd18508a905f?s=96&d=mm&r=g","caption":"Samuel Chalmin"},"description":"R\u00e9dacteur du site, il suit les questions de temps et de calendrier : m\u00e9ridien de Greenwich, heure GMT et UTC, fuseaux horaires, changement d'heure, ann\u00e9es bissextiles et jours f\u00e9ri\u00e9s.","sameAs":["https:\/\/samuelchalmin.fr\/"],"url":"https:\/\/greenwichmeridien.fr\/blog\/auteur\/noname\/"}]}},"_links":{"self":[{"href":"https:\/\/greenwichmeridien.fr\/blog\/wp-json\/wp\/v2\/posts\/7644","targetHints":{"allow":["GET"]}}],"collection":[{"href":"https:\/\/greenwichmeridien.fr\/blog\/wp-json\/wp\/v2\/posts"}],"about":[{"href":"https:\/\/greenwichmeridien.fr\/blog\/wp-json\/wp\/v2\/types\/post"}],"author":[{"embeddable":true,"href":"https:\/\/greenwichmeridien.fr\/blog\/wp-json\/wp\/v2\/users\/34"}],"replies":[{"embeddable":true,"href":"https:\/\/greenwichmeridien.fr\/blog\/wp-json\/wp\/v2\/comments?post=7644"}],"version-history":[{"count":1,"href":"https:\/\/greenwichmeridien.fr\/blog\/wp-json\/wp\/v2\/posts\/7644\/revisions"}],"predecessor-version":[{"id":7673,"href":"https:\/\/greenwichmeridien.fr\/blog\/wp-json\/wp\/v2\/posts\/7644\/revisions\/7673"}],"wp:featuredmedia":[{"embeddable":true,"href":"https:\/\/greenwichmeridien.fr\/blog\/wp-json\/wp\/v2\/media\/7646"}],"wp:attachment":[{"href":"https:\/\/greenwichmeridien.fr\/blog\/wp-json\/wp\/v2\/media?parent=7644"}],"wp:term":[{"taxonomy":"category","embeddable":true,"href":"https:\/\/greenwichmeridien.fr\/blog\/wp-json\/wp\/v2\/categories?post=7644"},{"taxonomy":"post_tag","embeddable":true,"href":"https:\/\/greenwichmeridien.fr\/blog\/wp-json\/wp\/v2\/tags?post=7644"}],"curies":[{"name":"wp","href":"https:\/\/api.w.org\/{rel}","templated":true}]}}