{"id":7656,"date":"2025-08-28T09:55:00","date_gmt":"2025-08-28T07:55:00","guid":{"rendered":"https:\/\/greenwichmeridien.fr\/blog\/?p=7656"},"modified":"2026-08-25T01:47:37","modified_gmt":"2026-08-24T23:47:37","slug":"week-end-a-barcelone-que-faire","status":"publish","type":"post","link":"https:\/\/greenwichmeridien.fr\/blog\/histoire-et-culture\/week-end-a-barcelone-que-faire\/","title":{"rendered":"week end a barcelone que faire"},"content":{"rendered":"<h1>Week-end \u00e0 Barcelone : Que faire pour un s\u00e9jour inoubliable ?<\/h1>\n<h2>Les incontournables de Barcelone : chefs-d\u2019\u0153uvre et patrimoine mondial<\/h2>\n<p>\n    Impossible de d\u00e9buter une escapade \u00e0 <strong>Barcelone<\/strong> sans explorer les \u0153uvres majeures d\u2019<strong>Antoni Gaud\u00ed<\/strong>, ma\u00eetre du <strong>modernisme catalan<\/strong> honor\u00e9 par l\u2019<u>UNESCO<\/u>. Commencez par la <strong>Sagrada Fam\u00edlia<\/strong>, basilique monumentale encore en chantier en <u>2025<\/u>, embl\u00e8me du g\u00e9nie architectural local et de l\u2019innovation artistique europ\u00e9enne.\n  <\/p>\n<ul>\n<li><strong>Parc G\u00fcell<\/strong> : mosa\u00efques polychromes, terrasse panoramique avec vue sur toute la ville et jardins paysagers sign\u00e9s <strong>Gaud\u00ed<\/strong>.<\/li>\n<li><strong>Casa Batll\u00f3<\/strong> et <strong>Casa Mil\u00e0 (La Pedrera)<\/strong> : deux prouesses de design sur le <strong>Passeig de Gr\u00e0cia<\/strong>, alliant courbes organiques, fa\u00e7ades ondulantes et couleurs symboliques.<\/li>\n<li><strong>Arc de Triomf de Barcelone<\/strong> et promenade jusqu\u2019au <strong>parc de la Ciutadella<\/strong>, v\u00e9ritable oasis de 17 hectares am\u00e9nag\u00e9e en 1888, abritant le <strong>Parlement de Catalogne<\/strong> et le <strong>Zoo de Barcelone<\/strong>.<\/li>\n<\/ul>\n<p>\n    Nous recommandons d\u2019investir dans des billets <strong>coupe-file<\/strong> ou des <strong>pass touristiques<\/strong> regroupant gares, mus\u00e9es et monuments pour optimiser votre temps, surtout lors des pics de fr\u00e9quentation touristique estivaux. La gestion du flux de visiteurs s\u2019est encore perfectionn\u00e9e depuis <u>2023<\/u>, avec des dispositifs num\u00e9riques pour visualiser en temps r\u00e9el l\u2019affluence, initi\u00e9s par <strong>Turisme de Barcelona<\/strong>.\n  <\/p>\n<h2>Quartiers embl\u00e9matiques de Barcelone : immersion et authenticit\u00e9<\/h2>\n<p>\n    Un s\u00e9jour r\u00e9ussi passe par la d\u00e9couverte des multiples visages urbains de la ville. Le <strong>Barri G\u00f2tic<\/strong>, c\u0153ur m\u00e9di\u00e9val, se distingue par ses ruelles labyrinthiques, la <strong>Pla\u00e7a Sant Jaume<\/strong> si\u00e8ge de l&rsquo;<strong>Ajuntament<\/strong>, et la monumentale <strong>cath\u00e9drale Sainte-Eulalie<\/strong>. Dans ce quartier, l\u2019activit\u00e9 commer\u00e7ante est intense, port\u00e9e par des artisans traditionnels et concept stores, t\u00e9moins de la rivalit\u00e9 cr\u00e9ative entre pass\u00e9 et pr\u00e9sent.\n  <\/p>\n<ul>\n<li><strong>Gr\u00e0cia<\/strong> : quartier villageois tr\u00e8s pris\u00e9 des Barcelonais, c\u00e9l\u00e8bre pour ses <u>Festa Major<\/u> (mentionn\u00e9e en <strong>ao\u00fbt 2025<\/strong>), d\u00e9corations de rues spectaculaires et ambiance festive.<\/li>\n<li><strong>El Born<\/strong> : c\u0153ur tendance anim\u00e9 par des mus\u00e9es d\u2019art contemporain comme le <strong>MNAC<\/strong> (Mus\u00e9e national d\u2019art de Catalogne) et un foisonnement de bars \u00e0 cocktails, galeries et boutiques cr\u00e9atives.<\/li>\n<li><strong>L\u2019Eixample<\/strong> : quadrillage g\u00e9om\u00e9trique, immeubles modernistes et art\u00e8res commer\u00e7antes telles que <strong>Rambla de Catalunya<\/strong> ou <strong>Gran Via de les Corts Catalanes<\/strong>.<\/li>\n<li><strong>Montju\u00efc<\/strong> : acc\u00e8s facile par funiculaire (<u>ligne TMB<\/u>) ou t\u00e9l\u00e9ph\u00e9rique, panorama dominant, installations olympiques de <strong>1992<\/strong> et sites m\u00e9moriels comme le <strong>Ch\u00e2teau de Montju\u00efc<\/strong>.<\/li>\n<\/ul>\n<p>\n      S\u00e9journer dans diff\u00e9rents quartiers permet d\u2019alterner entre \u00e9nergie urbaine et authenticit\u00e9 locale. Chaque arrondissement offre des sp\u00e9cificit\u00e9s, des <strong>Festa Major de Gr\u00e0cia<\/strong> \u00e0 la <strong>F\u00eate du Poble Sec<\/strong>, f\u00eates de rue r\u00e9unissant artistes, habitants et visiteurs dans une communion unique.\n  <\/p>\n<h2>Gastronomie barcelonaise : exp\u00e9riences tapas et d\u00e9couvertes authentiques<\/h2>\n<p>\n    Le plaisir d\u2019un week-end barcelonais passe par l\u2019assiette, tant la sc\u00e8ne culinaire catalane est foisonnante. Loin des clich\u00e9s, la tapas se d\u00e9cline ici en <strong>recettes singuli\u00e8res<\/strong> m\u00ealant produits locaux, h\u00e9ritage m\u00e9diterran\u00e9en et invention. Nous recommandons d\u2019arpenter le mythique <strong>march\u00e9 de la Boqueria<\/strong> sur les <strong>Ramblas<\/strong>, remarquable pour ses \u00e9tals de <u>jambon ib\u00e9rique, fromages affin\u00e9s et fruits exotiques<\/u>.\n  <\/p>\n<ul>\n<li><strong>El Xampanyet<\/strong> (proche du <strong>Museu Picasso<\/strong>) : institution catalane pour savourer <u>cava maison et anchois marin\u00e9s<\/u>.<\/li>\n<li><strong>La Cova Fumada<\/strong> dans le quartier de la Barceloneta : adresse confidentielle, c\u00e9l\u00e8bre pour ses <u>\u00ab\u00a0bombas\u00a0\u00bb<\/u>, croquettes \u00e9pic\u00e9es \u00e0 base de pommes de terre et viande.<\/li>\n<li><strong>Taverna El Glop<\/strong> (Gr\u00e0cia) : r\u00e9f\u00e9rence pour la <u>cal\u00e7otada<\/u>, repas typique autour de l\u2019oignon grill\u00e9 catalan (saisonnalit\u00e9 hivernale, de <strong>janvier \u00e0 mars<\/strong>).<\/li>\n<\/ul>\n<p>\n    Les amateurs de d\u00e9couvertes peuvent s\u2019essayer aux bars du <strong>Poble-sec<\/strong>, quartier en renaissance, o\u00f9 la sc\u00e8ne bistronomique multiplie les exp\u00e9riences audacieuses (tapas fusion, cocktails signatures). La convivialit\u00e9 reste la cl\u00e9, renforc\u00e9e par des <u>plats \u00e0 partager et une profusion de saveurs de saison<\/u>.\n  <\/p>\n<h2>Activit\u00e9s de plein air et loisirs baln\u00e9aires \u00e0 Barcelone<\/h2>\n<p>\n    La <strong>M\u00e9diterran\u00e9e<\/strong> fa\u00e7onne l&rsquo;identit\u00e9 de Barcelone, offrant un terrain de jeu exceptionnel du lever au coucher du soleil. Essayez la promenade en bord de mer sur les plages de la <strong>Barceloneta<\/strong>, de <strong>Bogatell<\/strong> ou de <strong>Mar Bella<\/strong>, reconnues pour leur entretien, leur accessibilit\u00e9 et la diversit\u00e9 d\u2019activit\u00e9s nautiques propos\u00e9es (stand-up paddle, kayak, volley-ball de plage).\n  <\/p>\n<ul>\n<li><strong>Location de v\u00e9los<\/strong> : circuit le long du front de mer, du <strong>Port Vell<\/strong> \u00e0 <strong>Diagonal Mar<\/strong>, id\u00e9al pour d\u00e9couvrir l\u2019urbanisme \u00e9cologique du XXIe si\u00e8cle.<\/li>\n<li><strong>Espaces verts<\/strong> : <u>parc de la Ciutadella<\/u>, s\u00e9ances de yoga collectives, course \u00e0 pied le matin, ou location de barques sur le lac principal.<\/li>\n<li><strong>Fontaine magique de Montju\u00efc<\/strong> : spectacle nocturne adul\u00e9 des Barcelonais, synchronisant jets d\u2019eau, lumi\u00e8res et musique depuis <strong>1929<\/strong>, \u00e9v\u00e9nement accessible gratuitement.<\/li>\n<\/ul>\n<p>\n    Les sportifs trouveront leur bonheur en participant \u00e0 des s\u00e9ances de <strong>running<\/strong> sur les <strong>Ramblas<\/strong> ou en rejoignant des rendez-vous cyclistes organis\u00e9s par le <strong>Bicing Barcelona<\/strong>, service public de location lanc\u00e9 en <strong>2007<\/strong>. Au fil des saisons, la ville s\u2019adapte en multipliant les offres de loisirs open air.\n  <\/p>\n<h2>Vie nocturne et \u00e9v\u00e9nements culturels : immersion dans l&rsquo;\u00e9nergie barcelonaise<\/h2>\n<p>\n    D\u00e8s la tomb\u00e9e de la nuit, le visage de <strong>Barcelone<\/strong> se m\u00e9tamorphose, propuls\u00e9 par une vie nocturne parmi les plus intenses d\u2019Europe selon le <strong>Lonely Planet 2025<\/strong>. Les bars \u00e0 cocktails dans <strong>El Born<\/strong>, avec des mixologues tels que <strong>Marc Alvarez, fondateur de Sips<\/strong> (class\u00e9 <u>deuxi\u00e8me meilleur bar au monde 2024<\/u>), c\u00f4toient les clubs iconiques comme <strong>Razzmatazz<\/strong> ou <strong>Apolo<\/strong>, v\u00e9ritables institutions de la sc\u00e8ne \u00e9lectro et indie.\n  <\/p>\n<ul>\n<li><strong>Salle Palau de la M\u00fasica Catalana<\/strong> : concerts de jazz programm\u00e9s d\u00e8s <strong>octobre 2024<\/strong> avec plus de <u>60 repr\u00e9sentations<\/u> sur la saison.<\/li>\n<li><strong>Festival La Merc\u00e8<\/strong> (fin septembre), grande f\u00eate municipale r\u00e9unissant <u>pr\u00e8s de 2 millions de personnes<\/u> autour de concerts gratuits, d\u00e9fil\u00e9s pyrotechniques et spectacles dans toute la ville.<\/li>\n<li><strong>Festival Bachcelona<\/strong> (<u>juillet 2025<\/u>) : musique classique \u00e0 l\u2019honneur dans des lieux mythiques comme le Palau de la M\u00fasica ou le site moderniste de <strong>Sant Pau<\/strong>, sous la direction d\u2019artistes internationaux.<\/li>\n<li><strong>Cin\u00e9ma en plein air \u00e0 la plage de Sant Sebasti\u00e0<\/strong> (mi-juillet \u00e0 d\u00e9but ao\u00fbt), s\u00e9lection de films d\u2019auteur, projections gratuites, ambiance conviviale sous les \u00e9toiles.<\/li>\n<\/ul>\n<p>\n    Pour s\u2019impr\u00e9gner de la culture vivante catalane, rien de tel qu\u2019un concert de <strong>flamenco<\/strong> dans une taverne comme <strong>Tablao Cordob\u00e9s<\/strong>, ou la participation aux <u>Festa Major<\/u> (Festa Major de Gr\u00e0cia, Festa Major de Sants en ao\u00fbt), v\u00e9ritables concentr\u00e9s de traditions et de rencontres spontan\u00e9es entre habitants, artistes et voyageurs.\n  <\/p>\n<h2>Conseils d\u2019experts pour optimiser un week-end \u00e0 Barcelone<\/h2>\n<p>\n    Tirer le meilleur parti d\u2019un court s\u00e9jour requiert un peu d\u2019anticipation, surtout si l\u2019on souhaite \u00e9chapper \u00e0 la foule. Nous recommandons l\u2019acquisition d\u2019un <strong>pass combin\u00e9<\/strong> tel que la <strong>Barcelona Card<\/strong> ou l\u2019<strong>Articket BCN<\/strong>, cumulant <u>acc\u00e8s coupe-file \u00e0 plus de huit mus\u00e9es, d\u00e9placements illimit\u00e9s en m\u00e9tro, tram et bus<\/u>.\n  <\/p>\n<table border=\"1\" cellspacing=\"0\" cellpadding=\"6\">\n<tr>\n<th>Produit<\/th>\n<th>Avantages<\/th>\n<th>Tarif indicatif<\/th>\n<th>O\u00f9 l\u2019obtenir<\/th>\n<\/tr>\n<tr>\n<td><strong>Barcelona Card<\/strong><\/td>\n<td><u>Transports illimit\u00e9s, entr\u00e9e gratuite dans mus\u00e9es<\/u><\/td>\n<td>45\u20ac (2 jours)<\/td>\n<td>Sites officiels, offices de tourisme<\/td>\n<\/tr>\n<tr>\n<td><strong>Articket BCN<\/strong><\/td>\n<td><u>Six grands mus\u00e9es d\u2019art \u00e0 tarif r\u00e9duit<\/u><\/td>\n<td>38\u20ac<\/td>\n<td>Online, billetteries partenaires<\/td>\n<\/tr>\n<\/table>\n<ul>\n<li>Utilisez l\u2019application <strong>TMB App<\/strong> pour suivre en temps r\u00e9el horaires et affluence dans les transports publics.<\/li>\n<li>V\u00e9rifiez les pr\u00e9visions m\u00e9t\u00e9orologiques via <strong>l\u2019Ag\u00e8ncia Estatal de Meteorologia<\/strong>, notamment aux saisons interm\u00e9diaires o\u00f9 des orages brefs mais intenses peuvent survenir.<\/li>\n<li>\u00c9vitez les vols \u00e0 la tire en utilisant des accessoires de s\u00e9curit\u00e9 (ceintures pochettes, sacs antifraude) dans les quartiers les plus fr\u00e9quent\u00e9s comme les <strong>Ramblas<\/strong>.<\/li>\n<\/ul>\n<p>\n    Anticiper les \u00e9v\u00e9nements majeurs tels que le <strong>Circuit Festival (ao\u00fbt)<\/strong> ou les foires professionnelles permet d\u2019adapter ses horaires de visite, en particulier pour l\u2019acc\u00e8s aux grandes expositions, mus\u00e9es ou monuments touch\u00e9s par les restrictions d\u2019acc\u00e8s temporaires.\n  <\/p>\n<h2>H\u00e9bergement \u00e0 Barcelone : quartier, budget et tendances actuelles<\/h2>\n<p>\n    L\u2019offre d\u2019h\u00e9bergement barcelonaise demeure parmi les plus vastes et dynamiques d\u2019Europe, s\u2019\u00e9talant des <strong>hostels dernier cri<\/strong> de la <strong>Vila de Gr\u00e0cia<\/strong> jusqu\u2019aux h\u00f4tels design du <strong>Passeig de Gr\u00e0cia<\/strong>. Les quartiers comme <strong>Gr\u00e0cia<\/strong> ou <strong>Poble-sec<\/strong> s\u00e9duisent pour leur atmosph\u00e8re chaleureuse et leurs petites pensions \u00e0 gestion familiale, r\u00e9put\u00e9es pour l\u2019accueil personnalis\u00e9.\n  <\/p>\n<ul>\n<li><strong>Eixample<\/strong> (en particulier NDustria et Dreta de l\u2019Eixample)&nbsp;: h\u00f4tels 4*, appartements avec vue sur la <strong>Sagrada Fam\u00edlia<\/strong>, proximit\u00e9 des grandes enseignes et du quartier gastronomique Sant Antoni.<\/li>\n<li><strong>Location d\u2019appartement (Airbnb, Booking.com, Apartur Barcelona)<\/strong> : s\u00e9lection privil\u00e9gi\u00e9e autour du <strong>parc de la Ciutadella<\/strong> ou de l\u2019<strong>avenue Gaud\u00ed<\/strong>, id\u00e9ale pour les familles ou groupes d\u2019amis.<\/li>\n<li><strong>Auberges de jeunesse modernes<\/strong> (<strong>Generator Barcelona<\/strong>, <strong>St Christopher\u2019s Inn<\/strong>)&nbsp;: infrastructures fonctionnelles, atmosph\u00e8re internationale, petit-d\u00e9jeuner inclus, \u00e0 partir de 30\u20ac la nuit\u00e9e si r\u00e9servation anticip\u00e9e.<\/li>\n<\/ul>\n<p>\n    Depuis <u>2018<\/u>, la <strong>ville de Barcelone<\/strong> a renforc\u00e9 l\u2019encadrement des locations touristiques et mis en place des quotas pour pr\u00e9server l\u2019\u00e9quilibre r\u00e9sidentiel : privil\u00e9gions toujours les plateformes agr\u00e9\u00e9es garantissant s\u00e9curit\u00e9 et qualit\u00e9. Les p\u00e9riodes de haute fr\u00e9quentation, notamment <u>de mai \u00e0 septembre<\/u>, imposent de r\u00e9server plusieurs semaines \u00e0 l\u2019avance pour obtenir le meilleur rapport qualit\u00e9-prix.\n  <\/p>\n<h2>Conclusion : Profiter pleinement de l\u2019exp\u00e9rience barcelonaise<\/h2>\n<p>\n    S\u2019offrir un week-end \u00e0 <strong>Barcelone<\/strong>, c\u2019est conjuguer inspirations artistiques, plaisirs gustatifs et instants de partage port\u00e9s par l\u2019accueil chaleureux d\u2019une grande capitale de M\u00e9diterran\u00e9e. Gr\u00e2ce \u00e0 notre s\u00e9lection d\u2019itin\u00e9raires balis\u00e9s, d\u2019adresses authentiques reconnues (de la <strong>Sagrada Fam\u00edlia<\/strong> \u00e0 la <strong>Fontaine magique de Montju\u00efc<\/strong>), \u00e9v\u00e9nements exceptionnels (comme <strong>La Merc\u00e8<\/strong>, le <strong>Festival Bachcelona<\/strong> ou le cin\u00e9ma sur la plage) et astuces concr\u00e8tes (pass touristiques, choix d\u2019h\u00e9bergement), chaque visiteur, passionn\u00e9 d\u2019histoire, fin gourmet ou fl\u00e2neur, repart avec une exp\u00e9rience renouvel\u00e9e. D\u00e9couvrir Barcelone, c\u2019est accepter de se laisser surprendre, de multiplier les rencontres et d\u2019embrasser la diversit\u00e9 catalane pour savourer chaque instant, en toute saison.\n  <\/p>\n<div style=\"background: #e8f4f8;border: 3px solid #0073aa;padding: 20px;margin: 20px 0;border-radius: 8px\">\n<h2 style=\"color: #0073aa;text-align: center;margin-bottom: 15px\">\ud83d\udd27 Ressources Pratiques et Outils<\/h2>\n<div style=\"background: white;padding: 15px;margin: 10px 0;border-left: 4px solid #007bff\">\n<h3 style=\"color: #007bff;margin-bottom: 10px\">\ud83d\udee0\ufe0f Outils et Calculateurs<\/h3>\n<p>Pour plus d&rsquo;informations sur la location de voiture, visitez le site officiel d&rsquo;<strong>Enterprise<\/strong> : <a href=\"https:\/\/www.enterprise.com\/en\/car-rental-locations\/es\/barcelona-el-prat-airport-e5e1.html\" target=\"_blank\" rel=\"nofollow\">Enterprise Rent-A-Car<\/a>.<\/p>\n<\/div>\n<div style=\"background: white;padding: 15px;margin: 10px 0;border-left: 4px solid #6f42c1\">\n<h3 style=\"color: #6f42c1;margin-bottom: 10px\">\ud83d\udc65 Communaut\u00e9 et Experts<\/h3>\n<p>Participez \u00e0 des \u00e9v\u00e9nements comme <strong>The Enterprise Summit 2025<\/strong> sur les technologies et l&rsquo;IA, qui se tiendra \u00e0 l&rsquo;<strong>H\u00f4tel W Barcelona<\/strong>, Pla\u00e7a Rosa Del Vents, 1, 08039 Barcelona. Plus d&rsquo;infos : <a href=\"https:\/\/exertisenterprise.com\/summit\/\" target=\"_blank\" rel=\"nofollow\">The Enterprise Summit<\/a>.<\/p>\n<\/div>\n<div style=\"background: #fff3cd;padding: 15px;margin: 15px 0;border: 2px solid #ffc107;border-radius: 5px\">\n<strong style=\"color: #856404\">\ud83d\udca1 R\u00e9sum\u00e9 en 2 lignes :<\/strong><br \/>\n<span>Pour un week-end \u00e0 Barcelone, pensez \u00e0 louer un v\u00e9hicule chez Enterprise pour explorer la ville facilement. Ne manquez pas les \u00e9v\u00e9nements comme The Enterprise Summit pour enrichir votre exp\u00e9rience.<\/span>\n<\/div>\n<\/div>\n","protected":false},"excerpt":{"rendered":"","protected":false},"author":34,"featured_media":7658,"comment_status":"open","ping_status":"open","sticky":false,"template":"","format":"standard","meta":{"_acf_changed":false,"manual_indexmenow":false,"indexmenow_id_project":0,"footnotes":""},"categories":[4520],"tags":[4734,4736,4735],"class_list":["post-7656","post","type-post","status-publish","format-standard","has-post-thumbnail","hentry","category-histoire-et-culture","tag-barcelone-voyage","tag-que-faire","tag-week-end","generate-columns","tablet-grid-50","mobile-grid-100","grid-parent","grid-25"],"acf":[],"yoast_head":"<!-- This site is optimized with the Yoast SEO Premium plugin v21.3 (Yoast SEO v25.6) - https:\/\/yoast.com\/wordpress\/plugins\/seo\/ -->\n<title>Week-end \u00e0 Barcelone : que faire, incontournables<\/title>\n<meta name=\"description\" content=\"Impossible de d\u00e9buter une escapade \u00e0 Barcelone sans explorer les \u0153uvres majeures d\u2019Antoni Gaud\u00ed, ma\u00eetre du modernisme catalan honor\u00e9 par l\u2019UNESCO\" \/>\n<meta name=\"robots\" content=\"index, follow, max-snippet:-1, max-image-preview:large, max-video-preview:-1\" \/>\n<link rel=\"canonical\" href=\"https:\/\/greenwichmeridien.fr\/blog\/histoire-et-culture\/week-end-a-barcelone-que-faire\/\" \/>\n<meta property=\"og:locale\" content=\"fr_FR\" \/>\n<meta property=\"og:type\" content=\"article\" \/>\n<meta property=\"og:title\" content=\"Week-end \u00e0 Barcelone : que faire, incontournables\" \/>\n<meta property=\"og:description\" content=\"Impossible de d\u00e9buter une escapade \u00e0 Barcelone sans explorer les \u0153uvres majeures d\u2019Antoni Gaud\u00ed, ma\u00eetre du modernisme catalan honor\u00e9 par l\u2019UNESCO\" \/>\n<meta property=\"og:url\" content=\"https:\/\/greenwichmeridien.fr\/blog\/histoire-et-culture\/week-end-a-barcelone-que-faire\/\" \/>\n<meta property=\"og:site_name\" content=\"greenwichmeridien\" \/>\n<meta property=\"og:image\" content=\"https:\/\/greenwichmeridien.fr\/blog\/wp-content\/uploads\/2025\/08\/pag-image-68924ad1c9218-scaled.png\" \/>\n\t<meta property=\"og:image:width\" content=\"1200\" \/>\n\t<meta property=\"og:image:height\" content=\"686\" \/>\n\t<meta property=\"og:image:type\" content=\"image\/png\" \/>\n<meta name=\"author\" content=\"Samuel Chalmin\" \/>\n<meta name=\"twitter:card\" content=\"summary_large_image\" \/>\n<script type=\"application\/ld+json\" class=\"yoast-schema-graph\">{\"@context\":\"https:\/\/schema.org\",\"@graph\":[{\"@type\":\"NewsArticle\",\"@id\":\"https:\/\/greenwichmeridien.fr\/blog\/histoire-et-culture\/week-end-a-barcelone-que-faire\/#article\",\"isPartOf\":{\"@id\":\"https:\/\/greenwichmeridien.fr\/blog\/histoire-et-culture\/week-end-a-barcelone-que-faire\/\"},\"author\":{\"name\":\"Samuel Chalmin\",\"@id\":\"https:\/\/greenwichmeridien.fr\/blog\/#\/schema\/person\/3c864cdc320801e3db34b663e7e3f816\"},\"headline\":\"week end a barcelone que faire\",\"datePublished\":\"2025-08-28T07:55:00+00:00\",\"dateModified\":\"2026-08-24T23:47:37+00:00\",\"mainEntityOfPage\":{\"@id\":\"https:\/\/greenwichmeridien.fr\/blog\/histoire-et-culture\/week-end-a-barcelone-que-faire\/\"},\"wordCount\":1787,\"commentCount\":0,\"publisher\":{\"@id\":\"https:\/\/greenwichmeridien.fr\/blog\/#organization\"},\"image\":{\"@id\":\"https:\/\/greenwichmeridien.fr\/blog\/histoire-et-culture\/week-end-a-barcelone-que-faire\/#primaryimage\"},\"thumbnailUrl\":\"https:\/\/greenwichmeridien.fr\/blog\/wp-content\/uploads\/2025\/08\/pag-image-68924ad1c9218-scaled.png\",\"keywords\":[\"barcelone voyage\",\"que faire\",\"week end\"],\"articleSection\":[\"Histoire et Culture\"],\"inLanguage\":\"fr-FR\",\"potentialAction\":[{\"@type\":\"CommentAction\",\"name\":\"Comment\",\"target\":[\"https:\/\/greenwichmeridien.fr\/blog\/histoire-et-culture\/week-end-a-barcelone-que-faire\/#respond\"]}]},{\"@type\":\"WebPage\",\"@id\":\"https:\/\/greenwichmeridien.fr\/blog\/histoire-et-culture\/week-end-a-barcelone-que-faire\/\",\"url\":\"https:\/\/greenwichmeridien.fr\/blog\/histoire-et-culture\/week-end-a-barcelone-que-faire\/\",\"name\":\"Week-end \u00e0 Barcelone : que faire, incontournables\",\"isPartOf\":{\"@id\":\"https:\/\/greenwichmeridien.fr\/blog\/#website\"},\"primaryImageOfPage\":{\"@id\":\"https:\/\/greenwichmeridien.fr\/blog\/histoire-et-culture\/week-end-a-barcelone-que-faire\/#primaryimage\"},\"image\":{\"@id\":\"https:\/\/greenwichmeridien.fr\/blog\/histoire-et-culture\/week-end-a-barcelone-que-faire\/#primaryimage\"},\"thumbnailUrl\":\"https:\/\/greenwichmeridien.fr\/blog\/wp-content\/uploads\/2025\/08\/pag-image-68924ad1c9218-scaled.png\",\"datePublished\":\"2025-08-28T07:55:00+00:00\",\"dateModified\":\"2026-08-24T23:47:37+00:00\",\"description\":\"Impossible de d\u00e9buter une escapade \u00e0 Barcelone sans explorer les \u0153uvres majeures d\u2019Antoni Gaud\u00ed, ma\u00eetre du modernisme catalan honor\u00e9 par l\u2019UNESCO\",\"inLanguage\":\"fr-FR\",\"potentialAction\":[{\"@type\":\"ReadAction\",\"target\":[\"https:\/\/greenwichmeridien.fr\/blog\/histoire-et-culture\/week-end-a-barcelone-que-faire\/\"]}]},{\"@type\":\"ImageObject\",\"inLanguage\":\"fr-FR\",\"@id\":\"https:\/\/greenwichmeridien.fr\/blog\/histoire-et-culture\/week-end-a-barcelone-que-faire\/#primaryimage\",\"url\":\"https:\/\/greenwichmeridien.fr\/blog\/wp-content\/uploads\/2025\/08\/pag-image-68924ad1c9218-scaled.png\",\"contentUrl\":\"https:\/\/greenwichmeridien.fr\/blog\/wp-content\/uploads\/2025\/08\/pag-image-68924ad1c9218-scaled.png\",\"width\":1200,\"height\":686,\"caption\":\"Image g\u00e9n\u00e9r\u00e9e par IA optimis\u00e9e pour Google Discover\"},{\"@type\":\"WebSite\",\"@id\":\"https:\/\/greenwichmeridien.fr\/blog\/#website\",\"url\":\"https:\/\/greenwichmeridien.fr\/blog\/\",\"name\":\"Greenwich M\u00e9ridien\",\"description\":\"Greenwich M\u00e9ridien, le rep\u00e8re du temps et du voyage\",\"publisher\":{\"@id\":\"https:\/\/greenwichmeridien.fr\/blog\/#organization\"},\"alternateName\":\"Greenwich M\u00e9ridien, le rep\u00e8re du temps et du voyage\",\"potentialAction\":[{\"@type\":\"SearchAction\",\"target\":{\"@type\":\"EntryPoint\",\"urlTemplate\":\"https:\/\/greenwichmeridien.fr\/blog\/?s={search_term_string}\"},\"query-input\":{\"@type\":\"PropertyValueSpecification\",\"valueRequired\":true,\"valueName\":\"search_term_string\"}}],\"inLanguage\":\"fr-FR\"},{\"@type\":\"Organization\",\"@id\":\"https:\/\/greenwichmeridien.fr\/blog\/#organization\",\"name\":\"Greenwich M\u00e9ridien\",\"alternateName\":\"Greenwich M\u00e9ridien\",\"url\":\"https:\/\/greenwichmeridien.fr\/blog\/\",\"logo\":{\"@type\":\"ImageObject\",\"inLanguage\":\"fr-FR\",\"@id\":\"https:\/\/greenwichmeridien.fr\/blog\/#\/schema\/logo\/image\/\",\"url\":\"https:\/\/greenwichmeridien.fr\/blog\/wp-content\/uploads\/2024\/12\/greenwichmeridien.png\",\"contentUrl\":\"https:\/\/greenwichmeridien.fr\/blog\/wp-content\/uploads\/2024\/12\/greenwichmeridien.png\",\"width\":500,\"height\":500,\"caption\":\"Greenwich M\u00e9ridien\"},\"image\":{\"@id\":\"https:\/\/greenwichmeridien.fr\/blog\/#\/schema\/logo\/image\/\"}},{\"@type\":\"Person\",\"@id\":\"https:\/\/greenwichmeridien.fr\/blog\/#\/schema\/person\/3c864cdc320801e3db34b663e7e3f816\",\"name\":\"Samuel Chalmin\",\"image\":{\"@type\":\"ImageObject\",\"inLanguage\":\"fr-FR\",\"@id\":\"https:\/\/greenwichmeridien.fr\/blog\/#\/schema\/person\/image\/\",\"url\":\"https:\/\/secure.gravatar.com\/avatar\/cef3677de7d237273d13053728f9470818581a8a27d9bf6f5039fd18508a905f?s=96&d=mm&r=g\",\"contentUrl\":\"https:\/\/secure.gravatar.com\/avatar\/cef3677de7d237273d13053728f9470818581a8a27d9bf6f5039fd18508a905f?s=96&d=mm&r=g\",\"caption\":\"Samuel Chalmin\"},\"description\":\"R\u00e9dacteur du site, il suit les questions de temps et de calendrier : m\u00e9ridien de Greenwich, heure GMT et UTC, fuseaux horaires, changement d'heure, ann\u00e9es bissextiles et jours f\u00e9ri\u00e9s.\",\"sameAs\":[\"https:\/\/samuelchalmin.fr\/\"],\"url\":\"https:\/\/greenwichmeridien.fr\/blog\/auteur\/noname\/\"}]}<\/script>\n<!-- \/ Yoast SEO Premium plugin. -->","yoast_head_json":{"title":"Week-end \u00e0 Barcelone : que faire, incontournables","description":"Impossible de d\u00e9buter une escapade \u00e0 Barcelone sans explorer les \u0153uvres majeures d\u2019Antoni Gaud\u00ed, ma\u00eetre du modernisme catalan honor\u00e9 par l\u2019UNESCO","robots":{"index":"index","follow":"follow","max-snippet":"max-snippet:-1","max-image-preview":"max-image-preview:large","max-video-preview":"max-video-preview:-1"},"canonical":"https:\/\/greenwichmeridien.fr\/blog\/histoire-et-culture\/week-end-a-barcelone-que-faire\/","og_locale":"fr_FR","og_type":"article","og_title":"Week-end \u00e0 Barcelone : que faire, incontournables","og_description":"Impossible de d\u00e9buter une escapade \u00e0 Barcelone sans explorer les \u0153uvres majeures d\u2019Antoni Gaud\u00ed, ma\u00eetre du modernisme catalan honor\u00e9 par l\u2019UNESCO","og_url":"https:\/\/greenwichmeridien.fr\/blog\/histoire-et-culture\/week-end-a-barcelone-que-faire\/","og_site_name":"greenwichmeridien","og_image":[{"width":1200,"height":686,"url":"https:\/\/greenwichmeridien.fr\/blog\/wp-content\/uploads\/2025\/08\/pag-image-68924ad1c9218-scaled.png","type":"image\/png"}],"author":"Samuel Chalmin","twitter_card":"summary_large_image","schema":{"@context":"https:\/\/schema.org","@graph":[{"@type":"NewsArticle","@id":"https:\/\/greenwichmeridien.fr\/blog\/histoire-et-culture\/week-end-a-barcelone-que-faire\/#article","isPartOf":{"@id":"https:\/\/greenwichmeridien.fr\/blog\/histoire-et-culture\/week-end-a-barcelone-que-faire\/"},"author":{"name":"Samuel Chalmin","@id":"https:\/\/greenwichmeridien.fr\/blog\/#\/schema\/person\/3c864cdc320801e3db34b663e7e3f816"},"headline":"week end a barcelone que faire","datePublished":"2025-08-28T07:55:00+00:00","dateModified":"2026-08-24T23:47:37+00:00","mainEntityOfPage":{"@id":"https:\/\/greenwichmeridien.fr\/blog\/histoire-et-culture\/week-end-a-barcelone-que-faire\/"},"wordCount":1787,"commentCount":0,"publisher":{"@id":"https:\/\/greenwichmeridien.fr\/blog\/#organization"},"image":{"@id":"https:\/\/greenwichmeridien.fr\/blog\/histoire-et-culture\/week-end-a-barcelone-que-faire\/#primaryimage"},"thumbnailUrl":"https:\/\/greenwichmeridien.fr\/blog\/wp-content\/uploads\/2025\/08\/pag-image-68924ad1c9218-scaled.png","keywords":["barcelone voyage","que faire","week end"],"articleSection":["Histoire et Culture"],"inLanguage":"fr-FR","potentialAction":[{"@type":"CommentAction","name":"Comment","target":["https:\/\/greenwichmeridien.fr\/blog\/histoire-et-culture\/week-end-a-barcelone-que-faire\/#respond"]}]},{"@type":"WebPage","@id":"https:\/\/greenwichmeridien.fr\/blog\/histoire-et-culture\/week-end-a-barcelone-que-faire\/","url":"https:\/\/greenwichmeridien.fr\/blog\/histoire-et-culture\/week-end-a-barcelone-que-faire\/","name":"Week-end \u00e0 Barcelone : que faire, incontournables","isPartOf":{"@id":"https:\/\/greenwichmeridien.fr\/blog\/#website"},"primaryImageOfPage":{"@id":"https:\/\/greenwichmeridien.fr\/blog\/histoire-et-culture\/week-end-a-barcelone-que-faire\/#primaryimage"},"image":{"@id":"https:\/\/greenwichmeridien.fr\/blog\/histoire-et-culture\/week-end-a-barcelone-que-faire\/#primaryimage"},"thumbnailUrl":"https:\/\/greenwichmeridien.fr\/blog\/wp-content\/uploads\/2025\/08\/pag-image-68924ad1c9218-scaled.png","datePublished":"2025-08-28T07:55:00+00:00","dateModified":"2026-08-24T23:47:37+00:00","description":"Impossible de d\u00e9buter une escapade \u00e0 Barcelone sans explorer les \u0153uvres majeures d\u2019Antoni Gaud\u00ed, ma\u00eetre du modernisme catalan honor\u00e9 par l\u2019UNESCO","inLanguage":"fr-FR","potentialAction":[{"@type":"ReadAction","target":["https:\/\/greenwichmeridien.fr\/blog\/histoire-et-culture\/week-end-a-barcelone-que-faire\/"]}]},{"@type":"ImageObject","inLanguage":"fr-FR","@id":"https:\/\/greenwichmeridien.fr\/blog\/histoire-et-culture\/week-end-a-barcelone-que-faire\/#primaryimage","url":"https:\/\/greenwichmeridien.fr\/blog\/wp-content\/uploads\/2025\/08\/pag-image-68924ad1c9218-scaled.png","contentUrl":"https:\/\/greenwichmeridien.fr\/blog\/wp-content\/uploads\/2025\/08\/pag-image-68924ad1c9218-scaled.png","width":1200,"height":686,"caption":"Image g\u00e9n\u00e9r\u00e9e par IA optimis\u00e9e pour Google Discover"},{"@type":"WebSite","@id":"https:\/\/greenwichmeridien.fr\/blog\/#website","url":"https:\/\/greenwichmeridien.fr\/blog\/","name":"Greenwich M\u00e9ridien","description":"Greenwich M\u00e9ridien, le rep\u00e8re du temps et du voyage","publisher":{"@id":"https:\/\/greenwichmeridien.fr\/blog\/#organization"},"alternateName":"Greenwich M\u00e9ridien, le rep\u00e8re du temps et du voyage","potentialAction":[{"@type":"SearchAction","target":{"@type":"EntryPoint","urlTemplate":"https:\/\/greenwichmeridien.fr\/blog\/?s={search_term_string}"},"query-input":{"@type":"PropertyValueSpecification","valueRequired":true,"valueName":"search_term_string"}}],"inLanguage":"fr-FR"},{"@type":"Organization","@id":"https:\/\/greenwichmeridien.fr\/blog\/#organization","name":"Greenwich M\u00e9ridien","alternateName":"Greenwich M\u00e9ridien","url":"https:\/\/greenwichmeridien.fr\/blog\/","logo":{"@type":"ImageObject","inLanguage":"fr-FR","@id":"https:\/\/greenwichmeridien.fr\/blog\/#\/schema\/logo\/image\/","url":"https:\/\/greenwichmeridien.fr\/blog\/wp-content\/uploads\/2024\/12\/greenwichmeridien.png","contentUrl":"https:\/\/greenwichmeridien.fr\/blog\/wp-content\/uploads\/2024\/12\/greenwichmeridien.png","width":500,"height":500,"caption":"Greenwich M\u00e9ridien"},"image":{"@id":"https:\/\/greenwichmeridien.fr\/blog\/#\/schema\/logo\/image\/"}},{"@type":"Person","@id":"https:\/\/greenwichmeridien.fr\/blog\/#\/schema\/person\/3c864cdc320801e3db34b663e7e3f816","name":"Samuel Chalmin","image":{"@type":"ImageObject","inLanguage":"fr-FR","@id":"https:\/\/greenwichmeridien.fr\/blog\/#\/schema\/person\/image\/","url":"https:\/\/secure.gravatar.com\/avatar\/cef3677de7d237273d13053728f9470818581a8a27d9bf6f5039fd18508a905f?s=96&d=mm&r=g","contentUrl":"https:\/\/secure.gravatar.com\/avatar\/cef3677de7d237273d13053728f9470818581a8a27d9bf6f5039fd18508a905f?s=96&d=mm&r=g","caption":"Samuel Chalmin"},"description":"R\u00e9dacteur du site, il suit les questions de temps et de calendrier : m\u00e9ridien de Greenwich, heure GMT et UTC, fuseaux horaires, changement d'heure, ann\u00e9es bissextiles et jours f\u00e9ri\u00e9s.","sameAs":["https:\/\/samuelchalmin.fr\/"],"url":"https:\/\/greenwichmeridien.fr\/blog\/auteur\/noname\/"}]}},"_links":{"self":[{"href":"https:\/\/greenwichmeridien.fr\/blog\/wp-json\/wp\/v2\/posts\/7656","targetHints":{"allow":["GET"]}}],"collection":[{"href":"https:\/\/greenwichmeridien.fr\/blog\/wp-json\/wp\/v2\/posts"}],"about":[{"href":"https:\/\/greenwichmeridien.fr\/blog\/wp-json\/wp\/v2\/types\/post"}],"author":[{"embeddable":true,"href":"https:\/\/greenwichmeridien.fr\/blog\/wp-json\/wp\/v2\/users\/34"}],"replies":[{"embeddable":true,"href":"https:\/\/greenwichmeridien.fr\/blog\/wp-json\/wp\/v2\/comments?post=7656"}],"version-history":[{"count":1,"href":"https:\/\/greenwichmeridien.fr\/blog\/wp-json\/wp\/v2\/posts\/7656\/revisions"}],"predecessor-version":[{"id":7677,"href":"https:\/\/greenwichmeridien.fr\/blog\/wp-json\/wp\/v2\/posts\/7656\/revisions\/7677"}],"wp:featuredmedia":[{"embeddable":true,"href":"https:\/\/greenwichmeridien.fr\/blog\/wp-json\/wp\/v2\/media\/7658"}],"wp:attachment":[{"href":"https:\/\/greenwichmeridien.fr\/blog\/wp-json\/wp\/v2\/media?parent=7656"}],"wp:term":[{"taxonomy":"category","embeddable":true,"href":"https:\/\/greenwichmeridien.fr\/blog\/wp-json\/wp\/v2\/categories?post=7656"},{"taxonomy":"post_tag","embeddable":true,"href":"https:\/\/greenwichmeridien.fr\/blog\/wp-json\/wp\/v2\/tags?post=7656"}],"curies":[{"name":"wp","href":"https:\/\/api.w.org\/{rel}","templated":true}]}}