{"id":7662,"date":"2025-09-04T09:29:00","date_gmt":"2025-09-04T07:29:00","guid":{"rendered":"https:\/\/greenwichmeridien.fr\/blog\/?p=7662"},"modified":"2026-08-25T01:47:37","modified_gmt":"2026-08-24T23:47:37","slug":"les-incontournables-de-lisbonne-et-ses-alentours-histoire-sites-et-conseils","status":"publish","type":"post","link":"https:\/\/greenwichmeridien.fr\/blog\/voyages-et-destinations\/les-incontournables-de-lisbonne-et-ses-alentours-histoire-sites-et-conseils\/","title":{"rendered":"Les incontournables de Lisbonne et ses alentours : histoire, sites et conseils"},"content":{"rendered":"<h1>D\u00e9couvrir Lisbonne et ses Alentours : Une Aventure au Coeur du Portugal<\/h1>\n<h2>Les Incontournables \u00e0 Explorer \u00e0 Lisbonne<\/h2>\n<p>\nLa capitale lusitanienne abrite une mosa\u00efque de sites historiques, \u00e0 l\u2019image de la <strong>Tour de Bel\u00e9m<\/strong> \u2013 embl\u00e8me de l\u2019\u00e8re des D\u00e9couvertes \u00e9rig\u00e9 au d\u00e9but du XVIe si\u00e8cle sur les bords du <strong>Tage<\/strong> \u2013, et du <strong>Monast\u00e8re des Hi\u00e9ronymites<\/strong>, chef-d\u2019\u0153uvre du style manu\u00e9lin figurant au patrimoine mondial de l\u2019<strong>UNESCO<\/strong>. La visite de ces joyaux s\u2019appr\u00e9cie davantage en d\u00e9but de journ\u00e9e, loin de l\u2019affluence estivale qui double lors des mois de juillet et ao\u00fbt. Le <strong>Ch\u00e2teau de Saint-Georges<\/strong>, forteresse d\u2019origine arabe dominant l\u2019Alfama, offre une <u>vue panoramique \u00e0 360? sur la ville et le fleuve<\/u>.\n<\/p>\n<ul>\n<li><strong>Tour de Bel\u00e9m<\/strong>\u202f: acc\u00e8s principal ouvert de 10h \u00e0 18h30 (mai \u00e0 septembre), p\u00e9riode de forte affluence de 11h \u00e0 15h<\/li>\n<li><strong>Monast\u00e8re des Hi\u00e9ronymites<\/strong> : ferm\u00e9 le lundi, tarif adulte 12\u20ac, gratuit tous les premiers dimanches du mois<\/li>\n<li><strong>Castelo de S\u00e3o Jorge<\/strong> : ouvert toute l\u2019ann\u00e9e, billetterie en ligne pour \u00e9viter les files d\u2019attente<\/li>\n<\/ul>\n<p>\nPour d\u00e9couvrir la ville autrement, l\u2019ascension au point de vue du <strong>Miradouro da Senhora do Monte<\/strong> ou de <strong>Portas do Sol<\/strong> r\u00e9v\u00e8le des perspectives in\u00e9dites sur les toits de Lisbonne. Le quartier de <strong>l\u2019Alfama<\/strong>, plus ancien de la ville, se r\u00e9v\u00e8le au rythme du fado, au d\u00e9tour de ruelles \u00e9troites et d\u2019azulejos color\u00e9s. Les \u00e9v\u00e9nements marquent aussi l\u2019agenda\u202f: le <strong>Festival Peixe em Lisboa<\/strong> chaque printemps c\u00e9l\u00e8bre les produits de la mer, tandis que la <strong>Foire du Livre de Lisbonne<\/strong> attire plus de 500\u202f000 visiteurs entre mai et juin au <strong>Parc Eduardo VII<\/strong>.\n<\/p>\n<ul>\n<li><u>Quartiers recommand\u00e9s<\/u> : <strong>Chiado<\/strong>, <strong>Bairro Alto<\/strong>, <strong>Gr\u00e0\u00e7a<\/strong> pour une exp\u00e9rience nocturne anim\u00e9e<\/li>\n<li><u>\u00c9v\u00e9nements \u00e0 ne pas manquer<\/u> : <strong>Santos Populares<\/strong> (juin), <strong>Lisbon Art Weekend<\/strong> (novembre)<\/li>\n<\/ul>\n<h2>Voyager \u00e0 Sintra : Escapade dans un Patrimoine Class\u00e9 UNESCO<\/h2>\n<p>\nSitu\u00e9e \u00e0 moins de 30km, <strong>Sintra<\/strong> fascine par la densit\u00e9 de ses palais et jardins. Le <strong>Pal\u00e1cio Nacional da Pena<\/strong>, v\u00e9ritable folie romantique color\u00e9e du XIXe si\u00e8cle, attire plus de <u>2 millions de visiteurs en 2024<\/u>. Le <strong>Ch\u00e2teau des Maures<\/strong>, forteresse b\u00e2tie au IXe si\u00e8cle, permet de saisir d\u2019un coup d\u2019\u0153il la vall\u00e9e et l\u2019Atlantique.\n<\/p>\n<ul>\n<li><strong>Acc\u00e8s\u202f:<\/strong> train direct de la <strong>Gare du Rossio<\/strong> (Lisbonne) en 40 minutes, fr\u00e9quence toutes les 30 minutes, tarif 2,40\u20ac l\u2019aller-simple<\/li>\n<li><strong>Billetterie en ligne<\/strong>\u202f: coupe-file fortement recommand\u00e9 pour le <strong>Parque da Pena<\/strong> (entr\u00e9e adulte\u202f: 20\u20ac en 2025)<\/li>\n<li><strong>Dur\u00e9e optimale<\/strong>\u202f: une journ\u00e9e sur place permet de combiner <u>Pena, Maures et Quinta da Regaleira<\/u><\/li>\n<\/ul>\n<p>\nLes excursions guid\u00e9es priv\u00e9es ou en petits groupes, propos\u00e9es par des agences comme <strong>LX Travel Tours<\/strong>, conjuguent d\u00e9couverte de Sintra et d\u00e9tour jusqu\u2019au <strong>Cabo da Roca<\/strong>, point le plus occidental du continent europ\u00e9en. En haute saison, l\u2019affluence n\u00e9cessite d\u2019arriver avant 9h ou apr\u00e8s 16h pour profiter de la lumi\u00e8re dor\u00e9e sur les fa\u00efences et for\u00eats s\u00e9culaires du <strong>Parque da Pena<\/strong>. Sintra accueille chaque ann\u00e9e au printemps le <strong>Festival de la Lusophonie<\/strong>, c\u00e9l\u00e9brant l\u2019h\u00e9ritage colonial portugais.\n<\/p>\n<ul>\n<li><strong>Nombre de visiteurs\u202f:<\/strong> +7% par rapport \u00e0 2023 d\u2019apr\u00e8s l\u2019<strong>entit\u00e9 Parques de Sintra-Monte da Lua, S.A.<\/strong><\/li>\n<li><strong>Cas concret<\/strong> : la <u>visite combin\u00e9e Sintra\/Cascais via le circuit \u201cLisboa Wonders\u201d (125\u20ac\/personne)<\/u> propose l\u2019acc\u00e8s en bus, guides multilingues, entr\u00e9es prioritaires.<\/li>\n<\/ul>\n<h2>Cascais : Plages Atlantiques et Ambiance Festive<\/h2>\n<p>\nSur la c\u00f4te ouest, <strong>Cascais<\/strong> conjugue douceur de vivre et dynamisme c\u00f4tier. R\u00e9put\u00e9e pour ses plages de sable fin comme <strong>Praia da Rainha<\/strong> et <strong>Praia do Guincho<\/strong> (spot du <u>Championnat du Monde de Surf en septembre 2024<\/u>), cette ancienne vill\u00e9giature de la famille royale s\u2019est impos\u00e9e comme destination phare pour les activit\u00e9s nautiques et la vie nocturne. La <strong>Boca do Inferno<\/strong>, formation rocheuse spectaculaire, attire les photographes au coucher du soleil.\n<\/p>\n<ul>\n<li><strong>Activit\u00e9s nautiques<\/strong> : surf, planche \u00e0 voile, location de paddle, \u00e9coles labellis\u00e9es \u201cSurf Lisbonne\u201d<\/li>\n<li><strong>Plages reconnues<\/strong> : <u>Praia da Rainha<\/u> (sable blanc, eaux calmes), <u>Praia do Guincho<\/u> (vent\u00e9es, pour kitesurfers exp\u00e9riment\u00e9s)<\/li>\n<\/ul>\n<p>\nL\u2019offre gastronomique et festive s\u00e9duit\u202f: des \u00e9tablissements comme <strong>House of Wonders<\/strong> (cuisine m\u00e9diterran\u00e9enne inventive) et <strong>Hemingway Cascais<\/strong> (cocktails signature, vue port) ont re\u00e7u le <u>label \u201cTable to Watch\u201d en 2025 selon Portugal Restaurant Awards<\/u>. Le <strong>March\u00e9 nocturne Estoril Open<\/strong> anime le port, tandis que le festival <strong>Mare de Cascais<\/strong> met \u00e0 l\u2019honneur la sc\u00e8ne musicale locale et la street food chaque juillet. Une promenade \u00e0 v\u00e9lo sur la piste cyclable du littoral couvre 9km entre <strong>Cascais<\/strong> et la plage de <strong>Guincho<\/strong>, en longeant la <u>R\u00e9serve naturelle de Sintra-Cascais<\/u>.\n<\/p>\n<ul>\n<li><strong>Fr\u00e9quentation touristique\u202f:<\/strong> hausse de <u>12% \u00e0 l\u2019\u00e9t\u00e9 2024<\/u> avec une r\u00e9serve h\u00f4teli\u00e8re de 4\u202f800 chambres (source\u202f: <strong>C\u00e2mara Municipal de Cascais<\/strong>)<\/li>\n<li><strong>Endroits m\u00e9connus<\/strong> : <u>Praia da Cresmina<\/u>, <u>Fortaleza da Guia<\/u>, <u>March\u00e9 de Cascais (samedi matin)<\/u><\/li>\n<\/ul>\n<h2>Parcs et Jardins\u202f: La Nature comme Art de Vivre \u00e0 Lisbonne<\/h2>\n<p>\nLa qualit\u00e9 de vie lisbo\u00e8te s&rsquo;\u00e9panouit au c\u0153ur de ses nombreux espaces verts. Le <strong>Parc Eduardo VII<\/strong> \u2013 le plus vaste de la ville \u2013 s\u2019\u00e9tend sur 26 hectares, dominant l\u2019avenue de la <strong>Libert\u00e9<\/strong> et accueillant chaque printemps la <u>Foire annuelle du Livre (plus de 2 500 auteurs invit\u00e9s en 2024)<\/u>. Le <strong>Jardin botanique de Lisbonne<\/strong>, cr\u00e9\u00e9 en 1873, h\u00e9berge plus de <u>1300 esp\u00e8ces v\u00e9g\u00e9tales<\/u> dont des palmiers centenaires et des collections tropicales rares, class\u00e9es par la <strong>Global Botanic Gardens Consortium<\/strong>.\n<\/p>\n<ul>\n<li><strong>Parc Eduardo VII<\/strong> : accessible de 7h \u00e0 21h, id\u00e9al pour le <u>yoga<\/u>, le <u>pique-nique<\/u> ou l\u2019<u>observation ornithologique<\/u> (plus de 60 esp\u00e8ces recens\u00e9es, source : <strong>Soci\u00e9t\u00e9 portugaise d\u2019ornithologie<\/strong>)<\/li>\n<li><strong>Jardin botanique<\/strong> : entr\u00e9e 5\u20ac, visites guid\u00e9es ax\u00e9es sur la biodiversit\u00e9 locale<\/li>\n<\/ul>\n<p>\nNombreux parcs offrent des animations\u202f: march\u00e9 bio, ateliers pour enfants, s\u00e9ances de tai-chi. Les <strong>Serres d\u2019Estufa Fria<\/strong>, \u00e0 proximit\u00e9 du parc Eduardo VII, constituent une oasis urbaine abritant des expositions d\u2019art contemporain et un festival \u00e9co-responsable sur le climat en avril 2025.\n<\/p>\n<ul>\n<li><strong>Horaires suggestifs<\/strong> : matin\u00e9e (pour la tranquillit\u00e9), fin d\u2019apr\u00e8s-midi (lumi\u00e8re douce, photos)<\/li>\n<li><u>Manifestations \u00e9cologiques r\u00e9centes<\/u>\u202f: \u201cSemana Verde\u201d, \u201cLisbon Eco Week\u201d<\/li>\n<\/ul>\n<h2>Gastronomie Portugaise\u202f: Entre Traditions et Cr\u00e9ativit\u00e9<\/h2>\n<p>\nExplorer <strong>Lisbonne<\/strong>, c\u2019est go\u00fbter une gastronomie authentique\u202f: le <strong>bacalhau \u00e0 br\u00e1s<\/strong>, les <u>past\u00e9is de nata<\/u> de <strong>Past\u00e9is de Bel\u00e9m<\/strong>, ou encore les fruits de mer servis en abondance au <strong>Mercado da Ribeira<\/strong> (plus de <u>1100 tonnes de poissons et crustac\u00e9s vendues en 2024<\/u> selon <strong>Associa\u00e7\u00e3o Portuguesa de Empresas de Distribui\u00e7\u00e3o<\/strong>). Le <strong>Time Out Market Lisbon<\/strong>, inaugur\u00e9 en 2014, rassemble 38 stands de chefs renomm\u00e9s et attire 4 millions de gourmets chaque ann\u00e9e.\n<\/p>\n<ul>\n<li><strong>Restaurants embl\u00e9matiques<\/strong>\u202f: <u>Ramiro<\/u> (fruits de mer), <u>Cervejaria Trindade<\/u> (bi\u00e8res artisanales, plats traditionnels), <u>Time Out Market<\/u><\/li>\n<li><strong>March\u00e9s \u00e0 explorer<\/strong>\u202f: <u>Mercado de Campo de Ourique<\/u>, <u>Mercado da Baixa<\/u><\/li>\n<\/ul>\n<p>\nDes chefs tels que <strong>Jos\u00e9 Avillez, \u00e9toil\u00e9 Michelin<\/strong>, r\u00e9inventent la tradition avec leur <u>\u201cPolvo \u00e0 Lagareiro revisit\u00e9\u201d<\/u>. Les classements internationaux, \u00e0 l\u2019image du <strong>World\u2019s 50 Best Restaurants<\/strong>, placent en 2025 Lisbonne au rang des cinq sc\u00e8nes culinaires europ\u00e9ennes majeures. Pour commander comme un local, n\u2019h\u00e9sitez pas \u00e0 miser sur les <u>petiscos<\/u>, version portugaise des tapas, accompagn\u00e9s d\u2019un verre de <strong>vin vert<\/strong> ou de <strong>Ginja<\/strong> (liqueur de cerise).\n<\/p>\n<ul>\n<li><u>\u00c9v\u00e9nements gastronomiques annuels<\/u> : <strong>Peixe em Lisboa<\/strong>, <strong>Arraial Pride Food Festival<\/strong><\/li>\n<li><strong>Guide express<\/strong>\u202f: saluer (\u201cBom dia\u201d), demander une table (\u201cMesa para dois, por favor?\u201d), choisir le poisson du jour (\u201cQual \u00e9 o peixe fresco?\u201d)<\/li>\n<\/ul>\n<h2>Comment Se D\u00e9placer \u00e0 Lisbonne et dans la R\u00e9gion<\/h2>\n<p>\nLe r\u00e9seau de transport de <strong>Lisbonne<\/strong> compte parmi les plus efficaces et verts du sud de l\u2019Europe. Le <strong>m\u00e9tro<\/strong> (quatre lignes, horaires\u202f: 6h30-1h) dessert les principaux quartiers et le centre, tandis que les <strong>tramways historiques<\/strong> (notamment le c\u00e9l\u00e8bre <u>tram 28<\/u>) offrent une immersion dans l\u2019urbanisme lisbo\u00e8te. Les <strong>trains CP<\/strong> assurent la liaison avec <strong>Sintra<\/strong> et <strong>Cascais<\/strong> en moins de 45 minutes. <u>Uber<\/u>, <strong>Free Now<\/strong>, et les taxis officiels (tarif de base : 3,60\u20ac en 2025, suppl\u00e9ments nuit et week-end) compl\u00e8tent l\u2019offre.\n<\/p>\n<ul>\n<li><strong>Cartes recommand\u00e9es<\/strong>\u202f: <u>Lisboa Card<\/u> (\u00e0 partir de 21\u20ac\/24h &#8211; acc\u00e8s illimit\u00e9 aux transports urbains et mus\u00e9es majeurs)<\/li>\n<li><strong>Applications utiles<\/strong> : <u>Moovit<\/u> (planification), <u>CP &#8211; Comboios de Portugal<\/u> (horaires trains), <u>MB Way<\/u> (paiement mobile transports)<\/li>\n<\/ul>\n<p>\nLa ville mise sur l\u2019\u00e9cologie gr\u00e2ce \u00e0 ses <strong>tramways \u00e9lectriques<\/strong> et \u00e0 ses <u>800 v\u00e9hicules hybrides dans la flotte Carris<\/u> (op\u00e9rateur de transports publics, donn\u00e9es janvier 2025). Les embouteillages restent rares en dehors des heures de pointe, recommandant \u00e0 ceux en voiture de pr\u00e9voir une arriv\u00e9e en centre-ville avant 8h30. Pour une exp\u00e9rience locale, opter pour le funiculaire de la <strong>Bica<\/strong> (acc\u00e8s au Bairro Alto) ou le ferry vers <strong>Almada<\/strong> permet d\u2019admirer Lisbonne depuis l\u2019eau.\n<\/p>\n<ul>\n<li><u>Transport pour les familles<\/u>\u202f: tarifs r\u00e9duits enfants\/adolescents (-50%), poussettes accept\u00e9es, si\u00e8ges enfants disponibles pour les VTC<\/li>\n<li><u>Recommandation \u00e9cologique<\/u> : privil\u00e9gier le v\u00e9lo avec <strong>Gira Lisboa<\/strong> (parc de <u>2\u202f400 v\u00e9los en libre-service en 2025)<\/u><\/li>\n<\/ul>\n<h2>Conseils d\u2019Experts pour Pr\u00e9parer sa Visite \u00e0 Lisbonne et ses Alentours<\/h2>\n<p>\nPour maximiser votre s\u00e9jour, choisissez la p\u00e9riode la plus adapt\u00e9e selon les statistiques\u202f: <u>d\u2019octobre \u00e0 mai, la fr\u00e9quentation touristique est 30 \u00e0 40% inf\u00e9rieure \u00e0 celle des mois d\u2019\u00e9t\u00e9<\/u>, tandis que le climat reste doux (temp\u00e9ratures moyennes\u202f: 17 \u00e0 24?C). Les indispensables \u00e0 glisser dans vos bagages\u202f: baskets confortables (ville aux <strong>7 collines<\/strong>), veste l\u00e9g\u00e8re m\u00eame l\u2019\u00e9t\u00e9 (brise oc\u00e9anique), et adaptateur \u00e9lectrique de type C\/F.\n<\/p>\n<ul>\n<li><strong>M\u00e9t\u00e9o annuelle<\/strong>\u202f: pr\u00e9cipitations plus fr\u00e9quentes en novembre\/avril; \u00e9t\u00e9 tr\u00e8s sec, indices UV \u00e9lev\u00e9s<\/li>\n<li><strong>\u00c9quipements essentiels<\/strong>\u202f: chapeau, cr\u00e8me solaire, recharge externe, sac banane antivol<\/li>\n<\/ul>\n<p>\nLes restrictions sanitaires sont all\u00e9g\u00e9es\u202f: aucun test COVID-19 exig\u00e9 en ao\u00fbt 2025, mais le port du masque reste recommand\u00e9 dans les transports. Pour la s\u00e9curit\u00e9, privil\u00e9giez les quartiers centraux et surveillez sacs et objets de valeur dans les zones fr\u00e9quent\u00e9es. Le <strong>budget moyen<\/strong> d\u2019un s\u00e9jour de cinq jours, pour deux personnes, est de <u>980\u20ac tout compris<\/u> (chiffre <strong>Booking.com, janvier 2025<\/strong>), avec des solutions \u00e9conomiques via la location d\u2019appartements type <strong>Flatio<\/strong> ou les auberges labellis\u00e9es <strong>Hostelling International<\/strong>. Enfin, partez \u00e0 la d\u00e9couverte de <strong>Arr\u00e1bida<\/strong> (r\u00e9serve naturelle \u00e0 45 minutes), ou participez \u00e0 une soir\u00e9e \u201cNoite Branca\u201d dans les villages alentour, pour vivre des exp\u00e9riences hors sentiers battus.\n<\/p>\n<ul>\n<li><strong>Ressources officielles<\/strong>\u202f: <a href=\"https:\/\/www.visitlisboa.com\" target=\"_blank\" rel=\"nofollow\">Visit Lisboa<\/a>, <a href=\"https:\/\/www.turismodeportugal.pt\" target=\"_blank\" rel=\"nofollow\">Tourisme du Portugal<\/a><\/li>\n<li><strong>Check-list<\/strong>\u202f: r\u00e9servation h\u00e9bergement et activit\u00e9s, t\u00e9l\u00e9chargement appli transport, consultation m\u00e9t\u00e9o, scan pi\u00e8ce d&rsquo;identit\u00e9<\/li>\n<\/ul>\n<h2>Conclusion : Explorez Lisbonne et ses Alentours pour une Exp\u00e9rience Inoubliable<\/h2>\n<p>\nCe voyage \u00e0 travers <strong>Lisbonne et ses environs<\/strong> d\u00e9voile l\u2019\u00e9tendue exceptionnelle de l\u2019offre culturelle, historique, naturelle et gastronomique de la r\u00e9gion. Les <u>panoramas embl\u00e9matiques<\/u>, la <u>richesse des mus\u00e9es<\/u> et l\u2019<u>accueil chaleureux des Lisbo\u00e8tes<\/u> font de la capitale portugaise une destination \u00e0 la fois vivifiante et accessible toute l\u2019ann\u00e9e. <strong>Sintra<\/strong> et <strong>Cascais<\/strong>, avec leurs particularit\u00e9s et \u00e9v\u00e9nements phares, transforment chaque s\u00e9jour en exp\u00e9rience sur-mesure, riche en d\u00e9couvertes concr\u00e8tes et en \u00e9motions durables. Pour une immersion pleine d\u2019authenticit\u00e9, le recours \u00e0 des guides locaux et la participation \u00e0 la vie de quartier restent selon moi la cl\u00e9 d\u2019un s\u00e9jour r\u00e9ussi. N&rsquo;h\u00e9sitez pas \u00e0 solliciter des conseils personnalis\u00e9s aupr\u00e8s du site, pour fa\u00e7onner une aventure qui r\u00e9ponde pleinement \u00e0 vos attentes.\n<\/p>\n<div style=\"background: #e8f4f8;border: 3px solid #0073aa;padding: 20px;margin: 20px 0;border-radius: 8px\">\n<h2 style=\"color: #0073aa;text-align: center;margin-bottom: 15px\">\ud83d\udd27 Ressources Pratiques et Outils<\/h2>\n<div style=\"background: white;padding: 15px;margin: 10px 0;border-left: 4px solid #28a745\">\n<h3 style=\"color: #28a745;margin-bottom: 10px\">\ud83d\udccd Boutiques de D\u00e9coration et Artisanat \u00e0 Lisbonne<\/h3>\n<p>D\u00e9couvrez des boutiques uniques pour vos souvenirs et d\u00e9corations :<br \/>\n&#8211; <strong>Cavalo de Pau<\/strong> &#8211; Rua de S\u00e3o Bento, 164, Lisbonne<br \/>\n&#8211; <strong>Oficina \u00e0 Lapa<\/strong> &#8211; Rua Saraiva de Carvalho, 90, Lisbonne<br \/>\n&#8211; <strong>Casa das Velas do Loreto<\/strong> &#8211; Rua do Loreto, 53-55, Lisbonne<br \/>\nPour plus d&rsquo;options, consultez <a href=\"https:\/\/bonjourlisbonne.fr\/shopping-lisbonne\/\" target=\"_blank\" rel=\"nofollow\">cette liste compl\u00e8te<\/a>.<\/p>\n<\/div>\n<div style=\"background: white;padding: 15px;margin: 10px 0;border-left: 4px solid #007bff\">\n<h3 style=\"color: #007bff;margin-bottom: 10px\">\ud83d\udee0\ufe0f Outils et Calculateurs<\/h3>\n<p>Actuellement, aucune ressource sp\u00e9cifique d&rsquo;outils ou de calculateurs n&rsquo;a \u00e9t\u00e9 trouv\u00e9e pour Lisbonne. Pour des informations sur les croisi\u00e8res sur le Tage, visitez le site de <strong>FRS Portugal<\/strong> \u00e0 l&rsquo;adresse suivante : <a href=\"https:\/\/www.frs-portugal.pt\/fr\/a-propos-de-nous\" target=\"_blank\" rel=\"nofollow\">FRS Portugal<\/a>.<\/p>\n<\/div>\n<div style=\"background: white;padding: 15px;margin: 10px 0;border-left: 4px solid #6f42c1\">\n<h3 style=\"color: #6f42c1;margin-bottom: 10px\">\ud83d\udc65 Communaut\u00e9 et Experts<\/h3>\n<p>Pour des opportunit\u00e9s de networking et d&rsquo;\u00e9changes professionnels, envisagez de participer \u00e0 la <strong>Mission Enjeux Innovation et Transition \u00e9nerg\u00e9tique<\/strong> \u00e0 Lisbonne, pr\u00e9vue du 6 au 7 avril 2025. Plus d&rsquo;informations sur <a href=\"https:\/\/www.een-hautsdefrance.fr\" target=\"_blank\" rel=\"nofollow\">cette plateforme institutionnelle<\/a>.<\/p>\n<p>Rejoignez \u00e9galement la communaut\u00e9 de la <strong>French Tech Lisboa<\/strong> pour des \u00e9v\u00e9nements et des rencontres autour de l&rsquo;innovation.<\/p>\n<\/div>\n<div style=\"background: #fff3cd;padding: 15px;margin: 15px 0;border: 2px solid #ffc107;border-radius: 5px\">\n<strong style=\"color: #856404\">\ud83d\udca1 R\u00e9sum\u00e9 en 2 lignes :<\/strong><br \/>\n<span>Lisbonne offre une vari\u00e9t\u00e9 de boutiques artisanales et d&rsquo;opportunit\u00e9s de networking pour les professionnels. Explorez les ressources locales pour enrichir votre exp\u00e9rience dans cette capitale dynamique.<\/span>\n<\/div>\n<\/div>\n","protected":false},"excerpt":{"rendered":"","protected":false},"author":34,"featured_media":7664,"comment_status":"open","ping_status":"open","sticky":false,"template":"","format":"standard","meta":{"_acf_changed":false,"manual_indexmenow":false,"indexmenow_id_project":0,"footnotes":""},"categories":[4521],"tags":[4739,4550,4740],"class_list":["post-7662","post","type-post","status-publish","format-standard","has-post-thumbnail","hentry","category-voyages-et-destinations","tag-lisbonne","tag-patrimoine","tag-tourisme","generate-columns","tablet-grid-50","mobile-grid-100","grid-parent","grid-25"],"acf":[],"yoast_head":"<!-- This site is optimized with the Yoast SEO Premium plugin v21.3 (Yoast SEO v25.6) - https:\/\/yoast.com\/wordpress\/plugins\/seo\/ -->\n<title>Les incontournables de Lisbonne et ses alentours<\/title>\n<meta name=\"description\" content=\"La capitale lusitanienne abrite une mosa\u00efque de sites historiques, \u00e0 l\u2019image de la Tour de Bel\u00e9m \u2013 embl\u00e8me de l\u2019\u00e8re des D\u00e9couvertes \u00e9rig\u00e9 au d\u00e9but du XVIe\" \/>\n<meta name=\"robots\" content=\"index, follow, max-snippet:-1, max-image-preview:large, max-video-preview:-1\" \/>\n<link rel=\"canonical\" href=\"https:\/\/greenwichmeridien.fr\/blog\/voyages-et-destinations\/les-incontournables-de-lisbonne-et-ses-alentours-histoire-sites-et-conseils\/\" \/>\n<meta property=\"og:locale\" content=\"fr_FR\" \/>\n<meta property=\"og:type\" content=\"article\" \/>\n<meta property=\"og:title\" content=\"Les incontournables de Lisbonne et ses alentours\" \/>\n<meta property=\"og:description\" content=\"La capitale lusitanienne abrite une mosa\u00efque de sites historiques, \u00e0 l\u2019image de la Tour de Bel\u00e9m \u2013 embl\u00e8me de l\u2019\u00e8re des D\u00e9couvertes \u00e9rig\u00e9 au d\u00e9but du XVIe\" \/>\n<meta property=\"og:url\" content=\"https:\/\/greenwichmeridien.fr\/blog\/voyages-et-destinations\/les-incontournables-de-lisbonne-et-ses-alentours-histoire-sites-et-conseils\/\" \/>\n<meta property=\"og:site_name\" content=\"greenwichmeridien\" \/>\n<meta property=\"og:image\" content=\"https:\/\/greenwichmeridien.fr\/blog\/wp-content\/uploads\/2025\/08\/pag-image-68924b7fce56b-scaled.png\" \/>\n\t<meta property=\"og:image:width\" content=\"1200\" \/>\n\t<meta property=\"og:image:height\" content=\"686\" \/>\n\t<meta property=\"og:image:type\" content=\"image\/png\" \/>\n<meta name=\"author\" content=\"Samuel Chalmin\" \/>\n<meta name=\"twitter:card\" content=\"summary_large_image\" \/>\n<script type=\"application\/ld+json\" class=\"yoast-schema-graph\">{\"@context\":\"https:\/\/schema.org\",\"@graph\":[{\"@type\":\"NewsArticle\",\"@id\":\"https:\/\/greenwichmeridien.fr\/blog\/voyages-et-destinations\/les-incontournables-de-lisbonne-et-ses-alentours-histoire-sites-et-conseils\/#article\",\"isPartOf\":{\"@id\":\"https:\/\/greenwichmeridien.fr\/blog\/voyages-et-destinations\/les-incontournables-de-lisbonne-et-ses-alentours-histoire-sites-et-conseils\/\"},\"author\":{\"name\":\"Samuel Chalmin\",\"@id\":\"https:\/\/greenwichmeridien.fr\/blog\/#\/schema\/person\/3c864cdc320801e3db34b663e7e3f816\"},\"headline\":\"Les incontournables de Lisbonne et ses alentours : histoire, sites et conseils\",\"datePublished\":\"2025-09-04T07:29:00+00:00\",\"dateModified\":\"2026-08-24T23:47:37+00:00\",\"mainEntityOfPage\":{\"@id\":\"https:\/\/greenwichmeridien.fr\/blog\/voyages-et-destinations\/les-incontournables-de-lisbonne-et-ses-alentours-histoire-sites-et-conseils\/\"},\"wordCount\":2110,\"commentCount\":0,\"publisher\":{\"@id\":\"https:\/\/greenwichmeridien.fr\/blog\/#organization\"},\"image\":{\"@id\":\"https:\/\/greenwichmeridien.fr\/blog\/voyages-et-destinations\/les-incontournables-de-lisbonne-et-ses-alentours-histoire-sites-et-conseils\/#primaryimage\"},\"thumbnailUrl\":\"https:\/\/greenwichmeridien.fr\/blog\/wp-content\/uploads\/2025\/08\/pag-image-68924b7fce56b-scaled.png\",\"keywords\":[\"lisbonne\",\"patrimoine\",\"tourisme\"],\"articleSection\":[\"Voyages et Destinations\"],\"inLanguage\":\"fr-FR\",\"potentialAction\":[{\"@type\":\"CommentAction\",\"name\":\"Comment\",\"target\":[\"https:\/\/greenwichmeridien.fr\/blog\/voyages-et-destinations\/les-incontournables-de-lisbonne-et-ses-alentours-histoire-sites-et-conseils\/#respond\"]}]},{\"@type\":\"WebPage\",\"@id\":\"https:\/\/greenwichmeridien.fr\/blog\/voyages-et-destinations\/les-incontournables-de-lisbonne-et-ses-alentours-histoire-sites-et-conseils\/\",\"url\":\"https:\/\/greenwichmeridien.fr\/blog\/voyages-et-destinations\/les-incontournables-de-lisbonne-et-ses-alentours-histoire-sites-et-conseils\/\",\"name\":\"Les incontournables de Lisbonne et ses alentours\",\"isPartOf\":{\"@id\":\"https:\/\/greenwichmeridien.fr\/blog\/#website\"},\"primaryImageOfPage\":{\"@id\":\"https:\/\/greenwichmeridien.fr\/blog\/voyages-et-destinations\/les-incontournables-de-lisbonne-et-ses-alentours-histoire-sites-et-conseils\/#primaryimage\"},\"image\":{\"@id\":\"https:\/\/greenwichmeridien.fr\/blog\/voyages-et-destinations\/les-incontournables-de-lisbonne-et-ses-alentours-histoire-sites-et-conseils\/#primaryimage\"},\"thumbnailUrl\":\"https:\/\/greenwichmeridien.fr\/blog\/wp-content\/uploads\/2025\/08\/pag-image-68924b7fce56b-scaled.png\",\"datePublished\":\"2025-09-04T07:29:00+00:00\",\"dateModified\":\"2026-08-24T23:47:37+00:00\",\"description\":\"La capitale lusitanienne abrite une mosa\u00efque de sites historiques, \u00e0 l\u2019image de la Tour de Bel\u00e9m \u2013 embl\u00e8me de l\u2019\u00e8re des D\u00e9couvertes \u00e9rig\u00e9 au d\u00e9but du XVIe\",\"inLanguage\":\"fr-FR\",\"potentialAction\":[{\"@type\":\"ReadAction\",\"target\":[\"https:\/\/greenwichmeridien.fr\/blog\/voyages-et-destinations\/les-incontournables-de-lisbonne-et-ses-alentours-histoire-sites-et-conseils\/\"]}]},{\"@type\":\"ImageObject\",\"inLanguage\":\"fr-FR\",\"@id\":\"https:\/\/greenwichmeridien.fr\/blog\/voyages-et-destinations\/les-incontournables-de-lisbonne-et-ses-alentours-histoire-sites-et-conseils\/#primaryimage\",\"url\":\"https:\/\/greenwichmeridien.fr\/blog\/wp-content\/uploads\/2025\/08\/pag-image-68924b7fce56b-scaled.png\",\"contentUrl\":\"https:\/\/greenwichmeridien.fr\/blog\/wp-content\/uploads\/2025\/08\/pag-image-68924b7fce56b-scaled.png\",\"width\":1200,\"height\":686,\"caption\":\"Image g\u00e9n\u00e9r\u00e9e par IA optimis\u00e9e pour Google Discover\"},{\"@type\":\"WebSite\",\"@id\":\"https:\/\/greenwichmeridien.fr\/blog\/#website\",\"url\":\"https:\/\/greenwichmeridien.fr\/blog\/\",\"name\":\"Greenwich M\u00e9ridien\",\"description\":\"Greenwich M\u00e9ridien, le rep\u00e8re du temps et du voyage\",\"publisher\":{\"@id\":\"https:\/\/greenwichmeridien.fr\/blog\/#organization\"},\"alternateName\":\"Greenwich M\u00e9ridien, le rep\u00e8re du temps et du voyage\",\"potentialAction\":[{\"@type\":\"SearchAction\",\"target\":{\"@type\":\"EntryPoint\",\"urlTemplate\":\"https:\/\/greenwichmeridien.fr\/blog\/?s={search_term_string}\"},\"query-input\":{\"@type\":\"PropertyValueSpecification\",\"valueRequired\":true,\"valueName\":\"search_term_string\"}}],\"inLanguage\":\"fr-FR\"},{\"@type\":\"Organization\",\"@id\":\"https:\/\/greenwichmeridien.fr\/blog\/#organization\",\"name\":\"Greenwich M\u00e9ridien\",\"alternateName\":\"Greenwich M\u00e9ridien\",\"url\":\"https:\/\/greenwichmeridien.fr\/blog\/\",\"logo\":{\"@type\":\"ImageObject\",\"inLanguage\":\"fr-FR\",\"@id\":\"https:\/\/greenwichmeridien.fr\/blog\/#\/schema\/logo\/image\/\",\"url\":\"https:\/\/greenwichmeridien.fr\/blog\/wp-content\/uploads\/2024\/12\/greenwichmeridien.png\",\"contentUrl\":\"https:\/\/greenwichmeridien.fr\/blog\/wp-content\/uploads\/2024\/12\/greenwichmeridien.png\",\"width\":500,\"height\":500,\"caption\":\"Greenwich M\u00e9ridien\"},\"image\":{\"@id\":\"https:\/\/greenwichmeridien.fr\/blog\/#\/schema\/logo\/image\/\"}},{\"@type\":\"Person\",\"@id\":\"https:\/\/greenwichmeridien.fr\/blog\/#\/schema\/person\/3c864cdc320801e3db34b663e7e3f816\",\"name\":\"Samuel Chalmin\",\"image\":{\"@type\":\"ImageObject\",\"inLanguage\":\"fr-FR\",\"@id\":\"https:\/\/greenwichmeridien.fr\/blog\/#\/schema\/person\/image\/\",\"url\":\"https:\/\/secure.gravatar.com\/avatar\/cef3677de7d237273d13053728f9470818581a8a27d9bf6f5039fd18508a905f?s=96&d=mm&r=g\",\"contentUrl\":\"https:\/\/secure.gravatar.com\/avatar\/cef3677de7d237273d13053728f9470818581a8a27d9bf6f5039fd18508a905f?s=96&d=mm&r=g\",\"caption\":\"Samuel Chalmin\"},\"description\":\"R\u00e9dacteur du site, il suit les questions de temps et de calendrier : m\u00e9ridien de Greenwich, heure GMT et UTC, fuseaux horaires, changement d'heure, ann\u00e9es bissextiles et jours f\u00e9ri\u00e9s.\",\"sameAs\":[\"https:\/\/samuelchalmin.fr\/\"],\"url\":\"https:\/\/greenwichmeridien.fr\/blog\/auteur\/noname\/\"}]}<\/script>\n<!-- \/ Yoast SEO Premium plugin. -->","yoast_head_json":{"title":"Les incontournables de Lisbonne et ses alentours","description":"La capitale lusitanienne abrite une mosa\u00efque de sites historiques, \u00e0 l\u2019image de la Tour de Bel\u00e9m \u2013 embl\u00e8me de l\u2019\u00e8re des D\u00e9couvertes \u00e9rig\u00e9 au d\u00e9but du XVIe","robots":{"index":"index","follow":"follow","max-snippet":"max-snippet:-1","max-image-preview":"max-image-preview:large","max-video-preview":"max-video-preview:-1"},"canonical":"https:\/\/greenwichmeridien.fr\/blog\/voyages-et-destinations\/les-incontournables-de-lisbonne-et-ses-alentours-histoire-sites-et-conseils\/","og_locale":"fr_FR","og_type":"article","og_title":"Les incontournables de Lisbonne et ses alentours","og_description":"La capitale lusitanienne abrite une mosa\u00efque de sites historiques, \u00e0 l\u2019image de la Tour de Bel\u00e9m \u2013 embl\u00e8me de l\u2019\u00e8re des D\u00e9couvertes \u00e9rig\u00e9 au d\u00e9but du XVIe","og_url":"https:\/\/greenwichmeridien.fr\/blog\/voyages-et-destinations\/les-incontournables-de-lisbonne-et-ses-alentours-histoire-sites-et-conseils\/","og_site_name":"greenwichmeridien","og_image":[{"width":1200,"height":686,"url":"https:\/\/greenwichmeridien.fr\/blog\/wp-content\/uploads\/2025\/08\/pag-image-68924b7fce56b-scaled.png","type":"image\/png"}],"author":"Samuel Chalmin","twitter_card":"summary_large_image","schema":{"@context":"https:\/\/schema.org","@graph":[{"@type":"NewsArticle","@id":"https:\/\/greenwichmeridien.fr\/blog\/voyages-et-destinations\/les-incontournables-de-lisbonne-et-ses-alentours-histoire-sites-et-conseils\/#article","isPartOf":{"@id":"https:\/\/greenwichmeridien.fr\/blog\/voyages-et-destinations\/les-incontournables-de-lisbonne-et-ses-alentours-histoire-sites-et-conseils\/"},"author":{"name":"Samuel Chalmin","@id":"https:\/\/greenwichmeridien.fr\/blog\/#\/schema\/person\/3c864cdc320801e3db34b663e7e3f816"},"headline":"Les incontournables de Lisbonne et ses alentours : histoire, sites et conseils","datePublished":"2025-09-04T07:29:00+00:00","dateModified":"2026-08-24T23:47:37+00:00","mainEntityOfPage":{"@id":"https:\/\/greenwichmeridien.fr\/blog\/voyages-et-destinations\/les-incontournables-de-lisbonne-et-ses-alentours-histoire-sites-et-conseils\/"},"wordCount":2110,"commentCount":0,"publisher":{"@id":"https:\/\/greenwichmeridien.fr\/blog\/#organization"},"image":{"@id":"https:\/\/greenwichmeridien.fr\/blog\/voyages-et-destinations\/les-incontournables-de-lisbonne-et-ses-alentours-histoire-sites-et-conseils\/#primaryimage"},"thumbnailUrl":"https:\/\/greenwichmeridien.fr\/blog\/wp-content\/uploads\/2025\/08\/pag-image-68924b7fce56b-scaled.png","keywords":["lisbonne","patrimoine","tourisme"],"articleSection":["Voyages et Destinations"],"inLanguage":"fr-FR","potentialAction":[{"@type":"CommentAction","name":"Comment","target":["https:\/\/greenwichmeridien.fr\/blog\/voyages-et-destinations\/les-incontournables-de-lisbonne-et-ses-alentours-histoire-sites-et-conseils\/#respond"]}]},{"@type":"WebPage","@id":"https:\/\/greenwichmeridien.fr\/blog\/voyages-et-destinations\/les-incontournables-de-lisbonne-et-ses-alentours-histoire-sites-et-conseils\/","url":"https:\/\/greenwichmeridien.fr\/blog\/voyages-et-destinations\/les-incontournables-de-lisbonne-et-ses-alentours-histoire-sites-et-conseils\/","name":"Les incontournables de Lisbonne et ses alentours","isPartOf":{"@id":"https:\/\/greenwichmeridien.fr\/blog\/#website"},"primaryImageOfPage":{"@id":"https:\/\/greenwichmeridien.fr\/blog\/voyages-et-destinations\/les-incontournables-de-lisbonne-et-ses-alentours-histoire-sites-et-conseils\/#primaryimage"},"image":{"@id":"https:\/\/greenwichmeridien.fr\/blog\/voyages-et-destinations\/les-incontournables-de-lisbonne-et-ses-alentours-histoire-sites-et-conseils\/#primaryimage"},"thumbnailUrl":"https:\/\/greenwichmeridien.fr\/blog\/wp-content\/uploads\/2025\/08\/pag-image-68924b7fce56b-scaled.png","datePublished":"2025-09-04T07:29:00+00:00","dateModified":"2026-08-24T23:47:37+00:00","description":"La capitale lusitanienne abrite une mosa\u00efque de sites historiques, \u00e0 l\u2019image de la Tour de Bel\u00e9m \u2013 embl\u00e8me de l\u2019\u00e8re des D\u00e9couvertes \u00e9rig\u00e9 au d\u00e9but du XVIe","inLanguage":"fr-FR","potentialAction":[{"@type":"ReadAction","target":["https:\/\/greenwichmeridien.fr\/blog\/voyages-et-destinations\/les-incontournables-de-lisbonne-et-ses-alentours-histoire-sites-et-conseils\/"]}]},{"@type":"ImageObject","inLanguage":"fr-FR","@id":"https:\/\/greenwichmeridien.fr\/blog\/voyages-et-destinations\/les-incontournables-de-lisbonne-et-ses-alentours-histoire-sites-et-conseils\/#primaryimage","url":"https:\/\/greenwichmeridien.fr\/blog\/wp-content\/uploads\/2025\/08\/pag-image-68924b7fce56b-scaled.png","contentUrl":"https:\/\/greenwichmeridien.fr\/blog\/wp-content\/uploads\/2025\/08\/pag-image-68924b7fce56b-scaled.png","width":1200,"height":686,"caption":"Image g\u00e9n\u00e9r\u00e9e par IA optimis\u00e9e pour Google Discover"},{"@type":"WebSite","@id":"https:\/\/greenwichmeridien.fr\/blog\/#website","url":"https:\/\/greenwichmeridien.fr\/blog\/","name":"Greenwich M\u00e9ridien","description":"Greenwich M\u00e9ridien, le rep\u00e8re du temps et du voyage","publisher":{"@id":"https:\/\/greenwichmeridien.fr\/blog\/#organization"},"alternateName":"Greenwich M\u00e9ridien, le rep\u00e8re du temps et du voyage","potentialAction":[{"@type":"SearchAction","target":{"@type":"EntryPoint","urlTemplate":"https:\/\/greenwichmeridien.fr\/blog\/?s={search_term_string}"},"query-input":{"@type":"PropertyValueSpecification","valueRequired":true,"valueName":"search_term_string"}}],"inLanguage":"fr-FR"},{"@type":"Organization","@id":"https:\/\/greenwichmeridien.fr\/blog\/#organization","name":"Greenwich M\u00e9ridien","alternateName":"Greenwich M\u00e9ridien","url":"https:\/\/greenwichmeridien.fr\/blog\/","logo":{"@type":"ImageObject","inLanguage":"fr-FR","@id":"https:\/\/greenwichmeridien.fr\/blog\/#\/schema\/logo\/image\/","url":"https:\/\/greenwichmeridien.fr\/blog\/wp-content\/uploads\/2024\/12\/greenwichmeridien.png","contentUrl":"https:\/\/greenwichmeridien.fr\/blog\/wp-content\/uploads\/2024\/12\/greenwichmeridien.png","width":500,"height":500,"caption":"Greenwich M\u00e9ridien"},"image":{"@id":"https:\/\/greenwichmeridien.fr\/blog\/#\/schema\/logo\/image\/"}},{"@type":"Person","@id":"https:\/\/greenwichmeridien.fr\/blog\/#\/schema\/person\/3c864cdc320801e3db34b663e7e3f816","name":"Samuel Chalmin","image":{"@type":"ImageObject","inLanguage":"fr-FR","@id":"https:\/\/greenwichmeridien.fr\/blog\/#\/schema\/person\/image\/","url":"https:\/\/secure.gravatar.com\/avatar\/cef3677de7d237273d13053728f9470818581a8a27d9bf6f5039fd18508a905f?s=96&d=mm&r=g","contentUrl":"https:\/\/secure.gravatar.com\/avatar\/cef3677de7d237273d13053728f9470818581a8a27d9bf6f5039fd18508a905f?s=96&d=mm&r=g","caption":"Samuel Chalmin"},"description":"R\u00e9dacteur du site, il suit les questions de temps et de calendrier : m\u00e9ridien de Greenwich, heure GMT et UTC, fuseaux horaires, changement d'heure, ann\u00e9es bissextiles et jours f\u00e9ri\u00e9s.","sameAs":["https:\/\/samuelchalmin.fr\/"],"url":"https:\/\/greenwichmeridien.fr\/blog\/auteur\/noname\/"}]}},"_links":{"self":[{"href":"https:\/\/greenwichmeridien.fr\/blog\/wp-json\/wp\/v2\/posts\/7662","targetHints":{"allow":["GET"]}}],"collection":[{"href":"https:\/\/greenwichmeridien.fr\/blog\/wp-json\/wp\/v2\/posts"}],"about":[{"href":"https:\/\/greenwichmeridien.fr\/blog\/wp-json\/wp\/v2\/types\/post"}],"author":[{"embeddable":true,"href":"https:\/\/greenwichmeridien.fr\/blog\/wp-json\/wp\/v2\/users\/34"}],"replies":[{"embeddable":true,"href":"https:\/\/greenwichmeridien.fr\/blog\/wp-json\/wp\/v2\/comments?post=7662"}],"version-history":[{"count":1,"href":"https:\/\/greenwichmeridien.fr\/blog\/wp-json\/wp\/v2\/posts\/7662\/revisions"}],"predecessor-version":[{"id":7679,"href":"https:\/\/greenwichmeridien.fr\/blog\/wp-json\/wp\/v2\/posts\/7662\/revisions\/7679"}],"wp:featuredmedia":[{"embeddable":true,"href":"https:\/\/greenwichmeridien.fr\/blog\/wp-json\/wp\/v2\/media\/7664"}],"wp:attachment":[{"href":"https:\/\/greenwichmeridien.fr\/blog\/wp-json\/wp\/v2\/media?parent=7662"}],"wp:term":[{"taxonomy":"category","embeddable":true,"href":"https:\/\/greenwichmeridien.fr\/blog\/wp-json\/wp\/v2\/categories?post=7662"},{"taxonomy":"post_tag","embeddable":true,"href":"https:\/\/greenwichmeridien.fr\/blog\/wp-json\/wp\/v2\/tags?post=7662"}],"curies":[{"name":"wp","href":"https:\/\/api.w.org\/{rel}","templated":true}]}}