{"id":7668,"date":"2025-09-11T09:01:00","date_gmt":"2025-09-11T07:01:00","guid":{"rendered":"https:\/\/greenwichmeridien.fr\/blog\/?p=7668"},"modified":"2026-08-25T01:47:37","modified_gmt":"2026-08-24T23:47:37","slug":"pourquoi-la-cigarette-electronique-est-interdite-en-thailande-enjeux-legislatifs-et-consequences","status":"publish","type":"post","link":"https:\/\/greenwichmeridien.fr\/blog\/actualites-et-evenements\/pourquoi-la-cigarette-electronique-est-interdite-en-thailande-enjeux-legislatifs-et-consequences\/","title":{"rendered":"Pourquoi la cigarette \u00e9lectronique est interdite en Tha\u00eflande : enjeux l\u00e9gislatifs et cons\u00e9quences"},"content":{"rendered":"<h1>Pourquoi la cigarette \u00e9lectronique est interdite en Tha\u00eflande : Comprendre les enjeux l\u00e9gislatifs<\/h1>\n<h2>Le cadre l\u00e9gislatif en Tha\u00eflande et l&rsquo;interdiction du vapotage<\/h2>\n<p>\nLes restrictions sur la <strong>cigarette \u00e9lectronique<\/strong> sont entr\u00e9es en vigueur en <u>2014<\/u>. Le Parlement et le <strong>Minist\u00e8re de la Sant\u00e9 Publique de Tha\u00eflande<\/strong> ont interdit cat\u00e9goriquement la vente, l\u2019importation et la possession de dispositifs de vapotage, s\u2019appuyant sur une architecture juridique combinant <strong>lois sur la sant\u00e9<\/strong>, <strong>r\u00e9glementation douani\u00e8re<\/strong> et <strong>Code p\u00e9nal<\/strong>.<br \/>\nLa loi forme un ensemble particuli\u00e8rement r\u00e9pressif, orchestr\u00e9 par la <strong>police royale tha\u00eflandaise<\/strong> qui collabore \u00e9troitement avec la <strong>Direction de la Protection du Consommateur<\/strong> et le <strong>D\u00e9partement des Douanes<\/strong>.\n<\/p>\n<ul>\n<li>\n        <strong>Le 24 avril 2025<\/strong>, <strong>Anukul Prueksa-anurak<\/strong> &#8211; Porte-parole adjoint du gouvernement &#8211; annonce un renforcement spectaculaire des contr\u00f4les et la mise en place d\u2019un dispositif num\u00e9rique national via l\u2019application <strong>Thang Rath<\/strong>, permettant \u00e0 tout citoyen de signaler anonymement les infractions \u00e0 la loi anti-vape.\n    <\/li>\n<li>\n        La nouvelle r\u00e9glementation pr\u00e9voit l\u2019automatisation de la collecte des signalements et des syst\u00e8mes d\u2019alerte aupr\u00e8s des autorit\u00e9s locales, r\u00e9duisant \u00e0 moins de 48h le d\u00e9lai moyen de traitement des infractions annonc\u00e9es.\n    <\/li>\n<\/ul>\n<p>\nLa gen\u00e8se de cette dynamique s\u2019inscrit dans l\u2019internationalisation du d\u00e9bat sur la nicotine, la mont\u00e9e des  shops ? clandestins autour des campus scolaires \u00e0 <strong>Pathum Thani<\/strong>, ou encore la pression exerc\u00e9e par le puissant <strong>Thai Tobacco Monopoly<\/strong> depuis <u>2014<\/u>.<br \/>\nL\u2019\u00e9volution r\u00e9cente, illustr\u00e9e par l\u2019intensification des campagnes de m\u00e9diatisation et l\u2019usage massif de la d\u00e9nonciation citoyenne num\u00e9ris\u00e9e, fait du droit tha\u00eflandais sur la vape un cas d\u2019\u00e9cole en mati\u00e8re de politiques restrictives.\n<\/p>\n<h2>Les raisons de l&rsquo;interdiction des cigarettes \u00e9lectroniques<\/h2>\n<p>\nLe gouvernement justifie cette interdiction radicale par plusieurs arguments ancr\u00e9s dans l\u2019actualit\u00e9 sanitaire et sociale du royaume. <u>Pr\u00e9server la jeunesse<\/u> constitue le principal \u00e9tendard : selon les chiffres officiels, le taux de vapotage chez les 15-29 ans est pass\u00e9 de <strong>5,8% en 2019<\/strong> \u00e0 <u>12,2% en 2024<\/u>, impulsant une inqui\u00e9tude majeure parmi les responsables de la sant\u00e9.\n<\/p>\n<ul>\n<li>\n        <strong>H\u00f4pital Ramathibodi<\/strong> \u00e0 <strong>Bangkok<\/strong> a r\u00e9cemment \u00e9valu\u00e9 le co\u00fbt m\u00e9dical des pathologies pulmonaires associ\u00e9es \u00e0 la vape \u00e0 <u>306 millions de bahts<\/u> (soit environ 8 millions d&rsquo;euros) pour la seule ann\u00e9e 2024.\n    <\/li>\n<li>\n        Certains cas impliquent des hospitalisations de mineurs expos\u00e9s \u00e0 des m\u00e9langes de nicotine, d\u2019ar\u00f4mes chimiques, et parfois d\u2019huiles de cannabis, un ph\u00e9nom\u00e8ne signal\u00e9 par la <strong>Division de M\u00e9decine d\u2019Urgence<\/strong>.\n    <\/li>\n<li>\n        Les autorit\u00e9s sanitaires, avec le soutien de la section tha\u00eflandaise de l\u2019<strong>Organisation Mondiale de la Sant\u00e9 (OMS)<\/strong>, invoquent le  <strong>risque d\u2019effet passerelle<\/strong> ? : la vape agirait potentiellement comme point d\u2019entr\u00e9e vers la consommation de tabac conventionnel, notoirement plus meurtrier mais r\u00e9gul\u00e9 historiquement par l\u2019\u00c9tat.\n    <\/li>\n<\/ul>\n<p>\nLe moteur \u00e9conomique n\u2019est pas absent non plus. Le <strong>Minist\u00e8re du Commerce<\/strong> souligne la n\u00e9cessit\u00e9 de soutenir les <u>100 000 producteurs de tabac traditionnels<\/u> qui voient dans la vape un concurrent direct, d\u00e9stabilisant l\u2019\u00e9quilibre d\u2019une industrie centrale pour les provinces rurales.<br \/>\nFace \u00e0 la multiplication des boutiques ill\u00e9gales aliment\u00e9es par des produits chinois et malaisiens, la strat\u00e9gie gouvernementale pr\u00e9f\u00e8re la suppression pure et simple du march\u00e9, et non son r\u00e9gulation.\n<\/p>\n<h2>Sanctions encourues et cons\u00e9quences pour les contrevenants<\/h2>\n<p>\nLes peines pr\u00e9vues par la loi sont exceptionnellement s\u00e9v\u00e8res et touchent aussi bien les r\u00e9sidents tha\u00eflandais que les \u00e9trangers, sans distinction de nationalit\u00e9 ou de situation. <u>Depuis 2025<\/u>, le spectre des <strong>sanctions<\/strong> a encore \u00e9t\u00e9 \u00e9tendu, illustrant la volont\u00e9 du l\u00e9gislateur de frapper fort pour d\u00e9courager toute transgression.\n<\/p>\n<ul>\n<li>\n        <strong>Possession ou usage : <\/strong> jusqu\u2019\u00e0 <u>5 ans de prison<\/u> et une amende \u00e9quivalente \u00e0 quatre fois la valeur du produit saisi.\n    <\/li>\n<li>\n        <strong>Vente : <\/strong> jusqu\u2019\u00e0 <u>3 ans de privation de libert\u00e9<\/u> et jusqu\u2019\u00e0 <u>600 000 bahts d\u2019amende<\/u>.\n    <\/li>\n<li>\n        <strong>Importation : <\/strong> cat\u00e9gorie la plus risqu\u00e9e, jusqu\u2019\u00e0 <u>10 ans de prison<\/u> et une amende de cinq fois la valeur d\u00e9clar\u00e9e.\n    <\/li>\n<\/ul>\n<p>\nCes chiffres ne sont pas que th\u00e9oriques : plusieurs cas remarquables montrent leur mise en \u0153uvre. En janvier 2025, un touriste britannique a \u00e9t\u00e9 arr\u00eat\u00e9 \u00e0 l\u2019a\u00e9roport de <strong>Suvarnabhumi<\/strong> pour un vapoteur retrouv\u00e9 dans ses bagages, condamn\u00e9 \u00e0 trois ans de prison ferme puis lib\u00e9r\u00e9 sous caution apr\u00e8s paiement d\u2019une amende record.<br \/>\nLe dispositif <strong>Thang Rath<\/strong> d\u00e9multiplie les contr\u00f4les pr\u00e9ventifs. Depuis son lancement, les d\u00e9nonciations de citoyens ordinaires ont bondi de <u>130%<\/u>, incitant m\u00eame des vendeurs ambulants \u00e0 d\u00e9m\u00e9nager \u00e0 la fronti\u00e8re du <strong>Laos<\/strong>.\n<\/p>\n<h2>Implications pour les voyageurs et les expatri\u00e9s<\/h2>\n<p>\nVenir en Tha\u00eflande, c\u2019est accepter un cadre l\u00e9gal inflexible concernant le vapotage. De nombreux touristes \u2013 parfois par m\u00e9connaissance \u2013 ont fait l\u2019exp\u00e9rience am\u00e8re d\u2019une arrestation \u00e0 destination, de lourdes amendes et, dans certains cas, d\u2019expulsion. La simple pr\u00e9sence d\u2019un <strong>pod<\/strong> ou d\u2019un flacon de e-liquide dans ses effets personnels vous expose \u00e0 la confiscation imm\u00e9diate, voire \u00e0 l\u2019ouverture d\u2019une enqu\u00eate p\u00e9nale.\n<\/p>\n<ul>\n<li>\n        Les contr\u00f4les sont syst\u00e9matiques dans les a\u00e9roports internationaux tels que <strong>Don Mueang<\/strong> ou <strong>Suvarnabhumi<\/strong>, avec des brigades cynophiles ciblant sp\u00e9cifiquement les passagers europ\u00e9ens et sud-cor\u00e9ens.\n    <\/li>\n<li>\n        En 2024, plus de <u>87 touristes occidentaux<\/u> furent poursuivis pour infraction \u00e0 la loi anti-vape, la plupart rel\u00e2ch\u00e9s apr\u00e8s paiement d\u2019amendes exc\u00e9dant parfois <strong>40 000 bahts<\/strong>.\n    <\/li>\n<li>\n        T\u00e9moignages de voyageurs interrog\u00e9s \u00e0 <strong>Pattaya<\/strong> ou <strong>Koh Samui<\/strong> convergent :  Les autorit\u00e9s tha\u00eflandaises ne n\u00e9gocient pas et toute tentative de pot-de-vin aggrave la situation ?.\n    <\/li>\n<\/ul>\n<p>\nPour les expatri\u00e9s, m\u00eame usage discret ou priv\u00e9 du vapotage peut mener \u00e0 des d\u00e9nonciations par le voisinage, a priori motiv\u00e9es par les campagnes de civisme et de s\u00e9curit\u00e9 orchestr\u00e9es par le gouvernement. Les consulats occidentaux rappellent syst\u00e9matiquement \u00e0 leurs ressortissants de s&rsquo;informer sur la l\u00e9gislation locale avant le d\u00e9part, et d&rsquo;\u00e9viter strictement de voyager avec du mat\u00e9riel de vape \u2013 quel qu\u2019il soit.\n<\/p>\n<h2>R\u00e9actions de la communaut\u00e9 et mouvements pour le changement<\/h2>\n<p>\nFace \u00e0 l\u2019ultra-r\u00e9pression, la mobilisation citoyenne s\u2019intensifie dans la soci\u00e9t\u00e9 civile tha\u00eflandaise et \u00e0 l\u2019\u00e9tranger. <strong>Generation Sans Tabac Tha\u00eflande<\/strong>, soutenue par de jeunes m\u00e9decins issus des universit\u00e9s d\u2019<strong>Ayutthaya<\/strong> et de <strong>Chiang Mai<\/strong>, plaide pour une refonte du mod\u00e8le l\u00e9gislatif, jugeant l\u2019approche punitive inefficace \u00e0 endiguer la diffusion clandestine des produits de vape.<br \/>\nDes p\u00e9titions circulent depuis <u>fin 2024<\/u> sur les r\u00e9seaux sociaux, relay\u00e9es tant par l\u2019association <strong>Thai Vapers Club<\/strong> que par des entrepreneurs du e-commerce d\u00e9sireux d\u2019une r\u00e8glementation transparente.\n<\/p>\n<ul>\n<li>\n        Le <strong>Premier ministre Paetongtarn Shinawatra<\/strong>, affichant initialement une ouverture en faveur de la l\u00e9galisation du vapotage, fut pouss\u00e9 \u00e0 r\u00e9trop\u00e9daler apr\u00e8s la pression des associations de parents d\u2019\u00e9l\u00e8ves et du monopole du tabac.\n    <\/li>\n<li>\n        Quelques parlementaires et figures de l\u2019opposition, comme <strong>Dr. Suthat Chottanapund<\/strong> (ex-d\u00e9put\u00e9 de <strong>Rangsit<\/strong>), organisent depuis mai 2025 des forums publics sur la n\u00e9cessit\u00e9 d\u2019un contr\u00f4le sanitaire plut\u00f4t qu\u2019une prohibition.\n    <\/li>\n<li>\n        L\u2019effet viral des campagnes Twitter #VapeLegalThai et #EndTheBan t\u00e9moigne d\u2019une fracture entre la jeunesse urbaine et les autorit\u00e9s conservatrices, sans pour l\u2019instant renverser l\u2019\u00e9quilibre d\u00e9cisionnel \u00e0 l\u2019Assembl\u00e9e nationale.\n    <\/li>\n<\/ul>\n<p>\nNous assistons \u00e0 l\u2019\u00e9mergence d\u2019un clivage g\u00e9n\u00e9rationnel autour de la gestion du risque, o\u00f9 les arguments de r\u00e9duction des d\u00e9g\u00e2ts sont d\u00e9sormais soutenus par des publications internationales et notamment les recommandations de la <strong>Global Tobacco Harm Reduction Group<\/strong>.\n<\/p>\n<h2>Comparatif r\u00e9gional : positions des voisins asiatiques face au vapotage<\/h2>\n<p>\nLe choix tha\u00eflandais s\u2019inscrit dans un contexte r\u00e9gional tr\u00e8s polaris\u00e9. L\u2019<strong>Asie du Sud-Est<\/strong> est travers\u00e9e par tous les mod\u00e8les possibles, du bannissement total \u00e0 la r\u00e9gulation avanc\u00e9e.\n<\/p>\n<table border=\"1\" cellpadding=\"4\" style=\"border-collapse:collapse\">\n<thead>\n<tr>\n<th>Pays<\/th>\n<th>Statut de la cigarette \u00e9lectronique<\/th>\n<th>Sanction maximale<\/th>\n<th>Donn\u00e9es cl\u00e9s<\/th>\n<\/tr>\n<\/thead>\n<tbody>\n<tr>\n<td><strong>Tha\u00eflande<\/strong><\/td>\n<td><u>Interdiction totale<\/u><\/td>\n<td>10 ans de prison &#8211; 5x valeur produit<\/td>\n<td><u>Hausse du vapotage de 5,8% \u00e0 12,2% (2019-2024)<\/u><\/td>\n<\/tr>\n<tr>\n<td><strong>Singapour<\/strong><\/td>\n<td>Interdiction stricte<\/td>\n<td>2 ans de prison &#8211; 10 000 SGD d&rsquo;amende<\/td>\n<td>98,2% respect de l\u2019interdiction en 2024<\/td>\n<\/tr>\n<tr>\n<td><strong>Malaisie<\/strong><\/td>\n<td>L\u00e9gal sous licence depuis 2024<\/td>\n<td>6 mois de prison<\/td>\n<td>Baisse de 38% du vapotage adolescent en 1 an<\/td>\n<\/tr>\n<tr>\n<td><strong>Philippines<\/strong><\/td>\n<td>R\u00e9glementation partielle<\/td>\n<td>Amende 2000 PHP<\/td>\n<td>Mise en place de zones sans vape dans 112 villes depuis 2023<\/td>\n<\/tr>\n<tr>\n<td><strong>Vietnam<\/strong><\/td>\n<td>Zonage municipal<\/td>\n<td>Meshup selon ville\/province<\/td>\n<td>R\u00e9glementation flottante en 2025<\/td>\n<\/tr>\n<\/tbody>\n<\/table>\n<p>\nSi la <strong>Malaisie<\/strong> a opt\u00e9 d\u00e8s avril 2024 pour un mod\u00e8le de licences contr\u00f4l\u00e9es, g\u00e9n\u00e9rant une baisse effective de la consommation adolescente, d\u2019autres \u00c9tats comme <strong>Singapour<\/strong> conservent le principe d\u2019interdiction pure, avec un taux de respect de la loi surpassant m\u00eame la Tha\u00eflande. Les donn\u00e9es issues du <strong>WHO Southeast Asia Regional Office<\/strong> indiquent ainsi une forte corr\u00e9lation entre r\u00e9pression stricte et migration vers le march\u00e9 noir.\n<\/p>\n<ul>\n<li>\n        La Tha\u00eflande se distingue par la s\u00e9v\u00e9rit\u00e9 des peines et la g\u00e9n\u00e9ralisation des outils num\u00e9riques de contr\u00f4le.\n    <\/li>\n<li>\n        Aucun de ses voisins n\u2019a adopt\u00e9 un mod\u00e8le aussi centralis\u00e9 de d\u00e9nonciation citoyenne.<\/li>\n<\/ul>\n<p>\nCette diversit\u00e9 r\u00e9gionale rend la Tha\u00eflande paradoxalement r\u00e9siliente mais aussi isol\u00e9e, alors que les flux de vapoteuses transitent massivement par le <strong>Laos<\/strong> et le <strong>Cambodge<\/strong>, illustrant la persistance d\u2019un contournement des fronti\u00e8res.\n<\/p>\n<h2>Perspectives d&rsquo;avenir pour le vapotage en Tha\u00eflande<\/h2>\n<p>\nSi la trajectoire semble aujourd\u2019hui implacablement restrictive, plusieurs \u00e9l\u00e9ments pourraient bousculer la doctrine d\u2019ici la prochaine d\u00e9cennie. L\u2019essor de la <strong>r\u00e9duction des risques<\/strong>, d\u00e9fendue par des groupes de pression tha\u00eflandais, appuy\u00e9s par des \u00e9tudes r\u00e9centes publi\u00e9es dans le <strong>British Medical Journal<\/strong>, met lentement en cause la pertinence de la criminalisation pure et simple du vapotage.<br \/>\nLa pression \u00e9conomique, \u00e9voqu\u00e9e par la <strong>Chambre de Commerce franco-tha\u00eflandaise<\/strong> (2025), se fait elle aussi sentir : la tension monte entre les op\u00e9rateurs touristiques et le gouvernement, ceux-ci arguant d\u2019une perte de fr\u00e9quentation occidentale (-4,2% au premier semestre 2025 selon le <strong>Thai Tourism Board<\/strong>).\n<\/p>\n<ul>\n<li>\n        Les d\u00e9bats parlementaires restent tr\u00e8s polaris\u00e9s, avec une majorit\u00e9 conservatrice mais des signaux d\u2019ouverture port\u00e9s par certains d\u00e9put\u00e9s de la nouvelle g\u00e9n\u00e9ration urbaine.\n    <\/li>\n<li>\n        L\u2019\u00e9volution de la <strong>loi sur le cannabis m\u00e9dicinal<\/strong> et le pr\u00e9c\u00e9dent de la d\u00e9p\u00e9nalisation partielle pourraient ouvrir la porte \u00e0 un sc\u00e9nario d\u2019encadrement progressif du march\u00e9 de la vape d\u2019ici 2030.\n    <\/li>\n<\/ul>\n<p>\nNotre avis, fond\u00e9 sur l\u2019\u00e9tude des tendances r\u00e9gionales et les vell\u00e9it\u00e9s de modernisation exprim\u00e9es lors du <strong>Congr\u00e8s National Tha\u00eflandais sur la Sant\u00e9 Publique<\/strong> en mars 2025, est que la Tha\u00eflande ne pourra \u00e9ternellement demeurer une terre d\u2019exception. Si la science venait \u00e0 prouver de fa\u00e7on plus robuste l\u2019int\u00e9r\u00eat du vapotage dans la strat\u00e9gie anti-tabac, l\u2019\u00c9tat tha\u00eflandais pourrait logiquement s\u2019aligner sur une politique de r\u00e9gulation plut\u00f4t que de bannissement total.\n<\/p>\n<h2>Conclusion : Synth\u00e8se et r\u00e9flexions finales sur le vapotage en Tha\u00eflande<\/h2>\n<p>\nL\u2019interdiction persistante et aggrav\u00e9e de la <strong>cigarette \u00e9lectronique<\/strong> en Tha\u00eflande r\u00e9v\u00e8le \u00e0 la fois une pr\u00e9occupation l\u00e9gitime pour la <u>sant\u00e9 publique des jeunes g\u00e9n\u00e9rations<\/u> et une volont\u00e9 de contr\u00f4le social inspir\u00e9e par la crainte de march\u00e9s parall\u00e8les. Si la s\u00e9v\u00e9rit\u00e9 du dispositif l\u00e9gal dissuade la plupart des usages visibles, il nourrit aussi une \u00e9conomie grise que seule une r\u00e9gulation transparente pourrait ma\u00eetriser. \u00c0 l\u2019heure de la r\u00e9duction des risques et de l\u2019ouverture progressive des cadres r\u00e9glementaires voisins, la Tha\u00eflande h\u00e9rite d\u2019une image partag\u00e9e : celle d\u2019un \u00c9tat protecteur, mais isol\u00e9, dont la strat\u00e9gie \u00e0 long terme reste incertaine. Nous pensons que seule une adaptation aux nouvelles donn\u00e9es scientifiques et \u00e0 l\u2019\u00e9volution des attentes soci\u00e9tales permettra de r\u00e9concilier enjeux sanitaires, s\u00e9curit\u00e9 juridique et attractivit\u00e9 touristique du royaume.\n<\/p>\n<div style=\"background: #e8f4f8;border: 3px solid #0073aa;padding: 20px;margin: 20px 0;border-radius: 8px\">\n<h2 style=\"color: #0073aa;text-align: center;margin-bottom: 15px\">\ud83d\udd27 Ressources Pratiques et Outils<\/h2>\n<div style=\"background: white;padding: 15px;margin: 10px 0;border-left: 4px solid #007bff\">\n<h3 style=\"color: #007bff;margin-bottom: 10px\">\ud83d\udee0\ufe0f Outils et Calculateurs<\/h3>\n<p>\nPour la gestion de votre boutique sp\u00e9cialis\u00e9e, plusieurs plateformes de e-commerce comme <a href=\"https:\/\/www.lepetitvapoteur.com\" target=\"_blank\" rel=\"nofollow\">Le Petit Vapoteur<\/a>, <a href=\"https:\/\/www.kumulusvape.fr\" target=\"_blank\" rel=\"nofollow\">Kumulus Vape<\/a>, et <a href=\"https:\/\/www.cigusto.com\" target=\"_blank\" rel=\"nofollow\">Cigusto<\/a> offrent des outils d&rsquo;automatisation et de gestion de stock int\u00e9gr\u00e9s.\n<\/p>\n<\/div>\n<div style=\"background: white;padding: 15px;margin: 10px 0;border-left: 4px solid #6f42c1\">\n<h3 style=\"color: #6f42c1;margin-bottom: 10px\">\ud83d\udc65 Communaut\u00e9 et Experts<\/h3>\n<p>\nRejoignez des forums sp\u00e9cialis\u00e9s tels que <a href=\"http:\/\/forum.ecigarette-public.com\" target=\"_blank\" rel=\"nofollow\">Ecigarette-public<\/a> et <a href=\"http:\/\/www.lavapeducoeur.fr\" target=\"_blank\" rel=\"nofollow\">La Vape Du C\u0153ur<\/a> pour \u00e9changer avec d&rsquo;autres passionn\u00e9s. Vous pouvez \u00e9galement consulter <a href=\"https:\/\/oneshotmedia.fr\" target=\"_blank\" rel=\"nofollow\">Oneshotmedia<\/a> pour des ressources suppl\u00e9mentaires.\n<\/p>\n<\/div>\n<div style=\"background: #fff3cd;padding: 15px;margin: 15px 0;border: 2px solid #ffc107;border-radius: 5px\">\n<strong style=\"color: #856404\">\ud83d\udca1 R\u00e9sum\u00e9 en 2 lignes :<\/strong><br \/>\n<span>En France, le march\u00e9 du vapotage est soutenu par de nombreuses entreprises et ressources en ligne. Les prix des kits de cigarette \u00e9lectronique varient de 30 \u00e0 90 \u20ac, tandis que les flacons d&rsquo;e-liquide co\u00fbtent entre 4,50 et 6 \u20ac.<\/span>\n<\/div>\n<\/div>\n","protected":false},"excerpt":{"rendered":"","protected":false},"author":34,"featured_media":7670,"comment_status":"open","ping_status":"open","sticky":false,"template":"","format":"standard","meta":{"_acf_changed":false,"manual_indexmenow":false,"indexmenow_id_project":0,"footnotes":""},"categories":[4523],"tags":[4743,4744,2540],"class_list":["post-7668","post","type-post","status-publish","format-standard","has-post-thumbnail","hentry","category-actualites-et-evenements","tag-cigarette-electronique","tag-legislation-thailande","tag-sante-publique","generate-columns","tablet-grid-50","mobile-grid-100","grid-parent","grid-25"],"acf":[],"yoast_head":"<!-- This site is optimized with the Yoast SEO Premium plugin v21.3 (Yoast SEO v25.6) - https:\/\/yoast.com\/wordpress\/plugins\/seo\/ -->\n<title>Cigarette \u00e9lectronique interdite en Tha\u00eflande : enjeux<\/title>\n<meta name=\"description\" content=\"Les restrictions sur la cigarette \u00e9lectronique sont entr\u00e9es en vigueur en 2014. Le Parlement et le Minist\u00e8re de la Sant\u00e9 Publique de Tha\u00eflande ont\" \/>\n<meta name=\"robots\" content=\"index, follow, max-snippet:-1, max-image-preview:large, max-video-preview:-1\" \/>\n<link rel=\"canonical\" href=\"https:\/\/greenwichmeridien.fr\/blog\/actualites-et-evenements\/pourquoi-la-cigarette-electronique-est-interdite-en-thailande-enjeux-legislatifs-et-consequences\/\" \/>\n<meta property=\"og:locale\" content=\"fr_FR\" \/>\n<meta property=\"og:type\" content=\"article\" \/>\n<meta property=\"og:title\" content=\"Cigarette \u00e9lectronique interdite en Tha\u00eflande : enjeux\" \/>\n<meta property=\"og:description\" content=\"Les restrictions sur la cigarette \u00e9lectronique sont entr\u00e9es en vigueur en 2014. Le Parlement et le Minist\u00e8re de la Sant\u00e9 Publique de Tha\u00eflande ont\" \/>\n<meta property=\"og:url\" content=\"https:\/\/greenwichmeridien.fr\/blog\/actualites-et-evenements\/pourquoi-la-cigarette-electronique-est-interdite-en-thailande-enjeux-legislatifs-et-consequences\/\" \/>\n<meta property=\"og:site_name\" content=\"greenwichmeridien\" \/>\n<meta property=\"og:image\" content=\"https:\/\/greenwichmeridien.fr\/blog\/wp-content\/uploads\/2025\/08\/pag-image-68924c5bbd480-scaled.png\" \/>\n\t<meta property=\"og:image:width\" content=\"1200\" \/>\n\t<meta property=\"og:image:height\" content=\"686\" \/>\n\t<meta property=\"og:image:type\" content=\"image\/png\" \/>\n<meta name=\"author\" content=\"Samuel Chalmin\" \/>\n<meta name=\"twitter:card\" content=\"summary_large_image\" \/>\n<script type=\"application\/ld+json\" class=\"yoast-schema-graph\">{\"@context\":\"https:\/\/schema.org\",\"@graph\":[{\"@type\":\"NewsArticle\",\"@id\":\"https:\/\/greenwichmeridien.fr\/blog\/actualites-et-evenements\/pourquoi-la-cigarette-electronique-est-interdite-en-thailande-enjeux-legislatifs-et-consequences\/#article\",\"isPartOf\":{\"@id\":\"https:\/\/greenwichmeridien.fr\/blog\/actualites-et-evenements\/pourquoi-la-cigarette-electronique-est-interdite-en-thailande-enjeux-legislatifs-et-consequences\/\"},\"author\":{\"name\":\"Samuel Chalmin\",\"@id\":\"https:\/\/greenwichmeridien.fr\/blog\/#\/schema\/person\/3c864cdc320801e3db34b663e7e3f816\"},\"headline\":\"Pourquoi la cigarette \u00e9lectronique est interdite en Tha\u00eflande : enjeux l\u00e9gislatifs et cons\u00e9quences\",\"datePublished\":\"2025-09-11T07:01:00+00:00\",\"dateModified\":\"2026-08-24T23:47:37+00:00\",\"mainEntityOfPage\":{\"@id\":\"https:\/\/greenwichmeridien.fr\/blog\/actualites-et-evenements\/pourquoi-la-cigarette-electronique-est-interdite-en-thailande-enjeux-legislatifs-et-consequences\/\"},\"wordCount\":2118,\"commentCount\":0,\"publisher\":{\"@id\":\"https:\/\/greenwichmeridien.fr\/blog\/#organization\"},\"image\":{\"@id\":\"https:\/\/greenwichmeridien.fr\/blog\/actualites-et-evenements\/pourquoi-la-cigarette-electronique-est-interdite-en-thailande-enjeux-legislatifs-et-consequences\/#primaryimage\"},\"thumbnailUrl\":\"https:\/\/greenwichmeridien.fr\/blog\/wp-content\/uploads\/2025\/08\/pag-image-68924c5bbd480-scaled.png\",\"keywords\":[\"cigarette electronique\",\"legislation thailande\",\"Sant\u00e9 Publique\"],\"articleSection\":[\"Actualit\u00e9s et \u00c9v\u00e9nements\"],\"inLanguage\":\"fr-FR\",\"potentialAction\":[{\"@type\":\"CommentAction\",\"name\":\"Comment\",\"target\":[\"https:\/\/greenwichmeridien.fr\/blog\/actualites-et-evenements\/pourquoi-la-cigarette-electronique-est-interdite-en-thailande-enjeux-legislatifs-et-consequences\/#respond\"]}]},{\"@type\":\"WebPage\",\"@id\":\"https:\/\/greenwichmeridien.fr\/blog\/actualites-et-evenements\/pourquoi-la-cigarette-electronique-est-interdite-en-thailande-enjeux-legislatifs-et-consequences\/\",\"url\":\"https:\/\/greenwichmeridien.fr\/blog\/actualites-et-evenements\/pourquoi-la-cigarette-electronique-est-interdite-en-thailande-enjeux-legislatifs-et-consequences\/\",\"name\":\"Cigarette \u00e9lectronique interdite en Tha\u00eflande : enjeux\",\"isPartOf\":{\"@id\":\"https:\/\/greenwichmeridien.fr\/blog\/#website\"},\"primaryImageOfPage\":{\"@id\":\"https:\/\/greenwichmeridien.fr\/blog\/actualites-et-evenements\/pourquoi-la-cigarette-electronique-est-interdite-en-thailande-enjeux-legislatifs-et-consequences\/#primaryimage\"},\"image\":{\"@id\":\"https:\/\/greenwichmeridien.fr\/blog\/actualites-et-evenements\/pourquoi-la-cigarette-electronique-est-interdite-en-thailande-enjeux-legislatifs-et-consequences\/#primaryimage\"},\"thumbnailUrl\":\"https:\/\/greenwichmeridien.fr\/blog\/wp-content\/uploads\/2025\/08\/pag-image-68924c5bbd480-scaled.png\",\"datePublished\":\"2025-09-11T07:01:00+00:00\",\"dateModified\":\"2026-08-24T23:47:37+00:00\",\"description\":\"Les restrictions sur la cigarette \u00e9lectronique sont entr\u00e9es en vigueur en 2014. Le Parlement et le Minist\u00e8re de la Sant\u00e9 Publique de Tha\u00eflande ont\",\"inLanguage\":\"fr-FR\",\"potentialAction\":[{\"@type\":\"ReadAction\",\"target\":[\"https:\/\/greenwichmeridien.fr\/blog\/actualites-et-evenements\/pourquoi-la-cigarette-electronique-est-interdite-en-thailande-enjeux-legislatifs-et-consequences\/\"]}]},{\"@type\":\"ImageObject\",\"inLanguage\":\"fr-FR\",\"@id\":\"https:\/\/greenwichmeridien.fr\/blog\/actualites-et-evenements\/pourquoi-la-cigarette-electronique-est-interdite-en-thailande-enjeux-legislatifs-et-consequences\/#primaryimage\",\"url\":\"https:\/\/greenwichmeridien.fr\/blog\/wp-content\/uploads\/2025\/08\/pag-image-68924c5bbd480-scaled.png\",\"contentUrl\":\"https:\/\/greenwichmeridien.fr\/blog\/wp-content\/uploads\/2025\/08\/pag-image-68924c5bbd480-scaled.png\",\"width\":1200,\"height\":686,\"caption\":\"Image g\u00e9n\u00e9r\u00e9e par IA optimis\u00e9e pour Google Discover\"},{\"@type\":\"WebSite\",\"@id\":\"https:\/\/greenwichmeridien.fr\/blog\/#website\",\"url\":\"https:\/\/greenwichmeridien.fr\/blog\/\",\"name\":\"Greenwich M\u00e9ridien\",\"description\":\"Greenwich M\u00e9ridien, le rep\u00e8re du temps et du voyage\",\"publisher\":{\"@id\":\"https:\/\/greenwichmeridien.fr\/blog\/#organization\"},\"alternateName\":\"Greenwich M\u00e9ridien, le rep\u00e8re du temps et du voyage\",\"potentialAction\":[{\"@type\":\"SearchAction\",\"target\":{\"@type\":\"EntryPoint\",\"urlTemplate\":\"https:\/\/greenwichmeridien.fr\/blog\/?s={search_term_string}\"},\"query-input\":{\"@type\":\"PropertyValueSpecification\",\"valueRequired\":true,\"valueName\":\"search_term_string\"}}],\"inLanguage\":\"fr-FR\"},{\"@type\":\"Organization\",\"@id\":\"https:\/\/greenwichmeridien.fr\/blog\/#organization\",\"name\":\"Greenwich M\u00e9ridien\",\"alternateName\":\"Greenwich M\u00e9ridien\",\"url\":\"https:\/\/greenwichmeridien.fr\/blog\/\",\"logo\":{\"@type\":\"ImageObject\",\"inLanguage\":\"fr-FR\",\"@id\":\"https:\/\/greenwichmeridien.fr\/blog\/#\/schema\/logo\/image\/\",\"url\":\"https:\/\/greenwichmeridien.fr\/blog\/wp-content\/uploads\/2024\/12\/greenwichmeridien.png\",\"contentUrl\":\"https:\/\/greenwichmeridien.fr\/blog\/wp-content\/uploads\/2024\/12\/greenwichmeridien.png\",\"width\":500,\"height\":500,\"caption\":\"Greenwich M\u00e9ridien\"},\"image\":{\"@id\":\"https:\/\/greenwichmeridien.fr\/blog\/#\/schema\/logo\/image\/\"}},{\"@type\":\"Person\",\"@id\":\"https:\/\/greenwichmeridien.fr\/blog\/#\/schema\/person\/3c864cdc320801e3db34b663e7e3f816\",\"name\":\"Samuel Chalmin\",\"image\":{\"@type\":\"ImageObject\",\"inLanguage\":\"fr-FR\",\"@id\":\"https:\/\/greenwichmeridien.fr\/blog\/#\/schema\/person\/image\/\",\"url\":\"https:\/\/secure.gravatar.com\/avatar\/cef3677de7d237273d13053728f9470818581a8a27d9bf6f5039fd18508a905f?s=96&d=mm&r=g\",\"contentUrl\":\"https:\/\/secure.gravatar.com\/avatar\/cef3677de7d237273d13053728f9470818581a8a27d9bf6f5039fd18508a905f?s=96&d=mm&r=g\",\"caption\":\"Samuel Chalmin\"},\"description\":\"R\u00e9dacteur du site, il suit les questions de temps et de calendrier : m\u00e9ridien de Greenwich, heure GMT et UTC, fuseaux horaires, changement d'heure, ann\u00e9es bissextiles et jours f\u00e9ri\u00e9s.\",\"sameAs\":[\"https:\/\/samuelchalmin.fr\/\"],\"url\":\"https:\/\/greenwichmeridien.fr\/blog\/auteur\/noname\/\"}]}<\/script>\n<!-- \/ Yoast SEO Premium plugin. -->","yoast_head_json":{"title":"Cigarette \u00e9lectronique interdite en Tha\u00eflande : enjeux","description":"Les restrictions sur la cigarette \u00e9lectronique sont entr\u00e9es en vigueur en 2014. Le Parlement et le Minist\u00e8re de la Sant\u00e9 Publique de Tha\u00eflande ont","robots":{"index":"index","follow":"follow","max-snippet":"max-snippet:-1","max-image-preview":"max-image-preview:large","max-video-preview":"max-video-preview:-1"},"canonical":"https:\/\/greenwichmeridien.fr\/blog\/actualites-et-evenements\/pourquoi-la-cigarette-electronique-est-interdite-en-thailande-enjeux-legislatifs-et-consequences\/","og_locale":"fr_FR","og_type":"article","og_title":"Cigarette \u00e9lectronique interdite en Tha\u00eflande : enjeux","og_description":"Les restrictions sur la cigarette \u00e9lectronique sont entr\u00e9es en vigueur en 2014. Le Parlement et le Minist\u00e8re de la Sant\u00e9 Publique de Tha\u00eflande ont","og_url":"https:\/\/greenwichmeridien.fr\/blog\/actualites-et-evenements\/pourquoi-la-cigarette-electronique-est-interdite-en-thailande-enjeux-legislatifs-et-consequences\/","og_site_name":"greenwichmeridien","og_image":[{"width":1200,"height":686,"url":"https:\/\/greenwichmeridien.fr\/blog\/wp-content\/uploads\/2025\/08\/pag-image-68924c5bbd480-scaled.png","type":"image\/png"}],"author":"Samuel Chalmin","twitter_card":"summary_large_image","schema":{"@context":"https:\/\/schema.org","@graph":[{"@type":"NewsArticle","@id":"https:\/\/greenwichmeridien.fr\/blog\/actualites-et-evenements\/pourquoi-la-cigarette-electronique-est-interdite-en-thailande-enjeux-legislatifs-et-consequences\/#article","isPartOf":{"@id":"https:\/\/greenwichmeridien.fr\/blog\/actualites-et-evenements\/pourquoi-la-cigarette-electronique-est-interdite-en-thailande-enjeux-legislatifs-et-consequences\/"},"author":{"name":"Samuel Chalmin","@id":"https:\/\/greenwichmeridien.fr\/blog\/#\/schema\/person\/3c864cdc320801e3db34b663e7e3f816"},"headline":"Pourquoi la cigarette \u00e9lectronique est interdite en Tha\u00eflande : enjeux l\u00e9gislatifs et cons\u00e9quences","datePublished":"2025-09-11T07:01:00+00:00","dateModified":"2026-08-24T23:47:37+00:00","mainEntityOfPage":{"@id":"https:\/\/greenwichmeridien.fr\/blog\/actualites-et-evenements\/pourquoi-la-cigarette-electronique-est-interdite-en-thailande-enjeux-legislatifs-et-consequences\/"},"wordCount":2118,"commentCount":0,"publisher":{"@id":"https:\/\/greenwichmeridien.fr\/blog\/#organization"},"image":{"@id":"https:\/\/greenwichmeridien.fr\/blog\/actualites-et-evenements\/pourquoi-la-cigarette-electronique-est-interdite-en-thailande-enjeux-legislatifs-et-consequences\/#primaryimage"},"thumbnailUrl":"https:\/\/greenwichmeridien.fr\/blog\/wp-content\/uploads\/2025\/08\/pag-image-68924c5bbd480-scaled.png","keywords":["cigarette electronique","legislation thailande","Sant\u00e9 Publique"],"articleSection":["Actualit\u00e9s et \u00c9v\u00e9nements"],"inLanguage":"fr-FR","potentialAction":[{"@type":"CommentAction","name":"Comment","target":["https:\/\/greenwichmeridien.fr\/blog\/actualites-et-evenements\/pourquoi-la-cigarette-electronique-est-interdite-en-thailande-enjeux-legislatifs-et-consequences\/#respond"]}]},{"@type":"WebPage","@id":"https:\/\/greenwichmeridien.fr\/blog\/actualites-et-evenements\/pourquoi-la-cigarette-electronique-est-interdite-en-thailande-enjeux-legislatifs-et-consequences\/","url":"https:\/\/greenwichmeridien.fr\/blog\/actualites-et-evenements\/pourquoi-la-cigarette-electronique-est-interdite-en-thailande-enjeux-legislatifs-et-consequences\/","name":"Cigarette \u00e9lectronique interdite en Tha\u00eflande : enjeux","isPartOf":{"@id":"https:\/\/greenwichmeridien.fr\/blog\/#website"},"primaryImageOfPage":{"@id":"https:\/\/greenwichmeridien.fr\/blog\/actualites-et-evenements\/pourquoi-la-cigarette-electronique-est-interdite-en-thailande-enjeux-legislatifs-et-consequences\/#primaryimage"},"image":{"@id":"https:\/\/greenwichmeridien.fr\/blog\/actualites-et-evenements\/pourquoi-la-cigarette-electronique-est-interdite-en-thailande-enjeux-legislatifs-et-consequences\/#primaryimage"},"thumbnailUrl":"https:\/\/greenwichmeridien.fr\/blog\/wp-content\/uploads\/2025\/08\/pag-image-68924c5bbd480-scaled.png","datePublished":"2025-09-11T07:01:00+00:00","dateModified":"2026-08-24T23:47:37+00:00","description":"Les restrictions sur la cigarette \u00e9lectronique sont entr\u00e9es en vigueur en 2014. Le Parlement et le Minist\u00e8re de la Sant\u00e9 Publique de Tha\u00eflande ont","inLanguage":"fr-FR","potentialAction":[{"@type":"ReadAction","target":["https:\/\/greenwichmeridien.fr\/blog\/actualites-et-evenements\/pourquoi-la-cigarette-electronique-est-interdite-en-thailande-enjeux-legislatifs-et-consequences\/"]}]},{"@type":"ImageObject","inLanguage":"fr-FR","@id":"https:\/\/greenwichmeridien.fr\/blog\/actualites-et-evenements\/pourquoi-la-cigarette-electronique-est-interdite-en-thailande-enjeux-legislatifs-et-consequences\/#primaryimage","url":"https:\/\/greenwichmeridien.fr\/blog\/wp-content\/uploads\/2025\/08\/pag-image-68924c5bbd480-scaled.png","contentUrl":"https:\/\/greenwichmeridien.fr\/blog\/wp-content\/uploads\/2025\/08\/pag-image-68924c5bbd480-scaled.png","width":1200,"height":686,"caption":"Image g\u00e9n\u00e9r\u00e9e par IA optimis\u00e9e pour Google Discover"},{"@type":"WebSite","@id":"https:\/\/greenwichmeridien.fr\/blog\/#website","url":"https:\/\/greenwichmeridien.fr\/blog\/","name":"Greenwich M\u00e9ridien","description":"Greenwich M\u00e9ridien, le rep\u00e8re du temps et du voyage","publisher":{"@id":"https:\/\/greenwichmeridien.fr\/blog\/#organization"},"alternateName":"Greenwich M\u00e9ridien, le rep\u00e8re du temps et du voyage","potentialAction":[{"@type":"SearchAction","target":{"@type":"EntryPoint","urlTemplate":"https:\/\/greenwichmeridien.fr\/blog\/?s={search_term_string}"},"query-input":{"@type":"PropertyValueSpecification","valueRequired":true,"valueName":"search_term_string"}}],"inLanguage":"fr-FR"},{"@type":"Organization","@id":"https:\/\/greenwichmeridien.fr\/blog\/#organization","name":"Greenwich M\u00e9ridien","alternateName":"Greenwich M\u00e9ridien","url":"https:\/\/greenwichmeridien.fr\/blog\/","logo":{"@type":"ImageObject","inLanguage":"fr-FR","@id":"https:\/\/greenwichmeridien.fr\/blog\/#\/schema\/logo\/image\/","url":"https:\/\/greenwichmeridien.fr\/blog\/wp-content\/uploads\/2024\/12\/greenwichmeridien.png","contentUrl":"https:\/\/greenwichmeridien.fr\/blog\/wp-content\/uploads\/2024\/12\/greenwichmeridien.png","width":500,"height":500,"caption":"Greenwich M\u00e9ridien"},"image":{"@id":"https:\/\/greenwichmeridien.fr\/blog\/#\/schema\/logo\/image\/"}},{"@type":"Person","@id":"https:\/\/greenwichmeridien.fr\/blog\/#\/schema\/person\/3c864cdc320801e3db34b663e7e3f816","name":"Samuel Chalmin","image":{"@type":"ImageObject","inLanguage":"fr-FR","@id":"https:\/\/greenwichmeridien.fr\/blog\/#\/schema\/person\/image\/","url":"https:\/\/secure.gravatar.com\/avatar\/cef3677de7d237273d13053728f9470818581a8a27d9bf6f5039fd18508a905f?s=96&d=mm&r=g","contentUrl":"https:\/\/secure.gravatar.com\/avatar\/cef3677de7d237273d13053728f9470818581a8a27d9bf6f5039fd18508a905f?s=96&d=mm&r=g","caption":"Samuel Chalmin"},"description":"R\u00e9dacteur du site, il suit les questions de temps et de calendrier : m\u00e9ridien de Greenwich, heure GMT et UTC, fuseaux horaires, changement d'heure, ann\u00e9es bissextiles et jours f\u00e9ri\u00e9s.","sameAs":["https:\/\/samuelchalmin.fr\/"],"url":"https:\/\/greenwichmeridien.fr\/blog\/auteur\/noname\/"}]}},"_links":{"self":[{"href":"https:\/\/greenwichmeridien.fr\/blog\/wp-json\/wp\/v2\/posts\/7668","targetHints":{"allow":["GET"]}}],"collection":[{"href":"https:\/\/greenwichmeridien.fr\/blog\/wp-json\/wp\/v2\/posts"}],"about":[{"href":"https:\/\/greenwichmeridien.fr\/blog\/wp-json\/wp\/v2\/types\/post"}],"author":[{"embeddable":true,"href":"https:\/\/greenwichmeridien.fr\/blog\/wp-json\/wp\/v2\/users\/34"}],"replies":[{"embeddable":true,"href":"https:\/\/greenwichmeridien.fr\/blog\/wp-json\/wp\/v2\/comments?post=7668"}],"version-history":[{"count":1,"href":"https:\/\/greenwichmeridien.fr\/blog\/wp-json\/wp\/v2\/posts\/7668\/revisions"}],"predecessor-version":[{"id":7681,"href":"https:\/\/greenwichmeridien.fr\/blog\/wp-json\/wp\/v2\/posts\/7668\/revisions\/7681"}],"wp:featuredmedia":[{"embeddable":true,"href":"https:\/\/greenwichmeridien.fr\/blog\/wp-json\/wp\/v2\/media\/7670"}],"wp:attachment":[{"href":"https:\/\/greenwichmeridien.fr\/blog\/wp-json\/wp\/v2\/media?parent=7668"}],"wp:term":[{"taxonomy":"category","embeddable":true,"href":"https:\/\/greenwichmeridien.fr\/blog\/wp-json\/wp\/v2\/categories?post=7668"},{"taxonomy":"post_tag","embeddable":true,"href":"https:\/\/greenwichmeridien.fr\/blog\/wp-json\/wp\/v2\/tags?post=7668"}],"curies":[{"name":"wp","href":"https:\/\/api.w.org\/{rel}","templated":true}]}}