{"id":7722,"date":"2026-01-26T09:38:00","date_gmt":"2026-01-26T08:38:00","guid":{"rendered":"https:\/\/greenwichmeridien.fr\/blog\/?p=7722"},"modified":"2026-01-26T09:38:00","modified_gmt":"2026-01-26T08:38:00","slug":"patrimoine-unesco","status":"publish","type":"post","link":"https:\/\/greenwichmeridien.fr\/blog\/histoire-et-culture\/patrimoine-unesco\/","title":{"rendered":"patrimoine unesco"},"content":{"rendered":"<div style=\"background: linear-gradient(135deg, #f5f7fa 0%, #e9ecef 100%);border-left: 4px solid #0073aa;padding: 15px 20px;margin: 0 0 25px 0;border-radius: 0 8px 8px 0\">\n<p style=\"margin: 0;font-size: 14px;color: #0073aa;font-weight: 600;text-transform: uppercase;letter-spacing: 1px;margin-bottom: 10px\">\ud83d\udccb En bref<\/p>\n<ul style=\"margin: 0;padding-left: 20px;list-style-type: none\">\n<li style=\"margin: 5px 0;color: #333;font-size: 15px;line-height: 1.5;position: relative;padding-left: 15px\"><span style=\"position: absolute;left: 0;color: #0073aa\">\u25b8<\/span> Le patrimoine mondial de l&#039;UNESCO englobe des biens culturels et naturels d&#039;une valeur universelle exceptionnelle. Pour \u00eatre inscrit, un bien doit r\u00e9pondre \u00e0 au moins un des dix crit\u00e8res de s\u00e9lection. La pr\u00e9servation de ces sites est d&#039;int\u00e9r\u00eat pour l&#039;humanit\u00e9 enti\u00e8re, transcendant les fronti\u00e8res nationales.<\/li>\n<\/ul>\n<\/div>\n<h1>Le Patrimoine UNESCO : une richesse culturelle mondiale \u00e0 pr\u00e9server<\/h1>\n<h2>Qu\u2019est-ce que le patrimoine mondial de l\u2019UNESCO&nbsp;?<\/h2>\n<p>Le <strong>patrimoine mondial<\/strong> d\u00e9signe, selon la d\u00e9finition officielle de l\u2019<strong>UNESCO<\/strong>, des <u>biens culturels et naturels poss\u00e9dant une valeur universelle exceptionnelle<\/u>, c\u2019est-\u00e0-dire une importance telle que leur pr\u00e9servation int\u00e9resse l\u2019humanit\u00e9 tout enti\u00e8re, au-del\u00e0 des seuls \u00c9tats sur le territoire desquels ils se situent. Cette notion d\u00e9coule directement de la <strong>Convention de 1972<\/strong>, ratifi\u00e9e au fil des d\u00e9cennies par plus de <u>195 \u00c9tats parties<\/u>, ce qui en fait l\u2019un des instruments juridiques internationaux les plus largement adopt\u00e9s dans le champ du <strong>patrimoine culturel et naturel<\/strong>.<\/p>\n<p>La Convention distingue plusieurs grandes cat\u00e9gories de <strong>biens<\/strong> :<\/p>\n<ul>\n<li><strong>Biens culturels<\/strong> : monuments (tels que l\u2019<strong>Acropole d\u2019Ath\u00e8nes, Gr\u00e8ce<\/strong>), ensembles architecturaux, sites arch\u00e9ologiques, centres historiques, qui t\u00e9moignent de l\u2019histoire de l\u2019art, de l\u2019architecture, des techniques ou des civilisations.<\/li>\n<li><strong>Biens naturels<\/strong> : paysages, formations g\u00e9ologiques, zones de forte <strong>biodiversit\u00e9<\/strong>, \u00e0 l\u2019image du <strong>Parc national de Yellowstone, \u00c9tats\u2011Unis<\/strong>, inscrit pour ses ph\u00e9nom\u00e8nes g\u00e9othermiques et ses \u00e9cosyst\u00e8mes remarquables.<\/li>\n<li><strong>Biens mixtes et paysages culturels<\/strong> : reconnaissant, depuis <u>1992<\/u>, l\u2019<u>interaction \u00e9troite et durable entre l\u2019\u00eatre humain et son environnement<\/u>, comme les vignobles historiques de la <strong>vall\u00e9e du Haut-Rhin moyen, Allemagne<\/strong>, ou les <strong>rizi\u00e8res en terrasses des Cordill\u00e8res, Philippines<\/strong>.<\/li>\n<\/ul>\n<p>Sur le plan technique, nous insistons sur le fait que ces cat\u00e9gories refl\u00e8tent une \u00e9volution conceptuelle majeure : jusqu\u2019en <u>2004<\/u>, la liste s\u2019appuyait sur <u>six crit\u00e8res culturels<\/u> et <u>quatre crit\u00e8res naturels<\/u>. Depuis <u>2005<\/u>, l\u2019UNESCO a fusionn\u00e9 ces crit\u00e8res en un <u>ensemble unique de dix crit\u00e8res<\/u>, offrant une vision plus holistique de ce qui fait la <strong>valeur universelle exceptionnelle<\/strong> d\u2019un bien. Cette r\u00e9forme traduit une prise de conscience : la fronti\u00e8re entre <strong>culture<\/strong> et <strong>nature<\/strong> est souvent poreuse, et les approches de conservation doivent int\u00e9grer simultan\u00e9ment dimensions sociales, \u00e9cologiques et paysag\u00e8res.<\/p>\n<h2>Les crit\u00e8res d\u2019inscription au patrimoine mondial<\/h2>\n<p>Pour qu\u2019un bien soit inscrit sur la <strong>Liste du patrimoine mondial<\/strong>, il ne suffit pas qu\u2019il soit ancien, beau ou appr\u00e9ci\u00e9 localement. Il doit d\u00e9montrer une <u>valeur universelle exceptionnelle<\/u> et satisfaire \u00e0 au moins <u>un des dix crit\u00e8res de s\u00e9lection<\/u> d\u00e9finis dans les <strong>Orientations devant guider la mise en \u0153uvre de la Convention du patrimoine mondial<\/strong>. Ces dix crit\u00e8res, revus r\u00e9guli\u00e8rement par le <strong>Comit\u00e9 du patrimoine mondial<\/strong>, couvrent des dimensions historiques, artistiques, scientifiques, \u00e9cologiques et esth\u00e9tiques.<\/p>\n<p>Parmi ces crit\u00e8res, certains sont fr\u00e9quemment mis en avant, et nous pouvons les relier \u00e0 des sites embl\u00e9matiques :<\/p>\n<ul>\n<li><strong>Crit\u00e8re (i) \u2013 Chef-d\u2019\u0153uvre du g\u00e9nie cr\u00e9ateur humain<\/strong> : le <strong>Taj Mahal \u00e0 Agra, Inde<\/strong>, mausol\u00e9e moghol du XVIIe si\u00e8cle, illustre cette cat\u00e9gorie par sa conception architecturale, sa sym\u00e9trie et son d\u00e9cor de marbre incrust\u00e9.<\/li>\n<li><strong>Crit\u00e8re (ii) \u2013 \u00c9change d\u2019influences consid\u00e9rable<\/strong> : l\u2019itin\u00e9raire de la <strong>Route de la Soie<\/strong>, qui s\u2019\u00e9tend de la <strong>Chine<\/strong> \u00e0 la <strong>M\u00e9diterran\u00e9e<\/strong>, t\u00e9moigne de circulations de biens, d\u2019id\u00e9es, de religions, structurantes pour l\u2019histoire eurasienne.<\/li>\n<li><strong>Crit\u00e8re (iii) \u2013 T\u00e9moignage d\u2019une civilisation<\/strong> : la <strong>Grande Muraille de Chine<\/strong>, longue de plus de <u>20 000 kilom\u00e8tres<\/u> selon les estimations, incarne la capacit\u00e9 d\u2019un empire \u00e0 organiser de vastes chantiers militaires et logistiques.<\/li>\n<li><strong>Crit\u00e8re (iv) \u2013 Exemple \u00e9minent d\u2019un type de construction<\/strong> : la <strong>cath\u00e9drale Saint-Guy \u00e0 Prague, Tch\u00e9quie<\/strong>, offre un cas abouti de gothique rayonnant et flamboyant en Europe centrale.<\/li>\n<li><strong>Crit\u00e8re (vii) \u2013 Beaut\u00e9 naturelle exceptionnelle<\/strong> : les <strong>fjordes de Norv\u00e8ge<\/strong>, notamment le <strong>Geirangerfjord<\/strong>, sont reconnus pour leurs falaises abruptes, leurs chutes d\u2019eau et leurs paysages glaciaires spectaculaires.<\/li>\n<li><strong>Crit\u00e8re (x) \u2013 Conservation de la biodiversit\u00e9<\/strong> : les <strong>for\u00eats tropicales humides d\u2019Amazonie<\/strong> ou les <strong>Parcs nationaux du Congo<\/strong> abritent des milliers d\u2019esp\u00e8ces, dont certaines menac\u00e9es, faisant de ces zones des laboratoires vivants pour la science.<\/li>\n<\/ul>\n<p>Au-del\u00e0 des crit\u00e8res, un bien doit prouver son <strong>authenticit\u00e9<\/strong> (pour les biens culturels), son <strong>int\u00e9grit\u00e9<\/strong> (pour les biens naturels et culturels) et l\u2019existence d\u2019un <u>syst\u00e8me de protection et de gestion ad\u00e9quat<\/u>. Nous y voyons un garde-fou essentiel : un site remarquable, mais mal prot\u00e9g\u00e9 ou soumis \u00e0 une exploitation incontr\u00f4l\u00e9e, ne devrait pas \u00eatre labellis\u00e9 sans garanties solides. \u00c0 l\u2019\u00e9chelle des \u00c9tats, certains pays se distinguent par le nombre de biens inscrits : la <strong>France<\/strong> compte <u>52 sites au patrimoine mondial en 2024<\/u>, la <strong>Chine<\/strong> et l\u2019<strong>Italie<\/strong> se situent au-del\u00e0 de la cinquantaine, tandis que la <strong>Belgique<\/strong> recense <u>une dizaine de biens inscrits<\/u>, dont la <strong>Grand-Place de Bruxelles<\/strong> et les <strong>beffrois de Belgique et de France<\/strong>.<\/p>\n<h2>Les sites embl\u00e9matiques du patrimoine mondial en France<\/h2>\n<p>Avec ses <u>52 biens inscrits \u00e0 l\u2019UNESCO<\/u> en 2024, la <strong>France<\/strong> se positionne parmi les pays les plus repr\u00e9sent\u00e9s au monde sur la <strong>Liste du patrimoine mondial<\/strong>. Cette densit\u00e9 patrimoniale refl\u00e8te \u00e0 la fois la diversit\u00e9 des paysages \u2013 de la <strong>Provence<\/strong> aux <strong>Alpes<\/strong> \u2013 et un h\u00e9ritage culturel particuli\u00e8rement riche, fa\u00e7onn\u00e9 par des si\u00e8cles de monarchie, de R\u00e9publique, de mouvements artistiques et d\u2019innovations techniques.<\/p>\n<p>Certains sites jouent un r\u00f4le structurant dans l\u2019<strong>identit\u00e9 nationale<\/strong> et dans l\u2019<strong>\u00e9conomie touristique fran\u00e7aise<\/strong> :<\/p>\n<ul>\n<li><strong>Le Mont-Saint-Michel et sa baie<\/strong> (Normandie) : inscrit au patrimoine mondial depuis <u>1979<\/u>, au titre des crit\u00e8res (i), (iii) et (vi), ce site associe une <u>abbaye m\u00e9di\u00e9vale majeure<\/u> \u00e0 un paysage de mar\u00e9es parmi les plus puissantes d\u2019<strong>Europe occidentale<\/strong>. Les autorit\u00e9s estiment la fr\u00e9quentation \u00e0 pr\u00e8s de <u>2,5 \u00e0 3 millions de visiteurs par an<\/u>, avec une mise en avant croissante des mobilit\u00e9s douces et des navettes collectives.<\/li>\n<li><strong>Les ch\u00e2teaux de la Loire<\/strong> (r\u00e9gion Centre-Val de Loire) : class\u00e9s au titre des paysages culturels et du crit\u00e8re (vi), ces r\u00e9sidences royales et nobles \u2013 de <strong>Chambord<\/strong> \u00e0 <strong>Chenonceau<\/strong> \u2013 illustrent la <u>Renaissance fran\u00e7aise des XVe et XVIe si\u00e8cles<\/u>. Selon les donn\u00e9es du <strong>minist\u00e8re de la Culture, France<\/strong>, l\u2019ensemble du Val de Loire attire plusieurs <u>millions de visiteurs internationaux par an<\/u> et g\u00e9n\u00e8re une forte valeur \u00e9conomique pour l\u2019h\u00f4tellerie, la restauration et les activit\u00e9s de loisirs.<\/li>\n<li><strong>La cath\u00e9drale Notre-Dame de Paris<\/strong> : class\u00e9e avec l\u2019ensemble des rives de la <strong>Seine \u00e0 Paris<\/strong>, cette cath\u00e9drale gothique du XIIIe si\u00e8cle est reconnue pour son architecture (crit\u00e8re (i)) et son r\u00f4le dans l\u2019histoire religieuse et litt\u00e9raire, de <strong>Victor Hugo<\/strong> \u00e0 la liturgie contemporaine. L\u2019incendie d\u2019<u>avril 2019<\/u> a montr\u00e9 la vuln\u00e9rabilit\u00e9 des monuments, tout en d\u00e9clenchant un vaste chantier de restauration pilot\u00e9 par l\u2019<strong>\u00c9tat fran\u00e7ais<\/strong> et appuy\u00e9 par d\u2019importants m\u00e9c\u00e8nes priv\u00e9s.<\/li>\n<li><strong>Le Pont du Gard<\/strong> (Occitanie) : aqueduc romain du Ier si\u00e8cle, inscrit comme chef-d\u2019\u0153uvre d\u2019<u>ing\u00e9nierie hydraulique<\/u>, ce pont \u00e0 trois niveaux domine le Gardon et t\u00e9moigne de la ma\u00eetrise technique de l\u2019<strong>Empire romain<\/strong> dans le sud de la <strong>Gaule<\/strong>.<\/li>\n<\/ul>\n<p>Nous consid\u00e9rons que la France a une responsabilit\u00e9 particuli\u00e8re : concilier cette attractivit\u00e9 mondiale \u2013 avec plus de <u>90 millions de touristes internationaux en 2019<\/u> selon <strong>Atout France<\/strong> \u2013 avec des politiques de <strong>tourisme responsable<\/strong>, surtout dans l\u2019\u00e8re post\u2011pand\u00e9mie de <u>Covid\u201119<\/u>. La diffusion des flux vers des territoires moins connus, l\u2019usage de quotas ou de r\u00e9servations en ligne, et la sensibilisation du public aux enjeux de conservation nous semblent des leviers \u00e0 renforcer.<\/p>\n<h2>Les grands d\u00e9fis de la protection du patrimoine mondial<\/h2>\n<p>Les <strong>biens du patrimoine mondial<\/strong> ne sont pas des reliques fig\u00e9es, mais des espaces vivants, soumis \u00e0 des pressions croissantes. Selon les rapports r\u00e9cents de l\u2019<strong>UNESCO<\/strong> et de l\u2019<strong>Union internationale pour la conservation de la nature (UICN)<\/strong>, pr\u00e8s de <u>10 % des sites inscrits pr\u00e9sentent un niveau de menace \u00e9lev\u00e9<\/u> en raison du <strong>changement climatique<\/strong>, de la pollution, de la sp\u00e9culation immobili\u00e8re ou de l\u2019instabilit\u00e9 politique.<\/p>\n<p>Les principaux d\u00e9fis peuvent \u00eatre regroup\u00e9s autour de quelques axes cl\u00e9s :<\/p>\n<ul>\n<li><strong>Urbanisation et pressions fonci\u00e8res<\/strong> : l\u2019extension urbaine autour des centres anciens \u2013 \u00e0 <strong>F\u00e8s, Maroc<\/strong>, ou \u00e0 <strong>Lviv, Ukraine<\/strong> \u2013 peut alt\u00e9rer les perspectives visuelles, la coh\u00e9rence des ensembles architecturaux, voire conduire \u00e0 la destruction d\u2019\u00e9difices historiques.<\/li>\n<li><strong>Changement climatique<\/strong> : la mont\u00e9e du niveau de la mer, les \u00e9pisodes m\u00e9t\u00e9orologiques extr\u00eames, l\u2019acidification des oc\u00e9ans affectent les sites c\u00f4tiers, insulaires et les r\u00e9cifs. La <u>baie du Mont-Saint-Michel<\/u> est soumise \u00e0 une \u00e9rosion littorale, tandis que les glaciers des <strong>Alpes<\/strong> ont perdu une part significative de leur volume depuis les ann\u00e9es 1980.<\/li>\n<li><strong>Tourisme de masse<\/strong> : la ville de <strong>Venise, Italie<\/strong>, re\u00e7oit environ <u>25 \u00e0 30 millions de visiteurs par an<\/u>, avec un impact fort sur le co\u00fbt de la vie, la qualit\u00e9 de l\u2019eau de la lagune, la congestion des espaces publics. La mise en place, en <u>2023<\/u>, d\u2019un ticket d\u2019entr\u00e9e pour les excursionnistes t\u00e9moigne d\u2019une volont\u00e9 de r\u00e9gulation.<\/li>\n<li><strong>Conflits arm\u00e9s et pillages<\/strong> : des sites en <strong>Irak<\/strong>, en <strong>Syrie<\/strong> ou au <strong>Mali<\/strong> \u2013 comme les mausol\u00e9es de <strong>Tombouctou<\/strong> \u2013 ont subi destructions cibl\u00e9es et trafics d\u2019objets arch\u00e9ologiques, malgr\u00e9 les conventions internationales.<\/li>\n<\/ul>\n<p>Pour r\u00e9pondre \u00e0 ces menaces, l\u2019UNESCO s\u2019appuie sur plusieurs instruments : le <strong>Fonds du patrimoine mondial<\/strong>, financ\u00e9 par les contributions des \u00c9tats parties, la <strong>Liste du patrimoine mondial en p\u00e9ril<\/strong> (avec plus de <u>50 biens inscrits en 2024<\/u>), les missions de suivi r\u00e9actif, les plans de gestion pluriannuels \u00e9labor\u00e9s avec les autorit\u00e9s nationales et locales. Nous estimons que ces outils sont indispensables, mais qu\u2019ils doivent \u00eatre compl\u00e9t\u00e9s par une int\u00e9gration syst\u00e9matique des enjeux patrimoniaux dans les politiques d\u2019urbanisme, de climat et d\u2019am\u00e9nagement du territoire, \u00e0 l\u2019\u00e9chelle des \u00c9tats et des m\u00e9tropoles.<\/p>\n<h2>Le r\u00f4le et le fonctionnement du Comit\u00e9 du patrimoine mondial<\/h2>\n<p>Au c\u0153ur du dispositif institutionnel se trouve le <strong>Comit\u00e9 du patrimoine mondial<\/strong>, organe intergouvernemental compos\u00e9 de <u>21 \u00c9tats membres \u00e9lus pour quatre ans<\/u> lors de l\u2019Assembl\u00e9e g\u00e9n\u00e9rale des \u00c9tats parties \u00e0 la Convention. Ce comit\u00e9, plac\u00e9 sous l\u2019\u00e9gide de l\u2019UNESCO \u00e0 <strong>Paris<\/strong>, se r\u00e9unit chaque ann\u00e9e, souvent dans une capitale diff\u00e9rente (par exemple \u00e0 <strong>Riyad, Arabie saoudite<\/strong>, en 2023), pour prendre les d\u00e9cisions cl\u00e9s concernant la Liste.<\/p>\n<p>Ses responsabilit\u00e9s se d\u00e9clinent sur plusieurs plans :<\/p>\n<ul>\n<li><strong>\u00c9valuation et inscription de nouveaux biens<\/strong> : sur la base des expertises de l\u2019<strong>ICOMOS (Conseil international des monuments et des sites)<\/strong> pour les biens culturels, et de l\u2019<strong>UICN<\/strong> pour les biens naturels, le Comit\u00e9 d\u00e9cide chaque ann\u00e9e d\u2019inscrire, de diff\u00e9rer ou de refuser des candidatures. Chaque session voit l\u2019examen d\u2019une trentaine de dossiers, pr\u00e9par\u00e9s pendant plusieurs ann\u00e9es par les \u00c9tats.<\/li>\n<li><strong>Suivi de l\u2019\u00e9tat de conservation<\/strong> : le Comit\u00e9 analyse les rapports sur les biens existants, peut demander des mesures correctives, voire inscrire un site sur la <u>Liste du patrimoine mondial en p\u00e9ril<\/u> lorsque sa VUE est menac\u00e9e.<\/li>\n<li><strong>Gestion des retraits<\/strong> : bien que rarissime, la possibilit\u00e9 de retirer un site de la Liste existe. L\u2019exemple le plus m\u00e9diatis\u00e9 reste celui de la <strong>vall\u00e9e de l\u2019Elbe \u00e0 Dresde, Allemagne<\/strong>, retir\u00e9e en <u>2009<\/u> \u00e0 la suite de la construction d\u2019un pont routier jug\u00e9 incompatible avec la pr\u00e9servation du paysage culturel.<\/li>\n<li><strong>Allocations du Fonds du patrimoine mondial<\/strong> : le Comit\u00e9 priorise les demandes d\u2019assistance internationale, notamment pour les pays en d\u00e9veloppement et les sites en p\u00e9ril.<\/li>\n<\/ul>\n<p>Nous consid\u00e9rons que ce Comit\u00e9 joue un r\u00f4le g\u00e9opolitique discret mais r\u00e9el. \u00c0 travers la s\u00e9lection des biens, il arbitre des questions de <strong>repr\u00e9sentation r\u00e9gionale<\/strong> et cherche, conform\u00e9ment aux orientations r\u00e9vis\u00e9es depuis les ann\u00e9es 1990, \u00e0 corriger la surrepr\u00e9sentation historique de l\u2019<strong>Europe<\/strong> et de l\u2019<strong>Am\u00e9rique du Nord<\/strong> sur la Liste. L\u2019enjeu est d\u2019aboutir \u00e0 une r\u00e9partition plus \u00e9quilibr\u00e9e entre <strong>Afrique<\/strong>, <strong>Asie-Pacifique<\/strong>, <strong>\u00c9tats arabes<\/strong>, <strong>Am\u00e9riques<\/strong> et <strong>Europe<\/strong>, afin que le label <strong>patrimoine mondial<\/strong> refl\u00e8te r\u00e9ellement la diversit\u00e9 des civilisations.<\/p>\n<h2>Les b\u00e9n\u00e9fices du patrimoine mondial pour les communaut\u00e9s locales<\/h2>\n<p>Au-del\u00e0 du prestige symbolique, l\u2019inscription au <strong>patrimoine mondial<\/strong> a un impact tangible sur les <strong>territoires<\/strong> et les <strong>communaut\u00e9s locales<\/strong>. De nombreuses \u00e9tudes men\u00e9es par l\u2019<strong>UNESCO<\/strong>, la <strong>Banque mondiale<\/strong> ou des universit\u00e9s comme l\u2019<strong>Universit\u00e9 d\u2019Oxford, Royaume-Uni<\/strong>, montrent une corr\u00e9lation entre labellisation et croissance \u00e9conomique, cr\u00e9ation d\u2019emplois, renforcement de la fiert\u00e9 locale, mais aussi hausse des exigences en mati\u00e8re de protection.<\/p>\n<p>Les b\u00e9n\u00e9fices se d\u00e9clinent \u00e0 plusieurs niveaux :<\/p>\n<ul>\n<li><strong>\u00c9conomie et emploi<\/strong> : la r\u00e9gion du <strong>Val de Loire<\/strong>, en France, tire de son paysage culturel inscrit \u00e0 l\u2019UNESCO un chiffre d\u2019affaires touristique estim\u00e9 \u00e0 pr\u00e8s de <u>10 milliards d\u2019euros par an<\/u> lorsque l\u2019on agr\u00e8ge h\u00e9bergement, restauration, visites, activit\u00e9s culturelles. Le <strong>Mont-Saint-Michel<\/strong> et sa r\u00e9gion g\u00e9n\u00e8rent plusieurs milliers d\u2019emplois directs et indirects, avec environ <u>5 000 postes li\u00e9s au tourisme, \u00e0 la restauration, aux transports et aux services culturels<\/u>.<\/li>\n<li><strong>D\u00e9veloppement durable et am\u00e9nagement<\/strong> : dans des sites comme le <strong>sanctuaire historique de Machu Picchu, P\u00e9rou<\/strong>, les autorit\u00e9s ont mis en place des quotas de visiteurs, des itin\u00e9raires balis\u00e9s et des navettes de transport collectif pour r\u00e9duire l\u2019\u00e9rosion des sentiers et les \u00e9missions li\u00e9es aux d\u00e9placements individuels. Ces mesures, parfois contraignantes pour les visiteurs, contribuent \u00e0 la pr\u00e9servation \u00e0 long terme du site tout en maintenant les retomb\u00e9es \u00e9conomiques pour les communaut\u00e9s andines.<\/li>\n<li><strong>Coh\u00e9sion sociale et \u00e9ducation<\/strong> : les <strong>b\u00e9guinages flamands<\/strong> de <strong>Belgique<\/strong>, class\u00e9s au patrimoine mondial, constituent des lieux de m\u00e9moire du mode de vie des b\u00e9guines, femmes la\u00efques pieuses. Leur valorisation, appuy\u00e9e par les autorit\u00e9s culturelles belges, sert de support \u00e0 des actions p\u00e9dagogiques, \u00e0 des programmes de m\u00e9diation et de recherche historique.<\/li>\n<li><strong>Objectifs de d\u00e9veloppement durable (ODD)<\/strong> : l\u2019UNESCO insiste sur les liens entre patrimoine mondial et <strong>Objectifs de d\u00e9veloppement durable (ODD) 2030<\/strong>, notamment l\u2019ODD 11 (villes et communaut\u00e9s durables), l\u2019ODD 13 (lutte contre les changements climatiques) et l\u2019ODD 15 (vie terrestre). Un site bien g\u00e9r\u00e9 devient un laboratoire de pratiques durables, int\u00e9grant \u00e9nergies renouvelables, gestion de l\u2019eau, mobilit\u00e9 douce et respect des communaut\u00e9s autochtones.<\/li>\n<\/ul>\n<p>\u00c0 notre avis, la cl\u00e9 r\u00e9side dans l\u2019\u00e9quilibre : un site peut devenir un formidable levier de d\u00e9veloppement territorial, \u00e0 condition que la <u>dimension \u00e9conomique<\/u> n\u2019\u00e9crase pas la <u>dimension patrimoniale et sociale<\/u>. Lorsque les b\u00e9n\u00e9fices sont capt\u00e9s par quelques acteurs ext\u00e9rieurs, les populations locales peuvent se sentir d\u00e9poss\u00e9d\u00e9es de leur propre h\u00e9ritage, ce qui fragilise \u00e0 terme la qualit\u00e9 de la conservation.<\/p>\n<h2>Pr\u00e9server le patrimoine mondial : un engagement pour l\u2019avenir<\/h2>\n<p>Des crit\u00e8res de s\u00e9lection jusqu\u2019aux m\u00e9canismes de gestion, le <strong>patrimoine UNESCO<\/strong> repose sur un socle juridique robuste et sur des expertises techniques de haut niveau. Pourtant, \u00e0 mesure que <strong>la pression anthropique<\/strong> et le <strong>changement climatique<\/strong> s\u2019intensifient, conserver ces <u>1 199 sites dans 168 pays<\/u> devient un d\u00e9fi collectif qui nous engage tous, institutions, collectivit\u00e9s, citoyens, visiteurs.<\/p>\n<p>Nous pensons que la pr\u00e9servation de cette <strong>richesse culturelle et naturelle<\/strong> passera par une combinaison d\u2019actions compl\u00e9mentaires :<\/p>\n<ul>\n<li>Adopter des <strong>pratiques de visite responsables<\/strong> : privil\u00e9gier des s\u00e9jours plus longs, des p\u00e9riodes hors haute saison, des modes de transport moins \u00e9metteurs, respecter les r\u00e8gles locales et les chemins balis\u00e9s.<\/li>\n<li>Soutenir les <strong>initiatives de protection<\/strong> : programmes \u00e9ducatifs, chantiers de restauration, campagnes de financement participatif, actions associatives et actions port\u00e9es par des organisations comme l\u2019<strong>ICOMOS<\/strong> ou l\u2019<strong>UICN<\/strong>.<\/li>\n<li>Renforcer l\u2019usage de technologies avanc\u00e9es : l\u2019<strong>Intelligence Artificielle (IA)<\/strong>, la <strong>mod\u00e9lisation 3D<\/strong>, la <strong>r\u00e9alit\u00e9 virtuelle (VR)<\/strong> et la <strong>t\u00e9l\u00e9d\u00e9tection par satellite<\/strong> \u2013 utilis\u00e9es notamment par l\u2019<strong>Agence spatiale europ\u00e9enne (ESA)<\/strong> \u2013 permettent aujourd\u2019hui de <u>surveiller l\u2019\u00e9rosion, les d\u00e9formations structurelles, la fr\u00e9quentation<\/u> et de documenter les sites avec une pr\u00e9cision in\u00e9dite.<\/li>\n<li>Imaginer le  <strong>patrimoine 2050<\/strong> ? : dans les prochaines d\u00e9cennies, nous verrons probablement des visites virtuelles immersives de sites fragiles, des jumeaux num\u00e9riques pour les monuments les plus menac\u00e9s, et des mod\u00e8les pr\u00e9dictifs pour anticiper les risques climatiques.<\/li>\n<\/ul>\n<p>Le <u>patrimoine mondial de l\u2019UNESCO<\/u> ne se r\u00e9sume pas \u00e0 une liste prestigieuse. C\u2019est un outil politique, scientifique et culturel au service de la <strong>diversit\u00e9 culturelle<\/strong> et de la <strong>protection des \u00e9cosyst\u00e8mes<\/strong>. En nous informant, en ajustant nos pratiques de voyage, en soutenant les projets de conservation, nous contribuons, \u00e0 notre \u00e9chelle, \u00e0 ce <u>tr\u00e9sor partag\u00e9 de l\u2019humanit\u00e9<\/u> qui doit rester vivant, transmis et compris par les g\u00e9n\u00e9rations futures.<\/p>\n<div style=\"background: #e8f4f8;border: 3px solid #0073aa;padding: 20px;margin: 20px 0;border-radius: 8px\">\n<h2 style=\"color: #0073aa;text-align: center;margin-bottom: 15px\">\ud83d\udd27 Ressources Pratiques et Outils<\/h2>\n<div style=\"background: white;padding: 15px;margin: 10px 0;border-left: 4px solid #28a745\">\n<h3 style=\"color: #28a745;margin-bottom: 10px\">\ud83d\udccd Entreprises Sp\u00e9cialis\u00e9es en Patrimoine<\/h3>\n<p><strong>Monnaie de Paris<\/strong>, Paris (75) &#8211; Contact : [non sp\u00e9cifi\u00e9]<br \/>\n<strong>Atelier d\u2019Art de la R\u00e9union des Mus\u00e9es nationaux et Grand Palais<\/strong>, Saint-Denis-La-Plaine (93) &#8211; Contact : [non sp\u00e9cifi\u00e9]<br \/>\n<strong>Poteries d\u2019Albi<\/strong>, Albi (81) &#8211; Contact : [non sp\u00e9cifi\u00e9]<br \/>\n<strong>Site verrier de Meisenthal<\/strong>, Meisenthal (57) &#8211; Contact : [non sp\u00e9cifi\u00e9]<br \/>\n<strong>Laguiole Honor\u00e9 Durand<\/strong>, Laguiole (12) &#8211; Contact : [non sp\u00e9cifi\u00e9]<br \/>\n<strong>Manufacture Virebent<\/strong>, Puy-l\u2019\u00c9v\u00eaque (46) &#8211; Contact : [non sp\u00e9cifi\u00e9]<br \/>\n<strong>Ch\u00e2teau de Luc \u2013 Famille Fabre<\/strong>, Luc-sur-Orbieu (11) &#8211; Contact : [non sp\u00e9cifi\u00e9]<br \/>\n<strong>Tissage Moutet<\/strong>, Orthez (19) &#8211; Contact : [non sp\u00e9cifi\u00e9]<br \/>\n<strong>Savonnerie du Midi \u2013 la Corvette<\/strong>, Marseille (13) &#8211; Contact : [non sp\u00e9cifi\u00e9]<br \/>\n<strong>Filaventure Brun de Vian Tiran<\/strong>, L\u2019Isle-sur-la-Sorgue (88) &#8211; Contact : [non sp\u00e9cifi\u00e9]<\/p>\n<\/div>\n<div style=\"background: white;padding: 15px;margin: 10px 0;border-left: 4px solid #007bff\">\n<h3 style=\"color: #007bff;margin-bottom: 10px\">\ud83d\udee0\ufe0f Outils et Calculateurs<\/h3>\n<p>Pour des informations sur l&rsquo;engagement des entreprises envers le patrimoine, visitez : <a href=\"https:\/\/whc.unesco.org\/fr\/engagement-zones-exclusion\/\" rel=\"nofollow\">UNESCO Engagement<\/a><br \/>\nPour d\u00e9couvrir les Journ\u00e9es Europ\u00e9ennes du Patrimoine et les savoir-faire associ\u00e9s, consultez : <a href=\"https:\/\/www.entrepriseetdecouverte.fr\/direction-les-entreprises-pour-les-journees-europeennes-du-patrimoine\/\" rel=\"nofollow\">Journ\u00e9es Europ\u00e9ennes du Patrimoine<\/a><\/p>\n<\/div>\n<div style=\"background: white;padding: 15px;margin: 10px 0;border-left: 4px solid #6f42c1\">\n<h3 style=\"color: #6f42c1;margin-bottom: 10px\">\ud83d\udc65 Communaut\u00e9 et Experts<\/h3>\n<p>Pour des \u00e9changes autour du patrimoine culturel, rejoignez les organisations non gouvernementales accr\u00e9dit\u00e9es comme l&rsquo;Office pour le Patrimoine Immat\u00e9riel &#8211; OPCI-Ethnodoc. Plus d&rsquo;informations ici : <a href=\"https:\/\/ich.unesco.org\/fr\/ong-accreditees-00331\" rel=\"nofollow\">ONG Accr\u00e9dit\u00e9es UNESCO<\/a><br \/>\nParticipez au Salon International du Patrimoine Culturel (SIPC) qui se tiendra du 23 au 26 octobre 2025 au Carrousel du Louvre, avec plus de 300 exposants : <a href=\"https:\/\/www.patrimoineculturel.com\/le-salon\/liste-des-exposants\/\" rel=\"nofollow\">SIPC Exposants<\/a><\/p>\n<\/div>\n<div style=\"background: #fff3cd;padding: 15px;margin: 15px 0;border: 2px solid #ffc107;border-radius: 5px\">\n<strong style=\"color: #856404\">\ud83d\udca1 R\u00e9sum\u00e9 en 2 lignes :<\/strong><br \/>\n<span>D\u00e9couvrez des entreprises et ressources d\u00e9di\u00e9es \u00e0 la pr\u00e9servation du patrimoine culturel en France, ainsi que des \u00e9v\u00e9nements pour s&rsquo;engager activement dans sa protection.<\/span>\n<\/div>\n<\/div>\n","protected":false},"excerpt":{"rendered":"","protected":false},"author":34,"featured_media":7724,"comment_status":"open","ping_status":"open","sticky":false,"template":"","format":"standard","meta":{"_acf_changed":false,"manual_indexmenow":false,"indexmenow_id_project":0,"footnotes":""},"categories":[4520],"tags":[4779,4778,4780],"class_list":["post-7722","post","type-post","status-publish","format-standard","has-post-thumbnail","hentry","category-histoire-et-culture","tag-patrimoine-mondial","tag-patrimoine-unesco","tag-unesco-liste","generate-columns","tablet-grid-50","mobile-grid-100","grid-parent","grid-25"],"acf":[],"yoast_head":"<!-- This site is optimized with the Yoast SEO Premium plugin v21.3 (Yoast SEO v25.6) - https:\/\/yoast.com\/wordpress\/plugins\/seo\/ -->\n<title>Patrimoine mondial UNESCO : sites et crit\u00e8res cl\u00e9s<\/title>\n<meta name=\"description\" content=\"Le patrimoine mondial d\u00e9signe, selon la d\u00e9finition officielle de l\u2019UNESCO, des biens culturels et naturels poss\u00e9dant une valeur universelle\" \/>\n<meta name=\"robots\" content=\"index, follow, max-snippet:-1, max-image-preview:large, max-video-preview:-1\" \/>\n<link rel=\"canonical\" href=\"https:\/\/greenwichmeridien.fr\/blog\/histoire-et-culture\/patrimoine-unesco\/\" \/>\n<meta property=\"og:locale\" content=\"fr_FR\" \/>\n<meta property=\"og:type\" content=\"article\" \/>\n<meta property=\"og:title\" content=\"Patrimoine mondial UNESCO : sites et crit\u00e8res cl\u00e9s\" \/>\n<meta property=\"og:description\" content=\"Le patrimoine mondial d\u00e9signe, selon la d\u00e9finition officielle de l\u2019UNESCO, des biens culturels et naturels poss\u00e9dant une valeur universelle\" \/>\n<meta property=\"og:url\" content=\"https:\/\/greenwichmeridien.fr\/blog\/histoire-et-culture\/patrimoine-unesco\/\" \/>\n<meta property=\"og:site_name\" content=\"greenwichmeridien\" \/>\n<meta property=\"og:image\" content=\"https:\/\/greenwichmeridien.fr\/blog\/wp-content\/uploads\/2025\/12\/pag-image-69402d601e0e0-scaled.png\" \/>\n\t<meta property=\"og:image:width\" content=\"1200\" \/>\n\t<meta property=\"og:image:height\" content=\"686\" \/>\n\t<meta property=\"og:image:type\" content=\"image\/png\" \/>\n<meta name=\"author\" content=\"Samuel Chalmin\" \/>\n<meta name=\"twitter:card\" content=\"summary_large_image\" \/>\n<script type=\"application\/ld+json\" class=\"yoast-schema-graph\">{\"@context\":\"https:\/\/schema.org\",\"@graph\":[{\"@type\":\"NewsArticle\",\"@id\":\"https:\/\/greenwichmeridien.fr\/blog\/histoire-et-culture\/patrimoine-unesco\/#article\",\"isPartOf\":{\"@id\":\"https:\/\/greenwichmeridien.fr\/blog\/histoire-et-culture\/patrimoine-unesco\/\"},\"author\":{\"name\":\"Samuel Chalmin\",\"@id\":\"https:\/\/greenwichmeridien.fr\/blog\/#\/schema\/person\/3c864cdc320801e3db34b663e7e3f816\"},\"headline\":\"patrimoine unesco\",\"datePublished\":\"2026-01-26T08:38:00+00:00\",\"mainEntityOfPage\":{\"@id\":\"https:\/\/greenwichmeridien.fr\/blog\/histoire-et-culture\/patrimoine-unesco\/\"},\"wordCount\":3109,\"commentCount\":0,\"publisher\":{\"@id\":\"https:\/\/greenwichmeridien.fr\/blog\/#organization\"},\"image\":{\"@id\":\"https:\/\/greenwichmeridien.fr\/blog\/histoire-et-culture\/patrimoine-unesco\/#primaryimage\"},\"thumbnailUrl\":\"https:\/\/greenwichmeridien.fr\/blog\/wp-content\/uploads\/2025\/12\/pag-image-69402d601e0e0-scaled.png\",\"keywords\":[\"patrimoine mondial\",\"patrimoine unesco\",\"unesco liste\"],\"articleSection\":[\"Histoire et Culture\"],\"inLanguage\":\"fr-FR\",\"potentialAction\":[{\"@type\":\"CommentAction\",\"name\":\"Comment\",\"target\":[\"https:\/\/greenwichmeridien.fr\/blog\/histoire-et-culture\/patrimoine-unesco\/#respond\"]}]},{\"@type\":\"WebPage\",\"@id\":\"https:\/\/greenwichmeridien.fr\/blog\/histoire-et-culture\/patrimoine-unesco\/\",\"url\":\"https:\/\/greenwichmeridien.fr\/blog\/histoire-et-culture\/patrimoine-unesco\/\",\"name\":\"Patrimoine mondial UNESCO : sites et crit\u00e8res cl\u00e9s\",\"isPartOf\":{\"@id\":\"https:\/\/greenwichmeridien.fr\/blog\/#website\"},\"primaryImageOfPage\":{\"@id\":\"https:\/\/greenwichmeridien.fr\/blog\/histoire-et-culture\/patrimoine-unesco\/#primaryimage\"},\"image\":{\"@id\":\"https:\/\/greenwichmeridien.fr\/blog\/histoire-et-culture\/patrimoine-unesco\/#primaryimage\"},\"thumbnailUrl\":\"https:\/\/greenwichmeridien.fr\/blog\/wp-content\/uploads\/2025\/12\/pag-image-69402d601e0e0-scaled.png\",\"datePublished\":\"2026-01-26T08:38:00+00:00\",\"description\":\"Le patrimoine mondial d\u00e9signe, selon la d\u00e9finition officielle de l\u2019UNESCO, des biens culturels et naturels poss\u00e9dant une valeur universelle\",\"inLanguage\":\"fr-FR\",\"potentialAction\":[{\"@type\":\"ReadAction\",\"target\":[\"https:\/\/greenwichmeridien.fr\/blog\/histoire-et-culture\/patrimoine-unesco\/\"]}]},{\"@type\":\"ImageObject\",\"inLanguage\":\"fr-FR\",\"@id\":\"https:\/\/greenwichmeridien.fr\/blog\/histoire-et-culture\/patrimoine-unesco\/#primaryimage\",\"url\":\"https:\/\/greenwichmeridien.fr\/blog\/wp-content\/uploads\/2025\/12\/pag-image-69402d601e0e0-scaled.png\",\"contentUrl\":\"https:\/\/greenwichmeridien.fr\/blog\/wp-content\/uploads\/2025\/12\/pag-image-69402d601e0e0-scaled.png\",\"width\":1200,\"height\":686,\"caption\":\"Image g\u00e9n\u00e9r\u00e9e par IA optimis\u00e9e pour Google Discover\"},{\"@type\":\"WebSite\",\"@id\":\"https:\/\/greenwichmeridien.fr\/blog\/#website\",\"url\":\"https:\/\/greenwichmeridien.fr\/blog\/\",\"name\":\"Greenwich M\u00e9ridien\",\"description\":\"Greenwich M\u00e9ridien, le rep\u00e8re du temps et du voyage\",\"publisher\":{\"@id\":\"https:\/\/greenwichmeridien.fr\/blog\/#organization\"},\"alternateName\":\"Greenwich M\u00e9ridien, le rep\u00e8re du temps et du voyage\",\"potentialAction\":[{\"@type\":\"SearchAction\",\"target\":{\"@type\":\"EntryPoint\",\"urlTemplate\":\"https:\/\/greenwichmeridien.fr\/blog\/?s={search_term_string}\"},\"query-input\":{\"@type\":\"PropertyValueSpecification\",\"valueRequired\":true,\"valueName\":\"search_term_string\"}}],\"inLanguage\":\"fr-FR\"},{\"@type\":\"Organization\",\"@id\":\"https:\/\/greenwichmeridien.fr\/blog\/#organization\",\"name\":\"Greenwich M\u00e9ridien\",\"alternateName\":\"Greenwich M\u00e9ridien\",\"url\":\"https:\/\/greenwichmeridien.fr\/blog\/\",\"logo\":{\"@type\":\"ImageObject\",\"inLanguage\":\"fr-FR\",\"@id\":\"https:\/\/greenwichmeridien.fr\/blog\/#\/schema\/logo\/image\/\",\"url\":\"https:\/\/greenwichmeridien.fr\/blog\/wp-content\/uploads\/2024\/12\/greenwichmeridien.png\",\"contentUrl\":\"https:\/\/greenwichmeridien.fr\/blog\/wp-content\/uploads\/2024\/12\/greenwichmeridien.png\",\"width\":500,\"height\":500,\"caption\":\"Greenwich M\u00e9ridien\"},\"image\":{\"@id\":\"https:\/\/greenwichmeridien.fr\/blog\/#\/schema\/logo\/image\/\"}},{\"@type\":\"Person\",\"@id\":\"https:\/\/greenwichmeridien.fr\/blog\/#\/schema\/person\/3c864cdc320801e3db34b663e7e3f816\",\"name\":\"Samuel Chalmin\",\"image\":{\"@type\":\"ImageObject\",\"inLanguage\":\"fr-FR\",\"@id\":\"https:\/\/greenwichmeridien.fr\/blog\/#\/schema\/person\/image\/\",\"url\":\"https:\/\/secure.gravatar.com\/avatar\/cef3677de7d237273d13053728f9470818581a8a27d9bf6f5039fd18508a905f?s=96&d=mm&r=g\",\"contentUrl\":\"https:\/\/secure.gravatar.com\/avatar\/cef3677de7d237273d13053728f9470818581a8a27d9bf6f5039fd18508a905f?s=96&d=mm&r=g\",\"caption\":\"Samuel Chalmin\"},\"description\":\"R\u00e9dacteur du site, il suit les questions de temps et de calendrier : m\u00e9ridien de Greenwich, heure GMT et UTC, fuseaux horaires, changement d'heure, ann\u00e9es bissextiles et jours f\u00e9ri\u00e9s.\",\"sameAs\":[\"https:\/\/samuelchalmin.fr\/\"],\"url\":\"https:\/\/greenwichmeridien.fr\/blog\/auteur\/noname\/\"}]}<\/script>\n<!-- \/ Yoast SEO Premium plugin. -->","yoast_head_json":{"title":"Patrimoine mondial UNESCO : sites et crit\u00e8res cl\u00e9s","description":"Le patrimoine mondial d\u00e9signe, selon la d\u00e9finition officielle de l\u2019UNESCO, des biens culturels et naturels poss\u00e9dant une valeur universelle","robots":{"index":"index","follow":"follow","max-snippet":"max-snippet:-1","max-image-preview":"max-image-preview:large","max-video-preview":"max-video-preview:-1"},"canonical":"https:\/\/greenwichmeridien.fr\/blog\/histoire-et-culture\/patrimoine-unesco\/","og_locale":"fr_FR","og_type":"article","og_title":"Patrimoine mondial UNESCO : sites et crit\u00e8res cl\u00e9s","og_description":"Le patrimoine mondial d\u00e9signe, selon la d\u00e9finition officielle de l\u2019UNESCO, des biens culturels et naturels poss\u00e9dant une valeur universelle","og_url":"https:\/\/greenwichmeridien.fr\/blog\/histoire-et-culture\/patrimoine-unesco\/","og_site_name":"greenwichmeridien","og_image":[{"width":1200,"height":686,"url":"https:\/\/greenwichmeridien.fr\/blog\/wp-content\/uploads\/2025\/12\/pag-image-69402d601e0e0-scaled.png","type":"image\/png"}],"author":"Samuel Chalmin","twitter_card":"summary_large_image","schema":{"@context":"https:\/\/schema.org","@graph":[{"@type":"NewsArticle","@id":"https:\/\/greenwichmeridien.fr\/blog\/histoire-et-culture\/patrimoine-unesco\/#article","isPartOf":{"@id":"https:\/\/greenwichmeridien.fr\/blog\/histoire-et-culture\/patrimoine-unesco\/"},"author":{"name":"Samuel Chalmin","@id":"https:\/\/greenwichmeridien.fr\/blog\/#\/schema\/person\/3c864cdc320801e3db34b663e7e3f816"},"headline":"patrimoine unesco","datePublished":"2026-01-26T08:38:00+00:00","mainEntityOfPage":{"@id":"https:\/\/greenwichmeridien.fr\/blog\/histoire-et-culture\/patrimoine-unesco\/"},"wordCount":3109,"commentCount":0,"publisher":{"@id":"https:\/\/greenwichmeridien.fr\/blog\/#organization"},"image":{"@id":"https:\/\/greenwichmeridien.fr\/blog\/histoire-et-culture\/patrimoine-unesco\/#primaryimage"},"thumbnailUrl":"https:\/\/greenwichmeridien.fr\/blog\/wp-content\/uploads\/2025\/12\/pag-image-69402d601e0e0-scaled.png","keywords":["patrimoine mondial","patrimoine unesco","unesco liste"],"articleSection":["Histoire et Culture"],"inLanguage":"fr-FR","potentialAction":[{"@type":"CommentAction","name":"Comment","target":["https:\/\/greenwichmeridien.fr\/blog\/histoire-et-culture\/patrimoine-unesco\/#respond"]}]},{"@type":"WebPage","@id":"https:\/\/greenwichmeridien.fr\/blog\/histoire-et-culture\/patrimoine-unesco\/","url":"https:\/\/greenwichmeridien.fr\/blog\/histoire-et-culture\/patrimoine-unesco\/","name":"Patrimoine mondial UNESCO : sites et crit\u00e8res cl\u00e9s","isPartOf":{"@id":"https:\/\/greenwichmeridien.fr\/blog\/#website"},"primaryImageOfPage":{"@id":"https:\/\/greenwichmeridien.fr\/blog\/histoire-et-culture\/patrimoine-unesco\/#primaryimage"},"image":{"@id":"https:\/\/greenwichmeridien.fr\/blog\/histoire-et-culture\/patrimoine-unesco\/#primaryimage"},"thumbnailUrl":"https:\/\/greenwichmeridien.fr\/blog\/wp-content\/uploads\/2025\/12\/pag-image-69402d601e0e0-scaled.png","datePublished":"2026-01-26T08:38:00+00:00","description":"Le patrimoine mondial d\u00e9signe, selon la d\u00e9finition officielle de l\u2019UNESCO, des biens culturels et naturels poss\u00e9dant une valeur universelle","inLanguage":"fr-FR","potentialAction":[{"@type":"ReadAction","target":["https:\/\/greenwichmeridien.fr\/blog\/histoire-et-culture\/patrimoine-unesco\/"]}]},{"@type":"ImageObject","inLanguage":"fr-FR","@id":"https:\/\/greenwichmeridien.fr\/blog\/histoire-et-culture\/patrimoine-unesco\/#primaryimage","url":"https:\/\/greenwichmeridien.fr\/blog\/wp-content\/uploads\/2025\/12\/pag-image-69402d601e0e0-scaled.png","contentUrl":"https:\/\/greenwichmeridien.fr\/blog\/wp-content\/uploads\/2025\/12\/pag-image-69402d601e0e0-scaled.png","width":1200,"height":686,"caption":"Image g\u00e9n\u00e9r\u00e9e par IA optimis\u00e9e pour Google Discover"},{"@type":"WebSite","@id":"https:\/\/greenwichmeridien.fr\/blog\/#website","url":"https:\/\/greenwichmeridien.fr\/blog\/","name":"Greenwich M\u00e9ridien","description":"Greenwich M\u00e9ridien, le rep\u00e8re du temps et du voyage","publisher":{"@id":"https:\/\/greenwichmeridien.fr\/blog\/#organization"},"alternateName":"Greenwich M\u00e9ridien, le rep\u00e8re du temps et du voyage","potentialAction":[{"@type":"SearchAction","target":{"@type":"EntryPoint","urlTemplate":"https:\/\/greenwichmeridien.fr\/blog\/?s={search_term_string}"},"query-input":{"@type":"PropertyValueSpecification","valueRequired":true,"valueName":"search_term_string"}}],"inLanguage":"fr-FR"},{"@type":"Organization","@id":"https:\/\/greenwichmeridien.fr\/blog\/#organization","name":"Greenwich M\u00e9ridien","alternateName":"Greenwich M\u00e9ridien","url":"https:\/\/greenwichmeridien.fr\/blog\/","logo":{"@type":"ImageObject","inLanguage":"fr-FR","@id":"https:\/\/greenwichmeridien.fr\/blog\/#\/schema\/logo\/image\/","url":"https:\/\/greenwichmeridien.fr\/blog\/wp-content\/uploads\/2024\/12\/greenwichmeridien.png","contentUrl":"https:\/\/greenwichmeridien.fr\/blog\/wp-content\/uploads\/2024\/12\/greenwichmeridien.png","width":500,"height":500,"caption":"Greenwich M\u00e9ridien"},"image":{"@id":"https:\/\/greenwichmeridien.fr\/blog\/#\/schema\/logo\/image\/"}},{"@type":"Person","@id":"https:\/\/greenwichmeridien.fr\/blog\/#\/schema\/person\/3c864cdc320801e3db34b663e7e3f816","name":"Samuel Chalmin","image":{"@type":"ImageObject","inLanguage":"fr-FR","@id":"https:\/\/greenwichmeridien.fr\/blog\/#\/schema\/person\/image\/","url":"https:\/\/secure.gravatar.com\/avatar\/cef3677de7d237273d13053728f9470818581a8a27d9bf6f5039fd18508a905f?s=96&d=mm&r=g","contentUrl":"https:\/\/secure.gravatar.com\/avatar\/cef3677de7d237273d13053728f9470818581a8a27d9bf6f5039fd18508a905f?s=96&d=mm&r=g","caption":"Samuel Chalmin"},"description":"R\u00e9dacteur du site, il suit les questions de temps et de calendrier : m\u00e9ridien de Greenwich, heure GMT et UTC, fuseaux horaires, changement d'heure, ann\u00e9es bissextiles et jours f\u00e9ri\u00e9s.","sameAs":["https:\/\/samuelchalmin.fr\/"],"url":"https:\/\/greenwichmeridien.fr\/blog\/auteur\/noname\/"}]}},"_links":{"self":[{"href":"https:\/\/greenwichmeridien.fr\/blog\/wp-json\/wp\/v2\/posts\/7722","targetHints":{"allow":["GET"]}}],"collection":[{"href":"https:\/\/greenwichmeridien.fr\/blog\/wp-json\/wp\/v2\/posts"}],"about":[{"href":"https:\/\/greenwichmeridien.fr\/blog\/wp-json\/wp\/v2\/types\/post"}],"author":[{"embeddable":true,"href":"https:\/\/greenwichmeridien.fr\/blog\/wp-json\/wp\/v2\/users\/34"}],"replies":[{"embeddable":true,"href":"https:\/\/greenwichmeridien.fr\/blog\/wp-json\/wp\/v2\/comments?post=7722"}],"version-history":[{"count":1,"href":"https:\/\/greenwichmeridien.fr\/blog\/wp-json\/wp\/v2\/posts\/7722\/revisions"}],"predecessor-version":[{"id":7793,"href":"https:\/\/greenwichmeridien.fr\/blog\/wp-json\/wp\/v2\/posts\/7722\/revisions\/7793"}],"wp:featuredmedia":[{"embeddable":true,"href":"https:\/\/greenwichmeridien.fr\/blog\/wp-json\/wp\/v2\/media\/7724"}],"wp:attachment":[{"href":"https:\/\/greenwichmeridien.fr\/blog\/wp-json\/wp\/v2\/media?parent=7722"}],"wp:term":[{"taxonomy":"category","embeddable":true,"href":"https:\/\/greenwichmeridien.fr\/blog\/wp-json\/wp\/v2\/categories?post=7722"},{"taxonomy":"post_tag","embeddable":true,"href":"https:\/\/greenwichmeridien.fr\/blog\/wp-json\/wp\/v2\/tags?post=7722"}],"curies":[{"name":"wp","href":"https:\/\/api.w.org\/{rel}","templated":true}]}}