{"id":7725,"date":"2026-01-29T09:30:00","date_gmt":"2026-01-29T08:30:00","guid":{"rendered":"https:\/\/greenwichmeridien.fr\/blog\/?p=7725"},"modified":"2026-01-29T09:30:00","modified_gmt":"2026-01-29T08:30:00","slug":"photographie-darchitecture-le-materiel-essentiel-pour-des-images-epoustouflantes","status":"publish","type":"post","link":"https:\/\/greenwichmeridien.fr\/blog\/photographie-et-visuels\/photographie-darchitecture-le-materiel-essentiel-pour-des-images-epoustouflantes\/","title":{"rendered":"Photographie d&rsquo;architecture : le mat\u00e9riel essentiel pour des images \u00e9poustouflantes"},"content":{"rendered":"<div style=\"background: linear-gradient(135deg, #f5f7fa 0%, #e9ecef 100%);border-left: 4px solid #0073aa;padding: 15px 20px;margin: 0 0 25px 0;border-radius: 0 8px 8px 0\">\n<p style=\"margin: 0;font-size: 14px;color: #0073aa;font-weight: 600;text-transform: uppercase;letter-spacing: 1px;margin-bottom: 10px\">\ud83d\udccb En bref<\/p>\n<ul style=\"margin: 0;padding-left: 20px;list-style-type: none\">\n<li style=\"margin: 5px 0;color: #333;font-size: 15px;line-height: 1.5;position: relative;padding-left: 15px\"><span style=\"position: absolute;left: 0;color: #0073aa\">\u25b8<\/span> Utilisez un bo\u00eetier plein format pour une haute r\u00e9solution et une large plage dynamique.<\/li>\n<li style=\"margin: 5px 0;color: #333;font-size: 15px;line-height: 1.5;position: relative;padding-left: 15px\"><span style=\"position: absolute;left: 0;color: #0073aa\">\u25b8<\/span> Optez pour des objectifs grand-angle et tilt-shift pour un cadrage pr\u00e9cis et une correction de perspective.<\/li>\n<li style=\"margin: 5px 0;color: #333;font-size: 15px;line-height: 1.5;position: relative;padding-left: 15px\"><span style=\"position: absolute;left: 0;color: #0073aa\">\u25b8<\/span> Compl\u00e9tez avec un tr\u00e9pied, des filtres et, si possible, un drone pour des vues a\u00e9riennes.<\/li>\n<\/ul>\n<\/div>\n<h1>Ma\u00eetrisez la Photographie d&rsquo;Architecture pour des Images \u00c9poustouflantes<\/h1>\n<h2>Quel Mat\u00e9riel Essentiel pour des Photos d&rsquo;Architecture Impeccables<\/h2>\n<p>Pour la photographie de b\u00e2timents, nous avons tout int\u00e9r\u00eat \u00e0 travailler avec un bo\u00eetier \u00e0 <strong>capteur plein format<\/strong>, type <strong>Canon EOS R5<\/strong>, <strong>Nikon Z7 II<\/strong> ou <strong>Sony A7R V<\/strong>, qui offre une <u>haute r\u00e9solution d\u00e9passant souvent les 40 m\u00e9gapixels<\/u> et une <u>large plage dynamique<\/u>. Ces caract\u00e9ristiques permettent de pr\u00e9server les d\u00e9tails dans les hautes lumi\u00e8res des fa\u00e7ades en verre et dans les ombres des sous-bassements, ce qui reste d\u00e9cisif lorsque nous photographions des immeubles de bureaux modernes \u00e0 <strong>La D\u00e9fense, Hauts-de-Seine<\/strong> ou des mus\u00e9es aux volumes complexes comme le <strong>Mus\u00e9e des Confluences \u00e0 Lyon<\/strong>.<\/p>\n<p>Les objectifs constituent le second pilier. Un <strong>objectif grand-angle rectilin\u00e9aire<\/strong> de 16 \u00e0 24 mm sur plein format nous aide \u00e0 couvrir des fa\u00e7ades enti\u00e8res en milieu urbain dense, tandis qu\u2019un <strong>t\u00e9l\u00e9objectif<\/strong> de 70 \u00e0 200 mm r\u00e9v\u00e8le les d\u00e9tails d\u2019ornementation des immeubles haussmanniens \u00e0 <strong>Paris<\/strong> ou des b\u00e2timents contemporains sign\u00e9s <strong>Jean Nouvel, architecte<\/strong>. Les <strong>objectifs tilt-shift<\/strong> type <strong>Canon TS-E 24mm f\/3.5L II<\/strong> ou <strong>Nikon PC 19mm f\/4E ED<\/strong> nous donnent la capacit\u00e9 de corriger les perspectives directement \u00e0 la prise de vue, ce qui garde toute sa valeur pour les mandats professionnels. Nous compl\u00e9tons ce dispositif avec un <strong>tr\u00e9pied robuste<\/strong>, une rotule fluide, des <strong>filtres ND<\/strong> de 3 \u00e0 10 stops, des <strong>filtres polarisants<\/strong>, et, lorsque la r\u00e9glementation le permet, un <strong>drone<\/strong> tel que le <strong>DJI Mavic 3<\/strong>, incontournable pour des vues a\u00e9riennes de zones d\u2019am\u00e9nagement comme <strong>Eurom\u00e9diterran\u00e9e \u00e0 Marseille<\/strong>.<\/p>\n<ul>\n<li><strong>Bo\u00eetiers plein format<\/strong> : meilleure gestion du bruit et grande latitude en post-production.<\/li>\n<li><strong>Objectifs grand-angle rectilin\u00e9aires<\/strong> : limitation de la distorsion sur les bords du cadre.<\/li>\n<li><strong>Objectifs tilt-shift<\/strong> : <u>redressement optique des lignes verticales<\/u> d\u00e8s la prise de vue.<\/li>\n<li><strong>Tr\u00e9pied et d\u00e9clencheur \u00e0 distance<\/strong> : optimisation de la nettet\u00e9 et des poses longues.<\/li>\n<li><strong>Filtres ND et polarisants<\/strong> : contr\u00f4le de la lumi\u00e8re, des reflets et des contrastes du ciel.<\/li>\n<li><strong>Drones certifi\u00e9s<\/strong> : vues globales de sites, sous r\u00e9serve du respect des r\u00e8gles de la <strong>DGAC en France<\/strong>.<\/li>\n<\/ul>\n<h2>Techniques de Cadrage qui Subliment les Fa\u00e7ades et Volumes Urbains<\/h2>\n<p>Le cadrage en photographie d\u2019architecture exige une approche m\u00e9thodique. Nous utilisons fr\u00e9quemment la <strong>r\u00e8gle des tiers<\/strong> pour positionner les lignes de fa\u00eetage, les angles des b\u00e2timents ou les axes de circulation sur des lignes de force, de sorte \u00e0 guider naturellement le regard. Sur une prise de vue de la <strong>Philharmonie de Paris<\/strong> ou du <strong>Guggenheim Bilbao, Espagne<\/strong>, placer l\u2019\u00e9difice sur un tiers et r\u00e9server les deux autres tiers au ciel ou \u00e0 l\u2019environnement urbain permet de pr\u00e9server la lisibilit\u00e9 des formes. Nous veillons aussi \u00e0 garder des lignes fortes horizontales ou verticales proches des bords du cadre, afin d\u2019\u00e9viter les sensations de d\u00e9s\u00e9quilibre qui nuisent \u00e0 la perception de la structure.<\/p>\n<p>Les zones urbaines modernes, avec leurs parois vitr\u00e9es, ouvrent un terrain tr\u00e8s riche pour les <strong>reflets<\/strong>. En positionnant notre point de vue pour que le <strong>Mus\u00e9e du Louvre<\/strong> se refl\u00e8te dans la <strong>Pyramide de verre de I. M. Pei<\/strong>, ou pour capter les reflets du ciel dans les tours de <strong>Canary Wharf \u00e0 Londres<\/strong>, nous cr\u00e9ons des compositions \u00e0 double lecture. Les <strong>ombres port\u00e9es<\/strong>, notamment en fin de journ\u00e9e, donnent du relief aux fa\u00e7ades nervur\u00e9es ou aux brise-soleil de b\u00e2timents bioclimatiques. Nous privil\u00e9gions des <strong>cadrages larges<\/strong> lorsque nous devons int\u00e9grer le contexte urbain, les axes de circulation, les espaces verts ou le mobilier urbain, tout en contr\u00f4lant la distorsion optique via des objectifs adapt\u00e9s et, si n\u00e9cessaire, des corrections en post-traitement.<\/p>\n<ul>\n<li><u>Placer les lignes structurantes<\/u> (angles, corniches, axes de circulation) sur les lignes de tiers.<\/li>\n<li>Exploiter les <strong>reflets<\/strong> des fa\u00e7ades vitr\u00e9es pour enrichir la composition.<\/li>\n<li>Utiliser les <strong>ombres longues<\/strong> pour renforcer les volumes et les textures.<\/li>\n<li>R\u00e9server un espace au contexte urbain pour \u00e9viter les cadrages trop isol\u00e9s.<\/li>\n<\/ul>\n<h2>G\u00e9rez les Contrastes Lumineux pour des B\u00e2timents Nettement D\u00e9finis<\/h2>\n<p>La photographie d\u2019architecture confronte souvent \u00e0 des \u00e9carts de luminosit\u00e9 extr\u00eames, entre un ciel tr\u00e8s lumineux et des zones d\u2019ombre profonde. Pour garder une <u>plage dynamique exploitable<\/u>, nous utilisons le <strong>bracketing d\u2019exposition<\/strong> : une s\u00e9rie de trois \u00e0 cinq images, \u00e0 diff\u00e9rentes expositions, que nous fusionnons ensuite dans un flux <strong>HDR<\/strong> ma\u00eetris\u00e9 via des logiciels comme <strong>Adobe Lightroom Classic<\/strong> ou <strong>Photomatix Pro<\/strong>. Cette approche reste d\u00e9terminante lorsque nous couvrons des b\u00e2timents en verre et acier, comme ceux du quartier <strong>La Part-Dieu \u00e0 Lyon<\/strong>, o\u00f9 les contrastes sont tr\u00e8s marqu\u00e9s en milieu de journ\u00e9e.<\/p>\n<p>Nous privil\u00e9gions les heures de <strong>lumi\u00e8re douce<\/strong>, l\u2019<u>heure dor\u00e9e<\/u> juste apr\u00e8s le lever du soleil et avant son coucher, ou l\u2019<u>heure bleue<\/u> lorsque l\u2019\u00e9clairage artificiel se m\u00eale \u00e0 la lumi\u00e8re naturelle. \u00c0 ces moments, les mat\u00e9riaux \u2014 pierre calcaire, b\u00e9ton brut, aluminium anodis\u00e9, bardage bois \u2014 r\u00e9v\u00e8lent leur texture sans que les hautes lumi\u00e8res ne soient br\u00fbl\u00e9es. Les <strong>filtres ND gradu\u00e9s<\/strong> nous permettent d\u2019abaisser l\u2019intensit\u00e9 du ciel tout en gardant une exposition juste pour le b\u00e2ti, et un <strong>filtre polarisant<\/strong> r\u00e9duit les reflets parasites, ce qui donne des images plus lisibles et plus facilement exploitables par des services de communication municipaux ou des agences comme <strong>Havas Paris<\/strong>.<\/p>\n<ul>\n<li><strong>Bracketing d\u2019exposition<\/strong> : s\u00e9ries de clich\u00e9s pour construire un <u>HDR naturel<\/u>.<\/li>\n<li>Choix de l\u2019<strong>heure dor\u00e9e<\/strong> ou de l\u2019<strong>heure bleue<\/strong> pour optimiser les textures.<\/li>\n<li><strong>Filtres ND gradu\u00e9s<\/strong> : contr\u00f4le du ciel sur-expos\u00e9.<\/li>\n<li><strong>Filtre polarisant<\/strong> : r\u00e9duction des reflets sur le verre, l\u2019eau et les surfaces vernies.<\/li>\n<\/ul>\n<h2>Objectifs Tilt-Shift pour \u00c9liminer les Perspectives Tordues en Milieu Urbain<\/h2>\n<p>En environnement urbain dense, les lignes verticales qui convergent vers le haut d\u00e8s que nous inclinons l\u2019appareil d\u00e9gradent la lisibilit\u00e9 architecturale, en particulier pour des tours de bureaux, des h\u00f4tels ou des \u00e9quipements publics de grande hauteur. Les <strong>objectifs tilt-shift<\/strong>, dits \u00e0 <strong>bascule et d\u00e9centrement<\/strong>, permettent de corriger ces d\u00e9formations <u>optique?ment<\/u> en maintenant le bo\u00eetier parfaitement de niveau, tout en d\u00e9pla\u00e7ant le bloc optique. Nous redressons ainsi les fa\u00e7ades de gratte-ciel comme ceux du quartier <strong>Defense Westhafen \u00e0 Francfort, Allemagne<\/strong>, ou d\u2019immeubles de logements \u00e0 <strong>Barcelone, Espagne<\/strong>, sans avoir recours \u00e0 des corrections lourdes a posteriori.<\/p>\n<p>Nous consid\u00e9rons ces objectifs comme des outils de pr\u00e9cision, plus fiables que la seule correction logicielle dans <strong>Adobe Photoshop<\/strong> ou <strong>DxO ViewPoint<\/strong>, qui peut \u00e9tirer exag\u00e9r\u00e9ment certaines zones de l\u2019image. En ajustant progressivement le d\u00e9centrement, nous obtenons un rendu tr\u00e8s naturel, parfaitement adapt\u00e9 aux publications d\u2019architectes dans des revues comme <strong>El Croquis<\/strong> ou <strong>AMC \u2013 Le Moniteur Architecture<\/strong>. \u00c0 nos yeux, l\u2019usage d\u2019un tilt-shift, coupl\u00e9 \u00e0 un tr\u00e9pied et \u00e0 une vis\u00e9e soign\u00e9e, fait partie des marqueurs d\u2019un travail professionnel dans l\u2019architecture, surtout lorsque nous devons livrer des fichiers destin\u00e9s \u00e0 l\u2019impression grand format pour des panneaux de chantier, des salons comme <strong>Batimat \u00e0 Paris<\/strong> ou des expositions institutionnelles.<\/p>\n<ul>\n<li><u>Conserver les verticales parfaitement droites<\/u> d\u00e8s la prise de vue.<\/li>\n<li>R\u00e9duire la d\u00e9pendance aux corrections logicielles destructrices.<\/li>\n<li>Offrir aux architectes une repr\u00e9sentation fid\u00e8le de leurs proportions.<\/li>\n<li>Renforcer la qualit\u00e9 per\u00e7ue dans les publications haut de gamme.<\/li>\n<\/ul>\n<h2>Secrets de la Photographie d&rsquo;Architecture Int\u00e9rieure \u00c9clair\u00e9e Naturellement<\/h2>\n<p>La photographie d\u2019architecture int\u00e9rieure impose une anticipation minutieuse. Nous pr\u00e9parons les espaces en collaboration avec les architectes d\u2019int\u00e9rieur ou d\u00e9corateurs, comme ceux de <strong>Philippe Starck Design<\/strong> ou des studios de design op\u00e9rant sur des h\u00f4tels \u00e0 <strong>Nice<\/strong> et <strong>Bordeaux<\/strong>. Cela inclut l\u2019alignement du mobilier, la gestion des c\u00e2bles, le retrait d\u2019\u00e9l\u00e9ments visuellement parasites et la v\u00e9rification des sources lumineuses. Nous privil\u00e9gions syst\u00e9matiquement la <strong>lumi\u00e8re naturelle<\/strong>, issue des fen\u00eatres, verri\u00e8res ou patios, en coupant si possible les \u00e9clairages artificiels trop chauds ou h\u00e9t\u00e9rog\u00e8nes, sauf lorsque l\u2019ambiance lumineuse fait partie int\u00e9grante du concept architectural, comme dans certains projets de <strong>Tadao Ando<\/strong>.<\/p>\n<p>Un <strong>tr\u00e9pied<\/strong> se r\u00e9v\u00e8le ici quasi obligatoire, car nous travaillons souvent avec des <u>vitesses lentes<\/u> et une <strong>sensibilit\u00e9 ISO<\/strong> contenue pour pr\u00e9server la qualit\u00e9 d\u2019image. Les <strong>objectifs grand-angle<\/strong> de 14 \u00e0 20 mm sur plein format permettent de r\u00e9v\u00e9ler les volumes d\u2019un salon, d\u2019un hall d\u2019h\u00f4tel ou d\u2019un open-space, tout en gardant un contr\u00f4le strict sur la distorsion pour \u00e9viter toute impression trompeuse de surface, enjeu sensible dans l\u2019immobilier r\u00e9sidentiel ou tertiaire. Nous adaptons la hauteur de prise de vue \u2014 souvent entre 1 m et 1,40 m \u2014 pour respecter la perception naturelle des lieux, ce que recherchent les agences immobili\u00e8res comme <strong>Century 21<\/strong> ou <strong>Orpi<\/strong> quand elles communiquent sur des biens haut de gamme.<\/p>\n<ul>\n<li>Pr\u00e9parer l\u2019espace avec le ma\u00eetre d\u2019ouvrage ou le d\u00e9corateur pour une sc\u00e8ne coh\u00e9rente.<\/li>\n<li>Favoriser la <strong>lumi\u00e8re naturelle<\/strong> et r\u00e9duire les dominantes de couleur artificielles.<\/li>\n<li>Utiliser un <strong>tr\u00e9pied<\/strong> et des ISO bas pour une nettet\u00e9 maximale.<\/li>\n<li>Choisir un <strong>grand-angle<\/strong> mod\u00e9r\u00e9 et contr\u00f4ler les distorsions.<\/li>\n<\/ul>\n<h2>Post-Production Indispensable pour Rehausser D\u00e9tails Architecturaux<\/h2>\n<p>La phase de post-traitement, r\u00e9alis\u00e9e sur des outils comme <strong>Adobe Lightroom Classic<\/strong>, <strong>Capture One Pro<\/strong> ou <strong>Adobe Photoshop<\/strong>, vise \u00e0 restituer une version fid\u00e8le et lisible du projet, non \u00e0 trahir l\u2019intention architecturale. Nous commen\u00e7ons presque syst\u00e9matiquement par le <strong>redressement des perspectives<\/strong> et l\u2019alignement des horizontales, en utilisant les modules de correction g\u00e9om\u00e9trique. Nous ajustons ensuite la<\/p>\n<div style=\"background: #e8f4f8;border: 3px solid #0073aa;padding: 20px;margin: 20px 0;border-radius: 8px\">\n<h2 style=\"color: #0073aa;text-align: center;margin-bottom: 15px\">\ud83d\udd27 Ressources Pratiques et Outils<\/h2>\n<div style=\"background: white;padding: 15px;margin: 10px 0;border-left: 4px solid #28a745\">\n<h3 style=\"color: #28a745;margin-bottom: 10px\">\ud83d\udccd Boegly + Grazia<\/h3>\n<p>Photographes sp\u00e9cialis\u00e9s en architecture, situ\u00e9s \u00e0 Paris. Pour plus d&rsquo;informations, visitez leur site web : <a href=\"http:\/\/www.boeglygrazia.com\" rel=\"nofollow\">Boegly + Grazia<\/a>.<\/p>\n<\/div>\n<div style=\"background: white;padding: 15px;margin: 10px 0;border-left: 4px solid #007bff\">\n<h3 style=\"color: #007bff;margin-bottom: 10px\">\ud83d\udee0\ufe0f Outils et Calculateurs<\/h3>\n<p>Pour la post-production, utilisez des logiciels comme <strong>Adobe Lightroom Classic<\/strong> et <strong>Adobe Photoshop<\/strong> pour ajuster vos images architecturales. Ces outils sont essentiels pour le redressement des perspectives et l&rsquo;am\u00e9lioration des d\u00e9tails.<\/p>\n<\/div>\n<div style=\"background: white;padding: 15px;margin: 10px 0;border-left: 4px solid #6f42c1\">\n<h3 style=\"color: #6f42c1;margin-bottom: 10px\">\ud83d\udc65 Communaut\u00e9 et Experts<\/h3>\n<p>Participez \u00e0 <strong>Paris Photo 2025<\/strong>, un grand salon international d\u00e9di\u00e9 \u00e0 la photographie, qui se tiendra au Grand Palais, 3 Avenue du G\u00e9n\u00e9ral Eisenhower, 75008 Paris, du 13 au 16 novembre 2025. Plus d&rsquo;informations sur <a href=\"http:\/\/www.parisphoto.com\" rel=\"nofollow\">parisphoto.com<\/a>.<\/p>\n<\/div>\n<div style=\"background: #fff3cd;padding: 15px;margin: 15px 0;border: 2px solid #ffc107;border-radius: 5px\">\n<strong style=\"color: #856404\">\ud83d\udca1 R\u00e9sum\u00e9 en 2 lignes :<\/strong><br \/>\n<span>D\u00e9couvrez des ressources essentielles pour la photographie d&rsquo;architecture \u00e0 Paris, incluant des photographes sp\u00e9cialis\u00e9s, des \u00e9v\u00e9nements majeurs et des outils de post-production.<\/span>\n<\/div>\n<\/div>\n","protected":false},"excerpt":{"rendered":"","protected":false},"author":34,"featured_media":7727,"comment_status":"open","ping_status":"open","sticky":false,"template":"","format":"standard","meta":{"_acf_changed":false,"manual_indexmenow":false,"indexmenow_id_project":0,"footnotes":""},"categories":[4524],"tags":[4781,4782,4783],"class_list":["post-7725","post","type-post","status-publish","format-standard","has-post-thumbnail","hentry","category-photographie-et-visuels","tag-matriel-photo","tag-photographie-architecture","tag-trpied-essentiel","generate-columns","tablet-grid-50","mobile-grid-100","grid-parent","grid-25"],"acf":[],"yoast_head":"<!-- This site is optimized with the Yoast SEO Premium plugin v21.3 (Yoast SEO v25.6) - https:\/\/yoast.com\/wordpress\/plugins\/seo\/ -->\n<title>Photographie d&#039;architecture : le mat\u00e9riel essentiel<\/title>\n<meta name=\"description\" content=\"Pour la photographie de b\u00e2timents, nous avons tout int\u00e9r\u00eat \u00e0 travailler avec un bo\u00eetier \u00e0 capteur plein format, type Canon EOS R5, Nikon Z7 II ou Sony A7R\" \/>\n<meta name=\"robots\" content=\"index, follow, max-snippet:-1, max-image-preview:large, max-video-preview:-1\" \/>\n<link rel=\"canonical\" href=\"https:\/\/greenwichmeridien.fr\/blog\/photographie-et-visuels\/photographie-darchitecture-le-materiel-essentiel-pour-des-images-epoustouflantes\/\" \/>\n<meta property=\"og:locale\" content=\"fr_FR\" \/>\n<meta property=\"og:type\" content=\"article\" \/>\n<meta property=\"og:title\" content=\"Photographie d&#039;architecture : le mat\u00e9riel essentiel\" \/>\n<meta property=\"og:description\" content=\"Pour la photographie de b\u00e2timents, nous avons tout int\u00e9r\u00eat \u00e0 travailler avec un bo\u00eetier \u00e0 capteur plein format, type Canon EOS R5, Nikon Z7 II ou Sony A7R\" \/>\n<meta property=\"og:url\" content=\"https:\/\/greenwichmeridien.fr\/blog\/photographie-et-visuels\/photographie-darchitecture-le-materiel-essentiel-pour-des-images-epoustouflantes\/\" \/>\n<meta property=\"og:site_name\" content=\"greenwichmeridien\" \/>\n<meta property=\"og:image\" content=\"https:\/\/greenwichmeridien.fr\/blog\/wp-content\/uploads\/2025\/12\/pag-image-69402da819af8-scaled.png\" \/>\n\t<meta property=\"og:image:width\" content=\"1200\" \/>\n\t<meta property=\"og:image:height\" content=\"686\" \/>\n\t<meta property=\"og:image:type\" content=\"image\/png\" \/>\n<meta name=\"author\" content=\"Samuel Chalmin\" \/>\n<meta name=\"twitter:card\" content=\"summary_large_image\" \/>\n<script type=\"application\/ld+json\" class=\"yoast-schema-graph\">{\"@context\":\"https:\/\/schema.org\",\"@graph\":[{\"@type\":\"NewsArticle\",\"@id\":\"https:\/\/greenwichmeridien.fr\/blog\/photographie-et-visuels\/photographie-darchitecture-le-materiel-essentiel-pour-des-images-epoustouflantes\/#article\",\"isPartOf\":{\"@id\":\"https:\/\/greenwichmeridien.fr\/blog\/photographie-et-visuels\/photographie-darchitecture-le-materiel-essentiel-pour-des-images-epoustouflantes\/\"},\"author\":{\"name\":\"Samuel Chalmin\",\"@id\":\"https:\/\/greenwichmeridien.fr\/blog\/#\/schema\/person\/3c864cdc320801e3db34b663e7e3f816\"},\"headline\":\"Photographie d&rsquo;architecture : le mat\u00e9riel essentiel pour des images \u00e9poustouflantes\",\"datePublished\":\"2026-01-29T08:30:00+00:00\",\"mainEntityOfPage\":{\"@id\":\"https:\/\/greenwichmeridien.fr\/blog\/photographie-et-visuels\/photographie-darchitecture-le-materiel-essentiel-pour-des-images-epoustouflantes\/\"},\"wordCount\":1821,\"commentCount\":0,\"publisher\":{\"@id\":\"https:\/\/greenwichmeridien.fr\/blog\/#organization\"},\"image\":{\"@id\":\"https:\/\/greenwichmeridien.fr\/blog\/photographie-et-visuels\/photographie-darchitecture-le-materiel-essentiel-pour-des-images-epoustouflantes\/#primaryimage\"},\"thumbnailUrl\":\"https:\/\/greenwichmeridien.fr\/blog\/wp-content\/uploads\/2025\/12\/pag-image-69402da819af8-scaled.png\",\"keywords\":[\"matriel photo\",\"photographie architecture\",\"trpied essentiel\"],\"articleSection\":[\"Photographie et Visuels\"],\"inLanguage\":\"fr-FR\",\"potentialAction\":[{\"@type\":\"CommentAction\",\"name\":\"Comment\",\"target\":[\"https:\/\/greenwichmeridien.fr\/blog\/photographie-et-visuels\/photographie-darchitecture-le-materiel-essentiel-pour-des-images-epoustouflantes\/#respond\"]}]},{\"@type\":\"WebPage\",\"@id\":\"https:\/\/greenwichmeridien.fr\/blog\/photographie-et-visuels\/photographie-darchitecture-le-materiel-essentiel-pour-des-images-epoustouflantes\/\",\"url\":\"https:\/\/greenwichmeridien.fr\/blog\/photographie-et-visuels\/photographie-darchitecture-le-materiel-essentiel-pour-des-images-epoustouflantes\/\",\"name\":\"Photographie d'architecture : le mat\u00e9riel essentiel\",\"isPartOf\":{\"@id\":\"https:\/\/greenwichmeridien.fr\/blog\/#website\"},\"primaryImageOfPage\":{\"@id\":\"https:\/\/greenwichmeridien.fr\/blog\/photographie-et-visuels\/photographie-darchitecture-le-materiel-essentiel-pour-des-images-epoustouflantes\/#primaryimage\"},\"image\":{\"@id\":\"https:\/\/greenwichmeridien.fr\/blog\/photographie-et-visuels\/photographie-darchitecture-le-materiel-essentiel-pour-des-images-epoustouflantes\/#primaryimage\"},\"thumbnailUrl\":\"https:\/\/greenwichmeridien.fr\/blog\/wp-content\/uploads\/2025\/12\/pag-image-69402da819af8-scaled.png\",\"datePublished\":\"2026-01-29T08:30:00+00:00\",\"description\":\"Pour la photographie de b\u00e2timents, nous avons tout int\u00e9r\u00eat \u00e0 travailler avec un bo\u00eetier \u00e0 capteur plein format, type Canon EOS R5, Nikon Z7 II ou Sony A7R\",\"inLanguage\":\"fr-FR\",\"potentialAction\":[{\"@type\":\"ReadAction\",\"target\":[\"https:\/\/greenwichmeridien.fr\/blog\/photographie-et-visuels\/photographie-darchitecture-le-materiel-essentiel-pour-des-images-epoustouflantes\/\"]}]},{\"@type\":\"ImageObject\",\"inLanguage\":\"fr-FR\",\"@id\":\"https:\/\/greenwichmeridien.fr\/blog\/photographie-et-visuels\/photographie-darchitecture-le-materiel-essentiel-pour-des-images-epoustouflantes\/#primaryimage\",\"url\":\"https:\/\/greenwichmeridien.fr\/blog\/wp-content\/uploads\/2025\/12\/pag-image-69402da819af8-scaled.png\",\"contentUrl\":\"https:\/\/greenwichmeridien.fr\/blog\/wp-content\/uploads\/2025\/12\/pag-image-69402da819af8-scaled.png\",\"width\":1200,\"height\":686,\"caption\":\"Image g\u00e9n\u00e9r\u00e9e par IA optimis\u00e9e pour Google Discover\"},{\"@type\":\"WebSite\",\"@id\":\"https:\/\/greenwichmeridien.fr\/blog\/#website\",\"url\":\"https:\/\/greenwichmeridien.fr\/blog\/\",\"name\":\"Greenwich M\u00e9ridien\",\"description\":\"Greenwich M\u00e9ridien, le rep\u00e8re du temps et du voyage\",\"publisher\":{\"@id\":\"https:\/\/greenwichmeridien.fr\/blog\/#organization\"},\"alternateName\":\"Greenwich M\u00e9ridien, le rep\u00e8re du temps et du voyage\",\"potentialAction\":[{\"@type\":\"SearchAction\",\"target\":{\"@type\":\"EntryPoint\",\"urlTemplate\":\"https:\/\/greenwichmeridien.fr\/blog\/?s={search_term_string}\"},\"query-input\":{\"@type\":\"PropertyValueSpecification\",\"valueRequired\":true,\"valueName\":\"search_term_string\"}}],\"inLanguage\":\"fr-FR\"},{\"@type\":\"Organization\",\"@id\":\"https:\/\/greenwichmeridien.fr\/blog\/#organization\",\"name\":\"Greenwich M\u00e9ridien\",\"alternateName\":\"Greenwich M\u00e9ridien\",\"url\":\"https:\/\/greenwichmeridien.fr\/blog\/\",\"logo\":{\"@type\":\"ImageObject\",\"inLanguage\":\"fr-FR\",\"@id\":\"https:\/\/greenwichmeridien.fr\/blog\/#\/schema\/logo\/image\/\",\"url\":\"https:\/\/greenwichmeridien.fr\/blog\/wp-content\/uploads\/2024\/12\/greenwichmeridien.png\",\"contentUrl\":\"https:\/\/greenwichmeridien.fr\/blog\/wp-content\/uploads\/2024\/12\/greenwichmeridien.png\",\"width\":500,\"height\":500,\"caption\":\"Greenwich M\u00e9ridien\"},\"image\":{\"@id\":\"https:\/\/greenwichmeridien.fr\/blog\/#\/schema\/logo\/image\/\"}},{\"@type\":\"Person\",\"@id\":\"https:\/\/greenwichmeridien.fr\/blog\/#\/schema\/person\/3c864cdc320801e3db34b663e7e3f816\",\"name\":\"Samuel Chalmin\",\"image\":{\"@type\":\"ImageObject\",\"inLanguage\":\"fr-FR\",\"@id\":\"https:\/\/greenwichmeridien.fr\/blog\/#\/schema\/person\/image\/\",\"url\":\"https:\/\/secure.gravatar.com\/avatar\/cef3677de7d237273d13053728f9470818581a8a27d9bf6f5039fd18508a905f?s=96&d=mm&r=g\",\"contentUrl\":\"https:\/\/secure.gravatar.com\/avatar\/cef3677de7d237273d13053728f9470818581a8a27d9bf6f5039fd18508a905f?s=96&d=mm&r=g\",\"caption\":\"Samuel Chalmin\"},\"description\":\"R\u00e9dacteur du site, il suit les questions de temps et de calendrier : m\u00e9ridien de Greenwich, heure GMT et UTC, fuseaux horaires, changement d'heure, ann\u00e9es bissextiles et jours f\u00e9ri\u00e9s.\",\"sameAs\":[\"https:\/\/samuelchalmin.fr\/\"],\"url\":\"https:\/\/greenwichmeridien.fr\/blog\/auteur\/noname\/\"}]}<\/script>\n<!-- \/ Yoast SEO Premium plugin. -->","yoast_head_json":{"title":"Photographie d'architecture : le mat\u00e9riel essentiel","description":"Pour la photographie de b\u00e2timents, nous avons tout int\u00e9r\u00eat \u00e0 travailler avec un bo\u00eetier \u00e0 capteur plein format, type Canon EOS R5, Nikon Z7 II ou Sony A7R","robots":{"index":"index","follow":"follow","max-snippet":"max-snippet:-1","max-image-preview":"max-image-preview:large","max-video-preview":"max-video-preview:-1"},"canonical":"https:\/\/greenwichmeridien.fr\/blog\/photographie-et-visuels\/photographie-darchitecture-le-materiel-essentiel-pour-des-images-epoustouflantes\/","og_locale":"fr_FR","og_type":"article","og_title":"Photographie d'architecture : le mat\u00e9riel essentiel","og_description":"Pour la photographie de b\u00e2timents, nous avons tout int\u00e9r\u00eat \u00e0 travailler avec un bo\u00eetier \u00e0 capteur plein format, type Canon EOS R5, Nikon Z7 II ou Sony A7R","og_url":"https:\/\/greenwichmeridien.fr\/blog\/photographie-et-visuels\/photographie-darchitecture-le-materiel-essentiel-pour-des-images-epoustouflantes\/","og_site_name":"greenwichmeridien","og_image":[{"width":1200,"height":686,"url":"https:\/\/greenwichmeridien.fr\/blog\/wp-content\/uploads\/2025\/12\/pag-image-69402da819af8-scaled.png","type":"image\/png"}],"author":"Samuel Chalmin","twitter_card":"summary_large_image","schema":{"@context":"https:\/\/schema.org","@graph":[{"@type":"NewsArticle","@id":"https:\/\/greenwichmeridien.fr\/blog\/photographie-et-visuels\/photographie-darchitecture-le-materiel-essentiel-pour-des-images-epoustouflantes\/#article","isPartOf":{"@id":"https:\/\/greenwichmeridien.fr\/blog\/photographie-et-visuels\/photographie-darchitecture-le-materiel-essentiel-pour-des-images-epoustouflantes\/"},"author":{"name":"Samuel Chalmin","@id":"https:\/\/greenwichmeridien.fr\/blog\/#\/schema\/person\/3c864cdc320801e3db34b663e7e3f816"},"headline":"Photographie d&rsquo;architecture : le mat\u00e9riel essentiel pour des images \u00e9poustouflantes","datePublished":"2026-01-29T08:30:00+00:00","mainEntityOfPage":{"@id":"https:\/\/greenwichmeridien.fr\/blog\/photographie-et-visuels\/photographie-darchitecture-le-materiel-essentiel-pour-des-images-epoustouflantes\/"},"wordCount":1821,"commentCount":0,"publisher":{"@id":"https:\/\/greenwichmeridien.fr\/blog\/#organization"},"image":{"@id":"https:\/\/greenwichmeridien.fr\/blog\/photographie-et-visuels\/photographie-darchitecture-le-materiel-essentiel-pour-des-images-epoustouflantes\/#primaryimage"},"thumbnailUrl":"https:\/\/greenwichmeridien.fr\/blog\/wp-content\/uploads\/2025\/12\/pag-image-69402da819af8-scaled.png","keywords":["matriel photo","photographie architecture","trpied essentiel"],"articleSection":["Photographie et Visuels"],"inLanguage":"fr-FR","potentialAction":[{"@type":"CommentAction","name":"Comment","target":["https:\/\/greenwichmeridien.fr\/blog\/photographie-et-visuels\/photographie-darchitecture-le-materiel-essentiel-pour-des-images-epoustouflantes\/#respond"]}]},{"@type":"WebPage","@id":"https:\/\/greenwichmeridien.fr\/blog\/photographie-et-visuels\/photographie-darchitecture-le-materiel-essentiel-pour-des-images-epoustouflantes\/","url":"https:\/\/greenwichmeridien.fr\/blog\/photographie-et-visuels\/photographie-darchitecture-le-materiel-essentiel-pour-des-images-epoustouflantes\/","name":"Photographie d'architecture : le mat\u00e9riel essentiel","isPartOf":{"@id":"https:\/\/greenwichmeridien.fr\/blog\/#website"},"primaryImageOfPage":{"@id":"https:\/\/greenwichmeridien.fr\/blog\/photographie-et-visuels\/photographie-darchitecture-le-materiel-essentiel-pour-des-images-epoustouflantes\/#primaryimage"},"image":{"@id":"https:\/\/greenwichmeridien.fr\/blog\/photographie-et-visuels\/photographie-darchitecture-le-materiel-essentiel-pour-des-images-epoustouflantes\/#primaryimage"},"thumbnailUrl":"https:\/\/greenwichmeridien.fr\/blog\/wp-content\/uploads\/2025\/12\/pag-image-69402da819af8-scaled.png","datePublished":"2026-01-29T08:30:00+00:00","description":"Pour la photographie de b\u00e2timents, nous avons tout int\u00e9r\u00eat \u00e0 travailler avec un bo\u00eetier \u00e0 capteur plein format, type Canon EOS R5, Nikon Z7 II ou Sony A7R","inLanguage":"fr-FR","potentialAction":[{"@type":"ReadAction","target":["https:\/\/greenwichmeridien.fr\/blog\/photographie-et-visuels\/photographie-darchitecture-le-materiel-essentiel-pour-des-images-epoustouflantes\/"]}]},{"@type":"ImageObject","inLanguage":"fr-FR","@id":"https:\/\/greenwichmeridien.fr\/blog\/photographie-et-visuels\/photographie-darchitecture-le-materiel-essentiel-pour-des-images-epoustouflantes\/#primaryimage","url":"https:\/\/greenwichmeridien.fr\/blog\/wp-content\/uploads\/2025\/12\/pag-image-69402da819af8-scaled.png","contentUrl":"https:\/\/greenwichmeridien.fr\/blog\/wp-content\/uploads\/2025\/12\/pag-image-69402da819af8-scaled.png","width":1200,"height":686,"caption":"Image g\u00e9n\u00e9r\u00e9e par IA optimis\u00e9e pour Google Discover"},{"@type":"WebSite","@id":"https:\/\/greenwichmeridien.fr\/blog\/#website","url":"https:\/\/greenwichmeridien.fr\/blog\/","name":"Greenwich M\u00e9ridien","description":"Greenwich M\u00e9ridien, le rep\u00e8re du temps et du voyage","publisher":{"@id":"https:\/\/greenwichmeridien.fr\/blog\/#organization"},"alternateName":"Greenwich M\u00e9ridien, le rep\u00e8re du temps et du voyage","potentialAction":[{"@type":"SearchAction","target":{"@type":"EntryPoint","urlTemplate":"https:\/\/greenwichmeridien.fr\/blog\/?s={search_term_string}"},"query-input":{"@type":"PropertyValueSpecification","valueRequired":true,"valueName":"search_term_string"}}],"inLanguage":"fr-FR"},{"@type":"Organization","@id":"https:\/\/greenwichmeridien.fr\/blog\/#organization","name":"Greenwich M\u00e9ridien","alternateName":"Greenwich M\u00e9ridien","url":"https:\/\/greenwichmeridien.fr\/blog\/","logo":{"@type":"ImageObject","inLanguage":"fr-FR","@id":"https:\/\/greenwichmeridien.fr\/blog\/#\/schema\/logo\/image\/","url":"https:\/\/greenwichmeridien.fr\/blog\/wp-content\/uploads\/2024\/12\/greenwichmeridien.png","contentUrl":"https:\/\/greenwichmeridien.fr\/blog\/wp-content\/uploads\/2024\/12\/greenwichmeridien.png","width":500,"height":500,"caption":"Greenwich M\u00e9ridien"},"image":{"@id":"https:\/\/greenwichmeridien.fr\/blog\/#\/schema\/logo\/image\/"}},{"@type":"Person","@id":"https:\/\/greenwichmeridien.fr\/blog\/#\/schema\/person\/3c864cdc320801e3db34b663e7e3f816","name":"Samuel Chalmin","image":{"@type":"ImageObject","inLanguage":"fr-FR","@id":"https:\/\/greenwichmeridien.fr\/blog\/#\/schema\/person\/image\/","url":"https:\/\/secure.gravatar.com\/avatar\/cef3677de7d237273d13053728f9470818581a8a27d9bf6f5039fd18508a905f?s=96&d=mm&r=g","contentUrl":"https:\/\/secure.gravatar.com\/avatar\/cef3677de7d237273d13053728f9470818581a8a27d9bf6f5039fd18508a905f?s=96&d=mm&r=g","caption":"Samuel Chalmin"},"description":"R\u00e9dacteur du site, il suit les questions de temps et de calendrier : m\u00e9ridien de Greenwich, heure GMT et UTC, fuseaux horaires, changement d'heure, ann\u00e9es bissextiles et jours f\u00e9ri\u00e9s.","sameAs":["https:\/\/samuelchalmin.fr\/"],"url":"https:\/\/greenwichmeridien.fr\/blog\/auteur\/noname\/"}]}},"_links":{"self":[{"href":"https:\/\/greenwichmeridien.fr\/blog\/wp-json\/wp\/v2\/posts\/7725","targetHints":{"allow":["GET"]}}],"collection":[{"href":"https:\/\/greenwichmeridien.fr\/blog\/wp-json\/wp\/v2\/posts"}],"about":[{"href":"https:\/\/greenwichmeridien.fr\/blog\/wp-json\/wp\/v2\/types\/post"}],"author":[{"embeddable":true,"href":"https:\/\/greenwichmeridien.fr\/blog\/wp-json\/wp\/v2\/users\/34"}],"replies":[{"embeddable":true,"href":"https:\/\/greenwichmeridien.fr\/blog\/wp-json\/wp\/v2\/comments?post=7725"}],"version-history":[{"count":1,"href":"https:\/\/greenwichmeridien.fr\/blog\/wp-json\/wp\/v2\/posts\/7725\/revisions"}],"predecessor-version":[{"id":7794,"href":"https:\/\/greenwichmeridien.fr\/blog\/wp-json\/wp\/v2\/posts\/7725\/revisions\/7794"}],"wp:featuredmedia":[{"embeddable":true,"href":"https:\/\/greenwichmeridien.fr\/blog\/wp-json\/wp\/v2\/media\/7727"}],"wp:attachment":[{"href":"https:\/\/greenwichmeridien.fr\/blog\/wp-json\/wp\/v2\/media?parent=7725"}],"wp:term":[{"taxonomy":"category","embeddable":true,"href":"https:\/\/greenwichmeridien.fr\/blog\/wp-json\/wp\/v2\/categories?post=7725"},{"taxonomy":"post_tag","embeddable":true,"href":"https:\/\/greenwichmeridien.fr\/blog\/wp-json\/wp\/v2\/tags?post=7725"}],"curies":[{"name":"wp","href":"https:\/\/api.w.org\/{rel}","templated":true}]}}