{"id":7728,"date":"2026-02-02T09:33:00","date_gmt":"2026-02-02T08:33:00","guid":{"rendered":"https:\/\/greenwichmeridien.fr\/blog\/?p=7728"},"modified":"2026-08-25T01:31:56","modified_gmt":"2026-08-24T23:31:56","slug":"comment-la-photo-de-rue-capture-la-vie-urbaine-authentique","status":"publish","type":"post","link":"https:\/\/greenwichmeridien.fr\/blog\/photographie-et-visuels\/comment-la-photo-de-rue-capture-la-vie-urbaine-authentique\/","title":{"rendered":"Comment la photo de rue capture la vie urbaine authentique"},"content":{"rendered":"<div style=\"background: linear-gradient(135deg, #f5f7fa 0%, #e9ecef 100%);border-left: 4px solid #0073aa;padding: 15px 20px;margin: 0 0 25px 0;border-radius: 0 8px 8px 0\">\n<p style=\"margin: 0;font-size: 14px;color: #0073aa;font-weight: 600;text-transform: uppercase;letter-spacing: 1px;margin-bottom: 10px\">\ud83d\udccb En bref<\/p>\n<ul style=\"margin: 0;padding-left: 20px;list-style-type: none\">\n<li style=\"margin: 5px 0;color: #333;font-size: 15px;line-height: 1.5;position: relative;padding-left: 15px\"><span style=\"position: absolute;left: 0;color: #0073aa\">\u25b8<\/span> La photo de rue capture des moments authentiques de la vie urbaine sans mise en sc\u00e8ne. Elle documente les in\u00e9galit\u00e9s sociales et les coutumes culturelles \u00e0 travers des styles vari\u00e9s selon les contextes. Les photographes utilisent des \u00e9quipements discrets pour immortaliser ces instants fugaces.<\/li>\n<\/ul>\n<\/div>\n<h1>La Photo de Rue : Capturer la Vie Urbaine \u00e0 Travers l&rsquo;Objectif<\/h1>\n<h2>Comprendre la Photo de Rue<\/h2>\n<p>Nous d\u00e9finissons la <strong>photo de rue<\/strong> comme une pratique en ext\u00e9rieur centr\u00e9e sur la <u>pr\u00e9sence humaine<\/u>, directe ou indirecte, dans des lieux publics tels que rues, parcs, gares ou manifestations. Cette approche exclut toute mise en sc\u00e8ne, privil\u00e9giant la spontan\u00e9it\u00e9 et la s\u00e9rendipit\u00e9 pour immortaliser des moments authentiques du quotidien.<\/p>\n<p>L&rsquo;histoire remonte \u00e0 1838 avec la c\u00e9l\u00e8bre vue du <strong>Boulevard du Temple<\/strong> de <strong>Louis Daguerre<\/strong>, premi\u00e8re photographie montrant des humains fig\u00e9s par un temps de pose long. Au XXe si\u00e8cle, <strong>John Thomson<\/strong> \u00e0 <strong>Londres<\/strong> en 1877 documente les classes ouvri\u00e8res, posant les bases du genre. Nous voyons dans ces origines une fusion entre documentaire et art, structur\u00e9e par des pionniers comme <strong>Walker Evans<\/strong>, <strong>Robert Frank<\/strong> avec son ouvrage <em>The Americans<\/em> en 1958, <strong>William Klein<\/strong>, <strong>Garry Winogrand<\/strong> qui a produit 4 000 rouleaux par an dans les ann\u00e9es 1960, <strong>Joel Meyerowitz<\/strong>, <strong>Bruce Gilden<\/strong> et la myst\u00e9rieuse <strong>Vivian Maier<\/strong>, gouvernante d\u00e9couverte en 2007 avec 150 000 n\u00e9gatifs.<\/p>\n<ul>\n<li><strong>Paris<\/strong>, berceau avec <strong>Eug\u00e8ne Atget<\/strong> documentant la ville de 1898 \u00e0 1927 ;<\/li>\n<li><strong>New York<\/strong>, \u00e9picentre post-1945 via la <strong>New York Photo League<\/strong> ;<\/li>\n<li><strong>Londres<\/strong>, influenc\u00e9e par <strong>Henri Cartier-Bresson<\/strong> et son concept d&rsquo;<strong>instant d\u00e9cisif<\/strong> en 1952.<\/li>\n<\/ul>\n<p>Nous appr\u00e9cions cette double nature : t\u00e9moignage social via reflets, ombres ou traces humaines, et recherche esth\u00e9tique avec g\u00e9om\u00e9trie urbaine. Le photographe agit en <em>fl\u00e2neur<\/em>, observateur discret r\u00e9v\u00e9lant des micro-histoires.<\/p>\n<h2>Les Enjeux Artistiques, Sociaux et Culturels de la Photo de Rue<\/h2>\n<p>Nous valorisons la <strong>photo de rue<\/strong> pour son r\u00f4le dans la documentation des coutumes urbaines, comme les m\u00e9tiers disparus captur\u00e9s par <strong>Walker Evans<\/strong> pendant la <u>D\u00e9pression de 1930<\/u> aux \u00c9tats-Unis. Elle met en lumi\u00e8re in\u00e9galit\u00e9s et marges, prolongeant la photographie sociale de <strong>Dorothea Lange<\/strong>.<\/p>\n<p>Des \u00e9v\u00e9nements comme les manifestations de <strong>Mai 1968 \u00e0 Paris<\/strong> ou les gr\u00e8ves des ann\u00e9es 1930 \u00e0 <strong>New York<\/strong> sont saisis \u00e0 hauteur humaine. Le contexte culturel module les styles : en Asie, <strong>Daido Moriyama<\/strong> capture le chaos de <strong>Tokyo<\/strong> depuis 1965 avec des contrastes intenses ; en Occident, plus de lyrisme. Nous notons des diff\u00e9rences : tol\u00e9rance \u00e9lev\u00e9e au Japon (anonymat des foules) versus vigilance accrue en Europe depuis le RGPD de 2018.<\/p>\n<ul>\n<li>La ville comme sc\u00e8ne : graffitis \u00e0 <strong>Hong Kong<\/strong>, n\u00e9ons \u00e0 <strong>Tokyo Shinjuku<\/strong> ;<\/li>\n<li>Miroir de la modernit\u00e9 : <u>solitude dans la foule<\/u>, \u00e9crans omnipr\u00e9sents, consommation visible dans 80% des images urbaines r\u00e9centes ;<\/li>\n<li><strong>Noir et blanc<\/strong> pour le documentaire (comme <strong>Robert Frank<\/strong>), couleur pour le po\u00e9tique (<strong>Joel Meyerowitz<\/strong> d\u00e8s 1960).<\/li>\n<\/ul>\n<h2>\u00c9quipement et Techniques pour Photographier dans la Rue<\/h2>\n<p>Nous recommandons des bo\u00eetiers discrets comme le <strong>Leica Q3<\/strong> (2023, hybride compact) ou <strong>Fujifilm X100VI<\/strong> (2024, obturateur silencieux), inspir\u00e9s des t\u00e9l\u00e9m\u00e9triques argentiques historiques. Ces appareils favorisent la mobilit\u00e9, essentiels pour 90% des photographes de rue selon des enqu\u00eates de 2024.<\/p>\n<p>Focales phares : <strong>35 mm<\/strong> pour immersion (<strong>Henri Cartier-Bresson<\/strong>), <strong>28 mm<\/strong> pour contexte large, <strong>50 mm<\/strong> neutre. R\u00e9glages : priorit\u00e9 vitesse (1\/500s minimum), <u>hyperfocale<\/u> \u00e0 f\/8, ISO auto jusqu&rsquo;\u00e0 6400.<\/p>\n<ul>\n<li>Accessoires : courroie <strong>Peak Design<\/strong>, sac <strong>Think Tank Mirrorless Mover-5<\/strong> ;<\/li>\n<li>Techniques : anticiper flux aux feux rouges, utiliser lumi\u00e8re naturelle (ombres \u00e0 midi \u00e0 <strong>Paris<\/strong>) ;<\/li>\n<li>Positionnement : au ras du sol pour plong\u00e9e, tir \u00e0 hauteur de poitrine avec \u00e9cran orientable.<\/li>\n<\/ul>\n<p>En faible lumi\u00e8re, exploitez n\u00e9ons de <strong>Times Square<\/strong> ou phares automobiles, g\u00e9rant pluie via protections <strong>Peak Design Shell<\/strong>.<\/p>\n<h2>L\u2019Art de Capturer l\u2019Instant D\u00e9cisif<\/h2>\n<p>Nous adoptons le concept d&rsquo;<strong>instant d\u00e9cisif<\/strong> d&rsquo;<strong>Henri Cartier-Bresson<\/strong>, n\u00e9 en 1932 dans <em>Images \u00e0 la sauvette<\/em> : convergence parfaite de g\u00e9om\u00e9trie, sujet et timing, comme son saut sur la <u>puddle \u00e0 Paris en 1930<\/u>.<\/p>\n<p>Patience prime : analysez rythmes de passants, directions de regards. Composition via <strong>r\u00e8gle des tiers<\/strong>, lignes de fuite urbaines, couches (premier plan avec ombre, arri\u00e8re-plan flou).<\/p>\n<ul>\n<li><strong>Vivian Maier<\/strong> : autoportraits dans reflets \u00e0 <strong>Chicago<\/strong> (ann\u00e9es 1950-1970) ;<\/li>\n<li><strong>Garry Winogrand<\/strong> : chaos new-yorkais, 1960s ;<\/li>\n<li><strong>William Klein<\/strong> : distorsions \u00e0 <strong>New York<\/strong> 1956.<\/li>\n<\/ul>\n<p>Acceptez le hasard : une intrusion devient opportunit\u00e9, enrichissant le r\u00e9cit.<\/p>\n<h2>La Vie Urbaine \u00e0 Travers les Objectifs : \u00c9tudes de Cas par Villes<\/h2>\n<p>\u00c0 <strong>Paris<\/strong>, h\u00e9ritage d&rsquo;<strong>Atget<\/strong> (1898-1927) et <strong>Cartier-Bresson<\/strong> impr\u00e8gne les sc\u00e8nes haussmanniennes. <strong>New York<\/strong> post-1945 voit <strong>Robert Frank<\/strong> (83 photos dans <em>The Americans<\/em>), <strong>Helen Levitt<\/strong> avec enfants des rues, <strong>Bruce Davidson<\/strong> dans le Bronx 1960s, <strong>Diane Arbus<\/strong> pour marges.<\/p>\n<p><strong>Tokyo<\/strong> offre densit\u00e9 : <strong>Daido Moriyama<\/strong> saisit n\u00e9ons et foules depuis 1965, anonymat favorisant proximit\u00e9. <strong>Londres<\/strong> (brouillard, <strong>Martin Parr<\/strong>), <strong>Hong Kong<\/strong> (march\u00e9s), <strong>Istanbul<\/strong> (contrastes Est-Ouest).<\/p>\n<ul>\n<li>Citation de <strong>Fan Ho<\/strong> \u00e0 <strong>Hong Kong<\/strong> : \u00ab\u00a0La rue est mon atelier, ombre et lumi\u00e8re mes pinceaux\u00a0\u00bb ;<\/li>\n<li><u>Publicit\u00e9 omnipr\u00e9sente<\/u> \u00e0 <strong>Times Square<\/strong> (70% des fa\u00e7ades en 2024) vs signal\u00e9tique minimaliste japonaise.<\/li>\n<\/ul>\n<h2>Les D\u00e9fis de la Photographie de Rue : \u00c9thique, Droit, Relation au Sujet<\/h2>\n<p>En France, le <u>droit \u00e0 l&rsquo;image<\/u> permet photographier en public sans autorisation pr\u00e9alable, mais publication n\u00e9cessite consentement sauf actualit\u00e9 ou foule anonyme (loi de 1978 modifi\u00e9e). Aux \u00c9tats-Unis, First Amendment prot\u00e8ge plus largement ; au Japon, culture permissive.<\/p>\n<p>Nous insistons sur \u00e9thique : \u00e9vitez vuln\u00e9rables comme sans-abri sans dignit\u00e9. Approchez post-capture : \u00ab\u00a0J&rsquo;ai captur\u00e9 cette sc\u00e8ne touchante, puis-je la partager ?\u00a0\u00bb. En 2023, 65% des conflits li\u00e9s \u00e0 smartphones selon sondages urbains.<\/p>\n<ul>\n<li>Bonnes pratiques : tenue neutre, appareil bas, dialogue d\u00e9sarmant ;<\/li>\n<li>Supprimez si refus, fixez limites personnelles sur enfants ou d\u00e9tresse.<\/li>\n<\/ul>\n<h2>D\u00e9velopper un Style Personnel en Photo de Rue<\/h2>\n<p>Nous identifions vos attirances : solitude chez <strong>Elliott Erwitt<\/strong>, reflets urbains. Choisissez approche : frontal comme <strong>Bruce Gilden<\/strong> (flash rapproch\u00e9 depuis 1980) ou distant.<\/p>\n<p>Cr\u00e9ez s\u00e9ries : march\u00e9s de <strong>Mexico<\/strong>, nuits pluvieuses. \u00c9tudiez <em>Les Am\u00e9ricains<\/em> de <strong>Robert Frank<\/strong> (1958), puis \u00e9ditez s\u00e9v\u00e8rement (gardez 1% des prises).<\/p>\n<ul>\n<li>S\u00e9ries th\u00e9matiques : transports \u00e0 <strong>Tokyo Metro<\/strong> (1 milliard usagers\/an) ;<\/li>\n<li>Carnet : notez quartiers comme <strong>Le Marais \u00e0 Paris<\/strong>.<\/li>\n<\/ul>\n<h2>Partager et Promouvoir vos Photos de Rue<\/h2>\n<p>Diffusez sur <strong>Instagram<\/strong> (hashtags #streetphotography, 50M posts en 2025), <strong>Flickr<\/strong> groupes d\u00e9di\u00e9s. Portfolio via <strong>Squarespace<\/strong> ou <strong>Cargo<\/strong>, structur\u00e9 par s\u00e9ries.<\/p>\n<ul>\n<li>Concours : <strong>Taiwan International Street Photography Festival<\/strong> (2024, 10 000 soumissions) ;<\/li>\n<li>Expositions : galeries <strong>Leica Galerie Paris<\/strong> ;<\/li>\n<li>Auto-\u00e9dition : zines via <strong>Blurb<\/strong>, tirages limit\u00e9s 100 exemplaires.<\/li>\n<\/ul>\n<p>Rejoignez collectifs comme <strong>Street Photographers France<\/strong> pour expositions mutualis\u00e9es.<\/p>\n<h2>Conseils Pratiques pour Progresser en Photo de Rue<\/h2>\n<p>Nous proposons exercices : restez 1h au carrefour <strong>Champs-\u00c9lys\u00e9es<\/strong>, shootez ombres\/reflets, limitez \u00e0 <strong>35 mm fixe<\/strong>.<\/p>\n<ul>\n<li>R\u00e9gularit\u00e9 : 20min quotidiennes entra\u00eenent anticipation ;<\/li>\n<li>Analysez : d\u00e9composez <em>Behind the Gare Saint-Lazare<\/em> de <strong>Cartier-Bresson<\/strong> (1932) ;<\/li>\n<li>Post-traitement : <strong>Lightroom<\/strong> pour contraste +10%, fid\u00e9lit\u00e9 documentaire.<\/li>\n<\/ul>\n<p>Journalisez progr\u00e8s : timidez r\u00e9duite apr\u00e8s 50 sorties en 2024 pour beaucoup.<\/p>\n<h2>Conclusion : La Photographie de Rue comme Expression Artistique et Quotidienne<\/h2>\n<p>La <strong>photo de rue<\/strong> fusionne documentaire, sociologie et po\u00e9sie visuelle. Nous croyons que ma\u00eetrisant enjeux, \u00e9quipement, \u00e9thique et style, vous contribuerez \u00e0 narrer la vie urbaine. Sortez, observez, saisissez l&rsquo;inattendu et partagez pour enrichir la communaut\u00e9.<\/p>\n<div style=\"background: #e8f4f8;border: 3px solid #0073aa;padding: 20px;margin: 20px 0;border-radius: 8px\">\n<h2 style=\"color: #0073aa;text-align: center;margin-bottom: 15px\">\ud83d\udd27 Ressources Pratiques et Outils<\/h2>\n<div style=\"background: white;padding: 15px;margin: 10px 0;border-left: 4px solid #007bff\">\n<h3 style=\"color: #007bff;margin-bottom: 10px\">\ud83d\udee0\ufe0f Formations et Ateliers<\/h3>\n<p><strong>VERA Atelier Paris Photographie de rue (Genaro Bardy)<\/strong> : 2 jours, Juin &amp; Nov 2025. Prix : 590 \u20ac (Early bird : 490 \u20ac).<br \/>\n<strong>Street and Stories Workshop Photo de rue Paris<\/strong> : 22.02.2025, 9h-17h, avec Cyril Abad.<br \/>\n<strong>Zoom&rsquo;Up Street photography de nuit<\/strong> : 3 jours, RDV atelier Zoom&rsquo;Up.<br \/>\n<strong>PhotoProf<\/strong> : Cours Street Photography, 3h coaching, r\u00e9flex\/hybrides.<\/p>\n<\/div>\n<div style=\"background: white;padding: 15px;margin: 10px 0;border-left: 4px solid #6f42c1\">\n<h3 style=\"color: #6f42c1;margin-bottom: 10px\">\ud83d\udc65 Communaut\u00e9 et Forums<\/h3>\n<p><strong>SPF (Street Photographie France)<\/strong> : Collectif de passionn\u00e9s de street photography en France. Membre d&rsquo;honneur : David Ken.<\/p>\n<\/div>\n<div style=\"background: #fff3cd;padding: 15px;margin: 15px 0;border: 2px solid #ffc107;border-radius: 5px\">\n<strong style=\"color: #856404\">\ud83d\udca1 R\u00e9sum\u00e9 en 2 lignes :<\/strong><br \/>\n<span>Explorez les studios et ateliers de photographie \u00e0 Paris pour perfectionner votre art de la photo de rue. Rejoignez des formations et des communaut\u00e9s pour enrichir votre exp\u00e9rience et d\u00e9velopper votre style personnel.<\/span>\n<\/div>\n<\/div>\n","protected":false},"excerpt":{"rendered":"","protected":false},"author":34,"featured_media":7730,"comment_status":"open","ping_status":"open","sticky":false,"template":"","format":"standard","meta":{"_acf_changed":false,"manual_indexmenow":false,"indexmenow_id_project":0,"footnotes":""},"categories":[4524],"tags":[4784,4786,4785],"class_list":["post-7728","post","type-post","status-publish","format-standard","has-post-thumbnail","hentry","category-photographie-et-visuels","tag-photo-de-rue","tag-quotidien-urbain","tag-vie-urbaine","generate-columns","tablet-grid-50","mobile-grid-100","grid-parent","grid-25"],"acf":[],"yoast_head":"<!-- This site is optimized with the Yoast SEO Premium plugin v21.3 (Yoast SEO v25.6) - https:\/\/yoast.com\/wordpress\/plugins\/seo\/ -->\n<title>Photo de rue : capturer la vie urbaine authentique<\/title>\n<meta name=\"description\" content=\"Nous d\u00e9finissons la photo de rue comme une pratique en ext\u00e9rieur centr\u00e9e sur la pr\u00e9sence humaine, directe ou indirecte, dans des lieux publics tels que\" \/>\n<meta name=\"robots\" content=\"index, follow, max-snippet:-1, max-image-preview:large, max-video-preview:-1\" \/>\n<link rel=\"canonical\" href=\"https:\/\/greenwichmeridien.fr\/blog\/photographie-et-visuels\/comment-la-photo-de-rue-capture-la-vie-urbaine-authentique\/\" \/>\n<meta property=\"og:locale\" content=\"fr_FR\" \/>\n<meta property=\"og:type\" content=\"article\" \/>\n<meta property=\"og:title\" content=\"Photo de rue : capturer la vie urbaine authentique\" \/>\n<meta property=\"og:description\" content=\"Nous d\u00e9finissons la photo de rue comme une pratique en ext\u00e9rieur centr\u00e9e sur la pr\u00e9sence humaine, directe ou indirecte, dans des lieux publics tels que\" \/>\n<meta property=\"og:url\" content=\"https:\/\/greenwichmeridien.fr\/blog\/photographie-et-visuels\/comment-la-photo-de-rue-capture-la-vie-urbaine-authentique\/\" \/>\n<meta property=\"og:site_name\" content=\"greenwichmeridien\" \/>\n<meta property=\"og:image\" content=\"https:\/\/greenwichmeridien.fr\/blog\/wp-content\/uploads\/2025\/12\/pag-image-69402e2716126-scaled.png\" \/>\n\t<meta property=\"og:image:width\" content=\"1200\" \/>\n\t<meta property=\"og:image:height\" content=\"686\" \/>\n\t<meta property=\"og:image:type\" content=\"image\/png\" \/>\n<meta name=\"author\" content=\"Samuel Chalmin\" \/>\n<meta name=\"twitter:card\" content=\"summary_large_image\" \/>\n<script type=\"application\/ld+json\" class=\"yoast-schema-graph\">{\"@context\":\"https:\/\/schema.org\",\"@graph\":[{\"@type\":\"NewsArticle\",\"@id\":\"https:\/\/greenwichmeridien.fr\/blog\/photographie-et-visuels\/comment-la-photo-de-rue-capture-la-vie-urbaine-authentique\/#article\",\"isPartOf\":{\"@id\":\"https:\/\/greenwichmeridien.fr\/blog\/photographie-et-visuels\/comment-la-photo-de-rue-capture-la-vie-urbaine-authentique\/\"},\"author\":{\"name\":\"Samuel Chalmin\",\"@id\":\"https:\/\/greenwichmeridien.fr\/blog\/#\/schema\/person\/3c864cdc320801e3db34b663e7e3f816\"},\"headline\":\"Comment la photo de rue capture la vie urbaine authentique\",\"datePublished\":\"2026-02-02T08:33:00+00:00\",\"dateModified\":\"2026-08-24T23:31:56+00:00\",\"mainEntityOfPage\":{\"@id\":\"https:\/\/greenwichmeridien.fr\/blog\/photographie-et-visuels\/comment-la-photo-de-rue-capture-la-vie-urbaine-authentique\/\"},\"wordCount\":1288,\"commentCount\":0,\"publisher\":{\"@id\":\"https:\/\/greenwichmeridien.fr\/blog\/#organization\"},\"image\":{\"@id\":\"https:\/\/greenwichmeridien.fr\/blog\/photographie-et-visuels\/comment-la-photo-de-rue-capture-la-vie-urbaine-authentique\/#primaryimage\"},\"thumbnailUrl\":\"https:\/\/greenwichmeridien.fr\/blog\/wp-content\/uploads\/2025\/12\/pag-image-69402e2716126-scaled.png\",\"keywords\":[\"photo de rue\",\"quotidien urbain\",\"vie urbaine\"],\"articleSection\":[\"Photographie et Visuels\"],\"inLanguage\":\"fr-FR\",\"potentialAction\":[{\"@type\":\"CommentAction\",\"name\":\"Comment\",\"target\":[\"https:\/\/greenwichmeridien.fr\/blog\/photographie-et-visuels\/comment-la-photo-de-rue-capture-la-vie-urbaine-authentique\/#respond\"]}]},{\"@type\":\"WebPage\",\"@id\":\"https:\/\/greenwichmeridien.fr\/blog\/photographie-et-visuels\/comment-la-photo-de-rue-capture-la-vie-urbaine-authentique\/\",\"url\":\"https:\/\/greenwichmeridien.fr\/blog\/photographie-et-visuels\/comment-la-photo-de-rue-capture-la-vie-urbaine-authentique\/\",\"name\":\"Photo de rue : capturer la vie urbaine authentique\",\"isPartOf\":{\"@id\":\"https:\/\/greenwichmeridien.fr\/blog\/#website\"},\"primaryImageOfPage\":{\"@id\":\"https:\/\/greenwichmeridien.fr\/blog\/photographie-et-visuels\/comment-la-photo-de-rue-capture-la-vie-urbaine-authentique\/#primaryimage\"},\"image\":{\"@id\":\"https:\/\/greenwichmeridien.fr\/blog\/photographie-et-visuels\/comment-la-photo-de-rue-capture-la-vie-urbaine-authentique\/#primaryimage\"},\"thumbnailUrl\":\"https:\/\/greenwichmeridien.fr\/blog\/wp-content\/uploads\/2025\/12\/pag-image-69402e2716126-scaled.png\",\"datePublished\":\"2026-02-02T08:33:00+00:00\",\"dateModified\":\"2026-08-24T23:31:56+00:00\",\"description\":\"Nous d\u00e9finissons la photo de rue comme une pratique en ext\u00e9rieur centr\u00e9e sur la pr\u00e9sence humaine, directe ou indirecte, dans des lieux publics tels que\",\"inLanguage\":\"fr-FR\",\"potentialAction\":[{\"@type\":\"ReadAction\",\"target\":[\"https:\/\/greenwichmeridien.fr\/blog\/photographie-et-visuels\/comment-la-photo-de-rue-capture-la-vie-urbaine-authentique\/\"]}]},{\"@type\":\"ImageObject\",\"inLanguage\":\"fr-FR\",\"@id\":\"https:\/\/greenwichmeridien.fr\/blog\/photographie-et-visuels\/comment-la-photo-de-rue-capture-la-vie-urbaine-authentique\/#primaryimage\",\"url\":\"https:\/\/greenwichmeridien.fr\/blog\/wp-content\/uploads\/2025\/12\/pag-image-69402e2716126-scaled.png\",\"contentUrl\":\"https:\/\/greenwichmeridien.fr\/blog\/wp-content\/uploads\/2025\/12\/pag-image-69402e2716126-scaled.png\",\"width\":1200,\"height\":686,\"caption\":\"Image g\u00e9n\u00e9r\u00e9e par IA optimis\u00e9e pour Google Discover\"},{\"@type\":\"WebSite\",\"@id\":\"https:\/\/greenwichmeridien.fr\/blog\/#website\",\"url\":\"https:\/\/greenwichmeridien.fr\/blog\/\",\"name\":\"Greenwich M\u00e9ridien\",\"description\":\"Greenwich M\u00e9ridien, le rep\u00e8re du temps et du voyage\",\"publisher\":{\"@id\":\"https:\/\/greenwichmeridien.fr\/blog\/#organization\"},\"alternateName\":\"Greenwich M\u00e9ridien, le rep\u00e8re du temps et du voyage\",\"potentialAction\":[{\"@type\":\"SearchAction\",\"target\":{\"@type\":\"EntryPoint\",\"urlTemplate\":\"https:\/\/greenwichmeridien.fr\/blog\/?s={search_term_string}\"},\"query-input\":{\"@type\":\"PropertyValueSpecification\",\"valueRequired\":true,\"valueName\":\"search_term_string\"}}],\"inLanguage\":\"fr-FR\"},{\"@type\":\"Organization\",\"@id\":\"https:\/\/greenwichmeridien.fr\/blog\/#organization\",\"name\":\"Greenwich M\u00e9ridien\",\"alternateName\":\"Greenwich M\u00e9ridien\",\"url\":\"https:\/\/greenwichmeridien.fr\/blog\/\",\"logo\":{\"@type\":\"ImageObject\",\"inLanguage\":\"fr-FR\",\"@id\":\"https:\/\/greenwichmeridien.fr\/blog\/#\/schema\/logo\/image\/\",\"url\":\"https:\/\/greenwichmeridien.fr\/blog\/wp-content\/uploads\/2024\/12\/greenwichmeridien.png\",\"contentUrl\":\"https:\/\/greenwichmeridien.fr\/blog\/wp-content\/uploads\/2024\/12\/greenwichmeridien.png\",\"width\":500,\"height\":500,\"caption\":\"Greenwich M\u00e9ridien\"},\"image\":{\"@id\":\"https:\/\/greenwichmeridien.fr\/blog\/#\/schema\/logo\/image\/\"}},{\"@type\":\"Person\",\"@id\":\"https:\/\/greenwichmeridien.fr\/blog\/#\/schema\/person\/3c864cdc320801e3db34b663e7e3f816\",\"name\":\"Samuel Chalmin\",\"image\":{\"@type\":\"ImageObject\",\"inLanguage\":\"fr-FR\",\"@id\":\"https:\/\/greenwichmeridien.fr\/blog\/#\/schema\/person\/image\/\",\"url\":\"https:\/\/secure.gravatar.com\/avatar\/cef3677de7d237273d13053728f9470818581a8a27d9bf6f5039fd18508a905f?s=96&d=mm&r=g\",\"contentUrl\":\"https:\/\/secure.gravatar.com\/avatar\/cef3677de7d237273d13053728f9470818581a8a27d9bf6f5039fd18508a905f?s=96&d=mm&r=g\",\"caption\":\"Samuel Chalmin\"},\"description\":\"R\u00e9dacteur du site, il suit les questions de temps et de calendrier : m\u00e9ridien de Greenwich, heure GMT et UTC, fuseaux horaires, changement d'heure, ann\u00e9es bissextiles et jours f\u00e9ri\u00e9s.\",\"sameAs\":[\"https:\/\/samuelchalmin.fr\/\"],\"url\":\"https:\/\/greenwichmeridien.fr\/blog\/auteur\/noname\/\"}]}<\/script>\n<!-- \/ Yoast SEO Premium plugin. -->","yoast_head_json":{"title":"Photo de rue : capturer la vie urbaine authentique","description":"Nous d\u00e9finissons la photo de rue comme une pratique en ext\u00e9rieur centr\u00e9e sur la pr\u00e9sence humaine, directe ou indirecte, dans des lieux publics tels que","robots":{"index":"index","follow":"follow","max-snippet":"max-snippet:-1","max-image-preview":"max-image-preview:large","max-video-preview":"max-video-preview:-1"},"canonical":"https:\/\/greenwichmeridien.fr\/blog\/photographie-et-visuels\/comment-la-photo-de-rue-capture-la-vie-urbaine-authentique\/","og_locale":"fr_FR","og_type":"article","og_title":"Photo de rue : capturer la vie urbaine authentique","og_description":"Nous d\u00e9finissons la photo de rue comme une pratique en ext\u00e9rieur centr\u00e9e sur la pr\u00e9sence humaine, directe ou indirecte, dans des lieux publics tels que","og_url":"https:\/\/greenwichmeridien.fr\/blog\/photographie-et-visuels\/comment-la-photo-de-rue-capture-la-vie-urbaine-authentique\/","og_site_name":"greenwichmeridien","og_image":[{"width":1200,"height":686,"url":"https:\/\/greenwichmeridien.fr\/blog\/wp-content\/uploads\/2025\/12\/pag-image-69402e2716126-scaled.png","type":"image\/png"}],"author":"Samuel Chalmin","twitter_card":"summary_large_image","schema":{"@context":"https:\/\/schema.org","@graph":[{"@type":"NewsArticle","@id":"https:\/\/greenwichmeridien.fr\/blog\/photographie-et-visuels\/comment-la-photo-de-rue-capture-la-vie-urbaine-authentique\/#article","isPartOf":{"@id":"https:\/\/greenwichmeridien.fr\/blog\/photographie-et-visuels\/comment-la-photo-de-rue-capture-la-vie-urbaine-authentique\/"},"author":{"name":"Samuel Chalmin","@id":"https:\/\/greenwichmeridien.fr\/blog\/#\/schema\/person\/3c864cdc320801e3db34b663e7e3f816"},"headline":"Comment la photo de rue capture la vie urbaine authentique","datePublished":"2026-02-02T08:33:00+00:00","dateModified":"2026-08-24T23:31:56+00:00","mainEntityOfPage":{"@id":"https:\/\/greenwichmeridien.fr\/blog\/photographie-et-visuels\/comment-la-photo-de-rue-capture-la-vie-urbaine-authentique\/"},"wordCount":1288,"commentCount":0,"publisher":{"@id":"https:\/\/greenwichmeridien.fr\/blog\/#organization"},"image":{"@id":"https:\/\/greenwichmeridien.fr\/blog\/photographie-et-visuels\/comment-la-photo-de-rue-capture-la-vie-urbaine-authentique\/#primaryimage"},"thumbnailUrl":"https:\/\/greenwichmeridien.fr\/blog\/wp-content\/uploads\/2025\/12\/pag-image-69402e2716126-scaled.png","keywords":["photo de rue","quotidien urbain","vie urbaine"],"articleSection":["Photographie et Visuels"],"inLanguage":"fr-FR","potentialAction":[{"@type":"CommentAction","name":"Comment","target":["https:\/\/greenwichmeridien.fr\/blog\/photographie-et-visuels\/comment-la-photo-de-rue-capture-la-vie-urbaine-authentique\/#respond"]}]},{"@type":"WebPage","@id":"https:\/\/greenwichmeridien.fr\/blog\/photographie-et-visuels\/comment-la-photo-de-rue-capture-la-vie-urbaine-authentique\/","url":"https:\/\/greenwichmeridien.fr\/blog\/photographie-et-visuels\/comment-la-photo-de-rue-capture-la-vie-urbaine-authentique\/","name":"Photo de rue : capturer la vie urbaine authentique","isPartOf":{"@id":"https:\/\/greenwichmeridien.fr\/blog\/#website"},"primaryImageOfPage":{"@id":"https:\/\/greenwichmeridien.fr\/blog\/photographie-et-visuels\/comment-la-photo-de-rue-capture-la-vie-urbaine-authentique\/#primaryimage"},"image":{"@id":"https:\/\/greenwichmeridien.fr\/blog\/photographie-et-visuels\/comment-la-photo-de-rue-capture-la-vie-urbaine-authentique\/#primaryimage"},"thumbnailUrl":"https:\/\/greenwichmeridien.fr\/blog\/wp-content\/uploads\/2025\/12\/pag-image-69402e2716126-scaled.png","datePublished":"2026-02-02T08:33:00+00:00","dateModified":"2026-08-24T23:31:56+00:00","description":"Nous d\u00e9finissons la photo de rue comme une pratique en ext\u00e9rieur centr\u00e9e sur la pr\u00e9sence humaine, directe ou indirecte, dans des lieux publics tels que","inLanguage":"fr-FR","potentialAction":[{"@type":"ReadAction","target":["https:\/\/greenwichmeridien.fr\/blog\/photographie-et-visuels\/comment-la-photo-de-rue-capture-la-vie-urbaine-authentique\/"]}]},{"@type":"ImageObject","inLanguage":"fr-FR","@id":"https:\/\/greenwichmeridien.fr\/blog\/photographie-et-visuels\/comment-la-photo-de-rue-capture-la-vie-urbaine-authentique\/#primaryimage","url":"https:\/\/greenwichmeridien.fr\/blog\/wp-content\/uploads\/2025\/12\/pag-image-69402e2716126-scaled.png","contentUrl":"https:\/\/greenwichmeridien.fr\/blog\/wp-content\/uploads\/2025\/12\/pag-image-69402e2716126-scaled.png","width":1200,"height":686,"caption":"Image g\u00e9n\u00e9r\u00e9e par IA optimis\u00e9e pour Google Discover"},{"@type":"WebSite","@id":"https:\/\/greenwichmeridien.fr\/blog\/#website","url":"https:\/\/greenwichmeridien.fr\/blog\/","name":"Greenwich M\u00e9ridien","description":"Greenwich M\u00e9ridien, le rep\u00e8re du temps et du voyage","publisher":{"@id":"https:\/\/greenwichmeridien.fr\/blog\/#organization"},"alternateName":"Greenwich M\u00e9ridien, le rep\u00e8re du temps et du voyage","potentialAction":[{"@type":"SearchAction","target":{"@type":"EntryPoint","urlTemplate":"https:\/\/greenwichmeridien.fr\/blog\/?s={search_term_string}"},"query-input":{"@type":"PropertyValueSpecification","valueRequired":true,"valueName":"search_term_string"}}],"inLanguage":"fr-FR"},{"@type":"Organization","@id":"https:\/\/greenwichmeridien.fr\/blog\/#organization","name":"Greenwich M\u00e9ridien","alternateName":"Greenwich M\u00e9ridien","url":"https:\/\/greenwichmeridien.fr\/blog\/","logo":{"@type":"ImageObject","inLanguage":"fr-FR","@id":"https:\/\/greenwichmeridien.fr\/blog\/#\/schema\/logo\/image\/","url":"https:\/\/greenwichmeridien.fr\/blog\/wp-content\/uploads\/2024\/12\/greenwichmeridien.png","contentUrl":"https:\/\/greenwichmeridien.fr\/blog\/wp-content\/uploads\/2024\/12\/greenwichmeridien.png","width":500,"height":500,"caption":"Greenwich M\u00e9ridien"},"image":{"@id":"https:\/\/greenwichmeridien.fr\/blog\/#\/schema\/logo\/image\/"}},{"@type":"Person","@id":"https:\/\/greenwichmeridien.fr\/blog\/#\/schema\/person\/3c864cdc320801e3db34b663e7e3f816","name":"Samuel Chalmin","image":{"@type":"ImageObject","inLanguage":"fr-FR","@id":"https:\/\/greenwichmeridien.fr\/blog\/#\/schema\/person\/image\/","url":"https:\/\/secure.gravatar.com\/avatar\/cef3677de7d237273d13053728f9470818581a8a27d9bf6f5039fd18508a905f?s=96&d=mm&r=g","contentUrl":"https:\/\/secure.gravatar.com\/avatar\/cef3677de7d237273d13053728f9470818581a8a27d9bf6f5039fd18508a905f?s=96&d=mm&r=g","caption":"Samuel Chalmin"},"description":"R\u00e9dacteur du site, il suit les questions de temps et de calendrier : m\u00e9ridien de Greenwich, heure GMT et UTC, fuseaux horaires, changement d'heure, ann\u00e9es bissextiles et jours f\u00e9ri\u00e9s.","sameAs":["https:\/\/samuelchalmin.fr\/"],"url":"https:\/\/greenwichmeridien.fr\/blog\/auteur\/noname\/"}]}},"_links":{"self":[{"href":"https:\/\/greenwichmeridien.fr\/blog\/wp-json\/wp\/v2\/posts\/7728","targetHints":{"allow":["GET"]}}],"collection":[{"href":"https:\/\/greenwichmeridien.fr\/blog\/wp-json\/wp\/v2\/posts"}],"about":[{"href":"https:\/\/greenwichmeridien.fr\/blog\/wp-json\/wp\/v2\/types\/post"}],"author":[{"embeddable":true,"href":"https:\/\/greenwichmeridien.fr\/blog\/wp-json\/wp\/v2\/users\/34"}],"replies":[{"embeddable":true,"href":"https:\/\/greenwichmeridien.fr\/blog\/wp-json\/wp\/v2\/comments?post=7728"}],"version-history":[{"count":1,"href":"https:\/\/greenwichmeridien.fr\/blog\/wp-json\/wp\/v2\/posts\/7728\/revisions"}],"predecessor-version":[{"id":7795,"href":"https:\/\/greenwichmeridien.fr\/blog\/wp-json\/wp\/v2\/posts\/7728\/revisions\/7795"}],"wp:featuredmedia":[{"embeddable":true,"href":"https:\/\/greenwichmeridien.fr\/blog\/wp-json\/wp\/v2\/media\/7730"}],"wp:attachment":[{"href":"https:\/\/greenwichmeridien.fr\/blog\/wp-json\/wp\/v2\/media?parent=7728"}],"wp:term":[{"taxonomy":"category","embeddable":true,"href":"https:\/\/greenwichmeridien.fr\/blog\/wp-json\/wp\/v2\/categories?post=7728"},{"taxonomy":"post_tag","embeddable":true,"href":"https:\/\/greenwichmeridien.fr\/blog\/wp-json\/wp\/v2\/tags?post=7728"}],"curies":[{"name":"wp","href":"https:\/\/api.w.org\/{rel}","templated":true}]}}