{"id":7731,"date":"2026-02-05T09:37:00","date_gmt":"2026-02-05T08:37:00","guid":{"rendered":"https:\/\/greenwichmeridien.fr\/blog\/?p=7731"},"modified":"2026-02-05T09:37:00","modified_gmt":"2026-02-05T08:37:00","slug":"la-photographie-de-rue-technique-emotion-et-secrets-pour-capturer-la-vie-urbaine","status":"publish","type":"post","link":"https:\/\/greenwichmeridien.fr\/blog\/photographie-et-visuels\/la-photographie-de-rue-technique-emotion-et-secrets-pour-capturer-la-vie-urbaine\/","title":{"rendered":"La photographie de rue : technique, \u00e9motion et secrets pour capturer la vie urbaine"},"content":{"rendered":"<h1>La Photo de Rue : Art, Technique et \u00c9motion Captur\u00e9e<\/h1>\n<h2>Introduction : Pourquoi la photo de rue fascine autant ?<\/h2>\n<p>La <strong>photo de rue<\/strong> consiste \u00e0 <u>capturer des images spontan\u00e9es de la vie quotidienne dans l\u2019espace public, sans mise en sc\u00e8ne<\/u>, distinguant ce genre du portrait pos\u00e9 ou du paysage urbain planifi\u00e9. Contrairement \u00e0 la <strong>photographie de mode<\/strong> qui met en sc\u00e8ne des mannequins, ou au reportage structur\u00e9, elle privil\u00e9gie l\u2019impr\u00e9vu, l\u2019<strong>instant d\u00e9cisif<\/strong> popularis\u00e9 par <strong>Henri Cartier-Bresson<\/strong> en 1952 dans son ouvrage \u00e9ponyme.<\/p>\n<p>Nous voyons dans ce domaine une fusion unique d\u2019art, de technique et d\u2019\u00e9motion, o\u00f9 chaque clich\u00e9 narre une histoire visuelle du monde moderne. Avec l\u2019essor des smartphones comme l\u2019<strong>iPhone 15 Pro<\/strong> de <strong>Apple Inc.<\/strong>, g\u00e9ant technologique, et des appareils hybrides compacts, la production d\u2019images explose sur <strong>Instagram<\/strong>, plateforme sociale comptant <u>2 milliards d\u2019utilisateurs actifs mensuels en 2024<\/u>. Nous explorons ici l\u2019histoire, les techniques, les lieux, l\u2019\u00e9thique, les inspirations, l\u2019\u00e9quipement et les tendances pour vous armer pleinement.<\/p>\n<ul>\n<li><strong>Spontan\u00e9it\u00e9<\/strong> : saisir l\u2019impr\u00e9vu sans pr\u00e9paration.<\/li>\n<li><strong>Narration visuelle<\/strong> : raconter la vie urbaine en un clich\u00e9.<\/li>\n<li><strong>Accessibilit\u00e9<\/strong> : d\u00e9mocratis\u00e9e par les technologies mobiles depuis 2010.<\/li>\n<\/ul>\n<h2>Histoire de la Photographie de Rue<\/h2>\n<p>Les origines remontent au 19e si\u00e8cle avec les premi\u00e8res <strong>images urbaines<\/strong> dans les grandes villes europ\u00e9ennes comme <strong>Paris<\/strong>, berceau du <strong>daguerr\u00e9otype<\/strong> invent\u00e9 par <strong>Louis Daguerre<\/strong> en 1839. L\u2019\u00e9volution vers des appareils l\u00e9gers, tels que le <strong>Leica<\/strong> lanc\u00e9 par <strong>Leica Camera AG<\/strong> en 1925, lib\u00e8re les photographes pour arpenter les rues.<\/p>\n<p>Nous saluons les figures fondatrices : <strong>Henri Cartier-Bresson<\/strong>, inventeur de l\u2019<strong>instant d\u00e9cisif<\/strong>, <strong>Brassa\u00ef<\/strong> (Gyula Hal\u00e1sz) immortalisant la nuit parisienne dans les ann\u00e9es 1930, <strong>Robert Doisneau<\/strong> avec son <em>Baiser de l\u2019H\u00f4tel de Ville<\/em> en 1950, <strong>Willy Ronis<\/strong> capturant la vie ouvri\u00e8re, <strong>Garry Winogrand<\/strong> documentant le chaos new-yorkais des ann\u00e9es 1960, <strong>Joel Meyerowitz<\/strong> en couleur \u00e0 <strong>New York<\/strong>, <strong>Helen Levitt<\/strong> dans les quartiers populaires, et <strong>Vivian Maier<\/strong>, nounou am\u00e9ricaine dont <u>150 000 n\u00e9gatifs d\u00e9couverts en 2007<\/u> r\u00e9v\u00e8lent un talent posthume lors d\u2019ench\u00e8res \u00e0 Chicago.<\/p>\n<ul>\n<li>Influence du <strong>surr\u00e9alisme<\/strong> : sc\u00e8nes d\u00e9cal\u00e9es par <strong>Brassa\u00ef<\/strong> \u00e0 Paris en 1933.<\/li>\n<li><strong>R\u00e9alisme social<\/strong> : conditions humaines par <strong>Lewis Hine<\/strong> d\u00e8s 1908.<\/li>\n<li>Transition num\u00e9rique : depuis 2000, explosion des images via <strong>smartphones Samsung Galaxy S24<\/strong>.<\/li>\n<li>Aujourd\u2019hui : concours comme <strong>Street Photo Worldwide<\/strong> en 2024 \u00e0 Londres.<\/li>\n<\/ul>\n<h2>Techniques Essentielles pour Photographier la Rue<\/h2>\n<p>Pour photographier la rue, optez pour un <strong>appareil hybride<\/strong> comme le <strong>Sony A7C<\/strong> de <strong>Sony Corporation<\/strong>, compact et discret, ou un <strong>reflex<\/strong> comme le <strong>Canon EOS R8<\/strong> de <strong>Canon Inc.<\/strong>, surpassant les smartphones en basse lumi\u00e8re. Les focales <strong>35 mm<\/strong> et <strong>50 mm<\/strong> privil\u00e9gient l\u2019immersion, comme chez <strong>Henri Cartier-Bresson<\/strong> avec son <strong>Leica M3<\/strong>.<\/p>\n<p>Nous ma\u00eetrisons les r\u00e9glages : <strong>ouverture f\/8<\/strong> pour une profondeur de champ nette en sc\u00e8ne urbaine, <strong>vitesse 1\/500e<\/strong> pour figer un passage pi\u00e9ton \u00e0 <strong>Times Square<\/strong>, <strong>ISO 800<\/strong> en cr\u00e9puscule parisien g\u00e9rant le bruit. Utilisez le mode <strong>priorit\u00e9 vitesse<\/strong> ou manuel, avec <strong>AF-C<\/strong> continu et rafales \u00e0 10 images\/seconde sur <strong>Fujifilm X-T5<\/strong>.<\/p>\n<ul>\n<li><u>Gestion lumi\u00e8re<\/u> : contre-jours \u00e0 <strong>Shibuya Crossing, Tokyo<\/strong>, ombres dans ruelles de <strong>Berlin<\/strong>.<\/li>\n<li>Discr\u00e9tion : appareil au cou, posture neutre, d\u00e9clenchement depuis la hanche.<\/li>\n<li>Exemples : reflets dans flaques apr\u00e8s pluie \u00e0 <strong>S\u00e3o Paulo<\/strong>, flux pi\u00e9tons \u00e0 <strong>Hong Kong<\/strong>.<\/li>\n<\/ul>\n<h2>Les Meilleurs Lieux pour Prendre des Photos de Rue<\/h2>\n<p><strong>Paris<\/strong> reste iconique avec ses caf\u00e9s du <strong>Quartier Latin<\/strong>, le m\u00e9tro ligne 13 et les march\u00e9s comme celui de <strong>La Chapelle<\/strong>, fr\u00e9quent\u00e9 par <u>50 000 visiteurs annuels<\/u>. \u00c0 <strong>New York<\/strong>, <strong>Times Square<\/strong> voit <u>331 000 pi\u00e9tons par jour en 2023<\/u>, id\u00e9al pour la diversit\u00e9 ethnique de <strong>Brooklyn<\/strong>.<\/p>\n<p>Nous explorons <strong>Tokyo<\/strong> \u00e0 <strong>Shibuya<\/strong> avec ses n\u00e9ons et <u>2 500 travers\u00e9es pi\u00e9tons simultan\u00e9es<\/u> au scramble crossing, ou <strong>Istanbul<\/strong> dans le Grand Bazar. Dans votre ville, ciblez gares comme <strong>Gare du Nord, Paris<\/strong> (700 000 voyageurs\/jour), parcs et festivals.<\/p>\n<ul>\n<li><strong>Non-lieux<\/strong> : parkings de <strong>Los Angeles<\/strong>, zones p\u00e9riurbaines de <strong>Londres<\/strong>.<\/li>\n<li>Anecdote : <strong>Joel Meyerowitz<\/strong> initie sa s\u00e9rie <em>Capri<\/em> lors d\u2019une promenade en 1964.<\/li>\n<li>\u00c9v\u00e9nements : <strong>Carnaval de Rio<\/strong> en f\u00e9vrier 2025 pour flux humains intenses.<\/li>\n<\/ul>\n<h2>\u00c9thique et Respect dans la Photographie de Rue<\/h2>\n<p>Dans l\u2019espace public fran\u00e7ais, la loi du 1er juillet 1998 autorise la prise de vue, mais la diffusion requiert consentement sauf actualit\u00e9 ou art, comme stipul\u00e9 par la Cour de cassation en 2015. Aux \u00c9tats-Unis, le <strong>First Amendment<\/strong> prot\u00e8ge plus largement, contrairement au Japon o\u00f9 la vie priv\u00e9e prime depuis la loi de 2003.<\/p>\n<p>Nous insistons sur une posture respectueuse : supprimez si demand\u00e9, souriez post-clich\u00e9, \u00e9vitez mineurs reconnaissables sans autorisation parentale. Pour personnes vuln\u00e9rables, comme SDF \u00e0 <strong>Skid Row, Los Angeles<\/strong>, priorisez dignit\u00e9 sur sensationnalisme, unlike la <strong>photographie de mode<\/strong> publicitaire.<\/p>\n<ul>\n<li><u>Droit \u00e0 l\u2019image<\/u> : non requis pour foules anonymes.<\/li>\n<li>Consentement : dialogue post-vue avec sujets isol\u00e9s.<\/li>\n<li>vuln\u00e9rabilit\u00e9 : <u>consentement explicite<\/u> pour pr\u00e9carit\u00e9.<\/li>\n<\/ul>\n<h2>Inspiration et \u00c9tude de Cas de Photographes C\u00e9l\u00e8bres<\/h2>\n<p><strong>Henri Cartier-Bresson<\/strong> excelle en composition g\u00e9om\u00e9trique, comme son clich\u00e9 de 1932 \u00e0 <strong>Hy\u00e8res, France<\/strong>, o\u00f9 un cycliste s\u2019aligne parfaitement avec l\u2019architecture. <strong>Vivian Maier<\/strong> r\u00e9v\u00e8le la po\u00e9sie quotidienne \u00e0 <strong>Chicago<\/strong> en 1959, archives vendues en 2007 pour <u>plus de 100 000 dollars<\/u>.<\/p>\n<p>Nous admirons <strong>Garry Winogrand<\/strong> pour le chaos new-yorkais de 1964, et <strong>Daido Moriyama<\/strong>, ma\u00eetre japonais du grain noir et blanc \u00e0 <strong>Tokyo<\/strong> depuis 1965. Contemporains comme <strong>Alex Webb<\/strong>, laur\u00e9at du <strong>World Press Photo 2018<\/strong>, inspirent par leurs s\u00e9ries carib\u00e9ennes.<\/p>\n<ul>\n<li>Le\u00e7on : patience pour anticiper, comme <strong>Cartier-Bresson<\/strong> \u00e0 l\u2019<strong>instant d\u00e9cisif<\/strong>.<\/li>\n<li>S\u00e9rie coh\u00e9rente : 50 images th\u00e9matiques pour portfolio.<\/li>\n<li>Signature : adaptez reflets de <strong>Moriyama<\/strong> \u00e0 votre ville.<\/li>\n<\/ul>\n<h2>\u00c9quipement Recommand\u00e9 pour la Photographie de Rue<\/h2>\n<p>Pour d\u00e9butants, le <strong>Fujifilm X100VI<\/strong>, compact \u00e0 focale fixe <strong>23 mm<\/strong> \u00e9quivalent, co\u00fbte environ <u>1 800 euros<\/u> et offre viseur hybride. Interm\u00e9diaires choisissent <strong>Leica Q3<\/strong> de <strong>Leica Camera AG<\/strong> \u00e0 6 000 euros pour discr\u00e9tion ultime.<\/p>\n<p>Nous recommandons objectifs <strong>Sigma 35mm f\/1.4<\/strong> pour <strong>hybrides Nikon Z fc<\/strong>, sangles <strong>Peak Design<\/strong>, sacs <strong>Think Tank Mirrorless Mover 5<\/strong>. Avanc\u00e9s optimisent avec <u>personnalisation boutons<\/u> sur <strong>Sony A1<\/strong> pour rafales 30 ips.<\/p>\n<ul>\n<li>D\u00e9butants : <strong>smartphone Google Pixel 9<\/strong> en mode pro.<\/li>\n<li>Accessoires : batteries <u>trois en r\u00e9serve<\/u>, pare-soleil pour flares urbains.<\/li>\n<li>Budget : <u>500-2 000 euros<\/u> pour kit minimaliste.<\/li>\n<\/ul>\n<h2>Tendances Actuelles et Futures en Photographie de Rue<\/h2>\n<p>Nous observons un retour \u00e0 l\u2019authenticit\u00e9 brute, avec <u>70% des images street sur Instagram en noir et blanc en 2024<\/u> selon analyses <strong>VSCO<\/strong>. Formats verticaux dominent pour stories, hashtags comme #StreetPhotography g\u00e9n\u00e9rant <u>50 millions posts<\/u>.<\/p>\n<p>Technologies comme l\u2019<strong>IA autofocus pr\u00e9dictif<\/strong> sur <strong>Canon EOS R5 Mark II<\/strong> r\u00e9volutionnent la r\u00e9activit\u00e9, bien que nous d\u00e9battions son intrusion dans le r\u00e9el. Styles hybrides \u00e9mergent : <strong>street fashion<\/strong> \u00e0 <strong>Milan Fashion Week 2025<\/strong>, projets longs sur urbanisme post-Covid.<\/p>\n<ul>\n<li><strong>Noir et blanc<\/strong> : textures via capteurs <strong>IMX585<\/strong>.<\/li>\n<li>Minimalisme : <u>s\u00e9ries de 10 images fortes<\/u>.<\/li>\n<li>IA : tri via <strong>Adobe Lightroom<\/strong> avec Sensei.<\/li>\n<\/ul>\n<h2>M\u00e9thode Pratique pour Progresser en Photo de Rue<\/h2>\n<p>Nous construisons une routine : revenez hebdomadairement au <strong>Marais, Paris<\/strong>, fixez projets comme  ombres \u00e0 midi ?. Limitez \u00e0 <u>36 vues par sortie<\/u>, simulant pellicule argentique.<\/p>\n<p>Exercez  1 heure, 1 focale <strong>50 mm<\/strong>, 1 th\u00e8me reflets ? \u00e0 <strong>Seine<\/strong>. Notez dans carnet id\u00e9es post-sortie, rejoignez workshops comme ceux de <strong>Henri Cartier-Bresson Foundation<\/strong> \u00e0 Paris en 2025.<\/p>\n<ul>\n<li>Sc\u00e8ne horaire : lumi\u00e8re changeante sur m\u00eame croisement.<\/li>\n<li>Groupes : <strong>Street Photography International<\/strong> \u00e0 Londres.<\/li>\n<li>Journal : \u00e9motions de rencontres rueuses.<\/li>\n<\/ul>\n<h2>Post-traitement et Organisation de ses Images de Rue<\/h2>\n<p>Triez impitoyablement dans <strong>Adobe Lightroom Classic<\/strong>, gardant <u>5% des images fortes<\/u> par coh\u00e9rence styl\u00e9e. Ajustez exposition +0.5, contraste pour urbanit\u00e9, convertissez noir et blanc pr\u00e9servant textures.<\/p>\n<p>Nous organisons par s\u00e9ries :  Tokyo 2024 ? ou  Ombres Paris ?. Pr\u00e9parez pour <strong>500px<\/strong> portfolio, impressions <strong>Hahnem\u00fchle<\/strong> 30&#215;45 cm, respectant esprit documentaire sans alt\u00e9ration lourde.<\/p>\n<ul>\n<li>Retouche : courbes pour ombres profondes.<\/li>\n<li>Th\u00e8mes : march\u00e9s vs affaires.<\/li>\n<li>Export : JPEG 72 dpi pour r\u00e9seaux.<\/li>\n<\/ul>\n<h2>Conclusion : R\u00e9capitulatif et Perspectives d\u2019Avenir<\/h2>\n<p>De l\u2019histoire avec <strong>Cartier-Bresson<\/strong> aux techniques f\/8-1\/500e, des lieux comme <strong>Shibuya<\/strong> \u00e0 l\u2019\u00e9thique respectueuse, nous couvrons l\u2019essentiel pour exceller en <strong>photo de rue<\/strong>. Cet art accessible narre la vie mondiale via un simple appareil.<\/p>\n<p>Sortez explorer votre ville, exp\u00e9rimentez angles in\u00e9dits. Suivez <strong>@streetphotographyinternational<\/strong> sur Instagram, partagez vos s\u00e9ries dans communaut\u00e9s d\u00e9di\u00e9es, et construisez votre narration visuelle unique.<\/p>\n","protected":false},"excerpt":{"rendered":"","protected":false},"author":34,"featured_media":7733,"comment_status":"open","ping_status":"open","sticky":false,"template":"","format":"standard","meta":{"_acf_changed":false,"manual_indexmenow":false,"indexmenow_id_project":0,"footnotes":""},"categories":[4524],"tags":[4787,4788,4785],"class_list":["post-7731","post","type-post","status-publish","format-standard","has-post-thumbnail","hentry","category-photographie-et-visuels","tag-photographie-de-rue","tag-techniques-photo","tag-vie-urbaine","generate-columns","tablet-grid-50","mobile-grid-100","grid-parent","grid-25"],"acf":[],"yoast_head":"<!-- This site is optimized with the Yoast SEO Premium plugin v21.3 (Yoast SEO v25.6) - https:\/\/yoast.com\/wordpress\/plugins\/seo\/ -->\n<title>Photographie de rue : technique, \u00e9motion et secrets<\/title>\n<meta name=\"description\" content=\"La photo de rue consiste \u00e0 capturer des images spontan\u00e9es de la vie quotidienne dans l\u2019espace public, sans mise en sc\u00e8ne, distinguant ce genre du portrait\" \/>\n<meta name=\"robots\" content=\"index, follow, max-snippet:-1, max-image-preview:large, max-video-preview:-1\" \/>\n<link rel=\"canonical\" href=\"https:\/\/greenwichmeridien.fr\/blog\/photographie-et-visuels\/la-photographie-de-rue-technique-emotion-et-secrets-pour-capturer-la-vie-urbaine\/\" \/>\n<meta property=\"og:locale\" content=\"fr_FR\" \/>\n<meta property=\"og:type\" content=\"article\" \/>\n<meta property=\"og:title\" content=\"Photographie de rue : technique, \u00e9motion et secrets\" \/>\n<meta property=\"og:description\" content=\"La photo de rue consiste \u00e0 capturer des images spontan\u00e9es de la vie quotidienne dans l\u2019espace public, sans mise en sc\u00e8ne, distinguant ce genre du portrait\" \/>\n<meta property=\"og:url\" content=\"https:\/\/greenwichmeridien.fr\/blog\/photographie-et-visuels\/la-photographie-de-rue-technique-emotion-et-secrets-pour-capturer-la-vie-urbaine\/\" \/>\n<meta property=\"og:site_name\" content=\"greenwichmeridien\" \/>\n<meta property=\"og:image\" content=\"https:\/\/greenwichmeridien.fr\/blog\/wp-content\/uploads\/2025\/12\/pag-image-69402e3a710d9-scaled.png\" \/>\n\t<meta property=\"og:image:width\" content=\"1200\" \/>\n\t<meta property=\"og:image:height\" content=\"686\" \/>\n\t<meta property=\"og:image:type\" content=\"image\/png\" \/>\n<meta name=\"author\" content=\"Samuel Chalmin\" \/>\n<meta name=\"twitter:card\" content=\"summary_large_image\" \/>\n<script type=\"application\/ld+json\" class=\"yoast-schema-graph\">{\"@context\":\"https:\/\/schema.org\",\"@graph\":[{\"@type\":\"NewsArticle\",\"@id\":\"https:\/\/greenwichmeridien.fr\/blog\/photographie-et-visuels\/la-photographie-de-rue-technique-emotion-et-secrets-pour-capturer-la-vie-urbaine\/#article\",\"isPartOf\":{\"@id\":\"https:\/\/greenwichmeridien.fr\/blog\/photographie-et-visuels\/la-photographie-de-rue-technique-emotion-et-secrets-pour-capturer-la-vie-urbaine\/\"},\"author\":{\"name\":\"Samuel Chalmin\",\"@id\":\"https:\/\/greenwichmeridien.fr\/blog\/#\/schema\/person\/3c864cdc320801e3db34b663e7e3f816\"},\"headline\":\"La photographie de rue : technique, \u00e9motion et secrets pour capturer la vie urbaine\",\"datePublished\":\"2026-02-05T08:37:00+00:00\",\"mainEntityOfPage\":{\"@id\":\"https:\/\/greenwichmeridien.fr\/blog\/photographie-et-visuels\/la-photographie-de-rue-technique-emotion-et-secrets-pour-capturer-la-vie-urbaine\/\"},\"wordCount\":1352,\"commentCount\":0,\"publisher\":{\"@id\":\"https:\/\/greenwichmeridien.fr\/blog\/#organization\"},\"image\":{\"@id\":\"https:\/\/greenwichmeridien.fr\/blog\/photographie-et-visuels\/la-photographie-de-rue-technique-emotion-et-secrets-pour-capturer-la-vie-urbaine\/#primaryimage\"},\"thumbnailUrl\":\"https:\/\/greenwichmeridien.fr\/blog\/wp-content\/uploads\/2025\/12\/pag-image-69402e3a710d9-scaled.png\",\"keywords\":[\"photographie de rue\",\"techniques photo\",\"vie urbaine\"],\"articleSection\":[\"Photographie et Visuels\"],\"inLanguage\":\"fr-FR\",\"potentialAction\":[{\"@type\":\"CommentAction\",\"name\":\"Comment\",\"target\":[\"https:\/\/greenwichmeridien.fr\/blog\/photographie-et-visuels\/la-photographie-de-rue-technique-emotion-et-secrets-pour-capturer-la-vie-urbaine\/#respond\"]}]},{\"@type\":\"WebPage\",\"@id\":\"https:\/\/greenwichmeridien.fr\/blog\/photographie-et-visuels\/la-photographie-de-rue-technique-emotion-et-secrets-pour-capturer-la-vie-urbaine\/\",\"url\":\"https:\/\/greenwichmeridien.fr\/blog\/photographie-et-visuels\/la-photographie-de-rue-technique-emotion-et-secrets-pour-capturer-la-vie-urbaine\/\",\"name\":\"Photographie de rue : technique, \u00e9motion et secrets\",\"isPartOf\":{\"@id\":\"https:\/\/greenwichmeridien.fr\/blog\/#website\"},\"primaryImageOfPage\":{\"@id\":\"https:\/\/greenwichmeridien.fr\/blog\/photographie-et-visuels\/la-photographie-de-rue-technique-emotion-et-secrets-pour-capturer-la-vie-urbaine\/#primaryimage\"},\"image\":{\"@id\":\"https:\/\/greenwichmeridien.fr\/blog\/photographie-et-visuels\/la-photographie-de-rue-technique-emotion-et-secrets-pour-capturer-la-vie-urbaine\/#primaryimage\"},\"thumbnailUrl\":\"https:\/\/greenwichmeridien.fr\/blog\/wp-content\/uploads\/2025\/12\/pag-image-69402e3a710d9-scaled.png\",\"datePublished\":\"2026-02-05T08:37:00+00:00\",\"description\":\"La photo de rue consiste \u00e0 capturer des images spontan\u00e9es de la vie quotidienne dans l\u2019espace public, sans mise en sc\u00e8ne, distinguant ce genre du portrait\",\"inLanguage\":\"fr-FR\",\"potentialAction\":[{\"@type\":\"ReadAction\",\"target\":[\"https:\/\/greenwichmeridien.fr\/blog\/photographie-et-visuels\/la-photographie-de-rue-technique-emotion-et-secrets-pour-capturer-la-vie-urbaine\/\"]}]},{\"@type\":\"ImageObject\",\"inLanguage\":\"fr-FR\",\"@id\":\"https:\/\/greenwichmeridien.fr\/blog\/photographie-et-visuels\/la-photographie-de-rue-technique-emotion-et-secrets-pour-capturer-la-vie-urbaine\/#primaryimage\",\"url\":\"https:\/\/greenwichmeridien.fr\/blog\/wp-content\/uploads\/2025\/12\/pag-image-69402e3a710d9-scaled.png\",\"contentUrl\":\"https:\/\/greenwichmeridien.fr\/blog\/wp-content\/uploads\/2025\/12\/pag-image-69402e3a710d9-scaled.png\",\"width\":1200,\"height\":686,\"caption\":\"Image g\u00e9n\u00e9r\u00e9e par IA optimis\u00e9e pour Google Discover\"},{\"@type\":\"WebSite\",\"@id\":\"https:\/\/greenwichmeridien.fr\/blog\/#website\",\"url\":\"https:\/\/greenwichmeridien.fr\/blog\/\",\"name\":\"Greenwich M\u00e9ridien\",\"description\":\"Greenwich M\u00e9ridien, le rep\u00e8re du temps et du voyage\",\"publisher\":{\"@id\":\"https:\/\/greenwichmeridien.fr\/blog\/#organization\"},\"alternateName\":\"Greenwich M\u00e9ridien, le rep\u00e8re du temps et du voyage\",\"potentialAction\":[{\"@type\":\"SearchAction\",\"target\":{\"@type\":\"EntryPoint\",\"urlTemplate\":\"https:\/\/greenwichmeridien.fr\/blog\/?s={search_term_string}\"},\"query-input\":{\"@type\":\"PropertyValueSpecification\",\"valueRequired\":true,\"valueName\":\"search_term_string\"}}],\"inLanguage\":\"fr-FR\"},{\"@type\":\"Organization\",\"@id\":\"https:\/\/greenwichmeridien.fr\/blog\/#organization\",\"name\":\"Greenwich M\u00e9ridien\",\"alternateName\":\"Greenwich M\u00e9ridien\",\"url\":\"https:\/\/greenwichmeridien.fr\/blog\/\",\"logo\":{\"@type\":\"ImageObject\",\"inLanguage\":\"fr-FR\",\"@id\":\"https:\/\/greenwichmeridien.fr\/blog\/#\/schema\/logo\/image\/\",\"url\":\"https:\/\/greenwichmeridien.fr\/blog\/wp-content\/uploads\/2024\/12\/greenwichmeridien.png\",\"contentUrl\":\"https:\/\/greenwichmeridien.fr\/blog\/wp-content\/uploads\/2024\/12\/greenwichmeridien.png\",\"width\":500,\"height\":500,\"caption\":\"Greenwich M\u00e9ridien\"},\"image\":{\"@id\":\"https:\/\/greenwichmeridien.fr\/blog\/#\/schema\/logo\/image\/\"}},{\"@type\":\"Person\",\"@id\":\"https:\/\/greenwichmeridien.fr\/blog\/#\/schema\/person\/3c864cdc320801e3db34b663e7e3f816\",\"name\":\"Samuel Chalmin\",\"image\":{\"@type\":\"ImageObject\",\"inLanguage\":\"fr-FR\",\"@id\":\"https:\/\/greenwichmeridien.fr\/blog\/#\/schema\/person\/image\/\",\"url\":\"https:\/\/secure.gravatar.com\/avatar\/cef3677de7d237273d13053728f9470818581a8a27d9bf6f5039fd18508a905f?s=96&d=mm&r=g\",\"contentUrl\":\"https:\/\/secure.gravatar.com\/avatar\/cef3677de7d237273d13053728f9470818581a8a27d9bf6f5039fd18508a905f?s=96&d=mm&r=g\",\"caption\":\"Samuel Chalmin\"},\"description\":\"R\u00e9dacteur du site, il suit les questions de temps et de calendrier : m\u00e9ridien de Greenwich, heure GMT et UTC, fuseaux horaires, changement d'heure, ann\u00e9es bissextiles et jours f\u00e9ri\u00e9s.\",\"sameAs\":[\"https:\/\/samuelchalmin.fr\/\"],\"url\":\"https:\/\/greenwichmeridien.fr\/blog\/auteur\/noname\/\"}]}<\/script>\n<!-- \/ Yoast SEO Premium plugin. -->","yoast_head_json":{"title":"Photographie de rue : technique, \u00e9motion et secrets","description":"La photo de rue consiste \u00e0 capturer des images spontan\u00e9es de la vie quotidienne dans l\u2019espace public, sans mise en sc\u00e8ne, distinguant ce genre du portrait","robots":{"index":"index","follow":"follow","max-snippet":"max-snippet:-1","max-image-preview":"max-image-preview:large","max-video-preview":"max-video-preview:-1"},"canonical":"https:\/\/greenwichmeridien.fr\/blog\/photographie-et-visuels\/la-photographie-de-rue-technique-emotion-et-secrets-pour-capturer-la-vie-urbaine\/","og_locale":"fr_FR","og_type":"article","og_title":"Photographie de rue : technique, \u00e9motion et secrets","og_description":"La photo de rue consiste \u00e0 capturer des images spontan\u00e9es de la vie quotidienne dans l\u2019espace public, sans mise en sc\u00e8ne, distinguant ce genre du portrait","og_url":"https:\/\/greenwichmeridien.fr\/blog\/photographie-et-visuels\/la-photographie-de-rue-technique-emotion-et-secrets-pour-capturer-la-vie-urbaine\/","og_site_name":"greenwichmeridien","og_image":[{"width":1200,"height":686,"url":"https:\/\/greenwichmeridien.fr\/blog\/wp-content\/uploads\/2025\/12\/pag-image-69402e3a710d9-scaled.png","type":"image\/png"}],"author":"Samuel Chalmin","twitter_card":"summary_large_image","schema":{"@context":"https:\/\/schema.org","@graph":[{"@type":"NewsArticle","@id":"https:\/\/greenwichmeridien.fr\/blog\/photographie-et-visuels\/la-photographie-de-rue-technique-emotion-et-secrets-pour-capturer-la-vie-urbaine\/#article","isPartOf":{"@id":"https:\/\/greenwichmeridien.fr\/blog\/photographie-et-visuels\/la-photographie-de-rue-technique-emotion-et-secrets-pour-capturer-la-vie-urbaine\/"},"author":{"name":"Samuel Chalmin","@id":"https:\/\/greenwichmeridien.fr\/blog\/#\/schema\/person\/3c864cdc320801e3db34b663e7e3f816"},"headline":"La photographie de rue : technique, \u00e9motion et secrets pour capturer la vie urbaine","datePublished":"2026-02-05T08:37:00+00:00","mainEntityOfPage":{"@id":"https:\/\/greenwichmeridien.fr\/blog\/photographie-et-visuels\/la-photographie-de-rue-technique-emotion-et-secrets-pour-capturer-la-vie-urbaine\/"},"wordCount":1352,"commentCount":0,"publisher":{"@id":"https:\/\/greenwichmeridien.fr\/blog\/#organization"},"image":{"@id":"https:\/\/greenwichmeridien.fr\/blog\/photographie-et-visuels\/la-photographie-de-rue-technique-emotion-et-secrets-pour-capturer-la-vie-urbaine\/#primaryimage"},"thumbnailUrl":"https:\/\/greenwichmeridien.fr\/blog\/wp-content\/uploads\/2025\/12\/pag-image-69402e3a710d9-scaled.png","keywords":["photographie de rue","techniques photo","vie urbaine"],"articleSection":["Photographie et Visuels"],"inLanguage":"fr-FR","potentialAction":[{"@type":"CommentAction","name":"Comment","target":["https:\/\/greenwichmeridien.fr\/blog\/photographie-et-visuels\/la-photographie-de-rue-technique-emotion-et-secrets-pour-capturer-la-vie-urbaine\/#respond"]}]},{"@type":"WebPage","@id":"https:\/\/greenwichmeridien.fr\/blog\/photographie-et-visuels\/la-photographie-de-rue-technique-emotion-et-secrets-pour-capturer-la-vie-urbaine\/","url":"https:\/\/greenwichmeridien.fr\/blog\/photographie-et-visuels\/la-photographie-de-rue-technique-emotion-et-secrets-pour-capturer-la-vie-urbaine\/","name":"Photographie de rue : technique, \u00e9motion et secrets","isPartOf":{"@id":"https:\/\/greenwichmeridien.fr\/blog\/#website"},"primaryImageOfPage":{"@id":"https:\/\/greenwichmeridien.fr\/blog\/photographie-et-visuels\/la-photographie-de-rue-technique-emotion-et-secrets-pour-capturer-la-vie-urbaine\/#primaryimage"},"image":{"@id":"https:\/\/greenwichmeridien.fr\/blog\/photographie-et-visuels\/la-photographie-de-rue-technique-emotion-et-secrets-pour-capturer-la-vie-urbaine\/#primaryimage"},"thumbnailUrl":"https:\/\/greenwichmeridien.fr\/blog\/wp-content\/uploads\/2025\/12\/pag-image-69402e3a710d9-scaled.png","datePublished":"2026-02-05T08:37:00+00:00","description":"La photo de rue consiste \u00e0 capturer des images spontan\u00e9es de la vie quotidienne dans l\u2019espace public, sans mise en sc\u00e8ne, distinguant ce genre du portrait","inLanguage":"fr-FR","potentialAction":[{"@type":"ReadAction","target":["https:\/\/greenwichmeridien.fr\/blog\/photographie-et-visuels\/la-photographie-de-rue-technique-emotion-et-secrets-pour-capturer-la-vie-urbaine\/"]}]},{"@type":"ImageObject","inLanguage":"fr-FR","@id":"https:\/\/greenwichmeridien.fr\/blog\/photographie-et-visuels\/la-photographie-de-rue-technique-emotion-et-secrets-pour-capturer-la-vie-urbaine\/#primaryimage","url":"https:\/\/greenwichmeridien.fr\/blog\/wp-content\/uploads\/2025\/12\/pag-image-69402e3a710d9-scaled.png","contentUrl":"https:\/\/greenwichmeridien.fr\/blog\/wp-content\/uploads\/2025\/12\/pag-image-69402e3a710d9-scaled.png","width":1200,"height":686,"caption":"Image g\u00e9n\u00e9r\u00e9e par IA optimis\u00e9e pour Google Discover"},{"@type":"WebSite","@id":"https:\/\/greenwichmeridien.fr\/blog\/#website","url":"https:\/\/greenwichmeridien.fr\/blog\/","name":"Greenwich M\u00e9ridien","description":"Greenwich M\u00e9ridien, le rep\u00e8re du temps et du voyage","publisher":{"@id":"https:\/\/greenwichmeridien.fr\/blog\/#organization"},"alternateName":"Greenwich M\u00e9ridien, le rep\u00e8re du temps et du voyage","potentialAction":[{"@type":"SearchAction","target":{"@type":"EntryPoint","urlTemplate":"https:\/\/greenwichmeridien.fr\/blog\/?s={search_term_string}"},"query-input":{"@type":"PropertyValueSpecification","valueRequired":true,"valueName":"search_term_string"}}],"inLanguage":"fr-FR"},{"@type":"Organization","@id":"https:\/\/greenwichmeridien.fr\/blog\/#organization","name":"Greenwich M\u00e9ridien","alternateName":"Greenwich M\u00e9ridien","url":"https:\/\/greenwichmeridien.fr\/blog\/","logo":{"@type":"ImageObject","inLanguage":"fr-FR","@id":"https:\/\/greenwichmeridien.fr\/blog\/#\/schema\/logo\/image\/","url":"https:\/\/greenwichmeridien.fr\/blog\/wp-content\/uploads\/2024\/12\/greenwichmeridien.png","contentUrl":"https:\/\/greenwichmeridien.fr\/blog\/wp-content\/uploads\/2024\/12\/greenwichmeridien.png","width":500,"height":500,"caption":"Greenwich M\u00e9ridien"},"image":{"@id":"https:\/\/greenwichmeridien.fr\/blog\/#\/schema\/logo\/image\/"}},{"@type":"Person","@id":"https:\/\/greenwichmeridien.fr\/blog\/#\/schema\/person\/3c864cdc320801e3db34b663e7e3f816","name":"Samuel Chalmin","image":{"@type":"ImageObject","inLanguage":"fr-FR","@id":"https:\/\/greenwichmeridien.fr\/blog\/#\/schema\/person\/image\/","url":"https:\/\/secure.gravatar.com\/avatar\/cef3677de7d237273d13053728f9470818581a8a27d9bf6f5039fd18508a905f?s=96&d=mm&r=g","contentUrl":"https:\/\/secure.gravatar.com\/avatar\/cef3677de7d237273d13053728f9470818581a8a27d9bf6f5039fd18508a905f?s=96&d=mm&r=g","caption":"Samuel Chalmin"},"description":"R\u00e9dacteur du site, il suit les questions de temps et de calendrier : m\u00e9ridien de Greenwich, heure GMT et UTC, fuseaux horaires, changement d'heure, ann\u00e9es bissextiles et jours f\u00e9ri\u00e9s.","sameAs":["https:\/\/samuelchalmin.fr\/"],"url":"https:\/\/greenwichmeridien.fr\/blog\/auteur\/noname\/"}]}},"_links":{"self":[{"href":"https:\/\/greenwichmeridien.fr\/blog\/wp-json\/wp\/v2\/posts\/7731","targetHints":{"allow":["GET"]}}],"collection":[{"href":"https:\/\/greenwichmeridien.fr\/blog\/wp-json\/wp\/v2\/posts"}],"about":[{"href":"https:\/\/greenwichmeridien.fr\/blog\/wp-json\/wp\/v2\/types\/post"}],"author":[{"embeddable":true,"href":"https:\/\/greenwichmeridien.fr\/blog\/wp-json\/wp\/v2\/users\/34"}],"replies":[{"embeddable":true,"href":"https:\/\/greenwichmeridien.fr\/blog\/wp-json\/wp\/v2\/comments?post=7731"}],"version-history":[{"count":1,"href":"https:\/\/greenwichmeridien.fr\/blog\/wp-json\/wp\/v2\/posts\/7731\/revisions"}],"predecessor-version":[{"id":7796,"href":"https:\/\/greenwichmeridien.fr\/blog\/wp-json\/wp\/v2\/posts\/7731\/revisions\/7796"}],"wp:featuredmedia":[{"embeddable":true,"href":"https:\/\/greenwichmeridien.fr\/blog\/wp-json\/wp\/v2\/media\/7733"}],"wp:attachment":[{"href":"https:\/\/greenwichmeridien.fr\/blog\/wp-json\/wp\/v2\/media?parent=7731"}],"wp:term":[{"taxonomy":"category","embeddable":true,"href":"https:\/\/greenwichmeridien.fr\/blog\/wp-json\/wp\/v2\/categories?post=7731"},{"taxonomy":"post_tag","embeddable":true,"href":"https:\/\/greenwichmeridien.fr\/blog\/wp-json\/wp\/v2\/tags?post=7731"}],"curies":[{"name":"wp","href":"https:\/\/api.w.org\/{rel}","templated":true}]}}