{"id":7734,"date":"2026-02-09T09:14:00","date_gmt":"2026-02-09T08:14:00","guid":{"rendered":"https:\/\/greenwichmeridien.fr\/blog\/?p=7734"},"modified":"2026-08-25T01:47:37","modified_gmt":"2026-08-24T23:47:37","slug":"photo-urbaine-comment-capturer-lame-des-villes-avec-votre-objectif","status":"publish","type":"post","link":"https:\/\/greenwichmeridien.fr\/blog\/photographie-et-visuels\/photo-urbaine-comment-capturer-lame-des-villes-avec-votre-objectif\/","title":{"rendered":"Photo urbaine : comment capturer l&rsquo;\u00e2me des villes avec votre objectif"},"content":{"rendered":"<div style=\"background: linear-gradient(135deg, #f5f7fa 0%, #e9ecef 100%);border-left: 4px solid #0073aa;padding: 15px 20px;margin: 0 0 25px 0;border-radius: 0 8px 8px 0\">\n<p style=\"margin: 0;font-size: 14px;color: #0073aa;font-weight: 600;text-transform: uppercase;letter-spacing: 1px;margin-bottom: 10px\">\ud83d\udccb En bref<\/p>\n<ul style=\"margin: 0;padding-left: 20px;list-style-type: none\">\n<li style=\"margin: 5px 0;color: #333;font-size: 15px;line-height: 1.5;position: relative;padding-left: 15px\"><span style=\"position: absolute;left: 0;color: #0073aa\">\u25b8<\/span> La photographie urbaine capture l&#039;\u00e2me des villes en int\u00e9grant architecture et sc\u00e8nes de rue.<\/li>\n<li style=\"margin: 5px 0;color: #333;font-size: 15px;line-height: 1.5;position: relative;padding-left: 15px\"><span style=\"position: absolute;left: 0;color: #0073aa\">\u25b8<\/span> Les \u00e9quipements l\u00e9gers et polyvalents, comme le Sony A7C, sont recommand\u00e9s pour cette pratique.<\/li>\n<li style=\"margin: 5px 0;color: #333;font-size: 15px;line-height: 1.5;position: relative;padding-left: 15px\"><span style=\"position: absolute;left: 0;color: #0073aa\">\u25b8<\/span> Les objectifs adapt\u00e9s, tels que le grand-angle et le 50 mm, permettent de varier les styles et les compositions.<\/li>\n<\/ul>\n<\/div>\n<h1>La Photo Urbaine : Capturer l&rsquo;Essence de la Ville \u00e0 Travers l&rsquo;Objectif<\/h1>\n<h2>Qu&rsquo;est-ce que la Photo Urbaine ?<\/h2>\n<p>La <strong>photographie urbaine<\/strong> capture l&rsquo;\u00e2me des m\u00e9tropoles, englobant <u>l&rsquo;architecture imposante, les sc\u00e8nes de rue anim\u00e9es, les portraits spontan\u00e9s et les d\u00e9tails graphiques<\/u> qui d\u00e9finissent l&rsquo;environnement b\u00e2ti. Contrairement \u00e0 la <strong>street photography<\/strong> pure, focalis\u00e9e sur les interactions humaines comme chez <strong>Vivian Maier<\/strong>, nounou am\u00e9ricaine active dans les ann\u00e9es <strong>1950-1960<\/strong> \u00e0 <strong>Chicago<\/strong> et <strong>New York<\/strong>, elle int\u00e8gre souvent les structures urbaines pour souligner les dynamiques architecturales et sociales. Nous appr\u00e9cions particuli\u00e8rement comment ce genre fusionne documentaire et esth\u00e9tique, transformant une simple avenue en narration visuelle.<\/p>\n<p>Les \u00e9l\u00e9ments cl\u00e9s \u00e0 traquer dans la ville incluent les lignes de fuite des boulevards comme ceux des <strong>Champs-\u00c9lys\u00e9es<\/strong> \u00e0 <strong>Paris<\/strong>, les reflets sur les tours du <strong>World Trade Center<\/strong> \u00e0 <strong>Manille<\/strong>, ou les textures \u00e9rod\u00e9es des murs \u00e0 <strong>Lisbonne<\/strong>. Ces motifs, combin\u00e9s \u00e0 des contrastes entre <strong>art d\u00e9co<\/strong> et verre contemporain, \u00e9l\u00e8vent une vue banale en composition magistrale. Voici les piliers observ\u00e9s par les experts :<\/p>\n<ul>\n<li><strong>Lumi\u00e8re rasante<\/strong> au lever du soleil sur la <strong>Tour Eiffel<\/strong>, cr\u00e9ant des ombres allong\u00e9es de <u>plus de 100 m\u00e8tres<\/u>.<\/li>\n<li><strong>Perspectives<\/strong> depuis les ponts comme le <strong>Golden Gate<\/strong> \u00e0 <strong>San Francisco<\/strong>, guidant l&rsquo;\u0153il vers l&rsquo;horizon.<\/li>\n<li><strong>Volumes architecturaux<\/strong> des <strong>Burj Khalifa<\/strong> \u00e0 <strong>Duba\u00ef<\/strong>, culminant \u00e0 <u>828 m\u00e8tres<\/u> depuis <strong>2010<\/strong>.<\/li>\n<li><strong>Couleurs vives<\/strong> des graffitis dans le quartier de <strong>Shoreditch<\/strong> \u00e0 <strong>Londres<\/strong>, avec une densit\u00e9 de <u>plus de 500 \u0153uvres street art recens\u00e9es en 2023<\/u>.<\/li>\n<\/ul>\n<p>Pour nous, la diff\u00e9rence r\u00e9side dans l&rsquo;approche : la <strong>photo d&rsquo;architecture<\/strong> isole le b\u00e2ti, comme les travaux de <strong>Andreas Gursky<\/strong> sur la <strong>Rhine II<\/strong> en <strong>1999<\/strong>, tandis que la photo urbaine int\u00e8gre le vivant, et la <strong>street photography<\/strong> priorise l&rsquo;humain fugace.<\/p>\n<h2>\u00c9quipement Essentiel pour la Photographie Urbaine<\/h2>\n<p>Pour arpenter les rues sans alourdir votre sac, optez pour des bo\u00eetiers l\u00e9gers et polyvalents comme le <strong>Sony A7C<\/strong> de <strong>Sony Corporation<\/strong>, g\u00e9ant japonais de l&rsquo;\u00e9lectronique, pesant seulement <u>509 grammes<\/u> avec son capteur <strong>full-frame 24 Mpx<\/strong>, ou le <strong>Fujifilm X100VI<\/strong>, compact expert sorti en <strong>f\u00e9vrier 2024<\/strong> \u00e0 <strong>Paris Photo<\/strong>. Ces hybrides permettent des prises en <strong>RAW<\/strong>, essentiels pour r\u00e9cup\u00e9rer les hautes lumi\u00e8res des n\u00e9ons urbains. Nous privil\u00e9gions ces mod\u00e8les discrets, id\u00e9aux pour se fondre dans la foule de la <strong>Times Square<\/strong>.<\/p>\n<p>Les <strong>objectifs<\/strong> dictent votre style : un <strong>grand-angle 16-35 mm f\/2.8<\/strong> comme le <strong>Canon RF 15-35mm<\/strong> de <strong>Canon Inc.<\/strong> capture les fa\u00e7ades \u00e9lanc\u00e9es du <strong>One World Trade Center<\/strong>, tandis que le <strong>35 mm f\/1.4<\/strong> Sigma Art imite l&rsquo;\u0153il humain pour les sc\u00e8nes de la <strong>Rue Montmartre<\/strong>. Le <strong>50 mm f\/1.8<\/strong> excelle en portraits de rue, et un zoom <strong>24-105 mm<\/strong> convient aux voyages l\u00e9gers. Pensez aux <strong>filtres ND<\/strong> comme le <strong>Lee Filters Big Stopper 10 stops<\/strong>, qui fluidifie la circulation sur l&rsquo;<strong>Avenue des Champs-\u00c9lys\u00e9es<\/strong> en pleine journ\u00e9e.<\/p>\n<ul>\n<li><strong>Tr\u00e9pied l\u00e9ger<\/strong> : <strong>Manfrotto Befree GT XPRO<\/strong>, 1,76 kg, pour poses longues sur le <strong>Pont des Arts<\/strong>.<\/li>\n<li><strong>Sac discret<\/strong> : <strong>Peak Design Everyday Sling 6L<\/strong>, capacit\u00e9 <u>8 litres<\/u>, test\u00e9 en conditions pluvieuses \u00e0 <strong>Seattle<\/strong> en <strong>2023<\/strong>.<\/li>\n<li><strong>Batteries suppl\u00e9mentaires<\/strong> : 3 unit\u00e9s pour le <strong>Nikon Z fc<\/strong>, couvrant <u>420 clich\u00e9s par charge<\/u> en ville.<\/li>\n<li><strong>Niveau \u00e0 bulle<\/strong> int\u00e9gr\u00e9 pour sym\u00e9triser les lignes du <strong>Mus\u00e9e Guggenheim<\/strong> \u00e0 <strong>Bilbao<\/strong>.<\/li>\n<\/ul>\n<h2>Techniques de Prise de Vue en Milieu Urbain<\/h2>\n<p>Ma\u00eetrisez la <strong>lumi\u00e8re naturelle<\/strong> urbaine, impitoyable avec ses contrastes : \u00e0 <strong>Barcelone<\/strong>, exploitez les ombres des <strong>Gaudi<\/strong> sur la <strong>Sagrada Fam\u00edlia<\/strong> au lever du soleil en <strong>juin 2024<\/strong>, ou les reflets des vitrines de la <strong>5e Avenue<\/strong>. Ouvrez \u00e0 <strong>f\/8<\/strong> pour une profondeur de champ g\u00e9n\u00e9reuse, et montez l&rsquo;<strong>ISO<\/strong> \u00e0 800 pour les ruelles sombres. Nous voyons l\u00e0 une opportunit\u00e9 de graphisme pur, o\u00f9 un rayon perce une impasse pour sculpter la sc\u00e8ne.<\/p>\n<p>En basse lumi\u00e8re, comme sous les n\u00e9ons de <strong>Shinjuku<\/strong> \u00e0 <strong>Tokyo<\/strong>, passez en mode manuel : <strong>1\/30s<\/strong>, <strong>f\/4<\/strong>, <strong>ISO 3200<\/strong> sur un <strong>Leica Q3<\/strong>, avec tr\u00e9pied pour tra\u00een\u00e9es de phares sur 15 secondes. Le <u>panning \u00e0 1\/60s<\/u> fige un cycliste flou sur fond net \u00e0 <strong>Amsterdam<\/strong>. Anticipez : rep\u00e9rez depuis un caf\u00e9, tirez en rafale \u00e0 20 i\/s pour le <strong>moment d\u00e9cisif<\/strong>.<\/p>\n<ul>\n<li><strong>Figer le mouvement<\/strong> : <strong>1\/1000s<\/strong> pour un enfant courant sur la <strong>Piazza Navona<\/strong> \u00e0 <strong>Rome<\/strong>.<\/li>\n<li><strong>Flou de foule<\/strong> : <strong>1\/4s<\/strong> pour estomper les passants sur le <strong>March\u00e9 de Camden<\/strong> \u00e0 <strong>Londres<\/strong>.<\/li>\n<li><strong>Time-lapse<\/strong> : intervalles de 2s sur 300 vues pour l&rsquo;animation du <strong>quai de la <strong>Gare du Nord<\/strong><\/strong>.<\/li>\n<\/ul>\n<h2>Composition et Esth\u00e9tique en Photographie Urbaine<\/h2>\n<p>Appliquez la <strong>r\u00e8gle des tiers<\/strong> pour placer la Tour <strong>CN Tower<\/strong> de <strong>Toronto<\/strong> \u00e0 l&rsquo;intersection, ou suivez les lignes de fuite des rails du <strong>M\u00e9tro de Berlin<\/strong>. La sym\u00e9trie brille sur la place <strong>Place Vend\u00f4me<\/strong>, cadres naturels comme les arches du <strong>Pont Neuf<\/strong>. Nous estimons que ces outils transforment le chaos urbain en harmonie visuelle.<\/p>\n<p>Exploitez les reflets dans les flaques du <strong>Marais<\/strong> \u00e0 <strong>Paris<\/strong> apr\u00e8s averse, ou les ombres comme sujet sur les murs de <strong>Valpara\u00edso<\/strong> au <strong>Chili<\/strong>. Cadrez avec fen\u00eatres du <strong>Louvre Abu Dhabi<\/strong>, ouvert en <strong>2017<\/strong>, pour profondeur. Analysez ainsi : dans un clich\u00e9 de <strong>Fan Ho<\/strong> \u00e0 <strong>Hong Kong 1960<\/strong>, le rythme des parapluies \u00e9quilibre vides et pleins, personnages guid\u00e9s par lignes vers le focus central.<\/p>\n<ul>\n<li><strong>Cadres dans cadres<\/strong> : arcade du <strong>March\u00e9 d&rsquo;Aligre<\/strong>, focalisant un vendeur.<\/li>\n<li><strong>Couleurs structurantes<\/strong> : rouge des bus \u00e0 <u><strong>Londres, couvrant 8 000 km\/jour en 2023<\/strong><\/u>.<\/li>\n<\/ul>\n<h2>Inspirations et Styles de Photographie Urbaine<\/h2>\n<p>Du documentaire comme chez <strong>Alex Webb<\/strong>, Magnum, sur <strong>Havana<\/strong> en <strong>1993<\/strong>, au minimalisme de <strong>Michael Kenna<\/strong> en <strong>noir et blanc<\/strong> de <strong>Rio<\/strong>, chaque style dicte focales : <strong>grand-angle 14mm<\/strong> pour architectures, <strong>85mm<\/strong> pour portraits. La <strong>street photography<\/strong> humaine privil\u00e9gie <strong>35mm<\/strong>, transmettant \u00e9nergie sociale.<\/p>\n<p>Contemporains : <strong>Najat Kazimov<\/strong>, azerba\u00efdjanais, excelle en abstractions de <strong>Baku<\/strong> avec ombres; <strong>Daido Moriyama<\/strong>, japonais, en noir contrast\u00e9 granuleux de <strong>Tokyo<\/strong> depuis <strong>1965<\/strong>. Projets : chronique du <strong>M\u00e9tro parisien ligne 13<\/strong> sur 6 mois, ou portraits quotidiens \u00e0 <strong>15h<\/strong> sur <strong>Oxford Street<\/strong>.<\/p>\n<ul>\n<li><strong>Humour visuel<\/strong> : <strong>Thierry Bollier<\/strong> sur panneaux absurdes \u00e0 <strong>Gen\u00e8ve<\/strong>.<\/li>\n<li><strong>Abstractions<\/strong> : reflets de <strong>Saeed Sarmadi<\/strong> sur <strong>Duba\u00ef Marina<\/strong>.<\/li>\n<\/ul>\n<h2>Les D\u00e9fis de la Photographie Urbaine<\/h2>\n<p>Les foules de <strong>Times Square<\/strong>, <u>450 000 pi\u00e9tons\/jour<\/u>, ou la circulation de <strong>P\u00e9kin<\/strong> exigent horaires calmes comme <strong>5h<\/strong> pour la <strong>Seine<\/strong>. Tournez obstacles en atouts : un \u00e9chafaudage cadre un march\u00e9. Nous conseillons l\u00e9g\u00e8ret\u00e9 pour mobilit\u00e9 \u00e0 <strong>Venise<\/strong>.<\/p>\n<p>\u00c9thique : en <strong>France<\/strong>, droit \u00e0 l&rsquo;image permet publication sans consentement si non nominatif, mais demandez pour gros plans. S\u00e9curit\u00e9 : sac ventral sur <strong>1,2 million de vols annuels \u00e0 <strong>Rome<\/strong><\/u>. Exercices : une focale \u00e0 <strong>50mm<\/strong> sur <strong>3h<\/strong>, th\u00e8me <strong>jaune<\/strong> quotidien.<\/p>\n<ul>\n<li><strong>Renouvellement<\/strong> : quartiers ouvriers de <strong>Manchester<\/strong> vs. touristiques.<\/li>\n<li><strong>Noir et blanc forc\u00e9<\/strong> : 50 photos \u00e0 <strong>Lyon<\/strong> en une semaine.<\/li>\n<\/ul>\n<h2>\u00c9dition et Post-traitement des Photos Urbaines<\/h2>\n<p>Utilisez <strong>Adobe Lightroom Classic<\/strong> de <strong>Adobe Inc.<\/strong>, leader avec <u>90% de parts march\u00e9 en 2024<\/u>, pour corriger optiques sur <strong>RAW<\/strong> de <strong>DxO PhotoLab 9<\/strong>. Flux : import s\u00e9lectif, culling, \u00e9dition batch pour s\u00e9ries de <strong>500 vues<\/strong> d&rsquo;une balade \u00e0 <strong>Berlin<\/strong>.<\/p>\n<p>Ajustez balance des blancs sous n\u00e9ons mixtes de <strong>Las Vegas<\/strong>, r\u00e9cup\u00e9rez ombres \u00e0 +50, contrastes +20 pour textures du <strong>Bauhaus<\/strong>. Vignette subtile guide l&rsquo;\u0153il, <strong>noir et blanc<\/strong> via courbes pour drame comme chez <strong>Fan Ho<\/strong>. D\u00e9butants, visez naturel : nettet\u00e9 +15, export <strong>sRGB<\/strong> \u00e0 2048px pour web.<\/p>\n<ul>\n<li><strong>R\u00e9duction bruit<\/strong> : Topaz DeNoise AI sur ISO 6400 nocturne.<\/li>\n<li><strong>HDR fusion<\/strong> : 5 exposures pour ciels br\u00fbl\u00e9s sur <strong>Sydney Opera<\/strong>.<\/li>\n<\/ul>\n<h2>Conclusion : L&rsquo;Art de Capturer la Vie Urbaine<\/h2>\n<p>La <strong>photographie urbaine<\/strong> offre une infinit\u00e9 de sujets, de lumi\u00e8res et d&rsquo;ambiances pour raconter l&rsquo;histoire de la ville et de ses habitants. Que vous soyez novice ou d\u00e9j\u00e0 exp\u00e9riment\u00e9, l&rsquo;enjeu est d&rsquo;observer avec attention, d&rsquo;exp\u00e9rimenter et de d\u00e9velopper un style personnel qui refl\u00e8te votre regard sur la ville. En appliquant les conseils d&rsquo;\u00e9quipement, de prise de vue, de composition, d&rsquo;inspiration, de gestion des d\u00e9fis et de post-traitement pr\u00e9sent\u00e9s dans cet article, vous disposerez d&rsquo;une m\u00e9thode claire pour progresser et cr\u00e9er des images urbaines plus fortes. Il ne reste plus qu&rsquo;\u00e0 sortir, marcher, et laisser votre objectif capturer l&rsquo;essence de la ville.<\/p>\n<div style=\"background: #e8f4f8;border: 3px solid #0073aa;padding: 20px;margin: 20px 0;border-radius: 8px\">\n<h2 style=\"color: #0073aa;text-align: center;margin-bottom: 15px\">\ud83d\udd27 Ressources Pratiques et Outils<\/h2>\n<div style=\"background: white;padding: 15px;margin: 10px 0;border-left: 4px solid #007bff\">\n<h3 style=\"color: #007bff;margin-bottom: 10px\">\ud83d\udee0\ufe0f Outils et Calculateurs<\/h3>\n<p>Pour le d\u00e9veloppement de vos comp\u00e9tences en photographie urbaine, visitez le <strong>Salon de la Photo<\/strong> \u00e0 la <strong>Grande Halle de la Villette, Paris<\/strong>. Cet \u00e9v\u00e9nement inclut des ateliers sur la <strong>street photography<\/strong> et d&rsquo;autres techniques. Plus d&rsquo;infos sur <a href=\"http:\/\/lesalondelaphoto.com\" rel=\"nofollow\">lesalondelaphoto.com<\/a>.<\/p>\n<\/div>\n<div style=\"background: white;padding: 15px;margin: 10px 0;border-left: 4px solid #6f42c1\">\n<h3 style=\"color: #6f42c1;margin-bottom: 10px\">\ud83d\udc65 Communaut\u00e9 et Experts<\/h3>\n<p>Rejoignez la communaut\u00e9 de photographes au <strong>Quai de la Photo<\/strong>, situ\u00e9 au <strong>9, port de la Gare, Paris, France<\/strong>. Ne manquez pas l&rsquo;exposition gratuite \u201cUrban Photo \u2013 50 ans d\u2019esth\u00e9tiques urbaines\u201d du <strong>2 octobre au 18 d\u00e9cembre 2025<\/strong>. Plus d&rsquo;infos sur <a href=\"http:\/\/quaidelaphoto.fr\" rel=\"nofollow\">quaidelaphoto.fr<\/a>.<\/p>\n<\/div>\n<div style=\"background: #fff3cd;padding: 15px;margin: 15px 0;border: 2px solid #ffc107;border-radius: 5px\">\n<strong style=\"color: #856404\">\ud83d\udca1 R\u00e9sum\u00e9 en 2 lignes :<\/strong><br \/>\n<span>Explorez la photographie urbaine \u00e0 Paris avec des \u00e9v\u00e9nements comme l&rsquo;Urban Photo Race et le Salon de la Photo, tout en d\u00e9couvrant des expositions gratuites au Quai de la Photo.<\/span>\n<\/div>\n<\/div>\n","protected":false},"excerpt":{"rendered":"","protected":false},"author":34,"featured_media":7736,"comment_status":"open","ping_status":"open","sticky":false,"template":"","format":"standard","meta":{"_acf_changed":false,"manual_indexmenow":false,"indexmenow_id_project":0,"footnotes":""},"categories":[4524],"tags":[4789,4791,4790],"class_list":["post-7734","post","type-post","status-publish","format-standard","has-post-thumbnail","hentry","category-photographie-et-visuels","tag-photo-urbaine","tag-photographie-ville","tag-street-photography","generate-columns","tablet-grid-50","mobile-grid-100","grid-parent","grid-25"],"acf":[],"yoast_head":"<!-- This site is optimized with the Yoast SEO Premium plugin v21.3 (Yoast SEO v25.6) - https:\/\/yoast.com\/wordpress\/plugins\/seo\/ -->\n<title>Photo urbaine : capturer l&#039;\u00e2me des villes en images<\/title>\n<meta name=\"description\" content=\"La photographie urbaine capture l&#039;\u00e2me des m\u00e9tropoles, englobant l&#039;architecture imposante, les sc\u00e8nes de rue anim\u00e9es, les portraits spontan\u00e9s et les\" \/>\n<meta name=\"robots\" content=\"index, follow, max-snippet:-1, max-image-preview:large, max-video-preview:-1\" \/>\n<link rel=\"canonical\" href=\"https:\/\/greenwichmeridien.fr\/blog\/photographie-et-visuels\/photo-urbaine-comment-capturer-lame-des-villes-avec-votre-objectif\/\" \/>\n<meta property=\"og:locale\" content=\"fr_FR\" \/>\n<meta property=\"og:type\" content=\"article\" \/>\n<meta property=\"og:title\" content=\"Photo urbaine : capturer l&#039;\u00e2me des villes en images\" \/>\n<meta property=\"og:description\" content=\"La photographie urbaine capture l&#039;\u00e2me des m\u00e9tropoles, englobant l&#039;architecture imposante, les sc\u00e8nes de rue anim\u00e9es, les portraits spontan\u00e9s et les\" \/>\n<meta property=\"og:url\" content=\"https:\/\/greenwichmeridien.fr\/blog\/photographie-et-visuels\/photo-urbaine-comment-capturer-lame-des-villes-avec-votre-objectif\/\" \/>\n<meta property=\"og:site_name\" content=\"greenwichmeridien\" \/>\n<meta property=\"og:image\" content=\"https:\/\/greenwichmeridien.fr\/blog\/wp-content\/uploads\/2025\/12\/pag-image-69402f7cd3cf1-scaled.png\" \/>\n\t<meta property=\"og:image:width\" content=\"1200\" \/>\n\t<meta property=\"og:image:height\" content=\"686\" \/>\n\t<meta property=\"og:image:type\" content=\"image\/png\" \/>\n<meta name=\"author\" content=\"Samuel Chalmin\" \/>\n<meta name=\"twitter:card\" content=\"summary_large_image\" \/>\n<script type=\"application\/ld+json\" class=\"yoast-schema-graph\">{\"@context\":\"https:\/\/schema.org\",\"@graph\":[{\"@type\":\"NewsArticle\",\"@id\":\"https:\/\/greenwichmeridien.fr\/blog\/photographie-et-visuels\/photo-urbaine-comment-capturer-lame-des-villes-avec-votre-objectif\/#article\",\"isPartOf\":{\"@id\":\"https:\/\/greenwichmeridien.fr\/blog\/photographie-et-visuels\/photo-urbaine-comment-capturer-lame-des-villes-avec-votre-objectif\/\"},\"author\":{\"name\":\"Samuel Chalmin\",\"@id\":\"https:\/\/greenwichmeridien.fr\/blog\/#\/schema\/person\/3c864cdc320801e3db34b663e7e3f816\"},\"headline\":\"Photo urbaine : comment capturer l&rsquo;\u00e2me des villes avec votre objectif\",\"datePublished\":\"2026-02-09T08:14:00+00:00\",\"dateModified\":\"2026-08-24T23:47:37+00:00\",\"mainEntityOfPage\":{\"@id\":\"https:\/\/greenwichmeridien.fr\/blog\/photographie-et-visuels\/photo-urbaine-comment-capturer-lame-des-villes-avec-votre-objectif\/\"},\"wordCount\":1531,\"commentCount\":0,\"publisher\":{\"@id\":\"https:\/\/greenwichmeridien.fr\/blog\/#organization\"},\"image\":{\"@id\":\"https:\/\/greenwichmeridien.fr\/blog\/photographie-et-visuels\/photo-urbaine-comment-capturer-lame-des-villes-avec-votre-objectif\/#primaryimage\"},\"thumbnailUrl\":\"https:\/\/greenwichmeridien.fr\/blog\/wp-content\/uploads\/2025\/12\/pag-image-69402f7cd3cf1-scaled.png\",\"keywords\":[\"photo urbaine\",\"photographie ville\",\"street photography\"],\"articleSection\":[\"Photographie et Visuels\"],\"inLanguage\":\"fr-FR\",\"potentialAction\":[{\"@type\":\"CommentAction\",\"name\":\"Comment\",\"target\":[\"https:\/\/greenwichmeridien.fr\/blog\/photographie-et-visuels\/photo-urbaine-comment-capturer-lame-des-villes-avec-votre-objectif\/#respond\"]}]},{\"@type\":\"WebPage\",\"@id\":\"https:\/\/greenwichmeridien.fr\/blog\/photographie-et-visuels\/photo-urbaine-comment-capturer-lame-des-villes-avec-votre-objectif\/\",\"url\":\"https:\/\/greenwichmeridien.fr\/blog\/photographie-et-visuels\/photo-urbaine-comment-capturer-lame-des-villes-avec-votre-objectif\/\",\"name\":\"Photo urbaine : capturer l'\u00e2me des villes en images\",\"isPartOf\":{\"@id\":\"https:\/\/greenwichmeridien.fr\/blog\/#website\"},\"primaryImageOfPage\":{\"@id\":\"https:\/\/greenwichmeridien.fr\/blog\/photographie-et-visuels\/photo-urbaine-comment-capturer-lame-des-villes-avec-votre-objectif\/#primaryimage\"},\"image\":{\"@id\":\"https:\/\/greenwichmeridien.fr\/blog\/photographie-et-visuels\/photo-urbaine-comment-capturer-lame-des-villes-avec-votre-objectif\/#primaryimage\"},\"thumbnailUrl\":\"https:\/\/greenwichmeridien.fr\/blog\/wp-content\/uploads\/2025\/12\/pag-image-69402f7cd3cf1-scaled.png\",\"datePublished\":\"2026-02-09T08:14:00+00:00\",\"dateModified\":\"2026-08-24T23:47:37+00:00\",\"description\":\"La photographie urbaine capture l'\u00e2me des m\u00e9tropoles, englobant l'architecture imposante, les sc\u00e8nes de rue anim\u00e9es, les portraits spontan\u00e9s et les\",\"inLanguage\":\"fr-FR\",\"potentialAction\":[{\"@type\":\"ReadAction\",\"target\":[\"https:\/\/greenwichmeridien.fr\/blog\/photographie-et-visuels\/photo-urbaine-comment-capturer-lame-des-villes-avec-votre-objectif\/\"]}]},{\"@type\":\"ImageObject\",\"inLanguage\":\"fr-FR\",\"@id\":\"https:\/\/greenwichmeridien.fr\/blog\/photographie-et-visuels\/photo-urbaine-comment-capturer-lame-des-villes-avec-votre-objectif\/#primaryimage\",\"url\":\"https:\/\/greenwichmeridien.fr\/blog\/wp-content\/uploads\/2025\/12\/pag-image-69402f7cd3cf1-scaled.png\",\"contentUrl\":\"https:\/\/greenwichmeridien.fr\/blog\/wp-content\/uploads\/2025\/12\/pag-image-69402f7cd3cf1-scaled.png\",\"width\":1200,\"height\":686,\"caption\":\"Image g\u00e9n\u00e9r\u00e9e par IA optimis\u00e9e pour Google Discover\"},{\"@type\":\"WebSite\",\"@id\":\"https:\/\/greenwichmeridien.fr\/blog\/#website\",\"url\":\"https:\/\/greenwichmeridien.fr\/blog\/\",\"name\":\"Greenwich M\u00e9ridien\",\"description\":\"Greenwich M\u00e9ridien, le rep\u00e8re du temps et du voyage\",\"publisher\":{\"@id\":\"https:\/\/greenwichmeridien.fr\/blog\/#organization\"},\"alternateName\":\"Greenwich M\u00e9ridien, le rep\u00e8re du temps et du voyage\",\"potentialAction\":[{\"@type\":\"SearchAction\",\"target\":{\"@type\":\"EntryPoint\",\"urlTemplate\":\"https:\/\/greenwichmeridien.fr\/blog\/?s={search_term_string}\"},\"query-input\":{\"@type\":\"PropertyValueSpecification\",\"valueRequired\":true,\"valueName\":\"search_term_string\"}}],\"inLanguage\":\"fr-FR\"},{\"@type\":\"Organization\",\"@id\":\"https:\/\/greenwichmeridien.fr\/blog\/#organization\",\"name\":\"Greenwich M\u00e9ridien\",\"alternateName\":\"Greenwich M\u00e9ridien\",\"url\":\"https:\/\/greenwichmeridien.fr\/blog\/\",\"logo\":{\"@type\":\"ImageObject\",\"inLanguage\":\"fr-FR\",\"@id\":\"https:\/\/greenwichmeridien.fr\/blog\/#\/schema\/logo\/image\/\",\"url\":\"https:\/\/greenwichmeridien.fr\/blog\/wp-content\/uploads\/2024\/12\/greenwichmeridien.png\",\"contentUrl\":\"https:\/\/greenwichmeridien.fr\/blog\/wp-content\/uploads\/2024\/12\/greenwichmeridien.png\",\"width\":500,\"height\":500,\"caption\":\"Greenwich M\u00e9ridien\"},\"image\":{\"@id\":\"https:\/\/greenwichmeridien.fr\/blog\/#\/schema\/logo\/image\/\"}},{\"@type\":\"Person\",\"@id\":\"https:\/\/greenwichmeridien.fr\/blog\/#\/schema\/person\/3c864cdc320801e3db34b663e7e3f816\",\"name\":\"Samuel Chalmin\",\"image\":{\"@type\":\"ImageObject\",\"inLanguage\":\"fr-FR\",\"@id\":\"https:\/\/greenwichmeridien.fr\/blog\/#\/schema\/person\/image\/\",\"url\":\"https:\/\/secure.gravatar.com\/avatar\/cef3677de7d237273d13053728f9470818581a8a27d9bf6f5039fd18508a905f?s=96&d=mm&r=g\",\"contentUrl\":\"https:\/\/secure.gravatar.com\/avatar\/cef3677de7d237273d13053728f9470818581a8a27d9bf6f5039fd18508a905f?s=96&d=mm&r=g\",\"caption\":\"Samuel Chalmin\"},\"description\":\"R\u00e9dacteur du site, il suit les questions de temps et de calendrier : m\u00e9ridien de Greenwich, heure GMT et UTC, fuseaux horaires, changement d'heure, ann\u00e9es bissextiles et jours f\u00e9ri\u00e9s.\",\"sameAs\":[\"https:\/\/samuelchalmin.fr\/\"],\"url\":\"https:\/\/greenwichmeridien.fr\/blog\/auteur\/noname\/\"}]}<\/script>\n<!-- \/ Yoast SEO Premium plugin. -->","yoast_head_json":{"title":"Photo urbaine : capturer l'\u00e2me des villes en images","description":"La photographie urbaine capture l'\u00e2me des m\u00e9tropoles, englobant l'architecture imposante, les sc\u00e8nes de rue anim\u00e9es, les portraits spontan\u00e9s et les","robots":{"index":"index","follow":"follow","max-snippet":"max-snippet:-1","max-image-preview":"max-image-preview:large","max-video-preview":"max-video-preview:-1"},"canonical":"https:\/\/greenwichmeridien.fr\/blog\/photographie-et-visuels\/photo-urbaine-comment-capturer-lame-des-villes-avec-votre-objectif\/","og_locale":"fr_FR","og_type":"article","og_title":"Photo urbaine : capturer l'\u00e2me des villes en images","og_description":"La photographie urbaine capture l'\u00e2me des m\u00e9tropoles, englobant l'architecture imposante, les sc\u00e8nes de rue anim\u00e9es, les portraits spontan\u00e9s et les","og_url":"https:\/\/greenwichmeridien.fr\/blog\/photographie-et-visuels\/photo-urbaine-comment-capturer-lame-des-villes-avec-votre-objectif\/","og_site_name":"greenwichmeridien","og_image":[{"width":1200,"height":686,"url":"https:\/\/greenwichmeridien.fr\/blog\/wp-content\/uploads\/2025\/12\/pag-image-69402f7cd3cf1-scaled.png","type":"image\/png"}],"author":"Samuel Chalmin","twitter_card":"summary_large_image","schema":{"@context":"https:\/\/schema.org","@graph":[{"@type":"NewsArticle","@id":"https:\/\/greenwichmeridien.fr\/blog\/photographie-et-visuels\/photo-urbaine-comment-capturer-lame-des-villes-avec-votre-objectif\/#article","isPartOf":{"@id":"https:\/\/greenwichmeridien.fr\/blog\/photographie-et-visuels\/photo-urbaine-comment-capturer-lame-des-villes-avec-votre-objectif\/"},"author":{"name":"Samuel Chalmin","@id":"https:\/\/greenwichmeridien.fr\/blog\/#\/schema\/person\/3c864cdc320801e3db34b663e7e3f816"},"headline":"Photo urbaine : comment capturer l&rsquo;\u00e2me des villes avec votre objectif","datePublished":"2026-02-09T08:14:00+00:00","dateModified":"2026-08-24T23:47:37+00:00","mainEntityOfPage":{"@id":"https:\/\/greenwichmeridien.fr\/blog\/photographie-et-visuels\/photo-urbaine-comment-capturer-lame-des-villes-avec-votre-objectif\/"},"wordCount":1531,"commentCount":0,"publisher":{"@id":"https:\/\/greenwichmeridien.fr\/blog\/#organization"},"image":{"@id":"https:\/\/greenwichmeridien.fr\/blog\/photographie-et-visuels\/photo-urbaine-comment-capturer-lame-des-villes-avec-votre-objectif\/#primaryimage"},"thumbnailUrl":"https:\/\/greenwichmeridien.fr\/blog\/wp-content\/uploads\/2025\/12\/pag-image-69402f7cd3cf1-scaled.png","keywords":["photo urbaine","photographie ville","street photography"],"articleSection":["Photographie et Visuels"],"inLanguage":"fr-FR","potentialAction":[{"@type":"CommentAction","name":"Comment","target":["https:\/\/greenwichmeridien.fr\/blog\/photographie-et-visuels\/photo-urbaine-comment-capturer-lame-des-villes-avec-votre-objectif\/#respond"]}]},{"@type":"WebPage","@id":"https:\/\/greenwichmeridien.fr\/blog\/photographie-et-visuels\/photo-urbaine-comment-capturer-lame-des-villes-avec-votre-objectif\/","url":"https:\/\/greenwichmeridien.fr\/blog\/photographie-et-visuels\/photo-urbaine-comment-capturer-lame-des-villes-avec-votre-objectif\/","name":"Photo urbaine : capturer l'\u00e2me des villes en images","isPartOf":{"@id":"https:\/\/greenwichmeridien.fr\/blog\/#website"},"primaryImageOfPage":{"@id":"https:\/\/greenwichmeridien.fr\/blog\/photographie-et-visuels\/photo-urbaine-comment-capturer-lame-des-villes-avec-votre-objectif\/#primaryimage"},"image":{"@id":"https:\/\/greenwichmeridien.fr\/blog\/photographie-et-visuels\/photo-urbaine-comment-capturer-lame-des-villes-avec-votre-objectif\/#primaryimage"},"thumbnailUrl":"https:\/\/greenwichmeridien.fr\/blog\/wp-content\/uploads\/2025\/12\/pag-image-69402f7cd3cf1-scaled.png","datePublished":"2026-02-09T08:14:00+00:00","dateModified":"2026-08-24T23:47:37+00:00","description":"La photographie urbaine capture l'\u00e2me des m\u00e9tropoles, englobant l'architecture imposante, les sc\u00e8nes de rue anim\u00e9es, les portraits spontan\u00e9s et les","inLanguage":"fr-FR","potentialAction":[{"@type":"ReadAction","target":["https:\/\/greenwichmeridien.fr\/blog\/photographie-et-visuels\/photo-urbaine-comment-capturer-lame-des-villes-avec-votre-objectif\/"]}]},{"@type":"ImageObject","inLanguage":"fr-FR","@id":"https:\/\/greenwichmeridien.fr\/blog\/photographie-et-visuels\/photo-urbaine-comment-capturer-lame-des-villes-avec-votre-objectif\/#primaryimage","url":"https:\/\/greenwichmeridien.fr\/blog\/wp-content\/uploads\/2025\/12\/pag-image-69402f7cd3cf1-scaled.png","contentUrl":"https:\/\/greenwichmeridien.fr\/blog\/wp-content\/uploads\/2025\/12\/pag-image-69402f7cd3cf1-scaled.png","width":1200,"height":686,"caption":"Image g\u00e9n\u00e9r\u00e9e par IA optimis\u00e9e pour Google Discover"},{"@type":"WebSite","@id":"https:\/\/greenwichmeridien.fr\/blog\/#website","url":"https:\/\/greenwichmeridien.fr\/blog\/","name":"Greenwich M\u00e9ridien","description":"Greenwich M\u00e9ridien, le rep\u00e8re du temps et du voyage","publisher":{"@id":"https:\/\/greenwichmeridien.fr\/blog\/#organization"},"alternateName":"Greenwich M\u00e9ridien, le rep\u00e8re du temps et du voyage","potentialAction":[{"@type":"SearchAction","target":{"@type":"EntryPoint","urlTemplate":"https:\/\/greenwichmeridien.fr\/blog\/?s={search_term_string}"},"query-input":{"@type":"PropertyValueSpecification","valueRequired":true,"valueName":"search_term_string"}}],"inLanguage":"fr-FR"},{"@type":"Organization","@id":"https:\/\/greenwichmeridien.fr\/blog\/#organization","name":"Greenwich M\u00e9ridien","alternateName":"Greenwich M\u00e9ridien","url":"https:\/\/greenwichmeridien.fr\/blog\/","logo":{"@type":"ImageObject","inLanguage":"fr-FR","@id":"https:\/\/greenwichmeridien.fr\/blog\/#\/schema\/logo\/image\/","url":"https:\/\/greenwichmeridien.fr\/blog\/wp-content\/uploads\/2024\/12\/greenwichmeridien.png","contentUrl":"https:\/\/greenwichmeridien.fr\/blog\/wp-content\/uploads\/2024\/12\/greenwichmeridien.png","width":500,"height":500,"caption":"Greenwich M\u00e9ridien"},"image":{"@id":"https:\/\/greenwichmeridien.fr\/blog\/#\/schema\/logo\/image\/"}},{"@type":"Person","@id":"https:\/\/greenwichmeridien.fr\/blog\/#\/schema\/person\/3c864cdc320801e3db34b663e7e3f816","name":"Samuel Chalmin","image":{"@type":"ImageObject","inLanguage":"fr-FR","@id":"https:\/\/greenwichmeridien.fr\/blog\/#\/schema\/person\/image\/","url":"https:\/\/secure.gravatar.com\/avatar\/cef3677de7d237273d13053728f9470818581a8a27d9bf6f5039fd18508a905f?s=96&d=mm&r=g","contentUrl":"https:\/\/secure.gravatar.com\/avatar\/cef3677de7d237273d13053728f9470818581a8a27d9bf6f5039fd18508a905f?s=96&d=mm&r=g","caption":"Samuel Chalmin"},"description":"R\u00e9dacteur du site, il suit les questions de temps et de calendrier : m\u00e9ridien de Greenwich, heure GMT et UTC, fuseaux horaires, changement d'heure, ann\u00e9es bissextiles et jours f\u00e9ri\u00e9s.","sameAs":["https:\/\/samuelchalmin.fr\/"],"url":"https:\/\/greenwichmeridien.fr\/blog\/auteur\/noname\/"}]}},"_links":{"self":[{"href":"https:\/\/greenwichmeridien.fr\/blog\/wp-json\/wp\/v2\/posts\/7734","targetHints":{"allow":["GET"]}}],"collection":[{"href":"https:\/\/greenwichmeridien.fr\/blog\/wp-json\/wp\/v2\/posts"}],"about":[{"href":"https:\/\/greenwichmeridien.fr\/blog\/wp-json\/wp\/v2\/types\/post"}],"author":[{"embeddable":true,"href":"https:\/\/greenwichmeridien.fr\/blog\/wp-json\/wp\/v2\/users\/34"}],"replies":[{"embeddable":true,"href":"https:\/\/greenwichmeridien.fr\/blog\/wp-json\/wp\/v2\/comments?post=7734"}],"version-history":[{"count":1,"href":"https:\/\/greenwichmeridien.fr\/blog\/wp-json\/wp\/v2\/posts\/7734\/revisions"}],"predecessor-version":[{"id":7797,"href":"https:\/\/greenwichmeridien.fr\/blog\/wp-json\/wp\/v2\/posts\/7734\/revisions\/7797"}],"wp:featuredmedia":[{"embeddable":true,"href":"https:\/\/greenwichmeridien.fr\/blog\/wp-json\/wp\/v2\/media\/7736"}],"wp:attachment":[{"href":"https:\/\/greenwichmeridien.fr\/blog\/wp-json\/wp\/v2\/media?parent=7734"}],"wp:term":[{"taxonomy":"category","embeddable":true,"href":"https:\/\/greenwichmeridien.fr\/blog\/wp-json\/wp\/v2\/categories?post=7734"},{"taxonomy":"post_tag","embeddable":true,"href":"https:\/\/greenwichmeridien.fr\/blog\/wp-json\/wp\/v2\/tags?post=7734"}],"curies":[{"name":"wp","href":"https:\/\/api.w.org\/{rel}","templated":true}]}}