{"id":7746,"date":"2026-02-23T09:48:00","date_gmt":"2026-02-23T08:48:00","guid":{"rendered":"https:\/\/greenwichmeridien.fr\/blog\/?p=7746"},"modified":"2026-08-25T01:31:57","modified_gmt":"2026-08-24T23:31:57","slug":"comment-le-design-interieur-influence-votre-bien-etre-et-votre-productivite","status":"publish","type":"post","link":"https:\/\/greenwichmeridien.fr\/blog\/lifestyle-et-design\/comment-le-design-interieur-influence-votre-bien-etre-et-votre-productivite\/","title":{"rendered":"Comment le design int\u00e9rieur influence votre bien-\u00eatre et votre productivit\u00e9"},"content":{"rendered":"<div style=\"background: linear-gradient(135deg, #f5f7fa 0%, #e9ecef 100%);border-left: 4px solid #0073aa;padding: 15px 20px;margin: 0 0 25px 0;border-radius: 0 8px 8px 0\">\n<p style=\"margin: 0;font-size: 14px;color: #0073aa;font-weight: 600;text-transform: uppercase;letter-spacing: 1px;margin-bottom: 10px\">\ud83d\udccb En bref<\/p>\n<ul style=\"margin: 0;padding-left: 20px;list-style-type: none\">\n<li style=\"margin: 5px 0;color: #333;font-size: 15px;line-height: 1.5;position: relative;padding-left: 15px\"><span style=\"position: absolute;left: 0;color: #0073aa\">\u25b8<\/span> Le design int\u00e9rieur influence le bien-\u00eatre et la productivit\u00e9 en am\u00e9liorant l&#039;environnement de travail et de vie.<\/li>\n<li style=\"margin: 5px 0;color: #333;font-size: 15px;line-height: 1.5;position: relative;padding-left: 15px\"><span style=\"position: absolute;left: 0;color: #0073aa\">\u25b8<\/span> Des \u00e9l\u00e9ments comme la lumi\u00e8re naturelle, les couleurs apaisantes et l&#039;ergonomie sont cruciaux pour r\u00e9duire le stress et favoriser la concentration.<\/li>\n<li style=\"margin: 5px 0;color: #333;font-size: 15px;line-height: 1.5;position: relative;padding-left: 15px\"><span style=\"position: absolute;left: 0;color: #0073aa\">\u25b8<\/span> Les tendances actuelles allient minimalisme et maximalisme, tout en int\u00e9grant des mat\u00e9riaux naturels pour un confort optimal.<\/li>\n<\/ul>\n<\/div>\n<h1>Le Design Int\u00e9rieur : Transformez Votre Espace avec Style et Fonctionnalit\u00e9<\/h1>\n<h2>L&rsquo;Importance du Design Int\u00e9rieur dans Nos Vies Quotidiennes<\/h2>\n<p>Nous savons que le <strong>design int\u00e9rieur<\/strong> joue un r\u00f4le central dans votre bien-\u00eatre quotidien, en influen\u00e7ant directement votre sant\u00e9 mentale et votre productivit\u00e9. Imaginez votre bureau \u00e0 domicile \u00e0 <strong>Paris<\/strong>, o\u00f9 une lumi\u00e8re naturelle abondante et des couleurs apaisantes comme le bleu pastel r\u00e9duisent le stress de <u>27 % selon une \u00e9tude de l&rsquo;<strong>American Psychological Association<\/strong> en 2023<\/u>, favorisant une meilleure concentration lors de vos visioconf\u00e9rences.<\/p>\n<p>La diff\u00e9rence entre une simple <strong>d\u00e9coration<\/strong> et un v\u00e9ritable projet de <strong>design int\u00e9rieur<\/strong> r\u00e9side dans l&rsquo;int\u00e9gration de la circulation fluide, de l&rsquo;<strong>ergonomie<\/strong> et de la fonctionnalit\u00e9. Dans un salon familial \u00e0 <strong>Lyon<\/strong>, un agencement pens\u00e9 pour les enfants permet des interactions sociales harmonieuses, tandis qu&rsquo;une chambre d\u2019enfant avec des rangements int\u00e9gr\u00e9s am\u00e9liore la qualit\u00e9 du sommeil de <u>35 % d&rsquo;apr\u00e8s des recherches de l&rsquo;<strong>Institut National du Sommeil<\/strong> depuis 2022<\/u>.<\/p>\n<ul>\n<li><strong>Espace de travail \u00e0 domicile<\/strong> : Positionnez votre bureau pr\u00e8s d&rsquo;une fen\u00eatre pour capter la lumi\u00e8re naturelle, boostant votre humeur de <u>20 %<\/u>.<\/li>\n<li><strong>Salon familial<\/strong> : Optez pour des meubles modulables comme ceux de <strong>IKEA<\/strong>, g\u00e9ant su\u00e9dois du mobilier, pour fluidifier les mouvements.<\/li>\n<li><strong>Chambre d\u2019enfant<\/strong> : Utilisez des tons neutres pour r\u00e9duire l&rsquo;anxi\u00e9t\u00e9, comme observ\u00e9 dans des int\u00e9rieurs r\u00e9nov\u00e9s en <strong>2024<\/strong>.<\/li>\n<\/ul>\n<h2>Les \u00c9l\u00e9ments Essentiels d&rsquo;un Projet de Design Int\u00e9rieur<\/h2>\n<p>Un projet de <strong>design int\u00e9rieur<\/strong> r\u00e9ussi commence par une analyse fine de vos besoins, suivie d&rsquo;un plan d\u2019implantation pr\u00e9cis. Nous recommandons de choisir une <strong>palette chromatique<\/strong> structurante, comme les teintes mocha mousse popularis\u00e9es par <strong>Pantone<\/strong> en <strong>2025<\/strong>, qui cr\u00e9ent une ambiance r\u00e9confortante dans les cuisines, selon les collections de <strong>Rhinov<\/strong>, sp\u00e9cialiste fran\u00e7ais de la d\u00e9coration 3D.<\/p>\n<p>Les <strong>mat\u00e9riaux<\/strong> tels que le <strong>bois sombre<\/strong> certifi\u00e9 FSC de <strong>Pfleiderer<\/strong>, leader europ\u00e9en des d\u00e9cors int\u00e9rieurs, ou le m\u00e9tal chrom\u00e9 de <strong>Roche Bobois<\/strong>, marque haut de gamme fran\u00e7aise, influencent le confort per\u00e7u. Une \u00e9tude de <strong>Gensler<\/strong> en <strong>2024<\/strong> r\u00e9v\u00e8le que <u>68 % des employ\u00e9s d\u00e9clarent une productivit\u00e9 accrue dans des bureaux avec des mat\u00e9riaux naturels<\/u>. L\u2019agencement du mobilier assure une circulation optimale, \u00e9quilibrant esth\u00e9tisme et budget.<\/p>\n<ul>\n<li><strong>Choix des couleurs<\/strong> : Testez des palettes via des outils comme <strong>SketchUp<\/strong> pour visualiser l&rsquo;ambiance.<\/li>\n<li><strong>S\u00e9lection des mat\u00e9riaux<\/strong> : Privil\u00e9giez le <strong>bois<\/strong> pour la chaleur, la <strong>pierre<\/strong> pour la durabilit\u00e9.<\/li>\n<li><strong>Mobilier et \u00e9clairage<\/strong> : Int\u00e9grez des lampes LED de <strong>Philips Hue<\/strong> pour un \u00e9clairage adaptable.<\/li>\n<\/ul>\n<h2>Les Tendances Actuelles en Design Int\u00e9rieur<\/h2>\n<p>En <strong>2025<\/strong>, les tendances en <strong>design int\u00e9rieur<\/strong> m\u00ealent minimalisme naturel et maximalisme audacieux, articul\u00e9es entre <strong>architecture<\/strong> structurelle et am\u00e9nagement int\u00e9rieur. Le <strong>design biophile<\/strong>, avec ses formes organiques et plantes filtrantes, domine, comme dans les collections de <strong>Pfleiderer<\/strong> \u00e0 <strong>Neumarkt<\/strong>, Allemagne, o\u00f9 les <strong>bois sombres<\/strong> et teintes naturelles cr\u00e9ent des espaces sains.<\/p>\n<p>Le t\u00e9l\u00e9travail post-<strong>COVID-19<\/strong> booste les pi\u00e8ces hybrides : meubles modulables pour petits appartements urbains \u00e0 <strong>Berlin<\/strong> ou <strong>Tokyo<\/strong>. Selon <strong>Axodeco<\/strong>, experte fran\u00e7aise en tendances, les motifs g\u00e9om\u00e9triques comme les rayures du tapis <strong>Havana<\/strong> d&rsquo;<strong>Idaho \u00e9ditions<\/strong> ajoutent du mouvement. Nous voyons poindre le chrome et les effets miroir dans les ambiances futuristes de <strong>Drawer<\/strong>, avec <u>une croissance de 45 % des ventes de meubles chrom\u00e9s en 2024<\/u>.<\/p>\n<ul>\n<li><strong>Dopamine Decor<\/strong> : Couleurs vives pour booster la joie, vu au <strong>Salone del Mobile 2025<\/strong> \u00e0 <strong>Milan<\/strong>.<\/li>\n<li><strong>Maximalisme chrom\u00e9<\/strong> : Accents m\u00e9talliques sur tables basses, chez <strong>4Murs<\/strong>.<\/li>\n<li><strong>Style futuriste<\/strong> : LED int\u00e9gr\u00e9es et \u00e9crans tactiles, tendance <strong>2025<\/strong> chez <strong>The Cool Republic<\/strong>.<\/li>\n<\/ul>\n<h2>Conseils Pratiques pour un Am\u00e9nagement Optimis\u00e9<\/h2>\n<p>Pour optimiser votre petit appartement \u00e0 <strong>Marseille<\/strong>, priorisez la circulation en d\u00e9sencombrant avec des rangements sur mesure de <strong>Leroy Merlin<\/strong>, leader fran\u00e7ais du bricolage. Les miroirs aux formes fluides, comme ceux recommand\u00e9s par <strong>Rhinov<\/strong>, agrandissent visuellement l&rsquo;espace de <u>30 %<\/u>, tandis que des points lumineux multiples \u2013 fonctionnels, d\u2019ambiance, d\u00e9coratifs \u2013 transforment un studio \u00e9tudiant.<\/p>\n<p>Choisissez des couleurs apaisantes comme le vert menthe pour les chambres, stimulant la s\u00e9r\u00e9nit\u00e9 selon des donn\u00e9es de <strong>2025<\/strong> sur l&rsquo;effet des teintes sur l&rsquo;humeur. Investissez dans un canap\u00e9 compact comme le <strong>KIVIK<\/strong> d&rsquo;<strong>IKEA<\/strong>, adapt\u00e9 aux s\u00e9jours familiaux, et jouez des textiles pour des changements rapides. Nous estimons que ces astuces r\u00e9duisent le sentiment d&rsquo;\u00e9troitesse de <u>40 %<\/u>.<\/p>\n<ul>\n<li>Placez des miroirs face aux fen\u00eatres pour doubler la lumi\u00e8re naturelle.<\/li>\n<li>Hi\u00e9rarchisez les zones : repos avec tons neutres, travail avec \u00e9clairage dirig\u00e9.<\/li>\n<li>S\u00e9lectionnez des textiles lavables comme le lin recycl\u00e9 pour la durabilit\u00e9.<\/li>\n<\/ul>\n<h2>Le R\u00f4le de la Technologie dans le Design Int\u00e9rieur<\/h2>\n<p>La technologie r\u00e9volutionne vos projets de <strong>design int\u00e9rieur<\/strong>, d\u00e8s la conception avec des logiciels comme <strong>SketchUp Pro<\/strong> ou <strong>AutoCAD<\/strong> d&rsquo;<strong>Autodesk<\/strong>, permettant des mod\u00e9lisations 3D pr\u00e9cises. Les applications de <strong>r\u00e9alit\u00e9 augment\u00e9e<\/strong> comme <strong>Houzz<\/strong> visualisent le mobilier dans votre salon r\u00e9el, testant palettes et agencements avant achat.<\/p>\n<p>La <strong>maison connect\u00e9e<\/strong> int\u00e8gre \u00e9clairage intelligent <strong>Philips Hue<\/strong>, thermostats <strong>Google Nest<\/strong> et enceintes invisibles <strong>Sonos<\/strong>, pilot\u00e9s via <strong>Apple HomeKit<\/strong>. Pour les designers, une <strong>formation<\/strong> en domotique via des plateformes comme <strong>Domotique Academy<\/strong> \u00e0 <strong>Paris<\/strong> est essentielle, couvrant ces outils depuis <strong>2023<\/strong>. Nous pr\u00e9conisons cette ma\u00eetrise pour expliquer les b\u00e9n\u00e9fices aux clients.<\/p>\n<ul>\n<li><strong>Mod\u00e9lisation 3D<\/strong> : Utilisez <strong>RoomSketcher<\/strong> pour des rendus r\u00e9alistes.<\/li>\n<li><strong>R\u00e9alit\u00e9 augment\u00e9e<\/strong> : Testez avec <strong>IKEA Place<\/strong> sur iOS.<\/li>\n<li><strong>Domotique<\/strong> : Int\u00e9grez <strong>Zigbee<\/strong> pour une interop\u00e9rabilit\u00e9 optimale.<\/li>\n<\/ul>\n<h2>Comment Choisir le Bon Designer Int\u00e9rieur ?<\/h2>\n<p>S\u00e9lectionnez un <strong>design int\u00e9rieur<\/strong> exp\u00e9riment\u00e9 via son portfolio, comme celui de <strong>Kelly Wearstler<\/strong>, architecte d&rsquo;int\u00e9rieur am\u00e9ricaine reconnue pour ses projets r\u00e9sidentiels \u00e0 <strong>Los Angeles<\/strong>. V\u00e9rifiez la sp\u00e9cialisation \u2013 r\u00e9sidentiel chez <strong>India Mahdavi<\/strong> \u00e0 <strong>Paris<\/strong>, ou tertiaire \u2013 et demandez des devis transparents pour des chantiers g\u00e9r\u00e9s sans d\u00e9passement.<\/p>\n<p>Analysez les avis sur <strong>Houzz<\/strong> et r\u00e9f\u00e9rences de projets similaires, comme la r\u00e9novation avant\/apr\u00e8s d&rsquo;un loft \u00e0 <strong>New York<\/strong> par <strong>Jean-Louis Deniot<\/strong> en <strong>2024<\/strong>. Les \u00e9tudiants en <strong>architecture d&rsquo;int\u00e9rieur<\/strong> \u00e0 l&rsquo;<strong>\u00c9cole Camondo<\/strong> acqui\u00e8rent un <strong>savoir<\/strong> en culture design et outils num\u00e9riques, essentiel pour une collaboration fluide avec vous.<\/p>\n<ul>\n<li>V\u00e9rifiez l&rsquo;exp\u00e9rience : au moins 5 ans dans votre type de projet.<\/li>\n<li>\u00c9tudiez le book : cherchez des r\u00e9alisations \u00e0 <strong>budget comparable<\/strong>.<\/li>\n<li>Demandez des r\u00e9f\u00e9rences : contactez deux clients r\u00e9cents.<\/li>\n<\/ul>\n<h2>L\u2019Avenir du Design Int\u00e9rieur : Vers une \u00c9cologie Durable<\/h2>\n<p>L&rsquo;avenir du <strong>design int\u00e9rieur<\/strong> s&rsquo;oriente vers la durabilit\u00e9, avec des mat\u00e9riaux comme le <strong>bois certifi\u00e9 PEFC<\/strong> de <strong>Pfleiderer<\/strong> et peintures sans COV de <strong>Graphenstone<\/strong>, r\u00e9duisant les \u00e9missions de <u>90 %<\/u>. Le <strong>design biophile<\/strong> int\u00e8gre plantes et lumi\u00e8re naturelle pour une qualit\u00e9 d&rsquo;air sup\u00e9rieure, tendance forte en <strong>2025<\/strong>.<\/p>\n<p>Les projets optimisent l&rsquo;\u00e9nergie via isolation performante et mobilier r\u00e9utilisable, comme les modules de <strong>USM Haller<\/strong>, syst\u00e8me suisse modulaire depuis <strong>1969<\/strong>. Le march\u00e9 \u00e9cologique cro\u00eet de <u>12 % par an d&rsquo;ici 2030<\/u> selon <strong>Statista<\/strong>, port\u00e9 par les attentes des consommateurs pour des int\u00e9rieurs sains \u00e0 <strong>Stockholm<\/strong> ou <strong>San Francisco<\/strong>.<\/p>\n<ul>\n<li><strong>Mat\u00e9riaux recycl\u00e9s<\/strong> : Rev\u00eatements en plastique r\u00e9g\u00e9n\u00e9r\u00e9 de <strong>Armstrong<\/strong>.<\/li>\n<li><strong>Optimisation \u00e9nerg\u00e9tique<\/strong> : Fen\u00eatres \u00e0 triple vitrage pour -20 % de consommation.<\/li>\n<li><strong>Projets pionniers<\/strong> : Le showroom durable de <strong>Kartell<\/strong> \u00e0 <strong>Milan<\/strong> en <strong>2024<\/strong>.<\/li>\n<\/ul>\n<h2>Conclusion : R\u00e9inventez Votre Espace avec le Design Int\u00e9rieur<\/h2>\n<p>Nous avons vu comment le <strong>design int\u00e9rieur<\/strong> \u00e9l\u00e8ve votre bien-\u00eatre via des agencements pens\u00e9s, des tendances comme le chrome et le biophile, et une technologie accessible. La durabilit\u00e9 forge l&rsquo;avenir, avec des mat\u00e9riaux responsables au c\u0153ur des projets.<\/p>\n<p>Analysez votre espace actuel, priorisez confort et style, inspirez-vous des collections <strong>2025<\/strong> sans copier. Contactez un professionnel comme ceux form\u00e9s \u00e0 l&rsquo;<strong>\u00c9cole Camondo<\/strong> ou lancez un projet modeste avec <strong>SketchUp<\/strong>. Explorez ces pistes pour transformer votre quotidien en havre harmonieux.<\/p>\n<div style=\"background: #e8f4f8;border: 3px solid #0073aa;padding: 20px;margin: 20px 0;border-radius: 8px\">\n<h2 style=\"color: #0073aa;text-align: center;margin-bottom: 15px\">\ud83d\udd27 Ressources Pratiques et Outils<\/h2>\n<div style=\"background: white;padding: 15px;margin: 10px 0;border-left: 4px solid #007bff\">\n<h3 style=\"color: #007bff;margin-bottom: 10px\">\ud83d\udee0\ufe0f Outils et Calculateurs<\/h3>\n<p>Pour visualiser vos projets de design int\u00e9rieur, vous pouvez utiliser <strong>SketchUp<\/strong> pour des mod\u00e9lisations 3D pr\u00e9cises. Plus d&rsquo;informations sont disponibles sur leur site officiel : <a href=\"https:\/\/www.sketchup.com\" rel=\"nofollow\">sketchup.com<\/a>.<\/p>\n<\/div>\n<div style=\"background: white;padding: 15px;margin: 10px 0;border-left: 4px solid #6f42c1\">\n<h3 style=\"color: #6f42c1;margin-bottom: 10px\">\ud83d\udc65 Communaut\u00e9 et Experts<\/h3>\n<p>Pour des conseils et des projets de design int\u00e9rieur, contactez des professionnels comme <strong>Karine Perez<\/strong> via son site : <a href=\"https:\/\/www.karineperez.com\" rel=\"nofollow\">karineperez.com<\/a> ou <strong>V\u00e9ronique Cotrel<\/strong> \u00e0 <a href=\"https:\/\/www.verocotrel.fr\" rel=\"nofollow\">verocotrel.fr<\/a>. Vous pouvez \u00e9galement explorer les projets de <strong>Jean-Louis Deniot<\/strong>, architecte d&rsquo;int\u00e9rieur reconnu.<\/p>\n<\/div>\n<div style=\"background: #fff3cd;padding: 15px;margin: 15px 0;border: 2px solid #ffc107;border-radius: 5px\">\n<strong style=\"color: #856404\">\ud83d\udca1 R\u00e9sum\u00e9 en 2 lignes :<\/strong><br \/>\n<span>D\u00e9couvrez des entreprises de design int\u00e9rieur \u00e0 Paris pour transformer votre espace. Utilisez des outils comme SketchUp pour visualiser vos projets avant de contacter des experts.<\/span>\n<\/div>\n<\/div>\n","protected":false},"excerpt":{"rendered":"","protected":false},"author":34,"featured_media":7748,"comment_status":"open","ping_status":"open","sticky":false,"template":"","format":"standard","meta":{"_acf_changed":false,"manual_indexmenow":false,"indexmenow_id_project":0,"footnotes":""},"categories":[4522],"tags":[2574,4800,4336],"class_list":["post-7746","post","type-post","status-publish","format-standard","has-post-thumbnail","hentry","category-lifestyle-et-design","tag-bien-etre","tag-design-interieur","tag-productivite","generate-columns","tablet-grid-50","mobile-grid-100","grid-parent","grid-25"],"acf":[],"yoast_head":"<!-- This site is optimized with the Yoast SEO Premium plugin v21.3 (Yoast SEO v25.6) - https:\/\/yoast.com\/wordpress\/plugins\/seo\/ -->\n<title>Design int\u00e9rieur : bien-\u00eatre et productivit\u00e9 au quotidien<\/title>\n<meta name=\"description\" content=\"Nous savons que le design int\u00e9rieur joue un r\u00f4le central dans votre bien-\u00eatre quotidien, en influen\u00e7ant directement votre sant\u00e9 mentale et votre\" \/>\n<meta name=\"robots\" content=\"index, follow, max-snippet:-1, max-image-preview:large, max-video-preview:-1\" \/>\n<link rel=\"canonical\" href=\"https:\/\/greenwichmeridien.fr\/blog\/lifestyle-et-design\/comment-le-design-interieur-influence-votre-bien-etre-et-votre-productivite\/\" \/>\n<meta property=\"og:locale\" content=\"fr_FR\" \/>\n<meta property=\"og:type\" content=\"article\" \/>\n<meta property=\"og:title\" content=\"Design int\u00e9rieur : bien-\u00eatre et productivit\u00e9 au quotidien\" \/>\n<meta property=\"og:description\" content=\"Nous savons que le design int\u00e9rieur joue un r\u00f4le central dans votre bien-\u00eatre quotidien, en influen\u00e7ant directement votre sant\u00e9 mentale et votre\" \/>\n<meta property=\"og:url\" content=\"https:\/\/greenwichmeridien.fr\/blog\/lifestyle-et-design\/comment-le-design-interieur-influence-votre-bien-etre-et-votre-productivite\/\" \/>\n<meta property=\"og:site_name\" content=\"greenwichmeridien\" \/>\n<meta property=\"og:image\" content=\"https:\/\/greenwichmeridien.fr\/blog\/wp-content\/uploads\/2025\/12\/pag-image-694030e089841-scaled.png\" \/>\n\t<meta property=\"og:image:width\" content=\"1200\" \/>\n\t<meta property=\"og:image:height\" content=\"686\" \/>\n\t<meta property=\"og:image:type\" content=\"image\/png\" \/>\n<meta name=\"author\" content=\"Samuel Chalmin\" \/>\n<meta name=\"twitter:card\" content=\"summary_large_image\" \/>\n<script type=\"application\/ld+json\" class=\"yoast-schema-graph\">{\"@context\":\"https:\/\/schema.org\",\"@graph\":[{\"@type\":\"NewsArticle\",\"@id\":\"https:\/\/greenwichmeridien.fr\/blog\/lifestyle-et-design\/comment-le-design-interieur-influence-votre-bien-etre-et-votre-productivite\/#article\",\"isPartOf\":{\"@id\":\"https:\/\/greenwichmeridien.fr\/blog\/lifestyle-et-design\/comment-le-design-interieur-influence-votre-bien-etre-et-votre-productivite\/\"},\"author\":{\"name\":\"Samuel Chalmin\",\"@id\":\"https:\/\/greenwichmeridien.fr\/blog\/#\/schema\/person\/3c864cdc320801e3db34b663e7e3f816\"},\"headline\":\"Comment le design int\u00e9rieur influence votre bien-\u00eatre et votre productivit\u00e9\",\"datePublished\":\"2026-02-23T08:48:00+00:00\",\"dateModified\":\"2026-08-24T23:31:57+00:00\",\"mainEntityOfPage\":{\"@id\":\"https:\/\/greenwichmeridien.fr\/blog\/lifestyle-et-design\/comment-le-design-interieur-influence-votre-bien-etre-et-votre-productivite\/\"},\"wordCount\":1507,\"commentCount\":0,\"publisher\":{\"@id\":\"https:\/\/greenwichmeridien.fr\/blog\/#organization\"},\"image\":{\"@id\":\"https:\/\/greenwichmeridien.fr\/blog\/lifestyle-et-design\/comment-le-design-interieur-influence-votre-bien-etre-et-votre-productivite\/#primaryimage\"},\"thumbnailUrl\":\"https:\/\/greenwichmeridien.fr\/blog\/wp-content\/uploads\/2025\/12\/pag-image-694030e089841-scaled.png\",\"keywords\":[\"Bien-\u00catre\",\"design interieur\",\"Productivit\u00e9\"],\"articleSection\":[\"Lifestyle et Design\"],\"inLanguage\":\"fr-FR\",\"potentialAction\":[{\"@type\":\"CommentAction\",\"name\":\"Comment\",\"target\":[\"https:\/\/greenwichmeridien.fr\/blog\/lifestyle-et-design\/comment-le-design-interieur-influence-votre-bien-etre-et-votre-productivite\/#respond\"]}]},{\"@type\":\"WebPage\",\"@id\":\"https:\/\/greenwichmeridien.fr\/blog\/lifestyle-et-design\/comment-le-design-interieur-influence-votre-bien-etre-et-votre-productivite\/\",\"url\":\"https:\/\/greenwichmeridien.fr\/blog\/lifestyle-et-design\/comment-le-design-interieur-influence-votre-bien-etre-et-votre-productivite\/\",\"name\":\"Design int\u00e9rieur : bien-\u00eatre et productivit\u00e9 au quotidien\",\"isPartOf\":{\"@id\":\"https:\/\/greenwichmeridien.fr\/blog\/#website\"},\"primaryImageOfPage\":{\"@id\":\"https:\/\/greenwichmeridien.fr\/blog\/lifestyle-et-design\/comment-le-design-interieur-influence-votre-bien-etre-et-votre-productivite\/#primaryimage\"},\"image\":{\"@id\":\"https:\/\/greenwichmeridien.fr\/blog\/lifestyle-et-design\/comment-le-design-interieur-influence-votre-bien-etre-et-votre-productivite\/#primaryimage\"},\"thumbnailUrl\":\"https:\/\/greenwichmeridien.fr\/blog\/wp-content\/uploads\/2025\/12\/pag-image-694030e089841-scaled.png\",\"datePublished\":\"2026-02-23T08:48:00+00:00\",\"dateModified\":\"2026-08-24T23:31:57+00:00\",\"description\":\"Nous savons que le design int\u00e9rieur joue un r\u00f4le central dans votre bien-\u00eatre quotidien, en influen\u00e7ant directement votre sant\u00e9 mentale et votre\",\"inLanguage\":\"fr-FR\",\"potentialAction\":[{\"@type\":\"ReadAction\",\"target\":[\"https:\/\/greenwichmeridien.fr\/blog\/lifestyle-et-design\/comment-le-design-interieur-influence-votre-bien-etre-et-votre-productivite\/\"]}]},{\"@type\":\"ImageObject\",\"inLanguage\":\"fr-FR\",\"@id\":\"https:\/\/greenwichmeridien.fr\/blog\/lifestyle-et-design\/comment-le-design-interieur-influence-votre-bien-etre-et-votre-productivite\/#primaryimage\",\"url\":\"https:\/\/greenwichmeridien.fr\/blog\/wp-content\/uploads\/2025\/12\/pag-image-694030e089841-scaled.png\",\"contentUrl\":\"https:\/\/greenwichmeridien.fr\/blog\/wp-content\/uploads\/2025\/12\/pag-image-694030e089841-scaled.png\",\"width\":1200,\"height\":686,\"caption\":\"Image g\u00e9n\u00e9r\u00e9e par IA optimis\u00e9e pour Google Discover\"},{\"@type\":\"WebSite\",\"@id\":\"https:\/\/greenwichmeridien.fr\/blog\/#website\",\"url\":\"https:\/\/greenwichmeridien.fr\/blog\/\",\"name\":\"Greenwich M\u00e9ridien\",\"description\":\"Greenwich M\u00e9ridien, le rep\u00e8re du temps et du voyage\",\"publisher\":{\"@id\":\"https:\/\/greenwichmeridien.fr\/blog\/#organization\"},\"alternateName\":\"Greenwich M\u00e9ridien, le rep\u00e8re du temps et du voyage\",\"potentialAction\":[{\"@type\":\"SearchAction\",\"target\":{\"@type\":\"EntryPoint\",\"urlTemplate\":\"https:\/\/greenwichmeridien.fr\/blog\/?s={search_term_string}\"},\"query-input\":{\"@type\":\"PropertyValueSpecification\",\"valueRequired\":true,\"valueName\":\"search_term_string\"}}],\"inLanguage\":\"fr-FR\"},{\"@type\":\"Organization\",\"@id\":\"https:\/\/greenwichmeridien.fr\/blog\/#organization\",\"name\":\"Greenwich M\u00e9ridien\",\"alternateName\":\"Greenwich M\u00e9ridien\",\"url\":\"https:\/\/greenwichmeridien.fr\/blog\/\",\"logo\":{\"@type\":\"ImageObject\",\"inLanguage\":\"fr-FR\",\"@id\":\"https:\/\/greenwichmeridien.fr\/blog\/#\/schema\/logo\/image\/\",\"url\":\"https:\/\/greenwichmeridien.fr\/blog\/wp-content\/uploads\/2024\/12\/greenwichmeridien.png\",\"contentUrl\":\"https:\/\/greenwichmeridien.fr\/blog\/wp-content\/uploads\/2024\/12\/greenwichmeridien.png\",\"width\":500,\"height\":500,\"caption\":\"Greenwich M\u00e9ridien\"},\"image\":{\"@id\":\"https:\/\/greenwichmeridien.fr\/blog\/#\/schema\/logo\/image\/\"}},{\"@type\":\"Person\",\"@id\":\"https:\/\/greenwichmeridien.fr\/blog\/#\/schema\/person\/3c864cdc320801e3db34b663e7e3f816\",\"name\":\"Samuel Chalmin\",\"image\":{\"@type\":\"ImageObject\",\"inLanguage\":\"fr-FR\",\"@id\":\"https:\/\/greenwichmeridien.fr\/blog\/#\/schema\/person\/image\/\",\"url\":\"https:\/\/secure.gravatar.com\/avatar\/cef3677de7d237273d13053728f9470818581a8a27d9bf6f5039fd18508a905f?s=96&d=mm&r=g\",\"contentUrl\":\"https:\/\/secure.gravatar.com\/avatar\/cef3677de7d237273d13053728f9470818581a8a27d9bf6f5039fd18508a905f?s=96&d=mm&r=g\",\"caption\":\"Samuel Chalmin\"},\"description\":\"R\u00e9dacteur du site, il suit les questions de temps et de calendrier : m\u00e9ridien de Greenwich, heure GMT et UTC, fuseaux horaires, changement d'heure, ann\u00e9es bissextiles et jours f\u00e9ri\u00e9s.\",\"sameAs\":[\"https:\/\/samuelchalmin.fr\/\"],\"url\":\"https:\/\/greenwichmeridien.fr\/blog\/auteur\/noname\/\"}]}<\/script>\n<!-- \/ Yoast SEO Premium plugin. -->","yoast_head_json":{"title":"Design int\u00e9rieur : bien-\u00eatre et productivit\u00e9 au quotidien","description":"Nous savons que le design int\u00e9rieur joue un r\u00f4le central dans votre bien-\u00eatre quotidien, en influen\u00e7ant directement votre sant\u00e9 mentale et votre","robots":{"index":"index","follow":"follow","max-snippet":"max-snippet:-1","max-image-preview":"max-image-preview:large","max-video-preview":"max-video-preview:-1"},"canonical":"https:\/\/greenwichmeridien.fr\/blog\/lifestyle-et-design\/comment-le-design-interieur-influence-votre-bien-etre-et-votre-productivite\/","og_locale":"fr_FR","og_type":"article","og_title":"Design int\u00e9rieur : bien-\u00eatre et productivit\u00e9 au quotidien","og_description":"Nous savons que le design int\u00e9rieur joue un r\u00f4le central dans votre bien-\u00eatre quotidien, en influen\u00e7ant directement votre sant\u00e9 mentale et votre","og_url":"https:\/\/greenwichmeridien.fr\/blog\/lifestyle-et-design\/comment-le-design-interieur-influence-votre-bien-etre-et-votre-productivite\/","og_site_name":"greenwichmeridien","og_image":[{"width":1200,"height":686,"url":"https:\/\/greenwichmeridien.fr\/blog\/wp-content\/uploads\/2025\/12\/pag-image-694030e089841-scaled.png","type":"image\/png"}],"author":"Samuel Chalmin","twitter_card":"summary_large_image","schema":{"@context":"https:\/\/schema.org","@graph":[{"@type":"NewsArticle","@id":"https:\/\/greenwichmeridien.fr\/blog\/lifestyle-et-design\/comment-le-design-interieur-influence-votre-bien-etre-et-votre-productivite\/#article","isPartOf":{"@id":"https:\/\/greenwichmeridien.fr\/blog\/lifestyle-et-design\/comment-le-design-interieur-influence-votre-bien-etre-et-votre-productivite\/"},"author":{"name":"Samuel Chalmin","@id":"https:\/\/greenwichmeridien.fr\/blog\/#\/schema\/person\/3c864cdc320801e3db34b663e7e3f816"},"headline":"Comment le design int\u00e9rieur influence votre bien-\u00eatre et votre productivit\u00e9","datePublished":"2026-02-23T08:48:00+00:00","dateModified":"2026-08-24T23:31:57+00:00","mainEntityOfPage":{"@id":"https:\/\/greenwichmeridien.fr\/blog\/lifestyle-et-design\/comment-le-design-interieur-influence-votre-bien-etre-et-votre-productivite\/"},"wordCount":1507,"commentCount":0,"publisher":{"@id":"https:\/\/greenwichmeridien.fr\/blog\/#organization"},"image":{"@id":"https:\/\/greenwichmeridien.fr\/blog\/lifestyle-et-design\/comment-le-design-interieur-influence-votre-bien-etre-et-votre-productivite\/#primaryimage"},"thumbnailUrl":"https:\/\/greenwichmeridien.fr\/blog\/wp-content\/uploads\/2025\/12\/pag-image-694030e089841-scaled.png","keywords":["Bien-\u00catre","design interieur","Productivit\u00e9"],"articleSection":["Lifestyle et Design"],"inLanguage":"fr-FR","potentialAction":[{"@type":"CommentAction","name":"Comment","target":["https:\/\/greenwichmeridien.fr\/blog\/lifestyle-et-design\/comment-le-design-interieur-influence-votre-bien-etre-et-votre-productivite\/#respond"]}]},{"@type":"WebPage","@id":"https:\/\/greenwichmeridien.fr\/blog\/lifestyle-et-design\/comment-le-design-interieur-influence-votre-bien-etre-et-votre-productivite\/","url":"https:\/\/greenwichmeridien.fr\/blog\/lifestyle-et-design\/comment-le-design-interieur-influence-votre-bien-etre-et-votre-productivite\/","name":"Design int\u00e9rieur : bien-\u00eatre et productivit\u00e9 au quotidien","isPartOf":{"@id":"https:\/\/greenwichmeridien.fr\/blog\/#website"},"primaryImageOfPage":{"@id":"https:\/\/greenwichmeridien.fr\/blog\/lifestyle-et-design\/comment-le-design-interieur-influence-votre-bien-etre-et-votre-productivite\/#primaryimage"},"image":{"@id":"https:\/\/greenwichmeridien.fr\/blog\/lifestyle-et-design\/comment-le-design-interieur-influence-votre-bien-etre-et-votre-productivite\/#primaryimage"},"thumbnailUrl":"https:\/\/greenwichmeridien.fr\/blog\/wp-content\/uploads\/2025\/12\/pag-image-694030e089841-scaled.png","datePublished":"2026-02-23T08:48:00+00:00","dateModified":"2026-08-24T23:31:57+00:00","description":"Nous savons que le design int\u00e9rieur joue un r\u00f4le central dans votre bien-\u00eatre quotidien, en influen\u00e7ant directement votre sant\u00e9 mentale et votre","inLanguage":"fr-FR","potentialAction":[{"@type":"ReadAction","target":["https:\/\/greenwichmeridien.fr\/blog\/lifestyle-et-design\/comment-le-design-interieur-influence-votre-bien-etre-et-votre-productivite\/"]}]},{"@type":"ImageObject","inLanguage":"fr-FR","@id":"https:\/\/greenwichmeridien.fr\/blog\/lifestyle-et-design\/comment-le-design-interieur-influence-votre-bien-etre-et-votre-productivite\/#primaryimage","url":"https:\/\/greenwichmeridien.fr\/blog\/wp-content\/uploads\/2025\/12\/pag-image-694030e089841-scaled.png","contentUrl":"https:\/\/greenwichmeridien.fr\/blog\/wp-content\/uploads\/2025\/12\/pag-image-694030e089841-scaled.png","width":1200,"height":686,"caption":"Image g\u00e9n\u00e9r\u00e9e par IA optimis\u00e9e pour Google Discover"},{"@type":"WebSite","@id":"https:\/\/greenwichmeridien.fr\/blog\/#website","url":"https:\/\/greenwichmeridien.fr\/blog\/","name":"Greenwich M\u00e9ridien","description":"Greenwich M\u00e9ridien, le rep\u00e8re du temps et du voyage","publisher":{"@id":"https:\/\/greenwichmeridien.fr\/blog\/#organization"},"alternateName":"Greenwich M\u00e9ridien, le rep\u00e8re du temps et du voyage","potentialAction":[{"@type":"SearchAction","target":{"@type":"EntryPoint","urlTemplate":"https:\/\/greenwichmeridien.fr\/blog\/?s={search_term_string}"},"query-input":{"@type":"PropertyValueSpecification","valueRequired":true,"valueName":"search_term_string"}}],"inLanguage":"fr-FR"},{"@type":"Organization","@id":"https:\/\/greenwichmeridien.fr\/blog\/#organization","name":"Greenwich M\u00e9ridien","alternateName":"Greenwich M\u00e9ridien","url":"https:\/\/greenwichmeridien.fr\/blog\/","logo":{"@type":"ImageObject","inLanguage":"fr-FR","@id":"https:\/\/greenwichmeridien.fr\/blog\/#\/schema\/logo\/image\/","url":"https:\/\/greenwichmeridien.fr\/blog\/wp-content\/uploads\/2024\/12\/greenwichmeridien.png","contentUrl":"https:\/\/greenwichmeridien.fr\/blog\/wp-content\/uploads\/2024\/12\/greenwichmeridien.png","width":500,"height":500,"caption":"Greenwich M\u00e9ridien"},"image":{"@id":"https:\/\/greenwichmeridien.fr\/blog\/#\/schema\/logo\/image\/"}},{"@type":"Person","@id":"https:\/\/greenwichmeridien.fr\/blog\/#\/schema\/person\/3c864cdc320801e3db34b663e7e3f816","name":"Samuel Chalmin","image":{"@type":"ImageObject","inLanguage":"fr-FR","@id":"https:\/\/greenwichmeridien.fr\/blog\/#\/schema\/person\/image\/","url":"https:\/\/secure.gravatar.com\/avatar\/cef3677de7d237273d13053728f9470818581a8a27d9bf6f5039fd18508a905f?s=96&d=mm&r=g","contentUrl":"https:\/\/secure.gravatar.com\/avatar\/cef3677de7d237273d13053728f9470818581a8a27d9bf6f5039fd18508a905f?s=96&d=mm&r=g","caption":"Samuel Chalmin"},"description":"R\u00e9dacteur du site, il suit les questions de temps et de calendrier : m\u00e9ridien de Greenwich, heure GMT et UTC, fuseaux horaires, changement d'heure, ann\u00e9es bissextiles et jours f\u00e9ri\u00e9s.","sameAs":["https:\/\/samuelchalmin.fr\/"],"url":"https:\/\/greenwichmeridien.fr\/blog\/auteur\/noname\/"}]}},"_links":{"self":[{"href":"https:\/\/greenwichmeridien.fr\/blog\/wp-json\/wp\/v2\/posts\/7746","targetHints":{"allow":["GET"]}}],"collection":[{"href":"https:\/\/greenwichmeridien.fr\/blog\/wp-json\/wp\/v2\/posts"}],"about":[{"href":"https:\/\/greenwichmeridien.fr\/blog\/wp-json\/wp\/v2\/types\/post"}],"author":[{"embeddable":true,"href":"https:\/\/greenwichmeridien.fr\/blog\/wp-json\/wp\/v2\/users\/34"}],"replies":[{"embeddable":true,"href":"https:\/\/greenwichmeridien.fr\/blog\/wp-json\/wp\/v2\/comments?post=7746"}],"version-history":[{"count":1,"href":"https:\/\/greenwichmeridien.fr\/blog\/wp-json\/wp\/v2\/posts\/7746\/revisions"}],"predecessor-version":[{"id":7801,"href":"https:\/\/greenwichmeridien.fr\/blog\/wp-json\/wp\/v2\/posts\/7746\/revisions\/7801"}],"wp:featuredmedia":[{"embeddable":true,"href":"https:\/\/greenwichmeridien.fr\/blog\/wp-json\/wp\/v2\/media\/7748"}],"wp:attachment":[{"href":"https:\/\/greenwichmeridien.fr\/blog\/wp-json\/wp\/v2\/media?parent=7746"}],"wp:term":[{"taxonomy":"category","embeddable":true,"href":"https:\/\/greenwichmeridien.fr\/blog\/wp-json\/wp\/v2\/categories?post=7746"},{"taxonomy":"post_tag","embeddable":true,"href":"https:\/\/greenwichmeridien.fr\/blog\/wp-json\/wp\/v2\/tags?post=7746"}],"curies":[{"name":"wp","href":"https:\/\/api.w.org\/{rel}","templated":true}]}}