{"id":7749,"date":"2026-02-26T09:03:00","date_gmt":"2026-02-26T08:03:00","guid":{"rendered":"https:\/\/greenwichmeridien.fr\/blog\/?p=7749"},"modified":"2026-08-25T01:31:57","modified_gmt":"2026-08-24T23:31:57","slug":"les-cles-du-design-interieur-optimiser-espace-confort-et-style","status":"publish","type":"post","link":"https:\/\/greenwichmeridien.fr\/blog\/lifestyle-et-design\/les-cles-du-design-interieur-optimiser-espace-confort-et-style\/","title":{"rendered":"Les cl\u00e9s du design int\u00e9rieur : optimiser espace, confort et style"},"content":{"rendered":"<h2>Comprendre les fondements du design int\u00e9rieur<\/h2>\n<p>\n<u>Le <strong>design int\u00e9rieur<\/strong> d\u00e9signe l\u2019art et la technique de structurer l\u2019espace int\u00e9rieur pour optimiser l\u2019usage, le confort et l\u2019esth\u00e9tique<\/u>. Concr\u00e8tement, il repose sur l\u2019<strong>organisation des volumes<\/strong>, le choix des <strong>mat\u00e9riaux<\/strong>, des <strong>couleurs<\/strong>, du <strong>mobilier<\/strong>, de l\u2019<strong>\u00e9clairage<\/strong>, mais aussi sur des param\u00e8tres plus techniques comme l\u2019<strong>ergonomie<\/strong> et l\u2019<strong>acoustique<\/strong>. \u00c0 la diff\u00e9rence de la simple <strong>d\u00e9coration int\u00e9rieure<\/strong>, qui se concentre surtout sur les finitions visibles, le design int\u00e9rieur travaille la structure de l\u2019espace, les circulations, les rangements int\u00e9gr\u00e9s, la relation \u00e0 l\u2019architecture. L\u2019<u>architecture int\u00e9rieure<\/u>, elle, se situe \u00e0 l\u2019interface entre architecture et design, avec un travail plus pouss\u00e9 sur les cloisonnements, les volumes et la technique.\n<\/p>\n<p>\nDans les projets de r\u00e9habilitation d\u2019immeubles haussmanniens \u00e0 <strong>Paris<\/strong> ou d\u2019appartements neufs \u00e0 <strong>Bordeaux<\/strong>, nous collaborons \u00e9troitement avec des <strong>architectes DPLG<\/strong>, des <strong>artisans<\/strong> (menuisiers, \u00e9lectriciens, entreprises de peinture), des <strong>designers de mobilier<\/strong> et des ing\u00e9nieurs sp\u00e9cialis\u00e9s en <strong>CVC<\/strong> (chauffage, ventilation, climatisation) ou en <strong>\u00e9clairage architectural<\/strong>. Cette collaboration permet d\u2019anticiper les r\u00e9seaux d\u2019<strong>\u00e9lectricit\u00e9<\/strong>, de <strong>plomberie<\/strong> ou de <strong>domotique<\/strong>, d\u00e8s la phase de plans.\n<\/p>\n<ul>\n<li><strong>Design int\u00e9rieur<\/strong> : structure, usage, confort, perception globale.<\/li>\n<li><strong>D\u00e9coration int\u00e9rieure<\/strong> : choix des objets, textiles, finitions visibles.<\/li>\n<li><strong>Architecture int\u00e9rieure<\/strong> : cloisonnement, volumes, techniques du b\u00e2timent.<\/li>\n<\/ul>\n<h2>Harmonie, \u00e9quilibre et fonctionnalit\u00e9 au c\u0153ur du projet<\/h2>\n<p>\nUn projet r\u00e9ussi repose sur une ma\u00eetrise fine de l\u2019<strong>harmonie<\/strong> et de l\u2019<strong>\u00e9quilibre visuel<\/strong>. Nous travaillons les <strong>proportions<\/strong>, les <strong>rythmes<\/strong>, la <strong>r\u00e9p\u00e9tition<\/strong> de certains motifs ou mat\u00e9riaux, les jeux de <strong>sym\u00e9trie<\/strong> et d\u2019<strong>asym\u00e9trie<\/strong>. La r\u00e8gle du <strong>tiers<\/strong>, l\u2019identification de <strong>points focaux<\/strong> (une biblioth\u00e8que, une \u0153uvre d\u2019art, un luminaire sculptural) et le <u>zoning pr\u00e9cis des espaces jour\/nuit, public\/priv\u00e9, travail\/d\u00e9tente<\/u> structurent la lecture de l\u2019int\u00e9rieur. Nous observons par exemple, dans de nombreux appartements de 60 \u00e0 80&nbsp;m?, que la cr\u00e9ation d\u2019un v\u00e9ritable <strong>point focal<\/strong> dans le s\u00e9jour augmente nettement la perception de coh\u00e9rence et la valeur per\u00e7ue lors d\u2019une vente.\n<\/p>\n<p>\nLa <u>fonctionnalit\u00e9<\/u> reste cependant la cl\u00e9. Chaque m\u00e8tre carr\u00e9 doit r\u00e9pondre \u00e0 un ou plusieurs usages explicites&nbsp;: <strong>rangement<\/strong>, <strong>assise<\/strong>, <strong>circulation<\/strong>, <strong>travail<\/strong>, <strong>repos<\/strong>. Les \u00e9tudes r\u00e9alis\u00e9es dans le secteur immobilier montrent qu\u2019une optimisation de l\u2019espace peut g\u00e9n\u00e9rer une <u>hausse de 5 \u00e0 15&nbsp;% du prix au m\u00e8tre carr\u00e9<\/u> lors d\u2019une revente, selon des analyses d\u2019agences comme <strong>La Belle Adresse Immobilier<\/strong>. Nous consid\u00e9rons qu\u2019un beau projet qui ignore ces dimensions fonctionnelles rate sa cible.\n<\/p>\n<ul>\n<li>Zonage pr\u00e9cis des espaces (jour\/nuit, travail\/d\u00e9tente).<\/li>\n<li>Cr\u00e9ation de <strong>points focaux<\/strong> clairs et lisibles.<\/li>\n<li>Optimisation syst\u00e9matique des m? pour des usages r\u00e9els.<\/li>\n<\/ul>\n<h2>Couleurs, textures et mat\u00e9riaux : les outils du designer<\/h2>\n<p>\nLes <strong>textures<\/strong> jouent un r\u00f4le central dans la perception du confort. L\u2019association de <strong>bois massif<\/strong>, de <strong>m\u00e9tal<\/strong>, de <strong>pierre<\/strong> et de <strong>tissus<\/strong> g\u00e9n\u00e9reux cr\u00e9e un environnement riche, agr\u00e9able \u00e0 vivre. Des enseignes comme <strong>Maison Figura<\/strong>, sp\u00e9cialis\u00e9e dans les mat\u00e9riaux durables, montrent comment un sol en <strong>ch\u00eane huil\u00e9<\/strong>, des rideaux en <strong>lin lav\u00e9<\/strong> et une table en <strong>pierre naturelle<\/strong> peuvent renforcer la chaleur d\u2019un salon, tout en am\u00e9liorant l\u2019<u>acoustique<\/u> et la sensation de qualit\u00e9. Nous appr\u00e9cions particuli\u00e8rement les contrastes contr\u00f4l\u00e9s&nbsp;: mat\/brillant, lisse\/rugueux, clair\/fonc\u00e9, qui donnent du relief \u00e0 un volume parfois banal.\n<\/p>\n<p>\nLe recours aux <strong>mat\u00e9riaux naturels<\/strong> \u2013 bois certifi\u00e9 <strong>FSC<\/strong> ou <strong>PEFC<\/strong>, pierre, enduits \u00e0 la <strong>chaux<\/strong>, <strong>argile<\/strong> crue, fibres v\u00e9g\u00e9tales comme le <strong>jute<\/strong> ou le <strong>sisal<\/strong> \u2013 r\u00e9pond \u00e0 la fois \u00e0 une recherche esth\u00e9tique et \u00e0 une exigence de <strong>qualit\u00e9 de l\u2019air int\u00e9rieur<\/strong>. Les \u00e9tudes en <strong>sant\u00e9 environnementale<\/strong> montrent que la r\u00e9duction des <strong>COV<\/strong> (compos\u00e9s organiques volatils) dans les peintures, colles et vernis peut diminuer les sympt\u00f4mes d\u2019irritation et de fatigue chez les occupants. Nous d\u00e9fendons une approche raisonnablement naturelle, en privil\u00e9giant des produits \u00e9tiquet\u00e9s <strong>A+<\/strong> pour les \u00e9missions.\n<\/p>\n<ul>\n<li>Textures chaudes&nbsp;: <strong>bois<\/strong>, <strong>tissus \u00e9pais<\/strong>, tapis structur\u00e9s.<\/li>\n<li>Contrastes mat\/brillant et lisse\/rugueux pour dynamiser l\u2019espace.<\/li>\n<li>Mat\u00e9riaux naturels pour limiter les <strong>COV<\/strong> et renforcer le confort.<\/li>\n<\/ul>\n<h2>Quand l\u2019architecture fa\u00e7onne le design int\u00e9rieur<\/h2>\n<p>\nL\u2019<strong>architecture<\/strong> et le <strong>design int\u00e9rieur<\/strong> forment un couple indissociable. La <u>structure porteuse<\/u>, la <u>hauteur sous plafond<\/u>, la <u>trame des fen\u00eatres<\/u>, l\u2019<u>orientation<\/u> et l\u2019<u>apport de lumi\u00e8re naturelle<\/u> conditionnent largement les possibilit\u00e9s de projet. Dans un <strong>loft industriel<\/strong> r\u00e9habilit\u00e9 \u00e0 <strong>Lille<\/strong>, nous allons souvent exploiter la grande hauteur, les poteaux m\u00e9talliques et les grandes baies vitr\u00e9es avec un langage minimaliste et des mat\u00e9riaux bruts. Dans une <strong>maison ancienne<\/strong> de centre-bourg en <strong>Bretagne<\/strong>, au contraire, les petites ouvertures et les murs \u00e9pais conduisent \u00e0 un travail subtil sur l\u2019\u00e9clairage indirect et les teintes enveloppantes.\n<\/p>\n<p>\nNous intervenons de plus en plus t\u00f4t, d\u00e8s l\u2019<strong>avant-projet sommaire<\/strong>, pour optimiser le <strong>cloisonnement<\/strong>, la cr\u00e9ation de <strong>rangements int\u00e9gr\u00e9s<\/strong>, le passage des r\u00e9seaux (prises, arriv\u00e9es d\u2019eau, domotique). Sur un programme neuf livr\u00e9 en 2023 par un promoteur \u00e0 <strong>Lyon Part-Dieu<\/strong>, le simple d\u00e9placement de quelques cloisons et la cr\u00e9ation de meubles int\u00e9gr\u00e9s sur mesure ont permis de gagner l\u2019\u00e9quivalent fonctionnel de <u>3 \u00e0 4&nbsp;m?<\/u> dans un T2 de 43&nbsp;m?, sans modifier la surface officielle.\n<\/p>\n<ul>\n<li>Analyse de la structure existante (murs porteurs, ouvertures, orientation).<\/li>\n<li>Travail sur plans en amont pour optimiser volumes et rangements.<\/li>\n<li>Coordination avec architectes et bureaux d\u2019\u00e9tudes techniques.<\/li>\n<\/ul>\n<h2>Les grandes tendances actuelles en design int\u00e9rieur<\/h2>\n<p>\nLe <strong>minimalisme contemporain<\/strong> reste l\u2019un des styles dominants dans les grandes m\u00e9tropoles comme <strong>Paris<\/strong>, <strong>Berlin<\/strong> ou <strong>Copenhague<\/strong>. Lignes \u00e9pur\u00e9es, mobilier fonctionnel, palettes <strong>neutres<\/strong> r\u00e9chauff\u00e9es par des touches de bois et de textiles, peu d\u2019objets mais soigneusement choisis. Les collections 2024 de marques comme <strong>Muuto<\/strong> (design scandinave) et <strong>Fritz Hansen<\/strong> illustrent parfaitement cette recherche d\u2019\u00e9pure chaleureuse. \u00c0 l\u2019oppos\u00e9, le <strong>maximalisme chromatique<\/strong> s\u2019affirme&nbsp;: couleurs vives, motifs XXL, accumulation ma\u00eetris\u00e9e de cadres, de livres, de tapis, que l\u2019on observe notamment dans les int\u00e9rieurs mis en avant par <strong>Elle D\u00e9coration France<\/strong>.\n<\/p>\n<p>\nLe <strong>design biophile<\/strong>, lui, met la nature au c\u0153ur du projet&nbsp;: plantes d\u2019int\u00e9rieur, mat\u00e9riaux organiques, formes organiques, lumi\u00e8re naturelle g\u00e9n\u00e9reuse, vues d\u00e9gag\u00e9es vers l\u2019ext\u00e9rieur. Dans les bureaux de <strong>Salesforce<\/strong> \u00e0 <strong>San Francisco<\/strong>, r\u00e9am\u00e9nag\u00e9s apr\u00e8s 2020, la pr\u00e9sence d\u2019espaces v\u00e9g\u00e9talis\u00e9s, de murs plant\u00e9s, et de mat\u00e9riaux doux a permis de r\u00e9duire la sensation de stress signal\u00e9e par les \u00e9quipes. Le <strong>vintage<\/strong> et le <strong>r\u00e9tro<\/strong> revisit\u00e9s \u2013 influences <strong>seventies<\/strong>, courant <strong>Memphis<\/strong>, n\u00e9o <strong>Art d\u00e9co<\/strong> \u2013 nourrissent aussi les projets, comme on le voit dans les h\u00f4tels dessin\u00e9s par <strong>India Mahdavi, architecte d\u2019int\u00e9rieur<\/strong>, \u00e0 <strong>Paris<\/strong> et \u00e0 <strong>Londres<\/strong>.\n<\/p>\n<ul>\n<li><strong>Minimalisme contemporain<\/strong> : sobri\u00e9t\u00e9, lignes claires, fonctionnalit\u00e9.<\/li>\n<li><strong>Design biophile<\/strong> : nature, lumi\u00e8re, mat\u00e9riaux organiques.<\/li>\n<li><strong>Vintage \/ r\u00e9tro<\/strong> : codes des ann\u00e9es 70\u201380 r\u00e9interpr\u00e9t\u00e9s.<\/li>\n<li><strong>Maximalisme<\/strong> : couleurs intenses, motifs assum\u00e9s.<\/li>\n<\/ul>\n<h2>Couleurs et mat\u00e9riaux incontournables en ce moment<\/h2>\n<p>\nLes <strong>teintes terreuses<\/strong> dominent les nuanciers actuels&nbsp;: <strong>camel<\/strong>, <strong>terracotta<\/strong>, <strong>ocre<\/strong>, <strong>vert sauge<\/strong>, <strong>bleus profonds<\/strong>. Les analyses de tendance de maisons comme <strong>Dulux Valentine<\/strong> et <strong>Farrow &amp; Ball<\/strong> montrent une progression nette de ces couleurs chaleureuses dans les projets r\u00e9sidentiels depuis 2021. Elles cr\u00e9ent une base enveloppante sur laquelle nous venons poser des accents plus lumineux, comme le <strong>saumon<\/strong> ou le <strong>jaune safran<\/strong>. Les <strong>bois sombres<\/strong>, les <strong>mati\u00e8res brutes<\/strong> (pierre, b\u00e9ton cir\u00e9, enduits min\u00e9raux) structurent les int\u00e9rieurs contemporains, en particulier dans les cuisines ouvertes et les pi\u00e8ces de vie.\n<\/p>\n<p>\nNous observons aussi une mont\u00e9e en puissance du <strong>chrome<\/strong>, des <strong>finitions m\u00e9talliques<\/strong> et des <strong>effets miroir<\/strong>, utilis\u00e9s par des studios comme <strong>Studio KO<\/strong> ou <strong>OMA<\/strong> sur des projets de boutiques et de galeries. Ces surfaces r\u00e9fl\u00e9chissantes captent la lumi\u00e8re, agrandissent visuellement les espaces et apportent une touche futuriste, surtout lorsqu\u2019elles sont combin\u00e9es \u00e0 un fond tr\u00e8s mat. Selon plusieurs \u00e9tudes de march\u00e9 du mobilier publi\u00e9es en 2023, la part des luminaires int\u00e9grant des finitions m\u00e9talliques polies a progress\u00e9 de <u>plus de 20&nbsp;% en trois ans<\/u>.\n<\/p>\n<ul>\n<li>Palette dominante&nbsp;: terracotta, ocres, verts doux, bleus profonds.<\/li>\n<li>Bois sombres et mati\u00e8res min\u00e9rales comme socle.<\/li>\n<li>Chrome, inox poli, miroirs pour moderniser les volumes.<\/li>\n<\/ul>\n<h2>Formes, motifs et volumes qui signent les projets<\/h2>\n<p>\nLes <strong>formes arrondies<\/strong> et les <strong>mobilier sculpturaux<\/strong> s\u2019imposent dans les canap\u00e9s, fauteuils et tables basses. Les catalogues 2024 de <strong>Ligne Roset<\/strong> ou de <strong>Roche Bobois<\/strong> montrent cette tendance \u00e0 la courbe, per\u00e7ue comme plus rassurante et fluide. Sur les murs et les sols, les <strong>motifs g\u00e9om\u00e9triques<\/strong> \u2013 rayures, carreaux, quadrillages \u2013 structurent les espaces. Nous utilisons volontiers des carrelages graphiques dans les salles de bains, ou des tapis \u00e0 motifs abstraits dans les salons, pour dynamiser la composition sans alourdir l\u2019ensemble.\n<\/p>\n<p>\nLes grandes tendances d\u00e9co annonc\u00e9es pour 2025 regroupent des courants comme l\u2019<strong>urban maximalism<\/strong>, le <strong>wabi-sabi<\/strong> revisit\u00e9, le <strong>rustic-chic<\/strong> ou les ambiances plus <strong>futuristes<\/strong> int\u00e9grant technologie et \u00e9clairage LED. Lors du <strong>salon Maison &amp; Objet 2024<\/strong> \u00e0 <strong>Villepinte, \u00cele-de-France<\/strong>, plusieurs stands de grandes maisons de design mettaient en avant ces m\u00e9langes d\u2019\u00e9l\u00e9ments rustiques (bois patin\u00e9s, lin) et de pi\u00e8ces \u00e0 l\u2019esth\u00e9tique tr\u00e8s technologique, comme des luminaires en LED tubulaires ou des \u00e9crans int\u00e9gr\u00e9s.\n<\/p>\n<ul>\n<li>Courbes enveloppantes pour le mobilier principal.<\/li>\n<li>Motifs g\u00e9om\u00e9triques pour structurer murs et sols.<\/li>\n<li>Mariage du <strong>rustic-chic<\/strong> et du langage futuriste.<\/li>\n<\/ul>\n<h2>Donn\u00e9es de march\u00e9 et studios de design inspirants<\/h2>\n<p>\nLe march\u00e9 du <strong>design d\u2019int\u00e9rieur<\/strong> conna\u00eet une croissance r\u00e9guli\u00e8re. Selon plusieurs \u00e9tudes sectorielles publi\u00e9es en 2022\u20132023, la demande en <strong>am\u00e9nagement r\u00e9sidentiel<\/strong> et en <strong>design de bureaux<\/strong> aurait progress\u00e9 de <u>10 \u00e0 15&nbsp;% en Europe de l\u2019Ouest<\/u> depuis la g\u00e9n\u00e9ralisation du t\u00e9l\u00e9travail. Les analyses d\u2019<strong>Eurostat<\/strong> montrent aussi une hausse sensible des d\u00e9penses des m\u00e9nages en ameublement et d\u00e9coration entre 2020 et 2023. Nous constatons, sur le terrain, un int\u00e9r\u00eat marqu\u00e9 pour le <strong>mobilier modulable<\/strong> et les solutions de <strong>r\u00e9novation \u00e9nerg\u00e9tique<\/strong>.\n<\/p>\n<p>\nDes acteurs comme <strong>Norm Architects<\/strong> au <strong>Danemark<\/strong>, <strong>Studio Ilse<\/strong> au <strong>Royaume-Uni<\/strong> ou les agences fran\u00e7aises <strong>Cut Architectures<\/strong> et <strong>Heju Studio<\/strong> illustrent bien cette synth\u00e8se entre minimalisme, biophilie, technologie et durabilit\u00e9. Leurs projets r\u00e9cents combinent lumi\u00e8re \u00e9tudi\u00e9e, mat\u00e9riaux responsables, domotique discr\u00e8te et sc\u00e9narios d\u2019usage tr\u00e8s pouss\u00e9s. Nous partageons cette voie&nbsp;: un design \u00e0 la fois sensible, mesur\u00e9 et tr\u00e8s connect\u00e9 aux contraintes environnementales.\n<\/p>\n<ul>\n<li>Croissance annuelle estim\u00e9e entre <u>10 et 15&nbsp;%<\/u> du march\u00e9 en Europe de l\u2019Ouest.<\/li>\n<li>Mont\u00e9e forte du mobilier modulable et des r\u00e9novations globales.<\/li>\n<li>Studios de r\u00e9f\u00e9rence : <strong>Norm Architects<\/strong>, <strong>Studio Ilse<\/strong>, <strong>Heju Studio<\/strong>.<\/li>\n<\/ul>\n<h2>Configurer des espaces vraiment fonctionnels<\/h2>\n<p>\nUn projet s\u00e9rieux commence toujours par une analyse approfondie des <strong>besoins des utilisateurs<\/strong>. Nous observons le nombre d\u2019occupants, les habitudes de vie (t\u00e9l\u00e9travail, r\u00e9ception, activit\u00e9s des enfants, pr\u00e9sence d\u2019animaux), les contraintes de sant\u00e9 (mobilit\u00e9 r\u00e9duite, troubles sensoriels), les horaires, les routines. Lors d\u2019une r\u00e9novation d\u2019un appartement familial \u00e0 <strong>Toulouse<\/strong> en 2023, le fait d\u2019int\u00e9grer deux jours de t\u00e9l\u00e9travail pour chacun des parents et les besoins d\u2019un adolescent musicien a profond\u00e9ment modifi\u00e9 la r\u00e9partition des pi\u00e8ces.\n<\/p>\n<p>\nLes <strong>entretiens<\/strong> et le <strong>brief client<\/strong> donnent lieu \u00e0 des <strong>plans d\u2019usage<\/strong> et \u00e0 des <strong>parcours<\/strong> dans l\u2019espace, que nous cartographions parfois presque comme un flux logistique. Nous recommandons aux futurs occupants de lister pendant une semaine toutes les frustrations mat\u00e9rielles du quotidien (manque de prises, d\u2019assises, de lumi\u00e8re, de rangements), ce qui alimente ensuite le cahier des charges.\n<\/p>\n<ul>\n<li>Analyse fine du mode de vie et des contraintes physiques.<\/li>\n<li>Entretiens structur\u00e9s et brief \u00e9crit d\u00e9taill\u00e9.<\/li>\n<li>Plans d\u2019usage et cartographie des parcours domestiques.<\/li>\n<\/ul>\n<h2>Optimiser un petit appartement : chaque centim\u00e8tre compte<\/h2>\n<p>\nLes surfaces r\u00e9duites, typiques des studios de 18 \u00e0 25&nbsp;m? \u00e0 <strong>Paris<\/strong>, <strong>Marseille<\/strong> ou <strong>Gen\u00e8ve<\/strong>, imposent une recherche de <strong>flexibilit\u00e9<\/strong>. Nous utilisons des <strong>meubles multifonctions<\/strong> (canap\u00e9-lit de qualit\u00e9, table escamotable, banquettes-coffres), des <strong>rangements en hauteur<\/strong> sur toute la sous-pente, des <strong>cloisons mobiles<\/strong> ou coulissantes, des lits <strong>escamotables<\/strong> repliables dans un caisson sur mesure. Les fabricants comme <strong>Resource Furniture<\/strong> ou des menuisiers fran\u00e7ais sur mesure proposent d\u00e9sormais des syst\u00e8mes test\u00e9s pour des cycles d\u2019ouverture\/fermeture tr\u00e8s \u00e9lev\u00e9s.\n<\/p>\n<p>\nSur un studio de 21&nbsp;m? \u00e0 <strong>Montreuil<\/strong>, nous avons s\u00e9par\u00e9 un <strong>coin nuit<\/strong> par une verri\u00e8re coulissante, cr\u00e9\u00e9 un <strong>coin travail<\/strong> dissimul\u00e9 dans un placard, et un <strong>coin repas<\/strong> mat\u00e9rialis\u00e9 par une tablette pliante. Le r\u00e9sultat&nbsp;: un logement modulable qui fonctionne pour une personne seule comme pour un couple, sans sensation d\u2019encombrement. Cette <u>flexibilit\u00e9 des espaces<\/u> \u2013 cuisine-bureau, salon-chambre d\u2019appoint \u2013 constitue, selon les agences immobili\u00e8res, un atout majeur sur le march\u00e9 locatif.\n<\/p>\n<ul>\n<li>Utilisation maximale de la hauteur (mezzanines, rangements hauts).<\/li>\n<li>Mobilier modulable et escamotable \u00e0 haute fr\u00e9quence d\u2019usage.<\/li>\n<li>Espaces hybrides, \u00e9volutifs selon les moments de la journ\u00e9e.<\/li>\n<\/ul>\n<h2>Concevoir des bureaux et espaces professionnels performants<\/h2>\n<p>\nLes <strong>bureaux<\/strong> et les lieux de <strong>coworking<\/strong> se transforment rapidement, sous l\u2019effet du t\u00e9l\u00e9travail et des nouvelles attentes des salari\u00e9s. L\u2019<strong>ergonomie des postes<\/strong> (hauteur de plan de travail, assises r\u00e9glables, \u00e9clairage, acoustique) s\u2019accompagne de la cr\u00e9ation de <strong>zones de concentration<\/strong> et de <strong>zones de collaboration<\/strong>. Les donn\u00e9es publi\u00e9es par des entreprises de mobilier de bureau comme <strong>Steelcase<\/strong> indiquent que des espaces correctement am\u00e9nag\u00e9s peuvent accro\u00eetre l\u2019<u>engagement des \u00e9quipes de 10 \u00e0 20&nbsp;%<\/u> et r\u00e9duire l\u2019absent\u00e9isme.\n<\/p>\n<p>\nNous structurons souvent les plateaux en plusieurs types de zones&nbsp;: bureaux individuels calmes, salles de r\u00e9union modulables avec cloisons mobiles, <strong>phone booths<\/strong> pour les visioconf\u00e9rences, espaces informels avec canap\u00e9s et tables hautes. Dans les nouveaux locaux de start-ups tech \u00e0 <strong>Station F, Paris<\/strong>, ce type de zoning, associ\u00e9 \u00e0 un design chaleureux et biophile, attire les talents et renforce la marque employeur.\n<\/p>\n<ul>\n<li>Postes de travail ergonomiques et r\u00e9glables.<\/li>\n<li>Espaces hybrides : coworking, phone booths, zones d\u00e9tente.<\/li>\n<li>Impact mesur\u00e9 sur productivit\u00e9, engagement et fid\u00e9lisation.<\/li>\n<\/ul>\n<h2>Placer l\u2019ergonomie au centre du design int\u00e9rieur<\/h2>\n<p>\n<u>L\u2019ergonomie est la science qui vise \u00e0 adapter l\u2019espace, les outils et les postes de travail aux capacit\u00e9s et aux besoins humains, pour r\u00e9duire la fatigue et les risques de blessures<\/u>. Dans le design int\u00e9rieur, cela se traduit par des rep\u00e8res chiffr\u00e9s pr\u00e9cis&nbsp;: hauteur recommand\u00e9e d\u2019un plan de travail de cuisine autour de <u>90&nbsp;cm<\/u>, hauteur d\u2019une table de repas autour de <u>74\u201375&nbsp;cm<\/u>, d\u00e9gagement minimal de <u>80\u201390&nbsp;cm<\/u> derri\u00e8re une chaise pour circuler confortablement.\n<\/p>\n<p>\nLes normes d\u2019<strong>accessibilit\u00e9<\/strong> (notamment pour les <strong>ERP<\/strong> en <strong>France<\/strong>) exigent des largeurs minimales de <u>1,20&nbsp;m<\/u> pour certains couloirs, des pentes adapt\u00e9es pour les rampes, des hauteurs sp\u00e9cifiques pour les interrupteurs. Nous int\u00e9grons ces donn\u00e9es d\u00e8s les premiers plans, afin de limiter les corrections en chantier. Sur le long terme, un projet ergonomique r\u00e9duit les <strong>troubles musculo-squelettiques<\/strong>, la <strong>fatigue visuelle<\/strong> et la surcharge mentale.\n<\/p>\n<ul>\n<li>Hauteurs standard des plans et assises respect\u00e9es.<\/li>\n<li>Circulations dimensionn\u00e9es pour une accessibilit\u00e9 r\u00e9elle.<\/li>\n<li>R\u00e9duction des risques physiques et de la fatigue au quotidien.<\/li>\n<\/ul>\n<h2>Technologies intelligentes et confort d\u2019usage<\/h2>\n<p>\nLa <strong>domotique<\/strong> et les <strong>technologies intelligentes<\/strong> transforment le design int\u00e9rieur en profondeur. Les syst\u00e8mes comme <strong>Philips Hue<\/strong>, <strong>Somfy TaHoma<\/strong> ou les \u00e9cosyst\u00e8mes <strong>Apple HomeKit<\/strong> et <strong>Google Home<\/strong> permettent de piloter l\u2019<strong>\u00e9clairage<\/strong>, le <strong>chauffage<\/strong>, les <strong>volets roulants<\/strong>, la <strong>s\u00e9curit\u00e9<\/strong> et certains appareils depuis un smartphone. Nous observons une demande croissante pour ces solutions, en particulier dans les r\u00e9novations compl\u00e8tes d\u2019appartements urbains.\n<\/p>\n<p>\nL\u2019enjeu consiste \u00e0 int\u00e9grer ces technologies de fa\u00e7on discr\u00e8te&nbsp;: enceintes encastr\u00e9es, commandes murales tactiles, <strong>capteurs de pr\u00e9sence<\/strong>, \u00e9clairage adaptatif qui ajuste l\u2019intensit\u00e9 et la temp\u00e9rature de couleur en fonction de la lumi\u00e8re du jour. Selon des retours d\u2019exp\u00e9rience dans le r\u00e9sidentiel haut de gamme \u00e0 <strong>Gen\u00e8ve<\/strong> et <strong>Monaco<\/strong>, la gestion intelligente des sc\u00e9narios lumineux et des temp\u00e9ratures permet des \u00e9conomies d\u2019\u00e9nergie de l\u2019ordre de <u>15 \u00e0 25&nbsp;%<\/u>, tout en augmentant nettement le confort ressenti.\n<\/p>\n<ul>\n<li>\u00c9cosyst\u00e8mes domotiques interop\u00e9rables (\u00e9clairage, chauffage, s\u00e9curit\u00e9).<\/li>\n<li>Int\u00e9gration discr\u00e8te dans murs, plafonds et meubles.<\/li>\n<li>Confort accru et baisse mesurable de la consommation \u00e9nerg\u00e9tique.<\/li>\n<\/ul>\n<h2>Psychologie des couleurs et ambiance sur mesure<\/h2>\n<p>\nLa <strong>psychologie des couleurs<\/strong> montre que les teintes influencent l\u2019<strong>humeur<\/strong>, la <strong>motivation<\/strong> et la <strong>sensation de confort<\/strong>. Les <strong>bleus<\/strong> et <strong>verts<\/strong> doux favorisent l\u2019apaisement, les <strong>neutres chauds<\/strong> (beige, gr\u00e8ge, sable) renforcent le c\u00f4t\u00e9 cocon, les <strong>jaunes<\/strong> et <strong>oranges<\/strong> stimulent la convivialit\u00e9. Des \u00e9tudes utilis\u00e9es par des assureurs comme <strong>Macif<\/strong> pour leurs contenus \u00e9ditoriaux soulignent le lien ressenti entre d\u00e9coration harmonieuse et bien-\u00eatre&nbsp;: <u>82&nbsp;% des personnes interrog\u00e9es associent une maison bien d\u00e9cor\u00e9e \u00e0 un sentiment de bien-\u00eatre<\/u>.\n<\/p>\n<p>\nNous recommandons des chambres couvertes de teintes sourdes (vert sauge, bleu gris\u00e9), des cuisines et salles \u00e0 manger port\u00e9es par des neutres chauds soutenus par un accent plus soutenu (ocre, terracotta), et des bureaux plut\u00f4t tourn\u00e9s vers les bleus ou verts moyens, propices \u00e0 la concentration. Les palettes inspir\u00e9es des nuanciers actuels de <strong>Pantone<\/strong>, de <strong>Tollens<\/strong> ou de <strong>Sikkens<\/strong> offrent un large \u00e9ventail coh\u00e9rent, que nous ajustons \u00e0 l\u2019orientation et \u00e0 la luminosit\u00e9.\n<\/p>\n<ul>\n<li>Couleurs apaisantes pour la nuit, stimulantes pour les espaces de jour.<\/li>\n<li>Neutres chauds comme base, accents color\u00e9s choisis avec parcimonie.<\/li>\n<li>Alignement de la palette avec les usages de chaque pi\u00e8ce.<\/li>\n<\/ul>\n<h2>Construire une palette de couleurs coh\u00e9rente<\/h2>\n<p>\nNous partons souvent d\u2019un <u>point focal<\/u> \u2013 un grand <strong>tapis<\/strong>, une <strong>\u0153uvre d\u2019art<\/strong>, un <strong>canap\u00e9 color\u00e9<\/strong> \u2013 pour b\u00e2tir la palette. Autour de cet \u00e9l\u00e9ment, nous d\u00e9finissons une couleur principale, une ou deux couleurs secondaires et quelques touches d\u2019<strong>accent<\/strong>. Le syst\u00e8me <strong>Pantone<\/strong>, tr\u00e8s utilis\u00e9 dans la mode et le design, influence les collections de peintures, de textiles et de mobilier. La <strong>Couleur de l\u2019ann\u00e9e Pantone<\/strong> \u2013 par exemple <strong>Very Peri<\/strong> en 2022 \u2013 se retrouve r\u00e9guli\u00e8rement dans les accessoires et les tissus d\u2019ameublement.\n<\/p>\n<p>\nNous privil\u00e9gions souvent trois grands sch\u00e9mas : <strong>neutres + accent color\u00e9<\/strong> (un salon beige r\u00e9veill\u00e9 par un canap\u00e9 bleu intense), <strong>tons sur tons<\/strong> (d\u00e9grad\u00e9s d\u2019un m\u00eame vert dans un bureau), et <strong>contrastes compl\u00e9mentaires<\/strong> (bleu\/orange, violet\/jaune) utilis\u00e9s par touches. La coh\u00e9rence globale se joue aussi sur la r\u00e9p\u00e9tition de certaines couleurs d\u2019une pi\u00e8ce \u00e0 l\u2019autre, cr\u00e9ant un fil conducteur dans tout le logement.\n<\/p>\n<ul>\n<li>Choix d\u2019un \u00e9l\u00e9ment fort comme point de d\u00e9part de la palette.<\/li>\n<li>Combinaisons neutres + accent, tons sur tons ou compl\u00e9mentaires.<\/li>\n<li>R\u00e9p\u00e9tition de teintes cl\u00e9s pour unifier l\u2019ensemble du logement.<\/li>\n<\/ul>\n<h2>Ma\u00eetriser les trois grandes familles d\u2019\u00e9clairage<\/h2>\n<p>\nNous distinguons trois types d\u2019<strong>\u00e9clairage<\/strong>&nbsp;: l\u2019<u>\u00e9clairage g\u00e9n\u00e9ral<\/u>, qui assure la lumi\u00e8re de fond (plafonniers, suspensions), l\u2019<u>\u00e9clairage d\u2019ambiance<\/u> (lampes \u00e0 poser, rubans LED indirects) qui cr\u00e9e la chaleur, et l\u2019<u>\u00e9clairage fonctionnel<\/u> (appliques de lecture, spots de plan de travail) qui accompagne une t\u00e2che pr\u00e9cise. L\u2019enjeu est de superposer ces couches pour \u00e9viter les zones d\u2019ombre agressives et permettre des sc\u00e9narios lumineux vari\u00e9s selon les moments de la journ\u00e9e.\n<\/p>\n<p>\nLes tendances 2025 mettent en avant des <strong>lampes sculpturales<\/strong>, des jeux de <strong>LED int\u00e9gr\u00e9es<\/strong> dans les meubles, des effets lumineux plus futuristes dans les salons et les espaces m\u00e9dias. Les grands salons internationaux, comme <strong>Euroluce<\/strong> au <strong>Salone del Mobile de Milan<\/strong>, mettent en avant des luminaires tr\u00e8s graphiques, souvent dimmables, avec une temp\u00e9rature de couleur ajustable pour passer d\u2019une ambiance de travail \u00e0 une ambiance plus intime.\n<\/p>\n<ul>\n<li>\u00c9clairage g\u00e9n\u00e9ral, d\u2019ambiance et fonctionnel combin\u00e9s.<\/li>\n<li>Luminaires sculpturaux comme \u00e9l\u00e9ments de design \u00e0 part enti\u00e8re.<\/li>\n<li>Utilisation de LED dimmables pour adapter l\u2019atmosph\u00e8re.<\/li>\n<\/ul>\n<h2>Transformer un espace par la lumi\u00e8re : cas concrets<\/h2>\n<p>\nNous avons transform\u00e9 un salon sombre situ\u00e9 en rez-de-chauss\u00e9e \u00e0 <strong>Nantes<\/strong> en combinant des <strong>miroirs aux formes organiques<\/strong>, un \u00e9clairage indirect via des corniches LED, et quelques touches de <strong>chrome poli<\/strong> sur les luminaires. R\u00e9sultat&nbsp;: une pi\u00e8ce per\u00e7ue comme nettement plus vaste et lumineuse, sans ouvrir de nouvelle fen\u00eatre. L\u2019utilisation de peintures l\u00e9g\u00e8rement satin\u00e9es sur les murs a \u00e9galement contribu\u00e9 \u00e0 renvoyer la lumi\u00e8re.\n<\/p>\n<p>\nDans une petite cuisine de 7&nbsp;m? \u00e0 <strong>Lille<\/strong>, l\u2019ajout de <strong>spots orientables<\/strong> au plafond, de bandes LED sous meubles hauts, et d\u2019un plan de travail clair a permis d\u2019augmenter nettement le confort visuel. Les utilisateurs y gagnent en pr\u00e9cision pour les t\u00e2ches de pr\u00e9paration, tout en profitant d\u2019une ambiance douce lors des repas. Ce type de reconfigurations lumineuses est l\u2019un des leviers les plus efficaces pour am\u00e9liorer le quotidien sans travaux lourds.\n<\/p>\n<ul>\n<li>Miroirs et surfaces r\u00e9fl\u00e9chissantes pour amplifier la lumi\u00e8re.<\/li>\n<li>\u00c9clairages indirects pour une atmosph\u00e8re plus douce.<\/li>\n<li>\u00c9clairage fonctionnel d\u00e9di\u00e9 aux zones de travail.<\/li>\n<\/ul>\n<h2>R\u00e9f\u00e9rences et designers de la couleur et de la lumi\u00e8re<\/h2>\n<p>\nPlusieurs designers et agences sont devenus des r\u00e9f\u00e9rences pour leur travail sur la <strong>couleur<\/strong> et la <strong>lumi\u00e8re<\/strong>. Nous pensons \u00e0 <strong>India Mahdavi, architecte d\u2019int\u00e9rieur<\/strong>, connue pour ses palettes chromatiques audacieuses dans des lieux comme le restaurant <strong>Sketch<\/strong> \u00e0 <strong>Londres<\/strong>, ou \u00e0 <strong>Pierre Yovanovitch<\/strong>, dont les projets r\u00e9sidentiels m\u00ealent lumi\u00e8re naturelle et \u00e9clairage tr\u00e8s ma\u00eetris\u00e9. Leur approche montre comment la couleur peut servir de <u>fil narratif<\/u> dans un projet, et la lumi\u00e8re de v\u00e9ritable outil de mise en sc\u00e8ne.\n<\/p>\n<p>\nSur le terrain, nous nous inspirons aussi des recherches techniques de fabricants comme <strong>Artemide<\/strong> ou <strong>Flos<\/strong>, qui publient des donn\u00e9es pr\u00e9cises sur la <strong>temp\u00e9rature de couleur<\/strong>, l\u2019<strong>indice de rendu des couleurs (IRC)<\/strong> et la gestion de l\u2019<strong>\u00e9blouissement<\/strong>. Ces param\u00e8tres influencent fortement la qualit\u00e9 de perception d\u2019un espace, en particulier pour les bureaux, les galeries ou les espaces commerciaux.\n<\/p>\n<ul>\n<li>Utilisation de la couleur comme storytelling spatial.<\/li>\n<li>Lumi\u00e8re comme outil de mise en sc\u00e8ne et de confort visuel.<\/li>\n<li>R\u00e9f\u00e9rences techniques : <strong>IRC<\/strong>, temp\u00e9rature de couleur, \u00e9blouissement.<\/li>\n<\/ul>\n<h2>Comp\u00e9tences cl\u00e9s des designers int\u00e9rieurs<\/h2>\n<p>\nLe m\u00e9tier de <strong>designer d\u2019int\u00e9rieur<\/strong> exige de solides <strong>comp\u00e9tences cr\u00e9atives<\/strong> et conceptuelles. Nous devons \u00eatre capables de raconter une <u>histoire spatiale<\/u> coh\u00e9rente, de composer volumes, couleurs et mati\u00e8res pour traduire un <strong>brief client<\/strong> en concept fort, puis en plan d\u2019am\u00e9nagement, en <strong>moodboard<\/strong>, en s\u00e9lection de mat\u00e9riaux et de mobilier. Un bon projet se lit comme un r\u00e9cit&nbsp;: des entr\u00e9es, des respirations, des moments de surprise, des zones de calme.\n<\/p>\n<p>\nCette dimension cr\u00e9ative s\u2019enrichit de r\u00e9f\u00e9rences vari\u00e9es \u2013 architecture, art, design produit, photographie \u2013 et d\u2019une culture des tendances, nourrie par des \u00e9v\u00e9nements comme le <strong>CES 2024 de Las Vegas<\/strong> pour les innovations domotiques, ou le <strong>Salone del Mobile 2024<\/strong> \u00e0 <strong>Milan<\/strong> pour le mobilier. Notre avis professionnel est que la cr\u00e9ativit\u00e9 doit rester au service de l\u2019usage, non l\u2019inverse.\n<\/p>\n<ul>\n<li>Storytelling spatial et construction d\u2019un concept global.<\/li>\n<li>Traduction du brief en plans, moodboards et choix mat\u00e9riaux.<\/li>\n<li>Veille constante sur les tendances et innovations.<\/li>\n<\/ul>\n<h2>Ma\u00eetrise des outils techniques et num\u00e9riques<\/h2>\n<p>\nLes designers int\u00e9rieurs travaillent aujourd\u2019hui avec des outils num\u00e9riques avanc\u00e9s. Les logiciels de <strong>CAO\/DAO<\/strong> comme <strong>AutoCAD<\/strong>, les solutions de <strong>mod\u00e9lisation 3D<\/strong> telles que <strong>SketchUp<\/strong>, <strong>Revit<\/strong> (BIM) ou les moteurs de rendu <strong>V-Ray<\/strong> et <strong>Twinmotion<\/strong> permettent de produire des plans pr\u00e9cis et des visualisations r\u00e9alistes. Ces maquettes facilitent les arbitrages avec les clients et les \u00e9changes avec les entreprises de travaux.\n<\/p>\n<p>\nNous devons aussi ma\u00eetriser les <strong>normes \u00e9lectriques<\/strong>, les exigences de <strong>s\u00e9curit\u00e9 incendie<\/strong>, les r\u00e8gles d\u2019<\/p>\n","protected":false},"excerpt":{"rendered":"","protected":false},"author":34,"featured_media":7751,"comment_status":"open","ping_status":"open","sticky":false,"template":"","format":"standard","meta":{"_acf_changed":false,"manual_indexmenow":false,"indexmenow_id_project":0,"footnotes":""},"categories":[4522],"tags":[4802,4800,4801],"class_list":["post-7749","post","type-post","status-publish","format-standard","has-post-thumbnail","hentry","category-lifestyle-et-design","tag-deco-interieur","tag-design-interieur","tag-optimisation-espace","generate-columns","tablet-grid-50","mobile-grid-100","grid-parent","grid-25"],"acf":[],"yoast_head":"<!-- This site is optimized with the Yoast SEO Premium plugin v21.3 (Yoast SEO v25.6) - https:\/\/yoast.com\/wordpress\/plugins\/seo\/ -->\n<title>Design int\u00e9rieur : optimiser espace, confort et style<\/title>\n<meta name=\"description\" content=\"Le design int\u00e9rieur d\u00e9signe l\u2019art et la technique de structurer l\u2019espace int\u00e9rieur pour optimiser l\u2019usage, le confort et l\u2019esth\u00e9tique. Concr\u00e8tement, il\" \/>\n<meta name=\"robots\" content=\"index, follow, max-snippet:-1, max-image-preview:large, max-video-preview:-1\" \/>\n<link rel=\"canonical\" href=\"https:\/\/greenwichmeridien.fr\/blog\/lifestyle-et-design\/les-cles-du-design-interieur-optimiser-espace-confort-et-style\/\" \/>\n<meta property=\"og:locale\" content=\"fr_FR\" \/>\n<meta property=\"og:type\" content=\"article\" \/>\n<meta property=\"og:title\" content=\"Design int\u00e9rieur : optimiser espace, confort et style\" \/>\n<meta property=\"og:description\" content=\"Le design int\u00e9rieur d\u00e9signe l\u2019art et la technique de structurer l\u2019espace int\u00e9rieur pour optimiser l\u2019usage, le confort et l\u2019esth\u00e9tique. Concr\u00e8tement, il\" \/>\n<meta property=\"og:url\" content=\"https:\/\/greenwichmeridien.fr\/blog\/lifestyle-et-design\/les-cles-du-design-interieur-optimiser-espace-confort-et-style\/\" \/>\n<meta property=\"og:site_name\" content=\"greenwichmeridien\" \/>\n<meta property=\"og:image\" content=\"https:\/\/greenwichmeridien.fr\/blog\/wp-content\/uploads\/2025\/12\/pag-image-69403195861d3-scaled.png\" \/>\n\t<meta property=\"og:image:width\" content=\"1200\" \/>\n\t<meta property=\"og:image:height\" content=\"686\" \/>\n\t<meta property=\"og:image:type\" content=\"image\/png\" \/>\n<meta name=\"author\" content=\"Samuel Chalmin\" \/>\n<meta name=\"twitter:card\" content=\"summary_large_image\" \/>\n<script type=\"application\/ld+json\" class=\"yoast-schema-graph\">{\"@context\":\"https:\/\/schema.org\",\"@graph\":[{\"@type\":\"NewsArticle\",\"@id\":\"https:\/\/greenwichmeridien.fr\/blog\/lifestyle-et-design\/les-cles-du-design-interieur-optimiser-espace-confort-et-style\/#article\",\"isPartOf\":{\"@id\":\"https:\/\/greenwichmeridien.fr\/blog\/lifestyle-et-design\/les-cles-du-design-interieur-optimiser-espace-confort-et-style\/\"},\"author\":{\"name\":\"Samuel Chalmin\",\"@id\":\"https:\/\/greenwichmeridien.fr\/blog\/#\/schema\/person\/3c864cdc320801e3db34b663e7e3f816\"},\"headline\":\"Les cl\u00e9s du design int\u00e9rieur : optimiser espace, confort et style\",\"datePublished\":\"2026-02-26T08:03:00+00:00\",\"dateModified\":\"2026-08-24T23:31:57+00:00\",\"mainEntityOfPage\":{\"@id\":\"https:\/\/greenwichmeridien.fr\/blog\/lifestyle-et-design\/les-cles-du-design-interieur-optimiser-espace-confort-et-style\/\"},\"wordCount\":4070,\"commentCount\":0,\"publisher\":{\"@id\":\"https:\/\/greenwichmeridien.fr\/blog\/#organization\"},\"image\":{\"@id\":\"https:\/\/greenwichmeridien.fr\/blog\/lifestyle-et-design\/les-cles-du-design-interieur-optimiser-espace-confort-et-style\/#primaryimage\"},\"thumbnailUrl\":\"https:\/\/greenwichmeridien.fr\/blog\/wp-content\/uploads\/2025\/12\/pag-image-69403195861d3-scaled.png\",\"keywords\":[\"deco interieur\",\"design interieur\",\"optimisation espace\"],\"articleSection\":[\"Lifestyle et Design\"],\"inLanguage\":\"fr-FR\",\"potentialAction\":[{\"@type\":\"CommentAction\",\"name\":\"Comment\",\"target\":[\"https:\/\/greenwichmeridien.fr\/blog\/lifestyle-et-design\/les-cles-du-design-interieur-optimiser-espace-confort-et-style\/#respond\"]}]},{\"@type\":\"WebPage\",\"@id\":\"https:\/\/greenwichmeridien.fr\/blog\/lifestyle-et-design\/les-cles-du-design-interieur-optimiser-espace-confort-et-style\/\",\"url\":\"https:\/\/greenwichmeridien.fr\/blog\/lifestyle-et-design\/les-cles-du-design-interieur-optimiser-espace-confort-et-style\/\",\"name\":\"Design int\u00e9rieur : optimiser espace, confort et style\",\"isPartOf\":{\"@id\":\"https:\/\/greenwichmeridien.fr\/blog\/#website\"},\"primaryImageOfPage\":{\"@id\":\"https:\/\/greenwichmeridien.fr\/blog\/lifestyle-et-design\/les-cles-du-design-interieur-optimiser-espace-confort-et-style\/#primaryimage\"},\"image\":{\"@id\":\"https:\/\/greenwichmeridien.fr\/blog\/lifestyle-et-design\/les-cles-du-design-interieur-optimiser-espace-confort-et-style\/#primaryimage\"},\"thumbnailUrl\":\"https:\/\/greenwichmeridien.fr\/blog\/wp-content\/uploads\/2025\/12\/pag-image-69403195861d3-scaled.png\",\"datePublished\":\"2026-02-26T08:03:00+00:00\",\"dateModified\":\"2026-08-24T23:31:57+00:00\",\"description\":\"Le design int\u00e9rieur d\u00e9signe l\u2019art et la technique de structurer l\u2019espace int\u00e9rieur pour optimiser l\u2019usage, le confort et l\u2019esth\u00e9tique. Concr\u00e8tement, il\",\"inLanguage\":\"fr-FR\",\"potentialAction\":[{\"@type\":\"ReadAction\",\"target\":[\"https:\/\/greenwichmeridien.fr\/blog\/lifestyle-et-design\/les-cles-du-design-interieur-optimiser-espace-confort-et-style\/\"]}]},{\"@type\":\"ImageObject\",\"inLanguage\":\"fr-FR\",\"@id\":\"https:\/\/greenwichmeridien.fr\/blog\/lifestyle-et-design\/les-cles-du-design-interieur-optimiser-espace-confort-et-style\/#primaryimage\",\"url\":\"https:\/\/greenwichmeridien.fr\/blog\/wp-content\/uploads\/2025\/12\/pag-image-69403195861d3-scaled.png\",\"contentUrl\":\"https:\/\/greenwichmeridien.fr\/blog\/wp-content\/uploads\/2025\/12\/pag-image-69403195861d3-scaled.png\",\"width\":1200,\"height\":686,\"caption\":\"Image g\u00e9n\u00e9r\u00e9e par IA optimis\u00e9e pour Google Discover\"},{\"@type\":\"WebSite\",\"@id\":\"https:\/\/greenwichmeridien.fr\/blog\/#website\",\"url\":\"https:\/\/greenwichmeridien.fr\/blog\/\",\"name\":\"Greenwich M\u00e9ridien\",\"description\":\"Greenwich M\u00e9ridien, le rep\u00e8re du temps et du voyage\",\"publisher\":{\"@id\":\"https:\/\/greenwichmeridien.fr\/blog\/#organization\"},\"alternateName\":\"Greenwich M\u00e9ridien, le rep\u00e8re du temps et du voyage\",\"potentialAction\":[{\"@type\":\"SearchAction\",\"target\":{\"@type\":\"EntryPoint\",\"urlTemplate\":\"https:\/\/greenwichmeridien.fr\/blog\/?s={search_term_string}\"},\"query-input\":{\"@type\":\"PropertyValueSpecification\",\"valueRequired\":true,\"valueName\":\"search_term_string\"}}],\"inLanguage\":\"fr-FR\"},{\"@type\":\"Organization\",\"@id\":\"https:\/\/greenwichmeridien.fr\/blog\/#organization\",\"name\":\"Greenwich M\u00e9ridien\",\"alternateName\":\"Greenwich M\u00e9ridien\",\"url\":\"https:\/\/greenwichmeridien.fr\/blog\/\",\"logo\":{\"@type\":\"ImageObject\",\"inLanguage\":\"fr-FR\",\"@id\":\"https:\/\/greenwichmeridien.fr\/blog\/#\/schema\/logo\/image\/\",\"url\":\"https:\/\/greenwichmeridien.fr\/blog\/wp-content\/uploads\/2024\/12\/greenwichmeridien.png\",\"contentUrl\":\"https:\/\/greenwichmeridien.fr\/blog\/wp-content\/uploads\/2024\/12\/greenwichmeridien.png\",\"width\":500,\"height\":500,\"caption\":\"Greenwich M\u00e9ridien\"},\"image\":{\"@id\":\"https:\/\/greenwichmeridien.fr\/blog\/#\/schema\/logo\/image\/\"}},{\"@type\":\"Person\",\"@id\":\"https:\/\/greenwichmeridien.fr\/blog\/#\/schema\/person\/3c864cdc320801e3db34b663e7e3f816\",\"name\":\"Samuel Chalmin\",\"image\":{\"@type\":\"ImageObject\",\"inLanguage\":\"fr-FR\",\"@id\":\"https:\/\/greenwichmeridien.fr\/blog\/#\/schema\/person\/image\/\",\"url\":\"https:\/\/secure.gravatar.com\/avatar\/cef3677de7d237273d13053728f9470818581a8a27d9bf6f5039fd18508a905f?s=96&d=mm&r=g\",\"contentUrl\":\"https:\/\/secure.gravatar.com\/avatar\/cef3677de7d237273d13053728f9470818581a8a27d9bf6f5039fd18508a905f?s=96&d=mm&r=g\",\"caption\":\"Samuel Chalmin\"},\"description\":\"R\u00e9dacteur du site, il suit les questions de temps et de calendrier : m\u00e9ridien de Greenwich, heure GMT et UTC, fuseaux horaires, changement d'heure, ann\u00e9es bissextiles et jours f\u00e9ri\u00e9s.\",\"sameAs\":[\"https:\/\/samuelchalmin.fr\/\"],\"url\":\"https:\/\/greenwichmeridien.fr\/blog\/auteur\/noname\/\"}]}<\/script>\n<!-- \/ Yoast SEO Premium plugin. -->","yoast_head_json":{"title":"Design int\u00e9rieur : optimiser espace, confort et style","description":"Le design int\u00e9rieur d\u00e9signe l\u2019art et la technique de structurer l\u2019espace int\u00e9rieur pour optimiser l\u2019usage, le confort et l\u2019esth\u00e9tique. Concr\u00e8tement, il","robots":{"index":"index","follow":"follow","max-snippet":"max-snippet:-1","max-image-preview":"max-image-preview:large","max-video-preview":"max-video-preview:-1"},"canonical":"https:\/\/greenwichmeridien.fr\/blog\/lifestyle-et-design\/les-cles-du-design-interieur-optimiser-espace-confort-et-style\/","og_locale":"fr_FR","og_type":"article","og_title":"Design int\u00e9rieur : optimiser espace, confort et style","og_description":"Le design int\u00e9rieur d\u00e9signe l\u2019art et la technique de structurer l\u2019espace int\u00e9rieur pour optimiser l\u2019usage, le confort et l\u2019esth\u00e9tique. Concr\u00e8tement, il","og_url":"https:\/\/greenwichmeridien.fr\/blog\/lifestyle-et-design\/les-cles-du-design-interieur-optimiser-espace-confort-et-style\/","og_site_name":"greenwichmeridien","og_image":[{"width":1200,"height":686,"url":"https:\/\/greenwichmeridien.fr\/blog\/wp-content\/uploads\/2025\/12\/pag-image-69403195861d3-scaled.png","type":"image\/png"}],"author":"Samuel Chalmin","twitter_card":"summary_large_image","schema":{"@context":"https:\/\/schema.org","@graph":[{"@type":"NewsArticle","@id":"https:\/\/greenwichmeridien.fr\/blog\/lifestyle-et-design\/les-cles-du-design-interieur-optimiser-espace-confort-et-style\/#article","isPartOf":{"@id":"https:\/\/greenwichmeridien.fr\/blog\/lifestyle-et-design\/les-cles-du-design-interieur-optimiser-espace-confort-et-style\/"},"author":{"name":"Samuel Chalmin","@id":"https:\/\/greenwichmeridien.fr\/blog\/#\/schema\/person\/3c864cdc320801e3db34b663e7e3f816"},"headline":"Les cl\u00e9s du design int\u00e9rieur : optimiser espace, confort et style","datePublished":"2026-02-26T08:03:00+00:00","dateModified":"2026-08-24T23:31:57+00:00","mainEntityOfPage":{"@id":"https:\/\/greenwichmeridien.fr\/blog\/lifestyle-et-design\/les-cles-du-design-interieur-optimiser-espace-confort-et-style\/"},"wordCount":4070,"commentCount":0,"publisher":{"@id":"https:\/\/greenwichmeridien.fr\/blog\/#organization"},"image":{"@id":"https:\/\/greenwichmeridien.fr\/blog\/lifestyle-et-design\/les-cles-du-design-interieur-optimiser-espace-confort-et-style\/#primaryimage"},"thumbnailUrl":"https:\/\/greenwichmeridien.fr\/blog\/wp-content\/uploads\/2025\/12\/pag-image-69403195861d3-scaled.png","keywords":["deco interieur","design interieur","optimisation espace"],"articleSection":["Lifestyle et Design"],"inLanguage":"fr-FR","potentialAction":[{"@type":"CommentAction","name":"Comment","target":["https:\/\/greenwichmeridien.fr\/blog\/lifestyle-et-design\/les-cles-du-design-interieur-optimiser-espace-confort-et-style\/#respond"]}]},{"@type":"WebPage","@id":"https:\/\/greenwichmeridien.fr\/blog\/lifestyle-et-design\/les-cles-du-design-interieur-optimiser-espace-confort-et-style\/","url":"https:\/\/greenwichmeridien.fr\/blog\/lifestyle-et-design\/les-cles-du-design-interieur-optimiser-espace-confort-et-style\/","name":"Design int\u00e9rieur : optimiser espace, confort et style","isPartOf":{"@id":"https:\/\/greenwichmeridien.fr\/blog\/#website"},"primaryImageOfPage":{"@id":"https:\/\/greenwichmeridien.fr\/blog\/lifestyle-et-design\/les-cles-du-design-interieur-optimiser-espace-confort-et-style\/#primaryimage"},"image":{"@id":"https:\/\/greenwichmeridien.fr\/blog\/lifestyle-et-design\/les-cles-du-design-interieur-optimiser-espace-confort-et-style\/#primaryimage"},"thumbnailUrl":"https:\/\/greenwichmeridien.fr\/blog\/wp-content\/uploads\/2025\/12\/pag-image-69403195861d3-scaled.png","datePublished":"2026-02-26T08:03:00+00:00","dateModified":"2026-08-24T23:31:57+00:00","description":"Le design int\u00e9rieur d\u00e9signe l\u2019art et la technique de structurer l\u2019espace int\u00e9rieur pour optimiser l\u2019usage, le confort et l\u2019esth\u00e9tique. Concr\u00e8tement, il","inLanguage":"fr-FR","potentialAction":[{"@type":"ReadAction","target":["https:\/\/greenwichmeridien.fr\/blog\/lifestyle-et-design\/les-cles-du-design-interieur-optimiser-espace-confort-et-style\/"]}]},{"@type":"ImageObject","inLanguage":"fr-FR","@id":"https:\/\/greenwichmeridien.fr\/blog\/lifestyle-et-design\/les-cles-du-design-interieur-optimiser-espace-confort-et-style\/#primaryimage","url":"https:\/\/greenwichmeridien.fr\/blog\/wp-content\/uploads\/2025\/12\/pag-image-69403195861d3-scaled.png","contentUrl":"https:\/\/greenwichmeridien.fr\/blog\/wp-content\/uploads\/2025\/12\/pag-image-69403195861d3-scaled.png","width":1200,"height":686,"caption":"Image g\u00e9n\u00e9r\u00e9e par IA optimis\u00e9e pour Google Discover"},{"@type":"WebSite","@id":"https:\/\/greenwichmeridien.fr\/blog\/#website","url":"https:\/\/greenwichmeridien.fr\/blog\/","name":"Greenwich M\u00e9ridien","description":"Greenwich M\u00e9ridien, le rep\u00e8re du temps et du voyage","publisher":{"@id":"https:\/\/greenwichmeridien.fr\/blog\/#organization"},"alternateName":"Greenwich M\u00e9ridien, le rep\u00e8re du temps et du voyage","potentialAction":[{"@type":"SearchAction","target":{"@type":"EntryPoint","urlTemplate":"https:\/\/greenwichmeridien.fr\/blog\/?s={search_term_string}"},"query-input":{"@type":"PropertyValueSpecification","valueRequired":true,"valueName":"search_term_string"}}],"inLanguage":"fr-FR"},{"@type":"Organization","@id":"https:\/\/greenwichmeridien.fr\/blog\/#organization","name":"Greenwich M\u00e9ridien","alternateName":"Greenwich M\u00e9ridien","url":"https:\/\/greenwichmeridien.fr\/blog\/","logo":{"@type":"ImageObject","inLanguage":"fr-FR","@id":"https:\/\/greenwichmeridien.fr\/blog\/#\/schema\/logo\/image\/","url":"https:\/\/greenwichmeridien.fr\/blog\/wp-content\/uploads\/2024\/12\/greenwichmeridien.png","contentUrl":"https:\/\/greenwichmeridien.fr\/blog\/wp-content\/uploads\/2024\/12\/greenwichmeridien.png","width":500,"height":500,"caption":"Greenwich M\u00e9ridien"},"image":{"@id":"https:\/\/greenwichmeridien.fr\/blog\/#\/schema\/logo\/image\/"}},{"@type":"Person","@id":"https:\/\/greenwichmeridien.fr\/blog\/#\/schema\/person\/3c864cdc320801e3db34b663e7e3f816","name":"Samuel Chalmin","image":{"@type":"ImageObject","inLanguage":"fr-FR","@id":"https:\/\/greenwichmeridien.fr\/blog\/#\/schema\/person\/image\/","url":"https:\/\/secure.gravatar.com\/avatar\/cef3677de7d237273d13053728f9470818581a8a27d9bf6f5039fd18508a905f?s=96&d=mm&r=g","contentUrl":"https:\/\/secure.gravatar.com\/avatar\/cef3677de7d237273d13053728f9470818581a8a27d9bf6f5039fd18508a905f?s=96&d=mm&r=g","caption":"Samuel Chalmin"},"description":"R\u00e9dacteur du site, il suit les questions de temps et de calendrier : m\u00e9ridien de Greenwich, heure GMT et UTC, fuseaux horaires, changement d'heure, ann\u00e9es bissextiles et jours f\u00e9ri\u00e9s.","sameAs":["https:\/\/samuelchalmin.fr\/"],"url":"https:\/\/greenwichmeridien.fr\/blog\/auteur\/noname\/"}]}},"_links":{"self":[{"href":"https:\/\/greenwichmeridien.fr\/blog\/wp-json\/wp\/v2\/posts\/7749","targetHints":{"allow":["GET"]}}],"collection":[{"href":"https:\/\/greenwichmeridien.fr\/blog\/wp-json\/wp\/v2\/posts"}],"about":[{"href":"https:\/\/greenwichmeridien.fr\/blog\/wp-json\/wp\/v2\/types\/post"}],"author":[{"embeddable":true,"href":"https:\/\/greenwichmeridien.fr\/blog\/wp-json\/wp\/v2\/users\/34"}],"replies":[{"embeddable":true,"href":"https:\/\/greenwichmeridien.fr\/blog\/wp-json\/wp\/v2\/comments?post=7749"}],"version-history":[{"count":1,"href":"https:\/\/greenwichmeridien.fr\/blog\/wp-json\/wp\/v2\/posts\/7749\/revisions"}],"predecessor-version":[{"id":7802,"href":"https:\/\/greenwichmeridien.fr\/blog\/wp-json\/wp\/v2\/posts\/7749\/revisions\/7802"}],"wp:featuredmedia":[{"embeddable":true,"href":"https:\/\/greenwichmeridien.fr\/blog\/wp-json\/wp\/v2\/media\/7751"}],"wp:attachment":[{"href":"https:\/\/greenwichmeridien.fr\/blog\/wp-json\/wp\/v2\/media?parent=7749"}],"wp:term":[{"taxonomy":"category","embeddable":true,"href":"https:\/\/greenwichmeridien.fr\/blog\/wp-json\/wp\/v2\/categories?post=7749"},{"taxonomy":"post_tag","embeddable":true,"href":"https:\/\/greenwichmeridien.fr\/blog\/wp-json\/wp\/v2\/tags?post=7749"}],"curies":[{"name":"wp","href":"https:\/\/api.w.org\/{rel}","templated":true}]}}