{"id":7755,"date":"2026-03-05T09:27:00","date_gmt":"2026-03-05T08:27:00","guid":{"rendered":"https:\/\/greenwichmeridien.fr\/blog\/?p=7755"},"modified":"2026-08-25T01:32:00","modified_gmt":"2026-08-24T23:32:00","slug":"evenements-culturels-en-france-decouvrez-les-incontournables-de-paris-et-dailleurs","status":"publish","type":"post","link":"https:\/\/greenwichmeridien.fr\/blog\/actualites-et-evenements\/evenements-culturels-en-france-decouvrez-les-incontournables-de-paris-et-dailleurs\/","title":{"rendered":"\u00c9v\u00e9nements culturels en France : d\u00e9couvrez les incontournables de Paris et d\u2019ailleurs"},"content":{"rendered":"<h1>\u00c9v\u00e9nements culturels en France : d\u00e9couvrez les joyaux de Paris et d\u2019ailleurs<\/h1>\n<h2>Introduction \u2013 Plong\u00e9e au c\u0153ur des \u00e9v\u00e9nements culturels en France<\/h2>\n<p>Nous vivons une \u00e9poque o\u00f9 les <strong>\u00e9v\u00e9nements culturels<\/strong> ancrent notre quotidien dans des exp\u00e9riences partag\u00e9es, reliant pass\u00e9 et pr\u00e9sent \u00e0 travers l&rsquo;<strong>art<\/strong> et la <strong>cr\u00e9ation<\/strong>. En <strong>France<\/strong>, terre de patrimoine mill\u00e9naire et d&rsquo;innovations artistiques, <strong>Paris<\/strong> rayonne comme \u00e9picentre, tandis que les r\u00e9gions foisonnent de manifestations uniques. <strong>D\u00e9cembre<\/strong>, avec ses f\u00eates de <strong>No\u00ebl<\/strong>, vacances scolaires et afflux touristique, amplifie cette effervescence, transformant villes et villages en sc\u00e8nes vivantes. Nous vous emmenons dans un parcours guid\u00e9, des festivals parisiens aux expositions immersives, en passant par un calendrier pr\u00e9cis pour <strong>d\u00e9cembre 2025<\/strong>, avec calendriers, conseils pratiques et plateformes de r\u00e9servation pour que vous puissiez r\u00e9server sans attendre.<\/p>\n<p>Imaginez-vous fl\u00e2ner sous les illuminations des <strong>Champs-\u00c9lys\u00e9es<\/strong> \u00e0 <strong>Paris<\/strong>, assistez \u00e0 un ballet au <strong>mus\u00e9e d&rsquo;Orsay<\/strong> ou explorer un march\u00e9 de <strong>No\u00ebl<\/strong> \u00e0 <strong>Lyon<\/strong> : ces moments nourrissent l&rsquo;\u00e2me et tissent des liens. Nous estimons que ces rassemblements, forts de <u>plus de 10 millions de visiteurs annuels rien qu&rsquo;\u00e0 Paris en d\u00e9cembre<\/u>, m\u00e9ritent votre attention imm\u00e9diate pour une immersion totale.<\/p>\n<h2>L\u2019importance des \u00e9v\u00e9nements culturels en France<\/h2>\n<p>Les <strong>\u00e9v\u00e9nements culturels<\/strong> incarnent le pouls de la soci\u00e9t\u00e9 fran\u00e7aise, transmettant un <strong>patrimoine<\/strong> riche tout en propulsant la <strong>cr\u00e9ation contemporaine<\/strong>. Ils valorisent la m\u00e9moire collective via des expositions comme celles du <strong>mus\u00e9e du Louvre<\/strong>, qui attire <u>9 millions de visiteurs par an<\/u>, et diffusent cin\u00e9ma, musique et arts vivants \u00e0 travers le <strong>Festival de Cannes<\/strong>, vitrine mondiale depuis 1946. Nous voyons dans ces manifestations un levier essentiel pour l&rsquo;<strong>identit\u00e9 nationale<\/strong>, renforc\u00e9e par la <strong>Nuit des Mus\u00e9es<\/strong> en mai, qui mobilise <u>2 millions de participants<\/u> chaque ann\u00e9e, ou les <strong>Journ\u00e9es du Patrimoine<\/strong> en septembre, ouvertes depuis 1984.<\/p>\n<p>Sur le plan \u00e9conomique, ces \u00e9v\u00e9nements dynamisent le tourisme : le <strong>Festival d&rsquo;Avignon<\/strong> g\u00e9n\u00e8re <u>100 millions d&rsquo;euros annuels<\/u> pour la r\u00e9gion <strong>Provence-Alpes-C\u00f4te d&rsquo;Azur<\/strong>, boostant h\u00f4tellerie et commerces via <u>500 000 spectateurs<\/u>. Socialement, ils favorisent la mixit\u00e9, comme lors de la <strong>F\u00eate de la Musique<\/strong> du 21 juin, qui r\u00e9unit artistes et habitants dans toute la <strong>France<\/strong>. Nous soulignons leur r\u00f4le dans l&rsquo;\u00e9cosyst\u00e8me culturel, impliquant institutions publiques, associations et collectivit\u00e9s locales pour une d\u00e9mocratisation r\u00e9elle.<\/p>\n<ul>\n<li><strong>Transmission patrimoniale<\/strong> : <strong>mus\u00e9e d\u2019Orsay<\/strong> expose <strong>Van Gogh<\/strong> et impressionnistes, attirant <u>3,6 millions de visiteurs en 2024<\/u>.<\/li>\n<li><strong>Rayonnement international<\/strong> : <strong>Festival de Cannes 2025<\/strong> du 13 au 24 mai, avec palmar\u00e8s dirig\u00e9 par <strong>Greta Gerwig<\/strong>.<\/li>\n<li><strong>Impact \u00e9conomique<\/strong> : <u>1,5% du PIB fran\u00e7ais<\/u> li\u00e9 au secteur culturel en 2023.<\/li>\n<li><strong>Lien social<\/strong> : Inclusion via gratuit\u00e9 partielle lors des <strong>Journ\u00e9es Europ\u00e9ennes du Patrimoine<\/strong>.<\/li>\n<\/ul>\n<h2>Les grands \u00e9v\u00e9nements culturels \u00e0 Paris<\/h2>\n<p><strong>Paris<\/strong>, capitale mondiale de la <strong>culture<\/strong>, concentre une diversit\u00e9 incomparable d&rsquo;<strong>art<\/strong>, <strong>mus\u00e9es<\/strong> et <strong>festivals<\/strong>. Le <strong>Centre Pompidou<\/strong>, d\u00e9di\u00e9 \u00e0 l&rsquo;<strong>art moderne<\/strong> depuis 1977, accueille des expositions temporaires comme celle sur <strong>Pierre Soulages<\/strong> jusqu&rsquo;au 11 janvier 2026, tandis que le <strong>mus\u00e9e du Louvre<\/strong> et le <strong>mus\u00e9e d\u2019Orsay<\/strong> totalisent <u>15 millions d&rsquo;entr\u00e9es annuelles<\/u>. La <strong>Philharmonie de Paris<\/strong>, ouverte en 2015, vibre de concerts, et la <strong>Fondation Louis Vuitton<\/strong> de <strong>Bernard Arnault<\/strong>, magnat du luxe chez <strong>LVMH<\/strong>, propose des installations immersives.<\/p>\n<p>Nous appr\u00e9cions particuli\u00e8rement la <strong>Nuit Blanche<\/strong> d&rsquo;octobre, qui illumine la ville avec <u>5 millions de visiteurs<\/u>, ou le <strong>Festival d&rsquo;Automne<\/strong> depuis 1972, m\u00ealant th\u00e9\u00e2tre et danse. En 2025, la <strong>FIAC<\/strong> devenue <strong>Art Basel Paris<\/strong> au <strong>Grand Palais<\/strong> en octobre attire galeristes internationaux. Les organisateurs comme la <strong>R\u00e9union des Mus\u00e9es Nationaux<\/strong> ou la <strong>Philharmonie<\/strong> fa\u00e7onnent ces programmes, g\u00e9n\u00e9rant <u>2 milliards d&rsquo;euros \u00e9conomiques<\/u> pour la capitale.<\/p>\n<ul>\n<li><strong>Centre Pompidou<\/strong> : <u>3,5 millions de visiteurs annuels<\/u>, focus <strong>art contemporain<\/strong>.<\/li>\n<li><strong>Grand Palais<\/strong> : Expositions <strong>Niki de Saint Phalle<\/strong> et <strong>Jean Tinguely<\/strong> jusqu&rsquo;au 4 janvier 2026.<\/li>\n<li><strong>Philharmonie de Paris<\/strong> : Concerts de <strong>Lara Fabian<\/strong> \u00e0 l&rsquo;<strong>Accor Arena<\/strong> le 7 d\u00e9cembre 2025.<\/li>\n<li><strong>Fondation Louis Vuitton<\/strong> : Biennales innovantes depuis 2014.<\/li>\n<\/ul>\n<h2>Calendrier des \u00e9v\u00e9nements culturels de d\u00e9cembre<\/h2>\n<p><strong>D\u00e9cembre 2025<\/strong> enveloppe <strong>Paris<\/strong> et la <strong>France<\/strong> d&rsquo;une atmosph\u00e8re f\u00e9erique, avec vacances scolaires du 20 d\u00e9cembre au 6 janvier et illuminations comme <strong>Lumi\u00e8res en Seine<\/strong>. Les march\u00e9s de <strong>No\u00ebl<\/strong> des <strong>Tuileries<\/strong>, ouverts depuis fin novembre, attirent <u>1,5 million de visiteurs<\/u> avec artisanat et patinoires. Nous vous conseillons ces temps forts pour un <strong>public<\/strong> familial en qu\u00eate de magie.<\/p>\n<p>Les spectacles vivants pullulent : <strong>Soprano<\/strong> \u00e0 l&rsquo;<strong>Accor Arena<\/strong> du 11 au 14 d\u00e9cembre 2025, <strong>Disney sur Glace : R\u00eavons ensemble<\/strong> \u00e0 l&rsquo;<strong>adidas arena<\/strong> jusqu&rsquo;au 11 janvier 2026, ou <strong>Le Roi Soleil<\/strong> au <strong>D\u00f4me de Paris<\/strong> du 4 d\u00e9cembre 2025 au 18 janvier 2026, mis en sc\u00e8ne par <strong>Kamel Ouali<\/strong>. Les expositions brillent, comme <strong>Sargent. Les ann\u00e9es parisiennes<\/strong> au <strong>mus\u00e9e d\u2019Orsay<\/strong> jusqu&rsquo;au 11 janvier 2026.<\/p>\n<ul>\n<li><strong>March\u00e9s de No\u00ebl<\/strong> : <strong>Tuileries<\/strong> et <strong>Champs-\u00c9lys\u00e9es<\/strong>, parcours lumineux gratuits.<\/li>\n<li><strong>Concerts<\/strong> : <strong>Gims<\/strong> en <strong>Last Winter Tour<\/strong>, <strong>Amir<\/strong> le 6 d\u00e9cembre \u00e0 l&rsquo;<strong>Accor Arena<\/strong>.<\/li>\n<li><strong>Spectacles<\/strong> : <strong>Casse-Noisette<\/strong> \u00e0 l&rsquo;<strong>Op\u00e9ra de Paris<\/strong>, <strong>Festival du Merveilleux<\/strong> au <strong>Mus\u00e9e des Arts Forains<\/strong> fin d\u00e9cembre.<\/li>\n<li><strong>Expositions<\/strong> : <strong>Pierre Soulages<\/strong> au <strong>mus\u00e9e du Luxembourg<\/strong>, <strong>Cl\u00e9op\u00e2tre<\/strong> \u00e0 l&rsquo;<strong>Institut du Monde Arabe<\/strong>.<\/li>\n<\/ul>\n<h2>Les \u00e9v\u00e9nements culturels en r\u00e9gion : un voyage \u00e0 travers la France<\/h2>\n<p>Au-del\u00e0 de <strong>Paris<\/strong>, la <strong>France<\/strong> regorge de <strong>cr\u00e9ation<\/strong> locale dialoguant avec le <strong>monde<\/strong>. Dans le <strong>Sud<\/strong>, le <strong>Festival d&rsquo;Avignon<\/strong> en juillet r\u00e9unit <u>150 000 spectateurs<\/u>, tandis qu&rsquo;\u00e0 <strong>Lyon<\/strong>, la <strong>F\u00eate des Lumi\u00e8res<\/strong> du 5 au 8 d\u00e9cembre 2025 illumine la ville avec <u>2 millions de visiteurs<\/u>. L&rsquo;<strong>Ouest<\/strong> vibre au <strong>Festival Interceltique de Lorient<\/strong> en ao\u00fbt, c\u00e9l\u00e9brant cultures celtiques.<\/p>\n<p>L&rsquo;<strong>Est<\/strong> propose le <strong>Festival International de G\u00e9ographie<\/strong> \u00e0 <strong>Saint-Di\u00e9-des-Vosges<\/strong> en octobre, et les <strong>Alpes<\/strong> le <strong>Festival d&rsquo;Annecy<\/strong> pour l&rsquo;animation. Ces \u00e9v\u00e9nements boostent le tourisme : le <strong>Salon du Livre de Paris<\/strong> \u00e0 <strong>Porte de Versailles<\/strong> g\u00e9n\u00e8re <u>90 000 entr\u00e9es<\/u>. Nous valorisons ces parcours m\u00ealant nature et <strong>art<\/strong>, comme le <strong>Chemin de Fer du Livradois-Forez<\/strong> en <strong>Auvergne<\/strong> avec r\u00e9sidences d&rsquo;artistes.<\/p>\n<ul>\n<li><strong>Sud<\/strong> : <strong>Festival de Th\u00e9\u00e2tres de Rue<\/strong> \u00e0 <strong>Aurillac<\/strong> en ao\u00fbt, <u>200 000 festivaliers<\/u>.<\/li>\n<li><strong>Ouest<\/strong> : <strong>Festival de la Bande Dessin\u00e9e<\/strong> \u00e0 <strong>Angoul\u00eame<\/strong> en janvier 2026.<\/li>\n<li><strong>Est<\/strong> : <strong>Comics Festival<\/strong> \u00e0 <strong>Strasbourg<\/strong>, focus international.<\/li>\n<li><strong>Littoral<\/strong> : <strong>Festival Photo<\/strong> \u00e0 <strong>La Gacilly<\/strong> en \u00e9t\u00e9, <u>400 000 visiteurs<\/u>.<\/li>\n<\/ul>\n<h2>Comment participer aux \u00e9v\u00e9nements culturels ?<\/h2>\n<p>Pour vous immerger pleinement, commencez par rep\u00e9rer les \u00e9v\u00e9nements via agendas comme celui de la <strong>Mairie de Paris<\/strong> ou sites des <strong>mus\u00e9es<\/strong>. <strong>L\u2019organisateur<\/strong> fournit newsletters et r\u00e9seaux sociaux : suivez la <strong>Philharmonie de Paris<\/strong> pour alertes. Nous recommandons les activit\u00e9s <u>propos\u00e9es par les organisateurs<\/u> pour une planification sereine.<\/p>\n<p>R\u00e9servez en ligne via billetteries officielles, pr\u00e9ventes d\u00e8s septembre pour <strong>d\u00e9cembre 2025<\/strong>, avec cartes comme la <strong>Paris Museum Pass<\/strong> \u00e0 <u>52 euros pour 2 jours<\/u>. Pr\u00e9parez-vous en anticipant transports via <strong>RATP<\/strong>, accessibilit\u00e9 PMR et tenues adapt\u00e9es. Profitez d&rsquo;audioguides ou ateliers : le <strong>Louvre<\/strong> offre rencontres artistes. <strong>L\u2019organisateur<\/strong> assure FAQ et b\u00e9n\u00e9volat pour immersion totale.<\/p>\n<ul>\n<li>Rep\u00e9rez via <strong>sortiraparis.com<\/strong> ou apps officielles.<\/li>\n<li>R\u00e9servez t\u00f4t, comparez horaires et annulations.<\/li>\n<li>Pr\u00e9parez files d&rsquo;attente, transports et accessibilit\u00e9.<\/li>\n<li>Enrichissez avec visites guid\u00e9es et m\u00e9diations.<\/li>\n<\/ul>\n<h2>L\u2019impact des \u00e9v\u00e9nements culturels sur la soci\u00e9t\u00e9<\/h2>\n<p>Les <strong>\u00e9v\u00e9nements culturels<\/strong> tissent du lien social, comme la <strong>Nuit Blanche<\/strong> favorisant coh\u00e9sion urbaine \u00e0 <strong>Paris<\/strong>. Ils incluent publics ruraux via tourn\u00e9es, g\u00e9n\u00e9rant <u>200 000 emplois<\/u> dans la culture en 2024. \u00c9conomiquement, le secteur p\u00e8se <u>92 milliards d&rsquo;euros<\/u>, attirant touristes internationaux.<\/p>\n<p>Artistiquement, ils propulsent la <strong>cr\u00e9ation contemporaine<\/strong> : exposition <strong>Eva Jospin<\/strong> et <strong>Claire Tabouret<\/strong> au <strong>Grand Palais<\/strong> du 10 d\u00e9cembre 2025 au 15 mars 2026 stimule innovations. Nous notons l&rsquo;essor \u00e9cologique avec \u00e9v\u00e9nements z\u00e9ro d\u00e9chet et hybrides via r\u00e9alit\u00e9 virtuelle. Des cas comme le <strong>Festival d&rsquo;Avignon<\/strong> transforment territoires, boostant image de <strong>Provence<\/strong>.<\/p>\n<ul>\n<li><strong>Social<\/strong> : Inclusion jeunes via gratuit\u00e9 partielle.<\/li>\n<li><strong>\u00c9conomique<\/strong> : <u>7% des emplois touristiques<\/u>.<\/li>\n<li><strong>Artistique<\/strong> : Vitrine pour <strong>art num\u00e9rique<\/strong> \u00e0 la <strong>Fondation EDF<\/strong>.<\/li>\n<li><strong>Enjeux<\/strong> : Transition verte et streaming post-2020.<\/li>\n<\/ul>\n<h2>Conclusion : La culture au service de l\u2019humanit\u00e9<\/h2>\n<p>Les <strong>\u00e9v\u00e9nements culturels<\/strong> transcendent le divertissement pour devenir espaces de r\u00e9flexion et partage, forgeant notre identit\u00e9 collective en <strong>France<\/strong>. De <strong>Paris<\/strong> aux r\u00e9gions, tout au long de l&rsquo;ann\u00e9e et surtout en <strong>d\u00e9cembre<\/strong> avec ses march\u00e9s et ballets, l&rsquo;offre foisonne de <strong>cr\u00e9ation<\/strong> accessible. Nous vous invitons \u00e0 soutenir artistes et <strong>organisateurs<\/strong>, \u00e0 explorer expositions comme <strong>Soulages<\/strong> ou festivals r\u00e9gionaux.<\/p>\n<p>Prenez place d\u00e8s maintenant : consultez calendriers, r\u00e9servez vos places pour <strong>d\u00e9cembre 2025<\/strong> et vivez ces moments qui unissent l&rsquo;humanit\u00e9 par la culture.<\/p>\n","protected":false},"excerpt":{"rendered":"","protected":false},"author":34,"featured_media":7757,"comment_status":"open","ping_status":"open","sticky":false,"template":"","format":"standard","meta":{"_acf_changed":false,"manual_indexmenow":false,"indexmenow_id_project":0,"footnotes":""},"categories":[4523],"tags":[4805,4807,4806],"class_list":["post-7755","post","type-post","status-publish","format-standard","has-post-thumbnail","hentry","category-actualites-et-evenements","tag-evenements-culturels","tag-paris-culture","tag-tourisme-france","generate-columns","tablet-grid-50","mobile-grid-100","grid-parent","grid-25"],"acf":[],"yoast_head":"<!-- This site is optimized with the Yoast SEO Premium plugin v21.3 (Yoast SEO v25.6) - https:\/\/yoast.com\/wordpress\/plugins\/seo\/ -->\n<title>\u00c9v\u00e9nements culturels en France : les incontournables<\/title>\n<meta name=\"description\" content=\"Nous vivons une \u00e9poque o\u00f9 les \u00e9v\u00e9nements culturels ancrent notre quotidien dans des exp\u00e9riences partag\u00e9es, reliant pass\u00e9 et pr\u00e9sent \u00e0 travers l&#039;art et la\" \/>\n<meta name=\"robots\" content=\"index, follow, max-snippet:-1, max-image-preview:large, max-video-preview:-1\" \/>\n<link rel=\"canonical\" href=\"https:\/\/greenwichmeridien.fr\/blog\/actualites-et-evenements\/evenements-culturels-en-france-decouvrez-les-incontournables-de-paris-et-dailleurs\/\" \/>\n<meta property=\"og:locale\" content=\"fr_FR\" \/>\n<meta property=\"og:type\" content=\"article\" \/>\n<meta property=\"og:title\" content=\"\u00c9v\u00e9nements culturels en France : les incontournables\" \/>\n<meta property=\"og:description\" content=\"Nous vivons une \u00e9poque o\u00f9 les \u00e9v\u00e9nements culturels ancrent notre quotidien dans des exp\u00e9riences partag\u00e9es, reliant pass\u00e9 et pr\u00e9sent \u00e0 travers l&#039;art et la\" \/>\n<meta property=\"og:url\" content=\"https:\/\/greenwichmeridien.fr\/blog\/actualites-et-evenements\/evenements-culturels-en-france-decouvrez-les-incontournables-de-paris-et-dailleurs\/\" \/>\n<meta property=\"og:site_name\" content=\"greenwichmeridien\" \/>\n<meta property=\"og:image\" content=\"https:\/\/greenwichmeridien.fr\/blog\/wp-content\/uploads\/2025\/12\/pag-image-6940326f897ef-scaled.png\" \/>\n\t<meta property=\"og:image:width\" content=\"1200\" \/>\n\t<meta property=\"og:image:height\" content=\"686\" \/>\n\t<meta property=\"og:image:type\" content=\"image\/png\" \/>\n<meta name=\"author\" content=\"Samuel Chalmin\" \/>\n<meta name=\"twitter:card\" content=\"summary_large_image\" \/>\n<script type=\"application\/ld+json\" class=\"yoast-schema-graph\">{\"@context\":\"https:\/\/schema.org\",\"@graph\":[{\"@type\":\"NewsArticle\",\"@id\":\"https:\/\/greenwichmeridien.fr\/blog\/actualites-et-evenements\/evenements-culturels-en-france-decouvrez-les-incontournables-de-paris-et-dailleurs\/#article\",\"isPartOf\":{\"@id\":\"https:\/\/greenwichmeridien.fr\/blog\/actualites-et-evenements\/evenements-culturels-en-france-decouvrez-les-incontournables-de-paris-et-dailleurs\/\"},\"author\":{\"name\":\"Samuel Chalmin\",\"@id\":\"https:\/\/greenwichmeridien.fr\/blog\/#\/schema\/person\/3c864cdc320801e3db34b663e7e3f816\"},\"headline\":\"\u00c9v\u00e9nements culturels en France : d\u00e9couvrez les incontournables de Paris et d\u2019ailleurs\",\"datePublished\":\"2026-03-05T08:27:00+00:00\",\"dateModified\":\"2026-08-24T23:32:00+00:00\",\"mainEntityOfPage\":{\"@id\":\"https:\/\/greenwichmeridien.fr\/blog\/actualites-et-evenements\/evenements-culturels-en-france-decouvrez-les-incontournables-de-paris-et-dailleurs\/\"},\"wordCount\":1431,\"commentCount\":0,\"publisher\":{\"@id\":\"https:\/\/greenwichmeridien.fr\/blog\/#organization\"},\"image\":{\"@id\":\"https:\/\/greenwichmeridien.fr\/blog\/actualites-et-evenements\/evenements-culturels-en-france-decouvrez-les-incontournables-de-paris-et-dailleurs\/#primaryimage\"},\"thumbnailUrl\":\"https:\/\/greenwichmeridien.fr\/blog\/wp-content\/uploads\/2025\/12\/pag-image-6940326f897ef-scaled.png\",\"keywords\":[\"evenements culturels\",\"paris culture\",\"tourisme france\"],\"articleSection\":[\"Actualit\u00e9s et \u00c9v\u00e9nements\"],\"inLanguage\":\"fr-FR\",\"potentialAction\":[{\"@type\":\"CommentAction\",\"name\":\"Comment\",\"target\":[\"https:\/\/greenwichmeridien.fr\/blog\/actualites-et-evenements\/evenements-culturels-en-france-decouvrez-les-incontournables-de-paris-et-dailleurs\/#respond\"]}]},{\"@type\":\"WebPage\",\"@id\":\"https:\/\/greenwichmeridien.fr\/blog\/actualites-et-evenements\/evenements-culturels-en-france-decouvrez-les-incontournables-de-paris-et-dailleurs\/\",\"url\":\"https:\/\/greenwichmeridien.fr\/blog\/actualites-et-evenements\/evenements-culturels-en-france-decouvrez-les-incontournables-de-paris-et-dailleurs\/\",\"name\":\"\u00c9v\u00e9nements culturels en France : les incontournables\",\"isPartOf\":{\"@id\":\"https:\/\/greenwichmeridien.fr\/blog\/#website\"},\"primaryImageOfPage\":{\"@id\":\"https:\/\/greenwichmeridien.fr\/blog\/actualites-et-evenements\/evenements-culturels-en-france-decouvrez-les-incontournables-de-paris-et-dailleurs\/#primaryimage\"},\"image\":{\"@id\":\"https:\/\/greenwichmeridien.fr\/blog\/actualites-et-evenements\/evenements-culturels-en-france-decouvrez-les-incontournables-de-paris-et-dailleurs\/#primaryimage\"},\"thumbnailUrl\":\"https:\/\/greenwichmeridien.fr\/blog\/wp-content\/uploads\/2025\/12\/pag-image-6940326f897ef-scaled.png\",\"datePublished\":\"2026-03-05T08:27:00+00:00\",\"dateModified\":\"2026-08-24T23:32:00+00:00\",\"description\":\"Nous vivons une \u00e9poque o\u00f9 les \u00e9v\u00e9nements culturels ancrent notre quotidien dans des exp\u00e9riences partag\u00e9es, reliant pass\u00e9 et pr\u00e9sent \u00e0 travers l'art et la\",\"inLanguage\":\"fr-FR\",\"potentialAction\":[{\"@type\":\"ReadAction\",\"target\":[\"https:\/\/greenwichmeridien.fr\/blog\/actualites-et-evenements\/evenements-culturels-en-france-decouvrez-les-incontournables-de-paris-et-dailleurs\/\"]}]},{\"@type\":\"ImageObject\",\"inLanguage\":\"fr-FR\",\"@id\":\"https:\/\/greenwichmeridien.fr\/blog\/actualites-et-evenements\/evenements-culturels-en-france-decouvrez-les-incontournables-de-paris-et-dailleurs\/#primaryimage\",\"url\":\"https:\/\/greenwichmeridien.fr\/blog\/wp-content\/uploads\/2025\/12\/pag-image-6940326f897ef-scaled.png\",\"contentUrl\":\"https:\/\/greenwichmeridien.fr\/blog\/wp-content\/uploads\/2025\/12\/pag-image-6940326f897ef-scaled.png\",\"width\":1200,\"height\":686,\"caption\":\"Image g\u00e9n\u00e9r\u00e9e par IA optimis\u00e9e pour Google Discover\"},{\"@type\":\"WebSite\",\"@id\":\"https:\/\/greenwichmeridien.fr\/blog\/#website\",\"url\":\"https:\/\/greenwichmeridien.fr\/blog\/\",\"name\":\"Greenwich M\u00e9ridien\",\"description\":\"Greenwich M\u00e9ridien, le rep\u00e8re du temps et du voyage\",\"publisher\":{\"@id\":\"https:\/\/greenwichmeridien.fr\/blog\/#organization\"},\"alternateName\":\"Greenwich M\u00e9ridien, le rep\u00e8re du temps et du voyage\",\"potentialAction\":[{\"@type\":\"SearchAction\",\"target\":{\"@type\":\"EntryPoint\",\"urlTemplate\":\"https:\/\/greenwichmeridien.fr\/blog\/?s={search_term_string}\"},\"query-input\":{\"@type\":\"PropertyValueSpecification\",\"valueRequired\":true,\"valueName\":\"search_term_string\"}}],\"inLanguage\":\"fr-FR\"},{\"@type\":\"Organization\",\"@id\":\"https:\/\/greenwichmeridien.fr\/blog\/#organization\",\"name\":\"Greenwich M\u00e9ridien\",\"alternateName\":\"Greenwich M\u00e9ridien\",\"url\":\"https:\/\/greenwichmeridien.fr\/blog\/\",\"logo\":{\"@type\":\"ImageObject\",\"inLanguage\":\"fr-FR\",\"@id\":\"https:\/\/greenwichmeridien.fr\/blog\/#\/schema\/logo\/image\/\",\"url\":\"https:\/\/greenwichmeridien.fr\/blog\/wp-content\/uploads\/2024\/12\/greenwichmeridien.png\",\"contentUrl\":\"https:\/\/greenwichmeridien.fr\/blog\/wp-content\/uploads\/2024\/12\/greenwichmeridien.png\",\"width\":500,\"height\":500,\"caption\":\"Greenwich M\u00e9ridien\"},\"image\":{\"@id\":\"https:\/\/greenwichmeridien.fr\/blog\/#\/schema\/logo\/image\/\"}},{\"@type\":\"Person\",\"@id\":\"https:\/\/greenwichmeridien.fr\/blog\/#\/schema\/person\/3c864cdc320801e3db34b663e7e3f816\",\"name\":\"Samuel Chalmin\",\"image\":{\"@type\":\"ImageObject\",\"inLanguage\":\"fr-FR\",\"@id\":\"https:\/\/greenwichmeridien.fr\/blog\/#\/schema\/person\/image\/\",\"url\":\"https:\/\/secure.gravatar.com\/avatar\/cef3677de7d237273d13053728f9470818581a8a27d9bf6f5039fd18508a905f?s=96&d=mm&r=g\",\"contentUrl\":\"https:\/\/secure.gravatar.com\/avatar\/cef3677de7d237273d13053728f9470818581a8a27d9bf6f5039fd18508a905f?s=96&d=mm&r=g\",\"caption\":\"Samuel Chalmin\"},\"description\":\"R\u00e9dacteur du site, il suit les questions de temps et de calendrier : m\u00e9ridien de Greenwich, heure GMT et UTC, fuseaux horaires, changement d'heure, ann\u00e9es bissextiles et jours f\u00e9ri\u00e9s.\",\"sameAs\":[\"https:\/\/samuelchalmin.fr\/\"],\"url\":\"https:\/\/greenwichmeridien.fr\/blog\/auteur\/noname\/\"}]}<\/script>\n<!-- \/ Yoast SEO Premium plugin. -->","yoast_head_json":{"title":"\u00c9v\u00e9nements culturels en France : les incontournables","description":"Nous vivons une \u00e9poque o\u00f9 les \u00e9v\u00e9nements culturels ancrent notre quotidien dans des exp\u00e9riences partag\u00e9es, reliant pass\u00e9 et pr\u00e9sent \u00e0 travers l'art et la","robots":{"index":"index","follow":"follow","max-snippet":"max-snippet:-1","max-image-preview":"max-image-preview:large","max-video-preview":"max-video-preview:-1"},"canonical":"https:\/\/greenwichmeridien.fr\/blog\/actualites-et-evenements\/evenements-culturels-en-france-decouvrez-les-incontournables-de-paris-et-dailleurs\/","og_locale":"fr_FR","og_type":"article","og_title":"\u00c9v\u00e9nements culturels en France : les incontournables","og_description":"Nous vivons une \u00e9poque o\u00f9 les \u00e9v\u00e9nements culturels ancrent notre quotidien dans des exp\u00e9riences partag\u00e9es, reliant pass\u00e9 et pr\u00e9sent \u00e0 travers l'art et la","og_url":"https:\/\/greenwichmeridien.fr\/blog\/actualites-et-evenements\/evenements-culturels-en-france-decouvrez-les-incontournables-de-paris-et-dailleurs\/","og_site_name":"greenwichmeridien","og_image":[{"width":1200,"height":686,"url":"https:\/\/greenwichmeridien.fr\/blog\/wp-content\/uploads\/2025\/12\/pag-image-6940326f897ef-scaled.png","type":"image\/png"}],"author":"Samuel Chalmin","twitter_card":"summary_large_image","schema":{"@context":"https:\/\/schema.org","@graph":[{"@type":"NewsArticle","@id":"https:\/\/greenwichmeridien.fr\/blog\/actualites-et-evenements\/evenements-culturels-en-france-decouvrez-les-incontournables-de-paris-et-dailleurs\/#article","isPartOf":{"@id":"https:\/\/greenwichmeridien.fr\/blog\/actualites-et-evenements\/evenements-culturels-en-france-decouvrez-les-incontournables-de-paris-et-dailleurs\/"},"author":{"name":"Samuel Chalmin","@id":"https:\/\/greenwichmeridien.fr\/blog\/#\/schema\/person\/3c864cdc320801e3db34b663e7e3f816"},"headline":"\u00c9v\u00e9nements culturels en France : d\u00e9couvrez les incontournables de Paris et d\u2019ailleurs","datePublished":"2026-03-05T08:27:00+00:00","dateModified":"2026-08-24T23:32:00+00:00","mainEntityOfPage":{"@id":"https:\/\/greenwichmeridien.fr\/blog\/actualites-et-evenements\/evenements-culturels-en-france-decouvrez-les-incontournables-de-paris-et-dailleurs\/"},"wordCount":1431,"commentCount":0,"publisher":{"@id":"https:\/\/greenwichmeridien.fr\/blog\/#organization"},"image":{"@id":"https:\/\/greenwichmeridien.fr\/blog\/actualites-et-evenements\/evenements-culturels-en-france-decouvrez-les-incontournables-de-paris-et-dailleurs\/#primaryimage"},"thumbnailUrl":"https:\/\/greenwichmeridien.fr\/blog\/wp-content\/uploads\/2025\/12\/pag-image-6940326f897ef-scaled.png","keywords":["evenements culturels","paris culture","tourisme france"],"articleSection":["Actualit\u00e9s et \u00c9v\u00e9nements"],"inLanguage":"fr-FR","potentialAction":[{"@type":"CommentAction","name":"Comment","target":["https:\/\/greenwichmeridien.fr\/blog\/actualites-et-evenements\/evenements-culturels-en-france-decouvrez-les-incontournables-de-paris-et-dailleurs\/#respond"]}]},{"@type":"WebPage","@id":"https:\/\/greenwichmeridien.fr\/blog\/actualites-et-evenements\/evenements-culturels-en-france-decouvrez-les-incontournables-de-paris-et-dailleurs\/","url":"https:\/\/greenwichmeridien.fr\/blog\/actualites-et-evenements\/evenements-culturels-en-france-decouvrez-les-incontournables-de-paris-et-dailleurs\/","name":"\u00c9v\u00e9nements culturels en France : les incontournables","isPartOf":{"@id":"https:\/\/greenwichmeridien.fr\/blog\/#website"},"primaryImageOfPage":{"@id":"https:\/\/greenwichmeridien.fr\/blog\/actualites-et-evenements\/evenements-culturels-en-france-decouvrez-les-incontournables-de-paris-et-dailleurs\/#primaryimage"},"image":{"@id":"https:\/\/greenwichmeridien.fr\/blog\/actualites-et-evenements\/evenements-culturels-en-france-decouvrez-les-incontournables-de-paris-et-dailleurs\/#primaryimage"},"thumbnailUrl":"https:\/\/greenwichmeridien.fr\/blog\/wp-content\/uploads\/2025\/12\/pag-image-6940326f897ef-scaled.png","datePublished":"2026-03-05T08:27:00+00:00","dateModified":"2026-08-24T23:32:00+00:00","description":"Nous vivons une \u00e9poque o\u00f9 les \u00e9v\u00e9nements culturels ancrent notre quotidien dans des exp\u00e9riences partag\u00e9es, reliant pass\u00e9 et pr\u00e9sent \u00e0 travers l'art et la","inLanguage":"fr-FR","potentialAction":[{"@type":"ReadAction","target":["https:\/\/greenwichmeridien.fr\/blog\/actualites-et-evenements\/evenements-culturels-en-france-decouvrez-les-incontournables-de-paris-et-dailleurs\/"]}]},{"@type":"ImageObject","inLanguage":"fr-FR","@id":"https:\/\/greenwichmeridien.fr\/blog\/actualites-et-evenements\/evenements-culturels-en-france-decouvrez-les-incontournables-de-paris-et-dailleurs\/#primaryimage","url":"https:\/\/greenwichmeridien.fr\/blog\/wp-content\/uploads\/2025\/12\/pag-image-6940326f897ef-scaled.png","contentUrl":"https:\/\/greenwichmeridien.fr\/blog\/wp-content\/uploads\/2025\/12\/pag-image-6940326f897ef-scaled.png","width":1200,"height":686,"caption":"Image g\u00e9n\u00e9r\u00e9e par IA optimis\u00e9e pour Google Discover"},{"@type":"WebSite","@id":"https:\/\/greenwichmeridien.fr\/blog\/#website","url":"https:\/\/greenwichmeridien.fr\/blog\/","name":"Greenwich M\u00e9ridien","description":"Greenwich M\u00e9ridien, le rep\u00e8re du temps et du voyage","publisher":{"@id":"https:\/\/greenwichmeridien.fr\/blog\/#organization"},"alternateName":"Greenwich M\u00e9ridien, le rep\u00e8re du temps et du voyage","potentialAction":[{"@type":"SearchAction","target":{"@type":"EntryPoint","urlTemplate":"https:\/\/greenwichmeridien.fr\/blog\/?s={search_term_string}"},"query-input":{"@type":"PropertyValueSpecification","valueRequired":true,"valueName":"search_term_string"}}],"inLanguage":"fr-FR"},{"@type":"Organization","@id":"https:\/\/greenwichmeridien.fr\/blog\/#organization","name":"Greenwich M\u00e9ridien","alternateName":"Greenwich M\u00e9ridien","url":"https:\/\/greenwichmeridien.fr\/blog\/","logo":{"@type":"ImageObject","inLanguage":"fr-FR","@id":"https:\/\/greenwichmeridien.fr\/blog\/#\/schema\/logo\/image\/","url":"https:\/\/greenwichmeridien.fr\/blog\/wp-content\/uploads\/2024\/12\/greenwichmeridien.png","contentUrl":"https:\/\/greenwichmeridien.fr\/blog\/wp-content\/uploads\/2024\/12\/greenwichmeridien.png","width":500,"height":500,"caption":"Greenwich M\u00e9ridien"},"image":{"@id":"https:\/\/greenwichmeridien.fr\/blog\/#\/schema\/logo\/image\/"}},{"@type":"Person","@id":"https:\/\/greenwichmeridien.fr\/blog\/#\/schema\/person\/3c864cdc320801e3db34b663e7e3f816","name":"Samuel Chalmin","image":{"@type":"ImageObject","inLanguage":"fr-FR","@id":"https:\/\/greenwichmeridien.fr\/blog\/#\/schema\/person\/image\/","url":"https:\/\/secure.gravatar.com\/avatar\/cef3677de7d237273d13053728f9470818581a8a27d9bf6f5039fd18508a905f?s=96&d=mm&r=g","contentUrl":"https:\/\/secure.gravatar.com\/avatar\/cef3677de7d237273d13053728f9470818581a8a27d9bf6f5039fd18508a905f?s=96&d=mm&r=g","caption":"Samuel Chalmin"},"description":"R\u00e9dacteur du site, il suit les questions de temps et de calendrier : m\u00e9ridien de Greenwich, heure GMT et UTC, fuseaux horaires, changement d'heure, ann\u00e9es bissextiles et jours f\u00e9ri\u00e9s.","sameAs":["https:\/\/samuelchalmin.fr\/"],"url":"https:\/\/greenwichmeridien.fr\/blog\/auteur\/noname\/"}]}},"_links":{"self":[{"href":"https:\/\/greenwichmeridien.fr\/blog\/wp-json\/wp\/v2\/posts\/7755","targetHints":{"allow":["GET"]}}],"collection":[{"href":"https:\/\/greenwichmeridien.fr\/blog\/wp-json\/wp\/v2\/posts"}],"about":[{"href":"https:\/\/greenwichmeridien.fr\/blog\/wp-json\/wp\/v2\/types\/post"}],"author":[{"embeddable":true,"href":"https:\/\/greenwichmeridien.fr\/blog\/wp-json\/wp\/v2\/users\/34"}],"replies":[{"embeddable":true,"href":"https:\/\/greenwichmeridien.fr\/blog\/wp-json\/wp\/v2\/comments?post=7755"}],"version-history":[{"count":1,"href":"https:\/\/greenwichmeridien.fr\/blog\/wp-json\/wp\/v2\/posts\/7755\/revisions"}],"predecessor-version":[{"id":7805,"href":"https:\/\/greenwichmeridien.fr\/blog\/wp-json\/wp\/v2\/posts\/7755\/revisions\/7805"}],"wp:featuredmedia":[{"embeddable":true,"href":"https:\/\/greenwichmeridien.fr\/blog\/wp-json\/wp\/v2\/media\/7757"}],"wp:attachment":[{"href":"https:\/\/greenwichmeridien.fr\/blog\/wp-json\/wp\/v2\/media?parent=7755"}],"wp:term":[{"taxonomy":"category","embeddable":true,"href":"https:\/\/greenwichmeridien.fr\/blog\/wp-json\/wp\/v2\/categories?post=7755"},{"taxonomy":"post_tag","embeddable":true,"href":"https:\/\/greenwichmeridien.fr\/blog\/wp-json\/wp\/v2\/tags?post=7755"}],"curies":[{"name":"wp","href":"https:\/\/api.w.org\/{rel}","templated":true}]}}