{"id":7758,"date":"2026-03-05T09:56:00","date_gmt":"2026-03-05T08:56:00","guid":{"rendered":"https:\/\/greenwichmeridien.fr\/blog\/?p=7758"},"modified":"2026-08-25T01:47:37","modified_gmt":"2026-08-24T23:47:37","slug":"les-evenements-culturels-a-paris-comment-decouvrir-la-richesse-artistique-locale","status":"publish","type":"post","link":"https:\/\/greenwichmeridien.fr\/blog\/histoire-et-culture\/les-evenements-culturels-a-paris-comment-decouvrir-la-richesse-artistique-locale\/","title":{"rendered":"Les \u00e9v\u00e9nements culturels \u00e0 Paris : comment d\u00e9couvrir la richesse artistique locale"},"content":{"rendered":"<div style=\"background: linear-gradient(135deg, #f5f7fa 0%, #e9ecef 100%);border-left: 4px solid #0073aa;padding: 15px 20px;margin: 0 0 25px 0;border-radius: 0 8px 8px 0\">\n<p style=\"margin: 0;font-size: 14px;color: #0073aa;font-weight: 600;text-transform: uppercase;letter-spacing: 1px;margin-bottom: 10px\">\ud83d\udccb En bref<\/p>\n<ul style=\"margin: 0;padding-left: 20px;list-style-type: none\">\n<li style=\"margin: 5px 0;color: #333;font-size: 15px;line-height: 1.5;position: relative;padding-left: 15px\"><span style=\"position: absolute;left: 0;color: #0073aa\">\u25b8<\/span> Les \u00e9v\u00e9nements culturels \u00e0 Paris englobent expositions, festivals, concerts et spectacles, attirant un large public. D\u00e9cembre est particuli\u00e8rement riche en manifestations festives, avec des illuminations et march\u00e9s de No\u00ebl embl\u00e9matiques. La saisonnalit\u00e9 culturelle varie, avec une intensit\u00e9 accrue en automne et hiver.<\/li>\n<\/ul>\n<\/div>\n<h1>Les \u00c9v\u00e9nements Culturels \u00e0 Paris : D\u00e9couvrez la Richesse de la Culture Fran\u00e7aise<\/h1>\n<h2>Comprendre ce qu\u2019est un \u00e9v\u00e9nement culturel \u00e0 Paris<\/h2>\n<p>Les sp\u00e9cialistes du <strong>Minist\u00e8re de la Culture<\/strong> d\u00e9finissent un <u>\u00e9v\u00e9nement culturel<\/u> comme  la rencontre d\u2019un public avec une cr\u00e9ation artistique dans un lieu et un temps donn\u00e9s ?. Nous parlons ici d\u2019une large palette allant des <strong>expositions temporaires<\/strong> aux <strong>festivals<\/strong>, en passant par les <strong>concerts<\/strong>, <strong>spectacles de th\u00e9\u00e2tre<\/strong>, <strong>ballets<\/strong>, <strong>performances en plein air<\/strong>, <strong>salons patrimoniaux<\/strong> et <strong>manifestations gastronomiques<\/strong> qui valorisent un territoire ou une tradition. Les \u00e9tudes men\u00e9es par le <strong>D\u00e9partement des \u00e9tudes, de la prospective et des statistiques (DEPS)<\/strong> rappellent que ces \u00e9v\u00e9nements s\u2019appuient sur cinq crit\u00e8res structurants\u202f: <u>cr\u00e9ation artistique<\/u>, <u>pr\u00e9sence d\u2019un public<\/u>, <u>inscription dans un lieu<\/u>, <u>temporalit\u00e9 pr\u00e9cise<\/u> et <u>caract\u00e8re de raret\u00e9<\/u>.<\/p>\n<p>\u00c0 l\u2019\u00e9chelle de <strong>Paris<\/strong> et de la r\u00e9gion <strong>\u00cele-de-France<\/strong>, la densit\u00e9 de cette programmation est exceptionnellement \u00e9lev\u00e9e, avec plusieurs centaines de spectacles, expositions et manifestations r\u00e9f\u00e9renc\u00e9s chaque mois, tous secteurs confondus. D\u00e9cembre se distingue par une surcouche festive li\u00e9e \u00e0 <strong>No\u00ebl<\/strong> et au <strong>r\u00e9veillon du 31 d\u00e9cembre<\/strong>, qui vient s\u2019ajouter \u00e0 une activit\u00e9 culturelle d\u00e9j\u00e0 intense. Nous observons une vraie <u>saisonnalit\u00e9 culturelle<\/u> : l\u2019automne et l\u2019hiver sont marqu\u00e9s par des <strong>expositions-phares<\/strong>, des <strong>grandes com\u00e9dies musicales<\/strong> et une mont\u00e9e en puissance des \u00e9v\u00e9nements de lumi\u00e8re et de jardin d\u2019hiver, alors que le printemps et l\u2019\u00e9t\u00e9 donnent davantage la priorit\u00e9 aux <strong>festivals en plein air<\/strong> et aux <strong>spectacles de rues<\/strong>.<\/p>\n<ul>\n<li><strong>Typologies majeures<\/strong> : expositions, festivals, concerts, spectacles vivants, \u00e9v\u00e9nements en plein air, salons, manifestations gastronomiques.<\/li>\n<li><strong>Cadre institutionnel<\/strong> : r\u00f4le du <strong>Minist\u00e8re de la Culture<\/strong>, de la <strong>Ville de Paris<\/strong>, des grands op\u00e9rateurs publics et priv\u00e9s.<\/li>\n<li><strong>Saisonnalit\u00e9<\/strong> : pic de fr\u00e9quentation culturelle entre fin novembre et d\u00e9but janvier, corr\u00e9l\u00e9 aux cong\u00e9s scolaires et aux f\u00eates de fin d\u2019ann\u00e9e.<\/li>\n<\/ul>\n<h2>Les grands rendez-vous culturels de d\u00e9cembre \u00e0 Paris<\/h2>\n<p>Le mois de d\u00e9cembre est marqu\u00e9 par plusieurs <u>\u00e9v\u00e9nements embl\u00e9matiques<\/u> qui transforment la ville en d\u00e9cor de f\u00eate. Les <strong>illuminations de No\u00ebl des Champs-\u00c9lys\u00e9es<\/strong>, inaugur\u00e9es habituellement fin novembre en pr\u00e9sence du ou de la <strong>maire de Paris<\/strong>, attirent chaque ann\u00e9e plusieurs millions de pi\u00e9tons entre la <strong>place de la Concorde<\/strong> et l\u2019<strong>Arc de Triomphe<\/strong>. Nous assistons \u00e9galement \u00e0 la mise en lumi\u00e8re du <strong>faubourg Saint-Honor\u00e9<\/strong>, de <strong>Montmartre<\/strong>, du <strong>Canal Saint-Martin<\/strong> ou encore de quartiers plus r\u00e9cents comme <strong>Bercy Village<\/strong>, qui d\u00e9ploient installations lumineuses, projections architecturales et dispositifs sc\u00e9nographiques.<\/p>\n<p>Les grands <strong>march\u00e9s de No\u00ebl<\/strong> structurent le calendrier\u202f: le march\u00e9 du <strong>Jardin des Tuileries<\/strong> remplace depuis quelques ann\u00e9es l\u2019ancien march\u00e9 des Champs-\u00c9lys\u00e9es, celui de <strong>La D\u00e9fense<\/strong> se distingue par plus de <u>150 \u00e0 200 chalets<\/u> sur le parvis du quartier d\u2019affaires, tandis que les march\u00e9s du <strong>parvis de Notre-Dame<\/strong>, de la <strong>Gare de l\u2019Est<\/strong> ou du <strong>parc Floral de Paris<\/strong> mettent en avant artisanat, produits r\u00e9gionaux et gastronomie festive. La soir\u00e9e du <strong>31 d\u00e9cembre<\/strong> donne lieu \u00e0 de grands rendez-vous sur les Champs-\u00c9lys\u00e9es, avec show lumineux sur l\u2019Arc de Triomphe, compte \u00e0 rebours et animations musicales, coordonn\u00e9s par la <strong>Ville de Paris<\/strong>.<\/p>\n<ul>\n<li><strong>Illuminations<\/strong> : Champs-\u00c9lys\u00e9es, Montmartre, Saint-Germain-des-Pr\u00e9s, grands boulevards.<\/li>\n<li><strong>March\u00e9s de No\u00ebl structurants<\/strong> : Jardin des Tuileries, La D\u00e9fense, parvis de Notre-Dame, Gare de l\u2019Est.<\/li>\n<li><strong>Fin d\u2019ann\u00e9e<\/strong> : animations du 31 d\u00e9cembre sur les Champs-\u00c9lys\u00e9es, concerts et spectacles de cl\u00f4ture.<\/li>\n<\/ul>\n<h2>Festivals de cin\u00e9ma, art contemporain, musique et spectacle vivant<\/h2>\n<p>Les <strong>festivals culturels<\/strong> constituent un pilier de la notori\u00e9t\u00e9 internationale de Paris. Selon les r\u00e9seaux professionnels comme <strong>France Festivals<\/strong> et les donn\u00e9es agr\u00e9g\u00e9es par la <strong>Philharmonie de Paris<\/strong>, la France compte plusieurs milliers de festivals, dont une forte concentration en \u00cele-de-France. Un <u>festival<\/u> est d\u00e9fini comme un \u00e9v\u00e9nement p\u00e9riodique d\u2019au moins deux jours, avec au moins deux \u00e9ditions, et une programmation de plus de cinq spectacles, concerts ou projections. Paris accueille, tout au long de l\u2019ann\u00e9e, des manifestations de r\u00e9f\u00e9rence comme le <strong>Festival d\u2019Automne \u00e0 Paris<\/strong> (cr\u00e9\u00e9 en 1972), qui se prolonge souvent jusqu\u2019en d\u00e9cembre et articule <strong>th\u00e9\u00e2tre<\/strong>, <strong>danse<\/strong>, <strong>musique<\/strong>, <strong>performance<\/strong> et <strong>arts visuels<\/strong>.<\/p>\n<p>C\u00f4t\u00e9 cin\u00e9ma, la capitale met en avant des rendez-vous comme le <strong>Festival du Cin\u00e9ma Europ\u00e9en<\/strong> \u00e0 <strong>Saint-Germain-des-Pr\u00e9s<\/strong>, des cycles au <strong>Forum des Images<\/strong> aux <strong>Halles<\/strong>, ou encore des r\u00e9trospectives \u00e0 la <strong>Cin\u00e9math\u00e8que fran\u00e7aise<\/strong> situ\u00e9e dans le quartier de <strong>Bercy<\/strong>. En art contemporain, des lieux comme le <strong>Palais de Tokyo<\/strong>, la <strong>Fondation Louis Vuitton<\/strong> \u00e0 <strong>Paris 16e<\/strong> ou la <strong>Fondation Cartier pour l\u2019art contemporain<\/strong> \u00e0 <strong>Montparnasse<\/strong> d\u00e9ploient des programmations de fin d\u2019ann\u00e9e qui prolongent l\u2019effervescence de la <strong>Fiac<\/strong> et de la <strong>Paris+ par Art Basel<\/strong> \u00e0 l\u2019automne. En musique, des festivals de jazz et de musiques actuelles se greffent aux saisons des grandes salles comme la <strong>Philharmonie de Paris<\/strong> ou la <strong>Seine Musicale<\/strong> \u00e0 <strong>Boulogne-Billancourt<\/strong>.<\/p>\n<ul>\n<li><strong>Festivals pluridisciplinaires<\/strong> : <strong>Festival d\u2019Automne \u00e0 Paris<\/strong>, saisons mixtes m\u00ealant danse, th\u00e9\u00e2tre, musique.<\/li>\n<li><strong>Cin\u00e9ma<\/strong> : cycles au <strong>Forum des Images<\/strong>, programmations sp\u00e9ciales \u00e0 la <strong>Cin\u00e9math\u00e8que fran\u00e7aise<\/strong>.<\/li>\n<li><strong>Art contemporain et performance<\/strong> : <strong>Palais de Tokyo<\/strong>, <strong>Fondation Louis Vuitton<\/strong>, <strong>Fondation Cartier<\/strong>.<\/li>\n<\/ul>\n<h2>Les expositions temporaires \u00e0 voir en d\u00e9cembre<\/h2>\n<p>Les <strong>expositions temporaires<\/strong> constituent le socle de nombreux s\u00e9jours \u00e0 Paris. Les donn\u00e9es issues des agendas culturels franciliens montrent r\u00e9guli\u00e8rement <u>plus de 250 \u00e0 270 expositions<\/u> r\u00e9f\u00e9renc\u00e9es sur un mois en r\u00e9gion \u00cele-de-France, toutes th\u00e9matiques confondues. Les grandes institutions comme le <strong>Mus\u00e9e du Louvre<\/strong>, le <strong>Mus\u00e9e d\u2019Orsay<\/strong>, le <strong>Mus\u00e9e de l\u2019Orangerie<\/strong>, le <strong>Centre Pompidou<\/strong>, le <strong>Mus\u00e9e du Luxembourg<\/strong>, le <strong>Grand Palais Immersif<\/strong> ou le <strong>Mus\u00e9e Picasso-Paris<\/strong> programment, \u00e0 l\u2019automne et en hiver, des r\u00e9trospectives de grands ma\u00eetres, des expositions d\u2019art moderne et contemporain et des accrochages th\u00e9matiques qui attirent un public international.<\/p>\n<p>Nous observons aussi une mont\u00e9e en puissance des <strong>installations immersives<\/strong> et des dispositifs num\u00e9riques. Des lieux comme l\u2019<\/p>\n<div style=\"background: #e8f4f8;border: 3px solid #0073aa;padding: 20px;margin: 20px 0;border-radius: 8px\">\n<h2 style=\"color: #0073aa;text-align: center;margin-bottom: 15px\">\ud83d\udd27 Ressources Pratiques et Outils<\/h2>\n<div style=\"background: white;padding: 15px;margin: 10px 0;border-left: 4px solid #007bff\">\n<h3 style=\"color: #007bff;margin-bottom: 10px\">\ud83d\udee0\ufe0f Outils et Calculateurs<\/h3>\n<p>Pour planifier vos sorties culturelles, utilisez ces ressources :<\/p>\n<ul>\n<li><strong>Guide culturel L&rsquo;Officiel des spectacles<\/strong>: <a href=\"https:\/\/www.offi.fr\" rel=\"nofollow\">www.offi.fr<\/a> (3 000 \u00e9v\u00e9nements\/semaine)<\/li>\n<li><strong>Agenda Time Out Paris<\/strong>: <a href=\"https:\/\/www.timeout.fr\/paris\/que-faire-a-paris\/calendrier-mois\" rel=\"nofollow\">www.timeout.fr<\/a><\/li>\n<li><strong>Agenda \u00cele-de-France<\/strong>: <a href=\"https:\/\/www.iledefrance.fr\/tous-les-evenements\" rel=\"nofollow\">www.iledefrance.fr<\/a><\/li>\n<\/ul>\n<\/div>\n<div style=\"background: white;padding: 15px;margin: 10px 0;border-left: 4px solid #6f42c1\">\n<h3 style=\"color: #6f42c1;margin-bottom: 10px\">\ud83d\udc65 Communaut\u00e9 et Experts<\/h3>\n<p>Pour des ateliers et formations, contactez :<\/p>\n<ul>\n<li><strong>Paris-Ateliers<\/strong>: 7 rue Biscornet, Paris 12e. Ateliers disponibles du 22 septembre 2025 au 22 juin 2026.<\/li>\n<li><strong>Caf\u00e9 des mots \u2013 Centre \u00e9v\u00e9nementiel<\/strong>: 7 boulevard Aristide Briand, Courbevoie.<\/li>\n<\/ul>\n<\/div>\n<div style=\"background: #fff3cd;padding: 15px;margin: 15px 0;border: 2px solid #ffc107;border-radius: 5px\">\n<strong style=\"color: #856404\">\ud83d\udca1 R\u00e9sum\u00e9 en 2 lignes :<\/strong><br \/>\n<span>Paris regorge de mus\u00e9es et d&rsquo;\u00e9v\u00e9nements culturels, avec des ressources vari\u00e9es pour planifier vos visites. Profitez des outils en ligne pour d\u00e9couvrir la richesse de la culture fran\u00e7aise \u00e0 travers des expositions et des festivals.<\/span>\n<\/div>\n<\/div>\n","protected":false},"excerpt":{"rendered":"","protected":false},"author":34,"featured_media":7760,"comment_status":"open","ping_status":"open","sticky":false,"template":"","format":"standard","meta":{"_acf_changed":false,"manual_indexmenow":false,"indexmenow_id_project":0,"footnotes":""},"categories":[4520],"tags":[4805,4808,4809],"class_list":["post-7758","post","type-post","status-publish","format-standard","has-post-thumbnail","hentry","category-histoire-et-culture","tag-evenements-culturels","tag-paris-art","tag-sorties-paris","generate-columns","tablet-grid-50","mobile-grid-100","grid-parent","grid-25"],"acf":[],"yoast_head":"<!-- This site is optimized with the Yoast SEO Premium plugin v21.3 (Yoast SEO v25.6) - https:\/\/yoast.com\/wordpress\/plugins\/seo\/ -->\n<title>\u00c9v\u00e9nements culturels \u00e0 Paris : richesse artistique<\/title>\n<meta name=\"description\" content=\"Les sp\u00e9cialistes du Minist\u00e8re de la Culture d\u00e9finissent un \u00e9v\u00e9nement culturel comme la rencontre d\u2019un public avec une cr\u00e9ation artistique dans un lieu et\" \/>\n<meta name=\"robots\" content=\"index, follow, max-snippet:-1, max-image-preview:large, max-video-preview:-1\" \/>\n<link rel=\"canonical\" href=\"https:\/\/greenwichmeridien.fr\/blog\/histoire-et-culture\/les-evenements-culturels-a-paris-comment-decouvrir-la-richesse-artistique-locale\/\" \/>\n<meta property=\"og:locale\" content=\"fr_FR\" \/>\n<meta property=\"og:type\" content=\"article\" \/>\n<meta property=\"og:title\" content=\"\u00c9v\u00e9nements culturels \u00e0 Paris : richesse artistique\" \/>\n<meta property=\"og:description\" content=\"Les sp\u00e9cialistes du Minist\u00e8re de la Culture d\u00e9finissent un \u00e9v\u00e9nement culturel comme la rencontre d\u2019un public avec une cr\u00e9ation artistique dans un lieu et\" \/>\n<meta property=\"og:url\" content=\"https:\/\/greenwichmeridien.fr\/blog\/histoire-et-culture\/les-evenements-culturels-a-paris-comment-decouvrir-la-richesse-artistique-locale\/\" \/>\n<meta property=\"og:site_name\" content=\"greenwichmeridien\" \/>\n<meta property=\"og:image\" content=\"https:\/\/greenwichmeridien.fr\/blog\/wp-content\/uploads\/2025\/12\/pag-image-6940327f09640-scaled.png\" \/>\n\t<meta property=\"og:image:width\" content=\"1200\" \/>\n\t<meta property=\"og:image:height\" content=\"686\" \/>\n\t<meta property=\"og:image:type\" content=\"image\/png\" \/>\n<meta name=\"author\" content=\"Samuel Chalmin\" \/>\n<meta name=\"twitter:card\" content=\"summary_large_image\" \/>\n<script type=\"application\/ld+json\" class=\"yoast-schema-graph\">{\"@context\":\"https:\/\/schema.org\",\"@graph\":[{\"@type\":\"NewsArticle\",\"@id\":\"https:\/\/greenwichmeridien.fr\/blog\/histoire-et-culture\/les-evenements-culturels-a-paris-comment-decouvrir-la-richesse-artistique-locale\/#article\",\"isPartOf\":{\"@id\":\"https:\/\/greenwichmeridien.fr\/blog\/histoire-et-culture\/les-evenements-culturels-a-paris-comment-decouvrir-la-richesse-artistique-locale\/\"},\"author\":{\"name\":\"Samuel Chalmin\",\"@id\":\"https:\/\/greenwichmeridien.fr\/blog\/#\/schema\/person\/3c864cdc320801e3db34b663e7e3f816\"},\"headline\":\"Les \u00e9v\u00e9nements culturels \u00e0 Paris : comment d\u00e9couvrir la richesse artistique locale\",\"datePublished\":\"2026-03-05T08:56:00+00:00\",\"dateModified\":\"2026-08-24T23:47:37+00:00\",\"mainEntityOfPage\":{\"@id\":\"https:\/\/greenwichmeridien.fr\/blog\/histoire-et-culture\/les-evenements-culturels-a-paris-comment-decouvrir-la-richesse-artistique-locale\/\"},\"wordCount\":1212,\"commentCount\":0,\"publisher\":{\"@id\":\"https:\/\/greenwichmeridien.fr\/blog\/#organization\"},\"image\":{\"@id\":\"https:\/\/greenwichmeridien.fr\/blog\/histoire-et-culture\/les-evenements-culturels-a-paris-comment-decouvrir-la-richesse-artistique-locale\/#primaryimage\"},\"thumbnailUrl\":\"https:\/\/greenwichmeridien.fr\/blog\/wp-content\/uploads\/2025\/12\/pag-image-6940327f09640-scaled.png\",\"keywords\":[\"evenements culturels\",\"paris art\",\"sorties paris\"],\"articleSection\":[\"Histoire et Culture\"],\"inLanguage\":\"fr-FR\",\"potentialAction\":[{\"@type\":\"CommentAction\",\"name\":\"Comment\",\"target\":[\"https:\/\/greenwichmeridien.fr\/blog\/histoire-et-culture\/les-evenements-culturels-a-paris-comment-decouvrir-la-richesse-artistique-locale\/#respond\"]}]},{\"@type\":\"WebPage\",\"@id\":\"https:\/\/greenwichmeridien.fr\/blog\/histoire-et-culture\/les-evenements-culturels-a-paris-comment-decouvrir-la-richesse-artistique-locale\/\",\"url\":\"https:\/\/greenwichmeridien.fr\/blog\/histoire-et-culture\/les-evenements-culturels-a-paris-comment-decouvrir-la-richesse-artistique-locale\/\",\"name\":\"\u00c9v\u00e9nements culturels \u00e0 Paris : richesse artistique\",\"isPartOf\":{\"@id\":\"https:\/\/greenwichmeridien.fr\/blog\/#website\"},\"primaryImageOfPage\":{\"@id\":\"https:\/\/greenwichmeridien.fr\/blog\/histoire-et-culture\/les-evenements-culturels-a-paris-comment-decouvrir-la-richesse-artistique-locale\/#primaryimage\"},\"image\":{\"@id\":\"https:\/\/greenwichmeridien.fr\/blog\/histoire-et-culture\/les-evenements-culturels-a-paris-comment-decouvrir-la-richesse-artistique-locale\/#primaryimage\"},\"thumbnailUrl\":\"https:\/\/greenwichmeridien.fr\/blog\/wp-content\/uploads\/2025\/12\/pag-image-6940327f09640-scaled.png\",\"datePublished\":\"2026-03-05T08:56:00+00:00\",\"dateModified\":\"2026-08-24T23:47:37+00:00\",\"description\":\"Les sp\u00e9cialistes du Minist\u00e8re de la Culture d\u00e9finissent un \u00e9v\u00e9nement culturel comme la rencontre d\u2019un public avec une cr\u00e9ation artistique dans un lieu et\",\"inLanguage\":\"fr-FR\",\"potentialAction\":[{\"@type\":\"ReadAction\",\"target\":[\"https:\/\/greenwichmeridien.fr\/blog\/histoire-et-culture\/les-evenements-culturels-a-paris-comment-decouvrir-la-richesse-artistique-locale\/\"]}]},{\"@type\":\"ImageObject\",\"inLanguage\":\"fr-FR\",\"@id\":\"https:\/\/greenwichmeridien.fr\/blog\/histoire-et-culture\/les-evenements-culturels-a-paris-comment-decouvrir-la-richesse-artistique-locale\/#primaryimage\",\"url\":\"https:\/\/greenwichmeridien.fr\/blog\/wp-content\/uploads\/2025\/12\/pag-image-6940327f09640-scaled.png\",\"contentUrl\":\"https:\/\/greenwichmeridien.fr\/blog\/wp-content\/uploads\/2025\/12\/pag-image-6940327f09640-scaled.png\",\"width\":1200,\"height\":686,\"caption\":\"Image g\u00e9n\u00e9r\u00e9e par IA optimis\u00e9e pour Google Discover\"},{\"@type\":\"WebSite\",\"@id\":\"https:\/\/greenwichmeridien.fr\/blog\/#website\",\"url\":\"https:\/\/greenwichmeridien.fr\/blog\/\",\"name\":\"Greenwich M\u00e9ridien\",\"description\":\"Greenwich M\u00e9ridien, le rep\u00e8re du temps et du voyage\",\"publisher\":{\"@id\":\"https:\/\/greenwichmeridien.fr\/blog\/#organization\"},\"alternateName\":\"Greenwich M\u00e9ridien, le rep\u00e8re du temps et du voyage\",\"potentialAction\":[{\"@type\":\"SearchAction\",\"target\":{\"@type\":\"EntryPoint\",\"urlTemplate\":\"https:\/\/greenwichmeridien.fr\/blog\/?s={search_term_string}\"},\"query-input\":{\"@type\":\"PropertyValueSpecification\",\"valueRequired\":true,\"valueName\":\"search_term_string\"}}],\"inLanguage\":\"fr-FR\"},{\"@type\":\"Organization\",\"@id\":\"https:\/\/greenwichmeridien.fr\/blog\/#organization\",\"name\":\"Greenwich M\u00e9ridien\",\"alternateName\":\"Greenwich M\u00e9ridien\",\"url\":\"https:\/\/greenwichmeridien.fr\/blog\/\",\"logo\":{\"@type\":\"ImageObject\",\"inLanguage\":\"fr-FR\",\"@id\":\"https:\/\/greenwichmeridien.fr\/blog\/#\/schema\/logo\/image\/\",\"url\":\"https:\/\/greenwichmeridien.fr\/blog\/wp-content\/uploads\/2024\/12\/greenwichmeridien.png\",\"contentUrl\":\"https:\/\/greenwichmeridien.fr\/blog\/wp-content\/uploads\/2024\/12\/greenwichmeridien.png\",\"width\":500,\"height\":500,\"caption\":\"Greenwich M\u00e9ridien\"},\"image\":{\"@id\":\"https:\/\/greenwichmeridien.fr\/blog\/#\/schema\/logo\/image\/\"}},{\"@type\":\"Person\",\"@id\":\"https:\/\/greenwichmeridien.fr\/blog\/#\/schema\/person\/3c864cdc320801e3db34b663e7e3f816\",\"name\":\"Samuel Chalmin\",\"image\":{\"@type\":\"ImageObject\",\"inLanguage\":\"fr-FR\",\"@id\":\"https:\/\/greenwichmeridien.fr\/blog\/#\/schema\/person\/image\/\",\"url\":\"https:\/\/secure.gravatar.com\/avatar\/cef3677de7d237273d13053728f9470818581a8a27d9bf6f5039fd18508a905f?s=96&d=mm&r=g\",\"contentUrl\":\"https:\/\/secure.gravatar.com\/avatar\/cef3677de7d237273d13053728f9470818581a8a27d9bf6f5039fd18508a905f?s=96&d=mm&r=g\",\"caption\":\"Samuel Chalmin\"},\"description\":\"R\u00e9dacteur du site, il suit les questions de temps et de calendrier : m\u00e9ridien de Greenwich, heure GMT et UTC, fuseaux horaires, changement d'heure, ann\u00e9es bissextiles et jours f\u00e9ri\u00e9s.\",\"sameAs\":[\"https:\/\/samuelchalmin.fr\/\"],\"url\":\"https:\/\/greenwichmeridien.fr\/blog\/auteur\/noname\/\"}]}<\/script>\n<!-- \/ Yoast SEO Premium plugin. -->","yoast_head_json":{"title":"\u00c9v\u00e9nements culturels \u00e0 Paris : richesse artistique","description":"Les sp\u00e9cialistes du Minist\u00e8re de la Culture d\u00e9finissent un \u00e9v\u00e9nement culturel comme la rencontre d\u2019un public avec une cr\u00e9ation artistique dans un lieu et","robots":{"index":"index","follow":"follow","max-snippet":"max-snippet:-1","max-image-preview":"max-image-preview:large","max-video-preview":"max-video-preview:-1"},"canonical":"https:\/\/greenwichmeridien.fr\/blog\/histoire-et-culture\/les-evenements-culturels-a-paris-comment-decouvrir-la-richesse-artistique-locale\/","og_locale":"fr_FR","og_type":"article","og_title":"\u00c9v\u00e9nements culturels \u00e0 Paris : richesse artistique","og_description":"Les sp\u00e9cialistes du Minist\u00e8re de la Culture d\u00e9finissent un \u00e9v\u00e9nement culturel comme la rencontre d\u2019un public avec une cr\u00e9ation artistique dans un lieu et","og_url":"https:\/\/greenwichmeridien.fr\/blog\/histoire-et-culture\/les-evenements-culturels-a-paris-comment-decouvrir-la-richesse-artistique-locale\/","og_site_name":"greenwichmeridien","og_image":[{"width":1200,"height":686,"url":"https:\/\/greenwichmeridien.fr\/blog\/wp-content\/uploads\/2025\/12\/pag-image-6940327f09640-scaled.png","type":"image\/png"}],"author":"Samuel Chalmin","twitter_card":"summary_large_image","schema":{"@context":"https:\/\/schema.org","@graph":[{"@type":"NewsArticle","@id":"https:\/\/greenwichmeridien.fr\/blog\/histoire-et-culture\/les-evenements-culturels-a-paris-comment-decouvrir-la-richesse-artistique-locale\/#article","isPartOf":{"@id":"https:\/\/greenwichmeridien.fr\/blog\/histoire-et-culture\/les-evenements-culturels-a-paris-comment-decouvrir-la-richesse-artistique-locale\/"},"author":{"name":"Samuel Chalmin","@id":"https:\/\/greenwichmeridien.fr\/blog\/#\/schema\/person\/3c864cdc320801e3db34b663e7e3f816"},"headline":"Les \u00e9v\u00e9nements culturels \u00e0 Paris : comment d\u00e9couvrir la richesse artistique locale","datePublished":"2026-03-05T08:56:00+00:00","dateModified":"2026-08-24T23:47:37+00:00","mainEntityOfPage":{"@id":"https:\/\/greenwichmeridien.fr\/blog\/histoire-et-culture\/les-evenements-culturels-a-paris-comment-decouvrir-la-richesse-artistique-locale\/"},"wordCount":1212,"commentCount":0,"publisher":{"@id":"https:\/\/greenwichmeridien.fr\/blog\/#organization"},"image":{"@id":"https:\/\/greenwichmeridien.fr\/blog\/histoire-et-culture\/les-evenements-culturels-a-paris-comment-decouvrir-la-richesse-artistique-locale\/#primaryimage"},"thumbnailUrl":"https:\/\/greenwichmeridien.fr\/blog\/wp-content\/uploads\/2025\/12\/pag-image-6940327f09640-scaled.png","keywords":["evenements culturels","paris art","sorties paris"],"articleSection":["Histoire et Culture"],"inLanguage":"fr-FR","potentialAction":[{"@type":"CommentAction","name":"Comment","target":["https:\/\/greenwichmeridien.fr\/blog\/histoire-et-culture\/les-evenements-culturels-a-paris-comment-decouvrir-la-richesse-artistique-locale\/#respond"]}]},{"@type":"WebPage","@id":"https:\/\/greenwichmeridien.fr\/blog\/histoire-et-culture\/les-evenements-culturels-a-paris-comment-decouvrir-la-richesse-artistique-locale\/","url":"https:\/\/greenwichmeridien.fr\/blog\/histoire-et-culture\/les-evenements-culturels-a-paris-comment-decouvrir-la-richesse-artistique-locale\/","name":"\u00c9v\u00e9nements culturels \u00e0 Paris : richesse artistique","isPartOf":{"@id":"https:\/\/greenwichmeridien.fr\/blog\/#website"},"primaryImageOfPage":{"@id":"https:\/\/greenwichmeridien.fr\/blog\/histoire-et-culture\/les-evenements-culturels-a-paris-comment-decouvrir-la-richesse-artistique-locale\/#primaryimage"},"image":{"@id":"https:\/\/greenwichmeridien.fr\/blog\/histoire-et-culture\/les-evenements-culturels-a-paris-comment-decouvrir-la-richesse-artistique-locale\/#primaryimage"},"thumbnailUrl":"https:\/\/greenwichmeridien.fr\/blog\/wp-content\/uploads\/2025\/12\/pag-image-6940327f09640-scaled.png","datePublished":"2026-03-05T08:56:00+00:00","dateModified":"2026-08-24T23:47:37+00:00","description":"Les sp\u00e9cialistes du Minist\u00e8re de la Culture d\u00e9finissent un \u00e9v\u00e9nement culturel comme la rencontre d\u2019un public avec une cr\u00e9ation artistique dans un lieu et","inLanguage":"fr-FR","potentialAction":[{"@type":"ReadAction","target":["https:\/\/greenwichmeridien.fr\/blog\/histoire-et-culture\/les-evenements-culturels-a-paris-comment-decouvrir-la-richesse-artistique-locale\/"]}]},{"@type":"ImageObject","inLanguage":"fr-FR","@id":"https:\/\/greenwichmeridien.fr\/blog\/histoire-et-culture\/les-evenements-culturels-a-paris-comment-decouvrir-la-richesse-artistique-locale\/#primaryimage","url":"https:\/\/greenwichmeridien.fr\/blog\/wp-content\/uploads\/2025\/12\/pag-image-6940327f09640-scaled.png","contentUrl":"https:\/\/greenwichmeridien.fr\/blog\/wp-content\/uploads\/2025\/12\/pag-image-6940327f09640-scaled.png","width":1200,"height":686,"caption":"Image g\u00e9n\u00e9r\u00e9e par IA optimis\u00e9e pour Google Discover"},{"@type":"WebSite","@id":"https:\/\/greenwichmeridien.fr\/blog\/#website","url":"https:\/\/greenwichmeridien.fr\/blog\/","name":"Greenwich M\u00e9ridien","description":"Greenwich M\u00e9ridien, le rep\u00e8re du temps et du voyage","publisher":{"@id":"https:\/\/greenwichmeridien.fr\/blog\/#organization"},"alternateName":"Greenwich M\u00e9ridien, le rep\u00e8re du temps et du voyage","potentialAction":[{"@type":"SearchAction","target":{"@type":"EntryPoint","urlTemplate":"https:\/\/greenwichmeridien.fr\/blog\/?s={search_term_string}"},"query-input":{"@type":"PropertyValueSpecification","valueRequired":true,"valueName":"search_term_string"}}],"inLanguage":"fr-FR"},{"@type":"Organization","@id":"https:\/\/greenwichmeridien.fr\/blog\/#organization","name":"Greenwich M\u00e9ridien","alternateName":"Greenwich M\u00e9ridien","url":"https:\/\/greenwichmeridien.fr\/blog\/","logo":{"@type":"ImageObject","inLanguage":"fr-FR","@id":"https:\/\/greenwichmeridien.fr\/blog\/#\/schema\/logo\/image\/","url":"https:\/\/greenwichmeridien.fr\/blog\/wp-content\/uploads\/2024\/12\/greenwichmeridien.png","contentUrl":"https:\/\/greenwichmeridien.fr\/blog\/wp-content\/uploads\/2024\/12\/greenwichmeridien.png","width":500,"height":500,"caption":"Greenwich M\u00e9ridien"},"image":{"@id":"https:\/\/greenwichmeridien.fr\/blog\/#\/schema\/logo\/image\/"}},{"@type":"Person","@id":"https:\/\/greenwichmeridien.fr\/blog\/#\/schema\/person\/3c864cdc320801e3db34b663e7e3f816","name":"Samuel Chalmin","image":{"@type":"ImageObject","inLanguage":"fr-FR","@id":"https:\/\/greenwichmeridien.fr\/blog\/#\/schema\/person\/image\/","url":"https:\/\/secure.gravatar.com\/avatar\/cef3677de7d237273d13053728f9470818581a8a27d9bf6f5039fd18508a905f?s=96&d=mm&r=g","contentUrl":"https:\/\/secure.gravatar.com\/avatar\/cef3677de7d237273d13053728f9470818581a8a27d9bf6f5039fd18508a905f?s=96&d=mm&r=g","caption":"Samuel Chalmin"},"description":"R\u00e9dacteur du site, il suit les questions de temps et de calendrier : m\u00e9ridien de Greenwich, heure GMT et UTC, fuseaux horaires, changement d'heure, ann\u00e9es bissextiles et jours f\u00e9ri\u00e9s.","sameAs":["https:\/\/samuelchalmin.fr\/"],"url":"https:\/\/greenwichmeridien.fr\/blog\/auteur\/noname\/"}]}},"_links":{"self":[{"href":"https:\/\/greenwichmeridien.fr\/blog\/wp-json\/wp\/v2\/posts\/7758","targetHints":{"allow":["GET"]}}],"collection":[{"href":"https:\/\/greenwichmeridien.fr\/blog\/wp-json\/wp\/v2\/posts"}],"about":[{"href":"https:\/\/greenwichmeridien.fr\/blog\/wp-json\/wp\/v2\/types\/post"}],"author":[{"embeddable":true,"href":"https:\/\/greenwichmeridien.fr\/blog\/wp-json\/wp\/v2\/users\/34"}],"replies":[{"embeddable":true,"href":"https:\/\/greenwichmeridien.fr\/blog\/wp-json\/wp\/v2\/comments?post=7758"}],"version-history":[{"count":1,"href":"https:\/\/greenwichmeridien.fr\/blog\/wp-json\/wp\/v2\/posts\/7758\/revisions"}],"predecessor-version":[{"id":7806,"href":"https:\/\/greenwichmeridien.fr\/blog\/wp-json\/wp\/v2\/posts\/7758\/revisions\/7806"}],"wp:featuredmedia":[{"embeddable":true,"href":"https:\/\/greenwichmeridien.fr\/blog\/wp-json\/wp\/v2\/media\/7760"}],"wp:attachment":[{"href":"https:\/\/greenwichmeridien.fr\/blog\/wp-json\/wp\/v2\/media?parent=7758"}],"wp:term":[{"taxonomy":"category","embeddable":true,"href":"https:\/\/greenwichmeridien.fr\/blog\/wp-json\/wp\/v2\/categories?post=7758"},{"taxonomy":"post_tag","embeddable":true,"href":"https:\/\/greenwichmeridien.fr\/blog\/wp-json\/wp\/v2\/tags?post=7758"}],"curies":[{"name":"wp","href":"https:\/\/api.w.org\/{rel}","templated":true}]}}