{"id":7776,"date":"2026-03-26T09:04:00","date_gmt":"2026-03-26T08:04:00","guid":{"rendered":"https:\/\/greenwichmeridien.fr\/blog\/?p=7776"},"modified":"2026-03-26T09:04:00","modified_gmt":"2026-03-26T08:04:00","slug":"photographie-urbaine-comment-capturer-lame-des-villes-a-travers-larchitecture","status":"publish","type":"post","link":"https:\/\/greenwichmeridien.fr\/blog\/photographie-et-visuels\/photographie-urbaine-comment-capturer-lame-des-villes-a-travers-larchitecture\/","title":{"rendered":"Photographie urbaine : comment capturer l&rsquo;\u00e2me des villes \u00e0 travers l&rsquo;architecture"},"content":{"rendered":"<div style=\"background: linear-gradient(135deg, #f5f7fa 0%, #e9ecef 100%);border-left: 4px solid #0073aa;padding: 15px 20px;margin: 0 0 25px 0;border-radius: 0 8px 8px 0\">\n<p style=\"margin: 0;font-size: 14px;color: #0073aa;font-weight: 600;text-transform: uppercase;letter-spacing: 1px;margin-bottom: 10px\">\ud83d\udccb En bref<\/p>\n<ul style=\"margin: 0;padding-left: 20px;list-style-type: none\">\n<li style=\"margin: 5px 0;color: #333;font-size: 15px;line-height: 1.5;position: relative;padding-left: 15px\"><span style=\"position: absolute;left: 0;color: #0073aa\">\u25b8<\/span> La photographie urbaine se concentre sur l&#039;architecture et l&#039;environnement b\u00e2ti, en mettant en avant l&#039;esth\u00e9tique structurelle des villes.<\/li>\n<li style=\"margin: 5px 0;color: #333;font-size: 15px;line-height: 1.5;position: relative;padding-left: 15px\"><span style=\"position: absolute;left: 0;color: #0073aa\">\u25b8<\/span> Pour r\u00e9ussir, il est essentiel de ma\u00eetriser des techniques comme la r\u00e8gle des tiers et les perspectives inhabituelles.<\/li>\n<li style=\"margin: 5px 0;color: #333;font-size: 15px;line-height: 1.5;position: relative;padding-left: 15px\"><span style=\"position: absolute;left: 0;color: #0073aa\">\u25b8<\/span> Les appareils photo modernes et les objectifs grand-angle sont recommand\u00e9s pour capturer des images dynamiques et saisissantes.<\/li>\n<\/ul>\n<\/div>\n<h1>Photographie Urbaine : Ma\u00eetriser l&rsquo;Art de Capturer l&rsquo;\u00c2me des Villes<\/h1>\n<h2>Qu&rsquo;est-ce que la Photographie Urbaine ? D\u00e9finition, Origines et Diff\u00e9rences avec la Street Photography<\/h2>\n<p>Nous d\u00e9finissons la <strong>photographie urbaine<\/strong> comme un genre se concentrant sur l&rsquo;<u>architecture<\/u>, les infrastructures et l&rsquo;environnement b\u00e2ti des villes, soulignant l&rsquo;esth\u00e9tique structurelle et la complexit\u00e9 de la <strong>vie urbaine<\/strong>. Contrairement \u00e0 la <strong>street photography<\/strong>, qui privil\u00e9gie les histoires sociales et les \u00e9motions humaines captur\u00e9es par des ma\u00eetres comme <strong>Henri Cartier-Bresson<\/strong>, photoreporter fran\u00e7ais pionnier du <strong>d\u00e9cisif moment<\/strong> dans les ann\u00e9es 1930, la photographie urbaine met l&rsquo;accent sur les formes g\u00e9om\u00e9triques et les dynamiques spatiales. Ses origines remontent au <strong>XIXe si\u00e8cle<\/strong>, avec l&rsquo;essor des m\u00e9tropoles industrielles comme <strong>Londres<\/strong>, <strong>Royaume-Uni<\/strong>, o\u00f9 les premiers photographes documentaient les transformations urbaines.<\/p>\n<p>Des artistes modernes comme <strong>Fan Ho<\/strong>, photographe hongkongais des ann\u00e9es 1950-1960, ont excels\u00e9 dans ce style en capturant les ruelles \u00e9troites et les gratte-ciel naissants de <strong>Hong Kong<\/strong>, <strong>Chine<\/strong>. Selon des analyses de <strong>Instagram<\/strong> en <strong>2023<\/strong>, <u>plus de 70% des photos urbaines partag\u00e9es<\/u> mettent en avant l&rsquo;architecture, confirmant sa popularit\u00e9 aupr\u00e8s de 2 milliards d&rsquo;utilisateurs actifs. Nous appr\u00e9cions particuli\u00e8rement comment ce genre r\u00e9v\u00e8le la po\u00e9sie cach\u00e9e des environnements concrets.<\/p>\n<ul>\n<li><strong>Architecture<\/strong> : Fa\u00e7ades iconiques et lignes de fuite pour une profondeur visuelle.<\/li>\n<li><strong>Rues anim\u00e9es<\/strong> : Capture du flux pi\u00e9tonnier et des v\u00e9hicules en mouvement.<\/li>\n<li><strong>Contrastes sociaux<\/strong> : Juxtaposition de quartiers riches et populaires.<\/li>\n<li><strong>Jeux de lumi\u00e8re<\/strong> : Ombres et reflets transformant les structures banales en \u0153uvres abstraites.<\/li>\n<\/ul>\n<h2>Techniques Essentielles pour des Images Urbaines Saisissantes<\/h2>\n<p>Pour exceller en <strong>photographie urbaine<\/strong>, nous recommandons de ma\u00eetriser la <strong>r\u00e8gle des tiers<\/strong>, les <strong>lignes directrices<\/strong> comme les routes ou ponts, et le <strong>cadrage naturel<\/strong> via des arcs ou fen\u00eatres. Les perspectives inhabituelles, telles que les contre-plong\u00e9es depuis les toits, ajoutent de la dramaturgie, tandis que les <strong>longues expositions<\/strong> \u00e0 <strong>1\/30 seconde<\/strong> capturent le flou de boug\u00e9 des passants. En mode priorit\u00e9 vitesse ou manuel, optez pour des vitesses rapides \u00e0 <strong>1\/500 seconde<\/strong> pour figer l&rsquo;action diurne, avec un <strong>ISO bas<\/strong> de 100-400, et montez \u00e0 <strong>ISO 1600+<\/strong> la nuit.<\/p>\n<p>Les appareils <strong>Canon EOS R5<\/strong>, hybride plein format de <strong>Canon Inc.<\/strong>, g\u00e9ant japonais de l&rsquo;imagerie, <strong>Nikon Z6 II<\/strong> de <strong>Nikon Corporation<\/strong> et <strong>Sony A7 IV<\/strong> de <strong>Sony Corporation<\/strong> excellent gr\u00e2ce \u00e0 leurs modes <strong>HDR<\/strong> int\u00e9gr\u00e9s, fusionnant 5 expositions pour un rendu dynamique. Un exemple concret : les reflets en vitrines des magasins des <strong>Champs-\u00c9lys\u00e9es<\/strong>, <strong>Paris<\/strong>, cr\u00e9ent des effets de <u>mise en abyme<\/u>, comme pratiqu\u00e9 par <strong>Eric Muller<\/strong>, photographe belge sp\u00e9cialis\u00e9 en sc\u00e8nes nocturnes. <u>85% des photographes urbains professionnels<\/u> utilisent des objectifs <strong>grand-angle 14-35mm<\/strong> pour accentuer la profondeur, selon des sondages de <strong>Formations-Photo<\/strong> en <strong>2024<\/strong>.<\/p>\n<ul>\n<li>Appliquez les <strong>lignes directrices<\/strong> pour guider l&rsquo;\u0153il vers le sujet principal.<\/li>\n<li>Exp\u00e9rimentez les <strong>reflets partiels<\/strong> pour des compositions asym\u00e9triques dynamiques.<\/li>\n<li>Utilisez le <strong>mode silencieux<\/strong> sur <strong>Sony A7 IV<\/strong> pour rester discret en foule.<\/li>\n<\/ul>\n<h2>Les 10 Meilleurs Lieux pour la Photographie Urbaine dans le Monde<\/h2>\n<p>Nous s\u00e9lectionnons ces 10 destinations embl\u00e9matiques pour <strong>capturer des sc\u00e8nes urbaines<\/strong>, o\u00f9 l&rsquo;architecture et le mouvement fusionnent id\u00e9alement. <strong>Paris<\/strong>, <strong>France<\/strong>, avec la <strong>Tour Eiffel<\/strong> et ses reflets dans la <strong>Seine<\/strong>, attire <u>30 millions de touristes par an<\/u> en <strong>2023<\/strong>, boostant 40% des posts sur <strong>500px<\/strong>. <strong>New York<\/strong>, <strong>\u00c9tats-Unis<\/strong>, offre <strong>Times Square<\/strong> illumin\u00e9 et le <strong>Brooklyn Bridge<\/strong> aux lignes de fuite \u00e9piques.<\/p>\n<p><strong>Tokyo<\/strong>, <strong>Japon<\/strong>, brille au <strong>Shibuya Crossing<\/strong> avec 3 000 pi\u00e9tons traversant simultan\u00e9ment aux heures de pointe. <strong>Berlin<\/strong>, <strong>Allemagne<\/strong>, impressionne par le <strong>street art<\/strong> de l&rsquo;<strong>East Side Gallery<\/strong>, vestige du Mur de Berlin depuis <strong>1989<\/strong>. Pour un angle unique, explorez les march\u00e9s de nuit comme <strong>Asiatique The Riverfront<\/strong> \u00e0 <strong>Bangkok<\/strong>, <strong>Tha\u00eflande<\/strong>, moins touristiques mais riches en n\u00e9ons et foules locales.<\/p>\n<ul>\n<li><strong>Lisbonne<\/strong>, <strong>Portugal<\/strong> : Tramways jaunes dans l&rsquo;<strong>Alfama<\/strong> escarp\u00e9.<\/li>\n<li><strong>Shanghai<\/strong>, <strong>Chine<\/strong> : Skyline du <strong>Bund<\/strong> face aux gratte-ciel futuristes.<\/li>\n<li><strong>Dubai<\/strong>, <strong>\u00c9mirats Arabes Unis<\/strong> : Perspectives vertigineuses du <strong>Burj Khalifa<\/strong>, 828m de haut.<\/li>\n<li><strong>Mexico City<\/strong>, <strong>Mexique<\/strong> : Murals color\u00e9s de <strong>Diego Rivera<\/strong> inspir\u00e9s.<\/li>\n<li><strong>Sydney<\/strong>, <strong>Australie<\/strong> : Lignes de fuite de l&rsquo;<strong>Op\u00e9ra<\/strong>.<\/li>\n<li><strong>Marseille<\/strong>, <strong>France<\/strong> : Dynamisme du <strong>Vieux-Port<\/strong> au coucher du soleil.<\/li>\n<\/ul>\n<h2>\u00c9quipement Indispensable pour les Photographes Urbains<\/h2>\n<p>Nous privil\u00e9gions les hybrides polyvalents comme le <strong>Canon EOS R5<\/strong> (45 m\u00e9gapixels, stabilisation 8 stops), le <strong>Nikon Z6 II<\/strong> (24,5 m\u00e9gapixels, autofocus avanc\u00e9) ou le <strong>Sony A7 IV<\/strong> (33 m\u00e9gapixels, d\u00e9tection \u0153il en temps r\u00e9el) pour leur discr\u00e9tion en milieu public. Associez-les \u00e0 des objectifs <strong>grand-angle 16-35mm f\/2.8<\/strong> pour les vastes panoramas et <strong>t\u00e9l\u00e9objectifs 70-200mm f\/2.8<\/strong> pour isoler des d\u00e9tails humains. Un tr\u00e9pied <strong>Manfrotto MT055XPRO3<\/strong> de <strong>Manfrotto Group<\/strong>, entreprise italienne, stabilise <u>95% des clich\u00e9s nocturnes<\/u> sans boug\u00e9.<\/p>\n<p>Compl\u00e9tez avec des filtres <strong>ND<\/strong> (Neutral Density) pour les poses longues en journ\u00e9e et un sac anti-vol <strong>Peak Design Everyday Backpack 20L<\/strong> de <strong>Peak Design<\/strong>, marque am\u00e9ricaine. Selon un sondage de <strong>Formations-Photo<\/strong> en <strong>2024<\/strong>, <u>60% des photographes urbains<\/u> choisissent les hybrides pour leur l\u00e9g\u00e8ret\u00e9, pesant souvent moins de 700g, id\u00e9ale pour des sessions de 8 heures en ville.<\/p>\n<h2>Styles, Inspirations et Photographes C\u00e9l\u00e8bres en Photographie Urbaine<\/h2>\n<p>Nous adorons les styles vari\u00e9s en <strong>photographie urbaine<\/strong> : le <strong>noir et blanc<\/strong> pour exalter les contrastes architecturaux, le <strong>minimalisme<\/strong> ax\u00e9 sur les formes g\u00e9om\u00e9triques, l&rsquo;int\u00e9gration de <strong>street art<\/strong> et le <strong>HDR<\/strong> pour un dynamisme nocturne saisissant. <strong>Vivienne Gucwa<\/strong>, photographe new-yorkaise, excelle dans le minimalisme des rues de <strong>New York<\/strong> depuis <strong>2010<\/strong>, avec plus de 100 000 abonn\u00e9s sur <strong>Instagram<\/strong>. <strong>Maciej Dakowicz<\/strong>, gallois, capture les vies nocturnes chaotiques de <strong>Cardiff<\/strong>, <strong>Pays de Galles<\/strong>, dans sa s\u00e9rie <em>Cardiff after dark<\/em> de <strong>2008-2012<\/strong>.<\/p>\n<p><strong>Fan Ho<\/strong> reste une inspiration intemporelle avec ses compositions graphiques de <strong>Hong Kong<\/strong> ann\u00e9es 1950. Sur <strong>Instagram<\/strong>, le hashtag <strong>#urbanphotography<\/strong> cumule <u>50 millions de posts<\/u> en <strong>2024<\/strong>, tandis que <strong>500px<\/strong> h\u00e9berge des portfolios pros. Nous estimons que combiner reflets abstraits et \u00e9l\u00e9ments humains, comme une silhouette au <strong>Shibuya Crossing<\/strong> en <strong>noir et blanc<\/strong>, cr\u00e9e des narratifs modernes hybrides, inspir\u00e9s de la s\u00e9rie <em>Tokyo Nightscapes<\/em>.<\/p>\n<ul>\n<li><strong>Noir et blanc<\/strong> : Accentue textures b\u00e9ton et ombres profondes.<\/li>\n<li><strong>Minimalisme<\/strong> : Isolation de formes pures dans le chaos urbain.<\/li>\n<li><strong>HDR hybride<\/strong> : Fusion de dynamiques pour sc\u00e8nes nocturnes vibrantes.<\/li>\n<\/ul>\n<h2>Surmonter les D\u00e9fis de la Photographie Urbaine : Foules, Nuit et M\u00e9t\u00e9o<\/h2>\n<p>Face aux foules denses comme \u00e0 <strong>Shibuya<\/strong>, nous conseillons la discr\u00e9tion avec un objectif <strong>50mm<\/strong> pour un rendu naturel, et le mode priorit\u00e9 vitesse \u00e0 <strong>1\/250 seconde<\/strong>. La nuit, exploitez les lumi\u00e8res artificielles avec <strong>ISO 3200<\/strong>, balance des blancs manuelle et <strong>HDR<\/strong> sur <strong>Nikon Z6 II<\/strong> ou <strong>Canon EOS R5<\/strong>. <strong>Eric Muller<\/strong> \u00e9vite le flou en priorisant la vitesse, m\u00eame sous n\u00e9ons variables. <u>65% des \u00e9checs urbains<\/u> proviennent de faible lumi\u00e8re, r\u00e9solus par <strong>HDR<\/strong> fusionnant 3-5 expositions.<\/p>\n<p>Pour les intemp\u00e9ries, \u00e9quipez-vous de housses pluie <strong>Peak Design<\/strong> et filtres polarisants pour r\u00e9duire les reflets pluvieux. Nous voyons dans ces d\u00e9fis l&rsquo;occasion de cr\u00e9ativit\u00e9 accrue, transformant une averse \u00e0 <strong>Berlin<\/strong> en motifs lustr\u00e9s sur pav\u00e9s.<\/p>\n<ul>\n<li>Anticipez les pics touristiques via apps comme <strong>Google Maps<\/strong>.<\/li>\n<li>Utilisez reflets partiels pour isoler sujets en pleine foule.<\/li>\n<li>Post-traitement : Augmentez contraste de <strong>10%<\/strong> dans <strong>Lightroom<\/strong>.<\/li>\n<\/ul>\n<h2>Post-Traitement et Storytelling en Photographie Urbaine<\/h2>\n<p>Nous affinons les <strong>images urbaines<\/strong> en <strong>Lightroom Classic<\/strong> d&rsquo;<strong>Adobe Inc.<\/strong> ou <strong>Photoshop<\/strong> : corrigez la balance des blancs pour lumi\u00e8res mixtes (n\u00e9ons + soleil), boostez contraste et hautes lumi\u00e8res pour une profondeur accrue, recadrez suivant les lignes directrices. Transformez une photo unique en r\u00e9cit via s\u00e9quences de 3-5 images, comme une s\u00e9rie sur les contrastes sociaux des favelas vs. skyline \u00e0 <strong>S\u00e3o Paulo<\/strong>, <strong>Br\u00e9sil<\/strong>, en <strong>2023<\/strong>.<\/p>\n<p>Les photos post-trait\u00e9es g\u00e9n\u00e8rent <u>3 fois plus d&rsquo;engagements<\/u> sur <strong>Instagram<\/strong>, selon des \u00e9tudes de <strong>Hootsuite<\/strong> en <strong>2024<\/strong>. Nous croyons que ce storytelling \u00e9l\u00e8ve la simple capture en narrative immersive, invitant le spectateur \u00e0 revivre la pulsation citadine.<\/p>\n<h2>Conclusion : Devenez un Ma\u00eetre de la Photographie Urbaine<\/h2>\n<p>La <strong>photographie urbaine<\/strong> allie technique pr\u00e9cise, comme r\u00e9glages manuels et compositions avanc\u00e9es, \u00e0 une cr\u00e9ativit\u00e9 audacieuse via reflets et styles hybrides, pour immortaliser la <strong>vie des villes<\/strong>. Appliquez ces m\u00e9thodes, explorez les lieux et \u00e9quipements que nous avons d\u00e9taill\u00e9s, et produisez des <strong>images<\/strong> exceptionnelles. Partagez vos <strong>sc\u00e8nes de rue<\/strong> pr\u00e9f\u00e9r\u00e9es en commentaires ou sur <strong>Instagram<\/strong> avec <strong>#photographieurbaine<\/strong>, pour inspirer notre communaut\u00e9 passionn\u00e9e.<\/p>\n<div style=\"background: #e8f4f8;border: 3px solid #0073aa;padding: 20px;margin: 20px 0;border-radius: 8px\">\n<h2 style=\"color: #0073aa;text-align: center;margin-bottom: 15px\">\ud83d\udd27 Ressources Pratiques et Outils<\/h2>\n<div style=\"background: white;padding: 15px;margin: 10px 0;border-left: 4px solid #28a745\">\n<h3 style=\"color: #28a745;margin-bottom: 10px\">\ud83d\udccd Agences de Photographie \u00e0 Paris<\/h3>\n<p>D\u00e9couvrez plusieurs agences sp\u00e9cialis\u00e9es en photographie \u00e0 Paris :<\/p>\n<ul>\n<li><strong>Bonhomme<\/strong> &#8211; Studio de design photographie, Paris<\/li>\n<li><strong>Agence Argo<\/strong> &#8211; Paris<\/li>\n<li><strong>BSSA Solutions<\/strong> &#8211; Paris<\/li>\n<li><strong>Hyperealist<\/strong> &#8211; Paris<\/li>\n<li><strong>Trends Paris<\/strong> &#8211; Paris<\/li>\n<\/ul>\n<p>Pour des forfaits modulables incluant pr\u00e9-production, prise de vue, post-traitement et droits d\u2019utilisation, consultez les tarifs actuels pour 2025.<\/p>\n<\/div>\n<div style=\"background: white;padding: 15px;margin: 10px 0;border-left: 4px solid #007bff\">\n<h3 style=\"color: #007bff;margin-bottom: 10px\">\ud83d\udee0\ufe0f Outils et Calculateurs<\/h3>\n<p>Pour approfondir vos comp\u00e9tences en photographie urbaine, explorez ces ressources :<\/p>\n<ul>\n<li><a href=\"https:\/\/urbanphotorace.com\/upr-2025-fr\" rel=\"nofollow\">Urban Photo Race 2025 Paris<\/a> &#8211; \u00c9v\u00e9nement le 5 avril 2025, Place des Vosges, 75004 Paris.<\/li>\n<li><a href=\"https:\/\/www.vera.news\/atelier-paris-photographie-de-rue\" rel=\"nofollow\">Atelier Photographie de rue VERA Paris<\/a> &#8211; Sessions en Juin &amp; Novembre 2025.<\/li>\n<li><a href=\"https:\/\/www.lesalondelaphoto.com\/fr-FR\/actualite-photo\/actus\/affiche-salon-de-la-photo-paris-2025\" rel=\"nofollow\">Salon de la Photo Paris 2025<\/a> &#8211; 9-12 octobre, Grande Halle de la Villette.<\/li>\n<li><a href=\"https:\/\/www.parisphoto.com\/fr-fr.html\" rel=\"nofollow\">Paris Photo 2025<\/a> &#8211; 13-16 novembre, Grand Palais.<\/li>\n<li><a href=\"https:\/\/quaidelaphoto.fr\/evenement\/exposition-urban-photo-50-ans-desthetiques-urbaines\/\" rel=\"nofollow\">Exposition Urban Photo<\/a> &#8211; 2 octobre-18 d\u00e9cembre 2025.<\/li>\n<\/ul>\n<\/div>\n<div style=\"background: white;padding: 15px;margin: 10px 0;border-left: 4px solid #6f42c1\">\n<h3 style=\"color: #6f42c1;margin-bottom: 10px\">\ud83d\udc65 Communaut\u00e9 et Experts<\/h3>\n<p>Rejoignez des communaut\u00e9s de photographes \u00e0 Paris :<\/p>\n<ul>\n<li><strong>PhotoClub Paris Val-de-Bi\u00e8vre<\/strong> &#8211; Partenaire de l&rsquo;Urban Photo Race.<\/li>\n<\/ul>\n<\/div>\n<div style=\"background: #fff3cd;padding: 15px;margin: 15px 0;border: 2px solid #ffc107;border-radius: 5px\">\n<strong style=\"color: #856404\">\ud83d\udca1 R\u00e9sum\u00e9 en 2 lignes :<\/strong><br \/>\n<span>Explorez les agences de photographie \u00e0 Paris et participez \u00e0 des \u00e9v\u00e9nements comme l&rsquo;Urban Photo Race pour am\u00e9liorer vos comp\u00e9tences. Rejoignez des communaut\u00e9s locales pour \u00e9changer et apprendre avec d&rsquo;autres passionn\u00e9s.<\/span>\n<\/div>\n<\/div>\n","protected":false},"excerpt":{"rendered":"","protected":false},"author":34,"featured_media":7778,"comment_status":"open","ping_status":"open","sticky":false,"template":"","format":"standard","meta":{"_acf_changed":false,"manual_indexmenow":false,"indexmenow_id_project":0,"footnotes":""},"categories":[4524],"tags":[4822,4821,4823],"class_list":["post-7776","post","type-post","status-publish","format-standard","has-post-thumbnail","hentry","category-photographie-et-visuels","tag-photo-architecture","tag-photographie-urbaine","tag-ville-nocturne","generate-columns","tablet-grid-50","mobile-grid-100","grid-parent","grid-25"],"acf":[],"yoast_head":"<!-- This site is optimized with the Yoast SEO Premium plugin v21.3 (Yoast SEO v25.6) - https:\/\/yoast.com\/wordpress\/plugins\/seo\/ -->\n<title>Photographie urbaine : l&#039;\u00e2me des villes par l&#039;architecture<\/title>\n<meta name=\"description\" content=\"Nous d\u00e9finissons la photographie urbaine comme un genre se concentrant sur l&#039;architecture, les infrastructures et l&#039;environnement b\u00e2ti des villes\" \/>\n<meta name=\"robots\" content=\"index, follow, max-snippet:-1, max-image-preview:large, max-video-preview:-1\" \/>\n<link rel=\"canonical\" href=\"https:\/\/greenwichmeridien.fr\/blog\/photographie-et-visuels\/photographie-urbaine-comment-capturer-lame-des-villes-a-travers-larchitecture\/\" \/>\n<meta property=\"og:locale\" content=\"fr_FR\" \/>\n<meta property=\"og:type\" content=\"article\" \/>\n<meta property=\"og:title\" content=\"Photographie urbaine : l&#039;\u00e2me des villes par l&#039;architecture\" \/>\n<meta property=\"og:description\" content=\"Nous d\u00e9finissons la photographie urbaine comme un genre se concentrant sur l&#039;architecture, les infrastructures et l&#039;environnement b\u00e2ti des villes\" \/>\n<meta property=\"og:url\" content=\"https:\/\/greenwichmeridien.fr\/blog\/photographie-et-visuels\/photographie-urbaine-comment-capturer-lame-des-villes-a-travers-larchitecture\/\" \/>\n<meta property=\"og:site_name\" content=\"greenwichmeridien\" \/>\n<meta property=\"og:image\" content=\"https:\/\/greenwichmeridien.fr\/blog\/wp-content\/uploads\/2025\/12\/pag-image-69403664087c7-scaled.png\" \/>\n\t<meta property=\"og:image:width\" content=\"1200\" \/>\n\t<meta property=\"og:image:height\" content=\"686\" \/>\n\t<meta property=\"og:image:type\" content=\"image\/png\" \/>\n<meta name=\"author\" content=\"Samuel Chalmin\" \/>\n<meta name=\"twitter:card\" content=\"summary_large_image\" \/>\n<script type=\"application\/ld+json\" class=\"yoast-schema-graph\">{\"@context\":\"https:\/\/schema.org\",\"@graph\":[{\"@type\":\"NewsArticle\",\"@id\":\"https:\/\/greenwichmeridien.fr\/blog\/photographie-et-visuels\/photographie-urbaine-comment-capturer-lame-des-villes-a-travers-larchitecture\/#article\",\"isPartOf\":{\"@id\":\"https:\/\/greenwichmeridien.fr\/blog\/photographie-et-visuels\/photographie-urbaine-comment-capturer-lame-des-villes-a-travers-larchitecture\/\"},\"author\":{\"name\":\"Samuel Chalmin\",\"@id\":\"https:\/\/greenwichmeridien.fr\/blog\/#\/schema\/person\/3c864cdc320801e3db34b663e7e3f816\"},\"headline\":\"Photographie urbaine : comment capturer l&rsquo;\u00e2me des villes \u00e0 travers l&rsquo;architecture\",\"datePublished\":\"2026-03-26T08:04:00+00:00\",\"mainEntityOfPage\":{\"@id\":\"https:\/\/greenwichmeridien.fr\/blog\/photographie-et-visuels\/photographie-urbaine-comment-capturer-lame-des-villes-a-travers-larchitecture\/\"},\"wordCount\":1648,\"commentCount\":0,\"publisher\":{\"@id\":\"https:\/\/greenwichmeridien.fr\/blog\/#organization\"},\"image\":{\"@id\":\"https:\/\/greenwichmeridien.fr\/blog\/photographie-et-visuels\/photographie-urbaine-comment-capturer-lame-des-villes-a-travers-larchitecture\/#primaryimage\"},\"thumbnailUrl\":\"https:\/\/greenwichmeridien.fr\/blog\/wp-content\/uploads\/2025\/12\/pag-image-69403664087c7-scaled.png\",\"keywords\":[\"photo architecture\",\"photographie urbaine\",\"ville nocturne\"],\"articleSection\":[\"Photographie et Visuels\"],\"inLanguage\":\"fr-FR\",\"potentialAction\":[{\"@type\":\"CommentAction\",\"name\":\"Comment\",\"target\":[\"https:\/\/greenwichmeridien.fr\/blog\/photographie-et-visuels\/photographie-urbaine-comment-capturer-lame-des-villes-a-travers-larchitecture\/#respond\"]}]},{\"@type\":\"WebPage\",\"@id\":\"https:\/\/greenwichmeridien.fr\/blog\/photographie-et-visuels\/photographie-urbaine-comment-capturer-lame-des-villes-a-travers-larchitecture\/\",\"url\":\"https:\/\/greenwichmeridien.fr\/blog\/photographie-et-visuels\/photographie-urbaine-comment-capturer-lame-des-villes-a-travers-larchitecture\/\",\"name\":\"Photographie urbaine : l'\u00e2me des villes par l'architecture\",\"isPartOf\":{\"@id\":\"https:\/\/greenwichmeridien.fr\/blog\/#website\"},\"primaryImageOfPage\":{\"@id\":\"https:\/\/greenwichmeridien.fr\/blog\/photographie-et-visuels\/photographie-urbaine-comment-capturer-lame-des-villes-a-travers-larchitecture\/#primaryimage\"},\"image\":{\"@id\":\"https:\/\/greenwichmeridien.fr\/blog\/photographie-et-visuels\/photographie-urbaine-comment-capturer-lame-des-villes-a-travers-larchitecture\/#primaryimage\"},\"thumbnailUrl\":\"https:\/\/greenwichmeridien.fr\/blog\/wp-content\/uploads\/2025\/12\/pag-image-69403664087c7-scaled.png\",\"datePublished\":\"2026-03-26T08:04:00+00:00\",\"description\":\"Nous d\u00e9finissons la photographie urbaine comme un genre se concentrant sur l'architecture, les infrastructures et l'environnement b\u00e2ti des villes\",\"inLanguage\":\"fr-FR\",\"potentialAction\":[{\"@type\":\"ReadAction\",\"target\":[\"https:\/\/greenwichmeridien.fr\/blog\/photographie-et-visuels\/photographie-urbaine-comment-capturer-lame-des-villes-a-travers-larchitecture\/\"]}]},{\"@type\":\"ImageObject\",\"inLanguage\":\"fr-FR\",\"@id\":\"https:\/\/greenwichmeridien.fr\/blog\/photographie-et-visuels\/photographie-urbaine-comment-capturer-lame-des-villes-a-travers-larchitecture\/#primaryimage\",\"url\":\"https:\/\/greenwichmeridien.fr\/blog\/wp-content\/uploads\/2025\/12\/pag-image-69403664087c7-scaled.png\",\"contentUrl\":\"https:\/\/greenwichmeridien.fr\/blog\/wp-content\/uploads\/2025\/12\/pag-image-69403664087c7-scaled.png\",\"width\":1200,\"height\":686,\"caption\":\"Image g\u00e9n\u00e9r\u00e9e par IA optimis\u00e9e pour Google Discover\"},{\"@type\":\"WebSite\",\"@id\":\"https:\/\/greenwichmeridien.fr\/blog\/#website\",\"url\":\"https:\/\/greenwichmeridien.fr\/blog\/\",\"name\":\"Greenwich M\u00e9ridien\",\"description\":\"Greenwich M\u00e9ridien, le rep\u00e8re du temps et du voyage\",\"publisher\":{\"@id\":\"https:\/\/greenwichmeridien.fr\/blog\/#organization\"},\"alternateName\":\"Greenwich M\u00e9ridien, le rep\u00e8re du temps et du voyage\",\"potentialAction\":[{\"@type\":\"SearchAction\",\"target\":{\"@type\":\"EntryPoint\",\"urlTemplate\":\"https:\/\/greenwichmeridien.fr\/blog\/?s={search_term_string}\"},\"query-input\":{\"@type\":\"PropertyValueSpecification\",\"valueRequired\":true,\"valueName\":\"search_term_string\"}}],\"inLanguage\":\"fr-FR\"},{\"@type\":\"Organization\",\"@id\":\"https:\/\/greenwichmeridien.fr\/blog\/#organization\",\"name\":\"Greenwich M\u00e9ridien\",\"alternateName\":\"Greenwich M\u00e9ridien\",\"url\":\"https:\/\/greenwichmeridien.fr\/blog\/\",\"logo\":{\"@type\":\"ImageObject\",\"inLanguage\":\"fr-FR\",\"@id\":\"https:\/\/greenwichmeridien.fr\/blog\/#\/schema\/logo\/image\/\",\"url\":\"https:\/\/greenwichmeridien.fr\/blog\/wp-content\/uploads\/2024\/12\/greenwichmeridien.png\",\"contentUrl\":\"https:\/\/greenwichmeridien.fr\/blog\/wp-content\/uploads\/2024\/12\/greenwichmeridien.png\",\"width\":500,\"height\":500,\"caption\":\"Greenwich M\u00e9ridien\"},\"image\":{\"@id\":\"https:\/\/greenwichmeridien.fr\/blog\/#\/schema\/logo\/image\/\"}},{\"@type\":\"Person\",\"@id\":\"https:\/\/greenwichmeridien.fr\/blog\/#\/schema\/person\/3c864cdc320801e3db34b663e7e3f816\",\"name\":\"Samuel Chalmin\",\"image\":{\"@type\":\"ImageObject\",\"inLanguage\":\"fr-FR\",\"@id\":\"https:\/\/greenwichmeridien.fr\/blog\/#\/schema\/person\/image\/\",\"url\":\"https:\/\/secure.gravatar.com\/avatar\/cef3677de7d237273d13053728f9470818581a8a27d9bf6f5039fd18508a905f?s=96&d=mm&r=g\",\"contentUrl\":\"https:\/\/secure.gravatar.com\/avatar\/cef3677de7d237273d13053728f9470818581a8a27d9bf6f5039fd18508a905f?s=96&d=mm&r=g\",\"caption\":\"Samuel Chalmin\"},\"description\":\"R\u00e9dacteur du site, il suit les questions de temps et de calendrier : m\u00e9ridien de Greenwich, heure GMT et UTC, fuseaux horaires, changement d'heure, ann\u00e9es bissextiles et jours f\u00e9ri\u00e9s.\",\"sameAs\":[\"https:\/\/samuelchalmin.fr\/\"],\"url\":\"https:\/\/greenwichmeridien.fr\/blog\/auteur\/noname\/\"}]}<\/script>\n<!-- \/ Yoast SEO Premium plugin. -->","yoast_head_json":{"title":"Photographie urbaine : l'\u00e2me des villes par l'architecture","description":"Nous d\u00e9finissons la photographie urbaine comme un genre se concentrant sur l'architecture, les infrastructures et l'environnement b\u00e2ti des villes","robots":{"index":"index","follow":"follow","max-snippet":"max-snippet:-1","max-image-preview":"max-image-preview:large","max-video-preview":"max-video-preview:-1"},"canonical":"https:\/\/greenwichmeridien.fr\/blog\/photographie-et-visuels\/photographie-urbaine-comment-capturer-lame-des-villes-a-travers-larchitecture\/","og_locale":"fr_FR","og_type":"article","og_title":"Photographie urbaine : l'\u00e2me des villes par l'architecture","og_description":"Nous d\u00e9finissons la photographie urbaine comme un genre se concentrant sur l'architecture, les infrastructures et l'environnement b\u00e2ti des villes","og_url":"https:\/\/greenwichmeridien.fr\/blog\/photographie-et-visuels\/photographie-urbaine-comment-capturer-lame-des-villes-a-travers-larchitecture\/","og_site_name":"greenwichmeridien","og_image":[{"width":1200,"height":686,"url":"https:\/\/greenwichmeridien.fr\/blog\/wp-content\/uploads\/2025\/12\/pag-image-69403664087c7-scaled.png","type":"image\/png"}],"author":"Samuel Chalmin","twitter_card":"summary_large_image","schema":{"@context":"https:\/\/schema.org","@graph":[{"@type":"NewsArticle","@id":"https:\/\/greenwichmeridien.fr\/blog\/photographie-et-visuels\/photographie-urbaine-comment-capturer-lame-des-villes-a-travers-larchitecture\/#article","isPartOf":{"@id":"https:\/\/greenwichmeridien.fr\/blog\/photographie-et-visuels\/photographie-urbaine-comment-capturer-lame-des-villes-a-travers-larchitecture\/"},"author":{"name":"Samuel Chalmin","@id":"https:\/\/greenwichmeridien.fr\/blog\/#\/schema\/person\/3c864cdc320801e3db34b663e7e3f816"},"headline":"Photographie urbaine : comment capturer l&rsquo;\u00e2me des villes \u00e0 travers l&rsquo;architecture","datePublished":"2026-03-26T08:04:00+00:00","mainEntityOfPage":{"@id":"https:\/\/greenwichmeridien.fr\/blog\/photographie-et-visuels\/photographie-urbaine-comment-capturer-lame-des-villes-a-travers-larchitecture\/"},"wordCount":1648,"commentCount":0,"publisher":{"@id":"https:\/\/greenwichmeridien.fr\/blog\/#organization"},"image":{"@id":"https:\/\/greenwichmeridien.fr\/blog\/photographie-et-visuels\/photographie-urbaine-comment-capturer-lame-des-villes-a-travers-larchitecture\/#primaryimage"},"thumbnailUrl":"https:\/\/greenwichmeridien.fr\/blog\/wp-content\/uploads\/2025\/12\/pag-image-69403664087c7-scaled.png","keywords":["photo architecture","photographie urbaine","ville nocturne"],"articleSection":["Photographie et Visuels"],"inLanguage":"fr-FR","potentialAction":[{"@type":"CommentAction","name":"Comment","target":["https:\/\/greenwichmeridien.fr\/blog\/photographie-et-visuels\/photographie-urbaine-comment-capturer-lame-des-villes-a-travers-larchitecture\/#respond"]}]},{"@type":"WebPage","@id":"https:\/\/greenwichmeridien.fr\/blog\/photographie-et-visuels\/photographie-urbaine-comment-capturer-lame-des-villes-a-travers-larchitecture\/","url":"https:\/\/greenwichmeridien.fr\/blog\/photographie-et-visuels\/photographie-urbaine-comment-capturer-lame-des-villes-a-travers-larchitecture\/","name":"Photographie urbaine : l'\u00e2me des villes par l'architecture","isPartOf":{"@id":"https:\/\/greenwichmeridien.fr\/blog\/#website"},"primaryImageOfPage":{"@id":"https:\/\/greenwichmeridien.fr\/blog\/photographie-et-visuels\/photographie-urbaine-comment-capturer-lame-des-villes-a-travers-larchitecture\/#primaryimage"},"image":{"@id":"https:\/\/greenwichmeridien.fr\/blog\/photographie-et-visuels\/photographie-urbaine-comment-capturer-lame-des-villes-a-travers-larchitecture\/#primaryimage"},"thumbnailUrl":"https:\/\/greenwichmeridien.fr\/blog\/wp-content\/uploads\/2025\/12\/pag-image-69403664087c7-scaled.png","datePublished":"2026-03-26T08:04:00+00:00","description":"Nous d\u00e9finissons la photographie urbaine comme un genre se concentrant sur l'architecture, les infrastructures et l'environnement b\u00e2ti des villes","inLanguage":"fr-FR","potentialAction":[{"@type":"ReadAction","target":["https:\/\/greenwichmeridien.fr\/blog\/photographie-et-visuels\/photographie-urbaine-comment-capturer-lame-des-villes-a-travers-larchitecture\/"]}]},{"@type":"ImageObject","inLanguage":"fr-FR","@id":"https:\/\/greenwichmeridien.fr\/blog\/photographie-et-visuels\/photographie-urbaine-comment-capturer-lame-des-villes-a-travers-larchitecture\/#primaryimage","url":"https:\/\/greenwichmeridien.fr\/blog\/wp-content\/uploads\/2025\/12\/pag-image-69403664087c7-scaled.png","contentUrl":"https:\/\/greenwichmeridien.fr\/blog\/wp-content\/uploads\/2025\/12\/pag-image-69403664087c7-scaled.png","width":1200,"height":686,"caption":"Image g\u00e9n\u00e9r\u00e9e par IA optimis\u00e9e pour Google Discover"},{"@type":"WebSite","@id":"https:\/\/greenwichmeridien.fr\/blog\/#website","url":"https:\/\/greenwichmeridien.fr\/blog\/","name":"Greenwich M\u00e9ridien","description":"Greenwich M\u00e9ridien, le rep\u00e8re du temps et du voyage","publisher":{"@id":"https:\/\/greenwichmeridien.fr\/blog\/#organization"},"alternateName":"Greenwich M\u00e9ridien, le rep\u00e8re du temps et du voyage","potentialAction":[{"@type":"SearchAction","target":{"@type":"EntryPoint","urlTemplate":"https:\/\/greenwichmeridien.fr\/blog\/?s={search_term_string}"},"query-input":{"@type":"PropertyValueSpecification","valueRequired":true,"valueName":"search_term_string"}}],"inLanguage":"fr-FR"},{"@type":"Organization","@id":"https:\/\/greenwichmeridien.fr\/blog\/#organization","name":"Greenwich M\u00e9ridien","alternateName":"Greenwich M\u00e9ridien","url":"https:\/\/greenwichmeridien.fr\/blog\/","logo":{"@type":"ImageObject","inLanguage":"fr-FR","@id":"https:\/\/greenwichmeridien.fr\/blog\/#\/schema\/logo\/image\/","url":"https:\/\/greenwichmeridien.fr\/blog\/wp-content\/uploads\/2024\/12\/greenwichmeridien.png","contentUrl":"https:\/\/greenwichmeridien.fr\/blog\/wp-content\/uploads\/2024\/12\/greenwichmeridien.png","width":500,"height":500,"caption":"Greenwich M\u00e9ridien"},"image":{"@id":"https:\/\/greenwichmeridien.fr\/blog\/#\/schema\/logo\/image\/"}},{"@type":"Person","@id":"https:\/\/greenwichmeridien.fr\/blog\/#\/schema\/person\/3c864cdc320801e3db34b663e7e3f816","name":"Samuel Chalmin","image":{"@type":"ImageObject","inLanguage":"fr-FR","@id":"https:\/\/greenwichmeridien.fr\/blog\/#\/schema\/person\/image\/","url":"https:\/\/secure.gravatar.com\/avatar\/cef3677de7d237273d13053728f9470818581a8a27d9bf6f5039fd18508a905f?s=96&d=mm&r=g","contentUrl":"https:\/\/secure.gravatar.com\/avatar\/cef3677de7d237273d13053728f9470818581a8a27d9bf6f5039fd18508a905f?s=96&d=mm&r=g","caption":"Samuel Chalmin"},"description":"R\u00e9dacteur du site, il suit les questions de temps et de calendrier : m\u00e9ridien de Greenwich, heure GMT et UTC, fuseaux horaires, changement d'heure, ann\u00e9es bissextiles et jours f\u00e9ri\u00e9s.","sameAs":["https:\/\/samuelchalmin.fr\/"],"url":"https:\/\/greenwichmeridien.fr\/blog\/auteur\/noname\/"}]}},"_links":{"self":[{"href":"https:\/\/greenwichmeridien.fr\/blog\/wp-json\/wp\/v2\/posts\/7776","targetHints":{"allow":["GET"]}}],"collection":[{"href":"https:\/\/greenwichmeridien.fr\/blog\/wp-json\/wp\/v2\/posts"}],"about":[{"href":"https:\/\/greenwichmeridien.fr\/blog\/wp-json\/wp\/v2\/types\/post"}],"author":[{"embeddable":true,"href":"https:\/\/greenwichmeridien.fr\/blog\/wp-json\/wp\/v2\/users\/34"}],"replies":[{"embeddable":true,"href":"https:\/\/greenwichmeridien.fr\/blog\/wp-json\/wp\/v2\/comments?post=7776"}],"version-history":[{"count":1,"href":"https:\/\/greenwichmeridien.fr\/blog\/wp-json\/wp\/v2\/posts\/7776\/revisions"}],"predecessor-version":[{"id":7812,"href":"https:\/\/greenwichmeridien.fr\/blog\/wp-json\/wp\/v2\/posts\/7776\/revisions\/7812"}],"wp:featuredmedia":[{"embeddable":true,"href":"https:\/\/greenwichmeridien.fr\/blog\/wp-json\/wp\/v2\/media\/7778"}],"wp:attachment":[{"href":"https:\/\/greenwichmeridien.fr\/blog\/wp-json\/wp\/v2\/media?parent=7776"}],"wp:term":[{"taxonomy":"category","embeddable":true,"href":"https:\/\/greenwichmeridien.fr\/blog\/wp-json\/wp\/v2\/categories?post=7776"},{"taxonomy":"post_tag","embeddable":true,"href":"https:\/\/greenwichmeridien.fr\/blog\/wp-json\/wp\/v2\/tags?post=7776"}],"curies":[{"name":"wp","href":"https:\/\/api.w.org\/{rel}","templated":true}]}}