{"id":7837,"date":"2026-07-16T18:05:35","date_gmt":"2026-07-16T16:05:35","guid":{"rendered":"https:\/\/greenwichmeridien.fr\/blog\/histoire-et-culture\/heure-et-calendrier\/pourquoi-change-t-on-dheure-en-france\/"},"modified":"2026-07-16T18:05:35","modified_gmt":"2026-07-16T16:05:35","slug":"pourquoi-change-t-on-dheure-en-france","status":"publish","type":"post","link":"https:\/\/greenwichmeridien.fr\/blog\/histoire-et-culture\/heure-et-calendrier\/pourquoi-change-t-on-dheure-en-france\/","title":{"rendered":"Pourquoi change-t-on d&rsquo;heure en France ?"},"content":{"rendered":"<p><strong>La France change d&rsquo;heure depuis 1976 pour \u00e9conomiser l&rsquo;\u00e9nergie : en d\u00e9calant l&rsquo;heure l\u00e9gale sur l&rsquo;ensoleillement, on allume la lumi\u00e8re plus tard le soir. La mesure a \u00e9t\u00e9 instaur\u00e9e par le d\u00e9cret du 19 septembre 1975, en pleine crise p\u00e9troli\u00e8re.<\/strong><\/p>\n<p>L&rsquo;id\u00e9e est simple : en \u00e9t\u00e9, le soleil se l\u00e8ve tr\u00e8s t\u00f4t alors que tout le monde dort encore. En avan\u00e7ant les horloges d&rsquo;une heure, on \u00ab d\u00e9place \u00bb cette lumi\u00e8re matinale perdue vers le soir, et on retarde d&rsquo;autant le moment o\u00f9 les foyers allument leurs lampes. \u00c0 l&rsquo;\u00e9poque, l&rsquo;\u00e9lectricit\u00e9 fran\u00e7aise \u00e9tait encore largement produite au fioul : chaque heure d&rsquo;\u00e9clairage \u00e9vit\u00e9e comptait.<\/p>\n<h2>Une histoire plus ancienne qu&rsquo;on ne le croit<\/h2>\n<table>\n<thead>\n<tr>\n<th>Date<\/th>\n<th>\u00c9v\u00e9nement<\/th>\n<\/tr>\n<\/thead>\n<tbody>\n<tr>\n<td>1916<\/td>\n<td>Premi\u00e8re heure d&rsquo;\u00e9t\u00e9 fran\u00e7aise, pour \u00e9conomiser le charbon pendant la guerre<\/td>\n<\/tr>\n<tr>\n<td>1945<\/td>\n<td>Abandon du changement d&rsquo;heure \u00e0 la Lib\u00e9ration<\/td>\n<\/tr>\n<tr>\n<td>1975-1976<\/td>\n<td>R\u00e9tablissement apr\u00e8s le choc p\u00e9trolier de 1973 (d\u00e9cret du 19 septembre 1975)<\/td>\n<\/tr>\n<tr>\n<td>1998-2001<\/td>\n<td>Harmonisation des dates dans toute l&rsquo;Union europ\u00e9enne (directive 2000\/84\/CE)<\/td>\n<\/tr>\n<tr>\n<td>2019<\/td>\n<td>Le Parlement europ\u00e9en vote la suppression\u2026 toujours pas appliqu\u00e9e<\/td>\n<\/tr>\n<\/tbody>\n<\/table>\n<h2>Est-ce que \u00e7a fait vraiment \u00e9conomiser de l&rsquo;\u00e9nergie ?<\/h2>\n<p>Oui, mais de moins en moins, et c&rsquo;est tout le d\u00e9bat. Les \u00e9tudes fran\u00e7aises (ADEME notamment) ont chiffr\u00e9 l&rsquo;\u00e9conomie \u00e0 quelques centaines de gigawattheures d&rsquo;\u00e9clairage par an \u2014 un chiffre r\u00e9el, mais qui repr\u00e9sente moins de 0,1 % de la consommation \u00e9lectrique du pays. Deux raisons \u00e0 cette \u00e9rosion :<\/p>\n<ul>\n<li>l&rsquo;\u00e9clairage moderne (LED, basse consommation) p\u00e8se beaucoup moins dans la facture qu&rsquo;en 1976 ;<\/li>\n<li>la climatisation et le chauffage, eux, peuvent partiellement annuler le gain selon les r\u00e9gions.<\/li>\n<\/ul>\n<p>Les partisans de la suppression ajoutent les effets sur le sommeil, la vigilance au volant les jours qui suivent le changement, et la complexit\u00e9 pour les transports. Les d\u00e9fenseurs du syst\u00e8me r\u00e9pondent que les longues soir\u00e9es d&rsquo;\u00e9t\u00e9 profitent au tourisme et aux loisirs. Aucun des deux camps n&rsquo;a totalement tort : c&rsquo;est un arbitrage, plus qu&rsquo;une v\u00e9rit\u00e9 scientifique.<\/p>\n<h2>Pourquoi tout le monde ne fait pas pareil<\/h2>\n<p>Le changement d&rsquo;heure n&rsquo;a d&rsquo;int\u00e9r\u00eat que loin de l&rsquo;\u00e9quateur, l\u00e0 o\u00f9 la dur\u00e9e du jour varie fortement entre l&rsquo;hiver et l&rsquo;\u00e9t\u00e9. C&rsquo;est pourquoi la plupart des pays tropicaux n&rsquo;ont jamais adopt\u00e9 l&rsquo;heure d&rsquo;\u00e9t\u00e9, et pourquoi des pays comme la Russie (2011), la Turquie (2016) ou le Mexique (2022) l&rsquo;ont abandonn\u00e9e ces derni\u00e8res ann\u00e9es.<\/p>\n<details>\n<summary>Qui a invent\u00e9 l&rsquo;heure d&rsquo;\u00e9t\u00e9 ?<\/summary>\n<p>L&rsquo;id\u00e9e est souvent attribu\u00e9e \u00e0 Benjamin Franklin (1784), mais son texte \u00e9tait surtout humoristique. La premi\u00e8re proposition s\u00e9rieuse vient du Britannique William Willett en 1907, et les premiers pays \u00e0 l&rsquo;appliquer furent l&rsquo;Allemagne et l&rsquo;Autriche-Hongrie en 1916, suivis de pr\u00e8s par la France.<\/p>\n<\/details>\n<details>\n<summary>En quelle ann\u00e9e a commenc\u00e9 le changement d&rsquo;heure en France ?<\/summary>\n<p>En 1916 une premi\u00e8re fois, puis de fa\u00e7on continue depuis 1976, en application du d\u00e9cret du 19 septembre 1975.<\/p>\n<\/details>\n<details>\n<summary>L&rsquo;heure d&rsquo;hiver est-elle l&rsquo;heure \u00ab normale \u00bb ?<\/summary>\n<p>C&rsquo;est l&rsquo;heure l\u00e9gale de base de la France (UTC+1), mais elle est d\u00e9j\u00e0 d\u00e9cal\u00e9e par rapport au soleil : g\u00e9ographiquement, la France se trouve sur le m\u00e9ridien de Greenwich. Notre \u00ab vraie \u00bb heure solaire serait plus proche de UTC+0.<\/p>\n<\/details>\n<details>\n<summary>Le changement d&rsquo;heure est-il mauvais pour la sant\u00e9 ?<\/summary>\n<p>Les \u00e9tudes montrent des troubles courts et r\u00e9els (sommeil, vigilance) pendant quelques jours, surtout au passage \u00e0 l&rsquo;heure d&rsquo;\u00e9t\u00e9. Les effets \u00e0 long terme font encore d\u00e9bat chez les chronobiologistes.<\/p>\n<\/details>\n<h2>\u00c0 lire aussi<\/h2>\n<ul>\n<li><a href=\"https:\/\/greenwichmeridien.fr\/blog\/histoire-et-culture\/heure-et-calendrier\/heure-et-calendrier-questions\/\">L&rsquo;heure et le calendrier en questions : le sommaire complet<\/a><\/li>\n<li><a href=\"https:\/\/greenwichmeridien.fr\/blog\/histoire-et-culture\/heure-et-calendrier\/quand-change-t-on-dheure-dates-2026-2027\/\">Quand change-t-on d&rsquo;heure ? Dates 2026 et 2027<\/a><\/li>\n<li><a href=\"https:\/\/greenwichmeridien.fr\/blog\/histoire-et-culture\/heure-et-calendrier\/fin-du-changement-dheure-cest-pour-quand\/\">La fin du changement d&rsquo;heure, c&rsquo;est pour quand ?<\/a><\/li>\n<li><a href=\"https:\/\/greenwichmeridien.fr\/blog\/histoire-et-culture\/heure-et-calendrier\/pourquoi-le-midi-solaire-nest-pas-a-midi\/\">Pourquoi le midi solaire n&rsquo;est-il pas \u00e0 midi ?<\/a><\/li>\n<\/ul>\n","protected":false},"excerpt":{"rendered":"","protected":false},"author":34,"featured_media":999999999,"comment_status":"open","ping_status":"open","sticky":false,"template":"","format":"standard","meta":{"_acf_changed":false,"manual_indexmenow":false,"indexmenow_id_project":0,"footnotes":""},"categories":[4824],"tags":[],"class_list":["post-7837","post","type-post","status-publish","format-standard","has-post-thumbnail","hentry","category-heure-et-calendrier","generate-columns","tablet-grid-50","mobile-grid-100","grid-parent","grid-25"],"acf":[],"yoast_head":"<!-- This site is optimized with the Yoast SEO Premium plugin v21.3 (Yoast SEO v25.6) - https:\/\/yoast.com\/wordpress\/plugins\/seo\/ -->\n<title>Pourquoi change-t-on d&#039;heure en France ?<\/title>\n<meta name=\"description\" content=\"La France change d&#039;heure depuis 1976 pour \u00e9conomiser l&#039;\u00e9nergie : en d\u00e9calant l&#039;heure l\u00e9gale sur l&#039;ensoleillement, on allume la lumi\u00e8re plus tard le soir.\" \/>\n<meta name=\"robots\" content=\"index, follow, max-snippet:-1, max-image-preview:large, max-video-preview:-1\" \/>\n<link rel=\"canonical\" href=\"https:\/\/greenwichmeridien.fr\/blog\/histoire-et-culture\/heure-et-calendrier\/pourquoi-change-t-on-dheure-en-france\/\" \/>\n<meta property=\"og:locale\" content=\"fr_FR\" \/>\n<meta property=\"og:type\" content=\"article\" \/>\n<meta property=\"og:title\" content=\"Pourquoi change-t-on d&#039;heure en France ?\" \/>\n<meta property=\"og:description\" content=\"La France change d&#039;heure depuis 1976 pour \u00e9conomiser l&#039;\u00e9nergie : en d\u00e9calant l&#039;heure l\u00e9gale sur l&#039;ensoleillement, on allume la lumi\u00e8re plus tard le soir.\" \/>\n<meta property=\"og:url\" content=\"https:\/\/greenwichmeridien.fr\/blog\/histoire-et-culture\/heure-et-calendrier\/pourquoi-change-t-on-dheure-en-france\/\" \/>\n<meta property=\"og:site_name\" content=\"greenwichmeridien\" \/>\n<meta name=\"author\" content=\"Samuel Chalmin\" \/>\n<meta name=\"twitter:card\" content=\"summary_large_image\" \/>\n<script type=\"application\/ld+json\" class=\"yoast-schema-graph\">{\"@context\":\"https:\/\/schema.org\",\"@graph\":[{\"@type\":\"NewsArticle\",\"@id\":\"https:\/\/greenwichmeridien.fr\/blog\/histoire-et-culture\/heure-et-calendrier\/pourquoi-change-t-on-dheure-en-france\/#article\",\"isPartOf\":{\"@id\":\"https:\/\/greenwichmeridien.fr\/blog\/histoire-et-culture\/heure-et-calendrier\/pourquoi-change-t-on-dheure-en-france\/\"},\"author\":{\"name\":\"Samuel Chalmin\",\"@id\":\"https:\/\/greenwichmeridien.fr\/blog\/#\/schema\/person\/3c864cdc320801e3db34b663e7e3f816\"},\"headline\":\"Pourquoi change-t-on d&rsquo;heure en France ?\",\"datePublished\":\"2026-07-16T16:05:35+00:00\",\"mainEntityOfPage\":{\"@id\":\"https:\/\/greenwichmeridien.fr\/blog\/histoire-et-culture\/heure-et-calendrier\/pourquoi-change-t-on-dheure-en-france\/\"},\"wordCount\":643,\"commentCount\":0,\"publisher\":{\"@id\":\"https:\/\/greenwichmeridien.fr\/blog\/#organization\"},\"image\":{\"@id\":\"https:\/\/greenwichmeridien.fr\/blog\/histoire-et-culture\/heure-et-calendrier\/pourquoi-change-t-on-dheure-en-france\/#primaryimage\"},\"thumbnailUrl\":\"https:\/\/images.pexels.com\/photos\/38524005\/pexels-photo-38524005.jpeg?auto=compress&cs=tinysrgb&fit=crop&h=627&w=1200\",\"articleSection\":[\"L'heure &amp; le calendrier\"],\"inLanguage\":\"fr-FR\",\"potentialAction\":[{\"@type\":\"CommentAction\",\"name\":\"Comment\",\"target\":[\"https:\/\/greenwichmeridien.fr\/blog\/histoire-et-culture\/heure-et-calendrier\/pourquoi-change-t-on-dheure-en-france\/#respond\"]}]},{\"@type\":\"WebPage\",\"@id\":\"https:\/\/greenwichmeridien.fr\/blog\/histoire-et-culture\/heure-et-calendrier\/pourquoi-change-t-on-dheure-en-france\/\",\"url\":\"https:\/\/greenwichmeridien.fr\/blog\/histoire-et-culture\/heure-et-calendrier\/pourquoi-change-t-on-dheure-en-france\/\",\"name\":\"Pourquoi change-t-on d'heure en France ?\",\"isPartOf\":{\"@id\":\"https:\/\/greenwichmeridien.fr\/blog\/#website\"},\"primaryImageOfPage\":{\"@id\":\"https:\/\/greenwichmeridien.fr\/blog\/histoire-et-culture\/heure-et-calendrier\/pourquoi-change-t-on-dheure-en-france\/#primaryimage\"},\"image\":{\"@id\":\"https:\/\/greenwichmeridien.fr\/blog\/histoire-et-culture\/heure-et-calendrier\/pourquoi-change-t-on-dheure-en-france\/#primaryimage\"},\"thumbnailUrl\":\"https:\/\/images.pexels.com\/photos\/38524005\/pexels-photo-38524005.jpeg?auto=compress&cs=tinysrgb&fit=crop&h=627&w=1200\",\"datePublished\":\"2026-07-16T16:05:35+00:00\",\"description\":\"La France change d'heure depuis 1976 pour \u00e9conomiser l'\u00e9nergie : en d\u00e9calant l'heure l\u00e9gale sur l'ensoleillement, on allume la lumi\u00e8re plus tard le soir.\",\"inLanguage\":\"fr-FR\",\"potentialAction\":[{\"@type\":\"ReadAction\",\"target\":[\"https:\/\/greenwichmeridien.fr\/blog\/histoire-et-culture\/heure-et-calendrier\/pourquoi-change-t-on-dheure-en-france\/\"]}]},{\"@type\":\"ImageObject\",\"inLanguage\":\"fr-FR\",\"@id\":\"https:\/\/greenwichmeridien.fr\/blog\/histoire-et-culture\/heure-et-calendrier\/pourquoi-change-t-on-dheure-en-france\/#primaryimage\",\"url\":\"https:\/\/images.pexels.com\/photos\/38524005\/pexels-photo-38524005.jpeg?auto=compress&cs=tinysrgb&fit=crop&h=627&w=1200\",\"contentUrl\":\"https:\/\/images.pexels.com\/photos\/38524005\/pexels-photo-38524005.jpeg?auto=compress&cs=tinysrgb&fit=crop&h=627&w=1200\"},{\"@type\":\"WebSite\",\"@id\":\"https:\/\/greenwichmeridien.fr\/blog\/#website\",\"url\":\"https:\/\/greenwichmeridien.fr\/blog\/\",\"name\":\"Greenwich M\u00e9ridien\",\"description\":\"Greenwich M\u00e9ridien, le rep\u00e8re du temps et du voyage\",\"publisher\":{\"@id\":\"https:\/\/greenwichmeridien.fr\/blog\/#organization\"},\"alternateName\":\"Greenwich M\u00e9ridien, le rep\u00e8re du temps et du voyage\",\"potentialAction\":[{\"@type\":\"SearchAction\",\"target\":{\"@type\":\"EntryPoint\",\"urlTemplate\":\"https:\/\/greenwichmeridien.fr\/blog\/?s={search_term_string}\"},\"query-input\":{\"@type\":\"PropertyValueSpecification\",\"valueRequired\":true,\"valueName\":\"search_term_string\"}}],\"inLanguage\":\"fr-FR\"},{\"@type\":\"Organization\",\"@id\":\"https:\/\/greenwichmeridien.fr\/blog\/#organization\",\"name\":\"Greenwich M\u00e9ridien\",\"alternateName\":\"Greenwich M\u00e9ridien\",\"url\":\"https:\/\/greenwichmeridien.fr\/blog\/\",\"logo\":{\"@type\":\"ImageObject\",\"inLanguage\":\"fr-FR\",\"@id\":\"https:\/\/greenwichmeridien.fr\/blog\/#\/schema\/logo\/image\/\",\"url\":\"https:\/\/greenwichmeridien.fr\/blog\/wp-content\/uploads\/2024\/12\/greenwichmeridien.png\",\"contentUrl\":\"https:\/\/greenwichmeridien.fr\/blog\/wp-content\/uploads\/2024\/12\/greenwichmeridien.png\",\"width\":500,\"height\":500,\"caption\":\"Greenwich M\u00e9ridien\"},\"image\":{\"@id\":\"https:\/\/greenwichmeridien.fr\/blog\/#\/schema\/logo\/image\/\"}},{\"@type\":\"Person\",\"@id\":\"https:\/\/greenwichmeridien.fr\/blog\/#\/schema\/person\/3c864cdc320801e3db34b663e7e3f816\",\"name\":\"Samuel Chalmin\",\"image\":{\"@type\":\"ImageObject\",\"inLanguage\":\"fr-FR\",\"@id\":\"https:\/\/greenwichmeridien.fr\/blog\/#\/schema\/person\/image\/\",\"url\":\"https:\/\/secure.gravatar.com\/avatar\/cef3677de7d237273d13053728f9470818581a8a27d9bf6f5039fd18508a905f?s=96&d=mm&r=g\",\"contentUrl\":\"https:\/\/secure.gravatar.com\/avatar\/cef3677de7d237273d13053728f9470818581a8a27d9bf6f5039fd18508a905f?s=96&d=mm&r=g\",\"caption\":\"Samuel Chalmin\"},\"description\":\"R\u00e9dacteur du site, il suit les questions de temps et de calendrier : m\u00e9ridien de Greenwich, heure GMT et UTC, fuseaux horaires, changement d'heure, ann\u00e9es bissextiles et jours f\u00e9ri\u00e9s.\",\"sameAs\":[\"https:\/\/samuelchalmin.fr\/\"],\"url\":\"https:\/\/greenwichmeridien.fr\/blog\/auteur\/noname\/\"}]}<\/script>\n<!-- \/ Yoast SEO Premium plugin. -->","yoast_head_json":{"title":"Pourquoi change-t-on d'heure en France ?","description":"La France change d'heure depuis 1976 pour \u00e9conomiser l'\u00e9nergie : en d\u00e9calant l'heure l\u00e9gale sur l'ensoleillement, on allume la lumi\u00e8re plus tard le soir.","robots":{"index":"index","follow":"follow","max-snippet":"max-snippet:-1","max-image-preview":"max-image-preview:large","max-video-preview":"max-video-preview:-1"},"canonical":"https:\/\/greenwichmeridien.fr\/blog\/histoire-et-culture\/heure-et-calendrier\/pourquoi-change-t-on-dheure-en-france\/","og_locale":"fr_FR","og_type":"article","og_title":"Pourquoi change-t-on d'heure en France ?","og_description":"La France change d'heure depuis 1976 pour \u00e9conomiser l'\u00e9nergie : en d\u00e9calant l'heure l\u00e9gale sur l'ensoleillement, on allume la lumi\u00e8re plus tard le soir.","og_url":"https:\/\/greenwichmeridien.fr\/blog\/histoire-et-culture\/heure-et-calendrier\/pourquoi-change-t-on-dheure-en-france\/","og_site_name":"greenwichmeridien","author":"Samuel Chalmin","twitter_card":"summary_large_image","schema":{"@context":"https:\/\/schema.org","@graph":[{"@type":"NewsArticle","@id":"https:\/\/greenwichmeridien.fr\/blog\/histoire-et-culture\/heure-et-calendrier\/pourquoi-change-t-on-dheure-en-france\/#article","isPartOf":{"@id":"https:\/\/greenwichmeridien.fr\/blog\/histoire-et-culture\/heure-et-calendrier\/pourquoi-change-t-on-dheure-en-france\/"},"author":{"name":"Samuel Chalmin","@id":"https:\/\/greenwichmeridien.fr\/blog\/#\/schema\/person\/3c864cdc320801e3db34b663e7e3f816"},"headline":"Pourquoi change-t-on d&rsquo;heure en France ?","datePublished":"2026-07-16T16:05:35+00:00","mainEntityOfPage":{"@id":"https:\/\/greenwichmeridien.fr\/blog\/histoire-et-culture\/heure-et-calendrier\/pourquoi-change-t-on-dheure-en-france\/"},"wordCount":643,"commentCount":0,"publisher":{"@id":"https:\/\/greenwichmeridien.fr\/blog\/#organization"},"image":{"@id":"https:\/\/greenwichmeridien.fr\/blog\/histoire-et-culture\/heure-et-calendrier\/pourquoi-change-t-on-dheure-en-france\/#primaryimage"},"thumbnailUrl":"https:\/\/images.pexels.com\/photos\/38524005\/pexels-photo-38524005.jpeg?auto=compress&cs=tinysrgb&fit=crop&h=627&w=1200","articleSection":["L'heure &amp; le calendrier"],"inLanguage":"fr-FR","potentialAction":[{"@type":"CommentAction","name":"Comment","target":["https:\/\/greenwichmeridien.fr\/blog\/histoire-et-culture\/heure-et-calendrier\/pourquoi-change-t-on-dheure-en-france\/#respond"]}]},{"@type":"WebPage","@id":"https:\/\/greenwichmeridien.fr\/blog\/histoire-et-culture\/heure-et-calendrier\/pourquoi-change-t-on-dheure-en-france\/","url":"https:\/\/greenwichmeridien.fr\/blog\/histoire-et-culture\/heure-et-calendrier\/pourquoi-change-t-on-dheure-en-france\/","name":"Pourquoi change-t-on d'heure en France ?","isPartOf":{"@id":"https:\/\/greenwichmeridien.fr\/blog\/#website"},"primaryImageOfPage":{"@id":"https:\/\/greenwichmeridien.fr\/blog\/histoire-et-culture\/heure-et-calendrier\/pourquoi-change-t-on-dheure-en-france\/#primaryimage"},"image":{"@id":"https:\/\/greenwichmeridien.fr\/blog\/histoire-et-culture\/heure-et-calendrier\/pourquoi-change-t-on-dheure-en-france\/#primaryimage"},"thumbnailUrl":"https:\/\/images.pexels.com\/photos\/38524005\/pexels-photo-38524005.jpeg?auto=compress&cs=tinysrgb&fit=crop&h=627&w=1200","datePublished":"2026-07-16T16:05:35+00:00","description":"La France change d'heure depuis 1976 pour \u00e9conomiser l'\u00e9nergie : en d\u00e9calant l'heure l\u00e9gale sur l'ensoleillement, on allume la lumi\u00e8re plus tard le soir.","inLanguage":"fr-FR","potentialAction":[{"@type":"ReadAction","target":["https:\/\/greenwichmeridien.fr\/blog\/histoire-et-culture\/heure-et-calendrier\/pourquoi-change-t-on-dheure-en-france\/"]}]},{"@type":"ImageObject","inLanguage":"fr-FR","@id":"https:\/\/greenwichmeridien.fr\/blog\/histoire-et-culture\/heure-et-calendrier\/pourquoi-change-t-on-dheure-en-france\/#primaryimage","url":"https:\/\/images.pexels.com\/photos\/38524005\/pexels-photo-38524005.jpeg?auto=compress&cs=tinysrgb&fit=crop&h=627&w=1200","contentUrl":"https:\/\/images.pexels.com\/photos\/38524005\/pexels-photo-38524005.jpeg?auto=compress&cs=tinysrgb&fit=crop&h=627&w=1200"},{"@type":"WebSite","@id":"https:\/\/greenwichmeridien.fr\/blog\/#website","url":"https:\/\/greenwichmeridien.fr\/blog\/","name":"Greenwich M\u00e9ridien","description":"Greenwich M\u00e9ridien, le rep\u00e8re du temps et du voyage","publisher":{"@id":"https:\/\/greenwichmeridien.fr\/blog\/#organization"},"alternateName":"Greenwich M\u00e9ridien, le rep\u00e8re du temps et du voyage","potentialAction":[{"@type":"SearchAction","target":{"@type":"EntryPoint","urlTemplate":"https:\/\/greenwichmeridien.fr\/blog\/?s={search_term_string}"},"query-input":{"@type":"PropertyValueSpecification","valueRequired":true,"valueName":"search_term_string"}}],"inLanguage":"fr-FR"},{"@type":"Organization","@id":"https:\/\/greenwichmeridien.fr\/blog\/#organization","name":"Greenwich M\u00e9ridien","alternateName":"Greenwich M\u00e9ridien","url":"https:\/\/greenwichmeridien.fr\/blog\/","logo":{"@type":"ImageObject","inLanguage":"fr-FR","@id":"https:\/\/greenwichmeridien.fr\/blog\/#\/schema\/logo\/image\/","url":"https:\/\/greenwichmeridien.fr\/blog\/wp-content\/uploads\/2024\/12\/greenwichmeridien.png","contentUrl":"https:\/\/greenwichmeridien.fr\/blog\/wp-content\/uploads\/2024\/12\/greenwichmeridien.png","width":500,"height":500,"caption":"Greenwich M\u00e9ridien"},"image":{"@id":"https:\/\/greenwichmeridien.fr\/blog\/#\/schema\/logo\/image\/"}},{"@type":"Person","@id":"https:\/\/greenwichmeridien.fr\/blog\/#\/schema\/person\/3c864cdc320801e3db34b663e7e3f816","name":"Samuel Chalmin","image":{"@type":"ImageObject","inLanguage":"fr-FR","@id":"https:\/\/greenwichmeridien.fr\/blog\/#\/schema\/person\/image\/","url":"https:\/\/secure.gravatar.com\/avatar\/cef3677de7d237273d13053728f9470818581a8a27d9bf6f5039fd18508a905f?s=96&d=mm&r=g","contentUrl":"https:\/\/secure.gravatar.com\/avatar\/cef3677de7d237273d13053728f9470818581a8a27d9bf6f5039fd18508a905f?s=96&d=mm&r=g","caption":"Samuel Chalmin"},"description":"R\u00e9dacteur du site, il suit les questions de temps et de calendrier : m\u00e9ridien de Greenwich, heure GMT et UTC, fuseaux horaires, changement d'heure, ann\u00e9es bissextiles et jours f\u00e9ri\u00e9s.","sameAs":["https:\/\/samuelchalmin.fr\/"],"url":"https:\/\/greenwichmeridien.fr\/blog\/auteur\/noname\/"}]}},"_links":{"self":[{"href":"https:\/\/greenwichmeridien.fr\/blog\/wp-json\/wp\/v2\/posts\/7837","targetHints":{"allow":["GET"]}}],"collection":[{"href":"https:\/\/greenwichmeridien.fr\/blog\/wp-json\/wp\/v2\/posts"}],"about":[{"href":"https:\/\/greenwichmeridien.fr\/blog\/wp-json\/wp\/v2\/types\/post"}],"author":[{"embeddable":true,"href":"https:\/\/greenwichmeridien.fr\/blog\/wp-json\/wp\/v2\/users\/34"}],"replies":[{"embeddable":true,"href":"https:\/\/greenwichmeridien.fr\/blog\/wp-json\/wp\/v2\/comments?post=7837"}],"version-history":[{"count":0,"href":"https:\/\/greenwichmeridien.fr\/blog\/wp-json\/wp\/v2\/posts\/7837\/revisions"}],"wp:attachment":[{"href":"https:\/\/greenwichmeridien.fr\/blog\/wp-json\/wp\/v2\/media?parent=7837"}],"wp:term":[{"taxonomy":"category","embeddable":true,"href":"https:\/\/greenwichmeridien.fr\/blog\/wp-json\/wp\/v2\/categories?post=7837"},{"taxonomy":"post_tag","embeddable":true,"href":"https:\/\/greenwichmeridien.fr\/blog\/wp-json\/wp\/v2\/tags?post=7837"}],"curies":[{"name":"wp","href":"https:\/\/api.w.org\/{rel}","templated":true}]}}